{"id":105008,"date":"2016-05-03T09:00:22","date_gmt":"2016-05-03T07:00:22","guid":{"rendered":"http:\/\/magazin.salzburgerland.com\/?p=105008"},"modified":"2016-04-26T11:46:30","modified_gmt":"2016-04-26T09:46:30","slug":"spirituelles-wandern-in-der-wildkogel-arena","status":"publish","type":"post","link":"https:\/\/www.salzburgerland.com\/de\/magazin\/spirituelles-wandern-in-der-wildkogel-arena\/","title":{"rendered":"Spirituelles Wandern in der Wildkogel-Arena"},"content":{"rendered":"<p class=\"p1\"><strong>Pilger-Rundwanderung \u00fcber den Kapellenweg zu neun Ruhe- und Kraftpl\u00e4tzen in der Wildkogel Arena Neukirchen Bramberg.<\/strong><\/p>\n<p class=\"p1\">Pilgern liegt im Trend und befriedigt unsere neuerwachte Sehnsucht nach Langsamkeit abseits der Reiz\u00fcberflutung. Doch es muss nicht immer ein mehrw\u00f6chiger Trip \u00fcber den ber\u00fchmten Jakobsweg sein, um auf spirituellen Pfaden eine Neuaufladung seiner Akkus zu erlangen. Auch in Neukirchen am Wildkogel l\u00e4sst es sich f\u00fcr Wallfahrer, Pilgerer und Ruhesuchende wunderbar wandern.<\/p>\n<p class=\"p1\">Der 17,5 Kilometer lange Kapellenweg in der <a href=\"https:\/\/wildkogel-arena.at\" target=\"_blank\">Wildkogel-Arena<\/a> f\u00fchrt bei einer rund vierst\u00fcndigen Wanderung zu neun Kapellen. Einige davon sind in privatem Besitz und wurden vor vielen Jahren nach Schicksalsschl\u00e4gen oder dem Abwenden eines Unheils erbaut. Jede Kapelle auf dem Rundweg \u00fcber Wiesen, W\u00e4lder, kleine Anh\u00f6hen mit wunderbarem Blick auf die Hohen Tauern sowie die Pinzgauer Grasberge, der seinen Ausgangspunkt bei der Pfarrkirche in Neukirchen findet, ist ein kirchliches Kleinod, das seine ganz eigene Geschichte erz\u00e4hlen kann.<\/p>\n<figure id=\"attachment_105015\" aria-describedby=\"caption-attachment-105015\" style=\"width: 650px\" class=\"wp-caption alignnone\"><a href=\"https:\/\/www.salzburgerland.com\/de\/magazin\/wp-content\/uploads\/2016\/03\/Krausenkapelle-1.jpg\" rel=\"attachment wp-att-105015\"><img loading=\"lazy\" decoding=\"async\" class=\"size-singlePost wp-image-105015\" src=\"https:\/\/www.salzburgerland.com\/de\/magazin\/wp-content\/uploads\/2016\/03\/Krausenkapelle-1-650x435.jpg\" alt=\"Krausenkapelle\" width=\"650\" height=\"435\" \/><\/a><figcaption id=\"caption-attachment-105015\" class=\"wp-caption-text\">Krausenkapelle<\/figcaption><\/figure>\n<p class=\"p1\"><b>Kapellen mit Geschichte(n)<br \/><\/b>So wurde etwa die Hubertuskapelle im Hubertuswald nahe der D\u00fcrnbachau dem Patron der J\u00e4ger und Forstleute, dem heiligen Hubert, gewidmet. Der Besitzer, Peter Ga\u00dfner, kam vor vielen Jahren mit einem Jagdfreund in ein Gewitter und entkam dabei nur knapp den Ger\u00f6llmassen einer Mure. Wie durch ein Wunder blieb auch der zu Hilfe eilende Bruder von einem Ungl\u00fcck verschont und als Dank errichtete er die ganz in Holz gehaltene Kapelle.<\/p>\n<figure id=\"attachment_105013\" aria-describedby=\"caption-attachment-105013\" style=\"width: 650px\" class=\"wp-caption alignnone\"><a href=\"https:\/\/www.salzburgerland.com\/de\/magazin\/wp-content\/uploads\/2016\/03\/Hubertuskapelle-1.jpg\" rel=\"attachment wp-att-105013\"><img loading=\"lazy\" decoding=\"async\" class=\"size-singlePost wp-image-105013\" src=\"https:\/\/www.salzburgerland.com\/de\/magazin\/wp-content\/uploads\/2016\/03\/Hubertuskapelle-1-650x435.jpg\" alt=\"Hubertuskapelle\" width=\"650\" height=\"435\" \/><\/a><figcaption id=\"caption-attachment-105013\" class=\"wp-caption-text\">Hubertuskapelle<\/figcaption><\/figure>\n<p class=\"p1\">Im Ortsteil Rosental wartet die Kapelle \u201eKlein Neukirchen\u201c auf die Wanderer. Die 1989 erbauten Kapelle, ist eine kleine Kopie der Pfarrkirche Neukirchen. Selbst im Inneren der Kapelle ist alles eine originalgetreue Nachbildung des gro\u00dfen Vorbilds. Die Siggenkapelle, in Obhut der Familie Brugger vom Gasthof Siggen in der Sulzau, ist eine der \u00e4ltesten Kapellen des Weges. Sie wurde der \u00dcberlieferung nach vor mehr als 300 Jahren von Bauern nach einem Jahrhunderthochwasser erbaut.<\/p>\n<p>https:\/\/youtu.be\/Rk7qYQ1-YdM<\/p>\n<p class=\"p1\">Das in Eigenregie errichtete Christophoruskapelle liegt am h\u00f6chsten Punkt des Rundwanderwegs und bietet wundersch\u00f6ne Ausblicke in das Salzachtal. Die Steine der Au\u00dfenfassade dieser Kapelle stammen aus dem Krimmler Achen- und Habachtal und auch der Altar aus Mineralien sticht so manchem Steinfreund ins Auge.<\/p>\n<p class=\"p1\">Wer pilgert muss aber nicht zwangsweise asketisch hungern, denn entlang des Weges gibt es genug M\u00f6glichkeiten, die heimischen Schmankerl zu verkosten. Kulinarische Freuden aus dem Pinzgauer Kochtopf warten auf dem Kapellenweg beim Hotel Hubertus an der Hubertuskapelle, dem Gasthof Friedburg an der Christophoruskapelle sowie dem Gasthof Siggen an der Siggenkapelle.\u00a0<\/p>\n<p class=\"p1\">Weitere Informationen zum Kapellenweg findet man <a href=\"https:\/\/wildkogel-arena.at\/de\/sommerurlaub-wandern-lehr-themenwege\" target=\"_blank\">HIER<\/a>.\u00a0<\/p>\n<p class=\"p1\">Fotos: c Tourismusverband Neukirchen<\/p>\n<div class=\"mag-gallery\"><div class=\"row\"><div class=\"col-6 col-sm-4\"><figure><a class=\"thumb-container\" href=\"https:\/\/www.salzburgerland.com\/de\/magazin\/wp-content\/uploads\/2016\/03\/Berndlkapelle-1-1280x1024.jpg\">\t<picture><source media=\"(min-width: 576px)\" srcset=\"https:\/\/www.salzburgerland.com\/de\/magazin\/wp-content\/uploads\/2016\/03\/Berndlkapelle-1-325x209.jpg 325w, https:\/\/www.salzburgerland.com\/de\/magazin\/wp-content\/uploads\/2016\/03\/Berndlkapelle-1-249x160.jpg 249w\" \/><source media=\"(min-width: 0)\" srcset=\"https:\/\/www.salzburgerland.com\/de\/magazin\/wp-content\/uploads\/2016\/03\/Berndlkapelle-1-249x160.jpg 249w, https:\/\/www.salzburgerland.com\/de\/magazin\/wp-content\/uploads\/2016\/03\/Berndlkapelle-1-325x209.jpg 325w\" \/><img decoding=\"async\" alt=\"Berndlkapelle\" src=\"https:\/\/www.salzburgerland.com\/de\/magazin\/wp-content\/uploads\/2016\/03\/Berndlkapelle-1.jpg\" \/>\t<\/picture><\/a><\/figure><\/div><div class=\"col-6 col-sm-4\"><figure><a class=\"thumb-container\" href=\"https:\/\/www.salzburgerland.com\/de\/magazin\/wp-content\/uploads\/2016\/03\/Hubertuskapelle-1-1280x1024.jpg\">\t<picture><source media=\"(min-width: 576px)\" srcset=\"https:\/\/www.salzburgerland.com\/de\/magazin\/wp-content\/uploads\/2016\/03\/Hubertuskapelle-1-325x209.jpg 325w, https:\/\/www.salzburgerland.com\/de\/magazin\/wp-content\/uploads\/2016\/03\/Hubertuskapelle-1-249x160.jpg 249w\" \/><source media=\"(min-width: 0)\" srcset=\"https:\/\/www.salzburgerland.com\/de\/magazin\/wp-content\/uploads\/2016\/03\/Hubertuskapelle-1-249x160.jpg 249w, https:\/\/www.salzburgerland.com\/de\/magazin\/wp-content\/uploads\/2016\/03\/Hubertuskapelle-1-325x209.jpg 325w\" \/><img decoding=\"async\" alt=\"Hubertuskapelle\" src=\"https:\/\/www.salzburgerland.com\/de\/magazin\/wp-content\/uploads\/2016\/03\/Hubertuskapelle-1.jpg\" \/>\t<\/picture><\/a><\/figure><\/div><div class=\"col-6 col-sm-4\"><figure><a class=\"thumb-container\" href=\"https:\/\/www.salzburgerland.com\/de\/magazin\/wp-content\/uploads\/2016\/03\/klein-Neukirchen-1-1280x1024.jpg\">\t<picture><source media=\"(min-width: 576px)\" srcset=\"https:\/\/www.salzburgerland.com\/de\/magazin\/wp-content\/uploads\/2016\/03\/klein-Neukirchen-1-325x209.jpg 325w, https:\/\/www.salzburgerland.com\/de\/magazin\/wp-content\/uploads\/2016\/03\/klein-Neukirchen-1-249x160.jpg 249w\" \/><source media=\"(min-width: 0)\" srcset=\"https:\/\/www.salzburgerland.com\/de\/magazin\/wp-content\/uploads\/2016\/03\/klein-Neukirchen-1-249x160.jpg 249w, https:\/\/www.salzburgerland.com\/de\/magazin\/wp-content\/uploads\/2016\/03\/klein-Neukirchen-1-325x209.jpg 325w\" \/><img decoding=\"async\" alt=\"Klein Neukirchen\" src=\"https:\/\/www.salzburgerland.com\/de\/magazin\/wp-content\/uploads\/2016\/03\/klein-Neukirchen-1.jpg\" \/>\t<\/picture><\/a><\/figure><\/div><div class=\"col-6 col-sm-4\"><figure><a class=\"thumb-container\" href=\"https:\/\/www.salzburgerland.com\/de\/magazin\/wp-content\/uploads\/2016\/03\/Krausenkapelle-1-1280x1024.jpg\">\t<picture><source media=\"(min-width: 576px)\" srcset=\"https:\/\/www.salzburgerland.com\/de\/magazin\/wp-content\/uploads\/2016\/03\/Krausenkapelle-1-325x209.jpg 325w, https:\/\/www.salzburgerland.com\/de\/magazin\/wp-content\/uploads\/2016\/03\/Krausenkapelle-1-249x160.jpg 249w\" \/><source media=\"(min-width: 0)\" srcset=\"https:\/\/www.salzburgerland.com\/de\/magazin\/wp-content\/uploads\/2016\/03\/Krausenkapelle-1-249x160.jpg 249w, https:\/\/www.salzburgerland.com\/de\/magazin\/wp-content\/uploads\/2016\/03\/Krausenkapelle-1-325x209.jpg 325w\" \/><img decoding=\"async\" alt=\"Krausenkapelle\" src=\"https:\/\/www.salzburgerland.com\/de\/magazin\/wp-content\/uploads\/2016\/03\/Krausenkapelle-1.jpg\" \/>\t<\/picture><\/a><\/figure><\/div><div class=\"col-6 col-sm-4\"><figure><a class=\"thumb-container\" href=\"https:\/\/www.salzburgerland.com\/de\/magazin\/wp-content\/uploads\/2016\/03\/Pfarrkirche-2-1280x1024.jpg\">\t<picture><source media=\"(min-width: 576px)\" srcset=\"https:\/\/www.salzburgerland.com\/de\/magazin\/wp-content\/uploads\/2016\/03\/Pfarrkirche-2-325x209.jpg 325w, https:\/\/www.salzburgerland.com\/de\/magazin\/wp-content\/uploads\/2016\/03\/Pfarrkirche-2-249x160.jpg 249w\" \/><source media=\"(min-width: 0)\" srcset=\"https:\/\/www.salzburgerland.com\/de\/magazin\/wp-content\/uploads\/2016\/03\/Pfarrkirche-2-249x160.jpg 249w, https:\/\/www.salzburgerland.com\/de\/magazin\/wp-content\/uploads\/2016\/03\/Pfarrkirche-2-325x209.jpg 325w\" \/><img decoding=\"async\" alt=\"Pfarrkirche Neukirchen\" src=\"https:\/\/www.salzburgerland.com\/de\/magazin\/wp-content\/uploads\/2016\/03\/Pfarrkirche-2.jpg\" \/>\t<\/picture><\/a><\/figure><\/div><div class=\"col-6 col-sm-4\"><figure><a class=\"thumb-container\" href=\"https:\/\/www.salzburgerland.com\/de\/magazin\/wp-content\/uploads\/2016\/03\/Scheffaukapelle-1-1280x1024.jpg\">\t<picture><source media=\"(min-width: 576px)\" srcset=\"https:\/\/www.salzburgerland.com\/de\/magazin\/wp-content\/uploads\/2016\/03\/Scheffaukapelle-1-325x209.jpg 325w, https:\/\/www.salzburgerland.com\/de\/magazin\/wp-content\/uploads\/2016\/03\/Scheffaukapelle-1-249x160.jpg 249w\" \/><source media=\"(min-width: 0)\" srcset=\"https:\/\/www.salzburgerland.com\/de\/magazin\/wp-content\/uploads\/2016\/03\/Scheffaukapelle-1-249x160.jpg 249w, https:\/\/www.salzburgerland.com\/de\/magazin\/wp-content\/uploads\/2016\/03\/Scheffaukapelle-1-325x209.jpg 325w\" \/><img decoding=\"async\" alt=\"Scheffaukapelle\" src=\"https:\/\/www.salzburgerland.com\/de\/magazin\/wp-content\/uploads\/2016\/03\/Scheffaukapelle-1.jpg\" \/>\t<\/picture><\/a><\/figure><\/div><div class=\"col-6 col-sm-4\"><figure><a class=\"thumb-container\" href=\"https:\/\/www.salzburgerland.com\/de\/magazin\/wp-content\/uploads\/2016\/03\/Schlosskapelle-1-1280x1024.jpg\">\t<picture><source media=\"(min-width: 576px)\" srcset=\"https:\/\/www.salzburgerland.com\/de\/magazin\/wp-content\/uploads\/2016\/03\/Schlosskapelle-1-325x209.jpg 325w, https:\/\/www.salzburgerland.com\/de\/magazin\/wp-content\/uploads\/2016\/03\/Schlosskapelle-1-249x160.jpg 249w\" \/><source media=\"(min-width: 0)\" srcset=\"https:\/\/www.salzburgerland.com\/de\/magazin\/wp-content\/uploads\/2016\/03\/Schlosskapelle-1-249x160.jpg 249w, https:\/\/www.salzburgerland.com\/de\/magazin\/wp-content\/uploads\/2016\/03\/Schlosskapelle-1-325x209.jpg 325w\" \/><img decoding=\"async\" alt=\"Schlosskapelle\" src=\"https:\/\/www.salzburgerland.com\/de\/magazin\/wp-content\/uploads\/2016\/03\/Schlosskapelle-1.jpg\" \/>\t<\/picture><\/a><\/figure><\/div><div class=\"col-6 col-sm-4\"><figure><a class=\"thumb-container\" href=\"https:\/\/www.salzburgerland.com\/de\/magazin\/wp-content\/uploads\/2016\/03\/Totenkapelle-2-1280x1024.jpg\">\t<picture><source media=\"(min-width: 576px)\" srcset=\"https:\/\/www.salzburgerland.com\/de\/magazin\/wp-content\/uploads\/2016\/03\/Totenkapelle-2-325x209.jpg 325w, https:\/\/www.salzburgerland.com\/de\/magazin\/wp-content\/uploads\/2016\/03\/Totenkapelle-2-249x160.jpg 249w\" \/><source media=\"(min-width: 0)\" srcset=\"https:\/\/www.salzburgerland.com\/de\/magazin\/wp-content\/uploads\/2016\/03\/Totenkapelle-2-249x160.jpg 249w, https:\/\/www.salzburgerland.com\/de\/magazin\/wp-content\/uploads\/2016\/03\/Totenkapelle-2-325x209.jpg 325w\" \/><img decoding=\"async\" alt=\"Totenkapelle\" src=\"https:\/\/www.salzburgerland.com\/de\/magazin\/wp-content\/uploads\/2016\/03\/Totenkapelle-2.jpg\" \/>\t<\/picture><\/a><\/figure><\/div><\/div><\/div><figcaption><\/figcaption>\n","protected":false},"excerpt":{"rendered":"<p>Pilger-Rundwanderung \u00fcber den Kapellenweg zu neun Ruhe- und Kraftpl\u00e4tzen in der Wildkogel Arena Neukirchen Bramberg. Pilgern liegt im Trend und befriedigt unsere neuerwachte Sehnsucht nach Langsamkeit abseits der Reiz\u00fcberflutung. Doch es muss nicht immer ein mehrw\u00f6chiger Trip \u00fcber den ber\u00fchmten Jakobsweg sein, um auf spirituellen Pfaden eine Neuaufladung seiner Akkus zu erlangen. Auch in Neukirchen [&hellip;]<\/p>\n","protected":false},"author":11,"featured_media":105012,"comment_status":"open","ping_status":"open","sticky":false,"template":"","format":"standard","meta":{"_acf_changed":false,"wl_entities_gutenberg":"","_wl_entity_redirect_enabled":"","footnotes":""},"categories":[4],"tags":[],"wl_entity_type":[306],"monatsauswahl":[82,83,84,85,86,87,88,89,90,91,92,93],"class_list":["post-105008","post","type-post","status-publish","format-standard","has-post-thumbnail","hentry","category-gesundheit","wl_entity_type-article","monatsauswahl-monat_1","monatsauswahl-monat_2","monatsauswahl-monat_3","monatsauswahl-monat_4","monatsauswahl-monat_5","monatsauswahl-monat_6","monatsauswahl-monat_7","monatsauswahl-monat_8","monatsauswahl-monat_9","monatsauswahl-monat_10","monatsauswahl-monat_11","monatsauswahl-monat_12"],"acf":[],"yoast_head":"<!-- This site is optimized with the Yoast SEO Premium plugin v27.4 (Yoast SEO v27.4) - https:\/\/yoast.com\/product\/yoast-seo-premium-wordpress\/ -->\n<title>Spirituelles Wandern in der Wildkogel-Arena - SalzburgerLand Magazin<\/title>\n<meta name=\"description\" content=\"Pilger-Rundwanderung \u00fcber den Kapellenweg zu neun Ruhe- und Kraftpl\u00e4tzen in der Wildkogel Arena Neukirchen Bramberg. Pilgern liegt im Trend und befriedigt unsere neuerwachte Sehnsucht nach Langsamkeit abseits der Reiz\u00fcberflutung. Doch es muss nicht immer ein mehrw\u00f6chiger Trip \u00fcber den ber\u00fchmten Jakobsweg sein, um auf spirituellen Pfaden eine Neuaufladung seiner Akkus zu erlangen. Auch in Neukirchen [&hellip;]\" \/>\n<meta name=\"robots\" content=\"index, follow, max-snippet:-1, max-image-preview:large, max-video-preview:-1\" \/>\n<link rel=\"canonical\" href=\"https:\/\/www.salzburgerland.com\/de\/magazin\/spirituelles-wandern-in-der-wildkogel-arena\/\" \/>\n<meta property=\"og:locale\" content=\"de_DE\" \/>\n<meta property=\"og:type\" content=\"article\" \/>\n<meta property=\"og:title\" content=\"Spirituelles Wandern in der Wildkogel-Arena\" \/>\n<meta property=\"og:description\" content=\"Pilger-Rundwanderung \u00fcber den Kapellenweg zu neun Ruhe- und Kraftpl\u00e4tzen in der Wildkogel Arena Neukirchen Bramberg. Pilgern liegt im Trend und befriedigt unsere neuerwachte Sehnsucht nach Langsamkeit abseits der Reiz\u00fcberflutung. Doch es muss nicht immer ein mehrw\u00f6chiger Trip \u00fcber den ber\u00fchmten Jakobsweg sein, um auf spirituellen Pfaden eine Neuaufladung seiner Akkus zu erlangen. Auch in Neukirchen [&hellip;]\" \/>\n<meta property=\"og:url\" content=\"https:\/\/www.salzburgerland.com\/de\/magazin\/spirituelles-wandern-in-der-wildkogel-arena\/\" \/>\n<meta property=\"og:site_name\" content=\"SalzburgerLand Magazin\" \/>\n<meta property=\"article:publisher\" content=\"https:\/\/www.facebook.com\/salzburgerland\/\" \/>\n<meta property=\"article:published_time\" content=\"2016-05-03T07:00:22+00:00\" \/>\n<meta property=\"og:image\" content=\"https:\/\/www.salzburgerland.com\/de\/magazin\/wp-content\/uploads\/2016\/03\/Christophoruskapelle-1.jpg\" \/>\n\t<meta property=\"og:image:width\" content=\"755\" \/>\n\t<meta property=\"og:image:height\" content=\"500\" \/>\n\t<meta property=\"og:image:type\" content=\"image\/jpeg\" \/>\n<meta name=\"author\" content=\"Edith Danzer\" \/>\n<meta name=\"twitter:card\" content=\"summary_large_image\" \/>\n<meta name=\"twitter:creator\" content=\"@Salzburgerland\" \/>\n<meta name=\"twitter:site\" content=\"@Salzburgerland\" \/>\n<meta name=\"twitter:label1\" content=\"Verfasst von\" \/>\n\t<meta name=\"twitter:data1\" content=\"Edith Danzer\" \/>\n\t<meta name=\"twitter:label2\" content=\"Gesch\u00e4tzte Lesezeit\" \/>\n\t<meta name=\"twitter:data2\" content=\"2\u00a0Minuten\" \/>\n<script type=\"application\/ld+json\" class=\"yoast-schema-graph\">{\"@context\":\"https:\\\/\\\/schema.org\",\"@graph\":[{\"@type\":\"Article\",\"@id\":\"https:\\\/\\\/www.salzburgerland.com\\\/de\\\/magazin\\\/spirituelles-wandern-in-der-wildkogel-arena\\\/#article\",\"isPartOf\":{\"@id\":\"https:\\\/\\\/www.salzburgerland.com\\\/de\\\/magazin\\\/spirituelles-wandern-in-der-wildkogel-arena\\\/\"},\"author\":{\"name\":\"Edith Danzer\",\"@id\":\"https:\\\/\\\/www.salzburgerland.com\\\/de\\\/magazin\\\/#\\\/schema\\\/person\\\/79452c699c410aa31a119426313748de\"},\"headline\":\"Spirituelles Wandern in der Wildkogel-Arena\",\"datePublished\":\"2016-05-03T07:00:22+00:00\",\"mainEntityOfPage\":{\"@id\":\"https:\\\/\\\/www.salzburgerland.com\\\/de\\\/magazin\\\/spirituelles-wandern-in-der-wildkogel-arena\\\/\"},\"wordCount\":440,\"commentCount\":0,\"publisher\":{\"@id\":\"https:\\\/\\\/www.salzburgerland.com\\\/de\\\/magazin\\\/#organization\"},\"image\":{\"@id\":\"https:\\\/\\\/www.salzburgerland.com\\\/de\\\/magazin\\\/spirituelles-wandern-in-der-wildkogel-arena\\\/#primaryimage\"},\"thumbnailUrl\":\"https:\\\/\\\/www.salzburgerland.com\\\/de\\\/magazin\\\/wp-content\\\/uploads\\\/2016\\\/03\\\/Christophoruskapelle-1.jpg\",\"articleSection\":[\"Gesundheit\"],\"inLanguage\":\"de\",\"potentialAction\":[{\"@type\":\"CommentAction\",\"name\":\"Comment\",\"target\":[\"https:\\\/\\\/www.salzburgerland.com\\\/de\\\/magazin\\\/spirituelles-wandern-in-der-wildkogel-arena\\\/#respond\"]}]},{\"@type\":\"WebPage\",\"@id\":\"https:\\\/\\\/www.salzburgerland.com\\\/de\\\/magazin\\\/spirituelles-wandern-in-der-wildkogel-arena\\\/\",\"url\":\"https:\\\/\\\/www.salzburgerland.com\\\/de\\\/magazin\\\/spirituelles-wandern-in-der-wildkogel-arena\\\/\",\"name\":\"Spirituelles Wandern in der Wildkogel-Arena - SalzburgerLand Magazin\",\"isPartOf\":{\"@id\":\"https:\\\/\\\/www.salzburgerland.com\\\/de\\\/magazin\\\/#website\"},\"primaryImageOfPage\":{\"@id\":\"https:\\\/\\\/www.salzburgerland.com\\\/de\\\/magazin\\\/spirituelles-wandern-in-der-wildkogel-arena\\\/#primaryimage\"},\"image\":{\"@id\":\"https:\\\/\\\/www.salzburgerland.com\\\/de\\\/magazin\\\/spirituelles-wandern-in-der-wildkogel-arena\\\/#primaryimage\"},\"thumbnailUrl\":\"https:\\\/\\\/www.salzburgerland.com\\\/de\\\/magazin\\\/wp-content\\\/uploads\\\/2016\\\/03\\\/Christophoruskapelle-1.jpg\",\"datePublished\":\"2016-05-03T07:00:22+00:00\",\"breadcrumb\":{\"@id\":\"https:\\\/\\\/www.salzburgerland.com\\\/de\\\/magazin\\\/spirituelles-wandern-in-der-wildkogel-arena\\\/#breadcrumb\"},\"inLanguage\":\"de\",\"potentialAction\":[{\"@type\":\"ReadAction\",\"target\":[\"https:\\\/\\\/www.salzburgerland.com\\\/de\\\/magazin\\\/spirituelles-wandern-in-der-wildkogel-arena\\\/\"]}]},{\"@type\":\"ImageObject\",\"inLanguage\":\"de\",\"@id\":\"https:\\\/\\\/www.salzburgerland.com\\\/de\\\/magazin\\\/spirituelles-wandern-in-der-wildkogel-arena\\\/#primaryimage\",\"url\":\"https:\\\/\\\/www.salzburgerland.com\\\/de\\\/magazin\\\/wp-content\\\/uploads\\\/2016\\\/03\\\/Christophoruskapelle-1.jpg\",\"contentUrl\":\"https:\\\/\\\/www.salzburgerland.com\\\/de\\\/magazin\\\/wp-content\\\/uploads\\\/2016\\\/03\\\/Christophoruskapelle-1.jpg\",\"width\":755,\"height\":500,\"caption\":\"Christopheruskapelle\"},{\"@type\":\"BreadcrumbList\",\"@id\":\"https:\\\/\\\/www.salzburgerland.com\\\/de\\\/magazin\\\/spirituelles-wandern-in-der-wildkogel-arena\\\/#breadcrumb\",\"itemListElement\":[{\"@type\":\"ListItem\",\"position\":1,\"name\":\"Startseite\",\"item\":\"https:\\\/\\\/www.salzburgerland.com\\\/de\\\/magazin\\\/\"},{\"@type\":\"ListItem\",\"position\":2,\"name\":\"Gesundheit\",\"item\":\"https:\\\/\\\/www.salzburgerland.com\\\/de\\\/magazin\\\/thema\\\/gesundheit\\\/\"},{\"@type\":\"ListItem\",\"position\":3,\"name\":\"Spirituelles Wandern in der Wildkogel-Arena\"}]},{\"@type\":\"WebSite\",\"@id\":\"https:\\\/\\\/www.salzburgerland.com\\\/de\\\/magazin\\\/#website\",\"url\":\"https:\\\/\\\/www.salzburgerland.com\\\/de\\\/magazin\\\/\",\"name\":\"SalzburgerLand Magazin\",\"description\":\"Geschichten und Interessantes aus dem SalzburgerLand\",\"publisher\":{\"@id\":\"https:\\\/\\\/www.salzburgerland.com\\\/de\\\/magazin\\\/#organization\"},\"potentialAction\":[{\"@type\":\"SearchAction\",\"target\":{\"@type\":\"EntryPoint\",\"urlTemplate\":\"https:\\\/\\\/www.salzburgerland.com\\\/de\\\/magazin\\\/?s={search_term_string}\"},\"query-input\":{\"@type\":\"PropertyValueSpecification\",\"valueRequired\":true,\"valueName\":\"search_term_string\"}}],\"inLanguage\":\"de\"},{\"@type\":\"Organization\",\"@id\":\"https:\\\/\\\/www.salzburgerland.com\\\/de\\\/magazin\\\/#organization\",\"name\":\"SalzburgerLand Tourismus\",\"url\":\"https:\\\/\\\/www.salzburgerland.com\\\/de\\\/magazin\\\/\",\"logo\":{\"@type\":\"ImageObject\",\"inLanguage\":\"de\",\"@id\":\"https:\\\/\\\/www.salzburgerland.com\\\/de\\\/magazin\\\/#\\\/schema\\\/logo\\\/image\\\/\",\"url\":\"https:\\\/\\\/www.salzburgerland.com\\\/de\\\/magazin\\\/wp-content\\\/uploads\\\/2019\\\/06\\\/salzburgerland-logo1.jpg\",\"contentUrl\":\"https:\\\/\\\/www.salzburgerland.com\\\/de\\\/magazin\\\/wp-content\\\/uploads\\\/2019\\\/06\\\/salzburgerland-logo1.jpg\",\"width\":2011,\"height\":866,\"caption\":\"SalzburgerLand Tourismus\"},\"image\":{\"@id\":\"https:\\\/\\\/www.salzburgerland.com\\\/de\\\/magazin\\\/#\\\/schema\\\/logo\\\/image\\\/\"},\"sameAs\":[\"https:\\\/\\\/www.facebook.com\\\/salzburgerland\\\/\",\"https:\\\/\\\/x.com\\\/Salzburgerland\",\"https:\\\/\\\/www.instagram.com\\\/salzburgerland\\\/\",\"https:\\\/\\\/at.linkedin.com\\\/company\\\/salzburgerland-tourismus-gmbh\",\"https:\\\/\\\/www.pinterest.at\\\/salzburgerland\\\/\",\"https:\\\/\\\/www.youtube.com\\\/user\\\/salzburgerland\",\"https:\\\/\\\/de.wikipedia.org\\\/wiki\\\/SalzburgerLand_Tourismus_GmbH\"]},{\"@type\":\"Person\",\"@id\":\"https:\\\/\\\/www.salzburgerland.com\\\/de\\\/magazin\\\/#\\\/schema\\\/person\\\/79452c699c410aa31a119426313748de\",\"name\":\"Edith Danzer\",\"description\":\"Seit Jahren arbeite ich als freie Redakteurin und Fotografin im SalzburgerLand. Schreiben ist f\u00fcr mich nicht blo\u00df das Erstellen eines Textes. Es ist ein Komponieren einer wundervollen Melodie, ein Malen mit Buchstaben und Worten. Ich liebe die Begegnungen mit Menschen, die mir ihre Geschichte anvertrauen. Wenn man mich sucht, bin ich entweder am Schreibtisch (der auch mal am sonnigen H\u00fcttenbankerl stehen kann) oder mit meinem Husky-M\u00e4dl Ylvi am Berg, am See oder im Wald. Ich \u2026 \u2026 in ein paar Worten. \u2022 Lieber drau\u00dfen, als drinnen. \u2022 Lieber Norden, als S\u00fcden. \u2022 Lieber Buchstaben, als Zahlen. \u2022 Lieber Schnee, als Strand. \u2022 Lieber Berg, als Tal. \u2022 Lieber Nordlichter, als S\u00fcdseezauber. \u2022 Lieber H\u00fctte, als F\u00fcnfsternschuppen. \u2022 Lieber Hund, als Katze. \u2022 Lieber grader Michl, als falscher Fufzga. \u2022 Lieber mittendurch, als drumherum \u2022 Lieber Almleben, als Couchpotato\",\"url\":\"https:\\\/\\\/www.salzburgerland.com\\\/de\\\/magazin\\\/author\\\/edith-danzer\\\/\"}]}<\/script>\n<!-- \/ Yoast SEO Premium plugin. -->","yoast_head_json":{"title":"Spirituelles Wandern in der Wildkogel-Arena - SalzburgerLand Magazin","description":"Pilger-Rundwanderung \u00fcber den Kapellenweg zu neun Ruhe- und Kraftpl\u00e4tzen in der Wildkogel Arena Neukirchen Bramberg. Pilgern liegt im Trend und befriedigt unsere neuerwachte Sehnsucht nach Langsamkeit abseits der Reiz\u00fcberflutung. Doch es muss nicht immer ein mehrw\u00f6chiger Trip \u00fcber den ber\u00fchmten Jakobsweg sein, um auf spirituellen Pfaden eine Neuaufladung seiner Akkus zu erlangen. Auch in Neukirchen [&hellip;]","robots":{"index":"index","follow":"follow","max-snippet":"max-snippet:-1","max-image-preview":"max-image-preview:large","max-video-preview":"max-video-preview:-1"},"canonical":"https:\/\/www.salzburgerland.com\/de\/magazin\/spirituelles-wandern-in-der-wildkogel-arena\/","og_locale":"de_DE","og_type":"article","og_title":"Spirituelles Wandern in der Wildkogel-Arena","og_description":"Pilger-Rundwanderung \u00fcber den Kapellenweg zu neun Ruhe- und Kraftpl\u00e4tzen in der Wildkogel Arena Neukirchen Bramberg. Pilgern liegt im Trend und befriedigt unsere neuerwachte Sehnsucht nach Langsamkeit abseits der Reiz\u00fcberflutung. Doch es muss nicht immer ein mehrw\u00f6chiger Trip \u00fcber den ber\u00fchmten Jakobsweg sein, um auf spirituellen Pfaden eine Neuaufladung seiner Akkus zu erlangen. Auch in Neukirchen [&hellip;]","og_url":"https:\/\/www.salzburgerland.com\/de\/magazin\/spirituelles-wandern-in-der-wildkogel-arena\/","og_site_name":"SalzburgerLand Magazin","article_publisher":"https:\/\/www.facebook.com\/salzburgerland\/","article_published_time":"2016-05-03T07:00:22+00:00","og_image":[{"width":755,"height":500,"url":"https:\/\/www.salzburgerland.com\/de\/magazin\/wp-content\/uploads\/2016\/03\/Christophoruskapelle-1.jpg","type":"image\/jpeg"}],"author":"Edith Danzer","twitter_card":"summary_large_image","twitter_creator":"@Salzburgerland","twitter_site":"@Salzburgerland","twitter_misc":{"Verfasst von":"Edith Danzer","Gesch\u00e4tzte Lesezeit":"2\u00a0Minuten"},"schema":{"@context":"https:\/\/schema.org","@graph":[{"@type":"Article","@id":"https:\/\/www.salzburgerland.com\/de\/magazin\/spirituelles-wandern-in-der-wildkogel-arena\/#article","isPartOf":{"@id":"https:\/\/www.salzburgerland.com\/de\/magazin\/spirituelles-wandern-in-der-wildkogel-arena\/"},"author":{"name":"Edith Danzer","@id":"https:\/\/www.salzburgerland.com\/de\/magazin\/#\/schema\/person\/79452c699c410aa31a119426313748de"},"headline":"Spirituelles Wandern in der Wildkogel-Arena","datePublished":"2016-05-03T07:00:22+00:00","mainEntityOfPage":{"@id":"https:\/\/www.salzburgerland.com\/de\/magazin\/spirituelles-wandern-in-der-wildkogel-arena\/"},"wordCount":440,"commentCount":0,"publisher":{"@id":"https:\/\/www.salzburgerland.com\/de\/magazin\/#organization"},"image":{"@id":"https:\/\/www.salzburgerland.com\/de\/magazin\/spirituelles-wandern-in-der-wildkogel-arena\/#primaryimage"},"thumbnailUrl":"https:\/\/www.salzburgerland.com\/de\/magazin\/wp-content\/uploads\/2016\/03\/Christophoruskapelle-1.jpg","articleSection":["Gesundheit"],"inLanguage":"de","potentialAction":[{"@type":"CommentAction","name":"Comment","target":["https:\/\/www.salzburgerland.com\/de\/magazin\/spirituelles-wandern-in-der-wildkogel-arena\/#respond"]}]},{"@type":"WebPage","@id":"https:\/\/www.salzburgerland.com\/de\/magazin\/spirituelles-wandern-in-der-wildkogel-arena\/","url":"https:\/\/www.salzburgerland.com\/de\/magazin\/spirituelles-wandern-in-der-wildkogel-arena\/","name":"Spirituelles Wandern in der Wildkogel-Arena - SalzburgerLand Magazin","isPartOf":{"@id":"https:\/\/www.salzburgerland.com\/de\/magazin\/#website"},"primaryImageOfPage":{"@id":"https:\/\/www.salzburgerland.com\/de\/magazin\/spirituelles-wandern-in-der-wildkogel-arena\/#primaryimage"},"image":{"@id":"https:\/\/www.salzburgerland.com\/de\/magazin\/spirituelles-wandern-in-der-wildkogel-arena\/#primaryimage"},"thumbnailUrl":"https:\/\/www.salzburgerland.com\/de\/magazin\/wp-content\/uploads\/2016\/03\/Christophoruskapelle-1.jpg","datePublished":"2016-05-03T07:00:22+00:00","breadcrumb":{"@id":"https:\/\/www.salzburgerland.com\/de\/magazin\/spirituelles-wandern-in-der-wildkogel-arena\/#breadcrumb"},"inLanguage":"de","potentialAction":[{"@type":"ReadAction","target":["https:\/\/www.salzburgerland.com\/de\/magazin\/spirituelles-wandern-in-der-wildkogel-arena\/"]}]},{"@type":"ImageObject","inLanguage":"de","@id":"https:\/\/www.salzburgerland.com\/de\/magazin\/spirituelles-wandern-in-der-wildkogel-arena\/#primaryimage","url":"https:\/\/www.salzburgerland.com\/de\/magazin\/wp-content\/uploads\/2016\/03\/Christophoruskapelle-1.jpg","contentUrl":"https:\/\/www.salzburgerland.com\/de\/magazin\/wp-content\/uploads\/2016\/03\/Christophoruskapelle-1.jpg","width":755,"height":500,"caption":"Christopheruskapelle"},{"@type":"BreadcrumbList","@id":"https:\/\/www.salzburgerland.com\/de\/magazin\/spirituelles-wandern-in-der-wildkogel-arena\/#breadcrumb","itemListElement":[{"@type":"ListItem","position":1,"name":"Startseite","item":"https:\/\/www.salzburgerland.com\/de\/magazin\/"},{"@type":"ListItem","position":2,"name":"Gesundheit","item":"https:\/\/www.salzburgerland.com\/de\/magazin\/thema\/gesundheit\/"},{"@type":"ListItem","position":3,"name":"Spirituelles Wandern in der Wildkogel-Arena"}]},{"@type":"WebSite","@id":"https:\/\/www.salzburgerland.com\/de\/magazin\/#website","url":"https:\/\/www.salzburgerland.com\/de\/magazin\/","name":"SalzburgerLand Magazin","description":"Geschichten und Interessantes aus dem SalzburgerLand","publisher":{"@id":"https:\/\/www.salzburgerland.com\/de\/magazin\/#organization"},"potentialAction":[{"@type":"SearchAction","target":{"@type":"EntryPoint","urlTemplate":"https:\/\/www.salzburgerland.com\/de\/magazin\/?s={search_term_string}"},"query-input":{"@type":"PropertyValueSpecification","valueRequired":true,"valueName":"search_term_string"}}],"inLanguage":"de"},{"@type":"Organization","@id":"https:\/\/www.salzburgerland.com\/de\/magazin\/#organization","name":"SalzburgerLand Tourismus","url":"https:\/\/www.salzburgerland.com\/de\/magazin\/","logo":{"@type":"ImageObject","inLanguage":"de","@id":"https:\/\/www.salzburgerland.com\/de\/magazin\/#\/schema\/logo\/image\/","url":"https:\/\/www.salzburgerland.com\/de\/magazin\/wp-content\/uploads\/2019\/06\/salzburgerland-logo1.jpg","contentUrl":"https:\/\/www.salzburgerland.com\/de\/magazin\/wp-content\/uploads\/2019\/06\/salzburgerland-logo1.jpg","width":2011,"height":866,"caption":"SalzburgerLand Tourismus"},"image":{"@id":"https:\/\/www.salzburgerland.com\/de\/magazin\/#\/schema\/logo\/image\/"},"sameAs":["https:\/\/www.facebook.com\/salzburgerland\/","https:\/\/x.com\/Salzburgerland","https:\/\/www.instagram.com\/salzburgerland\/","https:\/\/at.linkedin.com\/company\/salzburgerland-tourismus-gmbh","https:\/\/www.pinterest.at\/salzburgerland\/","https:\/\/www.youtube.com\/user\/salzburgerland","https:\/\/de.wikipedia.org\/wiki\/SalzburgerLand_Tourismus_GmbH"]},{"@type":"Person","@id":"https:\/\/www.salzburgerland.com\/de\/magazin\/#\/schema\/person\/79452c699c410aa31a119426313748de","name":"Edith Danzer","description":"Seit Jahren arbeite ich als freie Redakteurin und Fotografin im SalzburgerLand. Schreiben ist f\u00fcr mich nicht blo\u00df das Erstellen eines Textes. Es ist ein Komponieren einer wundervollen Melodie, ein Malen mit Buchstaben und Worten. Ich liebe die Begegnungen mit Menschen, die mir ihre Geschichte anvertrauen. Wenn man mich sucht, bin ich entweder am Schreibtisch (der auch mal am sonnigen H\u00fcttenbankerl stehen kann) oder mit meinem Husky-M\u00e4dl Ylvi am Berg, am See oder im Wald. Ich \u2026 \u2026 in ein paar Worten. \u2022 Lieber drau\u00dfen, als drinnen. \u2022 Lieber Norden, als S\u00fcden. \u2022 Lieber Buchstaben, als Zahlen. \u2022 Lieber Schnee, als Strand. \u2022 Lieber Berg, als Tal. \u2022 Lieber Nordlichter, als S\u00fcdseezauber. \u2022 Lieber H\u00fctte, als F\u00fcnfsternschuppen. \u2022 Lieber Hund, als Katze. \u2022 Lieber grader Michl, als falscher Fufzga. \u2022 Lieber mittendurch, als drumherum \u2022 Lieber Almleben, als Couchpotato","url":"https:\/\/www.salzburgerland.com\/de\/magazin\/author\/edith-danzer\/"}]}},"_wl_alt_label":[],"wl:entity_url":"http:\/\/open.salzburgerland.com\/magazin\/post\/spirituelles_wandern_in_der_wildkogel-arena","_links":{"self":[{"href":"https:\/\/www.salzburgerland.com\/de\/magazin\/wp-json\/wp\/v2\/posts\/105008","targetHints":{"allow":["GET"]}}],"collection":[{"href":"https:\/\/www.salzburgerland.com\/de\/magazin\/wp-json\/wp\/v2\/posts"}],"about":[{"href":"https:\/\/www.salzburgerland.com\/de\/magazin\/wp-json\/wp\/v2\/types\/post"}],"author":[{"embeddable":true,"href":"https:\/\/www.salzburgerland.com\/de\/magazin\/wp-json\/wp\/v2\/users\/11"}],"replies":[{"embeddable":true,"href":"https:\/\/www.salzburgerland.com\/de\/magazin\/wp-json\/wp\/v2\/comments?post=105008"}],"version-history":[{"count":0,"href":"https:\/\/www.salzburgerland.com\/de\/magazin\/wp-json\/wp\/v2\/posts\/105008\/revisions"}],"wp:featuredmedia":[{"embeddable":true,"href":"https:\/\/www.salzburgerland.com\/de\/magazin\/wp-json\/wp\/v2\/media\/105012"}],"wp:attachment":[{"href":"https:\/\/www.salzburgerland.com\/de\/magazin\/wp-json\/wp\/v2\/media?parent=105008"}],"wp:term":[{"taxonomy":"category","embeddable":true,"href":"https:\/\/www.salzburgerland.com\/de\/magazin\/wp-json\/wp\/v2\/categories?post=105008"},{"taxonomy":"post_tag","embeddable":true,"href":"https:\/\/www.salzburgerland.com\/de\/magazin\/wp-json\/wp\/v2\/tags?post=105008"},{"taxonomy":"wl_entity_type","embeddable":true,"href":"https:\/\/www.salzburgerland.com\/de\/magazin\/wp-json\/wp\/v2\/wl_entity_type?post=105008"},{"taxonomy":"monatsauswahl","embeddable":true,"href":"https:\/\/www.salzburgerland.com\/de\/magazin\/wp-json\/wp\/v2\/monatsauswahl?post=105008"}],"curies":[{"name":"wp","href":"https:\/\/api.w.org\/{rel}","templated":true}]}}