{"id":104833,"date":"2016-04-12T11:28:36","date_gmt":"2016-04-12T09:28:36","guid":{"rendered":"http:\/\/magazin.salzburgerland.com\/?p=104833"},"modified":"2023-06-22T09:02:59","modified_gmt":"2023-06-22T07:02:59","slug":"400-jahre-schloss-hellbrunn","status":"publish","type":"post","link":"https:\/\/www.salzburgerland.com\/de\/magazin\/400-jahre-schloss-hellbrunn\/","title":{"rendered":"400 Jahre Schloss Hellbrunn"},"content":{"rendered":"<p><strong>Auch wenn 2016 das ganze Jahr \u00fcber auf den gro\u00dfen runden Geburtstag &#8218;200 Jahre Salzburg bei \u00d6sterreich&#8216; angesto\u00dfen wurde, so ist dieses Jubil\u00e4um nicht das einzige, das in diesem Jahr gefeiert wurde. Denn exakt 400 Jahre fr\u00fcher wurde Schloss Hellbrunn fertig gestellt und erfreute gestern wie heute die Menschen ob seiner Sch\u00f6nheit und der vielen verspielten Details. Ein Toast auf auf die n\u00e4chsten 400 Jahre.<\/strong><\/p>\n<p>Lang hat er nicht regiert, der&nbsp;<strong><a title=\"Markus Sittikus von Hohenems (Salzburg)\" href=\"https:\/\/de.wikipedia.org\/wiki\/Markus_Sittikus_von_Hohenems_(Salzburg)\">Markus Sittikus von Hohenems<\/a><\/strong>. Doch auch wenn nach genau 7 Jahren im Amt schon wieder Schluss war mit dem F\u00fcrsterzbischof von Salzburg, so hat er doch bis heute bleibende, sichtbare Spuren hinterlassen.&nbsp;Als gro\u00dfer Verehrer der italienischen K\u00fcnste und des Lebensstils des S\u00fcdens, wollte er sich vom ber\u00fchmten Baumeister&nbsp;<a href=\"https:\/\/de.wikipedia.org\/wiki\/Santino_Solari\" target=\"_blank\" rel=\"noopener\">Santino Solari<\/a>&nbsp;eine \u2018Villa suburbana\u2019, eine Villa au\u00dferhalb der Stadt, errichten lassen. Prunkvoll und der Macht entsprechend, die F\u00fcrsterzbisch\u00f6fe in dieser Zeit innehatten. Niemals als Wohnsitz gedacht, wurde Hellbrunn als reines Lustschloss, mit Blick auf die Stadt, erbaut. Zum reinen Vergn\u00fcgen,&nbsp;als Wellnesstempel der Sp\u00e4trenaissance, wenn man so will. Die frischen Quellen belebten Geist, K\u00f6rper und Seele gleicherma\u00dfen und zur Zerstreuung der vielen G\u00e4ste wurden die noch immer beliebten Wasserspiele mit vielen \u00dcberraschungen errichtet.<\/p>\n<figure id=\"attachment_105338\" aria-describedby=\"caption-attachment-105338\" style=\"width: 650px\" class=\"wp-caption alignnone\"><img loading=\"lazy\" decoding=\"async\" class=\"wp-image-105338 size-singlePost\" src=\"https:\/\/www.salzburgerland.com\/de\/magazin\/wp-content\/uploads\/2016\/03\/Sulzer-Schloss-Speisesaal-Kachelofen-und-EInhorn-klein-IMG_0014-650x435.jpg\" alt=\"Sogar ein Einhorn findet man im Lustschloss\" width=\"650\" height=\"435\"><figcaption id=\"caption-attachment-105338\" class=\"wp-caption-text\">Sogar ein Einhorn findet man im Lustschloss<\/figcaption><\/figure>\n<p>400 Jahre sp\u00e4ter pr\u00e4sentiert sich Hellbrunn als Ort der Ruhe, der Leichtigkeit und der Sch\u00f6nheit.&nbsp;Es gibt kaum Entspannenderes, als an einem warmen Tag durch die herrlichen Gartenanlagen des Schlosses&nbsp; zu spazieren, den Zoo zu besuchen, oder auch einmal wieder die imposanten M\u00e4uerlichkeiten selbst zu bestaunen. Hier scheint die Zeit still zu stehen und er\u00f6ffnet einem den Blick auf das Leben&nbsp;des F\u00fcrsterzbischofes und seiner prunkvollen Zeit vor 400 Jahren.<\/p>\n<p>Schloss Hellbrunn<br \/>\nF\u00fcrstenweg 37<br \/>\n5020 Salzburg<br \/>\n<a href=\"http:\/\/www.hellbrunn.at\" target=\"_blank\" rel=\"noopener\">www.hellbrunn.at<\/a><\/p>\n<p>Bilder im Beitrag: Foto Sulzer<br \/>\nTitelbild: Tourismus Salzburg GmbH<\/p>\n<div class=\"mag-gallery\"><div class=\"row\"><div class=\"col-6 col-sm-4\"><figure><a class=\"thumb-container\" href=\"https:\/\/www.salzburgerland.com\/de\/magazin\/wp-content\/uploads\/2016\/03\/Sulzer-Schloss-Oktogon-klein-2F3J1319_1-1280x1024.jpg\">\t<picture><source media=\"(min-width: 576px)\" srcset=\"\" \/><source media=\"(min-width: 0)\" srcset=\"https:\/\/www.salzburgerland.com\/de\/magazin\/wp-content\/uploads\/2016\/03\/Sulzer-Schloss-Oktogon-klein-2F3J1319_1.jpg 1139w, https:\/\/www.salzburgerland.com\/de\/magazin\/wp-content\/uploads\/2016\/03\/Sulzer-Schloss-Oktogon-klein-2F3J1319_1-214x300.jpg 214w, https:\/\/www.salzburgerland.com\/de\/magazin\/wp-content\/uploads\/2016\/03\/Sulzer-Schloss-Oktogon-klein-2F3J1319_1-392x550.jpg 392w, https:\/\/www.salzburgerland.com\/de\/magazin\/wp-content\/uploads\/2016\/03\/Sulzer-Schloss-Oktogon-klein-2F3J1319_1-285x400.jpg 285w\" \/><img decoding=\"async\" alt=\"Eine spiralf\u00f6rmige Skulptur aus Musiknoten und Text steht in einem mit Fresken verzierten Raum mit bunt bemalten Decken.\" src=\"https:\/\/www.salzburgerland.com\/de\/magazin\/wp-content\/uploads\/2016\/03\/Sulzer-Schloss-Oktogon-klein-2F3J1319_1.jpg\" \/>\t<\/picture><\/a><\/figure><\/div><div class=\"col-6 col-sm-4\"><figure><a class=\"thumb-container\" href=\"https:\/\/www.salzburgerland.com\/de\/magazin\/wp-content\/uploads\/2016\/03\/Sulzer-Schloss-Fasnachtsfilm-Wilde-Manner-1280x1024.jpg\">\t<picture><source media=\"(min-width: 576px)\" srcset=\"https:\/\/www.salzburgerland.com\/de\/magazin\/wp-content\/uploads\/2016\/03\/Sulzer-Schloss-Fasnachtsfilm-Wilde-Manner-325x209.jpg 325w, https:\/\/www.salzburgerland.com\/de\/magazin\/wp-content\/uploads\/2016\/03\/Sulzer-Schloss-Fasnachtsfilm-Wilde-Manner-249x160.jpg 249w\" \/><source media=\"(min-width: 0)\" srcset=\"https:\/\/www.salzburgerland.com\/de\/magazin\/wp-content\/uploads\/2016\/03\/Sulzer-Schloss-Fasnachtsfilm-Wilde-Manner-249x160.jpg 249w, https:\/\/www.salzburgerland.com\/de\/magazin\/wp-content\/uploads\/2016\/03\/Sulzer-Schloss-Fasnachtsfilm-Wilde-Manner-325x209.jpg 325w\" \/><img decoding=\"async\" alt=\"Vier Personen sitzen auf B\u00e4nken vor einer gro\u00dfen digitalen Darstellung einer historischen Paradeszene, die zum Staunen einl\u00e4dt.\" src=\"https:\/\/www.salzburgerland.com\/de\/magazin\/wp-content\/uploads\/2016\/03\/Sulzer-Schloss-Fasnachtsfilm-Wilde-Manner.jpg\" \/>\t<\/picture><\/a><\/figure><\/div><div class=\"col-6 col-sm-4\"><figure><a class=\"thumb-container\" href=\"https:\/\/www.salzburgerland.com\/de\/magazin\/wp-content\/uploads\/2016\/03\/Sulzer-Schloss-EInhorn-klein-2F3J1277-1280x1024.jpg\">\t<picture><source media=\"(min-width: 576px)\" srcset=\"\" \/><source media=\"(min-width: 0)\" srcset=\"https:\/\/www.salzburgerland.com\/de\/magazin\/wp-content\/uploads\/2016\/03\/Sulzer-Schloss-EInhorn-klein-2F3J1277.jpg 1067w, https:\/\/www.salzburgerland.com\/de\/magazin\/wp-content\/uploads\/2016\/03\/Sulzer-Schloss-EInhorn-klein-2F3J1277-200x300.jpg 200w, https:\/\/www.salzburgerland.com\/de\/magazin\/wp-content\/uploads\/2016\/03\/Sulzer-Schloss-EInhorn-klein-2F3J1277-367x550.jpg 367w, https:\/\/www.salzburgerland.com\/de\/magazin\/wp-content\/uploads\/2016\/03\/Sulzer-Schloss-EInhorn-klein-2F3J1277-267x400.jpg 267w\" \/><img decoding=\"async\" alt=\"Eine wei\u00dfe Einhorn-Statue steht auf ihren Hinterbeinen in einer Kunstgalerie mit Tierbildern an den W\u00e4nden.\" src=\"https:\/\/www.salzburgerland.com\/de\/magazin\/wp-content\/uploads\/2016\/03\/Sulzer-Schloss-EInhorn-klein-2F3J1277.jpg\" \/>\t<\/picture><\/a><\/figure><\/div><\/div><\/div><figcaption><\/figcaption>\n","protected":false},"excerpt":{"rendered":"<p>Auch wenn 2016 das ganze Jahr \u00fcber auf den gro\u00dfen runden Geburtstag &#8218;200 Jahre Salzburg bei \u00d6sterreich&#8216; angesto\u00dfen wurde, so ist dieses Jubil\u00e4um nicht das einzige, das in diesem Jahr gefeiert wurde. Denn exakt 400 Jahre fr\u00fcher wurde Schloss Hellbrunn fertig gestellt und erfreute gestern wie heute die Menschen ob seiner Sch\u00f6nheit und der vielen [&hellip;]<\/p>\n","protected":false},"author":505,"featured_media":105341,"comment_status":"open","ping_status":"open","sticky":false,"template":"","format":"standard","meta":{"_acf_changed":false,"wl_entities_gutenberg":"","_wl_entity_redirect_enabled":"","footnotes":""},"categories":[7551],"tags":[],"wl_entity_type":[306],"monatsauswahl":[82,83,84,85,86,87,88,89,90,91,92,93],"class_list":["post-104833","post","type-post","status-publish","format-standard","has-post-thumbnail","hentry","category-archiv","wl_entity_type-article","monatsauswahl-monat_1","monatsauswahl-monat_2","monatsauswahl-monat_3","monatsauswahl-monat_4","monatsauswahl-monat_5","monatsauswahl-monat_6","monatsauswahl-monat_7","monatsauswahl-monat_8","monatsauswahl-monat_9","monatsauswahl-monat_10","monatsauswahl-monat_11","monatsauswahl-monat_12"],"acf":[],"yoast_head":"<!-- This site is optimized with the Yoast SEO Premium plugin v27.4 (Yoast SEO v27.4) - https:\/\/yoast.com\/product\/yoast-seo-premium-wordpress\/ -->\n<title>400 Jahre Schloss Hellbrunn - SalzburgerLand Magazin<\/title>\n<meta name=\"description\" content=\"Auch wenn 2016 das ganze Jahr \u00fcber auf den gro\u00dfen runden Geburtstag &#8218;200 Jahre Salzburg bei \u00d6sterreich&#8216; angesto\u00dfen wurde, so ist dieses Jubil\u00e4um nicht das einzige, das in diesem Jahr gefeiert wurde. Denn exakt 400 Jahre fr\u00fcher wurde Schloss Hellbrunn fertig gestellt und erfreute gestern wie heute die Menschen ob seiner Sch\u00f6nheit und der vielen [&hellip;]\" \/>\n<meta name=\"robots\" content=\"noindex, nofollow\" \/>\n<meta property=\"og:locale\" content=\"de_DE\" \/>\n<meta property=\"og:type\" content=\"article\" \/>\n<meta property=\"og:title\" content=\"400 Jahre Schloss Hellbrunn\" \/>\n<meta property=\"og:description\" content=\"Auch wenn 2016 das ganze Jahr \u00fcber auf den gro\u00dfen runden Geburtstag &#8218;200 Jahre Salzburg bei \u00d6sterreich&#8216; angesto\u00dfen wurde, so ist dieses Jubil\u00e4um nicht das einzige, das in diesem Jahr gefeiert wurde. Denn exakt 400 Jahre fr\u00fcher wurde Schloss Hellbrunn fertig gestellt und erfreute gestern wie heute die Menschen ob seiner Sch\u00f6nheit und der vielen [&hellip;]\" \/>\n<meta property=\"og:url\" content=\"https:\/\/www.salzburgerland.com\/de\/magazin\/400-jahre-schloss-hellbrunn\/\" \/>\n<meta property=\"og:site_name\" content=\"SalzburgerLand Magazin\" \/>\n<meta property=\"article:publisher\" content=\"https:\/\/www.facebook.com\/salzburgerland\/\" \/>\n<meta property=\"article:published_time\" content=\"2016-04-12T09:28:36+00:00\" \/>\n<meta property=\"article:modified_time\" content=\"2023-06-22T07:02:59+00:00\" \/>\n<meta property=\"og:image\" content=\"https:\/\/www.salzburgerland.com\/de\/magazin\/wp-content\/uploads\/2016\/03\/0204_hellbrunn_014.jpg\" \/>\n\t<meta property=\"og:image:width\" content=\"1600\" \/>\n\t<meta property=\"og:image:height\" content=\"865\" \/>\n\t<meta property=\"og:image:type\" content=\"image\/jpeg\" \/>\n<meta name=\"author\" content=\"Peter Zeitlhofer\" \/>\n<meta name=\"twitter:card\" content=\"summary_large_image\" \/>\n<meta name=\"twitter:creator\" content=\"@Salzburgerland\" \/>\n<meta name=\"twitter:site\" content=\"@Salzburgerland\" \/>\n<meta name=\"twitter:label1\" content=\"Verfasst von\" \/>\n\t<meta name=\"twitter:data1\" content=\"Peter Zeitlhofer\" \/>\n\t<meta name=\"twitter:label2\" content=\"Gesch\u00e4tzte Lesezeit\" \/>\n\t<meta name=\"twitter:data2\" content=\"2\u00a0Minuten\" \/>\n<script type=\"application\/ld+json\" class=\"yoast-schema-graph\">{\"@context\":\"https:\\\/\\\/schema.org\",\"@graph\":[{\"@type\":\"Article\",\"@id\":\"https:\\\/\\\/www.salzburgerland.com\\\/de\\\/magazin\\\/400-jahre-schloss-hellbrunn\\\/#article\",\"isPartOf\":{\"@id\":\"https:\\\/\\\/www.salzburgerland.com\\\/de\\\/magazin\\\/400-jahre-schloss-hellbrunn\\\/\"},\"author\":{\"name\":\"Peter Zeitlhofer\",\"@id\":\"https:\\\/\\\/www.salzburgerland.com\\\/de\\\/magazin\\\/#\\\/schema\\\/person\\\/ebd2c9f244aeea71e30f3b5d5e309de4\"},\"headline\":\"400 Jahre Schloss Hellbrunn\",\"datePublished\":\"2016-04-12T09:28:36+00:00\",\"dateModified\":\"2023-06-22T07:02:59+00:00\",\"mainEntityOfPage\":{\"@id\":\"https:\\\/\\\/www.salzburgerland.com\\\/de\\\/magazin\\\/400-jahre-schloss-hellbrunn\\\/\"},\"wordCount\":326,\"commentCount\":0,\"publisher\":{\"@id\":\"https:\\\/\\\/www.salzburgerland.com\\\/de\\\/magazin\\\/#organization\"},\"image\":{\"@id\":\"https:\\\/\\\/www.salzburgerland.com\\\/de\\\/magazin\\\/400-jahre-schloss-hellbrunn\\\/#primaryimage\"},\"thumbnailUrl\":\"https:\\\/\\\/www.salzburgerland.com\\\/de\\\/magazin\\\/wp-content\\\/uploads\\\/2016\\\/03\\\/0204_hellbrunn_014.jpg\",\"articleSection\":[\"Archiv\"],\"inLanguage\":\"de\",\"potentialAction\":[{\"@type\":\"CommentAction\",\"name\":\"Comment\",\"target\":[\"https:\\\/\\\/www.salzburgerland.com\\\/de\\\/magazin\\\/400-jahre-schloss-hellbrunn\\\/#respond\"]}]},{\"@type\":\"WebPage\",\"@id\":\"https:\\\/\\\/www.salzburgerland.com\\\/de\\\/magazin\\\/400-jahre-schloss-hellbrunn\\\/\",\"url\":\"https:\\\/\\\/www.salzburgerland.com\\\/de\\\/magazin\\\/400-jahre-schloss-hellbrunn\\\/\",\"name\":\"400 Jahre Schloss Hellbrunn - SalzburgerLand Magazin\",\"isPartOf\":{\"@id\":\"https:\\\/\\\/www.salzburgerland.com\\\/de\\\/magazin\\\/#website\"},\"primaryImageOfPage\":{\"@id\":\"https:\\\/\\\/www.salzburgerland.com\\\/de\\\/magazin\\\/400-jahre-schloss-hellbrunn\\\/#primaryimage\"},\"image\":{\"@id\":\"https:\\\/\\\/www.salzburgerland.com\\\/de\\\/magazin\\\/400-jahre-schloss-hellbrunn\\\/#primaryimage\"},\"thumbnailUrl\":\"https:\\\/\\\/www.salzburgerland.com\\\/de\\\/magazin\\\/wp-content\\\/uploads\\\/2016\\\/03\\\/0204_hellbrunn_014.jpg\",\"datePublished\":\"2016-04-12T09:28:36+00:00\",\"dateModified\":\"2023-06-22T07:02:59+00:00\",\"breadcrumb\":{\"@id\":\"https:\\\/\\\/www.salzburgerland.com\\\/de\\\/magazin\\\/400-jahre-schloss-hellbrunn\\\/#breadcrumb\"},\"inLanguage\":\"de\",\"potentialAction\":[{\"@type\":\"ReadAction\",\"target\":[\"https:\\\/\\\/www.salzburgerland.com\\\/de\\\/magazin\\\/400-jahre-schloss-hellbrunn\\\/\"]}]},{\"@type\":\"ImageObject\",\"inLanguage\":\"de\",\"@id\":\"https:\\\/\\\/www.salzburgerland.com\\\/de\\\/magazin\\\/400-jahre-schloss-hellbrunn\\\/#primaryimage\",\"url\":\"https:\\\/\\\/www.salzburgerland.com\\\/de\\\/magazin\\\/wp-content\\\/uploads\\\/2016\\\/03\\\/0204_hellbrunn_014.jpg\",\"contentUrl\":\"https:\\\/\\\/www.salzburgerland.com\\\/de\\\/magazin\\\/wp-content\\\/uploads\\\/2016\\\/03\\\/0204_hellbrunn_014.jpg\",\"width\":1600,\"height\":865,\"caption\":\"Die steinerne Statue blickt auf einen Garten mit Wasserspielen und Brunnen, der zu einem gelben Herrenhaus im Hintergrund f\u00fchrt.\"},{\"@type\":\"BreadcrumbList\",\"@id\":\"https:\\\/\\\/www.salzburgerland.com\\\/de\\\/magazin\\\/400-jahre-schloss-hellbrunn\\\/#breadcrumb\",\"itemListElement\":[{\"@type\":\"ListItem\",\"position\":1,\"name\":\"Startseite\",\"item\":\"https:\\\/\\\/www.salzburgerland.com\\\/de\\\/magazin\\\/\"},{\"@type\":\"ListItem\",\"position\":2,\"name\":\"Archiv\",\"item\":\"https:\\\/\\\/www.salzburgerland.com\\\/de\\\/magazin\\\/thema\\\/archiv\\\/\"},{\"@type\":\"ListItem\",\"position\":3,\"name\":\"400 Jahre Schloss Hellbrunn\"}]},{\"@type\":\"WebSite\",\"@id\":\"https:\\\/\\\/www.salzburgerland.com\\\/de\\\/magazin\\\/#website\",\"url\":\"https:\\\/\\\/www.salzburgerland.com\\\/de\\\/magazin\\\/\",\"name\":\"SalzburgerLand Magazin\",\"description\":\"Geschichten und Interessantes aus dem SalzburgerLand\",\"publisher\":{\"@id\":\"https:\\\/\\\/www.salzburgerland.com\\\/de\\\/magazin\\\/#organization\"},\"potentialAction\":[{\"@type\":\"SearchAction\",\"target\":{\"@type\":\"EntryPoint\",\"urlTemplate\":\"https:\\\/\\\/www.salzburgerland.com\\\/de\\\/magazin\\\/?s={search_term_string}\"},\"query-input\":{\"@type\":\"PropertyValueSpecification\",\"valueRequired\":true,\"valueName\":\"search_term_string\"}}],\"inLanguage\":\"de\"},{\"@type\":\"Organization\",\"@id\":\"https:\\\/\\\/www.salzburgerland.com\\\/de\\\/magazin\\\/#organization\",\"name\":\"SalzburgerLand Tourismus\",\"url\":\"https:\\\/\\\/www.salzburgerland.com\\\/de\\\/magazin\\\/\",\"logo\":{\"@type\":\"ImageObject\",\"inLanguage\":\"de\",\"@id\":\"https:\\\/\\\/www.salzburgerland.com\\\/de\\\/magazin\\\/#\\\/schema\\\/logo\\\/image\\\/\",\"url\":\"https:\\\/\\\/www.salzburgerland.com\\\/de\\\/magazin\\\/wp-content\\\/uploads\\\/2019\\\/06\\\/salzburgerland-logo1.jpg\",\"contentUrl\":\"https:\\\/\\\/www.salzburgerland.com\\\/de\\\/magazin\\\/wp-content\\\/uploads\\\/2019\\\/06\\\/salzburgerland-logo1.jpg\",\"width\":2011,\"height\":866,\"caption\":\"SalzburgerLand Tourismus\"},\"image\":{\"@id\":\"https:\\\/\\\/www.salzburgerland.com\\\/de\\\/magazin\\\/#\\\/schema\\\/logo\\\/image\\\/\"},\"sameAs\":[\"https:\\\/\\\/www.facebook.com\\\/salzburgerland\\\/\",\"https:\\\/\\\/x.com\\\/Salzburgerland\",\"https:\\\/\\\/www.instagram.com\\\/salzburgerland\\\/\",\"https:\\\/\\\/at.linkedin.com\\\/company\\\/salzburgerland-tourismus-gmbh\",\"https:\\\/\\\/www.pinterest.at\\\/salzburgerland\\\/\",\"https:\\\/\\\/www.youtube.com\\\/user\\\/salzburgerland\",\"https:\\\/\\\/de.wikipedia.org\\\/wiki\\\/SalzburgerLand_Tourismus_GmbH\"]},{\"@type\":\"Person\",\"@id\":\"https:\\\/\\\/www.salzburgerland.com\\\/de\\\/magazin\\\/#\\\/schema\\\/person\\\/ebd2c9f244aeea71e30f3b5d5e309de4\",\"name\":\"Peter Zeitlhofer\",\"description\":\"'Von Neugier getrieben' - diese Worte kommen Peter Zeitlhofer wohl schon ziemlich nahe. Egal ob am Segelboot, im Tiefschnee, unterwegs in Stadt und Land, oder auf einer seinen vielen Reisen - er ist immer auf der Suche nach Neuem, nach dem Besonderen, probiert so ziemlich alles aus und liebt es, dar\u00fcber zu reden und zu berichten. Womit man auch schon fast bei seiner zweiten Leidenschaft w\u00e4re - dem Schreiben. Immer und \u00fcberall ausgestattet\u00a0mit seinem Notebook, hat der Salzburger, mit Wurzeln am Attersee, sein Office\u00a0im wahrsten Sinne des Wortes unterm Arm und k\u00f6nnte sich nichts besseres vorstellen, als die Geschichten dort zu erz\u00e4hlen, wo sie passieren. Fr\u00fchling, Sommer, Herbst oder Winter? Als Mensch der Extreme, mag ich auch bei den Jahreszeiten den Sommer und den Winter am liebsten. Obwohl nat\u00fcrlich auch der Fr\u00fchling seine Reize hat. Aber der Herbst? Rindsroulade vom Pinzgauer Biorind oder Saibling fangfrisch aus dem Fuschlsee? Immer diese Entscheidungen! Kann ich auch beides haben? Mundharmonika oder Stradivari? Weder noch - als Gitarrist k\u00f6nnte ich mit beiden Instrumenten nichts anfangen. Lederhose oder Smoking? Eindeutig Lederhose, die bei mir mittlerweile sogar den Einzug in den sommerlichen Alltag gefunden hat. Und der LederhosnDonnerstag ist \u00a0ohnehin Pflicht. Alpinski, Offpist oder Skitour? Hauptsache rauf auf den Berg! Was dann tats\u00e4chlich auf dem Programm steht ist zweitrangig. Nur so viel: wenn der Schnee passt, dann h\u00e4lt mich nichts oder niemand auf der Piste. Bergtour oder Seentour? F\u00fcr mich gibt es im Sommer nichts Sch\u00f6neres, als mit dem Segelboot auf unseren herrlichen Seen unterwegs zu sein. Also wenn ich die Wahl habe, dann nehme ich im Sommer die Berge h\u00f6chstens als Kulisse. Haubenlokal oder Ab-Hof-Laden? Auch hier nehme ich von beidem ein bisschen. Aber bei der Oma schmeckt's dann doch am besten.\",\"url\":\"https:\\\/\\\/www.salzburgerland.com\\\/de\\\/magazin\\\/author\\\/peter-zeitlhofer\\\/\"}]}<\/script>\n<!-- \/ Yoast SEO Premium plugin. -->","yoast_head_json":{"title":"400 Jahre Schloss Hellbrunn - SalzburgerLand Magazin","description":"Auch wenn 2016 das ganze Jahr \u00fcber auf den gro\u00dfen runden Geburtstag &#8218;200 Jahre Salzburg bei \u00d6sterreich&#8216; angesto\u00dfen wurde, so ist dieses Jubil\u00e4um nicht das einzige, das in diesem Jahr gefeiert wurde. Denn exakt 400 Jahre fr\u00fcher wurde Schloss Hellbrunn fertig gestellt und erfreute gestern wie heute die Menschen ob seiner Sch\u00f6nheit und der vielen [&hellip;]","robots":{"index":"noindex","follow":"nofollow"},"og_locale":"de_DE","og_type":"article","og_title":"400 Jahre Schloss Hellbrunn","og_description":"Auch wenn 2016 das ganze Jahr \u00fcber auf den gro\u00dfen runden Geburtstag &#8218;200 Jahre Salzburg bei \u00d6sterreich&#8216; angesto\u00dfen wurde, so ist dieses Jubil\u00e4um nicht das einzige, das in diesem Jahr gefeiert wurde. Denn exakt 400 Jahre fr\u00fcher wurde Schloss Hellbrunn fertig gestellt und erfreute gestern wie heute die Menschen ob seiner Sch\u00f6nheit und der vielen [&hellip;]","og_url":"https:\/\/www.salzburgerland.com\/de\/magazin\/400-jahre-schloss-hellbrunn\/","og_site_name":"SalzburgerLand Magazin","article_publisher":"https:\/\/www.facebook.com\/salzburgerland\/","article_published_time":"2016-04-12T09:28:36+00:00","article_modified_time":"2023-06-22T07:02:59+00:00","og_image":[{"width":1600,"height":865,"url":"https:\/\/www.salzburgerland.com\/de\/magazin\/wp-content\/uploads\/2016\/03\/0204_hellbrunn_014.jpg","type":"image\/jpeg"}],"author":"Peter Zeitlhofer","twitter_card":"summary_large_image","twitter_creator":"@Salzburgerland","twitter_site":"@Salzburgerland","twitter_misc":{"Verfasst von":"Peter Zeitlhofer","Gesch\u00e4tzte Lesezeit":"2\u00a0Minuten"},"schema":{"@context":"https:\/\/schema.org","@graph":[{"@type":"Article","@id":"https:\/\/www.salzburgerland.com\/de\/magazin\/400-jahre-schloss-hellbrunn\/#article","isPartOf":{"@id":"https:\/\/www.salzburgerland.com\/de\/magazin\/400-jahre-schloss-hellbrunn\/"},"author":{"name":"Peter Zeitlhofer","@id":"https:\/\/www.salzburgerland.com\/de\/magazin\/#\/schema\/person\/ebd2c9f244aeea71e30f3b5d5e309de4"},"headline":"400 Jahre Schloss Hellbrunn","datePublished":"2016-04-12T09:28:36+00:00","dateModified":"2023-06-22T07:02:59+00:00","mainEntityOfPage":{"@id":"https:\/\/www.salzburgerland.com\/de\/magazin\/400-jahre-schloss-hellbrunn\/"},"wordCount":326,"commentCount":0,"publisher":{"@id":"https:\/\/www.salzburgerland.com\/de\/magazin\/#organization"},"image":{"@id":"https:\/\/www.salzburgerland.com\/de\/magazin\/400-jahre-schloss-hellbrunn\/#primaryimage"},"thumbnailUrl":"https:\/\/www.salzburgerland.com\/de\/magazin\/wp-content\/uploads\/2016\/03\/0204_hellbrunn_014.jpg","articleSection":["Archiv"],"inLanguage":"de","potentialAction":[{"@type":"CommentAction","name":"Comment","target":["https:\/\/www.salzburgerland.com\/de\/magazin\/400-jahre-schloss-hellbrunn\/#respond"]}]},{"@type":"WebPage","@id":"https:\/\/www.salzburgerland.com\/de\/magazin\/400-jahre-schloss-hellbrunn\/","url":"https:\/\/www.salzburgerland.com\/de\/magazin\/400-jahre-schloss-hellbrunn\/","name":"400 Jahre Schloss Hellbrunn - SalzburgerLand Magazin","isPartOf":{"@id":"https:\/\/www.salzburgerland.com\/de\/magazin\/#website"},"primaryImageOfPage":{"@id":"https:\/\/www.salzburgerland.com\/de\/magazin\/400-jahre-schloss-hellbrunn\/#primaryimage"},"image":{"@id":"https:\/\/www.salzburgerland.com\/de\/magazin\/400-jahre-schloss-hellbrunn\/#primaryimage"},"thumbnailUrl":"https:\/\/www.salzburgerland.com\/de\/magazin\/wp-content\/uploads\/2016\/03\/0204_hellbrunn_014.jpg","datePublished":"2016-04-12T09:28:36+00:00","dateModified":"2023-06-22T07:02:59+00:00","breadcrumb":{"@id":"https:\/\/www.salzburgerland.com\/de\/magazin\/400-jahre-schloss-hellbrunn\/#breadcrumb"},"inLanguage":"de","potentialAction":[{"@type":"ReadAction","target":["https:\/\/www.salzburgerland.com\/de\/magazin\/400-jahre-schloss-hellbrunn\/"]}]},{"@type":"ImageObject","inLanguage":"de","@id":"https:\/\/www.salzburgerland.com\/de\/magazin\/400-jahre-schloss-hellbrunn\/#primaryimage","url":"https:\/\/www.salzburgerland.com\/de\/magazin\/wp-content\/uploads\/2016\/03\/0204_hellbrunn_014.jpg","contentUrl":"https:\/\/www.salzburgerland.com\/de\/magazin\/wp-content\/uploads\/2016\/03\/0204_hellbrunn_014.jpg","width":1600,"height":865,"caption":"Die steinerne Statue blickt auf einen Garten mit Wasserspielen und Brunnen, der zu einem gelben Herrenhaus im Hintergrund f\u00fchrt."},{"@type":"BreadcrumbList","@id":"https:\/\/www.salzburgerland.com\/de\/magazin\/400-jahre-schloss-hellbrunn\/#breadcrumb","itemListElement":[{"@type":"ListItem","position":1,"name":"Startseite","item":"https:\/\/www.salzburgerland.com\/de\/magazin\/"},{"@type":"ListItem","position":2,"name":"Archiv","item":"https:\/\/www.salzburgerland.com\/de\/magazin\/thema\/archiv\/"},{"@type":"ListItem","position":3,"name":"400 Jahre Schloss Hellbrunn"}]},{"@type":"WebSite","@id":"https:\/\/www.salzburgerland.com\/de\/magazin\/#website","url":"https:\/\/www.salzburgerland.com\/de\/magazin\/","name":"SalzburgerLand Magazin","description":"Geschichten und Interessantes aus dem SalzburgerLand","publisher":{"@id":"https:\/\/www.salzburgerland.com\/de\/magazin\/#organization"},"potentialAction":[{"@type":"SearchAction","target":{"@type":"EntryPoint","urlTemplate":"https:\/\/www.salzburgerland.com\/de\/magazin\/?s={search_term_string}"},"query-input":{"@type":"PropertyValueSpecification","valueRequired":true,"valueName":"search_term_string"}}],"inLanguage":"de"},{"@type":"Organization","@id":"https:\/\/www.salzburgerland.com\/de\/magazin\/#organization","name":"SalzburgerLand Tourismus","url":"https:\/\/www.salzburgerland.com\/de\/magazin\/","logo":{"@type":"ImageObject","inLanguage":"de","@id":"https:\/\/www.salzburgerland.com\/de\/magazin\/#\/schema\/logo\/image\/","url":"https:\/\/www.salzburgerland.com\/de\/magazin\/wp-content\/uploads\/2019\/06\/salzburgerland-logo1.jpg","contentUrl":"https:\/\/www.salzburgerland.com\/de\/magazin\/wp-content\/uploads\/2019\/06\/salzburgerland-logo1.jpg","width":2011,"height":866,"caption":"SalzburgerLand Tourismus"},"image":{"@id":"https:\/\/www.salzburgerland.com\/de\/magazin\/#\/schema\/logo\/image\/"},"sameAs":["https:\/\/www.facebook.com\/salzburgerland\/","https:\/\/x.com\/Salzburgerland","https:\/\/www.instagram.com\/salzburgerland\/","https:\/\/at.linkedin.com\/company\/salzburgerland-tourismus-gmbh","https:\/\/www.pinterest.at\/salzburgerland\/","https:\/\/www.youtube.com\/user\/salzburgerland","https:\/\/de.wikipedia.org\/wiki\/SalzburgerLand_Tourismus_GmbH"]},{"@type":"Person","@id":"https:\/\/www.salzburgerland.com\/de\/magazin\/#\/schema\/person\/ebd2c9f244aeea71e30f3b5d5e309de4","name":"Peter Zeitlhofer","description":"'Von Neugier getrieben' - diese Worte kommen Peter Zeitlhofer wohl schon ziemlich nahe. Egal ob am Segelboot, im Tiefschnee, unterwegs in Stadt und Land, oder auf einer seinen vielen Reisen - er ist immer auf der Suche nach Neuem, nach dem Besonderen, probiert so ziemlich alles aus und liebt es, dar\u00fcber zu reden und zu berichten. Womit man auch schon fast bei seiner zweiten Leidenschaft w\u00e4re - dem Schreiben. Immer und \u00fcberall ausgestattet\u00a0mit seinem Notebook, hat der Salzburger, mit Wurzeln am Attersee, sein Office\u00a0im wahrsten Sinne des Wortes unterm Arm und k\u00f6nnte sich nichts besseres vorstellen, als die Geschichten dort zu erz\u00e4hlen, wo sie passieren. Fr\u00fchling, Sommer, Herbst oder Winter? Als Mensch der Extreme, mag ich auch bei den Jahreszeiten den Sommer und den Winter am liebsten. Obwohl nat\u00fcrlich auch der Fr\u00fchling seine Reize hat. Aber der Herbst? Rindsroulade vom Pinzgauer Biorind oder Saibling fangfrisch aus dem Fuschlsee? Immer diese Entscheidungen! Kann ich auch beides haben? Mundharmonika oder Stradivari? Weder noch - als Gitarrist k\u00f6nnte ich mit beiden Instrumenten nichts anfangen. Lederhose oder Smoking? Eindeutig Lederhose, die bei mir mittlerweile sogar den Einzug in den sommerlichen Alltag gefunden hat. Und der LederhosnDonnerstag ist \u00a0ohnehin Pflicht. Alpinski, Offpist oder Skitour? Hauptsache rauf auf den Berg! Was dann tats\u00e4chlich auf dem Programm steht ist zweitrangig. Nur so viel: wenn der Schnee passt, dann h\u00e4lt mich nichts oder niemand auf der Piste. Bergtour oder Seentour? F\u00fcr mich gibt es im Sommer nichts Sch\u00f6neres, als mit dem Segelboot auf unseren herrlichen Seen unterwegs zu sein. Also wenn ich die Wahl habe, dann nehme ich im Sommer die Berge h\u00f6chstens als Kulisse. Haubenlokal oder Ab-Hof-Laden? Auch hier nehme ich von beidem ein bisschen. Aber bei der Oma schmeckt's dann doch am besten.","url":"https:\/\/www.salzburgerland.com\/de\/magazin\/author\/peter-zeitlhofer\/"}]}},"_wl_alt_label":[],"wl:entity_url":"http:\/\/open.salzburgerland.com\/magazin\/post\/400_jahre_schloss_hellbrunn","_links":{"self":[{"href":"https:\/\/www.salzburgerland.com\/de\/magazin\/wp-json\/wp\/v2\/posts\/104833","targetHints":{"allow":["GET"]}}],"collection":[{"href":"https:\/\/www.salzburgerland.com\/de\/magazin\/wp-json\/wp\/v2\/posts"}],"about":[{"href":"https:\/\/www.salzburgerland.com\/de\/magazin\/wp-json\/wp\/v2\/types\/post"}],"author":[{"embeddable":true,"href":"https:\/\/www.salzburgerland.com\/de\/magazin\/wp-json\/wp\/v2\/users\/505"}],"replies":[{"embeddable":true,"href":"https:\/\/www.salzburgerland.com\/de\/magazin\/wp-json\/wp\/v2\/comments?post=104833"}],"version-history":[{"count":4,"href":"https:\/\/www.salzburgerland.com\/de\/magazin\/wp-json\/wp\/v2\/posts\/104833\/revisions"}],"predecessor-version":[{"id":168503,"href":"https:\/\/www.salzburgerland.com\/de\/magazin\/wp-json\/wp\/v2\/posts\/104833\/revisions\/168503"}],"wp:featuredmedia":[{"embeddable":true,"href":"https:\/\/www.salzburgerland.com\/de\/magazin\/wp-json\/wp\/v2\/media\/105341"}],"wp:attachment":[{"href":"https:\/\/www.salzburgerland.com\/de\/magazin\/wp-json\/wp\/v2\/media?parent=104833"}],"wp:term":[{"taxonomy":"category","embeddable":true,"href":"https:\/\/www.salzburgerland.com\/de\/magazin\/wp-json\/wp\/v2\/categories?post=104833"},{"taxonomy":"post_tag","embeddable":true,"href":"https:\/\/www.salzburgerland.com\/de\/magazin\/wp-json\/wp\/v2\/tags?post=104833"},{"taxonomy":"wl_entity_type","embeddable":true,"href":"https:\/\/www.salzburgerland.com\/de\/magazin\/wp-json\/wp\/v2\/wl_entity_type?post=104833"},{"taxonomy":"monatsauswahl","embeddable":true,"href":"https:\/\/www.salzburgerland.com\/de\/magazin\/wp-json\/wp\/v2\/monatsauswahl?post=104833"}],"curies":[{"name":"wp","href":"https:\/\/api.w.org\/{rel}","templated":true}]}}