{"id":104731,"date":"2018-02-28T08:35:01","date_gmt":"2018-02-28T07:35:01","guid":{"rendered":"http:\/\/magazin.salzburgerland.com\/?p=104731"},"modified":"2023-06-22T08:28:14","modified_gmt":"2023-06-22T06:28:14","slug":"sonnblickrennen-auferstehung-einer-legende","status":"publish","type":"post","link":"https:\/\/www.salzburgerland.com\/de\/magazin\/sonnblickrennen-auferstehung-einer-legende\/","title":{"rendered":"Sonnblickrennen &#8211; Auferstehung einer Legende"},"content":{"rendered":"<p><strong>Am 17. M\u00e4rz 2018 ist es wieder soweit &#8211; dann f\u00e4llt der Stadtschuss zu einem legend\u00e4ren Skirennen: dem Sonnblickrennen in Rauris.<\/strong><\/p>\n<p class=\"p1\">Viele Mythen ranken sich um das Sonnblickrennen in <a href=\"http:\/\/www.raurisertal.at\/\" target=\"_blank\" rel=\"noopener\">Rauris<\/a>, das zu seiner Zeit schon auf der Abfahrt durch hochalpines Gel\u00e4nde sportliche Helden hervorbrachte.&nbsp; Nach einer \u00fcber sechs Jahrzehnte dauernden Pause wurde diese Legende 2016 wieder zum Leben erweckt. Zwei Jahre sp\u00e4ter d\u00fcrfen wir uns auf das n\u00e4chste Rennen freuen: 17. M\u00e4rz 2018 (Ersatztermin: 24. M\u00e4rz)<\/p>\n<p class=\"p1\">\n<div class=\"mag-gallery\"><div class=\"row\"><div class=\"col-6 col-sm-4\"><figure><a class=\"thumb-container\" href=\"https:\/\/www.salzburgerland.com\/de\/magazin\/wp-content\/uploads\/2016\/02\/Web-Hagan-2-1280x1024.jpg\">\t<picture><source media=\"(min-width: 576px)\" srcset=\"https:\/\/www.salzburgerland.com\/de\/magazin\/wp-content\/uploads\/2016\/02\/Web-Hagan-2-325x209.jpg 325w, https:\/\/www.salzburgerland.com\/de\/magazin\/wp-content\/uploads\/2016\/02\/Web-Hagan-2-249x160.jpg 249w\" \/><source media=\"(min-width: 0)\" srcset=\"https:\/\/www.salzburgerland.com\/de\/magazin\/wp-content\/uploads\/2016\/02\/Web-Hagan-2-249x160.jpg 249w, https:\/\/www.salzburgerland.com\/de\/magazin\/wp-content\/uploads\/2016\/02\/Web-Hagan-2-325x209.jpg 325w\" \/><img decoding=\"async\" alt=\"Das Sicherheitsequipment f\u00fcrs freie Gel\u00e4nde ist f\u00fcr alle Teilnehmer Pflicht.\" src=\"https:\/\/www.salzburgerland.com\/de\/magazin\/wp-content\/uploads\/2016\/02\/Web-Hagan-2.jpg\" \/>\t<\/picture><\/a><\/figure><\/div><div class=\"col-6 col-sm-4\"><figure><a class=\"thumb-container\" href=\"https:\/\/www.salzburgerland.com\/de\/magazin\/wp-content\/uploads\/2016\/02\/Sonnblick09-1280x1024.jpg\">\t<picture><source media=\"(min-width: 576px)\" srcset=\"https:\/\/www.salzburgerland.com\/de\/magazin\/wp-content\/uploads\/2016\/02\/Sonnblick09-325x209.jpg 325w, https:\/\/www.salzburgerland.com\/de\/magazin\/wp-content\/uploads\/2016\/02\/Sonnblick09-249x160.jpg 249w\" \/><source media=\"(min-width: 0)\" srcset=\"https:\/\/www.salzburgerland.com\/de\/magazin\/wp-content\/uploads\/2016\/02\/Sonnblick09-249x160.jpg 249w, https:\/\/www.salzburgerland.com\/de\/magazin\/wp-content\/uploads\/2016\/02\/Sonnblick09-325x209.jpg 325w\" \/><img decoding=\"async\" alt=\"Der Gipfel des Rauriser Sonnblicks.\" src=\"https:\/\/www.salzburgerland.com\/de\/magazin\/wp-content\/uploads\/2016\/02\/Sonnblick09.jpg\" \/>\t<\/picture><\/a><\/figure><\/div><div class=\"col-6 col-sm-4\"><figure><a class=\"thumb-container\" href=\"https:\/\/www.salzburgerland.com\/de\/magazin\/wp-content\/uploads\/2016\/02\/Webseite-2-1280x1024.jpg\">\t<picture><source media=\"(min-width: 576px)\" srcset=\"https:\/\/www.salzburgerland.com\/de\/magazin\/wp-content\/uploads\/2016\/02\/Webseite-2-325x209.jpg 325w, https:\/\/www.salzburgerland.com\/de\/magazin\/wp-content\/uploads\/2016\/02\/Webseite-2-249x160.jpg 249w\" \/><source media=\"(min-width: 0)\" srcset=\"https:\/\/www.salzburgerland.com\/de\/magazin\/wp-content\/uploads\/2016\/02\/Webseite-2-249x160.jpg 249w, https:\/\/www.salzburgerland.com\/de\/magazin\/wp-content\/uploads\/2016\/02\/Webseite-2-325x209.jpg 325w\" \/><img decoding=\"async\" alt=\"Die Abfahrt f\u00fchrt \u00fcber alpines Gel\u00e4nde nach Kolm Saigurn.\" src=\"https:\/\/www.salzburgerland.com\/de\/magazin\/wp-content\/uploads\/2016\/02\/Webseite-2.jpg\" \/>\t<\/picture><\/a><\/figure><\/div><\/div><\/div><figcaption><\/figcaption>\n<h3>Skipioniere im SalzburgerLand<\/h3>\n<p class=\"p1\">Es war vor 130 Jahren, als auf Betreiben des Rauriser Goldbergbaubesitzers Ignaz Rojacher das weltweit bekannte <a href=\"https:\/\/www.sonnblick.net\/de\/\" target=\"_blank\" rel=\"noopener\">Sonnblick-Observatorium<\/a> errichtet wurde. Ignaz Rojacher und Wilhelm Ritter von Arlt waren es auch, die das Skifahren von einem Ausflug nach Schweden mit nach Rauris brachten. Am 5. Februar 1894 fuhr Arlt als erster in 32 Minuten vom Sonnblick nach Kolm Saigurn ab. \u201eWenn man die alte Ausr\u00fcstung in Betracht zieht &#8211; Holzski ohne Kanten, Lederschuhe und Riemenbindung &#8211; dann war dies eine h\u00f6chst sportliche Leistung\u201c, meint Wolfgang Waraschitz, der Organisator der Neuauflage des <a href=\"http:\/\/www.sonnblickrennen.at\/\" target=\"_blank\" rel=\"noopener\">Sonnblickrennens<\/a>.<\/p>\n<div class=\"mag-gallery\"><div class=\"row\"><div class=\"col-6 col-sm-4\"><figure><a class=\"thumb-container\" href=\"https:\/\/www.salzburgerland.com\/de\/magazin\/wp-content\/uploads\/2016\/02\/rojacher-1880-1280x1024.jpg\">\t<picture><source media=\"(min-width: 576px)\" srcset=\"\" \/><source media=\"(min-width: 0)\" srcset=\"https:\/\/www.salzburgerland.com\/de\/magazin\/wp-content\/uploads\/2016\/02\/rojacher-1880.jpg 401w, https:\/\/www.salzburgerland.com\/de\/magazin\/wp-content\/uploads\/2016\/02\/rojacher-1880-201x300.jpg 201w, https:\/\/www.salzburgerland.com\/de\/magazin\/wp-content\/uploads\/2016\/02\/rojacher-1880-368x550.jpg 368w, https:\/\/www.salzburgerland.com\/de\/magazin\/wp-content\/uploads\/2016\/02\/rojacher-1880-267x400.jpg 267w\" \/><img decoding=\"async\" alt=\"Rauriser Goldgr\u00e4ber und Skipionier Ignaz Rojacher 1880\" src=\"https:\/\/www.salzburgerland.com\/de\/magazin\/wp-content\/uploads\/2016\/02\/rojacher-1880.jpg\" \/>\t<\/picture><\/a><\/figure><\/div><div class=\"col-6 col-sm-4\"><figure><a class=\"thumb-container\" href=\"https:\/\/www.salzburgerland.com\/de\/magazin\/wp-content\/uploads\/2016\/02\/Am-Sonnblick-1939-1280x1024.jpg\">\t<picture><source media=\"(min-width: 576px)\" srcset=\"\" \/><source media=\"(min-width: 0)\" srcset=\"https:\/\/www.salzburgerland.com\/de\/magazin\/wp-content\/uploads\/2016\/02\/Am-Sonnblick-1939.jpg 545w, https:\/\/www.salzburgerland.com\/de\/magazin\/wp-content\/uploads\/2016\/02\/Am-Sonnblick-1939-204x300.jpg 204w, https:\/\/www.salzburgerland.com\/de\/magazin\/wp-content\/uploads\/2016\/02\/Am-Sonnblick-1939-375x550.jpg 375w, https:\/\/www.salzburgerland.com\/de\/magazin\/wp-content\/uploads\/2016\/02\/Am-Sonnblick-1939-273x400.jpg 273w\" \/><img decoding=\"async\" alt=\"Wintersportler am Sonnblick im Jahr 1939\" src=\"https:\/\/www.salzburgerland.com\/de\/magazin\/wp-content\/uploads\/2016\/02\/Am-Sonnblick-1939.jpg\" \/>\t<\/picture><\/a><\/figure><\/div><div class=\"col-6 col-sm-4\"><figure><a class=\"thumb-container\" href=\"https:\/\/www.salzburgerland.com\/de\/magazin\/wp-content\/uploads\/2016\/02\/Sonnblick-1911-1280x1024.jpg\">\t<picture><source media=\"(min-width: 576px)\" srcset=\"https:\/\/www.salzburgerland.com\/de\/magazin\/wp-content\/uploads\/2016\/02\/Sonnblick-1911-325x209.jpg 325w, https:\/\/www.salzburgerland.com\/de\/magazin\/wp-content\/uploads\/2016\/02\/Sonnblick-1911-249x160.jpg 249w\" \/><source media=\"(min-width: 0)\" srcset=\"https:\/\/www.salzburgerland.com\/de\/magazin\/wp-content\/uploads\/2016\/02\/Sonnblick-1911-249x160.jpg 249w, https:\/\/www.salzburgerland.com\/de\/magazin\/wp-content\/uploads\/2016\/02\/Sonnblick-1911-325x209.jpg 325w\" \/><img decoding=\"async\" alt=\"Die Sonnblick Wetterwarte im Jahr 1911.\" src=\"https:\/\/www.salzburgerland.com\/de\/magazin\/wp-content\/uploads\/2016\/02\/Sonnblick-1911.jpg\" \/>\t<\/picture><\/a><\/figure><\/div><\/div><\/div><figcaption><\/figcaption>\n<h3 class=\"p1\">Wiedergeburt einer Legende<\/h3>\n<p class=\"p1\">Der 33-j\u00e4hrige Bergretter und Hundef\u00fchrer aus Rauris ist selbst leidenschaftlicher Tourengeher, den Gipfel des Sonnblicks hat er unz\u00e4hlige Male bezwungen. Immer wieder h\u00f6rte er dabei Geschichten der historischen Rennen und erz\u00e4hlt: \u201eIn den Jahren 1937 und 1947 bis 1950 f\u00fchrte der Salzburger Landesskiverband Skirennen vom 3.106 m hohen Gipfel des Sonnblicks bis nach Kolm Saigurn durch. Die Bestzeit f\u00fcr die Abfahrt \u00fcber 1.600 m liegt bei sagenhaften 7 Minuten und wurde 1947 von der Salzburger Skisprunglegende \u201eBubi Bradl\u201c aufgestellt. Schon damals war ein Nenngeld zu bezahlen &#8211; zu gewinnen gab es aber nichts &#8211; au\u00dfer Ehre! Zeitzeugen erz\u00e4hlten mir, dass die rund 50 Teilnehmer damals mit dem Fahrrad zum Start nach Kolm Saigurn in Rauris kamen und ihr gesamtes Gep\u00e4ck selbst im Rucksack mit nach oben tragen mussten. Mich faszinierten die Geschichten und schon seit einiger Zeit geisterte die Idee durch meinen Kopf, das Rennen wiederauferstehen zu lassen. Und als mich ein Kreuzbandriss au\u00dfer Gefecht setzte, begann ich dann einfach zu organisieren.\u201c Jede freie Minute investierte der Kfz-Sachverst\u00e4ndige 2016 in die Vorbereitungen des wieder auferstandenen Rennens und durfte sich \u00fcber eine gut gebuchte Teilnehmerliste mit einigen Top-Skibergsteigern aus dem ganzen Alpenraum freuen.<\/p>\n<figure id=\"attachment_104735\" aria-describedby=\"caption-attachment-104735\" style=\"width: 650px\" class=\"wp-caption alignnone\"><a href=\"https:\/\/www.salzburgerland.com\/de\/magazin\/wp-content\/uploads\/2016\/02\/1269014_722585744434445_29787592_o.jpg\" rel=\"attachment wp-att-104735\"><img loading=\"lazy\" decoding=\"async\" class=\"size-singlePost wp-image-104735\" src=\"https:\/\/www.salzburgerland.com\/de\/magazin\/wp-content\/uploads\/2016\/02\/1269014_722585744434445_29787592_o-650x435.jpg\" alt=\"Wolfgang Waraschitz, Organisator des Sonnblickrennens.\" width=\"650\" height=\"435\"><\/a><figcaption id=\"caption-attachment-104735\" class=\"wp-caption-text\">Wolfgang Waraschitz, Organisator des Sonnblickrennens.<\/figcaption><\/figure>\n<h3 class=\"p1\">Einziges hochalpines Rennen \u00d6sterreichs<\/h3>\n<p class=\"p1\">\u201eIm Gegensatz zum historischen Rennen gab es heute zus\u00e4tzlich eine Aufstiegswertung. Die Abfahrt vom Hohen Sonnblick wird im zweiten Teil des Rennens bestritten. Auch findet das Sonnblick-Rennen &#8211; als einziges hochalpines Tourenskirennen in \u00d6sterreich &#8211; nicht auf Skipisten oder in Liftn\u00e4he statt, sondern, so wie fr\u00fcher, in urspr\u00fcnglicher Natur, in hochalpinem Gel\u00e4nde des Nationalparks Hohe Tauern. W\u00e4hrend f\u00fcr die einen Teilnehmer das Ziel bereits am Gipfel des Sonnblicks erreicht ist, machen sich die anderen Teilnehmer dort erst f\u00fcr die rasante Abfahrt im Gel\u00e4nde bereit. Denn f\u00fcr diese Klasse ist das Ziel erst wieder in Kolm Saigurn. Gemeinsam mit dem Alpenverein und zahlreichen Helfern von Bergrettung, Naturfreunde und Gemeinde Rauris werden wir die Strecke vorbereiten, spuren und sichern. Vom Shuttleservice f\u00fcr die Teilnehmer bis zum Startgel\u00e4nde, dem Vorspuren der Rennstrecke, Positionieren der Streckenposten, Transport der Wechselkleidung auf den Gipfel &#8211; es sind viele Dinge zu organisieren, die beim historischen Rennen wohl noch nicht relevant waren.\u201c, erz\u00e4hlt Wolfgang Waraschitz \u00fcber die Vorbereitungen.<\/p>\n<p class=\"p1\">Doch auch die Teilnehmer m\u00fcssen f\u00fcr dieses Rennen gut vorbereitet sein und alpine Bergerfahrung wird f\u00fcr die Anmeldung vorausgesetzt. \u201eMan darf nicht vergessen, dass man sich bei Aufstieg und Abfahrt immer im freien Gel\u00e4nde befindet &#8211; inklusive Tragepassage \u00fcber die Rojacherquerung. Das setzt auch f\u00fcr die Teilnehmer alpine Erfahrung und entsprechendes Equipment voraus. Im Rucksack m\u00fcssen unter anderem Notfall-Kleidung, ausreichend Fl\u00fcssigkeit und je nach Verh\u00e4ltnissen eventuell Steigeisen, Klettergurt und Klettersteigset f\u00fcr die Rojacherquerung mitgef\u00fchrt und das LVS-Ger\u00e4t am K\u00f6rper getragen werden\u201c, verr\u00e4t der erfahrene Bergsportler.<\/p>\n<p class=\"p1\">Nach einer erfolgreichen Premiere 2016 freuen wir uns auf eine spannende Veranstaltung 2018.<\/p>\n<p class=\"p1\">Weitere Informationen unter <a href=\"http:\/\/www.sonnblickrennen.at\/\" target=\"_blank\" rel=\"noopener\">www.sonnblickrennen.at<br \/>\n<\/a>Fotos: sonnblickrennen.at<\/p>\n","protected":false},"excerpt":{"rendered":"<p>Am 17. M\u00e4rz 2018 ist es wieder soweit &#8211; dann f\u00e4llt der Stadtschuss zu einem legend\u00e4ren Skirennen: dem Sonnblickrennen in Rauris. Viele Mythen ranken sich um das Sonnblickrennen in Rauris, das zu seiner Zeit schon auf der Abfahrt durch hochalpines Gel\u00e4nde sportliche Helden hervorbrachte.&nbsp; Nach einer \u00fcber sechs Jahrzehnte dauernden Pause wurde diese Legende 2016 [&hellip;]<\/p>\n","protected":false},"author":11,"featured_media":104738,"comment_status":"open","ping_status":"open","sticky":false,"template":"","format":"standard","meta":{"_acf_changed":false,"wl_entities_gutenberg":"","_wl_entity_redirect_enabled":"","footnotes":""},"categories":[7551],"tags":[],"wl_entity_type":[306],"monatsauswahl":[82,83,84,85,86,87,88,89,90,91,92,93],"class_list":["post-104731","post","type-post","status-publish","format-standard","has-post-thumbnail","hentry","category-archiv","wl_entity_type-article","monatsauswahl-monat_1","monatsauswahl-monat_2","monatsauswahl-monat_3","monatsauswahl-monat_4","monatsauswahl-monat_5","monatsauswahl-monat_6","monatsauswahl-monat_7","monatsauswahl-monat_8","monatsauswahl-monat_9","monatsauswahl-monat_10","monatsauswahl-monat_11","monatsauswahl-monat_12"],"acf":[],"yoast_head":"<!-- This site is optimized with the Yoast SEO Premium plugin v27.4 (Yoast SEO v27.4) - https:\/\/yoast.com\/product\/yoast-seo-premium-wordpress\/ -->\n<title>Sonnblickrennen - Auferstehung einer Legende - SalzburgerLand Magazin<\/title>\n<meta name=\"description\" content=\"Am 17. M\u00e4rz 2018 ist es wieder soweit &#8211; dann f\u00e4llt der Stadtschuss zu einem legend\u00e4ren Skirennen: dem Sonnblickrennen in Rauris. Viele Mythen ranken sich um das Sonnblickrennen in Rauris, das zu seiner Zeit schon auf der Abfahrt durch hochalpines Gel\u00e4nde sportliche Helden hervorbrachte.&nbsp; Nach einer \u00fcber sechs Jahrzehnte dauernden Pause wurde diese Legende 2016 [&hellip;]\" \/>\n<meta name=\"robots\" content=\"noindex, nofollow\" \/>\n<meta property=\"og:locale\" content=\"de_DE\" \/>\n<meta property=\"og:type\" content=\"article\" \/>\n<meta property=\"og:title\" content=\"Sonnblickrennen - Auferstehung einer Legende\" \/>\n<meta property=\"og:description\" content=\"Am 17. M\u00e4rz 2018 ist es wieder soweit &#8211; dann f\u00e4llt der Stadtschuss zu einem legend\u00e4ren Skirennen: dem Sonnblickrennen in Rauris. Viele Mythen ranken sich um das Sonnblickrennen in Rauris, das zu seiner Zeit schon auf der Abfahrt durch hochalpines Gel\u00e4nde sportliche Helden hervorbrachte.&nbsp; Nach einer \u00fcber sechs Jahrzehnte dauernden Pause wurde diese Legende 2016 [&hellip;]\" \/>\n<meta property=\"og:url\" content=\"https:\/\/www.salzburgerland.com\/de\/magazin\/sonnblickrennen-auferstehung-einer-legende\/\" \/>\n<meta property=\"og:site_name\" content=\"SalzburgerLand Magazin\" \/>\n<meta property=\"article:publisher\" content=\"https:\/\/www.facebook.com\/salzburgerland\/\" \/>\n<meta property=\"article:published_time\" content=\"2018-02-28T07:35:01+00:00\" \/>\n<meta property=\"article:modified_time\" content=\"2023-06-22T06:28:14+00:00\" \/>\n<meta property=\"og:image\" content=\"https:\/\/www.salzburgerland.com\/de\/magazin\/wp-content\/uploads\/2016\/02\/gosimg10AH02ae01ca7a6680b30000120133qe.jpg\" \/>\n\t<meta property=\"og:image:width\" content=\"686\" \/>\n\t<meta property=\"og:image:height\" content=\"458\" \/>\n\t<meta property=\"og:image:type\" content=\"image\/jpeg\" \/>\n<meta name=\"author\" content=\"Edith Danzer\" \/>\n<meta name=\"twitter:card\" content=\"summary_large_image\" \/>\n<meta name=\"twitter:creator\" content=\"@Salzburgerland\" \/>\n<meta name=\"twitter:site\" content=\"@Salzburgerland\" \/>\n<meta name=\"twitter:label1\" content=\"Verfasst von\" \/>\n\t<meta name=\"twitter:data1\" content=\"Edith Danzer\" \/>\n\t<meta name=\"twitter:label2\" content=\"Gesch\u00e4tzte Lesezeit\" \/>\n\t<meta name=\"twitter:data2\" content=\"4\u00a0Minuten\" \/>\n<script type=\"application\/ld+json\" class=\"yoast-schema-graph\">{\"@context\":\"https:\\\/\\\/schema.org\",\"@graph\":[{\"@type\":\"Article\",\"@id\":\"https:\\\/\\\/www.salzburgerland.com\\\/de\\\/magazin\\\/sonnblickrennen-auferstehung-einer-legende\\\/#article\",\"isPartOf\":{\"@id\":\"https:\\\/\\\/www.salzburgerland.com\\\/de\\\/magazin\\\/sonnblickrennen-auferstehung-einer-legende\\\/\"},\"author\":{\"name\":\"Edith Danzer\",\"@id\":\"https:\\\/\\\/www.salzburgerland.com\\\/de\\\/magazin\\\/#\\\/schema\\\/person\\\/79452c699c410aa31a119426313748de\"},\"headline\":\"Sonnblickrennen &#8211; Auferstehung einer Legende\",\"datePublished\":\"2018-02-28T07:35:01+00:00\",\"dateModified\":\"2023-06-22T06:28:14+00:00\",\"mainEntityOfPage\":{\"@id\":\"https:\\\/\\\/www.salzburgerland.com\\\/de\\\/magazin\\\/sonnblickrennen-auferstehung-einer-legende\\\/\"},\"wordCount\":685,\"commentCount\":0,\"publisher\":{\"@id\":\"https:\\\/\\\/www.salzburgerland.com\\\/de\\\/magazin\\\/#organization\"},\"image\":{\"@id\":\"https:\\\/\\\/www.salzburgerland.com\\\/de\\\/magazin\\\/sonnblickrennen-auferstehung-einer-legende\\\/#primaryimage\"},\"thumbnailUrl\":\"https:\\\/\\\/www.salzburgerland.com\\\/de\\\/magazin\\\/wp-content\\\/uploads\\\/2016\\\/02\\\/gosimg10AH02ae01ca7a6680b30000120133qe.jpg\",\"articleSection\":[\"Archiv\"],\"inLanguage\":\"de\",\"potentialAction\":[{\"@type\":\"CommentAction\",\"name\":\"Comment\",\"target\":[\"https:\\\/\\\/www.salzburgerland.com\\\/de\\\/magazin\\\/sonnblickrennen-auferstehung-einer-legende\\\/#respond\"]}]},{\"@type\":\"WebPage\",\"@id\":\"https:\\\/\\\/www.salzburgerland.com\\\/de\\\/magazin\\\/sonnblickrennen-auferstehung-einer-legende\\\/\",\"url\":\"https:\\\/\\\/www.salzburgerland.com\\\/de\\\/magazin\\\/sonnblickrennen-auferstehung-einer-legende\\\/\",\"name\":\"Sonnblickrennen - Auferstehung einer Legende - SalzburgerLand Magazin\",\"isPartOf\":{\"@id\":\"https:\\\/\\\/www.salzburgerland.com\\\/de\\\/magazin\\\/#website\"},\"primaryImageOfPage\":{\"@id\":\"https:\\\/\\\/www.salzburgerland.com\\\/de\\\/magazin\\\/sonnblickrennen-auferstehung-einer-legende\\\/#primaryimage\"},\"image\":{\"@id\":\"https:\\\/\\\/www.salzburgerland.com\\\/de\\\/magazin\\\/sonnblickrennen-auferstehung-einer-legende\\\/#primaryimage\"},\"thumbnailUrl\":\"https:\\\/\\\/www.salzburgerland.com\\\/de\\\/magazin\\\/wp-content\\\/uploads\\\/2016\\\/02\\\/gosimg10AH02ae01ca7a6680b30000120133qe.jpg\",\"datePublished\":\"2018-02-28T07:35:01+00:00\",\"dateModified\":\"2023-06-22T06:28:14+00:00\",\"breadcrumb\":{\"@id\":\"https:\\\/\\\/www.salzburgerland.com\\\/de\\\/magazin\\\/sonnblickrennen-auferstehung-einer-legende\\\/#breadcrumb\"},\"inLanguage\":\"de\",\"potentialAction\":[{\"@type\":\"ReadAction\",\"target\":[\"https:\\\/\\\/www.salzburgerland.com\\\/de\\\/magazin\\\/sonnblickrennen-auferstehung-einer-legende\\\/\"]}]},{\"@type\":\"ImageObject\",\"inLanguage\":\"de\",\"@id\":\"https:\\\/\\\/www.salzburgerland.com\\\/de\\\/magazin\\\/sonnblickrennen-auferstehung-einer-legende\\\/#primaryimage\",\"url\":\"https:\\\/\\\/www.salzburgerland.com\\\/de\\\/magazin\\\/wp-content\\\/uploads\\\/2016\\\/02\\\/gosimg10AH02ae01ca7a6680b30000120133qe.jpg\",\"contentUrl\":\"https:\\\/\\\/www.salzburgerland.com\\\/de\\\/magazin\\\/wp-content\\\/uploads\\\/2016\\\/02\\\/gosimg10AH02ae01ca7a6680b30000120133qe.jpg\",\"width\":686,\"height\":458,\"caption\":\"Ein Skifahrer springt hoch in die Luft \u00fcber verschneite Berge mit einem Gipfel im Hintergrund.\"},{\"@type\":\"BreadcrumbList\",\"@id\":\"https:\\\/\\\/www.salzburgerland.com\\\/de\\\/magazin\\\/sonnblickrennen-auferstehung-einer-legende\\\/#breadcrumb\",\"itemListElement\":[{\"@type\":\"ListItem\",\"position\":1,\"name\":\"Startseite\",\"item\":\"https:\\\/\\\/www.salzburgerland.com\\\/de\\\/magazin\\\/\"},{\"@type\":\"ListItem\",\"position\":2,\"name\":\"Archiv\",\"item\":\"https:\\\/\\\/www.salzburgerland.com\\\/de\\\/magazin\\\/thema\\\/archiv\\\/\"},{\"@type\":\"ListItem\",\"position\":3,\"name\":\"Sonnblickrennen &#8211; Auferstehung einer Legende\"}]},{\"@type\":\"WebSite\",\"@id\":\"https:\\\/\\\/www.salzburgerland.com\\\/de\\\/magazin\\\/#website\",\"url\":\"https:\\\/\\\/www.salzburgerland.com\\\/de\\\/magazin\\\/\",\"name\":\"SalzburgerLand Magazin\",\"description\":\"Geschichten und Interessantes aus dem SalzburgerLand\",\"publisher\":{\"@id\":\"https:\\\/\\\/www.salzburgerland.com\\\/de\\\/magazin\\\/#organization\"},\"potentialAction\":[{\"@type\":\"SearchAction\",\"target\":{\"@type\":\"EntryPoint\",\"urlTemplate\":\"https:\\\/\\\/www.salzburgerland.com\\\/de\\\/magazin\\\/?s={search_term_string}\"},\"query-input\":{\"@type\":\"PropertyValueSpecification\",\"valueRequired\":true,\"valueName\":\"search_term_string\"}}],\"inLanguage\":\"de\"},{\"@type\":\"Organization\",\"@id\":\"https:\\\/\\\/www.salzburgerland.com\\\/de\\\/magazin\\\/#organization\",\"name\":\"SalzburgerLand Tourismus\",\"url\":\"https:\\\/\\\/www.salzburgerland.com\\\/de\\\/magazin\\\/\",\"logo\":{\"@type\":\"ImageObject\",\"inLanguage\":\"de\",\"@id\":\"https:\\\/\\\/www.salzburgerland.com\\\/de\\\/magazin\\\/#\\\/schema\\\/logo\\\/image\\\/\",\"url\":\"https:\\\/\\\/www.salzburgerland.com\\\/de\\\/magazin\\\/wp-content\\\/uploads\\\/2019\\\/06\\\/salzburgerland-logo1.jpg\",\"contentUrl\":\"https:\\\/\\\/www.salzburgerland.com\\\/de\\\/magazin\\\/wp-content\\\/uploads\\\/2019\\\/06\\\/salzburgerland-logo1.jpg\",\"width\":2011,\"height\":866,\"caption\":\"SalzburgerLand Tourismus\"},\"image\":{\"@id\":\"https:\\\/\\\/www.salzburgerland.com\\\/de\\\/magazin\\\/#\\\/schema\\\/logo\\\/image\\\/\"},\"sameAs\":[\"https:\\\/\\\/www.facebook.com\\\/salzburgerland\\\/\",\"https:\\\/\\\/x.com\\\/Salzburgerland\",\"https:\\\/\\\/www.instagram.com\\\/salzburgerland\\\/\",\"https:\\\/\\\/at.linkedin.com\\\/company\\\/salzburgerland-tourismus-gmbh\",\"https:\\\/\\\/www.pinterest.at\\\/salzburgerland\\\/\",\"https:\\\/\\\/www.youtube.com\\\/user\\\/salzburgerland\",\"https:\\\/\\\/de.wikipedia.org\\\/wiki\\\/SalzburgerLand_Tourismus_GmbH\"]},{\"@type\":\"Person\",\"@id\":\"https:\\\/\\\/www.salzburgerland.com\\\/de\\\/magazin\\\/#\\\/schema\\\/person\\\/79452c699c410aa31a119426313748de\",\"name\":\"Edith Danzer\",\"description\":\"Seit Jahren arbeite ich als freie Redakteurin und Fotografin im SalzburgerLand. Schreiben ist f\u00fcr mich nicht blo\u00df das Erstellen eines Textes. Es ist ein Komponieren einer wundervollen Melodie, ein Malen mit Buchstaben und Worten. Ich liebe die Begegnungen mit Menschen, die mir ihre Geschichte anvertrauen. Wenn man mich sucht, bin ich entweder am Schreibtisch (der auch mal am sonnigen H\u00fcttenbankerl stehen kann) oder mit meinem Husky-M\u00e4dl Ylvi am Berg, am See oder im Wald. Ich \u2026 \u2026 in ein paar Worten. \u2022 Lieber drau\u00dfen, als drinnen. \u2022 Lieber Norden, als S\u00fcden. \u2022 Lieber Buchstaben, als Zahlen. \u2022 Lieber Schnee, als Strand. \u2022 Lieber Berg, als Tal. \u2022 Lieber Nordlichter, als S\u00fcdseezauber. \u2022 Lieber H\u00fctte, als F\u00fcnfsternschuppen. \u2022 Lieber Hund, als Katze. \u2022 Lieber grader Michl, als falscher Fufzga. \u2022 Lieber mittendurch, als drumherum \u2022 Lieber Almleben, als Couchpotato\",\"url\":\"https:\\\/\\\/www.salzburgerland.com\\\/de\\\/magazin\\\/author\\\/edith-danzer\\\/\"}]}<\/script>\n<!-- \/ Yoast SEO Premium plugin. -->","yoast_head_json":{"title":"Sonnblickrennen - Auferstehung einer Legende - SalzburgerLand Magazin","description":"Am 17. M\u00e4rz 2018 ist es wieder soweit &#8211; dann f\u00e4llt der Stadtschuss zu einem legend\u00e4ren Skirennen: dem Sonnblickrennen in Rauris. Viele Mythen ranken sich um das Sonnblickrennen in Rauris, das zu seiner Zeit schon auf der Abfahrt durch hochalpines Gel\u00e4nde sportliche Helden hervorbrachte.&nbsp; Nach einer \u00fcber sechs Jahrzehnte dauernden Pause wurde diese Legende 2016 [&hellip;]","robots":{"index":"noindex","follow":"nofollow"},"og_locale":"de_DE","og_type":"article","og_title":"Sonnblickrennen - Auferstehung einer Legende","og_description":"Am 17. M\u00e4rz 2018 ist es wieder soweit &#8211; dann f\u00e4llt der Stadtschuss zu einem legend\u00e4ren Skirennen: dem Sonnblickrennen in Rauris. Viele Mythen ranken sich um das Sonnblickrennen in Rauris, das zu seiner Zeit schon auf der Abfahrt durch hochalpines Gel\u00e4nde sportliche Helden hervorbrachte.&nbsp; Nach einer \u00fcber sechs Jahrzehnte dauernden Pause wurde diese Legende 2016 [&hellip;]","og_url":"https:\/\/www.salzburgerland.com\/de\/magazin\/sonnblickrennen-auferstehung-einer-legende\/","og_site_name":"SalzburgerLand Magazin","article_publisher":"https:\/\/www.facebook.com\/salzburgerland\/","article_published_time":"2018-02-28T07:35:01+00:00","article_modified_time":"2023-06-22T06:28:14+00:00","og_image":[{"width":686,"height":458,"url":"https:\/\/www.salzburgerland.com\/de\/magazin\/wp-content\/uploads\/2016\/02\/gosimg10AH02ae01ca7a6680b30000120133qe.jpg","type":"image\/jpeg"}],"author":"Edith Danzer","twitter_card":"summary_large_image","twitter_creator":"@Salzburgerland","twitter_site":"@Salzburgerland","twitter_misc":{"Verfasst von":"Edith Danzer","Gesch\u00e4tzte Lesezeit":"4\u00a0Minuten"},"schema":{"@context":"https:\/\/schema.org","@graph":[{"@type":"Article","@id":"https:\/\/www.salzburgerland.com\/de\/magazin\/sonnblickrennen-auferstehung-einer-legende\/#article","isPartOf":{"@id":"https:\/\/www.salzburgerland.com\/de\/magazin\/sonnblickrennen-auferstehung-einer-legende\/"},"author":{"name":"Edith Danzer","@id":"https:\/\/www.salzburgerland.com\/de\/magazin\/#\/schema\/person\/79452c699c410aa31a119426313748de"},"headline":"Sonnblickrennen &#8211; Auferstehung einer Legende","datePublished":"2018-02-28T07:35:01+00:00","dateModified":"2023-06-22T06:28:14+00:00","mainEntityOfPage":{"@id":"https:\/\/www.salzburgerland.com\/de\/magazin\/sonnblickrennen-auferstehung-einer-legende\/"},"wordCount":685,"commentCount":0,"publisher":{"@id":"https:\/\/www.salzburgerland.com\/de\/magazin\/#organization"},"image":{"@id":"https:\/\/www.salzburgerland.com\/de\/magazin\/sonnblickrennen-auferstehung-einer-legende\/#primaryimage"},"thumbnailUrl":"https:\/\/www.salzburgerland.com\/de\/magazin\/wp-content\/uploads\/2016\/02\/gosimg10AH02ae01ca7a6680b30000120133qe.jpg","articleSection":["Archiv"],"inLanguage":"de","potentialAction":[{"@type":"CommentAction","name":"Comment","target":["https:\/\/www.salzburgerland.com\/de\/magazin\/sonnblickrennen-auferstehung-einer-legende\/#respond"]}]},{"@type":"WebPage","@id":"https:\/\/www.salzburgerland.com\/de\/magazin\/sonnblickrennen-auferstehung-einer-legende\/","url":"https:\/\/www.salzburgerland.com\/de\/magazin\/sonnblickrennen-auferstehung-einer-legende\/","name":"Sonnblickrennen - Auferstehung einer Legende - SalzburgerLand Magazin","isPartOf":{"@id":"https:\/\/www.salzburgerland.com\/de\/magazin\/#website"},"primaryImageOfPage":{"@id":"https:\/\/www.salzburgerland.com\/de\/magazin\/sonnblickrennen-auferstehung-einer-legende\/#primaryimage"},"image":{"@id":"https:\/\/www.salzburgerland.com\/de\/magazin\/sonnblickrennen-auferstehung-einer-legende\/#primaryimage"},"thumbnailUrl":"https:\/\/www.salzburgerland.com\/de\/magazin\/wp-content\/uploads\/2016\/02\/gosimg10AH02ae01ca7a6680b30000120133qe.jpg","datePublished":"2018-02-28T07:35:01+00:00","dateModified":"2023-06-22T06:28:14+00:00","breadcrumb":{"@id":"https:\/\/www.salzburgerland.com\/de\/magazin\/sonnblickrennen-auferstehung-einer-legende\/#breadcrumb"},"inLanguage":"de","potentialAction":[{"@type":"ReadAction","target":["https:\/\/www.salzburgerland.com\/de\/magazin\/sonnblickrennen-auferstehung-einer-legende\/"]}]},{"@type":"ImageObject","inLanguage":"de","@id":"https:\/\/www.salzburgerland.com\/de\/magazin\/sonnblickrennen-auferstehung-einer-legende\/#primaryimage","url":"https:\/\/www.salzburgerland.com\/de\/magazin\/wp-content\/uploads\/2016\/02\/gosimg10AH02ae01ca7a6680b30000120133qe.jpg","contentUrl":"https:\/\/www.salzburgerland.com\/de\/magazin\/wp-content\/uploads\/2016\/02\/gosimg10AH02ae01ca7a6680b30000120133qe.jpg","width":686,"height":458,"caption":"Ein Skifahrer springt hoch in die Luft \u00fcber verschneite Berge mit einem Gipfel im Hintergrund."},{"@type":"BreadcrumbList","@id":"https:\/\/www.salzburgerland.com\/de\/magazin\/sonnblickrennen-auferstehung-einer-legende\/#breadcrumb","itemListElement":[{"@type":"ListItem","position":1,"name":"Startseite","item":"https:\/\/www.salzburgerland.com\/de\/magazin\/"},{"@type":"ListItem","position":2,"name":"Archiv","item":"https:\/\/www.salzburgerland.com\/de\/magazin\/thema\/archiv\/"},{"@type":"ListItem","position":3,"name":"Sonnblickrennen &#8211; Auferstehung einer Legende"}]},{"@type":"WebSite","@id":"https:\/\/www.salzburgerland.com\/de\/magazin\/#website","url":"https:\/\/www.salzburgerland.com\/de\/magazin\/","name":"SalzburgerLand Magazin","description":"Geschichten und Interessantes aus dem SalzburgerLand","publisher":{"@id":"https:\/\/www.salzburgerland.com\/de\/magazin\/#organization"},"potentialAction":[{"@type":"SearchAction","target":{"@type":"EntryPoint","urlTemplate":"https:\/\/www.salzburgerland.com\/de\/magazin\/?s={search_term_string}"},"query-input":{"@type":"PropertyValueSpecification","valueRequired":true,"valueName":"search_term_string"}}],"inLanguage":"de"},{"@type":"Organization","@id":"https:\/\/www.salzburgerland.com\/de\/magazin\/#organization","name":"SalzburgerLand Tourismus","url":"https:\/\/www.salzburgerland.com\/de\/magazin\/","logo":{"@type":"ImageObject","inLanguage":"de","@id":"https:\/\/www.salzburgerland.com\/de\/magazin\/#\/schema\/logo\/image\/","url":"https:\/\/www.salzburgerland.com\/de\/magazin\/wp-content\/uploads\/2019\/06\/salzburgerland-logo1.jpg","contentUrl":"https:\/\/www.salzburgerland.com\/de\/magazin\/wp-content\/uploads\/2019\/06\/salzburgerland-logo1.jpg","width":2011,"height":866,"caption":"SalzburgerLand Tourismus"},"image":{"@id":"https:\/\/www.salzburgerland.com\/de\/magazin\/#\/schema\/logo\/image\/"},"sameAs":["https:\/\/www.facebook.com\/salzburgerland\/","https:\/\/x.com\/Salzburgerland","https:\/\/www.instagram.com\/salzburgerland\/","https:\/\/at.linkedin.com\/company\/salzburgerland-tourismus-gmbh","https:\/\/www.pinterest.at\/salzburgerland\/","https:\/\/www.youtube.com\/user\/salzburgerland","https:\/\/de.wikipedia.org\/wiki\/SalzburgerLand_Tourismus_GmbH"]},{"@type":"Person","@id":"https:\/\/www.salzburgerland.com\/de\/magazin\/#\/schema\/person\/79452c699c410aa31a119426313748de","name":"Edith Danzer","description":"Seit Jahren arbeite ich als freie Redakteurin und Fotografin im SalzburgerLand. Schreiben ist f\u00fcr mich nicht blo\u00df das Erstellen eines Textes. Es ist ein Komponieren einer wundervollen Melodie, ein Malen mit Buchstaben und Worten. Ich liebe die Begegnungen mit Menschen, die mir ihre Geschichte anvertrauen. Wenn man mich sucht, bin ich entweder am Schreibtisch (der auch mal am sonnigen H\u00fcttenbankerl stehen kann) oder mit meinem Husky-M\u00e4dl Ylvi am Berg, am See oder im Wald. Ich \u2026 \u2026 in ein paar Worten. \u2022 Lieber drau\u00dfen, als drinnen. \u2022 Lieber Norden, als S\u00fcden. \u2022 Lieber Buchstaben, als Zahlen. \u2022 Lieber Schnee, als Strand. \u2022 Lieber Berg, als Tal. \u2022 Lieber Nordlichter, als S\u00fcdseezauber. \u2022 Lieber H\u00fctte, als F\u00fcnfsternschuppen. \u2022 Lieber Hund, als Katze. \u2022 Lieber grader Michl, als falscher Fufzga. \u2022 Lieber mittendurch, als drumherum \u2022 Lieber Almleben, als Couchpotato","url":"https:\/\/www.salzburgerland.com\/de\/magazin\/author\/edith-danzer\/"}]}},"_wl_alt_label":[],"wl:entity_url":"http:\/\/open.salzburgerland.com\/magazin\/post\/sonnblickrennen_-_auferstehung_einer_legende","_links":{"self":[{"href":"https:\/\/www.salzburgerland.com\/de\/magazin\/wp-json\/wp\/v2\/posts\/104731","targetHints":{"allow":["GET"]}}],"collection":[{"href":"https:\/\/www.salzburgerland.com\/de\/magazin\/wp-json\/wp\/v2\/posts"}],"about":[{"href":"https:\/\/www.salzburgerland.com\/de\/magazin\/wp-json\/wp\/v2\/types\/post"}],"author":[{"embeddable":true,"href":"https:\/\/www.salzburgerland.com\/de\/magazin\/wp-json\/wp\/v2\/users\/11"}],"replies":[{"embeddable":true,"href":"https:\/\/www.salzburgerland.com\/de\/magazin\/wp-json\/wp\/v2\/comments?post=104731"}],"version-history":[{"count":2,"href":"https:\/\/www.salzburgerland.com\/de\/magazin\/wp-json\/wp\/v2\/posts\/104731\/revisions"}],"predecessor-version":[{"id":171773,"href":"https:\/\/www.salzburgerland.com\/de\/magazin\/wp-json\/wp\/v2\/posts\/104731\/revisions\/171773"}],"wp:featuredmedia":[{"embeddable":true,"href":"https:\/\/www.salzburgerland.com\/de\/magazin\/wp-json\/wp\/v2\/media\/104738"}],"wp:attachment":[{"href":"https:\/\/www.salzburgerland.com\/de\/magazin\/wp-json\/wp\/v2\/media?parent=104731"}],"wp:term":[{"taxonomy":"category","embeddable":true,"href":"https:\/\/www.salzburgerland.com\/de\/magazin\/wp-json\/wp\/v2\/categories?post=104731"},{"taxonomy":"post_tag","embeddable":true,"href":"https:\/\/www.salzburgerland.com\/de\/magazin\/wp-json\/wp\/v2\/tags?post=104731"},{"taxonomy":"wl_entity_type","embeddable":true,"href":"https:\/\/www.salzburgerland.com\/de\/magazin\/wp-json\/wp\/v2\/wl_entity_type?post=104731"},{"taxonomy":"monatsauswahl","embeddable":true,"href":"https:\/\/www.salzburgerland.com\/de\/magazin\/wp-json\/wp\/v2\/monatsauswahl?post=104731"}],"curies":[{"name":"wp","href":"https:\/\/api.w.org\/{rel}","templated":true}]}}