{"id":103633,"date":"2025-10-01T08:00:00","date_gmt":"2025-10-01T06:00:00","guid":{"rendered":"http:\/\/magazin.salzburgerland.com\/?p=103633"},"modified":"2025-10-01T14:41:26","modified_gmt":"2025-10-01T12:41:26","slug":"winterfest-salzburg","status":"publish","type":"post","link":"https:\/\/www.salzburgerland.com\/de\/magazin\/winterfest-salzburg\/","title":{"rendered":"Winterfest im Salzburger Volksgarten"},"content":{"rendered":"\n<h2 class=\"wp-block-slt-subtitle\">Festival f\u00fcr neuen Circus in Salzburg<\/h2>\n\n\n\n<p class=\"wp-block-slt-intro\">Von 26. November 2025 bis 6. J\u00e4nner 2026 wird der Volksgarten in der Stadt Salzburg wie jedes Jahr um diese Zeit zu einem magischen Ort. Im eigens errichteten Zelt im Volksgarten sowie im TOIHAUS Theater sorgen 74 Vorstellungen an 36 Spieltagen f\u00fcr atemloses Staunen.<\/p>\n\n\n\n<p>F\u00fcr viele Menschen beginnt jetzt eine hektische Zeit, der Vorweihnachtstrubel h\u00e4lt viele gefangen. Und auch im Volksgartenareal hinter der Eisarena geht es hoch her, wenn Arbeiter die Zelte aufbauen und die Circuscompagnien aus aller Welt hier ihr Training beginnen. Und doch ist auch mitten im Aufbautrubel ein Zauber sp\u00fcrbar. Klar: Zirkusduft liegt in der Luft. Die Rede ist aber nicht von einem \u201enormalen\u201c Zirkus. Nein, was hier von Anfang Dezember bis Anfang J\u00e4nner geboten wird, ist Circuskunst auf h\u00f6chstem Niveau. Es ist eine Mischung aus Akrobatik, Tanz, Theater und Musik. Es ist ein sich Einlassen auf surreale Bilder und erz\u00e4hlte Geschichten, auf Kurioses und Clowneskes, auf atemberaubende Balanceakte. <\/p>\n\n\n\n<p>Nur die besten Circusgruppen bekommen die Gelegenheit, sich hier in Salzburg vor einem begeisterten Publikum zu pr\u00e4sentieren. Jahr f\u00fcr Jahr lassen wir uns auf eine neue Reise in die Welt des zeitgen\u00f6ssischen Circusgeschehens ein.  So hat sich das Winter<em>fest<\/em> mittlerweile zum gr\u00f6\u00dften Festival f\u00fcr moderne Circuskunst im deutschsprachigen Raum entwickelt. Es versteht sich als Ort des Staunens, des Humors und des Vergn\u00fcgens. Es will den Besuchern eine Auszeit aus dem \u00fcberladenen Alltag schenken, eine Zeit der Ruhe und Mu\u00dfe f\u00fcr einen Abend voll zauberhafter Geschichten.<\/p>\n\n\n\n<figure class=\"wp-block-image size-full\"><img loading=\"lazy\" decoding=\"async\" width=\"1920\" height=\"1280\" src=\"https:\/\/www.salzburgerland.com\/de\/magazin\/wp-content\/uploads\/2024\/10\/Winterfest_Stimmung-5-\u00a9-Eva-trifft.jpg\" alt=\"Gro\u00dfes, mit bunten Lichterketten beleuchtetes Zelt, umgeben von verschneiten B\u00e4umen und n\u00e4chtlichen Winterfestbannern.\" class=\"wp-image-184733\" srcset=\"https:\/\/www.salzburgerland.com\/de\/magazin\/wp-content\/uploads\/2024\/10\/Winterfest_Stimmung-5-\u00a9-Eva-trifft.jpg 1920w, https:\/\/www.salzburgerland.com\/de\/magazin\/wp-content\/uploads\/2024\/10\/Winterfest_Stimmung-5-\u00a9-Eva-trifft-300x200.jpg 300w, https:\/\/www.salzburgerland.com\/de\/magazin\/wp-content\/uploads\/2024\/10\/Winterfest_Stimmung-5-\u00a9-Eva-trifft-1536x1024.jpg 1536w, https:\/\/www.salzburgerland.com\/de\/magazin\/wp-content\/uploads\/2024\/10\/Winterfest_Stimmung-5-\u00a9-Eva-trifft-825x550.jpg 825w, https:\/\/www.salzburgerland.com\/de\/magazin\/wp-content\/uploads\/2024\/10\/Winterfest_Stimmung-5-\u00a9-Eva-trifft-600x400.jpg 600w, https:\/\/www.salzburgerland.com\/de\/magazin\/wp-content\/uploads\/2024\/10\/Winterfest_Stimmung-5-\u00a9-Eva-trifft-1320x880.jpg 1320w, https:\/\/www.salzburgerland.com\/de\/magazin\/wp-content\/uploads\/2024\/10\/Winterfest_Stimmung-5-\u00a9-Eva-trifft-150x100.jpg 150w\" sizes=\"auto, (max-width: 1920px) 100vw, 1920px\" \/><\/figure>\n\n\n\n<h2 class=\"wp-block-heading\" id=\"h-25-jahre-winter-fest\">25 Jahre Winter<em>fest<\/em> <\/h2>\n\n\n\n<p>Von Beginn an was das Winter<em>fest<\/em> eine Erfolgsgeschichte und die wird im Jubil\u00e4umsjahr fortgeschrieben. 25 Jahre jung wird das Festival im Winter 2025 \/ 26, gefeiert wird in bew\u00e4hrter Manier. Das Team rund um Gesch\u00e4ftsf\u00fchrer und k\u00fcnstlerischem Leiter Robert Seguin freut sich, dieses besondere Jahr mit f\u00fcnf Compagnien zu feiern. Drei davon sind in Salzburg bekannt \u2013 Cirque Le Roux aus Frankreich (2015),<br>Akoreacro aus Frankreich (2010, 2014, 2019) und der \u00d6sterreicher Michael Zandl (2022). Dazu kommen zwei Salzburg-Pemieren  \u2013 Cirque Eloize aus Kanada und La Faux Populaire aus Frankreich.<br>Das Jubil\u00e4umsprogramm vereint, was seit einem Vierteljahrhundert das Wesen dieses Festivals ausmacht: Es ist ein lebendiger Ort der Begegnung und des Staunens, in dem Gemeinschaft und Vertrauen, Entwicklung trotz \u00dcberraschung, Identit\u00e4t neben Toleranz, h\u00f6chste Werte sind.<\/p>\n\n\n\n<h3 class=\"wp-block-heading\" id=\"h-cirque-le-roux-entre-chiens-et-louves\">CIRQUE LE ROUX &#8211; Entre Chiens et Louves <\/h3>\n\n\n\n<p>Nach dem gro\u00dfartigen Erfolg von \u00bbThe Elephant in the Room\u00ab beim Winterfest 2015 sind die Publikumslieblinge Cirque Le Roux im Jubil\u00e4umsjahr wieder zu Gast in Salzburg. Die franz\u00f6sische Compagnie gilt als Erfinder und Meister des sogenannten Cinema-Circus. Mit beeindruckender filmischer \u00c4sthetik und virtuoser Artistik erz\u00e4hlen die K\u00fcnstler:innen bildgewaltige und emotionale Geschichten und definieren zeitgen\u00f6ssischen Circus st\u00e4ndig neu.<br>Ihr neues Meisterwerk \u00bbEntre Chiens et Louves\u00ab (Zwischen Hunden und W\u00f6lfen) enth\u00fcllt die Geschichten dreier Menschen, die in unterschiedlichen Epochen leben: 1870, 1960 und 2022. Der Hauptdarsteller Alex, aus dem Jahr 2022, taucht immer wieder anhand von Tageb\u00fcchern in die Welten der Anderen ein und die Grenzen zwischen Realit\u00e4t und Fiktion verschwimmen. In einer einzigartigen Mischung aus Circus und Kino vereinen die acht K\u00fcnstler:innen Comedy, Tanz, und atemberaubende Akrobatik und feiern eine solidarische und menschliche Gesellschaft.<\/p>\n\n\n\n<ul class=\"wp-block-list\">\n<li>27.11. &#8211; 14.12.2025<\/li>\n\n\n\n<li>Theaterzelt im Volksgarten<\/li>\n<\/ul>\n\n\n\n<figure class=\"wp-block-image size-full\"><img loading=\"lazy\" decoding=\"async\" width=\"1920\" height=\"1280\" src=\"https:\/\/www.salzburgerland.com\/de\/magazin\/wp-content\/uploads\/2024\/10\/Cirque-Le-Roux-\u00a9-Le-Bon-Marche-Rive-Gauche-4.jpg\" alt=\"Ein m\u00e4nnlicher Akrobat hebt eine weibliche Akrobatin \u00fcber seinen Kopf, w\u00e4hrend sie im Handstand einen Spagat macht.\" class=\"wp-image-184729\" srcset=\"https:\/\/www.salzburgerland.com\/de\/magazin\/wp-content\/uploads\/2024\/10\/Cirque-Le-Roux-\u00a9-Le-Bon-Marche-Rive-Gauche-4.jpg 1920w, https:\/\/www.salzburgerland.com\/de\/magazin\/wp-content\/uploads\/2024\/10\/Cirque-Le-Roux-\u00a9-Le-Bon-Marche-Rive-Gauche-4-300x200.jpg 300w, https:\/\/www.salzburgerland.com\/de\/magazin\/wp-content\/uploads\/2024\/10\/Cirque-Le-Roux-\u00a9-Le-Bon-Marche-Rive-Gauche-4-1536x1024.jpg 1536w, https:\/\/www.salzburgerland.com\/de\/magazin\/wp-content\/uploads\/2024\/10\/Cirque-Le-Roux-\u00a9-Le-Bon-Marche-Rive-Gauche-4-825x550.jpg 825w, https:\/\/www.salzburgerland.com\/de\/magazin\/wp-content\/uploads\/2024\/10\/Cirque-Le-Roux-\u00a9-Le-Bon-Marche-Rive-Gauche-4-600x400.jpg 600w, https:\/\/www.salzburgerland.com\/de\/magazin\/wp-content\/uploads\/2024\/10\/Cirque-Le-Roux-\u00a9-Le-Bon-Marche-Rive-Gauche-4-1320x880.jpg 1320w, https:\/\/www.salzburgerland.com\/de\/magazin\/wp-content\/uploads\/2024\/10\/Cirque-Le-Roux-\u00a9-Le-Bon-Marche-Rive-Gauche-4-150x100.jpg 150w\" sizes=\"auto, (max-width: 1920px) 100vw, 1920px\" \/><figcaption class=\"wp-element-caption\">Cirque Le Roux \u00a9 Le Bon March\u00e9 Rive Gauche <\/figcaption><\/figure>\n\n\n\n<h3 class=\"wp-block-heading\" id=\"h-la-faux-populaire-le-cabaret-renverse\">LA FAUX POPULAIRE &#8211; Le Cabaret Renvers\u00e9<\/h3>\n\n\n\n<p>Die Tische sind gedeckt, die Gl\u00e4ser gef\u00fcllt. La Faux Populaire l\u00e4dt im eigenen Circuszelt zum Kabarett. Die Zuschauer*innen nehmen in der Welt von Julien und Juliette an kleinen Tischen rund um die kreisf\u00f6rmige B\u00fchne Platz. Ganz nah am Publikum, vor, um und sogar \u00fcber den Besucher*innen erkunden die beiden K\u00fcnstler*innen mit Talent und Humor das Leben zu zweit.<br>In witzigen Nummern zwischen Jonglage, Seiltanz, Akrobatik und Messerwerfen beleuchtet dieses komische Paar die st\u00e4ndige Dualit\u00e4t des Lebens in Beziehungen. \u00bbLe Cabaret Renvers\u00e9\u00ab ist eine Begegnung zwischen zwei au\u00dfergew\u00f6hnlichen K\u00fcnstler*innen und dem Publikum. Eine Begegnung die ber\u00fchrt und gleichzeitig zum Lachen bringt \u2013 ein Abend voller Lebensfreude, Humor und k\u00fcnstlerischer Brillianz.<\/p>\n\n\n\n<ul class=\"wp-block-list\">\n<li>27.11. &#8211; 08.12.2025<\/li>\n\n\n\n<li>Compagniezelt im Volksgarten<\/li>\n<\/ul>\n\n\n\n<figure class=\"wp-block-image size-full\"><img loading=\"lazy\" decoding=\"async\" width=\"1920\" height=\"1280\" src=\"https:\/\/www.salzburgerland.com\/de\/magazin\/wp-content\/uploads\/2024\/10\/Cabaret-Renverse-c-Cecile-Gerbe-Servettaz-24.jpg\" alt=\"Eine Person spielt die Trompete unter h\u00e4ngenden, beleuchteten Flaschen in einer dunklen Umgebung.\" class=\"wp-image-184727\" srcset=\"https:\/\/www.salzburgerland.com\/de\/magazin\/wp-content\/uploads\/2024\/10\/Cabaret-Renverse-c-Cecile-Gerbe-Servettaz-24.jpg 1920w, https:\/\/www.salzburgerland.com\/de\/magazin\/wp-content\/uploads\/2024\/10\/Cabaret-Renverse-c-Cecile-Gerbe-Servettaz-24-300x200.jpg 300w, https:\/\/www.salzburgerland.com\/de\/magazin\/wp-content\/uploads\/2024\/10\/Cabaret-Renverse-c-Cecile-Gerbe-Servettaz-24-1536x1024.jpg 1536w, https:\/\/www.salzburgerland.com\/de\/magazin\/wp-content\/uploads\/2024\/10\/Cabaret-Renverse-c-Cecile-Gerbe-Servettaz-24-825x550.jpg 825w, https:\/\/www.salzburgerland.com\/de\/magazin\/wp-content\/uploads\/2024\/10\/Cabaret-Renverse-c-Cecile-Gerbe-Servettaz-24-600x400.jpg 600w, https:\/\/www.salzburgerland.com\/de\/magazin\/wp-content\/uploads\/2024\/10\/Cabaret-Renverse-c-Cecile-Gerbe-Servettaz-24-1320x880.jpg 1320w, https:\/\/www.salzburgerland.com\/de\/magazin\/wp-content\/uploads\/2024\/10\/Cabaret-Renverse-c-Cecile-Gerbe-Servettaz-24-150x100.jpg 150w\" sizes=\"auto, (max-width: 1920px) 100vw, 1920px\" \/><figcaption class=\"wp-element-caption\">Cabaret Renverse \u00a9 Cecile Gerbe-Servettaz <\/figcaption><\/figure>\n\n\n\n<h3 class=\"wp-block-heading\" id=\"h-akoreacro-ostinato\">AKOREACRO &#8211; Ostinato<\/h3>\n\n\n\n<p>Was f\u00fcr ein Circus! Von der Entdeckung des Feuers bis zu den ersten Schritten auf dem Mond nimmt Akoreacro das Publikum mit auf eine unterhaltsame Reise durch die Geschichte unserer Spezies. Das Kollektiv aus verr\u00fcckten Abenteurer:innen und Tr\u00e4umer:innen misst sich dabei unerm\u00fcdlich mit sich selbst und den Grenzen des Machbaren. Ganz nach dem Motto \u00bbh\u00f6her, schneller, weiter\u00ab nehmen die einfallsreichen K\u00fcnstler*innen mit viel Humor und spektakul\u00e4rer Akrobatik unser Verh\u00e4ltnis zum Fortschritt ebenso aufs Korn, wie unsere stille Abh\u00e4ngigkeit von der Technik.<br>\u00bbOstinato\u00ab ist ein Circusst\u00fcck wie ein evolution\u00e4rer Kurzschluss, ein Flug durch die Zeit \u2013 nicht mit erhobenem Zeigefinger, sondern mit den H\u00e4nden am Trapez, den F\u00fc\u00dfen \u00fcber dem Boden und dem Herzen in der Luft. <\/p>\n\n\n\n<ul class=\"wp-block-list\">\n<li>12.12.2025 &#8211; 06.01.2026<\/li>\n\n\n\n<li>Compagniezelt im Volksgarten<\/li>\n<\/ul>\n\n\n\n<figure class=\"wp-block-image size-full\"><img loading=\"lazy\" decoding=\"async\" width=\"1920\" height=\"1280\" src=\"https:\/\/www.salzburgerland.com\/de\/magazin\/wp-content\/uploads\/2024\/10\/Akoreacro-126-c-Kalimba.jpg\" alt=\"Eine Band spielt Blech- und Holzblasinstrumente auf der B\u00fchne vor einem sitzenden Publikum in einem schwach beleuchteten Raum.\" class=\"wp-image-184726\" srcset=\"https:\/\/www.salzburgerland.com\/de\/magazin\/wp-content\/uploads\/2024\/10\/Akoreacro-126-c-Kalimba.jpg 1920w, https:\/\/www.salzburgerland.com\/de\/magazin\/wp-content\/uploads\/2024\/10\/Akoreacro-126-c-Kalimba-300x200.jpg 300w, https:\/\/www.salzburgerland.com\/de\/magazin\/wp-content\/uploads\/2024\/10\/Akoreacro-126-c-Kalimba-1536x1024.jpg 1536w, https:\/\/www.salzburgerland.com\/de\/magazin\/wp-content\/uploads\/2024\/10\/Akoreacro-126-c-Kalimba-825x550.jpg 825w, https:\/\/www.salzburgerland.com\/de\/magazin\/wp-content\/uploads\/2024\/10\/Akoreacro-126-c-Kalimba-600x400.jpg 600w, https:\/\/www.salzburgerland.com\/de\/magazin\/wp-content\/uploads\/2024\/10\/Akoreacro-126-c-Kalimba-1320x880.jpg 1320w, https:\/\/www.salzburgerland.com\/de\/magazin\/wp-content\/uploads\/2024\/10\/Akoreacro-126-c-Kalimba-150x100.jpg 150w\" sizes=\"auto, (max-width: 1920px) 100vw, 1920px\" \/><figcaption class=\"wp-element-caption\">Akoreacro \u00a9 Kalimba<\/figcaption><\/figure>\n\n\n\n<h3 class=\"wp-block-heading\" id=\"h-cirque-eloize-id-evolution\">CIRQUE \u00c9LOIZE &#8211; ID Evolution<\/h3>\n\n\n\n<p>Cirque \u00c9loize bringen eine vision\u00e4re Neukreation nach Salzburg, die urbanen Circus und digitale Kunst auf v\u00f6llig neue Weise verbindet. Die Stars aus Montr\u00e9al verbinden Breakdance, Trampolin, Luftakrobatik, Trial-Bike, Cyr Wheel und mehr in einer visuell fesselnden Welt, in der sich die Grenzen zwischen Realit\u00e4t und digitaler Kunst aufl\u00f6sen. Damit schlagen sie ein neues Kapitel des Cirque Nouveau auf \u2013 explosiv, innovativ und am Puls der Zeit. <br>Im Zentrum der neuen Show steht eine Reise durch eine futuristische Stadt, durch K\u00f6rperbilder, Lichtlandschaften und digitale R\u00e4ume. Die K\u00fcnstler*innen erz\u00e4hlen Geschichten von Selbstfindung, Ver\u00e4nderung und dem Wunsch nach Verbindung mit sich selbst, mit anderen und mit einer Welt im Wandel. <\/p>\n\n\n\n<ul class=\"wp-block-list\">\n<li>18.12.2025 &#8211; 06.01.2026<\/li>\n\n\n\n<li>Theaterzelt im Volksgarten<\/li>\n<\/ul>\n\n\n\n<figure class=\"wp-block-image size-full\"><img loading=\"lazy\" decoding=\"async\" width=\"1920\" height=\"1280\" src=\"https:\/\/www.salzburgerland.com\/de\/magazin\/wp-content\/uploads\/2024\/10\/Cirque-Eloize_c-Caroline-Thibault-17.jpg\" alt=\"Ein Radfahrer vollf\u00fchrt einen Stunt in der Luft, w\u00e4hrend drei Personen auf der B\u00fchne liegen und eine weitere in der N\u00e4he in einem mit Graffiti verzierten B\u00fchnenbild zusieht.\" class=\"wp-image-184728\" srcset=\"https:\/\/www.salzburgerland.com\/de\/magazin\/wp-content\/uploads\/2024\/10\/Cirque-Eloize_c-Caroline-Thibault-17.jpg 1920w, https:\/\/www.salzburgerland.com\/de\/magazin\/wp-content\/uploads\/2024\/10\/Cirque-Eloize_c-Caroline-Thibault-17-300x200.jpg 300w, https:\/\/www.salzburgerland.com\/de\/magazin\/wp-content\/uploads\/2024\/10\/Cirque-Eloize_c-Caroline-Thibault-17-1536x1024.jpg 1536w, https:\/\/www.salzburgerland.com\/de\/magazin\/wp-content\/uploads\/2024\/10\/Cirque-Eloize_c-Caroline-Thibault-17-825x550.jpg 825w, https:\/\/www.salzburgerland.com\/de\/magazin\/wp-content\/uploads\/2024\/10\/Cirque-Eloize_c-Caroline-Thibault-17-600x400.jpg 600w, https:\/\/www.salzburgerland.com\/de\/magazin\/wp-content\/uploads\/2024\/10\/Cirque-Eloize_c-Caroline-Thibault-17-1320x880.jpg 1320w, https:\/\/www.salzburgerland.com\/de\/magazin\/wp-content\/uploads\/2024\/10\/Cirque-Eloize_c-Caroline-Thibault-17-150x100.jpg 150w\" sizes=\"auto, (max-width: 1920px) 100vw, 1920px\" \/><figcaption class=\"wp-element-caption\">Cirque Eloize \u00a9 Caroline Thibault<\/figcaption><\/figure>\n\n\n\n<h3 class=\"wp-block-heading\" id=\"h-michael-zandl-food\">MICHAEL ZANDL &#8211; Food<\/h3>\n\n\n\n<p>Dieses humorvolle Spektakel ist kein gew\u00f6hnliches Festmahl. \u00bbFood\u00ab l\u00e4dt das Publikum in eine am\u00fcsante und bisweilen bizarre Welt des Konsums ein. Was als einfacher Akt des Essens beginnt, verwandelt sich allm\u00e4hlich in ein wahnwitziges, fast mechanisches Ritual. Wir beobachten, wie die Grenzen zwischen Wunsch und Notwendigkeit verschwimmen und etwas Groteskes, \u00dcberraschendes und verst\u00f6rend Hypnotisches entsteht. Durch Akrobatik und Objektmanipulation schaffen diese witzigen Circusartisten eine lebendige K\u00f6rpersprache, die nicht nur ihre eigenen, sondern vielleicht sogar unsere kollektiven Konsumgewohnheiten hinterfragt \u2013 Gewohnheiten, die unter dem stillen Druck kommerzieller \u00dcberzeugungskraft geformt wurden.<\/p>\n\n\n\n<ul class=\"wp-block-list\">\n<li>17. &#8211; 21.12.2025<\/li>\n\n\n\n<li>Toihaus Theater<\/li>\n<\/ul>\n\n\n\n<figure class=\"wp-block-image size-full\"><img loading=\"lazy\" decoding=\"async\" width=\"1920\" height=\"1278\" src=\"https:\/\/www.salzburgerland.com\/de\/magazin\/wp-content\/uploads\/2024\/10\/Michael-Zandl_FOOD_07_c-Cosmin-Cirstea.jpg\" alt=\"Eine Person sitzt auf einem Stuhl, w\u00e4hrend eine andere auf ein gekipptes Gestell an einer wei\u00dfen Wand mit L\u00f6chern und einem Fenster klettert.\" class=\"wp-image-184731\" srcset=\"https:\/\/www.salzburgerland.com\/de\/magazin\/wp-content\/uploads\/2024\/10\/Michael-Zandl_FOOD_07_c-Cosmin-Cirstea.jpg 1920w, https:\/\/www.salzburgerland.com\/de\/magazin\/wp-content\/uploads\/2024\/10\/Michael-Zandl_FOOD_07_c-Cosmin-Cirstea-300x200.jpg 300w, https:\/\/www.salzburgerland.com\/de\/magazin\/wp-content\/uploads\/2024\/10\/Michael-Zandl_FOOD_07_c-Cosmin-Cirstea-1536x1022.jpg 1536w, https:\/\/www.salzburgerland.com\/de\/magazin\/wp-content\/uploads\/2024\/10\/Michael-Zandl_FOOD_07_c-Cosmin-Cirstea-826x550.jpg 826w, https:\/\/www.salzburgerland.com\/de\/magazin\/wp-content\/uploads\/2024\/10\/Michael-Zandl_FOOD_07_c-Cosmin-Cirstea-601x400.jpg 601w, https:\/\/www.salzburgerland.com\/de\/magazin\/wp-content\/uploads\/2024\/10\/Michael-Zandl_FOOD_07_c-Cosmin-Cirstea-1320x879.jpg 1320w, https:\/\/www.salzburgerland.com\/de\/magazin\/wp-content\/uploads\/2024\/10\/Michael-Zandl_FOOD_07_c-Cosmin-Cirstea-150x100.jpg 150w\" sizes=\"auto, (max-width: 1920px) 100vw, 1920px\" \/><figcaption class=\"wp-element-caption\">Michael Zandl_FOOD \u00a9 Cosmin Cirstea<\/figcaption><\/figure>\n\n\n\n<h2 class=\"wp-block-heading\">Das Winterfest als Green Event<\/h2>\n\n\n\n<p>Die Auswirkungen des Festivals auf die Umwelt sind dem Team ein wichtiges Anliegen. Seit 2017 werden die Zelte mit Unterst\u00fctzung des Landes Salzburg und der Salzburg AG im Einklang mit der Klima- und Energiestrategie SALZBURG 2050 \u00fcberwiegend mit Fernw\u00e4rme beheizt. Bereits bei der Planung werden zahlreiche Ma\u00dfnahmen integriert, um die Umwelt zu schonen, wie z. B. das Logistikmanagement, die Reisen der K\u00fcnstler*innen sowie der Transport der Ausr\u00fcstung.<\/p>\n\n\n\n<p>Details zum Programm sowie zum Kartenverkauf findest du unter <a href=\"http:\/\/www.winterfest.at\/\" target=\"_blank\" rel=\"noreferrer noopener\">www.winterfest.at<\/a>.<\/p>\n\n\n\n<p><\/p>\n","protected":false},"excerpt":{"rendered":"<p>F\u00fcr viele Menschen beginnt jetzt eine hektische Zeit, der Vorweihnachtstrubel h\u00e4lt viele gefangen. Und auch im Volksgartenareal hinter der Eisarena geht es hoch her, wenn Arbeiter die Zelte aufbauen und die Circuscompagnien aus aller Welt hier ihr Training beginnen. Und doch ist auch mitten im Aufbautrubel ein Zauber sp\u00fcrbar. Klar: Zirkusduft liegt in der Luft. [&hellip;]<\/p>\n","protected":false},"author":90,"featured_media":184730,"comment_status":"open","ping_status":"open","sticky":false,"template":"","format":"standard","meta":{"_acf_changed":false,"wl_entities_gutenberg":"","_wl_entity_redirect_enabled":"","footnotes":""},"categories":[6],"tags":[2057],"wl_entity_type":[306],"monatsauswahl":[82,92,93],"class_list":["post-103633","post","type-post","status-publish","format-standard","has-post-thumbnail","hentry","category-kunst-kultur","tag-winterfest","wl_entity_type-article","monatsauswahl-monat_1","monatsauswahl-monat_11","monatsauswahl-monat_12"],"acf":[],"yoast_head":"<!-- This site is optimized with the Yoast SEO Premium plugin v27.4 (Yoast SEO v27.4) - https:\/\/yoast.com\/product\/yoast-seo-premium-wordpress\/ -->\n<title>Winterfest im Salzburger Volksgarten - SalzburgerLand Magazin<\/title>\n<meta name=\"description\" content=\"Von 26. November 2025 bis 6. J\u00e4nner 2026 wird der Volksgarten in der Stadt Salzburg wie jedes Jahr um diese Zeit zu einem magischen Ort. Im eigens errichteten Zelt im Volksgarten sowie im TOIHAUS Theater sorgen 74 Vorstellungen an 36 Spieltagen f\u00fcr atemloses Staunen.\" \/>\n<meta name=\"robots\" content=\"index, follow, max-snippet:-1, max-image-preview:large, max-video-preview:-1\" \/>\n<link rel=\"canonical\" href=\"https:\/\/www.salzburgerland.com\/de\/magazin\/winterfest-salzburg\/\" \/>\n<meta property=\"og:locale\" content=\"de_DE\" \/>\n<meta property=\"og:type\" content=\"article\" \/>\n<meta property=\"og:title\" content=\"Winterfest im Salzburger Volksgarten\" \/>\n<meta property=\"og:description\" content=\"F\u00fcr viele Menschen beginnt jetzt eine hektische Zeit, der Vorweihnachtstrubel h\u00e4lt viele gefangen. Und auch im Volksgartenareal hinter der Eisarena geht es hoch her, wenn Arbeiter die Zelte aufbauen und die Circuscompagnien aus aller Welt hier ihr Training beginnen. Und doch ist auch mitten im Aufbautrubel ein Zauber sp\u00fcrbar. Klar: Zirkusduft liegt in der Luft. [&hellip;]\" \/>\n<meta property=\"og:url\" content=\"https:\/\/www.salzburgerland.com\/de\/magazin\/winterfest-salzburg\/\" \/>\n<meta property=\"og:site_name\" content=\"SalzburgerLand Magazin\" \/>\n<meta property=\"article:publisher\" content=\"https:\/\/www.facebook.com\/salzburgerland\/\" \/>\n<meta property=\"article:published_time\" content=\"2025-10-01T06:00:00+00:00\" \/>\n<meta property=\"article:modified_time\" content=\"2025-10-01T12:41:26+00:00\" \/>\n<meta property=\"og:image\" content=\"https:\/\/www.salzburgerland.com\/de\/magazin\/wp-content\/uploads\/2024\/10\/Cirque-Le-Roux-\u00a9-Thibault-Paruite-1.jpg\" \/>\n\t<meta property=\"og:image:width\" content=\"1920\" \/>\n\t<meta property=\"og:image:height\" content=\"1415\" \/>\n\t<meta property=\"og:image:type\" content=\"image\/jpeg\" \/>\n<meta name=\"author\" content=\"Ulli Hammerl\" \/>\n<meta name=\"twitter:card\" content=\"summary_large_image\" \/>\n<meta name=\"twitter:creator\" content=\"@Salzburgerland\" \/>\n<meta name=\"twitter:site\" content=\"@Salzburgerland\" \/>\n<meta name=\"twitter:label1\" content=\"Verfasst von\" \/>\n\t<meta name=\"twitter:data1\" content=\"Ulli Hammerl\" \/>\n\t<meta name=\"twitter:label2\" content=\"Gesch\u00e4tzte Lesezeit\" \/>\n\t<meta name=\"twitter:data2\" content=\"8\u00a0Minuten\" \/>\n<script type=\"application\/ld+json\" class=\"yoast-schema-graph\">{\"@context\":\"https:\\\/\\\/schema.org\",\"@graph\":[{\"@type\":\"Article\",\"@id\":\"https:\\\/\\\/www.salzburgerland.com\\\/de\\\/magazin\\\/winterfest-salzburg\\\/#article\",\"isPartOf\":{\"@id\":\"https:\\\/\\\/www.salzburgerland.com\\\/de\\\/magazin\\\/winterfest-salzburg\\\/\"},\"author\":{\"name\":\"Ulli Hammerl\",\"@id\":\"https:\\\/\\\/www.salzburgerland.com\\\/de\\\/magazin\\\/#\\\/schema\\\/person\\\/a55a4fee1009b9e458d298480a18a9f7\"},\"headline\":\"Winterfest im Salzburger Volksgarten\",\"datePublished\":\"2025-10-01T06:00:00+00:00\",\"dateModified\":\"2025-10-01T12:41:26+00:00\",\"mainEntityOfPage\":{\"@id\":\"https:\\\/\\\/www.salzburgerland.com\\\/de\\\/magazin\\\/winterfest-salzburg\\\/\"},\"wordCount\":1150,\"commentCount\":0,\"publisher\":{\"@id\":\"https:\\\/\\\/www.salzburgerland.com\\\/de\\\/magazin\\\/#organization\"},\"image\":{\"@id\":\"https:\\\/\\\/www.salzburgerland.com\\\/de\\\/magazin\\\/winterfest-salzburg\\\/#primaryimage\"},\"thumbnailUrl\":\"https:\\\/\\\/www.salzburgerland.com\\\/de\\\/magazin\\\/wp-content\\\/uploads\\\/2024\\\/10\\\/Cirque-Le-Roux-\u00a9-Thibault-Paruite-1.jpg\",\"keywords\":[\"Winterfest\"],\"articleSection\":[\"Kunst &amp; Kultur\"],\"inLanguage\":\"de\",\"potentialAction\":[{\"@type\":\"CommentAction\",\"name\":\"Comment\",\"target\":[\"https:\\\/\\\/www.salzburgerland.com\\\/de\\\/magazin\\\/winterfest-salzburg\\\/#respond\"]}]},{\"@type\":\"WebPage\",\"@id\":\"https:\\\/\\\/www.salzburgerland.com\\\/de\\\/magazin\\\/winterfest-salzburg\\\/\",\"url\":\"https:\\\/\\\/www.salzburgerland.com\\\/de\\\/magazin\\\/winterfest-salzburg\\\/\",\"name\":\"Winterfest im Salzburger Volksgarten - SalzburgerLand Magazin\",\"isPartOf\":{\"@id\":\"https:\\\/\\\/www.salzburgerland.com\\\/de\\\/magazin\\\/#website\"},\"primaryImageOfPage\":{\"@id\":\"https:\\\/\\\/www.salzburgerland.com\\\/de\\\/magazin\\\/winterfest-salzburg\\\/#primaryimage\"},\"image\":{\"@id\":\"https:\\\/\\\/www.salzburgerland.com\\\/de\\\/magazin\\\/winterfest-salzburg\\\/#primaryimage\"},\"thumbnailUrl\":\"https:\\\/\\\/www.salzburgerland.com\\\/de\\\/magazin\\\/wp-content\\\/uploads\\\/2024\\\/10\\\/Cirque-Le-Roux-\u00a9-Thibault-Paruite-1.jpg\",\"datePublished\":\"2025-10-01T06:00:00+00:00\",\"dateModified\":\"2025-10-01T12:41:26+00:00\",\"breadcrumb\":{\"@id\":\"https:\\\/\\\/www.salzburgerland.com\\\/de\\\/magazin\\\/winterfest-salzburg\\\/#breadcrumb\"},\"inLanguage\":\"de\",\"potentialAction\":[{\"@type\":\"ReadAction\",\"target\":[\"https:\\\/\\\/www.salzburgerland.com\\\/de\\\/magazin\\\/winterfest-salzburg\\\/\"]}]},{\"@type\":\"ImageObject\",\"inLanguage\":\"de\",\"@id\":\"https:\\\/\\\/www.salzburgerland.com\\\/de\\\/magazin\\\/winterfest-salzburg\\\/#primaryimage\",\"url\":\"https:\\\/\\\/www.salzburgerland.com\\\/de\\\/magazin\\\/wp-content\\\/uploads\\\/2024\\\/10\\\/Cirque-Le-Roux-\u00a9-Thibault-Paruite-1.jpg\",\"contentUrl\":\"https:\\\/\\\/www.salzburgerland.com\\\/de\\\/magazin\\\/wp-content\\\/uploads\\\/2024\\\/10\\\/Cirque-Le-Roux-\u00a9-Thibault-Paruite-1.jpg\",\"width\":1920,\"height\":1415,\"caption\":\"Eine Person in einem wei\u00dfen Kleid ist in der Luft vor einem strahlend blauen Himmel zu sehen, die zu schweben oder zu fliegen scheint.\"},{\"@type\":\"BreadcrumbList\",\"@id\":\"https:\\\/\\\/www.salzburgerland.com\\\/de\\\/magazin\\\/winterfest-salzburg\\\/#breadcrumb\",\"itemListElement\":[{\"@type\":\"ListItem\",\"position\":1,\"name\":\"Startseite\",\"item\":\"https:\\\/\\\/www.salzburgerland.com\\\/de\\\/magazin\\\/\"},{\"@type\":\"ListItem\",\"position\":2,\"name\":\"Kunst &amp; Kultur\",\"item\":\"https:\\\/\\\/www.salzburgerland.com\\\/de\\\/magazin\\\/thema\\\/kunst-kultur\\\/\"},{\"@type\":\"ListItem\",\"position\":3,\"name\":\"Winterfest im Salzburger Volksgarten\"}]},{\"@type\":\"WebSite\",\"@id\":\"https:\\\/\\\/www.salzburgerland.com\\\/de\\\/magazin\\\/#website\",\"url\":\"https:\\\/\\\/www.salzburgerland.com\\\/de\\\/magazin\\\/\",\"name\":\"SalzburgerLand Magazin\",\"description\":\"Geschichten und Interessantes aus dem SalzburgerLand\",\"publisher\":{\"@id\":\"https:\\\/\\\/www.salzburgerland.com\\\/de\\\/magazin\\\/#organization\"},\"potentialAction\":[{\"@type\":\"SearchAction\",\"target\":{\"@type\":\"EntryPoint\",\"urlTemplate\":\"https:\\\/\\\/www.salzburgerland.com\\\/de\\\/magazin\\\/?s={search_term_string}\"},\"query-input\":{\"@type\":\"PropertyValueSpecification\",\"valueRequired\":true,\"valueName\":\"search_term_string\"}}],\"inLanguage\":\"de\"},{\"@type\":\"Organization\",\"@id\":\"https:\\\/\\\/www.salzburgerland.com\\\/de\\\/magazin\\\/#organization\",\"name\":\"SalzburgerLand Tourismus\",\"url\":\"https:\\\/\\\/www.salzburgerland.com\\\/de\\\/magazin\\\/\",\"logo\":{\"@type\":\"ImageObject\",\"inLanguage\":\"de\",\"@id\":\"https:\\\/\\\/www.salzburgerland.com\\\/de\\\/magazin\\\/#\\\/schema\\\/logo\\\/image\\\/\",\"url\":\"https:\\\/\\\/www.salzburgerland.com\\\/de\\\/magazin\\\/wp-content\\\/uploads\\\/2019\\\/06\\\/salzburgerland-logo1.jpg\",\"contentUrl\":\"https:\\\/\\\/www.salzburgerland.com\\\/de\\\/magazin\\\/wp-content\\\/uploads\\\/2019\\\/06\\\/salzburgerland-logo1.jpg\",\"width\":2011,\"height\":866,\"caption\":\"SalzburgerLand Tourismus\"},\"image\":{\"@id\":\"https:\\\/\\\/www.salzburgerland.com\\\/de\\\/magazin\\\/#\\\/schema\\\/logo\\\/image\\\/\"},\"sameAs\":[\"https:\\\/\\\/www.facebook.com\\\/salzburgerland\\\/\",\"https:\\\/\\\/x.com\\\/Salzburgerland\",\"https:\\\/\\\/www.instagram.com\\\/salzburgerland\\\/\",\"https:\\\/\\\/at.linkedin.com\\\/company\\\/salzburgerland-tourismus-gmbh\",\"https:\\\/\\\/www.pinterest.at\\\/salzburgerland\\\/\",\"https:\\\/\\\/www.youtube.com\\\/user\\\/salzburgerland\",\"https:\\\/\\\/de.wikipedia.org\\\/wiki\\\/SalzburgerLand_Tourismus_GmbH\"]},{\"@type\":\"Person\",\"@id\":\"https:\\\/\\\/www.salzburgerland.com\\\/de\\\/magazin\\\/#\\\/schema\\\/person\\\/a55a4fee1009b9e458d298480a18a9f7\",\"name\":\"Ulli Hammerl\",\"description\":\"Geboren und aufgewachsen in der Stadt Salzburg war Ulli Hammerl fr\u00fch bewusst, in einer der sch\u00f6nsten St\u00e4dte der Welt zu leben. So ist sie auch w\u00e4hrend ihres Studiums der Kommunikationswissenschaft und \u00d6kologie ihrer Heimatstadt treu geblieben. Gleich nach dem Studium ist sie zu SalzburgerLand Tourismus (SLTG) gegangen und hat hier von 1998 - 2004 u.a. die SalzburgerLand Card betreut. Dabei ist sie viel herumgekommen, wodurch auch die Liebe zum SalzburgerLand enstanden und gewachsen ist. Nach der Geburt ihrer Tochter im September 2004 hat sich Ulli Hammerl 2007 mit einer Agentur selbst\u00e4ndig gemacht. Mein pers\u00f6nlicher Logenplatz: Hoch \u00fcber Salzburg, abseits der stark begangenen Wege mit Blick auf die D\u00e4cher und Kircht\u00fcrme der Stadt \u2013 hier geht mir das Herz auf! Morgen- oder Abendmensch: Ganz klar: Morgenmensch. Wenn um 5.00 Uhr fr\u00fch die V\u00f6gel zwitschern und rund herum noch alles in tiefer Ruhe versinkt, dann ist meine Zeit. Ausgeschlafen, Energie geladen und voller Tatendrang starte ich am liebsten in den fr\u00fchen Morgenstunden in den Tag. Daf\u00fcr kann man nach 21.00 Uhr nicht mehr mit mir rechnen. Buch oder Film: Es gibt nichts Sch\u00f6neres, als es sich am Ende des Tages auf der Couch gem\u00fctlich zu machen und in die Gedankenwelt eines guten Buches einzutauchen \u2013 Lesen ist Abenteuer im Kopf. Wandern, Spazierengehen oder Laufen: alles drei und zwar am besten jeden Tag. Mit ein bisschen Zeiteinteilung geht es sich tats\u00e4chlich fast gehen Tag aus, drau\u00dfen unterwegs zu sein. Fr\u00fchling, Sommer, Herbst oder Winter: Ich kann es im Fr\u00fchling kaum erwarten, die ersten Gr\u00fcnschattierungen in der Natur zu entdecken. Ich liebe hei\u00dfe Sommertage am See und laue Sommerabende am Balkon. Ich mag es, wenn im Herbst die W\u00e4lder in einem Meer aus Farben erstrahlen, Laubrascheln und Kastanien sammeln. Und ich freue mich wie ein Kind, wenn im Dezember die ersten Schneeflocken vom Himmel schweben. Die vier Jahreszeiten sind etwas Wunderbares.\",\"url\":\"https:\\\/\\\/www.salzburgerland.com\\\/de\\\/magazin\\\/author\\\/ulli-hammerl\\\/\"}]}<\/script>\n<!-- \/ Yoast SEO Premium plugin. -->","yoast_head_json":{"title":"Winterfest im Salzburger Volksgarten - SalzburgerLand Magazin","description":"Von 26. November 2025 bis 6. J\u00e4nner 2026 wird der Volksgarten in der Stadt Salzburg wie jedes Jahr um diese Zeit zu einem magischen Ort. Im eigens errichteten Zelt im Volksgarten sowie im TOIHAUS Theater sorgen 74 Vorstellungen an 36 Spieltagen f\u00fcr atemloses Staunen.","robots":{"index":"index","follow":"follow","max-snippet":"max-snippet:-1","max-image-preview":"max-image-preview:large","max-video-preview":"max-video-preview:-1"},"canonical":"https:\/\/www.salzburgerland.com\/de\/magazin\/winterfest-salzburg\/","og_locale":"de_DE","og_type":"article","og_title":"Winterfest im Salzburger Volksgarten","og_description":"F\u00fcr viele Menschen beginnt jetzt eine hektische Zeit, der Vorweihnachtstrubel h\u00e4lt viele gefangen. Und auch im Volksgartenareal hinter der Eisarena geht es hoch her, wenn Arbeiter die Zelte aufbauen und die Circuscompagnien aus aller Welt hier ihr Training beginnen. Und doch ist auch mitten im Aufbautrubel ein Zauber sp\u00fcrbar. Klar: Zirkusduft liegt in der Luft. [&hellip;]","og_url":"https:\/\/www.salzburgerland.com\/de\/magazin\/winterfest-salzburg\/","og_site_name":"SalzburgerLand Magazin","article_publisher":"https:\/\/www.facebook.com\/salzburgerland\/","article_published_time":"2025-10-01T06:00:00+00:00","article_modified_time":"2025-10-01T12:41:26+00:00","og_image":[{"width":1920,"height":1415,"url":"https:\/\/www.salzburgerland.com\/de\/magazin\/wp-content\/uploads\/2024\/10\/Cirque-Le-Roux-\u00a9-Thibault-Paruite-1.jpg","type":"image\/jpeg"}],"author":"Ulli Hammerl","twitter_card":"summary_large_image","twitter_creator":"@Salzburgerland","twitter_site":"@Salzburgerland","twitter_misc":{"Verfasst von":"Ulli Hammerl","Gesch\u00e4tzte Lesezeit":"8\u00a0Minuten"},"schema":{"@context":"https:\/\/schema.org","@graph":[{"@type":"Article","@id":"https:\/\/www.salzburgerland.com\/de\/magazin\/winterfest-salzburg\/#article","isPartOf":{"@id":"https:\/\/www.salzburgerland.com\/de\/magazin\/winterfest-salzburg\/"},"author":{"name":"Ulli Hammerl","@id":"https:\/\/www.salzburgerland.com\/de\/magazin\/#\/schema\/person\/a55a4fee1009b9e458d298480a18a9f7"},"headline":"Winterfest im Salzburger Volksgarten","datePublished":"2025-10-01T06:00:00+00:00","dateModified":"2025-10-01T12:41:26+00:00","mainEntityOfPage":{"@id":"https:\/\/www.salzburgerland.com\/de\/magazin\/winterfest-salzburg\/"},"wordCount":1150,"commentCount":0,"publisher":{"@id":"https:\/\/www.salzburgerland.com\/de\/magazin\/#organization"},"image":{"@id":"https:\/\/www.salzburgerland.com\/de\/magazin\/winterfest-salzburg\/#primaryimage"},"thumbnailUrl":"https:\/\/www.salzburgerland.com\/de\/magazin\/wp-content\/uploads\/2024\/10\/Cirque-Le-Roux-\u00a9-Thibault-Paruite-1.jpg","keywords":["Winterfest"],"articleSection":["Kunst &amp; Kultur"],"inLanguage":"de","potentialAction":[{"@type":"CommentAction","name":"Comment","target":["https:\/\/www.salzburgerland.com\/de\/magazin\/winterfest-salzburg\/#respond"]}]},{"@type":"WebPage","@id":"https:\/\/www.salzburgerland.com\/de\/magazin\/winterfest-salzburg\/","url":"https:\/\/www.salzburgerland.com\/de\/magazin\/winterfest-salzburg\/","name":"Winterfest im Salzburger Volksgarten - SalzburgerLand Magazin","isPartOf":{"@id":"https:\/\/www.salzburgerland.com\/de\/magazin\/#website"},"primaryImageOfPage":{"@id":"https:\/\/www.salzburgerland.com\/de\/magazin\/winterfest-salzburg\/#primaryimage"},"image":{"@id":"https:\/\/www.salzburgerland.com\/de\/magazin\/winterfest-salzburg\/#primaryimage"},"thumbnailUrl":"https:\/\/www.salzburgerland.com\/de\/magazin\/wp-content\/uploads\/2024\/10\/Cirque-Le-Roux-\u00a9-Thibault-Paruite-1.jpg","datePublished":"2025-10-01T06:00:00+00:00","dateModified":"2025-10-01T12:41:26+00:00","breadcrumb":{"@id":"https:\/\/www.salzburgerland.com\/de\/magazin\/winterfest-salzburg\/#breadcrumb"},"inLanguage":"de","potentialAction":[{"@type":"ReadAction","target":["https:\/\/www.salzburgerland.com\/de\/magazin\/winterfest-salzburg\/"]}]},{"@type":"ImageObject","inLanguage":"de","@id":"https:\/\/www.salzburgerland.com\/de\/magazin\/winterfest-salzburg\/#primaryimage","url":"https:\/\/www.salzburgerland.com\/de\/magazin\/wp-content\/uploads\/2024\/10\/Cirque-Le-Roux-\u00a9-Thibault-Paruite-1.jpg","contentUrl":"https:\/\/www.salzburgerland.com\/de\/magazin\/wp-content\/uploads\/2024\/10\/Cirque-Le-Roux-\u00a9-Thibault-Paruite-1.jpg","width":1920,"height":1415,"caption":"Eine Person in einem wei\u00dfen Kleid ist in der Luft vor einem strahlend blauen Himmel zu sehen, die zu schweben oder zu fliegen scheint."},{"@type":"BreadcrumbList","@id":"https:\/\/www.salzburgerland.com\/de\/magazin\/winterfest-salzburg\/#breadcrumb","itemListElement":[{"@type":"ListItem","position":1,"name":"Startseite","item":"https:\/\/www.salzburgerland.com\/de\/magazin\/"},{"@type":"ListItem","position":2,"name":"Kunst &amp; Kultur","item":"https:\/\/www.salzburgerland.com\/de\/magazin\/thema\/kunst-kultur\/"},{"@type":"ListItem","position":3,"name":"Winterfest im Salzburger Volksgarten"}]},{"@type":"WebSite","@id":"https:\/\/www.salzburgerland.com\/de\/magazin\/#website","url":"https:\/\/www.salzburgerland.com\/de\/magazin\/","name":"SalzburgerLand Magazin","description":"Geschichten und Interessantes aus dem SalzburgerLand","publisher":{"@id":"https:\/\/www.salzburgerland.com\/de\/magazin\/#organization"},"potentialAction":[{"@type":"SearchAction","target":{"@type":"EntryPoint","urlTemplate":"https:\/\/www.salzburgerland.com\/de\/magazin\/?s={search_term_string}"},"query-input":{"@type":"PropertyValueSpecification","valueRequired":true,"valueName":"search_term_string"}}],"inLanguage":"de"},{"@type":"Organization","@id":"https:\/\/www.salzburgerland.com\/de\/magazin\/#organization","name":"SalzburgerLand Tourismus","url":"https:\/\/www.salzburgerland.com\/de\/magazin\/","logo":{"@type":"ImageObject","inLanguage":"de","@id":"https:\/\/www.salzburgerland.com\/de\/magazin\/#\/schema\/logo\/image\/","url":"https:\/\/www.salzburgerland.com\/de\/magazin\/wp-content\/uploads\/2019\/06\/salzburgerland-logo1.jpg","contentUrl":"https:\/\/www.salzburgerland.com\/de\/magazin\/wp-content\/uploads\/2019\/06\/salzburgerland-logo1.jpg","width":2011,"height":866,"caption":"SalzburgerLand Tourismus"},"image":{"@id":"https:\/\/www.salzburgerland.com\/de\/magazin\/#\/schema\/logo\/image\/"},"sameAs":["https:\/\/www.facebook.com\/salzburgerland\/","https:\/\/x.com\/Salzburgerland","https:\/\/www.instagram.com\/salzburgerland\/","https:\/\/at.linkedin.com\/company\/salzburgerland-tourismus-gmbh","https:\/\/www.pinterest.at\/salzburgerland\/","https:\/\/www.youtube.com\/user\/salzburgerland","https:\/\/de.wikipedia.org\/wiki\/SalzburgerLand_Tourismus_GmbH"]},{"@type":"Person","@id":"https:\/\/www.salzburgerland.com\/de\/magazin\/#\/schema\/person\/a55a4fee1009b9e458d298480a18a9f7","name":"Ulli Hammerl","description":"Geboren und aufgewachsen in der Stadt Salzburg war Ulli Hammerl fr\u00fch bewusst, in einer der sch\u00f6nsten St\u00e4dte der Welt zu leben. So ist sie auch w\u00e4hrend ihres Studiums der Kommunikationswissenschaft und \u00d6kologie ihrer Heimatstadt treu geblieben. Gleich nach dem Studium ist sie zu SalzburgerLand Tourismus (SLTG) gegangen und hat hier von 1998 - 2004 u.a. die SalzburgerLand Card betreut. Dabei ist sie viel herumgekommen, wodurch auch die Liebe zum SalzburgerLand enstanden und gewachsen ist. Nach der Geburt ihrer Tochter im September 2004 hat sich Ulli Hammerl 2007 mit einer Agentur selbst\u00e4ndig gemacht. Mein pers\u00f6nlicher Logenplatz: Hoch \u00fcber Salzburg, abseits der stark begangenen Wege mit Blick auf die D\u00e4cher und Kircht\u00fcrme der Stadt \u2013 hier geht mir das Herz auf! Morgen- oder Abendmensch: Ganz klar: Morgenmensch. Wenn um 5.00 Uhr fr\u00fch die V\u00f6gel zwitschern und rund herum noch alles in tiefer Ruhe versinkt, dann ist meine Zeit. Ausgeschlafen, Energie geladen und voller Tatendrang starte ich am liebsten in den fr\u00fchen Morgenstunden in den Tag. Daf\u00fcr kann man nach 21.00 Uhr nicht mehr mit mir rechnen. Buch oder Film: Es gibt nichts Sch\u00f6neres, als es sich am Ende des Tages auf der Couch gem\u00fctlich zu machen und in die Gedankenwelt eines guten Buches einzutauchen \u2013 Lesen ist Abenteuer im Kopf. Wandern, Spazierengehen oder Laufen: alles drei und zwar am besten jeden Tag. Mit ein bisschen Zeiteinteilung geht es sich tats\u00e4chlich fast gehen Tag aus, drau\u00dfen unterwegs zu sein. Fr\u00fchling, Sommer, Herbst oder Winter: Ich kann es im Fr\u00fchling kaum erwarten, die ersten Gr\u00fcnschattierungen in der Natur zu entdecken. Ich liebe hei\u00dfe Sommertage am See und laue Sommerabende am Balkon. Ich mag es, wenn im Herbst die W\u00e4lder in einem Meer aus Farben erstrahlen, Laubrascheln und Kastanien sammeln. Und ich freue mich wie ein Kind, wenn im Dezember die ersten Schneeflocken vom Himmel schweben. Die vier Jahreszeiten sind etwas Wunderbares.","url":"https:\/\/www.salzburgerland.com\/de\/magazin\/author\/ulli-hammerl\/"}]}},"_wl_alt_label":[],"wl:entity_url":"http:\/\/open.salzburgerland.com\/magazin\/post\/winterfest_im_salzburger_volksgarten","_links":{"self":[{"href":"https:\/\/www.salzburgerland.com\/de\/magazin\/wp-json\/wp\/v2\/posts\/103633","targetHints":{"allow":["GET"]}}],"collection":[{"href":"https:\/\/www.salzburgerland.com\/de\/magazin\/wp-json\/wp\/v2\/posts"}],"about":[{"href":"https:\/\/www.salzburgerland.com\/de\/magazin\/wp-json\/wp\/v2\/types\/post"}],"author":[{"embeddable":true,"href":"https:\/\/www.salzburgerland.com\/de\/magazin\/wp-json\/wp\/v2\/users\/90"}],"replies":[{"embeddable":true,"href":"https:\/\/www.salzburgerland.com\/de\/magazin\/wp-json\/wp\/v2\/comments?post=103633"}],"version-history":[{"count":12,"href":"https:\/\/www.salzburgerland.com\/de\/magazin\/wp-json\/wp\/v2\/posts\/103633\/revisions"}],"predecessor-version":[{"id":184737,"href":"https:\/\/www.salzburgerland.com\/de\/magazin\/wp-json\/wp\/v2\/posts\/103633\/revisions\/184737"}],"wp:featuredmedia":[{"embeddable":true,"href":"https:\/\/www.salzburgerland.com\/de\/magazin\/wp-json\/wp\/v2\/media\/184730"}],"wp:attachment":[{"href":"https:\/\/www.salzburgerland.com\/de\/magazin\/wp-json\/wp\/v2\/media?parent=103633"}],"wp:term":[{"taxonomy":"category","embeddable":true,"href":"https:\/\/www.salzburgerland.com\/de\/magazin\/wp-json\/wp\/v2\/categories?post=103633"},{"taxonomy":"post_tag","embeddable":true,"href":"https:\/\/www.salzburgerland.com\/de\/magazin\/wp-json\/wp\/v2\/tags?post=103633"},{"taxonomy":"wl_entity_type","embeddable":true,"href":"https:\/\/www.salzburgerland.com\/de\/magazin\/wp-json\/wp\/v2\/wl_entity_type?post=103633"},{"taxonomy":"monatsauswahl","embeddable":true,"href":"https:\/\/www.salzburgerland.com\/de\/magazin\/wp-json\/wp\/v2\/monatsauswahl?post=103633"}],"curies":[{"name":"wp","href":"https:\/\/api.w.org\/{rel}","templated":true}]}}