{"id":103407,"date":"2016-05-17T08:00:11","date_gmt":"2016-05-17T06:00:11","guid":{"rendered":"http:\/\/magazin.salzburgerland.com\/?p=103407"},"modified":"2020-04-16T08:51:23","modified_gmt":"2020-04-16T06:51:23","slug":"spuren-der-zeit-die-erzwege-ramingstein","status":"publish","type":"post","link":"https:\/\/www.salzburgerland.com\/de\/magazin\/spuren-der-zeit-die-erzwege-ramingstein\/","title":{"rendered":"Die Erzwege Ramingstein"},"content":{"rendered":"\n<h2 class=\"wp-block-slt-subtitle\">Spuren der Zeit<\/h2>\n\n\n\n<p class=\"wp-block-slt-intro\">Haben Sie Lust, einmal auf den Spuren des Bergbaus durch die herrliche Landschaft des <a rel=\"noreferrer noopener\" href=\"https:\/\/www.lungau.at\/\" target=\"_blank\">Lungaus<\/a> zu wandern und dabei noch allerlei Interessantes zu entdecken und zu erfahren? Dann sind die Erzwege &#8218;Altenberg&#8216;, &#8218;D\u00fcrnrain&#8216; und &#8218;Kendlbruck&#8216;, in der malerischen Gemeinde Ramingstein genau das Richtige f\u00fcr Sie.\u00a0<\/p>\n\n\n\n<p>Noch vor wenigen hundert Jahren war in der Gemeinde Ramingstein ganz leise das Ger\u00e4usch von Spitzhacken und Schaufeln aus dem Gebirge zu vernehmen. Die Ortschaft, die im Jahr 1139 erstmals urkundlich erw\u00e4hnt wurde, war vom 15. \u2013 Ende des 18. Jahrhunderts f\u00fcr seinen Bergbau bekannt. Im Schatten der <a href=\"https:\/\/www.salzburgerland.com\/de\/magazin\/hotel-reise\/von-der-alten-grenzburg-zur-modernen-jugendherberge\/\">Burg Finstergr\u00fcn<\/a>, im S\u00fcdosten des Salzburger Landes im Lungau, wurden wertvolle Erze wie Marmor, Blei und Silber von den \u201eKumpels\u201c zu Tage getragen.&nbsp;Im Laufe der Zeit verwilderten die Transportwege, die die Erze ins Tal hinab f\u00fchrten. &nbsp;Diese Wege, \u201eAltenberg\u201c, \u201eD\u00fcrnrain\u201c und \u201eKendlbruck, verloren ihre Bedeutung f\u00fcr die Region und gerieten in Vergessenheit. In den letzten Jahren wurden nun diese Wege wieder begehbar gemacht und mit \u00fcber 40 Schautafeln versehen, die das Leben der Knappen und deren Arbeitsweise ausf\u00fchrlich beschreiben.<\/p>\n\n\n\n<figure class=\"wp-block-image alignnone\"><a href=\"https:\/\/www.salzburgerland.com\/de\/magazin\/wp-content\/uploads\/2015\/11\/flossofen_neu.jpg\"><img decoding=\"async\" src=\"https:\/\/www.salzburgerland.com\/de\/magazin\/wp-content\/uploads\/2015\/11\/flossofen_neu-650x435.jpg\" alt=\"Auf den Wegen kommt man immer wieder an Spuren aus der Vergangenheit vorbei\" class=\"wp-image-103412\"\/><\/a><figcaption>Auf den Wegen kommt man immer wieder an Spuren aus der Vergangenheit vorbei<\/figcaption><\/figure>\n\n\n\n<h2 class=\"wp-block-heading\">Auf historischen Spuren<\/h2>\n\n\n\n<p>Nachdem die Minen im Lungau geschlossen wurden, verloren die Erzwege ihre Bedeutung und wurden vergessen. Seit kurzer Zeit jedoch erkannte man den historischen Wert dieser Wege und legt sie neu an, um wanderlustigen Besuchern die M\u00f6glichkeit zu bieten, die Erzwege selbst erkunden zu k\u00f6nnen. <\/p>\n\n\n\n<h3 class=\"wp-block-heading\">Erzweg Altenberg<\/h3>\n\n\n\n<p>Der Weg \u201eAltenberg\u201c beginnt direkt in\u00a0Ramingstein, von wo Sie die dreist\u00fcndige Wanderung\u00a0entlang der atemberaubenden Felsenpromenade f\u00fchrt. \u00dcber den \u201eKirchensteig\u201c erreichen Sie am Ende Ihrer Reise den stillgelegten Marmorsteinbruch, wo nun ein wundersch\u00f6nes\u00a0Biotop angelegt wurde. Ruhen Sie hier Ihre Beine aus und nehmen Sie an der kreativen Bet\u00e4tigung mit Hammer und Mei\u00dfel teil. Danach f\u00fchrt Sie der Weg \u00fcber den Steinbruch bis hin zum Bergbaurevier Altenberg, vorbei am alten Silberbergwerk und zur\u00fcck zum Ausgangspunkt Ihrer Reise.<\/p>\n\n\n\n<h3 class=\"wp-block-heading\">Erzweg D\u00fcrnrain<\/h3>\n\n\n\n<p> Der zweite Erzweg, &#8218;D\u00fcrnrain&#8216;, steht ganz im Sinne der sozialen Aspekte des Bergmannslebens. Auch hier beginnen Sie in\u00a0Ramingstein und folgen dem Weg vorbei an der beeindruckenden Festung aus Stein, Burg Finstergr\u00fcn, \u00fcber die Burgpromenade zu Stollen und Halden des Abbaureviers. Dieser Erzweg erm\u00f6glicht Ihnen eine Reise durch die Zeit, w\u00e4hrend der Sie Spuren der alten Abbauarbeiten vorfinden werden.<\/p>\n\n\n\n<h3 class=\"wp-block-heading\">Erzweg Kendlbruck<\/h3>\n\n\n\n<p>&#8218;Kendlbruck&#8216; ist der letzte der drei Erzwege und beginnt am Erlebnisspielplatz Kendlbruck. Dort befindet sich der imposante Nachbau des alten Pochwerkes, wo Gesteine zermahlen wurden. Der Weg schl\u00e4ngelt sich hinab in den M\u00fchlbachgraben, von wo aus man an der historischen Schmelzh\u00fcttenanlage &#8218;Hochofen Kendlbruck&#8216; vorbeikommt.&nbsp; Auf dieser Route verweilen Sie eine Stunde, wodurch sich dieser Weg hervorragend f\u00fcr die ganze Familie eignet.&nbsp;<\/p>\n\n\n\n<figure class=\"wp-block-image alignnone\"><a href=\"https:\/\/www.salzburgerland.com\/de\/magazin\/wp-content\/uploads\/2015\/11\/BW06.jpg\"><img decoding=\"async\" src=\"https:\/\/www.salzburgerland.com\/de\/magazin\/wp-content\/uploads\/2015\/11\/BW06-650x435.jpg\" alt=\"Ein unheimlicher Gedanke, sich mitten im Berg zu befinden\" class=\"wp-image-103414\"\/><\/a><figcaption>Ein unheimlicher Gedanke, sich mitten im Berg zu befinden &#8211; trotzdem ist ein einfach toll!<\/figcaption><\/figure>\n\n\n\n<h2 class=\"wp-block-heading\">Silberbergwerk Ramingstein<\/h2>\n\n\n\n<p>Gl\u00fcck auf \u2013 hei\u00dft es dann, wenn Sie sich in das Herz des Berges, das <a rel=\"noreferrer noopener\" href=\"http:\/\/www.silberbergwerk.net\" target=\"_blank\">Silberbergwerk Ramingstein<\/a> wagen und das Schaubergwerk besuchen. Tauchen Sie ein in das Abenteuer und erfahren Sie mehr \u00fcber die Geschichte des Lungaus und der Menschen, die hier lebten. Die F\u00fchrungsstrecke f\u00fchrt durch das \u201eAltenbergrevier\u201c und erm\u00f6glicht Ihnen einen spektakul\u00e4ren Einblick in das Leben der Bergleute vor 200 Jahren. Die schmalen Stollen \u00f6ffnen Ihnen hier ein Fenster durch die Zeit. Sie m\u00fcssen nur noch durchblicken&#8230;<\/p>\n","protected":false},"excerpt":{"rendered":"<p>Noch vor wenigen hundert Jahren war in der Gemeinde Ramingstein ganz leise das Ger\u00e4usch von Spitzhacken und Schaufeln aus dem Gebirge zu vernehmen. Die Ortschaft, die im Jahr 1139 erstmals urkundlich erw\u00e4hnt wurde, war vom 15. \u2013 Ende des 18. Jahrhunderts f\u00fcr seinen Bergbau bekannt. Im Schatten der Burg Finstergr\u00fcn, im S\u00fcdosten des Salzburger Landes [&hellip;]<\/p>\n","protected":false},"author":505,"featured_media":103413,"comment_status":"open","ping_status":"open","sticky":false,"template":"","format":"standard","meta":{"_acf_changed":false,"wl_entities_gutenberg":"","_wl_entity_redirect_enabled":"","footnotes":""},"categories":[9],"tags":[],"wl_entity_type":[306],"monatsauswahl":[82,83,84,85,86,87,88,89,90,91,92,93],"class_list":["post-103407","post","type-post","status-publish","format-standard","has-post-thumbnail","hentry","category-sehenswurdig","wl_entity_type-article","monatsauswahl-monat_1","monatsauswahl-monat_2","monatsauswahl-monat_3","monatsauswahl-monat_4","monatsauswahl-monat_5","monatsauswahl-monat_6","monatsauswahl-monat_7","monatsauswahl-monat_8","monatsauswahl-monat_9","monatsauswahl-monat_10","monatsauswahl-monat_11","monatsauswahl-monat_12"],"acf":[],"yoast_head":"<!-- This site is optimized with the Yoast SEO Premium plugin v27.4 (Yoast SEO v27.4) - https:\/\/yoast.com\/product\/yoast-seo-premium-wordpress\/ -->\n<title>Die Erzwege Ramingstein - SalzburgerLand Magazin<\/title>\n<meta name=\"description\" content=\"Haben Sie Lust, einmal auf den Spuren des Bergbaus durch die herrliche Landschaft des Lungaus zu wandern und dabei noch allerlei Interessantes zu entdecken und zu erfahren? Dann sind die Erzwege &#039;Altenberg&#039;, &#039;D\u00fcrnrain&#039; und &#039;Kendlbruck&#039;, in der malerischen Gemeinde Ramingstein genau das Richtige f\u00fcr Sie.\u00a0\" \/>\n<meta name=\"robots\" content=\"index, follow, max-snippet:-1, max-image-preview:large, max-video-preview:-1\" \/>\n<link rel=\"canonical\" href=\"https:\/\/www.salzburgerland.com\/de\/magazin\/spuren-der-zeit-die-erzwege-ramingstein\/\" \/>\n<meta property=\"og:locale\" content=\"de_DE\" \/>\n<meta property=\"og:type\" content=\"article\" \/>\n<meta property=\"og:title\" content=\"Die Erzwege Ramingstein\" \/>\n<meta property=\"og:description\" content=\"Noch vor wenigen hundert Jahren war in der Gemeinde Ramingstein ganz leise das Ger\u00e4usch von Spitzhacken und Schaufeln aus dem Gebirge zu vernehmen. Die Ortschaft, die im Jahr 1139 erstmals urkundlich erw\u00e4hnt wurde, war vom 15. \u2013 Ende des 18. Jahrhunderts f\u00fcr seinen Bergbau bekannt. Im Schatten der Burg Finstergr\u00fcn, im S\u00fcdosten des Salzburger Landes [&hellip;]\" \/>\n<meta property=\"og:url\" content=\"https:\/\/www.salzburgerland.com\/de\/magazin\/spuren-der-zeit-die-erzwege-ramingstein\/\" \/>\n<meta property=\"og:site_name\" content=\"SalzburgerLand Magazin\" \/>\n<meta property=\"article:publisher\" content=\"https:\/\/www.facebook.com\/salzburgerland\/\" \/>\n<meta property=\"article:published_time\" content=\"2016-05-17T06:00:11+00:00\" \/>\n<meta property=\"article:modified_time\" content=\"2020-04-16T06:51:23+00:00\" \/>\n<meta property=\"og:image\" content=\"https:\/\/www.salzburgerland.com\/de\/magazin\/wp-content\/uploads\/2015\/11\/BW05.jpg\" \/>\n\t<meta property=\"og:image:width\" content=\"1600\" \/>\n\t<meta property=\"og:image:height\" content=\"1063\" \/>\n\t<meta property=\"og:image:type\" content=\"image\/jpeg\" \/>\n<meta name=\"author\" content=\"Peter Zeitlhofer\" \/>\n<meta name=\"twitter:card\" content=\"summary_large_image\" \/>\n<meta name=\"twitter:creator\" content=\"@Salzburgerland\" \/>\n<meta name=\"twitter:site\" content=\"@Salzburgerland\" \/>\n<meta name=\"twitter:label1\" content=\"Verfasst von\" \/>\n\t<meta name=\"twitter:data1\" content=\"Peter Zeitlhofer\" \/>\n\t<meta name=\"twitter:label2\" content=\"Gesch\u00e4tzte Lesezeit\" \/>\n\t<meta name=\"twitter:data2\" content=\"3\u00a0Minuten\" \/>\n<script type=\"application\/ld+json\" class=\"yoast-schema-graph\">{\"@context\":\"https:\\\/\\\/schema.org\",\"@graph\":[{\"@type\":\"Article\",\"@id\":\"https:\\\/\\\/www.salzburgerland.com\\\/de\\\/magazin\\\/spuren-der-zeit-die-erzwege-ramingstein\\\/#article\",\"isPartOf\":{\"@id\":\"https:\\\/\\\/www.salzburgerland.com\\\/de\\\/magazin\\\/spuren-der-zeit-die-erzwege-ramingstein\\\/\"},\"author\":{\"name\":\"Peter Zeitlhofer\",\"@id\":\"https:\\\/\\\/www.salzburgerland.com\\\/de\\\/magazin\\\/#\\\/schema\\\/person\\\/ebd2c9f244aeea71e30f3b5d5e309de4\"},\"headline\":\"Die Erzwege Ramingstein\",\"datePublished\":\"2016-05-17T06:00:11+00:00\",\"dateModified\":\"2020-04-16T06:51:23+00:00\",\"mainEntityOfPage\":{\"@id\":\"https:\\\/\\\/www.salzburgerland.com\\\/de\\\/magazin\\\/spuren-der-zeit-die-erzwege-ramingstein\\\/\"},\"wordCount\":572,\"commentCount\":0,\"publisher\":{\"@id\":\"https:\\\/\\\/www.salzburgerland.com\\\/de\\\/magazin\\\/#organization\"},\"image\":{\"@id\":\"https:\\\/\\\/www.salzburgerland.com\\\/de\\\/magazin\\\/spuren-der-zeit-die-erzwege-ramingstein\\\/#primaryimage\"},\"thumbnailUrl\":\"https:\\\/\\\/www.salzburgerland.com\\\/de\\\/magazin\\\/wp-content\\\/uploads\\\/2015\\\/11\\\/BW05.jpg\",\"articleSection\":[\"Sehensw\u00fcrdig\"],\"inLanguage\":\"de\",\"potentialAction\":[{\"@type\":\"CommentAction\",\"name\":\"Comment\",\"target\":[\"https:\\\/\\\/www.salzburgerland.com\\\/de\\\/magazin\\\/spuren-der-zeit-die-erzwege-ramingstein\\\/#respond\"]}]},{\"@type\":\"WebPage\",\"@id\":\"https:\\\/\\\/www.salzburgerland.com\\\/de\\\/magazin\\\/spuren-der-zeit-die-erzwege-ramingstein\\\/\",\"url\":\"https:\\\/\\\/www.salzburgerland.com\\\/de\\\/magazin\\\/spuren-der-zeit-die-erzwege-ramingstein\\\/\",\"name\":\"Die Erzwege Ramingstein - SalzburgerLand Magazin\",\"isPartOf\":{\"@id\":\"https:\\\/\\\/www.salzburgerland.com\\\/de\\\/magazin\\\/#website\"},\"primaryImageOfPage\":{\"@id\":\"https:\\\/\\\/www.salzburgerland.com\\\/de\\\/magazin\\\/spuren-der-zeit-die-erzwege-ramingstein\\\/#primaryimage\"},\"image\":{\"@id\":\"https:\\\/\\\/www.salzburgerland.com\\\/de\\\/magazin\\\/spuren-der-zeit-die-erzwege-ramingstein\\\/#primaryimage\"},\"thumbnailUrl\":\"https:\\\/\\\/www.salzburgerland.com\\\/de\\\/magazin\\\/wp-content\\\/uploads\\\/2015\\\/11\\\/BW05.jpg\",\"datePublished\":\"2016-05-17T06:00:11+00:00\",\"dateModified\":\"2020-04-16T06:51:23+00:00\",\"breadcrumb\":{\"@id\":\"https:\\\/\\\/www.salzburgerland.com\\\/de\\\/magazin\\\/spuren-der-zeit-die-erzwege-ramingstein\\\/#breadcrumb\"},\"inLanguage\":\"de\",\"potentialAction\":[{\"@type\":\"ReadAction\",\"target\":[\"https:\\\/\\\/www.salzburgerland.com\\\/de\\\/magazin\\\/spuren-der-zeit-die-erzwege-ramingstein\\\/\"]}]},{\"@type\":\"ImageObject\",\"inLanguage\":\"de\",\"@id\":\"https:\\\/\\\/www.salzburgerland.com\\\/de\\\/magazin\\\/spuren-der-zeit-die-erzwege-ramingstein\\\/#primaryimage\",\"url\":\"https:\\\/\\\/www.salzburgerland.com\\\/de\\\/magazin\\\/wp-content\\\/uploads\\\/2015\\\/11\\\/BW05.jpg\",\"contentUrl\":\"https:\\\/\\\/www.salzburgerland.com\\\/de\\\/magazin\\\/wp-content\\\/uploads\\\/2015\\\/11\\\/BW05.jpg\",\"width\":1600,\"height\":1063,\"caption\":\"Ein Kind mit gelbem Helm und Regenmantel zeigt auf H\u00f6hlenstalaktiten, w\u00e4hrend es auf Felsen hockt.\"},{\"@type\":\"BreadcrumbList\",\"@id\":\"https:\\\/\\\/www.salzburgerland.com\\\/de\\\/magazin\\\/spuren-der-zeit-die-erzwege-ramingstein\\\/#breadcrumb\",\"itemListElement\":[{\"@type\":\"ListItem\",\"position\":1,\"name\":\"Startseite\",\"item\":\"https:\\\/\\\/www.salzburgerland.com\\\/de\\\/magazin\\\/\"},{\"@type\":\"ListItem\",\"position\":2,\"name\":\"Sehensw\u00fcrdig\",\"item\":\"https:\\\/\\\/www.salzburgerland.com\\\/de\\\/magazin\\\/thema\\\/sehenswurdig\\\/\"},{\"@type\":\"ListItem\",\"position\":3,\"name\":\"Die Erzwege Ramingstein\"}]},{\"@type\":\"WebSite\",\"@id\":\"https:\\\/\\\/www.salzburgerland.com\\\/de\\\/magazin\\\/#website\",\"url\":\"https:\\\/\\\/www.salzburgerland.com\\\/de\\\/magazin\\\/\",\"name\":\"SalzburgerLand Magazin\",\"description\":\"Geschichten und Interessantes aus dem SalzburgerLand\",\"publisher\":{\"@id\":\"https:\\\/\\\/www.salzburgerland.com\\\/de\\\/magazin\\\/#organization\"},\"potentialAction\":[{\"@type\":\"SearchAction\",\"target\":{\"@type\":\"EntryPoint\",\"urlTemplate\":\"https:\\\/\\\/www.salzburgerland.com\\\/de\\\/magazin\\\/?s={search_term_string}\"},\"query-input\":{\"@type\":\"PropertyValueSpecification\",\"valueRequired\":true,\"valueName\":\"search_term_string\"}}],\"inLanguage\":\"de\"},{\"@type\":\"Organization\",\"@id\":\"https:\\\/\\\/www.salzburgerland.com\\\/de\\\/magazin\\\/#organization\",\"name\":\"SalzburgerLand Tourismus\",\"url\":\"https:\\\/\\\/www.salzburgerland.com\\\/de\\\/magazin\\\/\",\"logo\":{\"@type\":\"ImageObject\",\"inLanguage\":\"de\",\"@id\":\"https:\\\/\\\/www.salzburgerland.com\\\/de\\\/magazin\\\/#\\\/schema\\\/logo\\\/image\\\/\",\"url\":\"https:\\\/\\\/www.salzburgerland.com\\\/de\\\/magazin\\\/wp-content\\\/uploads\\\/2019\\\/06\\\/salzburgerland-logo1.jpg\",\"contentUrl\":\"https:\\\/\\\/www.salzburgerland.com\\\/de\\\/magazin\\\/wp-content\\\/uploads\\\/2019\\\/06\\\/salzburgerland-logo1.jpg\",\"width\":2011,\"height\":866,\"caption\":\"SalzburgerLand Tourismus\"},\"image\":{\"@id\":\"https:\\\/\\\/www.salzburgerland.com\\\/de\\\/magazin\\\/#\\\/schema\\\/logo\\\/image\\\/\"},\"sameAs\":[\"https:\\\/\\\/www.facebook.com\\\/salzburgerland\\\/\",\"https:\\\/\\\/x.com\\\/Salzburgerland\",\"https:\\\/\\\/www.instagram.com\\\/salzburgerland\\\/\",\"https:\\\/\\\/at.linkedin.com\\\/company\\\/salzburgerland-tourismus-gmbh\",\"https:\\\/\\\/www.pinterest.at\\\/salzburgerland\\\/\",\"https:\\\/\\\/www.youtube.com\\\/user\\\/salzburgerland\",\"https:\\\/\\\/de.wikipedia.org\\\/wiki\\\/SalzburgerLand_Tourismus_GmbH\"]},{\"@type\":\"Person\",\"@id\":\"https:\\\/\\\/www.salzburgerland.com\\\/de\\\/magazin\\\/#\\\/schema\\\/person\\\/ebd2c9f244aeea71e30f3b5d5e309de4\",\"name\":\"Peter Zeitlhofer\",\"description\":\"'Von Neugier getrieben' - diese Worte kommen Peter Zeitlhofer wohl schon ziemlich nahe. Egal ob am Segelboot, im Tiefschnee, unterwegs in Stadt und Land, oder auf einer seinen vielen Reisen - er ist immer auf der Suche nach Neuem, nach dem Besonderen, probiert so ziemlich alles aus und liebt es, dar\u00fcber zu reden und zu berichten. Womit man auch schon fast bei seiner zweiten Leidenschaft w\u00e4re - dem Schreiben. Immer und \u00fcberall ausgestattet\u00a0mit seinem Notebook, hat der Salzburger, mit Wurzeln am Attersee, sein Office\u00a0im wahrsten Sinne des Wortes unterm Arm und k\u00f6nnte sich nichts besseres vorstellen, als die Geschichten dort zu erz\u00e4hlen, wo sie passieren. Fr\u00fchling, Sommer, Herbst oder Winter? Als Mensch der Extreme, mag ich auch bei den Jahreszeiten den Sommer und den Winter am liebsten. Obwohl nat\u00fcrlich auch der Fr\u00fchling seine Reize hat. Aber der Herbst? Rindsroulade vom Pinzgauer Biorind oder Saibling fangfrisch aus dem Fuschlsee? Immer diese Entscheidungen! Kann ich auch beides haben? Mundharmonika oder Stradivari? Weder noch - als Gitarrist k\u00f6nnte ich mit beiden Instrumenten nichts anfangen. Lederhose oder Smoking? Eindeutig Lederhose, die bei mir mittlerweile sogar den Einzug in den sommerlichen Alltag gefunden hat. Und der LederhosnDonnerstag ist \u00a0ohnehin Pflicht. Alpinski, Offpist oder Skitour? Hauptsache rauf auf den Berg! Was dann tats\u00e4chlich auf dem Programm steht ist zweitrangig. Nur so viel: wenn der Schnee passt, dann h\u00e4lt mich nichts oder niemand auf der Piste. Bergtour oder Seentour? F\u00fcr mich gibt es im Sommer nichts Sch\u00f6neres, als mit dem Segelboot auf unseren herrlichen Seen unterwegs zu sein. Also wenn ich die Wahl habe, dann nehme ich im Sommer die Berge h\u00f6chstens als Kulisse. Haubenlokal oder Ab-Hof-Laden? Auch hier nehme ich von beidem ein bisschen. Aber bei der Oma schmeckt's dann doch am besten.\",\"url\":\"https:\\\/\\\/www.salzburgerland.com\\\/de\\\/magazin\\\/author\\\/peter-zeitlhofer\\\/\"}]}<\/script>\n<!-- \/ Yoast SEO Premium plugin. -->","yoast_head_json":{"title":"Die Erzwege Ramingstein - SalzburgerLand Magazin","description":"Haben Sie Lust, einmal auf den Spuren des Bergbaus durch die herrliche Landschaft des Lungaus zu wandern und dabei noch allerlei Interessantes zu entdecken und zu erfahren? Dann sind die Erzwege 'Altenberg', 'D\u00fcrnrain' und 'Kendlbruck', in der malerischen Gemeinde Ramingstein genau das Richtige f\u00fcr Sie.\u00a0","robots":{"index":"index","follow":"follow","max-snippet":"max-snippet:-1","max-image-preview":"max-image-preview:large","max-video-preview":"max-video-preview:-1"},"canonical":"https:\/\/www.salzburgerland.com\/de\/magazin\/spuren-der-zeit-die-erzwege-ramingstein\/","og_locale":"de_DE","og_type":"article","og_title":"Die Erzwege Ramingstein","og_description":"Noch vor wenigen hundert Jahren war in der Gemeinde Ramingstein ganz leise das Ger\u00e4usch von Spitzhacken und Schaufeln aus dem Gebirge zu vernehmen. Die Ortschaft, die im Jahr 1139 erstmals urkundlich erw\u00e4hnt wurde, war vom 15. \u2013 Ende des 18. Jahrhunderts f\u00fcr seinen Bergbau bekannt. Im Schatten der Burg Finstergr\u00fcn, im S\u00fcdosten des Salzburger Landes [&hellip;]","og_url":"https:\/\/www.salzburgerland.com\/de\/magazin\/spuren-der-zeit-die-erzwege-ramingstein\/","og_site_name":"SalzburgerLand Magazin","article_publisher":"https:\/\/www.facebook.com\/salzburgerland\/","article_published_time":"2016-05-17T06:00:11+00:00","article_modified_time":"2020-04-16T06:51:23+00:00","og_image":[{"width":1600,"height":1063,"url":"https:\/\/www.salzburgerland.com\/de\/magazin\/wp-content\/uploads\/2015\/11\/BW05.jpg","type":"image\/jpeg"}],"author":"Peter Zeitlhofer","twitter_card":"summary_large_image","twitter_creator":"@Salzburgerland","twitter_site":"@Salzburgerland","twitter_misc":{"Verfasst von":"Peter Zeitlhofer","Gesch\u00e4tzte Lesezeit":"3\u00a0Minuten"},"schema":{"@context":"https:\/\/schema.org","@graph":[{"@type":"Article","@id":"https:\/\/www.salzburgerland.com\/de\/magazin\/spuren-der-zeit-die-erzwege-ramingstein\/#article","isPartOf":{"@id":"https:\/\/www.salzburgerland.com\/de\/magazin\/spuren-der-zeit-die-erzwege-ramingstein\/"},"author":{"name":"Peter Zeitlhofer","@id":"https:\/\/www.salzburgerland.com\/de\/magazin\/#\/schema\/person\/ebd2c9f244aeea71e30f3b5d5e309de4"},"headline":"Die Erzwege Ramingstein","datePublished":"2016-05-17T06:00:11+00:00","dateModified":"2020-04-16T06:51:23+00:00","mainEntityOfPage":{"@id":"https:\/\/www.salzburgerland.com\/de\/magazin\/spuren-der-zeit-die-erzwege-ramingstein\/"},"wordCount":572,"commentCount":0,"publisher":{"@id":"https:\/\/www.salzburgerland.com\/de\/magazin\/#organization"},"image":{"@id":"https:\/\/www.salzburgerland.com\/de\/magazin\/spuren-der-zeit-die-erzwege-ramingstein\/#primaryimage"},"thumbnailUrl":"https:\/\/www.salzburgerland.com\/de\/magazin\/wp-content\/uploads\/2015\/11\/BW05.jpg","articleSection":["Sehensw\u00fcrdig"],"inLanguage":"de","potentialAction":[{"@type":"CommentAction","name":"Comment","target":["https:\/\/www.salzburgerland.com\/de\/magazin\/spuren-der-zeit-die-erzwege-ramingstein\/#respond"]}]},{"@type":"WebPage","@id":"https:\/\/www.salzburgerland.com\/de\/magazin\/spuren-der-zeit-die-erzwege-ramingstein\/","url":"https:\/\/www.salzburgerland.com\/de\/magazin\/spuren-der-zeit-die-erzwege-ramingstein\/","name":"Die Erzwege Ramingstein - SalzburgerLand Magazin","isPartOf":{"@id":"https:\/\/www.salzburgerland.com\/de\/magazin\/#website"},"primaryImageOfPage":{"@id":"https:\/\/www.salzburgerland.com\/de\/magazin\/spuren-der-zeit-die-erzwege-ramingstein\/#primaryimage"},"image":{"@id":"https:\/\/www.salzburgerland.com\/de\/magazin\/spuren-der-zeit-die-erzwege-ramingstein\/#primaryimage"},"thumbnailUrl":"https:\/\/www.salzburgerland.com\/de\/magazin\/wp-content\/uploads\/2015\/11\/BW05.jpg","datePublished":"2016-05-17T06:00:11+00:00","dateModified":"2020-04-16T06:51:23+00:00","breadcrumb":{"@id":"https:\/\/www.salzburgerland.com\/de\/magazin\/spuren-der-zeit-die-erzwege-ramingstein\/#breadcrumb"},"inLanguage":"de","potentialAction":[{"@type":"ReadAction","target":["https:\/\/www.salzburgerland.com\/de\/magazin\/spuren-der-zeit-die-erzwege-ramingstein\/"]}]},{"@type":"ImageObject","inLanguage":"de","@id":"https:\/\/www.salzburgerland.com\/de\/magazin\/spuren-der-zeit-die-erzwege-ramingstein\/#primaryimage","url":"https:\/\/www.salzburgerland.com\/de\/magazin\/wp-content\/uploads\/2015\/11\/BW05.jpg","contentUrl":"https:\/\/www.salzburgerland.com\/de\/magazin\/wp-content\/uploads\/2015\/11\/BW05.jpg","width":1600,"height":1063,"caption":"Ein Kind mit gelbem Helm und Regenmantel zeigt auf H\u00f6hlenstalaktiten, w\u00e4hrend es auf Felsen hockt."},{"@type":"BreadcrumbList","@id":"https:\/\/www.salzburgerland.com\/de\/magazin\/spuren-der-zeit-die-erzwege-ramingstein\/#breadcrumb","itemListElement":[{"@type":"ListItem","position":1,"name":"Startseite","item":"https:\/\/www.salzburgerland.com\/de\/magazin\/"},{"@type":"ListItem","position":2,"name":"Sehensw\u00fcrdig","item":"https:\/\/www.salzburgerland.com\/de\/magazin\/thema\/sehenswurdig\/"},{"@type":"ListItem","position":3,"name":"Die Erzwege Ramingstein"}]},{"@type":"WebSite","@id":"https:\/\/www.salzburgerland.com\/de\/magazin\/#website","url":"https:\/\/www.salzburgerland.com\/de\/magazin\/","name":"SalzburgerLand Magazin","description":"Geschichten und Interessantes aus dem SalzburgerLand","publisher":{"@id":"https:\/\/www.salzburgerland.com\/de\/magazin\/#organization"},"potentialAction":[{"@type":"SearchAction","target":{"@type":"EntryPoint","urlTemplate":"https:\/\/www.salzburgerland.com\/de\/magazin\/?s={search_term_string}"},"query-input":{"@type":"PropertyValueSpecification","valueRequired":true,"valueName":"search_term_string"}}],"inLanguage":"de"},{"@type":"Organization","@id":"https:\/\/www.salzburgerland.com\/de\/magazin\/#organization","name":"SalzburgerLand Tourismus","url":"https:\/\/www.salzburgerland.com\/de\/magazin\/","logo":{"@type":"ImageObject","inLanguage":"de","@id":"https:\/\/www.salzburgerland.com\/de\/magazin\/#\/schema\/logo\/image\/","url":"https:\/\/www.salzburgerland.com\/de\/magazin\/wp-content\/uploads\/2019\/06\/salzburgerland-logo1.jpg","contentUrl":"https:\/\/www.salzburgerland.com\/de\/magazin\/wp-content\/uploads\/2019\/06\/salzburgerland-logo1.jpg","width":2011,"height":866,"caption":"SalzburgerLand Tourismus"},"image":{"@id":"https:\/\/www.salzburgerland.com\/de\/magazin\/#\/schema\/logo\/image\/"},"sameAs":["https:\/\/www.facebook.com\/salzburgerland\/","https:\/\/x.com\/Salzburgerland","https:\/\/www.instagram.com\/salzburgerland\/","https:\/\/at.linkedin.com\/company\/salzburgerland-tourismus-gmbh","https:\/\/www.pinterest.at\/salzburgerland\/","https:\/\/www.youtube.com\/user\/salzburgerland","https:\/\/de.wikipedia.org\/wiki\/SalzburgerLand_Tourismus_GmbH"]},{"@type":"Person","@id":"https:\/\/www.salzburgerland.com\/de\/magazin\/#\/schema\/person\/ebd2c9f244aeea71e30f3b5d5e309de4","name":"Peter Zeitlhofer","description":"'Von Neugier getrieben' - diese Worte kommen Peter Zeitlhofer wohl schon ziemlich nahe. Egal ob am Segelboot, im Tiefschnee, unterwegs in Stadt und Land, oder auf einer seinen vielen Reisen - er ist immer auf der Suche nach Neuem, nach dem Besonderen, probiert so ziemlich alles aus und liebt es, dar\u00fcber zu reden und zu berichten. Womit man auch schon fast bei seiner zweiten Leidenschaft w\u00e4re - dem Schreiben. Immer und \u00fcberall ausgestattet\u00a0mit seinem Notebook, hat der Salzburger, mit Wurzeln am Attersee, sein Office\u00a0im wahrsten Sinne des Wortes unterm Arm und k\u00f6nnte sich nichts besseres vorstellen, als die Geschichten dort zu erz\u00e4hlen, wo sie passieren. Fr\u00fchling, Sommer, Herbst oder Winter? Als Mensch der Extreme, mag ich auch bei den Jahreszeiten den Sommer und den Winter am liebsten. Obwohl nat\u00fcrlich auch der Fr\u00fchling seine Reize hat. Aber der Herbst? Rindsroulade vom Pinzgauer Biorind oder Saibling fangfrisch aus dem Fuschlsee? Immer diese Entscheidungen! Kann ich auch beides haben? Mundharmonika oder Stradivari? Weder noch - als Gitarrist k\u00f6nnte ich mit beiden Instrumenten nichts anfangen. Lederhose oder Smoking? Eindeutig Lederhose, die bei mir mittlerweile sogar den Einzug in den sommerlichen Alltag gefunden hat. Und der LederhosnDonnerstag ist \u00a0ohnehin Pflicht. Alpinski, Offpist oder Skitour? Hauptsache rauf auf den Berg! Was dann tats\u00e4chlich auf dem Programm steht ist zweitrangig. Nur so viel: wenn der Schnee passt, dann h\u00e4lt mich nichts oder niemand auf der Piste. Bergtour oder Seentour? F\u00fcr mich gibt es im Sommer nichts Sch\u00f6neres, als mit dem Segelboot auf unseren herrlichen Seen unterwegs zu sein. Also wenn ich die Wahl habe, dann nehme ich im Sommer die Berge h\u00f6chstens als Kulisse. Haubenlokal oder Ab-Hof-Laden? Auch hier nehme ich von beidem ein bisschen. Aber bei der Oma schmeckt's dann doch am besten.","url":"https:\/\/www.salzburgerland.com\/de\/magazin\/author\/peter-zeitlhofer\/"}]}},"_wl_alt_label":[],"wl:entity_url":"http:\/\/open.salzburgerland.com\/magazin\/post\/spuren_der_zeit_-_die_erzwege_ramingstein","_links":{"self":[{"href":"https:\/\/www.salzburgerland.com\/de\/magazin\/wp-json\/wp\/v2\/posts\/103407","targetHints":{"allow":["GET"]}}],"collection":[{"href":"https:\/\/www.salzburgerland.com\/de\/magazin\/wp-json\/wp\/v2\/posts"}],"about":[{"href":"https:\/\/www.salzburgerland.com\/de\/magazin\/wp-json\/wp\/v2\/types\/post"}],"author":[{"embeddable":true,"href":"https:\/\/www.salzburgerland.com\/de\/magazin\/wp-json\/wp\/v2\/users\/505"}],"replies":[{"embeddable":true,"href":"https:\/\/www.salzburgerland.com\/de\/magazin\/wp-json\/wp\/v2\/comments?post=103407"}],"version-history":[{"count":1,"href":"https:\/\/www.salzburgerland.com\/de\/magazin\/wp-json\/wp\/v2\/posts\/103407\/revisions"}],"predecessor-version":[{"id":143990,"href":"https:\/\/www.salzburgerland.com\/de\/magazin\/wp-json\/wp\/v2\/posts\/103407\/revisions\/143990"}],"wp:featuredmedia":[{"embeddable":true,"href":"https:\/\/www.salzburgerland.com\/de\/magazin\/wp-json\/wp\/v2\/media\/103413"}],"wp:attachment":[{"href":"https:\/\/www.salzburgerland.com\/de\/magazin\/wp-json\/wp\/v2\/media?parent=103407"}],"wp:term":[{"taxonomy":"category","embeddable":true,"href":"https:\/\/www.salzburgerland.com\/de\/magazin\/wp-json\/wp\/v2\/categories?post=103407"},{"taxonomy":"post_tag","embeddable":true,"href":"https:\/\/www.salzburgerland.com\/de\/magazin\/wp-json\/wp\/v2\/tags?post=103407"},{"taxonomy":"wl_entity_type","embeddable":true,"href":"https:\/\/www.salzburgerland.com\/de\/magazin\/wp-json\/wp\/v2\/wl_entity_type?post=103407"},{"taxonomy":"monatsauswahl","embeddable":true,"href":"https:\/\/www.salzburgerland.com\/de\/magazin\/wp-json\/wp\/v2\/monatsauswahl?post=103407"}],"curies":[{"name":"wp","href":"https:\/\/api.w.org\/{rel}","templated":true}]}}