{"id":103318,"date":"2015-11-25T17:18:24","date_gmt":"2015-11-25T16:18:24","guid":{"rendered":"http:\/\/magazin.salzburgerland.com\/?p=103318"},"modified":"2023-06-22T09:10:52","modified_gmt":"2023-06-22T07:10:52","slug":"gemuetliche-auszeit-im-wohnzimma","status":"publish","type":"post","link":"https:\/\/www.salzburgerland.com\/de\/magazin\/gemuetliche-auszeit-im-wohnzimma\/","title":{"rendered":"Gem\u00fctliche Auszeit im wohnZimma"},"content":{"rendered":"<p class=\"p1\">Feierabend! Jetzt nichts wie rein ins Wohnzimmer-Feeling, die Beine im gem\u00fctlichen Lehnstuhl vor dem Kachelofen hochlegen und sich mit feinsten selbstgemachten Kuchen und Kaffee, oder einer ,Prickelnden Omi\u2018 verw\u00f6hnen lassen!<\/p>\n<p class=\"p1\">In <a href=\"http:\/\/www.piesendorf.at\/\" target=\"_blank\" rel=\"noopener\">Piesendorf<\/a> im SalzburgerLand f\u00fchrt dieser so gem\u00fctlich klingende Vorsatz nicht in die eigenen vier W\u00e4nde, sondern in ein Kaffeehaus der etwas anderen Art. Im alten Mesnerhaus im Zentrum der kleinen Pinzgauer Gemeinde sorgt Andrea \u201eAndy\u201c Minichberger seit \u00fcber einem Jahr mit heimeligem Ambiente im <a href=\"http:\/\/www.wohnzimma.com\" target=\"_blank\" rel=\"noopener\">wohnZimma<\/a> f\u00fcr eine entspannte Auszeit. Kunterbunte Tassen im 70er-Jahre-Chic , ein gut gef\u00fclltes B\u00fccherregal, ein knisterndes Feuer im Kachelofen und ein Sammelsurium an behaglichen Wohnzimmerm\u00f6beln verleihen dem kleinen Caf\u00e9 eine einzigartige Atmosph\u00e4re.<\/p>\n<figure id=\"attachment_103344\" aria-describedby=\"caption-attachment-103344\" style=\"width: 650px\" class=\"wp-caption alignnone\"><a href=\"https:\/\/www.salzburgerland.com\/de\/magazin\/wp-content\/uploads\/2015\/11\/das_cafe_prasentation.jpg\"><img loading=\"lazy\" decoding=\"async\" class=\"size-singlePost wp-image-103344\" src=\"https:\/\/www.salzburgerland.com\/de\/magazin\/wp-content\/uploads\/2015\/11\/das_cafe_prasentation-650x435.jpg\" alt=\"Das KAFF.ee wohnZimma in Piesendorf l\u00e4dt ein zum Ausspannen.\" width=\"650\" height=\"435\"><\/a><figcaption id=\"caption-attachment-103344\" class=\"wp-caption-text\">Das KAFF.ee wohnZimma in Piesendorf l\u00e4dt ein zum Ausspannen.<\/figcaption><\/figure>\n<p class=\"p1\"><b>F\u00fchl dich wie zuhause!<br \/>\n<\/b>Die Initialz\u00fcndung zu diesem Gastronomiekonzept kam der gelernten B\u00fcrokauffrau aus Kaprun in einer Vollmondnacht vor drei Jahren, wie sie lachend erz\u00e4hlt: \u201eIch hatte damals schon ein Colleg f\u00fcr Fotografie und Grafik abgeschlossen, traute mich damit aber nicht selbstst\u00e4ndig zu machen. Der Vollmond hielt mich diese Nacht wach und pl\u00f6tzlich hatte ich die Idee zu diesem ,KAFF.ee\u2019. Soger der Gesch\u00e4ftsname, das Getr\u00e4nkesortiment und das Mobiliar schoss mir durch den Kopf. Also setzte ich mich kurzerhand an meinen Computer und schrieb das Konzept nieder. Es dauerte aber noch zwei Jahre, bis ich die Konzessionspr\u00fcfung und den Mietvertrag f\u00fcr ein geeignetes Lokal in der Tasche hatte. Am 8. Oktober 2014 war es soweit, und das wohnZimma \u00f6ffnete seine T\u00fcren. Das Mesnerhaus im Zentrum von Piesendorf datiert auf das Jahr 1602 &#8211; ein altes Gem\u00e4uer mit viel Geschichte &#8211; das meinem Credo entspricht: F\u00fchle dich wie zuhause! Das Mobiliar f\u00fcr die 30 Sitzpl\u00e4tze habe ich \u00fcber ein halbes Jahr lang \u00fcber ein Onlineportal gesammelt und bin dann&nbsp;mit meinem Freund 1.200 km durch \u00d6sterreich gefahren um die&nbsp;charmante M\u00f6belst\u00fccke direkt aus den&nbsp;Wohnzimmern zu holen.\u201c<\/p>\n<figure id=\"attachment_103356\" aria-describedby=\"caption-attachment-103356\" style=\"width: 650px\" class=\"wp-caption alignnone\"><a href=\"https:\/\/www.salzburgerland.com\/de\/magazin\/wp-content\/uploads\/2015\/11\/wohnZimma.jpg\"><img loading=\"lazy\" decoding=\"async\" class=\"size-singlePost wp-image-103356\" src=\"https:\/\/www.salzburgerland.com\/de\/magazin\/wp-content\/uploads\/2015\/11\/wohnZimma-650x435.jpg\" alt=\"Nostalgische Tassen und ein sehr kreatives kulinarisches Sortiment.\" width=\"650\" height=\"435\"><\/a><figcaption id=\"caption-attachment-103356\" class=\"wp-caption-text\">Nostalgische Tassen und ein sehr kreatives kulinarisches Sortiment.<\/figcaption><\/figure>\n<p class=\"p1\"><b>Lust auf eine \u201ePrickelnde Omi\u201c?<br \/>\n<\/b>Nicht nur bei der Einrichtung des Lokals beweist Andy Minnichberger Individualit\u00e4t &#8211; auch das kulinarische Sortiment ist exklusiv. So findet man auf der Karte die Bios\u00e4fte des \u00f6sterreichischen Familienunternehmens Hasenfit, das Bioeis von Eiswerk&nbsp;und kreative Getr\u00e4nkekreationen. So braucht man im wohnZimma f\u00fcr \u201eOmi\u00b4s Apfelstrudel\u201c keine Kuchengabel, denn dahinter versteckt sich ein naturtr\u00fcber Apfelsaft aus der Steiermark, der mit Zimt abgeschmeckt wird. In den kalten Wintermonaten wird dieses Getr\u00e4nk \u00fcbrigens hei\u00df als \u201ehei\u00dfe Omi\u201c serviert und im Sommer genie\u00dft man den Apfelsaft am besten im kleinen Gastgarten mit Prosecco &#8211; als \u201eprickelnde Omi\u201c. Als s\u00fc\u00dfe Verf\u00fchrer sorgen im wohnZimma t\u00e4glich zwei selbstgebackene Kuchen, die sich das bunt gemischte Publikum auf der Zunge zergehen lassen.<\/p>\n<figure id=\"attachment_103351\" aria-describedby=\"caption-attachment-103351\" style=\"width: 650px\" class=\"wp-caption alignnone\"><a href=\"https:\/\/www.salzburgerland.com\/de\/magazin\/wp-content\/uploads\/2015\/11\/wohnZimma-2.jpg\"><img loading=\"lazy\" decoding=\"async\" class=\"size-singlePost wp-image-103351\" src=\"https:\/\/www.salzburgerland.com\/de\/magazin\/wp-content\/uploads\/2015\/11\/wohnZimma-2-650x435.jpg\" alt=\"Im Zentrum von Piesendorf beherbergt das alte Mesnerhaus das wohnZimma.\" width=\"650\" height=\"435\"><\/a><figcaption id=\"caption-attachment-103351\" class=\"wp-caption-text\">Im Zentrum von Piesendorf beherbergt das alte Mesnerhaus das wohnZimma.<\/figcaption><\/figure>\n<p class=\"p1\">Einmal im Monat sorgt \u201eJohnny Gass\u201c mit feinem Gitarrensound und Austropop f\u00fcr <a href=\"https:\/\/www.facebook.com\/WohnZimma-I-das-KAFFee-315767681936253\/?fref=ts\" target=\"_blank\" rel=\"noopener\">Livemusik im wohnZimma<\/a> und den 10. Dezember darf man sich gleich rot im Kalender markieren. An diesem Tag veranstaltet das wohnZimma ein weihnachtliches Blues-Country-Konzert und f\u00fcr J\u00e4nner plant die innovative Gastronomin bereits jetzt ausgefallene Workshops und Vernissagen.<\/p>\n<p class=\"p1\">\n<p class=\"p1\">Fotos: wohnZimma, Edith Danzer<\/p>\n<p class=\"p1\"><b>Kontakt:<br \/>\n<\/b>wohnZimma | das KAFF.ee<br \/>\nAndrea Minichberger<br \/>\nDorfstra\u00dfe 42 &#8211; 5721 Piesendorf<br \/>\nwohnzimma@gmx.at <a href=\"http:\/\/www.wohnzimma.com\" target=\"_blank\" rel=\"noopener\">www.wohnzimma.com<\/a><\/p>\n<div class=\"mag-gallery\"><div class=\"row\"><div class=\"col-6 col-sm-4\"><figure><a class=\"thumb-container\" href=\"https:\/\/www.salzburgerland.com\/de\/magazin\/wp-content\/uploads\/2015\/11\/fenster-1-von-1-1280x1024.jpg\">\t<picture><source media=\"(min-width: 576px)\" srcset=\"https:\/\/www.salzburgerland.com\/de\/magazin\/wp-content\/uploads\/2015\/11\/fenster-1-von-1-325x209.jpg 325w, https:\/\/www.salzburgerland.com\/de\/magazin\/wp-content\/uploads\/2015\/11\/fenster-1-von-1-249x160.jpg 249w\" \/><source media=\"(min-width: 0)\" srcset=\"https:\/\/www.salzburgerland.com\/de\/magazin\/wp-content\/uploads\/2015\/11\/fenster-1-von-1-249x160.jpg 249w, https:\/\/www.salzburgerland.com\/de\/magazin\/wp-content\/uploads\/2015\/11\/fenster-1-von-1-325x209.jpg 325w\" \/><img decoding=\"async\" alt=\"L\u00e4chelnde Person, die sich aus dem Fenster lehnt und ein Buch mit dem Titel WortSymbiose in der rechten Hand h\u00e4lt.\" src=\"https:\/\/www.salzburgerland.com\/de\/magazin\/wp-content\/uploads\/2015\/11\/fenster-1-von-1.jpg\" \/>\t<\/picture><\/a><\/figure><\/div><div class=\"col-6 col-sm-4\"><figure><a class=\"thumb-container\" href=\"https:\/\/www.salzburgerland.com\/de\/magazin\/wp-content\/uploads\/2015\/11\/wohnZimma-5-1280x1024.jpg\">\t<picture><source media=\"(min-width: 576px)\" srcset=\"https:\/\/www.salzburgerland.com\/de\/magazin\/wp-content\/uploads\/2015\/11\/wohnZimma-5-325x209.jpg 325w, https:\/\/www.salzburgerland.com\/de\/magazin\/wp-content\/uploads\/2015\/11\/wohnZimma-5-249x160.jpg 249w\" \/><source media=\"(min-width: 0)\" srcset=\"https:\/\/www.salzburgerland.com\/de\/magazin\/wp-content\/uploads\/2015\/11\/wohnZimma-5-249x160.jpg 249w, https:\/\/www.salzburgerland.com\/de\/magazin\/wp-content\/uploads\/2015\/11\/wohnZimma-5-325x209.jpg 325w\" \/><img decoding=\"async\" alt=\"Vier Personen in Outdoor-Kleidung sitzen auf Sofas, trinken und unterhalten sich in einem gem\u00fctlichen, warm beleuchteten Cafe.\" src=\"https:\/\/www.salzburgerland.com\/de\/magazin\/wp-content\/uploads\/2015\/11\/wohnZimma-5.jpg\" \/>\t<\/picture><\/a><\/figure><\/div><div class=\"col-6 col-sm-4\"><figure><a class=\"thumb-container\" href=\"https:\/\/www.salzburgerland.com\/de\/magazin\/wp-content\/uploads\/2015\/11\/wohnZimma-4-1280x1024.jpg\">\t<picture><source media=\"(min-width: 576px)\" srcset=\"https:\/\/www.salzburgerland.com\/de\/magazin\/wp-content\/uploads\/2015\/11\/wohnZimma-4-325x209.jpg 325w, https:\/\/www.salzburgerland.com\/de\/magazin\/wp-content\/uploads\/2015\/11\/wohnZimma-4-249x160.jpg 249w\" \/><source media=\"(min-width: 0)\" srcset=\"https:\/\/www.salzburgerland.com\/de\/magazin\/wp-content\/uploads\/2015\/11\/wohnZimma-4-249x160.jpg 249w, https:\/\/www.salzburgerland.com\/de\/magazin\/wp-content\/uploads\/2015\/11\/wohnZimma-4-325x209.jpg 325w\" \/><img decoding=\"async\" alt=\"Ein altes Radio steht auf einem Regal, darunter drei antike Kaffeem\u00fchlen und eine Kaffeedose.\" src=\"https:\/\/www.salzburgerland.com\/de\/magazin\/wp-content\/uploads\/2015\/11\/wohnZimma-4.jpg\" \/>\t<\/picture><\/a><\/figure><\/div><div class=\"col-6 col-sm-4\"><figure><a class=\"thumb-container\" href=\"https:\/\/www.salzburgerland.com\/de\/magazin\/wp-content\/uploads\/2015\/11\/tasse-1280x1024.jpg\">\t<picture><source media=\"(min-width: 576px)\" srcset=\"https:\/\/www.salzburgerland.com\/de\/magazin\/wp-content\/uploads\/2015\/11\/tasse-325x209.jpg 325w, https:\/\/www.salzburgerland.com\/de\/magazin\/wp-content\/uploads\/2015\/11\/tasse-249x160.jpg 249w\" \/><source media=\"(min-width: 0)\" srcset=\"https:\/\/www.salzburgerland.com\/de\/magazin\/wp-content\/uploads\/2015\/11\/tasse-249x160.jpg 249w, https:\/\/www.salzburgerland.com\/de\/magazin\/wp-content\/uploads\/2015\/11\/tasse-325x209.jpg 325w\" \/><img decoding=\"async\" alt=\"Ein Cappuccino in einer gebl\u00fcmten Teetasse steht auf einer Untertasse mit einem L\u00f6ffel auf einem Holztisch in einem gem\u00fctlichen Caf\u00e9.\" src=\"https:\/\/www.salzburgerland.com\/de\/magazin\/wp-content\/uploads\/2015\/11\/tasse.jpg\" \/>\t<\/picture><\/a><\/figure><\/div><div class=\"col-6 col-sm-4\"><figure><a class=\"thumb-container\" href=\"https:\/\/www.salzburgerland.com\/de\/magazin\/wp-content\/uploads\/2015\/11\/kuh-1280x1024.jpg\">\t<picture><source media=\"(min-width: 576px)\" srcset=\"https:\/\/www.salzburgerland.com\/de\/magazin\/wp-content\/uploads\/2015\/11\/kuh-325x209.jpg 325w, https:\/\/www.salzburgerland.com\/de\/magazin\/wp-content\/uploads\/2015\/11\/kuh-249x160.jpg 249w\" \/><source media=\"(min-width: 0)\" srcset=\"https:\/\/www.salzburgerland.com\/de\/magazin\/wp-content\/uploads\/2015\/11\/kuh-249x160.jpg 249w, https:\/\/www.salzburgerland.com\/de\/magazin\/wp-content\/uploads\/2015\/11\/kuh-325x209.jpg 325w\" \/><img decoding=\"async\" alt=\"Eine braun-wei\u00dfe Kuh steht vor einem offenen Fenster und schaut von der Stra\u00dfe aus in ein Haus.\" src=\"https:\/\/www.salzburgerland.com\/de\/magazin\/wp-content\/uploads\/2015\/11\/kuh.jpg\" \/>\t<\/picture><\/a><\/figure><\/div><div class=\"col-6 col-sm-4\"><figure><a class=\"thumb-container\" href=\"https:\/\/www.salzburgerland.com\/de\/magazin\/wp-content\/uploads\/2015\/11\/Kuchen-1280x1024.jpg\">\t<picture><source media=\"(min-width: 576px)\" srcset=\"https:\/\/www.salzburgerland.com\/de\/magazin\/wp-content\/uploads\/2015\/11\/Kuchen-325x209.jpg 325w, https:\/\/www.salzburgerland.com\/de\/magazin\/wp-content\/uploads\/2015\/11\/Kuchen-249x160.jpg 249w\" \/><source media=\"(min-width: 0)\" srcset=\"https:\/\/www.salzburgerland.com\/de\/magazin\/wp-content\/uploads\/2015\/11\/Kuchen-249x160.jpg 249w, https:\/\/www.salzburgerland.com\/de\/magazin\/wp-content\/uploads\/2015\/11\/Kuchen-325x209.jpg 325w\" \/><img decoding=\"async\" alt=\"Zwei mit Puderzucker best\u00e4ubte Kuchenscheiben auf einem dekorativen Teller mit einer goldenen Gabel.\" src=\"https:\/\/www.salzburgerland.com\/de\/magazin\/wp-content\/uploads\/2015\/11\/Kuchen.jpg\" \/>\t<\/picture><\/a><\/figure><\/div><\/div><\/div><figcaption><\/figcaption>\n","protected":false},"excerpt":{"rendered":"<p>Feierabend! Jetzt nichts wie rein ins Wohnzimmer-Feeling, die Beine im gem\u00fctlichen Lehnstuhl vor dem Kachelofen hochlegen und sich mit feinsten selbstgemachten Kuchen und Kaffee, oder einer ,Prickelnden Omi\u2018 verw\u00f6hnen lassen! In Piesendorf im SalzburgerLand f\u00fchrt dieser so gem\u00fctlich klingende Vorsatz nicht in die eigenen vier W\u00e4nde, sondern in ein Kaffeehaus der etwas anderen Art. Im [&hellip;]<\/p>\n","protected":false},"author":11,"featured_media":103350,"comment_status":"open","ping_status":"open","sticky":false,"template":"","format":"standard","meta":{"_acf_changed":false,"wl_entities_gutenberg":"","_wl_entity_redirect_enabled":"","footnotes":""},"categories":[7551],"tags":[],"wl_entity_type":[306],"monatsauswahl":[82,83,84,85,86,87,88,89,90,91,92,93],"class_list":["post-103318","post","type-post","status-publish","format-standard","has-post-thumbnail","hentry","category-archiv","wl_entity_type-article","monatsauswahl-monat_1","monatsauswahl-monat_2","monatsauswahl-monat_3","monatsauswahl-monat_4","monatsauswahl-monat_5","monatsauswahl-monat_6","monatsauswahl-monat_7","monatsauswahl-monat_8","monatsauswahl-monat_9","monatsauswahl-monat_10","monatsauswahl-monat_11","monatsauswahl-monat_12"],"acf":[],"yoast_head":"<!-- This site is optimized with the Yoast SEO Premium plugin v27.4 (Yoast SEO v27.4) - https:\/\/yoast.com\/product\/yoast-seo-premium-wordpress\/ -->\n<title>Gem\u00fctliche Auszeit im wohnZimma - SalzburgerLand Magazin<\/title>\n<meta name=\"description\" content=\"Feierabend! Jetzt nichts wie rein ins Wohnzimmer-Feeling, die Beine im gem\u00fctlichen Lehnstuhl vor dem Kachelofen hochlegen und sich mit feinsten selbstgemachten Kuchen und Kaffee, oder einer ,Prickelnden Omi\u2018 verw\u00f6hnen lassen! In Piesendorf im SalzburgerLand f\u00fchrt dieser so gem\u00fctlich klingende Vorsatz nicht in die eigenen vier W\u00e4nde, sondern in ein Kaffeehaus der etwas anderen Art. Im [&hellip;]\" \/>\n<meta name=\"robots\" content=\"noindex, nofollow\" \/>\n<meta property=\"og:locale\" content=\"de_DE\" \/>\n<meta property=\"og:type\" content=\"article\" \/>\n<meta property=\"og:title\" content=\"Gem\u00fctliche Auszeit im wohnZimma\" \/>\n<meta property=\"og:description\" content=\"Feierabend! Jetzt nichts wie rein ins Wohnzimmer-Feeling, die Beine im gem\u00fctlichen Lehnstuhl vor dem Kachelofen hochlegen und sich mit feinsten selbstgemachten Kuchen und Kaffee, oder einer ,Prickelnden Omi\u2018 verw\u00f6hnen lassen! In Piesendorf im SalzburgerLand f\u00fchrt dieser so gem\u00fctlich klingende Vorsatz nicht in die eigenen vier W\u00e4nde, sondern in ein Kaffeehaus der etwas anderen Art. Im [&hellip;]\" \/>\n<meta property=\"og:url\" content=\"https:\/\/www.salzburgerland.com\/de\/magazin\/gemuetliche-auszeit-im-wohnzimma\/\" \/>\n<meta property=\"og:site_name\" content=\"SalzburgerLand Magazin\" \/>\n<meta property=\"article:publisher\" content=\"https:\/\/www.facebook.com\/salzburgerland\/\" \/>\n<meta property=\"article:published_time\" content=\"2015-11-25T16:18:24+00:00\" \/>\n<meta property=\"article:modified_time\" content=\"2023-06-22T07:10:52+00:00\" \/>\n<meta property=\"og:image\" content=\"https:\/\/www.salzburgerland.com\/de\/magazin\/wp-content\/uploads\/2015\/11\/Wohnzimma_Logo.jpg\" \/>\n\t<meta property=\"og:image:width\" content=\"1000\" \/>\n\t<meta property=\"og:image:height\" content=\"667\" \/>\n\t<meta property=\"og:image:type\" content=\"image\/jpeg\" \/>\n<meta name=\"author\" content=\"Edith Danzer\" \/>\n<meta name=\"twitter:card\" content=\"summary_large_image\" \/>\n<meta name=\"twitter:creator\" content=\"@Salzburgerland\" \/>\n<meta name=\"twitter:site\" content=\"@Salzburgerland\" \/>\n<meta name=\"twitter:label1\" content=\"Verfasst von\" \/>\n\t<meta name=\"twitter:data1\" content=\"Edith Danzer\" \/>\n\t<meta name=\"twitter:label2\" content=\"Gesch\u00e4tzte Lesezeit\" \/>\n\t<meta name=\"twitter:data2\" content=\"4\u00a0Minuten\" \/>\n<script type=\"application\/ld+json\" class=\"yoast-schema-graph\">{\"@context\":\"https:\\\/\\\/schema.org\",\"@graph\":[{\"@type\":\"Article\",\"@id\":\"https:\\\/\\\/www.salzburgerland.com\\\/de\\\/magazin\\\/gemuetliche-auszeit-im-wohnzimma\\\/#article\",\"isPartOf\":{\"@id\":\"https:\\\/\\\/www.salzburgerland.com\\\/de\\\/magazin\\\/gemuetliche-auszeit-im-wohnzimma\\\/\"},\"author\":{\"name\":\"Edith Danzer\",\"@id\":\"https:\\\/\\\/www.salzburgerland.com\\\/de\\\/magazin\\\/#\\\/schema\\\/person\\\/79452c699c410aa31a119426313748de\"},\"headline\":\"Gem\u00fctliche Auszeit im wohnZimma\",\"datePublished\":\"2015-11-25T16:18:24+00:00\",\"dateModified\":\"2023-06-22T07:10:52+00:00\",\"mainEntityOfPage\":{\"@id\":\"https:\\\/\\\/www.salzburgerland.com\\\/de\\\/magazin\\\/gemuetliche-auszeit-im-wohnzimma\\\/\"},\"wordCount\":579,\"commentCount\":0,\"publisher\":{\"@id\":\"https:\\\/\\\/www.salzburgerland.com\\\/de\\\/magazin\\\/#organization\"},\"image\":{\"@id\":\"https:\\\/\\\/www.salzburgerland.com\\\/de\\\/magazin\\\/gemuetliche-auszeit-im-wohnzimma\\\/#primaryimage\"},\"thumbnailUrl\":\"https:\\\/\\\/www.salzburgerland.com\\\/de\\\/magazin\\\/wp-content\\\/uploads\\\/2015\\\/11\\\/Wohnzimma_Logo.jpg\",\"articleSection\":[\"Archiv\"],\"inLanguage\":\"de\",\"potentialAction\":[{\"@type\":\"CommentAction\",\"name\":\"Comment\",\"target\":[\"https:\\\/\\\/www.salzburgerland.com\\\/de\\\/magazin\\\/gemuetliche-auszeit-im-wohnzimma\\\/#respond\"]}]},{\"@type\":\"WebPage\",\"@id\":\"https:\\\/\\\/www.salzburgerland.com\\\/de\\\/magazin\\\/gemuetliche-auszeit-im-wohnzimma\\\/\",\"url\":\"https:\\\/\\\/www.salzburgerland.com\\\/de\\\/magazin\\\/gemuetliche-auszeit-im-wohnzimma\\\/\",\"name\":\"Gem\u00fctliche Auszeit im wohnZimma - SalzburgerLand Magazin\",\"isPartOf\":{\"@id\":\"https:\\\/\\\/www.salzburgerland.com\\\/de\\\/magazin\\\/#website\"},\"primaryImageOfPage\":{\"@id\":\"https:\\\/\\\/www.salzburgerland.com\\\/de\\\/magazin\\\/gemuetliche-auszeit-im-wohnzimma\\\/#primaryimage\"},\"image\":{\"@id\":\"https:\\\/\\\/www.salzburgerland.com\\\/de\\\/magazin\\\/gemuetliche-auszeit-im-wohnzimma\\\/#primaryimage\"},\"thumbnailUrl\":\"https:\\\/\\\/www.salzburgerland.com\\\/de\\\/magazin\\\/wp-content\\\/uploads\\\/2015\\\/11\\\/Wohnzimma_Logo.jpg\",\"datePublished\":\"2015-11-25T16:18:24+00:00\",\"dateModified\":\"2023-06-22T07:10:52+00:00\",\"breadcrumb\":{\"@id\":\"https:\\\/\\\/www.salzburgerland.com\\\/de\\\/magazin\\\/gemuetliche-auszeit-im-wohnzimma\\\/#breadcrumb\"},\"inLanguage\":\"de\",\"potentialAction\":[{\"@type\":\"ReadAction\",\"target\":[\"https:\\\/\\\/www.salzburgerland.com\\\/de\\\/magazin\\\/gemuetliche-auszeit-im-wohnzimma\\\/\"]}]},{\"@type\":\"ImageObject\",\"inLanguage\":\"de\",\"@id\":\"https:\\\/\\\/www.salzburgerland.com\\\/de\\\/magazin\\\/gemuetliche-auszeit-im-wohnzimma\\\/#primaryimage\",\"url\":\"https:\\\/\\\/www.salzburgerland.com\\\/de\\\/magazin\\\/wp-content\\\/uploads\\\/2015\\\/11\\\/Wohnzimma_Logo.jpg\",\"contentUrl\":\"https:\\\/\\\/www.salzburgerland.com\\\/de\\\/magazin\\\/wp-content\\\/uploads\\\/2015\\\/11\\\/Wohnzimma_Logo.jpg\",\"width\":1000,\"height\":667,\"caption\":\"Wohnzimmer in Kaffeesatz auf Holz geschrieben, mit verstreuten Kaffeebohnen und zwei Lorbeerbl\u00e4ttern.\"},{\"@type\":\"BreadcrumbList\",\"@id\":\"https:\\\/\\\/www.salzburgerland.com\\\/de\\\/magazin\\\/gemuetliche-auszeit-im-wohnzimma\\\/#breadcrumb\",\"itemListElement\":[{\"@type\":\"ListItem\",\"position\":1,\"name\":\"Startseite\",\"item\":\"https:\\\/\\\/www.salzburgerland.com\\\/de\\\/magazin\\\/\"},{\"@type\":\"ListItem\",\"position\":2,\"name\":\"Archiv\",\"item\":\"https:\\\/\\\/www.salzburgerland.com\\\/de\\\/magazin\\\/thema\\\/archiv\\\/\"},{\"@type\":\"ListItem\",\"position\":3,\"name\":\"Gem\u00fctliche Auszeit im wohnZimma\"}]},{\"@type\":\"WebSite\",\"@id\":\"https:\\\/\\\/www.salzburgerland.com\\\/de\\\/magazin\\\/#website\",\"url\":\"https:\\\/\\\/www.salzburgerland.com\\\/de\\\/magazin\\\/\",\"name\":\"SalzburgerLand Magazin\",\"description\":\"Geschichten und Interessantes aus dem SalzburgerLand\",\"publisher\":{\"@id\":\"https:\\\/\\\/www.salzburgerland.com\\\/de\\\/magazin\\\/#organization\"},\"potentialAction\":[{\"@type\":\"SearchAction\",\"target\":{\"@type\":\"EntryPoint\",\"urlTemplate\":\"https:\\\/\\\/www.salzburgerland.com\\\/de\\\/magazin\\\/?s={search_term_string}\"},\"query-input\":{\"@type\":\"PropertyValueSpecification\",\"valueRequired\":true,\"valueName\":\"search_term_string\"}}],\"inLanguage\":\"de\"},{\"@type\":\"Organization\",\"@id\":\"https:\\\/\\\/www.salzburgerland.com\\\/de\\\/magazin\\\/#organization\",\"name\":\"SalzburgerLand Tourismus\",\"url\":\"https:\\\/\\\/www.salzburgerland.com\\\/de\\\/magazin\\\/\",\"logo\":{\"@type\":\"ImageObject\",\"inLanguage\":\"de\",\"@id\":\"https:\\\/\\\/www.salzburgerland.com\\\/de\\\/magazin\\\/#\\\/schema\\\/logo\\\/image\\\/\",\"url\":\"https:\\\/\\\/www.salzburgerland.com\\\/de\\\/magazin\\\/wp-content\\\/uploads\\\/2019\\\/06\\\/salzburgerland-logo1.jpg\",\"contentUrl\":\"https:\\\/\\\/www.salzburgerland.com\\\/de\\\/magazin\\\/wp-content\\\/uploads\\\/2019\\\/06\\\/salzburgerland-logo1.jpg\",\"width\":2011,\"height\":866,\"caption\":\"SalzburgerLand Tourismus\"},\"image\":{\"@id\":\"https:\\\/\\\/www.salzburgerland.com\\\/de\\\/magazin\\\/#\\\/schema\\\/logo\\\/image\\\/\"},\"sameAs\":[\"https:\\\/\\\/www.facebook.com\\\/salzburgerland\\\/\",\"https:\\\/\\\/x.com\\\/Salzburgerland\",\"https:\\\/\\\/www.instagram.com\\\/salzburgerland\\\/\",\"https:\\\/\\\/at.linkedin.com\\\/company\\\/salzburgerland-tourismus-gmbh\",\"https:\\\/\\\/www.pinterest.at\\\/salzburgerland\\\/\",\"https:\\\/\\\/www.youtube.com\\\/user\\\/salzburgerland\",\"https:\\\/\\\/de.wikipedia.org\\\/wiki\\\/SalzburgerLand_Tourismus_GmbH\"]},{\"@type\":\"Person\",\"@id\":\"https:\\\/\\\/www.salzburgerland.com\\\/de\\\/magazin\\\/#\\\/schema\\\/person\\\/79452c699c410aa31a119426313748de\",\"name\":\"Edith Danzer\",\"description\":\"Seit Jahren arbeite ich als freie Redakteurin und Fotografin im SalzburgerLand. Schreiben ist f\u00fcr mich nicht blo\u00df das Erstellen eines Textes. Es ist ein Komponieren einer wundervollen Melodie, ein Malen mit Buchstaben und Worten. Ich liebe die Begegnungen mit Menschen, die mir ihre Geschichte anvertrauen. Wenn man mich sucht, bin ich entweder am Schreibtisch (der auch mal am sonnigen H\u00fcttenbankerl stehen kann) oder mit meinem Husky-M\u00e4dl Ylvi am Berg, am See oder im Wald. Ich \u2026 \u2026 in ein paar Worten. \u2022 Lieber drau\u00dfen, als drinnen. \u2022 Lieber Norden, als S\u00fcden. \u2022 Lieber Buchstaben, als Zahlen. \u2022 Lieber Schnee, als Strand. \u2022 Lieber Berg, als Tal. \u2022 Lieber Nordlichter, als S\u00fcdseezauber. \u2022 Lieber H\u00fctte, als F\u00fcnfsternschuppen. \u2022 Lieber Hund, als Katze. \u2022 Lieber grader Michl, als falscher Fufzga. \u2022 Lieber mittendurch, als drumherum \u2022 Lieber Almleben, als Couchpotato\",\"url\":\"https:\\\/\\\/www.salzburgerland.com\\\/de\\\/magazin\\\/author\\\/edith-danzer\\\/\"}]}<\/script>\n<!-- \/ Yoast SEO Premium plugin. -->","yoast_head_json":{"title":"Gem\u00fctliche Auszeit im wohnZimma - SalzburgerLand Magazin","description":"Feierabend! Jetzt nichts wie rein ins Wohnzimmer-Feeling, die Beine im gem\u00fctlichen Lehnstuhl vor dem Kachelofen hochlegen und sich mit feinsten selbstgemachten Kuchen und Kaffee, oder einer ,Prickelnden Omi\u2018 verw\u00f6hnen lassen! In Piesendorf im SalzburgerLand f\u00fchrt dieser so gem\u00fctlich klingende Vorsatz nicht in die eigenen vier W\u00e4nde, sondern in ein Kaffeehaus der etwas anderen Art. Im [&hellip;]","robots":{"index":"noindex","follow":"nofollow"},"og_locale":"de_DE","og_type":"article","og_title":"Gem\u00fctliche Auszeit im wohnZimma","og_description":"Feierabend! Jetzt nichts wie rein ins Wohnzimmer-Feeling, die Beine im gem\u00fctlichen Lehnstuhl vor dem Kachelofen hochlegen und sich mit feinsten selbstgemachten Kuchen und Kaffee, oder einer ,Prickelnden Omi\u2018 verw\u00f6hnen lassen! In Piesendorf im SalzburgerLand f\u00fchrt dieser so gem\u00fctlich klingende Vorsatz nicht in die eigenen vier W\u00e4nde, sondern in ein Kaffeehaus der etwas anderen Art. Im [&hellip;]","og_url":"https:\/\/www.salzburgerland.com\/de\/magazin\/gemuetliche-auszeit-im-wohnzimma\/","og_site_name":"SalzburgerLand Magazin","article_publisher":"https:\/\/www.facebook.com\/salzburgerland\/","article_published_time":"2015-11-25T16:18:24+00:00","article_modified_time":"2023-06-22T07:10:52+00:00","og_image":[{"width":1000,"height":667,"url":"https:\/\/www.salzburgerland.com\/de\/magazin\/wp-content\/uploads\/2015\/11\/Wohnzimma_Logo.jpg","type":"image\/jpeg"}],"author":"Edith Danzer","twitter_card":"summary_large_image","twitter_creator":"@Salzburgerland","twitter_site":"@Salzburgerland","twitter_misc":{"Verfasst von":"Edith Danzer","Gesch\u00e4tzte Lesezeit":"4\u00a0Minuten"},"schema":{"@context":"https:\/\/schema.org","@graph":[{"@type":"Article","@id":"https:\/\/www.salzburgerland.com\/de\/magazin\/gemuetliche-auszeit-im-wohnzimma\/#article","isPartOf":{"@id":"https:\/\/www.salzburgerland.com\/de\/magazin\/gemuetliche-auszeit-im-wohnzimma\/"},"author":{"name":"Edith Danzer","@id":"https:\/\/www.salzburgerland.com\/de\/magazin\/#\/schema\/person\/79452c699c410aa31a119426313748de"},"headline":"Gem\u00fctliche Auszeit im wohnZimma","datePublished":"2015-11-25T16:18:24+00:00","dateModified":"2023-06-22T07:10:52+00:00","mainEntityOfPage":{"@id":"https:\/\/www.salzburgerland.com\/de\/magazin\/gemuetliche-auszeit-im-wohnzimma\/"},"wordCount":579,"commentCount":0,"publisher":{"@id":"https:\/\/www.salzburgerland.com\/de\/magazin\/#organization"},"image":{"@id":"https:\/\/www.salzburgerland.com\/de\/magazin\/gemuetliche-auszeit-im-wohnzimma\/#primaryimage"},"thumbnailUrl":"https:\/\/www.salzburgerland.com\/de\/magazin\/wp-content\/uploads\/2015\/11\/Wohnzimma_Logo.jpg","articleSection":["Archiv"],"inLanguage":"de","potentialAction":[{"@type":"CommentAction","name":"Comment","target":["https:\/\/www.salzburgerland.com\/de\/magazin\/gemuetliche-auszeit-im-wohnzimma\/#respond"]}]},{"@type":"WebPage","@id":"https:\/\/www.salzburgerland.com\/de\/magazin\/gemuetliche-auszeit-im-wohnzimma\/","url":"https:\/\/www.salzburgerland.com\/de\/magazin\/gemuetliche-auszeit-im-wohnzimma\/","name":"Gem\u00fctliche Auszeit im wohnZimma - SalzburgerLand Magazin","isPartOf":{"@id":"https:\/\/www.salzburgerland.com\/de\/magazin\/#website"},"primaryImageOfPage":{"@id":"https:\/\/www.salzburgerland.com\/de\/magazin\/gemuetliche-auszeit-im-wohnzimma\/#primaryimage"},"image":{"@id":"https:\/\/www.salzburgerland.com\/de\/magazin\/gemuetliche-auszeit-im-wohnzimma\/#primaryimage"},"thumbnailUrl":"https:\/\/www.salzburgerland.com\/de\/magazin\/wp-content\/uploads\/2015\/11\/Wohnzimma_Logo.jpg","datePublished":"2015-11-25T16:18:24+00:00","dateModified":"2023-06-22T07:10:52+00:00","breadcrumb":{"@id":"https:\/\/www.salzburgerland.com\/de\/magazin\/gemuetliche-auszeit-im-wohnzimma\/#breadcrumb"},"inLanguage":"de","potentialAction":[{"@type":"ReadAction","target":["https:\/\/www.salzburgerland.com\/de\/magazin\/gemuetliche-auszeit-im-wohnzimma\/"]}]},{"@type":"ImageObject","inLanguage":"de","@id":"https:\/\/www.salzburgerland.com\/de\/magazin\/gemuetliche-auszeit-im-wohnzimma\/#primaryimage","url":"https:\/\/www.salzburgerland.com\/de\/magazin\/wp-content\/uploads\/2015\/11\/Wohnzimma_Logo.jpg","contentUrl":"https:\/\/www.salzburgerland.com\/de\/magazin\/wp-content\/uploads\/2015\/11\/Wohnzimma_Logo.jpg","width":1000,"height":667,"caption":"Wohnzimmer in Kaffeesatz auf Holz geschrieben, mit verstreuten Kaffeebohnen und zwei Lorbeerbl\u00e4ttern."},{"@type":"BreadcrumbList","@id":"https:\/\/www.salzburgerland.com\/de\/magazin\/gemuetliche-auszeit-im-wohnzimma\/#breadcrumb","itemListElement":[{"@type":"ListItem","position":1,"name":"Startseite","item":"https:\/\/www.salzburgerland.com\/de\/magazin\/"},{"@type":"ListItem","position":2,"name":"Archiv","item":"https:\/\/www.salzburgerland.com\/de\/magazin\/thema\/archiv\/"},{"@type":"ListItem","position":3,"name":"Gem\u00fctliche Auszeit im wohnZimma"}]},{"@type":"WebSite","@id":"https:\/\/www.salzburgerland.com\/de\/magazin\/#website","url":"https:\/\/www.salzburgerland.com\/de\/magazin\/","name":"SalzburgerLand Magazin","description":"Geschichten und Interessantes aus dem SalzburgerLand","publisher":{"@id":"https:\/\/www.salzburgerland.com\/de\/magazin\/#organization"},"potentialAction":[{"@type":"SearchAction","target":{"@type":"EntryPoint","urlTemplate":"https:\/\/www.salzburgerland.com\/de\/magazin\/?s={search_term_string}"},"query-input":{"@type":"PropertyValueSpecification","valueRequired":true,"valueName":"search_term_string"}}],"inLanguage":"de"},{"@type":"Organization","@id":"https:\/\/www.salzburgerland.com\/de\/magazin\/#organization","name":"SalzburgerLand Tourismus","url":"https:\/\/www.salzburgerland.com\/de\/magazin\/","logo":{"@type":"ImageObject","inLanguage":"de","@id":"https:\/\/www.salzburgerland.com\/de\/magazin\/#\/schema\/logo\/image\/","url":"https:\/\/www.salzburgerland.com\/de\/magazin\/wp-content\/uploads\/2019\/06\/salzburgerland-logo1.jpg","contentUrl":"https:\/\/www.salzburgerland.com\/de\/magazin\/wp-content\/uploads\/2019\/06\/salzburgerland-logo1.jpg","width":2011,"height":866,"caption":"SalzburgerLand Tourismus"},"image":{"@id":"https:\/\/www.salzburgerland.com\/de\/magazin\/#\/schema\/logo\/image\/"},"sameAs":["https:\/\/www.facebook.com\/salzburgerland\/","https:\/\/x.com\/Salzburgerland","https:\/\/www.instagram.com\/salzburgerland\/","https:\/\/at.linkedin.com\/company\/salzburgerland-tourismus-gmbh","https:\/\/www.pinterest.at\/salzburgerland\/","https:\/\/www.youtube.com\/user\/salzburgerland","https:\/\/de.wikipedia.org\/wiki\/SalzburgerLand_Tourismus_GmbH"]},{"@type":"Person","@id":"https:\/\/www.salzburgerland.com\/de\/magazin\/#\/schema\/person\/79452c699c410aa31a119426313748de","name":"Edith Danzer","description":"Seit Jahren arbeite ich als freie Redakteurin und Fotografin im SalzburgerLand. Schreiben ist f\u00fcr mich nicht blo\u00df das Erstellen eines Textes. Es ist ein Komponieren einer wundervollen Melodie, ein Malen mit Buchstaben und Worten. Ich liebe die Begegnungen mit Menschen, die mir ihre Geschichte anvertrauen. Wenn man mich sucht, bin ich entweder am Schreibtisch (der auch mal am sonnigen H\u00fcttenbankerl stehen kann) oder mit meinem Husky-M\u00e4dl Ylvi am Berg, am See oder im Wald. Ich \u2026 \u2026 in ein paar Worten. \u2022 Lieber drau\u00dfen, als drinnen. \u2022 Lieber Norden, als S\u00fcden. \u2022 Lieber Buchstaben, als Zahlen. \u2022 Lieber Schnee, als Strand. \u2022 Lieber Berg, als Tal. \u2022 Lieber Nordlichter, als S\u00fcdseezauber. \u2022 Lieber H\u00fctte, als F\u00fcnfsternschuppen. \u2022 Lieber Hund, als Katze. \u2022 Lieber grader Michl, als falscher Fufzga. \u2022 Lieber mittendurch, als drumherum \u2022 Lieber Almleben, als Couchpotato","url":"https:\/\/www.salzburgerland.com\/de\/magazin\/author\/edith-danzer\/"}]}},"_wl_alt_label":[],"wl:entity_url":"http:\/\/open.salzburgerland.com\/magazin\/post\/gemuetliche_auszeit_im_wohnzimma","_links":{"self":[{"href":"https:\/\/www.salzburgerland.com\/de\/magazin\/wp-json\/wp\/v2\/posts\/103318","targetHints":{"allow":["GET"]}}],"collection":[{"href":"https:\/\/www.salzburgerland.com\/de\/magazin\/wp-json\/wp\/v2\/posts"}],"about":[{"href":"https:\/\/www.salzburgerland.com\/de\/magazin\/wp-json\/wp\/v2\/types\/post"}],"author":[{"embeddable":true,"href":"https:\/\/www.salzburgerland.com\/de\/magazin\/wp-json\/wp\/v2\/users\/11"}],"replies":[{"embeddable":true,"href":"https:\/\/www.salzburgerland.com\/de\/magazin\/wp-json\/wp\/v2\/comments?post=103318"}],"version-history":[{"count":1,"href":"https:\/\/www.salzburgerland.com\/de\/magazin\/wp-json\/wp\/v2\/posts\/103318\/revisions"}],"predecessor-version":[{"id":168377,"href":"https:\/\/www.salzburgerland.com\/de\/magazin\/wp-json\/wp\/v2\/posts\/103318\/revisions\/168377"}],"wp:featuredmedia":[{"embeddable":true,"href":"https:\/\/www.salzburgerland.com\/de\/magazin\/wp-json\/wp\/v2\/media\/103350"}],"wp:attachment":[{"href":"https:\/\/www.salzburgerland.com\/de\/magazin\/wp-json\/wp\/v2\/media?parent=103318"}],"wp:term":[{"taxonomy":"category","embeddable":true,"href":"https:\/\/www.salzburgerland.com\/de\/magazin\/wp-json\/wp\/v2\/categories?post=103318"},{"taxonomy":"post_tag","embeddable":true,"href":"https:\/\/www.salzburgerland.com\/de\/magazin\/wp-json\/wp\/v2\/tags?post=103318"},{"taxonomy":"wl_entity_type","embeddable":true,"href":"https:\/\/www.salzburgerland.com\/de\/magazin\/wp-json\/wp\/v2\/wl_entity_type?post=103318"},{"taxonomy":"monatsauswahl","embeddable":true,"href":"https:\/\/www.salzburgerland.com\/de\/magazin\/wp-json\/wp\/v2\/monatsauswahl?post=103318"}],"curies":[{"name":"wp","href":"https:\/\/api.w.org\/{rel}","templated":true}]}}