{"id":102841,"date":"2015-11-19T17:00:50","date_gmt":"2015-11-19T16:00:50","guid":{"rendered":"http:\/\/magazin.salzburgerland.com\/?p=102841"},"modified":"2015-11-16T09:45:17","modified_gmt":"2015-11-16T08:45:17","slug":"der-friedhof-von-lessach","status":"publish","type":"post","link":"https:\/\/www.salzburgerland.com\/de\/magazin\/der-friedhof-von-lessach\/","title":{"rendered":"Der Friedhof von Lessach"},"content":{"rendered":"<p><strong>Auch wenn Lessach einer der kleinsten und h\u00f6chstgelegensten Bergbauernd\u00f6rfer \u00d6sterreichs ist, so gilt\u00a0doch\u00a0der \u00f6rtliche Friedhof als weltweit einzigartig und kunsthistorisch von gro\u00dfem Wert. Ganz nach dem Grundsatz &#8218;vor Gott sind alle Menschen gleich&#8216;, werden hier seit dem 17. Jahrhundert alle Gr\u00e4ber, sogenannte Truhengrabm\u00e4hler, gleich und einheitlich gestaltet. Ein interessanter Ort des Friedens und der Ruhe, an dem\u00a0sich nicht nur zu Allerheiligen ein Besuch lohnt.\u00a0<\/strong><\/p>\n<p>Neben einem Spaziergang durch das Unterdorf mit seinen schmucken, \u00e4u\u00dferst bodenst\u00e4ndigen H\u00e4usern, ist ein Besuch des Friedhofes ein absolutes Muss bei jedem Aufenthalt in der kleinen, auf gut 1.200 Metern gelegenen, Gemeinde Lessach.\u00a0Denn aus der \u00dcberzeugung heraus, dass nach dem Ende des diesseitigen Lebens und an der Schwelle zum Jenseits jegliche Unterschiede an Rang oder Geld von den Menschen abfallen w\u00fcrden und schlussendlich ein jeder gleich vor seinen Sch\u00f6pfer zu treten hat, entstand hier eine weltweit einzigartige Ruhest\u00e4tte. Seit jeher wurden und werden auf dem Friedhof, der rund um die h\u00fcbsche Pfarrkirche liegt, alle Grabh\u00fcgel einheitlich rechteckig mit\u00a0schwarz und silbern bemalten L\u00e4rchenholzbrettern, Sarchen genannt, eingefasst, die mit Spr\u00fcchen versehen sind. Als Grabschmuck dienen kunstvoll verzierte Schmiedeeisenkreuze, die den Namen des Verstorbenen tragen. Damit diese Besonderheit auch in Zukunft bestehen und erhalten werden kann, hat man sich in Lessach dazu entschieden, diesen Brauch durch spezielle Punkte in der Friedhofsordnung festzuhalten.\u00a0<br \/><a href=\"https:\/\/www.salzburgerland.com\/de\/magazin\/wp-content\/uploads\/2015\/11\/Friedhof_Lessach-1.jpg\"><img loading=\"lazy\" decoding=\"async\" class=\"alignnone wp-image-103148 size-singlePost\" src=\"https:\/\/www.salzburgerland.com\/de\/magazin\/wp-content\/uploads\/2015\/11\/Friedhof_Lessach-1-650x435.jpg\" alt=\"Friedhof_Lessach 1\" width=\"650\" height=\"435\" \/><\/a><br \/>Im Beinhaus an der Nordseite der Kirche, wird man ebenfalls an die Verg\u00e4nglichkeit des Lebens und die Gleichheit aller Menschen erinnert. Hier werden die Gebeine der Verstorbenen aufbewahrt. Fr\u00fcher ist es \u00fcblich gewesen, die Toten nicht in Familiengr\u00e4bern beizusetzen, sondern der Reihe nach in Einzelgr\u00e4bern. Wenn der Friedhof voll belegt war, sind die jeweils \u00e4ltesten Gr\u00e4ber wieder ge\u00f6ffnet, die Gebeine ausgegraben und im Beinhaus aufbewahrt worden, um Platz f\u00fcr die n\u00e4chsten Beerdigungen zu schaffen.\u00a0Alle Totensch\u00e4del sind v\u00f6llig gleich und nicht wie an anderen Orten dieser Art, kunstvoll verziert und durch Aufschriften an die Stellung und den Rang in der Welt erinnernd.\u00a0<\/p>\n<p>Wer sich den Friedhof gerne einmal genauer ansehen und auch in seine Geheimnisse eintauchen m\u00f6chte, der hat bei Friedhofsf\u00fchrungen immer wieder die Chance dazu. Genaue Infos und Termine finden Sie <a href=\"http:\/\/lessach.riskommunal.net\/system\/web\/default.aspx?sprache=1\" target=\"_blank\">hier<\/a>.\u00a0<br \/><a href=\"https:\/\/www.salzburgerland.com\/de\/magazin\/wp-content\/uploads\/2015\/11\/Friedhof_Lessach-3.jpg\"><img loading=\"lazy\" decoding=\"async\" class=\"alignnone wp-image-103150 size-singlePost\" src=\"https:\/\/www.salzburgerland.com\/de\/magazin\/wp-content\/uploads\/2015\/11\/Friedhof_Lessach-3-650x435.jpg\" alt=\"Friedhof_Lessach 3\" width=\"650\" height=\"435\" \/><\/a><\/p>\n","protected":false},"excerpt":{"rendered":"<p>Auch wenn Lessach einer der kleinsten und h\u00f6chstgelegensten Bergbauernd\u00f6rfer \u00d6sterreichs ist, so gilt\u00a0doch\u00a0der \u00f6rtliche Friedhof als weltweit einzigartig und kunsthistorisch von gro\u00dfem Wert. Ganz nach dem Grundsatz &#8218;vor Gott sind alle Menschen gleich&#8216;, werden hier seit dem 17. Jahrhundert alle Gr\u00e4ber, sogenannte Truhengrabm\u00e4hler, gleich und einheitlich gestaltet. Ein interessanter Ort des Friedens und der Ruhe, [&hellip;]<\/p>\n","protected":false},"author":505,"featured_media":103149,"comment_status":"open","ping_status":"open","sticky":false,"template":"","format":"standard","meta":{"_acf_changed":false,"wl_entities_gutenberg":"","_wl_entity_redirect_enabled":"","footnotes":""},"categories":[9],"tags":[],"wl_entity_type":[306],"monatsauswahl":[82,83,84,85,86,87,88,89,90,91,92,93],"class_list":["post-102841","post","type-post","status-publish","format-standard","has-post-thumbnail","hentry","category-sehenswurdig","wl_entity_type-article","monatsauswahl-monat_1","monatsauswahl-monat_2","monatsauswahl-monat_3","monatsauswahl-monat_4","monatsauswahl-monat_5","monatsauswahl-monat_6","monatsauswahl-monat_7","monatsauswahl-monat_8","monatsauswahl-monat_9","monatsauswahl-monat_10","monatsauswahl-monat_11","monatsauswahl-monat_12"],"acf":[],"yoast_head":"<!-- This site is optimized with the Yoast SEO Premium plugin v27.4 (Yoast SEO v27.4) - https:\/\/yoast.com\/product\/yoast-seo-premium-wordpress\/ -->\n<title>Der Friedhof von Lessach - SalzburgerLand Magazin<\/title>\n<meta name=\"description\" content=\"Auch wenn Lessach einer der kleinsten und h\u00f6chstgelegensten Bergbauernd\u00f6rfer \u00d6sterreichs ist, so gilt\u00a0doch\u00a0der \u00f6rtliche Friedhof als weltweit einzigartig und kunsthistorisch von gro\u00dfem Wert. Ganz nach dem Grundsatz &#8218;vor Gott sind alle Menschen gleich&#8216;, werden hier seit dem 17. Jahrhundert alle Gr\u00e4ber, sogenannte Truhengrabm\u00e4hler, gleich und einheitlich gestaltet. Ein interessanter Ort des Friedens und der Ruhe, [&hellip;]\" \/>\n<meta name=\"robots\" content=\"index, follow, max-snippet:-1, max-image-preview:large, max-video-preview:-1\" \/>\n<link rel=\"canonical\" href=\"https:\/\/www.salzburgerland.com\/de\/magazin\/der-friedhof-von-lessach\/\" \/>\n<meta property=\"og:locale\" content=\"de_DE\" \/>\n<meta property=\"og:type\" content=\"article\" \/>\n<meta property=\"og:title\" content=\"Der Friedhof von Lessach\" \/>\n<meta property=\"og:description\" content=\"Auch wenn Lessach einer der kleinsten und h\u00f6chstgelegensten Bergbauernd\u00f6rfer \u00d6sterreichs ist, so gilt\u00a0doch\u00a0der \u00f6rtliche Friedhof als weltweit einzigartig und kunsthistorisch von gro\u00dfem Wert. Ganz nach dem Grundsatz &#8218;vor Gott sind alle Menschen gleich&#8216;, werden hier seit dem 17. Jahrhundert alle Gr\u00e4ber, sogenannte Truhengrabm\u00e4hler, gleich und einheitlich gestaltet. Ein interessanter Ort des Friedens und der Ruhe, [&hellip;]\" \/>\n<meta property=\"og:url\" content=\"https:\/\/www.salzburgerland.com\/de\/magazin\/der-friedhof-von-lessach\/\" \/>\n<meta property=\"og:site_name\" content=\"SalzburgerLand Magazin\" \/>\n<meta property=\"article:publisher\" content=\"https:\/\/www.facebook.com\/salzburgerland\/\" \/>\n<meta property=\"article:published_time\" content=\"2015-11-19T16:00:50+00:00\" \/>\n<meta property=\"og:image\" content=\"https:\/\/www.salzburgerland.com\/de\/magazin\/wp-content\/uploads\/2015\/11\/Friedhof_Lessach-2.jpg\" \/>\n\t<meta property=\"og:image:width\" content=\"1280\" \/>\n\t<meta property=\"og:image:height\" content=\"960\" \/>\n\t<meta property=\"og:image:type\" content=\"image\/jpeg\" \/>\n<meta name=\"author\" content=\"Peter Zeitlhofer\" \/>\n<meta name=\"twitter:card\" content=\"summary_large_image\" \/>\n<meta name=\"twitter:creator\" content=\"@Salzburgerland\" \/>\n<meta name=\"twitter:site\" content=\"@Salzburgerland\" \/>\n<meta name=\"twitter:label1\" content=\"Verfasst von\" \/>\n\t<meta name=\"twitter:data1\" content=\"Peter Zeitlhofer\" \/>\n\t<meta name=\"twitter:label2\" content=\"Gesch\u00e4tzte Lesezeit\" \/>\n\t<meta name=\"twitter:data2\" content=\"2\u00a0Minuten\" \/>\n<script type=\"application\/ld+json\" class=\"yoast-schema-graph\">{\"@context\":\"https:\\\/\\\/schema.org\",\"@graph\":[{\"@type\":\"Article\",\"@id\":\"https:\\\/\\\/www.salzburgerland.com\\\/de\\\/magazin\\\/der-friedhof-von-lessach\\\/#article\",\"isPartOf\":{\"@id\":\"https:\\\/\\\/www.salzburgerland.com\\\/de\\\/magazin\\\/der-friedhof-von-lessach\\\/\"},\"author\":{\"name\":\"Peter Zeitlhofer\",\"@id\":\"https:\\\/\\\/www.salzburgerland.com\\\/de\\\/magazin\\\/#\\\/schema\\\/person\\\/ebd2c9f244aeea71e30f3b5d5e309de4\"},\"headline\":\"Der Friedhof von Lessach\",\"datePublished\":\"2015-11-19T16:00:50+00:00\",\"mainEntityOfPage\":{\"@id\":\"https:\\\/\\\/www.salzburgerland.com\\\/de\\\/magazin\\\/der-friedhof-von-lessach\\\/\"},\"wordCount\":380,\"commentCount\":0,\"publisher\":{\"@id\":\"https:\\\/\\\/www.salzburgerland.com\\\/de\\\/magazin\\\/#organization\"},\"image\":{\"@id\":\"https:\\\/\\\/www.salzburgerland.com\\\/de\\\/magazin\\\/der-friedhof-von-lessach\\\/#primaryimage\"},\"thumbnailUrl\":\"https:\\\/\\\/www.salzburgerland.com\\\/de\\\/magazin\\\/wp-content\\\/uploads\\\/2015\\\/11\\\/Friedhof_Lessach-2.jpg\",\"articleSection\":[\"Sehensw\u00fcrdig\"],\"inLanguage\":\"de\",\"potentialAction\":[{\"@type\":\"CommentAction\",\"name\":\"Comment\",\"target\":[\"https:\\\/\\\/www.salzburgerland.com\\\/de\\\/magazin\\\/der-friedhof-von-lessach\\\/#respond\"]}]},{\"@type\":\"WebPage\",\"@id\":\"https:\\\/\\\/www.salzburgerland.com\\\/de\\\/magazin\\\/der-friedhof-von-lessach\\\/\",\"url\":\"https:\\\/\\\/www.salzburgerland.com\\\/de\\\/magazin\\\/der-friedhof-von-lessach\\\/\",\"name\":\"Der Friedhof von Lessach - SalzburgerLand Magazin\",\"isPartOf\":{\"@id\":\"https:\\\/\\\/www.salzburgerland.com\\\/de\\\/magazin\\\/#website\"},\"primaryImageOfPage\":{\"@id\":\"https:\\\/\\\/www.salzburgerland.com\\\/de\\\/magazin\\\/der-friedhof-von-lessach\\\/#primaryimage\"},\"image\":{\"@id\":\"https:\\\/\\\/www.salzburgerland.com\\\/de\\\/magazin\\\/der-friedhof-von-lessach\\\/#primaryimage\"},\"thumbnailUrl\":\"https:\\\/\\\/www.salzburgerland.com\\\/de\\\/magazin\\\/wp-content\\\/uploads\\\/2015\\\/11\\\/Friedhof_Lessach-2.jpg\",\"datePublished\":\"2015-11-19T16:00:50+00:00\",\"breadcrumb\":{\"@id\":\"https:\\\/\\\/www.salzburgerland.com\\\/de\\\/magazin\\\/der-friedhof-von-lessach\\\/#breadcrumb\"},\"inLanguage\":\"de\",\"potentialAction\":[{\"@type\":\"ReadAction\",\"target\":[\"https:\\\/\\\/www.salzburgerland.com\\\/de\\\/magazin\\\/der-friedhof-von-lessach\\\/\"]}]},{\"@type\":\"ImageObject\",\"inLanguage\":\"de\",\"@id\":\"https:\\\/\\\/www.salzburgerland.com\\\/de\\\/magazin\\\/der-friedhof-von-lessach\\\/#primaryimage\",\"url\":\"https:\\\/\\\/www.salzburgerland.com\\\/de\\\/magazin\\\/wp-content\\\/uploads\\\/2015\\\/11\\\/Friedhof_Lessach-2.jpg\",\"contentUrl\":\"https:\\\/\\\/www.salzburgerland.com\\\/de\\\/magazin\\\/wp-content\\\/uploads\\\/2015\\\/11\\\/Friedhof_Lessach-2.jpg\",\"width\":1280,\"height\":960,\"caption\":\"Friedhof mit verschn\u00f6rkelten Metallkreuzen und blumengeschm\u00fcckten Gr\u00e4bern an einem sonnigen Tag.\"},{\"@type\":\"BreadcrumbList\",\"@id\":\"https:\\\/\\\/www.salzburgerland.com\\\/de\\\/magazin\\\/der-friedhof-von-lessach\\\/#breadcrumb\",\"itemListElement\":[{\"@type\":\"ListItem\",\"position\":1,\"name\":\"Startseite\",\"item\":\"https:\\\/\\\/www.salzburgerland.com\\\/de\\\/magazin\\\/\"},{\"@type\":\"ListItem\",\"position\":2,\"name\":\"Sehensw\u00fcrdig\",\"item\":\"https:\\\/\\\/www.salzburgerland.com\\\/de\\\/magazin\\\/thema\\\/sehenswurdig\\\/\"},{\"@type\":\"ListItem\",\"position\":3,\"name\":\"Der Friedhof von Lessach\"}]},{\"@type\":\"WebSite\",\"@id\":\"https:\\\/\\\/www.salzburgerland.com\\\/de\\\/magazin\\\/#website\",\"url\":\"https:\\\/\\\/www.salzburgerland.com\\\/de\\\/magazin\\\/\",\"name\":\"SalzburgerLand Magazin\",\"description\":\"Geschichten und Interessantes aus dem SalzburgerLand\",\"publisher\":{\"@id\":\"https:\\\/\\\/www.salzburgerland.com\\\/de\\\/magazin\\\/#organization\"},\"potentialAction\":[{\"@type\":\"SearchAction\",\"target\":{\"@type\":\"EntryPoint\",\"urlTemplate\":\"https:\\\/\\\/www.salzburgerland.com\\\/de\\\/magazin\\\/?s={search_term_string}\"},\"query-input\":{\"@type\":\"PropertyValueSpecification\",\"valueRequired\":true,\"valueName\":\"search_term_string\"}}],\"inLanguage\":\"de\"},{\"@type\":\"Organization\",\"@id\":\"https:\\\/\\\/www.salzburgerland.com\\\/de\\\/magazin\\\/#organization\",\"name\":\"SalzburgerLand Tourismus\",\"url\":\"https:\\\/\\\/www.salzburgerland.com\\\/de\\\/magazin\\\/\",\"logo\":{\"@type\":\"ImageObject\",\"inLanguage\":\"de\",\"@id\":\"https:\\\/\\\/www.salzburgerland.com\\\/de\\\/magazin\\\/#\\\/schema\\\/logo\\\/image\\\/\",\"url\":\"https:\\\/\\\/www.salzburgerland.com\\\/de\\\/magazin\\\/wp-content\\\/uploads\\\/2019\\\/06\\\/salzburgerland-logo1.jpg\",\"contentUrl\":\"https:\\\/\\\/www.salzburgerland.com\\\/de\\\/magazin\\\/wp-content\\\/uploads\\\/2019\\\/06\\\/salzburgerland-logo1.jpg\",\"width\":2011,\"height\":866,\"caption\":\"SalzburgerLand Tourismus\"},\"image\":{\"@id\":\"https:\\\/\\\/www.salzburgerland.com\\\/de\\\/magazin\\\/#\\\/schema\\\/logo\\\/image\\\/\"},\"sameAs\":[\"https:\\\/\\\/www.facebook.com\\\/salzburgerland\\\/\",\"https:\\\/\\\/x.com\\\/Salzburgerland\",\"https:\\\/\\\/www.instagram.com\\\/salzburgerland\\\/\",\"https:\\\/\\\/at.linkedin.com\\\/company\\\/salzburgerland-tourismus-gmbh\",\"https:\\\/\\\/www.pinterest.at\\\/salzburgerland\\\/\",\"https:\\\/\\\/www.youtube.com\\\/user\\\/salzburgerland\",\"https:\\\/\\\/de.wikipedia.org\\\/wiki\\\/SalzburgerLand_Tourismus_GmbH\"]},{\"@type\":\"Person\",\"@id\":\"https:\\\/\\\/www.salzburgerland.com\\\/de\\\/magazin\\\/#\\\/schema\\\/person\\\/ebd2c9f244aeea71e30f3b5d5e309de4\",\"name\":\"Peter Zeitlhofer\",\"description\":\"'Von Neugier getrieben' - diese Worte kommen Peter Zeitlhofer wohl schon ziemlich nahe. Egal ob am Segelboot, im Tiefschnee, unterwegs in Stadt und Land, oder auf einer seinen vielen Reisen - er ist immer auf der Suche nach Neuem, nach dem Besonderen, probiert so ziemlich alles aus und liebt es, dar\u00fcber zu reden und zu berichten. Womit man auch schon fast bei seiner zweiten Leidenschaft w\u00e4re - dem Schreiben. Immer und \u00fcberall ausgestattet\u00a0mit seinem Notebook, hat der Salzburger, mit Wurzeln am Attersee, sein Office\u00a0im wahrsten Sinne des Wortes unterm Arm und k\u00f6nnte sich nichts besseres vorstellen, als die Geschichten dort zu erz\u00e4hlen, wo sie passieren. Fr\u00fchling, Sommer, Herbst oder Winter? Als Mensch der Extreme, mag ich auch bei den Jahreszeiten den Sommer und den Winter am liebsten. Obwohl nat\u00fcrlich auch der Fr\u00fchling seine Reize hat. Aber der Herbst? Rindsroulade vom Pinzgauer Biorind oder Saibling fangfrisch aus dem Fuschlsee? Immer diese Entscheidungen! Kann ich auch beides haben? Mundharmonika oder Stradivari? Weder noch - als Gitarrist k\u00f6nnte ich mit beiden Instrumenten nichts anfangen. Lederhose oder Smoking? Eindeutig Lederhose, die bei mir mittlerweile sogar den Einzug in den sommerlichen Alltag gefunden hat. Und der LederhosnDonnerstag ist \u00a0ohnehin Pflicht. Alpinski, Offpist oder Skitour? Hauptsache rauf auf den Berg! Was dann tats\u00e4chlich auf dem Programm steht ist zweitrangig. Nur so viel: wenn der Schnee passt, dann h\u00e4lt mich nichts oder niemand auf der Piste. Bergtour oder Seentour? F\u00fcr mich gibt es im Sommer nichts Sch\u00f6neres, als mit dem Segelboot auf unseren herrlichen Seen unterwegs zu sein. Also wenn ich die Wahl habe, dann nehme ich im Sommer die Berge h\u00f6chstens als Kulisse. Haubenlokal oder Ab-Hof-Laden? Auch hier nehme ich von beidem ein bisschen. Aber bei der Oma schmeckt's dann doch am besten.\",\"url\":\"https:\\\/\\\/www.salzburgerland.com\\\/de\\\/magazin\\\/author\\\/peter-zeitlhofer\\\/\"}]}<\/script>\n<!-- \/ Yoast SEO Premium plugin. -->","yoast_head_json":{"title":"Der Friedhof von Lessach - SalzburgerLand Magazin","description":"Auch wenn Lessach einer der kleinsten und h\u00f6chstgelegensten Bergbauernd\u00f6rfer \u00d6sterreichs ist, so gilt\u00a0doch\u00a0der \u00f6rtliche Friedhof als weltweit einzigartig und kunsthistorisch von gro\u00dfem Wert. Ganz nach dem Grundsatz &#8218;vor Gott sind alle Menschen gleich&#8216;, werden hier seit dem 17. Jahrhundert alle Gr\u00e4ber, sogenannte Truhengrabm\u00e4hler, gleich und einheitlich gestaltet. Ein interessanter Ort des Friedens und der Ruhe, [&hellip;]","robots":{"index":"index","follow":"follow","max-snippet":"max-snippet:-1","max-image-preview":"max-image-preview:large","max-video-preview":"max-video-preview:-1"},"canonical":"https:\/\/www.salzburgerland.com\/de\/magazin\/der-friedhof-von-lessach\/","og_locale":"de_DE","og_type":"article","og_title":"Der Friedhof von Lessach","og_description":"Auch wenn Lessach einer der kleinsten und h\u00f6chstgelegensten Bergbauernd\u00f6rfer \u00d6sterreichs ist, so gilt\u00a0doch\u00a0der \u00f6rtliche Friedhof als weltweit einzigartig und kunsthistorisch von gro\u00dfem Wert. Ganz nach dem Grundsatz &#8218;vor Gott sind alle Menschen gleich&#8216;, werden hier seit dem 17. Jahrhundert alle Gr\u00e4ber, sogenannte Truhengrabm\u00e4hler, gleich und einheitlich gestaltet. Ein interessanter Ort des Friedens und der Ruhe, [&hellip;]","og_url":"https:\/\/www.salzburgerland.com\/de\/magazin\/der-friedhof-von-lessach\/","og_site_name":"SalzburgerLand Magazin","article_publisher":"https:\/\/www.facebook.com\/salzburgerland\/","article_published_time":"2015-11-19T16:00:50+00:00","og_image":[{"width":1280,"height":960,"url":"https:\/\/www.salzburgerland.com\/de\/magazin\/wp-content\/uploads\/2015\/11\/Friedhof_Lessach-2.jpg","type":"image\/jpeg"}],"author":"Peter Zeitlhofer","twitter_card":"summary_large_image","twitter_creator":"@Salzburgerland","twitter_site":"@Salzburgerland","twitter_misc":{"Verfasst von":"Peter Zeitlhofer","Gesch\u00e4tzte Lesezeit":"2\u00a0Minuten"},"schema":{"@context":"https:\/\/schema.org","@graph":[{"@type":"Article","@id":"https:\/\/www.salzburgerland.com\/de\/magazin\/der-friedhof-von-lessach\/#article","isPartOf":{"@id":"https:\/\/www.salzburgerland.com\/de\/magazin\/der-friedhof-von-lessach\/"},"author":{"name":"Peter Zeitlhofer","@id":"https:\/\/www.salzburgerland.com\/de\/magazin\/#\/schema\/person\/ebd2c9f244aeea71e30f3b5d5e309de4"},"headline":"Der Friedhof von Lessach","datePublished":"2015-11-19T16:00:50+00:00","mainEntityOfPage":{"@id":"https:\/\/www.salzburgerland.com\/de\/magazin\/der-friedhof-von-lessach\/"},"wordCount":380,"commentCount":0,"publisher":{"@id":"https:\/\/www.salzburgerland.com\/de\/magazin\/#organization"},"image":{"@id":"https:\/\/www.salzburgerland.com\/de\/magazin\/der-friedhof-von-lessach\/#primaryimage"},"thumbnailUrl":"https:\/\/www.salzburgerland.com\/de\/magazin\/wp-content\/uploads\/2015\/11\/Friedhof_Lessach-2.jpg","articleSection":["Sehensw\u00fcrdig"],"inLanguage":"de","potentialAction":[{"@type":"CommentAction","name":"Comment","target":["https:\/\/www.salzburgerland.com\/de\/magazin\/der-friedhof-von-lessach\/#respond"]}]},{"@type":"WebPage","@id":"https:\/\/www.salzburgerland.com\/de\/magazin\/der-friedhof-von-lessach\/","url":"https:\/\/www.salzburgerland.com\/de\/magazin\/der-friedhof-von-lessach\/","name":"Der Friedhof von Lessach - SalzburgerLand Magazin","isPartOf":{"@id":"https:\/\/www.salzburgerland.com\/de\/magazin\/#website"},"primaryImageOfPage":{"@id":"https:\/\/www.salzburgerland.com\/de\/magazin\/der-friedhof-von-lessach\/#primaryimage"},"image":{"@id":"https:\/\/www.salzburgerland.com\/de\/magazin\/der-friedhof-von-lessach\/#primaryimage"},"thumbnailUrl":"https:\/\/www.salzburgerland.com\/de\/magazin\/wp-content\/uploads\/2015\/11\/Friedhof_Lessach-2.jpg","datePublished":"2015-11-19T16:00:50+00:00","breadcrumb":{"@id":"https:\/\/www.salzburgerland.com\/de\/magazin\/der-friedhof-von-lessach\/#breadcrumb"},"inLanguage":"de","potentialAction":[{"@type":"ReadAction","target":["https:\/\/www.salzburgerland.com\/de\/magazin\/der-friedhof-von-lessach\/"]}]},{"@type":"ImageObject","inLanguage":"de","@id":"https:\/\/www.salzburgerland.com\/de\/magazin\/der-friedhof-von-lessach\/#primaryimage","url":"https:\/\/www.salzburgerland.com\/de\/magazin\/wp-content\/uploads\/2015\/11\/Friedhof_Lessach-2.jpg","contentUrl":"https:\/\/www.salzburgerland.com\/de\/magazin\/wp-content\/uploads\/2015\/11\/Friedhof_Lessach-2.jpg","width":1280,"height":960,"caption":"Friedhof mit verschn\u00f6rkelten Metallkreuzen und blumengeschm\u00fcckten Gr\u00e4bern an einem sonnigen Tag."},{"@type":"BreadcrumbList","@id":"https:\/\/www.salzburgerland.com\/de\/magazin\/der-friedhof-von-lessach\/#breadcrumb","itemListElement":[{"@type":"ListItem","position":1,"name":"Startseite","item":"https:\/\/www.salzburgerland.com\/de\/magazin\/"},{"@type":"ListItem","position":2,"name":"Sehensw\u00fcrdig","item":"https:\/\/www.salzburgerland.com\/de\/magazin\/thema\/sehenswurdig\/"},{"@type":"ListItem","position":3,"name":"Der Friedhof von Lessach"}]},{"@type":"WebSite","@id":"https:\/\/www.salzburgerland.com\/de\/magazin\/#website","url":"https:\/\/www.salzburgerland.com\/de\/magazin\/","name":"SalzburgerLand Magazin","description":"Geschichten und Interessantes aus dem SalzburgerLand","publisher":{"@id":"https:\/\/www.salzburgerland.com\/de\/magazin\/#organization"},"potentialAction":[{"@type":"SearchAction","target":{"@type":"EntryPoint","urlTemplate":"https:\/\/www.salzburgerland.com\/de\/magazin\/?s={search_term_string}"},"query-input":{"@type":"PropertyValueSpecification","valueRequired":true,"valueName":"search_term_string"}}],"inLanguage":"de"},{"@type":"Organization","@id":"https:\/\/www.salzburgerland.com\/de\/magazin\/#organization","name":"SalzburgerLand Tourismus","url":"https:\/\/www.salzburgerland.com\/de\/magazin\/","logo":{"@type":"ImageObject","inLanguage":"de","@id":"https:\/\/www.salzburgerland.com\/de\/magazin\/#\/schema\/logo\/image\/","url":"https:\/\/www.salzburgerland.com\/de\/magazin\/wp-content\/uploads\/2019\/06\/salzburgerland-logo1.jpg","contentUrl":"https:\/\/www.salzburgerland.com\/de\/magazin\/wp-content\/uploads\/2019\/06\/salzburgerland-logo1.jpg","width":2011,"height":866,"caption":"SalzburgerLand Tourismus"},"image":{"@id":"https:\/\/www.salzburgerland.com\/de\/magazin\/#\/schema\/logo\/image\/"},"sameAs":["https:\/\/www.facebook.com\/salzburgerland\/","https:\/\/x.com\/Salzburgerland","https:\/\/www.instagram.com\/salzburgerland\/","https:\/\/at.linkedin.com\/company\/salzburgerland-tourismus-gmbh","https:\/\/www.pinterest.at\/salzburgerland\/","https:\/\/www.youtube.com\/user\/salzburgerland","https:\/\/de.wikipedia.org\/wiki\/SalzburgerLand_Tourismus_GmbH"]},{"@type":"Person","@id":"https:\/\/www.salzburgerland.com\/de\/magazin\/#\/schema\/person\/ebd2c9f244aeea71e30f3b5d5e309de4","name":"Peter Zeitlhofer","description":"'Von Neugier getrieben' - diese Worte kommen Peter Zeitlhofer wohl schon ziemlich nahe. Egal ob am Segelboot, im Tiefschnee, unterwegs in Stadt und Land, oder auf einer seinen vielen Reisen - er ist immer auf der Suche nach Neuem, nach dem Besonderen, probiert so ziemlich alles aus und liebt es, dar\u00fcber zu reden und zu berichten. Womit man auch schon fast bei seiner zweiten Leidenschaft w\u00e4re - dem Schreiben. Immer und \u00fcberall ausgestattet\u00a0mit seinem Notebook, hat der Salzburger, mit Wurzeln am Attersee, sein Office\u00a0im wahrsten Sinne des Wortes unterm Arm und k\u00f6nnte sich nichts besseres vorstellen, als die Geschichten dort zu erz\u00e4hlen, wo sie passieren. Fr\u00fchling, Sommer, Herbst oder Winter? Als Mensch der Extreme, mag ich auch bei den Jahreszeiten den Sommer und den Winter am liebsten. Obwohl nat\u00fcrlich auch der Fr\u00fchling seine Reize hat. Aber der Herbst? Rindsroulade vom Pinzgauer Biorind oder Saibling fangfrisch aus dem Fuschlsee? Immer diese Entscheidungen! Kann ich auch beides haben? Mundharmonika oder Stradivari? Weder noch - als Gitarrist k\u00f6nnte ich mit beiden Instrumenten nichts anfangen. Lederhose oder Smoking? Eindeutig Lederhose, die bei mir mittlerweile sogar den Einzug in den sommerlichen Alltag gefunden hat. Und der LederhosnDonnerstag ist \u00a0ohnehin Pflicht. Alpinski, Offpist oder Skitour? Hauptsache rauf auf den Berg! Was dann tats\u00e4chlich auf dem Programm steht ist zweitrangig. Nur so viel: wenn der Schnee passt, dann h\u00e4lt mich nichts oder niemand auf der Piste. Bergtour oder Seentour? F\u00fcr mich gibt es im Sommer nichts Sch\u00f6neres, als mit dem Segelboot auf unseren herrlichen Seen unterwegs zu sein. Also wenn ich die Wahl habe, dann nehme ich im Sommer die Berge h\u00f6chstens als Kulisse. Haubenlokal oder Ab-Hof-Laden? Auch hier nehme ich von beidem ein bisschen. Aber bei der Oma schmeckt's dann doch am besten.","url":"https:\/\/www.salzburgerland.com\/de\/magazin\/author\/peter-zeitlhofer\/"}]}},"_wl_alt_label":[],"wl:entity_url":"http:\/\/open.salzburgerland.com\/magazin\/post\/der_friedhof_von_lessach","_links":{"self":[{"href":"https:\/\/www.salzburgerland.com\/de\/magazin\/wp-json\/wp\/v2\/posts\/102841","targetHints":{"allow":["GET"]}}],"collection":[{"href":"https:\/\/www.salzburgerland.com\/de\/magazin\/wp-json\/wp\/v2\/posts"}],"about":[{"href":"https:\/\/www.salzburgerland.com\/de\/magazin\/wp-json\/wp\/v2\/types\/post"}],"author":[{"embeddable":true,"href":"https:\/\/www.salzburgerland.com\/de\/magazin\/wp-json\/wp\/v2\/users\/505"}],"replies":[{"embeddable":true,"href":"https:\/\/www.salzburgerland.com\/de\/magazin\/wp-json\/wp\/v2\/comments?post=102841"}],"version-history":[{"count":0,"href":"https:\/\/www.salzburgerland.com\/de\/magazin\/wp-json\/wp\/v2\/posts\/102841\/revisions"}],"wp:featuredmedia":[{"embeddable":true,"href":"https:\/\/www.salzburgerland.com\/de\/magazin\/wp-json\/wp\/v2\/media\/103149"}],"wp:attachment":[{"href":"https:\/\/www.salzburgerland.com\/de\/magazin\/wp-json\/wp\/v2\/media?parent=102841"}],"wp:term":[{"taxonomy":"category","embeddable":true,"href":"https:\/\/www.salzburgerland.com\/de\/magazin\/wp-json\/wp\/v2\/categories?post=102841"},{"taxonomy":"post_tag","embeddable":true,"href":"https:\/\/www.salzburgerland.com\/de\/magazin\/wp-json\/wp\/v2\/tags?post=102841"},{"taxonomy":"wl_entity_type","embeddable":true,"href":"https:\/\/www.salzburgerland.com\/de\/magazin\/wp-json\/wp\/v2\/wl_entity_type?post=102841"},{"taxonomy":"monatsauswahl","embeddable":true,"href":"https:\/\/www.salzburgerland.com\/de\/magazin\/wp-json\/wp\/v2\/monatsauswahl?post=102841"}],"curies":[{"name":"wp","href":"https:\/\/api.w.org\/{rel}","templated":true}]}}