{"id":102816,"date":"2020-11-18T07:00:15","date_gmt":"2020-11-18T06:00:15","guid":{"rendered":"http:\/\/magazin.salzburgerland.com\/?p=102816"},"modified":"2020-12-01T07:07:31","modified_gmt":"2020-12-01T06:07:31","slug":"buchtipp-weihnachtskrimis","status":"publish","type":"post","link":"https:\/\/www.salzburgerland.com\/de\/magazin\/buchtipp-weihnachtskrimis\/","title":{"rendered":"Buchtipp: Weihnachtskrimis"},"content":{"rendered":"\n<h2 class=\"wp-block-slt-subtitle\">Perfekte Lekt\u00fcre f\u00fcr Krimifans.<\/h2>\n\n\n\n<p class=\"wp-block-slt-intro\">Manfred Baumanns Kurzkrimis in \u201eMaroni, Mord und Hallelujah\u201c sowie in &#8222;Englein, Mord und Christbaumkugel&#8220; sind die perfekte (Weihnachts)Geschenk-Idee f\u00fcr Krimi- und Salzburgfans.<\/p>\n\n\n\n<h2 class=\"wp-block-heading\" id=\"h-maroni-mord-und-hallelujah\"><strong>Maroni, Mord und Hallelujah<\/strong><\/h2>\n\n\n\n<figure class=\"wp-block-image size-large\"><img loading=\"lazy\" decoding=\"async\" width=\"1200\" height=\"800\" src=\"https:\/\/www.salzburgerland.com\/de\/magazin\/wp-content\/uploads\/2015\/10\/Titel.jpg\" alt=\"Buchcover von Maroni, Mord und Hallelujah \u00fcber einem Weihnachtsmarkt vor einer gro\u00dfen historischen Kirche.\" class=\"wp-image-102822\" srcset=\"https:\/\/www.salzburgerland.com\/de\/magazin\/wp-content\/uploads\/2015\/10\/Titel.jpg 1200w, https:\/\/www.salzburgerland.com\/de\/magazin\/wp-content\/uploads\/2015\/10\/Titel-300x200.jpg 300w, https:\/\/www.salzburgerland.com\/de\/magazin\/wp-content\/uploads\/2015\/10\/Titel-825x550.jpg 825w, https:\/\/www.salzburgerland.com\/de\/magazin\/wp-content\/uploads\/2015\/10\/Titel-600x400.jpg 600w\" sizes=\"auto, (max-width: 1200px) 100vw, 1200px\" \/><\/figure>\n\n\n\n<p>\u201eHalleee! Halleee! Hallehelluuujah! Eine Schar kleiner Gestalten st\u00fcrmte aus der Gasse zwischen Gl\u00fchweinh\u00fctte und Duftkerzenstand, gekleidet in bunte Joppen und Schaffelljacken, mit Hirtenst\u00f6cken und Musikinstrumenten. (\u2026) Gleich hinter den Hirtenkindern tauchten weitere Gestalten auf, riesig, zottelig, furchteinfl\u00f6\u00dfend. (\u2026) Die Perchten aus Gastein. Sie machten mit ihren umgeschnallten, riesigen Kuhglocken einen H\u00f6llenl\u00e4rm. Kommissar Merana hatte gelesen, dass die finsteren Gestalten heute ihren Auftritt am Salzburger Christkindlmarkt h\u00e4tten. (\u2026) Hoffentlich dreht die Frau mit der Pistole jetzt nicht ganz durch.\u201c&#8230;.<\/p>\n\n\n\n<p>Hier wollen wir die weihnachtliche Idylle der Salzburger Altstadt verlassen. Ganz so ungetr\u00fcbt scheint die Stimmung ja doch nicht zu sein. Oder ist die Neugierde zu gro\u00df? Was k\u00f6nnte da am Salzburger Christkindlmarkt wohl passiert sein? Wer das herausfinden m\u00f6chte, der sollte sich Manfred Baumanns Buch \u201eMaroni, Mord und Hallelujah. Kriminelle Weihnachten\u201c widmen. <\/p>\n\n\n\n<p>F\u00fcr den&nbsp; charismatischen Kommissar Martin Merana wird der Weihnachtsfrieden erheblich getr\u00fcbt \u2013 muss er sich doch mitten in der ruhigsten Zeit des Jahres&nbsp; mit einem offenbar verr\u00fcckt gewordenen Christkind herumschlagen. Auch beim Backbewerb \u201eSalzburg sucht die Weihnachtskekserlfee\u201c l\u00e4uft nicht alles nach Plan und dann gilt es noch, ein italienisches Fernsehteam mit den teilweise unheimlich anmutenden Br\u00e4uchen rund um die Raun\u00e4chte vertraut zu machen. Zum Gl\u00fcck kann Kommissar Merana in den vier Kurzkrimis des Buches auf sein erfahrenes Team zur\u00fcckgreifen. Neben einer geh\u00f6rigen Portion an Spannung wird der Leser auch in so manches Salzburger Geheimnis eingeweiht.<\/p>\n\n\n\n<p><strong>Manfred Baumann: Maroni, Mord und Hallelujah<\/strong><br>2014; Gmeiner Verlag GmbH<br>ISBN 978-3-8392-1588-3<br>\u20ac 10,30<\/p>\n\n\n\n<h2 class=\"wp-block-heading\" id=\"h-englein-mord-christbaumkugel\">Englein, Mord &amp; Christbaumkugel<\/h2>\n\n\n\n<figure class=\"wp-block-image size-large\"><img loading=\"lazy\" decoding=\"async\" width=\"1920\" height=\"961\" src=\"https:\/\/www.salzburgerland.com\/de\/magazin\/wp-content\/uploads\/2015\/12\/Buchcover.jpg\" alt=\"Buchumschlag, \u00fcberlagert von einem festlich beleuchteten Weihnachtsmarkt vor einem geschm\u00fcckten historischen Geb\u00e4ude.\" class=\"wp-image-147446\" srcset=\"https:\/\/www.salzburgerland.com\/de\/magazin\/wp-content\/uploads\/2015\/12\/Buchcover.jpg 1920w, https:\/\/www.salzburgerland.com\/de\/magazin\/wp-content\/uploads\/2015\/12\/Buchcover-300x150.jpg 300w, https:\/\/www.salzburgerland.com\/de\/magazin\/wp-content\/uploads\/2015\/12\/Buchcover-1536x769.jpg 1536w, https:\/\/www.salzburgerland.com\/de\/magazin\/wp-content\/uploads\/2015\/12\/Buchcover-1099x550.jpg 1099w, https:\/\/www.salzburgerland.com\/de\/magazin\/wp-content\/uploads\/2015\/12\/Buchcover-799x400.jpg 799w, https:\/\/www.salzburgerland.com\/de\/magazin\/wp-content\/uploads\/2015\/12\/Buchcover-1320x661.jpg 1320w, https:\/\/www.salzburgerland.com\/de\/magazin\/wp-content\/uploads\/2015\/12\/Buchcover-150x75.jpg 150w\" sizes=\"auto, (max-width: 1920px) 100vw, 1920px\" \/><\/figure>\n\n\n\n<p>Ein m\u00f6rderischer Weihnachtszauber findet im weitl\u00e4ufigen Park des Schlosses Hellbrunn bei Salzburg statt. Adventlich gl\u00e4nzende H\u00fctten, Verkaufsst\u00e4nde und Musik ziehen zahlreiche G\u00e4ste aus nah und fern an. Mitten in diesem fr\u00f6hlichen Weihnachtstreiben taucht pl\u00f6tzlich ein Toter auf. Kommissar Merana trifft bei seiner Suche nach dem M\u00f6rder auf sonderbare Gestalten.<\/p>\n\n\n\n<p>&nbsp;\u201eWer klopfed an?\u201c Vier Frauen und drei M\u00e4nner sind in in einem kleinen Ort in der N\u00e4he der Stadt Salzburg in der Dunkelheit als \u201eAngl\u00f6ckler\u201c von Bauernhaus zu Bauernhaus unterwegs. Die biblischen Gestalten Josef und Maria singen adventliche Lieder und bitten &#8211; wie einst die Eltern des Jesukindes &#8211; um eine Herberge. Beim letzten Haus des Abends macht ihnen niemand auf. Der junge Bauer lebt nicht mehr\u2026<\/p>\n\n\n\n<p>In drei gewohnt humorvollen Kurzkrimis stellt Manfred Baumann Kommissar Merana vor ungew\u00f6hnliche Herausforderungen, die schr\u00e4g, ber\u00fchrend und \u00fcberraschend zugleich sind. Zudem webt er gekonnt \u00fcberlieferte Salzburger Br\u00e4uche der Weihnachts- und Vorweihnachtszeit in die Handlung ein.<\/p>\n\n\n\n<p><strong>Manfred Baumann<\/strong>: <strong>Englein, Mord und Christbaumkugel<\/strong><br>2020, Gmeiner Verlag<br>ISBN 978-3-8392-2711-4<br>\u20ac 12,00<\/p>\n\n\n\n<p>Weitere Infos zu den B\u00fcchern des Autors finden Sie unter<br><a rel=\"noopener noreferrer\" href=\"http:\/\/www.m-baumann.at\/\" target=\"_blank\">www.m-baumann.at<\/a>!<\/p>\n\n\n<div class=\"mag-gallery\"><div class=\"row\"><div class=\"col-6 col-sm-4\"><figure><a class=\"thumb-container\" href=\"https:\/\/www.salzburgerland.com\/de\/magazin\/wp-content\/uploads\/2015\/10\/domplatz3_salzburger_christ-1280x1024.jpg\">\t<picture><source media=\"(min-width: 576px)\" srcset=\"https:\/\/www.salzburgerland.com\/de\/magazin\/wp-content\/uploads\/2015\/10\/domplatz3_salzburger_christ-325x209.jpg 325w, https:\/\/www.salzburgerland.com\/de\/magazin\/wp-content\/uploads\/2015\/10\/domplatz3_salzburger_christ-249x160.jpg 249w\"><\/source><source media=\"(min-width: 0)\" srcset=\"https:\/\/www.salzburgerland.com\/de\/magazin\/wp-content\/uploads\/2015\/10\/domplatz3_salzburger_christ-249x160.jpg 249w, https:\/\/www.salzburgerland.com\/de\/magazin\/wp-content\/uploads\/2015\/10\/domplatz3_salzburger_christ-325x209.jpg 325w\"><\/source><img decoding=\"async\" alt=\"Ein festlicher Weihnachtsmarkt mit vielen Menschen und Lichtern vor einer gro&szlig;en Kathedrale in der Abendd&auml;mmerung.\" src=\"https:\/\/www.salzburgerland.com\/de\/magazin\/wp-content\/uploads\/2015\/10\/domplatz3_salzburger_christ.jpg\">\t<\/picture><\/a><\/figure><\/div><div class=\"col-6 col-sm-4\"><figure><a class=\"thumb-container\" href=\"https:\/\/www.salzburgerland.com\/de\/magazin\/wp-content\/uploads\/2015\/10\/aussteller_standl_salzburger-christkindlmarkt_960px-1280x1024.jpg\">\t<picture><source media=\"(min-width: 576px)\" srcset=\"https:\/\/www.salzburgerland.com\/de\/magazin\/wp-content\/uploads\/2015\/10\/aussteller_standl_salzburger-christkindlmarkt_960px-325x209.jpg 325w, https:\/\/www.salzburgerland.com\/de\/magazin\/wp-content\/uploads\/2015\/10\/aussteller_standl_salzburger-christkindlmarkt_960px-249x160.jpg 249w\"><\/source><source media=\"(min-width: 0)\" srcset=\"https:\/\/www.salzburgerland.com\/de\/magazin\/wp-content\/uploads\/2015\/10\/aussteller_standl_salzburger-christkindlmarkt_960px-249x160.jpg 249w, https:\/\/www.salzburgerland.com\/de\/magazin\/wp-content\/uploads\/2015\/10\/aussteller_standl_salzburger-christkindlmarkt_960px-325x209.jpg 325w\"><\/source><img decoding=\"async\" alt=\"Ein &auml;lterer Mann mit schwarzem Hut l&auml;chelt hinter einer Auslage mit bunten Ornamenten an einem festlichen Marktstand.\" src=\"https:\/\/www.salzburgerland.com\/de\/magazin\/wp-content\/uploads\/2015\/10\/aussteller_standl_salzburger-christkindlmarkt_960px.jpg\">\t<\/picture><\/a><\/figure><\/div><div class=\"col-6 col-sm-4\"><figure><a class=\"thumb-container\" href=\"https:\/\/www.salzburgerland.com\/de\/magazin\/wp-content\/uploads\/2015\/10\/chkm_casting2015_14_Christkindshooting_2014-1280x1024.jpg\">\t<picture><source media=\"(min-width: 576px)\" srcset=\"https:\/\/www.salzburgerland.com\/de\/magazin\/wp-content\/uploads\/2015\/10\/chkm_casting2015_14_Christkindshooting_2014-325x209.jpg 325w, https:\/\/www.salzburgerland.com\/de\/magazin\/wp-content\/uploads\/2015\/10\/chkm_casting2015_14_Christkindshooting_2014-249x160.jpg 249w\"><\/source><source media=\"(min-width: 0)\" srcset=\"https:\/\/www.salzburgerland.com\/de\/magazin\/wp-content\/uploads\/2015\/10\/chkm_casting2015_14_Christkindshooting_2014-249x160.jpg 249w, https:\/\/www.salzburgerland.com\/de\/magazin\/wp-content\/uploads\/2015\/10\/chkm_casting2015_14_Christkindshooting_2014-325x209.jpg 325w\"><\/source><img decoding=\"async\" alt=\"Eine Person in goldenem Kost&uuml;m mit gro&szlig;en Engelsfl&uuml;geln steht mit ausgebreiteten Armen, umgeben von warmen, festlichen Lichtern.\" src=\"https:\/\/www.salzburgerland.com\/de\/magazin\/wp-content\/uploads\/2015\/10\/chkm_casting2015_14_Christkindshooting_2014.jpg\">\t<\/picture><\/a><\/figure><\/div><div class=\"col-6 col-sm-4\"><figure><a class=\"thumb-container\" href=\"https:\/\/www.salzburgerland.com\/de\/magazin\/wp-content\/uploads\/2015\/10\/krampus_perchten_salzburger-christkindlmarkt_960px-1280x1024.jpg\">\t<picture><source media=\"(min-width: 576px)\" srcset=\"https:\/\/www.salzburgerland.com\/de\/magazin\/wp-content\/uploads\/2015\/10\/krampus_perchten_salzburger-christkindlmarkt_960px-325x209.jpg 325w, https:\/\/www.salzburgerland.com\/de\/magazin\/wp-content\/uploads\/2015\/10\/krampus_perchten_salzburger-christkindlmarkt_960px-249x160.jpg 249w\"><\/source><source media=\"(min-width: 0)\" srcset=\"https:\/\/www.salzburgerland.com\/de\/magazin\/wp-content\/uploads\/2015\/10\/krampus_perchten_salzburger-christkindlmarkt_960px-249x160.jpg 249w, https:\/\/www.salzburgerland.com\/de\/magazin\/wp-content\/uploads\/2015\/10\/krampus_perchten_salzburger-christkindlmarkt_960px-325x209.jpg 325w\"><\/source><img decoding=\"async\" alt=\"Person in einem pelzigen, geh&ouml;rnten Krampuskost&uuml;m mit offenem Mund und scharfen Z&auml;hnen, umgeben von verschwommenen Lichtern.\" src=\"https:\/\/www.salzburgerland.com\/de\/magazin\/wp-content\/uploads\/2015\/10\/krampus_perchten_salzburger-christkindlmarkt_960px.jpg\">\t<\/picture><\/a><\/figure><\/div><div class=\"col-6 col-sm-4\"><figure><a class=\"thumb-container\" href=\"https:\/\/www.salzburgerland.com\/de\/magazin\/wp-content\/uploads\/2015\/10\/Residenzplatz1-1280x1024.jpg\">\t<picture><source media=\"(min-width: 576px)\" srcset=\"https:\/\/www.salzburgerland.com\/de\/magazin\/wp-content\/uploads\/2015\/10\/Residenzplatz1-325x209.jpg 325w, https:\/\/www.salzburgerland.com\/de\/magazin\/wp-content\/uploads\/2015\/10\/Residenzplatz1-249x160.jpg 249w\"><\/source><source media=\"(min-width: 0)\" srcset=\"https:\/\/www.salzburgerland.com\/de\/magazin\/wp-content\/uploads\/2015\/10\/Residenzplatz1-249x160.jpg 249w, https:\/\/www.salzburgerland.com\/de\/magazin\/wp-content\/uploads\/2015\/10\/Residenzplatz1-325x209.jpg 325w\"><\/source><img decoding=\"async\" alt=\"Ein &uuml;berf&uuml;llter Weihnachtsmarkt in der Abendd&auml;mmerung, mit einem gro&szlig;en beleuchteten Baum und festlichen Lichtern auf einem Stadtplatz.\" src=\"https:\/\/www.salzburgerland.com\/de\/magazin\/wp-content\/uploads\/2015\/10\/Residenzplatz1.jpg\">\t<\/picture><\/a><\/figure><\/div><\/div><figcaption><\/figcaption><\/div>\n\n\n\n<p>Fotos&nbsp;\u00a9 <a href=\"http:\/\/www.christkindlmarkt.co.at\">www.christkindlmarkt.co.at<\/a>, Salzburg<\/p>\n","protected":false},"excerpt":{"rendered":"<p>Maroni, Mord und Hallelujah \u201eHalleee! Halleee! Hallehelluuujah! Eine Schar kleiner Gestalten st\u00fcrmte aus der Gasse zwischen Gl\u00fchweinh\u00fctte und Duftkerzenstand, gekleidet in bunte Joppen und Schaffelljacken, mit Hirtenst\u00f6cken und Musikinstrumenten. (\u2026) Gleich hinter den Hirtenkindern tauchten weitere Gestalten auf, riesig, zottelig, furchteinfl\u00f6\u00dfend. (\u2026) Die Perchten aus Gastein. Sie machten mit ihren umgeschnallten, riesigen Kuhglocken einen H\u00f6llenl\u00e4rm. [&hellip;]<\/p>\n","protected":false},"author":90,"featured_media":139679,"comment_status":"open","ping_status":"open","sticky":false,"template":"","format":"standard","meta":{"_acf_changed":false,"wl_entities_gutenberg":"","_wl_entity_redirect_enabled":"","footnotes":""},"categories":[6],"tags":[],"wl_entity_type":[306],"monatsauswahl":[92,93],"class_list":["post-102816","post","type-post","status-publish","format-standard","has-post-thumbnail","hentry","category-kunst-kultur","wl_entity_type-article","monatsauswahl-monat_11","monatsauswahl-monat_12"],"acf":[],"yoast_head":"<!-- This site is optimized with the Yoast SEO Premium plugin v27.4 (Yoast SEO v27.4) - https:\/\/yoast.com\/product\/yoast-seo-premium-wordpress\/ -->\n<title>Buchtipp: Weihnachtskrimis - SalzburgerLand Magazin<\/title>\n<meta name=\"description\" content=\"Manfred Baumanns Kurzkrimis in \u201eMaroni, Mord und Hallelujah\u201c sowie in &quot;Englein, Mord und Christbaumkugel&quot; sind die perfekte (Weihnachts)Geschenk-Idee f\u00fcr Krimi- und Salzburgfans.\" \/>\n<meta name=\"robots\" content=\"index, follow, max-snippet:-1, max-image-preview:large, max-video-preview:-1\" \/>\n<link rel=\"canonical\" href=\"https:\/\/www.salzburgerland.com\/de\/magazin\/buchtipp-weihnachtskrimis\/\" \/>\n<meta property=\"og:locale\" content=\"de_DE\" \/>\n<meta property=\"og:type\" content=\"article\" \/>\n<meta property=\"og:title\" content=\"Buchtipp: Weihnachtskrimis\" \/>\n<meta property=\"og:description\" content=\"Maroni, Mord und Hallelujah \u201eHalleee! Halleee! Hallehelluuujah! Eine Schar kleiner Gestalten st\u00fcrmte aus der Gasse zwischen Gl\u00fchweinh\u00fctte und Duftkerzenstand, gekleidet in bunte Joppen und Schaffelljacken, mit Hirtenst\u00f6cken und Musikinstrumenten. (\u2026) Gleich hinter den Hirtenkindern tauchten weitere Gestalten auf, riesig, zottelig, furchteinfl\u00f6\u00dfend. (\u2026) Die Perchten aus Gastein. Sie machten mit ihren umgeschnallten, riesigen Kuhglocken einen H\u00f6llenl\u00e4rm. [&hellip;]\" \/>\n<meta property=\"og:url\" content=\"https:\/\/www.salzburgerland.com\/de\/magazin\/buchtipp-weihnachtskrimis\/\" \/>\n<meta property=\"og:site_name\" content=\"SalzburgerLand Magazin\" \/>\n<meta property=\"article:publisher\" content=\"https:\/\/www.facebook.com\/salzburgerland\/\" \/>\n<meta property=\"article:published_time\" content=\"2020-11-18T06:00:15+00:00\" \/>\n<meta property=\"article:modified_time\" content=\"2020-12-01T06:07:31+00:00\" \/>\n<meta property=\"og:image\" content=\"https:\/\/www.salzburgerland.com\/de\/magazin\/wp-content\/uploads\/2019\/11\/christkindlmarkt-salzburg_1042-1.jpg\" \/>\n\t<meta property=\"og:image:width\" content=\"2000\" \/>\n\t<meta property=\"og:image:height\" content=\"1333\" \/>\n\t<meta property=\"og:image:type\" content=\"image\/jpeg\" \/>\n<meta name=\"author\" content=\"Ulli Hammerl\" \/>\n<meta name=\"twitter:card\" content=\"summary_large_image\" \/>\n<meta name=\"twitter:creator\" content=\"@Salzburgerland\" \/>\n<meta name=\"twitter:site\" content=\"@Salzburgerland\" \/>\n<meta name=\"twitter:label1\" content=\"Verfasst von\" \/>\n\t<meta name=\"twitter:data1\" content=\"Ulli Hammerl\" \/>\n\t<meta name=\"twitter:label2\" content=\"Gesch\u00e4tzte Lesezeit\" \/>\n\t<meta name=\"twitter:data2\" content=\"2\u00a0Minuten\" \/>\n<script type=\"application\/ld+json\" class=\"yoast-schema-graph\">{\"@context\":\"https:\\\/\\\/schema.org\",\"@graph\":[{\"@type\":\"Article\",\"@id\":\"https:\\\/\\\/www.salzburgerland.com\\\/de\\\/magazin\\\/buchtipp-weihnachtskrimis\\\/#article\",\"isPartOf\":{\"@id\":\"https:\\\/\\\/www.salzburgerland.com\\\/de\\\/magazin\\\/buchtipp-weihnachtskrimis\\\/\"},\"author\":{\"name\":\"Ulli Hammerl\",\"@id\":\"https:\\\/\\\/www.salzburgerland.com\\\/de\\\/magazin\\\/#\\\/schema\\\/person\\\/a55a4fee1009b9e458d298480a18a9f7\"},\"headline\":\"Buchtipp: Weihnachtskrimis\",\"datePublished\":\"2020-11-18T06:00:15+00:00\",\"dateModified\":\"2020-12-01T06:07:31+00:00\",\"mainEntityOfPage\":{\"@id\":\"https:\\\/\\\/www.salzburgerland.com\\\/de\\\/magazin\\\/buchtipp-weihnachtskrimis\\\/\"},\"wordCount\":498,\"commentCount\":0,\"publisher\":{\"@id\":\"https:\\\/\\\/www.salzburgerland.com\\\/de\\\/magazin\\\/#organization\"},\"image\":{\"@id\":\"https:\\\/\\\/www.salzburgerland.com\\\/de\\\/magazin\\\/buchtipp-weihnachtskrimis\\\/#primaryimage\"},\"thumbnailUrl\":\"https:\\\/\\\/www.salzburgerland.com\\\/de\\\/magazin\\\/wp-content\\\/uploads\\\/2019\\\/11\\\/christkindlmarkt-salzburg_1042-1.jpg\",\"articleSection\":[\"Kunst &amp; Kultur\"],\"inLanguage\":\"de\",\"potentialAction\":[{\"@type\":\"CommentAction\",\"name\":\"Comment\",\"target\":[\"https:\\\/\\\/www.salzburgerland.com\\\/de\\\/magazin\\\/buchtipp-weihnachtskrimis\\\/#respond\"]}]},{\"@type\":\"WebPage\",\"@id\":\"https:\\\/\\\/www.salzburgerland.com\\\/de\\\/magazin\\\/buchtipp-weihnachtskrimis\\\/\",\"url\":\"https:\\\/\\\/www.salzburgerland.com\\\/de\\\/magazin\\\/buchtipp-weihnachtskrimis\\\/\",\"name\":\"Buchtipp: Weihnachtskrimis - SalzburgerLand Magazin\",\"isPartOf\":{\"@id\":\"https:\\\/\\\/www.salzburgerland.com\\\/de\\\/magazin\\\/#website\"},\"primaryImageOfPage\":{\"@id\":\"https:\\\/\\\/www.salzburgerland.com\\\/de\\\/magazin\\\/buchtipp-weihnachtskrimis\\\/#primaryimage\"},\"image\":{\"@id\":\"https:\\\/\\\/www.salzburgerland.com\\\/de\\\/magazin\\\/buchtipp-weihnachtskrimis\\\/#primaryimage\"},\"thumbnailUrl\":\"https:\\\/\\\/www.salzburgerland.com\\\/de\\\/magazin\\\/wp-content\\\/uploads\\\/2019\\\/11\\\/christkindlmarkt-salzburg_1042-1.jpg\",\"datePublished\":\"2020-11-18T06:00:15+00:00\",\"dateModified\":\"2020-12-01T06:07:31+00:00\",\"breadcrumb\":{\"@id\":\"https:\\\/\\\/www.salzburgerland.com\\\/de\\\/magazin\\\/buchtipp-weihnachtskrimis\\\/#breadcrumb\"},\"inLanguage\":\"de\",\"potentialAction\":[{\"@type\":\"ReadAction\",\"target\":[\"https:\\\/\\\/www.salzburgerland.com\\\/de\\\/magazin\\\/buchtipp-weihnachtskrimis\\\/\"]}]},{\"@type\":\"ImageObject\",\"inLanguage\":\"de\",\"@id\":\"https:\\\/\\\/www.salzburgerland.com\\\/de\\\/magazin\\\/buchtipp-weihnachtskrimis\\\/#primaryimage\",\"url\":\"https:\\\/\\\/www.salzburgerland.com\\\/de\\\/magazin\\\/wp-content\\\/uploads\\\/2019\\\/11\\\/christkindlmarkt-salzburg_1042-1.jpg\",\"contentUrl\":\"https:\\\/\\\/www.salzburgerland.com\\\/de\\\/magazin\\\/wp-content\\\/uploads\\\/2019\\\/11\\\/christkindlmarkt-salzburg_1042-1.jpg\",\"width\":2000,\"height\":1333,\"caption\":\"Ein festlicher Christkindlmarkt mit St\u00e4nden, Girlanden und Gl\u00fchwein bei einer historischen Kirche und einem gl\u00e4sernen Pyramidenbau.\"},{\"@type\":\"BreadcrumbList\",\"@id\":\"https:\\\/\\\/www.salzburgerland.com\\\/de\\\/magazin\\\/buchtipp-weihnachtskrimis\\\/#breadcrumb\",\"itemListElement\":[{\"@type\":\"ListItem\",\"position\":1,\"name\":\"Startseite\",\"item\":\"https:\\\/\\\/www.salzburgerland.com\\\/de\\\/magazin\\\/\"},{\"@type\":\"ListItem\",\"position\":2,\"name\":\"Kunst &amp; Kultur\",\"item\":\"https:\\\/\\\/www.salzburgerland.com\\\/de\\\/magazin\\\/thema\\\/kunst-kultur\\\/\"},{\"@type\":\"ListItem\",\"position\":3,\"name\":\"Buchtipp: Weihnachtskrimis\"}]},{\"@type\":\"WebSite\",\"@id\":\"https:\\\/\\\/www.salzburgerland.com\\\/de\\\/magazin\\\/#website\",\"url\":\"https:\\\/\\\/www.salzburgerland.com\\\/de\\\/magazin\\\/\",\"name\":\"SalzburgerLand Magazin\",\"description\":\"Geschichten und Interessantes aus dem SalzburgerLand\",\"publisher\":{\"@id\":\"https:\\\/\\\/www.salzburgerland.com\\\/de\\\/magazin\\\/#organization\"},\"potentialAction\":[{\"@type\":\"SearchAction\",\"target\":{\"@type\":\"EntryPoint\",\"urlTemplate\":\"https:\\\/\\\/www.salzburgerland.com\\\/de\\\/magazin\\\/?s={search_term_string}\"},\"query-input\":{\"@type\":\"PropertyValueSpecification\",\"valueRequired\":true,\"valueName\":\"search_term_string\"}}],\"inLanguage\":\"de\"},{\"@type\":\"Organization\",\"@id\":\"https:\\\/\\\/www.salzburgerland.com\\\/de\\\/magazin\\\/#organization\",\"name\":\"SalzburgerLand Tourismus\",\"url\":\"https:\\\/\\\/www.salzburgerland.com\\\/de\\\/magazin\\\/\",\"logo\":{\"@type\":\"ImageObject\",\"inLanguage\":\"de\",\"@id\":\"https:\\\/\\\/www.salzburgerland.com\\\/de\\\/magazin\\\/#\\\/schema\\\/logo\\\/image\\\/\",\"url\":\"https:\\\/\\\/www.salzburgerland.com\\\/de\\\/magazin\\\/wp-content\\\/uploads\\\/2019\\\/06\\\/salzburgerland-logo1.jpg\",\"contentUrl\":\"https:\\\/\\\/www.salzburgerland.com\\\/de\\\/magazin\\\/wp-content\\\/uploads\\\/2019\\\/06\\\/salzburgerland-logo1.jpg\",\"width\":2011,\"height\":866,\"caption\":\"SalzburgerLand Tourismus\"},\"image\":{\"@id\":\"https:\\\/\\\/www.salzburgerland.com\\\/de\\\/magazin\\\/#\\\/schema\\\/logo\\\/image\\\/\"},\"sameAs\":[\"https:\\\/\\\/www.facebook.com\\\/salzburgerland\\\/\",\"https:\\\/\\\/x.com\\\/Salzburgerland\",\"https:\\\/\\\/www.instagram.com\\\/salzburgerland\\\/\",\"https:\\\/\\\/at.linkedin.com\\\/company\\\/salzburgerland-tourismus-gmbh\",\"https:\\\/\\\/www.pinterest.at\\\/salzburgerland\\\/\",\"https:\\\/\\\/www.youtube.com\\\/user\\\/salzburgerland\",\"https:\\\/\\\/de.wikipedia.org\\\/wiki\\\/SalzburgerLand_Tourismus_GmbH\"]},{\"@type\":\"Person\",\"@id\":\"https:\\\/\\\/www.salzburgerland.com\\\/de\\\/magazin\\\/#\\\/schema\\\/person\\\/a55a4fee1009b9e458d298480a18a9f7\",\"name\":\"Ulli Hammerl\",\"description\":\"Geboren und aufgewachsen in der Stadt Salzburg war Ulli Hammerl fr\u00fch bewusst, in einer der sch\u00f6nsten St\u00e4dte der Welt zu leben. So ist sie auch w\u00e4hrend ihres Studiums der Kommunikationswissenschaft und \u00d6kologie ihrer Heimatstadt treu geblieben. Gleich nach dem Studium ist sie zu SalzburgerLand Tourismus (SLTG) gegangen und hat hier von 1998 - 2004 u.a. die SalzburgerLand Card betreut. Dabei ist sie viel herumgekommen, wodurch auch die Liebe zum SalzburgerLand enstanden und gewachsen ist. Nach der Geburt ihrer Tochter im September 2004 hat sich Ulli Hammerl 2007 mit einer Agentur selbst\u00e4ndig gemacht. Mein pers\u00f6nlicher Logenplatz: Hoch \u00fcber Salzburg, abseits der stark begangenen Wege mit Blick auf die D\u00e4cher und Kircht\u00fcrme der Stadt \u2013 hier geht mir das Herz auf! Morgen- oder Abendmensch: Ganz klar: Morgenmensch. Wenn um 5.00 Uhr fr\u00fch die V\u00f6gel zwitschern und rund herum noch alles in tiefer Ruhe versinkt, dann ist meine Zeit. Ausgeschlafen, Energie geladen und voller Tatendrang starte ich am liebsten in den fr\u00fchen Morgenstunden in den Tag. Daf\u00fcr kann man nach 21.00 Uhr nicht mehr mit mir rechnen. Buch oder Film: Es gibt nichts Sch\u00f6neres, als es sich am Ende des Tages auf der Couch gem\u00fctlich zu machen und in die Gedankenwelt eines guten Buches einzutauchen \u2013 Lesen ist Abenteuer im Kopf. Wandern, Spazierengehen oder Laufen: alles drei und zwar am besten jeden Tag. Mit ein bisschen Zeiteinteilung geht es sich tats\u00e4chlich fast gehen Tag aus, drau\u00dfen unterwegs zu sein. Fr\u00fchling, Sommer, Herbst oder Winter: Ich kann es im Fr\u00fchling kaum erwarten, die ersten Gr\u00fcnschattierungen in der Natur zu entdecken. Ich liebe hei\u00dfe Sommertage am See und laue Sommerabende am Balkon. Ich mag es, wenn im Herbst die W\u00e4lder in einem Meer aus Farben erstrahlen, Laubrascheln und Kastanien sammeln. Und ich freue mich wie ein Kind, wenn im Dezember die ersten Schneeflocken vom Himmel schweben. Die vier Jahreszeiten sind etwas Wunderbares.\",\"url\":\"https:\\\/\\\/www.salzburgerland.com\\\/de\\\/magazin\\\/author\\\/ulli-hammerl\\\/\"}]}<\/script>\n<!-- \/ Yoast SEO Premium plugin. -->","yoast_head_json":{"title":"Buchtipp: Weihnachtskrimis - SalzburgerLand Magazin","description":"Manfred Baumanns Kurzkrimis in \u201eMaroni, Mord und Hallelujah\u201c sowie in \"Englein, Mord und Christbaumkugel\" sind die perfekte (Weihnachts)Geschenk-Idee f\u00fcr Krimi- und Salzburgfans.","robots":{"index":"index","follow":"follow","max-snippet":"max-snippet:-1","max-image-preview":"max-image-preview:large","max-video-preview":"max-video-preview:-1"},"canonical":"https:\/\/www.salzburgerland.com\/de\/magazin\/buchtipp-weihnachtskrimis\/","og_locale":"de_DE","og_type":"article","og_title":"Buchtipp: Weihnachtskrimis","og_description":"Maroni, Mord und Hallelujah \u201eHalleee! Halleee! Hallehelluuujah! Eine Schar kleiner Gestalten st\u00fcrmte aus der Gasse zwischen Gl\u00fchweinh\u00fctte und Duftkerzenstand, gekleidet in bunte Joppen und Schaffelljacken, mit Hirtenst\u00f6cken und Musikinstrumenten. (\u2026) Gleich hinter den Hirtenkindern tauchten weitere Gestalten auf, riesig, zottelig, furchteinfl\u00f6\u00dfend. (\u2026) Die Perchten aus Gastein. Sie machten mit ihren umgeschnallten, riesigen Kuhglocken einen H\u00f6llenl\u00e4rm. [&hellip;]","og_url":"https:\/\/www.salzburgerland.com\/de\/magazin\/buchtipp-weihnachtskrimis\/","og_site_name":"SalzburgerLand Magazin","article_publisher":"https:\/\/www.facebook.com\/salzburgerland\/","article_published_time":"2020-11-18T06:00:15+00:00","article_modified_time":"2020-12-01T06:07:31+00:00","og_image":[{"width":2000,"height":1333,"url":"https:\/\/www.salzburgerland.com\/de\/magazin\/wp-content\/uploads\/2019\/11\/christkindlmarkt-salzburg_1042-1.jpg","type":"image\/jpeg"}],"author":"Ulli Hammerl","twitter_card":"summary_large_image","twitter_creator":"@Salzburgerland","twitter_site":"@Salzburgerland","twitter_misc":{"Verfasst von":"Ulli Hammerl","Gesch\u00e4tzte Lesezeit":"2\u00a0Minuten"},"schema":{"@context":"https:\/\/schema.org","@graph":[{"@type":"Article","@id":"https:\/\/www.salzburgerland.com\/de\/magazin\/buchtipp-weihnachtskrimis\/#article","isPartOf":{"@id":"https:\/\/www.salzburgerland.com\/de\/magazin\/buchtipp-weihnachtskrimis\/"},"author":{"name":"Ulli Hammerl","@id":"https:\/\/www.salzburgerland.com\/de\/magazin\/#\/schema\/person\/a55a4fee1009b9e458d298480a18a9f7"},"headline":"Buchtipp: Weihnachtskrimis","datePublished":"2020-11-18T06:00:15+00:00","dateModified":"2020-12-01T06:07:31+00:00","mainEntityOfPage":{"@id":"https:\/\/www.salzburgerland.com\/de\/magazin\/buchtipp-weihnachtskrimis\/"},"wordCount":498,"commentCount":0,"publisher":{"@id":"https:\/\/www.salzburgerland.com\/de\/magazin\/#organization"},"image":{"@id":"https:\/\/www.salzburgerland.com\/de\/magazin\/buchtipp-weihnachtskrimis\/#primaryimage"},"thumbnailUrl":"https:\/\/www.salzburgerland.com\/de\/magazin\/wp-content\/uploads\/2019\/11\/christkindlmarkt-salzburg_1042-1.jpg","articleSection":["Kunst &amp; Kultur"],"inLanguage":"de","potentialAction":[{"@type":"CommentAction","name":"Comment","target":["https:\/\/www.salzburgerland.com\/de\/magazin\/buchtipp-weihnachtskrimis\/#respond"]}]},{"@type":"WebPage","@id":"https:\/\/www.salzburgerland.com\/de\/magazin\/buchtipp-weihnachtskrimis\/","url":"https:\/\/www.salzburgerland.com\/de\/magazin\/buchtipp-weihnachtskrimis\/","name":"Buchtipp: Weihnachtskrimis - SalzburgerLand Magazin","isPartOf":{"@id":"https:\/\/www.salzburgerland.com\/de\/magazin\/#website"},"primaryImageOfPage":{"@id":"https:\/\/www.salzburgerland.com\/de\/magazin\/buchtipp-weihnachtskrimis\/#primaryimage"},"image":{"@id":"https:\/\/www.salzburgerland.com\/de\/magazin\/buchtipp-weihnachtskrimis\/#primaryimage"},"thumbnailUrl":"https:\/\/www.salzburgerland.com\/de\/magazin\/wp-content\/uploads\/2019\/11\/christkindlmarkt-salzburg_1042-1.jpg","datePublished":"2020-11-18T06:00:15+00:00","dateModified":"2020-12-01T06:07:31+00:00","breadcrumb":{"@id":"https:\/\/www.salzburgerland.com\/de\/magazin\/buchtipp-weihnachtskrimis\/#breadcrumb"},"inLanguage":"de","potentialAction":[{"@type":"ReadAction","target":["https:\/\/www.salzburgerland.com\/de\/magazin\/buchtipp-weihnachtskrimis\/"]}]},{"@type":"ImageObject","inLanguage":"de","@id":"https:\/\/www.salzburgerland.com\/de\/magazin\/buchtipp-weihnachtskrimis\/#primaryimage","url":"https:\/\/www.salzburgerland.com\/de\/magazin\/wp-content\/uploads\/2019\/11\/christkindlmarkt-salzburg_1042-1.jpg","contentUrl":"https:\/\/www.salzburgerland.com\/de\/magazin\/wp-content\/uploads\/2019\/11\/christkindlmarkt-salzburg_1042-1.jpg","width":2000,"height":1333,"caption":"Ein festlicher Christkindlmarkt mit St\u00e4nden, Girlanden und Gl\u00fchwein bei einer historischen Kirche und einem gl\u00e4sernen Pyramidenbau."},{"@type":"BreadcrumbList","@id":"https:\/\/www.salzburgerland.com\/de\/magazin\/buchtipp-weihnachtskrimis\/#breadcrumb","itemListElement":[{"@type":"ListItem","position":1,"name":"Startseite","item":"https:\/\/www.salzburgerland.com\/de\/magazin\/"},{"@type":"ListItem","position":2,"name":"Kunst &amp; Kultur","item":"https:\/\/www.salzburgerland.com\/de\/magazin\/thema\/kunst-kultur\/"},{"@type":"ListItem","position":3,"name":"Buchtipp: Weihnachtskrimis"}]},{"@type":"WebSite","@id":"https:\/\/www.salzburgerland.com\/de\/magazin\/#website","url":"https:\/\/www.salzburgerland.com\/de\/magazin\/","name":"SalzburgerLand Magazin","description":"Geschichten und Interessantes aus dem SalzburgerLand","publisher":{"@id":"https:\/\/www.salzburgerland.com\/de\/magazin\/#organization"},"potentialAction":[{"@type":"SearchAction","target":{"@type":"EntryPoint","urlTemplate":"https:\/\/www.salzburgerland.com\/de\/magazin\/?s={search_term_string}"},"query-input":{"@type":"PropertyValueSpecification","valueRequired":true,"valueName":"search_term_string"}}],"inLanguage":"de"},{"@type":"Organization","@id":"https:\/\/www.salzburgerland.com\/de\/magazin\/#organization","name":"SalzburgerLand Tourismus","url":"https:\/\/www.salzburgerland.com\/de\/magazin\/","logo":{"@type":"ImageObject","inLanguage":"de","@id":"https:\/\/www.salzburgerland.com\/de\/magazin\/#\/schema\/logo\/image\/","url":"https:\/\/www.salzburgerland.com\/de\/magazin\/wp-content\/uploads\/2019\/06\/salzburgerland-logo1.jpg","contentUrl":"https:\/\/www.salzburgerland.com\/de\/magazin\/wp-content\/uploads\/2019\/06\/salzburgerland-logo1.jpg","width":2011,"height":866,"caption":"SalzburgerLand Tourismus"},"image":{"@id":"https:\/\/www.salzburgerland.com\/de\/magazin\/#\/schema\/logo\/image\/"},"sameAs":["https:\/\/www.facebook.com\/salzburgerland\/","https:\/\/x.com\/Salzburgerland","https:\/\/www.instagram.com\/salzburgerland\/","https:\/\/at.linkedin.com\/company\/salzburgerland-tourismus-gmbh","https:\/\/www.pinterest.at\/salzburgerland\/","https:\/\/www.youtube.com\/user\/salzburgerland","https:\/\/de.wikipedia.org\/wiki\/SalzburgerLand_Tourismus_GmbH"]},{"@type":"Person","@id":"https:\/\/www.salzburgerland.com\/de\/magazin\/#\/schema\/person\/a55a4fee1009b9e458d298480a18a9f7","name":"Ulli Hammerl","description":"Geboren und aufgewachsen in der Stadt Salzburg war Ulli Hammerl fr\u00fch bewusst, in einer der sch\u00f6nsten St\u00e4dte der Welt zu leben. So ist sie auch w\u00e4hrend ihres Studiums der Kommunikationswissenschaft und \u00d6kologie ihrer Heimatstadt treu geblieben. Gleich nach dem Studium ist sie zu SalzburgerLand Tourismus (SLTG) gegangen und hat hier von 1998 - 2004 u.a. die SalzburgerLand Card betreut. Dabei ist sie viel herumgekommen, wodurch auch die Liebe zum SalzburgerLand enstanden und gewachsen ist. Nach der Geburt ihrer Tochter im September 2004 hat sich Ulli Hammerl 2007 mit einer Agentur selbst\u00e4ndig gemacht. Mein pers\u00f6nlicher Logenplatz: Hoch \u00fcber Salzburg, abseits der stark begangenen Wege mit Blick auf die D\u00e4cher und Kircht\u00fcrme der Stadt \u2013 hier geht mir das Herz auf! Morgen- oder Abendmensch: Ganz klar: Morgenmensch. Wenn um 5.00 Uhr fr\u00fch die V\u00f6gel zwitschern und rund herum noch alles in tiefer Ruhe versinkt, dann ist meine Zeit. Ausgeschlafen, Energie geladen und voller Tatendrang starte ich am liebsten in den fr\u00fchen Morgenstunden in den Tag. Daf\u00fcr kann man nach 21.00 Uhr nicht mehr mit mir rechnen. Buch oder Film: Es gibt nichts Sch\u00f6neres, als es sich am Ende des Tages auf der Couch gem\u00fctlich zu machen und in die Gedankenwelt eines guten Buches einzutauchen \u2013 Lesen ist Abenteuer im Kopf. Wandern, Spazierengehen oder Laufen: alles drei und zwar am besten jeden Tag. Mit ein bisschen Zeiteinteilung geht es sich tats\u00e4chlich fast gehen Tag aus, drau\u00dfen unterwegs zu sein. Fr\u00fchling, Sommer, Herbst oder Winter: Ich kann es im Fr\u00fchling kaum erwarten, die ersten Gr\u00fcnschattierungen in der Natur zu entdecken. Ich liebe hei\u00dfe Sommertage am See und laue Sommerabende am Balkon. Ich mag es, wenn im Herbst die W\u00e4lder in einem Meer aus Farben erstrahlen, Laubrascheln und Kastanien sammeln. Und ich freue mich wie ein Kind, wenn im Dezember die ersten Schneeflocken vom Himmel schweben. Die vier Jahreszeiten sind etwas Wunderbares.","url":"https:\/\/www.salzburgerland.com\/de\/magazin\/author\/ulli-hammerl\/"}]}},"_wl_alt_label":[],"wl:entity_url":"http:\/\/open.salzburgerland.com\/magazin\/post\/buchtipp__maroni__mord_und_hallelujah","_links":{"self":[{"href":"https:\/\/www.salzburgerland.com\/de\/magazin\/wp-json\/wp\/v2\/posts\/102816","targetHints":{"allow":["GET"]}}],"collection":[{"href":"https:\/\/www.salzburgerland.com\/de\/magazin\/wp-json\/wp\/v2\/posts"}],"about":[{"href":"https:\/\/www.salzburgerland.com\/de\/magazin\/wp-json\/wp\/v2\/types\/post"}],"author":[{"embeddable":true,"href":"https:\/\/www.salzburgerland.com\/de\/magazin\/wp-json\/wp\/v2\/users\/90"}],"replies":[{"embeddable":true,"href":"https:\/\/www.salzburgerland.com\/de\/magazin\/wp-json\/wp\/v2\/comments?post=102816"}],"version-history":[{"count":5,"href":"https:\/\/www.salzburgerland.com\/de\/magazin\/wp-json\/wp\/v2\/posts\/102816\/revisions"}],"predecessor-version":[{"id":148476,"href":"https:\/\/www.salzburgerland.com\/de\/magazin\/wp-json\/wp\/v2\/posts\/102816\/revisions\/148476"}],"wp:featuredmedia":[{"embeddable":true,"href":"https:\/\/www.salzburgerland.com\/de\/magazin\/wp-json\/wp\/v2\/media\/139679"}],"wp:attachment":[{"href":"https:\/\/www.salzburgerland.com\/de\/magazin\/wp-json\/wp\/v2\/media?parent=102816"}],"wp:term":[{"taxonomy":"category","embeddable":true,"href":"https:\/\/www.salzburgerland.com\/de\/magazin\/wp-json\/wp\/v2\/categories?post=102816"},{"taxonomy":"post_tag","embeddable":true,"href":"https:\/\/www.salzburgerland.com\/de\/magazin\/wp-json\/wp\/v2\/tags?post=102816"},{"taxonomy":"wl_entity_type","embeddable":true,"href":"https:\/\/www.salzburgerland.com\/de\/magazin\/wp-json\/wp\/v2\/wl_entity_type?post=102816"},{"taxonomy":"monatsauswahl","embeddable":true,"href":"https:\/\/www.salzburgerland.com\/de\/magazin\/wp-json\/wp\/v2\/monatsauswahl?post=102816"}],"curies":[{"name":"wp","href":"https:\/\/api.w.org\/{rel}","templated":true}]}}