{"id":102526,"date":"2016-03-03T08:00:56","date_gmt":"2016-03-03T07:00:56","guid":{"rendered":"http:\/\/magazin.salzburgerland.com\/?p=102526"},"modified":"2016-03-02T17:21:14","modified_gmt":"2016-03-02T16:21:14","slug":"uebernachtung-im-schneebiwak","status":"publish","type":"post","link":"https:\/\/www.salzburgerland.com\/de\/magazin\/uebernachtung-im-schneebiwak\/","title":{"rendered":"\u00dcbernachtung im Schneebiwak"},"content":{"rendered":"<div data-canvas-width=\"162.68099846687338\"><em>Eine \u00dcbernachtung in einem Schneebiwak, erbaut wie einst die Inuit im hohen Norden, kann mit der passenden Ausr\u00fcstung zu einem unvergesslichen Erlebnis werden. Unterst\u00fctzt von erfahrenen Bergf\u00fchrern, die die richtige Vorgehensweise erl\u00e4utern und auch auf Gefahren einer winterlichen Nacht im Freien aufmerksam machen, ist dieser Ausflug einmalig f\u00fcr Jung und Alt!<\/em><\/p>\n<p>Im Februar dieses Jahres konnten wir eine sch\u00f6ne, sternenklare Nacht am Berg verbringen. Aufgrund g\u00fcnstiger Wetterprognosen mit stabilen Verh\u00e4ltnissen in den kommenden Tagen entschlossen wir uns das Au\u00dfergew\u00f6hnliche zu wagen und planten eine \u00dcbernachtung in einem selbstgebauten Iglu. Das 2063 m hohe <a href=\"http:\/\/www.av-neukirchen.at\/berichte\/skitour-trattenbacheck\/\" target=\"_blank\">Trattenbacheck<\/a>, ein leicht zu erreichender Gipfel im Neukirchner D\u00fcrnbachtal mit sch\u00f6nem Ausblick zum Gro\u00dfvenediger und nach Krimml, erschien uns perfekt f\u00fcr unseren Plan.<\/p>\n<p>Die Packliste war gro\u00df: neben Proviant, Gaskocher und Teelichtern musste nat\u00fcrlich auch die Schitouren-Ausr\u00fcstung (LVS, Schaufel, Sonde, Schnees\u00e4ge) mit auf den Berg. Somit perfekt ausger\u00fcstet, starteten wir unseren Ausflug am Gasthaus Rechtegg (Neukirchen, Ortsteil Rossberg) und folgten dem Winterwanderweg zur bewirtschafteten Steineralm.<\/p>\n<p>Nach einer kurzen Rast stiegen wir die schneebedeckten H\u00e4ngen weiter bergauf bis zum Gipfel des Trattenbachecks und begannen gleich mit dem Bau unseres \u201eWinterhotels\u201c. Die aus dem dicht gepressten Schnee ausgeschnittenen Ziegelsteine wurden Schicht f\u00fcr Schicht gestapelt und nach Fertigstellung der Au\u00dfenbegrenzung noch der Innenraum \u201egestaltet\u201c (Liegefl\u00e4chen, Kochecke etc.).<\/p>\n<p>Beim Abendessen entsch\u00e4digte uns ein traumhafter Sonnenuntergang f\u00fcr die vorangegangenen M\u00fchen und lie\u00df uns auf gute Fotomotive bei Sternenhimmel hoffen. Unser Wunsch wurde wahr, denn es gelang uns, das \u00fcberaus seltene \u201eAirglow\u201c auf Zelluloid zu bannen. Dieses sehr schwache gr\u00fcnliche Leuchten, das durch chemische Prozesse in der Atmosph\u00e4re entsteht, ist am besten in klaren Neumondn\u00e4chten nach Sonnenuntergang auszumachen und kann (sofern man eine lichtstarke Kamera besitzt) auch auf Bild festgehalten werden.<\/p>\n<p>Nach einer trotz kalter Temperaturen angenehm verbrachten Nacht und einer Tasse hei\u00dfen Tees bei Sonnenaufgang traten wir den R\u00fcckweg zur Steineralm an, wo ein herzhaftes Fr\u00fchst\u00fcck unser Abenteuer abrundete. Entlang des Winterwanderwegs fuhren wir schlie\u00dflich wieder zur\u00fcck an unseren Ausgangspunkt am Gasthaus Rechtegg.<\/p>\n<p>Wer selber diese einzigartige Erfahrung machen m\u00f6chte, sollte dies keinesfalls auf eigene Faust versuchen, sondern sich professionellen Rat einholen oder einer gef\u00fchrten Gruppe anschlie\u00dfen. Ein falsch gebautes Biwak kann zu Unterk\u00fchlung und zu lebensbedrohlichen Erfrierungen f\u00fchren! Entscheidend beim Biwakieren ist auch die Wahl der richtigen Ausr\u00fcstung, um der am Berg herrschenden K\u00e4lte zu trotzen. Neben der Reservew\u00e4sche sorgt ein warmer Daunenschlafsack samt dicker Unterlegmatte f\u00fcr ausreichend Schlafkomfort in der Nacht. Hier an der Qualit\u00e4t zu sparen w\u00e4re falsch, da der W\u00e4rmeverlust \u00fcber den Boden nicht zu untersch\u00e4tzen ist!<\/p>\n<p>In Salzburg gibt es deshalb zahlreiche Angebote von Bergf\u00fchrern und Alpinschulen, die \u00dcbernachtungen und Teambuilding-Kurse mit Biwakbau inkl. \u00dcbernachtung anbieten.<\/p>\n<p><a href=\"http:\/\/www.bergfuehrer.at\/salzburg\/\">http:\/\/www.bergfuehrer.at\/salzburg\/<br \/><\/a><a href=\"http:\/\/bergfuehrer-buero.at\/programm\/teambuilding\/\">http:\/\/bergfuehrer-buero.at\/programm\/teambuilding\/<br \/><\/a><a href=\"http:\/\/www.alpindis.at\/winter\/skitouren\/schneebiwak\/\">http:\/\/www.alpindis.at\/winter\/skitouren\/schneebiwak\/<\/a><\/p>\n<\/div>\n<div data-canvas-width=\"245.52016620408602\">\n<div class=\"mag-gallery\"><div class=\"row\"><div class=\"col-6 col-sm-4\"><figure><a class=\"thumb-container\" href=\"https:\/\/www.salzburgerland.com\/de\/magazin\/wp-content\/uploads\/2015\/10\/IC1A9448_Panorama-1280x1024.jpg\">\t<picture><source media=\"(min-width: 576px)\" srcset=\"https:\/\/www.salzburgerland.com\/de\/magazin\/wp-content\/uploads\/2015\/10\/IC1A9448_Panorama-325x209.jpg 325w, https:\/\/www.salzburgerland.com\/de\/magazin\/wp-content\/uploads\/2015\/10\/IC1A9448_Panorama-249x160.jpg 249w\" \/><source media=\"(min-width: 0)\" srcset=\"https:\/\/www.salzburgerland.com\/de\/magazin\/wp-content\/uploads\/2015\/10\/IC1A9448_Panorama-249x160.jpg 249w, https:\/\/www.salzburgerland.com\/de\/magazin\/wp-content\/uploads\/2015\/10\/IC1A9448_Panorama-325x209.jpg 325w\" \/><img decoding=\"async\" alt=\"Schneebedeckte Bergkette bei Sonnenuntergang mit klarem Himmel und sanften rosa und orangefarbenen T\u00f6nen am Horizont.\" src=\"https:\/\/www.salzburgerland.com\/de\/magazin\/wp-content\/uploads\/2015\/10\/IC1A9448_Panorama.jpg\" \/>\t<\/picture><\/a><\/figure><\/div><div class=\"col-6 col-sm-4\"><figure><a class=\"thumb-container\" href=\"https:\/\/www.salzburgerland.com\/de\/magazin\/wp-content\/uploads\/2015\/10\/IC1A9456-1280x1024.jpg\">\t<picture><source media=\"(min-width: 576px)\" srcset=\"https:\/\/www.salzburgerland.com\/de\/magazin\/wp-content\/uploads\/2015\/10\/IC1A9456-325x209.jpg 325w, https:\/\/www.salzburgerland.com\/de\/magazin\/wp-content\/uploads\/2015\/10\/IC1A9456-249x160.jpg 249w\" \/><source media=\"(min-width: 0)\" srcset=\"https:\/\/www.salzburgerland.com\/de\/magazin\/wp-content\/uploads\/2015\/10\/IC1A9456-249x160.jpg 249w, https:\/\/www.salzburgerland.com\/de\/magazin\/wp-content\/uploads\/2015\/10\/IC1A9456-325x209.jpg 325w\" \/><img decoding=\"async\" alt=\"Person in orangefarbener Jacke kniend im Schnee auf einem Berg bei Sonnenuntergang, umgeben von schneebedeckten Gipfeln.\" src=\"https:\/\/www.salzburgerland.com\/de\/magazin\/wp-content\/uploads\/2015\/10\/IC1A9456.jpg\" \/>\t<\/picture><\/a><\/figure><\/div><div class=\"col-6 col-sm-4\"><figure><a class=\"thumb-container\" href=\"https:\/\/www.salzburgerland.com\/de\/magazin\/wp-content\/uploads\/2015\/10\/IC1A9462-1280x1024.jpg\">\t<picture><source media=\"(min-width: 576px)\" srcset=\"https:\/\/www.salzburgerland.com\/de\/magazin\/wp-content\/uploads\/2015\/10\/IC1A9462-325x209.jpg 325w, https:\/\/www.salzburgerland.com\/de\/magazin\/wp-content\/uploads\/2015\/10\/IC1A9462-249x160.jpg 249w\" \/><source media=\"(min-width: 0)\" srcset=\"https:\/\/www.salzburgerland.com\/de\/magazin\/wp-content\/uploads\/2015\/10\/IC1A9462-249x160.jpg 249w, https:\/\/www.salzburgerland.com\/de\/magazin\/wp-content\/uploads\/2015\/10\/IC1A9462-325x209.jpg 325w\" \/><img decoding=\"async\" alt=\"Verschneite Berge unter dem Sternenhimmel bei Nacht, mit einem Iglu und leuchtenden Lichtern im fernen Tal.\" src=\"https:\/\/www.salzburgerland.com\/de\/magazin\/wp-content\/uploads\/2015\/10\/IC1A9462.jpg\" \/>\t<\/picture><\/a><\/figure><\/div><div class=\"col-6 col-sm-4\"><figure><a class=\"thumb-container\" href=\"https:\/\/www.salzburgerland.com\/de\/magazin\/wp-content\/uploads\/2015\/10\/IC1A9531-1280x1024.jpg\">\t<picture><source media=\"(min-width: 576px)\" srcset=\"https:\/\/www.salzburgerland.com\/de\/magazin\/wp-content\/uploads\/2015\/10\/IC1A9531-325x209.jpg 325w, https:\/\/www.salzburgerland.com\/de\/magazin\/wp-content\/uploads\/2015\/10\/IC1A9531-249x160.jpg 249w\" \/><source media=\"(min-width: 0)\" srcset=\"https:\/\/www.salzburgerland.com\/de\/magazin\/wp-content\/uploads\/2015\/10\/IC1A9531-249x160.jpg 249w, https:\/\/www.salzburgerland.com\/de\/magazin\/wp-content\/uploads\/2015\/10\/IC1A9531-325x209.jpg 325w\" \/><img decoding=\"async\" alt=\"Ein leuchtendes Iglu unter einem sternenklaren Nachthimmel, mit verschneiten Bergen und Dorflichtern im Hintergrund.\" src=\"https:\/\/www.salzburgerland.com\/de\/magazin\/wp-content\/uploads\/2015\/10\/IC1A9531.jpg\" \/>\t<\/picture><\/a><\/figure><\/div><div class=\"col-6 col-sm-4\"><figure><a class=\"thumb-container\" href=\"https:\/\/www.salzburgerland.com\/de\/magazin\/wp-content\/uploads\/2015\/10\/IC1A9540-1280x1024.jpg\">\t<picture><source media=\"(min-width: 576px)\" srcset=\"\" \/><source media=\"(min-width: 0)\" srcset=\"https:\/\/www.salzburgerland.com\/de\/magazin\/wp-content\/uploads\/2015\/10\/IC1A9540.jpg 1066w, https:\/\/www.salzburgerland.com\/de\/magazin\/wp-content\/uploads\/2015\/10\/IC1A9540-200x300.jpg 200w, https:\/\/www.salzburgerland.com\/de\/magazin\/wp-content\/uploads\/2015\/10\/IC1A9540-366x550.jpg 366w, https:\/\/www.salzburgerland.com\/de\/magazin\/wp-content\/uploads\/2015\/10\/IC1A9540-267x400.jpg 267w\" \/><img decoding=\"async\" alt=\"Verschneite Gebirgskette unter einem klaren, sternen\u00fcbers\u00e4ten Nachthimmel mit schwachem gr\u00fcnem Aurora-Gl\u00fchen.\" src=\"https:\/\/www.salzburgerland.com\/de\/magazin\/wp-content\/uploads\/2015\/10\/IC1A9540.jpg\" \/>\t<\/picture><\/a><\/figure><\/div><div class=\"col-6 col-sm-4\"><figure><a class=\"thumb-container\" href=\"https:\/\/www.salzburgerland.com\/de\/magazin\/wp-content\/uploads\/2015\/10\/IC1A9556_Panorama1-1280x1024.jpg\">\t<picture><source media=\"(min-width: 576px)\" srcset=\"https:\/\/www.salzburgerland.com\/de\/magazin\/wp-content\/uploads\/2015\/10\/IC1A9556_Panorama1-325x209.jpg 325w, https:\/\/www.salzburgerland.com\/de\/magazin\/wp-content\/uploads\/2015\/10\/IC1A9556_Panorama1-249x160.jpg 249w\" \/><source media=\"(min-width: 0)\" srcset=\"https:\/\/www.salzburgerland.com\/de\/magazin\/wp-content\/uploads\/2015\/10\/IC1A9556_Panorama1-249x160.jpg 249w, https:\/\/www.salzburgerland.com\/de\/magazin\/wp-content\/uploads\/2015\/10\/IC1A9556_Panorama1-325x209.jpg 325w\" \/><img decoding=\"async\" alt=\"Ein gl\u00fchendes Iglu steht auf verschneiten Bergen unter einem sternenklaren Nachthimmel mit fernen Berggipfeln.\" src=\"https:\/\/www.salzburgerland.com\/de\/magazin\/wp-content\/uploads\/2015\/10\/IC1A9556_Panorama1.jpg\" \/>\t<\/picture><\/a><\/figure><\/div><div class=\"col-6 col-sm-4\"><figure><a class=\"thumb-container\" href=\"https:\/\/www.salzburgerland.com\/de\/magazin\/wp-content\/uploads\/2015\/10\/IC1A95881-1280x1024.jpg\">\t<picture><source media=\"(min-width: 576px)\" srcset=\"https:\/\/www.salzburgerland.com\/de\/magazin\/wp-content\/uploads\/2015\/10\/IC1A95881-325x209.jpg 325w, https:\/\/www.salzburgerland.com\/de\/magazin\/wp-content\/uploads\/2015\/10\/IC1A95881-249x160.jpg 249w\" \/><source media=\"(min-width: 0)\" srcset=\"https:\/\/www.salzburgerland.com\/de\/magazin\/wp-content\/uploads\/2015\/10\/IC1A95881-249x160.jpg 249w, https:\/\/www.salzburgerland.com\/de\/magazin\/wp-content\/uploads\/2015\/10\/IC1A95881-325x209.jpg 325w\" \/><img decoding=\"async\" alt=\"Ein Iglu auf einem verschneiten Berg in der Abendd\u00e4mmerung, mit Skist\u00f6cken in der N\u00e4he und Bergen im Hintergrund.\" src=\"https:\/\/www.salzburgerland.com\/de\/magazin\/wp-content\/uploads\/2015\/10\/IC1A95881.jpg\" \/>\t<\/picture><\/a><\/figure><\/div><div class=\"col-6 col-sm-4\"><figure><a class=\"thumb-container\" href=\"https:\/\/www.salzburgerland.com\/de\/magazin\/wp-content\/uploads\/2015\/10\/IC1A95921-1280x1024.jpg\">\t<picture><source media=\"(min-width: 576px)\" srcset=\"https:\/\/www.salzburgerland.com\/de\/magazin\/wp-content\/uploads\/2015\/10\/IC1A95921-325x209.jpg 325w, https:\/\/www.salzburgerland.com\/de\/magazin\/wp-content\/uploads\/2015\/10\/IC1A95921-249x160.jpg 249w\" \/><source media=\"(min-width: 0)\" srcset=\"https:\/\/www.salzburgerland.com\/de\/magazin\/wp-content\/uploads\/2015\/10\/IC1A95921-249x160.jpg 249w, https:\/\/www.salzburgerland.com\/de\/magazin\/wp-content\/uploads\/2015\/10\/IC1A95921-325x209.jpg 325w\" \/><img decoding=\"async\" alt=\"Silhouettierte Berge bei Sonnenaufgang mit einem Himmelsverlauf von tiefblau bis orange in der N\u00e4he des Horizonts.\" src=\"https:\/\/www.salzburgerland.com\/de\/magazin\/wp-content\/uploads\/2015\/10\/IC1A95921.jpg\" \/>\t<\/picture><\/a><\/figure><\/div><div class=\"col-6 col-sm-4\"><figure><a class=\"thumb-container\" href=\"https:\/\/www.salzburgerland.com\/de\/magazin\/wp-content\/uploads\/2015\/10\/IC1A9618-1280x1024.jpg\">\t<picture><source media=\"(min-width: 576px)\" srcset=\"https:\/\/www.salzburgerland.com\/de\/magazin\/wp-content\/uploads\/2015\/10\/IC1A9618-325x209.jpg 325w, https:\/\/www.salzburgerland.com\/de\/magazin\/wp-content\/uploads\/2015\/10\/IC1A9618-249x160.jpg 249w\" \/><source media=\"(min-width: 0)\" srcset=\"https:\/\/www.salzburgerland.com\/de\/magazin\/wp-content\/uploads\/2015\/10\/IC1A9618-249x160.jpg 249w, https:\/\/www.salzburgerland.com\/de\/magazin\/wp-content\/uploads\/2015\/10\/IC1A9618-325x209.jpg 325w\" \/><img decoding=\"async\" alt=\"Schneebedeckte Berge bei Sonnenuntergang mit goldenem Licht auf den Gipfeln, unter einem klaren blauen Himmel.\" src=\"https:\/\/www.salzburgerland.com\/de\/magazin\/wp-content\/uploads\/2015\/10\/IC1A9618.jpg\" \/>\t<\/picture><\/a><\/figure><\/div><div class=\"col-6 col-sm-4\"><figure><a class=\"thumb-container\" href=\"https:\/\/www.salzburgerland.com\/de\/magazin\/wp-content\/uploads\/2015\/10\/IC1A9626_Panorama-1280x1024.jpg\">\t<picture><source media=\"(min-width: 576px)\" srcset=\"https:\/\/www.salzburgerland.com\/de\/magazin\/wp-content\/uploads\/2015\/10\/IC1A9626_Panorama-325x209.jpg 325w, https:\/\/www.salzburgerland.com\/de\/magazin\/wp-content\/uploads\/2015\/10\/IC1A9626_Panorama-249x160.jpg 249w\" \/><source media=\"(min-width: 0)\" srcset=\"https:\/\/www.salzburgerland.com\/de\/magazin\/wp-content\/uploads\/2015\/10\/IC1A9626_Panorama-249x160.jpg 249w, https:\/\/www.salzburgerland.com\/de\/magazin\/wp-content\/uploads\/2015\/10\/IC1A9626_Panorama-325x209.jpg 325w\" \/><img decoding=\"async\" alt=\"Verschneite Berglandschaft bei Sonnenuntergang, mit der Sonne, die hinter entfernten Gipfeln unter einem klaren Himmel untergeht.\" src=\"https:\/\/www.salzburgerland.com\/de\/magazin\/wp-content\/uploads\/2015\/10\/IC1A9626_Panorama.jpg\" \/>\t<\/picture><\/a><\/figure><\/div><div class=\"col-6 col-sm-4\"><figure><a class=\"thumb-container\" href=\"https:\/\/www.salzburgerland.com\/de\/magazin\/wp-content\/uploads\/2015\/10\/IC1A9631-1280x1024.jpg\">\t<picture><source media=\"(min-width: 576px)\" srcset=\"https:\/\/www.salzburgerland.com\/de\/magazin\/wp-content\/uploads\/2015\/10\/IC1A9631-325x209.jpg 325w, https:\/\/www.salzburgerland.com\/de\/magazin\/wp-content\/uploads\/2015\/10\/IC1A9631-249x160.jpg 249w\" \/><source media=\"(min-width: 0)\" srcset=\"https:\/\/www.salzburgerland.com\/de\/magazin\/wp-content\/uploads\/2015\/10\/IC1A9631-249x160.jpg 249w, https:\/\/www.salzburgerland.com\/de\/magazin\/wp-content\/uploads\/2015\/10\/IC1A9631-325x209.jpg 325w\" \/><img decoding=\"async\" alt=\"Ein kleines Iglu steht auf einem verschneiten H\u00fcgel bei Sonnenuntergang, mit schneebedeckten Bergen im Hintergrund.\" src=\"https:\/\/www.salzburgerland.com\/de\/magazin\/wp-content\/uploads\/2015\/10\/IC1A9631.jpg\" \/>\t<\/picture><\/a><\/figure><\/div><div class=\"col-6 col-sm-4\"><figure><a class=\"thumb-container\" href=\"https:\/\/www.salzburgerland.com\/de\/magazin\/wp-content\/uploads\/2015\/10\/IC1A9634_Panorama-1280x1024.jpg\">\t<picture><source media=\"(min-width: 576px)\" srcset=\"https:\/\/www.salzburgerland.com\/de\/magazin\/wp-content\/uploads\/2015\/10\/IC1A9634_Panorama-325x209.jpg 325w, https:\/\/www.salzburgerland.com\/de\/magazin\/wp-content\/uploads\/2015\/10\/IC1A9634_Panorama-249x160.jpg 249w\" \/><source media=\"(min-width: 0)\" srcset=\"https:\/\/www.salzburgerland.com\/de\/magazin\/wp-content\/uploads\/2015\/10\/IC1A9634_Panorama-249x160.jpg 249w, https:\/\/www.salzburgerland.com\/de\/magazin\/wp-content\/uploads\/2015\/10\/IC1A9634_Panorama-325x209.jpg 325w\" \/><img decoding=\"async\" alt=\"Schneebedeckte Berge bei Sonnenuntergang mit strahlend blauem Himmel und goldenem Licht auf den Gipfeln.\" src=\"https:\/\/www.salzburgerland.com\/de\/magazin\/wp-content\/uploads\/2015\/10\/IC1A9634_Panorama.jpg\" \/>\t<\/picture><\/a><\/figure><\/div><div class=\"col-6 col-sm-4\"><figure><a class=\"thumb-container\" href=\"https:\/\/www.salzburgerland.com\/de\/magazin\/wp-content\/uploads\/2015\/10\/IC1A96471-1280x1024.jpg\">\t<picture><source media=\"(min-width: 576px)\" srcset=\"https:\/\/www.salzburgerland.com\/de\/magazin\/wp-content\/uploads\/2015\/10\/IC1A96471-325x209.jpg 325w, https:\/\/www.salzburgerland.com\/de\/magazin\/wp-content\/uploads\/2015\/10\/IC1A96471-249x160.jpg 249w\" \/><source media=\"(min-width: 0)\" srcset=\"https:\/\/www.salzburgerland.com\/de\/magazin\/wp-content\/uploads\/2015\/10\/IC1A96471-249x160.jpg 249w, https:\/\/www.salzburgerland.com\/de\/magazin\/wp-content\/uploads\/2015\/10\/IC1A96471-325x209.jpg 325w\" \/><img decoding=\"async\" alt=\"Eine herzf\u00f6rmige Schneeskulptur mit der untergehenden Sonne hinter den Berggipfeln im Hintergrund.\" src=\"https:\/\/www.salzburgerland.com\/de\/magazin\/wp-content\/uploads\/2015\/10\/IC1A96471.jpg\" \/>\t<\/picture><\/a><\/figure><\/div><div class=\"col-6 col-sm-4\"><figure><a class=\"thumb-container\" href=\"https:\/\/www.salzburgerland.com\/de\/magazin\/wp-content\/uploads\/2015\/10\/IC1A96501-1280x1024.jpg\">\t<picture><source media=\"(min-width: 576px)\" srcset=\"https:\/\/www.salzburgerland.com\/de\/magazin\/wp-content\/uploads\/2015\/10\/IC1A96501-325x209.jpg 325w, https:\/\/www.salzburgerland.com\/de\/magazin\/wp-content\/uploads\/2015\/10\/IC1A96501-249x160.jpg 249w\" \/><source media=\"(min-width: 0)\" srcset=\"https:\/\/www.salzburgerland.com\/de\/magazin\/wp-content\/uploads\/2015\/10\/IC1A96501-249x160.jpg 249w, https:\/\/www.salzburgerland.com\/de\/magazin\/wp-content\/uploads\/2015\/10\/IC1A96501-325x209.jpg 325w\" \/><img decoding=\"async\" alt=\"Ein Schnee-Iglu in einer verschneiten Ebene mit Bergen und der untergehenden Sonne im Hintergrund.\" src=\"https:\/\/www.salzburgerland.com\/de\/magazin\/wp-content\/uploads\/2015\/10\/IC1A96501.jpg\" \/>\t<\/picture><\/a><\/figure><\/div><div class=\"col-6 col-sm-4\"><figure><a class=\"thumb-container\" href=\"https:\/\/www.salzburgerland.com\/de\/magazin\/wp-content\/uploads\/2015\/10\/IC1A96511-1280x1024.jpg\">\t<picture><source media=\"(min-width: 576px)\" srcset=\"https:\/\/www.salzburgerland.com\/de\/magazin\/wp-content\/uploads\/2015\/10\/IC1A96511-325x209.jpg 325w, https:\/\/www.salzburgerland.com\/de\/magazin\/wp-content\/uploads\/2015\/10\/IC1A96511-249x160.jpg 249w\" \/><source media=\"(min-width: 0)\" srcset=\"https:\/\/www.salzburgerland.com\/de\/magazin\/wp-content\/uploads\/2015\/10\/IC1A96511-249x160.jpg 249w, https:\/\/www.salzburgerland.com\/de\/magazin\/wp-content\/uploads\/2015\/10\/IC1A96511-325x209.jpg 325w\" \/><img decoding=\"async\" alt=\"Sonnenuntergang \u00fcber schneebedeckten Bergen mit einem Iglu im Vordergrund und klarem blauen Himmel dar\u00fcber.\" src=\"https:\/\/www.salzburgerland.com\/de\/magazin\/wp-content\/uploads\/2015\/10\/IC1A96511.jpg\" \/>\t<\/picture><\/a><\/figure><\/div><div class=\"col-6 col-sm-4\"><figure><a class=\"thumb-container\" href=\"https:\/\/www.salzburgerland.com\/de\/magazin\/wp-content\/uploads\/2015\/10\/IC1A96571-1280x1024.jpg\">\t<picture><source media=\"(min-width: 576px)\" srcset=\"https:\/\/www.salzburgerland.com\/de\/magazin\/wp-content\/uploads\/2015\/10\/IC1A96571-325x209.jpg 325w, https:\/\/www.salzburgerland.com\/de\/magazin\/wp-content\/uploads\/2015\/10\/IC1A96571-249x160.jpg 249w\" \/><source media=\"(min-width: 0)\" srcset=\"https:\/\/www.salzburgerland.com\/de\/magazin\/wp-content\/uploads\/2015\/10\/IC1A96571-249x160.jpg 249w, https:\/\/www.salzburgerland.com\/de\/magazin\/wp-content\/uploads\/2015\/10\/IC1A96571-325x209.jpg 325w\" \/><img decoding=\"async\" alt=\"Verschneite Berglandschaft mit einem Iglu im Vordergrund und entfernten Gipfeln unter einem klaren blauen Himmel.\" src=\"https:\/\/www.salzburgerland.com\/de\/magazin\/wp-content\/uploads\/2015\/10\/IC1A96571.jpg\" \/>\t<\/picture><\/a><\/figure><\/div><div class=\"col-6 col-sm-4\"><figure><a class=\"thumb-container\" href=\"https:\/\/www.salzburgerland.com\/de\/magazin\/wp-content\/uploads\/2015\/10\/IC1A9659-1280x1024.jpg\">\t<picture><source media=\"(min-width: 576px)\" srcset=\"https:\/\/www.salzburgerland.com\/de\/magazin\/wp-content\/uploads\/2015\/10\/IC1A9659-325x209.jpg 325w, https:\/\/www.salzburgerland.com\/de\/magazin\/wp-content\/uploads\/2015\/10\/IC1A9659-249x160.jpg 249w\" \/><source media=\"(min-width: 0)\" srcset=\"https:\/\/www.salzburgerland.com\/de\/magazin\/wp-content\/uploads\/2015\/10\/IC1A9659-249x160.jpg 249w, https:\/\/www.salzburgerland.com\/de\/magazin\/wp-content\/uploads\/2015\/10\/IC1A9659-325x209.jpg 325w\" \/><img decoding=\"async\" alt=\"Kurvenreiche Skispuren in unber\u00fchrtem Schnee auf einer sonnenbeschienenen Piste unter einem klaren, tiefblauen Himmel.\" src=\"https:\/\/www.salzburgerland.com\/de\/magazin\/wp-content\/uploads\/2015\/10\/IC1A9659.jpg\" \/>\t<\/picture><\/a><\/figure><\/div><div class=\"col-6 col-sm-4\"><figure><a class=\"thumb-container\" href=\"https:\/\/www.salzburgerland.com\/de\/magazin\/wp-content\/uploads\/2015\/10\/IC1A96611-1280x1024.jpg\">\t<picture><source media=\"(min-width: 576px)\" srcset=\"https:\/\/www.salzburgerland.com\/de\/magazin\/wp-content\/uploads\/2015\/10\/IC1A96611-325x209.jpg 325w, https:\/\/www.salzburgerland.com\/de\/magazin\/wp-content\/uploads\/2015\/10\/IC1A96611-249x160.jpg 249w\" \/><source media=\"(min-width: 0)\" srcset=\"https:\/\/www.salzburgerland.com\/de\/magazin\/wp-content\/uploads\/2015\/10\/IC1A96611-249x160.jpg 249w, https:\/\/www.salzburgerland.com\/de\/magazin\/wp-content\/uploads\/2015\/10\/IC1A96611-325x209.jpg 325w\" \/><img decoding=\"async\" alt=\"Ein schneebedeckter H\u00fcgel mit Skispuren, vereinzelten kleinen B\u00e4umen und einem klaren, tiefblauen Himmel dar\u00fcber.\" src=\"https:\/\/www.salzburgerland.com\/de\/magazin\/wp-content\/uploads\/2015\/10\/IC1A96611.jpg\" \/>\t<\/picture><\/a><\/figure><\/div><\/div><\/div><figcaption><\/figcaption>\n<\/div>\n<p>Fotos @ Daniel Breuer<\/p>\n","protected":false},"excerpt":{"rendered":"<p>Eine \u00dcbernachtung in einem Schneebiwak, erbaut wie einst die Inuit im hohen Norden, kann mit der passenden Ausr\u00fcstung zu einem unvergesslichen Erlebnis werden. Unterst\u00fctzt von erfahrenen Bergf\u00fchrern, die die richtige Vorgehensweise erl\u00e4utern und auch auf Gefahren einer winterlichen Nacht im Freien aufmerksam machen, ist dieser Ausflug einmalig f\u00fcr Jung und Alt! Im Februar dieses Jahres [&hellip;]<\/p>\n","protected":false},"author":526,"featured_media":102543,"comment_status":"open","ping_status":"open","sticky":false,"template":"","format":"standard","meta":{"_acf_changed":false,"wl_entities_gutenberg":"","_wl_entity_redirect_enabled":"","footnotes":""},"categories":[8],"tags":[],"wl_entity_type":[306],"monatsauswahl":[82,83,84,92,93],"class_list":["post-102526","post","type-post","status-publish","format-standard","has-post-thumbnail","hentry","category-outdoor-sport","wl_entity_type-article","monatsauswahl-monat_1","monatsauswahl-monat_2","monatsauswahl-monat_3","monatsauswahl-monat_11","monatsauswahl-monat_12"],"acf":[],"yoast_head":"<!-- This site is optimized with the Yoast SEO Premium plugin v27.4 (Yoast SEO v27.4) - https:\/\/yoast.com\/product\/yoast-seo-premium-wordpress\/ -->\n<title>\u00dcbernachtung im Schneebiwak - SalzburgerLand Magazin<\/title>\n<meta name=\"description\" content=\"Eine \u00dcbernachtung in einem Schneebiwak, erbaut wie einst die Inuit im hohen Norden, kann mit der passenden Ausr\u00fcstung zu einem unvergesslichen Erlebnis werden. Unterst\u00fctzt von erfahrenen Bergf\u00fchrern, die die richtige Vorgehensweise erl\u00e4utern und auch auf Gefahren einer winterlichen Nacht im Freien aufmerksam machen, ist dieser Ausflug einmalig f\u00fcr Jung und Alt! Im Februar dieses Jahres [&hellip;]\" \/>\n<meta name=\"robots\" content=\"index, follow, max-snippet:-1, max-image-preview:large, max-video-preview:-1\" \/>\n<link rel=\"canonical\" href=\"https:\/\/www.salzburgerland.com\/de\/magazin\/uebernachtung-im-schneebiwak\/\" \/>\n<meta property=\"og:locale\" content=\"de_DE\" \/>\n<meta property=\"og:type\" content=\"article\" \/>\n<meta property=\"og:title\" content=\"\u00dcbernachtung im Schneebiwak\" \/>\n<meta property=\"og:description\" content=\"Eine \u00dcbernachtung in einem Schneebiwak, erbaut wie einst die Inuit im hohen Norden, kann mit der passenden Ausr\u00fcstung zu einem unvergesslichen Erlebnis werden. Unterst\u00fctzt von erfahrenen Bergf\u00fchrern, die die richtige Vorgehensweise erl\u00e4utern und auch auf Gefahren einer winterlichen Nacht im Freien aufmerksam machen, ist dieser Ausflug einmalig f\u00fcr Jung und Alt! Im Februar dieses Jahres [&hellip;]\" \/>\n<meta property=\"og:url\" content=\"https:\/\/www.salzburgerland.com\/de\/magazin\/uebernachtung-im-schneebiwak\/\" \/>\n<meta property=\"og:site_name\" content=\"SalzburgerLand Magazin\" \/>\n<meta property=\"article:publisher\" content=\"https:\/\/www.facebook.com\/salzburgerland\/\" \/>\n<meta property=\"article:published_time\" content=\"2016-03-03T07:00:56+00:00\" \/>\n<meta property=\"og:image\" content=\"https:\/\/www.salzburgerland.com\/de\/magazin\/wp-content\/uploads\/2015\/10\/IC1A96501.jpg\" \/>\n\t<meta property=\"og:image:width\" content=\"1600\" \/>\n\t<meta property=\"og:image:height\" content=\"1066\" \/>\n\t<meta property=\"og:image:type\" content=\"image\/jpeg\" \/>\n<meta name=\"author\" content=\"Daniel Breuer\" \/>\n<meta name=\"twitter:card\" content=\"summary_large_image\" \/>\n<meta name=\"twitter:creator\" content=\"@Salzburgerland\" \/>\n<meta name=\"twitter:site\" content=\"@Salzburgerland\" \/>\n<meta name=\"twitter:label1\" content=\"Verfasst von\" \/>\n\t<meta name=\"twitter:data1\" content=\"Daniel Breuer\" \/>\n\t<meta name=\"twitter:label2\" content=\"Gesch\u00e4tzte Lesezeit\" \/>\n\t<meta name=\"twitter:data2\" content=\"3\u00a0Minuten\" \/>\n<script type=\"application\/ld+json\" class=\"yoast-schema-graph\">{\"@context\":\"https:\\\/\\\/schema.org\",\"@graph\":[{\"@type\":\"Article\",\"@id\":\"https:\\\/\\\/www.salzburgerland.com\\\/de\\\/magazin\\\/uebernachtung-im-schneebiwak\\\/#article\",\"isPartOf\":{\"@id\":\"https:\\\/\\\/www.salzburgerland.com\\\/de\\\/magazin\\\/uebernachtung-im-schneebiwak\\\/\"},\"author\":{\"name\":\"Daniel Breuer\",\"@id\":\"https:\\\/\\\/www.salzburgerland.com\\\/de\\\/magazin\\\/#\\\/schema\\\/person\\\/ceb8bc2f5694c86d4ea2dc1e753b6860\"},\"headline\":\"\u00dcbernachtung im Schneebiwak\",\"datePublished\":\"2016-03-03T07:00:56+00:00\",\"mainEntityOfPage\":{\"@id\":\"https:\\\/\\\/www.salzburgerland.com\\\/de\\\/magazin\\\/uebernachtung-im-schneebiwak\\\/\"},\"wordCount\":503,\"commentCount\":0,\"publisher\":{\"@id\":\"https:\\\/\\\/www.salzburgerland.com\\\/de\\\/magazin\\\/#organization\"},\"image\":{\"@id\":\"https:\\\/\\\/www.salzburgerland.com\\\/de\\\/magazin\\\/uebernachtung-im-schneebiwak\\\/#primaryimage\"},\"thumbnailUrl\":\"https:\\\/\\\/www.salzburgerland.com\\\/de\\\/magazin\\\/wp-content\\\/uploads\\\/2015\\\/10\\\/IC1A96501.jpg\",\"articleSection\":[\"Outdoor &amp; Sport\"],\"inLanguage\":\"de\",\"potentialAction\":[{\"@type\":\"CommentAction\",\"name\":\"Comment\",\"target\":[\"https:\\\/\\\/www.salzburgerland.com\\\/de\\\/magazin\\\/uebernachtung-im-schneebiwak\\\/#respond\"]}]},{\"@type\":\"WebPage\",\"@id\":\"https:\\\/\\\/www.salzburgerland.com\\\/de\\\/magazin\\\/uebernachtung-im-schneebiwak\\\/\",\"url\":\"https:\\\/\\\/www.salzburgerland.com\\\/de\\\/magazin\\\/uebernachtung-im-schneebiwak\\\/\",\"name\":\"\u00dcbernachtung im Schneebiwak - SalzburgerLand Magazin\",\"isPartOf\":{\"@id\":\"https:\\\/\\\/www.salzburgerland.com\\\/de\\\/magazin\\\/#website\"},\"primaryImageOfPage\":{\"@id\":\"https:\\\/\\\/www.salzburgerland.com\\\/de\\\/magazin\\\/uebernachtung-im-schneebiwak\\\/#primaryimage\"},\"image\":{\"@id\":\"https:\\\/\\\/www.salzburgerland.com\\\/de\\\/magazin\\\/uebernachtung-im-schneebiwak\\\/#primaryimage\"},\"thumbnailUrl\":\"https:\\\/\\\/www.salzburgerland.com\\\/de\\\/magazin\\\/wp-content\\\/uploads\\\/2015\\\/10\\\/IC1A96501.jpg\",\"datePublished\":\"2016-03-03T07:00:56+00:00\",\"breadcrumb\":{\"@id\":\"https:\\\/\\\/www.salzburgerland.com\\\/de\\\/magazin\\\/uebernachtung-im-schneebiwak\\\/#breadcrumb\"},\"inLanguage\":\"de\",\"potentialAction\":[{\"@type\":\"ReadAction\",\"target\":[\"https:\\\/\\\/www.salzburgerland.com\\\/de\\\/magazin\\\/uebernachtung-im-schneebiwak\\\/\"]}]},{\"@type\":\"ImageObject\",\"inLanguage\":\"de\",\"@id\":\"https:\\\/\\\/www.salzburgerland.com\\\/de\\\/magazin\\\/uebernachtung-im-schneebiwak\\\/#primaryimage\",\"url\":\"https:\\\/\\\/www.salzburgerland.com\\\/de\\\/magazin\\\/wp-content\\\/uploads\\\/2015\\\/10\\\/IC1A96501.jpg\",\"contentUrl\":\"https:\\\/\\\/www.salzburgerland.com\\\/de\\\/magazin\\\/wp-content\\\/uploads\\\/2015\\\/10\\\/IC1A96501.jpg\",\"width\":1600,\"height\":1066,\"caption\":\"Ein Schnee-Iglu in einer verschneiten Ebene mit Bergen und der untergehenden Sonne im Hintergrund.\"},{\"@type\":\"BreadcrumbList\",\"@id\":\"https:\\\/\\\/www.salzburgerland.com\\\/de\\\/magazin\\\/uebernachtung-im-schneebiwak\\\/#breadcrumb\",\"itemListElement\":[{\"@type\":\"ListItem\",\"position\":1,\"name\":\"Startseite\",\"item\":\"https:\\\/\\\/www.salzburgerland.com\\\/de\\\/magazin\\\/\"},{\"@type\":\"ListItem\",\"position\":2,\"name\":\"Outdoor &amp; Sport\",\"item\":\"https:\\\/\\\/www.salzburgerland.com\\\/de\\\/magazin\\\/thema\\\/outdoor-sport\\\/\"},{\"@type\":\"ListItem\",\"position\":3,\"name\":\"\u00dcbernachtung im Schneebiwak\"}]},{\"@type\":\"WebSite\",\"@id\":\"https:\\\/\\\/www.salzburgerland.com\\\/de\\\/magazin\\\/#website\",\"url\":\"https:\\\/\\\/www.salzburgerland.com\\\/de\\\/magazin\\\/\",\"name\":\"SalzburgerLand Magazin\",\"description\":\"Geschichten und Interessantes aus dem SalzburgerLand\",\"publisher\":{\"@id\":\"https:\\\/\\\/www.salzburgerland.com\\\/de\\\/magazin\\\/#organization\"},\"potentialAction\":[{\"@type\":\"SearchAction\",\"target\":{\"@type\":\"EntryPoint\",\"urlTemplate\":\"https:\\\/\\\/www.salzburgerland.com\\\/de\\\/magazin\\\/?s={search_term_string}\"},\"query-input\":{\"@type\":\"PropertyValueSpecification\",\"valueRequired\":true,\"valueName\":\"search_term_string\"}}],\"inLanguage\":\"de\"},{\"@type\":\"Organization\",\"@id\":\"https:\\\/\\\/www.salzburgerland.com\\\/de\\\/magazin\\\/#organization\",\"name\":\"SalzburgerLand Tourismus\",\"url\":\"https:\\\/\\\/www.salzburgerland.com\\\/de\\\/magazin\\\/\",\"logo\":{\"@type\":\"ImageObject\",\"inLanguage\":\"de\",\"@id\":\"https:\\\/\\\/www.salzburgerland.com\\\/de\\\/magazin\\\/#\\\/schema\\\/logo\\\/image\\\/\",\"url\":\"https:\\\/\\\/www.salzburgerland.com\\\/de\\\/magazin\\\/wp-content\\\/uploads\\\/2019\\\/06\\\/salzburgerland-logo1.jpg\",\"contentUrl\":\"https:\\\/\\\/www.salzburgerland.com\\\/de\\\/magazin\\\/wp-content\\\/uploads\\\/2019\\\/06\\\/salzburgerland-logo1.jpg\",\"width\":2011,\"height\":866,\"caption\":\"SalzburgerLand Tourismus\"},\"image\":{\"@id\":\"https:\\\/\\\/www.salzburgerland.com\\\/de\\\/magazin\\\/#\\\/schema\\\/logo\\\/image\\\/\"},\"sameAs\":[\"https:\\\/\\\/www.facebook.com\\\/salzburgerland\\\/\",\"https:\\\/\\\/x.com\\\/Salzburgerland\",\"https:\\\/\\\/www.instagram.com\\\/salzburgerland\\\/\",\"https:\\\/\\\/at.linkedin.com\\\/company\\\/salzburgerland-tourismus-gmbh\",\"https:\\\/\\\/www.pinterest.at\\\/salzburgerland\\\/\",\"https:\\\/\\\/www.youtube.com\\\/user\\\/salzburgerland\",\"https:\\\/\\\/de.wikipedia.org\\\/wiki\\\/SalzburgerLand_Tourismus_GmbH\"]},{\"@type\":\"Person\",\"@id\":\"https:\\\/\\\/www.salzburgerland.com\\\/de\\\/magazin\\\/#\\\/schema\\\/person\\\/ceb8bc2f5694c86d4ea2dc1e753b6860\",\"name\":\"Daniel Breuer\",\"description\":\"Daniel Breuer ist international anerkannter Berg- und Schif\u00fchrer, Einsatz- und Ausbildungsleiter in der Bergrettung Neukirchen, Alpinfotograf. Daniels vielseitiges Berufsleben spiegelt seine Leidenschaft wider, n\u00e4mlich Leben und Arbeiten in der unvergleichlichen Bergwelt der Ostalpen. Bereits als Kind von steilen Bergflanken, schroffen Graten und majest\u00e4tischen Gipfeln fasziniert, hat er es sich nun zum Ziel gemacht, die einzigartigen Momente des Bergsteigens festzuhalten und somit auch anderen n\u00e4herzubringen.\",\"url\":\"https:\\\/\\\/www.salzburgerland.com\\\/de\\\/magazin\\\/author\\\/daniel-breuer\\\/\"}]}<\/script>\n<!-- \/ Yoast SEO Premium plugin. -->","yoast_head_json":{"title":"\u00dcbernachtung im Schneebiwak - SalzburgerLand Magazin","description":"Eine \u00dcbernachtung in einem Schneebiwak, erbaut wie einst die Inuit im hohen Norden, kann mit der passenden Ausr\u00fcstung zu einem unvergesslichen Erlebnis werden. Unterst\u00fctzt von erfahrenen Bergf\u00fchrern, die die richtige Vorgehensweise erl\u00e4utern und auch auf Gefahren einer winterlichen Nacht im Freien aufmerksam machen, ist dieser Ausflug einmalig f\u00fcr Jung und Alt! Im Februar dieses Jahres [&hellip;]","robots":{"index":"index","follow":"follow","max-snippet":"max-snippet:-1","max-image-preview":"max-image-preview:large","max-video-preview":"max-video-preview:-1"},"canonical":"https:\/\/www.salzburgerland.com\/de\/magazin\/uebernachtung-im-schneebiwak\/","og_locale":"de_DE","og_type":"article","og_title":"\u00dcbernachtung im Schneebiwak","og_description":"Eine \u00dcbernachtung in einem Schneebiwak, erbaut wie einst die Inuit im hohen Norden, kann mit der passenden Ausr\u00fcstung zu einem unvergesslichen Erlebnis werden. Unterst\u00fctzt von erfahrenen Bergf\u00fchrern, die die richtige Vorgehensweise erl\u00e4utern und auch auf Gefahren einer winterlichen Nacht im Freien aufmerksam machen, ist dieser Ausflug einmalig f\u00fcr Jung und Alt! Im Februar dieses Jahres [&hellip;]","og_url":"https:\/\/www.salzburgerland.com\/de\/magazin\/uebernachtung-im-schneebiwak\/","og_site_name":"SalzburgerLand Magazin","article_publisher":"https:\/\/www.facebook.com\/salzburgerland\/","article_published_time":"2016-03-03T07:00:56+00:00","og_image":[{"width":1600,"height":1066,"url":"https:\/\/www.salzburgerland.com\/de\/magazin\/wp-content\/uploads\/2015\/10\/IC1A96501.jpg","type":"image\/jpeg"}],"author":"Daniel Breuer","twitter_card":"summary_large_image","twitter_creator":"@Salzburgerland","twitter_site":"@Salzburgerland","twitter_misc":{"Verfasst von":"Daniel Breuer","Gesch\u00e4tzte Lesezeit":"3\u00a0Minuten"},"schema":{"@context":"https:\/\/schema.org","@graph":[{"@type":"Article","@id":"https:\/\/www.salzburgerland.com\/de\/magazin\/uebernachtung-im-schneebiwak\/#article","isPartOf":{"@id":"https:\/\/www.salzburgerland.com\/de\/magazin\/uebernachtung-im-schneebiwak\/"},"author":{"name":"Daniel Breuer","@id":"https:\/\/www.salzburgerland.com\/de\/magazin\/#\/schema\/person\/ceb8bc2f5694c86d4ea2dc1e753b6860"},"headline":"\u00dcbernachtung im Schneebiwak","datePublished":"2016-03-03T07:00:56+00:00","mainEntityOfPage":{"@id":"https:\/\/www.salzburgerland.com\/de\/magazin\/uebernachtung-im-schneebiwak\/"},"wordCount":503,"commentCount":0,"publisher":{"@id":"https:\/\/www.salzburgerland.com\/de\/magazin\/#organization"},"image":{"@id":"https:\/\/www.salzburgerland.com\/de\/magazin\/uebernachtung-im-schneebiwak\/#primaryimage"},"thumbnailUrl":"https:\/\/www.salzburgerland.com\/de\/magazin\/wp-content\/uploads\/2015\/10\/IC1A96501.jpg","articleSection":["Outdoor &amp; Sport"],"inLanguage":"de","potentialAction":[{"@type":"CommentAction","name":"Comment","target":["https:\/\/www.salzburgerland.com\/de\/magazin\/uebernachtung-im-schneebiwak\/#respond"]}]},{"@type":"WebPage","@id":"https:\/\/www.salzburgerland.com\/de\/magazin\/uebernachtung-im-schneebiwak\/","url":"https:\/\/www.salzburgerland.com\/de\/magazin\/uebernachtung-im-schneebiwak\/","name":"\u00dcbernachtung im Schneebiwak - SalzburgerLand Magazin","isPartOf":{"@id":"https:\/\/www.salzburgerland.com\/de\/magazin\/#website"},"primaryImageOfPage":{"@id":"https:\/\/www.salzburgerland.com\/de\/magazin\/uebernachtung-im-schneebiwak\/#primaryimage"},"image":{"@id":"https:\/\/www.salzburgerland.com\/de\/magazin\/uebernachtung-im-schneebiwak\/#primaryimage"},"thumbnailUrl":"https:\/\/www.salzburgerland.com\/de\/magazin\/wp-content\/uploads\/2015\/10\/IC1A96501.jpg","datePublished":"2016-03-03T07:00:56+00:00","breadcrumb":{"@id":"https:\/\/www.salzburgerland.com\/de\/magazin\/uebernachtung-im-schneebiwak\/#breadcrumb"},"inLanguage":"de","potentialAction":[{"@type":"ReadAction","target":["https:\/\/www.salzburgerland.com\/de\/magazin\/uebernachtung-im-schneebiwak\/"]}]},{"@type":"ImageObject","inLanguage":"de","@id":"https:\/\/www.salzburgerland.com\/de\/magazin\/uebernachtung-im-schneebiwak\/#primaryimage","url":"https:\/\/www.salzburgerland.com\/de\/magazin\/wp-content\/uploads\/2015\/10\/IC1A96501.jpg","contentUrl":"https:\/\/www.salzburgerland.com\/de\/magazin\/wp-content\/uploads\/2015\/10\/IC1A96501.jpg","width":1600,"height":1066,"caption":"Ein Schnee-Iglu in einer verschneiten Ebene mit Bergen und der untergehenden Sonne im Hintergrund."},{"@type":"BreadcrumbList","@id":"https:\/\/www.salzburgerland.com\/de\/magazin\/uebernachtung-im-schneebiwak\/#breadcrumb","itemListElement":[{"@type":"ListItem","position":1,"name":"Startseite","item":"https:\/\/www.salzburgerland.com\/de\/magazin\/"},{"@type":"ListItem","position":2,"name":"Outdoor &amp; Sport","item":"https:\/\/www.salzburgerland.com\/de\/magazin\/thema\/outdoor-sport\/"},{"@type":"ListItem","position":3,"name":"\u00dcbernachtung im Schneebiwak"}]},{"@type":"WebSite","@id":"https:\/\/www.salzburgerland.com\/de\/magazin\/#website","url":"https:\/\/www.salzburgerland.com\/de\/magazin\/","name":"SalzburgerLand Magazin","description":"Geschichten und Interessantes aus dem SalzburgerLand","publisher":{"@id":"https:\/\/www.salzburgerland.com\/de\/magazin\/#organization"},"potentialAction":[{"@type":"SearchAction","target":{"@type":"EntryPoint","urlTemplate":"https:\/\/www.salzburgerland.com\/de\/magazin\/?s={search_term_string}"},"query-input":{"@type":"PropertyValueSpecification","valueRequired":true,"valueName":"search_term_string"}}],"inLanguage":"de"},{"@type":"Organization","@id":"https:\/\/www.salzburgerland.com\/de\/magazin\/#organization","name":"SalzburgerLand Tourismus","url":"https:\/\/www.salzburgerland.com\/de\/magazin\/","logo":{"@type":"ImageObject","inLanguage":"de","@id":"https:\/\/www.salzburgerland.com\/de\/magazin\/#\/schema\/logo\/image\/","url":"https:\/\/www.salzburgerland.com\/de\/magazin\/wp-content\/uploads\/2019\/06\/salzburgerland-logo1.jpg","contentUrl":"https:\/\/www.salzburgerland.com\/de\/magazin\/wp-content\/uploads\/2019\/06\/salzburgerland-logo1.jpg","width":2011,"height":866,"caption":"SalzburgerLand Tourismus"},"image":{"@id":"https:\/\/www.salzburgerland.com\/de\/magazin\/#\/schema\/logo\/image\/"},"sameAs":["https:\/\/www.facebook.com\/salzburgerland\/","https:\/\/x.com\/Salzburgerland","https:\/\/www.instagram.com\/salzburgerland\/","https:\/\/at.linkedin.com\/company\/salzburgerland-tourismus-gmbh","https:\/\/www.pinterest.at\/salzburgerland\/","https:\/\/www.youtube.com\/user\/salzburgerland","https:\/\/de.wikipedia.org\/wiki\/SalzburgerLand_Tourismus_GmbH"]},{"@type":"Person","@id":"https:\/\/www.salzburgerland.com\/de\/magazin\/#\/schema\/person\/ceb8bc2f5694c86d4ea2dc1e753b6860","name":"Daniel Breuer","description":"Daniel Breuer ist international anerkannter Berg- und Schif\u00fchrer, Einsatz- und Ausbildungsleiter in der Bergrettung Neukirchen, Alpinfotograf. Daniels vielseitiges Berufsleben spiegelt seine Leidenschaft wider, n\u00e4mlich Leben und Arbeiten in der unvergleichlichen Bergwelt der Ostalpen. Bereits als Kind von steilen Bergflanken, schroffen Graten und majest\u00e4tischen Gipfeln fasziniert, hat er es sich nun zum Ziel gemacht, die einzigartigen Momente des Bergsteigens festzuhalten und somit auch anderen n\u00e4herzubringen.","url":"https:\/\/www.salzburgerland.com\/de\/magazin\/author\/daniel-breuer\/"}]}},"_wl_alt_label":[],"wl:entity_url":"http:\/\/open.salzburgerland.com\/magazin\/post\/uebernachtung_im_schneebiwak","_links":{"self":[{"href":"https:\/\/www.salzburgerland.com\/de\/magazin\/wp-json\/wp\/v2\/posts\/102526","targetHints":{"allow":["GET"]}}],"collection":[{"href":"https:\/\/www.salzburgerland.com\/de\/magazin\/wp-json\/wp\/v2\/posts"}],"about":[{"href":"https:\/\/www.salzburgerland.com\/de\/magazin\/wp-json\/wp\/v2\/types\/post"}],"author":[{"embeddable":true,"href":"https:\/\/www.salzburgerland.com\/de\/magazin\/wp-json\/wp\/v2\/users\/526"}],"replies":[{"embeddable":true,"href":"https:\/\/www.salzburgerland.com\/de\/magazin\/wp-json\/wp\/v2\/comments?post=102526"}],"version-history":[{"count":0,"href":"https:\/\/www.salzburgerland.com\/de\/magazin\/wp-json\/wp\/v2\/posts\/102526\/revisions"}],"wp:featuredmedia":[{"embeddable":true,"href":"https:\/\/www.salzburgerland.com\/de\/magazin\/wp-json\/wp\/v2\/media\/102543"}],"wp:attachment":[{"href":"https:\/\/www.salzburgerland.com\/de\/magazin\/wp-json\/wp\/v2\/media?parent=102526"}],"wp:term":[{"taxonomy":"category","embeddable":true,"href":"https:\/\/www.salzburgerland.com\/de\/magazin\/wp-json\/wp\/v2\/categories?post=102526"},{"taxonomy":"post_tag","embeddable":true,"href":"https:\/\/www.salzburgerland.com\/de\/magazin\/wp-json\/wp\/v2\/tags?post=102526"},{"taxonomy":"wl_entity_type","embeddable":true,"href":"https:\/\/www.salzburgerland.com\/de\/magazin\/wp-json\/wp\/v2\/wl_entity_type?post=102526"},{"taxonomy":"monatsauswahl","embeddable":true,"href":"https:\/\/www.salzburgerland.com\/de\/magazin\/wp-json\/wp\/v2\/monatsauswahl?post=102526"}],"curies":[{"name":"wp","href":"https:\/\/api.w.org\/{rel}","templated":true}]}}