{"id":101758,"date":"2015-10-13T17:57:11","date_gmt":"2015-10-13T15:57:11","guid":{"rendered":"http:\/\/magazin.salzburgerland.com\/?p=101758"},"modified":"2023-06-22T09:17:42","modified_gmt":"2023-06-22T07:17:42","slug":"mit-volldampf-auf-schmaler-spur","status":"publish","type":"post","link":"https:\/\/www.salzburgerland.com\/de\/magazin\/mit-volldampf-auf-schmaler-spur\/","title":{"rendered":"Pinzgauer Lokalbahn"},"content":{"rendered":"\n<h2 class=\"wp-block-slt-subtitle\">Mit Volldampf auf schmaler Spur<\/h2>\n\n\n\n<p class=\"wp-block-slt-intro\">Die Pinzgauer Lokalbahn ist eine klassische \u201eTalerschlie\u00dfungsbahn\u201c, die am 2. J\u00e4nner 1898 als damals fortschrittliches und modernes Verkehrsmittel in Betrieb genommen wurde. Ihren kaiserlichen Segen erhielt die Bahn bereits am 19. Mai 1896, als Kaiser Franz Josef I. die Urkunde zum Bau und Betrieb einer schmalspurigen Lokalbahn von <a href=\"http:\/\/www.zellamsee-kaprun.com\/de\" target=\"_blank\" rel=\"noreferrer noopener\">Zell am See<\/a> \u00fcber <a href=\"http:\/\/www.mittersill.at\/system\/web\/startseite.aspx?sprache=1\" target=\"_blank\" rel=\"noreferrer noopener\">Mittersill<\/a> nach <a href=\"http:\/\/krimml-wasserfalldorf.at\/\" target=\"_blank\" rel=\"noreferrer noopener\">Krimml<\/a> unterzeichnete.<\/p>\n\n\n\n<p class=\"p2\"> Anf\u00e4nglich verkehrten zwei Personenz\u00fcge, wobei ein Zug auch den G\u00fcterverkehr \u00fcbernahm. Dieser diente in erster Linie dem Holztransport und dem Transport landwirtschaftlicher G\u00fcter. Schon damals sorgten die Krimmler Wasserf\u00e4lle als beliebtes touristisches Ausflugsziel f\u00fcr ein hohes Fahrgastaufkommen nach Krimml.<\/p>\n\n\n<div class=\"mag-gallery\"><div class=\"row\"><div class=\"col-6 col-sm-4\"><figure><a class=\"thumb-container\" href=\"https:\/\/www.salzburgerland.com\/de\/magazin\/wp-content\/uploads\/2015\/09\/galleryitem.fitIn_.galleryitem-1280x1024.png\">\t<picture><source media=\"(min-width: 576px)\" srcset=\"https:\/\/www.salzburgerland.com\/de\/magazin\/wp-content\/uploads\/2015\/09\/galleryitem.fitIn_.galleryitem-325x209.png 325w, https:\/\/www.salzburgerland.com\/de\/magazin\/wp-content\/uploads\/2015\/09\/galleryitem.fitIn_.galleryitem-249x160.png 249w\"><\/source><source media=\"(min-width: 0)\" srcset=\"https:\/\/www.salzburgerland.com\/de\/magazin\/wp-content\/uploads\/2015\/09\/galleryitem.fitIn_.galleryitem-249x160.png 249w, https:\/\/www.salzburgerland.com\/de\/magazin\/wp-content\/uploads\/2015\/09\/galleryitem.fitIn_.galleryitem-325x209.png 325w\"><\/source><img decoding=\"async\" alt=\"Historisches Schwarz-Wei&szlig;-Foto von Menschen, die neben zwei Dampfz&uuml;gen auf verschneiten Bahngleisen in einem Waldgebiet posieren.\" src=\"https:\/\/www.salzburgerland.com\/de\/magazin\/wp-content\/uploads\/2015\/09\/galleryitem.fitIn_.galleryitem.png\">\t<\/picture><figcaption>Die Anf&auml;nge der Pinzgaubahn.<\/figcaption><\/a><\/figure><\/div><div class=\"col-6 col-sm-4\"><figure><a class=\"thumb-container\" href=\"https:\/\/www.salzburgerland.com\/de\/magazin\/wp-content\/uploads\/2015\/09\/galleryitem_1.fitIn_.galleryitem-1280x1024.png\">\t<picture><source media=\"(min-width: 576px)\" srcset=\"https:\/\/www.salzburgerland.com\/de\/magazin\/wp-content\/uploads\/2015\/09\/galleryitem_1.fitIn_.galleryitem-325x209.png 325w, https:\/\/www.salzburgerland.com\/de\/magazin\/wp-content\/uploads\/2015\/09\/galleryitem_1.fitIn_.galleryitem-249x160.png 249w\"><\/source><source media=\"(min-width: 0)\" srcset=\"https:\/\/www.salzburgerland.com\/de\/magazin\/wp-content\/uploads\/2015\/09\/galleryitem_1.fitIn_.galleryitem-249x160.png 249w, https:\/\/www.salzburgerland.com\/de\/magazin\/wp-content\/uploads\/2015\/09\/galleryitem_1.fitIn_.galleryitem-325x209.png 325w\"><\/source><img decoding=\"async\" alt=\"Altes Schwarz-Wei&szlig;-Foto einer Dampfeisenbahn mit mehreren daneben stehenden Personen in einem Waldgebiet.\" src=\"https:\/\/www.salzburgerland.com\/de\/magazin\/wp-content\/uploads\/2015\/09\/galleryitem_1.fitIn_.galleryitem.png\">\t<\/picture><figcaption>Seit 117 Jahren f&auml;hrt die Pinzgaubahn von Zell am See nach Krimml.<\/figcaption><\/a><\/figure><\/div><\/div><figcaption><\/figcaption><\/div>\n\n\n\n<p class=\"p2\">Nach vielen H\u00f6hen und Tiefen, gebeutelt durch zwei Weltkriege und mehrere Hochwasserereignisse, konnte der Bahn in den Jahren 2008 bis 2010 mit dem neuen Betreiber Salzburg AG ein zweites Leben eingehaucht werden. Nach 117 Jahren ist die \u201ePinzgaubahn\u201c aus dem Verkehrskonzept des Pinzgaus nicht mehr wegzudenken. Mit bis zu 80 kmh f\u00e4hrt die nostalgische Schmalspurbahn Sommer wie Winter im Stundentakt auf der 53 km langen Strecke zwischen dem Bahnhof Zell am See und den <a href=\"http:\/\/www.wasserfaelle-krimml.at\/\" target=\"_blank\" rel=\"noopener noreferrer\">Krimmler Wasserf\u00e4llen<\/a>. Auf der Fahrt durch die Kitzb\u00fcheler Grasberge und den Nationalpark Hohe Tauern geht es dem Lauf der Salzach entlang. Viele der 40 Haltestellen sind heute ideale Ausgangspunkte zu den Natur- und Kultursch\u00e4tzen im Nationalpark Hohe Tauern, in den Pinzgauer Grasbergen und den Kitzb\u00fcheler Alpen.<\/p>\n\n\n\n<figure class=\"wp-block-image alignnone size-full\"><a href=\"https:\/\/www.salzburgerland.com\/de\/magazin\/wp-content\/uploads\/2015\/09\/plb-3.jpg\"><img loading=\"lazy\" decoding=\"async\" width=\"674\" height=\"500\" src=\"https:\/\/www.salzburgerland.com\/de\/magazin\/wp-content\/uploads\/2015\/09\/plb-3.jpg\" alt=\"plb-3\" class=\"wp-image-101763\" srcset=\"https:\/\/www.salzburgerland.com\/de\/magazin\/wp-content\/uploads\/2015\/09\/plb-3.jpg 674w, https:\/\/www.salzburgerland.com\/de\/magazin\/wp-content\/uploads\/2015\/09\/plb-3-300x223.jpg 300w, https:\/\/www.salzburgerland.com\/de\/magazin\/wp-content\/uploads\/2015\/09\/plb-3-750x555.jpg 750w, https:\/\/www.salzburgerland.com\/de\/magazin\/wp-content\/uploads\/2015\/09\/plb-3-140x105.jpg 140w, https:\/\/www.salzburgerland.com\/de\/magazin\/wp-content\/uploads\/2015\/09\/plb-3-539x400.jpg 539w\" sizes=\"auto, (max-width: 674px) 100vw, 674px\" \/><\/a><figcaption class=\"wp-element-caption\">Spazierg\u00e4nger und Pendler finden ihren Platz ebenso in den Planz\u00fcgen wie Radfahrer, Wanderer, Skifahrer, Rodler, Langl\u00e4ufer und Schneeschuhwanderer.<\/figcaption><\/figure>\n\n\n\n<p class=\"p2\">Spazierg\u00e4nger und Pendler finden ihren Platz ebenso in den Planz\u00fcgen wie Radfahrer, Wanderer, Skifahrer, Rodler, Langl\u00e4ufer und Schneeschuhwanderer. F\u00fcr das Equipment ist Platz genug, also kann mit ruhigem Gewissen einmal eine l\u00e4ngere Tour geplant werden, denn die Pinzgaubahn bringt alle Sportler wieder p\u00fcnktlich zur\u00fcck ins Quartier.<\/p>\n\n\n\n<figure class=\"wp-block-image alignnone size-full\"><a href=\"https:\/\/www.salzburgerland.com\/de\/magazin\/wp-content\/uploads\/2015\/09\/plb-5.jpg\"><img loading=\"lazy\" decoding=\"async\" width=\"667\" height=\"500\" src=\"https:\/\/www.salzburgerland.com\/de\/magazin\/wp-content\/uploads\/2015\/09\/plb-5.jpg\" alt=\"plb-5\" class=\"wp-image-101765\" srcset=\"https:\/\/www.salzburgerland.com\/de\/magazin\/wp-content\/uploads\/2015\/09\/plb-5.jpg 667w, https:\/\/www.salzburgerland.com\/de\/magazin\/wp-content\/uploads\/2015\/09\/plb-5-300x225.jpg 300w, https:\/\/www.salzburgerland.com\/de\/magazin\/wp-content\/uploads\/2015\/09\/plb-5-140x105.jpg 140w, https:\/\/www.salzburgerland.com\/de\/magazin\/wp-content\/uploads\/2015\/09\/plb-5-534x400.jpg 534w, https:\/\/www.salzburgerland.com\/de\/magazin\/wp-content\/uploads\/2015\/09\/plb-5-960x720.jpg 960w, https:\/\/www.salzburgerland.com\/de\/magazin\/wp-content\/uploads\/2015\/09\/plb-5-1200x900.jpg 1200w\" sizes=\"auto, (max-width: 667px) 100vw, 667px\" \/><\/a><figcaption class=\"wp-element-caption\">Auch im Winter werden Sonderfahrten mit der historischen Dampflokomotive durchgef\u00fchrt.<\/figcaption><\/figure>\n\n\n\n<p class=\"p2\">Etwas Besonderes stellen im Sommer die Nostalgiefahrten mit der Dampflokomotive dar, die auch im Winter vereinzelt durchgef\u00fchrt werden. So gibt es etwa am 5. Dezember eine Advent-Dampfzugfahrt, bei der der Nikolaus sich unter die Fahrg\u00e4ste mischt. Auch an Weihnachten und zu Silvester stehen Sonderfahrten am Programm. Schon von weitem ist die alte Lok durch ihre Dampfwolke erkennbar und verstr\u00f6mt mit ihrem nostalgischen Charme einen Hauch Romantik. Mit 420 Pferdest\u00e4rken zieht die schwarz lackierte Lok der Bauart Mh.3 (Mariazell Hei\u00dfdampflok) die historischen Garnituren durch den Pinzgau. Den G\u00e4sten bleibt auf der gem\u00e4chlichen Fahrt durch die verschneite Winterlandschaft genug Zeit, um die wundersch\u00f6ne Landschaft des SalzburgerLands zu betrachten.<\/p>\n\n\n\n<p class=\"p2\">Fotos: Pinzgauer Lokalbahn\/www.pinzgauer-lokahlbahn.info<\/p>\n\n\n\n<p class=\"p2\"><strong>Weitere Informationen unter&nbsp;<\/strong><br>Pinzgauer Lokalbahn<br>Brucker Bundesstrasse 21<br>5700 Zell am See &nbsp;<br><a title=\"Kontakt E-Mail\" href=\"mailto:pinzgauerlokalbahn@salzburg-ag.at\">pinzgauerlokalbahn@salzburg-ag.at<br><\/a>www.pinzgauer-lokalbahn.info&nbsp;<\/p>\n","protected":false},"excerpt":{"rendered":"<p>Anf\u00e4nglich verkehrten zwei Personenz\u00fcge, wobei ein Zug auch den G\u00fcterverkehr \u00fcbernahm. Dieser diente in erster Linie dem Holztransport und dem Transport landwirtschaftlicher G\u00fcter. Schon damals sorgten die Krimmler Wasserf\u00e4lle als beliebtes touristisches Ausflugsziel f\u00fcr ein hohes Fahrgastaufkommen nach Krimml. Nach vielen H\u00f6hen und Tiefen, gebeutelt durch zwei Weltkriege und mehrere Hochwasserereignisse, konnte der Bahn in [&hellip;]<\/p>\n","protected":false},"author":11,"featured_media":105295,"comment_status":"open","ping_status":"open","sticky":false,"template":"","format":"standard","meta":{"_acf_changed":false,"wl_entities_gutenberg":"","_wl_entity_redirect_enabled":"","footnotes":""},"categories":[7551],"tags":[240,6709],"wl_entity_type":[306],"monatsauswahl":[82,83,84,85,86,87,88,89,90,91,92,93],"class_list":["post-101758","post","type-post","status-publish","format-standard","has-post-thumbnail","hentry","category-archiv","tag-nationalpark","tag-salzburgerland-card","wl_entity_type-article","monatsauswahl-monat_1","monatsauswahl-monat_2","monatsauswahl-monat_3","monatsauswahl-monat_4","monatsauswahl-monat_5","monatsauswahl-monat_6","monatsauswahl-monat_7","monatsauswahl-monat_8","monatsauswahl-monat_9","monatsauswahl-monat_10","monatsauswahl-monat_11","monatsauswahl-monat_12"],"acf":[],"yoast_head":"<!-- This site is optimized with the Yoast SEO Premium plugin v27.4 (Yoast SEO v27.4) - https:\/\/yoast.com\/product\/yoast-seo-premium-wordpress\/ -->\n<title>Pinzgauer Lokalbahn - SalzburgerLand Magazin<\/title>\n<meta name=\"description\" content=\"Die Pinzgauer Lokalbahn ist eine klassische \u201eTalerschlie\u00dfungsbahn\u201c, die am 2. J\u00e4nner 1898 als damals fortschrittliches und modernes Verkehrsmittel in Betrieb genommen wurde. Ihren kaiserlichen Segen erhielt die Bahn bereits am 19. Mai 1896, als Kaiser Franz Josef I. die Urkunde zum Bau und Betrieb einer schmalspurigen Lokalbahn von Zell am See \u00fcber Mittersill nach Krimml unterzeichnete.\" \/>\n<meta name=\"robots\" content=\"noindex, nofollow\" \/>\n<meta property=\"og:locale\" content=\"de_DE\" \/>\n<meta property=\"og:type\" content=\"article\" \/>\n<meta property=\"og:title\" content=\"Pinzgauer Lokalbahn\" \/>\n<meta property=\"og:description\" content=\"Anf\u00e4nglich verkehrten zwei Personenz\u00fcge, wobei ein Zug auch den G\u00fcterverkehr \u00fcbernahm. Dieser diente in erster Linie dem Holztransport und dem Transport landwirtschaftlicher G\u00fcter. Schon damals sorgten die Krimmler Wasserf\u00e4lle als beliebtes touristisches Ausflugsziel f\u00fcr ein hohes Fahrgastaufkommen nach Krimml. Nach vielen H\u00f6hen und Tiefen, gebeutelt durch zwei Weltkriege und mehrere Hochwasserereignisse, konnte der Bahn in [&hellip;]\" \/>\n<meta property=\"og:url\" content=\"https:\/\/www.salzburgerland.com\/de\/magazin\/mit-volldampf-auf-schmaler-spur\/\" \/>\n<meta property=\"og:site_name\" content=\"SalzburgerLand Magazin\" \/>\n<meta property=\"article:publisher\" content=\"https:\/\/www.facebook.com\/salzburgerland\/\" \/>\n<meta property=\"article:published_time\" content=\"2015-10-13T15:57:11+00:00\" \/>\n<meta property=\"article:modified_time\" content=\"2023-06-22T07:17:42+00:00\" \/>\n<meta property=\"og:image\" content=\"https:\/\/www.salzburgerland.com\/de\/magazin\/wp-content\/uploads\/2015\/10\/pinzgau_bahn.png\" \/>\n\t<meta property=\"og:image:width\" content=\"800\" \/>\n\t<meta property=\"og:image:height\" content=\"600\" \/>\n\t<meta property=\"og:image:type\" content=\"image\/png\" \/>\n<meta name=\"author\" content=\"Edith Danzer\" \/>\n<meta name=\"twitter:card\" content=\"summary_large_image\" \/>\n<meta name=\"twitter:creator\" content=\"@Salzburgerland\" \/>\n<meta name=\"twitter:site\" content=\"@Salzburgerland\" \/>\n<meta name=\"twitter:label1\" content=\"Verfasst von\" \/>\n\t<meta name=\"twitter:data1\" content=\"Edith Danzer\" \/>\n\t<meta name=\"twitter:label2\" content=\"Gesch\u00e4tzte Lesezeit\" \/>\n\t<meta name=\"twitter:data2\" content=\"4\u00a0Minuten\" \/>\n<script type=\"application\/ld+json\" class=\"yoast-schema-graph\">{\"@context\":\"https:\\\/\\\/schema.org\",\"@graph\":[{\"@type\":\"Article\",\"@id\":\"https:\\\/\\\/www.salzburgerland.com\\\/de\\\/magazin\\\/mit-volldampf-auf-schmaler-spur\\\/#article\",\"isPartOf\":{\"@id\":\"https:\\\/\\\/www.salzburgerland.com\\\/de\\\/magazin\\\/mit-volldampf-auf-schmaler-spur\\\/\"},\"author\":{\"name\":\"Edith Danzer\",\"@id\":\"https:\\\/\\\/www.salzburgerland.com\\\/de\\\/magazin\\\/#\\\/schema\\\/person\\\/79452c699c410aa31a119426313748de\"},\"headline\":\"Pinzgauer Lokalbahn\",\"datePublished\":\"2015-10-13T15:57:11+00:00\",\"dateModified\":\"2023-06-22T07:17:42+00:00\",\"mainEntityOfPage\":{\"@id\":\"https:\\\/\\\/www.salzburgerland.com\\\/de\\\/magazin\\\/mit-volldampf-auf-schmaler-spur\\\/\"},\"wordCount\":464,\"commentCount\":0,\"publisher\":{\"@id\":\"https:\\\/\\\/www.salzburgerland.com\\\/de\\\/magazin\\\/#organization\"},\"image\":{\"@id\":\"https:\\\/\\\/www.salzburgerland.com\\\/de\\\/magazin\\\/mit-volldampf-auf-schmaler-spur\\\/#primaryimage\"},\"thumbnailUrl\":\"https:\\\/\\\/www.salzburgerland.com\\\/de\\\/magazin\\\/wp-content\\\/uploads\\\/2015\\\/10\\\/pinzgau_bahn.png\",\"keywords\":[\"nationalpark\",\"SalzburgerLand Card\"],\"articleSection\":[\"Archiv\"],\"inLanguage\":\"de\",\"potentialAction\":[{\"@type\":\"CommentAction\",\"name\":\"Comment\",\"target\":[\"https:\\\/\\\/www.salzburgerland.com\\\/de\\\/magazin\\\/mit-volldampf-auf-schmaler-spur\\\/#respond\"]}]},{\"@type\":\"WebPage\",\"@id\":\"https:\\\/\\\/www.salzburgerland.com\\\/de\\\/magazin\\\/mit-volldampf-auf-schmaler-spur\\\/\",\"url\":\"https:\\\/\\\/www.salzburgerland.com\\\/de\\\/magazin\\\/mit-volldampf-auf-schmaler-spur\\\/\",\"name\":\"Pinzgauer Lokalbahn - SalzburgerLand Magazin\",\"isPartOf\":{\"@id\":\"https:\\\/\\\/www.salzburgerland.com\\\/de\\\/magazin\\\/#website\"},\"primaryImageOfPage\":{\"@id\":\"https:\\\/\\\/www.salzburgerland.com\\\/de\\\/magazin\\\/mit-volldampf-auf-schmaler-spur\\\/#primaryimage\"},\"image\":{\"@id\":\"https:\\\/\\\/www.salzburgerland.com\\\/de\\\/magazin\\\/mit-volldampf-auf-schmaler-spur\\\/#primaryimage\"},\"thumbnailUrl\":\"https:\\\/\\\/www.salzburgerland.com\\\/de\\\/magazin\\\/wp-content\\\/uploads\\\/2015\\\/10\\\/pinzgau_bahn.png\",\"datePublished\":\"2015-10-13T15:57:11+00:00\",\"dateModified\":\"2023-06-22T07:17:42+00:00\",\"breadcrumb\":{\"@id\":\"https:\\\/\\\/www.salzburgerland.com\\\/de\\\/magazin\\\/mit-volldampf-auf-schmaler-spur\\\/#breadcrumb\"},\"inLanguage\":\"de\",\"potentialAction\":[{\"@type\":\"ReadAction\",\"target\":[\"https:\\\/\\\/www.salzburgerland.com\\\/de\\\/magazin\\\/mit-volldampf-auf-schmaler-spur\\\/\"]}]},{\"@type\":\"ImageObject\",\"inLanguage\":\"de\",\"@id\":\"https:\\\/\\\/www.salzburgerland.com\\\/de\\\/magazin\\\/mit-volldampf-auf-schmaler-spur\\\/#primaryimage\",\"url\":\"https:\\\/\\\/www.salzburgerland.com\\\/de\\\/magazin\\\/wp-content\\\/uploads\\\/2015\\\/10\\\/pinzgau_bahn.png\",\"contentUrl\":\"https:\\\/\\\/www.salzburgerland.com\\\/de\\\/magazin\\\/wp-content\\\/uploads\\\/2015\\\/10\\\/pinzgau_bahn.png\",\"width\":800,\"height\":600,\"caption\":\"Ein Dampfzug f\u00e4hrt durch ein gr\u00fcnes Tal mit Bergen und einem \u00f6sterreichischen Dorf im Hintergrund.\"},{\"@type\":\"BreadcrumbList\",\"@id\":\"https:\\\/\\\/www.salzburgerland.com\\\/de\\\/magazin\\\/mit-volldampf-auf-schmaler-spur\\\/#breadcrumb\",\"itemListElement\":[{\"@type\":\"ListItem\",\"position\":1,\"name\":\"Startseite\",\"item\":\"https:\\\/\\\/www.salzburgerland.com\\\/de\\\/magazin\\\/\"},{\"@type\":\"ListItem\",\"position\":2,\"name\":\"Archiv\",\"item\":\"https:\\\/\\\/www.salzburgerland.com\\\/de\\\/magazin\\\/thema\\\/archiv\\\/\"},{\"@type\":\"ListItem\",\"position\":3,\"name\":\"Pinzgauer Lokalbahn\"}]},{\"@type\":\"WebSite\",\"@id\":\"https:\\\/\\\/www.salzburgerland.com\\\/de\\\/magazin\\\/#website\",\"url\":\"https:\\\/\\\/www.salzburgerland.com\\\/de\\\/magazin\\\/\",\"name\":\"SalzburgerLand Magazin\",\"description\":\"Geschichten und Interessantes aus dem SalzburgerLand\",\"publisher\":{\"@id\":\"https:\\\/\\\/www.salzburgerland.com\\\/de\\\/magazin\\\/#organization\"},\"potentialAction\":[{\"@type\":\"SearchAction\",\"target\":{\"@type\":\"EntryPoint\",\"urlTemplate\":\"https:\\\/\\\/www.salzburgerland.com\\\/de\\\/magazin\\\/?s={search_term_string}\"},\"query-input\":{\"@type\":\"PropertyValueSpecification\",\"valueRequired\":true,\"valueName\":\"search_term_string\"}}],\"inLanguage\":\"de\"},{\"@type\":\"Organization\",\"@id\":\"https:\\\/\\\/www.salzburgerland.com\\\/de\\\/magazin\\\/#organization\",\"name\":\"SalzburgerLand Tourismus\",\"url\":\"https:\\\/\\\/www.salzburgerland.com\\\/de\\\/magazin\\\/\",\"logo\":{\"@type\":\"ImageObject\",\"inLanguage\":\"de\",\"@id\":\"https:\\\/\\\/www.salzburgerland.com\\\/de\\\/magazin\\\/#\\\/schema\\\/logo\\\/image\\\/\",\"url\":\"https:\\\/\\\/www.salzburgerland.com\\\/de\\\/magazin\\\/wp-content\\\/uploads\\\/2019\\\/06\\\/salzburgerland-logo1.jpg\",\"contentUrl\":\"https:\\\/\\\/www.salzburgerland.com\\\/de\\\/magazin\\\/wp-content\\\/uploads\\\/2019\\\/06\\\/salzburgerland-logo1.jpg\",\"width\":2011,\"height\":866,\"caption\":\"SalzburgerLand Tourismus\"},\"image\":{\"@id\":\"https:\\\/\\\/www.salzburgerland.com\\\/de\\\/magazin\\\/#\\\/schema\\\/logo\\\/image\\\/\"},\"sameAs\":[\"https:\\\/\\\/www.facebook.com\\\/salzburgerland\\\/\",\"https:\\\/\\\/x.com\\\/Salzburgerland\",\"https:\\\/\\\/www.instagram.com\\\/salzburgerland\\\/\",\"https:\\\/\\\/at.linkedin.com\\\/company\\\/salzburgerland-tourismus-gmbh\",\"https:\\\/\\\/www.pinterest.at\\\/salzburgerland\\\/\",\"https:\\\/\\\/www.youtube.com\\\/user\\\/salzburgerland\",\"https:\\\/\\\/de.wikipedia.org\\\/wiki\\\/SalzburgerLand_Tourismus_GmbH\"]},{\"@type\":\"Person\",\"@id\":\"https:\\\/\\\/www.salzburgerland.com\\\/de\\\/magazin\\\/#\\\/schema\\\/person\\\/79452c699c410aa31a119426313748de\",\"name\":\"Edith Danzer\",\"description\":\"Seit Jahren arbeite ich als freie Redakteurin und Fotografin im SalzburgerLand. Schreiben ist f\u00fcr mich nicht blo\u00df das Erstellen eines Textes. Es ist ein Komponieren einer wundervollen Melodie, ein Malen mit Buchstaben und Worten. Ich liebe die Begegnungen mit Menschen, die mir ihre Geschichte anvertrauen. Wenn man mich sucht, bin ich entweder am Schreibtisch (der auch mal am sonnigen H\u00fcttenbankerl stehen kann) oder mit meinem Husky-M\u00e4dl Ylvi am Berg, am See oder im Wald. Ich \u2026 \u2026 in ein paar Worten. \u2022 Lieber drau\u00dfen, als drinnen. \u2022 Lieber Norden, als S\u00fcden. \u2022 Lieber Buchstaben, als Zahlen. \u2022 Lieber Schnee, als Strand. \u2022 Lieber Berg, als Tal. \u2022 Lieber Nordlichter, als S\u00fcdseezauber. \u2022 Lieber H\u00fctte, als F\u00fcnfsternschuppen. \u2022 Lieber Hund, als Katze. \u2022 Lieber grader Michl, als falscher Fufzga. \u2022 Lieber mittendurch, als drumherum \u2022 Lieber Almleben, als Couchpotato\",\"url\":\"https:\\\/\\\/www.salzburgerland.com\\\/de\\\/magazin\\\/author\\\/edith-danzer\\\/\"}]}<\/script>\n<!-- \/ Yoast SEO Premium plugin. -->","yoast_head_json":{"title":"Pinzgauer Lokalbahn - SalzburgerLand Magazin","description":"Die Pinzgauer Lokalbahn ist eine klassische \u201eTalerschlie\u00dfungsbahn\u201c, die am 2. J\u00e4nner 1898 als damals fortschrittliches und modernes Verkehrsmittel in Betrieb genommen wurde. Ihren kaiserlichen Segen erhielt die Bahn bereits am 19. Mai 1896, als Kaiser Franz Josef I. die Urkunde zum Bau und Betrieb einer schmalspurigen Lokalbahn von Zell am See \u00fcber Mittersill nach Krimml unterzeichnete.","robots":{"index":"noindex","follow":"nofollow"},"og_locale":"de_DE","og_type":"article","og_title":"Pinzgauer Lokalbahn","og_description":"Anf\u00e4nglich verkehrten zwei Personenz\u00fcge, wobei ein Zug auch den G\u00fcterverkehr \u00fcbernahm. Dieser diente in erster Linie dem Holztransport und dem Transport landwirtschaftlicher G\u00fcter. Schon damals sorgten die Krimmler Wasserf\u00e4lle als beliebtes touristisches Ausflugsziel f\u00fcr ein hohes Fahrgastaufkommen nach Krimml. Nach vielen H\u00f6hen und Tiefen, gebeutelt durch zwei Weltkriege und mehrere Hochwasserereignisse, konnte der Bahn in [&hellip;]","og_url":"https:\/\/www.salzburgerland.com\/de\/magazin\/mit-volldampf-auf-schmaler-spur\/","og_site_name":"SalzburgerLand Magazin","article_publisher":"https:\/\/www.facebook.com\/salzburgerland\/","article_published_time":"2015-10-13T15:57:11+00:00","article_modified_time":"2023-06-22T07:17:42+00:00","og_image":[{"width":800,"height":600,"url":"https:\/\/www.salzburgerland.com\/de\/magazin\/wp-content\/uploads\/2015\/10\/pinzgau_bahn.png","type":"image\/png"}],"author":"Edith Danzer","twitter_card":"summary_large_image","twitter_creator":"@Salzburgerland","twitter_site":"@Salzburgerland","twitter_misc":{"Verfasst von":"Edith Danzer","Gesch\u00e4tzte Lesezeit":"4\u00a0Minuten"},"schema":{"@context":"https:\/\/schema.org","@graph":[{"@type":"Article","@id":"https:\/\/www.salzburgerland.com\/de\/magazin\/mit-volldampf-auf-schmaler-spur\/#article","isPartOf":{"@id":"https:\/\/www.salzburgerland.com\/de\/magazin\/mit-volldampf-auf-schmaler-spur\/"},"author":{"name":"Edith Danzer","@id":"https:\/\/www.salzburgerland.com\/de\/magazin\/#\/schema\/person\/79452c699c410aa31a119426313748de"},"headline":"Pinzgauer Lokalbahn","datePublished":"2015-10-13T15:57:11+00:00","dateModified":"2023-06-22T07:17:42+00:00","mainEntityOfPage":{"@id":"https:\/\/www.salzburgerland.com\/de\/magazin\/mit-volldampf-auf-schmaler-spur\/"},"wordCount":464,"commentCount":0,"publisher":{"@id":"https:\/\/www.salzburgerland.com\/de\/magazin\/#organization"},"image":{"@id":"https:\/\/www.salzburgerland.com\/de\/magazin\/mit-volldampf-auf-schmaler-spur\/#primaryimage"},"thumbnailUrl":"https:\/\/www.salzburgerland.com\/de\/magazin\/wp-content\/uploads\/2015\/10\/pinzgau_bahn.png","keywords":["nationalpark","SalzburgerLand Card"],"articleSection":["Archiv"],"inLanguage":"de","potentialAction":[{"@type":"CommentAction","name":"Comment","target":["https:\/\/www.salzburgerland.com\/de\/magazin\/mit-volldampf-auf-schmaler-spur\/#respond"]}]},{"@type":"WebPage","@id":"https:\/\/www.salzburgerland.com\/de\/magazin\/mit-volldampf-auf-schmaler-spur\/","url":"https:\/\/www.salzburgerland.com\/de\/magazin\/mit-volldampf-auf-schmaler-spur\/","name":"Pinzgauer Lokalbahn - SalzburgerLand Magazin","isPartOf":{"@id":"https:\/\/www.salzburgerland.com\/de\/magazin\/#website"},"primaryImageOfPage":{"@id":"https:\/\/www.salzburgerland.com\/de\/magazin\/mit-volldampf-auf-schmaler-spur\/#primaryimage"},"image":{"@id":"https:\/\/www.salzburgerland.com\/de\/magazin\/mit-volldampf-auf-schmaler-spur\/#primaryimage"},"thumbnailUrl":"https:\/\/www.salzburgerland.com\/de\/magazin\/wp-content\/uploads\/2015\/10\/pinzgau_bahn.png","datePublished":"2015-10-13T15:57:11+00:00","dateModified":"2023-06-22T07:17:42+00:00","breadcrumb":{"@id":"https:\/\/www.salzburgerland.com\/de\/magazin\/mit-volldampf-auf-schmaler-spur\/#breadcrumb"},"inLanguage":"de","potentialAction":[{"@type":"ReadAction","target":["https:\/\/www.salzburgerland.com\/de\/magazin\/mit-volldampf-auf-schmaler-spur\/"]}]},{"@type":"ImageObject","inLanguage":"de","@id":"https:\/\/www.salzburgerland.com\/de\/magazin\/mit-volldampf-auf-schmaler-spur\/#primaryimage","url":"https:\/\/www.salzburgerland.com\/de\/magazin\/wp-content\/uploads\/2015\/10\/pinzgau_bahn.png","contentUrl":"https:\/\/www.salzburgerland.com\/de\/magazin\/wp-content\/uploads\/2015\/10\/pinzgau_bahn.png","width":800,"height":600,"caption":"Ein Dampfzug f\u00e4hrt durch ein gr\u00fcnes Tal mit Bergen und einem \u00f6sterreichischen Dorf im Hintergrund."},{"@type":"BreadcrumbList","@id":"https:\/\/www.salzburgerland.com\/de\/magazin\/mit-volldampf-auf-schmaler-spur\/#breadcrumb","itemListElement":[{"@type":"ListItem","position":1,"name":"Startseite","item":"https:\/\/www.salzburgerland.com\/de\/magazin\/"},{"@type":"ListItem","position":2,"name":"Archiv","item":"https:\/\/www.salzburgerland.com\/de\/magazin\/thema\/archiv\/"},{"@type":"ListItem","position":3,"name":"Pinzgauer Lokalbahn"}]},{"@type":"WebSite","@id":"https:\/\/www.salzburgerland.com\/de\/magazin\/#website","url":"https:\/\/www.salzburgerland.com\/de\/magazin\/","name":"SalzburgerLand Magazin","description":"Geschichten und Interessantes aus dem SalzburgerLand","publisher":{"@id":"https:\/\/www.salzburgerland.com\/de\/magazin\/#organization"},"potentialAction":[{"@type":"SearchAction","target":{"@type":"EntryPoint","urlTemplate":"https:\/\/www.salzburgerland.com\/de\/magazin\/?s={search_term_string}"},"query-input":{"@type":"PropertyValueSpecification","valueRequired":true,"valueName":"search_term_string"}}],"inLanguage":"de"},{"@type":"Organization","@id":"https:\/\/www.salzburgerland.com\/de\/magazin\/#organization","name":"SalzburgerLand Tourismus","url":"https:\/\/www.salzburgerland.com\/de\/magazin\/","logo":{"@type":"ImageObject","inLanguage":"de","@id":"https:\/\/www.salzburgerland.com\/de\/magazin\/#\/schema\/logo\/image\/","url":"https:\/\/www.salzburgerland.com\/de\/magazin\/wp-content\/uploads\/2019\/06\/salzburgerland-logo1.jpg","contentUrl":"https:\/\/www.salzburgerland.com\/de\/magazin\/wp-content\/uploads\/2019\/06\/salzburgerland-logo1.jpg","width":2011,"height":866,"caption":"SalzburgerLand Tourismus"},"image":{"@id":"https:\/\/www.salzburgerland.com\/de\/magazin\/#\/schema\/logo\/image\/"},"sameAs":["https:\/\/www.facebook.com\/salzburgerland\/","https:\/\/x.com\/Salzburgerland","https:\/\/www.instagram.com\/salzburgerland\/","https:\/\/at.linkedin.com\/company\/salzburgerland-tourismus-gmbh","https:\/\/www.pinterest.at\/salzburgerland\/","https:\/\/www.youtube.com\/user\/salzburgerland","https:\/\/de.wikipedia.org\/wiki\/SalzburgerLand_Tourismus_GmbH"]},{"@type":"Person","@id":"https:\/\/www.salzburgerland.com\/de\/magazin\/#\/schema\/person\/79452c699c410aa31a119426313748de","name":"Edith Danzer","description":"Seit Jahren arbeite ich als freie Redakteurin und Fotografin im SalzburgerLand. Schreiben ist f\u00fcr mich nicht blo\u00df das Erstellen eines Textes. Es ist ein Komponieren einer wundervollen Melodie, ein Malen mit Buchstaben und Worten. Ich liebe die Begegnungen mit Menschen, die mir ihre Geschichte anvertrauen. Wenn man mich sucht, bin ich entweder am Schreibtisch (der auch mal am sonnigen H\u00fcttenbankerl stehen kann) oder mit meinem Husky-M\u00e4dl Ylvi am Berg, am See oder im Wald. Ich \u2026 \u2026 in ein paar Worten. \u2022 Lieber drau\u00dfen, als drinnen. \u2022 Lieber Norden, als S\u00fcden. \u2022 Lieber Buchstaben, als Zahlen. \u2022 Lieber Schnee, als Strand. \u2022 Lieber Berg, als Tal. \u2022 Lieber Nordlichter, als S\u00fcdseezauber. \u2022 Lieber H\u00fctte, als F\u00fcnfsternschuppen. \u2022 Lieber Hund, als Katze. \u2022 Lieber grader Michl, als falscher Fufzga. \u2022 Lieber mittendurch, als drumherum \u2022 Lieber Almleben, als Couchpotato","url":"https:\/\/www.salzburgerland.com\/de\/magazin\/author\/edith-danzer\/"}]}},"_wl_alt_label":[],"wl:entity_url":"http:\/\/open.salzburgerland.com\/magazin\/post\/mit_volldampf_auf_schmaler_spur","_links":{"self":[{"href":"https:\/\/www.salzburgerland.com\/de\/magazin\/wp-json\/wp\/v2\/posts\/101758","targetHints":{"allow":["GET"]}}],"collection":[{"href":"https:\/\/www.salzburgerland.com\/de\/magazin\/wp-json\/wp\/v2\/posts"}],"about":[{"href":"https:\/\/www.salzburgerland.com\/de\/magazin\/wp-json\/wp\/v2\/types\/post"}],"author":[{"embeddable":true,"href":"https:\/\/www.salzburgerland.com\/de\/magazin\/wp-json\/wp\/v2\/users\/11"}],"replies":[{"embeddable":true,"href":"https:\/\/www.salzburgerland.com\/de\/magazin\/wp-json\/wp\/v2\/comments?post=101758"}],"version-history":[{"count":2,"href":"https:\/\/www.salzburgerland.com\/de\/magazin\/wp-json\/wp\/v2\/posts\/101758\/revisions"}],"predecessor-version":[{"id":169144,"href":"https:\/\/www.salzburgerland.com\/de\/magazin\/wp-json\/wp\/v2\/posts\/101758\/revisions\/169144"}],"wp:featuredmedia":[{"embeddable":true,"href":"https:\/\/www.salzburgerland.com\/de\/magazin\/wp-json\/wp\/v2\/media\/105295"}],"wp:attachment":[{"href":"https:\/\/www.salzburgerland.com\/de\/magazin\/wp-json\/wp\/v2\/media?parent=101758"}],"wp:term":[{"taxonomy":"category","embeddable":true,"href":"https:\/\/www.salzburgerland.com\/de\/magazin\/wp-json\/wp\/v2\/categories?post=101758"},{"taxonomy":"post_tag","embeddable":true,"href":"https:\/\/www.salzburgerland.com\/de\/magazin\/wp-json\/wp\/v2\/tags?post=101758"},{"taxonomy":"wl_entity_type","embeddable":true,"href":"https:\/\/www.salzburgerland.com\/de\/magazin\/wp-json\/wp\/v2\/wl_entity_type?post=101758"},{"taxonomy":"monatsauswahl","embeddable":true,"href":"https:\/\/www.salzburgerland.com\/de\/magazin\/wp-json\/wp\/v2\/monatsauswahl?post=101758"}],"curies":[{"name":"wp","href":"https:\/\/api.w.org\/{rel}","templated":true}]}}