{"id":101375,"date":"2015-09-24T12:40:14","date_gmt":"2015-09-24T10:40:14","guid":{"rendered":"http:\/\/magazin.salzburgerland.com\/?p=101375"},"modified":"2021-04-30T10:16:26","modified_gmt":"2021-04-30T08:16:26","slug":"erlebnisschlucht-salzachoefen","status":"publish","type":"post","link":"https:\/\/www.salzburgerland.com\/de\/magazin\/erlebnisschlucht-salzachoefen\/","title":{"rendered":"Erlebnisschlucht Salzachklamm"},"content":{"rendered":"\n<h2 class=\"wp-block-slt-subtitle\">Adrenalinkick gef\u00e4llig?<\/h2>\n\n\n\n<p class=\"wp-block-slt-intro\">Da stehe ich also! Auf einer kleinen Plattform. Weit unter mir tost der wilde Bach, rechts und links ragen steil aufsteigende Klippen empor. Will ich das wirklich machen? Will ich tats\u00e4chlich den so oft zitierten &#8218;Schritt ins Nichts&#8216; wagen und mich auf einem Stahlseil \u00fcber diesen Abgrund schwingen?<\/p>\n\n\n\n<p>Ziemlich viel in mir str\u00e4ubt sich, aber es gibt im Leben manchmal einen Punkt, an dem es kein Zur\u00fcck mehr gibt. An dem man zeigen muss, dass man es drauf hat! Pl\u00f6tzlich f\u00fchle ich mich ein bisschen heroisch, h\u00f6re hymnische Fanfaren in meinem inneren Ohr. Ich schlie\u00dfe die Augen, atme noch einmal ein und bin zu allem bereit. Dann ein Schritt, der Wind beginnt zu pfeifen und die Welt um mich beschleunigt. Wie aus einer anderen Welt h\u00f6re ich noch Kinder hinter mir herrufen: &#8222;Na endlich traut sich der auch mal!&#8220;&#8230;<\/p>\n\n\n\n<h2 class=\"wp-block-heading\" id=\"h-die-salzachklamm-wildromantisch-und-imposant\">Die Salzachklamm &#8211; wildromantisch und imposant<\/h2>\n\n\n\n<p>Doch erst mal alles der Reihe nach: Vom Gollinger Pass Lueg sind es nur wenige Schritte bis zu der wildromantischen und imposanten Salzachklamm. Hier, an dem am Ende der letzten Eiszeit entstandenen Durchbruch der Salzach, zwischen Tennen- und Hagengebirge, kann man seit 2013 einen Tag voller Abenteuer,\u00a0Action und einmaligen Eindr\u00fccke, erleben. Die &#8218;Erlebnisschlucht Salzachklamm&#8216; verbindet die fesselnde Natursch\u00f6nheit der Klamm und des wilden Flusses mit einem Abenteuerspielplatz, in dem Alt und Jung gleicherma\u00dfen zuhause sind. Beim Einstieg\u00a0treffe ich mich am fr\u00fchen Nachmittag mit meinem Guide und werde erst einmal mit allem Wissenswertem und der n\u00f6tigen Ausr\u00fcstung eingedeckt. Die Tour durch eine der sch\u00f6nsten Schluchten \u00d6sterreichs soll etwa 2,5 Stunden dauern und uns Abenteurer auf die Spur von J\u00e4gern und Sammlern aus der Steinzeit,\u00a0R\u00f6mern, Kelten und auch Rittern f\u00fchren. Sie alle nutzten den Durchbruch als Weg aus und in die Berge und haben ihre Spuren hinterlassen. Der Pass Lueg<strong>\u00a0<\/strong>war f\u00fcr Jahrtausende eine der wichtigsten Nord-S\u00fcd-Passagen durch die Alpen und das Tor zu Salzburg! Dann marschieren wir auch schon los. Immer wieder erz\u00e4hlt man uns Details zu Geologie und Biologie der Schlucht und vor allem beim j\u00fcngeren Publikum sieht man, wie sehr man damit auf Interesse st\u00f6\u00dft. Dem Spruch &#8222;Hier wird Wissen zu Abenteuer&#8220; haucht man hier tats\u00e4chlich Leben ein. V\u00f6llig beeindruckt von der Kraft der Elemente dringen wir immer weiter in die Schlucht vor. Unter Tage erreichen wir schlie\u00dflich die Felskathedrale, den Ort, an dem sich die beiden Gebirgsst\u00f6cke treffen und sich der Fluss mit unglaublicher Energie durch eine\u00a0gewaltige H\u00f6hle\u00a0presst.\u00a0Als ich dann noch eine 200 Millionen Jahre alte Fossilie in den H\u00e4nden halte, bin ich endg\u00fcltig \u00fcberw\u00e4ltigt.\u00a0<\/p>\n\n\n\n<figure class=\"wp-block-image size-large\"><img loading=\"lazy\" decoding=\"async\" width=\"1600\" height=\"1068\" src=\"https:\/\/www.salzburgerland.com\/de\/magazin\/wp-content\/uploads\/2015\/08\/07-Erlebnisschlucht-ohneMenschen28.jpg\" alt=\"Ein schnell flie\u00dfender Fluss flie\u00dft zwischen steilen, felsigen Klippen, die mit \u00fcppig gr\u00fcnen B\u00e4umen bewachsen sind.\" class=\"wp-image-101435\" srcset=\"https:\/\/www.salzburgerland.com\/de\/magazin\/wp-content\/uploads\/2015\/08\/07-Erlebnisschlucht-ohneMenschen28.jpg 1600w, https:\/\/www.salzburgerland.com\/de\/magazin\/wp-content\/uploads\/2015\/08\/07-Erlebnisschlucht-ohneMenschen28-300x200.jpg 300w, https:\/\/www.salzburgerland.com\/de\/magazin\/wp-content\/uploads\/2015\/08\/07-Erlebnisschlucht-ohneMenschen28-824x550.jpg 824w, https:\/\/www.salzburgerland.com\/de\/magazin\/wp-content\/uploads\/2015\/08\/07-Erlebnisschlucht-ohneMenschen28-599x400.jpg 599w, https:\/\/www.salzburgerland.com\/de\/magazin\/wp-content\/uploads\/2015\/08\/07-Erlebnisschlucht-ohneMenschen28-1320x881.jpg 1320w\" sizes=\"auto, (max-width: 1600px) 100vw, 1600px\" \/><\/figure>\n\n\n\n<h2 class=\"wp-block-heading\" id=\"h-flying-fox\">Flying Fox<\/h2>\n\n\n\n<p>Dann kommt es, das Highlight von dem alle so schw\u00e4rmen und vor dem ich dann doch ein bisschen Schiss habe: der Flying Fox, die 800 Meter lange Stahlseilrutsche, an der man erst in luftiger H\u00f6he, dann immer tiefer und knapper, \u00fcber die Schlucht fliegt und auf der man Einblicke in die spektakul\u00e4re Wildnis hat, die sonst nur Extremsportlern vorbehalten w\u00e4ren. Wie oben bereits erw\u00e4hnt, wage ich dann doch den alles entscheidenden Schritt und&nbsp;sause im H\u00f6llentempo durch die Schlucht. Leider ist dieser Ritt auch viel zu schnell wieder vorbei und w\u00e4hrend mein K\u00f6rper noch immer voller Adrenalin gepumpt ist, werde ich auf der anderen Seite noch von meinem Gurtzeug befreit. Der Flying Fox hier ist \u00fcbrigens die erste und einzige \u00f6kologische und damit vollst\u00e4ndig reversible Flying Fox Anlage \u00d6sterreichs, die nur aus diesem Grund in einem Naturdenkmal errichtet werden durfte. Was f\u00fcr ein Gl\u00fcck denke ich mir und mache mich v\u00f6llig begeistert auf den Weg zur\u00fcck zum Parkplatz. Ich verbinde meinen Besuch hier am Pass Lueg noch mit einem Besuch der idyllischen Rokoko-Wahlfahrtskirche &#8218;Maria Brunneck&#8216; und fahre dann m\u00fcde aber gl\u00fccklich wieder zur\u00fcck nach Hause. Dieses Abenteuer sollten Sie wirklich auch einmal erleben!<\/p>\n\n\n\n<p>Erlebnisschlucht Salzachklamm<br>Oberg\u00e4u 82<br>5440 Golling an der Salzach<br>+43 699 11437302<br><a href=\"http:\/\/www.salzachklamm.at\" target=\"_blank\" rel=\"noreferrer noopener\">www.salzachklamm.at<\/a><\/p>\n\n\n<div class=\"mag-gallery\"><div class=\"row\"><div class=\"col-6 col-sm-4\"><figure><a class=\"thumb-container\" href=\"https:\/\/www.salzburgerland.com\/de\/magazin\/wp-content\/uploads\/2015\/08\/Mai15_unbenannt00318-114-1280x1024.jpg\">\t<picture><source media=\"(min-width: 576px)\" srcset=\"https:\/\/www.salzburgerland.com\/de\/magazin\/wp-content\/uploads\/2015\/08\/Mai15_unbenannt00318-114-325x209.jpg 325w, https:\/\/www.salzburgerland.com\/de\/magazin\/wp-content\/uploads\/2015\/08\/Mai15_unbenannt00318-114-249x160.jpg 249w\"><\/source><source media=\"(min-width: 0)\" srcset=\"https:\/\/www.salzburgerland.com\/de\/magazin\/wp-content\/uploads\/2015\/08\/Mai15_unbenannt00318-114-249x160.jpg 249w, https:\/\/www.salzburgerland.com\/de\/magazin\/wp-content\/uploads\/2015\/08\/Mai15_unbenannt00318-114-325x209.jpg 325w\"><\/source><img decoding=\"async\" alt=\"Eine Frau in einem rosafarbenen Hemd auf einer Seilbahnplattform &uuml;ber einem Fluss, umgeben von &uuml;ppigen gr&uuml;nen B&auml;umen.\" src=\"https:\/\/www.salzburgerland.com\/de\/magazin\/wp-content\/uploads\/2015\/08\/Mai15_unbenannt00318-114.jpg\">\t<\/picture><\/a><\/figure><\/div><div class=\"col-6 col-sm-4\"><figure><a class=\"thumb-container\" href=\"https:\/\/www.salzburgerland.com\/de\/magazin\/wp-content\/uploads\/2015\/08\/Mai15_unbenannt00318-36-1280x1024.jpg\">\t<picture><source media=\"(min-width: 576px)\" srcset=\"\"><\/source><source media=\"(min-width: 0)\" srcset=\"https:\/\/www.salzburgerland.com\/de\/magazin\/wp-content\/uploads\/2015\/08\/Mai15_unbenannt00318-36.jpg 1068w, https:\/\/www.salzburgerland.com\/de\/magazin\/wp-content\/uploads\/2015\/08\/Mai15_unbenannt00318-36-200x300.jpg 200w, https:\/\/www.salzburgerland.com\/de\/magazin\/wp-content\/uploads\/2015\/08\/Mai15_unbenannt00318-36-367x550.jpg 367w, https:\/\/www.salzburgerland.com\/de\/magazin\/wp-content\/uploads\/2015\/08\/Mai15_unbenannt00318-36-267x400.jpg 267w\"><\/source><img decoding=\"async\" alt=\"Zwei M&auml;nner mit Kletterausr&uuml;stung unterhalten sich auf einem Waldweg, einer sitzt auf einem Holzzaun und gestikuliert lebhaft.\" src=\"https:\/\/www.salzburgerland.com\/de\/magazin\/wp-content\/uploads\/2015\/08\/Mai15_unbenannt00318-36.jpg\">\t<\/picture><\/a><\/figure><\/div><div class=\"col-6 col-sm-4\"><figure><a class=\"thumb-container\" href=\"https:\/\/www.salzburgerland.com\/de\/magazin\/wp-content\/uploads\/2015\/08\/Mai15_unbenannt00288-264-1280x1024.jpg\">\t<picture><source media=\"(min-width: 576px)\" srcset=\"https:\/\/www.salzburgerland.com\/de\/magazin\/wp-content\/uploads\/2015\/08\/Mai15_unbenannt00288-264-325x209.jpg 325w, https:\/\/www.salzburgerland.com\/de\/magazin\/wp-content\/uploads\/2015\/08\/Mai15_unbenannt00288-264-249x160.jpg 249w\"><\/source><source media=\"(min-width: 0)\" srcset=\"https:\/\/www.salzburgerland.com\/de\/magazin\/wp-content\/uploads\/2015\/08\/Mai15_unbenannt00288-264-249x160.jpg 249w, https:\/\/www.salzburgerland.com\/de\/magazin\/wp-content\/uploads\/2015\/08\/Mai15_unbenannt00288-264-325x209.jpg 325w\"><\/source><img decoding=\"async\" alt=\"Drei Personen, die im Gras hocken und eine gro&szlig;e Schnecke untersuchen, umgeben von Gr&uuml;nzeug.\" src=\"https:\/\/www.salzburgerland.com\/de\/magazin\/wp-content\/uploads\/2015\/08\/Mai15_unbenannt00288-264.jpg\">\t<\/picture><\/a><\/figure><\/div><div class=\"col-6 col-sm-4\"><figure><a class=\"thumb-container\" href=\"https:\/\/www.salzburgerland.com\/de\/magazin\/wp-content\/uploads\/2015\/08\/10-Erlebnisschlucht-AuchFurKleinsteGaste-1280x1024.jpg\">\t<picture><source media=\"(min-width: 576px)\" srcset=\"\"><\/source><source media=\"(min-width: 0)\" srcset=\"\"><\/source><img decoding=\"async\" alt=\"Eine l&auml;chelnde Frau und ein kleines Kind mit Helm und Klettergurt klettern gemeinsam.\" src=\"https:\/\/www.salzburgerland.com\/de\/magazin\/wp-content\/uploads\/2015\/08\/10-Erlebnisschlucht-AuchFurKleinsteGaste-rotated.jpg\">\t<\/picture><\/a><\/figure><\/div><div class=\"col-6 col-sm-4\"><figure><a class=\"thumb-container\" href=\"https:\/\/www.salzburgerland.com\/de\/magazin\/wp-content\/uploads\/2015\/08\/01-Erlebnisschlucht-horizontal-li-1280x1024.jpg\">\t<picture><source media=\"(min-width: 576px)\" srcset=\"https:\/\/www.salzburgerland.com\/de\/magazin\/wp-content\/uploads\/2015\/08\/01-Erlebnisschlucht-horizontal-li-325x209.jpg 325w, https:\/\/www.salzburgerland.com\/de\/magazin\/wp-content\/uploads\/2015\/08\/01-Erlebnisschlucht-horizontal-li-249x160.jpg 249w\"><\/source><source media=\"(min-width: 0)\" srcset=\"https:\/\/www.salzburgerland.com\/de\/magazin\/wp-content\/uploads\/2015\/08\/01-Erlebnisschlucht-horizontal-li-249x160.jpg 249w, https:\/\/www.salzburgerland.com\/de\/magazin\/wp-content\/uploads\/2015\/08\/01-Erlebnisschlucht-horizontal-li-325x209.jpg 325w\"><\/source><img decoding=\"async\" alt=\"Eine Frau, die mit einem Fallschirm &uuml;ber eine Flussschlucht gleitet, l&auml;chelt mit ausgestreckten Armen, umgeben von &uuml;ppig gr&uuml;nen B&auml;umen.\" src=\"https:\/\/www.salzburgerland.com\/de\/magazin\/wp-content\/uploads\/2015\/08\/01-Erlebnisschlucht-horizontal-li.jpg\">\t<\/picture><\/a><\/figure><\/div><\/div><figcaption><\/figcaption><\/div>\n\n\n\n<p>\u00a9TEAMSPIRITaustria<\/p>\n","protected":false},"excerpt":{"rendered":"<p>Ziemlich viel in mir str\u00e4ubt sich, aber es gibt im Leben manchmal einen Punkt, an dem es kein Zur\u00fcck mehr gibt. An dem man zeigen muss, dass man es drauf hat! Pl\u00f6tzlich f\u00fchle ich mich ein bisschen heroisch, h\u00f6re hymnische Fanfaren in meinem inneren Ohr. Ich schlie\u00dfe die Augen, atme noch einmal ein und bin [&hellip;]<\/p>\n","protected":false},"author":505,"featured_media":101433,"comment_status":"open","ping_status":"open","sticky":false,"template":"","format":"standard","meta":{"_acf_changed":false,"wl_entities_gutenberg":"","_wl_entity_redirect_enabled":"","footnotes":""},"categories":[8],"tags":[231,6709],"wl_entity_type":[306],"monatsauswahl":[86,87,88,89,90,91],"class_list":["post-101375","post","type-post","status-publish","format-standard","has-post-thumbnail","hentry","category-outdoor-sport","tag-family","tag-salzburgerland-card","wl_entity_type-article","monatsauswahl-monat_5","monatsauswahl-monat_6","monatsauswahl-monat_7","monatsauswahl-monat_8","monatsauswahl-monat_9","monatsauswahl-monat_10"],"acf":[],"yoast_head":"<!-- This site is optimized with the Yoast SEO Premium plugin v27.4 (Yoast SEO v27.4) - https:\/\/yoast.com\/product\/yoast-seo-premium-wordpress\/ -->\n<title>Erlebnisschlucht Salzachklamm - SalzburgerLand Magazin<\/title>\n<meta name=\"description\" content=\"Da stehe ich also! Auf einer kleinen Plattform. Weit unter mir tost der wilde Bach, rechts und links ragen steil aufsteigende Klippen empor. Will ich das wirklich machen? Will ich tats\u00e4chlich den so oft zitierten &#039;Schritt ins Nichts&#039; wagen und mich auf einem Stahlseil \u00fcber diesen Abgrund schwingen?\" \/>\n<meta name=\"robots\" content=\"index, follow, max-snippet:-1, max-image-preview:large, max-video-preview:-1\" \/>\n<link rel=\"canonical\" href=\"https:\/\/www.salzburgerland.com\/de\/magazin\/erlebnisschlucht-salzachoefen\/\" \/>\n<meta property=\"og:locale\" content=\"de_DE\" \/>\n<meta property=\"og:type\" content=\"article\" \/>\n<meta property=\"og:title\" content=\"Erlebnisschlucht Salzachklamm\" \/>\n<meta property=\"og:description\" content=\"Ziemlich viel in mir str\u00e4ubt sich, aber es gibt im Leben manchmal einen Punkt, an dem es kein Zur\u00fcck mehr gibt. An dem man zeigen muss, dass man es drauf hat! Pl\u00f6tzlich f\u00fchle ich mich ein bisschen heroisch, h\u00f6re hymnische Fanfaren in meinem inneren Ohr. Ich schlie\u00dfe die Augen, atme noch einmal ein und bin [&hellip;]\" \/>\n<meta property=\"og:url\" content=\"https:\/\/www.salzburgerland.com\/de\/magazin\/erlebnisschlucht-salzachoefen\/\" \/>\n<meta property=\"og:site_name\" content=\"SalzburgerLand Magazin\" \/>\n<meta property=\"article:publisher\" content=\"https:\/\/www.facebook.com\/salzburgerland\/\" \/>\n<meta property=\"article:published_time\" content=\"2015-09-24T10:40:14+00:00\" \/>\n<meta property=\"article:modified_time\" content=\"2021-04-30T08:16:26+00:00\" \/>\n<meta property=\"og:image\" content=\"https:\/\/www.salzburgerland.com\/de\/magazin\/wp-content\/uploads\/2015\/08\/01-Erlebnisschlucht-horizontal-li.jpg\" \/>\n\t<meta property=\"og:image:width\" content=\"1600\" \/>\n\t<meta property=\"og:image:height\" content=\"1068\" \/>\n\t<meta property=\"og:image:type\" content=\"image\/jpeg\" \/>\n<meta name=\"author\" content=\"Peter Zeitlhofer\" \/>\n<meta name=\"twitter:card\" content=\"summary_large_image\" \/>\n<meta name=\"twitter:creator\" content=\"@Salzburgerland\" \/>\n<meta name=\"twitter:site\" content=\"@Salzburgerland\" \/>\n<meta name=\"twitter:label1\" content=\"Verfasst von\" \/>\n\t<meta name=\"twitter:data1\" content=\"Peter Zeitlhofer\" \/>\n\t<meta name=\"twitter:label2\" content=\"Gesch\u00e4tzte Lesezeit\" \/>\n\t<meta name=\"twitter:data2\" content=\"4\u00a0Minuten\" \/>\n<script type=\"application\/ld+json\" class=\"yoast-schema-graph\">{\"@context\":\"https:\\\/\\\/schema.org\",\"@graph\":[{\"@type\":\"Article\",\"@id\":\"https:\\\/\\\/www.salzburgerland.com\\\/de\\\/magazin\\\/erlebnisschlucht-salzachoefen\\\/#article\",\"isPartOf\":{\"@id\":\"https:\\\/\\\/www.salzburgerland.com\\\/de\\\/magazin\\\/erlebnisschlucht-salzachoefen\\\/\"},\"author\":{\"name\":\"Peter Zeitlhofer\",\"@id\":\"https:\\\/\\\/www.salzburgerland.com\\\/de\\\/magazin\\\/#\\\/schema\\\/person\\\/ebd2c9f244aeea71e30f3b5d5e309de4\"},\"headline\":\"Erlebnisschlucht Salzachklamm\",\"datePublished\":\"2015-09-24T10:40:14+00:00\",\"dateModified\":\"2021-04-30T08:16:26+00:00\",\"mainEntityOfPage\":{\"@id\":\"https:\\\/\\\/www.salzburgerland.com\\\/de\\\/magazin\\\/erlebnisschlucht-salzachoefen\\\/\"},\"wordCount\":673,\"commentCount\":0,\"publisher\":{\"@id\":\"https:\\\/\\\/www.salzburgerland.com\\\/de\\\/magazin\\\/#organization\"},\"image\":{\"@id\":\"https:\\\/\\\/www.salzburgerland.com\\\/de\\\/magazin\\\/erlebnisschlucht-salzachoefen\\\/#primaryimage\"},\"thumbnailUrl\":\"https:\\\/\\\/www.salzburgerland.com\\\/de\\\/magazin\\\/wp-content\\\/uploads\\\/2015\\\/08\\\/01-Erlebnisschlucht-horizontal-li.jpg\",\"keywords\":[\"Family-Time im SalzburgerLand\",\"SalzburgerLand Card\"],\"articleSection\":[\"Outdoor &amp; Sport\"],\"inLanguage\":\"de\",\"potentialAction\":[{\"@type\":\"CommentAction\",\"name\":\"Comment\",\"target\":[\"https:\\\/\\\/www.salzburgerland.com\\\/de\\\/magazin\\\/erlebnisschlucht-salzachoefen\\\/#respond\"]}]},{\"@type\":\"WebPage\",\"@id\":\"https:\\\/\\\/www.salzburgerland.com\\\/de\\\/magazin\\\/erlebnisschlucht-salzachoefen\\\/\",\"url\":\"https:\\\/\\\/www.salzburgerland.com\\\/de\\\/magazin\\\/erlebnisschlucht-salzachoefen\\\/\",\"name\":\"Erlebnisschlucht Salzachklamm - SalzburgerLand Magazin\",\"isPartOf\":{\"@id\":\"https:\\\/\\\/www.salzburgerland.com\\\/de\\\/magazin\\\/#website\"},\"primaryImageOfPage\":{\"@id\":\"https:\\\/\\\/www.salzburgerland.com\\\/de\\\/magazin\\\/erlebnisschlucht-salzachoefen\\\/#primaryimage\"},\"image\":{\"@id\":\"https:\\\/\\\/www.salzburgerland.com\\\/de\\\/magazin\\\/erlebnisschlucht-salzachoefen\\\/#primaryimage\"},\"thumbnailUrl\":\"https:\\\/\\\/www.salzburgerland.com\\\/de\\\/magazin\\\/wp-content\\\/uploads\\\/2015\\\/08\\\/01-Erlebnisschlucht-horizontal-li.jpg\",\"datePublished\":\"2015-09-24T10:40:14+00:00\",\"dateModified\":\"2021-04-30T08:16:26+00:00\",\"breadcrumb\":{\"@id\":\"https:\\\/\\\/www.salzburgerland.com\\\/de\\\/magazin\\\/erlebnisschlucht-salzachoefen\\\/#breadcrumb\"},\"inLanguage\":\"de\",\"potentialAction\":[{\"@type\":\"ReadAction\",\"target\":[\"https:\\\/\\\/www.salzburgerland.com\\\/de\\\/magazin\\\/erlebnisschlucht-salzachoefen\\\/\"]}]},{\"@type\":\"ImageObject\",\"inLanguage\":\"de\",\"@id\":\"https:\\\/\\\/www.salzburgerland.com\\\/de\\\/magazin\\\/erlebnisschlucht-salzachoefen\\\/#primaryimage\",\"url\":\"https:\\\/\\\/www.salzburgerland.com\\\/de\\\/magazin\\\/wp-content\\\/uploads\\\/2015\\\/08\\\/01-Erlebnisschlucht-horizontal-li.jpg\",\"contentUrl\":\"https:\\\/\\\/www.salzburgerland.com\\\/de\\\/magazin\\\/wp-content\\\/uploads\\\/2015\\\/08\\\/01-Erlebnisschlucht-horizontal-li.jpg\",\"width\":1600,\"height\":1068,\"caption\":\"Eine Frau, die mit einem Fallschirm \u00fcber eine Flussschlucht gleitet, l\u00e4chelt mit ausgestreckten Armen, umgeben von \u00fcppig gr\u00fcnen B\u00e4umen.\"},{\"@type\":\"BreadcrumbList\",\"@id\":\"https:\\\/\\\/www.salzburgerland.com\\\/de\\\/magazin\\\/erlebnisschlucht-salzachoefen\\\/#breadcrumb\",\"itemListElement\":[{\"@type\":\"ListItem\",\"position\":1,\"name\":\"Startseite\",\"item\":\"https:\\\/\\\/www.salzburgerland.com\\\/de\\\/magazin\\\/\"},{\"@type\":\"ListItem\",\"position\":2,\"name\":\"Outdoor &amp; Sport\",\"item\":\"https:\\\/\\\/www.salzburgerland.com\\\/de\\\/magazin\\\/thema\\\/outdoor-sport\\\/\"},{\"@type\":\"ListItem\",\"position\":3,\"name\":\"Erlebnisschlucht Salzachklamm\"}]},{\"@type\":\"WebSite\",\"@id\":\"https:\\\/\\\/www.salzburgerland.com\\\/de\\\/magazin\\\/#website\",\"url\":\"https:\\\/\\\/www.salzburgerland.com\\\/de\\\/magazin\\\/\",\"name\":\"SalzburgerLand Magazin\",\"description\":\"Geschichten und Interessantes aus dem SalzburgerLand\",\"publisher\":{\"@id\":\"https:\\\/\\\/www.salzburgerland.com\\\/de\\\/magazin\\\/#organization\"},\"potentialAction\":[{\"@type\":\"SearchAction\",\"target\":{\"@type\":\"EntryPoint\",\"urlTemplate\":\"https:\\\/\\\/www.salzburgerland.com\\\/de\\\/magazin\\\/?s={search_term_string}\"},\"query-input\":{\"@type\":\"PropertyValueSpecification\",\"valueRequired\":true,\"valueName\":\"search_term_string\"}}],\"inLanguage\":\"de\"},{\"@type\":\"Organization\",\"@id\":\"https:\\\/\\\/www.salzburgerland.com\\\/de\\\/magazin\\\/#organization\",\"name\":\"SalzburgerLand Tourismus\",\"url\":\"https:\\\/\\\/www.salzburgerland.com\\\/de\\\/magazin\\\/\",\"logo\":{\"@type\":\"ImageObject\",\"inLanguage\":\"de\",\"@id\":\"https:\\\/\\\/www.salzburgerland.com\\\/de\\\/magazin\\\/#\\\/schema\\\/logo\\\/image\\\/\",\"url\":\"https:\\\/\\\/www.salzburgerland.com\\\/de\\\/magazin\\\/wp-content\\\/uploads\\\/2019\\\/06\\\/salzburgerland-logo1.jpg\",\"contentUrl\":\"https:\\\/\\\/www.salzburgerland.com\\\/de\\\/magazin\\\/wp-content\\\/uploads\\\/2019\\\/06\\\/salzburgerland-logo1.jpg\",\"width\":2011,\"height\":866,\"caption\":\"SalzburgerLand Tourismus\"},\"image\":{\"@id\":\"https:\\\/\\\/www.salzburgerland.com\\\/de\\\/magazin\\\/#\\\/schema\\\/logo\\\/image\\\/\"},\"sameAs\":[\"https:\\\/\\\/www.facebook.com\\\/salzburgerland\\\/\",\"https:\\\/\\\/x.com\\\/Salzburgerland\",\"https:\\\/\\\/www.instagram.com\\\/salzburgerland\\\/\",\"https:\\\/\\\/at.linkedin.com\\\/company\\\/salzburgerland-tourismus-gmbh\",\"https:\\\/\\\/www.pinterest.at\\\/salzburgerland\\\/\",\"https:\\\/\\\/www.youtube.com\\\/user\\\/salzburgerland\",\"https:\\\/\\\/de.wikipedia.org\\\/wiki\\\/SalzburgerLand_Tourismus_GmbH\"]},{\"@type\":\"Person\",\"@id\":\"https:\\\/\\\/www.salzburgerland.com\\\/de\\\/magazin\\\/#\\\/schema\\\/person\\\/ebd2c9f244aeea71e30f3b5d5e309de4\",\"name\":\"Peter Zeitlhofer\",\"description\":\"'Von Neugier getrieben' - diese Worte kommen Peter Zeitlhofer wohl schon ziemlich nahe. Egal ob am Segelboot, im Tiefschnee, unterwegs in Stadt und Land, oder auf einer seinen vielen Reisen - er ist immer auf der Suche nach Neuem, nach dem Besonderen, probiert so ziemlich alles aus und liebt es, dar\u00fcber zu reden und zu berichten. Womit man auch schon fast bei seiner zweiten Leidenschaft w\u00e4re - dem Schreiben. Immer und \u00fcberall ausgestattet\u00a0mit seinem Notebook, hat der Salzburger, mit Wurzeln am Attersee, sein Office\u00a0im wahrsten Sinne des Wortes unterm Arm und k\u00f6nnte sich nichts besseres vorstellen, als die Geschichten dort zu erz\u00e4hlen, wo sie passieren. Fr\u00fchling, Sommer, Herbst oder Winter? Als Mensch der Extreme, mag ich auch bei den Jahreszeiten den Sommer und den Winter am liebsten. Obwohl nat\u00fcrlich auch der Fr\u00fchling seine Reize hat. Aber der Herbst? Rindsroulade vom Pinzgauer Biorind oder Saibling fangfrisch aus dem Fuschlsee? Immer diese Entscheidungen! Kann ich auch beides haben? Mundharmonika oder Stradivari? Weder noch - als Gitarrist k\u00f6nnte ich mit beiden Instrumenten nichts anfangen. Lederhose oder Smoking? Eindeutig Lederhose, die bei mir mittlerweile sogar den Einzug in den sommerlichen Alltag gefunden hat. Und der LederhosnDonnerstag ist \u00a0ohnehin Pflicht. Alpinski, Offpist oder Skitour? Hauptsache rauf auf den Berg! Was dann tats\u00e4chlich auf dem Programm steht ist zweitrangig. Nur so viel: wenn der Schnee passt, dann h\u00e4lt mich nichts oder niemand auf der Piste. Bergtour oder Seentour? F\u00fcr mich gibt es im Sommer nichts Sch\u00f6neres, als mit dem Segelboot auf unseren herrlichen Seen unterwegs zu sein. Also wenn ich die Wahl habe, dann nehme ich im Sommer die Berge h\u00f6chstens als Kulisse. Haubenlokal oder Ab-Hof-Laden? Auch hier nehme ich von beidem ein bisschen. Aber bei der Oma schmeckt's dann doch am besten.\",\"url\":\"https:\\\/\\\/www.salzburgerland.com\\\/de\\\/magazin\\\/author\\\/peter-zeitlhofer\\\/\"}]}<\/script>\n<!-- \/ Yoast SEO Premium plugin. -->","yoast_head_json":{"title":"Erlebnisschlucht Salzachklamm - SalzburgerLand Magazin","description":"Da stehe ich also! Auf einer kleinen Plattform. Weit unter mir tost der wilde Bach, rechts und links ragen steil aufsteigende Klippen empor. Will ich das wirklich machen? Will ich tats\u00e4chlich den so oft zitierten 'Schritt ins Nichts' wagen und mich auf einem Stahlseil \u00fcber diesen Abgrund schwingen?","robots":{"index":"index","follow":"follow","max-snippet":"max-snippet:-1","max-image-preview":"max-image-preview:large","max-video-preview":"max-video-preview:-1"},"canonical":"https:\/\/www.salzburgerland.com\/de\/magazin\/erlebnisschlucht-salzachoefen\/","og_locale":"de_DE","og_type":"article","og_title":"Erlebnisschlucht Salzachklamm","og_description":"Ziemlich viel in mir str\u00e4ubt sich, aber es gibt im Leben manchmal einen Punkt, an dem es kein Zur\u00fcck mehr gibt. An dem man zeigen muss, dass man es drauf hat! Pl\u00f6tzlich f\u00fchle ich mich ein bisschen heroisch, h\u00f6re hymnische Fanfaren in meinem inneren Ohr. Ich schlie\u00dfe die Augen, atme noch einmal ein und bin [&hellip;]","og_url":"https:\/\/www.salzburgerland.com\/de\/magazin\/erlebnisschlucht-salzachoefen\/","og_site_name":"SalzburgerLand Magazin","article_publisher":"https:\/\/www.facebook.com\/salzburgerland\/","article_published_time":"2015-09-24T10:40:14+00:00","article_modified_time":"2021-04-30T08:16:26+00:00","og_image":[{"width":1600,"height":1068,"url":"https:\/\/www.salzburgerland.com\/de\/magazin\/wp-content\/uploads\/2015\/08\/01-Erlebnisschlucht-horizontal-li.jpg","type":"image\/jpeg"}],"author":"Peter Zeitlhofer","twitter_card":"summary_large_image","twitter_creator":"@Salzburgerland","twitter_site":"@Salzburgerland","twitter_misc":{"Verfasst von":"Peter Zeitlhofer","Gesch\u00e4tzte Lesezeit":"4\u00a0Minuten"},"schema":{"@context":"https:\/\/schema.org","@graph":[{"@type":"Article","@id":"https:\/\/www.salzburgerland.com\/de\/magazin\/erlebnisschlucht-salzachoefen\/#article","isPartOf":{"@id":"https:\/\/www.salzburgerland.com\/de\/magazin\/erlebnisschlucht-salzachoefen\/"},"author":{"name":"Peter Zeitlhofer","@id":"https:\/\/www.salzburgerland.com\/de\/magazin\/#\/schema\/person\/ebd2c9f244aeea71e30f3b5d5e309de4"},"headline":"Erlebnisschlucht Salzachklamm","datePublished":"2015-09-24T10:40:14+00:00","dateModified":"2021-04-30T08:16:26+00:00","mainEntityOfPage":{"@id":"https:\/\/www.salzburgerland.com\/de\/magazin\/erlebnisschlucht-salzachoefen\/"},"wordCount":673,"commentCount":0,"publisher":{"@id":"https:\/\/www.salzburgerland.com\/de\/magazin\/#organization"},"image":{"@id":"https:\/\/www.salzburgerland.com\/de\/magazin\/erlebnisschlucht-salzachoefen\/#primaryimage"},"thumbnailUrl":"https:\/\/www.salzburgerland.com\/de\/magazin\/wp-content\/uploads\/2015\/08\/01-Erlebnisschlucht-horizontal-li.jpg","keywords":["Family-Time im SalzburgerLand","SalzburgerLand Card"],"articleSection":["Outdoor &amp; Sport"],"inLanguage":"de","potentialAction":[{"@type":"CommentAction","name":"Comment","target":["https:\/\/www.salzburgerland.com\/de\/magazin\/erlebnisschlucht-salzachoefen\/#respond"]}]},{"@type":"WebPage","@id":"https:\/\/www.salzburgerland.com\/de\/magazin\/erlebnisschlucht-salzachoefen\/","url":"https:\/\/www.salzburgerland.com\/de\/magazin\/erlebnisschlucht-salzachoefen\/","name":"Erlebnisschlucht Salzachklamm - SalzburgerLand Magazin","isPartOf":{"@id":"https:\/\/www.salzburgerland.com\/de\/magazin\/#website"},"primaryImageOfPage":{"@id":"https:\/\/www.salzburgerland.com\/de\/magazin\/erlebnisschlucht-salzachoefen\/#primaryimage"},"image":{"@id":"https:\/\/www.salzburgerland.com\/de\/magazin\/erlebnisschlucht-salzachoefen\/#primaryimage"},"thumbnailUrl":"https:\/\/www.salzburgerland.com\/de\/magazin\/wp-content\/uploads\/2015\/08\/01-Erlebnisschlucht-horizontal-li.jpg","datePublished":"2015-09-24T10:40:14+00:00","dateModified":"2021-04-30T08:16:26+00:00","breadcrumb":{"@id":"https:\/\/www.salzburgerland.com\/de\/magazin\/erlebnisschlucht-salzachoefen\/#breadcrumb"},"inLanguage":"de","potentialAction":[{"@type":"ReadAction","target":["https:\/\/www.salzburgerland.com\/de\/magazin\/erlebnisschlucht-salzachoefen\/"]}]},{"@type":"ImageObject","inLanguage":"de","@id":"https:\/\/www.salzburgerland.com\/de\/magazin\/erlebnisschlucht-salzachoefen\/#primaryimage","url":"https:\/\/www.salzburgerland.com\/de\/magazin\/wp-content\/uploads\/2015\/08\/01-Erlebnisschlucht-horizontal-li.jpg","contentUrl":"https:\/\/www.salzburgerland.com\/de\/magazin\/wp-content\/uploads\/2015\/08\/01-Erlebnisschlucht-horizontal-li.jpg","width":1600,"height":1068,"caption":"Eine Frau, die mit einem Fallschirm \u00fcber eine Flussschlucht gleitet, l\u00e4chelt mit ausgestreckten Armen, umgeben von \u00fcppig gr\u00fcnen B\u00e4umen."},{"@type":"BreadcrumbList","@id":"https:\/\/www.salzburgerland.com\/de\/magazin\/erlebnisschlucht-salzachoefen\/#breadcrumb","itemListElement":[{"@type":"ListItem","position":1,"name":"Startseite","item":"https:\/\/www.salzburgerland.com\/de\/magazin\/"},{"@type":"ListItem","position":2,"name":"Outdoor &amp; Sport","item":"https:\/\/www.salzburgerland.com\/de\/magazin\/thema\/outdoor-sport\/"},{"@type":"ListItem","position":3,"name":"Erlebnisschlucht Salzachklamm"}]},{"@type":"WebSite","@id":"https:\/\/www.salzburgerland.com\/de\/magazin\/#website","url":"https:\/\/www.salzburgerland.com\/de\/magazin\/","name":"SalzburgerLand Magazin","description":"Geschichten und Interessantes aus dem SalzburgerLand","publisher":{"@id":"https:\/\/www.salzburgerland.com\/de\/magazin\/#organization"},"potentialAction":[{"@type":"SearchAction","target":{"@type":"EntryPoint","urlTemplate":"https:\/\/www.salzburgerland.com\/de\/magazin\/?s={search_term_string}"},"query-input":{"@type":"PropertyValueSpecification","valueRequired":true,"valueName":"search_term_string"}}],"inLanguage":"de"},{"@type":"Organization","@id":"https:\/\/www.salzburgerland.com\/de\/magazin\/#organization","name":"SalzburgerLand Tourismus","url":"https:\/\/www.salzburgerland.com\/de\/magazin\/","logo":{"@type":"ImageObject","inLanguage":"de","@id":"https:\/\/www.salzburgerland.com\/de\/magazin\/#\/schema\/logo\/image\/","url":"https:\/\/www.salzburgerland.com\/de\/magazin\/wp-content\/uploads\/2019\/06\/salzburgerland-logo1.jpg","contentUrl":"https:\/\/www.salzburgerland.com\/de\/magazin\/wp-content\/uploads\/2019\/06\/salzburgerland-logo1.jpg","width":2011,"height":866,"caption":"SalzburgerLand Tourismus"},"image":{"@id":"https:\/\/www.salzburgerland.com\/de\/magazin\/#\/schema\/logo\/image\/"},"sameAs":["https:\/\/www.facebook.com\/salzburgerland\/","https:\/\/x.com\/Salzburgerland","https:\/\/www.instagram.com\/salzburgerland\/","https:\/\/at.linkedin.com\/company\/salzburgerland-tourismus-gmbh","https:\/\/www.pinterest.at\/salzburgerland\/","https:\/\/www.youtube.com\/user\/salzburgerland","https:\/\/de.wikipedia.org\/wiki\/SalzburgerLand_Tourismus_GmbH"]},{"@type":"Person","@id":"https:\/\/www.salzburgerland.com\/de\/magazin\/#\/schema\/person\/ebd2c9f244aeea71e30f3b5d5e309de4","name":"Peter Zeitlhofer","description":"'Von Neugier getrieben' - diese Worte kommen Peter Zeitlhofer wohl schon ziemlich nahe. Egal ob am Segelboot, im Tiefschnee, unterwegs in Stadt und Land, oder auf einer seinen vielen Reisen - er ist immer auf der Suche nach Neuem, nach dem Besonderen, probiert so ziemlich alles aus und liebt es, dar\u00fcber zu reden und zu berichten. Womit man auch schon fast bei seiner zweiten Leidenschaft w\u00e4re - dem Schreiben. Immer und \u00fcberall ausgestattet\u00a0mit seinem Notebook, hat der Salzburger, mit Wurzeln am Attersee, sein Office\u00a0im wahrsten Sinne des Wortes unterm Arm und k\u00f6nnte sich nichts besseres vorstellen, als die Geschichten dort zu erz\u00e4hlen, wo sie passieren. Fr\u00fchling, Sommer, Herbst oder Winter? Als Mensch der Extreme, mag ich auch bei den Jahreszeiten den Sommer und den Winter am liebsten. Obwohl nat\u00fcrlich auch der Fr\u00fchling seine Reize hat. Aber der Herbst? Rindsroulade vom Pinzgauer Biorind oder Saibling fangfrisch aus dem Fuschlsee? Immer diese Entscheidungen! Kann ich auch beides haben? Mundharmonika oder Stradivari? Weder noch - als Gitarrist k\u00f6nnte ich mit beiden Instrumenten nichts anfangen. Lederhose oder Smoking? Eindeutig Lederhose, die bei mir mittlerweile sogar den Einzug in den sommerlichen Alltag gefunden hat. Und der LederhosnDonnerstag ist \u00a0ohnehin Pflicht. Alpinski, Offpist oder Skitour? Hauptsache rauf auf den Berg! Was dann tats\u00e4chlich auf dem Programm steht ist zweitrangig. Nur so viel: wenn der Schnee passt, dann h\u00e4lt mich nichts oder niemand auf der Piste. Bergtour oder Seentour? F\u00fcr mich gibt es im Sommer nichts Sch\u00f6neres, als mit dem Segelboot auf unseren herrlichen Seen unterwegs zu sein. Also wenn ich die Wahl habe, dann nehme ich im Sommer die Berge h\u00f6chstens als Kulisse. Haubenlokal oder Ab-Hof-Laden? Auch hier nehme ich von beidem ein bisschen. Aber bei der Oma schmeckt's dann doch am besten.","url":"https:\/\/www.salzburgerland.com\/de\/magazin\/author\/peter-zeitlhofer\/"}]}},"_wl_alt_label":[],"wl:entity_url":"http:\/\/open.salzburgerland.com\/magazin\/post\/erlebnisschlucht_salzachoefen","_links":{"self":[{"href":"https:\/\/www.salzburgerland.com\/de\/magazin\/wp-json\/wp\/v2\/posts\/101375","targetHints":{"allow":["GET"]}}],"collection":[{"href":"https:\/\/www.salzburgerland.com\/de\/magazin\/wp-json\/wp\/v2\/posts"}],"about":[{"href":"https:\/\/www.salzburgerland.com\/de\/magazin\/wp-json\/wp\/v2\/types\/post"}],"author":[{"embeddable":true,"href":"https:\/\/www.salzburgerland.com\/de\/magazin\/wp-json\/wp\/v2\/users\/505"}],"replies":[{"embeddable":true,"href":"https:\/\/www.salzburgerland.com\/de\/magazin\/wp-json\/wp\/v2\/comments?post=101375"}],"version-history":[{"count":4,"href":"https:\/\/www.salzburgerland.com\/de\/magazin\/wp-json\/wp\/v2\/posts\/101375\/revisions"}],"predecessor-version":[{"id":153115,"href":"https:\/\/www.salzburgerland.com\/de\/magazin\/wp-json\/wp\/v2\/posts\/101375\/revisions\/153115"}],"wp:featuredmedia":[{"embeddable":true,"href":"https:\/\/www.salzburgerland.com\/de\/magazin\/wp-json\/wp\/v2\/media\/101433"}],"wp:attachment":[{"href":"https:\/\/www.salzburgerland.com\/de\/magazin\/wp-json\/wp\/v2\/media?parent=101375"}],"wp:term":[{"taxonomy":"category","embeddable":true,"href":"https:\/\/www.salzburgerland.com\/de\/magazin\/wp-json\/wp\/v2\/categories?post=101375"},{"taxonomy":"post_tag","embeddable":true,"href":"https:\/\/www.salzburgerland.com\/de\/magazin\/wp-json\/wp\/v2\/tags?post=101375"},{"taxonomy":"wl_entity_type","embeddable":true,"href":"https:\/\/www.salzburgerland.com\/de\/magazin\/wp-json\/wp\/v2\/wl_entity_type?post=101375"},{"taxonomy":"monatsauswahl","embeddable":true,"href":"https:\/\/www.salzburgerland.com\/de\/magazin\/wp-json\/wp\/v2\/monatsauswahl?post=101375"}],"curies":[{"name":"wp","href":"https:\/\/api.w.org\/{rel}","templated":true}]}}