{"id":101196,"date":"2015-09-28T08:00:50","date_gmt":"2015-09-28T06:00:50","guid":{"rendered":"http:\/\/magazin.salzburgerland.com\/?p=101196"},"modified":"2021-03-05T10:16:23","modified_gmt":"2021-03-05T09:16:23","slug":"salzburg-airport-unser-tor-zur-welt","status":"publish","type":"post","link":"https:\/\/www.salzburgerland.com\/de\/magazin\/salzburg-airport-unser-tor-zur-welt\/","title":{"rendered":"Unser Salzburg Airport"},"content":{"rendered":"\n<h2 class=\"wp-block-slt-subtitle\">Perfekte Lage, komfortable Anbindung<\/h2>\n\n\n\n<p class=\"wp-block-slt-intro\">Der <a href=\"http:\/\/www.salzburg-airport.com\/de\/\" target=\"_blank\" rel=\"noreferrer noopener\">Salzburg Airport<\/a> ist f\u00fcr viele Menschen Ausgangs- und Endpunkt ihrer Reisen. Egal ob Sie von weit her kommen, um einmal in Ihrem Leben die Mozartstadt zu besuchen, oder ob Sie als Salzburger von hier aus Ihre Ferien starten: kaum ein Flughafen kann eine solch perfekte Lage und gleichzeitig so komfortable Anbindung an die gro\u00dfen Drehkreuze dieser Welt bieten. Doch der Airport, der 2016 sein 90-j\u00e4hriges Jubil\u00e4um feierte, kann noch so viel mehr&#8230;<\/p>\n\n\n\n<h2 class=\"wp-block-heading\" id=\"h-die-geschichte-des-salzburger-flughafens\">Die Geschichte des Salzburger Flughafens <\/h2>\n\n\n\n<p>Als 1811 erstmals ein Mensch in den Luftraum \u00fcber Salzburg vordrang, malte sich wohl niemand auch nur in den k\u00fchnsten Tr\u00e4umen aus, dass hier rund 200 Jahre sp\u00e4ter reger Luftverkehr rund um \u00d6sterreichs zweitgr\u00f6\u00dften Verkehrsflughafen herrschen sollte. Damals, am 04. September ebendiesen Jahres, landete ein mit Hei\u00dfluft gef\u00fcllter Ballon im Stadtteil Maxglan und l\u00e4utete offiziell das Luftfahrt-Zeitalter \u00fcber den D\u00e4chern der Mozartstadt ein.&nbsp; Wiederum 100 Jahre sp\u00e4ter, am 16. Juli 1911, hob der erste motorisierte Flug von der Trabrennbahn in Aigen ab und versetzte die Stadtbev\u00f6lkerung in gro\u00dfes Staunen. Die Fliegerei lie\u00df sich nun nicht mehr aufhalten und 1920 kam die Forderung nach einem Flughafen nahe der Stadt Salzburg auf, welche schlie\u00dflich 1926 mit der Inbetriebnahme erf\u00fcllt wurde. Am heutigen Standort befanden sich eine Graspiste, eine Holzbaracke mit einem Warteraum, ein Zollamt und ein Bereich f\u00fcr die Passagierabfertigung. Bereits damals war der Komponist &#8218;Wolfgang Amadeus Mozart&#8216; Namenspate. W\u00e4hrend des 2. Weltkrieges wurden die Geb\u00e4ude ausgebaut und der Gras-Runway durch eine betonierte Startbahn ersetzt. Als die Wirren des Krieges endlich wieder hinter dem Kontinent lagen, wurde der Luftverkehr nach und nach wieder aufgenommen und auch der Flughafen weiter ausgebaut. Nach der Diskussion um eine Verlegung in den Norden der Stadt und der Entscheidung zugunsten des alten Standortes, erfolgte in den 1960ern eine massive Modernisierungswelle, um den Flughafen &#8218;fit&#8216; f\u00fcr das Jet-Zeitalter zu machen.&nbsp;<\/p>\n\n\n\n<figure class=\"wp-block-image alignnone\"><a href=\"https:\/\/www.salzburgerland.com\/de\/magazin\/wp-content\/uploads\/2015\/08\/HISTORY_Flughafenterminal_1926.jpg\"><img decoding=\"async\" src=\"https:\/\/www.salzburgerland.com\/de\/magazin\/wp-content\/uploads\/2015\/08\/HISTORY_Flughafenterminal_1926-650x435.jpg\" alt=\"Der St\u00e4dtische Flugplatz Salzburg bei seiner Er\u00f6ffnung 1926\" class=\"wp-image-101205\"\/><\/a><figcaption>Der st\u00e4dtische Flugplatz Salzburg bei seiner Er\u00f6ffnung 1926<\/figcaption><\/figure>\n\n\n\n<h2 class=\"wp-block-heading\" id=\"h-das-tor-zur-welt\">Das Tor zur Welt<\/h2>\n\n\n\n<p>Heute ist der Flughafen nicht mehr aus dem Leben in Salzburg wegzudenken, ist ein sehr wichtiger Erfolgsfaktor f\u00fcr die heimische Wirtschaft und stellt f\u00fcr die Bewohner der Stadt und des Umlandes, ebenso wie f\u00fcr die vielen Touristen, eines der wichtigsten Tore von und nach Salzburg dar. Durch die au\u00dfergew\u00f6hnliche Lage, etwa vier Kilometer westlich des Zentrums, ist er ideal an die Stadt angebunden. Die zwei Terminals sind auf gro\u00dfen Ansturm ausgerichtet und k\u00f6nnen zu Sto\u00dfzeiten bis zu 1.400 Passagiere pro Stunde komfortabel abfertigen. Mit mehrmals pro Woche startenden Fl\u00fcgen zu den wichtigsten Drehkreuzen der europ\u00e4ischen Luftfahrt, ist Salzburg durch seinen Airport perfekt an das Streckennetz der gro\u00dfen Airlines angebunden und bietet einen schnellen Reisestart zu allen weltweiten Destinationen. London, Frankfurt, Wien, Paris oder auch Palma de Mallorca sind nur einige wenige der Ziele, die man von hier in hoher Frequenz erreichen kann. Auch der Verkehr vom Flughafen weg, k\u00f6nnte besser nicht sein. Direkt an der Autobahn gelegen, kann man sich innerhalb weniger Minuten Richtung Wien, M\u00fcnchen und in den S\u00fcden aufmachen. Die Stadtbus-Linien 2, 10 und 27 bringen einen schnell in die Innenstadt oder an den zentral gelegenen Bahnhof, \u00fcber den man wiederum in so ziemlich alle Richtungen weiterreisen kann. Selbstredend, dass man auch eine hochwertige Auswahl an Autovermietungen am Airport findet.&nbsp;<\/p>\n\n\n\n<figure class=\"wp-block-image alignnone\"><a href=\"https:\/\/www.salzburgerland.com\/de\/magazin\/wp-content\/uploads\/2015\/08\/SFG_LUFTBILD_270807__5_.jpg\"><img decoding=\"async\" src=\"https:\/\/www.salzburgerland.com\/de\/magazin\/wp-content\/uploads\/2015\/08\/SFG_LUFTBILD_270807__5_-650x435.jpg\" alt=\"Kaum ein Flughafen ist so nahe am Stadtzentrum wie dieser. \" class=\"wp-image-101201\"\/><\/a><figcaption>Kaum ein Flughafen ist so nahe am Stadtzentrum wie dieser.<\/figcaption><\/figure>\n\n\n\n<h2 class=\"wp-block-heading\" id=\"h-hangar-7\">Hangar 7<\/h2>\n\n\n\n<p>Doch nicht nur was den Verkehr betrifft, bietet der &#8218;Wolfgang Amadeus Mozart-Flughafen&#8216; jede Menge. Seit im August 2003 der architektonisch h\u00f6chst wertvolle <a href=\"http:\/\/www.hangar-7.com\/de\/\" target=\"_blank\" rel=\"noopener\">Hangar 7<\/a> des Red Bull Gr\u00fcnders Dietrich Mateschitz er\u00f6ffnet wurde, pilgerten viele Millionen Besucher in diese &#8218;heiligen Hallen&#8216; der Luftfahrt, um die dort ausgestellte Flugzeugsammlung der <a href=\"https:\/\/www.salzburgerland.com\/de\/magazin\/salzburg-aus-der-vogelperspektive\/\" target=\"_blank\" rel=\"noopener\">&#8218;Flying Bulls&#8216;<\/a> zu bewundern. Alle sich dort befindenden Exponate sind voll flugf\u00e4hig und auch immer wieder europaweit auf Airshows zu bewundern. F\u00fcr die, die es gerne etwas extremer m\u00f6chten, kann man vom Flughafen aus den ultimativen Kick buchen: angeschnallt an einen Vollprofi, st\u00fcrzt man sich beim <a href=\"https:\/\/www.salzburgerland.com\/de\/magazin\/der-freie-fall-tandemfallschirmspringen-im-salzburgerland\/\" target=\"_blank\" rel=\"noopener\">Tandem-Fallschirmspringen<\/a> Kopf voran in etwa 3.500 Metern aus dem Flugzeug, um etwa 50 Sekunden freien Fall zu erleben.&nbsp;<\/p>\n\n\n\n<p>Der Amadeus Terminal ist nicht nur ideal daf\u00fcr geeignet, die Besucheranst\u00fcrme im Winter zu bew\u00e4ltigen, sondern ist mit seiner modernen Schlichtheit auch eine der sch\u00f6nsten Eventlocations und &#8218;hostet&#8216; einige der Top-Veranstaltungen der Stadt.<\/p>\n\n\n\n<p>Rund um den Flughafen findet man jede Menge Einkaufs- und Freizeitm\u00f6glichkeiten und mit dem gro\u00dfen Outlet-Center hat sich auch eine der Top-Shopping-Adressen Salzburgs hier angesiedelt.&nbsp;<\/p>\n\n\n\n<p><strong>Wichtige Informationen und Fakten:<\/strong><br>Airport-Codes: LOWS, SZG<br>Runway: 2750&#215;45 Meter<br>Fluggastaufkommen 2014: 1.819.520<br>Gr\u00f6\u00dfe: 175 Hektar<br><a href=\"http:\/\/www.salzburg-airport.com\/de\/\" target=\"_blank\" rel=\"noopener\">Homepage<\/a><br><a href=\"http:\/\/www.salzburg-airport.com\/de\/#48_Webcam%2FWetter\" target=\"_blank\" rel=\"noopener\">Webcams<\/a><\/p>\n\n\n<div class=\"mag-gallery\"><div class=\"row\"><div class=\"col-6 col-sm-4\"><figure><a class=\"thumb-container\" href=\"https:\/\/www.salzburgerland.com\/de\/magazin\/wp-content\/uploads\/2015\/09\/Bildschirmfoto-2016-07-27-um-09.26.25-1280x1024.png\">\t<picture><source media=\"(min-width: 576px)\" srcset=\"https:\/\/www.salzburgerland.com\/de\/magazin\/wp-content\/uploads\/2015\/09\/Bildschirmfoto-2016-07-27-um-09.26.25-325x209.png 325w, https:\/\/www.salzburgerland.com\/de\/magazin\/wp-content\/uploads\/2015\/09\/Bildschirmfoto-2016-07-27-um-09.26.25-249x160.png 249w\"><\/source><source media=\"(min-width: 0)\" srcset=\"https:\/\/www.salzburgerland.com\/de\/magazin\/wp-content\/uploads\/2015\/09\/Bildschirmfoto-2016-07-27-um-09.26.25-249x160.png 249w, https:\/\/www.salzburgerland.com\/de\/magazin\/wp-content\/uploads\/2015\/09\/Bildschirmfoto-2016-07-27-um-09.26.25-325x209.png 325w\"><\/source><img decoding=\"async\" alt=\"Einladung der Stadt Salzburg zur Flughafener&ouml;ffnung am 22. August 1926 in deutscher Sprache.\" src=\"https:\/\/www.salzburgerland.com\/de\/magazin\/wp-content\/uploads\/2015\/09\/Bildschirmfoto-2016-07-27-um-09.26.25.png\">\t<\/picture><\/a><\/figure><\/div><div class=\"col-6 col-sm-4\"><figure><a class=\"thumb-container\" href=\"https:\/\/www.salzburgerland.com\/de\/magazin\/wp-content\/uploads\/2015\/09\/Bildschirmfoto-2016-07-27-um-09.27.43-1280x1024.png\">\t<picture><source media=\"(min-width: 576px)\" srcset=\"https:\/\/www.salzburgerland.com\/de\/magazin\/wp-content\/uploads\/2015\/09\/Bildschirmfoto-2016-07-27-um-09.27.43-325x209.png 325w, https:\/\/www.salzburgerland.com\/de\/magazin\/wp-content\/uploads\/2015\/09\/Bildschirmfoto-2016-07-27-um-09.27.43-249x160.png 249w\"><\/source><source media=\"(min-width: 0)\" srcset=\"https:\/\/www.salzburgerland.com\/de\/magazin\/wp-content\/uploads\/2015\/09\/Bildschirmfoto-2016-07-27-um-09.27.43-249x160.png 249w, https:\/\/www.salzburgerland.com\/de\/magazin\/wp-content\/uploads\/2015\/09\/Bildschirmfoto-2016-07-27-um-09.27.43-325x209.png 325w\"><\/source><img decoding=\"async\" alt=\"Eine Gruppe von Menschen versammelt sich um ein Oldtimer-Flugzeug auf einer Wiese unter einem bew&ouml;lkten Himmel.\" src=\"https:\/\/www.salzburgerland.com\/de\/magazin\/wp-content\/uploads\/2015\/09\/Bildschirmfoto-2016-07-27-um-09.27.43.png\">\t<\/picture><\/a><\/figure><\/div><div class=\"col-6 col-sm-4\"><figure><a class=\"thumb-container\" href=\"https:\/\/www.salzburgerland.com\/de\/magazin\/wp-content\/uploads\/2015\/03\/Start-1280x1024.jpg\">\t<picture><source media=\"(min-width: 576px)\" srcset=\"https:\/\/www.salzburgerland.com\/de\/magazin\/wp-content\/uploads\/2015\/03\/Start-325x209.jpg 325w, https:\/\/www.salzburgerland.com\/de\/magazin\/wp-content\/uploads\/2015\/03\/Start-249x160.jpg 249w\"><\/source><source media=\"(min-width: 0)\" srcset=\"https:\/\/www.salzburgerland.com\/de\/magazin\/wp-content\/uploads\/2015\/03\/Start-249x160.jpg 249w, https:\/\/www.salzburgerland.com\/de\/magazin\/wp-content\/uploads\/2015\/03\/Start-325x209.jpg 325w\"><\/source><img decoding=\"async\" alt=\"Cockpitansicht eines Flugzeugs auf einer Landebahn mit Bergen und dramatischen Wolken im Hintergrund.\" src=\"https:\/\/www.salzburgerland.com\/de\/magazin\/wp-content\/uploads\/2015\/03\/Start.jpg\">\t<\/picture><\/a><\/figure><\/div><\/div><figcaption><\/figcaption><\/div>\n\n\n<div class=\"mag-gallery\"><div class=\"row\"><div class=\"col-6 col-sm-4\"><figure><a class=\"thumb-container\" href=\"https:\/\/www.salzburgerland.com\/de\/magazin\/wp-content\/uploads\/2015\/08\/Presse_1_01-1280x1024.jpg\">\t<picture><source media=\"(min-width: 576px)\" srcset=\"https:\/\/www.salzburgerland.com\/de\/magazin\/wp-content\/uploads\/2015\/08\/Presse_1_01-325x209.jpg 325w, https:\/\/www.salzburgerland.com\/de\/magazin\/wp-content\/uploads\/2015\/08\/Presse_1_01-249x160.jpg 249w\"><\/source><source media=\"(min-width: 0)\" srcset=\"https:\/\/www.salzburgerland.com\/de\/magazin\/wp-content\/uploads\/2015\/08\/Presse_1_01-249x160.jpg 249w, https:\/\/www.salzburgerland.com\/de\/magazin\/wp-content\/uploads\/2015\/08\/Presse_1_01-325x209.jpg 325w\"><\/source><img decoding=\"async\" alt=\"Mehrere Flugzeuge verschiedener Fluggesellschaften, die auf einem Flughafen mit verschneiten Bergen im Hintergrund geparkt sind.\" src=\"https:\/\/www.salzburgerland.com\/de\/magazin\/wp-content\/uploads\/2015\/08\/Presse_1_01.jpg\">\t<\/picture><\/a><\/figure><\/div><div class=\"col-6 col-sm-4\"><figure><a class=\"thumb-container\" href=\"https:\/\/www.salzburgerland.com\/de\/magazin\/wp-content\/uploads\/2015\/08\/PortArt-2015-01-09-010-TSO-Bo744-EI-XLM-SZG-Seitenwindlandung-1280x1024.jpg\">\t<picture><source media=\"(min-width: 576px)\" srcset=\"https:\/\/www.salzburgerland.com\/de\/magazin\/wp-content\/uploads\/2015\/08\/PortArt-2015-01-09-010-TSO-Bo744-EI-XLM-SZG-Seitenwindlandung-325x209.jpg 325w, https:\/\/www.salzburgerland.com\/de\/magazin\/wp-content\/uploads\/2015\/08\/PortArt-2015-01-09-010-TSO-Bo744-EI-XLM-SZG-Seitenwindlandung-249x160.jpg 249w\"><\/source><source media=\"(min-width: 0)\" srcset=\"https:\/\/www.salzburgerland.com\/de\/magazin\/wp-content\/uploads\/2015\/08\/PortArt-2015-01-09-010-TSO-Bo744-EI-XLM-SZG-Seitenwindlandung-249x160.jpg 249w, https:\/\/www.salzburgerland.com\/de\/magazin\/wp-content\/uploads\/2015\/08\/PortArt-2015-01-09-010-TSO-Bo744-EI-XLM-SZG-Seitenwindlandung-325x209.jpg 325w\"><\/source><img decoding=\"async\" alt=\"Ein gro&szlig;es Flugzeug landet auf einer Landebahn mit schneebedeckten Bergen im Hintergrund und eingeschalteter Landebahnbeleuchtung.\" src=\"https:\/\/www.salzburgerland.com\/de\/magazin\/wp-content\/uploads\/2015\/08\/PortArt-2015-01-09-010-TSO-Bo744-EI-XLM-SZG-Seitenwindlandung.jpg\">\t<\/picture><\/a><\/figure><\/div><div class=\"col-6 col-sm-4\"><figure><a class=\"thumb-container\" href=\"https:\/\/www.salzburgerland.com\/de\/magazin\/wp-content\/uploads\/2015\/08\/PortArt_2013_03_16-005-1280x1024.jpg\">\t<picture><source media=\"(min-width: 576px)\" srcset=\"https:\/\/www.salzburgerland.com\/de\/magazin\/wp-content\/uploads\/2015\/08\/PortArt_2013_03_16-005-325x209.jpg 325w, https:\/\/www.salzburgerland.com\/de\/magazin\/wp-content\/uploads\/2015\/08\/PortArt_2013_03_16-005-249x160.jpg 249w\"><\/source><source media=\"(min-width: 0)\" srcset=\"https:\/\/www.salzburgerland.com\/de\/magazin\/wp-content\/uploads\/2015\/08\/PortArt_2013_03_16-005-249x160.jpg 249w, https:\/\/www.salzburgerland.com\/de\/magazin\/wp-content\/uploads\/2015\/08\/PortArt_2013_03_16-005-325x209.jpg 325w\"><\/source><img decoding=\"async\" alt=\"Bodenpersonal mit Gep&auml;ckwagen neben einem Thomas Cook-Flugzeug, mit einem Kontrollturm im Hintergrund.\" src=\"https:\/\/www.salzburgerland.com\/de\/magazin\/wp-content\/uploads\/2015\/08\/PortArt_2013_03_16-005.jpg\">\t<\/picture><\/a><\/figure><\/div><div class=\"col-6 col-sm-4\"><figure><a class=\"thumb-container\" href=\"https:\/\/www.salzburgerland.com\/de\/magazin\/wp-content\/uploads\/2015\/08\/HISTORY-Piste-16-34-23061960-1280x1024.jpg\">\t<picture><source media=\"(min-width: 576px)\" srcset=\"https:\/\/www.salzburgerland.com\/de\/magazin\/wp-content\/uploads\/2015\/08\/HISTORY-Piste-16-34-23061960-325x209.jpg 325w, https:\/\/www.salzburgerland.com\/de\/magazin\/wp-content\/uploads\/2015\/08\/HISTORY-Piste-16-34-23061960-249x160.jpg 249w\"><\/source><source media=\"(min-width: 0)\" srcset=\"https:\/\/www.salzburgerland.com\/de\/magazin\/wp-content\/uploads\/2015\/08\/HISTORY-Piste-16-34-23061960-249x160.jpg 249w, https:\/\/www.salzburgerland.com\/de\/magazin\/wp-content\/uploads\/2015\/08\/HISTORY-Piste-16-34-23061960-325x209.jpg 325w\"><\/source><img decoding=\"async\" alt=\"Luftaufnahme einer im Bau befindlichen Start- und Landebahn in einer l&auml;ndlichen Gegend, datiert 23.06.1960, mit deutscher Text&uuml;berlagerung.\" src=\"https:\/\/www.salzburgerland.com\/de\/magazin\/wp-content\/uploads\/2015\/08\/HISTORY-Piste-16-34-23061960.jpg\">\t<\/picture><\/a><\/figure><\/div><div class=\"col-6 col-sm-4\"><figure><a class=\"thumb-container\" href=\"https:\/\/www.salzburgerland.com\/de\/magazin\/wp-content\/uploads\/2015\/08\/HISTORY-290466-Betriebsgebaeude-und-Hangar-II-Errichtungsphase-_01_-1280x1024.jpg\">\t<picture><source media=\"(min-width: 576px)\" srcset=\"https:\/\/www.salzburgerland.com\/de\/magazin\/wp-content\/uploads\/2015\/08\/HISTORY-290466-Betriebsgebaeude-und-Hangar-II-Errichtungsphase-_01_-325x209.jpg 325w, https:\/\/www.salzburgerland.com\/de\/magazin\/wp-content\/uploads\/2015\/08\/HISTORY-290466-Betriebsgebaeude-und-Hangar-II-Errichtungsphase-_01_-249x160.jpg 249w\"><\/source><source media=\"(min-width: 0)\" srcset=\"https:\/\/www.salzburgerland.com\/de\/magazin\/wp-content\/uploads\/2015\/08\/HISTORY-290466-Betriebsgebaeude-und-Hangar-II-Errichtungsphase-_01_-249x160.jpg 249w, https:\/\/www.salzburgerland.com\/de\/magazin\/wp-content\/uploads\/2015\/08\/HISTORY-290466-Betriebsgebaeude-und-Hangar-II-Errichtungsphase-_01_-325x209.jpg 325w\"><\/source><img decoding=\"async\" alt=\"Luftaufnahme eines im Bau befindlichen Flughafens mit Geb&auml;uden, parkenden Autos und unvollendeten Start- und Landebahnen.\" src=\"https:\/\/www.salzburgerland.com\/de\/magazin\/wp-content\/uploads\/2015\/08\/HISTORY-290466-Betriebsgebaeude-und-Hangar-II-Errichtungsphase-_01_.jpg\">\t<\/picture><\/a><\/figure><\/div><div class=\"col-6 col-sm-4\"><figure><a class=\"thumb-container\" href=\"https:\/\/www.salzburgerland.com\/de\/magazin\/wp-content\/uploads\/2015\/08\/HISTORY_British_Airways_Concorde_20.09.1988-1280x1024.jpg\">\t<picture><source media=\"(min-width: 576px)\" srcset=\"https:\/\/www.salzburgerland.com\/de\/magazin\/wp-content\/uploads\/2015\/08\/HISTORY_British_Airways_Concorde_20.09.1988-325x209.jpg 325w, https:\/\/www.salzburgerland.com\/de\/magazin\/wp-content\/uploads\/2015\/08\/HISTORY_British_Airways_Concorde_20.09.1988-249x160.jpg 249w\"><\/source><source media=\"(min-width: 0)\" srcset=\"https:\/\/www.salzburgerland.com\/de\/magazin\/wp-content\/uploads\/2015\/08\/HISTORY_British_Airways_Concorde_20.09.1988-249x160.jpg 249w, https:\/\/www.salzburgerland.com\/de\/magazin\/wp-content\/uploads\/2015\/08\/HISTORY_British_Airways_Concorde_20.09.1988-325x209.jpg 325w\"><\/source><img decoding=\"async\" alt=\"Ein Concorde-Jet, der auf dem Salzburger Flughafen geparkt ist, mit Servicefahrzeugen und dem Terminalgeb&auml;ude im Hintergrund.\" src=\"https:\/\/www.salzburgerland.com\/de\/magazin\/wp-content\/uploads\/2015\/08\/HISTORY_British_Airways_Concorde_20.09.1988.jpg\">\t<\/picture><\/a><\/figure><\/div><div class=\"col-6 col-sm-4\"><figure><a class=\"thumb-container\" href=\"https:\/\/www.salzburgerland.com\/de\/magazin\/wp-content\/uploads\/2015\/08\/HISTORY_BEA_Dr._List_22.04.1955-1280x1024.jpg\">\t<picture><source media=\"(min-width: 576px)\" srcset=\"https:\/\/www.salzburgerland.com\/de\/magazin\/wp-content\/uploads\/2015\/08\/HISTORY_BEA_Dr._List_22.04.1955-325x209.jpg 325w, https:\/\/www.salzburgerland.com\/de\/magazin\/wp-content\/uploads\/2015\/08\/HISTORY_BEA_Dr._List_22.04.1955-249x160.jpg 249w\"><\/source><source media=\"(min-width: 0)\" srcset=\"https:\/\/www.salzburgerland.com\/de\/magazin\/wp-content\/uploads\/2015\/08\/HISTORY_BEA_Dr._List_22.04.1955-249x160.jpg 249w, https:\/\/www.salzburgerland.com\/de\/magazin\/wp-content\/uploads\/2015\/08\/HISTORY_BEA_Dr._List_22.04.1955-325x209.jpg 325w\"><\/source><img decoding=\"async\" alt=\"Ein Oldtimer-Flugzeug der British European Airways auf einer Landebahn mit Menschen, die in der N&auml;he stehen.\" src=\"https:\/\/www.salzburgerland.com\/de\/magazin\/wp-content\/uploads\/2015\/08\/HISTORY_BEA_Dr._List_22.04.1955.jpg\">\t<\/picture><\/a><\/figure><\/div><div class=\"col-6 col-sm-4\"><figure><a class=\"thumb-container\" href=\"https:\/\/www.salzburgerland.com\/de\/magazin\/wp-content\/uploads\/2015\/08\/Ansicht_Flugfeld_01-1280x1024.jpg\">\t<picture><source media=\"(min-width: 576px)\" srcset=\"https:\/\/www.salzburgerland.com\/de\/magazin\/wp-content\/uploads\/2015\/08\/Ansicht_Flugfeld_01-325x209.jpg 325w, https:\/\/www.salzburgerland.com\/de\/magazin\/wp-content\/uploads\/2015\/08\/Ansicht_Flugfeld_01-249x160.jpg 249w\"><\/source><source media=\"(min-width: 0)\" srcset=\"https:\/\/www.salzburgerland.com\/de\/magazin\/wp-content\/uploads\/2015\/08\/Ansicht_Flugfeld_01-249x160.jpg 249w, https:\/\/www.salzburgerland.com\/de\/magazin\/wp-content\/uploads\/2015\/08\/Ansicht_Flugfeld_01-325x209.jpg 325w\"><\/source><img decoding=\"async\" alt=\"Gro&szlig;e Flughafenfenster zeigen ferne Berge und Flugzeuge unter einem strahlend blauen Himmel, der sich auf dem gl&auml;nzenden Boden spiegelt.\" src=\"https:\/\/www.salzburgerland.com\/de\/magazin\/wp-content\/uploads\/2015\/08\/Ansicht_Flugfeld_01.jpg\">\t<\/picture><\/a><\/figure><\/div><div class=\"col-6 col-sm-4\"><figure><a class=\"thumb-container\" href=\"https:\/\/www.salzburgerland.com\/de\/magazin\/wp-content\/uploads\/2015\/08\/Luftaufnahme__3_-1280x1024.jpg\">\t<picture><source media=\"(min-width: 576px)\" srcset=\"https:\/\/www.salzburgerland.com\/de\/magazin\/wp-content\/uploads\/2015\/08\/Luftaufnahme__3_-325x209.jpg 325w, https:\/\/www.salzburgerland.com\/de\/magazin\/wp-content\/uploads\/2015\/08\/Luftaufnahme__3_-249x160.jpg 249w\"><\/source><source media=\"(min-width: 0)\" srcset=\"https:\/\/www.salzburgerland.com\/de\/magazin\/wp-content\/uploads\/2015\/08\/Luftaufnahme__3_-249x160.jpg 249w, https:\/\/www.salzburgerland.com\/de\/magazin\/wp-content\/uploads\/2015\/08\/Luftaufnahme__3_-325x209.jpg 325w\"><\/source><img decoding=\"async\" alt=\"Luftaufnahme eines Flughafens, umgeben von Feldern, einer Stadt und Bergen unter einem teilweise bew&ouml;lkten Himmel.\" src=\"https:\/\/www.salzburgerland.com\/de\/magazin\/wp-content\/uploads\/2015\/08\/Luftaufnahme__3_.jpg\">\t<\/picture><\/a><\/figure><\/div><\/div><figcaption><\/figcaption><\/div>\n","protected":false},"excerpt":{"rendered":"<p>Die Geschichte des Salzburger Flughafens Als 1811 erstmals ein Mensch in den Luftraum \u00fcber Salzburg vordrang, malte sich wohl niemand auch nur in den k\u00fchnsten Tr\u00e4umen aus, dass hier rund 200 Jahre sp\u00e4ter reger Luftverkehr rund um \u00d6sterreichs zweitgr\u00f6\u00dften Verkehrsflughafen herrschen sollte. Damals, am 04. September ebendiesen Jahres, landete ein mit Hei\u00dfluft gef\u00fcllter Ballon im [&hellip;]<\/p>\n","protected":false},"author":505,"featured_media":96122,"comment_status":"open","ping_status":"open","sticky":false,"template":"","format":"standard","meta":{"_acf_changed":false,"wl_entities_gutenberg":"","_wl_entity_redirect_enabled":"","footnotes":""},"categories":[5],"tags":[],"wl_entity_type":[306],"monatsauswahl":[82,83,84,85,86,87,88,89,90,91,92,93],"class_list":["post-101196","post","type-post","status-publish","format-standard","has-post-thumbnail","hentry","category-hotel-reise","wl_entity_type-article","monatsauswahl-monat_1","monatsauswahl-monat_2","monatsauswahl-monat_3","monatsauswahl-monat_4","monatsauswahl-monat_5","monatsauswahl-monat_6","monatsauswahl-monat_7","monatsauswahl-monat_8","monatsauswahl-monat_9","monatsauswahl-monat_10","monatsauswahl-monat_11","monatsauswahl-monat_12"],"acf":[],"yoast_head":"<!-- This site is optimized with the Yoast SEO Premium plugin v27.4 (Yoast SEO v27.4) - https:\/\/yoast.com\/product\/yoast-seo-premium-wordpress\/ -->\n<title>Unser Salzburg Airport - SalzburgerLand Magazin<\/title>\n<meta name=\"description\" content=\"Der Salzburg Airport ist f\u00fcr viele Menschen Ausgangs- und Endpunkt ihrer Reisen. Egal ob Sie von weit her kommen, um einmal in Ihrem Leben die Mozartstadt zu besuchen, oder ob Sie als Salzburger von hier aus Ihre Ferien starten: kaum ein Flughafen kann eine solch perfekte Lage und gleichzeitig so komfortable Anbindung an die gro\u00dfen Drehkreuze dieser Welt bieten. Doch der Airport, der 2016 sein 90-j\u00e4hriges Jubil\u00e4um feierte, kann noch so viel mehr...\" \/>\n<meta name=\"robots\" content=\"index, follow, max-snippet:-1, max-image-preview:large, max-video-preview:-1\" \/>\n<link rel=\"canonical\" href=\"https:\/\/www.salzburgerland.com\/de\/magazin\/salzburg-airport-unser-tor-zur-welt\/\" \/>\n<meta property=\"og:locale\" content=\"de_DE\" \/>\n<meta property=\"og:type\" content=\"article\" \/>\n<meta property=\"og:title\" content=\"Unser Salzburg Airport\" \/>\n<meta property=\"og:description\" content=\"Die Geschichte des Salzburger Flughafens Als 1811 erstmals ein Mensch in den Luftraum \u00fcber Salzburg vordrang, malte sich wohl niemand auch nur in den k\u00fchnsten Tr\u00e4umen aus, dass hier rund 200 Jahre sp\u00e4ter reger Luftverkehr rund um \u00d6sterreichs zweitgr\u00f6\u00dften Verkehrsflughafen herrschen sollte. Damals, am 04. September ebendiesen Jahres, landete ein mit Hei\u00dfluft gef\u00fcllter Ballon im [&hellip;]\" \/>\n<meta property=\"og:url\" content=\"https:\/\/www.salzburgerland.com\/de\/magazin\/salzburg-airport-unser-tor-zur-welt\/\" \/>\n<meta property=\"og:site_name\" content=\"SalzburgerLand Magazin\" \/>\n<meta property=\"article:publisher\" content=\"https:\/\/www.facebook.com\/salzburgerland\/\" \/>\n<meta property=\"article:published_time\" content=\"2015-09-28T06:00:50+00:00\" \/>\n<meta property=\"article:modified_time\" content=\"2021-03-05T09:16:23+00:00\" \/>\n<meta property=\"og:image\" content=\"https:\/\/www.salzburgerland.com\/de\/magazin\/wp-content\/uploads\/2015\/03\/Salzburg-Airport.jpg\" \/>\n\t<meta property=\"og:image:width\" content=\"960\" \/>\n\t<meta property=\"og:image:height\" content=\"639\" \/>\n\t<meta property=\"og:image:type\" content=\"image\/jpeg\" \/>\n<meta name=\"author\" content=\"Peter Zeitlhofer\" \/>\n<meta name=\"twitter:card\" content=\"summary_large_image\" \/>\n<meta name=\"twitter:creator\" content=\"@Salzburgerland\" \/>\n<meta name=\"twitter:site\" content=\"@Salzburgerland\" \/>\n<meta name=\"twitter:label1\" content=\"Verfasst von\" \/>\n\t<meta name=\"twitter:data1\" content=\"Peter Zeitlhofer\" \/>\n\t<meta name=\"twitter:label2\" content=\"Gesch\u00e4tzte Lesezeit\" \/>\n\t<meta name=\"twitter:data2\" content=\"6\u00a0Minuten\" \/>\n<script type=\"application\/ld+json\" class=\"yoast-schema-graph\">{\"@context\":\"https:\\\/\\\/schema.org\",\"@graph\":[{\"@type\":\"Article\",\"@id\":\"https:\\\/\\\/www.salzburgerland.com\\\/de\\\/magazin\\\/salzburg-airport-unser-tor-zur-welt\\\/#article\",\"isPartOf\":{\"@id\":\"https:\\\/\\\/www.salzburgerland.com\\\/de\\\/magazin\\\/salzburg-airport-unser-tor-zur-welt\\\/\"},\"author\":{\"name\":\"Peter Zeitlhofer\",\"@id\":\"https:\\\/\\\/www.salzburgerland.com\\\/de\\\/magazin\\\/#\\\/schema\\\/person\\\/ebd2c9f244aeea71e30f3b5d5e309de4\"},\"headline\":\"Unser Salzburg Airport\",\"datePublished\":\"2015-09-28T06:00:50+00:00\",\"dateModified\":\"2021-03-05T09:16:23+00:00\",\"mainEntityOfPage\":{\"@id\":\"https:\\\/\\\/www.salzburgerland.com\\\/de\\\/magazin\\\/salzburg-airport-unser-tor-zur-welt\\\/\"},\"wordCount\":762,\"commentCount\":3,\"publisher\":{\"@id\":\"https:\\\/\\\/www.salzburgerland.com\\\/de\\\/magazin\\\/#organization\"},\"image\":{\"@id\":\"https:\\\/\\\/www.salzburgerland.com\\\/de\\\/magazin\\\/salzburg-airport-unser-tor-zur-welt\\\/#primaryimage\"},\"thumbnailUrl\":\"https:\\\/\\\/www.salzburgerland.com\\\/de\\\/magazin\\\/wp-content\\\/uploads\\\/2015\\\/03\\\/Salzburg-Airport.jpg\",\"articleSection\":[\"Hotel &amp; Reise\"],\"inLanguage\":\"de\",\"potentialAction\":[{\"@type\":\"CommentAction\",\"name\":\"Comment\",\"target\":[\"https:\\\/\\\/www.salzburgerland.com\\\/de\\\/magazin\\\/salzburg-airport-unser-tor-zur-welt\\\/#respond\"]}]},{\"@type\":\"WebPage\",\"@id\":\"https:\\\/\\\/www.salzburgerland.com\\\/de\\\/magazin\\\/salzburg-airport-unser-tor-zur-welt\\\/\",\"url\":\"https:\\\/\\\/www.salzburgerland.com\\\/de\\\/magazin\\\/salzburg-airport-unser-tor-zur-welt\\\/\",\"name\":\"Unser Salzburg Airport - SalzburgerLand Magazin\",\"isPartOf\":{\"@id\":\"https:\\\/\\\/www.salzburgerland.com\\\/de\\\/magazin\\\/#website\"},\"primaryImageOfPage\":{\"@id\":\"https:\\\/\\\/www.salzburgerland.com\\\/de\\\/magazin\\\/salzburg-airport-unser-tor-zur-welt\\\/#primaryimage\"},\"image\":{\"@id\":\"https:\\\/\\\/www.salzburgerland.com\\\/de\\\/magazin\\\/salzburg-airport-unser-tor-zur-welt\\\/#primaryimage\"},\"thumbnailUrl\":\"https:\\\/\\\/www.salzburgerland.com\\\/de\\\/magazin\\\/wp-content\\\/uploads\\\/2015\\\/03\\\/Salzburg-Airport.jpg\",\"datePublished\":\"2015-09-28T06:00:50+00:00\",\"dateModified\":\"2021-03-05T09:16:23+00:00\",\"breadcrumb\":{\"@id\":\"https:\\\/\\\/www.salzburgerland.com\\\/de\\\/magazin\\\/salzburg-airport-unser-tor-zur-welt\\\/#breadcrumb\"},\"inLanguage\":\"de\",\"potentialAction\":[{\"@type\":\"ReadAction\",\"target\":[\"https:\\\/\\\/www.salzburgerland.com\\\/de\\\/magazin\\\/salzburg-airport-unser-tor-zur-welt\\\/\"]}]},{\"@type\":\"ImageObject\",\"inLanguage\":\"de\",\"@id\":\"https:\\\/\\\/www.salzburgerland.com\\\/de\\\/magazin\\\/salzburg-airport-unser-tor-zur-welt\\\/#primaryimage\",\"url\":\"https:\\\/\\\/www.salzburgerland.com\\\/de\\\/magazin\\\/wp-content\\\/uploads\\\/2015\\\/03\\\/Salzburg-Airport.jpg\",\"contentUrl\":\"https:\\\/\\\/www.salzburgerland.com\\\/de\\\/magazin\\\/wp-content\\\/uploads\\\/2015\\\/03\\\/Salzburg-Airport.jpg\",\"width\":960,\"height\":639,\"caption\":\"Im Endanflug auf den Salzburg Airport \u00a9Frederic Handelmann\"},{\"@type\":\"BreadcrumbList\",\"@id\":\"https:\\\/\\\/www.salzburgerland.com\\\/de\\\/magazin\\\/salzburg-airport-unser-tor-zur-welt\\\/#breadcrumb\",\"itemListElement\":[{\"@type\":\"ListItem\",\"position\":1,\"name\":\"Startseite\",\"item\":\"https:\\\/\\\/www.salzburgerland.com\\\/de\\\/magazin\\\/\"},{\"@type\":\"ListItem\",\"position\":2,\"name\":\"Hotel &amp; Reise\",\"item\":\"https:\\\/\\\/www.salzburgerland.com\\\/de\\\/magazin\\\/thema\\\/hotel-reise\\\/\"},{\"@type\":\"ListItem\",\"position\":3,\"name\":\"Unser Salzburg Airport\"}]},{\"@type\":\"WebSite\",\"@id\":\"https:\\\/\\\/www.salzburgerland.com\\\/de\\\/magazin\\\/#website\",\"url\":\"https:\\\/\\\/www.salzburgerland.com\\\/de\\\/magazin\\\/\",\"name\":\"SalzburgerLand Magazin\",\"description\":\"Geschichten und Interessantes aus dem SalzburgerLand\",\"publisher\":{\"@id\":\"https:\\\/\\\/www.salzburgerland.com\\\/de\\\/magazin\\\/#organization\"},\"potentialAction\":[{\"@type\":\"SearchAction\",\"target\":{\"@type\":\"EntryPoint\",\"urlTemplate\":\"https:\\\/\\\/www.salzburgerland.com\\\/de\\\/magazin\\\/?s={search_term_string}\"},\"query-input\":{\"@type\":\"PropertyValueSpecification\",\"valueRequired\":true,\"valueName\":\"search_term_string\"}}],\"inLanguage\":\"de\"},{\"@type\":\"Organization\",\"@id\":\"https:\\\/\\\/www.salzburgerland.com\\\/de\\\/magazin\\\/#organization\",\"name\":\"SalzburgerLand Tourismus\",\"url\":\"https:\\\/\\\/www.salzburgerland.com\\\/de\\\/magazin\\\/\",\"logo\":{\"@type\":\"ImageObject\",\"inLanguage\":\"de\",\"@id\":\"https:\\\/\\\/www.salzburgerland.com\\\/de\\\/magazin\\\/#\\\/schema\\\/logo\\\/image\\\/\",\"url\":\"https:\\\/\\\/www.salzburgerland.com\\\/de\\\/magazin\\\/wp-content\\\/uploads\\\/2019\\\/06\\\/salzburgerland-logo1.jpg\",\"contentUrl\":\"https:\\\/\\\/www.salzburgerland.com\\\/de\\\/magazin\\\/wp-content\\\/uploads\\\/2019\\\/06\\\/salzburgerland-logo1.jpg\",\"width\":2011,\"height\":866,\"caption\":\"SalzburgerLand Tourismus\"},\"image\":{\"@id\":\"https:\\\/\\\/www.salzburgerland.com\\\/de\\\/magazin\\\/#\\\/schema\\\/logo\\\/image\\\/\"},\"sameAs\":[\"https:\\\/\\\/www.facebook.com\\\/salzburgerland\\\/\",\"https:\\\/\\\/x.com\\\/Salzburgerland\",\"https:\\\/\\\/www.instagram.com\\\/salzburgerland\\\/\",\"https:\\\/\\\/at.linkedin.com\\\/company\\\/salzburgerland-tourismus-gmbh\",\"https:\\\/\\\/www.pinterest.at\\\/salzburgerland\\\/\",\"https:\\\/\\\/www.youtube.com\\\/user\\\/salzburgerland\",\"https:\\\/\\\/de.wikipedia.org\\\/wiki\\\/SalzburgerLand_Tourismus_GmbH\"]},{\"@type\":\"Person\",\"@id\":\"https:\\\/\\\/www.salzburgerland.com\\\/de\\\/magazin\\\/#\\\/schema\\\/person\\\/ebd2c9f244aeea71e30f3b5d5e309de4\",\"name\":\"Peter Zeitlhofer\",\"description\":\"'Von Neugier getrieben' - diese Worte kommen Peter Zeitlhofer wohl schon ziemlich nahe. Egal ob am Segelboot, im Tiefschnee, unterwegs in Stadt und Land, oder auf einer seinen vielen Reisen - er ist immer auf der Suche nach Neuem, nach dem Besonderen, probiert so ziemlich alles aus und liebt es, dar\u00fcber zu reden und zu berichten. Womit man auch schon fast bei seiner zweiten Leidenschaft w\u00e4re - dem Schreiben. Immer und \u00fcberall ausgestattet\u00a0mit seinem Notebook, hat der Salzburger, mit Wurzeln am Attersee, sein Office\u00a0im wahrsten Sinne des Wortes unterm Arm und k\u00f6nnte sich nichts besseres vorstellen, als die Geschichten dort zu erz\u00e4hlen, wo sie passieren. Fr\u00fchling, Sommer, Herbst oder Winter? Als Mensch der Extreme, mag ich auch bei den Jahreszeiten den Sommer und den Winter am liebsten. Obwohl nat\u00fcrlich auch der Fr\u00fchling seine Reize hat. Aber der Herbst? Rindsroulade vom Pinzgauer Biorind oder Saibling fangfrisch aus dem Fuschlsee? Immer diese Entscheidungen! Kann ich auch beides haben? Mundharmonika oder Stradivari? Weder noch - als Gitarrist k\u00f6nnte ich mit beiden Instrumenten nichts anfangen. Lederhose oder Smoking? Eindeutig Lederhose, die bei mir mittlerweile sogar den Einzug in den sommerlichen Alltag gefunden hat. Und der LederhosnDonnerstag ist \u00a0ohnehin Pflicht. Alpinski, Offpist oder Skitour? Hauptsache rauf auf den Berg! Was dann tats\u00e4chlich auf dem Programm steht ist zweitrangig. Nur so viel: wenn der Schnee passt, dann h\u00e4lt mich nichts oder niemand auf der Piste. Bergtour oder Seentour? F\u00fcr mich gibt es im Sommer nichts Sch\u00f6neres, als mit dem Segelboot auf unseren herrlichen Seen unterwegs zu sein. Also wenn ich die Wahl habe, dann nehme ich im Sommer die Berge h\u00f6chstens als Kulisse. Haubenlokal oder Ab-Hof-Laden? Auch hier nehme ich von beidem ein bisschen. Aber bei der Oma schmeckt's dann doch am besten.\",\"url\":\"https:\\\/\\\/www.salzburgerland.com\\\/de\\\/magazin\\\/author\\\/peter-zeitlhofer\\\/\"}]}<\/script>\n<!-- \/ Yoast SEO Premium plugin. -->","yoast_head_json":{"title":"Unser Salzburg Airport - SalzburgerLand Magazin","description":"Der Salzburg Airport ist f\u00fcr viele Menschen Ausgangs- und Endpunkt ihrer Reisen. Egal ob Sie von weit her kommen, um einmal in Ihrem Leben die Mozartstadt zu besuchen, oder ob Sie als Salzburger von hier aus Ihre Ferien starten: kaum ein Flughafen kann eine solch perfekte Lage und gleichzeitig so komfortable Anbindung an die gro\u00dfen Drehkreuze dieser Welt bieten. Doch der Airport, der 2016 sein 90-j\u00e4hriges Jubil\u00e4um feierte, kann noch so viel mehr...","robots":{"index":"index","follow":"follow","max-snippet":"max-snippet:-1","max-image-preview":"max-image-preview:large","max-video-preview":"max-video-preview:-1"},"canonical":"https:\/\/www.salzburgerland.com\/de\/magazin\/salzburg-airport-unser-tor-zur-welt\/","og_locale":"de_DE","og_type":"article","og_title":"Unser Salzburg Airport","og_description":"Die Geschichte des Salzburger Flughafens Als 1811 erstmals ein Mensch in den Luftraum \u00fcber Salzburg vordrang, malte sich wohl niemand auch nur in den k\u00fchnsten Tr\u00e4umen aus, dass hier rund 200 Jahre sp\u00e4ter reger Luftverkehr rund um \u00d6sterreichs zweitgr\u00f6\u00dften Verkehrsflughafen herrschen sollte. Damals, am 04. September ebendiesen Jahres, landete ein mit Hei\u00dfluft gef\u00fcllter Ballon im [&hellip;]","og_url":"https:\/\/www.salzburgerland.com\/de\/magazin\/salzburg-airport-unser-tor-zur-welt\/","og_site_name":"SalzburgerLand Magazin","article_publisher":"https:\/\/www.facebook.com\/salzburgerland\/","article_published_time":"2015-09-28T06:00:50+00:00","article_modified_time":"2021-03-05T09:16:23+00:00","og_image":[{"width":960,"height":639,"url":"https:\/\/www.salzburgerland.com\/de\/magazin\/wp-content\/uploads\/2015\/03\/Salzburg-Airport.jpg","type":"image\/jpeg"}],"author":"Peter Zeitlhofer","twitter_card":"summary_large_image","twitter_creator":"@Salzburgerland","twitter_site":"@Salzburgerland","twitter_misc":{"Verfasst von":"Peter Zeitlhofer","Gesch\u00e4tzte Lesezeit":"6\u00a0Minuten"},"schema":{"@context":"https:\/\/schema.org","@graph":[{"@type":"Article","@id":"https:\/\/www.salzburgerland.com\/de\/magazin\/salzburg-airport-unser-tor-zur-welt\/#article","isPartOf":{"@id":"https:\/\/www.salzburgerland.com\/de\/magazin\/salzburg-airport-unser-tor-zur-welt\/"},"author":{"name":"Peter Zeitlhofer","@id":"https:\/\/www.salzburgerland.com\/de\/magazin\/#\/schema\/person\/ebd2c9f244aeea71e30f3b5d5e309de4"},"headline":"Unser Salzburg Airport","datePublished":"2015-09-28T06:00:50+00:00","dateModified":"2021-03-05T09:16:23+00:00","mainEntityOfPage":{"@id":"https:\/\/www.salzburgerland.com\/de\/magazin\/salzburg-airport-unser-tor-zur-welt\/"},"wordCount":762,"commentCount":3,"publisher":{"@id":"https:\/\/www.salzburgerland.com\/de\/magazin\/#organization"},"image":{"@id":"https:\/\/www.salzburgerland.com\/de\/magazin\/salzburg-airport-unser-tor-zur-welt\/#primaryimage"},"thumbnailUrl":"https:\/\/www.salzburgerland.com\/de\/magazin\/wp-content\/uploads\/2015\/03\/Salzburg-Airport.jpg","articleSection":["Hotel &amp; Reise"],"inLanguage":"de","potentialAction":[{"@type":"CommentAction","name":"Comment","target":["https:\/\/www.salzburgerland.com\/de\/magazin\/salzburg-airport-unser-tor-zur-welt\/#respond"]}]},{"@type":"WebPage","@id":"https:\/\/www.salzburgerland.com\/de\/magazin\/salzburg-airport-unser-tor-zur-welt\/","url":"https:\/\/www.salzburgerland.com\/de\/magazin\/salzburg-airport-unser-tor-zur-welt\/","name":"Unser Salzburg Airport - SalzburgerLand Magazin","isPartOf":{"@id":"https:\/\/www.salzburgerland.com\/de\/magazin\/#website"},"primaryImageOfPage":{"@id":"https:\/\/www.salzburgerland.com\/de\/magazin\/salzburg-airport-unser-tor-zur-welt\/#primaryimage"},"image":{"@id":"https:\/\/www.salzburgerland.com\/de\/magazin\/salzburg-airport-unser-tor-zur-welt\/#primaryimage"},"thumbnailUrl":"https:\/\/www.salzburgerland.com\/de\/magazin\/wp-content\/uploads\/2015\/03\/Salzburg-Airport.jpg","datePublished":"2015-09-28T06:00:50+00:00","dateModified":"2021-03-05T09:16:23+00:00","breadcrumb":{"@id":"https:\/\/www.salzburgerland.com\/de\/magazin\/salzburg-airport-unser-tor-zur-welt\/#breadcrumb"},"inLanguage":"de","potentialAction":[{"@type":"ReadAction","target":["https:\/\/www.salzburgerland.com\/de\/magazin\/salzburg-airport-unser-tor-zur-welt\/"]}]},{"@type":"ImageObject","inLanguage":"de","@id":"https:\/\/www.salzburgerland.com\/de\/magazin\/salzburg-airport-unser-tor-zur-welt\/#primaryimage","url":"https:\/\/www.salzburgerland.com\/de\/magazin\/wp-content\/uploads\/2015\/03\/Salzburg-Airport.jpg","contentUrl":"https:\/\/www.salzburgerland.com\/de\/magazin\/wp-content\/uploads\/2015\/03\/Salzburg-Airport.jpg","width":960,"height":639,"caption":"Im Endanflug auf den Salzburg Airport \u00a9Frederic Handelmann"},{"@type":"BreadcrumbList","@id":"https:\/\/www.salzburgerland.com\/de\/magazin\/salzburg-airport-unser-tor-zur-welt\/#breadcrumb","itemListElement":[{"@type":"ListItem","position":1,"name":"Startseite","item":"https:\/\/www.salzburgerland.com\/de\/magazin\/"},{"@type":"ListItem","position":2,"name":"Hotel &amp; Reise","item":"https:\/\/www.salzburgerland.com\/de\/magazin\/thema\/hotel-reise\/"},{"@type":"ListItem","position":3,"name":"Unser Salzburg Airport"}]},{"@type":"WebSite","@id":"https:\/\/www.salzburgerland.com\/de\/magazin\/#website","url":"https:\/\/www.salzburgerland.com\/de\/magazin\/","name":"SalzburgerLand Magazin","description":"Geschichten und Interessantes aus dem SalzburgerLand","publisher":{"@id":"https:\/\/www.salzburgerland.com\/de\/magazin\/#organization"},"potentialAction":[{"@type":"SearchAction","target":{"@type":"EntryPoint","urlTemplate":"https:\/\/www.salzburgerland.com\/de\/magazin\/?s={search_term_string}"},"query-input":{"@type":"PropertyValueSpecification","valueRequired":true,"valueName":"search_term_string"}}],"inLanguage":"de"},{"@type":"Organization","@id":"https:\/\/www.salzburgerland.com\/de\/magazin\/#organization","name":"SalzburgerLand Tourismus","url":"https:\/\/www.salzburgerland.com\/de\/magazin\/","logo":{"@type":"ImageObject","inLanguage":"de","@id":"https:\/\/www.salzburgerland.com\/de\/magazin\/#\/schema\/logo\/image\/","url":"https:\/\/www.salzburgerland.com\/de\/magazin\/wp-content\/uploads\/2019\/06\/salzburgerland-logo1.jpg","contentUrl":"https:\/\/www.salzburgerland.com\/de\/magazin\/wp-content\/uploads\/2019\/06\/salzburgerland-logo1.jpg","width":2011,"height":866,"caption":"SalzburgerLand Tourismus"},"image":{"@id":"https:\/\/www.salzburgerland.com\/de\/magazin\/#\/schema\/logo\/image\/"},"sameAs":["https:\/\/www.facebook.com\/salzburgerland\/","https:\/\/x.com\/Salzburgerland","https:\/\/www.instagram.com\/salzburgerland\/","https:\/\/at.linkedin.com\/company\/salzburgerland-tourismus-gmbh","https:\/\/www.pinterest.at\/salzburgerland\/","https:\/\/www.youtube.com\/user\/salzburgerland","https:\/\/de.wikipedia.org\/wiki\/SalzburgerLand_Tourismus_GmbH"]},{"@type":"Person","@id":"https:\/\/www.salzburgerland.com\/de\/magazin\/#\/schema\/person\/ebd2c9f244aeea71e30f3b5d5e309de4","name":"Peter Zeitlhofer","description":"'Von Neugier getrieben' - diese Worte kommen Peter Zeitlhofer wohl schon ziemlich nahe. Egal ob am Segelboot, im Tiefschnee, unterwegs in Stadt und Land, oder auf einer seinen vielen Reisen - er ist immer auf der Suche nach Neuem, nach dem Besonderen, probiert so ziemlich alles aus und liebt es, dar\u00fcber zu reden und zu berichten. Womit man auch schon fast bei seiner zweiten Leidenschaft w\u00e4re - dem Schreiben. Immer und \u00fcberall ausgestattet\u00a0mit seinem Notebook, hat der Salzburger, mit Wurzeln am Attersee, sein Office\u00a0im wahrsten Sinne des Wortes unterm Arm und k\u00f6nnte sich nichts besseres vorstellen, als die Geschichten dort zu erz\u00e4hlen, wo sie passieren. Fr\u00fchling, Sommer, Herbst oder Winter? Als Mensch der Extreme, mag ich auch bei den Jahreszeiten den Sommer und den Winter am liebsten. Obwohl nat\u00fcrlich auch der Fr\u00fchling seine Reize hat. Aber der Herbst? Rindsroulade vom Pinzgauer Biorind oder Saibling fangfrisch aus dem Fuschlsee? Immer diese Entscheidungen! Kann ich auch beides haben? Mundharmonika oder Stradivari? Weder noch - als Gitarrist k\u00f6nnte ich mit beiden Instrumenten nichts anfangen. Lederhose oder Smoking? Eindeutig Lederhose, die bei mir mittlerweile sogar den Einzug in den sommerlichen Alltag gefunden hat. Und der LederhosnDonnerstag ist \u00a0ohnehin Pflicht. Alpinski, Offpist oder Skitour? Hauptsache rauf auf den Berg! Was dann tats\u00e4chlich auf dem Programm steht ist zweitrangig. Nur so viel: wenn der Schnee passt, dann h\u00e4lt mich nichts oder niemand auf der Piste. Bergtour oder Seentour? F\u00fcr mich gibt es im Sommer nichts Sch\u00f6neres, als mit dem Segelboot auf unseren herrlichen Seen unterwegs zu sein. Also wenn ich die Wahl habe, dann nehme ich im Sommer die Berge h\u00f6chstens als Kulisse. Haubenlokal oder Ab-Hof-Laden? Auch hier nehme ich von beidem ein bisschen. Aber bei der Oma schmeckt's dann doch am besten.","url":"https:\/\/www.salzburgerland.com\/de\/magazin\/author\/peter-zeitlhofer\/"}]}},"_wl_alt_label":[],"wl:entity_url":"http:\/\/open.salzburgerland.com\/magazin\/post\/unser_salzburg_airport","_links":{"self":[{"href":"https:\/\/www.salzburgerland.com\/de\/magazin\/wp-json\/wp\/v2\/posts\/101196","targetHints":{"allow":["GET"]}}],"collection":[{"href":"https:\/\/www.salzburgerland.com\/de\/magazin\/wp-json\/wp\/v2\/posts"}],"about":[{"href":"https:\/\/www.salzburgerland.com\/de\/magazin\/wp-json\/wp\/v2\/types\/post"}],"author":[{"embeddable":true,"href":"https:\/\/www.salzburgerland.com\/de\/magazin\/wp-json\/wp\/v2\/users\/505"}],"replies":[{"embeddable":true,"href":"https:\/\/www.salzburgerland.com\/de\/magazin\/wp-json\/wp\/v2\/comments?post=101196"}],"version-history":[{"count":1,"href":"https:\/\/www.salzburgerland.com\/de\/magazin\/wp-json\/wp\/v2\/posts\/101196\/revisions"}],"predecessor-version":[{"id":150707,"href":"https:\/\/www.salzburgerland.com\/de\/magazin\/wp-json\/wp\/v2\/posts\/101196\/revisions\/150707"}],"wp:featuredmedia":[{"embeddable":true,"href":"https:\/\/www.salzburgerland.com\/de\/magazin\/wp-json\/wp\/v2\/media\/96122"}],"wp:attachment":[{"href":"https:\/\/www.salzburgerland.com\/de\/magazin\/wp-json\/wp\/v2\/media?parent=101196"}],"wp:term":[{"taxonomy":"category","embeddable":true,"href":"https:\/\/www.salzburgerland.com\/de\/magazin\/wp-json\/wp\/v2\/categories?post=101196"},{"taxonomy":"post_tag","embeddable":true,"href":"https:\/\/www.salzburgerland.com\/de\/magazin\/wp-json\/wp\/v2\/tags?post=101196"},{"taxonomy":"wl_entity_type","embeddable":true,"href":"https:\/\/www.salzburgerland.com\/de\/magazin\/wp-json\/wp\/v2\/wl_entity_type?post=101196"},{"taxonomy":"monatsauswahl","embeddable":true,"href":"https:\/\/www.salzburgerland.com\/de\/magazin\/wp-json\/wp\/v2\/monatsauswahl?post=101196"}],"curies":[{"name":"wp","href":"https:\/\/api.w.org\/{rel}","templated":true}]}}