{"id":101076,"date":"2025-11-13T14:00:00","date_gmt":"2025-11-13T13:00:00","guid":{"rendered":"http:\/\/magazin.salzburgerland.com\/?p=101076"},"modified":"2025-11-17T11:32:52","modified_gmt":"2025-11-17T10:32:52","slug":"zu-besuch-bei-haubenkoch-vitus-winkler","status":"publish","type":"post","link":"https:\/\/www.salzburgerland.com\/de\/magazin\/zu-besuch-bei-haubenkoch-vitus-winkler\/","title":{"rendered":"Vitus Winkler und seine alpine Genusshandschrift"},"content":{"rendered":"\n<h2 class=\"wp-block-slt-subtitle\">Gault&amp;Millau\u00a0Koch\u00a0des\u00a0Jahres\u00a02026<\/h2>\n\n\n\n<p><strong>I<\/strong>m 4-Sterne-Superior Genie\u00dferhotel Sonnhof in St. Veit im Pongau f\u00fchrt Vitus Winkler gemeinsam mit seiner Frau Eva-Maria ein Boutiquehotel, das Fine Dining, Wirtshauskultur und alpinen Lebensstil verbindet. Sein Restaurant \u201eKr\u00e4uterreich by Vitus Winkler\u201c gilt seit Jahren als Fixstern der modernen Alpenk\u00fcche. Nun k\u00fcrte ihn Gault&amp;Millau zum \u201eKoch des Jahres 2026\u201c und hebt damit einen K\u00fcchenstil hervor, der Landschaft, Jahreszeiten und Traditionen in zeitgem\u00e4\u00dfer Form erz\u00e4hlt.<\/p>\n\n\n\n<h2 class=\"wp-block-heading\" id=\"h-wo-die-alpen-zur-genussvollen-referenz-werden\">Wo die Alpen zur genussvollen Referenz werden<\/h2>\n\n\n\n<p>Es gibt viele K\u00f6chinnen und K\u00f6che, die ihre Region als kulinarische Inspiration begreifen. Vitus Winkler z\u00e4hlt zu jenen, die diese Herkunft mit besonderer Konsequenz und feinem Gesp\u00fcr weiterdenken \u2013 Teller f\u00fcr Teller. Die Auszeichnung zum \u201eKoch des Jahres 2026\u201c beschreibt pr\u00e4zise, was er tut. Der Guide Gault&amp;Millau bringt es auf den Punkt: \u201eIn seinem Restaurant, dem \u201aKr\u00e4uterreich\u2018 im \u201aDesignhotel Sonnhof\u2018 in St. Veit im Pongau, zeigt er, wie sich alpine Wurzeln und zeitgem\u00e4\u00dfe Leichtigkeit in einem Men\u00fc begegnen k\u00f6nnen.\u201c Und weiter: \u201eVitus Winkler z\u00e4hlt heute zu den spannendsten K\u00f6chen \u00d6sterreichs.\u201c<\/p>\n\n\n<div class=\"mag-gallery\"><div class=\"row\"><div class=\"col-6 col-sm-4\"><figure><a class=\"thumb-container\" href=\"https:\/\/www.salzburgerland.com\/de\/magazin\/wp-content\/uploads\/2020\/02\/kulinarik4-sonnhof-foto-mario-stockhausen-15x10-cm-300dpi-1280x1024.jpg\">\t<picture><source media=\"(min-width: 576px)\" srcset=\"https:\/\/www.salzburgerland.com\/de\/magazin\/wp-content\/uploads\/2020\/02\/kulinarik4-sonnhof-foto-mario-stockhausen-15x10-cm-300dpi-418x650.jpg 418w, https:\/\/www.salzburgerland.com\/de\/magazin\/wp-content\/uploads\/2020\/02\/kulinarik4-sonnhof-foto-mario-stockhausen-15x10-cm-300dpi-209x325.jpg 209w\"><\/source><source media=\"(min-width: 0)\" srcset=\"https:\/\/www.salzburgerland.com\/de\/magazin\/wp-content\/uploads\/2020\/02\/kulinarik4-sonnhof-foto-mario-stockhausen-15x10-cm-300dpi-209x325.jpg 209w, https:\/\/www.salzburgerland.com\/de\/magazin\/wp-content\/uploads\/2020\/02\/kulinarik4-sonnhof-foto-mario-stockhausen-15x10-cm-300dpi-418x650.jpg 418w\"><\/source><img decoding=\"async\" alt='Gericht von Sternekoch Vitus Winkler aus dem \"Kr&auml;uterreich by Vitus Winkler\"' src=\"https:\/\/www.salzburgerland.com\/de\/magazin\/wp-content\/uploads\/2020\/02\/kulinarik4-sonnhof-foto-mario-stockhausen-15x10-cm-300dpi.jpg\">\t<\/picture><figcaption>&copy;Mario Stockhausen<\/figcaption><\/a><\/figure><\/div><div class=\"col-6 col-sm-4\"><figure><a class=\"thumb-container\" href=\"https:\/\/www.salzburgerland.com\/de\/magazin\/wp-content\/uploads\/2020\/02\/kulinarik10-sonnhof-foto-mario-stockhausen-15x22cm-300dpi-1280x1024.jpg\">\t<picture><source media=\"(min-width: 576px)\" srcset=\"https:\/\/www.salzburgerland.com\/de\/magazin\/wp-content\/uploads\/2020\/02\/kulinarik10-sonnhof-foto-mario-stockhausen-15x22cm-300dpi-418x650.jpg 418w, https:\/\/www.salzburgerland.com\/de\/magazin\/wp-content\/uploads\/2020\/02\/kulinarik10-sonnhof-foto-mario-stockhausen-15x22cm-300dpi-209x325.jpg 209w\"><\/source><source media=\"(min-width: 0)\" srcset=\"https:\/\/www.salzburgerland.com\/de\/magazin\/wp-content\/uploads\/2020\/02\/kulinarik10-sonnhof-foto-mario-stockhausen-15x22cm-300dpi-209x325.jpg 209w, https:\/\/www.salzburgerland.com\/de\/magazin\/wp-content\/uploads\/2020\/02\/kulinarik10-sonnhof-foto-mario-stockhausen-15x22cm-300dpi-418x650.jpg 418w\"><\/source><img decoding=\"async\" alt='Gericht von Sternekoch Vitus Winkler aus dem \"Kr&auml;uterreich by Vitus Winkler\"' src=\"https:\/\/www.salzburgerland.com\/de\/magazin\/wp-content\/uploads\/2020\/02\/kulinarik10-sonnhof-foto-mario-stockhausen-15x22cm-300dpi-scaled.jpg\">\t<\/picture><figcaption>&copy;Mario Stockhausen<\/figcaption><\/a><\/figure><\/div><div class=\"col-6 col-sm-4\"><figure><a class=\"thumb-container\" href=\"https:\/\/www.salzburgerland.com\/de\/magazin\/wp-content\/uploads\/2020\/02\/kulinarik6-sonnhof-foto-mario-stockhausen-10x15cm-300dpi-1280x1024.jpg\">\t<picture><source media=\"(min-width: 576px)\" srcset=\"https:\/\/www.salzburgerland.com\/de\/magazin\/wp-content\/uploads\/2020\/02\/kulinarik6-sonnhof-foto-mario-stockhausen-10x15cm-300dpi-418x650.jpg 418w, https:\/\/www.salzburgerland.com\/de\/magazin\/wp-content\/uploads\/2020\/02\/kulinarik6-sonnhof-foto-mario-stockhausen-10x15cm-300dpi-209x325.jpg 209w\"><\/source><source media=\"(min-width: 0)\" srcset=\"https:\/\/www.salzburgerland.com\/de\/magazin\/wp-content\/uploads\/2020\/02\/kulinarik6-sonnhof-foto-mario-stockhausen-10x15cm-300dpi-209x325.jpg 209w, https:\/\/www.salzburgerland.com\/de\/magazin\/wp-content\/uploads\/2020\/02\/kulinarik6-sonnhof-foto-mario-stockhausen-10x15cm-300dpi-418x650.jpg 418w\"><\/source><img decoding=\"async\" alt='Gericht von Sternekoch Vitus Winkler aus dem \"Kr&auml;uterreich by Vitus Winkler\"' src=\"https:\/\/www.salzburgerland.com\/de\/magazin\/wp-content\/uploads\/2020\/02\/kulinarik6-sonnhof-foto-mario-stockhausen-10x15cm-300dpi.jpg\">\t<\/picture><figcaption>&copy;Mario Stockhausen<\/figcaption><\/a><\/figure><\/div><\/div><figcaption><\/figcaption><\/div>\n\n\n\n<p>Diese S\u00e4tze treffen den Kern eines K\u00fcchenstils, der sich niemals mit dem Offensichtlichen zufriedengibt. Winkler sucht Inspiration und Tiefe in allt\u00e4glichen Zutaten, entdeckt Aromen in nur auf den ersten Blick unscheinbaren Pflanzen und schafft Kompositionen, die von der Umgebung erz\u00e4hlen, ohne folkloristisch zu wirken. Er betont oft, dass ein Gericht f\u00fcr ihn sp\u00fcrbar machen solle, wo es seinen Ursprung hat. Die Natur sei f\u00fcr ihn dabei nicht nur Inspirationsquelle, sondern der eigentliche Ausgangspunkt seines Schaffens. Die W\u00e4lder, Wiesen und Berge rund um St. Veit pr\u00e4gen seine Handschrift. Kr\u00e4uter, die am Wegesrand wachsen, alte Obstsorten, fermentierte Sch\u00e4tze aus dem Keller, Wild aus den umliegenden Revieren: All das flie\u00dft in seine Men\u00fcs ein. Seine K\u00fcche ist modern, aber nie modisch, pr\u00e4zise, aber nie k\u00fchl. \u201eIch mag die traditionellen Gerichte meiner Heimat\u201c, sagt Winkler, \u201eaber jedes Rezept hat das Potenzial, noch besser zu sein.\u201c<\/p>\n\n\n\n<figure class=\"wp-block-image size-full\"><img loading=\"lazy\" decoding=\"async\" width=\"2560\" height=\"1708\" src=\"https:\/\/www.salzburgerland.com\/de\/magazin\/wp-content\/uploads\/2020\/02\/Vitus-und-Eva-Maria-scaled.jpg\" alt=\"Eva-Maria &amp; Vitus Winkler im &quot;Kr\u00e4uterreich by Vitus Winkler&quot;\" class=\"wp-image-185183\" srcset=\"https:\/\/www.salzburgerland.com\/de\/magazin\/wp-content\/uploads\/2020\/02\/Vitus-und-Eva-Maria-scaled.jpg 2560w, https:\/\/www.salzburgerland.com\/de\/magazin\/wp-content\/uploads\/2020\/02\/Vitus-und-Eva-Maria-300x200.jpg 300w, https:\/\/www.salzburgerland.com\/de\/magazin\/wp-content\/uploads\/2020\/02\/Vitus-und-Eva-Maria-1536x1025.jpg 1536w, https:\/\/www.salzburgerland.com\/de\/magazin\/wp-content\/uploads\/2020\/02\/Vitus-und-Eva-Maria-2048x1366.jpg 2048w, https:\/\/www.salzburgerland.com\/de\/magazin\/wp-content\/uploads\/2020\/02\/Vitus-und-Eva-Maria-825x550.jpg 825w, https:\/\/www.salzburgerland.com\/de\/magazin\/wp-content\/uploads\/2020\/02\/Vitus-und-Eva-Maria-600x400.jpg 600w, https:\/\/www.salzburgerland.com\/de\/magazin\/wp-content\/uploads\/2020\/02\/Vitus-und-Eva-Maria-1320x880.jpg 1320w, https:\/\/www.salzburgerland.com\/de\/magazin\/wp-content\/uploads\/2020\/02\/Vitus-und-Eva-Maria-150x100.jpg 150w\" sizes=\"auto, (max-width: 2560px) 100vw, 2560px\" \/><figcaption class=\"wp-element-caption\">Vitus und Eva-Maria Winkler im &#8222;Kr\u00e4uterreich by Vitus Winkler&#8220;. \u00a9Patrick Kirchberger<\/figcaption><\/figure>\n\n\n\n<h2 class=\"wp-block-heading\" id=\"h-eine-kulinarische-buhne-krauterreich-by-vitus-winkler\">Eine kulinarische B\u00fchne: \u201eKr\u00e4uterreich by Vitus Winkler\u201c <\/h2>\n\n\n\n<p>Im Gourmetrestaurant \u201eKr\u00e4uterreich\u201c entstehen Men\u00fcs, die eine Geschichte erz\u00e4hlen: vom Tal hinauf zur Alm, von Moos und Wurzeln \u00fcber klare Br\u00fchen bis zu kraftvollen, beinahe archaischen Aromen. Es sind kulinarische Landschaftsbilder, bei denen jedes Detail mit Bedacht gesetzt ist: duftende Kr\u00e4uter, luftige Saucen, konzentrierte Jus, \u00fcberraschende Desserts.<\/p>\n\n\n\n<p>Am Chef\u2019s Table zeigt Vitus Winkler, dass er nicht nur die N\u00e4he zu den Zutaten, sondern auch zu seinen G\u00e4sten sch\u00e4tzt. Am exklusiven K\u00fcchentisch, der sich seit dem Umbau direkt dort befindet, wo Vitus seine Kreativit\u00e4t auf die Teller bringt, k\u00f6nnen die G\u00e4ste sogar hautnah erleben, wie ein Gericht Gestalt annimmt.<\/p>\n\n\n\n<figure class=\"wp-block-image size-full\"><img loading=\"lazy\" decoding=\"async\" width=\"2560\" height=\"1708\" src=\"https:\/\/www.salzburgerland.com\/de\/magazin\/wp-content\/uploads\/2020\/02\/winkler-250515-0881-scaled.jpg\" alt=\"Im &quot;Kr\u00e4uterreich by Vitus Winkler&quot;\" class=\"wp-image-185184\" srcset=\"https:\/\/www.salzburgerland.com\/de\/magazin\/wp-content\/uploads\/2020\/02\/winkler-250515-0881-scaled.jpg 2560w, https:\/\/www.salzburgerland.com\/de\/magazin\/wp-content\/uploads\/2020\/02\/winkler-250515-0881-300x200.jpg 300w, https:\/\/www.salzburgerland.com\/de\/magazin\/wp-content\/uploads\/2020\/02\/winkler-250515-0881-1536x1025.jpg 1536w, https:\/\/www.salzburgerland.com\/de\/magazin\/wp-content\/uploads\/2020\/02\/winkler-250515-0881-2048x1366.jpg 2048w, https:\/\/www.salzburgerland.com\/de\/magazin\/wp-content\/uploads\/2020\/02\/winkler-250515-0881-825x550.jpg 825w, https:\/\/www.salzburgerland.com\/de\/magazin\/wp-content\/uploads\/2020\/02\/winkler-250515-0881-600x400.jpg 600w, https:\/\/www.salzburgerland.com\/de\/magazin\/wp-content\/uploads\/2020\/02\/winkler-250515-0881-1320x880.jpg 1320w, https:\/\/www.salzburgerland.com\/de\/magazin\/wp-content\/uploads\/2020\/02\/winkler-250515-0881-150x100.jpg 150w\" sizes=\"auto, (max-width: 2560px) 100vw, 2560px\" \/><figcaption class=\"wp-element-caption\">Das neu gestaltete &#8222;Kr\u00e4uterreich by Vitus Winkler&#8220; im Genie\u00dferhotel Sonnhof. \u00a9Patrick Kirchberger<\/figcaption><\/figure>\n\n\n\n<h2 class=\"wp-block-heading\" id=\"h-der-sonnhof-ist-ein-haus-mit-geschichte-amp-zukunft\">Der Sonnhof ist ein Haus mit Geschichte &amp; Zukunft<\/h2>\n\n\n\n<p>Das Genie\u00dferhotel Sonnhof tr\u00e4gt das 4-Sterne-Superior-Siegel und wird von Eva-Maria und Vitus Winkler bereits in vierter Generation gef\u00fchrt. Was fr\u00fcher ein traditioneller Landgasthof war, ist heute ein zeitgem\u00e4\u00dfes Gourmet-Boutiquehotel mit 23 Zimmern und Suiten. Die j\u00fcngsten Umbauten haben dem Haus neue Klarheit gegeben: modern, hell, naturverbunden, ohne dabei den Charakter des Familienbetriebs zu verlieren.<\/p>\n\n\n\n<p>Die R\u00e4ume er\u00f6ffnen den Blick auf die Bergwelt des Pongaus \u2013 ein Panorama, das auch im Spa-Bereich weiterwirkt. Dort warten Saunen, Kr\u00e4uterduft, ein beheizter Au\u00dfenpool und eine Sonnenterrasse, die diesen Namen wahrlich mehr als verdient. Besonders eindrucksvoll ist die \u201eSuite am Gipfel\u201c: 60 Quadratmeter, zwei Panoramaterrassen, offener Kamin, Steinbadewanne und ein Sternenfenster, das den Himmel in der Nacht zu einem Teil des Gesamtkonzepts macht.<\/p>\n\n\n<div class=\"mag-gallery\"><div class=\"row\"><div class=\"col-6 col-sm-4\"><figure><a class=\"thumb-container\" href=\"https:\/\/www.salzburgerland.com\/de\/magazin\/wp-content\/uploads\/2020\/02\/Haus3-1280x1024.jpg\">\t<picture><source media=\"(min-width: 576px)\" srcset=\"https:\/\/www.salzburgerland.com\/de\/magazin\/wp-content\/uploads\/2020\/02\/Haus3-325x209.jpg 325w, https:\/\/www.salzburgerland.com\/de\/magazin\/wp-content\/uploads\/2020\/02\/Haus3-249x160.jpg 249w\"><\/source><source media=\"(min-width: 0)\" srcset=\"https:\/\/www.salzburgerland.com\/de\/magazin\/wp-content\/uploads\/2020\/02\/Haus3-249x160.jpg 249w, https:\/\/www.salzburgerland.com\/de\/magazin\/wp-content\/uploads\/2020\/02\/Haus3-325x209.jpg 325w\"><\/source><img decoding=\"async\" alt=\"Der Sonnhof by Vitus Winkler\" src=\"https:\/\/www.salzburgerland.com\/de\/magazin\/wp-content\/uploads\/2020\/02\/Haus3.jpg\">\t<\/picture><figcaption>Sonnhof by Vitus Winkler &copy;Patrick Kirchberger<\/figcaption><\/a><\/figure><\/div><div class=\"col-6 col-sm-4\"><figure><a class=\"thumb-container\" href=\"https:\/\/www.salzburgerland.com\/de\/magazin\/wp-content\/uploads\/2020\/02\/Wellness-1280x1024.jpg\">\t<picture><source media=\"(min-width: 576px)\" srcset=\"https:\/\/www.salzburgerland.com\/de\/magazin\/wp-content\/uploads\/2020\/02\/Wellness-325x209.jpg 325w, https:\/\/www.salzburgerland.com\/de\/magazin\/wp-content\/uploads\/2020\/02\/Wellness-249x160.jpg 249w\"><\/source><source media=\"(min-width: 0)\" srcset=\"https:\/\/www.salzburgerland.com\/de\/magazin\/wp-content\/uploads\/2020\/02\/Wellness-249x160.jpg 249w, https:\/\/www.salzburgerland.com\/de\/magazin\/wp-content\/uploads\/2020\/02\/Wellness-325x209.jpg 325w\"><\/source><img decoding=\"async\" alt=\"Der Wellness-Bereich im Sonnhof by Vitus Winkler\" src=\"https:\/\/www.salzburgerland.com\/de\/magazin\/wp-content\/uploads\/2020\/02\/Wellness-scaled.jpg\">\t<\/picture><figcaption>Der Spa-Bereich im Sonnhof &copy;Patrick Kirchberger<\/figcaption><\/a><\/figure><\/div><div class=\"col-6 col-sm-4\"><figure><a class=\"thumb-container\" href=\"https:\/\/www.salzburgerland.com\/de\/magazin\/wp-content\/uploads\/2020\/02\/Winkler_250515_1281-1280x1024.jpg\">\t<picture><source media=\"(min-width: 576px)\" srcset=\"https:\/\/www.salzburgerland.com\/de\/magazin\/wp-content\/uploads\/2020\/02\/Winkler_250515_1281-325x209.jpg 325w, https:\/\/www.salzburgerland.com\/de\/magazin\/wp-content\/uploads\/2020\/02\/Winkler_250515_1281-249x160.jpg 249w\"><\/source><source media=\"(min-width: 0)\" srcset=\"https:\/\/www.salzburgerland.com\/de\/magazin\/wp-content\/uploads\/2020\/02\/Winkler_250515_1281-249x160.jpg 249w, https:\/\/www.salzburgerland.com\/de\/magazin\/wp-content\/uploads\/2020\/02\/Winkler_250515_1281-325x209.jpg 325w\"><\/source><img decoding=\"async\" alt='\"Suite am Gipfel\" im Sonnhof by Vitus Winkler' src=\"https:\/\/www.salzburgerland.com\/de\/magazin\/wp-content\/uploads\/2020\/02\/Winkler_250515_1281-scaled.jpg\">\t<\/picture><figcaption>Die &#8222;Suite am Gipfel&#8220; im Sonnhof &copy;Mario Stockhausen<\/figcaption><\/a><\/figure><\/div><\/div><figcaption><\/figcaption><\/div>\n\n\n\n<h2 class=\"wp-block-heading\" id=\"h-wirtshauskuche-die-massstabe-setzt\">Wirtshausk\u00fcche, die Ma\u00dfst\u00e4be setzt<\/h2>\n\n\n\n<p>2025 hat der Sonnhof im Zuge des Umbaus zus\u00e4tzlich eine kulinarische Erg\u00e4nzung bekommen: Ein Wirtshaus, in dem Winkler alpine Klassiker auf beeindruckendem Niveau kredenzt. In der historischen Zirbenholzstube und der Kaminstube werden Schlutzkrapfen, Tafelspitz, Kirschmuas oder faschierte Laibchen neu interpretiert.<\/p>\n\n\n\n<p>Es ist jene Art von K\u00fcche, die durch ihren vertrauten Genuss N\u00e4he schafft und dennoch \u00fcberrascht. Winkler betont, dass die Gerichte seiner Kindheit f\u00fcr ihn einen besonderen Stellenwert haben und dass in traditionellen Rezepten oft mehr Potenzial steckt, als man auf den ersten Blick vermutet \u2013 vorausgesetzt, man entwickelt sie mit Respekt weiter. Das Wirtshaus erg\u00e4nzt damit das Fine-Dining-Erlebnis im Genie\u00dferhotel Sonnhof auf stimmige Weise und macht das Haus zu einem Ort, an dem Bodenst\u00e4ndigkeit und Haute Cuisine selbstverst\u00e4ndlich nebeneinanderstehen.<\/p>\n\n\n\n<figure class=\"wp-block-image size-full\"><img loading=\"lazy\" decoding=\"async\" width=\"2560\" height=\"1920\" src=\"https:\/\/www.salzburgerland.com\/de\/magazin\/wp-content\/uploads\/2020\/02\/Wirtshaus1-Foto-Hotel-Sonnhof-scaled.jpg\" alt=\"Der neue Wirtshaus-Bereich im Sonnhof by Vitus Winkler\" class=\"wp-image-185188\" srcset=\"https:\/\/www.salzburgerland.com\/de\/magazin\/wp-content\/uploads\/2020\/02\/Wirtshaus1-Foto-Hotel-Sonnhof-scaled.jpg 2560w, https:\/\/www.salzburgerland.com\/de\/magazin\/wp-content\/uploads\/2020\/02\/Wirtshaus1-Foto-Hotel-Sonnhof-300x225.jpg 300w, https:\/\/www.salzburgerland.com\/de\/magazin\/wp-content\/uploads\/2020\/02\/Wirtshaus1-Foto-Hotel-Sonnhof-1536x1152.jpg 1536w, https:\/\/www.salzburgerland.com\/de\/magazin\/wp-content\/uploads\/2020\/02\/Wirtshaus1-Foto-Hotel-Sonnhof-2048x1536.jpg 2048w, https:\/\/www.salzburgerland.com\/de\/magazin\/wp-content\/uploads\/2020\/02\/Wirtshaus1-Foto-Hotel-Sonnhof-733x550.jpg 733w, https:\/\/www.salzburgerland.com\/de\/magazin\/wp-content\/uploads\/2020\/02\/Wirtshaus1-Foto-Hotel-Sonnhof-140x105.jpg 140w, https:\/\/www.salzburgerland.com\/de\/magazin\/wp-content\/uploads\/2020\/02\/Wirtshaus1-Foto-Hotel-Sonnhof-533x400.jpg 533w, https:\/\/www.salzburgerland.com\/de\/magazin\/wp-content\/uploads\/2020\/02\/Wirtshaus1-Foto-Hotel-Sonnhof-960x720.jpg 960w, https:\/\/www.salzburgerland.com\/de\/magazin\/wp-content\/uploads\/2020\/02\/Wirtshaus1-Foto-Hotel-Sonnhof-1320x990.jpg 1320w, https:\/\/www.salzburgerland.com\/de\/magazin\/wp-content\/uploads\/2020\/02\/Wirtshaus1-Foto-Hotel-Sonnhof-1200x900.jpg 1200w, https:\/\/www.salzburgerland.com\/de\/magazin\/wp-content\/uploads\/2020\/02\/Wirtshaus1-Foto-Hotel-Sonnhof-150x113.jpg 150w\" sizes=\"auto, (max-width: 2560px) 100vw, 2560px\" \/><figcaption class=\"wp-element-caption\">Der neue Wirtshaus-Bereich im Sonnhof by Vitus Winkler. \u00a9Patrick Kirchberger<\/figcaption><\/figure>\n\n\n\n<p>Neben seiner Rolle im eigenen Haus ist Vitus Winkler seit Jahren eine pr\u00e4gende Stimme der \u00f6sterreichischen Gourmetszene. Als Obmann der Vereinigung Jeunes Restaurateurs (JRE) \u00d6sterreich bringt er K\u00f6chinnen und K\u00f6che zusammen, f\u00f6rdert Nachwuchstalente und setzt Impulse f\u00fcr eine moderne, verantwortungsvolle Gastronomie.<\/p>\n\n\n\n<p>Der Sonnhof in St. Veit ist mehr als die Summe seiner Teile oder nur ein kulinarisches Ziel. Er ist ein Ort, an dem sich vieles b\u00fcndelt, was das SalzburgerLand ausmacht: Handwerk, Alpine K\u00fcche, Gastfreundschaft, Entschleunigung. Ob im Kr\u00e4uterreich by Vitus Winkler, im Wirtshaus oder beim Gourmet-Brunch am Sonntag: Jeder Besuch erz\u00e4hlt genussvoll ein St\u00fcck Salzburger Land.<\/p>\n\n\n\n<p><strong>Genie\u00dferhotel Sonnhof &amp; Gourmetrestaurant Kr\u00e4uterreich by VItus Winkler<\/strong><br>Kirchweg 2<br>5621 St. Veit im Pongau<br><a href=\"mailto:sonnhof@vituswinkler.at\" target=\"_blank\" rel=\"noreferrer noopener\">sonnhof@vituswinkler.at<\/a><a href=\"mailto:sonnhof@verwoehnhotel.at\"><br><\/a><a href=\"https:\/\/www.sonnhof-vituswinkler.at\/\" target=\"_blank\" rel=\"noreferrer noopener\">www.sonnhof-vituswinkler.at<\/a><a href=\"https:\/\/www.sonnhof-vituswinkler.at\/\"><br><\/a>T +43 6415 4323<\/p>\n","protected":false},"excerpt":{"rendered":"<p>Im 4-Sterne-Superior Genie\u00dferhotel Sonnhof in St. Veit im Pongau f\u00fchrt Vitus Winkler gemeinsam mit seiner Frau Eva-Maria ein Boutiquehotel, das Fine Dining, Wirtshauskultur und alpinen Lebensstil verbindet. Sein Restaurant \u201eKr\u00e4uterreich by Vitus Winkler\u201c gilt seit Jahren als Fixstern der modernen Alpenk\u00fcche. Nun k\u00fcrte ihn Gault&amp;Millau zum \u201eKoch des Jahres 2026\u201c und hebt damit einen K\u00fcchenstil [&hellip;]<\/p>\n","protected":false},"author":586,"featured_media":185190,"comment_status":"open","ping_status":"open","sticky":false,"template":"","format":"standard","meta":{"_acf_changed":false,"wl_entities_gutenberg":"","_wl_entity_redirect_enabled":"","footnotes":""},"categories":[3],"tags":[2002],"wl_entity_type":[306],"monatsauswahl":[82,83,84,85,86,87,88,89,90,91,92,93],"class_list":["post-101076","post","type-post","status-publish","format-standard","has-post-thumbnail","hentry","category-essen-trinken","tag-kulinarik","wl_entity_type-article","monatsauswahl-monat_1","monatsauswahl-monat_2","monatsauswahl-monat_3","monatsauswahl-monat_4","monatsauswahl-monat_5","monatsauswahl-monat_6","monatsauswahl-monat_7","monatsauswahl-monat_8","monatsauswahl-monat_9","monatsauswahl-monat_10","monatsauswahl-monat_11","monatsauswahl-monat_12"],"acf":[],"yoast_head":"<!-- This site is optimized with the Yoast SEO Premium plugin v27.4 (Yoast SEO v27.4) - https:\/\/yoast.com\/product\/yoast-seo-premium-wordpress\/ -->\n<title>Vitus Winkler und seine alpine Genusshandschrift - SalzburgerLand Magazin<\/title>\n<meta name=\"description\" content=\"Im 4-Sterne-Superior Genie\u00dferhotel Sonnhof in St. Veit im Pongau f\u00fchrt Vitus Winkler gemeinsam mit seiner Frau Eva-Maria ein Boutiquehotel, das Fine Dining, Wirtshauskultur und alpinen Lebensstil verbindet. Sein Restaurant \u201eKr\u00e4uterreich by Vitus Winkler\u201c gilt seit Jahren als Fixstern der modernen Alpenk\u00fcche. Nun k\u00fcrte ihn Gault&amp;Millau zum \u201eKoch des Jahres 2026\u201c und hebt damit einen K\u00fcchenstil [&hellip;]\" \/>\n<meta name=\"robots\" content=\"index, follow, max-snippet:-1, max-image-preview:large, max-video-preview:-1\" \/>\n<link rel=\"canonical\" href=\"https:\/\/www.salzburgerland.com\/de\/magazin\/zu-besuch-bei-haubenkoch-vitus-winkler\/\" \/>\n<meta property=\"og:locale\" content=\"de_DE\" \/>\n<meta property=\"og:type\" content=\"article\" \/>\n<meta property=\"og:title\" content=\"Vitus Winkler und seine alpine Genusshandschrift\" \/>\n<meta property=\"og:description\" content=\"Im 4-Sterne-Superior Genie\u00dferhotel Sonnhof in St. Veit im Pongau f\u00fchrt Vitus Winkler gemeinsam mit seiner Frau Eva-Maria ein Boutiquehotel, das Fine Dining, Wirtshauskultur und alpinen Lebensstil verbindet. Sein Restaurant \u201eKr\u00e4uterreich by Vitus Winkler\u201c gilt seit Jahren als Fixstern der modernen Alpenk\u00fcche. Nun k\u00fcrte ihn Gault&amp;Millau zum \u201eKoch des Jahres 2026\u201c und hebt damit einen K\u00fcchenstil [&hellip;]\" \/>\n<meta property=\"og:url\" content=\"https:\/\/www.salzburgerland.com\/de\/magazin\/zu-besuch-bei-haubenkoch-vitus-winkler\/\" \/>\n<meta property=\"og:site_name\" content=\"SalzburgerLand Magazin\" \/>\n<meta property=\"article:publisher\" content=\"https:\/\/www.facebook.com\/salzburgerland\/\" \/>\n<meta property=\"article:published_time\" content=\"2025-11-13T13:00:00+00:00\" \/>\n<meta property=\"article:modified_time\" content=\"2025-11-17T10:32:52+00:00\" \/>\n<meta property=\"og:image\" content=\"https:\/\/www.salzburgerland.com\/de\/magazin\/wp-content\/uploads\/2020\/02\/Winkler_250515_2093-scaled-e1763040530860.jpg\" \/>\n\t<meta property=\"og:image:width\" content=\"2505\" \/>\n\t<meta property=\"og:image:height\" content=\"940\" \/>\n\t<meta property=\"og:image:type\" content=\"image\/jpeg\" \/>\n<meta name=\"author\" content=\"Martina Baumgartner\" \/>\n<meta name=\"twitter:card\" content=\"summary_large_image\" \/>\n<meta name=\"twitter:creator\" content=\"@Salzburgerland\" \/>\n<meta name=\"twitter:site\" content=\"@Salzburgerland\" \/>\n<meta name=\"twitter:label1\" content=\"Verfasst von\" \/>\n\t<meta name=\"twitter:data1\" content=\"Martina Baumgartner\" \/>\n\t<meta name=\"twitter:label2\" content=\"Gesch\u00e4tzte Lesezeit\" \/>\n\t<meta name=\"twitter:data2\" content=\"7\u00a0Minuten\" \/>\n<script type=\"application\/ld+json\" class=\"yoast-schema-graph\">{\"@context\":\"https:\\\/\\\/schema.org\",\"@graph\":[{\"@type\":\"Article\",\"@id\":\"https:\\\/\\\/www.salzburgerland.com\\\/de\\\/magazin\\\/zu-besuch-bei-haubenkoch-vitus-winkler\\\/#article\",\"isPartOf\":{\"@id\":\"https:\\\/\\\/www.salzburgerland.com\\\/de\\\/magazin\\\/zu-besuch-bei-haubenkoch-vitus-winkler\\\/\"},\"author\":{\"name\":\"Martina Baumgartner\",\"@id\":\"https:\\\/\\\/www.salzburgerland.com\\\/de\\\/magazin\\\/#\\\/schema\\\/person\\\/26faa186b30a5495209f4129e1cff1f6\"},\"headline\":\"Vitus Winkler und seine alpine Genusshandschrift\",\"datePublished\":\"2025-11-13T13:00:00+00:00\",\"dateModified\":\"2025-11-17T10:32:52+00:00\",\"mainEntityOfPage\":{\"@id\":\"https:\\\/\\\/www.salzburgerland.com\\\/de\\\/magazin\\\/zu-besuch-bei-haubenkoch-vitus-winkler\\\/\"},\"wordCount\":930,\"commentCount\":0,\"publisher\":{\"@id\":\"https:\\\/\\\/www.salzburgerland.com\\\/de\\\/magazin\\\/#organization\"},\"image\":{\"@id\":\"https:\\\/\\\/www.salzburgerland.com\\\/de\\\/magazin\\\/zu-besuch-bei-haubenkoch-vitus-winkler\\\/#primaryimage\"},\"thumbnailUrl\":\"https:\\\/\\\/www.salzburgerland.com\\\/de\\\/magazin\\\/wp-content\\\/uploads\\\/2020\\\/02\\\/Winkler_250515_2093-scaled-e1763040530860.jpg\",\"keywords\":[\"Kulinarik\"],\"articleSection\":[\"Essen &amp; Trinken\"],\"inLanguage\":\"de\",\"potentialAction\":[{\"@type\":\"CommentAction\",\"name\":\"Comment\",\"target\":[\"https:\\\/\\\/www.salzburgerland.com\\\/de\\\/magazin\\\/zu-besuch-bei-haubenkoch-vitus-winkler\\\/#respond\"]}]},{\"@type\":\"WebPage\",\"@id\":\"https:\\\/\\\/www.salzburgerland.com\\\/de\\\/magazin\\\/zu-besuch-bei-haubenkoch-vitus-winkler\\\/\",\"url\":\"https:\\\/\\\/www.salzburgerland.com\\\/de\\\/magazin\\\/zu-besuch-bei-haubenkoch-vitus-winkler\\\/\",\"name\":\"Vitus Winkler und seine alpine Genusshandschrift - SalzburgerLand Magazin\",\"isPartOf\":{\"@id\":\"https:\\\/\\\/www.salzburgerland.com\\\/de\\\/magazin\\\/#website\"},\"primaryImageOfPage\":{\"@id\":\"https:\\\/\\\/www.salzburgerland.com\\\/de\\\/magazin\\\/zu-besuch-bei-haubenkoch-vitus-winkler\\\/#primaryimage\"},\"image\":{\"@id\":\"https:\\\/\\\/www.salzburgerland.com\\\/de\\\/magazin\\\/zu-besuch-bei-haubenkoch-vitus-winkler\\\/#primaryimage\"},\"thumbnailUrl\":\"https:\\\/\\\/www.salzburgerland.com\\\/de\\\/magazin\\\/wp-content\\\/uploads\\\/2020\\\/02\\\/Winkler_250515_2093-scaled-e1763040530860.jpg\",\"datePublished\":\"2025-11-13T13:00:00+00:00\",\"dateModified\":\"2025-11-17T10:32:52+00:00\",\"breadcrumb\":{\"@id\":\"https:\\\/\\\/www.salzburgerland.com\\\/de\\\/magazin\\\/zu-besuch-bei-haubenkoch-vitus-winkler\\\/#breadcrumb\"},\"inLanguage\":\"de\",\"potentialAction\":[{\"@type\":\"ReadAction\",\"target\":[\"https:\\\/\\\/www.salzburgerland.com\\\/de\\\/magazin\\\/zu-besuch-bei-haubenkoch-vitus-winkler\\\/\"]}]},{\"@type\":\"ImageObject\",\"inLanguage\":\"de\",\"@id\":\"https:\\\/\\\/www.salzburgerland.com\\\/de\\\/magazin\\\/zu-besuch-bei-haubenkoch-vitus-winkler\\\/#primaryimage\",\"url\":\"https:\\\/\\\/www.salzburgerland.com\\\/de\\\/magazin\\\/wp-content\\\/uploads\\\/2020\\\/02\\\/Winkler_250515_2093-scaled-e1763040530860.jpg\",\"contentUrl\":\"https:\\\/\\\/www.salzburgerland.com\\\/de\\\/magazin\\\/wp-content\\\/uploads\\\/2020\\\/02\\\/Winkler_250515_2093-scaled-e1763040530860.jpg\",\"width\":2505,\"height\":940,\"caption\":\"\u00a9Patrick Kirchberger\"},{\"@type\":\"BreadcrumbList\",\"@id\":\"https:\\\/\\\/www.salzburgerland.com\\\/de\\\/magazin\\\/zu-besuch-bei-haubenkoch-vitus-winkler\\\/#breadcrumb\",\"itemListElement\":[{\"@type\":\"ListItem\",\"position\":1,\"name\":\"Startseite\",\"item\":\"https:\\\/\\\/www.salzburgerland.com\\\/de\\\/magazin\\\/\"},{\"@type\":\"ListItem\",\"position\":2,\"name\":\"Essen &amp; Trinken\",\"item\":\"https:\\\/\\\/www.salzburgerland.com\\\/de\\\/magazin\\\/thema\\\/essen-trinken\\\/\"},{\"@type\":\"ListItem\",\"position\":3,\"name\":\"Vitus Winkler und seine alpine Genusshandschrift\"}]},{\"@type\":\"WebSite\",\"@id\":\"https:\\\/\\\/www.salzburgerland.com\\\/de\\\/magazin\\\/#website\",\"url\":\"https:\\\/\\\/www.salzburgerland.com\\\/de\\\/magazin\\\/\",\"name\":\"SalzburgerLand Magazin\",\"description\":\"Geschichten und Interessantes aus dem SalzburgerLand\",\"publisher\":{\"@id\":\"https:\\\/\\\/www.salzburgerland.com\\\/de\\\/magazin\\\/#organization\"},\"potentialAction\":[{\"@type\":\"SearchAction\",\"target\":{\"@type\":\"EntryPoint\",\"urlTemplate\":\"https:\\\/\\\/www.salzburgerland.com\\\/de\\\/magazin\\\/?s={search_term_string}\"},\"query-input\":{\"@type\":\"PropertyValueSpecification\",\"valueRequired\":true,\"valueName\":\"search_term_string\"}}],\"inLanguage\":\"de\"},{\"@type\":\"Organization\",\"@id\":\"https:\\\/\\\/www.salzburgerland.com\\\/de\\\/magazin\\\/#organization\",\"name\":\"SalzburgerLand Tourismus\",\"url\":\"https:\\\/\\\/www.salzburgerland.com\\\/de\\\/magazin\\\/\",\"logo\":{\"@type\":\"ImageObject\",\"inLanguage\":\"de\",\"@id\":\"https:\\\/\\\/www.salzburgerland.com\\\/de\\\/magazin\\\/#\\\/schema\\\/logo\\\/image\\\/\",\"url\":\"https:\\\/\\\/www.salzburgerland.com\\\/de\\\/magazin\\\/wp-content\\\/uploads\\\/2019\\\/06\\\/salzburgerland-logo1.jpg\",\"contentUrl\":\"https:\\\/\\\/www.salzburgerland.com\\\/de\\\/magazin\\\/wp-content\\\/uploads\\\/2019\\\/06\\\/salzburgerland-logo1.jpg\",\"width\":2011,\"height\":866,\"caption\":\"SalzburgerLand Tourismus\"},\"image\":{\"@id\":\"https:\\\/\\\/www.salzburgerland.com\\\/de\\\/magazin\\\/#\\\/schema\\\/logo\\\/image\\\/\"},\"sameAs\":[\"https:\\\/\\\/www.facebook.com\\\/salzburgerland\\\/\",\"https:\\\/\\\/x.com\\\/Salzburgerland\",\"https:\\\/\\\/www.instagram.com\\\/salzburgerland\\\/\",\"https:\\\/\\\/at.linkedin.com\\\/company\\\/salzburgerland-tourismus-gmbh\",\"https:\\\/\\\/www.pinterest.at\\\/salzburgerland\\\/\",\"https:\\\/\\\/www.youtube.com\\\/user\\\/salzburgerland\",\"https:\\\/\\\/de.wikipedia.org\\\/wiki\\\/SalzburgerLand_Tourismus_GmbH\"]},{\"@type\":\"Person\",\"@id\":\"https:\\\/\\\/www.salzburgerland.com\\\/de\\\/magazin\\\/#\\\/schema\\\/person\\\/26faa186b30a5495209f4129e1cff1f6\",\"name\":\"Martina Baumgartner\",\"url\":\"https:\\\/\\\/www.salzburgerland.com\\\/de\\\/magazin\\\/author\\\/mbaumgartner\\\/\"}]}<\/script>\n<!-- \/ Yoast SEO Premium plugin. -->","yoast_head_json":{"title":"Vitus Winkler und seine alpine Genusshandschrift - SalzburgerLand Magazin","description":"Im 4-Sterne-Superior Genie\u00dferhotel Sonnhof in St. Veit im Pongau f\u00fchrt Vitus Winkler gemeinsam mit seiner Frau Eva-Maria ein Boutiquehotel, das Fine Dining, Wirtshauskultur und alpinen Lebensstil verbindet. Sein Restaurant \u201eKr\u00e4uterreich by Vitus Winkler\u201c gilt seit Jahren als Fixstern der modernen Alpenk\u00fcche. Nun k\u00fcrte ihn Gault&amp;Millau zum \u201eKoch des Jahres 2026\u201c und hebt damit einen K\u00fcchenstil [&hellip;]","robots":{"index":"index","follow":"follow","max-snippet":"max-snippet:-1","max-image-preview":"max-image-preview:large","max-video-preview":"max-video-preview:-1"},"canonical":"https:\/\/www.salzburgerland.com\/de\/magazin\/zu-besuch-bei-haubenkoch-vitus-winkler\/","og_locale":"de_DE","og_type":"article","og_title":"Vitus Winkler und seine alpine Genusshandschrift","og_description":"Im 4-Sterne-Superior Genie\u00dferhotel Sonnhof in St. Veit im Pongau f\u00fchrt Vitus Winkler gemeinsam mit seiner Frau Eva-Maria ein Boutiquehotel, das Fine Dining, Wirtshauskultur und alpinen Lebensstil verbindet. Sein Restaurant \u201eKr\u00e4uterreich by Vitus Winkler\u201c gilt seit Jahren als Fixstern der modernen Alpenk\u00fcche. Nun k\u00fcrte ihn Gault&amp;Millau zum \u201eKoch des Jahres 2026\u201c und hebt damit einen K\u00fcchenstil [&hellip;]","og_url":"https:\/\/www.salzburgerland.com\/de\/magazin\/zu-besuch-bei-haubenkoch-vitus-winkler\/","og_site_name":"SalzburgerLand Magazin","article_publisher":"https:\/\/www.facebook.com\/salzburgerland\/","article_published_time":"2025-11-13T13:00:00+00:00","article_modified_time":"2025-11-17T10:32:52+00:00","og_image":[{"width":2505,"height":940,"url":"https:\/\/www.salzburgerland.com\/de\/magazin\/wp-content\/uploads\/2020\/02\/Winkler_250515_2093-scaled-e1763040530860.jpg","type":"image\/jpeg"}],"author":"Martina Baumgartner","twitter_card":"summary_large_image","twitter_creator":"@Salzburgerland","twitter_site":"@Salzburgerland","twitter_misc":{"Verfasst von":"Martina Baumgartner","Gesch\u00e4tzte Lesezeit":"7\u00a0Minuten"},"schema":{"@context":"https:\/\/schema.org","@graph":[{"@type":"Article","@id":"https:\/\/www.salzburgerland.com\/de\/magazin\/zu-besuch-bei-haubenkoch-vitus-winkler\/#article","isPartOf":{"@id":"https:\/\/www.salzburgerland.com\/de\/magazin\/zu-besuch-bei-haubenkoch-vitus-winkler\/"},"author":{"name":"Martina Baumgartner","@id":"https:\/\/www.salzburgerland.com\/de\/magazin\/#\/schema\/person\/26faa186b30a5495209f4129e1cff1f6"},"headline":"Vitus Winkler und seine alpine Genusshandschrift","datePublished":"2025-11-13T13:00:00+00:00","dateModified":"2025-11-17T10:32:52+00:00","mainEntityOfPage":{"@id":"https:\/\/www.salzburgerland.com\/de\/magazin\/zu-besuch-bei-haubenkoch-vitus-winkler\/"},"wordCount":930,"commentCount":0,"publisher":{"@id":"https:\/\/www.salzburgerland.com\/de\/magazin\/#organization"},"image":{"@id":"https:\/\/www.salzburgerland.com\/de\/magazin\/zu-besuch-bei-haubenkoch-vitus-winkler\/#primaryimage"},"thumbnailUrl":"https:\/\/www.salzburgerland.com\/de\/magazin\/wp-content\/uploads\/2020\/02\/Winkler_250515_2093-scaled-e1763040530860.jpg","keywords":["Kulinarik"],"articleSection":["Essen &amp; Trinken"],"inLanguage":"de","potentialAction":[{"@type":"CommentAction","name":"Comment","target":["https:\/\/www.salzburgerland.com\/de\/magazin\/zu-besuch-bei-haubenkoch-vitus-winkler\/#respond"]}]},{"@type":"WebPage","@id":"https:\/\/www.salzburgerland.com\/de\/magazin\/zu-besuch-bei-haubenkoch-vitus-winkler\/","url":"https:\/\/www.salzburgerland.com\/de\/magazin\/zu-besuch-bei-haubenkoch-vitus-winkler\/","name":"Vitus Winkler und seine alpine Genusshandschrift - SalzburgerLand Magazin","isPartOf":{"@id":"https:\/\/www.salzburgerland.com\/de\/magazin\/#website"},"primaryImageOfPage":{"@id":"https:\/\/www.salzburgerland.com\/de\/magazin\/zu-besuch-bei-haubenkoch-vitus-winkler\/#primaryimage"},"image":{"@id":"https:\/\/www.salzburgerland.com\/de\/magazin\/zu-besuch-bei-haubenkoch-vitus-winkler\/#primaryimage"},"thumbnailUrl":"https:\/\/www.salzburgerland.com\/de\/magazin\/wp-content\/uploads\/2020\/02\/Winkler_250515_2093-scaled-e1763040530860.jpg","datePublished":"2025-11-13T13:00:00+00:00","dateModified":"2025-11-17T10:32:52+00:00","breadcrumb":{"@id":"https:\/\/www.salzburgerland.com\/de\/magazin\/zu-besuch-bei-haubenkoch-vitus-winkler\/#breadcrumb"},"inLanguage":"de","potentialAction":[{"@type":"ReadAction","target":["https:\/\/www.salzburgerland.com\/de\/magazin\/zu-besuch-bei-haubenkoch-vitus-winkler\/"]}]},{"@type":"ImageObject","inLanguage":"de","@id":"https:\/\/www.salzburgerland.com\/de\/magazin\/zu-besuch-bei-haubenkoch-vitus-winkler\/#primaryimage","url":"https:\/\/www.salzburgerland.com\/de\/magazin\/wp-content\/uploads\/2020\/02\/Winkler_250515_2093-scaled-e1763040530860.jpg","contentUrl":"https:\/\/www.salzburgerland.com\/de\/magazin\/wp-content\/uploads\/2020\/02\/Winkler_250515_2093-scaled-e1763040530860.jpg","width":2505,"height":940,"caption":"\u00a9Patrick Kirchberger"},{"@type":"BreadcrumbList","@id":"https:\/\/www.salzburgerland.com\/de\/magazin\/zu-besuch-bei-haubenkoch-vitus-winkler\/#breadcrumb","itemListElement":[{"@type":"ListItem","position":1,"name":"Startseite","item":"https:\/\/www.salzburgerland.com\/de\/magazin\/"},{"@type":"ListItem","position":2,"name":"Essen &amp; Trinken","item":"https:\/\/www.salzburgerland.com\/de\/magazin\/thema\/essen-trinken\/"},{"@type":"ListItem","position":3,"name":"Vitus Winkler und seine alpine Genusshandschrift"}]},{"@type":"WebSite","@id":"https:\/\/www.salzburgerland.com\/de\/magazin\/#website","url":"https:\/\/www.salzburgerland.com\/de\/magazin\/","name":"SalzburgerLand Magazin","description":"Geschichten und Interessantes aus dem SalzburgerLand","publisher":{"@id":"https:\/\/www.salzburgerland.com\/de\/magazin\/#organization"},"potentialAction":[{"@type":"SearchAction","target":{"@type":"EntryPoint","urlTemplate":"https:\/\/www.salzburgerland.com\/de\/magazin\/?s={search_term_string}"},"query-input":{"@type":"PropertyValueSpecification","valueRequired":true,"valueName":"search_term_string"}}],"inLanguage":"de"},{"@type":"Organization","@id":"https:\/\/www.salzburgerland.com\/de\/magazin\/#organization","name":"SalzburgerLand Tourismus","url":"https:\/\/www.salzburgerland.com\/de\/magazin\/","logo":{"@type":"ImageObject","inLanguage":"de","@id":"https:\/\/www.salzburgerland.com\/de\/magazin\/#\/schema\/logo\/image\/","url":"https:\/\/www.salzburgerland.com\/de\/magazin\/wp-content\/uploads\/2019\/06\/salzburgerland-logo1.jpg","contentUrl":"https:\/\/www.salzburgerland.com\/de\/magazin\/wp-content\/uploads\/2019\/06\/salzburgerland-logo1.jpg","width":2011,"height":866,"caption":"SalzburgerLand Tourismus"},"image":{"@id":"https:\/\/www.salzburgerland.com\/de\/magazin\/#\/schema\/logo\/image\/"},"sameAs":["https:\/\/www.facebook.com\/salzburgerland\/","https:\/\/x.com\/Salzburgerland","https:\/\/www.instagram.com\/salzburgerland\/","https:\/\/at.linkedin.com\/company\/salzburgerland-tourismus-gmbh","https:\/\/www.pinterest.at\/salzburgerland\/","https:\/\/www.youtube.com\/user\/salzburgerland","https:\/\/de.wikipedia.org\/wiki\/SalzburgerLand_Tourismus_GmbH"]},{"@type":"Person","@id":"https:\/\/www.salzburgerland.com\/de\/magazin\/#\/schema\/person\/26faa186b30a5495209f4129e1cff1f6","name":"Martina Baumgartner","url":"https:\/\/www.salzburgerland.com\/de\/magazin\/author\/mbaumgartner\/"}]}},"_wl_alt_label":[],"wl:entity_url":"http:\/\/open.salzburgerland.com\/magazin\/post\/zu_besuch_bei_haubenkoch_vitus_winkler","_links":{"self":[{"href":"https:\/\/www.salzburgerland.com\/de\/magazin\/wp-json\/wp\/v2\/posts\/101076","targetHints":{"allow":["GET"]}}],"collection":[{"href":"https:\/\/www.salzburgerland.com\/de\/magazin\/wp-json\/wp\/v2\/posts"}],"about":[{"href":"https:\/\/www.salzburgerland.com\/de\/magazin\/wp-json\/wp\/v2\/types\/post"}],"author":[{"embeddable":true,"href":"https:\/\/www.salzburgerland.com\/de\/magazin\/wp-json\/wp\/v2\/users\/586"}],"replies":[{"embeddable":true,"href":"https:\/\/www.salzburgerland.com\/de\/magazin\/wp-json\/wp\/v2\/comments?post=101076"}],"version-history":[{"count":13,"href":"https:\/\/www.salzburgerland.com\/de\/magazin\/wp-json\/wp\/v2\/posts\/101076\/revisions"}],"predecessor-version":[{"id":185319,"href":"https:\/\/www.salzburgerland.com\/de\/magazin\/wp-json\/wp\/v2\/posts\/101076\/revisions\/185319"}],"wp:featuredmedia":[{"embeddable":true,"href":"https:\/\/www.salzburgerland.com\/de\/magazin\/wp-json\/wp\/v2\/media\/185190"}],"wp:attachment":[{"href":"https:\/\/www.salzburgerland.com\/de\/magazin\/wp-json\/wp\/v2\/media?parent=101076"}],"wp:term":[{"taxonomy":"category","embeddable":true,"href":"https:\/\/www.salzburgerland.com\/de\/magazin\/wp-json\/wp\/v2\/categories?post=101076"},{"taxonomy":"post_tag","embeddable":true,"href":"https:\/\/www.salzburgerland.com\/de\/magazin\/wp-json\/wp\/v2\/tags?post=101076"},{"taxonomy":"wl_entity_type","embeddable":true,"href":"https:\/\/www.salzburgerland.com\/de\/magazin\/wp-json\/wp\/v2\/wl_entity_type?post=101076"},{"taxonomy":"monatsauswahl","embeddable":true,"href":"https:\/\/www.salzburgerland.com\/de\/magazin\/wp-json\/wp\/v2\/monatsauswahl?post=101076"}],"curies":[{"name":"wp","href":"https:\/\/api.w.org\/{rel}","templated":true}]}}