{"id":100983,"date":"2015-08-31T08:00:29","date_gmt":"2015-08-31T06:00:29","guid":{"rendered":"http:\/\/magazin.salzburgerland.com\/?p=100983"},"modified":"2015-08-28T11:16:52","modified_gmt":"2015-08-28T09:16:52","slug":"the-trapp-family-a-life-of-music","status":"publish","type":"post","link":"https:\/\/www.salzburgerland.com\/de\/magazin\/the-trapp-family-a-life-of-music\/","title":{"rendered":"The Trapp Family &#8211; A Life of Music"},"content":{"rendered":"<div class=\"section\">\n<div class=\"layoutArea\">\n<div class=\"column\">\n<p><strong><em>Zum 50. Jubil\u00e4um der weltweit erfolgreichsten Musicalverfilmung \u201eThe Sound of Music\u201c (1965), wagten sich im Sommer 2015 deutschsprachige Produzenten an eine \u201ekitschfreie\u201c Variante der Familiensaga mit internationalen Stars heran: \u201eThe Trapp Family &#8211; A Life of Music\u201c erz\u00e4hlt die Geschichte des Salzburger Familienchors aus Sicht der \u00e4ltesten Tochter Agathe<\/em><\/strong><\/p>\n<p>\u201eAction\u201c, ruft Regisseur Ben Verbong. Seine Filmcrew dreht gerade eine Schl\u00fcsselszene an der Friedhofspforte der Kirche M\u00fclln in der Stadt Salzburg: Das frisch verm\u00e4hlte Ehepaar Maria und Georg von Trapp, gespielt von Yvonne Catterfeld und Matthew Macfadyen, verl\u00e4sst in einem Wagen den Schauplatz. Zur\u00fcck bleiben die bl\u00fctenwerfenden Trapp-Kinder und eine nachdenkliche Tochter Agathe (Eliza Hope Bennett), die nach dem Tod ihrer Mutter eben ihren hei\u00dfgeliebten Vater an eine Unbekannte verloren hat. Auch der Vater ist schicksalsgeplagt \u2013 der k.k. Korvettenkapit\u00e4n verlor zuerst seinen Job, dann seine Frau an Scharlach und sp\u00e4ter sein gesamtes Verm\u00f6gen. Am Ende verabschiedete sich auch noch \u2013 durch den \u201eAnschluss\u201c \u2013 seine Heimat \u00d6sterreich.<\/p>\n<\/div>\n<\/div>\n<div class=\"layoutArea\">\n<div class=\"column\"><figure id=\"attachment_100988\" aria-describedby=\"caption-attachment-100988\" style=\"width: 650px\" class=\"wp-caption aligncenter\"><a href=\"https:\/\/www.salzburgerland.com\/de\/magazin\/wp-content\/uploads\/2015\/08\/c-villa-trap-_-Villa-Winter1.jpg\"><img loading=\"lazy\" decoding=\"async\" class=\"wp-image-100988 size-singlePost\" src=\"https:\/\/www.salzburgerland.com\/de\/magazin\/wp-content\/uploads\/2015\/08\/c-villa-trap-_-Villa-Winter1-650x435.jpg\" alt=\"\u00a9 villa trap _ Villa Winter\" width=\"650\" height=\"435\" \/><\/a><figcaption id=\"caption-attachment-100988\" class=\"wp-caption-text\">\u00a9 Villa Trapp<\/figcaption><\/figure><\/p>\n<p><strong>\u201eHollywood erschafft Fiktion,\u00a0aber keine Realit\u00e4t\u201c<\/strong><br \/> Wie sich diese Patchwork-Gro\u00dffamilie im Salzburg der drei\u00dfiger Jahre bis nach Amerika durchschl\u00e4gt, erz\u00e4hlt der neuen Streifen \u201eThe Trapp Family &#8211; A Life of Music\u201c. Ein halbes Jahrhundert galt es als Tabu, den Welterfolg \u201eThe Sound of Music\u201c, 1965 mit f\u00fcnf Oscars vergoldet, herauszufordern. Die Amerikaner hielten die Rechte des Stoffes fest unter Verschluss. \u201eWir m\u00f6chten die wahre Geschichte hinter der Legende erz\u00e4hlen\u201c, meint Regisseur Verbong. Vor allem ist der neue Film kein Musical. Die Neuverfilmung basiert auf der Autobiografie \u201eErinnerungen vor und nach Sound of Music\u201c von Agathe von Trapp, der 2010 verstorbenen \u00e4ltesten Trapp-Tochter. Anleihen nimmt der neue Trapp-Film allenfalls beim Titel des Welterfolgs. Mit Agathes Buch ergibt sich nun die Gelegenheit, einige idealisierte Darstellungen der Familienstory zurechtzur\u00fccken.<\/p>\n<div class=\"column\">\n<p><strong>Die ganze Wahrheit&#8230;<br \/><\/strong>\u201eWir sa\u00dfen da und heulten\u201c, erz\u00e4hlte eine Trapp-Tochter \u00fcber den Moment, als die Familie im Kino sah, was Hollywood aus ihrer Story gemacht hatte. Die Verkl\u00e4rung begann aber bereits viel fr\u00fcher \u2013 als Maria Augusta von Trapps Buch \u201eVom Kloster zum Welterfolg\u201c erschien. Die strenggl\u00e4ubige Baronin hatte die Familie darin zum Ideal sch\u00f6ngef\u00e4rbt. Kein Wort davon, dass die Risse und Spannungen in der Gro\u00dffamilie auf den jahrelangen Konzertreisen immer gr\u00f6\u00dfer wurden. \u201eIm Gegensatz zu \u201eThe Sound of Music\u201c, der Baron Trapp als Tyrann darstellte, sei die Idee f\u00fcr den neuen Trapp-Film bei den Angeh\u00f6rigen auf Begeisterung gesto\u00dfen\u201c, so der aus St. Gilgen stammende Produzent Rikolt von Gagern.<\/p>\n<p><strong>Starbesetzung f\u00fcr neuen Kinofilm<br \/><\/strong>Das Drehbuch verfassten der Hollywood-Autor Tim Sullivan, bekannt f\u00fcr \u201eBriefe an Julia\u201c, und Christoph Silber (\u201eDas Wunder von K\u00e4rnten\u201c). Den politischen Hintergrund verlegen die Autoren auf den Chauffeur der Familie, einen illegalen Nazi \u2013 gespielt von \u201eJederman\u201c-Darsteller Cornelius Obonya \u2013 und den linksgerichteten Studenten und Jugendfreunden Agathes. \u201eAgathe k\u00e4mpft um die Mutter, den Vater und mit dem Erwachsenwerden\u201c, sagt Eliza Bennett \u00fcber ihre Rolle. \u201eAuf die Trapps hat in Amerika\u00a0niemand gewartet\u201c, erz\u00e4hlt Verbong. \u201eIch lasse Agathe jenes Lied am Sterbebett der Mutter singen, mit dem der Familie sp\u00e4ter der Durchbruch in Amerika gelingt, mit dem sie ihren Agenten \u00fcberzeugen\u201c: Schubert statt Rodgers &amp; Hammerstein.<\/p>\n<div class=\"column\">\n<p>Ganz ohne \u201epoetic license\u201c scheint man dennoch nicht auszukommen. So ist f\u00fcr die Figur des Priesters Franz Wasner, der bei der musikalischen Entwicklung des Clans eine gro\u00dfe Rolle gespielt hatte, neuerlich kein Platz. Gagern dazu: \u201eWasner kam auch in unseren Gespr\u00e4chen mit Agathe und in ihrem Buch kaum vor\u201c. Dessen Rolle als musikalischer Entdecker \u00fcbernimmt Sopranistin Anette Dasch als Lotte Lehmann. <br \/>Gedreht wurde vor allem in der Stadt Salzburg \u2013 im Mirabellgarten, am Residenzplatz und in der M\u00fcllner Kirche. \u201eMutter Maria\u201c Yvonne Catterfeld: \u201eIn Deutschland kennen viele die Trappfamilie nicht mehr\u201c. Die Stadt Salzburg begr\u00fc\u00dft jedes Jahr 300.000 \u201eThe Sound of Music\u201c-Fans. Gut m\u00f6glich, dass die Trapps bald auch die n\u00e4chste Fangeneration in den deutschsprachigen L\u00e4ndern auf Trab bringen k\u00f6nnen.<\/p>\n<figure id=\"attachment_100989\" aria-describedby=\"caption-attachment-100989\" style=\"width: 650px\" class=\"wp-caption aligncenter\"><a href=\"https:\/\/www.salzburgerland.com\/de\/magazin\/wp-content\/uploads\/2015\/08\/cchristian_strasser_IMG_48342.jpg\"><img loading=\"lazy\" decoding=\"async\" class=\"wp-image-100989 size-singlePost\" src=\"https:\/\/www.salzburgerland.com\/de\/magazin\/wp-content\/uploads\/2015\/08\/cchristian_strasser_IMG_48342-650x435.jpg\" alt=\"\u00a9christian_strasser_IMG_4834\" width=\"650\" height=\"435\" \/><\/a><figcaption id=\"caption-attachment-100989\" class=\"wp-caption-text\">Jedermann-Darsteller Cornelius Obonya chauffiert das junge Brautpaar von Trapp (Y. Catterfield und Matthew Macfadyen)<\/figcaption><\/figure>\n<p><em>Der Salzburger Christian Strasser erforscht als Film- und Buchautor (\u201eLocation Salzburg\u201c) die Film-Vergangenheit Salzburgs und von \u201eThe Sound of Music\u201c.<\/em><\/p>\n<div class=\"column\">\n<p><strong>Veranstaltungen und Tipps zum 50-Jahr-Jubil\u00e4um:<\/strong><\/p>\n<ul>\n<li>\n<p>\u203a \u00a0\u201eThe Trapp Family \u2013 A Life of Music\u201c<br \/>(D\/\u00d6, 2015). Kinostart weltweit:\u00a0November 2015<\/p>\n<\/li>\n<li>\n<p>\u203a \u00a0Die Villa Trapp, einst das Wohnhaus\u00a0der Familie Trapp, feiert 150-j\u00e4hriges Bestehen und kann besichtigt werden. <a href=\"http:\/\/www.villa-trapp.cc\" target=\"_blank\">www.villa-trapp.cc<\/a><\/p>\n<\/li>\n<li>\n<p>\u203a T\u00e4gliche \u201eSound of Music\u201c-Touren (panoramatours.com), \u201eSound of Music\u201c-Dinnershow, Musical im Salzburger Landestheater und im Salzburger Marionettentheater, Packages im Schlosshotel Leopoldskron. <a href=\"http:\/\/www.salzburg.info\" target=\"_blank\">www.salzburg.info<\/a><\/p>\n<\/li>\n<\/ul>\n<\/div>\n<\/div>\n<\/div>\n<\/div>\n<\/div>\n<\/div>\n","protected":false},"excerpt":{"rendered":"<p>Zum 50. Jubil\u00e4um der weltweit erfolgreichsten Musicalverfilmung \u201eThe Sound of Music\u201c (1965), wagten sich im Sommer 2015 deutschsprachige Produzenten an eine \u201ekitschfreie\u201c Variante der Familiensaga mit internationalen Stars heran: \u201eThe Trapp Family &#8211; A Life of Music\u201c erz\u00e4hlt die Geschichte des Salzburger Familienchors aus Sicht der \u00e4ltesten Tochter Agathe \u201eAction\u201c, ruft Regisseur Ben Verbong. Seine [&hellip;]<\/p>\n","protected":false},"author":519,"featured_media":100986,"comment_status":"open","ping_status":"open","sticky":false,"template":"","format":"standard","meta":{"_acf_changed":false,"wl_entities_gutenberg":"","_wl_entity_redirect_enabled":"","footnotes":""},"categories":[6],"tags":[],"wl_entity_type":[306],"monatsauswahl":[82,83,84,85,86,87,88,89,90,91,92,93],"class_list":["post-100983","post","type-post","status-publish","format-standard","has-post-thumbnail","hentry","category-kunst-kultur","wl_entity_type-article","monatsauswahl-monat_1","monatsauswahl-monat_2","monatsauswahl-monat_3","monatsauswahl-monat_4","monatsauswahl-monat_5","monatsauswahl-monat_6","monatsauswahl-monat_7","monatsauswahl-monat_8","monatsauswahl-monat_9","monatsauswahl-monat_10","monatsauswahl-monat_11","monatsauswahl-monat_12"],"acf":[],"yoast_head":"<!-- This site is optimized with the Yoast SEO Premium plugin v27.4 (Yoast SEO v27.4) - https:\/\/yoast.com\/product\/yoast-seo-premium-wordpress\/ -->\n<title>The Trapp Family - A Life of Music - SalzburgerLand Magazin<\/title>\n<meta name=\"description\" content=\"Zum 50. Jubil\u00e4um der weltweit erfolgreichsten Musicalverfilmung \u201eThe Sound of Music\u201c (1965), wagten sich im Sommer 2015 deutschsprachige Produzenten an eine \u201ekitschfreie\u201c Variante der Familiensaga mit internationalen Stars heran: \u201eThe Trapp Family &#8211; A Life of Music\u201c erz\u00e4hlt die Geschichte des Salzburger Familienchors aus Sicht der \u00e4ltesten Tochter Agathe \u201eAction\u201c, ruft Regisseur Ben Verbong. Seine [&hellip;]\" \/>\n<meta name=\"robots\" content=\"index, follow, max-snippet:-1, max-image-preview:large, max-video-preview:-1\" \/>\n<link rel=\"canonical\" href=\"https:\/\/www.salzburgerland.com\/de\/magazin\/the-trapp-family-a-life-of-music\/\" \/>\n<meta property=\"og:locale\" content=\"de_DE\" \/>\n<meta property=\"og:type\" content=\"article\" \/>\n<meta property=\"og:title\" content=\"The Trapp Family - A Life of Music\" \/>\n<meta property=\"og:description\" content=\"Zum 50. Jubil\u00e4um der weltweit erfolgreichsten Musicalverfilmung \u201eThe Sound of Music\u201c (1965), wagten sich im Sommer 2015 deutschsprachige Produzenten an eine \u201ekitschfreie\u201c Variante der Familiensaga mit internationalen Stars heran: \u201eThe Trapp Family &#8211; A Life of Music\u201c erz\u00e4hlt die Geschichte des Salzburger Familienchors aus Sicht der \u00e4ltesten Tochter Agathe \u201eAction\u201c, ruft Regisseur Ben Verbong. Seine [&hellip;]\" \/>\n<meta property=\"og:url\" content=\"https:\/\/www.salzburgerland.com\/de\/magazin\/the-trapp-family-a-life-of-music\/\" \/>\n<meta property=\"og:site_name\" content=\"SalzburgerLand Magazin\" \/>\n<meta property=\"article:publisher\" content=\"https:\/\/www.facebook.com\/salzburgerland\/\" \/>\n<meta property=\"article:published_time\" content=\"2015-08-31T06:00:29+00:00\" \/>\n<meta property=\"og:image\" content=\"https:\/\/www.salzburgerland.com\/de\/magazin\/wp-content\/uploads\/2015\/08\/csalzburg-tourismus_1212_Mirabellgarten_005.jpg\" \/>\n\t<meta property=\"og:image:width\" content=\"1600\" \/>\n\t<meta property=\"og:image:height\" content=\"1065\" \/>\n\t<meta property=\"og:image:type\" content=\"image\/jpeg\" \/>\n<meta name=\"author\" content=\"SalzburgerLand Redaktion\" \/>\n<meta name=\"twitter:card\" content=\"summary_large_image\" \/>\n<meta name=\"twitter:creator\" content=\"@Salzburgerland\" \/>\n<meta name=\"twitter:site\" content=\"@Salzburgerland\" \/>\n<meta name=\"twitter:label1\" content=\"Verfasst von\" \/>\n\t<meta name=\"twitter:data1\" content=\"SalzburgerLand Redaktion\" \/>\n\t<meta name=\"twitter:label2\" content=\"Gesch\u00e4tzte Lesezeit\" \/>\n\t<meta name=\"twitter:data2\" content=\"4\u00a0Minuten\" \/>\n<script type=\"application\/ld+json\" class=\"yoast-schema-graph\">{\"@context\":\"https:\\\/\\\/schema.org\",\"@graph\":[{\"@type\":\"Article\",\"@id\":\"https:\\\/\\\/www.salzburgerland.com\\\/de\\\/magazin\\\/the-trapp-family-a-life-of-music\\\/#article\",\"isPartOf\":{\"@id\":\"https:\\\/\\\/www.salzburgerland.com\\\/de\\\/magazin\\\/the-trapp-family-a-life-of-music\\\/\"},\"author\":{\"name\":\"SalzburgerLand Redaktion\",\"@id\":\"https:\\\/\\\/www.salzburgerland.com\\\/de\\\/magazin\\\/#\\\/schema\\\/person\\\/349c9c85bed4ea156e4b5f3fc5777e1a\"},\"headline\":\"The Trapp Family &#8211; A Life of Music\",\"datePublished\":\"2015-08-31T06:00:29+00:00\",\"mainEntityOfPage\":{\"@id\":\"https:\\\/\\\/www.salzburgerland.com\\\/de\\\/magazin\\\/the-trapp-family-a-life-of-music\\\/\"},\"wordCount\":782,\"commentCount\":0,\"publisher\":{\"@id\":\"https:\\\/\\\/www.salzburgerland.com\\\/de\\\/magazin\\\/#organization\"},\"image\":{\"@id\":\"https:\\\/\\\/www.salzburgerland.com\\\/de\\\/magazin\\\/the-trapp-family-a-life-of-music\\\/#primaryimage\"},\"thumbnailUrl\":\"https:\\\/\\\/www.salzburgerland.com\\\/de\\\/magazin\\\/wp-content\\\/uploads\\\/2015\\\/08\\\/csalzburg-tourismus_1212_Mirabellgarten_005.jpg\",\"articleSection\":[\"Kunst &amp; Kultur\"],\"inLanguage\":\"de\",\"potentialAction\":[{\"@type\":\"CommentAction\",\"name\":\"Comment\",\"target\":[\"https:\\\/\\\/www.salzburgerland.com\\\/de\\\/magazin\\\/the-trapp-family-a-life-of-music\\\/#respond\"]}]},{\"@type\":\"WebPage\",\"@id\":\"https:\\\/\\\/www.salzburgerland.com\\\/de\\\/magazin\\\/the-trapp-family-a-life-of-music\\\/\",\"url\":\"https:\\\/\\\/www.salzburgerland.com\\\/de\\\/magazin\\\/the-trapp-family-a-life-of-music\\\/\",\"name\":\"The Trapp Family - A Life of Music - SalzburgerLand Magazin\",\"isPartOf\":{\"@id\":\"https:\\\/\\\/www.salzburgerland.com\\\/de\\\/magazin\\\/#website\"},\"primaryImageOfPage\":{\"@id\":\"https:\\\/\\\/www.salzburgerland.com\\\/de\\\/magazin\\\/the-trapp-family-a-life-of-music\\\/#primaryimage\"},\"image\":{\"@id\":\"https:\\\/\\\/www.salzburgerland.com\\\/de\\\/magazin\\\/the-trapp-family-a-life-of-music\\\/#primaryimage\"},\"thumbnailUrl\":\"https:\\\/\\\/www.salzburgerland.com\\\/de\\\/magazin\\\/wp-content\\\/uploads\\\/2015\\\/08\\\/csalzburg-tourismus_1212_Mirabellgarten_005.jpg\",\"datePublished\":\"2015-08-31T06:00:29+00:00\",\"breadcrumb\":{\"@id\":\"https:\\\/\\\/www.salzburgerland.com\\\/de\\\/magazin\\\/the-trapp-family-a-life-of-music\\\/#breadcrumb\"},\"inLanguage\":\"de\",\"potentialAction\":[{\"@type\":\"ReadAction\",\"target\":[\"https:\\\/\\\/www.salzburgerland.com\\\/de\\\/magazin\\\/the-trapp-family-a-life-of-music\\\/\"]}]},{\"@type\":\"ImageObject\",\"inLanguage\":\"de\",\"@id\":\"https:\\\/\\\/www.salzburgerland.com\\\/de\\\/magazin\\\/the-trapp-family-a-life-of-music\\\/#primaryimage\",\"url\":\"https:\\\/\\\/www.salzburgerland.com\\\/de\\\/magazin\\\/wp-content\\\/uploads\\\/2015\\\/08\\\/csalzburg-tourismus_1212_Mirabellgarten_005.jpg\",\"contentUrl\":\"https:\\\/\\\/www.salzburgerland.com\\\/de\\\/magazin\\\/wp-content\\\/uploads\\\/2015\\\/08\\\/csalzburg-tourismus_1212_Mirabellgarten_005.jpg\",\"width\":1600,\"height\":1065,\"caption\":\"Eine schneebedeckte Pegasus-Statue steht in einem verschneiten Park mit Sonnenschein und B\u00e4umen im Hintergrund.\"},{\"@type\":\"BreadcrumbList\",\"@id\":\"https:\\\/\\\/www.salzburgerland.com\\\/de\\\/magazin\\\/the-trapp-family-a-life-of-music\\\/#breadcrumb\",\"itemListElement\":[{\"@type\":\"ListItem\",\"position\":1,\"name\":\"Startseite\",\"item\":\"https:\\\/\\\/www.salzburgerland.com\\\/de\\\/magazin\\\/\"},{\"@type\":\"ListItem\",\"position\":2,\"name\":\"Kunst &amp; Kultur\",\"item\":\"https:\\\/\\\/www.salzburgerland.com\\\/de\\\/magazin\\\/thema\\\/kunst-kultur\\\/\"},{\"@type\":\"ListItem\",\"position\":3,\"name\":\"The Trapp Family &#8211; A Life of Music\"}]},{\"@type\":\"WebSite\",\"@id\":\"https:\\\/\\\/www.salzburgerland.com\\\/de\\\/magazin\\\/#website\",\"url\":\"https:\\\/\\\/www.salzburgerland.com\\\/de\\\/magazin\\\/\",\"name\":\"SalzburgerLand Magazin\",\"description\":\"Geschichten und Interessantes aus dem SalzburgerLand\",\"publisher\":{\"@id\":\"https:\\\/\\\/www.salzburgerland.com\\\/de\\\/magazin\\\/#organization\"},\"potentialAction\":[{\"@type\":\"SearchAction\",\"target\":{\"@type\":\"EntryPoint\",\"urlTemplate\":\"https:\\\/\\\/www.salzburgerland.com\\\/de\\\/magazin\\\/?s={search_term_string}\"},\"query-input\":{\"@type\":\"PropertyValueSpecification\",\"valueRequired\":true,\"valueName\":\"search_term_string\"}}],\"inLanguage\":\"de\"},{\"@type\":\"Organization\",\"@id\":\"https:\\\/\\\/www.salzburgerland.com\\\/de\\\/magazin\\\/#organization\",\"name\":\"SalzburgerLand Tourismus\",\"url\":\"https:\\\/\\\/www.salzburgerland.com\\\/de\\\/magazin\\\/\",\"logo\":{\"@type\":\"ImageObject\",\"inLanguage\":\"de\",\"@id\":\"https:\\\/\\\/www.salzburgerland.com\\\/de\\\/magazin\\\/#\\\/schema\\\/logo\\\/image\\\/\",\"url\":\"https:\\\/\\\/www.salzburgerland.com\\\/de\\\/magazin\\\/wp-content\\\/uploads\\\/2019\\\/06\\\/salzburgerland-logo1.jpg\",\"contentUrl\":\"https:\\\/\\\/www.salzburgerland.com\\\/de\\\/magazin\\\/wp-content\\\/uploads\\\/2019\\\/06\\\/salzburgerland-logo1.jpg\",\"width\":2011,\"height\":866,\"caption\":\"SalzburgerLand Tourismus\"},\"image\":{\"@id\":\"https:\\\/\\\/www.salzburgerland.com\\\/de\\\/magazin\\\/#\\\/schema\\\/logo\\\/image\\\/\"},\"sameAs\":[\"https:\\\/\\\/www.facebook.com\\\/salzburgerland\\\/\",\"https:\\\/\\\/x.com\\\/Salzburgerland\",\"https:\\\/\\\/www.instagram.com\\\/salzburgerland\\\/\",\"https:\\\/\\\/at.linkedin.com\\\/company\\\/salzburgerland-tourismus-gmbh\",\"https:\\\/\\\/www.pinterest.at\\\/salzburgerland\\\/\",\"https:\\\/\\\/www.youtube.com\\\/user\\\/salzburgerland\",\"https:\\\/\\\/de.wikipedia.org\\\/wiki\\\/SalzburgerLand_Tourismus_GmbH\"]},{\"@type\":\"Person\",\"@id\":\"https:\\\/\\\/www.salzburgerland.com\\\/de\\\/magazin\\\/#\\\/schema\\\/person\\\/349c9c85bed4ea156e4b5f3fc5777e1a\",\"name\":\"SalzburgerLand Redaktion\",\"url\":\"https:\\\/\\\/www.salzburgerland.com\\\/de\\\/magazin\\\/author\\\/redaktion\\\/\"}]}<\/script>\n<!-- \/ Yoast SEO Premium plugin. -->","yoast_head_json":{"title":"The Trapp Family - A Life of Music - SalzburgerLand Magazin","description":"Zum 50. Jubil\u00e4um der weltweit erfolgreichsten Musicalverfilmung \u201eThe Sound of Music\u201c (1965), wagten sich im Sommer 2015 deutschsprachige Produzenten an eine \u201ekitschfreie\u201c Variante der Familiensaga mit internationalen Stars heran: \u201eThe Trapp Family &#8211; A Life of Music\u201c erz\u00e4hlt die Geschichte des Salzburger Familienchors aus Sicht der \u00e4ltesten Tochter Agathe \u201eAction\u201c, ruft Regisseur Ben Verbong. Seine [&hellip;]","robots":{"index":"index","follow":"follow","max-snippet":"max-snippet:-1","max-image-preview":"max-image-preview:large","max-video-preview":"max-video-preview:-1"},"canonical":"https:\/\/www.salzburgerland.com\/de\/magazin\/the-trapp-family-a-life-of-music\/","og_locale":"de_DE","og_type":"article","og_title":"The Trapp Family - A Life of Music","og_description":"Zum 50. Jubil\u00e4um der weltweit erfolgreichsten Musicalverfilmung \u201eThe Sound of Music\u201c (1965), wagten sich im Sommer 2015 deutschsprachige Produzenten an eine \u201ekitschfreie\u201c Variante der Familiensaga mit internationalen Stars heran: \u201eThe Trapp Family &#8211; A Life of Music\u201c erz\u00e4hlt die Geschichte des Salzburger Familienchors aus Sicht der \u00e4ltesten Tochter Agathe \u201eAction\u201c, ruft Regisseur Ben Verbong. Seine [&hellip;]","og_url":"https:\/\/www.salzburgerland.com\/de\/magazin\/the-trapp-family-a-life-of-music\/","og_site_name":"SalzburgerLand Magazin","article_publisher":"https:\/\/www.facebook.com\/salzburgerland\/","article_published_time":"2015-08-31T06:00:29+00:00","og_image":[{"width":1600,"height":1065,"url":"https:\/\/www.salzburgerland.com\/de\/magazin\/wp-content\/uploads\/2015\/08\/csalzburg-tourismus_1212_Mirabellgarten_005.jpg","type":"image\/jpeg"}],"author":"SalzburgerLand Redaktion","twitter_card":"summary_large_image","twitter_creator":"@Salzburgerland","twitter_site":"@Salzburgerland","twitter_misc":{"Verfasst von":"SalzburgerLand Redaktion","Gesch\u00e4tzte Lesezeit":"4\u00a0Minuten"},"schema":{"@context":"https:\/\/schema.org","@graph":[{"@type":"Article","@id":"https:\/\/www.salzburgerland.com\/de\/magazin\/the-trapp-family-a-life-of-music\/#article","isPartOf":{"@id":"https:\/\/www.salzburgerland.com\/de\/magazin\/the-trapp-family-a-life-of-music\/"},"author":{"name":"SalzburgerLand Redaktion","@id":"https:\/\/www.salzburgerland.com\/de\/magazin\/#\/schema\/person\/349c9c85bed4ea156e4b5f3fc5777e1a"},"headline":"The Trapp Family &#8211; A Life of Music","datePublished":"2015-08-31T06:00:29+00:00","mainEntityOfPage":{"@id":"https:\/\/www.salzburgerland.com\/de\/magazin\/the-trapp-family-a-life-of-music\/"},"wordCount":782,"commentCount":0,"publisher":{"@id":"https:\/\/www.salzburgerland.com\/de\/magazin\/#organization"},"image":{"@id":"https:\/\/www.salzburgerland.com\/de\/magazin\/the-trapp-family-a-life-of-music\/#primaryimage"},"thumbnailUrl":"https:\/\/www.salzburgerland.com\/de\/magazin\/wp-content\/uploads\/2015\/08\/csalzburg-tourismus_1212_Mirabellgarten_005.jpg","articleSection":["Kunst &amp; Kultur"],"inLanguage":"de","potentialAction":[{"@type":"CommentAction","name":"Comment","target":["https:\/\/www.salzburgerland.com\/de\/magazin\/the-trapp-family-a-life-of-music\/#respond"]}]},{"@type":"WebPage","@id":"https:\/\/www.salzburgerland.com\/de\/magazin\/the-trapp-family-a-life-of-music\/","url":"https:\/\/www.salzburgerland.com\/de\/magazin\/the-trapp-family-a-life-of-music\/","name":"The Trapp Family - A Life of Music - SalzburgerLand Magazin","isPartOf":{"@id":"https:\/\/www.salzburgerland.com\/de\/magazin\/#website"},"primaryImageOfPage":{"@id":"https:\/\/www.salzburgerland.com\/de\/magazin\/the-trapp-family-a-life-of-music\/#primaryimage"},"image":{"@id":"https:\/\/www.salzburgerland.com\/de\/magazin\/the-trapp-family-a-life-of-music\/#primaryimage"},"thumbnailUrl":"https:\/\/www.salzburgerland.com\/de\/magazin\/wp-content\/uploads\/2015\/08\/csalzburg-tourismus_1212_Mirabellgarten_005.jpg","datePublished":"2015-08-31T06:00:29+00:00","breadcrumb":{"@id":"https:\/\/www.salzburgerland.com\/de\/magazin\/the-trapp-family-a-life-of-music\/#breadcrumb"},"inLanguage":"de","potentialAction":[{"@type":"ReadAction","target":["https:\/\/www.salzburgerland.com\/de\/magazin\/the-trapp-family-a-life-of-music\/"]}]},{"@type":"ImageObject","inLanguage":"de","@id":"https:\/\/www.salzburgerland.com\/de\/magazin\/the-trapp-family-a-life-of-music\/#primaryimage","url":"https:\/\/www.salzburgerland.com\/de\/magazin\/wp-content\/uploads\/2015\/08\/csalzburg-tourismus_1212_Mirabellgarten_005.jpg","contentUrl":"https:\/\/www.salzburgerland.com\/de\/magazin\/wp-content\/uploads\/2015\/08\/csalzburg-tourismus_1212_Mirabellgarten_005.jpg","width":1600,"height":1065,"caption":"Eine schneebedeckte Pegasus-Statue steht in einem verschneiten Park mit Sonnenschein und B\u00e4umen im Hintergrund."},{"@type":"BreadcrumbList","@id":"https:\/\/www.salzburgerland.com\/de\/magazin\/the-trapp-family-a-life-of-music\/#breadcrumb","itemListElement":[{"@type":"ListItem","position":1,"name":"Startseite","item":"https:\/\/www.salzburgerland.com\/de\/magazin\/"},{"@type":"ListItem","position":2,"name":"Kunst &amp; Kultur","item":"https:\/\/www.salzburgerland.com\/de\/magazin\/thema\/kunst-kultur\/"},{"@type":"ListItem","position":3,"name":"The Trapp Family &#8211; A Life of Music"}]},{"@type":"WebSite","@id":"https:\/\/www.salzburgerland.com\/de\/magazin\/#website","url":"https:\/\/www.salzburgerland.com\/de\/magazin\/","name":"SalzburgerLand Magazin","description":"Geschichten und Interessantes aus dem SalzburgerLand","publisher":{"@id":"https:\/\/www.salzburgerland.com\/de\/magazin\/#organization"},"potentialAction":[{"@type":"SearchAction","target":{"@type":"EntryPoint","urlTemplate":"https:\/\/www.salzburgerland.com\/de\/magazin\/?s={search_term_string}"},"query-input":{"@type":"PropertyValueSpecification","valueRequired":true,"valueName":"search_term_string"}}],"inLanguage":"de"},{"@type":"Organization","@id":"https:\/\/www.salzburgerland.com\/de\/magazin\/#organization","name":"SalzburgerLand Tourismus","url":"https:\/\/www.salzburgerland.com\/de\/magazin\/","logo":{"@type":"ImageObject","inLanguage":"de","@id":"https:\/\/www.salzburgerland.com\/de\/magazin\/#\/schema\/logo\/image\/","url":"https:\/\/www.salzburgerland.com\/de\/magazin\/wp-content\/uploads\/2019\/06\/salzburgerland-logo1.jpg","contentUrl":"https:\/\/www.salzburgerland.com\/de\/magazin\/wp-content\/uploads\/2019\/06\/salzburgerland-logo1.jpg","width":2011,"height":866,"caption":"SalzburgerLand Tourismus"},"image":{"@id":"https:\/\/www.salzburgerland.com\/de\/magazin\/#\/schema\/logo\/image\/"},"sameAs":["https:\/\/www.facebook.com\/salzburgerland\/","https:\/\/x.com\/Salzburgerland","https:\/\/www.instagram.com\/salzburgerland\/","https:\/\/at.linkedin.com\/company\/salzburgerland-tourismus-gmbh","https:\/\/www.pinterest.at\/salzburgerland\/","https:\/\/www.youtube.com\/user\/salzburgerland","https:\/\/de.wikipedia.org\/wiki\/SalzburgerLand_Tourismus_GmbH"]},{"@type":"Person","@id":"https:\/\/www.salzburgerland.com\/de\/magazin\/#\/schema\/person\/349c9c85bed4ea156e4b5f3fc5777e1a","name":"SalzburgerLand Redaktion","url":"https:\/\/www.salzburgerland.com\/de\/magazin\/author\/redaktion\/"}]}},"_wl_alt_label":[],"wl:entity_url":"http:\/\/open.salzburgerland.com\/magazin\/post\/the_trapp_family_-_a_life_of_music","_links":{"self":[{"href":"https:\/\/www.salzburgerland.com\/de\/magazin\/wp-json\/wp\/v2\/posts\/100983","targetHints":{"allow":["GET"]}}],"collection":[{"href":"https:\/\/www.salzburgerland.com\/de\/magazin\/wp-json\/wp\/v2\/posts"}],"about":[{"href":"https:\/\/www.salzburgerland.com\/de\/magazin\/wp-json\/wp\/v2\/types\/post"}],"author":[{"embeddable":true,"href":"https:\/\/www.salzburgerland.com\/de\/magazin\/wp-json\/wp\/v2\/users\/519"}],"replies":[{"embeddable":true,"href":"https:\/\/www.salzburgerland.com\/de\/magazin\/wp-json\/wp\/v2\/comments?post=100983"}],"version-history":[{"count":0,"href":"https:\/\/www.salzburgerland.com\/de\/magazin\/wp-json\/wp\/v2\/posts\/100983\/revisions"}],"wp:featuredmedia":[{"embeddable":true,"href":"https:\/\/www.salzburgerland.com\/de\/magazin\/wp-json\/wp\/v2\/media\/100986"}],"wp:attachment":[{"href":"https:\/\/www.salzburgerland.com\/de\/magazin\/wp-json\/wp\/v2\/media?parent=100983"}],"wp:term":[{"taxonomy":"category","embeddable":true,"href":"https:\/\/www.salzburgerland.com\/de\/magazin\/wp-json\/wp\/v2\/categories?post=100983"},{"taxonomy":"post_tag","embeddable":true,"href":"https:\/\/www.salzburgerland.com\/de\/magazin\/wp-json\/wp\/v2\/tags?post=100983"},{"taxonomy":"wl_entity_type","embeddable":true,"href":"https:\/\/www.salzburgerland.com\/de\/magazin\/wp-json\/wp\/v2\/wl_entity_type?post=100983"},{"taxonomy":"monatsauswahl","embeddable":true,"href":"https:\/\/www.salzburgerland.com\/de\/magazin\/wp-json\/wp\/v2\/monatsauswahl?post=100983"}],"curies":[{"name":"wp","href":"https:\/\/api.w.org\/{rel}","templated":true}]}}