{"id":100887,"date":"2015-08-24T08:00:27","date_gmt":"2015-08-24T06:00:27","guid":{"rendered":"http:\/\/magazin.salzburgerland.com\/?p=100887"},"modified":"2023-06-22T09:20:48","modified_gmt":"2023-06-22T07:20:48","slug":"20-jahre-salzburger-bauernherbst","status":"publish","type":"post","link":"https:\/\/www.salzburgerland.com\/de\/magazin\/20-jahre-salzburger-bauernherbst\/","title":{"rendered":"20 Jahre Salzburger Bauernherbst"},"content":{"rendered":"\n<p><strong>Wenn die Felder ein letzte Mal gem\u00e4ht, die Fr\u00fcchte der monatelangen Arbeit geerntet und die Tage wieder k\u00fcrzer werden, dann beginnt an den Seen und in den Bergen des SalzburgerLandes der <a href=\"https:\/\/www.salzburgerland.com\/de\/barriere-freier-urlaub-im-salzburgerland\/\/index.html\" target=\"_blank\" rel=\"noopener\">Bauernherbst<\/a>. Es ist eine Zeit der Feste, des &#8222;Danke-Sagens&#8220; und der Begegnungen von Einheimischen und G\u00e4sten. Zum &#8222;Hoagaschtn&#8220; trifft man sich an den sch\u00f6nsten Pl\u00e4tzen, lauscht traditionellem Musizieren, lacht, erz\u00e4hlt und genie\u00dft in gemeinsamer Runde die herrlichen Speisen und Getr\u00e4nke unseres Landes.&nbsp;2015 j\u00e4hrt sich der Geburtstag des Beuernherbstes zum 20. Mal und wird im ganzen Land mit einem&nbsp;Programm wie nie zuvor gefeiert.&nbsp;<\/strong><\/p>\n\n\n\n<p>Der Herbst ist in unseren Breiten eine Jahreszeit, in der Mensch und Natur noch einmal zeigen, was in ihnen steckt, bevor der Winter uns alle zur Ruhe und zum Innehalten mahnt. Die B\u00e4ume zeigen sich in ihrem pr\u00e4chtigsten Farbenkleid, die bereits leicht angezuckerten Berge spiegeln sich atemberaubend in den Seen unseres Landes und die Zugv\u00f6gel formieren sich zu imposanten Schw\u00e4rmen, als w\u00fcrden sie uns ein letztes Mal gr\u00fc\u00dfen, bevor sie sich f\u00fcr einige Monate auf ihren langen Weg gen S\u00fcden verabschieden. F\u00fcr uns Menschen kommt nach der langen Zeit der Arbeit des Fr\u00fchlings und des Sommers nun langsam die Zeit der Ernte und somit auch des Lohnes f\u00fcr all die zur\u00fcckliegenden M\u00fchen. Kein Wunder, dass genau in dieser Zeit vor ziemlich genau 20 Jahren der Grundstein f\u00fcr eine Salzburger Erfolgsgeschichte gelegt wurde, die seinesgleichen vergeblich sucht. Doch alles der Reihe nach&#8230;&nbsp;<\/p>\n\n\n\n<p><br><a href=\"https:\/\/www.salzburgerland.com\/de\/magazin\/wp-content\/uploads\/2015\/08\/CKO_2329.jpg\"><img loading=\"lazy\" decoding=\"async\" width=\"650\" height=\"435\" class=\"alignnone wp-image-101012 size-singlePost\" src=\"https:\/\/www.salzburgerland.com\/de\/magazin\/wp-content\/uploads\/2015\/08\/CKO_2329-650x435.jpg\" alt=\"\"><\/a><br><\/p>\n\n\n\n<p>Es war im Jahre 1994. In Hof bei Salzburg, fiel im Rahmen eines Seminars zum ersten Mal der Name &#8222;Bauernherbst&#8220;, doch es sollte noch zwei Jahre dauern, bis aus dieser Idee schlie\u00dflich etwas Konkretes werden sollte. Von Anfang an verstand man darunter&nbsp;ein homogenes Zusammenspiel von Landwirtschaft und Tourismus, in dessen Rahmen Einheimische und Fremde gleicherma\u00dfen angesprochen und zum gemeinsamen Feiern und &#8222;Zusammensein&#8220; animiert werden sollten.&nbsp;Dann, 1996, \u00fcberschlugen sich die Ereignisse und mit der &nbsp;Er\u00f6ffnungspressekonferenz wurde der erste Bauernherbst eingel\u00e4utet. Die Bilanz \u00fcberzeugte auch die letzten Zweifler und die Idee breitete sich vom Flachgau \u00fcber das ganze SalzburgerLand aus, sodass bereits im folgenden Jahr 63 Gemeinden mitfeierten. Der Rest ist Geschichte. In den vergangenen Jahren haben \u00fcber 7 Millionen Besucher unterhaltsame und gem\u00fctliche Stunden im Rahmen des Bauernherbstes verbracht, in allen 73 Bauernherbst-Gemeinden gefeiert, gegessen und mit dem gemeinsamen &#8222;Hoagaschtn&#8220; dazu beigetragen, dass Salzburg mittlerweile, wenn auch inoffiziell, f\u00fcnf Jahreszeiten aufzuweisen hat.&nbsp;<\/p>\n\n\n\n<p>2015 j\u00e4hrte sich diese Geburtsstunde also zum 20. Mal und es w\u00e4re nicht der Salzburger Bauernherbst, wenn man dieses Jubil\u00e4um nicht mit einem sensationellen Programm \u00fcber die B\u00fchne gehen lassen w\u00fcrde. Insgesamt drei Er\u00f6ffnungsfeste, in Obertrum, in Maishofen und auch in Rauris im Nationalpark Hohe Tauern, viele Jubil\u00e4umsfeiern und knapp 2.000 Veranstaltungen im ganzen Land werden in diesem Jahr den Grundstein f\u00fcr die n\u00e4chsten Jahre legen. &#8222;<em>Seit 20 Jahren ist der Bauernherbst ein wunderbares Beispiel, dass Tourismus und Landwirtschaft im SalzburgerLand perfekt zusammenarbeiten. (&#8230;) Zu diesem \u201erunden Geburtstag\u201c zeigt sich einmal mehr, wie sehr der Bauernherbst in den letzten 20 Jahren zur bekannten Marke geworden ist und sowohl Einheimische als auch G\u00e4ste mit seinem vielf\u00e4ltigen Angebot begeistert\u201c, <\/em>zeigt sich Landeshauptmann Wilfried Haslauer \u00fcberzeugt vom Bauernherbst.&nbsp;<\/p>\n\n\n\n<p><br><a href=\"https:\/\/www.salzburgerland.com\/de\/magazin\/wp-content\/uploads\/2015\/08\/Sujet_3_151.jpg\"><img loading=\"lazy\" decoding=\"async\" width=\"650\" height=\"435\" class=\"alignnone wp-image-101015 size-singlePost\" src=\"https:\/\/www.salzburgerland.com\/de\/magazin\/wp-content\/uploads\/2015\/08\/Sujet_3_151-650x435.jpg\" alt=\"\"><\/a><br><\/p>\n\n\n\n<p>Doch auch wenn ein Jubil\u00e4um immer auch einen Anlass zum Innehalten und zum R\u00fcckblick darstellt, so ist der Salzburger Bauernherbst heute aktueller denn je und wird auch in den kommenden 20 Jahren vielen Menschen eine gro\u00dfe Freude sein.&nbsp;In diesem Sinne erheben wir das Glas auf das 20. Jubil\u00e4um.<\/p>\n\n\n\n<p>Alle Infos zum Bauernherbst und den Veranstaltungen finden Sie unter&nbsp;<a href=\"http:\/\/www.bauernherbst.com\" target=\"_blank\" rel=\"noopener\">www.bauernherbst.com<br><\/a><\/p>\n\n\n<div class=\"mag-gallery\"><div class=\"row\"><div class=\"col-6 col-sm-4\"><figure><a class=\"thumb-container\" href=\"https:\/\/www.salzburgerland.com\/de\/magazin\/wp-content\/uploads\/2015\/08\/CKO_9789-1280x1024.jpg\">\t<picture><source media=\"(min-width: 576px)\" srcset=\"https:\/\/www.salzburgerland.com\/de\/magazin\/wp-content\/uploads\/2015\/08\/CKO_9789-325x209.jpg 325w, https:\/\/www.salzburgerland.com\/de\/magazin\/wp-content\/uploads\/2015\/08\/CKO_9789-249x160.jpg 249w\"><\/source><source media=\"(min-width: 0)\" srcset=\"https:\/\/www.salzburgerland.com\/de\/magazin\/wp-content\/uploads\/2015\/08\/CKO_9789-249x160.jpg 249w, https:\/\/www.salzburgerland.com\/de\/magazin\/wp-content\/uploads\/2015\/08\/CKO_9789-325x209.jpg 325w\"><\/source><img decoding=\"async\" alt=\"Eine Frau in traditioneller Kleidung macht mit Nadeln und Faden Spitzen auf ein zylindrisches Kissen.\" src=\"https:\/\/www.salzburgerland.com\/de\/magazin\/wp-content\/uploads\/2015\/08\/CKO_9789.jpg\">\t<\/picture><\/a><\/figure><\/div><div class=\"col-6 col-sm-4\"><figure><a class=\"thumb-container\" href=\"https:\/\/www.salzburgerland.com\/de\/magazin\/wp-content\/uploads\/2015\/08\/CKO_1622-1280x1024.jpg\">\t<picture><source media=\"(min-width: 576px)\" srcset=\"\"><\/source><source media=\"(min-width: 0)\" srcset=\"https:\/\/www.salzburgerland.com\/de\/magazin\/wp-content\/uploads\/2015\/08\/CKO_1622.jpg 1065w, https:\/\/www.salzburgerland.com\/de\/magazin\/wp-content\/uploads\/2015\/08\/CKO_1622-200x300.jpg 200w, https:\/\/www.salzburgerland.com\/de\/magazin\/wp-content\/uploads\/2015\/08\/CKO_1622-366x550.jpg 366w, https:\/\/www.salzburgerland.com\/de\/magazin\/wp-content\/uploads\/2015\/08\/CKO_1622-266x400.jpg 266w\"><\/source><img decoding=\"async\" alt=\"Eine l&auml;chelnde Frau in traditioneller &ouml;sterreichischer Kleidung zieht einen Holzkarren mit Blumen und Geschenken &uuml;ber einen l&auml;ndlichen Weg.\" src=\"https:\/\/www.salzburgerland.com\/de\/magazin\/wp-content\/uploads\/2015\/08\/CKO_1622.jpg\">\t<\/picture><\/a><\/figure><\/div><div class=\"col-6 col-sm-4\"><figure><a class=\"thumb-container\" href=\"https:\/\/www.salzburgerland.com\/de\/magazin\/wp-content\/uploads\/2015\/08\/CKO_0091-1280x1024.jpg\">\t<picture><source media=\"(min-width: 576px)\" srcset=\"https:\/\/www.salzburgerland.com\/de\/magazin\/wp-content\/uploads\/2015\/08\/CKO_0091-325x209.jpg 325w, https:\/\/www.salzburgerland.com\/de\/magazin\/wp-content\/uploads\/2015\/08\/CKO_0091-249x160.jpg 249w\"><\/source><source media=\"(min-width: 0)\" srcset=\"https:\/\/www.salzburgerland.com\/de\/magazin\/wp-content\/uploads\/2015\/08\/CKO_0091-249x160.jpg 249w, https:\/\/www.salzburgerland.com\/de\/magazin\/wp-content\/uploads\/2015\/08\/CKO_0091-325x209.jpg 325w\"><\/source><img decoding=\"async\" alt=\"Traditionelle &ouml;sterreichische Lederhose mit aufw&auml;ndiger Stickerei, einem Holzl&ouml;ffel und dekorativen Messern auf der Oberseite.\" src=\"https:\/\/www.salzburgerland.com\/de\/magazin\/wp-content\/uploads\/2015\/08\/CKO_0091.jpg\">\t<\/picture><\/a><\/figure><\/div><\/div><figcaption><\/figcaption><\/div>\n\n\n\n<p>\u00a9SLTG<\/p>\n","protected":false},"excerpt":{"rendered":"<p>Wenn die Felder ein letzte Mal gem\u00e4ht, die Fr\u00fcchte der monatelangen Arbeit geerntet und die Tage wieder k\u00fcrzer werden, dann beginnt an den Seen und in den Bergen des SalzburgerLandes der Bauernherbst. Es ist eine Zeit der Feste, des &#8222;Danke-Sagens&#8220; und der Begegnungen von Einheimischen und G\u00e4sten. Zum &#8222;Hoagaschtn&#8220; trifft man sich an den sch\u00f6nsten [&hellip;]<\/p>\n","protected":false},"author":505,"featured_media":101014,"comment_status":"open","ping_status":"open","sticky":false,"template":"","format":"standard","meta":{"_acf_changed":false,"wl_entities_gutenberg":"","_wl_entity_redirect_enabled":"","footnotes":""},"categories":[7551],"tags":[],"wl_entity_type":[306],"monatsauswahl":[82,83,84,85,86,87,88,89,90,91,92,93],"class_list":["post-100887","post","type-post","status-publish","format-standard","has-post-thumbnail","hentry","category-archiv","wl_entity_type-article","monatsauswahl-monat_1","monatsauswahl-monat_2","monatsauswahl-monat_3","monatsauswahl-monat_4","monatsauswahl-monat_5","monatsauswahl-monat_6","monatsauswahl-monat_7","monatsauswahl-monat_8","monatsauswahl-monat_9","monatsauswahl-monat_10","monatsauswahl-monat_11","monatsauswahl-monat_12"],"acf":[],"yoast_head":"<!-- This site is optimized with the Yoast SEO Premium plugin v27.4 (Yoast SEO v27.4) - https:\/\/yoast.com\/product\/yoast-seo-premium-wordpress\/ -->\n<title>20 Jahre Salzburger Bauernherbst - SalzburgerLand Magazin<\/title>\n<meta name=\"description\" content=\"Wenn die Felder ein letzte Mal gem\u00e4ht, die Fr\u00fcchte der monatelangen Arbeit geerntet und die Tage wieder k\u00fcrzer werden, dann beginnt an den Seen und in den Bergen des SalzburgerLandes der Bauernherbst. Es ist eine Zeit der Feste, des &#8222;Danke-Sagens&#8220; und der Begegnungen von Einheimischen und G\u00e4sten. Zum &#8222;Hoagaschtn&#8220; trifft man sich an den sch\u00f6nsten [&hellip;]\" \/>\n<meta name=\"robots\" content=\"noindex, nofollow\" \/>\n<meta property=\"og:locale\" content=\"de_DE\" \/>\n<meta property=\"og:type\" content=\"article\" \/>\n<meta property=\"og:title\" content=\"20 Jahre Salzburger Bauernherbst\" \/>\n<meta property=\"og:description\" content=\"Wenn die Felder ein letzte Mal gem\u00e4ht, die Fr\u00fcchte der monatelangen Arbeit geerntet und die Tage wieder k\u00fcrzer werden, dann beginnt an den Seen und in den Bergen des SalzburgerLandes der Bauernherbst. Es ist eine Zeit der Feste, des &#8222;Danke-Sagens&#8220; und der Begegnungen von Einheimischen und G\u00e4sten. Zum &#8222;Hoagaschtn&#8220; trifft man sich an den sch\u00f6nsten [&hellip;]\" \/>\n<meta property=\"og:url\" content=\"https:\/\/www.salzburgerland.com\/de\/magazin\/20-jahre-salzburger-bauernherbst\/\" \/>\n<meta property=\"og:site_name\" content=\"SalzburgerLand Magazin\" \/>\n<meta property=\"article:publisher\" content=\"https:\/\/www.facebook.com\/salzburgerland\/\" \/>\n<meta property=\"article:published_time\" content=\"2015-08-24T06:00:27+00:00\" \/>\n<meta property=\"article:modified_time\" content=\"2023-06-22T07:20:48+00:00\" \/>\n<meta property=\"og:image\" content=\"https:\/\/www.salzburgerland.com\/de\/magazin\/wp-content\/uploads\/2015\/08\/CKO_9842-2.jpg\" \/>\n\t<meta property=\"og:image:width\" content=\"1600\" \/>\n\t<meta property=\"og:image:height\" content=\"1065\" \/>\n\t<meta property=\"og:image:type\" content=\"image\/jpeg\" \/>\n<meta name=\"author\" content=\"Peter Zeitlhofer\" \/>\n<meta name=\"twitter:card\" content=\"summary_large_image\" \/>\n<meta name=\"twitter:creator\" content=\"@Salzburgerland\" \/>\n<meta name=\"twitter:site\" content=\"@Salzburgerland\" \/>\n<meta name=\"twitter:label1\" content=\"Verfasst von\" \/>\n\t<meta name=\"twitter:data1\" content=\"Peter Zeitlhofer\" \/>\n\t<meta name=\"twitter:label2\" content=\"Gesch\u00e4tzte Lesezeit\" \/>\n\t<meta name=\"twitter:data2\" content=\"5\u00a0Minuten\" \/>\n<script type=\"application\/ld+json\" class=\"yoast-schema-graph\">{\"@context\":\"https:\\\/\\\/schema.org\",\"@graph\":[{\"@type\":\"Article\",\"@id\":\"https:\\\/\\\/www.salzburgerland.com\\\/de\\\/magazin\\\/20-jahre-salzburger-bauernherbst\\\/#article\",\"isPartOf\":{\"@id\":\"https:\\\/\\\/www.salzburgerland.com\\\/de\\\/magazin\\\/20-jahre-salzburger-bauernherbst\\\/\"},\"author\":{\"name\":\"Peter Zeitlhofer\",\"@id\":\"https:\\\/\\\/www.salzburgerland.com\\\/de\\\/magazin\\\/#\\\/schema\\\/person\\\/ebd2c9f244aeea71e30f3b5d5e309de4\"},\"headline\":\"20 Jahre Salzburger Bauernherbst\",\"datePublished\":\"2015-08-24T06:00:27+00:00\",\"dateModified\":\"2023-06-22T07:20:48+00:00\",\"mainEntityOfPage\":{\"@id\":\"https:\\\/\\\/www.salzburgerland.com\\\/de\\\/magazin\\\/20-jahre-salzburger-bauernherbst\\\/\"},\"wordCount\":620,\"commentCount\":0,\"publisher\":{\"@id\":\"https:\\\/\\\/www.salzburgerland.com\\\/de\\\/magazin\\\/#organization\"},\"image\":{\"@id\":\"https:\\\/\\\/www.salzburgerland.com\\\/de\\\/magazin\\\/20-jahre-salzburger-bauernherbst\\\/#primaryimage\"},\"thumbnailUrl\":\"https:\\\/\\\/www.salzburgerland.com\\\/de\\\/magazin\\\/wp-content\\\/uploads\\\/2015\\\/08\\\/CKO_9842-2.jpg\",\"articleSection\":[\"Archiv\"],\"inLanguage\":\"de\",\"potentialAction\":[{\"@type\":\"CommentAction\",\"name\":\"Comment\",\"target\":[\"https:\\\/\\\/www.salzburgerland.com\\\/de\\\/magazin\\\/20-jahre-salzburger-bauernherbst\\\/#respond\"]}]},{\"@type\":\"WebPage\",\"@id\":\"https:\\\/\\\/www.salzburgerland.com\\\/de\\\/magazin\\\/20-jahre-salzburger-bauernherbst\\\/\",\"url\":\"https:\\\/\\\/www.salzburgerland.com\\\/de\\\/magazin\\\/20-jahre-salzburger-bauernherbst\\\/\",\"name\":\"20 Jahre Salzburger Bauernherbst - SalzburgerLand Magazin\",\"isPartOf\":{\"@id\":\"https:\\\/\\\/www.salzburgerland.com\\\/de\\\/magazin\\\/#website\"},\"primaryImageOfPage\":{\"@id\":\"https:\\\/\\\/www.salzburgerland.com\\\/de\\\/magazin\\\/20-jahre-salzburger-bauernherbst\\\/#primaryimage\"},\"image\":{\"@id\":\"https:\\\/\\\/www.salzburgerland.com\\\/de\\\/magazin\\\/20-jahre-salzburger-bauernherbst\\\/#primaryimage\"},\"thumbnailUrl\":\"https:\\\/\\\/www.salzburgerland.com\\\/de\\\/magazin\\\/wp-content\\\/uploads\\\/2015\\\/08\\\/CKO_9842-2.jpg\",\"datePublished\":\"2015-08-24T06:00:27+00:00\",\"dateModified\":\"2023-06-22T07:20:48+00:00\",\"breadcrumb\":{\"@id\":\"https:\\\/\\\/www.salzburgerland.com\\\/de\\\/magazin\\\/20-jahre-salzburger-bauernherbst\\\/#breadcrumb\"},\"inLanguage\":\"de\",\"potentialAction\":[{\"@type\":\"ReadAction\",\"target\":[\"https:\\\/\\\/www.salzburgerland.com\\\/de\\\/magazin\\\/20-jahre-salzburger-bauernherbst\\\/\"]}]},{\"@type\":\"ImageObject\",\"inLanguage\":\"de\",\"@id\":\"https:\\\/\\\/www.salzburgerland.com\\\/de\\\/magazin\\\/20-jahre-salzburger-bauernherbst\\\/#primaryimage\",\"url\":\"https:\\\/\\\/www.salzburgerland.com\\\/de\\\/magazin\\\/wp-content\\\/uploads\\\/2015\\\/08\\\/CKO_9842-2.jpg\",\"contentUrl\":\"https:\\\/\\\/www.salzburgerland.com\\\/de\\\/magazin\\\/wp-content\\\/uploads\\\/2015\\\/08\\\/CKO_9842-2.jpg\",\"width\":1600,\"height\":1065,\"caption\":\"Zwei Frauen in traditioneller Kleidung stehen hinter einem Tisch mit handgefertigten T\u00f6pferwaren an einem rustikalen Marktstand.\"},{\"@type\":\"BreadcrumbList\",\"@id\":\"https:\\\/\\\/www.salzburgerland.com\\\/de\\\/magazin\\\/20-jahre-salzburger-bauernherbst\\\/#breadcrumb\",\"itemListElement\":[{\"@type\":\"ListItem\",\"position\":1,\"name\":\"Startseite\",\"item\":\"https:\\\/\\\/www.salzburgerland.com\\\/de\\\/magazin\\\/\"},{\"@type\":\"ListItem\",\"position\":2,\"name\":\"Archiv\",\"item\":\"https:\\\/\\\/www.salzburgerland.com\\\/de\\\/magazin\\\/thema\\\/archiv\\\/\"},{\"@type\":\"ListItem\",\"position\":3,\"name\":\"20 Jahre Salzburger Bauernherbst\"}]},{\"@type\":\"WebSite\",\"@id\":\"https:\\\/\\\/www.salzburgerland.com\\\/de\\\/magazin\\\/#website\",\"url\":\"https:\\\/\\\/www.salzburgerland.com\\\/de\\\/magazin\\\/\",\"name\":\"SalzburgerLand Magazin\",\"description\":\"Geschichten und Interessantes aus dem SalzburgerLand\",\"publisher\":{\"@id\":\"https:\\\/\\\/www.salzburgerland.com\\\/de\\\/magazin\\\/#organization\"},\"potentialAction\":[{\"@type\":\"SearchAction\",\"target\":{\"@type\":\"EntryPoint\",\"urlTemplate\":\"https:\\\/\\\/www.salzburgerland.com\\\/de\\\/magazin\\\/?s={search_term_string}\"},\"query-input\":{\"@type\":\"PropertyValueSpecification\",\"valueRequired\":true,\"valueName\":\"search_term_string\"}}],\"inLanguage\":\"de\"},{\"@type\":\"Organization\",\"@id\":\"https:\\\/\\\/www.salzburgerland.com\\\/de\\\/magazin\\\/#organization\",\"name\":\"SalzburgerLand Tourismus\",\"url\":\"https:\\\/\\\/www.salzburgerland.com\\\/de\\\/magazin\\\/\",\"logo\":{\"@type\":\"ImageObject\",\"inLanguage\":\"de\",\"@id\":\"https:\\\/\\\/www.salzburgerland.com\\\/de\\\/magazin\\\/#\\\/schema\\\/logo\\\/image\\\/\",\"url\":\"https:\\\/\\\/www.salzburgerland.com\\\/de\\\/magazin\\\/wp-content\\\/uploads\\\/2019\\\/06\\\/salzburgerland-logo1.jpg\",\"contentUrl\":\"https:\\\/\\\/www.salzburgerland.com\\\/de\\\/magazin\\\/wp-content\\\/uploads\\\/2019\\\/06\\\/salzburgerland-logo1.jpg\",\"width\":2011,\"height\":866,\"caption\":\"SalzburgerLand Tourismus\"},\"image\":{\"@id\":\"https:\\\/\\\/www.salzburgerland.com\\\/de\\\/magazin\\\/#\\\/schema\\\/logo\\\/image\\\/\"},\"sameAs\":[\"https:\\\/\\\/www.facebook.com\\\/salzburgerland\\\/\",\"https:\\\/\\\/x.com\\\/Salzburgerland\",\"https:\\\/\\\/www.instagram.com\\\/salzburgerland\\\/\",\"https:\\\/\\\/at.linkedin.com\\\/company\\\/salzburgerland-tourismus-gmbh\",\"https:\\\/\\\/www.pinterest.at\\\/salzburgerland\\\/\",\"https:\\\/\\\/www.youtube.com\\\/user\\\/salzburgerland\",\"https:\\\/\\\/de.wikipedia.org\\\/wiki\\\/SalzburgerLand_Tourismus_GmbH\"]},{\"@type\":\"Person\",\"@id\":\"https:\\\/\\\/www.salzburgerland.com\\\/de\\\/magazin\\\/#\\\/schema\\\/person\\\/ebd2c9f244aeea71e30f3b5d5e309de4\",\"name\":\"Peter Zeitlhofer\",\"description\":\"'Von Neugier getrieben' - diese Worte kommen Peter Zeitlhofer wohl schon ziemlich nahe. Egal ob am Segelboot, im Tiefschnee, unterwegs in Stadt und Land, oder auf einer seinen vielen Reisen - er ist immer auf der Suche nach Neuem, nach dem Besonderen, probiert so ziemlich alles aus und liebt es, dar\u00fcber zu reden und zu berichten. Womit man auch schon fast bei seiner zweiten Leidenschaft w\u00e4re - dem Schreiben. Immer und \u00fcberall ausgestattet\u00a0mit seinem Notebook, hat der Salzburger, mit Wurzeln am Attersee, sein Office\u00a0im wahrsten Sinne des Wortes unterm Arm und k\u00f6nnte sich nichts besseres vorstellen, als die Geschichten dort zu erz\u00e4hlen, wo sie passieren. Fr\u00fchling, Sommer, Herbst oder Winter? Als Mensch der Extreme, mag ich auch bei den Jahreszeiten den Sommer und den Winter am liebsten. Obwohl nat\u00fcrlich auch der Fr\u00fchling seine Reize hat. Aber der Herbst? Rindsroulade vom Pinzgauer Biorind oder Saibling fangfrisch aus dem Fuschlsee? Immer diese Entscheidungen! Kann ich auch beides haben? Mundharmonika oder Stradivari? Weder noch - als Gitarrist k\u00f6nnte ich mit beiden Instrumenten nichts anfangen. Lederhose oder Smoking? Eindeutig Lederhose, die bei mir mittlerweile sogar den Einzug in den sommerlichen Alltag gefunden hat. Und der LederhosnDonnerstag ist \u00a0ohnehin Pflicht. Alpinski, Offpist oder Skitour? Hauptsache rauf auf den Berg! Was dann tats\u00e4chlich auf dem Programm steht ist zweitrangig. Nur so viel: wenn der Schnee passt, dann h\u00e4lt mich nichts oder niemand auf der Piste. Bergtour oder Seentour? F\u00fcr mich gibt es im Sommer nichts Sch\u00f6neres, als mit dem Segelboot auf unseren herrlichen Seen unterwegs zu sein. Also wenn ich die Wahl habe, dann nehme ich im Sommer die Berge h\u00f6chstens als Kulisse. Haubenlokal oder Ab-Hof-Laden? Auch hier nehme ich von beidem ein bisschen. Aber bei der Oma schmeckt's dann doch am besten.\",\"url\":\"https:\\\/\\\/www.salzburgerland.com\\\/de\\\/magazin\\\/author\\\/peter-zeitlhofer\\\/\"}]}<\/script>\n<!-- \/ Yoast SEO Premium plugin. -->","yoast_head_json":{"title":"20 Jahre Salzburger Bauernherbst - SalzburgerLand Magazin","description":"Wenn die Felder ein letzte Mal gem\u00e4ht, die Fr\u00fcchte der monatelangen Arbeit geerntet und die Tage wieder k\u00fcrzer werden, dann beginnt an den Seen und in den Bergen des SalzburgerLandes der Bauernherbst. Es ist eine Zeit der Feste, des &#8222;Danke-Sagens&#8220; und der Begegnungen von Einheimischen und G\u00e4sten. Zum &#8222;Hoagaschtn&#8220; trifft man sich an den sch\u00f6nsten [&hellip;]","robots":{"index":"noindex","follow":"nofollow"},"og_locale":"de_DE","og_type":"article","og_title":"20 Jahre Salzburger Bauernherbst","og_description":"Wenn die Felder ein letzte Mal gem\u00e4ht, die Fr\u00fcchte der monatelangen Arbeit geerntet und die Tage wieder k\u00fcrzer werden, dann beginnt an den Seen und in den Bergen des SalzburgerLandes der Bauernherbst. Es ist eine Zeit der Feste, des &#8222;Danke-Sagens&#8220; und der Begegnungen von Einheimischen und G\u00e4sten. Zum &#8222;Hoagaschtn&#8220; trifft man sich an den sch\u00f6nsten [&hellip;]","og_url":"https:\/\/www.salzburgerland.com\/de\/magazin\/20-jahre-salzburger-bauernherbst\/","og_site_name":"SalzburgerLand Magazin","article_publisher":"https:\/\/www.facebook.com\/salzburgerland\/","article_published_time":"2015-08-24T06:00:27+00:00","article_modified_time":"2023-06-22T07:20:48+00:00","og_image":[{"width":1600,"height":1065,"url":"https:\/\/www.salzburgerland.com\/de\/magazin\/wp-content\/uploads\/2015\/08\/CKO_9842-2.jpg","type":"image\/jpeg"}],"author":"Peter Zeitlhofer","twitter_card":"summary_large_image","twitter_creator":"@Salzburgerland","twitter_site":"@Salzburgerland","twitter_misc":{"Verfasst von":"Peter Zeitlhofer","Gesch\u00e4tzte Lesezeit":"5\u00a0Minuten"},"schema":{"@context":"https:\/\/schema.org","@graph":[{"@type":"Article","@id":"https:\/\/www.salzburgerland.com\/de\/magazin\/20-jahre-salzburger-bauernherbst\/#article","isPartOf":{"@id":"https:\/\/www.salzburgerland.com\/de\/magazin\/20-jahre-salzburger-bauernherbst\/"},"author":{"name":"Peter Zeitlhofer","@id":"https:\/\/www.salzburgerland.com\/de\/magazin\/#\/schema\/person\/ebd2c9f244aeea71e30f3b5d5e309de4"},"headline":"20 Jahre Salzburger Bauernherbst","datePublished":"2015-08-24T06:00:27+00:00","dateModified":"2023-06-22T07:20:48+00:00","mainEntityOfPage":{"@id":"https:\/\/www.salzburgerland.com\/de\/magazin\/20-jahre-salzburger-bauernherbst\/"},"wordCount":620,"commentCount":0,"publisher":{"@id":"https:\/\/www.salzburgerland.com\/de\/magazin\/#organization"},"image":{"@id":"https:\/\/www.salzburgerland.com\/de\/magazin\/20-jahre-salzburger-bauernherbst\/#primaryimage"},"thumbnailUrl":"https:\/\/www.salzburgerland.com\/de\/magazin\/wp-content\/uploads\/2015\/08\/CKO_9842-2.jpg","articleSection":["Archiv"],"inLanguage":"de","potentialAction":[{"@type":"CommentAction","name":"Comment","target":["https:\/\/www.salzburgerland.com\/de\/magazin\/20-jahre-salzburger-bauernherbst\/#respond"]}]},{"@type":"WebPage","@id":"https:\/\/www.salzburgerland.com\/de\/magazin\/20-jahre-salzburger-bauernherbst\/","url":"https:\/\/www.salzburgerland.com\/de\/magazin\/20-jahre-salzburger-bauernherbst\/","name":"20 Jahre Salzburger Bauernherbst - SalzburgerLand Magazin","isPartOf":{"@id":"https:\/\/www.salzburgerland.com\/de\/magazin\/#website"},"primaryImageOfPage":{"@id":"https:\/\/www.salzburgerland.com\/de\/magazin\/20-jahre-salzburger-bauernherbst\/#primaryimage"},"image":{"@id":"https:\/\/www.salzburgerland.com\/de\/magazin\/20-jahre-salzburger-bauernherbst\/#primaryimage"},"thumbnailUrl":"https:\/\/www.salzburgerland.com\/de\/magazin\/wp-content\/uploads\/2015\/08\/CKO_9842-2.jpg","datePublished":"2015-08-24T06:00:27+00:00","dateModified":"2023-06-22T07:20:48+00:00","breadcrumb":{"@id":"https:\/\/www.salzburgerland.com\/de\/magazin\/20-jahre-salzburger-bauernherbst\/#breadcrumb"},"inLanguage":"de","potentialAction":[{"@type":"ReadAction","target":["https:\/\/www.salzburgerland.com\/de\/magazin\/20-jahre-salzburger-bauernherbst\/"]}]},{"@type":"ImageObject","inLanguage":"de","@id":"https:\/\/www.salzburgerland.com\/de\/magazin\/20-jahre-salzburger-bauernherbst\/#primaryimage","url":"https:\/\/www.salzburgerland.com\/de\/magazin\/wp-content\/uploads\/2015\/08\/CKO_9842-2.jpg","contentUrl":"https:\/\/www.salzburgerland.com\/de\/magazin\/wp-content\/uploads\/2015\/08\/CKO_9842-2.jpg","width":1600,"height":1065,"caption":"Zwei Frauen in traditioneller Kleidung stehen hinter einem Tisch mit handgefertigten T\u00f6pferwaren an einem rustikalen Marktstand."},{"@type":"BreadcrumbList","@id":"https:\/\/www.salzburgerland.com\/de\/magazin\/20-jahre-salzburger-bauernherbst\/#breadcrumb","itemListElement":[{"@type":"ListItem","position":1,"name":"Startseite","item":"https:\/\/www.salzburgerland.com\/de\/magazin\/"},{"@type":"ListItem","position":2,"name":"Archiv","item":"https:\/\/www.salzburgerland.com\/de\/magazin\/thema\/archiv\/"},{"@type":"ListItem","position":3,"name":"20 Jahre Salzburger Bauernherbst"}]},{"@type":"WebSite","@id":"https:\/\/www.salzburgerland.com\/de\/magazin\/#website","url":"https:\/\/www.salzburgerland.com\/de\/magazin\/","name":"SalzburgerLand Magazin","description":"Geschichten und Interessantes aus dem SalzburgerLand","publisher":{"@id":"https:\/\/www.salzburgerland.com\/de\/magazin\/#organization"},"potentialAction":[{"@type":"SearchAction","target":{"@type":"EntryPoint","urlTemplate":"https:\/\/www.salzburgerland.com\/de\/magazin\/?s={search_term_string}"},"query-input":{"@type":"PropertyValueSpecification","valueRequired":true,"valueName":"search_term_string"}}],"inLanguage":"de"},{"@type":"Organization","@id":"https:\/\/www.salzburgerland.com\/de\/magazin\/#organization","name":"SalzburgerLand Tourismus","url":"https:\/\/www.salzburgerland.com\/de\/magazin\/","logo":{"@type":"ImageObject","inLanguage":"de","@id":"https:\/\/www.salzburgerland.com\/de\/magazin\/#\/schema\/logo\/image\/","url":"https:\/\/www.salzburgerland.com\/de\/magazin\/wp-content\/uploads\/2019\/06\/salzburgerland-logo1.jpg","contentUrl":"https:\/\/www.salzburgerland.com\/de\/magazin\/wp-content\/uploads\/2019\/06\/salzburgerland-logo1.jpg","width":2011,"height":866,"caption":"SalzburgerLand Tourismus"},"image":{"@id":"https:\/\/www.salzburgerland.com\/de\/magazin\/#\/schema\/logo\/image\/"},"sameAs":["https:\/\/www.facebook.com\/salzburgerland\/","https:\/\/x.com\/Salzburgerland","https:\/\/www.instagram.com\/salzburgerland\/","https:\/\/at.linkedin.com\/company\/salzburgerland-tourismus-gmbh","https:\/\/www.pinterest.at\/salzburgerland\/","https:\/\/www.youtube.com\/user\/salzburgerland","https:\/\/de.wikipedia.org\/wiki\/SalzburgerLand_Tourismus_GmbH"]},{"@type":"Person","@id":"https:\/\/www.salzburgerland.com\/de\/magazin\/#\/schema\/person\/ebd2c9f244aeea71e30f3b5d5e309de4","name":"Peter Zeitlhofer","description":"'Von Neugier getrieben' - diese Worte kommen Peter Zeitlhofer wohl schon ziemlich nahe. Egal ob am Segelboot, im Tiefschnee, unterwegs in Stadt und Land, oder auf einer seinen vielen Reisen - er ist immer auf der Suche nach Neuem, nach dem Besonderen, probiert so ziemlich alles aus und liebt es, dar\u00fcber zu reden und zu berichten. Womit man auch schon fast bei seiner zweiten Leidenschaft w\u00e4re - dem Schreiben. Immer und \u00fcberall ausgestattet\u00a0mit seinem Notebook, hat der Salzburger, mit Wurzeln am Attersee, sein Office\u00a0im wahrsten Sinne des Wortes unterm Arm und k\u00f6nnte sich nichts besseres vorstellen, als die Geschichten dort zu erz\u00e4hlen, wo sie passieren. Fr\u00fchling, Sommer, Herbst oder Winter? Als Mensch der Extreme, mag ich auch bei den Jahreszeiten den Sommer und den Winter am liebsten. Obwohl nat\u00fcrlich auch der Fr\u00fchling seine Reize hat. Aber der Herbst? Rindsroulade vom Pinzgauer Biorind oder Saibling fangfrisch aus dem Fuschlsee? Immer diese Entscheidungen! Kann ich auch beides haben? Mundharmonika oder Stradivari? Weder noch - als Gitarrist k\u00f6nnte ich mit beiden Instrumenten nichts anfangen. Lederhose oder Smoking? Eindeutig Lederhose, die bei mir mittlerweile sogar den Einzug in den sommerlichen Alltag gefunden hat. Und der LederhosnDonnerstag ist \u00a0ohnehin Pflicht. Alpinski, Offpist oder Skitour? Hauptsache rauf auf den Berg! Was dann tats\u00e4chlich auf dem Programm steht ist zweitrangig. Nur so viel: wenn der Schnee passt, dann h\u00e4lt mich nichts oder niemand auf der Piste. Bergtour oder Seentour? F\u00fcr mich gibt es im Sommer nichts Sch\u00f6neres, als mit dem Segelboot auf unseren herrlichen Seen unterwegs zu sein. Also wenn ich die Wahl habe, dann nehme ich im Sommer die Berge h\u00f6chstens als Kulisse. Haubenlokal oder Ab-Hof-Laden? Auch hier nehme ich von beidem ein bisschen. Aber bei der Oma schmeckt's dann doch am besten.","url":"https:\/\/www.salzburgerland.com\/de\/magazin\/author\/peter-zeitlhofer\/"}]}},"_wl_alt_label":[],"wl:entity_url":"http:\/\/open.salzburgerland.com\/magazin\/post\/20_jahre_salzburger_bauernherbst","_links":{"self":[{"href":"https:\/\/www.salzburgerland.com\/de\/magazin\/wp-json\/wp\/v2\/posts\/100887","targetHints":{"allow":["GET"]}}],"collection":[{"href":"https:\/\/www.salzburgerland.com\/de\/magazin\/wp-json\/wp\/v2\/posts"}],"about":[{"href":"https:\/\/www.salzburgerland.com\/de\/magazin\/wp-json\/wp\/v2\/types\/post"}],"author":[{"embeddable":true,"href":"https:\/\/www.salzburgerland.com\/de\/magazin\/wp-json\/wp\/v2\/users\/505"}],"replies":[{"embeddable":true,"href":"https:\/\/www.salzburgerland.com\/de\/magazin\/wp-json\/wp\/v2\/comments?post=100887"}],"version-history":[{"count":5,"href":"https:\/\/www.salzburgerland.com\/de\/magazin\/wp-json\/wp\/v2\/posts\/100887\/revisions"}],"predecessor-version":[{"id":167213,"href":"https:\/\/www.salzburgerland.com\/de\/magazin\/wp-json\/wp\/v2\/posts\/100887\/revisions\/167213"}],"wp:featuredmedia":[{"embeddable":true,"href":"https:\/\/www.salzburgerland.com\/de\/magazin\/wp-json\/wp\/v2\/media\/101014"}],"wp:attachment":[{"href":"https:\/\/www.salzburgerland.com\/de\/magazin\/wp-json\/wp\/v2\/media?parent=100887"}],"wp:term":[{"taxonomy":"category","embeddable":true,"href":"https:\/\/www.salzburgerland.com\/de\/magazin\/wp-json\/wp\/v2\/categories?post=100887"},{"taxonomy":"post_tag","embeddable":true,"href":"https:\/\/www.salzburgerland.com\/de\/magazin\/wp-json\/wp\/v2\/tags?post=100887"},{"taxonomy":"wl_entity_type","embeddable":true,"href":"https:\/\/www.salzburgerland.com\/de\/magazin\/wp-json\/wp\/v2\/wl_entity_type?post=100887"},{"taxonomy":"monatsauswahl","embeddable":true,"href":"https:\/\/www.salzburgerland.com\/de\/magazin\/wp-json\/wp\/v2\/monatsauswahl?post=100887"}],"curies":[{"name":"wp","href":"https:\/\/api.w.org\/{rel}","templated":true}]}}