{"id":100612,"date":"2015-10-09T09:00:32","date_gmt":"2015-10-09T07:00:32","guid":{"rendered":"http:\/\/magazin.salzburgerland.com\/?p=100612"},"modified":"2023-06-28T10:58:43","modified_gmt":"2023-06-28T08:58:43","slug":"verliebt-in-den-muehlenrundweg-scheffau","status":"publish","type":"post","link":"https:\/\/www.salzburgerland.com\/de\/magazin\/verliebt-in-den-muehlenrundweg-scheffau\/","title":{"rendered":"M\u00fchlenrundweg Scheffau"},"content":{"rendered":"\n<h2 class=\"wp-block-slt-subtitle\">Erlebnisreiche Wanderung f\u00fcr die ganze Familie<\/h2>\n\n\n\n<p class=\"wp-block-slt-intro\">Bezaubernd sch\u00f6ne Natur, eine historische M\u00fchle aus dem 17. Jahrhundert und eine detailverliebte K\u00fcnstlerwerkstatt sind die Eckpfeiler eines Wanderwegs, der Familien seit jeher begeistert: Der M\u00fchlenrundweg Scheffau!<\/p>\n\n\n\n<p>Wer fr\u00fch morgens nach einem guten Fr\u00fchst\u00fcck die Wanderschuhe schn\u00fcrt, sehnt sich meist nicht nur nach sportlicher Ert\u00fcchtigung, sondern nach tollen Bildern, magischen Momenten und dem Gef\u00fchl, der Natur endlich wieder nahe zu sein. Wie w\u00e4re es, obendrein noch eine alte\u00a0M\u00fchlen und eine sympathische K\u00fcnstlerwerkst\u00e4tte\u00a0zu entdecken, an einem rei\u00dfenden Wasserfall vorbei zu spazieren und zudem\u00a0an einem spannenden Quiz mit dem Nachwuchs zu t\u00fcfteln? Der <a href=\"https:\/\/abtenau-info.at\/ausflugsziel\/muehlenrundweg-scheffau\/\" target=\"_blank\" rel=\"noreferrer noopener\">M\u00fchlenrundweg Scheffau<\/a> hat all das zu bieten \u2013 bei einer Wanderzeit von nur anderthalb Stunden!<\/p>\n\n\n\n<figure class=\"wp-block-image alignnone size-full\"><a href=\"https:\/\/www.salzburgerland.com\/de\/magazin\/wp-content\/uploads\/2015\/08\/MK-Muehle_01.jpg\"><img loading=\"lazy\" decoding=\"async\" width=\"1600\" height=\"1066\" src=\"https:\/\/www.salzburgerland.com\/de\/magazin\/wp-content\/uploads\/2015\/08\/MK-Muehle_01.jpg\" alt=\"Ein Teddyb\u00e4r sitzt neben einem Rucksack und einer Decke in einem Wald in der N\u00e4he eines Wasserfalls und hat ein Herz auf einen Felsen gemalt.\" class=\"wp-image-100614\" srcset=\"https:\/\/www.salzburgerland.com\/de\/magazin\/wp-content\/uploads\/2015\/08\/MK-Muehle_01.jpg 1600w, https:\/\/www.salzburgerland.com\/de\/magazin\/wp-content\/uploads\/2015\/08\/MK-Muehle_01-300x200.jpg 300w, https:\/\/www.salzburgerland.com\/de\/magazin\/wp-content\/uploads\/2015\/08\/MK-Muehle_01-826x550.jpg 826w, https:\/\/www.salzburgerland.com\/de\/magazin\/wp-content\/uploads\/2015\/08\/MK-Muehle_01-600x400.jpg 600w, https:\/\/www.salzburgerland.com\/de\/magazin\/wp-content\/uploads\/2015\/08\/MK-Muehle_01-1320x879.jpg 1320w\" sizes=\"auto, (max-width: 1600px) 100vw, 1600px\" \/><\/a><figcaption class=\"wp-element-caption\">Zum Verlieben sch\u00f6n: der M\u00fchelnrundweg Scheffau. Foto: TVB Scheffau<\/figcaption><\/figure>\n\n\n\n<p>Besonders f\u00fcr Familien ist der Weg ein echtes Muss. Immer entlang des idyllischen Schwarzenbaches geht es durch die Tennengauer Landschaft. Hier, knapp 50 Kilometer von der Mozartstadt entfernt, finden sich Wanderer und Naturverliebter inmitten von beeindruckend emporragenden Bergklippen, sanften Graswiesen und gem\u00fctlicher Almen. Das Leben tickt hier um einige Takte langsamer \u2013 so hat man Zeit, dem Pl\u00e4tschern der zahlreichen Wasserquellen zuzuh\u00f6ren.<\/p>\n\n\n\n<p>Einer der&nbsp;beeindruckend sch\u00f6nen Kraftpl\u00e4tze, die Sie auf dem M\u00fchlenrundweg erobern werden, ist die namengebende Alte M\u00fchle. Die historische Getreidem\u00fchle aus dem 17. Jahrhundert diente den M\u00fcllern mehrere Jahrhunderte und war bis 1958 in Betrieb. Ein paar Jahre Pause hatte sich das Holzgetriebe wohl auch verdient \u2013 1975 jedoch brach f\u00fcr die treue M\u00fchle eine neue \u00c4ra angebrochen. Frisch restauriert erfreut ihr Rad heute nicht nur die M\u00fcller, sondern auch alle Wanderfreunde mit ihrem flei\u00dfigen Klappern.<\/p>\n\n\n\n<figure class=\"wp-block-image alignnone size-full\"><a href=\"https:\/\/www.salzburgerland.com\/de\/magazin\/wp-content\/uploads\/2015\/08\/MK-Muehle_20.jpg\"><img loading=\"lazy\" decoding=\"async\" width=\"1600\" height=\"1066\" src=\"https:\/\/www.salzburgerland.com\/de\/magazin\/wp-content\/uploads\/2015\/08\/MK-Muehle_20.jpg\" alt=\"Ein h\u00f6lzernes Wasserm\u00fchlenrad, das sich dreht, w\u00e4hrend Wasser dar\u00fcber flie\u00dft, umgeben von \u00fcppigem Gr\u00fcn und Felsen.\" class=\"wp-image-100615\" srcset=\"https:\/\/www.salzburgerland.com\/de\/magazin\/wp-content\/uploads\/2015\/08\/MK-Muehle_20.jpg 1600w, https:\/\/www.salzburgerland.com\/de\/magazin\/wp-content\/uploads\/2015\/08\/MK-Muehle_20-300x200.jpg 300w, https:\/\/www.salzburgerland.com\/de\/magazin\/wp-content\/uploads\/2015\/08\/MK-Muehle_20-826x550.jpg 826w, https:\/\/www.salzburgerland.com\/de\/magazin\/wp-content\/uploads\/2015\/08\/MK-Muehle_20-600x400.jpg 600w, https:\/\/www.salzburgerland.com\/de\/magazin\/wp-content\/uploads\/2015\/08\/MK-Muehle_20-1320x879.jpg 1320w\" sizes=\"auto, (max-width: 1600px) 100vw, 1600px\" \/><\/a><figcaption class=\"wp-element-caption\">Der alten M\u00fchle wohnt eine beruhigende Kraft inne. Foto: TVB Scheffau<\/figcaption><\/figure>\n\n\n\n<p>Ihre Reise ins M\u00fchlenparadies beginnt am Parkplatz in Oberscheffau. Startet ihr von hier, begegnet euch sehr bald das K\u00fcnstlerh\u00e4uschen &#8222;HerzArt&#8220;. Unterhaltet euch mit der herzlichen Inhaberin und seht euch  ein wenig um, bevor es mit den Wanderst\u00f6cken munter weiter geht. Ob f\u00fcr Kinder oder Erwachsene: Auf dieser Wanderung wird einem einfach nicht langweilig. Kaum hat man die geschichtstr\u00e4chtige Getreidem\u00fchle und ihr eifriges Treiben bestaunt, kommt gleich die n\u00e4chste Attraktion. Die Marmorkugelm\u00fchle. Die Produktion von Marmorkugeln als Spielzeug war fr\u00fcher ein b\u00e4uerliches Nebengewerbe.\u00a0Die Kugeln wurden in den vergangenen Jahrhunderten als Salzburger &#8222;Spezialit\u00e4t&#8220; weltweit vertrieben.<\/p>\n\n\n\n<p>Weiter geht es danach zum Schwarzenbachfall, am Winner-Wasserfall vorbei \u00fcber den Aussichtspunkt Tennengebirge gem\u00fctlich wieder zur\u00fcck zum Parkplatz. Die Dauer der Wanderung betr\u00e4gt rund eineinhalb Stunden.<\/p>\n\n\n\n<figure class=\"wp-block-embed is-type-video is-provider-youtube wp-block-embed-youtube wp-embed-aspect-16-9 wp-has-aspect-ratio\"><div class=\"wp-block-embed__wrapper\">\n<iframe loading=\"lazy\" title=\"Alte M\u00fchle Golling\/Scheffau - Wandaverlag\" width=\"640\" height=\"360\" src=\"https:\/\/www.youtube-nocookie.com\/embed\/tJEKbMdeSWo?feature=oembed&#038;rel=0&#038;modestbranding=1\" frameborder=\"0\" allow=\"accelerometer; autoplay; clipboard-write; encrypted-media; gyroscope; picture-in-picture; web-share\" referrerpolicy=\"strict-origin-when-cross-origin\" allowfullscreen><\/iframe>\n<\/div><\/figure>\n","protected":false},"excerpt":{"rendered":"<p>Wer fr\u00fch morgens nach einem guten Fr\u00fchst\u00fcck die Wanderschuhe schn\u00fcrt, sehnt sich meist nicht nur nach sportlicher Ert\u00fcchtigung, sondern nach tollen Bildern, magischen Momenten und dem Gef\u00fchl, der Natur endlich wieder nahe zu sein. Wie w\u00e4re es, obendrein noch eine alte\u00a0M\u00fchlen und eine sympathische K\u00fcnstlerwerkst\u00e4tte\u00a0zu entdecken, an einem rei\u00dfenden Wasserfall vorbei zu spazieren und zudem\u00a0an [&hellip;]<\/p>\n","protected":false},"author":8,"featured_media":100617,"comment_status":"open","ping_status":"open","sticky":false,"template":"","format":"standard","meta":{"_acf_changed":false,"wl_entities_gutenberg":"","_wl_entity_redirect_enabled":"","footnotes":""},"categories":[9],"tags":[231],"wl_entity_type":[306],"monatsauswahl":[],"class_list":["post-100612","post","type-post","status-publish","format-standard","has-post-thumbnail","hentry","category-sehenswurdig","tag-family","wl_entity_type-article"],"acf":[],"yoast_head":"<!-- This site is optimized with the Yoast SEO Premium plugin v27.4 (Yoast SEO v27.4) - https:\/\/yoast.com\/product\/yoast-seo-premium-wordpress\/ -->\n<title>M\u00fchlenrundweg Scheffau - SalzburgerLand Magazin<\/title>\n<meta name=\"description\" content=\"Bezaubernd sch\u00f6ne Natur, eine historische M\u00fchle aus dem 17. Jahrhundert und eine detailverliebte K\u00fcnstlerwerkstatt sind die Eckpfeiler eines Wanderwegs, der Familien seit jeher begeistert: Der M\u00fchlenrundweg Scheffau!\" \/>\n<meta name=\"robots\" content=\"index, follow, max-snippet:-1, max-image-preview:large, max-video-preview:-1\" \/>\n<link rel=\"canonical\" href=\"https:\/\/www.salzburgerland.com\/de\/magazin\/verliebt-in-den-muehlenrundweg-scheffau\/\" \/>\n<meta property=\"og:locale\" content=\"de_DE\" \/>\n<meta property=\"og:type\" content=\"article\" \/>\n<meta property=\"og:title\" content=\"M\u00fchlenrundweg Scheffau\" \/>\n<meta property=\"og:description\" content=\"Wer fr\u00fch morgens nach einem guten Fr\u00fchst\u00fcck die Wanderschuhe schn\u00fcrt, sehnt sich meist nicht nur nach sportlicher Ert\u00fcchtigung, sondern nach tollen Bildern, magischen Momenten und dem Gef\u00fchl, der Natur endlich wieder nahe zu sein. Wie w\u00e4re es, obendrein noch eine alte\u00a0M\u00fchlen und eine sympathische K\u00fcnstlerwerkst\u00e4tte\u00a0zu entdecken, an einem rei\u00dfenden Wasserfall vorbei zu spazieren und zudem\u00a0an [&hellip;]\" \/>\n<meta property=\"og:url\" content=\"https:\/\/www.salzburgerland.com\/de\/magazin\/verliebt-in-den-muehlenrundweg-scheffau\/\" \/>\n<meta property=\"og:site_name\" content=\"SalzburgerLand Magazin\" \/>\n<meta property=\"article:publisher\" content=\"https:\/\/www.facebook.com\/salzburgerland\/\" \/>\n<meta property=\"article:published_time\" content=\"2015-10-09T07:00:32+00:00\" \/>\n<meta property=\"article:modified_time\" content=\"2023-06-28T08:58:43+00:00\" \/>\n<meta property=\"og:image\" content=\"https:\/\/www.salzburgerland.com\/de\/magazin\/wp-content\/uploads\/2015\/08\/muhlenrundweg013.jpg\" \/>\n\t<meta property=\"og:image:width\" content=\"500\" \/>\n\t<meta property=\"og:image:height\" content=\"332\" \/>\n\t<meta property=\"og:image:type\" content=\"image\/jpeg\" \/>\n<meta name=\"author\" content=\"Christine Gnahn\" \/>\n<meta name=\"twitter:card\" content=\"summary_large_image\" \/>\n<meta name=\"twitter:creator\" content=\"@Salzburgerland\" \/>\n<meta name=\"twitter:site\" content=\"@Salzburgerland\" \/>\n<meta name=\"twitter:label1\" content=\"Verfasst von\" \/>\n\t<meta name=\"twitter:data1\" content=\"Christine Gnahn\" \/>\n\t<meta name=\"twitter:label2\" content=\"Gesch\u00e4tzte Lesezeit\" \/>\n\t<meta name=\"twitter:data2\" content=\"3\u00a0Minuten\" \/>\n<script type=\"application\/ld+json\" class=\"yoast-schema-graph\">{\"@context\":\"https:\\\/\\\/schema.org\",\"@graph\":[{\"@type\":\"Article\",\"@id\":\"https:\\\/\\\/www.salzburgerland.com\\\/de\\\/magazin\\\/verliebt-in-den-muehlenrundweg-scheffau\\\/#article\",\"isPartOf\":{\"@id\":\"https:\\\/\\\/www.salzburgerland.com\\\/de\\\/magazin\\\/verliebt-in-den-muehlenrundweg-scheffau\\\/\"},\"author\":{\"name\":\"Christine Gnahn\",\"@id\":\"https:\\\/\\\/www.salzburgerland.com\\\/de\\\/magazin\\\/#\\\/schema\\\/person\\\/bffbd5cf7c6a1f4948505566c7fcff7c\"},\"headline\":\"M\u00fchlenrundweg Scheffau\",\"datePublished\":\"2015-10-09T07:00:32+00:00\",\"dateModified\":\"2023-06-28T08:58:43+00:00\",\"mainEntityOfPage\":{\"@id\":\"https:\\\/\\\/www.salzburgerland.com\\\/de\\\/magazin\\\/verliebt-in-den-muehlenrundweg-scheffau\\\/\"},\"wordCount\":446,\"commentCount\":0,\"publisher\":{\"@id\":\"https:\\\/\\\/www.salzburgerland.com\\\/de\\\/magazin\\\/#organization\"},\"image\":{\"@id\":\"https:\\\/\\\/www.salzburgerland.com\\\/de\\\/magazin\\\/verliebt-in-den-muehlenrundweg-scheffau\\\/#primaryimage\"},\"thumbnailUrl\":\"https:\\\/\\\/www.salzburgerland.com\\\/de\\\/magazin\\\/wp-content\\\/uploads\\\/2015\\\/08\\\/muhlenrundweg013.jpg\",\"keywords\":[\"Family-Time im SalzburgerLand\"],\"articleSection\":[\"Sehensw\u00fcrdig\"],\"inLanguage\":\"de\",\"potentialAction\":[{\"@type\":\"CommentAction\",\"name\":\"Comment\",\"target\":[\"https:\\\/\\\/www.salzburgerland.com\\\/de\\\/magazin\\\/verliebt-in-den-muehlenrundweg-scheffau\\\/#respond\"]}]},{\"@type\":\"WebPage\",\"@id\":\"https:\\\/\\\/www.salzburgerland.com\\\/de\\\/magazin\\\/verliebt-in-den-muehlenrundweg-scheffau\\\/\",\"url\":\"https:\\\/\\\/www.salzburgerland.com\\\/de\\\/magazin\\\/verliebt-in-den-muehlenrundweg-scheffau\\\/\",\"name\":\"M\u00fchlenrundweg Scheffau - SalzburgerLand Magazin\",\"isPartOf\":{\"@id\":\"https:\\\/\\\/www.salzburgerland.com\\\/de\\\/magazin\\\/#website\"},\"primaryImageOfPage\":{\"@id\":\"https:\\\/\\\/www.salzburgerland.com\\\/de\\\/magazin\\\/verliebt-in-den-muehlenrundweg-scheffau\\\/#primaryimage\"},\"image\":{\"@id\":\"https:\\\/\\\/www.salzburgerland.com\\\/de\\\/magazin\\\/verliebt-in-den-muehlenrundweg-scheffau\\\/#primaryimage\"},\"thumbnailUrl\":\"https:\\\/\\\/www.salzburgerland.com\\\/de\\\/magazin\\\/wp-content\\\/uploads\\\/2015\\\/08\\\/muhlenrundweg013.jpg\",\"datePublished\":\"2015-10-09T07:00:32+00:00\",\"dateModified\":\"2023-06-28T08:58:43+00:00\",\"breadcrumb\":{\"@id\":\"https:\\\/\\\/www.salzburgerland.com\\\/de\\\/magazin\\\/verliebt-in-den-muehlenrundweg-scheffau\\\/#breadcrumb\"},\"inLanguage\":\"de\",\"potentialAction\":[{\"@type\":\"ReadAction\",\"target\":[\"https:\\\/\\\/www.salzburgerland.com\\\/de\\\/magazin\\\/verliebt-in-den-muehlenrundweg-scheffau\\\/\"]}]},{\"@type\":\"ImageObject\",\"inLanguage\":\"de\",\"@id\":\"https:\\\/\\\/www.salzburgerland.com\\\/de\\\/magazin\\\/verliebt-in-den-muehlenrundweg-scheffau\\\/#primaryimage\",\"url\":\"https:\\\/\\\/www.salzburgerland.com\\\/de\\\/magazin\\\/wp-content\\\/uploads\\\/2015\\\/08\\\/muhlenrundweg013.jpg\",\"contentUrl\":\"https:\\\/\\\/www.salzburgerland.com\\\/de\\\/magazin\\\/wp-content\\\/uploads\\\/2015\\\/08\\\/muhlenrundweg013.jpg\",\"width\":500,\"height\":332,\"caption\":\"Familie in \u00f6sterreichischer Tracht genie\u00dft ein Essen drau\u00dfen an einem Holztisch bei einer rustikalen H\u00fctte, eine Frau serviert.\"},{\"@type\":\"BreadcrumbList\",\"@id\":\"https:\\\/\\\/www.salzburgerland.com\\\/de\\\/magazin\\\/verliebt-in-den-muehlenrundweg-scheffau\\\/#breadcrumb\",\"itemListElement\":[{\"@type\":\"ListItem\",\"position\":1,\"name\":\"Startseite\",\"item\":\"https:\\\/\\\/www.salzburgerland.com\\\/de\\\/magazin\\\/\"},{\"@type\":\"ListItem\",\"position\":2,\"name\":\"Sehensw\u00fcrdig\",\"item\":\"https:\\\/\\\/www.salzburgerland.com\\\/de\\\/magazin\\\/thema\\\/sehenswurdig\\\/\"},{\"@type\":\"ListItem\",\"position\":3,\"name\":\"M\u00fchlenrundweg Scheffau\"}]},{\"@type\":\"WebSite\",\"@id\":\"https:\\\/\\\/www.salzburgerland.com\\\/de\\\/magazin\\\/#website\",\"url\":\"https:\\\/\\\/www.salzburgerland.com\\\/de\\\/magazin\\\/\",\"name\":\"SalzburgerLand Magazin\",\"description\":\"Geschichten und Interessantes aus dem SalzburgerLand\",\"publisher\":{\"@id\":\"https:\\\/\\\/www.salzburgerland.com\\\/de\\\/magazin\\\/#organization\"},\"potentialAction\":[{\"@type\":\"SearchAction\",\"target\":{\"@type\":\"EntryPoint\",\"urlTemplate\":\"https:\\\/\\\/www.salzburgerland.com\\\/de\\\/magazin\\\/?s={search_term_string}\"},\"query-input\":{\"@type\":\"PropertyValueSpecification\",\"valueRequired\":true,\"valueName\":\"search_term_string\"}}],\"inLanguage\":\"de\"},{\"@type\":\"Organization\",\"@id\":\"https:\\\/\\\/www.salzburgerland.com\\\/de\\\/magazin\\\/#organization\",\"name\":\"SalzburgerLand Tourismus\",\"url\":\"https:\\\/\\\/www.salzburgerland.com\\\/de\\\/magazin\\\/\",\"logo\":{\"@type\":\"ImageObject\",\"inLanguage\":\"de\",\"@id\":\"https:\\\/\\\/www.salzburgerland.com\\\/de\\\/magazin\\\/#\\\/schema\\\/logo\\\/image\\\/\",\"url\":\"https:\\\/\\\/www.salzburgerland.com\\\/de\\\/magazin\\\/wp-content\\\/uploads\\\/2019\\\/06\\\/salzburgerland-logo1.jpg\",\"contentUrl\":\"https:\\\/\\\/www.salzburgerland.com\\\/de\\\/magazin\\\/wp-content\\\/uploads\\\/2019\\\/06\\\/salzburgerland-logo1.jpg\",\"width\":2011,\"height\":866,\"caption\":\"SalzburgerLand Tourismus\"},\"image\":{\"@id\":\"https:\\\/\\\/www.salzburgerland.com\\\/de\\\/magazin\\\/#\\\/schema\\\/logo\\\/image\\\/\"},\"sameAs\":[\"https:\\\/\\\/www.facebook.com\\\/salzburgerland\\\/\",\"https:\\\/\\\/x.com\\\/Salzburgerland\",\"https:\\\/\\\/www.instagram.com\\\/salzburgerland\\\/\",\"https:\\\/\\\/at.linkedin.com\\\/company\\\/salzburgerland-tourismus-gmbh\",\"https:\\\/\\\/www.pinterest.at\\\/salzburgerland\\\/\",\"https:\\\/\\\/www.youtube.com\\\/user\\\/salzburgerland\",\"https:\\\/\\\/de.wikipedia.org\\\/wiki\\\/SalzburgerLand_Tourismus_GmbH\"]},{\"@type\":\"Person\",\"@id\":\"https:\\\/\\\/www.salzburgerland.com\\\/de\\\/magazin\\\/#\\\/schema\\\/person\\\/bffbd5cf7c6a1f4948505566c7fcff7c\",\"name\":\"Christine Gnahn\",\"description\":\"Christine Gnahn ist mit Leidenschaft dabei, wenn es um Kunst, Kultur und Menschen im sch\u00f6nen SalzburgerLand geht. In ihrer Freizeit ist sie gern immer im Trubel des Geschehens und verbringt viel Zeit mit Sport und Wandern in der heilsamen Atmosph\u00e4re vom Salzburger M\u00f6nchs- und Kapuzinerberg. Das Schreiben ist sowohl Beruf als auch Hobby: Auch Gedichte, Kurzgeschichten und Romane z\u00e4hlen zum Repertoire der 22-j\u00e4hrigen Journalistin und Schrifstellerin. Um den eigenen Horrizont zu erweitern, begibt sie sich regelm\u00e4\u00dfig auf abenteuerliche Rucksackreisen durch aller Herren L\u00e4nder. Lebensmotto: Leb den Moment! Fragen mit Antworten von Christine Gnahn Morgen- oder Abendmensch? Wenn Morgens die Sonne aufgeht bin ich putzmunter und hab Riesenhunger auf Fr\u00fchst\u00fcck und Leben! Ich wei\u00df ich geh\u00f6re einer aussterbenden Rasse an aber ich f\u00fchle mich pudelwohl damit! Im Morgen liegt einfach eine besondere Kraft: Die Kraft des Neubeginns. Wellnessurlaub oder Rucksackreise? Rucksackreise, ruhig auch ohne jeglichen Komfort. Ich gehe auf Reisen, um Menschen, Land und Lebensgef\u00fchl zu sp\u00fcren. Dazu braucht es weder h\u00fcbsches Hotelzimmer noch edle Buffets. Alles Hab und Gut auf den R\u00fccken und bereit f\u00fcr jedes Abenteuer, das ist doch die wahre Freiheit! Berge oder Meer? Obwohl ich die Berge sehr liebe, w\u00fcrde ich wohl meist das Meer bevorzugen. Schon als Kind Stunden und Tage an der Adria verbracht, ist es mit seinen Wellen, Str\u00f6mung, Flut und Ebbe f\u00fcr mich Sinnbild der Energie und der Ruhe zugleich. Wandern oder Laufen? Ich bin ein Sportfreak. Erst morgens Laufen, dann Wandern! Turnschuhe oder High Heels? Ich besitze ein paar High Heels und die trage ich ungef\u00e4hr einmal in zwei Jahren. Im \u00fcbrigen ist High Heel wohl auch ein klarer Euphemismus f\u00fcr drei Zentimeter Absatz. Gmiadlich soll's sein und ich will mich wohlf\u00fchlen, daher: Turnschuhe! Fr\u00fchling, Sommer, Herbst oder Winter? Ich mag eigentlich jede Jahreszeit. Grad in Australien, wo grad im Norden Jahreszeiten eigentlich komplett durch Regen- und Trockenzeit ersetzt werden, lernt man sie zu sch\u00e4tzen. Aber wenn ich w\u00e4hlen muss, mag ich wohl Fr\u00fchling und Sommer am liebsten. Rindsroulade vom Pinzgauer Biorind oder Saibling fangfrisch aus dem\u00a0Fuschlsee? Ganz klar der Fisch! Grad frischem Fisch kann ich nicht widerstehen. Dazu noch ein Hauch Zitrone... mhhhh!\",\"url\":\"https:\\\/\\\/www.salzburgerland.com\\\/de\\\/magazin\\\/author\\\/cgnahn\\\/\"}]}<\/script>\n<meta property=\"og:video\" content=\"https:\/\/www.youtube.com\/embed\/tJEKbMdeSWo\" \/>\n<meta property=\"og:video:type\" content=\"text\/html\" \/>\n<meta property=\"og:video:duration\" content=\"75\" \/>\n<meta property=\"og:video:width\" content=\"480\" \/>\n<meta property=\"og:video:height\" content=\"270\" \/>\n<meta property=\"ya:ovs:adult\" content=\"false\" \/>\n<meta property=\"ya:ovs:upload_date\" content=\"2015-10-09T07:00:32+00:00\" \/>\n<meta property=\"ya:ovs:allow_embed\" content=\"true\" \/>\n<!-- \/ Yoast SEO Premium plugin. -->","yoast_head_json":{"title":"M\u00fchlenrundweg Scheffau - SalzburgerLand Magazin","description":"Bezaubernd sch\u00f6ne Natur, eine historische M\u00fchle aus dem 17. Jahrhundert und eine detailverliebte K\u00fcnstlerwerkstatt sind die Eckpfeiler eines Wanderwegs, der Familien seit jeher begeistert: Der M\u00fchlenrundweg Scheffau!","robots":{"index":"index","follow":"follow","max-snippet":"max-snippet:-1","max-image-preview":"max-image-preview:large","max-video-preview":"max-video-preview:-1"},"canonical":"https:\/\/www.salzburgerland.com\/de\/magazin\/verliebt-in-den-muehlenrundweg-scheffau\/","og_locale":"de_DE","og_type":"article","og_title":"M\u00fchlenrundweg Scheffau","og_description":"Wer fr\u00fch morgens nach einem guten Fr\u00fchst\u00fcck die Wanderschuhe schn\u00fcrt, sehnt sich meist nicht nur nach sportlicher Ert\u00fcchtigung, sondern nach tollen Bildern, magischen Momenten und dem Gef\u00fchl, der Natur endlich wieder nahe zu sein. Wie w\u00e4re es, obendrein noch eine alte\u00a0M\u00fchlen und eine sympathische K\u00fcnstlerwerkst\u00e4tte\u00a0zu entdecken, an einem rei\u00dfenden Wasserfall vorbei zu spazieren und zudem\u00a0an [&hellip;]","og_url":"https:\/\/www.salzburgerland.com\/de\/magazin\/verliebt-in-den-muehlenrundweg-scheffau\/","og_site_name":"SalzburgerLand Magazin","article_publisher":"https:\/\/www.facebook.com\/salzburgerland\/","article_published_time":"2015-10-09T07:00:32+00:00","article_modified_time":"2023-06-28T08:58:43+00:00","og_image":[{"width":500,"height":332,"url":"https:\/\/www.salzburgerland.com\/de\/magazin\/wp-content\/uploads\/2015\/08\/muhlenrundweg013.jpg","type":"image\/jpeg"}],"author":"Christine Gnahn","twitter_card":"summary_large_image","twitter_creator":"@Salzburgerland","twitter_site":"@Salzburgerland","twitter_misc":{"Verfasst von":"Christine Gnahn","Gesch\u00e4tzte Lesezeit":"3\u00a0Minuten"},"schema":{"@context":"https:\/\/schema.org","@graph":[{"@type":"Article","@id":"https:\/\/www.salzburgerland.com\/de\/magazin\/verliebt-in-den-muehlenrundweg-scheffau\/#article","isPartOf":{"@id":"https:\/\/www.salzburgerland.com\/de\/magazin\/verliebt-in-den-muehlenrundweg-scheffau\/"},"author":{"name":"Christine Gnahn","@id":"https:\/\/www.salzburgerland.com\/de\/magazin\/#\/schema\/person\/bffbd5cf7c6a1f4948505566c7fcff7c"},"headline":"M\u00fchlenrundweg Scheffau","datePublished":"2015-10-09T07:00:32+00:00","dateModified":"2023-06-28T08:58:43+00:00","mainEntityOfPage":{"@id":"https:\/\/www.salzburgerland.com\/de\/magazin\/verliebt-in-den-muehlenrundweg-scheffau\/"},"wordCount":446,"commentCount":0,"publisher":{"@id":"https:\/\/www.salzburgerland.com\/de\/magazin\/#organization"},"image":{"@id":"https:\/\/www.salzburgerland.com\/de\/magazin\/verliebt-in-den-muehlenrundweg-scheffau\/#primaryimage"},"thumbnailUrl":"https:\/\/www.salzburgerland.com\/de\/magazin\/wp-content\/uploads\/2015\/08\/muhlenrundweg013.jpg","keywords":["Family-Time im SalzburgerLand"],"articleSection":["Sehensw\u00fcrdig"],"inLanguage":"de","potentialAction":[{"@type":"CommentAction","name":"Comment","target":["https:\/\/www.salzburgerland.com\/de\/magazin\/verliebt-in-den-muehlenrundweg-scheffau\/#respond"]}]},{"@type":"WebPage","@id":"https:\/\/www.salzburgerland.com\/de\/magazin\/verliebt-in-den-muehlenrundweg-scheffau\/","url":"https:\/\/www.salzburgerland.com\/de\/magazin\/verliebt-in-den-muehlenrundweg-scheffau\/","name":"M\u00fchlenrundweg Scheffau - SalzburgerLand Magazin","isPartOf":{"@id":"https:\/\/www.salzburgerland.com\/de\/magazin\/#website"},"primaryImageOfPage":{"@id":"https:\/\/www.salzburgerland.com\/de\/magazin\/verliebt-in-den-muehlenrundweg-scheffau\/#primaryimage"},"image":{"@id":"https:\/\/www.salzburgerland.com\/de\/magazin\/verliebt-in-den-muehlenrundweg-scheffau\/#primaryimage"},"thumbnailUrl":"https:\/\/www.salzburgerland.com\/de\/magazin\/wp-content\/uploads\/2015\/08\/muhlenrundweg013.jpg","datePublished":"2015-10-09T07:00:32+00:00","dateModified":"2023-06-28T08:58:43+00:00","breadcrumb":{"@id":"https:\/\/www.salzburgerland.com\/de\/magazin\/verliebt-in-den-muehlenrundweg-scheffau\/#breadcrumb"},"inLanguage":"de","potentialAction":[{"@type":"ReadAction","target":["https:\/\/www.salzburgerland.com\/de\/magazin\/verliebt-in-den-muehlenrundweg-scheffau\/"]}]},{"@type":"ImageObject","inLanguage":"de","@id":"https:\/\/www.salzburgerland.com\/de\/magazin\/verliebt-in-den-muehlenrundweg-scheffau\/#primaryimage","url":"https:\/\/www.salzburgerland.com\/de\/magazin\/wp-content\/uploads\/2015\/08\/muhlenrundweg013.jpg","contentUrl":"https:\/\/www.salzburgerland.com\/de\/magazin\/wp-content\/uploads\/2015\/08\/muhlenrundweg013.jpg","width":500,"height":332,"caption":"Familie in \u00f6sterreichischer Tracht genie\u00dft ein Essen drau\u00dfen an einem Holztisch bei einer rustikalen H\u00fctte, eine Frau serviert."},{"@type":"BreadcrumbList","@id":"https:\/\/www.salzburgerland.com\/de\/magazin\/verliebt-in-den-muehlenrundweg-scheffau\/#breadcrumb","itemListElement":[{"@type":"ListItem","position":1,"name":"Startseite","item":"https:\/\/www.salzburgerland.com\/de\/magazin\/"},{"@type":"ListItem","position":2,"name":"Sehensw\u00fcrdig","item":"https:\/\/www.salzburgerland.com\/de\/magazin\/thema\/sehenswurdig\/"},{"@type":"ListItem","position":3,"name":"M\u00fchlenrundweg Scheffau"}]},{"@type":"WebSite","@id":"https:\/\/www.salzburgerland.com\/de\/magazin\/#website","url":"https:\/\/www.salzburgerland.com\/de\/magazin\/","name":"SalzburgerLand Magazin","description":"Geschichten und Interessantes aus dem SalzburgerLand","publisher":{"@id":"https:\/\/www.salzburgerland.com\/de\/magazin\/#organization"},"potentialAction":[{"@type":"SearchAction","target":{"@type":"EntryPoint","urlTemplate":"https:\/\/www.salzburgerland.com\/de\/magazin\/?s={search_term_string}"},"query-input":{"@type":"PropertyValueSpecification","valueRequired":true,"valueName":"search_term_string"}}],"inLanguage":"de"},{"@type":"Organization","@id":"https:\/\/www.salzburgerland.com\/de\/magazin\/#organization","name":"SalzburgerLand Tourismus","url":"https:\/\/www.salzburgerland.com\/de\/magazin\/","logo":{"@type":"ImageObject","inLanguage":"de","@id":"https:\/\/www.salzburgerland.com\/de\/magazin\/#\/schema\/logo\/image\/","url":"https:\/\/www.salzburgerland.com\/de\/magazin\/wp-content\/uploads\/2019\/06\/salzburgerland-logo1.jpg","contentUrl":"https:\/\/www.salzburgerland.com\/de\/magazin\/wp-content\/uploads\/2019\/06\/salzburgerland-logo1.jpg","width":2011,"height":866,"caption":"SalzburgerLand Tourismus"},"image":{"@id":"https:\/\/www.salzburgerland.com\/de\/magazin\/#\/schema\/logo\/image\/"},"sameAs":["https:\/\/www.facebook.com\/salzburgerland\/","https:\/\/x.com\/Salzburgerland","https:\/\/www.instagram.com\/salzburgerland\/","https:\/\/at.linkedin.com\/company\/salzburgerland-tourismus-gmbh","https:\/\/www.pinterest.at\/salzburgerland\/","https:\/\/www.youtube.com\/user\/salzburgerland","https:\/\/de.wikipedia.org\/wiki\/SalzburgerLand_Tourismus_GmbH"]},{"@type":"Person","@id":"https:\/\/www.salzburgerland.com\/de\/magazin\/#\/schema\/person\/bffbd5cf7c6a1f4948505566c7fcff7c","name":"Christine Gnahn","description":"Christine Gnahn ist mit Leidenschaft dabei, wenn es um Kunst, Kultur und Menschen im sch\u00f6nen SalzburgerLand geht. In ihrer Freizeit ist sie gern immer im Trubel des Geschehens und verbringt viel Zeit mit Sport und Wandern in der heilsamen Atmosph\u00e4re vom Salzburger M\u00f6nchs- und Kapuzinerberg. Das Schreiben ist sowohl Beruf als auch Hobby: Auch Gedichte, Kurzgeschichten und Romane z\u00e4hlen zum Repertoire der 22-j\u00e4hrigen Journalistin und Schrifstellerin. Um den eigenen Horrizont zu erweitern, begibt sie sich regelm\u00e4\u00dfig auf abenteuerliche Rucksackreisen durch aller Herren L\u00e4nder. Lebensmotto: Leb den Moment! Fragen mit Antworten von Christine Gnahn Morgen- oder Abendmensch? Wenn Morgens die Sonne aufgeht bin ich putzmunter und hab Riesenhunger auf Fr\u00fchst\u00fcck und Leben! Ich wei\u00df ich geh\u00f6re einer aussterbenden Rasse an aber ich f\u00fchle mich pudelwohl damit! Im Morgen liegt einfach eine besondere Kraft: Die Kraft des Neubeginns. Wellnessurlaub oder Rucksackreise? Rucksackreise, ruhig auch ohne jeglichen Komfort. Ich gehe auf Reisen, um Menschen, Land und Lebensgef\u00fchl zu sp\u00fcren. Dazu braucht es weder h\u00fcbsches Hotelzimmer noch edle Buffets. Alles Hab und Gut auf den R\u00fccken und bereit f\u00fcr jedes Abenteuer, das ist doch die wahre Freiheit! Berge oder Meer? Obwohl ich die Berge sehr liebe, w\u00fcrde ich wohl meist das Meer bevorzugen. Schon als Kind Stunden und Tage an der Adria verbracht, ist es mit seinen Wellen, Str\u00f6mung, Flut und Ebbe f\u00fcr mich Sinnbild der Energie und der Ruhe zugleich. Wandern oder Laufen? Ich bin ein Sportfreak. Erst morgens Laufen, dann Wandern! Turnschuhe oder High Heels? Ich besitze ein paar High Heels und die trage ich ungef\u00e4hr einmal in zwei Jahren. Im \u00fcbrigen ist High Heel wohl auch ein klarer Euphemismus f\u00fcr drei Zentimeter Absatz. Gmiadlich soll's sein und ich will mich wohlf\u00fchlen, daher: Turnschuhe! Fr\u00fchling, Sommer, Herbst oder Winter? Ich mag eigentlich jede Jahreszeit. Grad in Australien, wo grad im Norden Jahreszeiten eigentlich komplett durch Regen- und Trockenzeit ersetzt werden, lernt man sie zu sch\u00e4tzen. Aber wenn ich w\u00e4hlen muss, mag ich wohl Fr\u00fchling und Sommer am liebsten. Rindsroulade vom Pinzgauer Biorind oder Saibling fangfrisch aus dem\u00a0Fuschlsee? Ganz klar der Fisch! Grad frischem Fisch kann ich nicht widerstehen. Dazu noch ein Hauch Zitrone... mhhhh!","url":"https:\/\/www.salzburgerland.com\/de\/magazin\/author\/cgnahn\/"}]},"og_video":"https:\/\/www.youtube.com\/embed\/tJEKbMdeSWo","og_video_type":"text\/html","og_video_duration":"75","og_video_width":"480","og_video_height":"270","ya_ovs_adult":"false","ya_ovs_upload_date":"2015-10-09T07:00:32+00:00","ya_ovs_allow_embed":"true"},"_wl_alt_label":[],"wl:entity_url":"http:\/\/open.salzburgerland.com\/magazin\/post\/verliebt_in_den_muehlenrundweg_scheffau","_links":{"self":[{"href":"https:\/\/www.salzburgerland.com\/de\/magazin\/wp-json\/wp\/v2\/posts\/100612","targetHints":{"allow":["GET"]}}],"collection":[{"href":"https:\/\/www.salzburgerland.com\/de\/magazin\/wp-json\/wp\/v2\/posts"}],"about":[{"href":"https:\/\/www.salzburgerland.com\/de\/magazin\/wp-json\/wp\/v2\/types\/post"}],"author":[{"embeddable":true,"href":"https:\/\/www.salzburgerland.com\/de\/magazin\/wp-json\/wp\/v2\/users\/8"}],"replies":[{"embeddable":true,"href":"https:\/\/www.salzburgerland.com\/de\/magazin\/wp-json\/wp\/v2\/comments?post=100612"}],"version-history":[{"count":2,"href":"https:\/\/www.salzburgerland.com\/de\/magazin\/wp-json\/wp\/v2\/posts\/100612\/revisions"}],"predecessor-version":[{"id":171940,"href":"https:\/\/www.salzburgerland.com\/de\/magazin\/wp-json\/wp\/v2\/posts\/100612\/revisions\/171940"}],"wp:featuredmedia":[{"embeddable":true,"href":"https:\/\/www.salzburgerland.com\/de\/magazin\/wp-json\/wp\/v2\/media\/100617"}],"wp:attachment":[{"href":"https:\/\/www.salzburgerland.com\/de\/magazin\/wp-json\/wp\/v2\/media?parent=100612"}],"wp:term":[{"taxonomy":"category","embeddable":true,"href":"https:\/\/www.salzburgerland.com\/de\/magazin\/wp-json\/wp\/v2\/categories?post=100612"},{"taxonomy":"post_tag","embeddable":true,"href":"https:\/\/www.salzburgerland.com\/de\/magazin\/wp-json\/wp\/v2\/tags?post=100612"},{"taxonomy":"wl_entity_type","embeddable":true,"href":"https:\/\/www.salzburgerland.com\/de\/magazin\/wp-json\/wp\/v2\/wl_entity_type?post=100612"},{"taxonomy":"monatsauswahl","embeddable":true,"href":"https:\/\/www.salzburgerland.com\/de\/magazin\/wp-json\/wp\/v2\/monatsauswahl?post=100612"}],"curies":[{"name":"wp","href":"https:\/\/api.w.org\/{rel}","templated":true}]}}