{"id":100332,"date":"2015-09-24T12:38:11","date_gmt":"2015-09-24T10:38:11","guid":{"rendered":"http:\/\/magazin.salzburgerland.com\/?p=100332"},"modified":"2021-11-09T10:28:20","modified_gmt":"2021-11-09T09:28:20","slug":"schlechtwetter-top-10-im-lungau","status":"publish","type":"post","link":"https:\/\/www.salzburgerland.com\/de\/magazin\/schlechtwetter-top-10-im-lungau\/","title":{"rendered":"Schlechtwetter Top-10 im Lungau"},"content":{"rendered":"\n<p>Ja, auch im Lungau, Salzburgs sonnigster Region, regnet es hin und wieder. Doch auch dann kann man hier viel erleben. Damit Sie den \u00dcberblick nicht verlieren und auch garantiert das finden, wonach Ihnen heute der Sinn steht, pr\u00e4sentieren wir die Top-10 der Schlechtwetter-Tipps f\u00fcr den Lungau. Also, raus aus dem Haus, es gibt viel zu entdecken!<\/p>\n\n\n\n<div class=\"wp-block-image\"><figure class=\"alignleft size-full\"><a href=\"https:\/\/www.salzburgerland.com\/de\/magazin\/wp-content\/uploads\/2015\/07\/Burg_Mauterndorf_nacht_01719-634x421.jpg\"><img loading=\"lazy\" decoding=\"async\" width=\"634\" height=\"421\" src=\"https:\/\/www.salzburgerland.com\/de\/magazin\/wp-content\/uploads\/2015\/07\/Burg_Mauterndorf_nacht_01719-634x421.jpg\" alt=\"Gro\u00dfe mittelalterliche Burg, nachts beleuchtet, mit steinernen Mauern und T\u00fcrmen vor einem dunklen Himmel.\" class=\"wp-image-100339\" srcset=\"https:\/\/www.salzburgerland.com\/de\/magazin\/wp-content\/uploads\/2015\/07\/Burg_Mauterndorf_nacht_01719-634x421.jpg 634w, https:\/\/www.salzburgerland.com\/de\/magazin\/wp-content\/uploads\/2015\/07\/Burg_Mauterndorf_nacht_01719-634x421-300x199.jpg 300w, https:\/\/www.salzburgerland.com\/de\/magazin\/wp-content\/uploads\/2015\/07\/Burg_Mauterndorf_nacht_01719-634x421-602x400.jpg 602w\" sizes=\"auto, (max-width: 634px) 100vw, 634px\" \/><\/a><\/figure><\/div>\n\n\n\n<h2 class=\"wp-block-heading\" id=\"h-1-burg-mauterndorf\">1 Burg Mauterndorf<\/h2>\n\n\n\n<p>An dem Tor, an dem jedes Jahr zahlreiche Besucher die Burg Mauterndorf betreten und einen Schritt zur\u00fcck in der Geschichte machen, wurden fr\u00fcher Reisende und H\u00e4ndler gestoppt und aufgefordert, ihre Maut (daher der Name Mauterndorf) zu entrichten. Die Burg, die bereits 1002 zum ersten Mal urkundlich erw\u00e4hnt wurde, zeigt sich heute den Besuchern als&nbsp;beeindruckendes historisches Bauwerk zum Anfassen. (\u00a9Max A.E. Rossberg)<br>5570 Mauterndorf. Infos finden Sie <a href=\"http:\/\/www.salzburg-burgen.at\/de\/mauterndorf\/index.htm\" target=\"_blank\" rel=\"noopener\">hier<\/a><\/p>\n\n\n\n<div class=\"wp-block-image\"><figure class=\"alignleft size-full\"><a href=\"https:\/\/www.salzburgerland.com\/de\/magazin\/wp-content\/uploads\/2015\/07\/badeinsel_sauna_1.jpg\"><img loading=\"lazy\" decoding=\"async\" width=\"427\" height=\"640\" src=\"https:\/\/www.salzburgerland.com\/de\/magazin\/wp-content\/uploads\/2015\/07\/badeinsel_sauna_1.jpg\" alt=\"badeinsel_sauna_1\" class=\"wp-image-100334\" srcset=\"https:\/\/www.salzburgerland.com\/de\/magazin\/wp-content\/uploads\/2015\/07\/badeinsel_sauna_1.jpg 427w, https:\/\/www.salzburgerland.com\/de\/magazin\/wp-content\/uploads\/2015\/07\/badeinsel_sauna_1-200x300.jpg 200w, https:\/\/www.salzburgerland.com\/de\/magazin\/wp-content\/uploads\/2015\/07\/badeinsel_sauna_1-367x550.jpg 367w, https:\/\/www.salzburgerland.com\/de\/magazin\/wp-content\/uploads\/2015\/07\/badeinsel_sauna_1-267x400.jpg 267w\" sizes=\"auto, (max-width: 427px) 100vw, 427px\" \/><\/a><\/figure><\/div>\n\n\n\n<p><\/p>\n\n\n\n<h2 class=\"wp-block-heading\">2 Badeinsel Tamsweg<\/h2>\n\n\n\n<p>Geben Sie Regen, K\u00e4lte und auch Sturm getrost an der Kasse ab und erleben Sie hier eine Oase f\u00fcr K\u00f6rper, Seele und Geist. Egal ob Ihnen der Sinn nach Bahnen-Schwimmen, Saunieren, oder&nbsp;der 80 Meter langen Wasserrutsche steht: hier kommt garantiert jeder auf seine Kosten. (\u00a9Badeinsel Tamsweg). <br>Sportzentrumweg 2,&nbsp;5580 Tamsweg, Infos finden Sie <a href=\"http:\/\/www.badeinsel.at\" target=\"_blank\" rel=\"noopener\">hier<\/a><\/p>\n\n\n\n<div class=\"wp-block-image\"><figure class=\"alignleft size-full\"><a href=\"https:\/\/www.salzburgerland.com\/de\/magazin\/wp-content\/uploads\/2015\/07\/Lungauer-Heimatmuseum.jpg\"><img loading=\"lazy\" decoding=\"async\" width=\"308\" height=\"336\" src=\"https:\/\/www.salzburgerland.com\/de\/magazin\/wp-content\/uploads\/2015\/07\/Lungauer-Heimatmuseum.jpg\" alt=\"Lungauer Heimatmuseum\" class=\"wp-image-100342\" srcset=\"https:\/\/www.salzburgerland.com\/de\/magazin\/wp-content\/uploads\/2015\/07\/Lungauer-Heimatmuseum.jpg 308w, https:\/\/www.salzburgerland.com\/de\/magazin\/wp-content\/uploads\/2015\/07\/Lungauer-Heimatmuseum-275x300.jpg 275w\" sizes=\"auto, (max-width: 308px) 100vw, 308px\" \/><\/a><\/figure><\/div>\n\n\n\n<p><\/p>\n\n\n\n<h2 class=\"wp-block-heading\">3 Lungauer Heimatmuseum<\/h2>\n\n\n\n<p>Der Lungau ist Salzburgs s\u00fcdlichster Gau und hat historisch einiges zu erz\u00e4hlen. Sei es&nbsp;von den R\u00f6mern und den Funden, die man aus dieser Zeit machte, aus der Zeit der Hexen- und Zaubererverfolgung, oder auch vom Besuch der legend\u00e4ren Beatles in Obertauern. Im Heimatmuseum begibt man sich auf eine Zeitreise durch diese tolle Region und falls sich das Wetter nicht von seiner allerschlechtesten Seite zeigt, werden sogar historische Spazierg\u00e4nge durch Tamsweg angeboten. (\u00a9Lungauer Heimatmuseum)<br>Kirchengasse 2,&nbsp;5580 Tamsweg. Infos finden Sie <a href=\"http:\/\/www.museumsportal.com\/heimatmuseum.html\" target=\"_blank\" rel=\"noopener\">hier<\/a><\/p>\n\n\n\n<div class=\"wp-block-image\"><figure class=\"alignleft size-full\"><a href=\"https:\/\/www.salzburgerland.com\/de\/magazin\/wp-content\/uploads\/2015\/07\/Finstergrun-c.jpg\"><img loading=\"lazy\" decoding=\"async\" width=\"1068\" height=\"1600\" src=\"https:\/\/www.salzburgerland.com\/de\/magazin\/wp-content\/uploads\/2015\/07\/Finstergrun-c.jpg\" alt=\"Burg Finstergr\u00fcn\" class=\"wp-image-100340\" srcset=\"https:\/\/www.salzburgerland.com\/de\/magazin\/wp-content\/uploads\/2015\/07\/Finstergrun-c.jpg 1068w, https:\/\/www.salzburgerland.com\/de\/magazin\/wp-content\/uploads\/2015\/07\/Finstergrun-c-200x300.jpg 200w, https:\/\/www.salzburgerland.com\/de\/magazin\/wp-content\/uploads\/2015\/07\/Finstergrun-c-367x550.jpg 367w, https:\/\/www.salzburgerland.com\/de\/magazin\/wp-content\/uploads\/2015\/07\/Finstergrun-c-267x400.jpg 267w\" sizes=\"auto, (max-width: 1068px) 100vw, 1068px\" \/><\/a><\/figure><\/div>\n\n\n\n<p><\/p>\n\n\n\n<h2 class=\"wp-block-heading\">4 Burg Finstergr\u00fcn<\/h2>\n\n\n\n<p>Hoch \u00fcber dem Ort, stellt die <a href=\"https:\/\/www.salzburgerland.com\/de\/magazin\/von-der-alten-grenzburg-zur-modernen-jugendherberge\/\" target=\"_blank\" rel=\"noreferrer noopener\">Burg<\/a> bis heute das Wahrzeichen von Ramingstein, dem letzten Ort des Lungaus vor der Grenze zur Steiermark, dar.&nbsp;War sie fr\u00fcher eine strategisch sehr wichtige Grenzburg, so kann man sie heute fast als Abenteuerspielplatz f\u00fcr Jung und Alt betrachten. Au\u00dferdem ist sie eine Jugend-Ferienheim, Herberge&nbsp;f\u00fcr Jung und Alt und immer wieder Kulisse f\u00fcr internationale Film-Produktionen. (\u00a9Christine Fr\u00f6schl)<br>Burgstra\u00dfe 65, 5591 Ramingstein. Infos finden Sie <a href=\"http:\/\/www.burg-finstergruen.at\/\" target=\"_blank\" rel=\"noopener\">hier<\/a><\/p>\n\n\n\n<div class=\"wp-block-image\"><figure class=\"alignleft size-full\"><a href=\"https:\/\/www.salzburgerland.com\/de\/magazin\/wp-content\/uploads\/2015\/07\/Bildschirmfoto-2015-07-20-um-15.12.02.jpg\"><img loading=\"lazy\" decoding=\"async\" width=\"1288\" height=\"848\" src=\"https:\/\/www.salzburgerland.com\/de\/magazin\/wp-content\/uploads\/2015\/07\/Bildschirmfoto-2015-07-20-um-15.12.02.jpg\" alt=\"Bildschirmfoto 2015-07-20 um 15.12.02\" class=\"wp-image-100335\" srcset=\"https:\/\/www.salzburgerland.com\/de\/magazin\/wp-content\/uploads\/2015\/07\/Bildschirmfoto-2015-07-20-um-15.12.02.jpg 1288w, https:\/\/www.salzburgerland.com\/de\/magazin\/wp-content\/uploads\/2015\/07\/Bildschirmfoto-2015-07-20-um-15.12.02-300x198.jpg 300w, https:\/\/www.salzburgerland.com\/de\/magazin\/wp-content\/uploads\/2015\/07\/Bildschirmfoto-2015-07-20-um-15.12.02-835x550.jpg 835w, https:\/\/www.salzburgerland.com\/de\/magazin\/wp-content\/uploads\/2015\/07\/Bildschirmfoto-2015-07-20-um-15.12.02-608x400.jpg 608w\" sizes=\"auto, (max-width: 1288px) 100vw, 1288px\" \/><\/a><\/figure><\/div>\n\n\n\n<p><\/p>\n\n\n\n<h2 class=\"wp-block-heading\">5 Samsunn Wellness<\/h2>\n\n\n\n<p>Als Platz der Ruhe und der Entspannung k\u00f6nnte man das Samsunn in Mariapfarr getrost bezeichnen. Inmitten der Lungauer Bergwelt liegt diese Wellness-Oase mit tollem&nbsp;Saunabereich, Freibad und all ihren Massage- und Beauty-Anwendungen. Ein Platz, an dem man den Alltag hinter sich lassen und wieder Kraft tanken kann. (\u00a9Max A.E. Rossberg)<br>Sonnenweg 600,&nbsp;5571 Mariapfarr<br>Infos finden Sie <a href=\"https:\/\/www.samsunn.at\/das-vital-und-wellnesscenter-samsunn-im-biosphaerenpark-salzburger-lungau.html\" target=\"_blank\" rel=\"noreferrer noopener\">hier<\/a><\/p>\n\n\n\n<div class=\"wp-block-image\"><figure class=\"alignleft size-full\"><a href=\"https:\/\/www.salzburgerland.com\/de\/magazin\/wp-content\/uploads\/2015\/07\/Bildschirmfoto-2015-07-20-um-15.30.04.jpg\"><img loading=\"lazy\" decoding=\"async\" width=\"1058\" height=\"800\" src=\"https:\/\/www.salzburgerland.com\/de\/magazin\/wp-content\/uploads\/2015\/07\/Bildschirmfoto-2015-07-20-um-15.30.04.jpg\" alt=\"Bildschirmfoto 2015-07-20 um 15.30.04\" class=\"wp-image-100337\" srcset=\"https:\/\/www.salzburgerland.com\/de\/magazin\/wp-content\/uploads\/2015\/07\/Bildschirmfoto-2015-07-20-um-15.30.04.jpg 1058w, https:\/\/www.salzburgerland.com\/de\/magazin\/wp-content\/uploads\/2015\/07\/Bildschirmfoto-2015-07-20-um-15.30.04-300x227.jpg 300w, https:\/\/www.salzburgerland.com\/de\/magazin\/wp-content\/uploads\/2015\/07\/Bildschirmfoto-2015-07-20-um-15.30.04-727x550.jpg 727w, https:\/\/www.salzburgerland.com\/de\/magazin\/wp-content\/uploads\/2015\/07\/Bildschirmfoto-2015-07-20-um-15.30.04-140x105.jpg 140w, https:\/\/www.salzburgerland.com\/de\/magazin\/wp-content\/uploads\/2015\/07\/Bildschirmfoto-2015-07-20-um-15.30.04-529x400.jpg 529w\" sizes=\"auto, (max-width: 1058px) 100vw, 1058px\" \/><\/a><\/figure><\/div>\n\n\n\n<p><\/p>\n\n\n\n<h2 class=\"wp-block-heading\">6 St. Leonhard ob Tamsweg<\/h2>\n\n\n\n<p>Auf einer leichten Anh\u00f6he \u00fcber der Bezirkshauptstadt Tamsweg, liegt wundersch\u00f6n die Wallfahrtskirche St. Leonhard. Die 1433 geweihte Kirche z\u00e4hlt schon viele Jahrhunderte zu einem wichtigen Ort des katholischen Glaubens und wurde von Pilgern aus nah und fern besucht. Neben dem herrlichen Bauwart und der wundersch\u00f6nen Lage, sind die Fenster noch besonders hervor zu heben, die, untypisch f\u00fcr Kirchen aus dieser Zeit, nur aus&nbsp;goldgelben und blauen Gl\u00e4sern bestehen. (\u00a9Max A.E. Rossberg). <br>5580 Tamsweg. Infos finden Sie <a href=\"http:\/\/www.tamsweg.info\/de\/wallfahrtskirche-st-leonhard-tamsweg-lungau.html\" target=\"_blank\" rel=\"noopener\">hier<\/a>&nbsp;<\/p>\n\n\n\n<div class=\"wp-block-image\"><figure class=\"alignleft size-full\"><a href=\"https:\/\/www.salzburgerland.com\/de\/magazin\/wp-content\/uploads\/2015\/07\/Bildschirmfoto-2015-07-20-um-15.39.37.jpg\"><img loading=\"lazy\" decoding=\"async\" width=\"1096\" height=\"734\" src=\"https:\/\/www.salzburgerland.com\/de\/magazin\/wp-content\/uploads\/2015\/07\/Bildschirmfoto-2015-07-20-um-15.39.37.jpg\" alt=\"Bildschirmfoto 2015-07-20 um 15.39.37\" class=\"wp-image-100338\" srcset=\"https:\/\/www.salzburgerland.com\/de\/magazin\/wp-content\/uploads\/2015\/07\/Bildschirmfoto-2015-07-20-um-15.39.37.jpg 1096w, https:\/\/www.salzburgerland.com\/de\/magazin\/wp-content\/uploads\/2015\/07\/Bildschirmfoto-2015-07-20-um-15.39.37-300x201.jpg 300w, https:\/\/www.salzburgerland.com\/de\/magazin\/wp-content\/uploads\/2015\/07\/Bildschirmfoto-2015-07-20-um-15.39.37-821x550.jpg 821w, https:\/\/www.salzburgerland.com\/de\/magazin\/wp-content\/uploads\/2015\/07\/Bildschirmfoto-2015-07-20-um-15.39.37-597x400.jpg 597w\" sizes=\"auto, (max-width: 1096px) 100vw, 1096px\" \/><\/a><\/figure><\/div>\n\n\n\n<p><\/p>\n\n\n\n<h2 class=\"wp-block-heading\">7 Slow Food Reisen im Lungau<\/h2>\n\n\n\n<p>Auch wenn man hier nicht von einem klassischen Punkt in diesen Top-10 sprechen kann, so eignet sich die &#8222;langsame&#8220; und bedachte Art des Genusses im&nbsp;UNESCO Biosph\u00e4renpark Salzburger Lungau auch besonders gut f\u00fcr regnerisch-tr\u00fcbe Tage. Egal ob die Ernte und die Verarbeitung frischer Kr\u00e4uter, die Gewinnung und &#8222;Veredelung&#8220; von Milch, oder der Weg des Honigs von der Biene ins Glas: wer sich auf &#8222;Slow Food&#8220; einl\u00e4sst, der wird danach sicherlich ein anderes Bewusstsein zum Thema Lebensmittel haben. Sehr wertvoll. (\u00a9Max A.E. Rossberg)<br>Infos finden Sie <a href=\"https:\/\/www.tauernroggen.at\/de\/slow-food-travel-lungau.html\" target=\"_blank\" rel=\"noreferrer noopener\">hier<\/a><\/p>\n\n\n\n<div class=\"wp-block-image\"><figure class=\"alignleft size-full\"><a href=\"https:\/\/www.salzburgerland.com\/de\/magazin\/wp-content\/uploads\/2015\/07\/Mesnerhaus.jpg\"><img loading=\"lazy\" decoding=\"async\" width=\"928\" height=\"615\" src=\"https:\/\/www.salzburgerland.com\/de\/magazin\/wp-content\/uploads\/2015\/07\/Mesnerhaus.jpg\" alt=\"Mesnerhaus\" class=\"wp-image-100344\" srcset=\"https:\/\/www.salzburgerland.com\/de\/magazin\/wp-content\/uploads\/2015\/07\/Mesnerhaus.jpg 928w, https:\/\/www.salzburgerland.com\/de\/magazin\/wp-content\/uploads\/2015\/07\/Mesnerhaus-300x199.jpg 300w, https:\/\/www.salzburgerland.com\/de\/magazin\/wp-content\/uploads\/2015\/07\/Mesnerhaus-830x550.jpg 830w, https:\/\/www.salzburgerland.com\/de\/magazin\/wp-content\/uploads\/2015\/07\/Mesnerhaus-604x400.jpg 604w\" sizes=\"auto, (max-width: 928px) 100vw, 928px\" \/><\/a><\/figure><\/div>\n\n\n\n<h2 class=\"wp-block-heading\">8 Mesnerhaus<\/h2>\n\n\n\n<p>Unter dem Motto&nbsp;\u201cLeben, Essen und Genie\u00dfen\u201d finden im Mesnerhaus in Mauterndorf im Lungau regelm\u00e4\u00dfig Genuss-Explosionen statt. Dabei werden traditionelle Speisen aus der Region mit internationalen Einfl\u00fcssen kombiniert, was das 3-Hauben Lokal zu einem der Aush\u00e4ngeschilder des kulinarischen SalzburgerLandes macht(e). (\u00a9Mesnerhaus)<br>Markt 56,&nbsp;5570 Mauterndorf, Infos finden Sie <a href=\"http:\/\/mesnerhaus.at\" target=\"_blank\" rel=\"noopener\">hier<\/a>&nbsp;<\/p>\n\n\n\n<div class=\"wp-block-image\"><figure class=\"alignleft size-full\"><a href=\"https:\/\/www.salzburgerland.com\/de\/magazin\/wp-content\/uploads\/2015\/07\/Hiasnhof.jpg\"><img loading=\"lazy\" decoding=\"async\" width=\"1600\" height=\"1066\" src=\"https:\/\/www.salzburgerland.com\/de\/magazin\/wp-content\/uploads\/2015\/07\/Hiasnhof.jpg\" alt=\"Hiasnhof\" class=\"wp-image-100347\" srcset=\"https:\/\/www.salzburgerland.com\/de\/magazin\/wp-content\/uploads\/2015\/07\/Hiasnhof.jpg 1600w, https:\/\/www.salzburgerland.com\/de\/magazin\/wp-content\/uploads\/2015\/07\/Hiasnhof-300x200.jpg 300w, https:\/\/www.salzburgerland.com\/de\/magazin\/wp-content\/uploads\/2015\/07\/Hiasnhof-826x550.jpg 826w, https:\/\/www.salzburgerland.com\/de\/magazin\/wp-content\/uploads\/2015\/07\/Hiasnhof-600x400.jpg 600w, https:\/\/www.salzburgerland.com\/de\/magazin\/wp-content\/uploads\/2015\/07\/Hiasnhof-1320x879.jpg 1320w\" sizes=\"auto, (max-width: 1600px) 100vw, 1600px\" \/><\/a><\/figure><\/div>\n\n\n\n<p><\/p>\n\n\n\n<h2 class=\"wp-block-heading\">9 K\u00e4sekosten am Hiasnhof<\/h2>\n\n\n\n<p>Dort, wo man ihn am wenigsten erwarten w\u00fcrde, findet man oft den gr\u00f6\u00dften Schatz. Einer dieser &#8222;Sch\u00e4tze&#8220; ist der Hiasnhof und seine Produkte in G\u00f6riach. Denn hier produziert&nbsp;G\u00fcnther Naynar K\u00e4se, der seinesgleichen sucht und den man auch gleich an Ort und Stelle verkosten und erwerben kann &#8211; auf 1.260 Metern Seeh\u00f6he, umgeben von der wunderbaren Natur des Lungaus. (\u00a9Hiasnhof)<br>5571 G\u00f6riach 31. Infos finden Sie <a href=\"http:\/\/www.tauernroggen.at\/de\/hiasnhof.html\" target=\"_blank\" rel=\"noopener\">hier<\/a><\/p>\n\n\n\n<div class=\"wp-block-image\"><figure class=\"alignleft size-full\"><a href=\"https:\/\/www.salzburgerland.com\/de\/magazin\/wp-content\/uploads\/2015\/07\/Bildschirmfoto-2015-07-20-um-15.53.01.jpg\"><img loading=\"lazy\" decoding=\"async\" width=\"1294\" height=\"850\" src=\"https:\/\/www.salzburgerland.com\/de\/magazin\/wp-content\/uploads\/2015\/07\/Bildschirmfoto-2015-07-20-um-15.53.01.jpg\" alt=\"Bildschirmfoto 2015-07-20 um 15.53.01\" class=\"wp-image-100346\" srcset=\"https:\/\/www.salzburgerland.com\/de\/magazin\/wp-content\/uploads\/2015\/07\/Bildschirmfoto-2015-07-20-um-15.53.01.jpg 1294w, https:\/\/www.salzburgerland.com\/de\/magazin\/wp-content\/uploads\/2015\/07\/Bildschirmfoto-2015-07-20-um-15.53.01-300x197.jpg 300w, https:\/\/www.salzburgerland.com\/de\/magazin\/wp-content\/uploads\/2015\/07\/Bildschirmfoto-2015-07-20-um-15.53.01-837x550.jpg 837w, https:\/\/www.salzburgerland.com\/de\/magazin\/wp-content\/uploads\/2015\/07\/Bildschirmfoto-2015-07-20-um-15.53.01-609x400.jpg 609w\" sizes=\"auto, (max-width: 1294px) 100vw, 1294px\" \/><\/a><\/figure><\/div>\n\n\n\n<h2 class=\"wp-block-heading\">10 Schloss Moosham<\/h2>\n\n\n\n<p>Bereits 1256 erstmalig urkundlich erw\u00e4hnt, blickt <a href=\"https:\/\/www.salzburgerland.com\/de\/magazin\/wp-content\/uploads\/2012\/06\/Schloss-Moosham.jpg\" target=\"_blank\" rel=\"noreferrer noopener\">Schloss Moosham<\/a> in Unternberg auf eine bewegte Vergangenheit zur\u00fcck. Urspr\u00fcnglich als Hausburg gebaut, eine Burg, die haupts\u00e4chlich der Behausung der Besitzer diente, ist sie heute ein Zeitzeuge, der viel \u00fcber die&nbsp;architektonischen, historischen, kunstgeschichtlichen und volkskundlichen Wirren und Ver\u00e4nderungen zu erz\u00e4hlen hat. Tauchen Sie ein in die Welt eines besonders interessanten Geb\u00e4udes &#8211; oder wie w\u00e4re es sogar mit ein paar Tagen Ferien im Mayrhof? (\u00a9Max A.E. Rossberg). <br>Moosham 13, 5585 Unternberg. Infos finden Sie <a href=\"http:\/\/www.schlossmoosham.at\/schloss-moosham-in-unternberg-lungau.html\" target=\"_blank\" rel=\"noopener\">hier<\/a>&nbsp;<\/p>\n","protected":false},"excerpt":{"rendered":"<p>Ja, auch im Lungau, Salzburgs sonnigster Region, regnet es hin und wieder. Doch auch dann kann man hier viel erleben. Damit Sie den \u00dcberblick nicht verlieren und auch garantiert das finden, wonach Ihnen heute der Sinn steht, pr\u00e4sentieren wir die Top-10 der Schlechtwetter-Tipps f\u00fcr den Lungau. Also, raus aus dem Haus, es gibt viel zu [&hellip;]<\/p>\n","protected":false},"author":505,"featured_media":100350,"comment_status":"open","ping_status":"open","sticky":false,"template":"","format":"standard","meta":{"_acf_changed":false,"wl_entities_gutenberg":"","_wl_entity_redirect_enabled":"","footnotes":""},"categories":[9],"tags":[],"wl_entity_type":[306],"monatsauswahl":[85,86,87,88,89,90,91],"class_list":["post-100332","post","type-post","status-publish","format-standard","has-post-thumbnail","hentry","category-sehenswurdig","wl_entity_type-article","monatsauswahl-monat_4","monatsauswahl-monat_5","monatsauswahl-monat_6","monatsauswahl-monat_7","monatsauswahl-monat_8","monatsauswahl-monat_9","monatsauswahl-monat_10"],"acf":[],"yoast_head":"<!-- This site is optimized with the Yoast SEO Premium plugin v27.4 (Yoast SEO v27.4) - https:\/\/yoast.com\/product\/yoast-seo-premium-wordpress\/ -->\n<title>Schlechtwetter Top-10 im Lungau - SalzburgerLand Magazin<\/title>\n<meta name=\"description\" content=\"Ja, auch im Lungau, Salzburgs sonnigster Region, regnet es hin und wieder. Doch auch dann kann man hier viel erleben. Damit Sie den \u00dcberblick nicht verlieren und auch garantiert das finden, wonach Ihnen heute der Sinn steht, pr\u00e4sentieren wir die Top-10 der Schlechtwetter-Tipps f\u00fcr den Lungau. Also, raus aus dem Haus, es gibt viel zu [&hellip;]\" \/>\n<meta name=\"robots\" content=\"index, follow, max-snippet:-1, max-image-preview:large, max-video-preview:-1\" \/>\n<link rel=\"canonical\" href=\"https:\/\/www.salzburgerland.com\/de\/magazin\/schlechtwetter-top-10-im-lungau\/\" \/>\n<meta property=\"og:locale\" content=\"de_DE\" \/>\n<meta property=\"og:type\" content=\"article\" \/>\n<meta property=\"og:title\" content=\"Schlechtwetter Top-10 im Lungau\" \/>\n<meta property=\"og:description\" content=\"Ja, auch im Lungau, Salzburgs sonnigster Region, regnet es hin und wieder. Doch auch dann kann man hier viel erleben. Damit Sie den \u00dcberblick nicht verlieren und auch garantiert das finden, wonach Ihnen heute der Sinn steht, pr\u00e4sentieren wir die Top-10 der Schlechtwetter-Tipps f\u00fcr den Lungau. Also, raus aus dem Haus, es gibt viel zu [&hellip;]\" \/>\n<meta property=\"og:url\" content=\"https:\/\/www.salzburgerland.com\/de\/magazin\/schlechtwetter-top-10-im-lungau\/\" \/>\n<meta property=\"og:site_name\" content=\"SalzburgerLand Magazin\" \/>\n<meta property=\"article:publisher\" content=\"https:\/\/www.facebook.com\/salzburgerland\/\" \/>\n<meta property=\"article:published_time\" content=\"2015-09-24T10:38:11+00:00\" \/>\n<meta property=\"article:modified_time\" content=\"2021-11-09T09:28:20+00:00\" \/>\n<meta property=\"og:image\" content=\"https:\/\/www.salzburgerland.com\/de\/magazin\/wp-content\/uploads\/2015\/07\/lungau_herbst_010674-634x4211.jpg\" \/>\n\t<meta property=\"og:image:width\" content=\"634\" \/>\n\t<meta property=\"og:image:height\" content=\"421\" \/>\n\t<meta property=\"og:image:type\" content=\"image\/jpeg\" \/>\n<meta name=\"author\" content=\"Peter Zeitlhofer\" \/>\n<meta name=\"twitter:card\" content=\"summary_large_image\" \/>\n<meta name=\"twitter:creator\" content=\"@Salzburgerland\" \/>\n<meta name=\"twitter:site\" content=\"@Salzburgerland\" \/>\n<meta name=\"twitter:label1\" content=\"Verfasst von\" \/>\n\t<meta name=\"twitter:data1\" content=\"Peter Zeitlhofer\" \/>\n\t<meta name=\"twitter:label2\" content=\"Gesch\u00e4tzte Lesezeit\" \/>\n\t<meta name=\"twitter:data2\" content=\"6\u00a0Minuten\" \/>\n<script type=\"application\/ld+json\" class=\"yoast-schema-graph\">{\"@context\":\"https:\\\/\\\/schema.org\",\"@graph\":[{\"@type\":\"Article\",\"@id\":\"https:\\\/\\\/www.salzburgerland.com\\\/de\\\/magazin\\\/schlechtwetter-top-10-im-lungau\\\/#article\",\"isPartOf\":{\"@id\":\"https:\\\/\\\/www.salzburgerland.com\\\/de\\\/magazin\\\/schlechtwetter-top-10-im-lungau\\\/\"},\"author\":{\"name\":\"Peter Zeitlhofer\",\"@id\":\"https:\\\/\\\/www.salzburgerland.com\\\/de\\\/magazin\\\/#\\\/schema\\\/person\\\/ebd2c9f244aeea71e30f3b5d5e309de4\"},\"headline\":\"Schlechtwetter Top-10 im Lungau\",\"datePublished\":\"2015-09-24T10:38:11+00:00\",\"dateModified\":\"2021-11-09T09:28:20+00:00\",\"mainEntityOfPage\":{\"@id\":\"https:\\\/\\\/www.salzburgerland.com\\\/de\\\/magazin\\\/schlechtwetter-top-10-im-lungau\\\/\"},\"wordCount\":838,\"commentCount\":0,\"publisher\":{\"@id\":\"https:\\\/\\\/www.salzburgerland.com\\\/de\\\/magazin\\\/#organization\"},\"image\":{\"@id\":\"https:\\\/\\\/www.salzburgerland.com\\\/de\\\/magazin\\\/schlechtwetter-top-10-im-lungau\\\/#primaryimage\"},\"thumbnailUrl\":\"https:\\\/\\\/www.salzburgerland.com\\\/de\\\/magazin\\\/wp-content\\\/uploads\\\/2015\\\/07\\\/lungau_herbst_010674-634x4211.jpg\",\"articleSection\":[\"Sehensw\u00fcrdig\"],\"inLanguage\":\"de\",\"potentialAction\":[{\"@type\":\"CommentAction\",\"name\":\"Comment\",\"target\":[\"https:\\\/\\\/www.salzburgerland.com\\\/de\\\/magazin\\\/schlechtwetter-top-10-im-lungau\\\/#respond\"]}]},{\"@type\":\"WebPage\",\"@id\":\"https:\\\/\\\/www.salzburgerland.com\\\/de\\\/magazin\\\/schlechtwetter-top-10-im-lungau\\\/\",\"url\":\"https:\\\/\\\/www.salzburgerland.com\\\/de\\\/magazin\\\/schlechtwetter-top-10-im-lungau\\\/\",\"name\":\"Schlechtwetter Top-10 im Lungau - SalzburgerLand Magazin\",\"isPartOf\":{\"@id\":\"https:\\\/\\\/www.salzburgerland.com\\\/de\\\/magazin\\\/#website\"},\"primaryImageOfPage\":{\"@id\":\"https:\\\/\\\/www.salzburgerland.com\\\/de\\\/magazin\\\/schlechtwetter-top-10-im-lungau\\\/#primaryimage\"},\"image\":{\"@id\":\"https:\\\/\\\/www.salzburgerland.com\\\/de\\\/magazin\\\/schlechtwetter-top-10-im-lungau\\\/#primaryimage\"},\"thumbnailUrl\":\"https:\\\/\\\/www.salzburgerland.com\\\/de\\\/magazin\\\/wp-content\\\/uploads\\\/2015\\\/07\\\/lungau_herbst_010674-634x4211.jpg\",\"datePublished\":\"2015-09-24T10:38:11+00:00\",\"dateModified\":\"2021-11-09T09:28:20+00:00\",\"breadcrumb\":{\"@id\":\"https:\\\/\\\/www.salzburgerland.com\\\/de\\\/magazin\\\/schlechtwetter-top-10-im-lungau\\\/#breadcrumb\"},\"inLanguage\":\"de\",\"potentialAction\":[{\"@type\":\"ReadAction\",\"target\":[\"https:\\\/\\\/www.salzburgerland.com\\\/de\\\/magazin\\\/schlechtwetter-top-10-im-lungau\\\/\"]}]},{\"@type\":\"ImageObject\",\"inLanguage\":\"de\",\"@id\":\"https:\\\/\\\/www.salzburgerland.com\\\/de\\\/magazin\\\/schlechtwetter-top-10-im-lungau\\\/#primaryimage\",\"url\":\"https:\\\/\\\/www.salzburgerland.com\\\/de\\\/magazin\\\/wp-content\\\/uploads\\\/2015\\\/07\\\/lungau_herbst_010674-634x4211.jpg\",\"contentUrl\":\"https:\\\/\\\/www.salzburgerland.com\\\/de\\\/magazin\\\/wp-content\\\/uploads\\\/2015\\\/07\\\/lungau_herbst_010674-634x4211.jpg\",\"width\":634,\"height\":421,\"caption\":\"Eine mittelalterliche Burg, umgeben von bunten Herbstb\u00e4umen und einem dichten Wald im Hintergrund.\"},{\"@type\":\"BreadcrumbList\",\"@id\":\"https:\\\/\\\/www.salzburgerland.com\\\/de\\\/magazin\\\/schlechtwetter-top-10-im-lungau\\\/#breadcrumb\",\"itemListElement\":[{\"@type\":\"ListItem\",\"position\":1,\"name\":\"Startseite\",\"item\":\"https:\\\/\\\/www.salzburgerland.com\\\/de\\\/magazin\\\/\"},{\"@type\":\"ListItem\",\"position\":2,\"name\":\"Sehensw\u00fcrdig\",\"item\":\"https:\\\/\\\/www.salzburgerland.com\\\/de\\\/magazin\\\/thema\\\/sehenswurdig\\\/\"},{\"@type\":\"ListItem\",\"position\":3,\"name\":\"Schlechtwetter Top-10 im Lungau\"}]},{\"@type\":\"WebSite\",\"@id\":\"https:\\\/\\\/www.salzburgerland.com\\\/de\\\/magazin\\\/#website\",\"url\":\"https:\\\/\\\/www.salzburgerland.com\\\/de\\\/magazin\\\/\",\"name\":\"SalzburgerLand Magazin\",\"description\":\"Geschichten und Interessantes aus dem SalzburgerLand\",\"publisher\":{\"@id\":\"https:\\\/\\\/www.salzburgerland.com\\\/de\\\/magazin\\\/#organization\"},\"potentialAction\":[{\"@type\":\"SearchAction\",\"target\":{\"@type\":\"EntryPoint\",\"urlTemplate\":\"https:\\\/\\\/www.salzburgerland.com\\\/de\\\/magazin\\\/?s={search_term_string}\"},\"query-input\":{\"@type\":\"PropertyValueSpecification\",\"valueRequired\":true,\"valueName\":\"search_term_string\"}}],\"inLanguage\":\"de\"},{\"@type\":\"Organization\",\"@id\":\"https:\\\/\\\/www.salzburgerland.com\\\/de\\\/magazin\\\/#organization\",\"name\":\"SalzburgerLand Tourismus\",\"url\":\"https:\\\/\\\/www.salzburgerland.com\\\/de\\\/magazin\\\/\",\"logo\":{\"@type\":\"ImageObject\",\"inLanguage\":\"de\",\"@id\":\"https:\\\/\\\/www.salzburgerland.com\\\/de\\\/magazin\\\/#\\\/schema\\\/logo\\\/image\\\/\",\"url\":\"https:\\\/\\\/www.salzburgerland.com\\\/de\\\/magazin\\\/wp-content\\\/uploads\\\/2019\\\/06\\\/salzburgerland-logo1.jpg\",\"contentUrl\":\"https:\\\/\\\/www.salzburgerland.com\\\/de\\\/magazin\\\/wp-content\\\/uploads\\\/2019\\\/06\\\/salzburgerland-logo1.jpg\",\"width\":2011,\"height\":866,\"caption\":\"SalzburgerLand Tourismus\"},\"image\":{\"@id\":\"https:\\\/\\\/www.salzburgerland.com\\\/de\\\/magazin\\\/#\\\/schema\\\/logo\\\/image\\\/\"},\"sameAs\":[\"https:\\\/\\\/www.facebook.com\\\/salzburgerland\\\/\",\"https:\\\/\\\/x.com\\\/Salzburgerland\",\"https:\\\/\\\/www.instagram.com\\\/salzburgerland\\\/\",\"https:\\\/\\\/at.linkedin.com\\\/company\\\/salzburgerland-tourismus-gmbh\",\"https:\\\/\\\/www.pinterest.at\\\/salzburgerland\\\/\",\"https:\\\/\\\/www.youtube.com\\\/user\\\/salzburgerland\",\"https:\\\/\\\/de.wikipedia.org\\\/wiki\\\/SalzburgerLand_Tourismus_GmbH\"]},{\"@type\":\"Person\",\"@id\":\"https:\\\/\\\/www.salzburgerland.com\\\/de\\\/magazin\\\/#\\\/schema\\\/person\\\/ebd2c9f244aeea71e30f3b5d5e309de4\",\"name\":\"Peter Zeitlhofer\",\"description\":\"'Von Neugier getrieben' - diese Worte kommen Peter Zeitlhofer wohl schon ziemlich nahe. Egal ob am Segelboot, im Tiefschnee, unterwegs in Stadt und Land, oder auf einer seinen vielen Reisen - er ist immer auf der Suche nach Neuem, nach dem Besonderen, probiert so ziemlich alles aus und liebt es, dar\u00fcber zu reden und zu berichten. Womit man auch schon fast bei seiner zweiten Leidenschaft w\u00e4re - dem Schreiben. Immer und \u00fcberall ausgestattet\u00a0mit seinem Notebook, hat der Salzburger, mit Wurzeln am Attersee, sein Office\u00a0im wahrsten Sinne des Wortes unterm Arm und k\u00f6nnte sich nichts besseres vorstellen, als die Geschichten dort zu erz\u00e4hlen, wo sie passieren. Fr\u00fchling, Sommer, Herbst oder Winter? Als Mensch der Extreme, mag ich auch bei den Jahreszeiten den Sommer und den Winter am liebsten. Obwohl nat\u00fcrlich auch der Fr\u00fchling seine Reize hat. Aber der Herbst? Rindsroulade vom Pinzgauer Biorind oder Saibling fangfrisch aus dem Fuschlsee? Immer diese Entscheidungen! Kann ich auch beides haben? Mundharmonika oder Stradivari? Weder noch - als Gitarrist k\u00f6nnte ich mit beiden Instrumenten nichts anfangen. Lederhose oder Smoking? Eindeutig Lederhose, die bei mir mittlerweile sogar den Einzug in den sommerlichen Alltag gefunden hat. Und der LederhosnDonnerstag ist \u00a0ohnehin Pflicht. Alpinski, Offpist oder Skitour? Hauptsache rauf auf den Berg! Was dann tats\u00e4chlich auf dem Programm steht ist zweitrangig. Nur so viel: wenn der Schnee passt, dann h\u00e4lt mich nichts oder niemand auf der Piste. Bergtour oder Seentour? F\u00fcr mich gibt es im Sommer nichts Sch\u00f6neres, als mit dem Segelboot auf unseren herrlichen Seen unterwegs zu sein. Also wenn ich die Wahl habe, dann nehme ich im Sommer die Berge h\u00f6chstens als Kulisse. Haubenlokal oder Ab-Hof-Laden? Auch hier nehme ich von beidem ein bisschen. Aber bei der Oma schmeckt's dann doch am besten.\",\"url\":\"https:\\\/\\\/www.salzburgerland.com\\\/de\\\/magazin\\\/author\\\/peter-zeitlhofer\\\/\"}]}<\/script>\n<!-- \/ Yoast SEO Premium plugin. -->","yoast_head_json":{"title":"Schlechtwetter Top-10 im Lungau - SalzburgerLand Magazin","description":"Ja, auch im Lungau, Salzburgs sonnigster Region, regnet es hin und wieder. Doch auch dann kann man hier viel erleben. Damit Sie den \u00dcberblick nicht verlieren und auch garantiert das finden, wonach Ihnen heute der Sinn steht, pr\u00e4sentieren wir die Top-10 der Schlechtwetter-Tipps f\u00fcr den Lungau. Also, raus aus dem Haus, es gibt viel zu [&hellip;]","robots":{"index":"index","follow":"follow","max-snippet":"max-snippet:-1","max-image-preview":"max-image-preview:large","max-video-preview":"max-video-preview:-1"},"canonical":"https:\/\/www.salzburgerland.com\/de\/magazin\/schlechtwetter-top-10-im-lungau\/","og_locale":"de_DE","og_type":"article","og_title":"Schlechtwetter Top-10 im Lungau","og_description":"Ja, auch im Lungau, Salzburgs sonnigster Region, regnet es hin und wieder. Doch auch dann kann man hier viel erleben. Damit Sie den \u00dcberblick nicht verlieren und auch garantiert das finden, wonach Ihnen heute der Sinn steht, pr\u00e4sentieren wir die Top-10 der Schlechtwetter-Tipps f\u00fcr den Lungau. Also, raus aus dem Haus, es gibt viel zu [&hellip;]","og_url":"https:\/\/www.salzburgerland.com\/de\/magazin\/schlechtwetter-top-10-im-lungau\/","og_site_name":"SalzburgerLand Magazin","article_publisher":"https:\/\/www.facebook.com\/salzburgerland\/","article_published_time":"2015-09-24T10:38:11+00:00","article_modified_time":"2021-11-09T09:28:20+00:00","og_image":[{"width":634,"height":421,"url":"https:\/\/www.salzburgerland.com\/de\/magazin\/wp-content\/uploads\/2015\/07\/lungau_herbst_010674-634x4211.jpg","type":"image\/jpeg"}],"author":"Peter Zeitlhofer","twitter_card":"summary_large_image","twitter_creator":"@Salzburgerland","twitter_site":"@Salzburgerland","twitter_misc":{"Verfasst von":"Peter Zeitlhofer","Gesch\u00e4tzte Lesezeit":"6\u00a0Minuten"},"schema":{"@context":"https:\/\/schema.org","@graph":[{"@type":"Article","@id":"https:\/\/www.salzburgerland.com\/de\/magazin\/schlechtwetter-top-10-im-lungau\/#article","isPartOf":{"@id":"https:\/\/www.salzburgerland.com\/de\/magazin\/schlechtwetter-top-10-im-lungau\/"},"author":{"name":"Peter Zeitlhofer","@id":"https:\/\/www.salzburgerland.com\/de\/magazin\/#\/schema\/person\/ebd2c9f244aeea71e30f3b5d5e309de4"},"headline":"Schlechtwetter Top-10 im Lungau","datePublished":"2015-09-24T10:38:11+00:00","dateModified":"2021-11-09T09:28:20+00:00","mainEntityOfPage":{"@id":"https:\/\/www.salzburgerland.com\/de\/magazin\/schlechtwetter-top-10-im-lungau\/"},"wordCount":838,"commentCount":0,"publisher":{"@id":"https:\/\/www.salzburgerland.com\/de\/magazin\/#organization"},"image":{"@id":"https:\/\/www.salzburgerland.com\/de\/magazin\/schlechtwetter-top-10-im-lungau\/#primaryimage"},"thumbnailUrl":"https:\/\/www.salzburgerland.com\/de\/magazin\/wp-content\/uploads\/2015\/07\/lungau_herbst_010674-634x4211.jpg","articleSection":["Sehensw\u00fcrdig"],"inLanguage":"de","potentialAction":[{"@type":"CommentAction","name":"Comment","target":["https:\/\/www.salzburgerland.com\/de\/magazin\/schlechtwetter-top-10-im-lungau\/#respond"]}]},{"@type":"WebPage","@id":"https:\/\/www.salzburgerland.com\/de\/magazin\/schlechtwetter-top-10-im-lungau\/","url":"https:\/\/www.salzburgerland.com\/de\/magazin\/schlechtwetter-top-10-im-lungau\/","name":"Schlechtwetter Top-10 im Lungau - SalzburgerLand Magazin","isPartOf":{"@id":"https:\/\/www.salzburgerland.com\/de\/magazin\/#website"},"primaryImageOfPage":{"@id":"https:\/\/www.salzburgerland.com\/de\/magazin\/schlechtwetter-top-10-im-lungau\/#primaryimage"},"image":{"@id":"https:\/\/www.salzburgerland.com\/de\/magazin\/schlechtwetter-top-10-im-lungau\/#primaryimage"},"thumbnailUrl":"https:\/\/www.salzburgerland.com\/de\/magazin\/wp-content\/uploads\/2015\/07\/lungau_herbst_010674-634x4211.jpg","datePublished":"2015-09-24T10:38:11+00:00","dateModified":"2021-11-09T09:28:20+00:00","breadcrumb":{"@id":"https:\/\/www.salzburgerland.com\/de\/magazin\/schlechtwetter-top-10-im-lungau\/#breadcrumb"},"inLanguage":"de","potentialAction":[{"@type":"ReadAction","target":["https:\/\/www.salzburgerland.com\/de\/magazin\/schlechtwetter-top-10-im-lungau\/"]}]},{"@type":"ImageObject","inLanguage":"de","@id":"https:\/\/www.salzburgerland.com\/de\/magazin\/schlechtwetter-top-10-im-lungau\/#primaryimage","url":"https:\/\/www.salzburgerland.com\/de\/magazin\/wp-content\/uploads\/2015\/07\/lungau_herbst_010674-634x4211.jpg","contentUrl":"https:\/\/www.salzburgerland.com\/de\/magazin\/wp-content\/uploads\/2015\/07\/lungau_herbst_010674-634x4211.jpg","width":634,"height":421,"caption":"Eine mittelalterliche Burg, umgeben von bunten Herbstb\u00e4umen und einem dichten Wald im Hintergrund."},{"@type":"BreadcrumbList","@id":"https:\/\/www.salzburgerland.com\/de\/magazin\/schlechtwetter-top-10-im-lungau\/#breadcrumb","itemListElement":[{"@type":"ListItem","position":1,"name":"Startseite","item":"https:\/\/www.salzburgerland.com\/de\/magazin\/"},{"@type":"ListItem","position":2,"name":"Sehensw\u00fcrdig","item":"https:\/\/www.salzburgerland.com\/de\/magazin\/thema\/sehenswurdig\/"},{"@type":"ListItem","position":3,"name":"Schlechtwetter Top-10 im Lungau"}]},{"@type":"WebSite","@id":"https:\/\/www.salzburgerland.com\/de\/magazin\/#website","url":"https:\/\/www.salzburgerland.com\/de\/magazin\/","name":"SalzburgerLand Magazin","description":"Geschichten und Interessantes aus dem SalzburgerLand","publisher":{"@id":"https:\/\/www.salzburgerland.com\/de\/magazin\/#organization"},"potentialAction":[{"@type":"SearchAction","target":{"@type":"EntryPoint","urlTemplate":"https:\/\/www.salzburgerland.com\/de\/magazin\/?s={search_term_string}"},"query-input":{"@type":"PropertyValueSpecification","valueRequired":true,"valueName":"search_term_string"}}],"inLanguage":"de"},{"@type":"Organization","@id":"https:\/\/www.salzburgerland.com\/de\/magazin\/#organization","name":"SalzburgerLand Tourismus","url":"https:\/\/www.salzburgerland.com\/de\/magazin\/","logo":{"@type":"ImageObject","inLanguage":"de","@id":"https:\/\/www.salzburgerland.com\/de\/magazin\/#\/schema\/logo\/image\/","url":"https:\/\/www.salzburgerland.com\/de\/magazin\/wp-content\/uploads\/2019\/06\/salzburgerland-logo1.jpg","contentUrl":"https:\/\/www.salzburgerland.com\/de\/magazin\/wp-content\/uploads\/2019\/06\/salzburgerland-logo1.jpg","width":2011,"height":866,"caption":"SalzburgerLand Tourismus"},"image":{"@id":"https:\/\/www.salzburgerland.com\/de\/magazin\/#\/schema\/logo\/image\/"},"sameAs":["https:\/\/www.facebook.com\/salzburgerland\/","https:\/\/x.com\/Salzburgerland","https:\/\/www.instagram.com\/salzburgerland\/","https:\/\/at.linkedin.com\/company\/salzburgerland-tourismus-gmbh","https:\/\/www.pinterest.at\/salzburgerland\/","https:\/\/www.youtube.com\/user\/salzburgerland","https:\/\/de.wikipedia.org\/wiki\/SalzburgerLand_Tourismus_GmbH"]},{"@type":"Person","@id":"https:\/\/www.salzburgerland.com\/de\/magazin\/#\/schema\/person\/ebd2c9f244aeea71e30f3b5d5e309de4","name":"Peter Zeitlhofer","description":"'Von Neugier getrieben' - diese Worte kommen Peter Zeitlhofer wohl schon ziemlich nahe. Egal ob am Segelboot, im Tiefschnee, unterwegs in Stadt und Land, oder auf einer seinen vielen Reisen - er ist immer auf der Suche nach Neuem, nach dem Besonderen, probiert so ziemlich alles aus und liebt es, dar\u00fcber zu reden und zu berichten. Womit man auch schon fast bei seiner zweiten Leidenschaft w\u00e4re - dem Schreiben. Immer und \u00fcberall ausgestattet\u00a0mit seinem Notebook, hat der Salzburger, mit Wurzeln am Attersee, sein Office\u00a0im wahrsten Sinne des Wortes unterm Arm und k\u00f6nnte sich nichts besseres vorstellen, als die Geschichten dort zu erz\u00e4hlen, wo sie passieren. Fr\u00fchling, Sommer, Herbst oder Winter? Als Mensch der Extreme, mag ich auch bei den Jahreszeiten den Sommer und den Winter am liebsten. Obwohl nat\u00fcrlich auch der Fr\u00fchling seine Reize hat. Aber der Herbst? Rindsroulade vom Pinzgauer Biorind oder Saibling fangfrisch aus dem Fuschlsee? Immer diese Entscheidungen! Kann ich auch beides haben? Mundharmonika oder Stradivari? Weder noch - als Gitarrist k\u00f6nnte ich mit beiden Instrumenten nichts anfangen. Lederhose oder Smoking? Eindeutig Lederhose, die bei mir mittlerweile sogar den Einzug in den sommerlichen Alltag gefunden hat. Und der LederhosnDonnerstag ist \u00a0ohnehin Pflicht. Alpinski, Offpist oder Skitour? Hauptsache rauf auf den Berg! Was dann tats\u00e4chlich auf dem Programm steht ist zweitrangig. Nur so viel: wenn der Schnee passt, dann h\u00e4lt mich nichts oder niemand auf der Piste. Bergtour oder Seentour? F\u00fcr mich gibt es im Sommer nichts Sch\u00f6neres, als mit dem Segelboot auf unseren herrlichen Seen unterwegs zu sein. Also wenn ich die Wahl habe, dann nehme ich im Sommer die Berge h\u00f6chstens als Kulisse. Haubenlokal oder Ab-Hof-Laden? Auch hier nehme ich von beidem ein bisschen. Aber bei der Oma schmeckt's dann doch am besten.","url":"https:\/\/www.salzburgerland.com\/de\/magazin\/author\/peter-zeitlhofer\/"}]}},"_wl_alt_label":[],"wl:entity_url":"http:\/\/open.salzburgerland.com\/magazin\/post\/schlechtwetter_top-10_im_lungau","_links":{"self":[{"href":"https:\/\/www.salzburgerland.com\/de\/magazin\/wp-json\/wp\/v2\/posts\/100332","targetHints":{"allow":["GET"]}}],"collection":[{"href":"https:\/\/www.salzburgerland.com\/de\/magazin\/wp-json\/wp\/v2\/posts"}],"about":[{"href":"https:\/\/www.salzburgerland.com\/de\/magazin\/wp-json\/wp\/v2\/types\/post"}],"author":[{"embeddable":true,"href":"https:\/\/www.salzburgerland.com\/de\/magazin\/wp-json\/wp\/v2\/users\/505"}],"replies":[{"embeddable":true,"href":"https:\/\/www.salzburgerland.com\/de\/magazin\/wp-json\/wp\/v2\/comments?post=100332"}],"version-history":[{"count":4,"href":"https:\/\/www.salzburgerland.com\/de\/magazin\/wp-json\/wp\/v2\/posts\/100332\/revisions"}],"predecessor-version":[{"id":158522,"href":"https:\/\/www.salzburgerland.com\/de\/magazin\/wp-json\/wp\/v2\/posts\/100332\/revisions\/158522"}],"wp:featuredmedia":[{"embeddable":true,"href":"https:\/\/www.salzburgerland.com\/de\/magazin\/wp-json\/wp\/v2\/media\/100350"}],"wp:attachment":[{"href":"https:\/\/www.salzburgerland.com\/de\/magazin\/wp-json\/wp\/v2\/media?parent=100332"}],"wp:term":[{"taxonomy":"category","embeddable":true,"href":"https:\/\/www.salzburgerland.com\/de\/magazin\/wp-json\/wp\/v2\/categories?post=100332"},{"taxonomy":"post_tag","embeddable":true,"href":"https:\/\/www.salzburgerland.com\/de\/magazin\/wp-json\/wp\/v2\/tags?post=100332"},{"taxonomy":"wl_entity_type","embeddable":true,"href":"https:\/\/www.salzburgerland.com\/de\/magazin\/wp-json\/wp\/v2\/wl_entity_type?post=100332"},{"taxonomy":"monatsauswahl","embeddable":true,"href":"https:\/\/www.salzburgerland.com\/de\/magazin\/wp-json\/wp\/v2\/monatsauswahl?post=100332"}],"curies":[{"name":"wp","href":"https:\/\/api.w.org\/{rel}","templated":true}]}}