{"id":100175,"date":"2015-08-27T10:50:39","date_gmt":"2015-08-27T08:50:39","guid":{"rendered":"http:\/\/magazin.salzburgerland.com\/?p=100175"},"modified":"2022-08-08T11:38:04","modified_gmt":"2022-08-08T09:38:04","slug":"kallbrunnalm-diessbachstausee-kuehkranz","status":"publish","type":"post","link":"https:\/\/www.salzburgerland.com\/de\/magazin\/kallbrunnalm-diessbachstausee-kuehkranz\/","title":{"rendered":"Kallbrunnalm &#8211; Die\u00dfbachstausee &#8211; K\u00fchkranz"},"content":{"rendered":"\n<h2 class=\"wp-block-slt-subtitle\">Wandertour im Salzburger Saalachtal<\/h2>\n\n\n\n<p class=\"wp-block-slt-intro\">Um den Kopf wieder einmal frei zu bekommen und den Alltag getrost hinter sich zu lassen, eignet sich ja bekanntlich nichts besser, als eine Wanderung durch unsere herrlichen Alpen. Rucksack packen, Wetter checken und schon geht&#8217;s&nbsp;ab in die Berge &#8211; diesmal in den Salzburger Pinzgau, genauer gesagt nach <a href=\"http:\/\/www.lofer.com\/salzburg-saalachtal\/weissbach\" target=\"_blank\" rel=\"noreferrer noopener\">Wei\u00dfbach bei Lofer<\/a>. Denn von dort aus wollen wir uns heute zum Die\u00dfbachstausee, zur <a href=\"http:\/\/www.kallbrunnalm.de\" target=\"_blank\" rel=\"noreferrer noopener\">Kallbrunnalm <\/a>und schlie\u00dflich zum K\u00fchkranz aufsteigen.&nbsp;<\/p>\n\n\n\n<p>Zeitig in der Fr\u00fch l\u00e4utet der Wecker, zwischen den Vorh\u00e4ngen blitzen schon die ersten Sonnenstrahlen&nbsp;in den Raum und strahlen mit uns um die Wette.&nbsp;Endlich geht&#8217;s wieder in die Berge, unsere Vorfreude k\u00f6nnte gr\u00f6\u00dfer nicht sein! Heute steht eine besonders sch\u00f6ne Tour im Pinzgau auf dem Programm: der Aufstieg zur Kallbrunnalm, weiter zum Die\u00dfbachstausee, dem K\u00fchkranz und wieder zur\u00fcck. Von der Stadt Salzburg kommend, nehmen wir die Bundesstra\u00dfe \u00fcber das &#8222;Kleine Deutsche Eck&#8220;, lassen Bad Reichenhall, Unken und Lofer hinter uns und erreichen schlie\u00dflich nach ca. 45 Minuten Fahrzeit den kleinen, idyllisch im engen Tal gelegenen Ort, Wei\u00dfbach bei Lofer. Dort parken wir unser Auto auf dem Parkplatz der&nbsp;Jausenstation P\u00fcrzlbach (ca. 1.000 Meter \u00fcber dem Meer), trinken noch einen Schluck Wasser und machen wir uns auf den Weg. Die Kallbrunnalm liegt auf ca. 1.450 Metern H\u00f6he, der See etwas tiefer und der K\u00fchkranz auf 1.800. Insgesamt&nbsp;liegen gute sechs Stunden Gehzeit vor uns. Auch wenn die Wanderung nicht \u00fcbertrieben anspruchsvoll&nbsp;ist, sollte man trotzdem Trittsicherheit und gute Kondition mit im Rucksack haben.&nbsp;<\/p>\n\n\n\n<h2 class=\"wp-block-heading\" id=\"h-der-berg-ruft-immer-wieder\"><strong>Der Berg ruft&#8230; immer wieder!<\/strong><\/h2>\n\n\n\n<p>Mit jedem Schritt lassen wir die Zivilisation und die Hektik des Tals hinter uns, durch den Rhythmus unserer Schritte, das leise Rauschen des Windes und die fr\u00f6hlichen Ges\u00e4nge der V\u00f6gel legt sich schon bald so etwas wie meditative Entspannung \u00fcber unsere kleine Wandergruppe. Jeder, der einmal vom Bergvirus infiziert ist, kennt dieses Gef\u00fchl und kann garantiert nicht mehr darauf verzichten. \u00dcber den Forstweg bewegen wir uns langsam aufw\u00e4rts, bei den ersten H\u00fctten zweigen wir links ab und&nbsp;kehren erst mal noch nicht in die Kallbrunnalm ein. Zuerst die Arbeit, dann das Vergn\u00fcgen. Auch am Berg gilt diese alte Weisheit, schlie\u00dflich wollen wir noch weiter hinauf. \u00dcber herrlich saftige Almwiesen wandern wir \u00fcber Serpentinen auf den K\u00fchkranz. Die Aussicht hier ist ein Traum, an einem klaren Tag wie heute sieht man viele Kilometer weit in die atemberaubende Bergwelt. Zufrieden trinken wir einen Schluck und hinterlassen folgenden Spruch im Gipfelbuch: <em>&#8222;Wenn du den Gipfel eines Berges erreichst, klettere weiter&#8220;<\/em>. &nbsp;Ein Spruch, der mich schon viele Jahre begleitet und der mir immer wieder auf den Gipfeln der Alpen in den Sinn kommt. Gl\u00fccklich lachend wird noch ein Gipfelfoto geschossen und schon geht&#8217;s wieder abw\u00e4rts Richtung Alm. Diesmal nehmen wir bei der Weggabelung den linken Pfad und nach nicht allzu langer Zeit erreichen wir das eigentliche Ziel unserer Wanderung, die Kallbrunnalm.&nbsp;<\/p>\n\n\n\n<figure class=\"wp-block-image alignnone\"><a href=\"https:\/\/www.salzburgerland.com\/de\/magazin\/wp-content\/uploads\/2015\/07\/Weissb18.jpg\"><img decoding=\"async\" src=\"https:\/\/www.salzburgerland.com\/de\/magazin\/wp-content\/uploads\/2015\/07\/Weissb18-650x435.jpg\" alt=\"Die Kallbrunnalm in Wei\u00dfbach bei Lofer - eine der gr\u00f6\u00dften Almen \u00d6sterreichs \u00a9TVB Salzburger Saalachtal\" class=\"wp-image-100181\"\/><\/a><figcaption>Die Kallbrunnalm in Wei\u00dfbach bei Lofer &#8211; eine der gr\u00f6\u00dften Almen \u00d6sterreichs \u00a9TVB Salzburger Saalachtal<\/figcaption><\/figure>\n\n\n\n<h2 class=\"wp-block-heading\" id=\"h-auf-der-alm-da-gibt-koa-sund-aber-jede-menge-kuhe\"><strong>&#8222;Auf der Alm, da gibt&#8216; koa S\u00fcnd&#8220; &#8211; aber jede Menge K\u00fche<\/strong><\/h2>\n\n\n\n<p>Die Alm ist wundersch\u00f6n ausgebaut und ist eine der gr\u00f6\u00dften hier bei uns im SalzburgerLand. Jedes Jahr verbringen hier oben ca. 350 K\u00fche ihren Sommer und toben sich auf ca. 2,5 Quadratkilometern nach Lust und Laune aus. Erstmals urkundlich erw\u00e4hnt wurde sie bereits 1386 und blickt seitdem auf eine durchg\u00e4ngige Almgeschichte zur\u00fcck. Hier lassen wir uns eine z\u00fcnftige Bretteljause in vollen Z\u00fcgen schmecken. Nat\u00fcrlich darf auch der Kallbrunner Almk\u00e4se, der hier von den Almbauern aus Almmilch hergestellt wird, nicht fehlen. Besser kann K\u00e4se nicht sein! Nach einer gem\u00fctlichen Almstunde rei\u00dfen wir uns schweren Herzens wieder los &#8211; wir wollen heute schlie\u00dflich noch zum Die\u00dfbachstausee. Der Weg ist gut beschrieben und so kommen wir nach ca. 45 Minuten Wanderung am idyllischen Bergsee an. Warm ist er ja nicht gerade, aber ein schnelles Bad wagen wir trotzdem. Der k\u00fcnstliche See entstand erst im Jahr 1961 durch das Aufstauen des Die\u00dfbachs und f\u00fcgt sich wunderbar harmonisch in die alpine Landschaft ein.&nbsp;<\/p>\n\n\n\n<figure class=\"wp-block-image alignnone\"><a href=\"https:\/\/www.salzburgerland.com\/de\/magazin\/wp-content\/uploads\/2015\/07\/diesbachstausee.jpg\"><img decoding=\"async\" src=\"https:\/\/www.salzburgerland.com\/de\/magazin\/wp-content\/uploads\/2015\/07\/diesbachstausee-650x435.jpg\" alt=\"Der Die\u00dfbachstausee ist nicht gerade einer der w\u00e4rmsten Seen des Landes - trotzdem wagen besonders Mutige hier ein Bad \u00a9TVB Salzburger Saalachtal\" class=\"wp-image-100179\"\/><\/a><figcaption>Der Die\u00dfbachstausee ist nicht gerade einer der w\u00e4rmsten Seen des Landes &#8211; trotzdem wagen besonders Mutige hier ein Bad \u00a9TVB Salzburger Saalachtal<\/figcaption><\/figure>\n\n\n\n<p>Nachdem wir uns von der Sonne haben trocknen lassen, gehen wir die letzte Etappe unserer Wanderung an: den Abstieg zum Auto. Gl\u00fccklich, aber ausgepowert kommen wir dort an, genie\u00dfen noch einmal den Blick auf die Berge und lassen die Tour kurz Revue passieren. Was f\u00fcr ein wunderbarer Tag!&nbsp;<\/p>\n","protected":false},"excerpt":{"rendered":"<p>Zeitig in der Fr\u00fch l\u00e4utet der Wecker, zwischen den Vorh\u00e4ngen blitzen schon die ersten Sonnenstrahlen&nbsp;in den Raum und strahlen mit uns um die Wette.&nbsp;Endlich geht&#8217;s wieder in die Berge, unsere Vorfreude k\u00f6nnte gr\u00f6\u00dfer nicht sein! Heute steht eine besonders sch\u00f6ne Tour im Pinzgau auf dem Programm: der Aufstieg zur Kallbrunnalm, weiter zum Die\u00dfbachstausee, dem K\u00fchkranz [&hellip;]<\/p>\n","protected":false},"author":505,"featured_media":100184,"comment_status":"open","ping_status":"open","sticky":false,"template":"","format":"standard","meta":{"_acf_changed":false,"wl_entities_gutenberg":"","_wl_entity_redirect_enabled":"","footnotes":""},"categories":[8],"tags":[],"wl_entity_type":[306],"monatsauswahl":[82,83,84,85,86,87,88,89,90,91,92,93],"class_list":["post-100175","post","type-post","status-publish","format-standard","has-post-thumbnail","hentry","category-outdoor-sport","wl_entity_type-article","monatsauswahl-monat_1","monatsauswahl-monat_2","monatsauswahl-monat_3","monatsauswahl-monat_4","monatsauswahl-monat_5","monatsauswahl-monat_6","monatsauswahl-monat_7","monatsauswahl-monat_8","monatsauswahl-monat_9","monatsauswahl-monat_10","monatsauswahl-monat_11","monatsauswahl-monat_12"],"acf":[],"yoast_head":"<!-- This site is optimized with the Yoast SEO Premium plugin v27.4 (Yoast SEO v27.4) - https:\/\/yoast.com\/product\/yoast-seo-premium-wordpress\/ -->\n<title>Kallbrunnalm - Die\u00dfbachstausee - K\u00fchkranz - SalzburgerLand Magazin<\/title>\n<meta name=\"description\" content=\"Um den Kopf wieder einmal frei zu bekommen und den Alltag getrost hinter sich zu lassen, eignet sich ja bekanntlich nichts besser, als eine Wanderung durch unsere herrlichen Alpen. Rucksack packen, Wetter checken und schon geht&#039;s&nbsp;ab in die Berge - diesmal in den Salzburger Pinzgau, genauer gesagt nach Wei\u00dfbach bei Lofer. Denn von dort aus wollen wir uns heute zum Die\u00dfbachstausee, zur Kallbrunnalm und schlie\u00dflich zum K\u00fchkranz aufsteigen.&nbsp;\" \/>\n<meta name=\"robots\" content=\"index, follow, max-snippet:-1, max-image-preview:large, max-video-preview:-1\" \/>\n<link rel=\"canonical\" href=\"https:\/\/www.salzburgerland.com\/de\/magazin\/kallbrunnalm-diessbachstausee-kuehkranz\/\" \/>\n<meta property=\"og:locale\" content=\"de_DE\" \/>\n<meta property=\"og:type\" content=\"article\" \/>\n<meta property=\"og:title\" content=\"Kallbrunnalm - Die\u00dfbachstausee - K\u00fchkranz\" \/>\n<meta property=\"og:description\" content=\"Zeitig in der Fr\u00fch l\u00e4utet der Wecker, zwischen den Vorh\u00e4ngen blitzen schon die ersten Sonnenstrahlen&nbsp;in den Raum und strahlen mit uns um die Wette.&nbsp;Endlich geht&#8217;s wieder in die Berge, unsere Vorfreude k\u00f6nnte gr\u00f6\u00dfer nicht sein! Heute steht eine besonders sch\u00f6ne Tour im Pinzgau auf dem Programm: der Aufstieg zur Kallbrunnalm, weiter zum Die\u00dfbachstausee, dem K\u00fchkranz [&hellip;]\" \/>\n<meta property=\"og:url\" content=\"https:\/\/www.salzburgerland.com\/de\/magazin\/kallbrunnalm-diessbachstausee-kuehkranz\/\" \/>\n<meta property=\"og:site_name\" content=\"SalzburgerLand Magazin\" \/>\n<meta property=\"article:publisher\" content=\"https:\/\/www.facebook.com\/salzburgerland\/\" \/>\n<meta property=\"article:published_time\" content=\"2015-08-27T08:50:39+00:00\" \/>\n<meta property=\"article:modified_time\" content=\"2022-08-08T09:38:04+00:00\" \/>\n<meta property=\"og:image\" content=\"https:\/\/www.salzburgerland.com\/de\/magazin\/wp-content\/uploads\/2015\/07\/Weissb66.jpg\" \/>\n\t<meta property=\"og:image:width\" content=\"1600\" \/>\n\t<meta property=\"og:image:height\" content=\"613\" \/>\n\t<meta property=\"og:image:type\" content=\"image\/jpeg\" \/>\n<meta name=\"author\" content=\"Peter Zeitlhofer\" \/>\n<meta name=\"twitter:card\" content=\"summary_large_image\" \/>\n<meta name=\"twitter:creator\" content=\"@Salzburgerland\" \/>\n<meta name=\"twitter:site\" content=\"@Salzburgerland\" \/>\n<meta name=\"twitter:label1\" content=\"Verfasst von\" \/>\n\t<meta name=\"twitter:data1\" content=\"Peter Zeitlhofer\" \/>\n\t<meta name=\"twitter:label2\" content=\"Gesch\u00e4tzte Lesezeit\" \/>\n\t<meta name=\"twitter:data2\" content=\"5\u00a0Minuten\" \/>\n<script type=\"application\/ld+json\" class=\"yoast-schema-graph\">{\"@context\":\"https:\\\/\\\/schema.org\",\"@graph\":[{\"@type\":\"Article\",\"@id\":\"https:\\\/\\\/www.salzburgerland.com\\\/de\\\/magazin\\\/kallbrunnalm-diessbachstausee-kuehkranz\\\/#article\",\"isPartOf\":{\"@id\":\"https:\\\/\\\/www.salzburgerland.com\\\/de\\\/magazin\\\/kallbrunnalm-diessbachstausee-kuehkranz\\\/\"},\"author\":{\"name\":\"Peter Zeitlhofer\",\"@id\":\"https:\\\/\\\/www.salzburgerland.com\\\/de\\\/magazin\\\/#\\\/schema\\\/person\\\/ebd2c9f244aeea71e30f3b5d5e309de4\"},\"headline\":\"Kallbrunnalm &#8211; Die\u00dfbachstausee &#8211; K\u00fchkranz\",\"datePublished\":\"2015-08-27T08:50:39+00:00\",\"dateModified\":\"2022-08-08T09:38:04+00:00\",\"mainEntityOfPage\":{\"@id\":\"https:\\\/\\\/www.salzburgerland.com\\\/de\\\/magazin\\\/kallbrunnalm-diessbachstausee-kuehkranz\\\/\"},\"wordCount\":795,\"commentCount\":0,\"publisher\":{\"@id\":\"https:\\\/\\\/www.salzburgerland.com\\\/de\\\/magazin\\\/#organization\"},\"image\":{\"@id\":\"https:\\\/\\\/www.salzburgerland.com\\\/de\\\/magazin\\\/kallbrunnalm-diessbachstausee-kuehkranz\\\/#primaryimage\"},\"thumbnailUrl\":\"https:\\\/\\\/www.salzburgerland.com\\\/de\\\/magazin\\\/wp-content\\\/uploads\\\/2015\\\/07\\\/Weissb66.jpg\",\"articleSection\":[\"Outdoor &amp; Sport\"],\"inLanguage\":\"de\",\"potentialAction\":[{\"@type\":\"CommentAction\",\"name\":\"Comment\",\"target\":[\"https:\\\/\\\/www.salzburgerland.com\\\/de\\\/magazin\\\/kallbrunnalm-diessbachstausee-kuehkranz\\\/#respond\"]}]},{\"@type\":\"WebPage\",\"@id\":\"https:\\\/\\\/www.salzburgerland.com\\\/de\\\/magazin\\\/kallbrunnalm-diessbachstausee-kuehkranz\\\/\",\"url\":\"https:\\\/\\\/www.salzburgerland.com\\\/de\\\/magazin\\\/kallbrunnalm-diessbachstausee-kuehkranz\\\/\",\"name\":\"Kallbrunnalm - Die\u00dfbachstausee - K\u00fchkranz - SalzburgerLand Magazin\",\"isPartOf\":{\"@id\":\"https:\\\/\\\/www.salzburgerland.com\\\/de\\\/magazin\\\/#website\"},\"primaryImageOfPage\":{\"@id\":\"https:\\\/\\\/www.salzburgerland.com\\\/de\\\/magazin\\\/kallbrunnalm-diessbachstausee-kuehkranz\\\/#primaryimage\"},\"image\":{\"@id\":\"https:\\\/\\\/www.salzburgerland.com\\\/de\\\/magazin\\\/kallbrunnalm-diessbachstausee-kuehkranz\\\/#primaryimage\"},\"thumbnailUrl\":\"https:\\\/\\\/www.salzburgerland.com\\\/de\\\/magazin\\\/wp-content\\\/uploads\\\/2015\\\/07\\\/Weissb66.jpg\",\"datePublished\":\"2015-08-27T08:50:39+00:00\",\"dateModified\":\"2022-08-08T09:38:04+00:00\",\"breadcrumb\":{\"@id\":\"https:\\\/\\\/www.salzburgerland.com\\\/de\\\/magazin\\\/kallbrunnalm-diessbachstausee-kuehkranz\\\/#breadcrumb\"},\"inLanguage\":\"de\",\"potentialAction\":[{\"@type\":\"ReadAction\",\"target\":[\"https:\\\/\\\/www.salzburgerland.com\\\/de\\\/magazin\\\/kallbrunnalm-diessbachstausee-kuehkranz\\\/\"]}]},{\"@type\":\"ImageObject\",\"inLanguage\":\"de\",\"@id\":\"https:\\\/\\\/www.salzburgerland.com\\\/de\\\/magazin\\\/kallbrunnalm-diessbachstausee-kuehkranz\\\/#primaryimage\",\"url\":\"https:\\\/\\\/www.salzburgerland.com\\\/de\\\/magazin\\\/wp-content\\\/uploads\\\/2015\\\/07\\\/Weissb66.jpg\",\"contentUrl\":\"https:\\\/\\\/www.salzburgerland.com\\\/de\\\/magazin\\\/wp-content\\\/uploads\\\/2015\\\/07\\\/Weissb66.jpg\",\"width\":1600,\"height\":613,\"caption\":\"Mal wieder die Seele baumeln lassen - in der Bergwelt des SalzburgerLandes kein Problem \u00a9TVB Salzburger Saalachtal\"},{\"@type\":\"BreadcrumbList\",\"@id\":\"https:\\\/\\\/www.salzburgerland.com\\\/de\\\/magazin\\\/kallbrunnalm-diessbachstausee-kuehkranz\\\/#breadcrumb\",\"itemListElement\":[{\"@type\":\"ListItem\",\"position\":1,\"name\":\"Startseite\",\"item\":\"https:\\\/\\\/www.salzburgerland.com\\\/de\\\/magazin\\\/\"},{\"@type\":\"ListItem\",\"position\":2,\"name\":\"Outdoor &amp; Sport\",\"item\":\"https:\\\/\\\/www.salzburgerland.com\\\/de\\\/magazin\\\/thema\\\/outdoor-sport\\\/\"},{\"@type\":\"ListItem\",\"position\":3,\"name\":\"Kallbrunnalm &#8211; Die\u00dfbachstausee &#8211; K\u00fchkranz\"}]},{\"@type\":\"WebSite\",\"@id\":\"https:\\\/\\\/www.salzburgerland.com\\\/de\\\/magazin\\\/#website\",\"url\":\"https:\\\/\\\/www.salzburgerland.com\\\/de\\\/magazin\\\/\",\"name\":\"SalzburgerLand Magazin\",\"description\":\"Geschichten und Interessantes aus dem SalzburgerLand\",\"publisher\":{\"@id\":\"https:\\\/\\\/www.salzburgerland.com\\\/de\\\/magazin\\\/#organization\"},\"potentialAction\":[{\"@type\":\"SearchAction\",\"target\":{\"@type\":\"EntryPoint\",\"urlTemplate\":\"https:\\\/\\\/www.salzburgerland.com\\\/de\\\/magazin\\\/?s={search_term_string}\"},\"query-input\":{\"@type\":\"PropertyValueSpecification\",\"valueRequired\":true,\"valueName\":\"search_term_string\"}}],\"inLanguage\":\"de\"},{\"@type\":\"Organization\",\"@id\":\"https:\\\/\\\/www.salzburgerland.com\\\/de\\\/magazin\\\/#organization\",\"name\":\"SalzburgerLand Tourismus\",\"url\":\"https:\\\/\\\/www.salzburgerland.com\\\/de\\\/magazin\\\/\",\"logo\":{\"@type\":\"ImageObject\",\"inLanguage\":\"de\",\"@id\":\"https:\\\/\\\/www.salzburgerland.com\\\/de\\\/magazin\\\/#\\\/schema\\\/logo\\\/image\\\/\",\"url\":\"https:\\\/\\\/www.salzburgerland.com\\\/de\\\/magazin\\\/wp-content\\\/uploads\\\/2019\\\/06\\\/salzburgerland-logo1.jpg\",\"contentUrl\":\"https:\\\/\\\/www.salzburgerland.com\\\/de\\\/magazin\\\/wp-content\\\/uploads\\\/2019\\\/06\\\/salzburgerland-logo1.jpg\",\"width\":2011,\"height\":866,\"caption\":\"SalzburgerLand Tourismus\"},\"image\":{\"@id\":\"https:\\\/\\\/www.salzburgerland.com\\\/de\\\/magazin\\\/#\\\/schema\\\/logo\\\/image\\\/\"},\"sameAs\":[\"https:\\\/\\\/www.facebook.com\\\/salzburgerland\\\/\",\"https:\\\/\\\/x.com\\\/Salzburgerland\",\"https:\\\/\\\/www.instagram.com\\\/salzburgerland\\\/\",\"https:\\\/\\\/at.linkedin.com\\\/company\\\/salzburgerland-tourismus-gmbh\",\"https:\\\/\\\/www.pinterest.at\\\/salzburgerland\\\/\",\"https:\\\/\\\/www.youtube.com\\\/user\\\/salzburgerland\",\"https:\\\/\\\/de.wikipedia.org\\\/wiki\\\/SalzburgerLand_Tourismus_GmbH\"]},{\"@type\":\"Person\",\"@id\":\"https:\\\/\\\/www.salzburgerland.com\\\/de\\\/magazin\\\/#\\\/schema\\\/person\\\/ebd2c9f244aeea71e30f3b5d5e309de4\",\"name\":\"Peter Zeitlhofer\",\"description\":\"'Von Neugier getrieben' - diese Worte kommen Peter Zeitlhofer wohl schon ziemlich nahe. Egal ob am Segelboot, im Tiefschnee, unterwegs in Stadt und Land, oder auf einer seinen vielen Reisen - er ist immer auf der Suche nach Neuem, nach dem Besonderen, probiert so ziemlich alles aus und liebt es, dar\u00fcber zu reden und zu berichten. Womit man auch schon fast bei seiner zweiten Leidenschaft w\u00e4re - dem Schreiben. Immer und \u00fcberall ausgestattet\u00a0mit seinem Notebook, hat der Salzburger, mit Wurzeln am Attersee, sein Office\u00a0im wahrsten Sinne des Wortes unterm Arm und k\u00f6nnte sich nichts besseres vorstellen, als die Geschichten dort zu erz\u00e4hlen, wo sie passieren. Fr\u00fchling, Sommer, Herbst oder Winter? Als Mensch der Extreme, mag ich auch bei den Jahreszeiten den Sommer und den Winter am liebsten. Obwohl nat\u00fcrlich auch der Fr\u00fchling seine Reize hat. Aber der Herbst? Rindsroulade vom Pinzgauer Biorind oder Saibling fangfrisch aus dem Fuschlsee? Immer diese Entscheidungen! Kann ich auch beides haben? Mundharmonika oder Stradivari? Weder noch - als Gitarrist k\u00f6nnte ich mit beiden Instrumenten nichts anfangen. Lederhose oder Smoking? Eindeutig Lederhose, die bei mir mittlerweile sogar den Einzug in den sommerlichen Alltag gefunden hat. Und der LederhosnDonnerstag ist \u00a0ohnehin Pflicht. Alpinski, Offpist oder Skitour? Hauptsache rauf auf den Berg! Was dann tats\u00e4chlich auf dem Programm steht ist zweitrangig. Nur so viel: wenn der Schnee passt, dann h\u00e4lt mich nichts oder niemand auf der Piste. Bergtour oder Seentour? F\u00fcr mich gibt es im Sommer nichts Sch\u00f6neres, als mit dem Segelboot auf unseren herrlichen Seen unterwegs zu sein. Also wenn ich die Wahl habe, dann nehme ich im Sommer die Berge h\u00f6chstens als Kulisse. Haubenlokal oder Ab-Hof-Laden? Auch hier nehme ich von beidem ein bisschen. Aber bei der Oma schmeckt's dann doch am besten.\",\"url\":\"https:\\\/\\\/www.salzburgerland.com\\\/de\\\/magazin\\\/author\\\/peter-zeitlhofer\\\/\"}]}<\/script>\n<!-- \/ Yoast SEO Premium plugin. -->","yoast_head_json":{"title":"Kallbrunnalm - Die\u00dfbachstausee - K\u00fchkranz - SalzburgerLand Magazin","description":"Um den Kopf wieder einmal frei zu bekommen und den Alltag getrost hinter sich zu lassen, eignet sich ja bekanntlich nichts besser, als eine Wanderung durch unsere herrlichen Alpen. Rucksack packen, Wetter checken und schon geht's&nbsp;ab in die Berge - diesmal in den Salzburger Pinzgau, genauer gesagt nach Wei\u00dfbach bei Lofer. Denn von dort aus wollen wir uns heute zum Die\u00dfbachstausee, zur Kallbrunnalm und schlie\u00dflich zum K\u00fchkranz aufsteigen.&nbsp;","robots":{"index":"index","follow":"follow","max-snippet":"max-snippet:-1","max-image-preview":"max-image-preview:large","max-video-preview":"max-video-preview:-1"},"canonical":"https:\/\/www.salzburgerland.com\/de\/magazin\/kallbrunnalm-diessbachstausee-kuehkranz\/","og_locale":"de_DE","og_type":"article","og_title":"Kallbrunnalm - Die\u00dfbachstausee - K\u00fchkranz","og_description":"Zeitig in der Fr\u00fch l\u00e4utet der Wecker, zwischen den Vorh\u00e4ngen blitzen schon die ersten Sonnenstrahlen&nbsp;in den Raum und strahlen mit uns um die Wette.&nbsp;Endlich geht&#8217;s wieder in die Berge, unsere Vorfreude k\u00f6nnte gr\u00f6\u00dfer nicht sein! Heute steht eine besonders sch\u00f6ne Tour im Pinzgau auf dem Programm: der Aufstieg zur Kallbrunnalm, weiter zum Die\u00dfbachstausee, dem K\u00fchkranz [&hellip;]","og_url":"https:\/\/www.salzburgerland.com\/de\/magazin\/kallbrunnalm-diessbachstausee-kuehkranz\/","og_site_name":"SalzburgerLand Magazin","article_publisher":"https:\/\/www.facebook.com\/salzburgerland\/","article_published_time":"2015-08-27T08:50:39+00:00","article_modified_time":"2022-08-08T09:38:04+00:00","og_image":[{"width":1600,"height":613,"url":"https:\/\/www.salzburgerland.com\/de\/magazin\/wp-content\/uploads\/2015\/07\/Weissb66.jpg","type":"image\/jpeg"}],"author":"Peter Zeitlhofer","twitter_card":"summary_large_image","twitter_creator":"@Salzburgerland","twitter_site":"@Salzburgerland","twitter_misc":{"Verfasst von":"Peter Zeitlhofer","Gesch\u00e4tzte Lesezeit":"5\u00a0Minuten"},"schema":{"@context":"https:\/\/schema.org","@graph":[{"@type":"Article","@id":"https:\/\/www.salzburgerland.com\/de\/magazin\/kallbrunnalm-diessbachstausee-kuehkranz\/#article","isPartOf":{"@id":"https:\/\/www.salzburgerland.com\/de\/magazin\/kallbrunnalm-diessbachstausee-kuehkranz\/"},"author":{"name":"Peter Zeitlhofer","@id":"https:\/\/www.salzburgerland.com\/de\/magazin\/#\/schema\/person\/ebd2c9f244aeea71e30f3b5d5e309de4"},"headline":"Kallbrunnalm &#8211; Die\u00dfbachstausee &#8211; K\u00fchkranz","datePublished":"2015-08-27T08:50:39+00:00","dateModified":"2022-08-08T09:38:04+00:00","mainEntityOfPage":{"@id":"https:\/\/www.salzburgerland.com\/de\/magazin\/kallbrunnalm-diessbachstausee-kuehkranz\/"},"wordCount":795,"commentCount":0,"publisher":{"@id":"https:\/\/www.salzburgerland.com\/de\/magazin\/#organization"},"image":{"@id":"https:\/\/www.salzburgerland.com\/de\/magazin\/kallbrunnalm-diessbachstausee-kuehkranz\/#primaryimage"},"thumbnailUrl":"https:\/\/www.salzburgerland.com\/de\/magazin\/wp-content\/uploads\/2015\/07\/Weissb66.jpg","articleSection":["Outdoor &amp; Sport"],"inLanguage":"de","potentialAction":[{"@type":"CommentAction","name":"Comment","target":["https:\/\/www.salzburgerland.com\/de\/magazin\/kallbrunnalm-diessbachstausee-kuehkranz\/#respond"]}]},{"@type":"WebPage","@id":"https:\/\/www.salzburgerland.com\/de\/magazin\/kallbrunnalm-diessbachstausee-kuehkranz\/","url":"https:\/\/www.salzburgerland.com\/de\/magazin\/kallbrunnalm-diessbachstausee-kuehkranz\/","name":"Kallbrunnalm - Die\u00dfbachstausee - K\u00fchkranz - SalzburgerLand Magazin","isPartOf":{"@id":"https:\/\/www.salzburgerland.com\/de\/magazin\/#website"},"primaryImageOfPage":{"@id":"https:\/\/www.salzburgerland.com\/de\/magazin\/kallbrunnalm-diessbachstausee-kuehkranz\/#primaryimage"},"image":{"@id":"https:\/\/www.salzburgerland.com\/de\/magazin\/kallbrunnalm-diessbachstausee-kuehkranz\/#primaryimage"},"thumbnailUrl":"https:\/\/www.salzburgerland.com\/de\/magazin\/wp-content\/uploads\/2015\/07\/Weissb66.jpg","datePublished":"2015-08-27T08:50:39+00:00","dateModified":"2022-08-08T09:38:04+00:00","breadcrumb":{"@id":"https:\/\/www.salzburgerland.com\/de\/magazin\/kallbrunnalm-diessbachstausee-kuehkranz\/#breadcrumb"},"inLanguage":"de","potentialAction":[{"@type":"ReadAction","target":["https:\/\/www.salzburgerland.com\/de\/magazin\/kallbrunnalm-diessbachstausee-kuehkranz\/"]}]},{"@type":"ImageObject","inLanguage":"de","@id":"https:\/\/www.salzburgerland.com\/de\/magazin\/kallbrunnalm-diessbachstausee-kuehkranz\/#primaryimage","url":"https:\/\/www.salzburgerland.com\/de\/magazin\/wp-content\/uploads\/2015\/07\/Weissb66.jpg","contentUrl":"https:\/\/www.salzburgerland.com\/de\/magazin\/wp-content\/uploads\/2015\/07\/Weissb66.jpg","width":1600,"height":613,"caption":"Mal wieder die Seele baumeln lassen - in der Bergwelt des SalzburgerLandes kein Problem \u00a9TVB Salzburger Saalachtal"},{"@type":"BreadcrumbList","@id":"https:\/\/www.salzburgerland.com\/de\/magazin\/kallbrunnalm-diessbachstausee-kuehkranz\/#breadcrumb","itemListElement":[{"@type":"ListItem","position":1,"name":"Startseite","item":"https:\/\/www.salzburgerland.com\/de\/magazin\/"},{"@type":"ListItem","position":2,"name":"Outdoor &amp; Sport","item":"https:\/\/www.salzburgerland.com\/de\/magazin\/thema\/outdoor-sport\/"},{"@type":"ListItem","position":3,"name":"Kallbrunnalm &#8211; Die\u00dfbachstausee &#8211; K\u00fchkranz"}]},{"@type":"WebSite","@id":"https:\/\/www.salzburgerland.com\/de\/magazin\/#website","url":"https:\/\/www.salzburgerland.com\/de\/magazin\/","name":"SalzburgerLand Magazin","description":"Geschichten und Interessantes aus dem SalzburgerLand","publisher":{"@id":"https:\/\/www.salzburgerland.com\/de\/magazin\/#organization"},"potentialAction":[{"@type":"SearchAction","target":{"@type":"EntryPoint","urlTemplate":"https:\/\/www.salzburgerland.com\/de\/magazin\/?s={search_term_string}"},"query-input":{"@type":"PropertyValueSpecification","valueRequired":true,"valueName":"search_term_string"}}],"inLanguage":"de"},{"@type":"Organization","@id":"https:\/\/www.salzburgerland.com\/de\/magazin\/#organization","name":"SalzburgerLand Tourismus","url":"https:\/\/www.salzburgerland.com\/de\/magazin\/","logo":{"@type":"ImageObject","inLanguage":"de","@id":"https:\/\/www.salzburgerland.com\/de\/magazin\/#\/schema\/logo\/image\/","url":"https:\/\/www.salzburgerland.com\/de\/magazin\/wp-content\/uploads\/2019\/06\/salzburgerland-logo1.jpg","contentUrl":"https:\/\/www.salzburgerland.com\/de\/magazin\/wp-content\/uploads\/2019\/06\/salzburgerland-logo1.jpg","width":2011,"height":866,"caption":"SalzburgerLand Tourismus"},"image":{"@id":"https:\/\/www.salzburgerland.com\/de\/magazin\/#\/schema\/logo\/image\/"},"sameAs":["https:\/\/www.facebook.com\/salzburgerland\/","https:\/\/x.com\/Salzburgerland","https:\/\/www.instagram.com\/salzburgerland\/","https:\/\/at.linkedin.com\/company\/salzburgerland-tourismus-gmbh","https:\/\/www.pinterest.at\/salzburgerland\/","https:\/\/www.youtube.com\/user\/salzburgerland","https:\/\/de.wikipedia.org\/wiki\/SalzburgerLand_Tourismus_GmbH"]},{"@type":"Person","@id":"https:\/\/www.salzburgerland.com\/de\/magazin\/#\/schema\/person\/ebd2c9f244aeea71e30f3b5d5e309de4","name":"Peter Zeitlhofer","description":"'Von Neugier getrieben' - diese Worte kommen Peter Zeitlhofer wohl schon ziemlich nahe. Egal ob am Segelboot, im Tiefschnee, unterwegs in Stadt und Land, oder auf einer seinen vielen Reisen - er ist immer auf der Suche nach Neuem, nach dem Besonderen, probiert so ziemlich alles aus und liebt es, dar\u00fcber zu reden und zu berichten. Womit man auch schon fast bei seiner zweiten Leidenschaft w\u00e4re - dem Schreiben. Immer und \u00fcberall ausgestattet\u00a0mit seinem Notebook, hat der Salzburger, mit Wurzeln am Attersee, sein Office\u00a0im wahrsten Sinne des Wortes unterm Arm und k\u00f6nnte sich nichts besseres vorstellen, als die Geschichten dort zu erz\u00e4hlen, wo sie passieren. Fr\u00fchling, Sommer, Herbst oder Winter? Als Mensch der Extreme, mag ich auch bei den Jahreszeiten den Sommer und den Winter am liebsten. Obwohl nat\u00fcrlich auch der Fr\u00fchling seine Reize hat. Aber der Herbst? Rindsroulade vom Pinzgauer Biorind oder Saibling fangfrisch aus dem Fuschlsee? Immer diese Entscheidungen! Kann ich auch beides haben? Mundharmonika oder Stradivari? Weder noch - als Gitarrist k\u00f6nnte ich mit beiden Instrumenten nichts anfangen. Lederhose oder Smoking? Eindeutig Lederhose, die bei mir mittlerweile sogar den Einzug in den sommerlichen Alltag gefunden hat. Und der LederhosnDonnerstag ist \u00a0ohnehin Pflicht. Alpinski, Offpist oder Skitour? Hauptsache rauf auf den Berg! Was dann tats\u00e4chlich auf dem Programm steht ist zweitrangig. Nur so viel: wenn der Schnee passt, dann h\u00e4lt mich nichts oder niemand auf der Piste. Bergtour oder Seentour? F\u00fcr mich gibt es im Sommer nichts Sch\u00f6neres, als mit dem Segelboot auf unseren herrlichen Seen unterwegs zu sein. Also wenn ich die Wahl habe, dann nehme ich im Sommer die Berge h\u00f6chstens als Kulisse. Haubenlokal oder Ab-Hof-Laden? Auch hier nehme ich von beidem ein bisschen. Aber bei der Oma schmeckt's dann doch am besten.","url":"https:\/\/www.salzburgerland.com\/de\/magazin\/author\/peter-zeitlhofer\/"}]}},"_wl_alt_label":[],"wl:entity_url":"http:\/\/open.salzburgerland.com\/magazin\/post\/kallbrunnalm_-_diessbachstausee_-_kuehkranz","_links":{"self":[{"href":"https:\/\/www.salzburgerland.com\/de\/magazin\/wp-json\/wp\/v2\/posts\/100175","targetHints":{"allow":["GET"]}}],"collection":[{"href":"https:\/\/www.salzburgerland.com\/de\/magazin\/wp-json\/wp\/v2\/posts"}],"about":[{"href":"https:\/\/www.salzburgerland.com\/de\/magazin\/wp-json\/wp\/v2\/types\/post"}],"author":[{"embeddable":true,"href":"https:\/\/www.salzburgerland.com\/de\/magazin\/wp-json\/wp\/v2\/users\/505"}],"replies":[{"embeddable":true,"href":"https:\/\/www.salzburgerland.com\/de\/magazin\/wp-json\/wp\/v2\/comments?post=100175"}],"version-history":[{"count":3,"href":"https:\/\/www.salzburgerland.com\/de\/magazin\/wp-json\/wp\/v2\/posts\/100175\/revisions"}],"predecessor-version":[{"id":164658,"href":"https:\/\/www.salzburgerland.com\/de\/magazin\/wp-json\/wp\/v2\/posts\/100175\/revisions\/164658"}],"wp:featuredmedia":[{"embeddable":true,"href":"https:\/\/www.salzburgerland.com\/de\/magazin\/wp-json\/wp\/v2\/media\/100184"}],"wp:attachment":[{"href":"https:\/\/www.salzburgerland.com\/de\/magazin\/wp-json\/wp\/v2\/media?parent=100175"}],"wp:term":[{"taxonomy":"category","embeddable":true,"href":"https:\/\/www.salzburgerland.com\/de\/magazin\/wp-json\/wp\/v2\/categories?post=100175"},{"taxonomy":"post_tag","embeddable":true,"href":"https:\/\/www.salzburgerland.com\/de\/magazin\/wp-json\/wp\/v2\/tags?post=100175"},{"taxonomy":"wl_entity_type","embeddable":true,"href":"https:\/\/www.salzburgerland.com\/de\/magazin\/wp-json\/wp\/v2\/wl_entity_type?post=100175"},{"taxonomy":"monatsauswahl","embeddable":true,"href":"https:\/\/www.salzburgerland.com\/de\/magazin\/wp-json\/wp\/v2\/monatsauswahl?post=100175"}],"curies":[{"name":"wp","href":"https:\/\/api.w.org\/{rel}","templated":true}]}}