{"id":404,"date":"2016-11-17T10:26:07","date_gmt":"2016-11-17T10:26:07","guid":{"rendered":"https:\/\/www.onebigpark.at\/da\/?p=404"},"modified":"2017-01-29T10:23:03","modified_gmt":"2017-01-29T09:23:03","slug":"sikker-adfaerd-i-bjergene","status":"publish","type":"post","link":"https:\/\/www.salzburgerland.com\/da\/sikker-adfaerd-i-bjergene\/","title":{"rendered":"Sikker adf\u00e6rd i bjergene"},"content":{"rendered":"<p>Hvor er det sk\u00f8nt, n\u00e5r man endelig har rygs\u00e6kken p\u00e5 ryggen og har taget de f\u00f8rste skridt p\u00e5 en tur. Langsomt d\u00f8r hverdagens og civilisationens lyde hen og g\u00e5r m\u00e6rkbart over i vindens og b\u00e6kkenes brusen, fuglekvidder og den knirkende lyd af ens egne skridt. Ture op i bjergene virker som en foryngelseskilde og giver os mennesker fra det 21. \u00e5rhundrede chancen for at ryste stresset af os meter for meter. Man kan endelig f\u00f8le sig fri igen, man plages ikke af p\u00e5g\u00e5ende tanker, men nyder bare at v\u00e6re her i nuet, hvor man kan nyde livet med alle sanser.<\/p>\n<p>Det er ikke s\u00e5 underligt, at flere og flere mennesker drages af bjergene for netop at jagte denne f\u00f8lelse og blive opfyldt af den. Men ligesom med s\u00e5 mange andre ting i livet, er dette ikke bare sort og hvidt, men der er ogs\u00e5 et par regler, man under alle omst\u00e6ndigheder skal overholde.<\/p>\n<h2>Hvordan forbereder man sig p\u00e5 en tur i bjergene?<\/h2>\n<h3>Evner og erfaring<\/h3>\n<p>I bjergene er det helt ved siden af at overvurdere sine egne og de andre gruppemedlemmers evner! Hvordan er konditionen og erfaringerne? Er man i god nok form til den planlagte tur, og kr\u00e6ves der godt fodf\u00e6ste og ingen tendens til svimmelhed p\u00e5 den planlagte str\u00e6kning?<\/p>\n<p>En ting m\u00e5 man <strong>aldrig glemme<\/strong>: Det er altid bedre at vende om og komme sikkert hjem end at forts\u00e6tte en tur, man \u00e5benbart slet ikke egner sig til.<\/p>\n<h3>N\u00f8jagtig planl\u00e6gning<\/h3>\n<p>Planl\u00e6gning er sikkert lige s\u00e5 vigtigt som at kunne vurdere sine egne evner. Her kan kortmateriale og turbeskrivelser v\u00e6re en god hj\u00e6lp, men det er ogs\u00e5 en god ide at benytte sig af informationer fra alpeforeninger og lokale, der kender stederne godt, for eksempel hyttev\u00e6rter.<\/p>\n<p>Vigtigt: Husk altid at tjekke vejret en ekstra gang, f\u00f8r man starter turen op i bjergene. For der er ikke noget, der kan spolere en dag, hvor man er p\u00e5 tur s\u00e5 grundigt som et pludseligt omslag i vejret.<\/p>\n<h3>Udrustning og bekl\u00e6dning<\/h3>\n<p>S\u00f8rg altid for passende udrustning og bekl\u00e6dning: Det er is\u00e6r vigtigt at have solide sko eller st\u00f8vler med god st\u00f8tte og skridsikre s\u00e5ler, samt regnt\u00f8j og ekstra t\u00f8j til at holde sig varm. Det er altid bedre at kunne grine lidt ad turister i bjergene med for d\u00e5rligt fodt\u00f8j end selv at h\u00f8re til dem.<\/p>\n<h2>Hvad skal man v\u00e6re opm\u00e6rksom p\u00e5 undervejs?<\/h2>\n<h3>Giv besked, n\u00e5r du g\u00e5r v\u00e6k og kommer tilbage<\/h3>\n<p>Ligegyldigt hvor l\u00e6nge og hvor anstrengende turen er, b\u00f8r der altid v\u00e6re nogen, der ved, hvor man er, som venter p\u00e5, at man vender tilbage og i givet fald sl\u00e5r alarm, hvis det ikke sker p\u00e5 det aftalte tidspunkt. Det kan v\u00e6re venner, familie eller en hyttev\u00e6rt eller v\u00e6rten i et pensionat.<\/p>\n<h3>Tempoet<\/h3>\n<p>Etapernes hastighed og l\u00e6ngde skal altid v\u00e6re tilpasset til det svageste medlem i gruppen. Man skal is\u00e6r i begyndelsen af turen huske at g\u00e5 langsomt. Hold altid \u00f8je med de andre deltagere, s\u00e5 man i god tid opdager, hvis kr\u00e6fterne skulle slippe op.<\/p>\n<h3>Markerede veje<\/h3>\n<p>Man m\u00e5 ikke undervurdere det alpine terr\u00e6n. Man er kun sikker p\u00e5 turen, n\u00e5r man bliver p\u00e5 de markerede veje og stier. V\u00e6r yderst forsigtige, n\u00e5r I g\u00e5r p\u00e5 stejle gr\u00e6sbevoksede bjergsider, is\u00e6r i v\u00e5dt vejr. Det er is\u00e6r farligt at krydse over stejle snefelter eller gletsjere.<\/p>\n<h3>Undg\u00e5 stenslag<\/h3>\n<p>S\u00f8rg for ikke at tr\u00e6de nogen sten l\u00f8s! For selv en lille sten kan anrette store skader l\u00e6ngere nede. Hvis det alligevel en enkelt gang skulle ske, b\u00f8r I med det samme advare de andre vandrere umisforst\u00e5eligt. Steder, hvor der er fare for stenslag, skal passeres enkeltvist og uden at stoppe op.<\/p>\n<h3>Vejromslag<\/h3>\n<p>Hvis vejret sl\u00e5r om, der opst\u00e5r t\u00e5ge, hvis vejen bliver for vanskelig eller er i en d\u00e5rlig tilstand, skal man vende om. Det er ikke noget at v\u00e6re flov over, men et tegn p\u00e5 sund fornuft. Hvis det heller ikke l\u00e6ngere er muligt, skal man hente hj\u00e6lp s\u00e5 hurtigt som muligt. Derfor b\u00f8r man altid have en opladet mobiltelefon med sig i rygs\u00e6kken.<\/p>\n<h3>Ulykke<\/h3>\n<p>Hvis der sker en ulykke p\u00e5 trods af, at man har truffet alle n\u00f8dvendige forberedelser, skal man bevare roen og s\u00e5 godt som muligt s\u00e6tte redningsk\u00e6den i gang. Hvis man ikke kan hj\u00e6lpe sig selv, skal der tilkaldes hj\u00e6lp via mobiltelefon, r\u00e5b, lystegn eller ved at vinke med store stykker t\u00f8j. En tilskadekommen person skal man som regel lade blive p\u00e5 ulykkesstedet og m\u00e5 aldrig lades alene.<\/p>\n<h2>Andre adf\u00e6rdsregler<\/h2>\n<h3>Affald<\/h3>\n<p>Den vidunderlige bjerg- og s\u00e6terverden i SalzburgerLand skal bevares intakt for de kommende generationer, s\u00e5dan som vi oplever den i dag. Derfor st\u00e5r det helt klart, at man skal tage det affald, man har med sig, med ned i dalen igen. Planteverdenen skal sk\u00e5nes s\u00e5 godt som muligt.<\/p>\n<h3>Forholdsregler over for dyr p\u00e5 gr\u00e6sgange<\/h3>\n<p>Man m\u00e5 ikke irritere k\u00f8er, kalve, f\u00e5r, heste, men skal blot forholde sig \u201chelt normalt\u201d og ikke vise angst. Forlad ikke veje, der g\u00e5r over s\u00e6tergr\u00e6sgange, og g\u00e5 uden om dyr i en stor bue.<\/p>\n<h3>Hunde<\/h3>\n<p>Hunde skal holdes i snor. Hunden m\u00e5 under ingen omst\u00e6ndigheder stikke afsted p\u00e5 jagt efter dyrene, der g\u00e5r p\u00e5 gr\u00e6s, is\u00e6r er k\u00f8er, der har kalve, \u00e6ngstelige for deres unger. Hvis et dyr skulle g\u00e5 til angreb p\u00e5 hunden, skal man dog lade den l\u00f8be for at kunne beskytte sig.<\/p>\n<h2>Vigtige telefonnumre:<\/h2>\n<p><strong>Alpint n\u00f8dkaldsnummer:<\/strong><span>\u00a0<\/span><strong>140<\/strong><\/p>\n<p><strong>Internationalt n\u00f8dkaldsnummer:<\/strong><span>\u00a0 <\/span><strong>112<\/strong><\/p>\n<p><strong>Bjergredning<\/strong><span>\u00a0\u00a0\u00a0\u00a0\u00a0\u00a0\u00a0\u00a0\u00a0\u00a0\u00a0\u00a0\u00a0\u00a0\u00a0\u00a0\u00a0\u00a0\u00a0\u00a0\u00a0\u00a0\u00a0 <a href=\"http:\/\/www.bergrettung-salzburg.at\/daenemark\/\" target=\"_blank\">http:\/\/www.bergrettung-salzburg.at<\/a><\/span><\/p>\n","protected":false},"excerpt":{"rendered":"<p>Hvor er det sk\u00f8nt, n\u00e5r man endelig har rygs\u00e6kken p\u00e5 ryggen og har taget de f\u00f8rste skridt p\u00e5 en tur. Langsomt d\u00f8r hverdagens og civilisationens lyde hen og g\u00e5r m\u00e6rkbart over i vindens og b\u00e6kkenes brusen, fuglekvidder og den knirkende lyd af ens egne skridt. Ture op i bjergene virker som en foryngelseskilde og giver [&hellip;]<\/p>\n","protected":false},"author":5,"featured_media":491,"comment_status":"closed","ping_status":"closed","sticky":false,"template":"","format":"standard","meta":{"_acf_changed":false,"wl_entities_gutenberg":"","_relevanssi_hide_post":"","_relevanssi_hide_content":"","_relevanssi_pin_for_all":"","_relevanssi_pin_keywords":"","_relevanssi_unpin_keywords":"","_relevanssi_related_keywords":"","_relevanssi_related_include_ids":"","_relevanssi_related_exclude_ids":"","_relevanssi_related_no_append":"","_relevanssi_related_not_related":"","_relevanssi_related_posts":"","_relevanssi_noindex_reason":"","footnotes":""},"categories":[1],"tags":[],"wl_entity_type":[22],"class_list":["post-404","post","type-post","status-publish","format-standard","has-post-thumbnail","hentry","category-uncategorized","wl_entity_type-article"],"acf":[],"yoast_head":"<!-- This site is optimized with the Yoast SEO Premium plugin v27.4 (Yoast SEO v27.4) - https:\/\/yoast.com\/product\/yoast-seo-premium-wordpress\/ -->\n<title>Sikker adf\u00e6rd i bjergene: uden et par adf\u00e6rdsregler g\u00e5r det ikke<\/title>\n<meta name=\"description\" content=\"Sikker adf\u00e6rd i bjergene er det vigtigste*Adf\u00e6rdsregler*hvordan man skal forholde sig i bjergene*Safety first*for din egen sikkerheds skyld*Undg\u00e5else af ulykker i Alperne\" \/>\n<meta name=\"robots\" content=\"index, follow, max-snippet:-1, max-image-preview:large, max-video-preview:-1\" \/>\n<link rel=\"canonical\" href=\"https:\/\/www.salzburgerland.com\/da\/sikker-adfaerd-i-bjergene\/\" \/>\n<meta property=\"og:locale\" content=\"da_DK\" \/>\n<meta property=\"og:type\" content=\"article\" \/>\n<meta property=\"og:title\" content=\"Sikker adf\u00e6rd i bjergene\" \/>\n<meta property=\"og:description\" content=\"Hvor er det sk\u00f8nt, n\u00e5r man endelig har rygs\u00e6kken p\u00e5 ryggen og har taget de f\u00f8rste skridt p\u00e5 en tur. Langsomt d\u00f8r hverdagens og civilisationens lyde hen og\" \/>\n<meta property=\"og:url\" content=\"https:\/\/www.salzburgerland.com\/da\/sikker-adfaerd-i-bjergene\/\" \/>\n<meta property=\"og:site_name\" content=\"SalzburgerLand.com\" \/>\n<meta property=\"article:publisher\" content=\"https:\/\/www.facebook.com\/ferieisalzburgerland\/\" \/>\n<meta property=\"article:published_time\" content=\"2016-11-17T10:26:07+00:00\" \/>\n<meta property=\"article:modified_time\" content=\"2017-01-29T09:23:03+00:00\" \/>\n<meta property=\"og:image\" content=\"https:\/\/www.salzburgerland.com\/da\/wp-content\/uploads\/2016\/12\/almsommer-verhalten-am-berg.jpg\" \/>\n\t<meta property=\"og:image:width\" content=\"900\" \/>\n\t<meta property=\"og:image:height\" content=\"675\" \/>\n\t<meta property=\"og:image:type\" content=\"image\/jpeg\" \/>\n<meta name=\"author\" content=\"Rainer Edlinger\" \/>\n<meta name=\"twitter:card\" content=\"summary_large_image\" \/>\n<meta name=\"twitter:creator\" content=\"@salzburgerland\" \/>\n<meta name=\"twitter:site\" content=\"@salzburgerland\" \/>\n<meta name=\"twitter:label1\" content=\"Skrevet af\" \/>\n\t<meta name=\"twitter:data1\" content=\"Rainer Edlinger\" \/>\n\t<meta name=\"twitter:label2\" content=\"Estimeret l\u00e6setid\" \/>\n\t<meta name=\"twitter:data2\" content=\"5 minutter\" \/>\n<script type=\"application\/ld+json\" class=\"yoast-schema-graph\">{\"@context\":\"https:\\\/\\\/schema.org\",\"@graph\":[{\"@type\":\"Article\",\"@id\":\"https:\\\/\\\/www.salzburgerland.com\\\/da\\\/sikker-adfaerd-i-bjergene\\\/#article\",\"isPartOf\":{\"@id\":\"https:\\\/\\\/www.salzburgerland.com\\\/da\\\/sikker-adfaerd-i-bjergene\\\/\"},\"author\":{\"name\":\"Rainer Edlinger\",\"@id\":\"https:\\\/\\\/www.salzburgerland.com\\\/da\\\/#\\\/schema\\\/person\\\/7c5cb59ecea638659f18000661296728\"},\"headline\":\"Sikker adf\u00e6rd i bjergene\",\"datePublished\":\"2016-11-17T10:26:07+00:00\",\"dateModified\":\"2017-01-29T09:23:03+00:00\",\"mainEntityOfPage\":{\"@id\":\"https:\\\/\\\/www.salzburgerland.com\\\/da\\\/sikker-adfaerd-i-bjergene\\\/\"},\"wordCount\":992,\"image\":{\"@id\":\"https:\\\/\\\/www.salzburgerland.com\\\/da\\\/sikker-adfaerd-i-bjergene\\\/#primaryimage\"},\"thumbnailUrl\":\"https:\\\/\\\/www.salzburgerland.com\\\/da\\\/wp-content\\\/uploads\\\/2016\\\/12\\\/almsommer-verhalten-am-berg.jpg\",\"articleSection\":[\"Uncategorized\"],\"inLanguage\":\"da-DK\"},{\"@type\":\"WebPage\",\"@id\":\"https:\\\/\\\/www.salzburgerland.com\\\/da\\\/sikker-adfaerd-i-bjergene\\\/\",\"url\":\"https:\\\/\\\/www.salzburgerland.com\\\/da\\\/sikker-adfaerd-i-bjergene\\\/\",\"name\":\"Sikker adf\u00e6rd i bjergene: uden et par adf\u00e6rdsregler g\u00e5r det ikke\",\"isPartOf\":{\"@id\":\"https:\\\/\\\/www.salzburgerland.com\\\/da\\\/#website\"},\"primaryImageOfPage\":{\"@id\":\"https:\\\/\\\/www.salzburgerland.com\\\/da\\\/sikker-adfaerd-i-bjergene\\\/#primaryimage\"},\"image\":{\"@id\":\"https:\\\/\\\/www.salzburgerland.com\\\/da\\\/sikker-adfaerd-i-bjergene\\\/#primaryimage\"},\"thumbnailUrl\":\"https:\\\/\\\/www.salzburgerland.com\\\/da\\\/wp-content\\\/uploads\\\/2016\\\/12\\\/almsommer-verhalten-am-berg.jpg\",\"datePublished\":\"2016-11-17T10:26:07+00:00\",\"dateModified\":\"2017-01-29T09:23:03+00:00\",\"author\":{\"@id\":\"https:\\\/\\\/www.salzburgerland.com\\\/da\\\/#\\\/schema\\\/person\\\/7c5cb59ecea638659f18000661296728\"},\"description\":\"Sikker adf\u00e6rd i bjergene er det vigtigste*Adf\u00e6rdsregler*hvordan man skal forholde sig i bjergene*Safety first*for din egen sikkerheds skyld*Undg\u00e5else af ulykker i Alperne\",\"inLanguage\":\"da-DK\",\"potentialAction\":[{\"@type\":\"ReadAction\",\"target\":[\"https:\\\/\\\/www.salzburgerland.com\\\/da\\\/sikker-adfaerd-i-bjergene\\\/\"]}]},{\"@type\":\"ImageObject\",\"inLanguage\":\"da-DK\",\"@id\":\"https:\\\/\\\/www.salzburgerland.com\\\/da\\\/sikker-adfaerd-i-bjergene\\\/#primaryimage\",\"url\":\"https:\\\/\\\/www.salzburgerland.com\\\/da\\\/wp-content\\\/uploads\\\/2016\\\/12\\\/almsommer-verhalten-am-berg.jpg\",\"contentUrl\":\"https:\\\/\\\/www.salzburgerland.com\\\/da\\\/wp-content\\\/uploads\\\/2016\\\/12\\\/almsommer-verhalten-am-berg.jpg\",\"width\":1920,\"height\":1440,\"caption\":\"En brun og hvid ko gr\u00e6sser p\u00e5 en gr\u00e6smark under en bl\u00e5 himmel med et par skyer.\"},{\"@type\":\"WebSite\",\"@id\":\"https:\\\/\\\/www.salzburgerland.com\\\/da\\\/#website\",\"url\":\"https:\\\/\\\/www.salzburgerland.com\\\/da\\\/\",\"name\":\"SalzburgerLand.com\",\"description\":\"Din ferie i Salzburg, \u00d8strig\",\"potentialAction\":[{\"@type\":\"SearchAction\",\"target\":{\"@type\":\"EntryPoint\",\"urlTemplate\":\"https:\\\/\\\/www.salzburgerland.com\\\/da\\\/?s={search_term_string}\"},\"query-input\":{\"@type\":\"PropertyValueSpecification\",\"valueRequired\":true,\"valueName\":\"search_term_string\"}}],\"inLanguage\":\"da-DK\"},{\"@type\":\"Person\",\"@id\":\"https:\\\/\\\/www.salzburgerland.com\\\/da\\\/#\\\/schema\\\/person\\\/7c5cb59ecea638659f18000661296728\",\"name\":\"Rainer Edlinger\",\"image\":{\"@type\":\"ImageObject\",\"inLanguage\":\"da-DK\",\"@id\":\"https:\\\/\\\/secure.gravatar.com\\\/avatar\\\/fd37fd7eac966873b062a0d55b4b73fbfb5058ff5bc5f2c593377f2149d131e8?s=96&d=mm&r=g\",\"url\":\"https:\\\/\\\/secure.gravatar.com\\\/avatar\\\/fd37fd7eac966873b062a0d55b4b73fbfb5058ff5bc5f2c593377f2149d131e8?s=96&d=mm&r=g\",\"contentUrl\":\"https:\\\/\\\/secure.gravatar.com\\\/avatar\\\/fd37fd7eac966873b062a0d55b4b73fbfb5058ff5bc5f2c593377f2149d131e8?s=96&d=mm&r=g\",\"caption\":\"Rainer Edlinger\"}}]}<\/script>\n<!-- \/ Yoast SEO Premium plugin. -->","yoast_head_json":{"title":"Sikker adf\u00e6rd i bjergene: uden et par adf\u00e6rdsregler g\u00e5r det ikke","description":"Sikker adf\u00e6rd i bjergene er det vigtigste*Adf\u00e6rdsregler*hvordan man skal forholde sig i bjergene*Safety first*for din egen sikkerheds skyld*Undg\u00e5else af ulykker i Alperne","robots":{"index":"index","follow":"follow","max-snippet":"max-snippet:-1","max-image-preview":"max-image-preview:large","max-video-preview":"max-video-preview:-1"},"canonical":"https:\/\/www.salzburgerland.com\/da\/sikker-adfaerd-i-bjergene\/","og_locale":"da_DK","og_type":"article","og_title":"Sikker adf\u00e6rd i bjergene","og_description":"Hvor er det sk\u00f8nt, n\u00e5r man endelig har rygs\u00e6kken p\u00e5 ryggen og har taget de f\u00f8rste skridt p\u00e5 en tur. Langsomt d\u00f8r hverdagens og civilisationens lyde hen og","og_url":"https:\/\/www.salzburgerland.com\/da\/sikker-adfaerd-i-bjergene\/","og_site_name":"SalzburgerLand.com","article_publisher":"https:\/\/www.facebook.com\/ferieisalzburgerland\/","article_published_time":"2016-11-17T10:26:07+00:00","article_modified_time":"2017-01-29T09:23:03+00:00","og_image":[{"url":"https:\/\/www.salzburgerland.com\/da\/wp-content\/uploads\/2016\/12\/almsommer-verhalten-am-berg.jpg","width":900,"height":675,"type":"image\/jpeg"}],"author":"Rainer Edlinger","twitter_card":"summary_large_image","twitter_creator":"@salzburgerland","twitter_site":"@salzburgerland","twitter_misc":{"Skrevet af":"Rainer Edlinger","Estimeret l\u00e6setid":"5 minutter"},"schema":{"@context":"https:\/\/schema.org","@graph":[{"@type":"Article","@id":"https:\/\/www.salzburgerland.com\/da\/sikker-adfaerd-i-bjergene\/#article","isPartOf":{"@id":"https:\/\/www.salzburgerland.com\/da\/sikker-adfaerd-i-bjergene\/"},"author":{"name":"Rainer Edlinger","@id":"https:\/\/www.salzburgerland.com\/da\/#\/schema\/person\/7c5cb59ecea638659f18000661296728"},"headline":"Sikker adf\u00e6rd i bjergene","datePublished":"2016-11-17T10:26:07+00:00","dateModified":"2017-01-29T09:23:03+00:00","mainEntityOfPage":{"@id":"https:\/\/www.salzburgerland.com\/da\/sikker-adfaerd-i-bjergene\/"},"wordCount":992,"image":{"@id":"https:\/\/www.salzburgerland.com\/da\/sikker-adfaerd-i-bjergene\/#primaryimage"},"thumbnailUrl":"https:\/\/www.salzburgerland.com\/da\/wp-content\/uploads\/2016\/12\/almsommer-verhalten-am-berg.jpg","articleSection":["Uncategorized"],"inLanguage":"da-DK"},{"@type":"WebPage","@id":"https:\/\/www.salzburgerland.com\/da\/sikker-adfaerd-i-bjergene\/","url":"https:\/\/www.salzburgerland.com\/da\/sikker-adfaerd-i-bjergene\/","name":"Sikker adf\u00e6rd i bjergene: uden et par adf\u00e6rdsregler g\u00e5r det ikke","isPartOf":{"@id":"https:\/\/www.salzburgerland.com\/da\/#website"},"primaryImageOfPage":{"@id":"https:\/\/www.salzburgerland.com\/da\/sikker-adfaerd-i-bjergene\/#primaryimage"},"image":{"@id":"https:\/\/www.salzburgerland.com\/da\/sikker-adfaerd-i-bjergene\/#primaryimage"},"thumbnailUrl":"https:\/\/www.salzburgerland.com\/da\/wp-content\/uploads\/2016\/12\/almsommer-verhalten-am-berg.jpg","datePublished":"2016-11-17T10:26:07+00:00","dateModified":"2017-01-29T09:23:03+00:00","author":{"@id":"https:\/\/www.salzburgerland.com\/da\/#\/schema\/person\/7c5cb59ecea638659f18000661296728"},"description":"Sikker adf\u00e6rd i bjergene er det vigtigste*Adf\u00e6rdsregler*hvordan man skal forholde sig i bjergene*Safety first*for din egen sikkerheds skyld*Undg\u00e5else af ulykker i Alperne","inLanguage":"da-DK","potentialAction":[{"@type":"ReadAction","target":["https:\/\/www.salzburgerland.com\/da\/sikker-adfaerd-i-bjergene\/"]}]},{"@type":"ImageObject","inLanguage":"da-DK","@id":"https:\/\/www.salzburgerland.com\/da\/sikker-adfaerd-i-bjergene\/#primaryimage","url":"https:\/\/www.salzburgerland.com\/da\/wp-content\/uploads\/2016\/12\/almsommer-verhalten-am-berg.jpg","contentUrl":"https:\/\/www.salzburgerland.com\/da\/wp-content\/uploads\/2016\/12\/almsommer-verhalten-am-berg.jpg","width":1920,"height":1440,"caption":"En brun og hvid ko gr\u00e6sser p\u00e5 en gr\u00e6smark under en bl\u00e5 himmel med et par skyer."},{"@type":"WebSite","@id":"https:\/\/www.salzburgerland.com\/da\/#website","url":"https:\/\/www.salzburgerland.com\/da\/","name":"SalzburgerLand.com","description":"Din ferie i Salzburg, \u00d8strig","potentialAction":[{"@type":"SearchAction","target":{"@type":"EntryPoint","urlTemplate":"https:\/\/www.salzburgerland.com\/da\/?s={search_term_string}"},"query-input":{"@type":"PropertyValueSpecification","valueRequired":true,"valueName":"search_term_string"}}],"inLanguage":"da-DK"},{"@type":"Person","@id":"https:\/\/www.salzburgerland.com\/da\/#\/schema\/person\/7c5cb59ecea638659f18000661296728","name":"Rainer Edlinger","image":{"@type":"ImageObject","inLanguage":"da-DK","@id":"https:\/\/secure.gravatar.com\/avatar\/fd37fd7eac966873b062a0d55b4b73fbfb5058ff5bc5f2c593377f2149d131e8?s=96&d=mm&r=g","url":"https:\/\/secure.gravatar.com\/avatar\/fd37fd7eac966873b062a0d55b4b73fbfb5058ff5bc5f2c593377f2149d131e8?s=96&d=mm&r=g","contentUrl":"https:\/\/secure.gravatar.com\/avatar\/fd37fd7eac966873b062a0d55b4b73fbfb5058ff5bc5f2c593377f2149d131e8?s=96&d=mm&r=g","caption":"Rainer Edlinger"}}]}},"_wl_alt_label":[],"wl:entity_url":"http:\/\/open.salzburgerland.com\/da\/post\/sikker_adfaerd_i_bjergene","_links":{"self":[{"href":"https:\/\/www.salzburgerland.com\/da\/wp-json\/wp\/v2\/posts\/404","targetHints":{"allow":["GET"]}}],"collection":[{"href":"https:\/\/www.salzburgerland.com\/da\/wp-json\/wp\/v2\/posts"}],"about":[{"href":"https:\/\/www.salzburgerland.com\/da\/wp-json\/wp\/v2\/types\/post"}],"author":[{"embeddable":true,"href":"https:\/\/www.salzburgerland.com\/da\/wp-json\/wp\/v2\/users\/5"}],"replies":[{"embeddable":true,"href":"https:\/\/www.salzburgerland.com\/da\/wp-json\/wp\/v2\/comments?post=404"}],"version-history":[{"count":0,"href":"https:\/\/www.salzburgerland.com\/da\/wp-json\/wp\/v2\/posts\/404\/revisions"}],"wp:featuredmedia":[{"embeddable":true,"href":"https:\/\/www.salzburgerland.com\/da\/wp-json\/wp\/v2\/media\/491"}],"wp:attachment":[{"href":"https:\/\/www.salzburgerland.com\/da\/wp-json\/wp\/v2\/media?parent=404"}],"wp:term":[{"taxonomy":"category","embeddable":true,"href":"https:\/\/www.salzburgerland.com\/da\/wp-json\/wp\/v2\/categories?post=404"},{"taxonomy":"post_tag","embeddable":true,"href":"https:\/\/www.salzburgerland.com\/da\/wp-json\/wp\/v2\/tags?post=404"},{"taxonomy":"wl_entity_type","embeddable":true,"href":"https:\/\/www.salzburgerland.com\/da\/wp-json\/wp\/v2\/wl_entity_type?post=404"}],"curies":[{"name":"wp","href":"https:\/\/api.w.org\/{rel}","templated":true}]}}