{"id":402,"date":"2016-11-17T10:25:50","date_gmt":"2016-11-17T10:25:50","guid":{"rendered":"https:\/\/www.onebigpark.at\/da\/?p=402"},"modified":"2024-03-25T08:38:52","modified_gmt":"2024-03-25T07:38:52","slug":"den-perfekte-vandredag","status":"publish","type":"post","link":"https:\/\/www.salzburgerland.com\/da\/den-perfekte-vandredag\/","title":{"rendered":"Den perfekte vandredag"},"content":{"rendered":"<p>Men hvad er egentlig perfekt? Er det ikke noget forskelligt for os allesammen? Vidt forskellige ting, oplevelser og indtryk? Hvis det passer, kan man s\u00e5 overhovedet tale om, at noget er perfekt, ogs\u00e5 selvom det \u2018kun\u2019 er en vandredag? Det er sp\u00f8rgsm\u00e5l og indvendinger, der helt sikkert er berettigede her, men i vores tilf\u00e6lde kan man alligevel svare ja til det sp\u00f8rgsm\u00e5l, vi har stillet ovenfor. For her i SalzburgerLand finder alle og enhver de foruds\u00e6tninger og muligheder, der skal til for at g\u00f8re dagen til en af de perfekte af slagsen i livet. Her s\u00e6ttes afveksling og t\u00e6t sp\u00e6kkede oplevelser i h\u00f8js\u00e6det. Lige s\u00e5 vel som individuelle oplevelser og frihed.<\/p>\n<p>Nogle elsker at vandre gennem dalene, langs med \u00e5er og floder, mens andre slet ikke kan f\u00e5 det stejlt og h\u00f8jt nok. Eller synes du bedst om at g\u00e5 hen over sk\u00f8nne alpes\u00e6tere og blide bakker? Hvor herligt, men for den gruppe derovre, ville det v\u00e6re langt v\u00e6k fra noget, der ligner perfektion. For de er lige ved at g\u00f8re klar til en tur dybt ind i skovene for at iagttage sj\u00e6ldne planter og dyr. Nu f\u00e5r du m\u00e5ske en fornemmelse af, hvad det g\u00e5r ud p\u00e5 her. Den perfekte dag findes, og samtidig findes den ikke. Som med s\u00e5 meget andet i livet kommer det an p\u00e5, hvilken vinkel man anskuer tingene fra. Men hvad der i hvert fald findes, det er foruds\u00e6tninger, der skal opfyldes for at en dag overhovedet har en chance for at blive til en af de helt gode. Og det er dem, vi gerne vil pr\u00e6sentere for dig her.<\/p>\n<h2>Vejen er m\u00e5let \u2013 valg af ruten<\/h2>\n<p>Valg af ruten er helt sikkert et af de helt essentielle punkter i forbindelse med enhver tur. Hvad forventer man sig af ruten, hvad vil man opleve og hvor l\u00e6nge har man lyst til at g\u00e5? Disse sp\u00f8rgsm\u00e5l b\u00f8r man ubetinget stille sig selv, inden man tager afsted, eller helst dagen f\u00f8r. For der er ikke noget v\u00e6rre, end n\u00e5r man f\u00f8rst undervejs finder ud af, at man slet ikke har tid nok til at n\u00e5 m\u00e5let, at ens kondition ikke er god nok, eller at turen simpelthen er for let i forhold til ens egne krav.<\/p>\n<p>Det g\u00e6lder alts\u00e5 om at informere sig p\u00e5 forh\u00e5nd, l\u00e6se turberetninger og ogs\u00e5 altid bare om at sp\u00f8rge andre til r\u00e5ds. Turistinformationer, hyttev\u00e6rter og\/eller lokale v\u00e6rter er helt sikkert altid villige til at hj\u00e6lpe dig.<\/p>\n<h2><img decoding=\"async\" class=\"alignnone size-1170_658 wp-image-1683\" src=\"https:\/\/cdn.salzburgerland.com\/da\/wp-content\/uploads\/2016\/11\/rs312_20130803-_mg_8103-scr-1100x658.jpg\" alt=\"\" width=\"1100\" height=\"658\"><\/h2>\n<p>\u00a0<\/p>\n<h2>Udstyret<\/h2>\n<p>Ogs\u00e5 her g\u00e6lder det, at man n\u00e5r virkelig langt med god planl\u00e6gning. Er t\u00f8jet ikke varmt nok eller m\u00e5ske ligefrem for varmt? Er rygs\u00e6kken ikke stor nok til alt det, man skal have med, eller passer den bare ikke p\u00e5 ens egen ryg? Gnaver st\u00f8vlerne og kan man allerede efter et par skridt m\u00e6rke, at man f\u00e5r den f\u00f8rste vable? Hvis du kan svare ja til et af disse sp\u00f8rgsm\u00e5l, b\u00f8r du hellere vende om p\u00e5 d\u00f8rt\u00e6rsklen og hellere blive nede i dalen. Men hvis du f\u00f8ler dig veltilpas, hvis st\u00f8vlerne sidder som st\u00f8bt p\u00e5 f\u00f8dderne, og vandrekortet er helt up to date \u2013 s\u00e5 har du gjort det hele rigtigt, og der er ingen hindringer i vejen for en dag fuld af pragtfulde vandre- og bjergoplevelser. Medmindre alts\u00e5\u2026<\/p>\n<h2>Vejret holder sig ikke til nogen planer<\/h2>\n<p>Regnskyl p\u00e5 s\u00e6teren, og den n\u00e6ste hytte er mere en time v\u00e6k? Der er n\u00e6ppe noget, der kan blive en s\u00e5 slem streg i regningen som et pludseligt omslag i vejret. Derfor b\u00f8r man altid p\u00e5 forh\u00e5nd informere sig om vejrudsigten og eventuelt ogs\u00e5 sp\u00f8rge de lokale, hvad de forventer.<\/p>\n<h2>Bjergkammerater<\/h2>\n<p>Det er sket f\u00f8r, at en gruppe mennesker, der harmonerer sk\u00f8nt i dalen og i hverdagen, pludselig ser ud til at splittes oppe i bjergene. Forskellige interesser, evner og konditionsniveauer kan meget hurtigt skabe splid mellem gode venner. Derfor b\u00f8r man p\u00e5 forh\u00e5nd overveje grundigt, om man virkelig skal tage p\u00e5 tur sammen. Og hvis man allerede er taget afsted: Husk, at gruppen altid skal tilpasse sig til det svageste medlems muligheder.<\/p>\n<h2>Hvad skal vi have at spise?<\/h2>\n<p>Sin egen madpakke eller et bes\u00f8g i en hytte. Det b\u00f8r man ogs\u00e5 overveje p\u00e5 forh\u00e5nd og pakke en madpakke, der passer til ens beslutning. Og desuden er det vigtigt p\u00e5 forh\u00e5nd at finde ud af, om den hytte, man vil holde pause i, overhovedet har \u00e5bent. For hvis den er lukket, kan vandreturen meget hurtigt f\u00e5 ubehagelige og sultne undertoner.<\/p>\n<p>Har du afklaret alle disse sp\u00f8rgsm\u00e5l, og er du veludrustet og startklar? Sk\u00f8nt, s\u00e5 er der virkelig ingen hindringer i vejen for, at du kan f\u00e5 en helt perfekt vandredag. Og husk: Det er dit liv \u2013 g\u00f8r det bedste ud af det!<\/p>\n<img decoding=\"async\" class=\"alignnone size-1170_658 wp-image-1637\" src=\"https:\/\/cdn.salzburgerland.com\/da\/wp-content\/uploads\/2017\/04\/rs2903_190225-slt-family-dsc_3343-lpr-1170x658.jpg\" alt=\"\" width=\"1170\" height=\"658\" srcset=\"https:\/\/www.salzburgerland.com\/da\/wp-content\/uploads\/2017\/04\/rs2903_190225-slt-family-dsc_3343-lpr-1170x658.jpg 1170w, https:\/\/www.salzburgerland.com\/da\/wp-content\/uploads\/2017\/04\/rs2903_190225-slt-family-dsc_3343-lpr-1200x675.jpg 1200w\" sizes=\"(max-width: 1170px) 100vw, 1170px\">\n","protected":false},"excerpt":{"rendered":"<p>Men hvad er egentlig perfekt? Er det ikke noget forskelligt for os allesammen? Vidt forskellige ting, oplevelser og indtryk? Hvis det passer, kan man s\u00e5 overhovedet tale om, at noget er perfekt, ogs\u00e5 selvom det \u2018kun\u2019 er en vandredag? Det er sp\u00f8rgsm\u00e5l og indvendinger, der helt sikkert er berettigede her, men i vores tilf\u00e6lde kan [&hellip;]<\/p>\n","protected":false},"author":5,"featured_media":3428,"comment_status":"closed","ping_status":"closed","sticky":false,"template":"","format":"standard","meta":{"_acf_changed":false,"wl_entities_gutenberg":"","_relevanssi_hide_post":"","_relevanssi_hide_content":"","_relevanssi_pin_for_all":"","_relevanssi_pin_keywords":"","_relevanssi_unpin_keywords":"","_relevanssi_related_keywords":"","_relevanssi_related_include_ids":"","_relevanssi_related_exclude_ids":"","_relevanssi_related_no_append":"","_relevanssi_related_not_related":"","_relevanssi_related_posts":"","_relevanssi_noindex_reason":"","footnotes":""},"categories":[1],"tags":[],"wl_entity_type":[22],"class_list":["post-402","post","type-post","status-publish","format-standard","has-post-thumbnail","hentry","category-uncategorized","wl_entity_type-article"],"acf":[],"yoast_head":"<!-- This site is optimized with the Yoast SEO Premium plugin v27.4 (Yoast SEO v27.4) - https:\/\/yoast.com\/product\/yoast-seo-premium-wordpress\/ -->\n<title>Den perfekte vandredag \u2013 kan alle og enhver opleve helt individuelt her i SalzburgerLand.<\/title>\n<meta name=\"description\" content=\"Alt hvad man har brug for til den perfekte vandredag*det rigtige udstyr*god forberedelse*hvordan bliver vejret*l\u00e6kkerier i hytten\" \/>\n<meta name=\"robots\" content=\"index, follow, max-snippet:-1, max-image-preview:large, max-video-preview:-1\" \/>\n<link rel=\"canonical\" href=\"https:\/\/www.salzburgerland.com\/da\/den-perfekte-vandredag\/\" \/>\n<meta property=\"og:locale\" content=\"da_DK\" \/>\n<meta property=\"og:type\" content=\"article\" \/>\n<meta property=\"og:title\" content=\"Den perfekte vandredag\" \/>\n<meta property=\"og:description\" content=\"Men hvad er egentlig perfekt? Er det ikke noget forskelligt for os allesammen? Vidt forskellige ting, oplevelser og indtryk? Hvis det passer, kan man s\u00e5\" \/>\n<meta property=\"og:url\" content=\"https:\/\/www.salzburgerland.com\/da\/den-perfekte-vandredag\/\" \/>\n<meta property=\"og:site_name\" content=\"SalzburgerLand.com\" \/>\n<meta property=\"article:publisher\" content=\"https:\/\/www.facebook.com\/ferieisalzburgerland\/\" \/>\n<meta property=\"article:published_time\" content=\"2016-11-17T10:25:50+00:00\" \/>\n<meta property=\"article:modified_time\" content=\"2024-03-25T07:38:52+00:00\" \/>\n<meta property=\"og:image\" content=\"https:\/\/www.salzburgerland.com\/da\/wp-content\/uploads\/2016\/11\/dsc02089_bearb-1200x675.jpg\" \/>\n\t<meta property=\"og:image:width\" content=\"1200\" \/>\n\t<meta property=\"og:image:height\" content=\"675\" \/>\n\t<meta property=\"og:image:type\" content=\"image\/jpeg\" \/>\n<meta name=\"author\" content=\"Rainer Edlinger\" \/>\n<meta name=\"twitter:card\" content=\"summary_large_image\" \/>\n<meta name=\"twitter:creator\" content=\"@salzburgerland\" \/>\n<meta name=\"twitter:site\" content=\"@salzburgerland\" \/>\n<meta name=\"twitter:label1\" content=\"Skrevet af\" \/>\n\t<meta name=\"twitter:data1\" content=\"Rainer Edlinger\" \/>\n\t<meta name=\"twitter:label2\" content=\"Estimeret l\u00e6setid\" \/>\n\t<meta name=\"twitter:data2\" content=\"6 minutter\" \/>\n<script type=\"application\/ld+json\" class=\"yoast-schema-graph\">{\"@context\":\"https:\\\/\\\/schema.org\",\"@graph\":[{\"@type\":\"Article\",\"@id\":\"https:\\\/\\\/www.salzburgerland.com\\\/da\\\/den-perfekte-vandredag\\\/#article\",\"isPartOf\":{\"@id\":\"https:\\\/\\\/www.salzburgerland.com\\\/da\\\/den-perfekte-vandredag\\\/\"},\"author\":{\"name\":\"Rainer Edlinger\",\"@id\":\"https:\\\/\\\/www.salzburgerland.com\\\/da\\\/#\\\/schema\\\/person\\\/7c5cb59ecea638659f18000661296728\"},\"headline\":\"Den perfekte vandredag\",\"datePublished\":\"2016-11-17T10:25:50+00:00\",\"dateModified\":\"2024-03-25T07:38:52+00:00\",\"mainEntityOfPage\":{\"@id\":\"https:\\\/\\\/www.salzburgerland.com\\\/da\\\/den-perfekte-vandredag\\\/\"},\"wordCount\":857,\"image\":{\"@id\":\"https:\\\/\\\/www.salzburgerland.com\\\/da\\\/den-perfekte-vandredag\\\/#primaryimage\"},\"thumbnailUrl\":\"https:\\\/\\\/www.salzburgerland.com\\\/da\\\/wp-content\\\/uploads\\\/2016\\\/11\\\/dsc02089_bearb.jpg\",\"articleSection\":[\"Uncategorized\"],\"inLanguage\":\"da-DK\"},{\"@type\":\"WebPage\",\"@id\":\"https:\\\/\\\/www.salzburgerland.com\\\/da\\\/den-perfekte-vandredag\\\/\",\"url\":\"https:\\\/\\\/www.salzburgerland.com\\\/da\\\/den-perfekte-vandredag\\\/\",\"name\":\"Den perfekte vandredag \u2013 kan alle og enhver opleve helt individuelt her i SalzburgerLand.\",\"isPartOf\":{\"@id\":\"https:\\\/\\\/www.salzburgerland.com\\\/da\\\/#website\"},\"primaryImageOfPage\":{\"@id\":\"https:\\\/\\\/www.salzburgerland.com\\\/da\\\/den-perfekte-vandredag\\\/#primaryimage\"},\"image\":{\"@id\":\"https:\\\/\\\/www.salzburgerland.com\\\/da\\\/den-perfekte-vandredag\\\/#primaryimage\"},\"thumbnailUrl\":\"https:\\\/\\\/www.salzburgerland.com\\\/da\\\/wp-content\\\/uploads\\\/2016\\\/11\\\/dsc02089_bearb.jpg\",\"datePublished\":\"2016-11-17T10:25:50+00:00\",\"dateModified\":\"2024-03-25T07:38:52+00:00\",\"author\":{\"@id\":\"https:\\\/\\\/www.salzburgerland.com\\\/da\\\/#\\\/schema\\\/person\\\/7c5cb59ecea638659f18000661296728\"},\"description\":\"Alt hvad man har brug for til den perfekte vandredag*det rigtige udstyr*god forberedelse*hvordan bliver vejret*l\u00e6kkerier i hytten\",\"breadcrumb\":{\"@id\":\"https:\\\/\\\/www.salzburgerland.com\\\/da\\\/den-perfekte-vandredag\\\/#breadcrumb\"},\"inLanguage\":\"da-DK\",\"potentialAction\":[{\"@type\":\"ReadAction\",\"target\":[\"https:\\\/\\\/www.salzburgerland.com\\\/da\\\/den-perfekte-vandredag\\\/\"]}]},{\"@type\":\"ImageObject\",\"inLanguage\":\"da-DK\",\"@id\":\"https:\\\/\\\/www.salzburgerland.com\\\/da\\\/den-perfekte-vandredag\\\/#primaryimage\",\"url\":\"https:\\\/\\\/www.salzburgerland.com\\\/da\\\/wp-content\\\/uploads\\\/2016\\\/11\\\/dsc02089_bearb.jpg\",\"contentUrl\":\"https:\\\/\\\/www.salzburgerland.com\\\/da\\\/wp-content\\\/uploads\\\/2016\\\/11\\\/dsc02089_bearb.jpg\",\"width\":1920,\"height\":1280,\"caption\":\"To kvinder l\u00f8ber p\u00e5 en sti og tr\u00e6ner til deres n\u00e6ste skieventyr.\"},{\"@type\":\"BreadcrumbList\",\"@id\":\"https:\\\/\\\/www.salzburgerland.com\\\/da\\\/den-perfekte-vandredag\\\/#breadcrumb\",\"itemListElement\":[{\"@type\":\"ListItem\",\"position\":1,\"name\":\"Salzburger Almsommer\",\"item\":\"https:\\\/\\\/www.salzburgerland.com\\\/da\\\/salzburger-almsommer\\\/\"},{\"@type\":\"ListItem\",\"position\":2,\"name\":\"Den perfekte vandredag\"}]},{\"@type\":\"WebSite\",\"@id\":\"https:\\\/\\\/www.salzburgerland.com\\\/da\\\/#website\",\"url\":\"https:\\\/\\\/www.salzburgerland.com\\\/da\\\/\",\"name\":\"SalzburgerLand.com\",\"description\":\"Din ferie i Salzburg, \u00d8strig\",\"potentialAction\":[{\"@type\":\"SearchAction\",\"target\":{\"@type\":\"EntryPoint\",\"urlTemplate\":\"https:\\\/\\\/www.salzburgerland.com\\\/da\\\/?s={search_term_string}\"},\"query-input\":{\"@type\":\"PropertyValueSpecification\",\"valueRequired\":true,\"valueName\":\"search_term_string\"}}],\"inLanguage\":\"da-DK\"},{\"@type\":\"Person\",\"@id\":\"https:\\\/\\\/www.salzburgerland.com\\\/da\\\/#\\\/schema\\\/person\\\/7c5cb59ecea638659f18000661296728\",\"name\":\"Rainer Edlinger\",\"image\":{\"@type\":\"ImageObject\",\"inLanguage\":\"da-DK\",\"@id\":\"https:\\\/\\\/secure.gravatar.com\\\/avatar\\\/fd37fd7eac966873b062a0d55b4b73fbfb5058ff5bc5f2c593377f2149d131e8?s=96&d=mm&r=g\",\"url\":\"https:\\\/\\\/secure.gravatar.com\\\/avatar\\\/fd37fd7eac966873b062a0d55b4b73fbfb5058ff5bc5f2c593377f2149d131e8?s=96&d=mm&r=g\",\"contentUrl\":\"https:\\\/\\\/secure.gravatar.com\\\/avatar\\\/fd37fd7eac966873b062a0d55b4b73fbfb5058ff5bc5f2c593377f2149d131e8?s=96&d=mm&r=g\",\"caption\":\"Rainer Edlinger\"}}]}<\/script>\n<!-- \/ Yoast SEO Premium plugin. -->","yoast_head_json":{"title":"Den perfekte vandredag \u2013 kan alle og enhver opleve helt individuelt her i SalzburgerLand.","description":"Alt hvad man har brug for til den perfekte vandredag*det rigtige udstyr*god forberedelse*hvordan bliver vejret*l\u00e6kkerier i hytten","robots":{"index":"index","follow":"follow","max-snippet":"max-snippet:-1","max-image-preview":"max-image-preview:large","max-video-preview":"max-video-preview:-1"},"canonical":"https:\/\/www.salzburgerland.com\/da\/den-perfekte-vandredag\/","og_locale":"da_DK","og_type":"article","og_title":"Den perfekte vandredag","og_description":"Men hvad er egentlig perfekt? Er det ikke noget forskelligt for os allesammen? Vidt forskellige ting, oplevelser og indtryk? Hvis det passer, kan man s\u00e5","og_url":"https:\/\/www.salzburgerland.com\/da\/den-perfekte-vandredag\/","og_site_name":"SalzburgerLand.com","article_publisher":"https:\/\/www.facebook.com\/ferieisalzburgerland\/","article_published_time":"2016-11-17T10:25:50+00:00","article_modified_time":"2024-03-25T07:38:52+00:00","og_image":[{"width":1200,"height":675,"url":"https:\/\/www.salzburgerland.com\/da\/wp-content\/uploads\/2016\/11\/dsc02089_bearb-1200x675.jpg","type":"image\/jpeg"}],"author":"Rainer Edlinger","twitter_card":"summary_large_image","twitter_creator":"@salzburgerland","twitter_site":"@salzburgerland","twitter_misc":{"Skrevet af":"Rainer Edlinger","Estimeret l\u00e6setid":"6 minutter"},"schema":{"@context":"https:\/\/schema.org","@graph":[{"@type":"Article","@id":"https:\/\/www.salzburgerland.com\/da\/den-perfekte-vandredag\/#article","isPartOf":{"@id":"https:\/\/www.salzburgerland.com\/da\/den-perfekte-vandredag\/"},"author":{"name":"Rainer Edlinger","@id":"https:\/\/www.salzburgerland.com\/da\/#\/schema\/person\/7c5cb59ecea638659f18000661296728"},"headline":"Den perfekte vandredag","datePublished":"2016-11-17T10:25:50+00:00","dateModified":"2024-03-25T07:38:52+00:00","mainEntityOfPage":{"@id":"https:\/\/www.salzburgerland.com\/da\/den-perfekte-vandredag\/"},"wordCount":857,"image":{"@id":"https:\/\/www.salzburgerland.com\/da\/den-perfekte-vandredag\/#primaryimage"},"thumbnailUrl":"https:\/\/www.salzburgerland.com\/da\/wp-content\/uploads\/2016\/11\/dsc02089_bearb.jpg","articleSection":["Uncategorized"],"inLanguage":"da-DK"},{"@type":"WebPage","@id":"https:\/\/www.salzburgerland.com\/da\/den-perfekte-vandredag\/","url":"https:\/\/www.salzburgerland.com\/da\/den-perfekte-vandredag\/","name":"Den perfekte vandredag \u2013 kan alle og enhver opleve helt individuelt her i SalzburgerLand.","isPartOf":{"@id":"https:\/\/www.salzburgerland.com\/da\/#website"},"primaryImageOfPage":{"@id":"https:\/\/www.salzburgerland.com\/da\/den-perfekte-vandredag\/#primaryimage"},"image":{"@id":"https:\/\/www.salzburgerland.com\/da\/den-perfekte-vandredag\/#primaryimage"},"thumbnailUrl":"https:\/\/www.salzburgerland.com\/da\/wp-content\/uploads\/2016\/11\/dsc02089_bearb.jpg","datePublished":"2016-11-17T10:25:50+00:00","dateModified":"2024-03-25T07:38:52+00:00","author":{"@id":"https:\/\/www.salzburgerland.com\/da\/#\/schema\/person\/7c5cb59ecea638659f18000661296728"},"description":"Alt hvad man har brug for til den perfekte vandredag*det rigtige udstyr*god forberedelse*hvordan bliver vejret*l\u00e6kkerier i hytten","breadcrumb":{"@id":"https:\/\/www.salzburgerland.com\/da\/den-perfekte-vandredag\/#breadcrumb"},"inLanguage":"da-DK","potentialAction":[{"@type":"ReadAction","target":["https:\/\/www.salzburgerland.com\/da\/den-perfekte-vandredag\/"]}]},{"@type":"ImageObject","inLanguage":"da-DK","@id":"https:\/\/www.salzburgerland.com\/da\/den-perfekte-vandredag\/#primaryimage","url":"https:\/\/www.salzburgerland.com\/da\/wp-content\/uploads\/2016\/11\/dsc02089_bearb.jpg","contentUrl":"https:\/\/www.salzburgerland.com\/da\/wp-content\/uploads\/2016\/11\/dsc02089_bearb.jpg","width":1920,"height":1280,"caption":"To kvinder l\u00f8ber p\u00e5 en sti og tr\u00e6ner til deres n\u00e6ste skieventyr."},{"@type":"BreadcrumbList","@id":"https:\/\/www.salzburgerland.com\/da\/den-perfekte-vandredag\/#breadcrumb","itemListElement":[{"@type":"ListItem","position":1,"name":"Salzburger Almsommer","item":"https:\/\/www.salzburgerland.com\/da\/salzburger-almsommer\/"},{"@type":"ListItem","position":2,"name":"Den perfekte vandredag"}]},{"@type":"WebSite","@id":"https:\/\/www.salzburgerland.com\/da\/#website","url":"https:\/\/www.salzburgerland.com\/da\/","name":"SalzburgerLand.com","description":"Din ferie i Salzburg, \u00d8strig","potentialAction":[{"@type":"SearchAction","target":{"@type":"EntryPoint","urlTemplate":"https:\/\/www.salzburgerland.com\/da\/?s={search_term_string}"},"query-input":{"@type":"PropertyValueSpecification","valueRequired":true,"valueName":"search_term_string"}}],"inLanguage":"da-DK"},{"@type":"Person","@id":"https:\/\/www.salzburgerland.com\/da\/#\/schema\/person\/7c5cb59ecea638659f18000661296728","name":"Rainer Edlinger","image":{"@type":"ImageObject","inLanguage":"da-DK","@id":"https:\/\/secure.gravatar.com\/avatar\/fd37fd7eac966873b062a0d55b4b73fbfb5058ff5bc5f2c593377f2149d131e8?s=96&d=mm&r=g","url":"https:\/\/secure.gravatar.com\/avatar\/fd37fd7eac966873b062a0d55b4b73fbfb5058ff5bc5f2c593377f2149d131e8?s=96&d=mm&r=g","contentUrl":"https:\/\/secure.gravatar.com\/avatar\/fd37fd7eac966873b062a0d55b4b73fbfb5058ff5bc5f2c593377f2149d131e8?s=96&d=mm&r=g","caption":"Rainer Edlinger"}}]}},"_wl_alt_label":[],"wl:entity_url":"http:\/\/open.salzburgerland.com\/da\/post\/den_perfekte_vandredag","_links":{"self":[{"href":"https:\/\/www.salzburgerland.com\/da\/wp-json\/wp\/v2\/posts\/402","targetHints":{"allow":["GET"]}}],"collection":[{"href":"https:\/\/www.salzburgerland.com\/da\/wp-json\/wp\/v2\/posts"}],"about":[{"href":"https:\/\/www.salzburgerland.com\/da\/wp-json\/wp\/v2\/types\/post"}],"author":[{"embeddable":true,"href":"https:\/\/www.salzburgerland.com\/da\/wp-json\/wp\/v2\/users\/5"}],"replies":[{"embeddable":true,"href":"https:\/\/www.salzburgerland.com\/da\/wp-json\/wp\/v2\/comments?post=402"}],"version-history":[{"count":3,"href":"https:\/\/www.salzburgerland.com\/da\/wp-json\/wp\/v2\/posts\/402\/revisions"}],"predecessor-version":[{"id":1685,"href":"https:\/\/www.salzburgerland.com\/da\/wp-json\/wp\/v2\/posts\/402\/revisions\/1685"}],"wp:featuredmedia":[{"embeddable":true,"href":"https:\/\/www.salzburgerland.com\/da\/wp-json\/wp\/v2\/media\/3428"}],"wp:attachment":[{"href":"https:\/\/www.salzburgerland.com\/da\/wp-json\/wp\/v2\/media?parent=402"}],"wp:term":[{"taxonomy":"category","embeddable":true,"href":"https:\/\/www.salzburgerland.com\/da\/wp-json\/wp\/v2\/categories?post=402"},{"taxonomy":"post_tag","embeddable":true,"href":"https:\/\/www.salzburgerland.com\/da\/wp-json\/wp\/v2\/tags?post=402"},{"taxonomy":"wl_entity_type","embeddable":true,"href":"https:\/\/www.salzburgerland.com\/da\/wp-json\/wp\/v2\/wl_entity_type?post=402"}],"curies":[{"name":"wp","href":"https:\/\/api.w.org\/{rel}","templated":true}]}}