{"id":3840,"date":"2025-03-17T10:35:00","date_gmt":"2025-03-17T09:35:00","guid":{"rendered":"https:\/\/www.salzburgerland.com\/da\/?p=3840"},"modified":"2026-04-01T11:52:04","modified_gmt":"2026-04-01T09:52:04","slug":"nyt-fra-maj-offi-ticket-til-alle-gaester","status":"publish","type":"post","link":"https:\/\/www.salzburgerland.com\/da\/nyt-fra-maj-offi-ticket-til-alle-gaester\/","title":{"rendered":"\u00d6ffi-Ticket til alle g\u00e6ster"},"content":{"rendered":"<h4><strong><span>Hjertelig velkommen i SalzburgerLand!<\/span><\/strong><\/h4>\n<p><span>Som g\u00e6ster kan I med den nye <a href=\"https:\/\/www.salzburgerland.com\/en\/new-from-may-guest-mobility-ticket-for-all-guests\/\">Salzburg Verkehr Guest Mobility Ticket<\/a> gratis benytte alle offentlige transportmidler fra jeres ankomst i SalzburgerLand.<br>\nNyd jeres ferie helt afslappet med det fantastiske mobilitetstilbud i SalzburgerLand!<\/span><\/p>\n<p><span>Den nye billet til alle overnatningsg\u00e6ster i delstat Salzburg g\u00e6lder for alle offentlige transportmidler i SalzburgerLand under hele jeres ophold. Guest Mobility Ticket er gyldig i bytrafik, i regional bustrafik, i S-toge, i regionaltoge, i fjerntoge og i Salzburg Verkehr Shuttles. I f\u00e5r billetten elektronisk som Wallet eller som PDF direkte ved Check-in eller allerede ved Pre-Check i jeres indkvartering i delstat Salzburg.<\/span><\/p>\n<p>\u00a0<\/p>\n\n\t\t\t<div id=\"3840-1\" class=\"gallery gallery-3840 gallery-columns-3 gallery-size-1170_658\" itemscope itemtype=\"http:\/\/schema.org\/ImageGallery\">\n\t\t\t\t<ul class=\"gallery-row gallery-col-3 gallery-clear\">\n\t\t\t\t\t<li class=\"gallery-item col-3\" itemprop=\"associatedMedia\" itemscope itemtype=\"http:\/\/schema.org\/ImageObject\">\n\t\t\t\t\t\t<div class=\"gallery-icon landscape\"><a href=\"https:\/\/www.salzburgerland.com\/da\/wp-content\/uploads\/2025\/03\/svv_24_tourismusmobilitaet_still_04-1-1897x1067.jpg\" title=\"SVV_24_Tourismusmobilitaet_Still_04\"><img decoding=\"async\" data-title=\"\" title=\"\" data-caption=\"\" width=\"1170\" height=\"658\" src=\"https:\/\/www.salzburgerland.com\/da\/wp-content\/uploads\/2025\/03\/svv_24_tourismusmobilitaet_still_04-1-1170x658.jpg\" class=\"attachment-1170_658 size-1170_658\" alt=\"En by ved s\u00f8en i Salzburgerland med bjerge og ikoner til vandreture, sejlads, spisning, sv\u00f8mning og overnatning. (Forst\u00f8rret visning)\" srcset=\"https:\/\/www.salzburgerland.com\/da\/wp-content\/uploads\/2025\/03\/svv_24_tourismusmobilitaet_still_04-1-1170x658.jpg 1170w, https:\/\/www.salzburgerland.com\/da\/wp-content\/uploads\/2025\/03\/svv_24_tourismusmobilitaet_still_04-1-1897x1067.jpg 1897w, https:\/\/www.salzburgerland.com\/da\/wp-content\/uploads\/2025\/03\/svv_24_tourismusmobilitaet_still_04-1-768x432.jpg 768w, https:\/\/www.salzburgerland.com\/da\/wp-content\/uploads\/2025\/03\/svv_24_tourismusmobilitaet_still_04-1-1536x864.jpg 1536w, https:\/\/www.salzburgerland.com\/da\/wp-content\/uploads\/2025\/03\/svv_24_tourismusmobilitaet_still_04-1-1200x675.jpg 1200w, https:\/\/www.salzburgerland.com\/da\/wp-content\/uploads\/2025\/03\/svv_24_tourismusmobilitaet_still_04-1.jpg 1920w\" sizes=\"(max-width: 1170px) 100vw, 1170px\" itemprop=\"thumbnail\"><\/a><\/div>\n\t\t\t\t\t<\/li>\n\t\t\t\t\t<li class=\"gallery-item col-3\" itemprop=\"associatedMedia\" itemscope itemtype=\"http:\/\/schema.org\/ImageObject\">\n\t\t\t\t\t\t<div class=\"gallery-icon landscape\"><a href=\"https:\/\/www.salzburgerland.com\/da\/wp-content\/uploads\/2025\/03\/svv_24_tourismusmobilitaet_still_05-1897x1067.jpg\" title=\"SVV_24_Tourismusmobilitaet_Still_05\"><img decoding=\"async\" data-title=\"\" title=\"\" data-caption=\"\" width=\"1170\" height=\"658\" src=\"https:\/\/www.salzburgerland.com\/da\/wp-content\/uploads\/2025\/03\/svv_24_tourismusmobilitaet_still_05-1170x658.jpg\" class=\"attachment-1170_658 size-1170_658\" alt=\"En historisk katedral med tvillinget\u00e5rne i Salzburgerland st\u00e5r bag en moderne glaspyramide under en bl\u00e5 himmel. (Forst\u00f8rret visning)\" srcset=\"https:\/\/www.salzburgerland.com\/da\/wp-content\/uploads\/2025\/03\/svv_24_tourismusmobilitaet_still_05-1170x658.jpg 1170w, https:\/\/www.salzburgerland.com\/da\/wp-content\/uploads\/2025\/03\/svv_24_tourismusmobilitaet_still_05-1897x1067.jpg 1897w, https:\/\/www.salzburgerland.com\/da\/wp-content\/uploads\/2025\/03\/svv_24_tourismusmobilitaet_still_05-768x432.jpg 768w, https:\/\/www.salzburgerland.com\/da\/wp-content\/uploads\/2025\/03\/svv_24_tourismusmobilitaet_still_05-1536x864.jpg 1536w, https:\/\/www.salzburgerland.com\/da\/wp-content\/uploads\/2025\/03\/svv_24_tourismusmobilitaet_still_05-1200x675.jpg 1200w, https:\/\/www.salzburgerland.com\/da\/wp-content\/uploads\/2025\/03\/svv_24_tourismusmobilitaet_still_05.jpg 1920w\" sizes=\"(max-width: 1170px) 100vw, 1170px\" itemprop=\"thumbnail\"><\/a><\/div>\n\t\t\t\t\t<\/li>\n\t\t\t\t\t<li class=\"gallery-item col-3\" itemprop=\"associatedMedia\" itemscope itemtype=\"http:\/\/schema.org\/ImageObject\">\n\t\t\t\t\t\t<div class=\"gallery-icon landscape\"><a href=\"https:\/\/www.salzburgerland.com\/da\/wp-content\/uploads\/2025\/03\/svv_24_tourismusmobilitaet_still_06-1897x1067.jpg\" title=\"SVV_24_Tourismusmobilitaet_Still_06\"><img decoding=\"async\" data-title=\"\" title=\"\" data-caption=\"\" width=\"1170\" height=\"658\" src=\"https:\/\/www.salzburgerland.com\/da\/wp-content\/uploads\/2025\/03\/svv_24_tourismusmobilitaet_still_06-1170x658.jpg\" class=\"attachment-1170_658 size-1170_658\" alt=\"En snoet vej gennem gr\u00f8nne bakker i SalzburgerLand med kortplaceringsikoner, der sv\u00e6ver over dallandskabet. (Forst\u00f8rret visning)\" srcset=\"https:\/\/www.salzburgerland.com\/da\/wp-content\/uploads\/2025\/03\/svv_24_tourismusmobilitaet_still_06-1170x658.jpg 1170w, https:\/\/www.salzburgerland.com\/da\/wp-content\/uploads\/2025\/03\/svv_24_tourismusmobilitaet_still_06-1897x1067.jpg 1897w, https:\/\/www.salzburgerland.com\/da\/wp-content\/uploads\/2025\/03\/svv_24_tourismusmobilitaet_still_06-768x432.jpg 768w, https:\/\/www.salzburgerland.com\/da\/wp-content\/uploads\/2025\/03\/svv_24_tourismusmobilitaet_still_06-1536x864.jpg 1536w, https:\/\/www.salzburgerland.com\/da\/wp-content\/uploads\/2025\/03\/svv_24_tourismusmobilitaet_still_06-1200x675.jpg 1200w, https:\/\/www.salzburgerland.com\/da\/wp-content\/uploads\/2025\/03\/svv_24_tourismusmobilitaet_still_06.jpg 1920w\" sizes=\"(max-width: 1170px) 100vw, 1170px\" itemprop=\"thumbnail\"><\/a><\/div>\n\t\t\t\t\t<\/li>\n\t\t\t\t<\/ul>\n\t\t\t<\/div><!-- .gallery -->\n\n<p>\u00a0<\/p>\n<h4><strong>Nem udstedelse og h\u00e5ndtering<\/strong><\/h4>\n<p>Billetten udstedes direkte ved Check-in i din indkvartering og er forbundet med g\u00e6steregistreringssystemet. G\u00e6ster f\u00e5r den som PDF eller Wallet-version, uden at der skal installeres yderligere apps. For virksomheder uden hotel-software findes der er en brugervenlig internetplatform, som ligeledes er forbundet med g\u00e6steregistreringssystemet.<\/p>\n<h4><strong>Fordele ved Guest Mobility Ticket<\/strong><\/h4>\n<ol>\n<li>Milj\u00f8venlig og effektiv: Reduktion af individuel transport gennem en landsd\u00e6kkende mobilitetsl\u00f8sning i hele SalzburgerLand.<\/li>\n<li>Mere fleksibilitet for g\u00e6ster: En motivering til at opdage regionens bredde udvalg af fritidstilbud.<\/li>\n<li>Konkurrencefordel for virksomheder: Et pluspunkt, som g\u00f8r Salzburg endnu mere attraktiv som rejsem\u00e5l.<\/li>\n<\/ol>\n<p>\u00a0<\/p>\n<p>Med Guest Mobility Ticket s\u00e6tter Salzburg nye standarhttp:\/\/www.guestmobilitybillet.atder for en klimavenlig og komfortabel turisme.<\/p>\n<p><span>Flere i<\/span>nformationer om Salzburg Verkehr Guest Mobility Ticket p\u00e5: <a href=\"https:\/\/www.guestmobilityticket.at\/\">https:\/\/www.guestmobilityticket.at\/\u00a0<\/a><\/p>\n<p>\u00a0<\/p>\n<img decoding=\"async\" class=\"alignnone size-1170_658 wp-image-3904\" src=\"https:\/\/www.salzburgerland.com\/da\/wp-content\/uploads\/2025\/03\/svv_24_tourismusmobilitaet_still_01-1170x658.jpg\" alt=\"\" width=\"1170\" height=\"658\" srcset=\"https:\/\/www.salzburgerland.com\/da\/wp-content\/uploads\/2025\/03\/svv_24_tourismusmobilitaet_still_01-1170x658.jpg 1170w, https:\/\/www.salzburgerland.com\/da\/wp-content\/uploads\/2025\/03\/svv_24_tourismusmobilitaet_still_01-1897x1067.jpg 1897w, https:\/\/www.salzburgerland.com\/da\/wp-content\/uploads\/2025\/03\/svv_24_tourismusmobilitaet_still_01-768x432.jpg 768w, https:\/\/www.salzburgerland.com\/da\/wp-content\/uploads\/2025\/03\/svv_24_tourismusmobilitaet_still_01-1536x864.jpg 1536w, https:\/\/www.salzburgerland.com\/da\/wp-content\/uploads\/2025\/03\/svv_24_tourismusmobilitaet_still_01-1200x675.jpg 1200w, https:\/\/www.salzburgerland.com\/da\/wp-content\/uploads\/2025\/03\/svv_24_tourismusmobilitaet_still_01.jpg 1920w\" sizes=\"(max-width: 1170px) 100vw, 1170px\">\n","protected":false},"excerpt":{"rendered":"<p>Hjertelig velkommen i SalzburgerLand! Som g\u00e6ster kan I med den nye Salzburg Verkehr Guest Mobility Ticket gratis benytte alle offentlige transportmidler fra jeres ankomst i SalzburgerLand. Nyd jeres ferie helt afslappet med det fantastiske mobilitetstilbud i SalzburgerLand! Den nye billet til alle overnatningsg\u00e6ster i delstat Salzburg g\u00e6lder for alle offentlige transportmidler i SalzburgerLand under hele [&hellip;]<\/p>\n","protected":false},"author":31,"featured_media":4133,"comment_status":"closed","ping_status":"closed","sticky":false,"template":"","format":"standard","meta":{"_acf_changed":false,"wl_entities_gutenberg":"","_relevanssi_hide_post":"","_relevanssi_hide_content":"","_relevanssi_pin_for_all":"","_relevanssi_pin_keywords":"","_relevanssi_unpin_keywords":"","_relevanssi_related_keywords":"","_relevanssi_related_include_ids":"","_relevanssi_related_exclude_ids":"","_relevanssi_related_no_append":"","_relevanssi_related_not_related":"","_relevanssi_related_posts":"","_relevanssi_noindex_reason":"","footnotes":""},"categories":[1],"tags":[],"wl_entity_type":[22],"class_list":["post-3840","post","type-post","status-publish","format-standard","has-post-thumbnail","hentry","category-uncategorized","wl_entity_type-article"],"acf":[],"yoast_head":"<!-- This site is optimized with the Yoast SEO Premium plugin v27.4 (Yoast SEO v27.4) - https:\/\/yoast.com\/product\/yoast-seo-premium-wordpress\/ -->\n<title>\u00d6ffi-Ticket til alle g\u00e6ster \u00bb SalzburgerLand.com<\/title>\n<meta name=\"robots\" content=\"index, follow, max-snippet:-1, max-image-preview:large, max-video-preview:-1\" \/>\n<link rel=\"canonical\" href=\"https:\/\/www.salzburgerland.com\/da\/nyt-fra-maj-offi-ticket-til-alle-gaester\/\" \/>\n<meta property=\"og:locale\" content=\"da_DK\" \/>\n<meta property=\"og:type\" content=\"article\" \/>\n<meta property=\"og:title\" content=\"\u00d6ffi-Ticket til alle g\u00e6ster\" \/>\n<meta property=\"og:description\" content=\"Hjertelig velkommen i SalzburgerLand! Som g\u00e6ster kan I med den nye Salzburg Verkehr Guest Mobility Ticket gratis benytte alle offentlige transportmidler\" \/>\n<meta property=\"og:url\" content=\"https:\/\/www.salzburgerland.com\/da\/nyt-fra-maj-offi-ticket-til-alle-gaester\/\" \/>\n<meta property=\"og:site_name\" content=\"SalzburgerLand.com\" \/>\n<meta property=\"article:publisher\" content=\"https:\/\/www.facebook.com\/ferieisalzburgerland\/\" \/>\n<meta property=\"article:published_time\" content=\"2025-03-17T09:35:00+00:00\" \/>\n<meta property=\"article:modified_time\" content=\"2026-04-01T09:52:04+00:00\" \/>\n<meta property=\"og:image\" content=\"https:\/\/www.salzburgerland.com\/da\/wp-content\/uploads\/2025\/03\/anreise1.jpg\" \/>\n\t<meta property=\"og:image:width\" content=\"886\" \/>\n\t<meta property=\"og:image:height\" content=\"648\" \/>\n\t<meta property=\"og:image:type\" content=\"image\/jpeg\" \/>\n<meta name=\"author\" content=\"Johanna Krainer\" \/>\n<meta name=\"twitter:card\" content=\"summary_large_image\" \/>\n<meta name=\"twitter:creator\" content=\"@hannahtraussnigg\" \/>\n<meta name=\"twitter:site\" content=\"@salzburgerland\" \/>\n<meta name=\"twitter:label1\" content=\"Skrevet af\" \/>\n\t<meta name=\"twitter:data1\" content=\"Johanna Krainer\" \/>\n\t<meta name=\"twitter:label2\" content=\"Estimeret l\u00e6setid\" \/>\n\t<meta name=\"twitter:data2\" content=\"2 minutter\" \/>\n<script type=\"application\/ld+json\" class=\"yoast-schema-graph\">{\"@context\":\"https:\\\/\\\/schema.org\",\"@graph\":[{\"@type\":\"Article\",\"@id\":\"https:\\\/\\\/www.salzburgerland.com\\\/da\\\/nyt-fra-maj-offi-ticket-til-alle-gaester\\\/#article\",\"isPartOf\":{\"@id\":\"https:\\\/\\\/www.salzburgerland.com\\\/da\\\/nyt-fra-maj-offi-ticket-til-alle-gaester\\\/\"},\"author\":{\"name\":\"Johanna Krainer\",\"@id\":\"https:\\\/\\\/www.salzburgerland.com\\\/da\\\/#\\\/schema\\\/person\\\/b1c2d0341b25ad441591a03d75913690\"},\"headline\":\"\u00d6ffi-Ticket til alle g\u00e6ster\",\"datePublished\":\"2025-03-17T09:35:00+00:00\",\"dateModified\":\"2026-04-01T09:52:04+00:00\",\"mainEntityOfPage\":{\"@id\":\"https:\\\/\\\/www.salzburgerland.com\\\/da\\\/nyt-fra-maj-offi-ticket-til-alle-gaester\\\/\"},\"wordCount\":252,\"image\":{\"@id\":\"https:\\\/\\\/www.salzburgerland.com\\\/da\\\/nyt-fra-maj-offi-ticket-til-alle-gaester\\\/#primaryimage\"},\"thumbnailUrl\":\"https:\\\/\\\/www.salzburgerland.com\\\/da\\\/wp-content\\\/uploads\\\/2025\\\/03\\\/anreise1.jpg\",\"articleSection\":[\"Uncategorized\"],\"inLanguage\":\"da-DK\"},{\"@type\":\"WebPage\",\"@id\":\"https:\\\/\\\/www.salzburgerland.com\\\/da\\\/nyt-fra-maj-offi-ticket-til-alle-gaester\\\/\",\"url\":\"https:\\\/\\\/www.salzburgerland.com\\\/da\\\/nyt-fra-maj-offi-ticket-til-alle-gaester\\\/\",\"name\":\"\u00d6ffi-Ticket til alle g\u00e6ster \u00bb SalzburgerLand.com\",\"isPartOf\":{\"@id\":\"https:\\\/\\\/www.salzburgerland.com\\\/da\\\/#website\"},\"primaryImageOfPage\":{\"@id\":\"https:\\\/\\\/www.salzburgerland.com\\\/da\\\/nyt-fra-maj-offi-ticket-til-alle-gaester\\\/#primaryimage\"},\"image\":{\"@id\":\"https:\\\/\\\/www.salzburgerland.com\\\/da\\\/nyt-fra-maj-offi-ticket-til-alle-gaester\\\/#primaryimage\"},\"thumbnailUrl\":\"https:\\\/\\\/www.salzburgerland.com\\\/da\\\/wp-content\\\/uploads\\\/2025\\\/03\\\/anreise1.jpg\",\"datePublished\":\"2025-03-17T09:35:00+00:00\",\"dateModified\":\"2026-04-01T09:52:04+00:00\",\"author\":{\"@id\":\"https:\\\/\\\/www.salzburgerland.com\\\/da\\\/#\\\/schema\\\/person\\\/b1c2d0341b25ad441591a03d75913690\"},\"description\":\"Fra 1. maj 2025 kan alle g\u00e6ster benytte alle offentlige transportmidler gratis under deres ophold i SalzburgerLand. Book ganske enkelt ferien og du f\u00e5r billetten automatisk oven i k\u00f8bet ved Check-in.\",\"breadcrumb\":{\"@id\":\"https:\\\/\\\/www.salzburgerland.com\\\/da\\\/nyt-fra-maj-offi-ticket-til-alle-gaester\\\/#breadcrumb\"},\"inLanguage\":\"da-DK\",\"potentialAction\":[{\"@type\":\"ReadAction\",\"target\":[\"https:\\\/\\\/www.salzburgerland.com\\\/da\\\/nyt-fra-maj-offi-ticket-til-alle-gaester\\\/\"]}]},{\"@type\":\"ImageObject\",\"inLanguage\":\"da-DK\",\"@id\":\"https:\\\/\\\/www.salzburgerland.com\\\/da\\\/nyt-fra-maj-offi-ticket-til-alle-gaester\\\/#primaryimage\",\"url\":\"https:\\\/\\\/www.salzburgerland.com\\\/da\\\/wp-content\\\/uploads\\\/2025\\\/03\\\/anreise1.jpg\",\"contentUrl\":\"https:\\\/\\\/www.salzburgerland.com\\\/da\\\/wp-content\\\/uploads\\\/2025\\\/03\\\/anreise1.jpg\",\"width\":886,\"height\":648,\"caption\":\"Illustration af et r\u00f8dt tog, der k\u00f8rer p\u00e5 skinner gennem de gr\u00f8nne bjerge i Salzburgerland.\"},{\"@type\":\"BreadcrumbList\",\"@id\":\"https:\\\/\\\/www.salzburgerland.com\\\/da\\\/nyt-fra-maj-offi-ticket-til-alle-gaester\\\/#breadcrumb\",\"itemListElement\":[{\"@type\":\"ListItem\",\"position\":1,\"name\":\"Rejsen dertil\",\"item\":\"https:\\\/\\\/www.salzburgerland.com\\\/da\\\/rejsen-dertil\\\/\"},{\"@type\":\"ListItem\",\"position\":2,\"name\":\"\u00d6ffi-Ticket til alle g\u00e6ster\"}]},{\"@type\":\"WebSite\",\"@id\":\"https:\\\/\\\/www.salzburgerland.com\\\/da\\\/#website\",\"url\":\"https:\\\/\\\/www.salzburgerland.com\\\/da\\\/\",\"name\":\"SalzburgerLand.com\",\"description\":\"Din ferie i Salzburg, \u00d8strig\",\"potentialAction\":[{\"@type\":\"SearchAction\",\"target\":{\"@type\":\"EntryPoint\",\"urlTemplate\":\"https:\\\/\\\/www.salzburgerland.com\\\/da\\\/?s={search_term_string}\"},\"query-input\":{\"@type\":\"PropertyValueSpecification\",\"valueRequired\":true,\"valueName\":\"search_term_string\"}}],\"inLanguage\":\"da-DK\"},{\"@type\":\"Person\",\"@id\":\"https:\\\/\\\/www.salzburgerland.com\\\/da\\\/#\\\/schema\\\/person\\\/b1c2d0341b25ad441591a03d75913690\",\"name\":\"Johanna Krainer\",\"image\":{\"@type\":\"ImageObject\",\"inLanguage\":\"da-DK\",\"@id\":\"https:\\\/\\\/secure.gravatar.com\\\/avatar\\\/fb31de689c7e72b597fc16d3a9dc64740ab7bfc12b583ea766fa0ee8dd70d289?s=96&d=mm&r=g\",\"url\":\"https:\\\/\\\/secure.gravatar.com\\\/avatar\\\/fb31de689c7e72b597fc16d3a9dc64740ab7bfc12b583ea766fa0ee8dd70d289?s=96&d=mm&r=g\",\"contentUrl\":\"https:\\\/\\\/secure.gravatar.com\\\/avatar\\\/fb31de689c7e72b597fc16d3a9dc64740ab7bfc12b583ea766fa0ee8dd70d289?s=96&d=mm&r=g\",\"caption\":\"Johanna Krainer\"},\"sameAs\":[\"https:\\\/\\\/x.com\\\/hannahtraussnigg\"]}]}<\/script>\n<!-- \/ Yoast SEO Premium plugin. -->","yoast_head_json":{"title":"\u00d6ffi-Ticket til alle g\u00e6ster \u00bb SalzburgerLand.com","robots":{"index":"index","follow":"follow","max-snippet":"max-snippet:-1","max-image-preview":"max-image-preview:large","max-video-preview":"max-video-preview:-1"},"canonical":"https:\/\/www.salzburgerland.com\/da\/nyt-fra-maj-offi-ticket-til-alle-gaester\/","og_locale":"da_DK","og_type":"article","og_title":"\u00d6ffi-Ticket til alle g\u00e6ster","og_description":"Hjertelig velkommen i SalzburgerLand! Som g\u00e6ster kan I med den nye Salzburg Verkehr Guest Mobility Ticket gratis benytte alle offentlige transportmidler","og_url":"https:\/\/www.salzburgerland.com\/da\/nyt-fra-maj-offi-ticket-til-alle-gaester\/","og_site_name":"SalzburgerLand.com","article_publisher":"https:\/\/www.facebook.com\/ferieisalzburgerland\/","article_published_time":"2025-03-17T09:35:00+00:00","article_modified_time":"2026-04-01T09:52:04+00:00","og_image":[{"url":"https:\/\/www.salzburgerland.com\/da\/wp-content\/uploads\/2025\/03\/anreise1.jpg","width":886,"height":648,"type":"image\/jpeg"}],"author":"Johanna Krainer","twitter_card":"summary_large_image","twitter_creator":"@hannahtraussnigg","twitter_site":"@salzburgerland","twitter_misc":{"Skrevet af":"Johanna Krainer","Estimeret l\u00e6setid":"2 minutter"},"schema":{"@context":"https:\/\/schema.org","@graph":[{"@type":"Article","@id":"https:\/\/www.salzburgerland.com\/da\/nyt-fra-maj-offi-ticket-til-alle-gaester\/#article","isPartOf":{"@id":"https:\/\/www.salzburgerland.com\/da\/nyt-fra-maj-offi-ticket-til-alle-gaester\/"},"author":{"name":"Johanna Krainer","@id":"https:\/\/www.salzburgerland.com\/da\/#\/schema\/person\/b1c2d0341b25ad441591a03d75913690"},"headline":"\u00d6ffi-Ticket til alle g\u00e6ster","datePublished":"2025-03-17T09:35:00+00:00","dateModified":"2026-04-01T09:52:04+00:00","mainEntityOfPage":{"@id":"https:\/\/www.salzburgerland.com\/da\/nyt-fra-maj-offi-ticket-til-alle-gaester\/"},"wordCount":252,"image":{"@id":"https:\/\/www.salzburgerland.com\/da\/nyt-fra-maj-offi-ticket-til-alle-gaester\/#primaryimage"},"thumbnailUrl":"https:\/\/www.salzburgerland.com\/da\/wp-content\/uploads\/2025\/03\/anreise1.jpg","articleSection":["Uncategorized"],"inLanguage":"da-DK"},{"@type":"WebPage","@id":"https:\/\/www.salzburgerland.com\/da\/nyt-fra-maj-offi-ticket-til-alle-gaester\/","url":"https:\/\/www.salzburgerland.com\/da\/nyt-fra-maj-offi-ticket-til-alle-gaester\/","name":"\u00d6ffi-Ticket til alle g\u00e6ster \u00bb SalzburgerLand.com","isPartOf":{"@id":"https:\/\/www.salzburgerland.com\/da\/#website"},"primaryImageOfPage":{"@id":"https:\/\/www.salzburgerland.com\/da\/nyt-fra-maj-offi-ticket-til-alle-gaester\/#primaryimage"},"image":{"@id":"https:\/\/www.salzburgerland.com\/da\/nyt-fra-maj-offi-ticket-til-alle-gaester\/#primaryimage"},"thumbnailUrl":"https:\/\/www.salzburgerland.com\/da\/wp-content\/uploads\/2025\/03\/anreise1.jpg","datePublished":"2025-03-17T09:35:00+00:00","dateModified":"2026-04-01T09:52:04+00:00","author":{"@id":"https:\/\/www.salzburgerland.com\/da\/#\/schema\/person\/b1c2d0341b25ad441591a03d75913690"},"description":"Fra 1. maj 2025 kan alle g\u00e6ster benytte alle offentlige transportmidler gratis under deres ophold i SalzburgerLand. Book ganske enkelt ferien og du f\u00e5r billetten automatisk oven i k\u00f8bet ved Check-in.","breadcrumb":{"@id":"https:\/\/www.salzburgerland.com\/da\/nyt-fra-maj-offi-ticket-til-alle-gaester\/#breadcrumb"},"inLanguage":"da-DK","potentialAction":[{"@type":"ReadAction","target":["https:\/\/www.salzburgerland.com\/da\/nyt-fra-maj-offi-ticket-til-alle-gaester\/"]}]},{"@type":"ImageObject","inLanguage":"da-DK","@id":"https:\/\/www.salzburgerland.com\/da\/nyt-fra-maj-offi-ticket-til-alle-gaester\/#primaryimage","url":"https:\/\/www.salzburgerland.com\/da\/wp-content\/uploads\/2025\/03\/anreise1.jpg","contentUrl":"https:\/\/www.salzburgerland.com\/da\/wp-content\/uploads\/2025\/03\/anreise1.jpg","width":886,"height":648,"caption":"Illustration af et r\u00f8dt tog, der k\u00f8rer p\u00e5 skinner gennem de gr\u00f8nne bjerge i Salzburgerland."},{"@type":"BreadcrumbList","@id":"https:\/\/www.salzburgerland.com\/da\/nyt-fra-maj-offi-ticket-til-alle-gaester\/#breadcrumb","itemListElement":[{"@type":"ListItem","position":1,"name":"Rejsen dertil","item":"https:\/\/www.salzburgerland.com\/da\/rejsen-dertil\/"},{"@type":"ListItem","position":2,"name":"\u00d6ffi-Ticket til alle g\u00e6ster"}]},{"@type":"WebSite","@id":"https:\/\/www.salzburgerland.com\/da\/#website","url":"https:\/\/www.salzburgerland.com\/da\/","name":"SalzburgerLand.com","description":"Din ferie i Salzburg, \u00d8strig","potentialAction":[{"@type":"SearchAction","target":{"@type":"EntryPoint","urlTemplate":"https:\/\/www.salzburgerland.com\/da\/?s={search_term_string}"},"query-input":{"@type":"PropertyValueSpecification","valueRequired":true,"valueName":"search_term_string"}}],"inLanguage":"da-DK"},{"@type":"Person","@id":"https:\/\/www.salzburgerland.com\/da\/#\/schema\/person\/b1c2d0341b25ad441591a03d75913690","name":"Johanna Krainer","image":{"@type":"ImageObject","inLanguage":"da-DK","@id":"https:\/\/secure.gravatar.com\/avatar\/fb31de689c7e72b597fc16d3a9dc64740ab7bfc12b583ea766fa0ee8dd70d289?s=96&d=mm&r=g","url":"https:\/\/secure.gravatar.com\/avatar\/fb31de689c7e72b597fc16d3a9dc64740ab7bfc12b583ea766fa0ee8dd70d289?s=96&d=mm&r=g","contentUrl":"https:\/\/secure.gravatar.com\/avatar\/fb31de689c7e72b597fc16d3a9dc64740ab7bfc12b583ea766fa0ee8dd70d289?s=96&d=mm&r=g","caption":"Johanna Krainer"},"sameAs":["https:\/\/x.com\/hannahtraussnigg"]}]}},"_wl_alt_label":[],"wl:entity_url":"http:\/\/open.salzburgerland.com\/da\/post\/nyt-fra-maj-offi-ticket-til-alle-gaester-3840","_links":{"self":[{"href":"https:\/\/www.salzburgerland.com\/da\/wp-json\/wp\/v2\/posts\/3840","targetHints":{"allow":["GET"]}}],"collection":[{"href":"https:\/\/www.salzburgerland.com\/da\/wp-json\/wp\/v2\/posts"}],"about":[{"href":"https:\/\/www.salzburgerland.com\/da\/wp-json\/wp\/v2\/types\/post"}],"author":[{"embeddable":true,"href":"https:\/\/www.salzburgerland.com\/da\/wp-json\/wp\/v2\/users\/31"}],"replies":[{"embeddable":true,"href":"https:\/\/www.salzburgerland.com\/da\/wp-json\/wp\/v2\/comments?post=3840"}],"version-history":[{"count":12,"href":"https:\/\/www.salzburgerland.com\/da\/wp-json\/wp\/v2\/posts\/3840\/revisions"}],"predecessor-version":[{"id":3910,"href":"https:\/\/www.salzburgerland.com\/da\/wp-json\/wp\/v2\/posts\/3840\/revisions\/3910"}],"wp:featuredmedia":[{"embeddable":true,"href":"https:\/\/www.salzburgerland.com\/da\/wp-json\/wp\/v2\/media\/4133"}],"wp:attachment":[{"href":"https:\/\/www.salzburgerland.com\/da\/wp-json\/wp\/v2\/media?parent=3840"}],"wp:term":[{"taxonomy":"category","embeddable":true,"href":"https:\/\/www.salzburgerland.com\/da\/wp-json\/wp\/v2\/categories?post=3840"},{"taxonomy":"post_tag","embeddable":true,"href":"https:\/\/www.salzburgerland.com\/da\/wp-json\/wp\/v2\/tags?post=3840"},{"taxonomy":"wl_entity_type","embeddable":true,"href":"https:\/\/www.salzburgerland.com\/da\/wp-json\/wp\/v2\/wl_entity_type?post=3840"}],"curies":[{"name":"wp","href":"https:\/\/api.w.org\/{rel}","templated":true}]}}