{"id":376,"date":"2016-11-17T10:22:06","date_gmt":"2016-11-17T10:22:06","guid":{"rendered":"https:\/\/www.onebigpark.at\/da\/?p=376"},"modified":"2019-09-26T11:26:15","modified_gmt":"2019-09-26T09:26:15","slug":"ferie-pa-alpesaeteren","status":"publish","type":"post","link":"https:\/\/www.salzburgerland.com\/da\/ferie-pa-alpesaeteren\/","title":{"rendered":"Ferie p\u00e5 alpes\u00e6teren"},"content":{"rendered":"<p>I morgensolen smager morgenmaden med produkter direkte fra s\u00e6teren endnu bedre, og b\u00e5de civilisationen og hverdagen er langt, langt v\u00e6k. Livet planl\u00e6gges ikke efter uret, men efter naturen! Man tager afsted p\u00e5 en fredelig vandretur, hygger sig p\u00e5 tr\u00e6b\u00e6nken ved hytten med en god bog, leger tagfat med sommerfuglene p\u00e5 bjergengen eller nyder bare stilheden, den afsides beliggenhed og bjergets udstrakte landskab. Ligegyldigt om man har valgt en <strong>hytte med selvforplejning<\/strong> og udend\u00f8rs lokum, \u00e5ben pejs og romantiske levende lys, en <strong>s\u00e6terhytte med udsk\u00e6nkning<\/strong> og overnatningsmuligheder eller en <strong>komfortabel hyttelandsby<\/strong> med luksuri\u00f8s service, wellness og gastronomi, giver denne m\u00e5de at opleve bjergene p\u00e5 en helt unik f\u00f8lelse af at v\u00e6re p\u00e5 toppen.<\/p>\n<h2><strong>Om hyttelivet <\/strong><\/h2>\n<p>For hyttev\u00e6rterne, der holder stand p\u00e5 bjerget hele sommeren for at bev\u00e6rte g\u00e6sterne med den typiske hjertelige g\u00e6stfrihed og tilbyde dem en hyggelig plads at sove p\u00e5 h\u00f8jt oppe, lige under korset p\u00e5 bjergtoppen, bliver dagene tit lange og kr\u00e6vende. <strong>Klar sigt, flotte udsigter og fristende bjergture<\/strong> lokker allerede tidligt om morgenen de ivrige bjergbestigere ud af fjerene, og duften af nybrygget kaffe p\u00e5 morgenbordet giver en hyggelig start p\u00e5 dagen. Hyttev\u00e6rterne har v\u00e6ret tidligt oppe for at fremtrylle en l\u00e6kker morgenmad, s\u00e5 vandrerne kan styrke sig, inden de tager afsted p\u00e5 tur. N\u00e5r de vender tilbage, er de magelige senge allerede redt, og i k\u00f8kkenet er man godt i gang med at lave mad og bage, for at g\u00e6sterne kan tanke ny energi igen. Om aftenen sidder man og hygger sig sammen med hyttev\u00e6rten ved bordet og fort\u00e6ller om sine oplevelser i bjergene eller lytter til sp\u00e6ndende historier om hverdagslivet i bjergene.<\/p>\n<h2><strong>Gennemt\u00e6nkt logistik<\/strong><\/h2>\n<p>For de engagerede hyttev\u00e6rter er denne m\u00e5de at servicere g\u00e6sterne p\u00e5, h\u00f8jt oppe over dalen, dog til dels forbundet med <strong>stort organisatorisk besv\u00e6r<\/strong>, som man som g\u00e6st som regel slet ikke ser. Det er ikke alle steder muligt at k\u00f8re hen til hytterne i bil, og p\u00e5 trods af at man s\u00f8rger for at fylde lageret godt og velgennemt\u00e6nkt op, n\u00e5r s\u00e6sonen starter, er det tit transport-tovbanen eller rygs\u00e6kken, der m\u00e5 g\u00f8re det ud for <strong>\u201cnavlestrengen\u201d med forsyninger fra civilsationen<\/strong>. Mange ting, der anses som helt selvf\u00f8lgelige i kroerne nede i dalen, kan kun lade sig g\u00f8re i en beliggenhed p\u00e5 udsatte steder i bjergene med en m\u00e6ngde besv\u00e6r og gennemt\u00e6nkt logistik. De mange bes\u00f8gende producerer ogs\u00e5 en hel del affald, og i det sensible vegetationsomr\u00e5de p\u00e5 s\u00e6terne er dette ogs\u00e5 et emne, der naturligvis kr\u00e6ver ekstra stor opm\u00e6rksomhed. Affaldet samles, sorteres og transporteres ned i dalen. For det meste forsynes sommerhytterne p\u00e5 s\u00e6terne med frisk, klart kildevand, og disse kilder skal hele tiden passes og kontrolleres.<\/p>\n<img decoding=\"async\" class=\"alignnone size-1170_658 wp-image-1688\" src=\"https:\/\/cdn.salzburgerland.com\/da\/wp-content\/uploads\/2016\/11\/rs1020_riedlalm-lpr-1170x658.jpg\" alt=\"\" width=\"1170\" height=\"658\" srcset=\"https:\/\/www.salzburgerland.com\/da\/wp-content\/uploads\/2016\/11\/rs1020_riedlalm-lpr-1170x658.jpg 1170w, https:\/\/www.salzburgerland.com\/da\/wp-content\/uploads\/2016\/11\/rs1020_riedlalm-lpr-1200x675.jpg 1200w\" sizes=\"(max-width: 1170px) 100vw, 1170px\">\n<p>\u00a0<\/p>\n<h2><strong>Arbejde, der fylder og g\u00f8r \u00e9n opfyldt<\/strong><\/h2>\n<p>Mange af hyttev\u00e6rterne driver ogs\u00e5 landbrug, hvilket betyder, at deres k\u00f8er, f\u00e5r og heste flytter med op p\u00e5 gr\u00e6sgangen i starten af sommeren. De dyr, der h\u00f8rer til s\u00e6teren, skal passes \u2013 kalvene lokkes til med salt p\u00e5 engen og t\u00e6lles, s\u00e5 ingen af dyrene g\u00e5r tabt. Malkek\u00f8erne f\u00f8res ind i stalden hver dag for at blive malket, og tit st\u00e5r de stille og muer uden for staldd\u00f8ren og venter p\u00e5 den, der skal malke dem, n\u00e5r det er malketid. Store og sm\u00e5 overnattende g\u00e6ster kan f\u00e5 lov til at hj\u00e6lpe hyttev\u00e6rterne og kan ogs\u00e5 kigge dem over skulderen, n\u00e5r de fremstiller s\u00e6terens egne produkter. Den <strong>friske m\u00e6lk forarbejdes til sm\u00f8r, ost og yoghurt<\/strong> og smages til med friskplukkede krydderurter. N\u00e5r gr\u00e6s og urter st\u00e5r i fuld blomst p\u00e5 s\u00e6teren, er det ogs\u00e5 tid for hyttev\u00e6rterne til at rykke ud med leen og h\u00f8ste h\u00f8 for at s\u00f8rge for et tilstr\u00e6kkeligt forr\u00e5d af h\u00f8 til vinteren. G\u00e6sterne er altid mere end velkomne til at hj\u00e6lpe med til at rive det t\u00f8rre gr\u00e6s sammen, og efter en anstrengende dag p\u00e5 de stejle bjergskr\u00e6nter, er man sikker p\u00e5 at falde i en dyb, og afslappende s\u00f8vn. Livet i s\u00e6terhytten betyder ofte, at der er mange ting, man m\u00e5 give afkald p\u00e5, men n\u00e5r man sp\u00f8rger hyttev\u00e6rterne, om de kan forestille sig en fremtid uden at tilbringe sommeren p\u00e5 s\u00e6teren, er svaret med sikkerhed en heftig rysten p\u00e5 hovedet. Deres svar lyder, at <strong>arbejdet p\u00e5 s\u00e6teren<\/strong> i harmoni med naturen er rigere end alt det, de kender fra livet nede i dalen.<\/p>\n","protected":false},"excerpt":{"rendered":"<p>I morgensolen smager morgenmaden med produkter direkte fra s\u00e6teren endnu bedre, og b\u00e5de civilisationen og hverdagen er langt, langt v\u00e6k. Livet planl\u00e6gges ikke efter uret, men efter naturen! Man tager afsted p\u00e5 en fredelig vandretur, hygger sig p\u00e5 tr\u00e6b\u00e6nken ved hytten med en god bog, leger tagfat med sommerfuglene p\u00e5 bjergengen eller nyder bare stilheden, [&hellip;]<\/p>\n","protected":false},"author":5,"featured_media":1686,"comment_status":"closed","ping_status":"closed","sticky":false,"template":"","format":"standard","meta":{"_acf_changed":false,"wl_entities_gutenberg":"","_relevanssi_hide_post":"","_relevanssi_hide_content":"","_relevanssi_pin_for_all":"","_relevanssi_pin_keywords":"","_relevanssi_unpin_keywords":"","_relevanssi_related_keywords":"","_relevanssi_related_include_ids":"","_relevanssi_related_exclude_ids":"","_relevanssi_related_no_append":"","_relevanssi_related_not_related":"","_relevanssi_related_posts":"","_relevanssi_noindex_reason":"","footnotes":""},"categories":[1],"tags":[],"wl_entity_type":[22],"class_list":["post-376","post","type-post","status-publish","format-standard","has-post-thumbnail","hentry","category-uncategorized","wl_entity_type-article"],"acf":[],"yoast_head":"<!-- This site is optimized with the Yoast SEO Premium plugin v27.4 (Yoast SEO v27.4) - https:\/\/yoast.com\/product\/yoast-seo-premium-wordpress\/ -->\n<title>Ferie p\u00e5 s\u00e6teren: naturoplevelser p\u00e5 n\u00e6rmeste hold p\u00e5 gr\u00e6sgangene i SalzburgerLand<\/title>\n<meta name=\"description\" content=\"Ferie p\u00e5 alpes\u00e6teren: V\u00e5gn op midt i naturen, den bedste plads at starte vandreture fra, giv en h\u00e5nd med under arbejdet p\u00e5 s\u00e6teren, og oplev den sk\u00f8nne fred og ro langt v\u00e6k fra civilisationen.\" \/>\n<meta name=\"robots\" content=\"index, follow, max-snippet:-1, max-image-preview:large, max-video-preview:-1\" \/>\n<link rel=\"canonical\" href=\"https:\/\/www.salzburgerland.com\/da\/ferie-pa-alpesaeteren\/\" \/>\n<meta property=\"og:locale\" content=\"da_DK\" \/>\n<meta property=\"og:type\" content=\"article\" \/>\n<meta property=\"og:title\" content=\"Ferie p\u00e5 alpes\u00e6teren\" \/>\n<meta property=\"og:description\" content=\"I morgensolen smager morgenmaden med produkter direkte fra s\u00e6teren endnu bedre, og b\u00e5de civilisationen og hverdagen er langt, langt v\u00e6k. Livet planl\u00e6gges\" \/>\n<meta property=\"og:url\" content=\"https:\/\/www.salzburgerland.com\/da\/ferie-pa-alpesaeteren\/\" \/>\n<meta property=\"og:site_name\" content=\"SalzburgerLand.com\" \/>\n<meta property=\"article:publisher\" content=\"https:\/\/www.facebook.com\/ferieisalzburgerland\/\" \/>\n<meta property=\"article:published_time\" content=\"2016-11-17T10:22:06+00:00\" \/>\n<meta property=\"article:modified_time\" content=\"2019-09-26T09:26:15+00:00\" \/>\n<meta property=\"og:image\" content=\"https:\/\/www.salzburgerland.com\/da\/wp-content\/uploads\/2016\/11\/rs2746_t2_055-scr-1100x675.jpg\" \/>\n\t<meta property=\"og:image:width\" content=\"1100\" \/>\n\t<meta property=\"og:image:height\" content=\"675\" \/>\n\t<meta property=\"og:image:type\" content=\"image\/jpeg\" \/>\n<meta name=\"author\" content=\"Rainer Edlinger\" \/>\n<meta name=\"twitter:card\" content=\"summary_large_image\" \/>\n<meta name=\"twitter:creator\" content=\"@salzburgerland\" \/>\n<meta name=\"twitter:site\" content=\"@salzburgerland\" \/>\n<meta name=\"twitter:label1\" content=\"Skrevet af\" \/>\n\t<meta name=\"twitter:data1\" content=\"Rainer Edlinger\" \/>\n\t<meta name=\"twitter:label2\" content=\"Estimeret l\u00e6setid\" \/>\n\t<meta name=\"twitter:data2\" content=\"4 minutter\" \/>\n<script type=\"application\/ld+json\" class=\"yoast-schema-graph\">{\"@context\":\"https:\\\/\\\/schema.org\",\"@graph\":[{\"@type\":\"Article\",\"@id\":\"https:\\\/\\\/www.salzburgerland.com\\\/da\\\/ferie-pa-alpesaeteren\\\/#article\",\"isPartOf\":{\"@id\":\"https:\\\/\\\/www.salzburgerland.com\\\/da\\\/ferie-pa-alpesaeteren\\\/\"},\"author\":{\"name\":\"Rainer Edlinger\",\"@id\":\"https:\\\/\\\/www.salzburgerland.com\\\/da\\\/#\\\/schema\\\/person\\\/7c5cb59ecea638659f18000661296728\"},\"headline\":\"Ferie p\u00e5 alpes\u00e6teren\",\"datePublished\":\"2016-11-17T10:22:06+00:00\",\"dateModified\":\"2019-09-26T09:26:15+00:00\",\"mainEntityOfPage\":{\"@id\":\"https:\\\/\\\/www.salzburgerland.com\\\/da\\\/ferie-pa-alpesaeteren\\\/\"},\"wordCount\":801,\"image\":{\"@id\":\"https:\\\/\\\/www.salzburgerland.com\\\/da\\\/ferie-pa-alpesaeteren\\\/#primaryimage\"},\"thumbnailUrl\":\"https:\\\/\\\/www.salzburgerland.com\\\/da\\\/wp-content\\\/uploads\\\/2016\\\/11\\\/rs2746_t2_055-scr.jpg\",\"articleSection\":[\"Uncategorized\"],\"inLanguage\":\"da-DK\"},{\"@type\":\"WebPage\",\"@id\":\"https:\\\/\\\/www.salzburgerland.com\\\/da\\\/ferie-pa-alpesaeteren\\\/\",\"url\":\"https:\\\/\\\/www.salzburgerland.com\\\/da\\\/ferie-pa-alpesaeteren\\\/\",\"name\":\"Ferie p\u00e5 s\u00e6teren: naturoplevelser p\u00e5 n\u00e6rmeste hold p\u00e5 gr\u00e6sgangene i SalzburgerLand\",\"isPartOf\":{\"@id\":\"https:\\\/\\\/www.salzburgerland.com\\\/da\\\/#website\"},\"primaryImageOfPage\":{\"@id\":\"https:\\\/\\\/www.salzburgerland.com\\\/da\\\/ferie-pa-alpesaeteren\\\/#primaryimage\"},\"image\":{\"@id\":\"https:\\\/\\\/www.salzburgerland.com\\\/da\\\/ferie-pa-alpesaeteren\\\/#primaryimage\"},\"thumbnailUrl\":\"https:\\\/\\\/www.salzburgerland.com\\\/da\\\/wp-content\\\/uploads\\\/2016\\\/11\\\/rs2746_t2_055-scr.jpg\",\"datePublished\":\"2016-11-17T10:22:06+00:00\",\"dateModified\":\"2019-09-26T09:26:15+00:00\",\"author\":{\"@id\":\"https:\\\/\\\/www.salzburgerland.com\\\/da\\\/#\\\/schema\\\/person\\\/7c5cb59ecea638659f18000661296728\"},\"description\":\"Ferie p\u00e5 alpes\u00e6teren: V\u00e5gn op midt i naturen, den bedste plads at starte vandreture fra, giv en h\u00e5nd med under arbejdet p\u00e5 s\u00e6teren, og oplev den sk\u00f8nne fred og ro langt v\u00e6k fra civilisationen.\",\"breadcrumb\":{\"@id\":\"https:\\\/\\\/www.salzburgerland.com\\\/da\\\/ferie-pa-alpesaeteren\\\/#breadcrumb\"},\"inLanguage\":\"da-DK\",\"potentialAction\":[{\"@type\":\"ReadAction\",\"target\":[\"https:\\\/\\\/www.salzburgerland.com\\\/da\\\/ferie-pa-alpesaeteren\\\/\"]}]},{\"@type\":\"ImageObject\",\"inLanguage\":\"da-DK\",\"@id\":\"https:\\\/\\\/www.salzburgerland.com\\\/da\\\/ferie-pa-alpesaeteren\\\/#primaryimage\",\"url\":\"https:\\\/\\\/www.salzburgerland.com\\\/da\\\/wp-content\\\/uploads\\\/2016\\\/11\\\/rs2746_t2_055-scr.jpg\",\"contentUrl\":\"https:\\\/\\\/www.salzburgerland.com\\\/da\\\/wp-content\\\/uploads\\\/2016\\\/11\\\/rs2746_t2_055-scr.jpg\",\"width\":1100,\"height\":733,\"caption\":\"Et bjerglandskab med gr\u00f8nne bakker, fyrretr\u00e6er, en hytte og bl\u00e5 himmel med spredte skyer.\"},{\"@type\":\"BreadcrumbList\",\"@id\":\"https:\\\/\\\/www.salzburgerland.com\\\/da\\\/ferie-pa-alpesaeteren\\\/#breadcrumb\",\"itemListElement\":[{\"@type\":\"ListItem\",\"position\":1,\"name\":\"Salzburger Almsommer\",\"item\":\"https:\\\/\\\/www.salzburgerland.com\\\/da\\\/salzburger-almsommer\\\/\"},{\"@type\":\"ListItem\",\"position\":2,\"name\":\"Ferie p\u00e5 alpes\u00e6teren\"}]},{\"@type\":\"WebSite\",\"@id\":\"https:\\\/\\\/www.salzburgerland.com\\\/da\\\/#website\",\"url\":\"https:\\\/\\\/www.salzburgerland.com\\\/da\\\/\",\"name\":\"SalzburgerLand.com\",\"description\":\"Din ferie i Salzburg, \u00d8strig\",\"potentialAction\":[{\"@type\":\"SearchAction\",\"target\":{\"@type\":\"EntryPoint\",\"urlTemplate\":\"https:\\\/\\\/www.salzburgerland.com\\\/da\\\/?s={search_term_string}\"},\"query-input\":{\"@type\":\"PropertyValueSpecification\",\"valueRequired\":true,\"valueName\":\"search_term_string\"}}],\"inLanguage\":\"da-DK\"},{\"@type\":\"Person\",\"@id\":\"https:\\\/\\\/www.salzburgerland.com\\\/da\\\/#\\\/schema\\\/person\\\/7c5cb59ecea638659f18000661296728\",\"name\":\"Rainer Edlinger\",\"image\":{\"@type\":\"ImageObject\",\"inLanguage\":\"da-DK\",\"@id\":\"https:\\\/\\\/secure.gravatar.com\\\/avatar\\\/fd37fd7eac966873b062a0d55b4b73fbfb5058ff5bc5f2c593377f2149d131e8?s=96&d=mm&r=g\",\"url\":\"https:\\\/\\\/secure.gravatar.com\\\/avatar\\\/fd37fd7eac966873b062a0d55b4b73fbfb5058ff5bc5f2c593377f2149d131e8?s=96&d=mm&r=g\",\"contentUrl\":\"https:\\\/\\\/secure.gravatar.com\\\/avatar\\\/fd37fd7eac966873b062a0d55b4b73fbfb5058ff5bc5f2c593377f2149d131e8?s=96&d=mm&r=g\",\"caption\":\"Rainer Edlinger\"}}]}<\/script>\n<!-- \/ Yoast SEO Premium plugin. -->","yoast_head_json":{"title":"Ferie p\u00e5 s\u00e6teren: naturoplevelser p\u00e5 n\u00e6rmeste hold p\u00e5 gr\u00e6sgangene i SalzburgerLand","description":"Ferie p\u00e5 alpes\u00e6teren: V\u00e5gn op midt i naturen, den bedste plads at starte vandreture fra, giv en h\u00e5nd med under arbejdet p\u00e5 s\u00e6teren, og oplev den sk\u00f8nne fred og ro langt v\u00e6k fra civilisationen.","robots":{"index":"index","follow":"follow","max-snippet":"max-snippet:-1","max-image-preview":"max-image-preview:large","max-video-preview":"max-video-preview:-1"},"canonical":"https:\/\/www.salzburgerland.com\/da\/ferie-pa-alpesaeteren\/","og_locale":"da_DK","og_type":"article","og_title":"Ferie p\u00e5 alpes\u00e6teren","og_description":"I morgensolen smager morgenmaden med produkter direkte fra s\u00e6teren endnu bedre, og b\u00e5de civilisationen og hverdagen er langt, langt v\u00e6k. Livet planl\u00e6gges","og_url":"https:\/\/www.salzburgerland.com\/da\/ferie-pa-alpesaeteren\/","og_site_name":"SalzburgerLand.com","article_publisher":"https:\/\/www.facebook.com\/ferieisalzburgerland\/","article_published_time":"2016-11-17T10:22:06+00:00","article_modified_time":"2019-09-26T09:26:15+00:00","og_image":[{"width":1100,"height":675,"url":"https:\/\/www.salzburgerland.com\/da\/wp-content\/uploads\/2016\/11\/rs2746_t2_055-scr-1100x675.jpg","type":"image\/jpeg"}],"author":"Rainer Edlinger","twitter_card":"summary_large_image","twitter_creator":"@salzburgerland","twitter_site":"@salzburgerland","twitter_misc":{"Skrevet af":"Rainer Edlinger","Estimeret l\u00e6setid":"4 minutter"},"schema":{"@context":"https:\/\/schema.org","@graph":[{"@type":"Article","@id":"https:\/\/www.salzburgerland.com\/da\/ferie-pa-alpesaeteren\/#article","isPartOf":{"@id":"https:\/\/www.salzburgerland.com\/da\/ferie-pa-alpesaeteren\/"},"author":{"name":"Rainer Edlinger","@id":"https:\/\/www.salzburgerland.com\/da\/#\/schema\/person\/7c5cb59ecea638659f18000661296728"},"headline":"Ferie p\u00e5 alpes\u00e6teren","datePublished":"2016-11-17T10:22:06+00:00","dateModified":"2019-09-26T09:26:15+00:00","mainEntityOfPage":{"@id":"https:\/\/www.salzburgerland.com\/da\/ferie-pa-alpesaeteren\/"},"wordCount":801,"image":{"@id":"https:\/\/www.salzburgerland.com\/da\/ferie-pa-alpesaeteren\/#primaryimage"},"thumbnailUrl":"https:\/\/www.salzburgerland.com\/da\/wp-content\/uploads\/2016\/11\/rs2746_t2_055-scr.jpg","articleSection":["Uncategorized"],"inLanguage":"da-DK"},{"@type":"WebPage","@id":"https:\/\/www.salzburgerland.com\/da\/ferie-pa-alpesaeteren\/","url":"https:\/\/www.salzburgerland.com\/da\/ferie-pa-alpesaeteren\/","name":"Ferie p\u00e5 s\u00e6teren: naturoplevelser p\u00e5 n\u00e6rmeste hold p\u00e5 gr\u00e6sgangene i SalzburgerLand","isPartOf":{"@id":"https:\/\/www.salzburgerland.com\/da\/#website"},"primaryImageOfPage":{"@id":"https:\/\/www.salzburgerland.com\/da\/ferie-pa-alpesaeteren\/#primaryimage"},"image":{"@id":"https:\/\/www.salzburgerland.com\/da\/ferie-pa-alpesaeteren\/#primaryimage"},"thumbnailUrl":"https:\/\/www.salzburgerland.com\/da\/wp-content\/uploads\/2016\/11\/rs2746_t2_055-scr.jpg","datePublished":"2016-11-17T10:22:06+00:00","dateModified":"2019-09-26T09:26:15+00:00","author":{"@id":"https:\/\/www.salzburgerland.com\/da\/#\/schema\/person\/7c5cb59ecea638659f18000661296728"},"description":"Ferie p\u00e5 alpes\u00e6teren: V\u00e5gn op midt i naturen, den bedste plads at starte vandreture fra, giv en h\u00e5nd med under arbejdet p\u00e5 s\u00e6teren, og oplev den sk\u00f8nne fred og ro langt v\u00e6k fra civilisationen.","breadcrumb":{"@id":"https:\/\/www.salzburgerland.com\/da\/ferie-pa-alpesaeteren\/#breadcrumb"},"inLanguage":"da-DK","potentialAction":[{"@type":"ReadAction","target":["https:\/\/www.salzburgerland.com\/da\/ferie-pa-alpesaeteren\/"]}]},{"@type":"ImageObject","inLanguage":"da-DK","@id":"https:\/\/www.salzburgerland.com\/da\/ferie-pa-alpesaeteren\/#primaryimage","url":"https:\/\/www.salzburgerland.com\/da\/wp-content\/uploads\/2016\/11\/rs2746_t2_055-scr.jpg","contentUrl":"https:\/\/www.salzburgerland.com\/da\/wp-content\/uploads\/2016\/11\/rs2746_t2_055-scr.jpg","width":1100,"height":733,"caption":"Et bjerglandskab med gr\u00f8nne bakker, fyrretr\u00e6er, en hytte og bl\u00e5 himmel med spredte skyer."},{"@type":"BreadcrumbList","@id":"https:\/\/www.salzburgerland.com\/da\/ferie-pa-alpesaeteren\/#breadcrumb","itemListElement":[{"@type":"ListItem","position":1,"name":"Salzburger Almsommer","item":"https:\/\/www.salzburgerland.com\/da\/salzburger-almsommer\/"},{"@type":"ListItem","position":2,"name":"Ferie p\u00e5 alpes\u00e6teren"}]},{"@type":"WebSite","@id":"https:\/\/www.salzburgerland.com\/da\/#website","url":"https:\/\/www.salzburgerland.com\/da\/","name":"SalzburgerLand.com","description":"Din ferie i Salzburg, \u00d8strig","potentialAction":[{"@type":"SearchAction","target":{"@type":"EntryPoint","urlTemplate":"https:\/\/www.salzburgerland.com\/da\/?s={search_term_string}"},"query-input":{"@type":"PropertyValueSpecification","valueRequired":true,"valueName":"search_term_string"}}],"inLanguage":"da-DK"},{"@type":"Person","@id":"https:\/\/www.salzburgerland.com\/da\/#\/schema\/person\/7c5cb59ecea638659f18000661296728","name":"Rainer Edlinger","image":{"@type":"ImageObject","inLanguage":"da-DK","@id":"https:\/\/secure.gravatar.com\/avatar\/fd37fd7eac966873b062a0d55b4b73fbfb5058ff5bc5f2c593377f2149d131e8?s=96&d=mm&r=g","url":"https:\/\/secure.gravatar.com\/avatar\/fd37fd7eac966873b062a0d55b4b73fbfb5058ff5bc5f2c593377f2149d131e8?s=96&d=mm&r=g","contentUrl":"https:\/\/secure.gravatar.com\/avatar\/fd37fd7eac966873b062a0d55b4b73fbfb5058ff5bc5f2c593377f2149d131e8?s=96&d=mm&r=g","caption":"Rainer Edlinger"}}]}},"_wl_alt_label":[],"wl:entity_url":"http:\/\/open.salzburgerland.com\/da\/post\/ferie_paa_alpesaeteren","_links":{"self":[{"href":"https:\/\/www.salzburgerland.com\/da\/wp-json\/wp\/v2\/posts\/376","targetHints":{"allow":["GET"]}}],"collection":[{"href":"https:\/\/www.salzburgerland.com\/da\/wp-json\/wp\/v2\/posts"}],"about":[{"href":"https:\/\/www.salzburgerland.com\/da\/wp-json\/wp\/v2\/types\/post"}],"author":[{"embeddable":true,"href":"https:\/\/www.salzburgerland.com\/da\/wp-json\/wp\/v2\/users\/5"}],"replies":[{"embeddable":true,"href":"https:\/\/www.salzburgerland.com\/da\/wp-json\/wp\/v2\/comments?post=376"}],"version-history":[{"count":5,"href":"https:\/\/www.salzburgerland.com\/da\/wp-json\/wp\/v2\/posts\/376\/revisions"}],"predecessor-version":[{"id":1692,"href":"https:\/\/www.salzburgerland.com\/da\/wp-json\/wp\/v2\/posts\/376\/revisions\/1692"}],"wp:featuredmedia":[{"embeddable":true,"href":"https:\/\/www.salzburgerland.com\/da\/wp-json\/wp\/v2\/media\/1686"}],"wp:attachment":[{"href":"https:\/\/www.salzburgerland.com\/da\/wp-json\/wp\/v2\/media?parent=376"}],"wp:term":[{"taxonomy":"category","embeddable":true,"href":"https:\/\/www.salzburgerland.com\/da\/wp-json\/wp\/v2\/categories?post=376"},{"taxonomy":"post_tag","embeddable":true,"href":"https:\/\/www.salzburgerland.com\/da\/wp-json\/wp\/v2\/tags?post=376"},{"taxonomy":"wl_entity_type","embeddable":true,"href":"https:\/\/www.salzburgerland.com\/da\/wp-json\/wp\/v2\/wl_entity_type?post=376"}],"curies":[{"name":"wp","href":"https:\/\/api.w.org\/{rel}","templated":true}]}}