{"id":2107,"date":"2020-05-14T14:41:25","date_gmt":"2020-05-14T12:41:25","guid":{"rendered":"https:\/\/www.salzburgerland.com\/da\/?p=2107"},"modified":"2020-07-14T13:38:54","modified_gmt":"2020-07-14T11:38:54","slug":"skov-wellness-i-saalbach-hinterglemm","status":"publish","type":"post","link":"https:\/\/www.salzburgerland.com\/da\/skov-wellness-i-saalbach-hinterglemm\/","title":{"rendered":"Skov-wellness i Saalbach Hinterglemm"},"content":{"rendered":"<p>M\u00e5ske er det nogle af de historiske erfaringer, der st\u00e5r bag <a href=\"https:\/\/www.saalbach.com\/home\">Saalbach Hinterglemms<\/a> store v\u00e6rds\u00e6ttelse af skoven og dens gaver. I pionertiden var tr\u00e6et det mest brugte og eftertragtede opvarmnings- og byggemateriale, og saltv\u00e6rket Bad Reichenhall var en stor aftager. Den store kommercielle interesse medf\u00f8rte alt for stor hugst; til sidst manglede der tr\u00e6, og luftkvaliteten begyndte at blive d\u00e5rlig. Det korte af det lange: At der i dag findes ca. 4.000 hektar skov p\u00e5 skr\u00e5ningerne i <a href=\"http:\/\/www.saalbach.com\/en\/summer\">Glemmtal<\/a>, er ikke nogen selvf\u00f8lge. Det er et resultat af efterf\u00f8lgende generationers flittige genplantning og bevidst skovdrift; med det nye m\u00e5l: at naturen aldrig mere skal f\u00e5 lov til at forsvinde som f\u00f8lge af rovdrift og profitinteresser.<\/p>\n<h2><strong>Kom herop og kom ned p\u00e5 jorden<\/strong><\/h2>\n<p>I dag m\u00f8des de bes\u00f8gende i Glemmtal af en sk\u00e6r skovrigdom. Naturen er blevet genopdyrket p\u00e5 imponerende vis. Krystalklart kildevand, frisk luft og derudover b\u00e6r og svampe i overflod. P\u00e5 en tur med gondol p\u00e5 Reiterkogel, h\u00f8jt oppe i Hinterglemm, f\u00e5r passagererne et dr\u00f8mmesmukt udsyn og en fornemmelse af de enormt store dimensioner, som skoven atter har antaget. Ogs\u00e5 her m\u00e6rker man den moderne tankegang med respekt for skoven; men lad os tage \u00e9n ting ad gangen: To timer efter bestillingen henter vi p\u00e5 Reiteralm f\u00f8rst vores yppige picnickurv med regionale l\u00e6kkerbiskener plus et t\u00e6ppe, og vi hilser p\u00e5 hinanden med en velsmagende smoothie lavet p\u00e5 vilde urter \u2013 det fascinerende bjergpanorama m\u00e5 vente til senere.<\/p>\n<h2><strong>Velv\u00e6re i skoven<\/strong><\/h2>\n<p>S\u00e5 snart vi er n\u00e5et op til 1.700 meter over havet, er vi klar til at falde helt ned og slappe af. Herfra kan vi allerede skimte tr\u00e6gr\u00e6nsen ovenfor Reiteralm. D\u00e9r starter turen p\u00e5 <a href=\"https:\/\/www.saalbach.com\/en\/summer\/hiking-outdoor\/forestwellness\">skov-wellness-vejen<\/a>, der er blevet pr\u00e6pareret igennem de sidste m\u00e5neder, og som man i Glemmtal er stolt over at kunne pr\u00e6sentere for offentligheden. Allerede idet jeg skimmer de korte og pr\u00e6cise informationer p\u00e5 oplysningstavlerne i skoven, t\u00e6nker jeg: \u201eDet er fuldst\u00e6ndig rigtigt, hvad der st\u00e5r!\u201c<\/p>\n<p>Kroppens naturlige dr\u00e6berceller formerer sig 40 procent mere end ellers; derved styrkes immunsystemet, og syge celler fjernes fra kroppen. Storartede oplysninger, der n\u00e6sten virker underdrevet i sammenh\u00e6ng med det velv\u00e6re, jeg oplever p\u00e5 dette sted. Jeg er overrasket over alle de positive tanker, jeg med det samme f\u00e5r her i tr\u00e6tykningen. Al min hverdagsstress synker bort, og min opm\u00e6rksomhed rettes udelukkende mod det, jeg oplever omkring mig her og nu. De ventende aftaler \u2013 lad dem vente. Og selv det, at Saalbachs gamle borgmester er hurtigere p\u00e5 benene end vi unge og suser forbi os: lige nu tager jeg alting komplet afslappet. Jeg er kommet helt ned p\u00e5 jorden.<\/p>\n<div id=\"attachment_2110\" style=\"width: 1180px\" class=\"wp-caption alignnone\"><img decoding=\"async\" aria-describedby=\"caption-attachment-2110\" class=\"wp-image-2110 size-1170_658\" src=\"https:\/\/cdn.salzburgerland.com\/da\/wp-content\/uploads\/2020\/05\/waldwellness-1170x658.jpg\" alt=\"\" width=\"1170\" height=\"658\" srcset=\"https:\/\/www.salzburgerland.com\/da\/wp-content\/uploads\/2020\/05\/waldwellness-1170x658.jpg 1170w, https:\/\/www.salzburgerland.com\/da\/wp-content\/uploads\/2020\/05\/waldwellness-1200x675.jpg 1200w\" sizes=\"(max-width: 1170px) 100vw, 1170px\"><p id=\"caption-attachment-2110\" class=\"wp-caption-text\">\u00a9 saalbach.com, Christian W\u00f6ckinger<\/p><\/div>\n<h2><strong>Skovbadning a la Japan<\/strong><\/h2>\n<p>Jeg dykker ned i skovens dybe stille ro, og jeg forst\u00e5r pludselig, hvorfor alle her snakker om \u201eskovbadning\u201c. Ved skovbiblioteket, en lille tr\u00e6-installation langs den velg\u00f8rende sti, stopper min gruppe op \u2013 vi har indhentet byens tidligere borgmester, Peter Mitterer. Tid til at hvile kroppen i en h\u00e6ngek\u00f8je med et glas skovurte-champagne, mens nogle af de mere sportslige damer elegant og sp\u00e6ndstig dyrker yoga p\u00e5 de medbragte m\u00e5tter og underlag.<\/p>\n<p>Godt nok er der en plads ledig, men\u2026 jeg sl\u00e6nger mig hellere, mens jeg lytter til projektleder Martin Enn. Han er manden bag denne super id\u00e9, der oprindelig er kendt netop som \u201eskovbadning\u201c og stammer fra Japan \u2013 inspiration fra det Fjerne \u00d8sten, der nu genopdages og omformuleres i denne to hundrede \u00e5r gamle fyrreskov til \u201eskov-wellness\u201c. Martin Enn rammer noget i mig, mens han fort\u00e6ller: \u201eDu beh\u00f8ver ikke at v\u00e6re sportslig eller g\u00f8re noget s\u00e6rligt for at opleve skoven og tage dens positive virkning med hjem \u2013 det er fuldkommen okay, bare at slappe af.\u201c<\/p>\n<blockquote><p>\u201eAllerede efter kort tid i skoven, stresser vi af og f\u00f8ler os bedre tilpas. Denne positive virkning varer ved i op til syv dage.\u201c Martin Enn, initiator af \u201dWald-Wellness-Weg\u201d.<\/p><\/blockquote>\n<h2><strong>Efter picnic: Et vidtskuende udsyn<\/strong><\/h2>\n<p>Jeg har stadig smil p\u00e5 l\u00e6ben, idet jeg hopper ned af min h\u00e6ngem\u00e5tte. F\u00e5 meter henne bredes t\u00e6ppet ud, og den velfyldte picnickurv med alle dens herligheder bliver ogs\u00e5 \u00e5bnet. De regionale l\u00e6kkerbiskener i kurven er s\u00e5 at sige toppen p\u00e5 den ikke-eksisterende kransekage til alle de, der ikke kun vil bade i skoven, men ogs\u00e5 nyde bordets gl\u00e6der. Herligt lette og bl\u00f8de p\u00e5l\u00e6g med urter, aromatisk ost, friskbagt br\u00f8d \u2013 en velsmagende og sund blanding til kroppen, mens sj\u00e6len allerede s\u00e5 sm\u00e5t er kommet i balance.<\/p>\n<p>Tilbage ved skovgr\u00e6nsen lysner tykningen, og det smukke bjergpanorama udbreder sig for vore \u00f8jne. Vi tager turen tilbage til Reiteralm i adstadigt tempo; her fra terrassen kan vi nyde udsigten i al sin pragt. For dem, der endnu er i opdagermodus, er der nok at tage sig til. <a href=\"https:\/\/www.saalbach.com\/en\/summer\/family\">Linedanserhaven<\/a>, helseurtevejen, alpeblomster og ikke mindst den idylliske stenhave, super velegnet til smukke panorama-snapshots.<\/p>\n<img decoding=\"async\" class=\"alignnone size-1170_658 wp-image-2114\" src=\"https:\/\/cdn.salzburgerland.com\/da\/wp-content\/uploads\/2020\/05\/waldwellness3-1170x658.jpg\" alt=\"\" width=\"1170\" height=\"658\" srcset=\"https:\/\/www.salzburgerland.com\/da\/wp-content\/uploads\/2020\/05\/waldwellness3-1170x658.jpg 1170w, https:\/\/www.salzburgerland.com\/da\/wp-content\/uploads\/2020\/05\/waldwellness3-1200x675.jpg 1200w\" sizes=\"(max-width: 1170px) 100vw, 1170px\">\n\n\t\t\t<div id=\"2107-1\" class=\"gallery gallery-2107 gallery-columns-3 gallery-size-1170_658\" itemscope itemtype=\"http:\/\/schema.org\/ImageGallery\">\n\t\t\t\t<ul class=\"gallery-row gallery-col-3 gallery-clear\">\n\t\t\t\t\t<li class=\"gallery-item col-3\" itemprop=\"associatedMedia\" itemscope itemtype=\"http:\/\/schema.org\/ImageObject\">\n\t\t\t\t\t\t<div class=\"gallery-icon landscape\"><a href=\"https:\/\/www.salzburgerland.com\/da\/wp-content\/uploads\/2020\/05\/waldwellness1.jpg\" title=\"Waldwellness(1)\"><img decoding=\"async\" data-title=\"(c) Saalbach Hinterglemm \" title=\"(c) Saalbach Hinterglemm \" data-caption=\"(c) Saalbach Hinterglemm \" width=\"1170\" height=\"658\" src=\"https:\/\/www.salzburgerland.com\/da\/wp-content\/uploads\/2020\/05\/waldwellness1-1170x658.jpg\" class=\"attachment-1170_658 size-1170_658\" alt=\"En kvinde sidder med benene over kors p\u00e5 en tr\u00e6platform i en skov, omgivet af tr\u00e6er og gr\u00f8nt. (Forst\u00f8rret visning)\" srcset=\"https:\/\/www.salzburgerland.com\/da\/wp-content\/uploads\/2020\/05\/waldwellness1-1170x658.jpg 1170w, https:\/\/www.salzburgerland.com\/da\/wp-content\/uploads\/2020\/05\/waldwellness1-1200x675.jpg 1200w\" sizes=\"(max-width: 1170px) 100vw, 1170px\" aria-describedby=\"figcaption-2107-2118\" itemprop=\"thumbnail\"><\/a><\/div>\n\t\t\t\t\t\t<span id=\"figcaption-2107-2118\" class=\"gallery-caption\" itemprop=\"caption\"><span aria-hidden=\"true\">(c) Saalbach Hinterglemm <\/span><\/span>\n\t\t\t\t\t<\/li>\n\t\t\t\t\t<li class=\"gallery-item col-3\" itemprop=\"associatedMedia\" itemscope itemtype=\"http:\/\/schema.org\/ImageObject\">\n\t\t\t\t\t\t<div class=\"gallery-icon landscape\"><a href=\"https:\/\/www.salzburgerland.com\/da\/wp-content\/uploads\/2020\/05\/saalbach-waldwellness-c-woutvandedonk-5_2.jpg\" title=\"saalbach-waldwellness-c-woutvandedonk (5)_2\"><img decoding=\"async\" data-title=\"(c) Saalbach Hinterglemm, WODO productions\" title=\"(c) Saalbach Hinterglemm, WODO productions\" data-caption=\"(c) Saalbach Hinterglemm, WODO productions\" width=\"1079\" height=\"653\" src=\"https:\/\/www.salzburgerland.com\/da\/wp-content\/uploads\/2020\/05\/saalbach-waldwellness-c-woutvandedonk-5_2.jpg\" class=\"attachment-1170_658 size-1170_658\" alt=\"En kvinde l\u00e6ser en bog i en h\u00e6ngek\u00f8je, mens en anden person slapper af i en n\u00e6rliggende h\u00e6ngek\u00f8je udend\u00f8rs. (Forst\u00f8rret visning)\" srcset=\"https:\/\/www.salzburgerland.com\/da\/wp-content\/uploads\/2020\/05\/saalbach-waldwellness-c-woutvandedonk-5_2.jpg 1079w, https:\/\/www.salzburgerland.com\/da\/wp-content\/uploads\/2020\/05\/saalbach-waldwellness-c-woutvandedonk-5_2-768x465.jpg 768w\" sizes=\"(max-width: 1079px) 100vw, 1079px\" aria-describedby=\"figcaption-2107-2230\" itemprop=\"thumbnail\"><\/a><\/div>\n\t\t\t\t\t\t<span id=\"figcaption-2107-2230\" class=\"gallery-caption\" itemprop=\"caption\"><span aria-hidden=\"true\">(c) Saalbach Hinterglemm, WODO productions<\/span><\/span>\n\t\t\t\t\t<\/li>\n\t\t\t\t\t<li class=\"gallery-item col-3\" itemprop=\"associatedMedia\" itemscope itemtype=\"http:\/\/schema.org\/ImageObject\">\n\t\t\t\t\t\t<div class=\"gallery-icon landscape\"><a href=\"https:\/\/www.salzburgerland.com\/da\/wp-content\/uploads\/2020\/05\/waldwellness-c-saalbach-com-daniel-roos-2.jpg\" title=\"Waldwellness (c) saalbach.com, Daniel Roos (2)\"><img decoding=\"async\" data-title=\"(c) Saalbach Hinterglemm \" title=\"(c) Saalbach Hinterglemm \" data-caption=\"(c) Saalbach Hinterglemm \" width=\"1170\" height=\"658\" src=\"https:\/\/www.salzburgerland.com\/da\/wp-content\/uploads\/2020\/05\/waldwellness-c-saalbach-com-daniel-roos-2-1170x658.jpg\" class=\"attachment-1170_658 size-1170_658\" alt=\"Sti i et bjerglandskab med tr\u00e6er og to store informationsskilte ved stiens begyndelse. (Forst\u00f8rret visning)\" srcset=\"https:\/\/www.salzburgerland.com\/da\/wp-content\/uploads\/2020\/05\/waldwellness-c-saalbach-com-daniel-roos-2-1170x658.jpg 1170w, https:\/\/www.salzburgerland.com\/da\/wp-content\/uploads\/2020\/05\/waldwellness-c-saalbach-com-daniel-roos-2-1200x675.jpg 1200w\" sizes=\"(max-width: 1170px) 100vw, 1170px\" aria-describedby=\"figcaption-2107-2117\" itemprop=\"thumbnail\"><\/a><\/div>\n\t\t\t\t\t\t<span id=\"figcaption-2107-2117\" class=\"gallery-caption\" itemprop=\"caption\"><span aria-hidden=\"true\">(c) Saalbach Hinterglemm <\/span><\/span>\n\t\t\t\t\t<\/li>\n\t\t\t\t<\/ul>\n\t\t\t<\/div><!-- .gallery -->\n\n","protected":false},"excerpt":{"rendered":"<p>M\u00e5ske er det nogle af de historiske erfaringer, der st\u00e5r bag Saalbach Hinterglemms store v\u00e6rds\u00e6ttelse af skoven og dens gaver. I pionertiden var tr\u00e6et det mest brugte og eftertragtede opvarmnings- og byggemateriale, og saltv\u00e6rket Bad Reichenhall var en stor aftager. Den store kommercielle interesse medf\u00f8rte alt for stor hugst; til sidst manglede der tr\u00e6, og [&hellip;]<\/p>\n","protected":false},"author":17,"featured_media":2108,"comment_status":"closed","ping_status":"closed","sticky":false,"template":"","format":"standard","meta":{"_acf_changed":false,"wl_entities_gutenberg":"","_relevanssi_hide_post":"","_relevanssi_hide_content":"","_relevanssi_pin_for_all":"","_relevanssi_pin_keywords":"","_relevanssi_unpin_keywords":"","_relevanssi_related_keywords":"","_relevanssi_related_include_ids":"","_relevanssi_related_exclude_ids":"","_relevanssi_related_no_append":"","_relevanssi_related_not_related":"","_relevanssi_related_posts":"","_relevanssi_noindex_reason":"","footnotes":""},"categories":[1],"tags":[],"wl_entity_type":[22],"class_list":["post-2107","post","type-post","status-publish","format-standard","has-post-thumbnail","hentry","category-uncategorized","wl_entity_type-article"],"acf":[],"yoast_head":"<!-- This site is optimized with the Yoast SEO Premium plugin v27.4 (Yoast SEO v27.4) - https:\/\/yoast.com\/product\/yoast-seo-premium-wordpress\/ -->\n<title>Skov-wellness i Saalbach Hinterglemm \u00bb SalzburgerLand.com<\/title>\n<meta name=\"robots\" content=\"index, follow, max-snippet:-1, max-image-preview:large, max-video-preview:-1\" \/>\n<link rel=\"canonical\" href=\"https:\/\/www.salzburgerland.com\/da\/skov-wellness-i-saalbach-hinterglemm\/\" \/>\n<meta property=\"og:locale\" content=\"da_DK\" \/>\n<meta property=\"og:type\" content=\"article\" \/>\n<meta property=\"og:title\" content=\"Skov-wellness i Saalbach Hinterglemm\" \/>\n<meta property=\"og:description\" content=\"M\u00e5ske er det nogle af de historiske erfaringer, der st\u00e5r bag Saalbach Hinterglemms store v\u00e6rds\u00e6ttelse af skoven og dens gaver. I pionertiden var tr\u00e6et det\" \/>\n<meta property=\"og:url\" content=\"https:\/\/www.salzburgerland.com\/da\/skov-wellness-i-saalbach-hinterglemm\/\" \/>\n<meta property=\"og:site_name\" content=\"SalzburgerLand.com\" \/>\n<meta property=\"article:publisher\" content=\"https:\/\/www.facebook.com\/ferieisalzburgerland\/\" \/>\n<meta property=\"article:published_time\" content=\"2020-05-14T12:41:25+00:00\" \/>\n<meta property=\"article:modified_time\" content=\"2020-07-14T11:38:54+00:00\" \/>\n<meta property=\"og:image\" content=\"https:\/\/www.salzburgerland.com\/da\/wp-content\/uploads\/2020\/05\/waldwellness-c-saalbach-com-daniel-roos-47-e1589459670865-1200x675.jpg\" \/>\n\t<meta property=\"og:image:width\" content=\"1200\" \/>\n\t<meta property=\"og:image:height\" content=\"675\" \/>\n\t<meta property=\"og:image:type\" content=\"image\/jpeg\" \/>\n<meta name=\"author\" content=\"Evelyne Stempfer\" \/>\n<meta name=\"twitter:card\" content=\"summary_large_image\" \/>\n<meta name=\"twitter:creator\" content=\"@salzburgerland\" \/>\n<meta name=\"twitter:site\" content=\"@salzburgerland\" \/>\n<meta name=\"twitter:label1\" content=\"Skrevet af\" \/>\n\t<meta name=\"twitter:data1\" content=\"Evelyne Stempfer\" \/>\n\t<meta name=\"twitter:label2\" content=\"Estimeret l\u00e6setid\" \/>\n\t<meta name=\"twitter:data2\" content=\"4 minutter\" \/>\n<script type=\"application\/ld+json\" class=\"yoast-schema-graph\">{\"@context\":\"https:\\\/\\\/schema.org\",\"@graph\":[{\"@type\":\"Article\",\"@id\":\"https:\\\/\\\/www.salzburgerland.com\\\/da\\\/skov-wellness-i-saalbach-hinterglemm\\\/#article\",\"isPartOf\":{\"@id\":\"https:\\\/\\\/www.salzburgerland.com\\\/da\\\/skov-wellness-i-saalbach-hinterglemm\\\/\"},\"author\":{\"name\":\"Evelyne Stempfer\",\"@id\":\"https:\\\/\\\/www.salzburgerland.com\\\/da\\\/#\\\/schema\\\/person\\\/24a683d1da9e64e98801bbe278c39b7b\"},\"headline\":\"Skov-wellness i Saalbach Hinterglemm\",\"datePublished\":\"2020-05-14T12:41:25+00:00\",\"dateModified\":\"2020-07-14T11:38:54+00:00\",\"mainEntityOfPage\":{\"@id\":\"https:\\\/\\\/www.salzburgerland.com\\\/da\\\/skov-wellness-i-saalbach-hinterglemm\\\/\"},\"wordCount\":862,\"image\":{\"@id\":\"https:\\\/\\\/www.salzburgerland.com\\\/da\\\/skov-wellness-i-saalbach-hinterglemm\\\/#primaryimage\"},\"thumbnailUrl\":\"https:\\\/\\\/www.salzburgerland.com\\\/da\\\/wp-content\\\/uploads\\\/2020\\\/05\\\/waldwellness-c-saalbach-com-daniel-roos-47-e1589459670865.jpg\",\"articleSection\":[\"Uncategorized\"],\"inLanguage\":\"da-DK\"},{\"@type\":\"WebPage\",\"@id\":\"https:\\\/\\\/www.salzburgerland.com\\\/da\\\/skov-wellness-i-saalbach-hinterglemm\\\/\",\"url\":\"https:\\\/\\\/www.salzburgerland.com\\\/da\\\/skov-wellness-i-saalbach-hinterglemm\\\/\",\"name\":\"Skov-wellness i Saalbach Hinterglemm \u00bb SalzburgerLand.com\",\"isPartOf\":{\"@id\":\"https:\\\/\\\/www.salzburgerland.com\\\/da\\\/#website\"},\"primaryImageOfPage\":{\"@id\":\"https:\\\/\\\/www.salzburgerland.com\\\/da\\\/skov-wellness-i-saalbach-hinterglemm\\\/#primaryimage\"},\"image\":{\"@id\":\"https:\\\/\\\/www.salzburgerland.com\\\/da\\\/skov-wellness-i-saalbach-hinterglemm\\\/#primaryimage\"},\"thumbnailUrl\":\"https:\\\/\\\/www.salzburgerland.com\\\/da\\\/wp-content\\\/uploads\\\/2020\\\/05\\\/waldwellness-c-saalbach-com-daniel-roos-47-e1589459670865.jpg\",\"datePublished\":\"2020-05-14T12:41:25+00:00\",\"dateModified\":\"2020-07-14T11:38:54+00:00\",\"author\":{\"@id\":\"https:\\\/\\\/www.salzburgerland.com\\\/da\\\/#\\\/schema\\\/person\\\/24a683d1da9e64e98801bbe278c39b7b\"},\"description\":\"Skoven har sin helt egen magi. Til hver en tid p\u00e5 dagen, til hver en \u00e5rstid, i hver slags vejr. Legeplads og hvilerum, skoven er begge dele. Pr\u00f8v det p\u00e5 den nye skov-wellnessvej p\u00e5 Reiterkogel i Hinterglemm.\",\"breadcrumb\":{\"@id\":\"https:\\\/\\\/www.salzburgerland.com\\\/da\\\/skov-wellness-i-saalbach-hinterglemm\\\/#breadcrumb\"},\"inLanguage\":\"da-DK\",\"potentialAction\":[{\"@type\":\"ReadAction\",\"target\":[\"https:\\\/\\\/www.salzburgerland.com\\\/da\\\/skov-wellness-i-saalbach-hinterglemm\\\/\"]}]},{\"@type\":\"ImageObject\",\"inLanguage\":\"da-DK\",\"@id\":\"https:\\\/\\\/www.salzburgerland.com\\\/da\\\/skov-wellness-i-saalbach-hinterglemm\\\/#primaryimage\",\"url\":\"https:\\\/\\\/www.salzburgerland.com\\\/da\\\/wp-content\\\/uploads\\\/2020\\\/05\\\/waldwellness-c-saalbach-com-daniel-roos-47-e1589459670865.jpg\",\"contentUrl\":\"https:\\\/\\\/www.salzburgerland.com\\\/da\\\/wp-content\\\/uploads\\\/2020\\\/05\\\/waldwellness-c-saalbach-com-daniel-roos-47-e1589459670865.jpg\",\"width\":1200,\"height\":732,\"caption\":\"(c) saalbach.com, Daniel Roos\"},{\"@type\":\"BreadcrumbList\",\"@id\":\"https:\\\/\\\/www.salzburgerland.com\\\/da\\\/skov-wellness-i-saalbach-hinterglemm\\\/#breadcrumb\",\"itemListElement\":[{\"@type\":\"ListItem\",\"position\":1,\"name\":\"SalzburgerLand\",\"item\":\"https:\\\/\\\/www.salzburgerland.com\\\/da\\\/lad-os-vaere-venner-for-livet\\\/\"},{\"@type\":\"ListItem\",\"position\":2,\"name\":\"Skov-wellness i Saalbach Hinterglemm\"}]},{\"@type\":\"WebSite\",\"@id\":\"https:\\\/\\\/www.salzburgerland.com\\\/da\\\/#website\",\"url\":\"https:\\\/\\\/www.salzburgerland.com\\\/da\\\/\",\"name\":\"SalzburgerLand.com\",\"description\":\"Din ferie i Salzburg, \u00d8strig\",\"potentialAction\":[{\"@type\":\"SearchAction\",\"target\":{\"@type\":\"EntryPoint\",\"urlTemplate\":\"https:\\\/\\\/www.salzburgerland.com\\\/da\\\/?s={search_term_string}\"},\"query-input\":{\"@type\":\"PropertyValueSpecification\",\"valueRequired\":true,\"valueName\":\"search_term_string\"}}],\"inLanguage\":\"da-DK\"},{\"@type\":\"Person\",\"@id\":\"https:\\\/\\\/www.salzburgerland.com\\\/da\\\/#\\\/schema\\\/person\\\/24a683d1da9e64e98801bbe278c39b7b\",\"name\":\"Evelyne Stempfer\",\"image\":{\"@type\":\"ImageObject\",\"inLanguage\":\"da-DK\",\"@id\":\"https:\\\/\\\/secure.gravatar.com\\\/avatar\\\/43eddea657b8531a7aa94a1920037a8f1b33608e99c4a296e389d3b47f26e683?s=96&d=mm&r=g\",\"url\":\"https:\\\/\\\/secure.gravatar.com\\\/avatar\\\/43eddea657b8531a7aa94a1920037a8f1b33608e99c4a296e389d3b47f26e683?s=96&d=mm&r=g\",\"contentUrl\":\"https:\\\/\\\/secure.gravatar.com\\\/avatar\\\/43eddea657b8531a7aa94a1920037a8f1b33608e99c4a296e389d3b47f26e683?s=96&d=mm&r=g\",\"caption\":\"Evelyne Stempfer\"}}]}<\/script>\n<meta property=\"og:video\" content=\"https:\/\/www.youtube.com\/embed\/S7G13qMxdmI\" \/>\n<meta property=\"og:video:type\" content=\"text\/html\" \/>\n<meta property=\"og:video:duration\" content=\"60\" \/>\n<meta property=\"og:video:width\" content=\"480\" \/>\n<meta property=\"og:video:height\" content=\"270\" \/>\n<meta property=\"ya:ovs:adult\" content=\"false\" \/>\n<meta property=\"ya:ovs:upload_date\" content=\"2020-05-14T12:41:25+00:00\" \/>\n<meta property=\"ya:ovs:allow_embed\" content=\"true\" \/>\n<!-- \/ Yoast SEO Premium plugin. -->","yoast_head_json":{"title":"Skov-wellness i Saalbach Hinterglemm \u00bb SalzburgerLand.com","robots":{"index":"index","follow":"follow","max-snippet":"max-snippet:-1","max-image-preview":"max-image-preview:large","max-video-preview":"max-video-preview:-1"},"canonical":"https:\/\/www.salzburgerland.com\/da\/skov-wellness-i-saalbach-hinterglemm\/","og_locale":"da_DK","og_type":"article","og_title":"Skov-wellness i Saalbach Hinterglemm","og_description":"M\u00e5ske er det nogle af de historiske erfaringer, der st\u00e5r bag Saalbach Hinterglemms store v\u00e6rds\u00e6ttelse af skoven og dens gaver. I pionertiden var tr\u00e6et det","og_url":"https:\/\/www.salzburgerland.com\/da\/skov-wellness-i-saalbach-hinterglemm\/","og_site_name":"SalzburgerLand.com","article_publisher":"https:\/\/www.facebook.com\/ferieisalzburgerland\/","article_published_time":"2020-05-14T12:41:25+00:00","article_modified_time":"2020-07-14T11:38:54+00:00","og_image":[{"width":1200,"height":675,"url":"https:\/\/www.salzburgerland.com\/da\/wp-content\/uploads\/2020\/05\/waldwellness-c-saalbach-com-daniel-roos-47-e1589459670865-1200x675.jpg","type":"image\/jpeg"}],"author":"Evelyne Stempfer","twitter_card":"summary_large_image","twitter_creator":"@salzburgerland","twitter_site":"@salzburgerland","twitter_misc":{"Skrevet af":"Evelyne Stempfer","Estimeret l\u00e6setid":"4 minutter"},"schema":{"@context":"https:\/\/schema.org","@graph":[{"@type":"Article","@id":"https:\/\/www.salzburgerland.com\/da\/skov-wellness-i-saalbach-hinterglemm\/#article","isPartOf":{"@id":"https:\/\/www.salzburgerland.com\/da\/skov-wellness-i-saalbach-hinterglemm\/"},"author":{"name":"Evelyne Stempfer","@id":"https:\/\/www.salzburgerland.com\/da\/#\/schema\/person\/24a683d1da9e64e98801bbe278c39b7b"},"headline":"Skov-wellness i Saalbach Hinterglemm","datePublished":"2020-05-14T12:41:25+00:00","dateModified":"2020-07-14T11:38:54+00:00","mainEntityOfPage":{"@id":"https:\/\/www.salzburgerland.com\/da\/skov-wellness-i-saalbach-hinterglemm\/"},"wordCount":862,"image":{"@id":"https:\/\/www.salzburgerland.com\/da\/skov-wellness-i-saalbach-hinterglemm\/#primaryimage"},"thumbnailUrl":"https:\/\/www.salzburgerland.com\/da\/wp-content\/uploads\/2020\/05\/waldwellness-c-saalbach-com-daniel-roos-47-e1589459670865.jpg","articleSection":["Uncategorized"],"inLanguage":"da-DK"},{"@type":"WebPage","@id":"https:\/\/www.salzburgerland.com\/da\/skov-wellness-i-saalbach-hinterglemm\/","url":"https:\/\/www.salzburgerland.com\/da\/skov-wellness-i-saalbach-hinterglemm\/","name":"Skov-wellness i Saalbach Hinterglemm \u00bb SalzburgerLand.com","isPartOf":{"@id":"https:\/\/www.salzburgerland.com\/da\/#website"},"primaryImageOfPage":{"@id":"https:\/\/www.salzburgerland.com\/da\/skov-wellness-i-saalbach-hinterglemm\/#primaryimage"},"image":{"@id":"https:\/\/www.salzburgerland.com\/da\/skov-wellness-i-saalbach-hinterglemm\/#primaryimage"},"thumbnailUrl":"https:\/\/www.salzburgerland.com\/da\/wp-content\/uploads\/2020\/05\/waldwellness-c-saalbach-com-daniel-roos-47-e1589459670865.jpg","datePublished":"2020-05-14T12:41:25+00:00","dateModified":"2020-07-14T11:38:54+00:00","author":{"@id":"https:\/\/www.salzburgerland.com\/da\/#\/schema\/person\/24a683d1da9e64e98801bbe278c39b7b"},"description":"Skoven har sin helt egen magi. Til hver en tid p\u00e5 dagen, til hver en \u00e5rstid, i hver slags vejr. Legeplads og hvilerum, skoven er begge dele. Pr\u00f8v det p\u00e5 den nye skov-wellnessvej p\u00e5 Reiterkogel i Hinterglemm.","breadcrumb":{"@id":"https:\/\/www.salzburgerland.com\/da\/skov-wellness-i-saalbach-hinterglemm\/#breadcrumb"},"inLanguage":"da-DK","potentialAction":[{"@type":"ReadAction","target":["https:\/\/www.salzburgerland.com\/da\/skov-wellness-i-saalbach-hinterglemm\/"]}]},{"@type":"ImageObject","inLanguage":"da-DK","@id":"https:\/\/www.salzburgerland.com\/da\/skov-wellness-i-saalbach-hinterglemm\/#primaryimage","url":"https:\/\/www.salzburgerland.com\/da\/wp-content\/uploads\/2020\/05\/waldwellness-c-saalbach-com-daniel-roos-47-e1589459670865.jpg","contentUrl":"https:\/\/www.salzburgerland.com\/da\/wp-content\/uploads\/2020\/05\/waldwellness-c-saalbach-com-daniel-roos-47-e1589459670865.jpg","width":1200,"height":732,"caption":"(c) saalbach.com, Daniel Roos"},{"@type":"BreadcrumbList","@id":"https:\/\/www.salzburgerland.com\/da\/skov-wellness-i-saalbach-hinterglemm\/#breadcrumb","itemListElement":[{"@type":"ListItem","position":1,"name":"SalzburgerLand","item":"https:\/\/www.salzburgerland.com\/da\/lad-os-vaere-venner-for-livet\/"},{"@type":"ListItem","position":2,"name":"Skov-wellness i Saalbach Hinterglemm"}]},{"@type":"WebSite","@id":"https:\/\/www.salzburgerland.com\/da\/#website","url":"https:\/\/www.salzburgerland.com\/da\/","name":"SalzburgerLand.com","description":"Din ferie i Salzburg, \u00d8strig","potentialAction":[{"@type":"SearchAction","target":{"@type":"EntryPoint","urlTemplate":"https:\/\/www.salzburgerland.com\/da\/?s={search_term_string}"},"query-input":{"@type":"PropertyValueSpecification","valueRequired":true,"valueName":"search_term_string"}}],"inLanguage":"da-DK"},{"@type":"Person","@id":"https:\/\/www.salzburgerland.com\/da\/#\/schema\/person\/24a683d1da9e64e98801bbe278c39b7b","name":"Evelyne Stempfer","image":{"@type":"ImageObject","inLanguage":"da-DK","@id":"https:\/\/secure.gravatar.com\/avatar\/43eddea657b8531a7aa94a1920037a8f1b33608e99c4a296e389d3b47f26e683?s=96&d=mm&r=g","url":"https:\/\/secure.gravatar.com\/avatar\/43eddea657b8531a7aa94a1920037a8f1b33608e99c4a296e389d3b47f26e683?s=96&d=mm&r=g","contentUrl":"https:\/\/secure.gravatar.com\/avatar\/43eddea657b8531a7aa94a1920037a8f1b33608e99c4a296e389d3b47f26e683?s=96&d=mm&r=g","caption":"Evelyne Stempfer"}}]},"og_video":"https:\/\/www.youtube.com\/embed\/S7G13qMxdmI","og_video_type":"text\/html","og_video_duration":"60","og_video_width":"480","og_video_height":"270","ya_ovs_adult":"false","ya_ovs_upload_date":"2020-05-14T12:41:25+00:00","ya_ovs_allow_embed":"true"},"_wl_alt_label":[],"wl:entity_url":"http:\/\/open.salzburgerland.com\/da\/post\/skov-wellness_i_saalbach_hinterglemm","_links":{"self":[{"href":"https:\/\/www.salzburgerland.com\/da\/wp-json\/wp\/v2\/posts\/2107","targetHints":{"allow":["GET"]}}],"collection":[{"href":"https:\/\/www.salzburgerland.com\/da\/wp-json\/wp\/v2\/posts"}],"about":[{"href":"https:\/\/www.salzburgerland.com\/da\/wp-json\/wp\/v2\/types\/post"}],"author":[{"embeddable":true,"href":"https:\/\/www.salzburgerland.com\/da\/wp-json\/wp\/v2\/users\/17"}],"replies":[{"embeddable":true,"href":"https:\/\/www.salzburgerland.com\/da\/wp-json\/wp\/v2\/comments?post=2107"}],"version-history":[{"count":5,"href":"https:\/\/www.salzburgerland.com\/da\/wp-json\/wp\/v2\/posts\/2107\/revisions"}],"predecessor-version":[{"id":2235,"href":"https:\/\/www.salzburgerland.com\/da\/wp-json\/wp\/v2\/posts\/2107\/revisions\/2235"}],"wp:featuredmedia":[{"embeddable":true,"href":"https:\/\/www.salzburgerland.com\/da\/wp-json\/wp\/v2\/media\/2108"}],"wp:attachment":[{"href":"https:\/\/www.salzburgerland.com\/da\/wp-json\/wp\/v2\/media?parent=2107"}],"wp:term":[{"taxonomy":"category","embeddable":true,"href":"https:\/\/www.salzburgerland.com\/da\/wp-json\/wp\/v2\/categories?post=2107"},{"taxonomy":"post_tag","embeddable":true,"href":"https:\/\/www.salzburgerland.com\/da\/wp-json\/wp\/v2\/tags?post=2107"},{"taxonomy":"wl_entity_type","embeddable":true,"href":"https:\/\/www.salzburgerland.com\/da\/wp-json\/wp\/v2\/wl_entity_type?post=2107"}],"curies":[{"name":"wp","href":"https:\/\/api.w.org\/{rel}","templated":true}]}}