{"id":228,"date":"2016-11-16T18:03:40","date_gmt":"2016-11-16T18:03:40","guid":{"rendered":"https:\/\/www.onebigpark.at\/cs\/?p=228"},"modified":"2023-04-03T12:56:17","modified_gmt":"2023-04-03T10:56:17","slug":"zazitkova-trasa-pro-priznivce-bylinek","status":"publish","type":"post","link":"https:\/\/www.salzburgerland.com\/cs\/zazitkova-trasa-pro-priznivce-bylinek\/","title":{"rendered":"Z\u00e1\u017eitkov\u00e1 trasa pro p\u0159\u00edznivce bylinek"},"content":{"rendered":"\n<p>Do bedekru Via Culinariase dostaly tak\u00e9 tipy na v\u00fdlet pro ty, kte\u0159\u00ed maj\u00ed r\u00e1di bylinky a cht\u011bj\u00ed se o nich dozv\u011bd\u011bt n\u011bco v\u00edc. Zelen\u00e9 vo\u0148av\u00e9 <span class=\"textannotation disambiguated wl-thing\" id=\"urn:enhancement-bd9f2f3b-762c-e341-76b4-dec126965b12\" itemid=\"http:\/\/open.salzburgerland.com\/cs\/entity\/rostlin\">rostliny<\/span> jsou toti\u017e v\u0161emocn\u00e9. L\u00e9\u010d\u00ed, posiluj\u00ed a chutnaj\u00ed. V\u00a0Salcbursku nav\u00edc hraj\u00ed od nepam\u011bti velmi d\u016fle\u017eitou roli. Proto nen\u00ed divu, \u017ee zde krom\u011b bylinkov\u00fdch zahrad na mnoha m\u00edstech vznikaj\u00ed tak\u00e9 hotely nebo restaurace, kter\u00e9 se specializuj\u00ed na jejich v\u0161emo\u017en\u00e9 vyu\u017eit\u00ed. Na seznamu Via Culinaria tak nesm\u00ed chyb\u011bt trasa pro p\u0159\u00edznivce bylinek. Obzvl\u00e1\u0161t\u011b zaj\u00edmav\u00e9 jsou v\u00fdpravy s pozn\u00e1v\u00e1n\u00edm rostlin. Lid\u00e9 se d\u00edky n\u00ed mohou dozv\u011bd\u011bt o \u00fa\u010dinc\u00edch l\u00e9\u010div\u00fdch rostlin a nau\u010dit se nap\u0159\u00edklad vyr\u00e1b\u011bt tinktury.<\/p>\n\n\n\n<body><figure class=\"wp-block-gallery has-nested-images columns-3 is-cropped wp-block-gallery-1 is-layout-flex wp-block-gallery-is-layout-flex\">\n<figure class=\"wp-block-image size-large\"><a href=\"https:\/\/cdn.salzburgerland.com\/cs\/wp-content\/uploads\/2016\/11\/rs3429_2016-08-04-slt-burglalm-meisis-reise-img_1189-scr.jpg\" class=\" lightbox\"><img decoding=\"async\" width=\"1100\" height=\"733\" data-id=\"149288\" src=\"https:\/\/cdn.salzburgerland.com\/cs\/wp-content\/uploads\/2016\/11\/rs3429_2016-08-04-slt-burglalm-meisis-reise-img_1189-scr.jpg\" alt=\"Kop\u0159ivy se sb\u00edraj\u00ed pro jejich cenn\u00e9 l\u00e9\u010debn\u00e9 vlastnosti. Mlad\u00e9 kop\u0159ivy se vyu\u017e\u00edvaj\u00ed nap\u0159\u00edklad p\u0159i detoxikaci organismu.\" class=\"wp-image-149288\" data-title=\"Kop\u0159iva je hojn\u011b vyu\u017e\u00edvan\u00e1 v p\u0159\u00edrodn\u00ed medic\u00edn\u011b \u00a9 SalzburgerLand Tourismus\" title=\"Kop\u0159iva je hojn\u011b vyu\u017e\u00edvan\u00e1 v p\u0159\u00edrodn\u00ed medic\u00edn\u011b \u00a9 SalzburgerLand Tourismus\" data-caption=\"Kop\u0159iva je hojn\u011b vyu\u017e\u00edvan\u00e1 v p\u0159\u00edrodn\u00ed medic\u00edn\u011b \u00a9 SalzburgerLand Tourismus\" srcset=\"https:\/\/www.salzburgerland.com\/cs\/wp-content\/uploads\/2016\/11\/rs3429_2016-08-04-slt-burglalm-meisis-reise-img_1189-scr.jpg 1100w, https:\/\/www.salzburgerland.com\/cs\/wp-content\/uploads\/2016\/11\/rs3429_2016-08-04-slt-burglalm-meisis-reise-img_1189-scr-768x512.jpg 768w\" sizes=\"(max-width: 1100px) 100vw, 1100px\"><\/a><figcaption class=\"wp-element-caption\">Kop\u0159iva je hojn\u011b vyu\u017e\u00edvan\u00e1 v p\u0159\u00edrodn\u00ed medic\u00edn\u011b \u00a9 SalzburgerLand Tourismus<\/figcaption><\/figure>\n\n\n\n<figure class=\"wp-block-image size-large\"><a href=\"https:\/\/cdn.salzburgerland.com\/cs\/wp-content\/uploads\/2016\/11\/rs755_kraeutergarten_3017-scr.jpg\" class=\" lightbox\"><img decoding=\"async\" width=\"1100\" height=\"734\" data-id=\"149286\" src=\"https:\/\/cdn.salzburgerland.com\/cs\/wp-content\/uploads\/2016\/11\/rs755_kraeutergarten_3017-scr.jpg\" alt=\"L\u00e9\u010divou s\u00edlu bylin znaj\u00ed lid\u00e9 v Salcbursku od nepam\u011bti. R\u00e1di dnes p\u0159ed\u00e1vaj\u00ed z\u00e1jemc\u016fm sv\u00e9 znalosti a zku\u0161enosti ze sv\u011bta tradi\u010dn\u00edho evropsk\u00e9ho lidov\u00e9ho l\u00e9\u010ditelstv\u00ed\" class=\"wp-image-149286\" data-title=\"\u010caj z bylinkov\u00e9 zahrady \u00a9 SalzburgerLand Tourismus\" title=\"\u010caj z bylinkov\u00e9 zahrady \u00a9 SalzburgerLand Tourismus\" data-caption=\"\u010caj z bylinkov\u00e9 zahrady \u00a9 SalzburgerLand Tourismus\" srcset=\"https:\/\/www.salzburgerland.com\/cs\/wp-content\/uploads\/2016\/11\/rs755_kraeutergarten_3017-scr.jpg 1100w, https:\/\/www.salzburgerland.com\/cs\/wp-content\/uploads\/2016\/11\/rs755_kraeutergarten_3017-scr-768x512.jpg 768w\" sizes=\"(max-width: 1100px) 100vw, 1100px\"><\/a><figcaption class=\"wp-element-caption\">\u010caj z bylinkov\u00e9 zahrady \u00a9 SalzburgerLand Tourismus<\/figcaption><\/figure>\n\n\n\n<figure class=\"wp-block-image size-large\"><a href=\"https:\/\/cdn.salzburgerland.com\/cs\/wp-content\/uploads\/2016\/11\/rs2637_salzburgerland-21-scr.jpg\" class=\" lightbox\"><img decoding=\"async\" width=\"1100\" height=\"733\" data-id=\"149287\" src=\"https:\/\/cdn.salzburgerland.com\/cs\/wp-content\/uploads\/2016\/11\/rs2637_salzburgerland-21-scr.jpg\" alt=\"\" class=\"wp-image-149287\" data-title=\"Tradi\u010dn\u00ed evropsk\u00e1 medic\u00edna \u00a9 SalzburgerLand Tourismus\" title=\"Tradi\u010dn\u00ed evropsk\u00e1 medic\u00edna \u00a9 SalzburgerLand Tourismus\" data-caption=\"Tradi\u010dn\u00ed evropsk\u00e1 medic\u00edna \u00a9 SalzburgerLand Tourismus\" srcset=\"https:\/\/www.salzburgerland.com\/cs\/wp-content\/uploads\/2016\/11\/rs2637_salzburgerland-21-scr.jpg 1100w, https:\/\/www.salzburgerland.com\/cs\/wp-content\/uploads\/2016\/11\/rs2637_salzburgerland-21-scr-768x512.jpg 768w\" sizes=\"(max-width: 1100px) 100vw, 1100px\"><\/a><figcaption class=\"wp-element-caption\">Tradi\u010dn\u00ed evropsk\u00e1 medic\u00edna \u00a9 SalzburgerLand Tourismus<\/figcaption><\/figure>\n<\/figure>\n\n\n\n\n<h3 class=\"wp-block-heading\" id=\"h-experti-na-prirodni-bohatstvi\">Experti na p\u0159\u00edrodn\u00ed bohatstv\u00ed<\/h3>\n\n\n\n<p>Br\u0161lice je jarn\u00ed <span class=\"textannotation disambiguated wl-thing\" id=\"urn:enhancement-4fbebf23-90c3-bcf5-2039-1687d46e302a\" itemid=\"http:\/\/open.salzburgerland.com\/cs\/entity\/bylina\">bylinka<\/span>, kter\u00e1 obsahuje mnoho vitam\u00ednu C, ale tak\u00e9 \u017eeleza a manganu. Je ide\u00e1ln\u00ed pro podporu metabolismu. Jako l\u00e9\u010div\u00e1 bylina je velmi cen\u011bn nap\u0159\u00edklad i tu\u017eebn\u00edk jilmov\u00fd, p\u016fsob\u00edc\u00ed jako p\u0159\u00edrodn\u00ed aspirin. A tymi\u00e1n je zase skv\u011bl\u00fdm ochucovadlem v\u00a0kuchyni, ulevuje nap\u0159\u00edklad ale tak\u00e9 p\u0159i probl\u00e9mech se \u017ealudkem. Krom\u011b toho prosp\u00edv\u00e1 krevn\u00edmu ob\u011bhu. V\u011bdomosti o bylink\u00e1ch jsou opravdov\u00fdm pokladem. Kter\u00e1 rostlina kdy <span class=\"textannotation disambiguated wl-thing\" id=\"urn:enhancement-e03c8612-a7fa-f130-29ea-4aa3511c9657\" itemid=\"http:\/\/open.salzburgerland.com\/cs\/entity\/kvete\">kvete<\/span>, co se z\u00a0n\u00ed zpracov\u00e1v\u00e1 a jak, to V\u00e1m r\u00e1di prozrad\u00ed na\u0161i experti a expertky na l\u00e9\u010div\u00e9 bylinky.<\/p>\n\n\n\n<p>V\u00a0Salcbursku dokonce p\u016fsob\u00ed spolek Tradi\u010dn\u00edho evropsk\u00e9ho l\u00e9\u010ditelstv\u00ed, kter\u00fd po\u0159\u00e1d\u00e1 nejr\u016fzn\u011bj\u0161\u00ed workshopy, semin\u00e1\u0159e a p\u0159edn\u00e1\u0161ky na t\u00e9ma l\u00e9\u010div\u00fdch bylin. Kdo m\u00e1 tedy chu\u0165, m\u016f\u017ee si zpest\u0159it putov\u00e1n\u00ed po trase provon\u011bn\u00e9 bylinkami a dozv\u011bd\u011bt se mnoho zaj\u00edmav\u00fdch informac\u00ed.<\/p>\n\n\n\n<p>Salcbur\u0161t\u00ed specialist\u00e9 na byliny dokonale v\u011bd\u00ed, kter\u00e1 rostlina se kdy sb\u00edr\u00e1 a jak se zpracov\u00e1v\u00e1. Recepty na l\u00e9\u010div\u00e9 esence, tinktury a odvary jsou tady p\u0159ed\u00e1v\u00e1ny z generace na generaci. Skute\u010dn\u00ed milovn\u00edci bylin a ti, kte\u0159\u00ed se jimi cht\u011bj\u00ed st\u00e1t se mohou nau\u010dit mnoho zaj\u00edmav\u00fdch v\u011bc\u00ed o jejich l\u00e9\u010debn\u00fdch \u00fa\u010dinc\u00edch a v\u0161estrann\u00e9m vyu\u017eit\u00ed. Poznatk\u016fm o l\u00e9\u010div\u00fdch bylin\u00e1ch je v\u011bnovan\u00e1 z\u00e1\u017eitkov\u00e1 trasa s 18 adresami, v\u010detn\u011b alpsk\u00fdch pastvin, farem, bylinn\u00fdch a kl\u00e1\u0161tern\u00edch zahrad.<\/p>\n\n\n\n<figure class=\"wp-block-gallery has-nested-images columns-3 is-cropped wp-block-gallery-2 is-layout-flex wp-block-gallery-is-layout-flex\">\n<figure class=\"wp-block-image size-large\"><a href=\"https:\/\/cdn.salzburgerland.com\/cs\/wp-content\/uploads\/2016\/11\/rs2710_kraeutergarten_02_4003-scr.jpg\" class=\" lightbox\"><img decoding=\"async\" width=\"1100\" height=\"733\" data-id=\"149283\" src=\"https:\/\/cdn.salzburgerland.com\/cs\/wp-content\/uploads\/2016\/11\/rs2710_kraeutergarten_02_4003-scr.jpg\" alt=\"\" class=\"wp-image-149283\" data-title=\"Bylinkov\u00e1 zahrada v Hollersbachu \u00a9 SalzburgerLand Tourismus\" title=\"Bylinkov\u00e1 zahrada v Hollersbachu \u00a9 SalzburgerLand Tourismus\" data-caption=\"Bylinkov\u00e1 zahrada v Hollersbachu \u00a9 SalzburgerLand Tourismus\" srcset=\"https:\/\/www.salzburgerland.com\/cs\/wp-content\/uploads\/2016\/11\/rs2710_kraeutergarten_02_4003-scr.jpg 1100w, https:\/\/www.salzburgerland.com\/cs\/wp-content\/uploads\/2016\/11\/rs2710_kraeutergarten_02_4003-scr-768x512.jpg 768w\" sizes=\"(max-width: 1100px) 100vw, 1100px\"><\/a><figcaption class=\"wp-element-caption\">Bylinkov\u00e1 zahrada v Hollersbachu \u00a9 SalzburgerLand Tourismus<\/figcaption><\/figure>\n\n\n\n<figure class=\"wp-block-image size-large\"><a href=\"https:\/\/cdn.salzburgerland.com\/cs\/wp-content\/uploads\/2016\/11\/rs2711_kraeutergarten_03_3893-scr.jpg\" class=\" lightbox\"><img decoding=\"async\" width=\"1100\" height=\"733\" data-id=\"149284\" src=\"https:\/\/cdn.salzburgerland.com\/cs\/wp-content\/uploads\/2016\/11\/rs2711_kraeutergarten_03_3893-scr.jpg\" alt=\"\" class=\"wp-image-149284\" data-title=\"Exkurze s odbornic\u00ed na l\u00e9\u010div\u00e9 rostliny \u00a9 SalzburgerLand Tourismus\" title=\"Exkurze s odbornic\u00ed na l\u00e9\u010div\u00e9 rostliny \u00a9 SalzburgerLand Tourismus\" data-caption=\"Exkurze s odbornic\u00ed na l\u00e9\u010div\u00e9 rostliny \u00a9 SalzburgerLand Tourismus\" srcset=\"https:\/\/www.salzburgerland.com\/cs\/wp-content\/uploads\/2016\/11\/rs2711_kraeutergarten_03_3893-scr.jpg 1100w, https:\/\/www.salzburgerland.com\/cs\/wp-content\/uploads\/2016\/11\/rs2711_kraeutergarten_03_3893-scr-768x512.jpg 768w\" sizes=\"(max-width: 1100px) 100vw, 1100px\"><\/a><figcaption class=\"wp-element-caption\">Exkurze s odbornic\u00ed na l\u00e9\u010div\u00e9 rostliny \u00a9 SalzburgerLand Tourismus<\/figcaption><\/figure>\n\n\n\n<figure class=\"wp-block-image size-large\"><a href=\"https:\/\/cdn.salzburgerland.com\/cs\/wp-content\/uploads\/2016\/11\/rs3022_kraeutergarten_02_3965-scr.jpg\" class=\" lightbox\"><img decoding=\"async\" width=\"1100\" height=\"733\" data-id=\"149285\" src=\"https:\/\/cdn.salzburgerland.com\/cs\/wp-content\/uploads\/2016\/11\/rs3022_kraeutergarten_02_3965-scr.jpg\" alt=\"\" class=\"wp-image-149285\" data-title=\"Kv\u011btinov\u00e9 zahrady nab\u00edzej\u00ed p\u0159\u00edjemn\u00e9 zpest\u0159en\u00ed v\u00fdletu \u00a9 SalzburgerLand Tourismus\" title=\"Kv\u011btinov\u00e9 zahrady nab\u00edzej\u00ed p\u0159\u00edjemn\u00e9 zpest\u0159en\u00ed v\u00fdletu \u00a9 SalzburgerLand Tourismus\" data-caption=\"Kv\u011btinov\u00e9 zahrady nab\u00edzej\u00ed p\u0159\u00edjemn\u00e9 zpest\u0159en\u00ed v\u00fdletu \u00a9 SalzburgerLand Tourismus\" srcset=\"https:\/\/www.salzburgerland.com\/cs\/wp-content\/uploads\/2016\/11\/rs3022_kraeutergarten_02_3965-scr.jpg 1100w, https:\/\/www.salzburgerland.com\/cs\/wp-content\/uploads\/2016\/11\/rs3022_kraeutergarten_02_3965-scr-768x512.jpg 768w\" sizes=\"(max-width: 1100px) 100vw, 1100px\"><\/a><figcaption class=\"wp-element-caption\">Kv\u011btinov\u00e9 zahrady nab\u00edzej\u00ed p\u0159\u00edjemn\u00e9 zpest\u0159en\u00ed v\u00fdletu \u00a9 SalzburgerLand Tourismus<\/figcaption><\/figure>\n<\/figure>\n\n\n\n\n<h3 class=\"wp-block-heading\" id=\"h-cestovani-s-pruvodcem-via-culinaria\">Cestov\u00e1n\u00ed s pr\u016fvodcem Via Culinaria<\/h3>\n\n\n\n<p>Krom\u011b toho nejnov\u011bj\u0161\u00ed vyd\u00e1n\u00ed gastronomick\u00e9ho pr\u016fvodce \u201eVia Culinaria\u201c obsahuje dal\u0161\u00ed stezky pro milovn\u00edky ryb, masa, s\u00fdra, piva, p\u00e1lenky, sladkost\u00ed, trasy pro gurm\u00e1ny, p\u0159\u00edznivce bio potravin a pro ty, kte\u0159\u00ed si r\u00e1di posed\u00ed na chalup\u00e1ch nebo v tradi\u010dn\u00edch salcbursk\u00fdch hostinc\u00edch. Na 220 str\u00e1nk\u00e1ch je v\u00fdb\u011br t\u011bch nejlep\u0161\u00edch 330 adres v cel\u00e9m Salcbursku. V\u0161echny podniky a m\u00edsta \u201eVia Culinaria\u201c jsou pe\u010dliv\u011b vyb\u00edr\u00e1ny podle objektivn\u00edch krit\u00e9ri\u00ed a spl\u0148uj\u00ed vysok\u00e9 standardy kvality.<\/p>\n\n\n\n<p>Bylinky nejsou jen obohacen\u00edm kuchyn\u011b, jsou prosp\u011b\u0161n\u00e9 tak\u00e9 pro t\u011blo i ducha. Na workshopech a mnoha zaj\u00edmav\u00fdch m\u00edstech se n\u00e1v\u0161t\u011bvn\u00edci mohou dozv\u011bd\u011bt o v\u00fdsadb\u011b, sb\u011bru a zpracov\u00e1v\u00e1n\u00ed divok\u00fdch bylin. Salcbursk\u00e9 zahrady jsou pln\u00e9 magick\u00fdch tajemstv\u00ed a prozrazuj\u00ed mnoho o zdej\u0161\u00edch tradic\u00edch. Ka\u017ed\u00fd, kdo se vyd\u00e1 na Z\u00e1\u017eitkovou trasu pro milovn\u00edky bylinek, pozn\u00e1 p\u0159\u00edb\u011bh ka\u017ed\u00e9, i t\u00e9 nejmen\u0161\u00ed rostlinky. D\u00edky odborn\u00edk\u016fm se dozv\u00edte \u00fa\u017easn\u00e9 v\u011bci. O p\u0159\u00edrod\u011b, o jej\u00edch pokladech a mo\u017en\u00e1 tak\u00e9 o sob\u011b.<\/p>\n\n\n\n<figure class=\"wp-block-image alignnone wp-image-149290 size-1170_658\"><img decoding=\"async\" width=\"1100\" height=\"658\" src=\"https:\/\/cdn.salzburgerland.com\/cs\/wp-content\/uploads\/2016\/11\/rs3974_2020-08-26-sltg-strobl-pauline-laufen-yoga-by-michael-groessinger-_a2a4275-bearbeitet-scr-1100x658.jpg\" alt=\"\" class=\"wp-image-149290\"><figcaption class=\"wp-element-caption\">Zdrav\u00ed z alpsk\u00e9 p\u0159\u00edrody \u00a9 SalzburgerLand Tourismus<\/figcaption><\/figure>\n\n\n\n<h3 class=\"wp-block-heading\" id=\"h-v-hlavni-roli-bylinky\">V hlavn\u00ed roli bylinky<\/h3>\n\n\n\n<p>Bylinn\u00e1 farma <strong>Kr\u00e4uterhof Lutzbauer<\/strong> p\u016fsob\u00ed v Unkenu ji\u017e od roku 2000. Bio farm\u00e1\u0159i a \u010dlenov\u00e9 spolku \u201eBIO-Austria\u201c jsou tak\u00e9 sou\u010d\u00e1st\u00ed asociace <a href=\"https:\/\/www.salzburgerland.com\/cs\/lecitelstvi-a-byliny-tradicni-evropske-lecitelstvi-teh\/\">TEH \u201etradi\u010dn\u00ed evropsk\u00e9 medic\u00edny\u201c<\/a>. Krom\u011b zem\u011bd\u011blstv\u00ed se rodina Haiderov\u00fdch zab\u00fdv\u00e1 tak\u00e9 p\u011bstov\u00e1n\u00edm a zpracov\u00e1v\u00e1n\u00edm m\u00edstn\u00edch l\u00e9\u010div\u00fdch bylin. Mo\u017en\u00e9 jsou zde prohl\u00eddky <strong>bylinkov\u00e9 zahrady<\/strong> s pr\u016fvodcem. Exkurze je 1,5kilometrov\u00fdm okruhem a zaj\u00edmavou zast\u00e1vkou je na cest\u011b takzvan\u00e1 \u201e\u010darod\u011bjn\u00e1 zahr\u00e1dka\u201c kde roste nap\u0159\u00edklad legendami op\u0159eden\u00e1 mandragora, ale tak\u00e9 dal\u0161\u00ed sou\u010d\u00e1sti \u010darod\u011bjn\u00e9 masti. V bylin\u00e1\u0159stv\u00ed je k zakoupen\u00ed mnoho produkt\u016f a l\u00e9\u010div\u00fdch p\u0159\u00edpravk\u016f.<\/p>\n\n\n\n<p class=\"has-medium-font-size\"><strong>Tradi\u010dn\u00ed evropsk\u00e1 medic\u00edna<\/strong><\/p>\n\n\n\n<p><strong>Star\u00e9 l\u00e9\u010debn\u00e9 metody<\/strong> tradovan\u00e9 a p\u0159ed\u00e1van\u00e9 z\u00a0generace na generaci v\u00a0regionu Pinzgau o\u017e\u00edvaj\u00ed ve <a href=\"https:\/\/www.teh.at\/\" target=\"_blank\" rel=\"noopener\"><strong>sdru\u017een\u00ed TEH<\/strong><\/a> (Traditionelle Europ\u00e4ische Heilkunde) Tradi\u010dn\u00ed evropsk\u00e9 medic\u00edny. V\u00a0roce 2010 se dostalo na seznam UNESCO jako \u201enehmotn\u00e9 kulturn\u00ed d\u011bdictv\u00ed\u201c. N\u011bkdy se \u0159\u00edk\u00e1 \u017ee TEH je jako <strong>alpsk\u00e1 \u00c1jurv\u00e9da<\/strong>. Ve spolupr\u00e1ci s\u00a0lok\u00e1ln\u00edmi podniky a farmami rozv\u00edj\u00ed tato spole\u010dnost inovativn\u00ed produkty a programy, jako nap\u0159\u00edklad t\u00fary za l\u00e9\u010div\u00fdmi rostlinami nebo bylinkov\u00e9 workshopy a semin\u00e1\u0159e.<\/p>\n\n\n\n<p>\u010clov\u011bk se nau\u010d\u00ed p\u0159ipravovat<a href=\"https:\/\/www.salzburgerland.com\/cs\/salcbursky-saalachtal-bylinky\/\"> bylinn\u00e9 masti<\/a>, tinktury, \u010daje nebo vonn\u00e9 sm\u011bsi pro nejr\u016fzn\u011bj\u0161\u00ed vyu\u017eit\u00ed. S\u00eddlo TEH s kr\u00e1sn\u00fdm <a href=\"https:\/\/www.teh.at\/teh-naturwerke\/naturwerke-unken\/\" target=\"_blank\" rel=\"noopener\">obchodem<\/a>, kde si m\u016f\u017eete nakoupit farm\u00e1\u0159sk\u00e9 a region\u00e1ln\u00ed produkty najdete v\u00a0Unkenu v budov\u011b b\u00fdval\u00e9ho celn\u00edho \u00fa\u0159adu. \u00a0Celkem m\u00e1 sdru\u017een\u00ed 50 spolupracuj\u00edc\u00edch partner\u016f a v\u00a0Salcbursku je 15 prohl\u00eddkov\u00fdch zahrad TEH.<\/p>\n\n\n\n<p><strong>Kulin\u00e1\u0159sk\u00fd tip:<\/strong> Pravd\u011bpodobn\u011b nejzn\u00e1m\u011bj\u0161\u00ed \u017eenou, kter\u00e1 se v\u00a0Salcbursku v\u011bnuje TEH je <strong>\u0161\u00e9fkucha\u0159ka<\/strong> <a href=\"http:\/\/www.johannamaier.at\" target=\"_blank\" rel=\"noopener\">Johanna Maier<\/a> z\u00a0Filzmoosu, kter\u00e1 vyu\u017e\u00edv\u00e1 bylinky ve sv\u00fdch kulin\u00e1\u0159sk\u00fdch kompozic\u00edch.<\/p>\n\n\n\n<figure class=\"wp-block-image alignnone wp-image-149291 size-1170_658\"><img decoding=\"async\" width=\"1100\" height=\"658\" src=\"https:\/\/cdn.salzburgerland.com\/cs\/wp-content\/uploads\/2016\/11\/rs3426_2016-08-04-slt-burglalm-meisis-reise-img_1065-scr-1100x658.jpg\" alt=\"\" class=\"wp-image-149291\"><figcaption class=\"wp-element-caption\">Bylinkov\u00e1 o\u00e1za B\u00fcrglalm \u00a9 SalzburgerLand Tourismus, Michael Groessinger<\/figcaption><\/figure>\n\n\n\n<h3 class=\"wp-block-heading\" id=\"h-poznavani-a-ochutnavani\">Pozn\u00e1v\u00e1n\u00ed a ochutn\u00e1v\u00e1n\u00ed<\/h3>\n\n\n\n<p><a href=\"http:\/\/www.kraeutergarten-hoadabauer.at\/\" target=\"_blank\" rel=\"noopener\"><strong>Kr\u00e4utergarten Hoadabauer<\/strong><\/a>. O\u00e1za s\u00a0vo\u0148av\u00fdm pavilonem a dom\u00e1c\u00ed bf-463d-9b95-90f108a08a65\u2033 class=\u201ctextannotation\u201c&gt;p\u0159\u00edrodn\u00ed l\u00e9k\u00e1rna. Certifikovan\u00e9 <span id=\"ann&lt;\/span&gt;otation-a8a871f4-0999-4b4b-b923-79cabfc7ea0e\u201c class=\u201ctextannotation\u201c&gt;TEH&lt;\/span&gt; &lt;strong&gt;bylinn\u00e9 zahrady&lt;\/strong&gt; a horsk\u00e1 farma Eriky Schwab-R\u00f6ck V\u00e1s p\u0159iv\u00edt\u00e1 na mimo\u0159\u00e1dn\u011b slune\u010dn\u00e9m m\u00edst\u011b v\u00a0Embachu, v jedn\u00e9 z\u00a0nejv\u011bt\u0161\u00edch farm\u00e1\u0159sk\u00fdch vesnic v\u00a0Salcbursku. Okouzluj\u00edc\u00ed zahrada je tematicky zam\u011b\u0159en\u00e1 (vnit\u0159n\u00ed klid, nervov\u00e1 soustava atd.) a zahrnuje &lt;strong&gt;150 bylinek&lt;\/strong&gt;, rostlin a ke\u0159\u016f, kter\u00e9 \u010dlov\u011bk m\u016f\u017ee s\u00e1m objevovat. B\u011bhem exkurz\u00ed TEH specialistky z\u00e1jemc\u016fm p\u0159ibl\u00ed\u017e\u00ed tajemstv\u00ed plan\u011b rostouc\u00edch a l\u00e9\u010div\u00fdch rostlin. Na statku si m\u016f\u017eete zakoupit dom\u00e1c\u00ed produkty jako &lt;strong&gt;tinktury, l\u00e9\u010div\u00e9 masti, \u010daje&lt;\/strong&gt; a mnoho dal\u0161\u00edho.&lt;\/p&gt;\n\n\n\n&lt;h3 class=\" wp-block-heading>Zdrav\u00ed z p\u0159\u00edrody\n\n\n\n<p><strong>Zaunerh\u00fctt<\/strong><strong>e v\u00a0parku Riedingtal, Zederhaus. <\/strong>Bio <strong>sva\u010dina na sala\u0161i<\/strong> po zdol\u00e1v\u00e1n\u00ed hor a divotvorn\u00e1 medic\u00edna. V\u00a0Lungausk\u00e9m p\u0159\u00edrodn\u00edm parku Riedingtal v\u00a0nadmo\u0159sk\u00e9 v\u00fd\u0161ce 1733 metr\u016f hospoda\u0159\u00ed rodina Kremserov\u00fdch na \u00fatuln\u00e9 horsk\u00e9 sala\u0161i. Turist\u00e9 se tady mohou posilnit poctivou sala\u0161nickou sva\u010dinou, p\u0159i kter\u00e9 se serv\u00edruj\u00ed v\u00fdrobky z\u00a0vlastn\u00edho bio hospod\u00e1\u0159stv\u00ed. Nesm\u00ed chyb\u011bt dom\u00e1c\u00ed chl\u00e9b z\u00a0pece na d\u0159evo, m\u00e1slo, uzen\u00fd \u0161pek, uzen\u00e9 hov\u011bz\u00ed nebo <strong>bylinkov\u00fd s\u00fdr<\/strong>.<\/p>\n\n\n\n<figure class=\"wp-block-image alignnone wp-image-149292 size-1170_658\"><img decoding=\"async\" width=\"1100\" height=\"658\" src=\"https:\/\/cdn.salzburgerland.com\/cs\/wp-content\/uploads\/2016\/11\/rs778_s_h_521-scr-1100x658.jpg\" alt=\"\" class=\"wp-image-149292\"><figcaption class=\"wp-element-caption\">Bylinkov\u00fd s\u00fdr \u00a9 SalzburgerLand Tourismus,<\/figcaption><\/figure>\n\n\n\n<p>Hostinsk\u00e1 a bylinkov\u00e1 v\u00edla Heidi Kremser kouzl\u00ed v\u00a0kuchyni s\u00a0nejr\u016fzn\u011bj\u0161\u00edmi bylinkami a dovede p\u0159ipravit \u00fa\u017easn\u00e9 \u010daje nebo l\u00e9\u010div\u00e9 masti s\u00a0<strong>jitrocelem<\/strong> nebo <strong>v\u0161edobrem horsk\u00fdm<\/strong>. Jeho oddenku se \u0159\u00edk\u00e1 \u201emistr\u016fv ko\u0159en\u201c nebo tak\u00e9\u00a0\u201eruka sv. Jana\u201c. V\u00a0p\u0159\u00edrodn\u00ed medic\u00edn\u011b je vyu\u017e\u00edv\u00e1n pro p\u0159\u00edpravu\u00a0mast\u00ed, z\u00e1syp\u016f nebo tinktur. Je velice aromatick\u00fd a ve st\u0159edov\u011bku byl pova\u017eov\u00e1n jako univerz\u00e1ln\u00ed <strong>v\u0161el\u00e9k<\/strong>. P\u0159ipisovaly se mu <strong>magick\u00e9 \u00fa\u010dinky<\/strong>.<\/p>\n\n\n\n<p><strong><a href=\"https:\/\/www.faistenauer-hofkaeserei.at\/Hofladen\/hofladen.htm\" target=\"_blank\" rel=\"noopener\">Oberhinteregger\u2019s Erlebnisbauernhof<\/a> ve Faistenau <\/strong>je statek o kter\u00fd se star\u00e1 rodina Klaushoferov\u00fdch. V\u00a0budov\u011b b\u00fdval\u00e9 pily vznikaj\u00ed nejr\u016fzn\u011bj\u0161\u00ed lah\u016fdky v\u010detn\u011b celozrnn\u00e9ho \u0161paldov\u00e9ho chleba, kv\u00e1skov\u00e9ho chleba, kv\u011btov\u00e9ho a lesn\u00edho medu. Obl\u00edben\u00fdm j\u00eddlem je s\u00fdr nalo\u017een\u00fd ve kvalitn\u00edm slune\u010dnicov\u00e9m oleji nebo s\u00fdrov\u00e1 rol\u00e1da. Faistenauersk\u00fd s\u00fdr ji\u017e z\u00edskal mnoho medail\u00ed. Ud\u00ed se zde slanina, klob\u00e1sy, ryby a k\u00a0osv\u011b\u017een\u00ed se pod\u00e1vaj\u00ed p\u0159\u00edrodn\u00ed \u0161\u0165\u00e1vy a <strong>bylinkov\u00e9 sirupy<\/strong> (z ingredienc\u00ed z\u00a0vlastn\u00ed zahrady). J\u00eddlo si host\u00e9 vychutnaj\u00ed na proslun\u011bn\u00e9 terase nebo v \u201eKathis Blumencaf\u00e9\u201c, kde stoj\u00ed za ochutn\u00e1n\u00ed dom\u00e1c\u00ed <strong>farm\u00e1\u0159sk\u00e1 zmrzlina<\/strong> nebo kol\u00e1\u010de.<\/p>\n\n\n\n<p>Chcete se dozv\u011bd\u011bt v\u00edce o nejzaj\u00edmav\u011bj\u0161\u00edch a nejvo\u0148av\u011bj\u0161\u00edch bylinkov\u00fdch adres\u00e1ch v Salcbursku? <a href=\"https:\/\/www.salzburgerland.com\/cs\/shop\/via-culinaria-genuss-guide\" target=\"_blank\" rel=\"noopener noreferrer\">Objednejte<\/a> si nyn\u00ed zdarma pr\u016fvodce Via Culinaria (v n\u011bm\u010din\u011b) se v\u0161emi z\u00e1\u017eitkov\u00fdmi trasami a bli\u017e\u0161\u00edmi informacemi.<\/p>\n\n\n    <div id=\"tosc5-container\"><\/div>\r\n    <script>\r\n        window.dw = window.dw || function () {\r\n            (dw.q = dw.q || []).push(arguments)\r\n        };\r\n    <\/script>\r\n    <script>\r\n        let dwSettings = {\"lang\":\"cs\",\"target\":\"tosc5-container\",\"allowScrollOnApplicationStart\":false,\"profileOverrides\":[\"general.navigation.visible=false\",\"general.toolbar.visible=false\",\"general.header.visible=false\",\"infrastructures.list.items.showOpenTimeBadge=false\",\"infrastructures.list.items.itemsPerPage=12\",\"infrastructures.list.filter.holidayTheme.visible=false\",\"infrastructures.list.filter.name.visible=true\",\"infrastructures.list.filter.openingTime.visible=true\",\"infrastructures.list.filter.type.visible=true\",\"infrastructures.list.filter.topics.visible=true\",\"infrastructures.list.filter.location.visible=true\",\"infrastructures.list.filter.name.order=0\",\"infrastructures.list.filter.openingTime.order=1\",\"infrastructures.list.filter.type.order=2\",\"infrastructures.list.filter.topics.order=3\",\"infrastructures.list.filter.location.order=4\",\"general.navigation.items[5].pageTitle={\\\"singularShort\\\":[{\\\"lang\\\":\\\"en\\\",\\\"value\\\":\\\"{0} Via Culinaria \\\"},{\\\"lang\\\":\\\"de\\\",\\\"value\\\":\\\"{0} Via Culinaria Betrieb\\\"}],\\\"pluralShort\\\":[{\\\"lang\\\":\\\"en\\\",\\\"value\\\":\\\"{0} Via Culinaria\\\"},{\\\"lang\\\":\\\"de\\\",\\\"value\\\":\\\"{0} Via Culinaria Betriebe\\\"}],\\\"singularLong\\\":[{\\\"lang\\\":\\\"en\\\",\\\"value\\\":\\\"{0} Via Culinaria\\\"},{\\\"lang\\\":\\\"de\\\",\\\"value\\\":\\\"{0} Via Culinaria Betrieb\\\"}],\\\"pluralLong\\\":[{\\\"lang\\\":\\\"en\\\",\\\"value\\\":\\\"{0} Via Culinaria\\\"},{\\\"lang\\\":\\\"de\\\",\\\"value\\\":\\\"{0} Via Culinaria Betriebe\\\"}]}\"],\"localStorageId\":\"7accbaa75cdebfa171a499a8cced0bdd\",\"context\":{\"urlOptionalParams\":\"limINFOSYSTEMTHEME=f0273a8b-3535-4ecd-9016-b1b4d4ba2e6c\",\"targetRoute\":[\"\\\/pois\"]},\"baseHref\":\"\\\/cs\\\/zazitkova-trasa-pro-priznivce-bylinek\\\/\",\"styleResources\":[\"https:\\\/\\\/www.salzburgerland.com\\\/de\\\/wp-content\\\/themes\\\/slt\\\/assets\\\/css\\\/tosc5.min.css?v1\"]};\r\n        const targetRoute = '\/pois';\r\n        const dwBasePaths = [\r\n            dwSettings.baseHref\r\n        ];\r\n        const targetRoutes = dwSettings.context.targetRoute;\r\n        for(let targetRouteIndex in targetRoutes) {\r\n            dwBasePaths.push(dwSettings.baseHref.replace(\/\\\/$\/, '') + targetRoutes[targetRouteIndex]);\r\n        }\r\n        const loadDeskline = function () {\r\n            var s = document.createElement('script');\r\n            s.type = 'text\/javascript';\r\n            s.src = 'https:\/\/resc.deskline.net\/DW5\/start\/SLTG\/022545a7-896e-4e05-b683-0ff66e7e1d32\/index.js';\r\n            s.async = true;\r\n            document.head.appendChild(s);\r\n        };\r\n        const scrollToContainer = function() {\r\n            const container = document.getElementById('tosc5-container');\r\n            const topPos = container.getBoundingClientRect().top + window.pageYOffset;\r\n            const scrollToPos = topPos - 120;\r\n            window.console.log('scrollTo '+scrollToPos);\r\n            window.scrollTo({ top: scrollToPos, behavior: 'smooth' });\r\n        };\r\n        const isJSON = function(str) {\r\n            try {\r\n                JSON.stringify(JSON.parse(str));\r\n                return true;\r\n            } catch (e) {\r\n                return false;\r\n            }\r\n        }\r\n        const getSlcAffiliateId = function() {\r\n            const itemStr = window.localStorage.getItem('slcAffiliateId');\r\n            if (!itemStr) {\r\n                return null;\r\n            }\r\n            if(isJSON(itemStr)) {\r\n                const item = JSON.parse(itemStr);\r\n                window.localStorage.setItem('slcAffiliateId', item.value);\r\n                return item.value;\r\n            }\r\n            return itemStr;\r\n        }\r\n        const initDeskline = function () {\r\n            let feratelSlcAffiliateId = getSlcAffiliateId();\r\n            if (feratelSlcAffiliateId) {\r\n                dwSettings.context.urlOptionalParams += '&limGUESTCODES=AFFILIATE:' + feratelSlcAffiliateId;\r\n            }\r\n            \/\/ console.log(feratelSlcAffiliateId);\r\n            dw('settings', '022545a7-896e-4e05-b683-0ff66e7e1d32', dwSettings);\r\n            dw('onPageChange', '022545a7-896e-4e05-b683-0ff66e7e1d32', function () {\r\n                \/\/ console.log('page changed event');\r\n            });\r\n            dw('onGetAppContainerOffset', '022545a7-896e-4e05-b683-0ff66e7e1d32', function () {\r\n                return 120;\r\n            });\r\n                        dw('onUserAction', '022545a7-896e-4e05-b683-0ff66e7e1d32', function (e) {\r\n                if(e.type === 9) {\r\n                    scrollToContainer();\r\n                }\r\n            });\r\n            window.addEventListener('popstate', function(event) {\r\n                \/\/setTimeout(function() {\r\n                    \/\/window.console.log('scroll');\r\n                    \/\/scrollToContainer();\r\n                \/\/}, 1000);\r\n            });\r\n            const originalPageTitle = document.title;\r\n            dw('onPageLoad', '022545a7-896e-4e05-b683-0ff66e7e1d32', function (e) {\r\n                const pageType = e.pageType;\r\n                if ([101, 103, 105, 107, 111, 9900, 9901].indexOf(pageType) === -1) {\r\n                    document.title = originalPageTitle;\r\n                }\r\n                if(dwBasePaths.indexOf(window.location.pathname) === -1) {\r\n                    scrollToContainer();\r\n                }\r\n            });\r\n\r\n            loadDeskline();\r\n        }\r\n    <\/script>\r\n\r\n    <script>\r\n        initDeskline();\r\n    <\/script>\r\n\n\n<\/span><\/p><\/body>","protected":false},"excerpt":{"rendered":"<p>Do bedekru Via Culinariase dostaly tak\u00e9 tipy na v\u00fdlet pro ty, kte\u0159\u00ed maj\u00ed r\u00e1di bylinky a cht\u011bj\u00ed se o nich dozv\u011bd\u011bt n\u011bco v\u00edc. Zelen\u00e9 vo\u0148av\u00e9 rostliny jsou toti\u017e v\u0161emocn\u00e9. L\u00e9\u010d\u00ed, posiluj\u00ed a chutnaj\u00ed. V\u00a0Salcbursku nav\u00edc hraj\u00ed od nepam\u011bti velmi d\u016fle\u017eitou roli. Proto nen\u00ed divu, \u017ee zde krom\u011b bylinkov\u00fdch zahrad na mnoha m\u00edstech vznikaj\u00ed tak\u00e9 hotely [&hellip;]<\/p>\n","protected":false},"author":6,"featured_media":309,"comment_status":"closed","ping_status":"closed","sticky":false,"template":"","format":"standard","meta":{"_acf_changed":false,"wl_entities_gutenberg":"","_relevanssi_hide_post":"","_relevanssi_hide_content":"","_relevanssi_pin_for_all":"","_relevanssi_pin_keywords":"","_relevanssi_unpin_keywords":"","_relevanssi_related_keywords":"","_relevanssi_related_include_ids":"","_relevanssi_related_exclude_ids":"","_relevanssi_related_no_append":"","_relevanssi_related_not_related":"","_relevanssi_related_posts":"150923,153465,149469,144,143967,221","_relevanssi_noindex_reason":"","footnotes":""},"categories":[1],"tags":[],"wl_entity_type":[706],"class_list":["post-228","post","type-post","status-publish","format-standard","has-post-thumbnail","hentry","category-uncategorized","wl_entity_type-article"],"acf":[],"yoast_head":"<!-- This site is optimized with the Yoast SEO Premium plugin v27.4 (Yoast SEO v27.4) - https:\/\/yoast.com\/product\/yoast-seo-premium-wordpress\/ -->\n<title>Z\u00e1\u017eitkov\u00e1 trasa pro p\u0159\u00edznivce bylinek \u00bb SalzburgerLand.com<\/title>\n<meta name=\"robots\" content=\"index, follow, max-snippet:-1, max-image-preview:large, max-video-preview:-1\" \/>\n<link rel=\"canonical\" href=\"https:\/\/www.salzburgerland.com\/cs\/zazitkova-trasa-pro-priznivce-bylinek\/\" \/>\n<meta property=\"og:locale\" content=\"cs_CZ\" \/>\n<meta property=\"og:type\" content=\"article\" \/>\n<meta property=\"og:title\" content=\"Z\u00e1\u017eitkov\u00e1 trasa pro p\u0159\u00edznivce bylinek\" \/>\n<meta property=\"og:description\" content=\"Do bedekru Via Culinariase dostaly tak\u00e9 tipy na v\u00fdlet pro ty, kte\u0159\u00ed maj\u00ed r\u00e1di bylinky a cht\u011bj\u00ed se o nich dozv\u011bd\u011bt n\u011bco v\u00edc. Zelen\u00e9 vo\u0148av\u00e9 rostliny jsou\" \/>\n<meta property=\"og:url\" content=\"https:\/\/www.salzburgerland.com\/cs\/zazitkova-trasa-pro-priznivce-bylinek\/\" \/>\n<meta property=\"og:site_name\" content=\"SalzburgerLand.com\" \/>\n<meta property=\"article:publisher\" content=\"https:\/\/www.facebook.com\/visitsalzburgerland\/\" \/>\n<meta property=\"article:published_time\" content=\"2016-11-16T18:03:40+00:00\" \/>\n<meta property=\"article:modified_time\" content=\"2023-04-03T10:56:17+00:00\" \/>\n<meta property=\"og:image\" content=\"https:\/\/www.salzburgerland.com\/cs\/wp-content\/uploads\/2016\/11\/kulinarik-kraeuter-1200x675.jpg\" \/>\n\t<meta property=\"og:image:width\" content=\"1200\" \/>\n\t<meta property=\"og:image:height\" content=\"675\" \/>\n\t<meta property=\"og:image:type\" content=\"image\/jpeg\" \/>\n<meta name=\"author\" content=\"Andrea \u017d\u00e1\u010dkov\u00e1\" \/>\n<meta name=\"twitter:card\" content=\"summary_large_image\" \/>\n<meta name=\"twitter:creator\" content=\"@salzburgerland\" \/>\n<meta name=\"twitter:site\" content=\"@salzburgerland\" \/>\n<meta name=\"twitter:label1\" content=\"Napsal(a)\" \/>\n\t<meta name=\"twitter:data1\" content=\"Andrea \u017d\u00e1\u010dkov\u00e1\" \/>\n\t<meta name=\"twitter:label2\" content=\"Odhadovan\u00e1 doba \u010dten\u00ed\" \/>\n\t<meta name=\"twitter:data2\" content=\"8 minut\" \/>\n<script type=\"application\/ld+json\" class=\"yoast-schema-graph\">{\"@context\":\"https:\\\/\\\/schema.org\",\"@graph\":[{\"@type\":\"Article\",\"@id\":\"https:\\\/\\\/www.salzburgerland.com\\\/cs\\\/zazitkova-trasa-pro-priznivce-bylinek\\\/#article\",\"isPartOf\":{\"@id\":\"https:\\\/\\\/www.salzburgerland.com\\\/cs\\\/zazitkova-trasa-pro-priznivce-bylinek\\\/\"},\"author\":{\"name\":\"Andrea \u017d\u00e1\u010dkov\u00e1\",\"@id\":\"https:\\\/\\\/www.salzburgerland.com\\\/cs\\\/#\\\/schema\\\/person\\\/dd42a4661897004df109095dbf40eeff\"},\"headline\":\"Z\u00e1\u017eitkov\u00e1 trasa pro p\u0159\u00edznivce bylinek\",\"datePublished\":\"2016-11-16T18:03:40+00:00\",\"dateModified\":\"2023-04-03T10:56:17+00:00\",\"mainEntityOfPage\":{\"@id\":\"https:\\\/\\\/www.salzburgerland.com\\\/cs\\\/zazitkova-trasa-pro-priznivce-bylinek\\\/\"},\"wordCount\":1534,\"image\":{\"@id\":\"https:\\\/\\\/www.salzburgerland.com\\\/cs\\\/zazitkova-trasa-pro-priznivce-bylinek\\\/#primaryimage\"},\"thumbnailUrl\":\"https:\\\/\\\/www.salzburgerland.com\\\/cs\\\/wp-content\\\/uploads\\\/2016\\\/11\\\/kulinarik-kraeuter.jpg\",\"articleSection\":[\"Uncategorized\"],\"inLanguage\":\"cs\"},{\"@type\":\"WebPage\",\"@id\":\"https:\\\/\\\/www.salzburgerland.com\\\/cs\\\/zazitkova-trasa-pro-priznivce-bylinek\\\/\",\"url\":\"https:\\\/\\\/www.salzburgerland.com\\\/cs\\\/zazitkova-trasa-pro-priznivce-bylinek\\\/\",\"name\":\"Z\u00e1\u017eitkov\u00e1 trasa pro p\u0159\u00edznivce bylinek \u00bb SalzburgerLand.com\",\"isPartOf\":{\"@id\":\"https:\\\/\\\/www.salzburgerland.com\\\/cs\\\/#website\"},\"primaryImageOfPage\":{\"@id\":\"https:\\\/\\\/www.salzburgerland.com\\\/cs\\\/zazitkova-trasa-pro-priznivce-bylinek\\\/#primaryimage\"},\"image\":{\"@id\":\"https:\\\/\\\/www.salzburgerland.com\\\/cs\\\/zazitkova-trasa-pro-priznivce-bylinek\\\/#primaryimage\"},\"thumbnailUrl\":\"https:\\\/\\\/www.salzburgerland.com\\\/cs\\\/wp-content\\\/uploads\\\/2016\\\/11\\\/kulinarik-kraeuter.jpg\",\"datePublished\":\"2016-11-16T18:03:40+00:00\",\"dateModified\":\"2023-04-03T10:56:17+00:00\",\"author\":{\"@id\":\"https:\\\/\\\/www.salzburgerland.com\\\/cs\\\/#\\\/schema\\\/person\\\/dd42a4661897004df109095dbf40eeff\"},\"description\":\"Von\u00ed, chutnaj\u00ed, lahod\u00ed oku a l\u00e9\u010d\u00ed. \u0158e\u010d je o bylink\u00e1ch, kter\u00e9 se v Salcbursku vyu\u017e\u00edvaj\u00ed natolik, \u017ee jim byla v\u011bnov\u00e1na speci\u00e1ln\u00ed trasa v pr\u016fvodci Via Culinaria.\",\"breadcrumb\":{\"@id\":\"https:\\\/\\\/www.salzburgerland.com\\\/cs\\\/zazitkova-trasa-pro-priznivce-bylinek\\\/#breadcrumb\"},\"inLanguage\":\"cs\",\"potentialAction\":[{\"@type\":\"ReadAction\",\"target\":[\"https:\\\/\\\/www.salzburgerland.com\\\/cs\\\/zazitkova-trasa-pro-priznivce-bylinek\\\/\"]}]},{\"@type\":\"ImageObject\",\"inLanguage\":\"cs\",\"@id\":\"https:\\\/\\\/www.salzburgerland.com\\\/cs\\\/zazitkova-trasa-pro-priznivce-bylinek\\\/#primaryimage\",\"url\":\"https:\\\/\\\/www.salzburgerland.com\\\/cs\\\/wp-content\\\/uploads\\\/2016\\\/11\\\/kulinarik-kraeuter.jpg\",\"contentUrl\":\"https:\\\/\\\/www.salzburgerland.com\\\/cs\\\/wp-content\\\/uploads\\\/2016\\\/11\\\/kulinarik-kraeuter.jpg\",\"width\":1920,\"height\":1692,\"caption\":\"Trasa \\\"Via Culinaria\\\" pro p\u0159\u00edznivce bylinek \u00a9 SalzburgerLand Tourismus\"},{\"@type\":\"BreadcrumbList\",\"@id\":\"https:\\\/\\\/www.salzburgerland.com\\\/cs\\\/zazitkova-trasa-pro-priznivce-bylinek\\\/#breadcrumb\",\"itemListElement\":[{\"@type\":\"ListItem\",\"position\":1,\"name\":\"Jak\u00e1 je salcbursk\u00e1 kuchyn\u011b\",\"item\":\"https:\\\/\\\/www.salzburgerland.com\\\/cs\\\/jaka-je-salcburska-kuchyne\\\/\"},{\"@type\":\"ListItem\",\"position\":2,\"name\":\"Z\u00e1\u017eitkov\u00e1 trasa pro p\u0159\u00edznivce bylinek\"}]},{\"@type\":\"WebSite\",\"@id\":\"https:\\\/\\\/www.salzburgerland.com\\\/cs\\\/#website\",\"url\":\"https:\\\/\\\/www.salzburgerland.com\\\/cs\\\/\",\"name\":\"SalzburgerLand.com\",\"description\":\"Va\u0161e dovolen\u00e1 v Salcburku, Rakousko\",\"potentialAction\":[{\"@type\":\"SearchAction\",\"target\":{\"@type\":\"EntryPoint\",\"urlTemplate\":\"https:\\\/\\\/www.salzburgerland.com\\\/cs\\\/?s={search_term_string}\"},\"query-input\":{\"@type\":\"PropertyValueSpecification\",\"valueRequired\":true,\"valueName\":\"search_term_string\"}}],\"inLanguage\":\"cs\"},{\"@type\":\"Person\",\"@id\":\"https:\\\/\\\/www.salzburgerland.com\\\/cs\\\/#\\\/schema\\\/person\\\/dd42a4661897004df109095dbf40eeff\",\"name\":\"Andrea \u017d\u00e1\u010dkov\u00e1\",\"image\":{\"@type\":\"ImageObject\",\"inLanguage\":\"cs\",\"@id\":\"https:\\\/\\\/secure.gravatar.com\\\/avatar\\\/338deec8d231d56d0ab7b2b7d6d0aedbcb3eb05390f6c027fd5b7ebe87b67dbf?s=96&d=mm&r=g\",\"url\":\"https:\\\/\\\/secure.gravatar.com\\\/avatar\\\/338deec8d231d56d0ab7b2b7d6d0aedbcb3eb05390f6c027fd5b7ebe87b67dbf?s=96&d=mm&r=g\",\"contentUrl\":\"https:\\\/\\\/secure.gravatar.com\\\/avatar\\\/338deec8d231d56d0ab7b2b7d6d0aedbcb3eb05390f6c027fd5b7ebe87b67dbf?s=96&d=mm&r=g\",\"caption\":\"Andrea \u017d\u00e1\u010dkov\u00e1\"}}]}<\/script>\n<!-- \/ Yoast SEO Premium plugin. -->","yoast_head_json":{"title":"Z\u00e1\u017eitkov\u00e1 trasa pro p\u0159\u00edznivce bylinek \u00bb SalzburgerLand.com","robots":{"index":"index","follow":"follow","max-snippet":"max-snippet:-1","max-image-preview":"max-image-preview:large","max-video-preview":"max-video-preview:-1"},"canonical":"https:\/\/www.salzburgerland.com\/cs\/zazitkova-trasa-pro-priznivce-bylinek\/","og_locale":"cs_CZ","og_type":"article","og_title":"Z\u00e1\u017eitkov\u00e1 trasa pro p\u0159\u00edznivce bylinek","og_description":"Do bedekru Via Culinariase dostaly tak\u00e9 tipy na v\u00fdlet pro ty, kte\u0159\u00ed maj\u00ed r\u00e1di bylinky a cht\u011bj\u00ed se o nich dozv\u011bd\u011bt n\u011bco v\u00edc. Zelen\u00e9 vo\u0148av\u00e9 rostliny jsou","og_url":"https:\/\/www.salzburgerland.com\/cs\/zazitkova-trasa-pro-priznivce-bylinek\/","og_site_name":"SalzburgerLand.com","article_publisher":"https:\/\/www.facebook.com\/visitsalzburgerland\/","article_published_time":"2016-11-16T18:03:40+00:00","article_modified_time":"2023-04-03T10:56:17+00:00","og_image":[{"width":1200,"height":675,"url":"https:\/\/www.salzburgerland.com\/cs\/wp-content\/uploads\/2016\/11\/kulinarik-kraeuter-1200x675.jpg","type":"image\/jpeg"}],"author":"Andrea \u017d\u00e1\u010dkov\u00e1","twitter_card":"summary_large_image","twitter_creator":"@salzburgerland","twitter_site":"@salzburgerland","twitter_misc":{"Napsal(a)":"Andrea \u017d\u00e1\u010dkov\u00e1","Odhadovan\u00e1 doba \u010dten\u00ed":"8 minut"},"schema":{"@context":"https:\/\/schema.org","@graph":[{"@type":"Article","@id":"https:\/\/www.salzburgerland.com\/cs\/zazitkova-trasa-pro-priznivce-bylinek\/#article","isPartOf":{"@id":"https:\/\/www.salzburgerland.com\/cs\/zazitkova-trasa-pro-priznivce-bylinek\/"},"author":{"name":"Andrea \u017d\u00e1\u010dkov\u00e1","@id":"https:\/\/www.salzburgerland.com\/cs\/#\/schema\/person\/dd42a4661897004df109095dbf40eeff"},"headline":"Z\u00e1\u017eitkov\u00e1 trasa pro p\u0159\u00edznivce bylinek","datePublished":"2016-11-16T18:03:40+00:00","dateModified":"2023-04-03T10:56:17+00:00","mainEntityOfPage":{"@id":"https:\/\/www.salzburgerland.com\/cs\/zazitkova-trasa-pro-priznivce-bylinek\/"},"wordCount":1534,"image":{"@id":"https:\/\/www.salzburgerland.com\/cs\/zazitkova-trasa-pro-priznivce-bylinek\/#primaryimage"},"thumbnailUrl":"https:\/\/www.salzburgerland.com\/cs\/wp-content\/uploads\/2016\/11\/kulinarik-kraeuter.jpg","articleSection":["Uncategorized"],"inLanguage":"cs"},{"@type":"WebPage","@id":"https:\/\/www.salzburgerland.com\/cs\/zazitkova-trasa-pro-priznivce-bylinek\/","url":"https:\/\/www.salzburgerland.com\/cs\/zazitkova-trasa-pro-priznivce-bylinek\/","name":"Z\u00e1\u017eitkov\u00e1 trasa pro p\u0159\u00edznivce bylinek \u00bb SalzburgerLand.com","isPartOf":{"@id":"https:\/\/www.salzburgerland.com\/cs\/#website"},"primaryImageOfPage":{"@id":"https:\/\/www.salzburgerland.com\/cs\/zazitkova-trasa-pro-priznivce-bylinek\/#primaryimage"},"image":{"@id":"https:\/\/www.salzburgerland.com\/cs\/zazitkova-trasa-pro-priznivce-bylinek\/#primaryimage"},"thumbnailUrl":"https:\/\/www.salzburgerland.com\/cs\/wp-content\/uploads\/2016\/11\/kulinarik-kraeuter.jpg","datePublished":"2016-11-16T18:03:40+00:00","dateModified":"2023-04-03T10:56:17+00:00","author":{"@id":"https:\/\/www.salzburgerland.com\/cs\/#\/schema\/person\/dd42a4661897004df109095dbf40eeff"},"description":"Von\u00ed, chutnaj\u00ed, lahod\u00ed oku a l\u00e9\u010d\u00ed. \u0158e\u010d je o bylink\u00e1ch, kter\u00e9 se v Salcbursku vyu\u017e\u00edvaj\u00ed natolik, \u017ee jim byla v\u011bnov\u00e1na speci\u00e1ln\u00ed trasa v pr\u016fvodci Via Culinaria.","breadcrumb":{"@id":"https:\/\/www.salzburgerland.com\/cs\/zazitkova-trasa-pro-priznivce-bylinek\/#breadcrumb"},"inLanguage":"cs","potentialAction":[{"@type":"ReadAction","target":["https:\/\/www.salzburgerland.com\/cs\/zazitkova-trasa-pro-priznivce-bylinek\/"]}]},{"@type":"ImageObject","inLanguage":"cs","@id":"https:\/\/www.salzburgerland.com\/cs\/zazitkova-trasa-pro-priznivce-bylinek\/#primaryimage","url":"https:\/\/www.salzburgerland.com\/cs\/wp-content\/uploads\/2016\/11\/kulinarik-kraeuter.jpg","contentUrl":"https:\/\/www.salzburgerland.com\/cs\/wp-content\/uploads\/2016\/11\/kulinarik-kraeuter.jpg","width":1920,"height":1692,"caption":"Trasa \"Via Culinaria\" pro p\u0159\u00edznivce bylinek \u00a9 SalzburgerLand Tourismus"},{"@type":"BreadcrumbList","@id":"https:\/\/www.salzburgerland.com\/cs\/zazitkova-trasa-pro-priznivce-bylinek\/#breadcrumb","itemListElement":[{"@type":"ListItem","position":1,"name":"Jak\u00e1 je salcbursk\u00e1 kuchyn\u011b","item":"https:\/\/www.salzburgerland.com\/cs\/jaka-je-salcburska-kuchyne\/"},{"@type":"ListItem","position":2,"name":"Z\u00e1\u017eitkov\u00e1 trasa pro p\u0159\u00edznivce bylinek"}]},{"@type":"WebSite","@id":"https:\/\/www.salzburgerland.com\/cs\/#website","url":"https:\/\/www.salzburgerland.com\/cs\/","name":"SalzburgerLand.com","description":"Va\u0161e dovolen\u00e1 v Salcburku, Rakousko","potentialAction":[{"@type":"SearchAction","target":{"@type":"EntryPoint","urlTemplate":"https:\/\/www.salzburgerland.com\/cs\/?s={search_term_string}"},"query-input":{"@type":"PropertyValueSpecification","valueRequired":true,"valueName":"search_term_string"}}],"inLanguage":"cs"},{"@type":"Person","@id":"https:\/\/www.salzburgerland.com\/cs\/#\/schema\/person\/dd42a4661897004df109095dbf40eeff","name":"Andrea \u017d\u00e1\u010dkov\u00e1","image":{"@type":"ImageObject","inLanguage":"cs","@id":"https:\/\/secure.gravatar.com\/avatar\/338deec8d231d56d0ab7b2b7d6d0aedbcb3eb05390f6c027fd5b7ebe87b67dbf?s=96&d=mm&r=g","url":"https:\/\/secure.gravatar.com\/avatar\/338deec8d231d56d0ab7b2b7d6d0aedbcb3eb05390f6c027fd5b7ebe87b67dbf?s=96&d=mm&r=g","contentUrl":"https:\/\/secure.gravatar.com\/avatar\/338deec8d231d56d0ab7b2b7d6d0aedbcb3eb05390f6c027fd5b7ebe87b67dbf?s=96&d=mm&r=g","caption":"Andrea \u017d\u00e1\u010dkov\u00e1"}}]}},"_wl_alt_label":[],"wl:entity_url":"http:\/\/open.salzburgerland.com\/cs\/post\/zazitkova_trasa_pro_priznivce_bylinek","_links":{"self":[{"href":"https:\/\/www.salzburgerland.com\/cs\/wp-json\/wp\/v2\/posts\/228","targetHints":{"allow":["GET"]}}],"collection":[{"href":"https:\/\/www.salzburgerland.com\/cs\/wp-json\/wp\/v2\/posts"}],"about":[{"href":"https:\/\/www.salzburgerland.com\/cs\/wp-json\/wp\/v2\/types\/post"}],"author":[{"embeddable":true,"href":"https:\/\/www.salzburgerland.com\/cs\/wp-json\/wp\/v2\/users\/6"}],"replies":[{"embeddable":true,"href":"https:\/\/www.salzburgerland.com\/cs\/wp-json\/wp\/v2\/comments?post=228"}],"version-history":[{"count":5,"href":"https:\/\/www.salzburgerland.com\/cs\/wp-json\/wp\/v2\/posts\/228\/revisions"}],"predecessor-version":[{"id":155579,"href":"https:\/\/www.salzburgerland.com\/cs\/wp-json\/wp\/v2\/posts\/228\/revisions\/155579"}],"wp:featuredmedia":[{"embeddable":true,"href":"https:\/\/www.salzburgerland.com\/cs\/wp-json\/wp\/v2\/media\/309"}],"wp:attachment":[{"href":"https:\/\/www.salzburgerland.com\/cs\/wp-json\/wp\/v2\/media?parent=228"}],"wp:term":[{"taxonomy":"category","embeddable":true,"href":"https:\/\/www.salzburgerland.com\/cs\/wp-json\/wp\/v2\/categories?post=228"},{"taxonomy":"post_tag","embeddable":true,"href":"https:\/\/www.salzburgerland.com\/cs\/wp-json\/wp\/v2\/tags?post=228"},{"taxonomy":"wl_entity_type","embeddable":true,"href":"https:\/\/www.salzburgerland.com\/cs\/wp-json\/wp\/v2\/wl_entity_type?post=228"}],"curies":[{"name":"wp","href":"https:\/\/api.w.org\/{rel}","templated":true}]}}