{"id":208,"date":"2016-11-16T18:02:04","date_gmt":"2016-11-16T18:02:04","guid":{"rendered":"https:\/\/www.onebigpark.at\/cs\/?p=208"},"modified":"2023-03-29T14:46:49","modified_gmt":"2023-03-29T12:46:49","slug":"kulturni-perly","status":"publish","type":"post","link":"https:\/\/www.salzburgerland.com\/cs\/kulturni-perly\/","title":{"rendered":"Kulturn\u00ed perly"},"content":{"rendered":"<h3><strong>T\u00fddny <span class=\"textannotation disambiguated wl-thing\" id=\"urn:local-text-annotation-iirogvdmmugr4qv5ur22fhk6w118mutv\" itemid=\"http:\/\/open.salzburgerland.com\/cs\/entity\/mozartova\">Mozarta<\/span> \u2013 start kulturn\u00edho roku<\/strong><\/h3>\n<p>Rok <span class=\"textannotation disambiguated wl-other\" id=\"urn:enhancement-8b765c39\" itemid=\"http:\/\/open.salzburgerland.com\/cs\/entity\/tradicni\">tradi\u010dn\u011b<\/span> v\u00a0Salcburku za\u010d\u00edn\u00e1 <a href=\"https:\/\/mozarteum.at\/en\/home\/\" target=\"_blank\" rel=\"noopener noreferrer\">T\u00fddny Mozarta<\/a>. Ji\u017e od 50. let se b\u011bhem nich oslavuje nejslavn\u011bj\u0161\u00ed syn <span class=\"textannotation disambiguated wl-organization\" id=\"urn:enhancement-3238ea7a-7752-79dd-1055-7ea0328c54f0\" itemid=\"http:\/\/open.salzburgerland.com\/cs\/entity\/mesto_salcburk\">m\u011bsta a Salcburkem<\/span> zn\u00ed komorn\u00ed <span class=\"textannotation disambiguated wl-other\" id=\"urn:enhancement-baf51cf1\" itemid=\"http:\/\/open.salzburgerland.com\/cs\/entity\/koncert\">koncerty<\/span> a\u017e po grandi\u00f3zn\u00ed Requiem. Vystoupen\u00ed r\u016fzn\u00fdch ans\u00e1mbl\u016f se konaj\u00ed nap\u0159\u00edklad v\u00a0Mozarteu, Felsenreitschule ale tak\u00e9 v <span class=\"textannotation disambiguated wl-other\" id=\"urn:enhancement-aa2c06f4\" itemid=\"http:\/\/open.salzburgerland.com\/cs\/entity\/mozartova\">Mozartov\u011b<\/span> dom\u011b.<\/p>\n<h3>Sound of Music aneb Za zvuk\u016f hudby<\/h3>\n<p>Americk\u00fd filmov\u00fd <strong>muzik\u00e1l<\/strong> z roku 1965 z\u00edskal hned n\u011bkolik <strong>Oscar\u016f<\/strong> (nejlep\u0161\u00ed film, re\u017eie, st\u0159ih, hudba). <strong>Romantick\u00fd <\/strong>filmse stal zn\u00e1m\u00fdm a obl\u00edben\u00fdm po cel\u00e9m sv\u011bt\u011b. Nejen d\u00edky skv\u011bl\u00e9 hudb\u011b, ale tak\u00e9 p\u0159ekr\u00e1sn\u00fdm kulis\u00e1m a p\u0159\u00edrodn\u00edch scen\u00e9ri\u00edch, ve kter\u00fdch byl nat\u00e1\u010den. Sn\u00edmek o d\u00edvce, kter\u00e1 opust\u00ed kl\u00e1\u0161ter a stane se ch\u016fvou v rodin\u011b ovdov\u011bl\u00e9ho kapit\u00e1na Georga von Trapp byl nato\u010den v <strong>Salcbursku<\/strong>. Milovn\u00edci tohoto muzik\u00e1lu se r\u00e1di vyd\u00e1vaj\u00ed na m\u00edsta, kter\u00e1 znaj\u00ed ze sv\u00e9ho obl\u00edben\u00e9ho filmu.<\/p>\n<h3><strong>Od jara a\u017e do l\u00e9ta: \u010das <span class=\"textannotation disambiguated wl-other\" id=\"urn:enhancement-f483d5cb\" itemid=\"http:\/\/open.salzburgerland.com\/cs\/entity\/festival\">Festivalu<\/span><\/strong><\/h3>\n<p>\u010c\u00edm je pro Karlovy Vary filmov\u00fd <span class=\"textannotation disambiguated wl-thing\" id=\"urn:local-text-annotation-flc79br1ktpa1i31k6bq5ulwktnyvdix\" itemid=\"http:\/\/open.salzburgerland.com\/cs\/entity\/festival\">festival<\/span>, t\u00edm jsou pro Salcburk <span class=\"textannotation disambiguated wl-other\" id=\"urn:enhancement-89680a92\" itemid=\"http:\/\/open.salzburgerland.com\/cs\/entity\/festival\">festivaly<\/span> hudebn\u00ed. Kdy\u017e za\u010d\u00ednaj\u00ed, je na vrcholc\u00edch okoln\u00edch hor je\u0161t\u011b sn\u00edh. D\u00edky Velikono\u010dn\u00edmu festivalu, Svatodu\u0161n\u00edmu festivalu a letn\u00edmu Salcbursk\u00e9mu festivaluse m\u011bsto ka\u017ed\u00fd rok m\u011bn\u00ed v\u00a0Mekku v\u0161ech milovn\u00edk\u016f klasick\u00e9 hudby. Na \u010derven\u00e9m koberci p\u0159ed <span class=\"textannotation disambiguated wl-other\" id=\"urn:enhancement-80ee89df\" itemid=\"http:\/\/open.salzburgerland.com\/cs\/entity\/festival\">Festivalov\u00fdm<\/span> domem se to jenom hem\u017e\u00ed prominenty a Salcbur\u010dan\u00e9 se jdou pod\u00edvat na \u201esv\u00e9ho Jedermanna\u201c nebo na Siemens <span class=\"textannotation disambiguated wl-other\" id=\"urn:enhancement-fc83b204\" itemid=\"http:\/\/open.salzburgerland.com\/cs\/entity\/festival\">festivalov\u00e9<\/span> noci na n\u00e1m\u011bst\u00ed Kapitelplatz. Tady jsou uv\u00e1d\u011bny ty nejlep\u0161\u00ed inscenace posledn\u00edch dob. V\u00a0obdob\u00ed <span class=\"textannotation disambiguated wl-other\" id=\"urn:enhancement-9f63a508\" itemid=\"http:\/\/open.salzburgerland.com\/cs\/entity\/festival\">Festivalu<\/span> je Salcburk n\u011b\u010d\u00edm naprosto v\u00fdjime\u010dn\u00fdm.<\/p>\n<div id=\"attachment_146476\" style=\"width: 1180px\" class=\"wp-caption alignnone\"><img decoding=\"async\" aria-describedby=\"caption-attachment-146476\" class=\"wp-image-146476 size-1170_658\" src=\"https:\/\/cdn.salzburgerland.com\/cs\/wp-content\/uploads\/2020\/01\/rs507_0104_felsenreitschule_014-lpr-1170x658.jpg\" alt=\"\" width=\"1170\" height=\"658\" srcset=\"https:\/\/www.salzburgerland.com\/cs\/wp-content\/uploads\/2020\/01\/rs507_0104_felsenreitschule_014-lpr-1170x658.jpg 1170w, https:\/\/www.salzburgerland.com\/cs\/wp-content\/uploads\/2020\/01\/rs507_0104_felsenreitschule_014-lpr-1200x675.jpg 1200w\" sizes=\"(max-width: 1170px) 100vw, 1170px\"><p id=\"caption-attachment-146476\" class=\"wp-caption-text\">Festival a vystoupen\u00ed ve Felsenreitschule\u00a9 SalzburgerLand Tourismus<\/p><\/div>\n<h3><strong>Jazzov\u00fd podzim <\/strong><\/h3>\n<p>\u0158\u00edjen pat\u0159\u00ed v\u00a0Salcburku <a href=\"https:\/\/www.salzburg-altstadt.at\/en\/salzburgjazz\" target=\"_blank\" rel=\"noopener noreferrer\">jazzman\u016fm<\/a>. Den\u00edk \u201eDie Presse\u201c ozna\u010dil tuto ka\u017edoro\u010dn\u00ed akci za \u201enejpohodov\u011bj\u0161\u00ed jazzov\u00fd <span class=\"textannotation disambiguated wl-thing\" id=\"urn:local-text-annotation-yaijeblwwmh75fm1k4aa4snmjhma1lou\" itemid=\"http:\/\/open.salzburgerland.com\/cs\/entity\/festival\">festival<\/span> v\u00a0Rakousku\u201c, co\u017e se d\u00e1 jen potvrdit. V\u011bt\u0161ina <span class=\"textannotation disambiguated wl-other\" id=\"urn:enhancement-424a658a\" itemid=\"http:\/\/open.salzburgerland.com\/cs\/entity\/koncert\">koncert\u016f<\/span> je zdarma a \u010dasto \u010dlov\u011bk stoj\u00ed p\u0159ed t\u011b\u017ekou volbou. Zat\u00edm co v\u00a0klubu Republic na velk\u00e9m p\u00f3diu vystupuj\u00ed opravdov\u00e9 hv\u011bzdy, pulzuje to jen o p\u00e1r stovek metr\u016f d\u00e1le v\u00a0mal\u00fdch barech.<\/p>\n<h3>Advent na hor\u00e1ch<\/h3>\n<p>Kdy\u017e se pomalu bl\u00ed\u017e\u00ed V\u00e1noce a v Salcbursku za\u010dne padat sn\u00edh, v\u0161e se zklid\u0148uje. O to kr\u00e1sn\u011bj\u0161\u00ed jsou v obdob\u00ed <span class=\"textannotation disambiguated wl-other\" id=\"urn:enhancement-82d0c885\" itemid=\"http:\/\/open.salzburgerland.com\/cs\/entity\/adventu\">adventu<\/span> setk\u00e1n\u00ed a r\u016fzn\u00e9 oslavy. Jde nap\u0159\u00edklad o adventn\u00ed zp\u00edv\u00e1n\u00ed v <span class=\"textannotation disambiguated wl-other\" id=\"urn:enhancement-50ef0d0a\" itemid=\"http:\/\/open.salzburgerland.com\/cs\/entity\/kostela\">kostelech<\/span>, <span class=\"textannotation disambiguated wl-other\" id=\"urn:enhancement-914ca97\" itemid=\"http:\/\/open.salzburgerland.com\/cs\/entity\/vanocni_trhy\">v\u00e1no\u010dn\u00ed trhy<\/span> nebo past\u00fd\u0159sk\u00e9 hry. V Gro\u00dfarltalu je mo\u017en\u00e9 naslouchat alpsk\u00fdm roh\u016fm, zat\u00edmco v \u00fadol\u00ed Pinzgau sly\u0161\u00ed \u010dlov\u011bk odfrk\u00e1vat kon\u011b, kte\u0159\u00ed t\u00e1hnou s\u00e1n\u011b zasn\u011b\u017eenou krajinou. P\u0159\u00edpravy na V\u00e1noce jedou ka\u017ed\u00fd rok v Oberndorfu na pln\u00e9 obr\u00e1tky a hrnou se sem lid\u00e9 z cel\u00e9ho sv\u011bta. T\u00e9m\u011b\u0159 p\u0159ed 200 lety zde toti\u017e poprv\u00e9 zazn\u011bla \u201e<span class=\"textannotation disambiguated wl-other\" id=\"urn:enhancement-d9eb7a7b\" itemid=\"http:\/\/open.salzburgerland.com\/cs\/entity\/ticha_noc\">Tich\u00e1 noc<\/span>\u201c. Jakmile je tu ale \u0160t\u011bdr\u00fd ve\u010der, vrac\u00ed se i sem klid a rozj\u00edm\u00e1n\u00ed.<\/p>\n<h3><strong>Adventn\u00ed zp\u00edv\u00e1n\u00ed a V\u00e1noce v\u00a0Salcburku <\/strong><\/h3>\n<p>V\u00a0historick\u00e9m Star\u00e9m m\u011bst\u011b jsou <span class=\"textannotation disambiguated wl-thing\" id=\"urn:local-text-annotation-uerskjadokbh7y49dq4om5yy8btpgb2e\" itemid=\"http:\/\/open.salzburgerland.com\/cs\/entity\/vanocnimi\">V\u00e1noce<\/span> nejkr\u00e1sn\u011bj\u0161\u00ed. <span class=\"textannotation disambiguated wl-other\" id=\"urn:enhancement-c2c2e095\" itemid=\"http:\/\/open.salzburgerland.com\/cs\/entity\/vanocni_trhy\">V\u00e1no\u010dn\u00ed trhy<\/span> okolo D\u00f3mu ostatn\u011b mnoz\u00ed pova\u017euj\u00ed za jedny z\u00a0nejkr\u00e1sn\u011bj\u0161\u00edch na sv\u011bt\u011b. Ur\u010dit\u011b byste se m\u011bli zastavit ale tak\u00e9 na Winterfestu ve Volksgarten nebo na adventn\u00edm trhu v\u00a0<a href=\"http:\/\/www.hellbrunneradventzauber.at\/\" target=\"_blank\" rel=\"noopener noreferrer\">Hellbrunnu<\/a>. Krom\u011b toho se kon\u00e1 <span class=\"textannotation disambiguated wl-other\" id=\"urn:enhancement-b1e52f1a\" itemid=\"http:\/\/open.salzburgerland.com\/cs\/entity\/tradicni\">tradi\u010dn\u00ed<\/span> salcbursk\u00e9 <a href=\"http:\/\/www.salzburgeradventsingen.at\/en\/\" target=\"_blank\" rel=\"noopener noreferrer\">Adventn\u00ed zp\u00edv\u00e1n\u00ed<\/a> ve Velk\u00e9m <span class=\"textannotation disambiguated wl-other\" id=\"urn:enhancement-aa3bfce3\" itemid=\"http:\/\/open.salzburgerland.com\/cs\/entity\/festival\">festivalov\u00e9m<\/span> dom\u011b, v\u00a0Pevnosti a na mnoha dal\u0161\u00edch m\u00edstech v\u00a0cel\u00e9m m\u011bst\u011b.<\/p>\n<p>Pot\u00e9 co na konci kv\u011btna skon\u010d\u00ed provoz posledn\u00ed ly\u017ea\u0159sk\u00e9 vleky a p\u0159\u00edroda si dop\u0159\u00e1v\u00e1 svou zcela zaslou\u017eenou pauzu, aby nabrala novou energii, p\u0159ich\u00e1z\u00ed do Salcburska jaro a l\u00e9to s\u00a0nejr\u016fzn\u011bj\u0161\u00edmi kulturn\u00edmi ud\u00e1lostmi.<\/p>\n<h3>Festival v Gollingu<\/h3>\n<p>Od poloviny \u010dervence a\u017e do poloviny srpna se kon\u00e1 \u201emal\u00fd <span class=\"textannotation disambiguated wl-thing\" id=\"urn:local-text-annotation-af5z21p635hxydxlmkevzciij6czg2pc\" itemid=\"http:\/\/open.salzburgerland.com\/cs\/entity\/festival\">festival<\/span>\u201c v\u00a0<a href=\"https:\/\/www.golling.info\/en\/\" target=\"_blank\" rel=\"noopener noreferrer\">Gollingu <\/a>na stejnojmenn\u00e9m hrad\u011b. Klasika, jazz, world music a <span class=\"textannotation disambiguated wl-other\" id=\"urn:enhancement-73b7884c\" itemid=\"http:\/\/open.salzburgerland.com\/cs\/entity\/moderniho_umeni\">modern\u00ed um\u011bn\u00ed<\/span> se tu spole\u010dn\u011b prol\u00ednaj\u00ed a spojuj\u00ed se s\u00a0autorsk\u00fdmi \u010dten\u00edmi nebo v\u00edde\u0148skou hudbou.<\/p>\n<h3>Jazzfest Saalfelden<\/h3>\n<p>Saalfelden je prov\u011b\u0159en\u00fdm m\u011bstem jazzu. <a href=\"http:\/\/www.jazzsaalfelden.com\/en\/\" target=\"_blank\" rel=\"noopener noreferrer\">Jazzfest Saalfelden<\/a> se zde konal na konci srpna 2016 ji\u017e po sedmat\u0159ic\u00e1t\u00e9. I na p\u0159\u00ed\u0161t\u00ed rok m\u00e1 p\u0159ipraven excelentn\u00ed program. Co je obzvl\u00e1\u0161t\u011b hezk\u00e9, krom\u011b velk\u00fdch koncertn\u00edch p\u00f3di\u00ed se hraje tak\u00e9 na horsk\u00fdch pastvin\u00e1ch pod \u0161ir\u00fdm nebem.<\/p>\n<div id=\"attachment_144769\" style=\"width: 1180px\" class=\"wp-caption alignnone\"><img decoding=\"async\" aria-describedby=\"caption-attachment-144769\" class=\"size-1170_658 wp-image-144769\" src=\"https:\/\/cdn.salzburgerland.com\/cs\/wp-content\/uploads\/2016\/11\/saalfelden-sommer-jazzfestival-c-artisual-1920x1067-1-1170x658.jpg\" alt=\"\" width=\"1170\" height=\"658\" srcset=\"https:\/\/www.salzburgerland.com\/cs\/wp-content\/uploads\/2016\/11\/saalfelden-sommer-jazzfestival-c-artisual-1920x1067-1-1170x658.jpg 1170w, https:\/\/www.salzburgerland.com\/cs\/wp-content\/uploads\/2016\/11\/saalfelden-sommer-jazzfestival-c-artisual-1920x1067-1-1200x675.jpg 1200w\" sizes=\"(max-width: 1170px) 100vw, 1170px\"><p id=\"caption-attachment-144769\" class=\"wp-caption-text\">Jazzfestival Saalfelden \u00a9SalzburgerLand Tourismus<\/p><\/div>\n<h3>Pr\u00e1zdniny v Gasteinu<\/h3>\n<p>Gasteinu se \u010dasto \u0159\u00edk\u00e1 \u201eMonte Carlo Alp\u201c. Pomalu z\u00edsk\u00e1v\u00e1 i d\u00e1vn\u00fd glanc. Velk\u00fd pod\u00edl na tom m\u00e1 tak\u00e9 akce s n\u00e1zvem <a href=\"http:\/\/www.sommerfrischekunst.de\/\" target=\"_blank\" rel=\"noopener noreferrer\">sommer.frische.kunst<\/a> v Bad Gasteinu, kde se sch\u00e1z\u00ed zn\u00e1m\u00ed um\u011blci s\u00a0vynikaj\u00edc\u00edm programem, workshopy a v\u00fdstavami.<\/p>\n<h3>Salcbursk\u00fd selsk\u00fd podzim<\/h3>\n<p>Zat\u00edmco pro mnoh\u00e9 znamen\u00e1 l\u00e9to \u010das odpo\u010dinku a dovolen\u00e9, pro zem\u011bd\u011blce a sedl\u00e1ky na horsk\u00fdch pastvin\u00e1ch je to p\u0159edev\u0161\u00edm pr\u00e1ce, pr\u00e1ce a zase pr\u00e1ce. Na podzim se tedy samoz\u0159ejm\u011b slav\u00ed, jakmile zavl\u00e1dne klid a v\u0161ichni jsou z\u00a0pastvin zp\u00e1tky v\u00a0\u00fadol\u00ed. V\u00a0z\u00e1\u0159\u00ed a \u0159\u00edjnu jsou na programu oslavy selsk\u00e9ho podzimu, na kter\u00fdch nesm\u00ed chyb\u011bt <span class=\"textannotation disambiguated wl-other\" id=\"urn:enhancement-f59c0df2\" itemid=\"http:\/\/open.salzburgerland.com\/cs\/entity\/tradicni\">tradi\u010dn\u00ed<\/span> rakousk\u00e1 dechovka, dobr\u00e9 j\u00eddlo a pit\u00ed.<\/p>\n<p><strong>V\u00fdjime\u010dn\u00fd tip:<\/strong> <a href=\"http:\/\/www.heuart.at\/\" target=\"_blank\" rel=\"noopener noreferrer\">HeuART<\/a> v\u00a0Lammertalu na konci srpna ukazuje, co v\u0161echno je mo\u017en\u00e9 vyrobit ze sena je\u0161t\u011b p\u0159ed t\u00edm, ne\u017e poslou\u017e\u00ed jako krmen\u00ed pro zv\u00ed\u0159ata. Od obrovsk\u00fdch skulptur a\u017e po elegantn\u00ed (a pravd\u011bpodobn\u011b tak\u00e9 \u0161kr\u00e1baj\u00edc\u00ed) oble\u010den\u00ed.<\/p>\n<p><iframe title=\"Visit The Home Of The Sound Of Music\" width=\"500\" height=\"281\" src=\"https:\/\/www.youtube-nocookie.com\/embed\/2-mqu6YK4z8?feature=oembed&amp;rel=0&amp;modestbranding=1\" frameborder=\"0\" allow=\"accelerometer; autoplay; clipboard-write; encrypted-media; gyroscope; picture-in-picture; web-share\" referrerpolicy=\"strict-origin-when-cross-origin\" allowfullscreen><\/iframe><\/p>\n","protected":false},"excerpt":{"rendered":"<p>T\u00fddny Mozarta \u2013 start kulturn\u00edho roku Rok tradi\u010dn\u011b v\u00a0Salcburku za\u010d\u00edn\u00e1 T\u00fddny Mozarta. Ji\u017e od 50. let se b\u011bhem nich oslavuje nejslavn\u011bj\u0161\u00ed syn m\u011bsta a Salcburkem zn\u00ed komorn\u00ed koncerty a\u017e po grandi\u00f3zn\u00ed Requiem. Vystoupen\u00ed r\u016fzn\u00fdch ans\u00e1mbl\u016f se konaj\u00ed nap\u0159\u00edklad v\u00a0Mozarteu, Felsenreitschule ale tak\u00e9 v Mozartov\u011b dom\u011b. Sound of Music aneb Za zvuk\u016f hudby Americk\u00fd filmov\u00fd muzik\u00e1l [&hellip;]<\/p>\n","protected":false},"author":6,"featured_media":362,"comment_status":"closed","ping_status":"closed","sticky":false,"template":"","format":"standard","meta":{"_acf_changed":false,"wl_entities_gutenberg":"","_relevanssi_hide_post":"","_relevanssi_hide_content":"","_relevanssi_pin_for_all":"","_relevanssi_pin_keywords":"","_relevanssi_unpin_keywords":"","_relevanssi_related_keywords":"","_relevanssi_related_include_ids":"","_relevanssi_related_exclude_ids":"","_relevanssi_related_no_append":"","_relevanssi_related_not_related":"","_relevanssi_related_posts":"","_relevanssi_noindex_reason":"","footnotes":""},"categories":[1],"tags":[],"wl_entity_type":[706],"class_list":["post-208","post","type-post","status-publish","format-standard","has-post-thumbnail","hentry","category-uncategorized","wl_entity_type-article"],"acf":[],"yoast_head":"<!-- This site is optimized with the Yoast SEO Premium plugin v27.4 (Yoast SEO v27.4) - https:\/\/yoast.com\/product\/yoast-seo-premium-wordpress\/ -->\n<title>Kulturn\u00ed perly \u00bb SalzburgerLand.com<\/title>\n<meta name=\"robots\" content=\"index, follow, max-snippet:-1, max-image-preview:large, max-video-preview:-1\" \/>\n<link rel=\"canonical\" href=\"https:\/\/www.salzburgerland.com\/cs\/kulturni-perly\/\" \/>\n<meta property=\"og:locale\" content=\"cs_CZ\" \/>\n<meta property=\"og:type\" content=\"article\" \/>\n<meta property=\"og:title\" content=\"Kulturn\u00ed perly\" \/>\n<meta property=\"og:description\" content=\"T\u00fddny Mozarta \u2013 start kulturn\u00edho roku Rok tradi\u010dn\u011b v\u00a0Salcburku za\u010d\u00edn\u00e1 T\u00fddny Mozarta. Ji\u017e od 50. let se b\u011bhem nich oslavuje nejslavn\u011bj\u0161\u00ed syn m\u011bsta a\" \/>\n<meta property=\"og:url\" content=\"https:\/\/www.salzburgerland.com\/cs\/kulturni-perly\/\" \/>\n<meta property=\"og:site_name\" content=\"SalzburgerLand.com\" \/>\n<meta property=\"article:publisher\" content=\"https:\/\/www.facebook.com\/visitsalzburgerland\/\" \/>\n<meta property=\"article:published_time\" content=\"2016-11-16T18:02:04+00:00\" \/>\n<meta property=\"article:modified_time\" content=\"2023-03-29T12:46:49+00:00\" \/>\n<meta property=\"og:image\" content=\"https:\/\/www.salzburgerland.com\/cs\/wp-content\/uploads\/2017\/01\/festspiele_jedermann-auffuehrung-salzburg-2015_tsg-1200x675.jpg\" \/>\n\t<meta property=\"og:image:width\" content=\"1200\" \/>\n\t<meta property=\"og:image:height\" content=\"675\" \/>\n\t<meta property=\"og:image:type\" content=\"image\/jpeg\" \/>\n<meta name=\"author\" content=\"Andrea \u017d\u00e1\u010dkov\u00e1\" \/>\n<meta name=\"twitter:card\" content=\"summary_large_image\" \/>\n<meta name=\"twitter:creator\" content=\"@salzburgerland\" \/>\n<meta name=\"twitter:site\" content=\"@salzburgerland\" \/>\n<meta name=\"twitter:label1\" content=\"Napsal(a)\" \/>\n\t<meta name=\"twitter:data1\" content=\"Andrea \u017d\u00e1\u010dkov\u00e1\" \/>\n\t<meta name=\"twitter:label2\" content=\"Odhadovan\u00e1 doba \u010dten\u00ed\" \/>\n\t<meta name=\"twitter:data2\" content=\"5 minut\" \/>\n<script type=\"application\/ld+json\" class=\"yoast-schema-graph\">{\"@context\":\"https:\\\/\\\/schema.org\",\"@graph\":[{\"@type\":\"Article\",\"@id\":\"https:\\\/\\\/www.salzburgerland.com\\\/cs\\\/kulturni-perly\\\/#article\",\"isPartOf\":{\"@id\":\"https:\\\/\\\/www.salzburgerland.com\\\/cs\\\/kulturni-perly\\\/\"},\"author\":{\"name\":\"Andrea \u017d\u00e1\u010dkov\u00e1\",\"@id\":\"https:\\\/\\\/www.salzburgerland.com\\\/cs\\\/#\\\/schema\\\/person\\\/dd42a4661897004df109095dbf40eeff\"},\"headline\":\"Kulturn\u00ed perly\",\"datePublished\":\"2016-11-16T18:02:04+00:00\",\"dateModified\":\"2023-03-29T12:46:49+00:00\",\"mainEntityOfPage\":{\"@id\":\"https:\\\/\\\/www.salzburgerland.com\\\/cs\\\/kulturni-perly\\\/\"},\"wordCount\":984,\"image\":{\"@id\":\"https:\\\/\\\/www.salzburgerland.com\\\/cs\\\/kulturni-perly\\\/#primaryimage\"},\"thumbnailUrl\":\"https:\\\/\\\/www.salzburgerland.com\\\/cs\\\/wp-content\\\/uploads\\\/2017\\\/01\\\/festspiele_jedermann-auffuehrung-salzburg-2015_tsg.jpg\",\"articleSection\":[\"Uncategorized\"],\"inLanguage\":\"cs\"},{\"@type\":\"WebPage\",\"@id\":\"https:\\\/\\\/www.salzburgerland.com\\\/cs\\\/kulturni-perly\\\/\",\"url\":\"https:\\\/\\\/www.salzburgerland.com\\\/cs\\\/kulturni-perly\\\/\",\"name\":\"Kulturn\u00ed perly \u00bb SalzburgerLand.com\",\"isPartOf\":{\"@id\":\"https:\\\/\\\/www.salzburgerland.com\\\/cs\\\/#website\"},\"primaryImageOfPage\":{\"@id\":\"https:\\\/\\\/www.salzburgerland.com\\\/cs\\\/kulturni-perly\\\/#primaryimage\"},\"image\":{\"@id\":\"https:\\\/\\\/www.salzburgerland.com\\\/cs\\\/kulturni-perly\\\/#primaryimage\"},\"thumbnailUrl\":\"https:\\\/\\\/www.salzburgerland.com\\\/cs\\\/wp-content\\\/uploads\\\/2017\\\/01\\\/festspiele_jedermann-auffuehrung-salzburg-2015_tsg.jpg\",\"datePublished\":\"2016-11-16T18:02:04+00:00\",\"dateModified\":\"2023-03-29T12:46:49+00:00\",\"author\":{\"@id\":\"https:\\\/\\\/www.salzburgerland.com\\\/cs\\\/#\\\/schema\\\/person\\\/dd42a4661897004df109095dbf40eeff\"},\"description\":\"Cel\u00fd sv\u011bt v\u00ed, \u017ee m\u00e1 m\u011bsto Salcburk co nab\u00eddnout. Ale tak\u00e9 cel\u00e1 spolkov\u00e1 zem\u011b Salcbursko m\u00e1 p\u0159ipraveno mnoho kulturn\u00edch akc\u00ed. A\u0165 u\u017e se jedn\u00e1 o jazzov\u00e9 vystoupen\u00ed, klasick\u00e9 koncerty, divadlo, literaturu nebo lidov\u00e9 tradice. Do Salcburska za kulturou a um\u011bn\u00edm m\u016f\u017eete po cel\u00fd rok.\",\"breadcrumb\":{\"@id\":\"https:\\\/\\\/www.salzburgerland.com\\\/cs\\\/kulturni-perly\\\/#breadcrumb\"},\"inLanguage\":\"cs\",\"potentialAction\":[{\"@type\":\"ReadAction\",\"target\":[\"https:\\\/\\\/www.salzburgerland.com\\\/cs\\\/kulturni-perly\\\/\"]}]},{\"@type\":\"ImageObject\",\"inLanguage\":\"cs\",\"@id\":\"https:\\\/\\\/www.salzburgerland.com\\\/cs\\\/kulturni-perly\\\/#primaryimage\",\"url\":\"https:\\\/\\\/www.salzburgerland.com\\\/cs\\\/wp-content\\\/uploads\\\/2017\\\/01\\\/festspiele_jedermann-auffuehrung-salzburg-2015_tsg.jpg\",\"contentUrl\":\"https:\\\/\\\/www.salzburgerland.com\\\/cs\\\/wp-content\\\/uploads\\\/2017\\\/01\\\/festspiele_jedermann-auffuehrung-salzburg-2015_tsg.jpg\",\"width\":1920,\"height\":1278,\"caption\":\"Salcbursk\u00fd festival, Jedermann (Kdokoli) \u00a9 Tourismus Salzburg GmbH, Bryan Reinhart\"},{\"@type\":\"BreadcrumbList\",\"@id\":\"https:\\\/\\\/www.salzburgerland.com\\\/cs\\\/kulturni-perly\\\/#breadcrumb\",\"itemListElement\":[{\"@type\":\"ListItem\",\"position\":1,\"name\":\"Um\u011bn\u00ed a kultura\",\"item\":\"https:\\\/\\\/www.salzburgerland.com\\\/cs\\\/umeni-a-kultura\\\/\"},{\"@type\":\"ListItem\",\"position\":2,\"name\":\"Kulturn\u00ed perly\"}]},{\"@type\":\"WebSite\",\"@id\":\"https:\\\/\\\/www.salzburgerland.com\\\/cs\\\/#website\",\"url\":\"https:\\\/\\\/www.salzburgerland.com\\\/cs\\\/\",\"name\":\"SalzburgerLand.com\",\"description\":\"Va\u0161e dovolen\u00e1 v Salcburku, Rakousko\",\"potentialAction\":[{\"@type\":\"SearchAction\",\"target\":{\"@type\":\"EntryPoint\",\"urlTemplate\":\"https:\\\/\\\/www.salzburgerland.com\\\/cs\\\/?s={search_term_string}\"},\"query-input\":{\"@type\":\"PropertyValueSpecification\",\"valueRequired\":true,\"valueName\":\"search_term_string\"}}],\"inLanguage\":\"cs\"},{\"@type\":\"Person\",\"@id\":\"https:\\\/\\\/www.salzburgerland.com\\\/cs\\\/#\\\/schema\\\/person\\\/dd42a4661897004df109095dbf40eeff\",\"name\":\"Andrea \u017d\u00e1\u010dkov\u00e1\",\"image\":{\"@type\":\"ImageObject\",\"inLanguage\":\"cs\",\"@id\":\"https:\\\/\\\/secure.gravatar.com\\\/avatar\\\/338deec8d231d56d0ab7b2b7d6d0aedbcb3eb05390f6c027fd5b7ebe87b67dbf?s=96&d=mm&r=g\",\"url\":\"https:\\\/\\\/secure.gravatar.com\\\/avatar\\\/338deec8d231d56d0ab7b2b7d6d0aedbcb3eb05390f6c027fd5b7ebe87b67dbf?s=96&d=mm&r=g\",\"contentUrl\":\"https:\\\/\\\/secure.gravatar.com\\\/avatar\\\/338deec8d231d56d0ab7b2b7d6d0aedbcb3eb05390f6c027fd5b7ebe87b67dbf?s=96&d=mm&r=g\",\"caption\":\"Andrea \u017d\u00e1\u010dkov\u00e1\"}}]}<\/script>\n<meta property=\"og:video\" content=\"https:\/\/www.youtube.com\/embed\/2-mqu6YK4z8\" \/>\n<meta property=\"og:video:type\" content=\"text\/html\" \/>\n<meta property=\"og:video:duration\" content=\"89\" \/>\n<meta property=\"og:video:width\" content=\"480\" \/>\n<meta property=\"og:video:height\" content=\"270\" \/>\n<meta property=\"ya:ovs:adult\" content=\"false\" \/>\n<meta property=\"ya:ovs:upload_date\" content=\"2016-11-16T18:02:04+00:00\" \/>\n<meta property=\"ya:ovs:allow_embed\" content=\"true\" \/>\n<!-- \/ Yoast SEO Premium plugin. -->","yoast_head_json":{"title":"Kulturn\u00ed perly \u00bb SalzburgerLand.com","robots":{"index":"index","follow":"follow","max-snippet":"max-snippet:-1","max-image-preview":"max-image-preview:large","max-video-preview":"max-video-preview:-1"},"canonical":"https:\/\/www.salzburgerland.com\/cs\/kulturni-perly\/","og_locale":"cs_CZ","og_type":"article","og_title":"Kulturn\u00ed perly","og_description":"T\u00fddny Mozarta \u2013 start kulturn\u00edho roku Rok tradi\u010dn\u011b v\u00a0Salcburku za\u010d\u00edn\u00e1 T\u00fddny Mozarta. Ji\u017e od 50. let se b\u011bhem nich oslavuje nejslavn\u011bj\u0161\u00ed syn m\u011bsta a","og_url":"https:\/\/www.salzburgerland.com\/cs\/kulturni-perly\/","og_site_name":"SalzburgerLand.com","article_publisher":"https:\/\/www.facebook.com\/visitsalzburgerland\/","article_published_time":"2016-11-16T18:02:04+00:00","article_modified_time":"2023-03-29T12:46:49+00:00","og_image":[{"width":1200,"height":675,"url":"https:\/\/www.salzburgerland.com\/cs\/wp-content\/uploads\/2017\/01\/festspiele_jedermann-auffuehrung-salzburg-2015_tsg-1200x675.jpg","type":"image\/jpeg"}],"author":"Andrea \u017d\u00e1\u010dkov\u00e1","twitter_card":"summary_large_image","twitter_creator":"@salzburgerland","twitter_site":"@salzburgerland","twitter_misc":{"Napsal(a)":"Andrea \u017d\u00e1\u010dkov\u00e1","Odhadovan\u00e1 doba \u010dten\u00ed":"5 minut"},"schema":{"@context":"https:\/\/schema.org","@graph":[{"@type":"Article","@id":"https:\/\/www.salzburgerland.com\/cs\/kulturni-perly\/#article","isPartOf":{"@id":"https:\/\/www.salzburgerland.com\/cs\/kulturni-perly\/"},"author":{"name":"Andrea \u017d\u00e1\u010dkov\u00e1","@id":"https:\/\/www.salzburgerland.com\/cs\/#\/schema\/person\/dd42a4661897004df109095dbf40eeff"},"headline":"Kulturn\u00ed perly","datePublished":"2016-11-16T18:02:04+00:00","dateModified":"2023-03-29T12:46:49+00:00","mainEntityOfPage":{"@id":"https:\/\/www.salzburgerland.com\/cs\/kulturni-perly\/"},"wordCount":984,"image":{"@id":"https:\/\/www.salzburgerland.com\/cs\/kulturni-perly\/#primaryimage"},"thumbnailUrl":"https:\/\/www.salzburgerland.com\/cs\/wp-content\/uploads\/2017\/01\/festspiele_jedermann-auffuehrung-salzburg-2015_tsg.jpg","articleSection":["Uncategorized"],"inLanguage":"cs"},{"@type":"WebPage","@id":"https:\/\/www.salzburgerland.com\/cs\/kulturni-perly\/","url":"https:\/\/www.salzburgerland.com\/cs\/kulturni-perly\/","name":"Kulturn\u00ed perly \u00bb SalzburgerLand.com","isPartOf":{"@id":"https:\/\/www.salzburgerland.com\/cs\/#website"},"primaryImageOfPage":{"@id":"https:\/\/www.salzburgerland.com\/cs\/kulturni-perly\/#primaryimage"},"image":{"@id":"https:\/\/www.salzburgerland.com\/cs\/kulturni-perly\/#primaryimage"},"thumbnailUrl":"https:\/\/www.salzburgerland.com\/cs\/wp-content\/uploads\/2017\/01\/festspiele_jedermann-auffuehrung-salzburg-2015_tsg.jpg","datePublished":"2016-11-16T18:02:04+00:00","dateModified":"2023-03-29T12:46:49+00:00","author":{"@id":"https:\/\/www.salzburgerland.com\/cs\/#\/schema\/person\/dd42a4661897004df109095dbf40eeff"},"description":"Cel\u00fd sv\u011bt v\u00ed, \u017ee m\u00e1 m\u011bsto Salcburk co nab\u00eddnout. Ale tak\u00e9 cel\u00e1 spolkov\u00e1 zem\u011b Salcbursko m\u00e1 p\u0159ipraveno mnoho kulturn\u00edch akc\u00ed. A\u0165 u\u017e se jedn\u00e1 o jazzov\u00e9 vystoupen\u00ed, klasick\u00e9 koncerty, divadlo, literaturu nebo lidov\u00e9 tradice. Do Salcburska za kulturou a um\u011bn\u00edm m\u016f\u017eete po cel\u00fd rok.","breadcrumb":{"@id":"https:\/\/www.salzburgerland.com\/cs\/kulturni-perly\/#breadcrumb"},"inLanguage":"cs","potentialAction":[{"@type":"ReadAction","target":["https:\/\/www.salzburgerland.com\/cs\/kulturni-perly\/"]}]},{"@type":"ImageObject","inLanguage":"cs","@id":"https:\/\/www.salzburgerland.com\/cs\/kulturni-perly\/#primaryimage","url":"https:\/\/www.salzburgerland.com\/cs\/wp-content\/uploads\/2017\/01\/festspiele_jedermann-auffuehrung-salzburg-2015_tsg.jpg","contentUrl":"https:\/\/www.salzburgerland.com\/cs\/wp-content\/uploads\/2017\/01\/festspiele_jedermann-auffuehrung-salzburg-2015_tsg.jpg","width":1920,"height":1278,"caption":"Salcbursk\u00fd festival, Jedermann (Kdokoli) \u00a9 Tourismus Salzburg GmbH, Bryan Reinhart"},{"@type":"BreadcrumbList","@id":"https:\/\/www.salzburgerland.com\/cs\/kulturni-perly\/#breadcrumb","itemListElement":[{"@type":"ListItem","position":1,"name":"Um\u011bn\u00ed a kultura","item":"https:\/\/www.salzburgerland.com\/cs\/umeni-a-kultura\/"},{"@type":"ListItem","position":2,"name":"Kulturn\u00ed perly"}]},{"@type":"WebSite","@id":"https:\/\/www.salzburgerland.com\/cs\/#website","url":"https:\/\/www.salzburgerland.com\/cs\/","name":"SalzburgerLand.com","description":"Va\u0161e dovolen\u00e1 v Salcburku, Rakousko","potentialAction":[{"@type":"SearchAction","target":{"@type":"EntryPoint","urlTemplate":"https:\/\/www.salzburgerland.com\/cs\/?s={search_term_string}"},"query-input":{"@type":"PropertyValueSpecification","valueRequired":true,"valueName":"search_term_string"}}],"inLanguage":"cs"},{"@type":"Person","@id":"https:\/\/www.salzburgerland.com\/cs\/#\/schema\/person\/dd42a4661897004df109095dbf40eeff","name":"Andrea \u017d\u00e1\u010dkov\u00e1","image":{"@type":"ImageObject","inLanguage":"cs","@id":"https:\/\/secure.gravatar.com\/avatar\/338deec8d231d56d0ab7b2b7d6d0aedbcb3eb05390f6c027fd5b7ebe87b67dbf?s=96&d=mm&r=g","url":"https:\/\/secure.gravatar.com\/avatar\/338deec8d231d56d0ab7b2b7d6d0aedbcb3eb05390f6c027fd5b7ebe87b67dbf?s=96&d=mm&r=g","contentUrl":"https:\/\/secure.gravatar.com\/avatar\/338deec8d231d56d0ab7b2b7d6d0aedbcb3eb05390f6c027fd5b7ebe87b67dbf?s=96&d=mm&r=g","caption":"Andrea \u017d\u00e1\u010dkov\u00e1"}}]},"og_video":"https:\/\/www.youtube.com\/embed\/2-mqu6YK4z8","og_video_type":"text\/html","og_video_duration":"89","og_video_width":"480","og_video_height":"270","ya_ovs_adult":"false","ya_ovs_upload_date":"2016-11-16T18:02:04+00:00","ya_ovs_allow_embed":"true"},"_wl_alt_label":[],"wl:entity_url":"http:\/\/open.salzburgerland.com\/cs\/post\/kulturni_perly","_links":{"self":[{"href":"https:\/\/www.salzburgerland.com\/cs\/wp-json\/wp\/v2\/posts\/208","targetHints":{"allow":["GET"]}}],"collection":[{"href":"https:\/\/www.salzburgerland.com\/cs\/wp-json\/wp\/v2\/posts"}],"about":[{"href":"https:\/\/www.salzburgerland.com\/cs\/wp-json\/wp\/v2\/types\/post"}],"author":[{"embeddable":true,"href":"https:\/\/www.salzburgerland.com\/cs\/wp-json\/wp\/v2\/users\/6"}],"replies":[{"embeddable":true,"href":"https:\/\/www.salzburgerland.com\/cs\/wp-json\/wp\/v2\/comments?post=208"}],"version-history":[{"count":5,"href":"https:\/\/www.salzburgerland.com\/cs\/wp-json\/wp\/v2\/posts\/208\/revisions"}],"predecessor-version":[{"id":155575,"href":"https:\/\/www.salzburgerland.com\/cs\/wp-json\/wp\/v2\/posts\/208\/revisions\/155575"}],"wp:featuredmedia":[{"embeddable":true,"href":"https:\/\/www.salzburgerland.com\/cs\/wp-json\/wp\/v2\/media\/362"}],"wp:attachment":[{"href":"https:\/\/www.salzburgerland.com\/cs\/wp-json\/wp\/v2\/media?parent=208"}],"wp:term":[{"taxonomy":"category","embeddable":true,"href":"https:\/\/www.salzburgerland.com\/cs\/wp-json\/wp\/v2\/categories?post=208"},{"taxonomy":"post_tag","embeddable":true,"href":"https:\/\/www.salzburgerland.com\/cs\/wp-json\/wp\/v2\/tags?post=208"},{"taxonomy":"wl_entity_type","embeddable":true,"href":"https:\/\/www.salzburgerland.com\/cs\/wp-json\/wp\/v2\/wl_entity_type?post=208"}],"curies":[{"name":"wp","href":"https:\/\/api.w.org\/{rel}","templated":true}]}}