{"id":163,"date":"2016-11-16T17:58:09","date_gmt":"2016-11-16T17:58:09","guid":{"rendered":"https:\/\/www.onebigpark.at\/cs\/?p=163"},"modified":"2025-07-14T15:35:00","modified_gmt":"2025-07-14T13:35:00","slug":"elektro-kola","status":"publish","type":"post","link":"https:\/\/www.salzburgerland.com\/cs\/elektro-kola\/","title":{"rendered":"Elektro kola"},"content":{"rendered":"<p>J\u00edzda na elektro kolech v Salcbursku se v posledn\u00edch letech t\u011b\u0161\u00ed st\u00e1le v\u011bt\u0161\u00ed oblib\u011b a mnoh\u00fdm z n\u00e1s otev\u00edr\u00e1 mo\u017enost dostat se na m\u00edsta, kter\u00e1 byla doposud vyhrazena v\u00fdkonnostn\u00edm sportovc\u016fm na jejich horsk\u00fdch a z\u00e1vodn\u00edch kolech. Je jedno, zda chcete poko\u0159it tu \u010di onu horu, objevovat pro sebe ze sedla m\u011bsto Salcburk a jeho okol\u00ed nebo chcete nav\u0161t\u00edvit nes\u010detn\u00e1 jezera Salcburska. Elektro kola u\u017e jsou vybavena pro t\u00e9m\u011b\u0159 ka\u017edou v\u00fdzvu a ide\u00e1ln\u00ed poj\u00edzdn\u00fd prost\u0159edek pro zaslou\u017een\u00e9 dny dovolen\u00e9.<\/p>\n<div id=\"attachment_145017\" style=\"width: 1180px\" class=\"wp-caption alignnone\"><img decoding=\"async\" aria-describedby=\"caption-attachment-145017\" class=\"wp-image-145017 size-1170_658\" src=\"https:\/\/www.salzburgerland.com\/cs\/wp-content\/uploads\/2019\/05\/e-bike_hochkoenig_flow_trailcsalzburgerland_-erwin-haiden-1170x658.jpg\" alt=\"Hochk\u00f6nig je r\u00e1j pro elektro kol\" width=\"1170\" height=\"658\" srcset=\"https:\/\/www.salzburgerland.com\/cs\/wp-content\/uploads\/2019\/05\/e-bike_hochkoenig_flow_trailcsalzburgerland_-erwin-haiden-1170x658.jpg 1170w, https:\/\/www.salzburgerland.com\/cs\/wp-content\/uploads\/2019\/05\/e-bike_hochkoenig_flow_trailcsalzburgerland_-erwin-haiden-1200x675.jpg 1200w\" sizes=\"(max-width: 1170px) 100vw, 1170px\"><p id=\"caption-attachment-145017\" class=\"wp-caption-text\">Hochk\u00f6nig je r\u00e1j pro elektro kol \u00a9 SalzburgerLand Tourismus, Erwin Haiden<\/p><\/div>\n<p>Elektro kola se p\u0159itom musela dlouho pot\u00fdkat s p\u0159edsudkem, \u017ee jsou jen pro ty, kdo u\u017e pro norm\u00e1ln\u00ed \u201acyklistiku\u2019 nejsou dostate\u010dn\u011b fit. Na\u0161t\u011bst\u00ed se tento myln\u00fd n\u00e1zor \u010dasem zcela zm\u011bnil a e-mobilitu si ji\u017e dnes od sportovn\u00ed cyklistiky a fitness nelze odmyslet. Kola jsou poh\u00e1n\u011bna lehk\u00fdm, velmi tich\u00fdm elektromotorem a maj\u00ed dojezd minim\u00e1ln\u011b 40 kilometr\u016f. V z\u00e1vislosti na tom, jak siln\u011b \u010dlov\u011bk s\u00e1m \u0161lape do ped\u00e1l\u016f, se m\u016f\u017ee dojezd i zv\u00fd\u0161it. Mnoho region\u016f ji\u017e intenzivn\u011b stav\u00ed na tomto \u0161etrn\u00e9m zp\u016fsobu mobility, a tak p\u0159ib\u00fdv\u00e1 m\u00edst, na nich\u017e se najde hust\u00e1 servisn\u00ed s\u00ed\u0165, kde si lze nejnov\u011bj\u0161\u00ed elektro kola vyp\u016fj\u010dit a zdarma vym\u011bnit baterii. D\u0159\u00edve, ne\u017e si poprv\u00e9 vyjedete, se s elektro kolem seznamte a nechte si d\u00e1t rady od prof\u00edk\u016f.<\/p>\n<h3>Hlavn\u00ed fakta o elektro kolech v Salcbursku<\/h3>\n<p>Elektrokol\u016fm nejsou v Salcbursku kladeny \u017e\u00e1dn\u00e9 meze a lze se tu vy\u0159\u00e1dit dle libosti. N\u011bkter\u00e9 regiony se v uplynul\u00fdch letech specializovaly v t\u00e9to oblasti do t\u00e9 m\u00edry, \u017ee je lze bez p\u0159eh\u00e1n\u011bn\u00ed klasifikovat jako \u201aregiony elektro kol\u2019.<\/p>\n<h3>Region elektro kol Lungau<\/h3>\n<p>Bo\u010dn\u00ed \u00fadol\u00ed <a href=\"https:\/\/www.salzburgerland.com\/cs\/salcbursky-lungau-cyklistika\/\" target=\"_blank\" rel=\"noopener noreferrer\">Lungau <\/a>se rozprost\u00edraj\u00ed hv\u011bzdicovit\u011b jako dr\u00e1ty kola a \u010dekaj\u00ed jen na to, abyste je \u201ena kole prozkoumali\u201c. Pro po\u017eitk\u00e1\u0159sk\u00e9 cyklisty existuje v nejslune\u010dn\u011bj\u0161\u00edm \u00fadol\u00ed Rakouska okolo 500 rozmanit\u00fdch kilometr\u016f, kter\u00e9 jsou z valn\u00e9 \u010d\u00e1sti dosa\u017eiteln\u00e9 i pro e-bikery. V nejv\u00fd\u0161e polo\u017een\u00e9m regionu pro pou\u017e\u00edv\u00e1n\u00ed elektro kol (sotva tu existuje m\u00edsto polo\u017een\u00e9 n\u00ed\u017ee ne\u017e 1 000 m nad mo\u0159em) je k dispozici okolo 150 elektro kol (horsk\u00e1 a m\u011bstsk\u00e1 kola) a t\u00e9m\u011b\u0159 100 akumul\u00e1torov\u00fdch dob\u00edjec\u00edch stanic, kter\u00e9 celoplo\u0161n\u011b pokr\u00fdvaj\u00ed nejji\u017en\u011bj\u0161\u00ed oblast Salcburska.<\/p>\n<h3>Hochk\u00f6nig: \u201aEl-Dorado\u2019 elektrokol<\/h3>\n<p>Region <a href=\"https:\/\/www.salzburgerland.com\/cs\/region-hochkonig-cyklistika\/\">Hochk\u00f6nig<\/a> lze bez p\u0159eh\u00e1n\u011bn\u00ed pova\u017eovat za pr\u016fkopn\u00edka v oblasti \u201acyklistiky na horsk\u00fdch elektro kolech\u2019. Jako prvn\u00ed region na sv\u011bt\u011b disponuje s\u00edt\u00ed elektrokolov\u00fdch dob\u00edjec\u00edch stanic, kter\u00e1 je ji\u017e vybudov\u00e1na v \u00fadol\u00ed i na hor\u00e1ch a je dimenzov\u00e1na na dob\u00edjec\u00ed syst\u00e9my v\u0161ech b\u011b\u017en\u00fdch elektro kol. Na vyzna\u010den\u00fdch tras\u00e1ch horsk\u00fdch elektrokol si proto nemus\u00edte d\u011blat \u017e\u00e1dn\u00e9 starosti s dob\u00edjen\u00edm. ii-Tour vede e-bikery 113 km p\u0159es Maria Alm, Dienten a M\u00fchlbach a tak\u00e9 na boudy a na \u00fa\u017easn\u00e1 z\u00e1\u017eitkov\u00e1 m\u00edsta a vyhl\u00eddky.<\/p>\n<div id=\"attachment_153300\" style=\"width: 806px\" class=\"wp-caption alignnone\"><img decoding=\"async\" aria-describedby=\"caption-attachment-153300\" class=\"size-large wp-image-153300\" src=\"https:\/\/www.salzburgerland.com\/cs\/wp-content\/uploads\/2022\/05\/aufladestation.jpg\" alt=\"Hochk\u00f6nig pat\u0159\u00ed mezi pr\u016fkopn\u00edky v oblasti elektrokol, proto jsou tu dob\u00edjec\u00ed stanice samoz\u0159ejmost\u00ed, a to v hor\u00e1ch i v \u00fadol\u00ed\" width=\"796\" height=\"500\" srcset=\"https:\/\/www.salzburgerland.com\/cs\/wp-content\/uploads\/2022\/05\/aufladestation.jpg 796w, https:\/\/www.salzburgerland.com\/cs\/wp-content\/uploads\/2022\/05\/aufladestation-768x482.jpg 768w\" sizes=\"(max-width: 796px) 100vw, 796px\"><p id=\"caption-attachment-153300\" class=\"wp-caption-text\">V Hochk\u00f6nigu se m\u016f\u017eete spolehnout na hustou s\u00ed\u0165 dob\u00edjec\u00edch tras pro elektrokola \u00a9 Hochk\u00f6nig Tourismus<\/p><\/div>\n<h3>J\u00edzda na elektrokolech v <a href=\"https:\/\/www.salzburgerland.com\/cs\/salcbursky-saalachtal-vylety-na-horskych-elektrokolech\/\">Salcbursk\u00e9m Saalachtalu<\/a><\/h3>\n<p>E-mobilita na kole m\u00e1 v <span id=\"urn:local-text-annotation-ss30pp1k0z98u6qaalm8uj8zieo9tvqm\" class=\"textannotation disambiguated wl-place\" itemid=\"local-entity-jnlxfb27exqvo9hf12izem9gmpy84buf\"><a href=\"http:\/\/www.lofer.com\/sommerurlaub\/mit-rad-a-bike\/e-bike\" target=\"_blank\" rel=\"noopener noreferrer\">Salcbursk\u00e9m Saalachtalu<\/a><\/span> velk\u00fd v\u00fdznam. A\u0165 u\u017e p\u0159ijedete na vlastn\u00edm kole nebo vyu\u017eijete jednoho z 80 kol k zap\u016fj\u010den\u00ed, dovolen\u00e1 tady je v\u017edy n\u011bco v\u00fdjime\u010dn\u00e9ho. Postaraj\u00ed se o to nejen srde\u010dn\u00ed lid\u00e9, kte\u0159\u00ed zde \u017eij\u00ed a pro n\u011b\u017e je pohostinnost naprostou samoz\u0159ejmost\u00ed, ale tak\u00e9 perfektn\u00ed infrastruktura, kterou zde mohou e-bike\u0159i vyu\u017e\u00edt. Na 21 dob\u00edjec\u00edch stanic\u00edch pro elektro kola je mo\u017en\u00e9 elektro kolo jednodu\u0161e a bezpe\u010dn\u011b dob\u00edt, nav\u0161t\u00edvit jedno z kr\u00e1sn\u00fdch pohostinstv\u00ed nebo se jednodu\u0161e nechat okouzlit n\u00e1dhernou p\u0159\u00edrodou.<\/p>\n<div id=\"attachment_144090\" style=\"width: 1180px\" class=\"wp-caption alignnone\"><img decoding=\"async\" aria-describedby=\"caption-attachment-144090\" class=\"size-1170_658 wp-image-144090\" src=\"https:\/\/www.salzburgerland.com\/cs\/wp-content\/uploads\/2016\/11\/e-mtb-10-salzburger-saalachtal-tourismus-kopie-1920x1067-1170x658.jpg\" alt=\"V\u00fdlety na elektro kolech v Salcbursk\u00e9m Saalachtalu\" width=\"1170\" height=\"658\" srcset=\"https:\/\/www.salzburgerland.com\/cs\/wp-content\/uploads\/2016\/11\/e-mtb-10-salzburger-saalachtal-tourismus-kopie-1920x1067-1170x658.jpg 1170w, https:\/\/www.salzburgerland.com\/cs\/wp-content\/uploads\/2016\/11\/e-mtb-10-salzburger-saalachtal-tourismus-kopie-1920x1067-1200x675.jpg 1200w\" sizes=\"(max-width: 1170px) 100vw, 1170px\"><p id=\"caption-attachment-144090\" class=\"wp-caption-text\">V\u00fdlety na elektro kolech v Salcbursk\u00e9m Saalachtalu \u00a9 Salzburger Saalachtal Tourismus<\/p><\/div>\n<h3>Werfenweng a ekologick\u00e1 mobilita<\/h3>\n<p><a href=\"http:\/\/www.werfenweng.eu\" target=\"_blank\" rel=\"noopener noreferrer\">Werfenweng <\/a>se jako modelov\u00e9 m\u00edsto \u0161etrn\u00e9 mobility (SAMO) upsal ekologick\u00e9mu cestov\u00e1n\u00ed. \u0160etrn\u00e1 mobilita znamen\u00e1 str\u00e1vit dovolenou bez auta a p\u0159esto b\u00fdt mobiln\u00ed. Zorganizujeme V\u00e1m tak perfektn\u00ed p\u0159\u00edjezd vlakem a nab\u00eddneme z\u00e1ruku mobility na m\u00edst\u011b s elektromobily, ko\u0148sk\u00fdmi povozy, ELOIS, osobn\u00edm \u0161of\u00e9rem a ekologick\u00fdmi vozidly. A k tomu samoz\u0159ejm\u011b n\u00e1le\u017e\u00ed tak\u00e9 elektro kola a elektrovozy v mnoha variant\u00e1ch. Z tohoto pohledu je Werfenweng u\u017e po mnoho let regionem elektro kol.<\/p>\n<h3>J\u00edzda na elektrokolech v Salcbursk\u00e9m sportovn\u00edm sv\u011bt\u011b<\/h3>\n<p>O zvl\u00e1\u0161tn\u00ed radost z j\u00edzdy na bezchybn\u011b vyzna\u010den\u00fdch cyklistick\u00fdch tras\u00e1ch <span id=\"urn:local-text-annotation-6vk1mornkpc11ukspxwvotcx9utf2eso\" class=\"textannotation disambiguated wl-place\" itemid=\"local-entity-ejxdl2c6v5ep5yzjds8kd6fpn3krtgeh\"><a href=\"https:\/\/www.salzburgerland.com\/cs\/salcbursky-sportovni-svet-v-lete\/\" target=\"_blank\" rel=\"noopener noreferrer\">Salcbursk\u00e9ho sportovn\u00edho sv\u011bta<\/a> <\/span>se postaraj\u00ed elektrokola, je\u017e si lze vyp\u016fj\u010dit v Altenmarkt-Zauchensee, <span id=\"urn:local-text-annotation-mmpw0ah8n5f4ulj1gnico6xwqpg6835v\" class=\"textannotation disambiguated wl-place\" itemid=\"http:\/\/open.salzburgerland.com\/cs\/entity\/flachau\">Flachau, <a href=\"https:\/\/www.salzburgerland.com\/cs\/radstadt-na-kole\/\">Radstadtu<\/a> nebo<\/span>\u00a0<a href=\"https:\/\/www.salzburgerland.com\/cs\/filzmoos-cyklistika\/\">Filzmoosu.<\/a> Tato m\u00edsta maj\u00ed k dispozici celkem 20 tras pro elektro kola, je\u017e se v\u0161echny nal\u00e9zaj\u00ed v bl\u00edzkosti p\u016fj\u010doven a dob\u00edjec\u00edch stanic. Trasy s pr\u016fvodcem jsou ve Filzmoos a <a href=\"https:\/\/www.salzburgerland.com\/cs\/flachau-cyklistika\/\">Flachau<\/a>.<\/p>\n<div id=\"attachment_159006\" style=\"width: 1180px\" class=\"wp-caption alignnone\"><img decoding=\"async\" aria-describedby=\"caption-attachment-159006\" class=\"size-1170_658 wp-image-159006\" src=\"https:\/\/www.salzburgerland.com\/cs\/wp-content\/uploads\/2024\/03\/e-mountainbiken_im_griessenkar_flachau-1170x658.jpg\" alt=\"Do hor se dostanete i s o n\u011bco men\u0161\u00edm \u00fasil\u00edm d\u00edky elektro pohonu\" width=\"1170\" height=\"658\" srcset=\"https:\/\/www.salzburgerland.com\/cs\/wp-content\/uploads\/2024\/03\/e-mountainbiken_im_griessenkar_flachau-1170x658.jpg 1170w, https:\/\/www.salzburgerland.com\/cs\/wp-content\/uploads\/2024\/03\/e-mountainbiken_im_griessenkar_flachau-1200x675.jpg 1200w\" sizes=\"(max-width: 1170px) 100vw, 1170px\"><p id=\"caption-attachment-159006\" class=\"wp-caption-text\">Na elektrokolech ve Flachau \u00a9 Flachau Tourismus<\/p><\/div>\n<h3>Na elektrokole po Taursk\u00e9 cyklostezce<\/h3>\n<h4>Upozorn\u011bn\u00ed na uzav\u00edrku \u010d\u00e1sti trasy:<\/h4>\n<p>Mezi Frohnwies (Wei\u00dfbach bei Lofer) a elektr\u00e1rnou Die\u00dfbach (Saalfelden) je cyklostezka Tauernradweg uzav\u0159ena. Vzhledem k p\u00e1du kamen\u016f a \u00falomk\u016f pod\u00e9l strm\u00e9 skaln\u00ed st\u011bny vede obj\u00ed\u017e\u010fka po paraleln\u00ed silnici B311, kde je k dispozici samostatn\u00fd cyklopruh.<\/p>\n<p>Taursk\u00e1 cyklostezka stoj\u00ed za cestu v\u017edy i e-biker\u016fm. D\u00edky bike-energy ji\u017e nyn\u00ed nab\u00edz\u00ed t\u00e9m\u011b\u0159 celoplo\u0161n\u00e9 pokryt\u00ed dob\u00edjec\u00edmi stanicemi, kter\u00e9 jsou kompatibiln\u00ed se v\u0161emi b\u011b\u017en\u00fdmi syst\u00e9my.<br>\nTaurskoucyklostezku nav\u00edc maj\u00ed na programu t\u00e9m\u011b\u0159 v\u0161ichni po\u0159adatel\u00e9 cykloturistick\u00fdch v\u00fdlet\u016f, kte\u0159\u00ed na dobu v\u00fdletu tak\u00e9 p\u016fj\u010duj\u00ed elektro kola.<\/p>\n<div id=\"attachment_160013\" style=\"width: 1180px\" class=\"wp-caption alignnone\"><img decoding=\"async\" aria-describedby=\"caption-attachment-160013\" class=\"size-1170_658 wp-image-160013\" src=\"https:\/\/www.salzburgerland.com\/cs\/wp-content\/uploads\/2022\/06\/krimml_tauernradweg_erste_etappecsalzburgerland_andreas_meyer-1170x658.jpg\" alt=\"Tauernradweg neboli Taursk\u00e1 cyklostezka vede i pod\u00e9l les\u016f\" width=\"1170\" height=\"658\" srcset=\"https:\/\/www.salzburgerland.com\/cs\/wp-content\/uploads\/2022\/06\/krimml_tauernradweg_erste_etappecsalzburgerland_andreas_meyer-1170x658.jpg 1170w, https:\/\/www.salzburgerland.com\/cs\/wp-content\/uploads\/2022\/06\/krimml_tauernradweg_erste_etappecsalzburgerland_andreas_meyer-1200x675.jpg 1200w\" sizes=\"(max-width: 1170px) 100vw, 1170px\"><p id=\"caption-attachment-160013\" class=\"wp-caption-text\">Tauernradweg neboli Taursk\u00e1 cyklostezka \u00a9 SalzburgerLand Tourismus, Andreas Meyer<\/p><\/div>\n","protected":false},"excerpt":{"rendered":"<p>J\u00edzda na elektro kolech v Salcbursku se v posledn\u00edch letech t\u011b\u0161\u00ed st\u00e1le v\u011bt\u0161\u00ed oblib\u011b a mnoh\u00fdm z n\u00e1s otev\u00edr\u00e1 mo\u017enost dostat se na m\u00edsta, kter\u00e1 byla doposud vyhrazena v\u00fdkonnostn\u00edm sportovc\u016fm na jejich horsk\u00fdch a z\u00e1vodn\u00edch kolech. Je jedno, zda chcete poko\u0159it tu \u010di onu horu, objevovat pro sebe ze sedla m\u011bsto Salcburk a jeho okol\u00ed [&hellip;]<\/p>\n","protected":false},"author":6,"featured_media":502,"comment_status":"closed","ping_status":"closed","sticky":false,"template":"","format":"standard","meta":{"_acf_changed":false,"wl_entities_gutenberg":"","_relevanssi_hide_post":"","_relevanssi_hide_content":"","_relevanssi_pin_for_all":"","_relevanssi_pin_keywords":"","_relevanssi_unpin_keywords":"","_relevanssi_related_keywords":"","_relevanssi_related_include_ids":"","_relevanssi_related_exclude_ids":"","_relevanssi_related_no_append":"","_relevanssi_related_not_related":"","_relevanssi_related_posts":"","_relevanssi_noindex_reason":"","footnotes":""},"categories":[1],"tags":[],"wl_entity_type":[706],"class_list":["post-163","post","type-post","status-publish","format-standard","has-post-thumbnail","hentry","category-uncategorized","wl_entity_type-article"],"acf":[],"yoast_head":"<!-- This site is optimized with the Yoast SEO Premium plugin v27.4 (Yoast SEO v27.4) - https:\/\/yoast.com\/product\/yoast-seo-premium-wordpress\/ -->\n<title>Elektro kola \u00bb SalzburgerLand.com<\/title>\n<meta name=\"robots\" content=\"index, follow, max-snippet:-1, max-image-preview:large, max-video-preview:-1\" \/>\n<link rel=\"canonical\" href=\"https:\/\/www.salzburgerland.com\/cs\/elektro-kola\/\" \/>\n<meta property=\"og:locale\" content=\"cs_CZ\" \/>\n<meta property=\"og:type\" content=\"article\" \/>\n<meta property=\"og:title\" content=\"Elektro kola\" \/>\n<meta property=\"og:description\" content=\"J\u00edzda na elektro kolech v Salcbursku se v posledn\u00edch letech t\u011b\u0161\u00ed st\u00e1le v\u011bt\u0161\u00ed oblib\u011b a mnoh\u00fdm z n\u00e1s otev\u00edr\u00e1 mo\u017enost dostat se na m\u00edsta, kter\u00e1 byla doposud\" \/>\n<meta property=\"og:url\" content=\"https:\/\/www.salzburgerland.com\/cs\/elektro-kola\/\" \/>\n<meta property=\"og:site_name\" content=\"SalzburgerLand.com\" \/>\n<meta property=\"article:publisher\" content=\"https:\/\/www.facebook.com\/visitsalzburgerland\/\" \/>\n<meta property=\"article:published_time\" content=\"2016-11-16T17:58:09+00:00\" \/>\n<meta property=\"article:modified_time\" content=\"2025-07-14T13:35:00+00:00\" \/>\n<meta property=\"og:image\" content=\"https:\/\/www.salzburgerland.com\/cs\/wp-content\/uploads\/2017\/01\/hochkonig-sommer-ebiken-1200x675.jpg\" \/>\n\t<meta property=\"og:image:width\" content=\"1200\" \/>\n\t<meta property=\"og:image:height\" content=\"675\" \/>\n\t<meta property=\"og:image:type\" content=\"image\/jpeg\" \/>\n<meta name=\"author\" content=\"Andrea \u017d\u00e1\u010dkov\u00e1\" \/>\n<meta name=\"twitter:card\" content=\"summary_large_image\" \/>\n<meta name=\"twitter:creator\" content=\"@salzburgerland\" \/>\n<meta name=\"twitter:site\" content=\"@salzburgerland\" \/>\n<meta name=\"twitter:label1\" content=\"Napsal(a)\" \/>\n\t<meta name=\"twitter:data1\" content=\"Andrea \u017d\u00e1\u010dkov\u00e1\" \/>\n\t<meta name=\"twitter:label2\" content=\"Odhadovan\u00e1 doba \u010dten\u00ed\" \/>\n\t<meta name=\"twitter:data2\" content=\"7 minut\" \/>\n<script type=\"application\/ld+json\" class=\"yoast-schema-graph\">{\"@context\":\"https:\\\/\\\/schema.org\",\"@graph\":[{\"@type\":\"Article\",\"@id\":\"https:\\\/\\\/www.salzburgerland.com\\\/cs\\\/elektro-kola\\\/#article\",\"isPartOf\":{\"@id\":\"https:\\\/\\\/www.salzburgerland.com\\\/cs\\\/elektro-kola\\\/\"},\"author\":{\"name\":\"Andrea \u017d\u00e1\u010dkov\u00e1\",\"@id\":\"https:\\\/\\\/www.salzburgerland.com\\\/cs\\\/#\\\/schema\\\/person\\\/dd42a4661897004df109095dbf40eeff\"},\"headline\":\"Elektro kola\",\"datePublished\":\"2016-11-16T17:58:09+00:00\",\"dateModified\":\"2025-07-14T13:35:00+00:00\",\"mainEntityOfPage\":{\"@id\":\"https:\\\/\\\/www.salzburgerland.com\\\/cs\\\/elektro-kola\\\/\"},\"wordCount\":1045,\"image\":{\"@id\":\"https:\\\/\\\/www.salzburgerland.com\\\/cs\\\/elektro-kola\\\/#primaryimage\"},\"thumbnailUrl\":\"https:\\\/\\\/www.salzburgerland.com\\\/cs\\\/wp-content\\\/uploads\\\/2017\\\/01\\\/hochkonig-sommer-ebiken.jpg\",\"articleSection\":[\"Uncategorized\"],\"inLanguage\":\"cs\"},{\"@type\":\"WebPage\",\"@id\":\"https:\\\/\\\/www.salzburgerland.com\\\/cs\\\/elektro-kola\\\/\",\"url\":\"https:\\\/\\\/www.salzburgerland.com\\\/cs\\\/elektro-kola\\\/\",\"name\":\"Elektro kola \u00bb SalzburgerLand.com\",\"isPartOf\":{\"@id\":\"https:\\\/\\\/www.salzburgerland.com\\\/cs\\\/#website\"},\"primaryImageOfPage\":{\"@id\":\"https:\\\/\\\/www.salzburgerland.com\\\/cs\\\/elektro-kola\\\/#primaryimage\"},\"image\":{\"@id\":\"https:\\\/\\\/www.salzburgerland.com\\\/cs\\\/elektro-kola\\\/#primaryimage\"},\"thumbnailUrl\":\"https:\\\/\\\/www.salzburgerland.com\\\/cs\\\/wp-content\\\/uploads\\\/2017\\\/01\\\/hochkonig-sommer-ebiken.jpg\",\"datePublished\":\"2016-11-16T17:58:09+00:00\",\"dateModified\":\"2025-07-14T13:35:00+00:00\",\"author\":{\"@id\":\"https:\\\/\\\/www.salzburgerland.com\\\/cs\\\/#\\\/schema\\\/person\\\/dd42a4661897004df109095dbf40eeff\"},\"description\":\"Nezatou\u017eili jste u\u017e n\u011bkdy dostat se k nejvy\u0161\u0161\u00edm vrcholk\u016fm, k nejmod\u0159ej\u0161\u00edm jezer\u016fm a k nejosam\u011blej\u0161\u00edm m\u00edst\u016fm na kole, ani\u017e byste se p\u0159itom p\u0159\u00edli\u0161 zapotili. Pak je j\u00edzda na elektrokole v Salcbursku pro V\u00e1s to prav\u00e9. Nap\u0159. v regionech Werfenweng, Hochk\u00f6nig, Salzburger Saalachtal a v Lungau najdou e-bike\u0159i perfektn\u00ed podm\u00ednky ke str\u00e1ven\u00ed skv\u011bl\u00e9 dovolen\u00e9.\",\"breadcrumb\":{\"@id\":\"https:\\\/\\\/www.salzburgerland.com\\\/cs\\\/elektro-kola\\\/#breadcrumb\"},\"inLanguage\":\"cs\",\"potentialAction\":[{\"@type\":\"ReadAction\",\"target\":[\"https:\\\/\\\/www.salzburgerland.com\\\/cs\\\/elektro-kola\\\/\"]}]},{\"@type\":\"ImageObject\",\"inLanguage\":\"cs\",\"@id\":\"https:\\\/\\\/www.salzburgerland.com\\\/cs\\\/elektro-kola\\\/#primaryimage\",\"url\":\"https:\\\/\\\/www.salzburgerland.com\\\/cs\\\/wp-content\\\/uploads\\\/2017\\\/01\\\/hochkonig-sommer-ebiken.jpg\",\"contentUrl\":\"https:\\\/\\\/www.salzburgerland.com\\\/cs\\\/wp-content\\\/uploads\\\/2017\\\/01\\\/hochkonig-sommer-ebiken.jpg\",\"width\":1920,\"height\":1280,\"caption\":\"Skv\u011bl\u00e9 m\u00edsto pro dovolenou na elektrokolech \u00a9 SalzburgerLand Tourismus\"},{\"@type\":\"BreadcrumbList\",\"@id\":\"https:\\\/\\\/www.salzburgerland.com\\\/cs\\\/elektro-kola\\\/#breadcrumb\",\"itemListElement\":[{\"@type\":\"ListItem\",\"position\":1,\"name\":\"Kola a cyklistika\",\"item\":\"https:\\\/\\\/www.salzburgerland.com\\\/cs\\\/kola-a-cyklistika\\\/\"},{\"@type\":\"ListItem\",\"position\":2,\"name\":\"Elektro kola\"}]},{\"@type\":\"WebSite\",\"@id\":\"https:\\\/\\\/www.salzburgerland.com\\\/cs\\\/#website\",\"url\":\"https:\\\/\\\/www.salzburgerland.com\\\/cs\\\/\",\"name\":\"SalzburgerLand.com\",\"description\":\"Va\u0161e dovolen\u00e1 v Salcburku, Rakousko\",\"potentialAction\":[{\"@type\":\"SearchAction\",\"target\":{\"@type\":\"EntryPoint\",\"urlTemplate\":\"https:\\\/\\\/www.salzburgerland.com\\\/cs\\\/?s={search_term_string}\"},\"query-input\":{\"@type\":\"PropertyValueSpecification\",\"valueRequired\":true,\"valueName\":\"search_term_string\"}}],\"inLanguage\":\"cs\"},{\"@type\":\"Person\",\"@id\":\"https:\\\/\\\/www.salzburgerland.com\\\/cs\\\/#\\\/schema\\\/person\\\/dd42a4661897004df109095dbf40eeff\",\"name\":\"Andrea \u017d\u00e1\u010dkov\u00e1\",\"image\":{\"@type\":\"ImageObject\",\"inLanguage\":\"cs\",\"@id\":\"https:\\\/\\\/secure.gravatar.com\\\/avatar\\\/338deec8d231d56d0ab7b2b7d6d0aedbcb3eb05390f6c027fd5b7ebe87b67dbf?s=96&d=mm&r=g\",\"url\":\"https:\\\/\\\/secure.gravatar.com\\\/avatar\\\/338deec8d231d56d0ab7b2b7d6d0aedbcb3eb05390f6c027fd5b7ebe87b67dbf?s=96&d=mm&r=g\",\"contentUrl\":\"https:\\\/\\\/secure.gravatar.com\\\/avatar\\\/338deec8d231d56d0ab7b2b7d6d0aedbcb3eb05390f6c027fd5b7ebe87b67dbf?s=96&d=mm&r=g\",\"caption\":\"Andrea \u017d\u00e1\u010dkov\u00e1\"}}]}<\/script>\n<!-- \/ Yoast SEO Premium plugin. -->","yoast_head_json":{"title":"Elektro kola \u00bb SalzburgerLand.com","robots":{"index":"index","follow":"follow","max-snippet":"max-snippet:-1","max-image-preview":"max-image-preview:large","max-video-preview":"max-video-preview:-1"},"canonical":"https:\/\/www.salzburgerland.com\/cs\/elektro-kola\/","og_locale":"cs_CZ","og_type":"article","og_title":"Elektro kola","og_description":"J\u00edzda na elektro kolech v Salcbursku se v posledn\u00edch letech t\u011b\u0161\u00ed st\u00e1le v\u011bt\u0161\u00ed oblib\u011b a mnoh\u00fdm z n\u00e1s otev\u00edr\u00e1 mo\u017enost dostat se na m\u00edsta, kter\u00e1 byla doposud","og_url":"https:\/\/www.salzburgerland.com\/cs\/elektro-kola\/","og_site_name":"SalzburgerLand.com","article_publisher":"https:\/\/www.facebook.com\/visitsalzburgerland\/","article_published_time":"2016-11-16T17:58:09+00:00","article_modified_time":"2025-07-14T13:35:00+00:00","og_image":[{"width":1200,"height":675,"url":"https:\/\/www.salzburgerland.com\/cs\/wp-content\/uploads\/2017\/01\/hochkonig-sommer-ebiken-1200x675.jpg","type":"image\/jpeg"}],"author":"Andrea \u017d\u00e1\u010dkov\u00e1","twitter_card":"summary_large_image","twitter_creator":"@salzburgerland","twitter_site":"@salzburgerland","twitter_misc":{"Napsal(a)":"Andrea \u017d\u00e1\u010dkov\u00e1","Odhadovan\u00e1 doba \u010dten\u00ed":"7 minut"},"schema":{"@context":"https:\/\/schema.org","@graph":[{"@type":"Article","@id":"https:\/\/www.salzburgerland.com\/cs\/elektro-kola\/#article","isPartOf":{"@id":"https:\/\/www.salzburgerland.com\/cs\/elektro-kola\/"},"author":{"name":"Andrea \u017d\u00e1\u010dkov\u00e1","@id":"https:\/\/www.salzburgerland.com\/cs\/#\/schema\/person\/dd42a4661897004df109095dbf40eeff"},"headline":"Elektro kola","datePublished":"2016-11-16T17:58:09+00:00","dateModified":"2025-07-14T13:35:00+00:00","mainEntityOfPage":{"@id":"https:\/\/www.salzburgerland.com\/cs\/elektro-kola\/"},"wordCount":1045,"image":{"@id":"https:\/\/www.salzburgerland.com\/cs\/elektro-kola\/#primaryimage"},"thumbnailUrl":"https:\/\/www.salzburgerland.com\/cs\/wp-content\/uploads\/2017\/01\/hochkonig-sommer-ebiken.jpg","articleSection":["Uncategorized"],"inLanguage":"cs"},{"@type":"WebPage","@id":"https:\/\/www.salzburgerland.com\/cs\/elektro-kola\/","url":"https:\/\/www.salzburgerland.com\/cs\/elektro-kola\/","name":"Elektro kola \u00bb SalzburgerLand.com","isPartOf":{"@id":"https:\/\/www.salzburgerland.com\/cs\/#website"},"primaryImageOfPage":{"@id":"https:\/\/www.salzburgerland.com\/cs\/elektro-kola\/#primaryimage"},"image":{"@id":"https:\/\/www.salzburgerland.com\/cs\/elektro-kola\/#primaryimage"},"thumbnailUrl":"https:\/\/www.salzburgerland.com\/cs\/wp-content\/uploads\/2017\/01\/hochkonig-sommer-ebiken.jpg","datePublished":"2016-11-16T17:58:09+00:00","dateModified":"2025-07-14T13:35:00+00:00","author":{"@id":"https:\/\/www.salzburgerland.com\/cs\/#\/schema\/person\/dd42a4661897004df109095dbf40eeff"},"description":"Nezatou\u017eili jste u\u017e n\u011bkdy dostat se k nejvy\u0161\u0161\u00edm vrcholk\u016fm, k nejmod\u0159ej\u0161\u00edm jezer\u016fm a k nejosam\u011blej\u0161\u00edm m\u00edst\u016fm na kole, ani\u017e byste se p\u0159itom p\u0159\u00edli\u0161 zapotili. Pak je j\u00edzda na elektrokole v Salcbursku pro V\u00e1s to prav\u00e9. Nap\u0159. v regionech Werfenweng, Hochk\u00f6nig, Salzburger Saalachtal a v Lungau najdou e-bike\u0159i perfektn\u00ed podm\u00ednky ke str\u00e1ven\u00ed skv\u011bl\u00e9 dovolen\u00e9.","breadcrumb":{"@id":"https:\/\/www.salzburgerland.com\/cs\/elektro-kola\/#breadcrumb"},"inLanguage":"cs","potentialAction":[{"@type":"ReadAction","target":["https:\/\/www.salzburgerland.com\/cs\/elektro-kola\/"]}]},{"@type":"ImageObject","inLanguage":"cs","@id":"https:\/\/www.salzburgerland.com\/cs\/elektro-kola\/#primaryimage","url":"https:\/\/www.salzburgerland.com\/cs\/wp-content\/uploads\/2017\/01\/hochkonig-sommer-ebiken.jpg","contentUrl":"https:\/\/www.salzburgerland.com\/cs\/wp-content\/uploads\/2017\/01\/hochkonig-sommer-ebiken.jpg","width":1920,"height":1280,"caption":"Skv\u011bl\u00e9 m\u00edsto pro dovolenou na elektrokolech \u00a9 SalzburgerLand Tourismus"},{"@type":"BreadcrumbList","@id":"https:\/\/www.salzburgerland.com\/cs\/elektro-kola\/#breadcrumb","itemListElement":[{"@type":"ListItem","position":1,"name":"Kola a cyklistika","item":"https:\/\/www.salzburgerland.com\/cs\/kola-a-cyklistika\/"},{"@type":"ListItem","position":2,"name":"Elektro kola"}]},{"@type":"WebSite","@id":"https:\/\/www.salzburgerland.com\/cs\/#website","url":"https:\/\/www.salzburgerland.com\/cs\/","name":"SalzburgerLand.com","description":"Va\u0161e dovolen\u00e1 v Salcburku, Rakousko","potentialAction":[{"@type":"SearchAction","target":{"@type":"EntryPoint","urlTemplate":"https:\/\/www.salzburgerland.com\/cs\/?s={search_term_string}"},"query-input":{"@type":"PropertyValueSpecification","valueRequired":true,"valueName":"search_term_string"}}],"inLanguage":"cs"},{"@type":"Person","@id":"https:\/\/www.salzburgerland.com\/cs\/#\/schema\/person\/dd42a4661897004df109095dbf40eeff","name":"Andrea \u017d\u00e1\u010dkov\u00e1","image":{"@type":"ImageObject","inLanguage":"cs","@id":"https:\/\/secure.gravatar.com\/avatar\/338deec8d231d56d0ab7b2b7d6d0aedbcb3eb05390f6c027fd5b7ebe87b67dbf?s=96&d=mm&r=g","url":"https:\/\/secure.gravatar.com\/avatar\/338deec8d231d56d0ab7b2b7d6d0aedbcb3eb05390f6c027fd5b7ebe87b67dbf?s=96&d=mm&r=g","contentUrl":"https:\/\/secure.gravatar.com\/avatar\/338deec8d231d56d0ab7b2b7d6d0aedbcb3eb05390f6c027fd5b7ebe87b67dbf?s=96&d=mm&r=g","caption":"Andrea \u017d\u00e1\u010dkov\u00e1"}}]}},"_wl_alt_label":[],"wl:entity_url":"http:\/\/open.salzburgerland.com\/cs\/post\/elektrokola","_links":{"self":[{"href":"https:\/\/www.salzburgerland.com\/cs\/wp-json\/wp\/v2\/posts\/163","targetHints":{"allow":["GET"]}}],"collection":[{"href":"https:\/\/www.salzburgerland.com\/cs\/wp-json\/wp\/v2\/posts"}],"about":[{"href":"https:\/\/www.salzburgerland.com\/cs\/wp-json\/wp\/v2\/types\/post"}],"author":[{"embeddable":true,"href":"https:\/\/www.salzburgerland.com\/cs\/wp-json\/wp\/v2\/users\/6"}],"replies":[{"embeddable":true,"href":"https:\/\/www.salzburgerland.com\/cs\/wp-json\/wp\/v2\/comments?post=163"}],"version-history":[{"count":3,"href":"https:\/\/www.salzburgerland.com\/cs\/wp-json\/wp\/v2\/posts\/163\/revisions"}],"predecessor-version":[{"id":162556,"href":"https:\/\/www.salzburgerland.com\/cs\/wp-json\/wp\/v2\/posts\/163\/revisions\/162556"}],"wp:featuredmedia":[{"embeddable":true,"href":"https:\/\/www.salzburgerland.com\/cs\/wp-json\/wp\/v2\/media\/502"}],"wp:attachment":[{"href":"https:\/\/www.salzburgerland.com\/cs\/wp-json\/wp\/v2\/media?parent=163"}],"wp:term":[{"taxonomy":"category","embeddable":true,"href":"https:\/\/www.salzburgerland.com\/cs\/wp-json\/wp\/v2\/categories?post=163"},{"taxonomy":"post_tag","embeddable":true,"href":"https:\/\/www.salzburgerland.com\/cs\/wp-json\/wp\/v2\/tags?post=163"},{"taxonomy":"wl_entity_type","embeddable":true,"href":"https:\/\/www.salzburgerland.com\/cs\/wp-json\/wp\/v2\/wl_entity_type?post=163"}],"curies":[{"name":"wp","href":"https:\/\/api.w.org\/{rel}","templated":true}]}}