{"id":161889,"date":"2025-03-27T20:14:41","date_gmt":"2025-03-27T19:14:41","guid":{"rendered":"https:\/\/www.salzburgerland.com\/cs\/?p=161889"},"modified":"2026-03-21T23:56:15","modified_gmt":"2026-03-21T22:56:15","slug":"filzmoos-lezeni","status":"publish","type":"post","link":"https:\/\/www.salzburgerland.com\/cs\/filzmoos-lezeni\/","title":{"rendered":"Lezen\u00ed ve Filzmoosu"},"content":{"rendered":"<p class=\"\" data-start=\"183\" data-end=\"431\"><strong><a href=\"https:\/\/www.filzmoos.at\/en\/activities\/mountain-sports.html\" target=\"_blank\" rel=\"noopener\">Filzmoos<\/a><\/strong>, to nen\u00ed jen m\u00edstem klidn\u00fdch proch\u00e1zek a v\u00fdhled\u016f na horsk\u00e9 \u0161t\u00edty. Tato malebn\u00e1 horsk\u00e1 vesnice pat\u0159\u00ed mezi <strong>v\u00fdznamn\u00e9 lezeck\u00e9 oblasti<\/strong> v Salcbursku a je vyhled\u00e1van\u00fdm c\u00edlem pro milovn\u00edky skal a vysokohorsk\u00fdch v\u00fdzev.<\/p>\n<p data-start=\"1265\" data-end=\"1489\">V okol\u00ed Filzmoosu se nach\u00e1z\u00ed p\u0159ibli\u017en\u011b <strong>300 lezeck\u00fdch cest<\/strong> v\u0161ech stup\u0148\u016f obt\u00ed\u017enost\u00ed. K nejzn\u00e1m\u011bj\u0161\u00edm m\u00edst\u016fm pat\u0159\u00ed <a href=\"https:\/\/www.klettergarten-filzmoos.at\/\" target=\"_blank\" rel=\"noopener\"><strong>lezeck\u00fd park Filzmoos<\/strong><\/a> (Klettergarten) v oblasti pod Bischofsm\u00fctze, kter\u00fd nab\u00edz\u00ed \u0161irok\u00e9 spektrum tras od lehk\u00fdch a\u017e po technicky n\u00e1ro\u010dn\u00e9 v\u00fdstupy.<\/p>\n<div id=\"attachment_164525\" style=\"width: 1180px\" class=\"wp-caption alignnone\"><img decoding=\"async\" aria-describedby=\"caption-attachment-164525\" class=\"size-1170_658 wp-image-164525\" src=\"https:\/\/www.salzburgerland.com\/cs\/wp-content\/uploads\/2019\/05\/durch-die-sudschlucht-auf-die-bischofsmutze_cverena-helminger_filzmoos-tourismus_www-filzmoos-at_-1170x658.jpg\" alt=\"Lezci v oblasti S\u00fcdschlucht pod Bischofsm\u00fctze ve Filzmoos\" width=\"1170\" height=\"658\" srcset=\"https:\/\/www.salzburgerland.com\/cs\/wp-content\/uploads\/2019\/05\/durch-die-sudschlucht-auf-die-bischofsmutze_cverena-helminger_filzmoos-tourismus_www-filzmoos-at_-1170x658.jpg 1170w, https:\/\/www.salzburgerland.com\/cs\/wp-content\/uploads\/2019\/05\/durch-die-sudschlucht-auf-die-bischofsmutze_cverena-helminger_filzmoos-tourismus_www-filzmoos-at_-1200x675.jpg 1200w\" sizes=\"(max-width: 1170px) 100vw, 1170px\"><p id=\"caption-attachment-164525\" class=\"wp-caption-text\">Lezen\u00ed v oblasti S\u00fcdschlucht pod Bischofsm\u00fctze ve Filzmoos \u00a9 Filzmoos Tourismus<\/p><\/div>\n<p data-start=\"1265\" data-end=\"1489\">Zku\u0161en\u011bj\u0161\u00ed lezci ocen\u00ed mo\u017enost v\u00fdstup\u016f v masivu <strong>Gosaukamm<\/strong>, kter\u00fd pat\u0159\u00ed k nejv\u00fdznamn\u011bj\u0161\u00edm lezeck\u00fdm oblastem v regionu. V oblasti <strong>Dachsteinu<\/strong> najdete tak\u00e9 <strong>ferraty<\/strong> r\u016fzn\u00fdch obt\u00ed\u017enost\u00ed.<\/p>\n<p class=\"\" data-start=\"811\" data-end=\"1057\">Chcete si <a href=\"https:\/\/www.filzmoos.at\/de\/aktivitaeten\/kletterregion-filzmoos.html\" target=\"_blank\" rel=\"noopener\">lezen\u00ed<\/a> nejprve vyzkou\u0161et? Pak je pro v\u00e1s ide\u00e1ln\u00ed <strong data-start=\"870\" data-end=\"892\">\u00favodn\u00ed kurz lezen\u00ed<\/strong> pod veden\u00edm m\u00edstn\u00edch horsk\u00fdch pr\u016fvodc\u016f a instruktor\u016f. Nau\u010d\u00edte se spr\u00e1vnou techniku, bezpe\u010dn\u00e9 ji\u0161t\u011bn\u00ed a u\u017eijete si prvn\u00ed metry na skaln\u00ed st\u011bn\u011b v bezpe\u010dn\u00e9m prost\u0159ed\u00ed.<\/p>\n<p class=\"\" data-start=\"1059\" data-end=\"1376\">Filzmoos tak nab\u00edz\u00ed ide\u00e1ln\u00ed podm\u00ednky jak pro za\u010d\u00e1te\u010dn\u00edky, tak pro zku\u0161en\u00e9 lezce, kte\u0159\u00ed hledaj\u00ed nov\u00e9 v\u00fdzvy v horsk\u00e9m ter\u00e9nu.<\/p>\n","protected":false},"excerpt":{"rendered":"<p>Filzmoos, to nen\u00ed jen m\u00edstem klidn\u00fdch proch\u00e1zek a v\u00fdhled\u016f na horsk\u00e9 \u0161t\u00edty. Tato malebn\u00e1 horsk\u00e1 vesnice pat\u0159\u00ed mezi v\u00fdznamn\u00e9 lezeck\u00e9 oblasti v Salcbursku a je vyhled\u00e1van\u00fdm c\u00edlem pro milovn\u00edky skal a vysokohorsk\u00fdch v\u00fdzev. V okol\u00ed Filzmoosu se nach\u00e1z\u00ed p\u0159ibli\u017en\u011b 300 lezeck\u00fdch cest v\u0161ech stup\u0148\u016f obt\u00ed\u017enost\u00ed. K nejzn\u00e1m\u011bj\u0161\u00edm m\u00edst\u016fm pat\u0159\u00ed lezeck\u00fd park Filzmoos (Klettergarten) v oblasti [&hellip;]<\/p>\n","protected":false},"author":6,"featured_media":164502,"comment_status":"closed","ping_status":"closed","sticky":false,"template":"","format":"standard","meta":{"_acf_changed":false,"wl_entities_gutenberg":"","_relevanssi_hide_post":"","_relevanssi_hide_content":"","_relevanssi_pin_for_all":"","_relevanssi_pin_keywords":"","_relevanssi_unpin_keywords":"","_relevanssi_related_keywords":"","_relevanssi_related_include_ids":"","_relevanssi_related_exclude_ids":"","_relevanssi_related_no_append":"","_relevanssi_related_not_related":"","_relevanssi_related_posts":"","_relevanssi_noindex_reason":"","footnotes":""},"categories":[1],"tags":[],"wl_entity_type":[706],"class_list":["post-161889","post","type-post","status-publish","format-standard","has-post-thumbnail","hentry","category-uncategorized","wl_entity_type-article"],"acf":[],"yoast_head":"<!-- This site is optimized with the Yoast SEO Premium plugin v27.4 (Yoast SEO v27.4) - https:\/\/yoast.com\/product\/yoast-seo-premium-wordpress\/ -->\n<title>Lezen\u00ed ve Filzmoosu \u00bb SalzburgerLand.com<\/title>\n<meta name=\"robots\" content=\"index, follow, max-snippet:-1, max-image-preview:large, max-video-preview:-1\" \/>\n<link rel=\"canonical\" href=\"https:\/\/www.salzburgerland.com\/cs\/filzmoos-lezeni\/\" \/>\n<meta property=\"og:locale\" content=\"cs_CZ\" \/>\n<meta property=\"og:type\" content=\"article\" \/>\n<meta property=\"og:title\" content=\"Lezen\u00ed ve Filzmoosu\" \/>\n<meta property=\"og:description\" content=\"Filzmoos, to nen\u00ed jen m\u00edstem klidn\u00fdch proch\u00e1zek a v\u00fdhled\u016f na horsk\u00e9 \u0161t\u00edty. Tato malebn\u00e1 horsk\u00e1 vesnice pat\u0159\u00ed mezi v\u00fdznamn\u00e9 lezeck\u00e9 oblasti v Salcbursku a\" \/>\n<meta property=\"og:url\" content=\"https:\/\/www.salzburgerland.com\/cs\/filzmoos-lezeni\/\" \/>\n<meta property=\"og:site_name\" content=\"SalzburgerLand.com\" \/>\n<meta property=\"article:publisher\" content=\"https:\/\/www.facebook.com\/visitsalzburgerland\/\" \/>\n<meta property=\"article:published_time\" content=\"2025-03-27T19:14:41+00:00\" \/>\n<meta property=\"article:modified_time\" content=\"2026-03-21T22:56:15+00:00\" \/>\n<meta property=\"og:image\" content=\"https:\/\/www.salzburgerland.com\/cs\/wp-content\/uploads\/2025\/03\/klettergarten-hofpurgelhutte-in-filzmoos-cherbertraffalt_www-filzmoos-at_-1200x675.jpg\" \/>\n\t<meta property=\"og:image:width\" content=\"1200\" \/>\n\t<meta property=\"og:image:height\" content=\"675\" \/>\n\t<meta property=\"og:image:type\" content=\"image\/jpeg\" \/>\n<meta name=\"author\" content=\"Andrea \u017d\u00e1\u010dkov\u00e1\" \/>\n<meta name=\"twitter:card\" content=\"summary_large_image\" \/>\n<meta name=\"twitter:creator\" content=\"@salzburgerland\" \/>\n<meta name=\"twitter:site\" content=\"@salzburgerland\" \/>\n<meta name=\"twitter:label1\" content=\"Napsal(a)\" \/>\n\t<meta name=\"twitter:data1\" content=\"Andrea \u017d\u00e1\u010dkov\u00e1\" \/>\n\t<meta name=\"twitter:label2\" content=\"Odhadovan\u00e1 doba \u010dten\u00ed\" \/>\n\t<meta name=\"twitter:data2\" content=\"2 minuty\" \/>\n<script type=\"application\/ld+json\" class=\"yoast-schema-graph\">{\"@context\":\"https:\\\/\\\/schema.org\",\"@graph\":[{\"@type\":\"Article\",\"@id\":\"https:\\\/\\\/www.salzburgerland.com\\\/cs\\\/filzmoos-lezeni\\\/#article\",\"isPartOf\":{\"@id\":\"https:\\\/\\\/www.salzburgerland.com\\\/cs\\\/filzmoos-lezeni\\\/\"},\"author\":{\"name\":\"Andrea \u017d\u00e1\u010dkov\u00e1\",\"@id\":\"https:\\\/\\\/www.salzburgerland.com\\\/cs\\\/#\\\/schema\\\/person\\\/dd42a4661897004df109095dbf40eeff\"},\"headline\":\"Lezen\u00ed ve Filzmoosu\",\"datePublished\":\"2025-03-27T19:14:41+00:00\",\"dateModified\":\"2026-03-21T22:56:15+00:00\",\"mainEntityOfPage\":{\"@id\":\"https:\\\/\\\/www.salzburgerland.com\\\/cs\\\/filzmoos-lezeni\\\/\"},\"wordCount\":238,\"image\":{\"@id\":\"https:\\\/\\\/www.salzburgerland.com\\\/cs\\\/filzmoos-lezeni\\\/#primaryimage\"},\"thumbnailUrl\":\"https:\\\/\\\/www.salzburgerland.com\\\/cs\\\/wp-content\\\/uploads\\\/2025\\\/03\\\/klettergarten-hofpurgelhutte-in-filzmoos-cherbertraffalt_www-filzmoos-at_.jpg\",\"articleSection\":[\"Uncategorized\"],\"inLanguage\":\"cs\"},{\"@type\":\"WebPage\",\"@id\":\"https:\\\/\\\/www.salzburgerland.com\\\/cs\\\/filzmoos-lezeni\\\/\",\"url\":\"https:\\\/\\\/www.salzburgerland.com\\\/cs\\\/filzmoos-lezeni\\\/\",\"name\":\"Lezen\u00ed ve Filzmoosu \u00bb SalzburgerLand.com\",\"isPartOf\":{\"@id\":\"https:\\\/\\\/www.salzburgerland.com\\\/cs\\\/#website\"},\"primaryImageOfPage\":{\"@id\":\"https:\\\/\\\/www.salzburgerland.com\\\/cs\\\/filzmoos-lezeni\\\/#primaryimage\"},\"image\":{\"@id\":\"https:\\\/\\\/www.salzburgerland.com\\\/cs\\\/filzmoos-lezeni\\\/#primaryimage\"},\"thumbnailUrl\":\"https:\\\/\\\/www.salzburgerland.com\\\/cs\\\/wp-content\\\/uploads\\\/2025\\\/03\\\/klettergarten-hofpurgelhutte-in-filzmoos-cherbertraffalt_www-filzmoos-at_.jpg\",\"datePublished\":\"2025-03-27T19:14:41+00:00\",\"dateModified\":\"2026-03-21T22:56:15+00:00\",\"author\":{\"@id\":\"https:\\\/\\\/www.salzburgerland.com\\\/cs\\\/#\\\/schema\\\/person\\\/dd42a4661897004df109095dbf40eeff\"},\"description\":\"V\u00fdznamn\u00e1 lezeck\u00e1 oblast Salcburska, kde se l\u00edb\u00ed za\u010d\u00e1te\u010dn\u00edk\u016fm i zku\u0161en\u00fdm horal\u016fm.\",\"breadcrumb\":{\"@id\":\"https:\\\/\\\/www.salzburgerland.com\\\/cs\\\/filzmoos-lezeni\\\/#breadcrumb\"},\"inLanguage\":\"cs\",\"potentialAction\":[{\"@type\":\"ReadAction\",\"target\":[\"https:\\\/\\\/www.salzburgerland.com\\\/cs\\\/filzmoos-lezeni\\\/\"]}]},{\"@type\":\"ImageObject\",\"inLanguage\":\"cs\",\"@id\":\"https:\\\/\\\/www.salzburgerland.com\\\/cs\\\/filzmoos-lezeni\\\/#primaryimage\",\"url\":\"https:\\\/\\\/www.salzburgerland.com\\\/cs\\\/wp-content\\\/uploads\\\/2025\\\/03\\\/klettergarten-hofpurgelhutte-in-filzmoos-cherbertraffalt_www-filzmoos-at_.jpg\",\"contentUrl\":\"https:\\\/\\\/www.salzburgerland.com\\\/cs\\\/wp-content\\\/uploads\\\/2025\\\/03\\\/klettergarten-hofpurgelhutte-in-filzmoos-cherbertraffalt_www-filzmoos-at_.jpg\",\"width\":1920,\"height\":1280,\"caption\":\"Klettergarten, lezeck\u00e1 oblast Filzmoos a Hofp\u00fcrgelh\u00fctte \u00a9 Filzmoos Tourismus\"},{\"@type\":\"BreadcrumbList\",\"@id\":\"https:\\\/\\\/www.salzburgerland.com\\\/cs\\\/filzmoos-lezeni\\\/#breadcrumb\",\"itemListElement\":[{\"@type\":\"ListItem\",\"position\":1,\"name\":\"Filzmoos v l\u00e9t\u011b\",\"item\":\"https:\\\/\\\/www.salzburgerland.com\\\/cs\\\/filzmoos-v-lete\\\/\"},{\"@type\":\"ListItem\",\"position\":2,\"name\":\"Lezen\u00ed ve Filzmoosu\"}]},{\"@type\":\"WebSite\",\"@id\":\"https:\\\/\\\/www.salzburgerland.com\\\/cs\\\/#website\",\"url\":\"https:\\\/\\\/www.salzburgerland.com\\\/cs\\\/\",\"name\":\"SalzburgerLand.com\",\"description\":\"Va\u0161e dovolen\u00e1 v Salcburku, Rakousko\",\"potentialAction\":[{\"@type\":\"SearchAction\",\"target\":{\"@type\":\"EntryPoint\",\"urlTemplate\":\"https:\\\/\\\/www.salzburgerland.com\\\/cs\\\/?s={search_term_string}\"},\"query-input\":{\"@type\":\"PropertyValueSpecification\",\"valueRequired\":true,\"valueName\":\"search_term_string\"}}],\"inLanguage\":\"cs\"},{\"@type\":\"Person\",\"@id\":\"https:\\\/\\\/www.salzburgerland.com\\\/cs\\\/#\\\/schema\\\/person\\\/dd42a4661897004df109095dbf40eeff\",\"name\":\"Andrea \u017d\u00e1\u010dkov\u00e1\",\"image\":{\"@type\":\"ImageObject\",\"inLanguage\":\"cs\",\"@id\":\"https:\\\/\\\/secure.gravatar.com\\\/avatar\\\/338deec8d231d56d0ab7b2b7d6d0aedbcb3eb05390f6c027fd5b7ebe87b67dbf?s=96&d=mm&r=g\",\"url\":\"https:\\\/\\\/secure.gravatar.com\\\/avatar\\\/338deec8d231d56d0ab7b2b7d6d0aedbcb3eb05390f6c027fd5b7ebe87b67dbf?s=96&d=mm&r=g\",\"contentUrl\":\"https:\\\/\\\/secure.gravatar.com\\\/avatar\\\/338deec8d231d56d0ab7b2b7d6d0aedbcb3eb05390f6c027fd5b7ebe87b67dbf?s=96&d=mm&r=g\",\"caption\":\"Andrea \u017d\u00e1\u010dkov\u00e1\"}}]}<\/script>\n<!-- \/ Yoast SEO Premium plugin. -->","yoast_head_json":{"title":"Lezen\u00ed ve Filzmoosu \u00bb SalzburgerLand.com","robots":{"index":"index","follow":"follow","max-snippet":"max-snippet:-1","max-image-preview":"max-image-preview:large","max-video-preview":"max-video-preview:-1"},"canonical":"https:\/\/www.salzburgerland.com\/cs\/filzmoos-lezeni\/","og_locale":"cs_CZ","og_type":"article","og_title":"Lezen\u00ed ve Filzmoosu","og_description":"Filzmoos, to nen\u00ed jen m\u00edstem klidn\u00fdch proch\u00e1zek a v\u00fdhled\u016f na horsk\u00e9 \u0161t\u00edty. Tato malebn\u00e1 horsk\u00e1 vesnice pat\u0159\u00ed mezi v\u00fdznamn\u00e9 lezeck\u00e9 oblasti v Salcbursku a","og_url":"https:\/\/www.salzburgerland.com\/cs\/filzmoos-lezeni\/","og_site_name":"SalzburgerLand.com","article_publisher":"https:\/\/www.facebook.com\/visitsalzburgerland\/","article_published_time":"2025-03-27T19:14:41+00:00","article_modified_time":"2026-03-21T22:56:15+00:00","og_image":[{"width":1200,"height":675,"url":"https:\/\/www.salzburgerland.com\/cs\/wp-content\/uploads\/2025\/03\/klettergarten-hofpurgelhutte-in-filzmoos-cherbertraffalt_www-filzmoos-at_-1200x675.jpg","type":"image\/jpeg"}],"author":"Andrea \u017d\u00e1\u010dkov\u00e1","twitter_card":"summary_large_image","twitter_creator":"@salzburgerland","twitter_site":"@salzburgerland","twitter_misc":{"Napsal(a)":"Andrea \u017d\u00e1\u010dkov\u00e1","Odhadovan\u00e1 doba \u010dten\u00ed":"2 minuty"},"schema":{"@context":"https:\/\/schema.org","@graph":[{"@type":"Article","@id":"https:\/\/www.salzburgerland.com\/cs\/filzmoos-lezeni\/#article","isPartOf":{"@id":"https:\/\/www.salzburgerland.com\/cs\/filzmoos-lezeni\/"},"author":{"name":"Andrea \u017d\u00e1\u010dkov\u00e1","@id":"https:\/\/www.salzburgerland.com\/cs\/#\/schema\/person\/dd42a4661897004df109095dbf40eeff"},"headline":"Lezen\u00ed ve Filzmoosu","datePublished":"2025-03-27T19:14:41+00:00","dateModified":"2026-03-21T22:56:15+00:00","mainEntityOfPage":{"@id":"https:\/\/www.salzburgerland.com\/cs\/filzmoos-lezeni\/"},"wordCount":238,"image":{"@id":"https:\/\/www.salzburgerland.com\/cs\/filzmoos-lezeni\/#primaryimage"},"thumbnailUrl":"https:\/\/www.salzburgerland.com\/cs\/wp-content\/uploads\/2025\/03\/klettergarten-hofpurgelhutte-in-filzmoos-cherbertraffalt_www-filzmoos-at_.jpg","articleSection":["Uncategorized"],"inLanguage":"cs"},{"@type":"WebPage","@id":"https:\/\/www.salzburgerland.com\/cs\/filzmoos-lezeni\/","url":"https:\/\/www.salzburgerland.com\/cs\/filzmoos-lezeni\/","name":"Lezen\u00ed ve Filzmoosu \u00bb SalzburgerLand.com","isPartOf":{"@id":"https:\/\/www.salzburgerland.com\/cs\/#website"},"primaryImageOfPage":{"@id":"https:\/\/www.salzburgerland.com\/cs\/filzmoos-lezeni\/#primaryimage"},"image":{"@id":"https:\/\/www.salzburgerland.com\/cs\/filzmoos-lezeni\/#primaryimage"},"thumbnailUrl":"https:\/\/www.salzburgerland.com\/cs\/wp-content\/uploads\/2025\/03\/klettergarten-hofpurgelhutte-in-filzmoos-cherbertraffalt_www-filzmoos-at_.jpg","datePublished":"2025-03-27T19:14:41+00:00","dateModified":"2026-03-21T22:56:15+00:00","author":{"@id":"https:\/\/www.salzburgerland.com\/cs\/#\/schema\/person\/dd42a4661897004df109095dbf40eeff"},"description":"V\u00fdznamn\u00e1 lezeck\u00e1 oblast Salcburska, kde se l\u00edb\u00ed za\u010d\u00e1te\u010dn\u00edk\u016fm i zku\u0161en\u00fdm horal\u016fm.","breadcrumb":{"@id":"https:\/\/www.salzburgerland.com\/cs\/filzmoos-lezeni\/#breadcrumb"},"inLanguage":"cs","potentialAction":[{"@type":"ReadAction","target":["https:\/\/www.salzburgerland.com\/cs\/filzmoos-lezeni\/"]}]},{"@type":"ImageObject","inLanguage":"cs","@id":"https:\/\/www.salzburgerland.com\/cs\/filzmoos-lezeni\/#primaryimage","url":"https:\/\/www.salzburgerland.com\/cs\/wp-content\/uploads\/2025\/03\/klettergarten-hofpurgelhutte-in-filzmoos-cherbertraffalt_www-filzmoos-at_.jpg","contentUrl":"https:\/\/www.salzburgerland.com\/cs\/wp-content\/uploads\/2025\/03\/klettergarten-hofpurgelhutte-in-filzmoos-cherbertraffalt_www-filzmoos-at_.jpg","width":1920,"height":1280,"caption":"Klettergarten, lezeck\u00e1 oblast Filzmoos a Hofp\u00fcrgelh\u00fctte \u00a9 Filzmoos Tourismus"},{"@type":"BreadcrumbList","@id":"https:\/\/www.salzburgerland.com\/cs\/filzmoos-lezeni\/#breadcrumb","itemListElement":[{"@type":"ListItem","position":1,"name":"Filzmoos v l\u00e9t\u011b","item":"https:\/\/www.salzburgerland.com\/cs\/filzmoos-v-lete\/"},{"@type":"ListItem","position":2,"name":"Lezen\u00ed ve Filzmoosu"}]},{"@type":"WebSite","@id":"https:\/\/www.salzburgerland.com\/cs\/#website","url":"https:\/\/www.salzburgerland.com\/cs\/","name":"SalzburgerLand.com","description":"Va\u0161e dovolen\u00e1 v Salcburku, Rakousko","potentialAction":[{"@type":"SearchAction","target":{"@type":"EntryPoint","urlTemplate":"https:\/\/www.salzburgerland.com\/cs\/?s={search_term_string}"},"query-input":{"@type":"PropertyValueSpecification","valueRequired":true,"valueName":"search_term_string"}}],"inLanguage":"cs"},{"@type":"Person","@id":"https:\/\/www.salzburgerland.com\/cs\/#\/schema\/person\/dd42a4661897004df109095dbf40eeff","name":"Andrea \u017d\u00e1\u010dkov\u00e1","image":{"@type":"ImageObject","inLanguage":"cs","@id":"https:\/\/secure.gravatar.com\/avatar\/338deec8d231d56d0ab7b2b7d6d0aedbcb3eb05390f6c027fd5b7ebe87b67dbf?s=96&d=mm&r=g","url":"https:\/\/secure.gravatar.com\/avatar\/338deec8d231d56d0ab7b2b7d6d0aedbcb3eb05390f6c027fd5b7ebe87b67dbf?s=96&d=mm&r=g","contentUrl":"https:\/\/secure.gravatar.com\/avatar\/338deec8d231d56d0ab7b2b7d6d0aedbcb3eb05390f6c027fd5b7ebe87b67dbf?s=96&d=mm&r=g","caption":"Andrea \u017d\u00e1\u010dkov\u00e1"}}]}},"_wl_alt_label":[],"wl:entity_url":"http:\/\/open.salzburgerland.com\/cs\/post\/filzmoos-lezeni-161889","_links":{"self":[{"href":"https:\/\/www.salzburgerland.com\/cs\/wp-json\/wp\/v2\/posts\/161889","targetHints":{"allow":["GET"]}}],"collection":[{"href":"https:\/\/www.salzburgerland.com\/cs\/wp-json\/wp\/v2\/posts"}],"about":[{"href":"https:\/\/www.salzburgerland.com\/cs\/wp-json\/wp\/v2\/types\/post"}],"author":[{"embeddable":true,"href":"https:\/\/www.salzburgerland.com\/cs\/wp-json\/wp\/v2\/users\/6"}],"replies":[{"embeddable":true,"href":"https:\/\/www.salzburgerland.com\/cs\/wp-json\/wp\/v2\/comments?post=161889"}],"version-history":[{"count":9,"href":"https:\/\/www.salzburgerland.com\/cs\/wp-json\/wp\/v2\/posts\/161889\/revisions"}],"predecessor-version":[{"id":164547,"href":"https:\/\/www.salzburgerland.com\/cs\/wp-json\/wp\/v2\/posts\/161889\/revisions\/164547"}],"wp:featuredmedia":[{"embeddable":true,"href":"https:\/\/www.salzburgerland.com\/cs\/wp-json\/wp\/v2\/media\/164502"}],"wp:attachment":[{"href":"https:\/\/www.salzburgerland.com\/cs\/wp-json\/wp\/v2\/media?parent=161889"}],"wp:term":[{"taxonomy":"category","embeddable":true,"href":"https:\/\/www.salzburgerland.com\/cs\/wp-json\/wp\/v2\/categories?post=161889"},{"taxonomy":"post_tag","embeddable":true,"href":"https:\/\/www.salzburgerland.com\/cs\/wp-json\/wp\/v2\/tags?post=161889"},{"taxonomy":"wl_entity_type","embeddable":true,"href":"https:\/\/www.salzburgerland.com\/cs\/wp-json\/wp\/v2\/wl_entity_type?post=161889"}],"curies":[{"name":"wp","href":"https:\/\/api.w.org\/{rel}","templated":true}]}}