{"id":161877,"date":"2025-03-27T19:36:54","date_gmt":"2025-03-27T18:36:54","guid":{"rendered":"https:\/\/www.salzburgerland.com\/cs\/?p=161877"},"modified":"2026-03-22T00:02:10","modified_gmt":"2026-03-21T23:02:10","slug":"filzmoos-rodinna-dovolena","status":"publish","type":"post","link":"https:\/\/www.salzburgerland.com\/cs\/filzmoos-rodinna-dovolena\/","title":{"rendered":"Rodinn\u00e1 dovolen\u00e1 ve Filzmoosu"},"content":{"rendered":"<p data-start=\"1761\" data-end=\"1878\">Filzmoos je ide\u00e1ln\u00edm v\u00fdchoz\u00edm bodem pro <strong>v\u00fdlety<\/strong>, kter\u00e9 si d\u011bti opravdu zapamatuj\u00ed. Vyje\u010fte t\u0159eba na <strong>Rossbrand<\/strong> s v\u00fdhledy na des\u00edtky alpsk\u00fdch vrchol\u016f, projd\u011bte se klidn\u00fdmi pastvinami <strong>Hofalmen<\/strong> kolem stalet\u00fdch sala\u0161\u00ed a jezera <strong>Almsee<\/strong> nebo zami\u0159te na <strong>Bachlalm<\/strong>, kde m\u016f\u017eete pozorovat kolonie svi\u0161\u0165\u016f. Obl\u00edben\u00fd je samoz\u0159ejm\u011b tak\u00e9 <strong>Dachstein<\/strong> s visut\u00fdm mostem nebo Ledov\u00fdm pal\u00e1cem, a za v\u00fdlet stoj\u00ed i nedalek\u00e1 <a href=\"https:\/\/www.salzburgerland.com\/cs\/salcbursky-sportovni-svet-lichtenstejnska-souteska\/\"><strong>Lichten\u0161tejnsk\u00e1 sout\u011bska<\/strong><\/a>, jeden z nejv\u011bt\u0161\u00edch klenot\u016f Alp.<\/p>\n<div id=\"attachment_164520\" style=\"width: 1180px\" class=\"wp-caption alignnone\"><img decoding=\"async\" aria-describedby=\"caption-attachment-164520\" class=\"size-1170_658 wp-image-164520\" src=\"https:\/\/www.salzburgerland.com\/cs\/wp-content\/uploads\/2019\/05\/bachlalm-am-dachstein_die-murmeltieralm-in-filzmoos_coenweesjes_www-filzmoos-at_-1170x658.jpg\" alt=\"Horsk\u00e9 pastviny Bachlalm ve Filzmoos s v\u00fdhledem na Dachstein\" width=\"1170\" height=\"658\" srcset=\"https:\/\/www.salzburgerland.com\/cs\/wp-content\/uploads\/2019\/05\/bachlalm-am-dachstein_die-murmeltieralm-in-filzmoos_coenweesjes_www-filzmoos-at_-1170x658.jpg 1170w, https:\/\/www.salzburgerland.com\/cs\/wp-content\/uploads\/2019\/05\/bachlalm-am-dachstein_die-murmeltieralm-in-filzmoos_coenweesjes_www-filzmoos-at_-768x432.jpg 768w, https:\/\/www.salzburgerland.com\/cs\/wp-content\/uploads\/2019\/05\/bachlalm-am-dachstein_die-murmeltieralm-in-filzmoos_coenweesjes_www-filzmoos-at_-1536x864.jpg 1536w, https:\/\/www.salzburgerland.com\/cs\/wp-content\/uploads\/2019\/05\/bachlalm-am-dachstein_die-murmeltieralm-in-filzmoos_coenweesjes_www-filzmoos-at_-1200x675.jpg 1200w, https:\/\/www.salzburgerland.com\/cs\/wp-content\/uploads\/2019\/05\/bachlalm-am-dachstein_die-murmeltieralm-in-filzmoos_coenweesjes_www-filzmoos-at_.jpg 1600w\" sizes=\"(max-width: 1170px) 100vw, 1170px\"><p id=\"caption-attachment-164520\" class=\"wp-caption-text\">Pastviny Bachlalm ve Filzmoos, kde lze pozorovat svi\u0161t\u011b \u00a9 Filzmoos Tourismus<\/p><\/div>\n<h3 data-start=\"1761\" data-end=\"1878\">Z\u00e1\u017eitkov\u00e1 hora Rossbrand se super v\u00fdhledem<\/h3>\n<p class=\"\" data-start=\"543\" data-end=\"917\">Obl\u00edben\u00fdm c\u00edlem je <strong>Rossbrand (1770 m n. m).<\/strong>Kr\u00e1tk\u00e1 proch\u00e1zka od horn\u00ed stanice lanovky Papageno v\u00e1s dovede k p\u0159\u00edrodn\u00edmu <strong>h\u0159i\u0161ti<\/strong> a nau\u010dn\u00e9 stezce <strong data-start=\"695\" data-end=\"710\">FILZ &amp; MOOR<\/strong>, kter\u00e1 je tematick\u00fdm dobrodru\u017estv\u00edm inspirovan\u00fdm sv\u011btem mok\u0159ad\u016f a ra\u0161elini\u0161\u0165. I kdy\u017e se zde nenach\u00e1z\u00ed typick\u00e9 rozs\u00e1hl\u00e9 ra\u0161elini\u0161t\u011b, najdeme v oblasti vlhk\u00e9 louky a p\u016fdu s ra\u0161elinou. Cel\u00fd koncept stezky je ale p\u0159edev\u0161\u00edm z\u00e1bavn\u011b-nau\u010dn\u00fd. D\u011bti se tu hravou formou dozv\u00eddaj\u00ed, jak ra\u0161elini\u0161t\u011b vznikaj\u00ed, pro\u010d jsou d\u016fle\u017eit\u00e1 a jak\u00e1 zv\u00ed\u0159ata v nich \u017eij\u00ed.<\/p>\n<p class=\"\" data-start=\"543\" data-end=\"917\">Cestou potkaj\u00ed \u017eabky, veverky i mot\u00fdly a v roli pr\u016fvodce je bude doprov\u00e1zet v\u00e1\u017eka Filzi. Na sedmi interaktivn\u00edch stanovi\u0161t\u00edch se u\u010d\u00ed hrou a p\u0159\u00edmo v p\u0159\u00edrod\u011b. Na Rossbrand se m\u016f\u017eete dostat zdarma lanovkou s kartou <a href=\"https:\/\/www.salzburgerland.com\/cs\/filzmoos-sommer-card\/\">Filzmoos Sommer Card<\/a>.<\/p>\n\n\t\t\t<div id=\"161877-1\" class=\"gallery gallery-161877 gallery-columns-3 gallery-size-1170_658\" itemscope itemtype=\"http:\/\/schema.org\/ImageGallery\">\n\t\t\t\t<ul class=\"gallery-row gallery-col-3 gallery-clear\">\n\t\t\t\t\t<li class=\"gallery-item col-3\" itemprop=\"associatedMedia\" itemscope itemtype=\"http:\/\/schema.org\/ImageObject\">\n\t\t\t\t\t\t<div class=\"gallery-icon landscape\"><a href=\"https:\/\/www.salzburgerland.com\/cs\/wp-content\/uploads\/2022\/05\/bilderbuchrunde_rossbrand_filzmoos_angelajager-1601x1067.jpg\" title=\"bilderbuchrunde_rossbrand_filzmoos_angelaj\u00e4ger\"><img decoding=\"async\" data-title=\"Okruh jako z poh\u00e1dkov\u00e9 kn\u00ed\u017eky na Rossbrandu \u00a9 Salzburger Sportwelt\" title=\"Okruh jako z poh\u00e1dkov\u00e9 kn\u00ed\u017eky na Rossbrandu \u00a9 Salzburger Sportwelt\" data-caption=\"Okruh jako z poh\u00e1dkov\u00e9 kn\u00ed\u017eky na Rossbrandu \u00a9 Salzburger Sportwelt\" width=\"1170\" height=\"658\" src=\"https:\/\/www.salzburgerland.com\/cs\/wp-content\/uploads\/2022\/05\/bilderbuchrunde_rossbrand_filzmoos_angelajager-1170x658.jpg\" class=\"attachment-1170_658 size-1170_658\" alt=\"D\u0159ev\u011bn\u00e1 socha veverky v ohnisku, v rozost\u0159en\u00e9m pozad\u00ed Rodinn\u00e1 dovolen\u00e1 Salcbursk\u00fd sportovn\u00ed sv\u011bt. (Zv\u011bt\u0161en\u00fd pohled)\" srcset=\"https:\/\/www.salzburgerland.com\/cs\/wp-content\/uploads\/2022\/05\/bilderbuchrunde_rossbrand_filzmoos_angelajager-1170x658.jpg 1170w, https:\/\/www.salzburgerland.com\/cs\/wp-content\/uploads\/2022\/05\/bilderbuchrunde_rossbrand_filzmoos_angelajager-1200x675.jpg 1200w\" sizes=\"(max-width: 1170px) 100vw, 1170px\" aria-describedby=\"figcaption-161877-159744\" itemprop=\"thumbnail\"><\/a><\/div>\n\t\t\t\t\t\t<span id=\"figcaption-161877-159744\" class=\"gallery-caption\" itemprop=\"caption\"><span aria-hidden=\"true\">Okruh jako z poh\u00e1dkov\u00e9 kn\u00ed\u017eky na Rossbrandu \u00a9 Salzburger Sportwelt<\/span><\/span>\n\t\t\t\t\t<\/li>\n\t\t\t\t\t<li class=\"gallery-item col-3\" itemprop=\"associatedMedia\" itemscope itemtype=\"http:\/\/schema.org\/ImageObject\">\n\t\t\t\t\t\t<div class=\"gallery-icon landscape\"><a href=\"https:\/\/www.salzburgerland.com\/cs\/wp-content\/uploads\/2025\/03\/bilderbuchrunde-rossbrandangelajaeger-www-filzmoos-12-1601x1067.jpg\" title=\"bilderbuchrunde-rossbrandangelajaeger-www.filzmoos-12\"><img decoding=\"async\" data-title=\"H\u0159i\u0161t\u011b na Bilderbuchrunde na Rossbrandu \u00a9 Filzmoos Tourismus,\" title=\"H\u0159i\u0161t\u011b na Bilderbuchrunde na Rossbrandu \u00a9 Filzmoos Tourismus,\" data-caption=\"H\u0159i\u0161t\u011b na Bilderbuchrunde na Rossbrandu \u00a9 Filzmoos Tourismus,\" width=\"1170\" height=\"658\" src=\"https:\/\/www.salzburgerland.com\/cs\/wp-content\/uploads\/2025\/03\/bilderbuchrunde-rossbrandangelajaeger-www-filzmoos-12-1170x658.jpg\" class=\"attachment-1170_658 size-1170_658\" alt=\"Mal\u00e9 d\u00edt\u011b leze za slune\u010dn\u00e9ho dne po lanov\u00e9 s\u00edti na venkovn\u00edm h\u0159i\u0161ti ve Filzmoos rodinn\u00e1 dovolen\u00e1. (Zv\u011bt\u0161en\u00fd pohled)\" srcset=\"https:\/\/www.salzburgerland.com\/cs\/wp-content\/uploads\/2025\/03\/bilderbuchrunde-rossbrandangelajaeger-www-filzmoos-12-1170x658.jpg 1170w, https:\/\/www.salzburgerland.com\/cs\/wp-content\/uploads\/2025\/03\/bilderbuchrunde-rossbrandangelajaeger-www-filzmoos-12-1200x675.jpg 1200w\" sizes=\"(max-width: 1170px) 100vw, 1170px\" aria-describedby=\"figcaption-161877-161880\" itemprop=\"thumbnail\"><\/a><\/div>\n\t\t\t\t\t\t<span id=\"figcaption-161877-161880\" class=\"gallery-caption\" itemprop=\"caption\"><span aria-hidden=\"true\">H\u0159i\u0161t\u011b na Bilderbuchrunde na Rossbrandu \u00a9 Filzmoos Tourismus,<\/span><\/span>\n\t\t\t\t\t<\/li>\n\t\t\t\t\t<li class=\"gallery-item col-3\" itemprop=\"associatedMedia\" itemscope itemtype=\"http:\/\/schema.org\/ImageObject\">\n\t\t\t\t\t\t<div class=\"gallery-icon landscape\"><a href=\"https:\/\/www.salzburgerland.com\/cs\/wp-content\/uploads\/2025\/03\/bilderbuchrunde-rossbrandangelajaeger-www-filzmoos-13-1601x1067.jpg\" title=\"bilderbuchrunde-rossbrandangelajaeger-www.filzmoos-13\"><img decoding=\"async\" data-title=\"Okru\u017en\u00ed nau\u010dn\u00e1 stezka FILZ &amp; MOOR je z\u00e1bava \u00a9 Filzmoos Tourismus,\" title=\"Okru\u017en\u00ed nau\u010dn\u00e1 stezka FILZ &amp; MOOR je z\u00e1bava \u00a9 Filzmoos Tourismus,\" data-caption=\"Okru\u017en\u00ed nau\u010dn\u00e1 stezka FILZ &amp; MOOR je z\u00e1bava \u00a9 Filzmoos Tourismus,\" width=\"1170\" height=\"658\" src=\"https:\/\/www.salzburgerland.com\/cs\/wp-content\/uploads\/2025\/03\/bilderbuchrunde-rossbrandangelajaeger-www-filzmoos-13-1170x658.jpg\" class=\"attachment-1170_658 size-1170_658\" alt=\"Bilderbuchrunde, na nau\u010dn\u00e9 stezce po (Zv\u011bt\u0161en\u00fd pohled)\" srcset=\"https:\/\/www.salzburgerland.com\/cs\/wp-content\/uploads\/2025\/03\/bilderbuchrunde-rossbrandangelajaeger-www-filzmoos-13-1170x658.jpg 1170w, https:\/\/www.salzburgerland.com\/cs\/wp-content\/uploads\/2025\/03\/bilderbuchrunde-rossbrandangelajaeger-www-filzmoos-13-1200x675.jpg 1200w\" sizes=\"(max-width: 1170px) 100vw, 1170px\" aria-describedby=\"figcaption-161877-161879\" itemprop=\"thumbnail\"><\/a><\/div>\n\t\t\t\t\t\t<span id=\"figcaption-161877-161879\" class=\"gallery-caption\" itemprop=\"caption\"><span aria-hidden=\"true\">Okru\u017en\u00ed nau\u010dn\u00e1 stezka FILZ &amp; MOOR je z\u00e1bava \u00a9 Filzmoos Tourismus,<\/span><\/span>\n\t\t\t\t\t<\/li>\n\t\t\t\t<\/ul>\n\t\t\t<\/div><!-- .gallery -->\n\n<p data-start=\"919\" data-end=\"1196\"><a href=\"https:\/\/www.filzmoos.at\/en\/infrastructure\/filzmoos-baertls-family-trail.html\" target=\"_blank\" rel=\"noopener\">B\u00e4rtlova rodinn\u00e1 stezka<\/a> vede lesy a loukami v okol\u00ed Filzmoosu a je ide\u00e1ln\u00ed pro pohodov\u00fd v\u00fdlet s d\u011btmi. Po cest\u011b na v\u00e1s \u010dekaj\u00ed hern\u00ed stanovi\u0161t\u011b zam\u011b\u0159en\u00e1 na balancov\u00e1n\u00ed, lezen\u00ed nebo houp\u00e1n\u00ed, tak\u017ee si d\u011bti mohou hr\u00e1t p\u0159\u00edmo v p\u0159\u00edrod\u011b a v\u00fdlet je bude bavit od za\u010d\u00e1tku do konce.<\/p>\n<h3 data-start=\"919\" data-end=\"1196\">Rodinn\u00e1 dovolen\u00e1 v hor\u00e1ch, kde rozhodn\u011b nen\u00ed nuda<\/h3>\n<p data-start=\"919\" data-end=\"1196\">Ve <a href=\"https:\/\/www.filzmoos.at\/en\/activities\/summer-activities.html\" target=\"_blank\" rel=\"noopener\">Filzmoosu<\/a> si na sv\u00e9 p\u0159ijdou i mal\u00ed i velc\u00ed dobrodruzi. V sout\u011bsce Bacherklamm se nach\u00e1z\u00ed z\u00e1bavn\u00fd <strong data-start=\"101\" data-end=\"128\">3D lukost\u0159eleck\u00fd parkur<\/strong>, kde si m\u016f\u017eete vyzkou\u0161et st\u0159elbu na realistick\u00e9 modely zv\u00ed\u0159at. Po kr\u00e1tk\u00e9m \u00favodu se sami vyd\u00e1te do p\u0159\u00edrody vybaveni lukem a t\u0159emi \u0161\u00edpy. Na trase v\u00e1s \u010dek\u00e1 14 ter\u010d\u016f v \u017eivotn\u00ed velikosti. Ka\u017ed\u00fd \u00fa\u010dastn\u00edk m\u00e1 t\u0159i pokusy, po\u010d\u00edt\u00e1 se nejlep\u0161\u00ed z\u00e1sah. V\u00fdsledky se zapisuj\u00ed na bodovac\u00ed kartu, tak\u017ee klidn\u011b m\u016f\u017eete uspo\u0159\u00e1dat rodinn\u00fd turnaj!<\/p>\n<p class=\"\" data-start=\"919\" data-end=\"1196\">Dal\u0161\u00ed obl\u00edbenou aktivitou je <strong data-start=\"948\" data-end=\"965\">j\u00edzda na koni<\/strong>, kter\u00e1 je sou\u010d\u00e1st\u00ed d\u011btsk\u00e9ho klubu B\u00e4rtl\u2019s Kinderklub. D\u011bti od 3 let se mohou vydat na kr\u00e1tkou vyj\u00ed\u017e\u010fku lesem v doprovodu zku\u0161en\u00e9ho instruktora. Sta\u010d\u00ed se p\u0159ihl\u00e1sit r\u00e1no a odpoledne u\u017e si va\u0161e ratolesti u\u017eij\u00ed prvn\u00ed jezdeck\u00e9 z\u00e1\u017eitky.<\/p>\n<p data-start=\"919\" data-end=\"1196\">K horsk\u00e9 vesnici Filzmoos <strong>kon\u011b<\/strong> neodmysliteln\u011b pat\u0159\u00ed, tak\u017ee pokud va\u0161e d\u011bti tato u\u0161lechtil\u00e1 zv\u00ed\u0159ata miluj\u00ed, tady se jim bude rozhodn\u011b l\u00edbit. S ko\u0148mi se tady toti\u017e setkaj\u00ed velice \u010dasto. Nej\u010dast\u011bji je potk\u00e1te na cest\u011b z centra obce k sala\u0161\u00edm <strong>Hofalmen<\/strong>. Vydejte se na proj\u00ed\u017e\u010fku v ko\u0148sk\u00e9m povozu a vychutnejte si kouzelnou alpskou krajinu s klap\u00e1n\u00edm ko\u0148sk\u00fdch kopyt.<\/p>\n<div id=\"attachment_164531\" style=\"width: 1180px\" class=\"wp-caption alignnone\"><img decoding=\"async\" aria-describedby=\"caption-attachment-164531\" class=\"size-1170_658 wp-image-164531\" src=\"https:\/\/www.salzburgerland.com\/cs\/wp-content\/uploads\/2019\/05\/naturschauspiel-almsee-und-bischofsmutze-in-filzmooscoenweesjes_www-filzmoos-at_-1170x658.jpg\" alt=\"Pr\u016fzra\u010dn\u00e9 jezero Almsee odr\u00e1\u017e\u00ed za jasn\u00e9ho slune\u010dn\u00e9ho dne skalnat\u00e9 vrcholy Bischofsm\u00fctze, stromy a zelen\u00e9 pastviny\" width=\"1170\" height=\"658\" srcset=\"https:\/\/www.salzburgerland.com\/cs\/wp-content\/uploads\/2019\/05\/naturschauspiel-almsee-und-bischofsmutze-in-filzmooscoenweesjes_www-filzmoos-at_-1170x658.jpg 1170w, https:\/\/www.salzburgerland.com\/cs\/wp-content\/uploads\/2019\/05\/naturschauspiel-almsee-und-bischofsmutze-in-filzmooscoenweesjes_www-filzmoos-at_-1200x675.jpg 1200w\" sizes=\"(max-width: 1170px) 100vw, 1170px\"><p id=\"caption-attachment-164531\" class=\"wp-caption-text\">Skalnat\u00e9 vrcholy Bischofsm\u00fctze se odr\u00e1\u017eej\u00ed v hladin\u011b jeze\u0159e Almsee v oblasti Hofalmen \u00a9 Filzmoos Tourismus<\/p><\/div>\n<h3 data-start=\"919\" data-end=\"1196\">Dal\u0161\u00ed z\u00e1bavn\u00e9 aktivity ve Filzmoosu<\/h3>\n<p class=\"\" data-start=\"1198\" data-end=\"1441\">Z\u00e1bavu si u\u017eijete i v <strong data-start=\"1226\" data-end=\"1254\">Adventure-Minigolf parku<\/strong> v Neubergu. Osmn\u00e1ct origin\u00e1ln\u00edch drah s p\u0159ekvapiv\u00fdmi prvky jako \u201eVulk\u00e1n\u201c, \u201eRoulette\u201c nebo \u201eOstrov\u201c p\u0159in\u00e1\u0161\u00ed z\u00e1bavu pro celou rodinu. A pozor, m\u00ed\u010dek by se v\u00e1m nem\u011bl dostat do vody!<\/p>\n<p class=\"\" data-start=\"1443\" data-end=\"1743\">Po aktivn\u00edm dni p\u0159ijde vhod relax ve <strong data-start=\"1480\" data-end=\"1511\">volno\u010dasov\u00e9m parku ve Filzmoosu<\/strong>. \u010cek\u00e1 v\u00e1s zde <a href=\"https:\/\/www.filzmoos.at\/de\/aktivitaeten\/freizeitpark-filzmoos-1.html\" target=\"_blank\" rel=\"noopener\">baz\u00e9n<\/a> s p\u0159\u00edjemnou teplotou vody, sauny, ale i dv\u011b bowlingov\u00e9 dr\u00e1hy, multifunk\u010dn\u00ed h\u0159i\u0161t\u011b a bistro. V l\u00e9t\u011b je nav\u00edc v provozu venkovn\u00ed koupali\u0161t\u011b s velkou travnatou plochou na opalov\u00e1n\u00ed a hran\u00ed.<\/p>\n<p class=\"\" data-start=\"1745\" data-end=\"1990\">Pokud hled\u00e1te klid a zdrav\u00ed v jednom, ur\u010dit\u011b nevynechejte novou <strong data-start=\"1811\" data-end=\"1831\">Kneippovu stezku<\/strong>. Zchlazen\u00ed nohou, mas\u00e1\u017e reflexn\u00edch z\u00f3n nebo cvi\u010den\u00ed pro krevn\u00ed ob\u011bh \u2013 ide\u00e1ln\u00ed osv\u011b\u017een\u00ed b\u011bhem horsk\u00e9 t\u00fary nebo cyklistick\u00e9ho v\u00fdletu.<\/p>\n\n\t\t\t<div id=\"161877-2\" class=\"gallery gallery-161877 gallery-columns-3 gallery-size-1170_658\" itemscope itemtype=\"http:\/\/schema.org\/ImageGallery\">\n\t\t\t\t<ul class=\"gallery-row gallery-col-3 gallery-clear\">\n\t\t\t\t\t<li class=\"gallery-item col-3\" itemprop=\"associatedMedia\" itemscope itemtype=\"http:\/\/schema.org\/ImageObject\">\n\t\t\t\t\t\t<div class=\"gallery-icon landscape\"><a href=\"https:\/\/www.salzburgerland.com\/cs\/wp-content\/uploads\/2025\/03\/erlebnispark-1607x1067.jpg\" title=\"erlebnispark\"><img decoding=\"async\" data-title=\"Venkovn\u00ed i kryt\u00fd baz\u00e9n v are\u00e1lu Freizeitpark Filzmoos\n\u00a9 Filzmoos Tourismus\" title=\"Venkovn\u00ed i kryt\u00fd baz\u00e9n v are\u00e1lu Freizeitpark Filzmoos\n\u00a9 Filzmoos Tourismus\" data-caption=\"Venkovn\u00ed i kryt\u00fd baz\u00e9n v are\u00e1lu Freizeitpark Filzmoos\n\u00a9 Filzmoos Tourismus\" width=\"1170\" height=\"658\" src=\"https:\/\/www.salzburgerland.com\/cs\/wp-content\/uploads\/2025\/03\/erlebnispark-1170x658.jpg\" class=\"attachment-1170_658 size-1170_658\" alt=\"Lid\u00e9 si hraj\u00ed a c\u00e1kaj\u00ed se ve venkovn\u00edm baz\u00e9nu u modern\u00ed budovy na rodinn\u00e9 dovolen\u00e9 Filzmoos. (Zv\u011bt\u0161en\u00fd pohled)\" srcset=\"https:\/\/www.salzburgerland.com\/cs\/wp-content\/uploads\/2025\/03\/erlebnispark-1170x658.jpg 1170w, https:\/\/www.salzburgerland.com\/cs\/wp-content\/uploads\/2025\/03\/erlebnispark-1200x675.jpg 1200w\" sizes=\"(max-width: 1170px) 100vw, 1170px\" aria-describedby=\"figcaption-161877-161881\" itemprop=\"thumbnail\"><\/a><\/div>\n\t\t\t\t\t\t<span id=\"figcaption-161877-161881\" class=\"gallery-caption\" itemprop=\"caption\"><span aria-hidden=\"true\">Venkovn\u00ed i kryt\u00fd baz\u00e9n v are\u00e1lu Freizeitpark Filzmoos\n\u00a9 Filzmoos Tourismus<\/span><\/span>\n\t\t\t\t\t<\/li>\n\t\t\t\t\t<li class=\"gallery-item col-3\" itemprop=\"associatedMedia\" itemscope itemtype=\"http:\/\/schema.org\/ImageObject\">\n\t\t\t\t\t\t<div class=\"gallery-icon landscape\"><a href=\"https:\/\/www.salzburgerland.com\/cs\/wp-content\/uploads\/2025\/03\/foto-2.jpg\" title=\"foto-2\"><img decoding=\"async\" data-title=\"Vyj\u00ed\u017e\u010fky na kon\u00edch ve Filzmoosu \u00a9 Filzmoos Tourismus\" title=\"Vyj\u00ed\u017e\u010fky na kon\u00edch ve Filzmoosu \u00a9 Filzmoos Tourismus\" data-caption=\"Vyj\u00ed\u017e\u010fky na kon\u00edch ve Filzmoosu \u00a9 Filzmoos Tourismus\" width=\"800\" height=\"500\" src=\"https:\/\/www.salzburgerland.com\/cs\/wp-content\/uploads\/2025\/03\/foto-2.jpg\" class=\"attachment-1170_658 size-1170_658\" alt=\"\u017dena vedouc\u00ed kon\u011b s d\u011btsk\u00fdm jezdcem po lesn\u00ed cest\u011b b\u011bhem akce Filzmoos rodinn\u00e1 dovolen\u00e1. (Zv\u011bt\u0161en\u00fd pohled)\" srcset=\"https:\/\/www.salzburgerland.com\/cs\/wp-content\/uploads\/2025\/03\/foto-2.jpg 800w, https:\/\/www.salzburgerland.com\/cs\/wp-content\/uploads\/2025\/03\/foto-2-768x480.jpg 768w\" sizes=\"(max-width: 800px) 100vw, 800px\" aria-describedby=\"figcaption-161877-161883\" itemprop=\"thumbnail\"><\/a><\/div>\n\t\t\t\t\t\t<span id=\"figcaption-161877-161883\" class=\"gallery-caption\" itemprop=\"caption\"><span aria-hidden=\"true\">Vyj\u00ed\u017e\u010fky na kon\u00edch ve Filzmoosu \u00a9 Filzmoos Tourismus<\/span><\/span>\n\t\t\t\t\t<\/li>\n\t\t\t\t\t<li class=\"gallery-item col-3\" itemprop=\"associatedMedia\" itemscope itemtype=\"http:\/\/schema.org\/ImageObject\">\n\t\t\t\t\t\t<div class=\"gallery-icon landscape\"><a href=\"https:\/\/www.salzburgerland.com\/cs\/wp-content\/uploads\/2025\/03\/kneippanlage-in-filzmoos-im-salzburgerland-2-1601x1067.jpg\" title=\"kneippanlage-in-filzmoos-im-salzburgerland-2\"><img decoding=\"async\" data-title=\"Kneippov\u00e1n\u00ed ve Filzmoosu \u00a9 Filzmoos Tourismus\" title=\"Kneippov\u00e1n\u00ed ve Filzmoosu \u00a9 Filzmoos Tourismus\" data-caption=\"Kneippov\u00e1n\u00ed ve Filzmoosu \u00a9 Filzmoos Tourismus\" width=\"1170\" height=\"658\" src=\"https:\/\/www.salzburgerland.com\/cs\/wp-content\/uploads\/2025\/03\/kneippanlage-in-filzmoos-im-salzburgerland-2-1170x658.jpg\" class=\"attachment-1170_658 size-1170_658\" alt=\"M\u011blk\u00fd potok s kameny a d\u0159ev\u011bn\u00fdmi sloupky ve Filzmoos rodinn\u00e1 dovolen\u00e1 vesnice alpsk\u00fdch dom\u016f a zelen\u00fdch kopc\u016f. (Zv\u011bt\u0161en\u00fd pohled)\" srcset=\"https:\/\/www.salzburgerland.com\/cs\/wp-content\/uploads\/2025\/03\/kneippanlage-in-filzmoos-im-salzburgerland-2-1170x658.jpg 1170w, https:\/\/www.salzburgerland.com\/cs\/wp-content\/uploads\/2025\/03\/kneippanlage-in-filzmoos-im-salzburgerland-2-1200x675.jpg 1200w\" sizes=\"(max-width: 1170px) 100vw, 1170px\" aria-describedby=\"figcaption-161877-161884\" itemprop=\"thumbnail\"><\/a><\/div>\n\t\t\t\t\t\t<span id=\"figcaption-161877-161884\" class=\"gallery-caption\" itemprop=\"caption\"><span aria-hidden=\"true\">Kneippov\u00e1n\u00ed ve Filzmoosu \u00a9 Filzmoos Tourismus<\/span><\/span>\n\t\t\t\t\t<\/li>\n\t\t\t\t<\/ul>\n\t\t\t<\/div><!-- .gallery -->\n\n<h3 data-start=\"1992\" data-end=\"2138\">Tip na konec l\u00e9ta<\/h3>\n<p class=\"\" data-start=\"169\" data-end=\"442\">Pozdn\u00ed l\u00e9to a za\u010d\u00e1tek podzimu jsou ve <strong>Filzmoosu<\/strong> obdob\u00edm, kdy p\u0159\u00edroda z\u00e1\u0159\u00ed nejpest\u0159ej\u0161\u00edmi barvami a vesnice o\u017e\u00edv\u00e1 tradicemi. Na venkov\u011b to v\u017edy b\u00fdval \u010das sklizn\u011b a oslav po n\u00e1ro\u010dn\u00e9 pr\u00e1ci na pol\u00edch \u2013 a pr\u00e1v\u011b tuto atmosf\u00e9ru si m\u016f\u017eete naplno u\u017e\u00edt b\u011bhem Farm\u00e1\u0159sk\u00e9ho podzimu.<\/p>\n<p class=\"\" data-start=\"444\" data-end=\"856\"><a href=\"https:\/\/www.salzburgerland.com\/cs\/podivejte-se-na-farmarsky-podzim\/\">Bauernherbst<\/a> m\u00e1 ve Filzmoosu mimo\u0159\u00e1dn\u00e9 kouzlo. Tento tradi\u010dn\u00ed festival je oslavou venkova v jeho nejautenti\u010dt\u011bj\u0161\u00ed podob\u011b: se sh\u00e1n\u011bn\u00edm dobytka z alpsk\u00fdch pastvin, z\u00e1bavou, hudbou, tancem, zp\u011bvem a v\u00fdjime\u010dn\u00fdmi kulin\u00e1\u0159sk\u00fdmi z\u00e1\u017eitky. P\u0159ije\u010fte se pod\u00edvat, jak se slav\u00ed z\u00e1v\u011br l\u00e9ta na hor\u00e1ch \u2013 tradi\u010dn\u011b, vesele a se v\u0161\u00ed srde\u010dnost\u00ed, kterou zdej\u0161\u00ed kraj nab\u00edz\u00ed.<\/p>\n<div id=\"attachment_164548\" style=\"width: 1180px\" class=\"wp-caption alignnone\"><img decoding=\"async\" aria-describedby=\"caption-attachment-164548\" class=\"size-1170_658 wp-image-164548\" src=\"https:\/\/www.salzburgerland.com\/cs\/wp-content\/uploads\/2025\/03\/aufgeschmuecktes-weidevieh-wartet-auf-den-almabtrieb-in-filzmoos-1170x658.jpg\" alt=\"T\u0159i kr\u00e1vy se pasou v bl\u00edzkosti d\u0159ev\u011bn\u00fdch sala\u0161\u00ed ve slunn\u00e9m, horsk\u00e9m Filzmoosu \" width=\"1170\" height=\"658\" srcset=\"https:\/\/www.salzburgerland.com\/cs\/wp-content\/uploads\/2025\/03\/aufgeschmuecktes-weidevieh-wartet-auf-den-almabtrieb-in-filzmoos-1170x658.jpg 1170w, https:\/\/www.salzburgerland.com\/cs\/wp-content\/uploads\/2025\/03\/aufgeschmuecktes-weidevieh-wartet-auf-den-almabtrieb-in-filzmoos-1200x675.jpg 1200w\" sizes=\"(max-width: 1170px) 100vw, 1170px\"><p id=\"caption-attachment-164548\" class=\"wp-caption-text\">K Farm\u00e1\u0159sk\u00e9mu podzimu pat\u0159\u00ed sh\u00e1n\u011bn\u00ed zv\u00ed\u0159at z pastvin do \u00fadol\u00ed \u00a9 Filzmoos Tourismus<\/p><\/div>\n<p data-start=\"444\" data-end=\"856\">Filzmoos zkr\u00e1tka nab\u00edz\u00ed rodin\u00e1m neomezen\u00e9 mo\u017enosti. Od kontaktu s p\u0159\u00edrodou a\u017e po <strong>z\u00e1bavu a relax<\/strong>. Ide\u00e1ln\u00ed m\u00edsto pro letn\u00ed dovolenou plnou z\u00e1\u017eitk\u016f. A\u0165 u\u017e se vyd\u00e1te na horskou t\u00faru, k jezeru nebo za z\u00e1bavou do p\u0159\u00edrody, nezapome\u0148te, \u017ee bezpe\u010dnost je na prvn\u00edm m\u00edst\u011b. Dovolen\u00e1 v hor\u00e1ch je pln\u00e1 z\u00e1\u017eitk\u016f, ale vyplat\u00ed se v\u017edy dob\u0159e napl\u00e1novat trasu, sledovat po\u010das\u00ed a p\u0159izp\u016fsobit tempo i program mo\u017enostem cel\u00e9 rodiny. Praktick\u00e9 rady a tipy najdete na str\u00e1nce o <a class=\"\" href=\"https:\/\/www.salzburgerland.com\/cs\/bezpecnost-v-horach-v-lete\/\" target=\"_new\" rel=\"noopener\" data-start=\"556\" data-end=\"647\">bezpe\u010dnosti v hor\u00e1ch v l\u00e9t\u011b.<\/a><\/p>\n<div id=\"attachment_164532\" style=\"width: 1180px\" class=\"wp-caption alignnone\"><img decoding=\"async\" aria-describedby=\"caption-attachment-164532\" class=\"size-1170_658 wp-image-164532\" src=\"https:\/\/www.salzburgerland.com\/cs\/wp-content\/uploads\/2019\/05\/so-schmecken-die-berge-in-filzmoos-cchristian-schartner_www-filzmoos-at_-1170x658.jpg\" alt=\"D\u00edt\u011b si pochutn\u00e1v\u00e1 na chlebu na horsk\u00e9 louce ve Filzmoos\" width=\"1170\" height=\"658\" srcset=\"https:\/\/www.salzburgerland.com\/cs\/wp-content\/uploads\/2019\/05\/so-schmecken-die-berge-in-filzmoos-cchristian-schartner_www-filzmoos-at_-1170x658.jpg 1170w, https:\/\/www.salzburgerland.com\/cs\/wp-content\/uploads\/2019\/05\/so-schmecken-die-berge-in-filzmoos-cchristian-schartner_www-filzmoos-at_-1200x675.jpg 1200w\" sizes=\"(max-width: 1170px) 100vw, 1170px\"><p id=\"caption-attachment-164532\" class=\"wp-caption-text\">Tak chutn\u00e1 radost z hor ve Filzmoosu \u00a9 Filzmoos Tourismus<\/p><\/div>\n","protected":false},"excerpt":{"rendered":"<p>Filzmoos je ide\u00e1ln\u00edm v\u00fdchoz\u00edm bodem pro v\u00fdlety, kter\u00e9 si d\u011bti opravdu zapamatuj\u00ed. Vyje\u010fte t\u0159eba na Rossbrand s v\u00fdhledy na des\u00edtky alpsk\u00fdch vrchol\u016f, projd\u011bte se klidn\u00fdmi pastvinami Hofalmen kolem stalet\u00fdch sala\u0161\u00ed a jezera Almsee nebo zami\u0159te na Bachlalm, kde m\u016f\u017eete pozorovat kolonie svi\u0161\u0165\u016f. Obl\u00edben\u00fd je samoz\u0159ejm\u011b tak\u00e9 Dachstein s visut\u00fdm mostem nebo Ledov\u00fdm pal\u00e1cem, a za [&hellip;]<\/p>\n","protected":false},"author":6,"featured_media":161882,"comment_status":"closed","ping_status":"closed","sticky":false,"template":"","format":"standard","meta":{"_acf_changed":false,"wl_entities_gutenberg":"","_relevanssi_hide_post":"","_relevanssi_hide_content":"","_relevanssi_pin_for_all":"","_relevanssi_pin_keywords":"","_relevanssi_unpin_keywords":"","_relevanssi_related_keywords":"","_relevanssi_related_include_ids":"","_relevanssi_related_exclude_ids":"","_relevanssi_related_no_append":"","_relevanssi_related_not_related":"","_relevanssi_related_posts":"","_relevanssi_noindex_reason":"","footnotes":""},"categories":[1],"tags":[],"wl_entity_type":[706],"class_list":["post-161877","post","type-post","status-publish","format-standard","has-post-thumbnail","hentry","category-uncategorized","wl_entity_type-article"],"acf":[],"yoast_head":"<!-- This site is optimized with the Yoast SEO Premium plugin v27.4 (Yoast SEO v27.4) - https:\/\/yoast.com\/product\/yoast-seo-premium-wordpress\/ -->\n<title>Rodinn\u00e1 dovolen\u00e1 ve Filzmoosu \u00bb SalzburgerLand.com<\/title>\n<meta name=\"robots\" content=\"index, follow, max-snippet:-1, max-image-preview:large, max-video-preview:-1\" \/>\n<link rel=\"canonical\" href=\"https:\/\/www.salzburgerland.com\/cs\/filzmoos-rodinna-dovolena\/\" \/>\n<meta property=\"og:locale\" content=\"cs_CZ\" \/>\n<meta property=\"og:type\" content=\"article\" \/>\n<meta property=\"og:title\" content=\"Rodinn\u00e1 dovolen\u00e1 ve Filzmoosu\" \/>\n<meta property=\"og:description\" content=\"Filzmoos je ide\u00e1ln\u00edm v\u00fdchoz\u00edm bodem pro v\u00fdlety, kter\u00e9 si d\u011bti opravdu zapamatuj\u00ed. Vyje\u010fte t\u0159eba na Rossbrand s v\u00fdhledy na des\u00edtky alpsk\u00fdch vrchol\u016f,\" \/>\n<meta property=\"og:url\" content=\"https:\/\/www.salzburgerland.com\/cs\/filzmoos-rodinna-dovolena\/\" \/>\n<meta property=\"og:site_name\" content=\"SalzburgerLand.com\" \/>\n<meta property=\"article:publisher\" content=\"https:\/\/www.facebook.com\/visitsalzburgerland\/\" \/>\n<meta property=\"article:published_time\" content=\"2025-03-27T18:36:54+00:00\" \/>\n<meta property=\"article:modified_time\" content=\"2026-03-21T23:02:10+00:00\" \/>\n<meta property=\"og:image\" content=\"https:\/\/www.salzburgerland.com\/cs\/wp-content\/uploads\/2025\/03\/wanderurlaub-in-filzmoos-fuer-die-ganze-familie-1200x675.jpg\" \/>\n\t<meta property=\"og:image:width\" content=\"1200\" \/>\n\t<meta property=\"og:image:height\" content=\"675\" \/>\n\t<meta property=\"og:image:type\" content=\"image\/jpeg\" \/>\n<meta name=\"author\" content=\"Andrea \u017d\u00e1\u010dkov\u00e1\" \/>\n<meta name=\"twitter:card\" content=\"summary_large_image\" \/>\n<meta name=\"twitter:creator\" content=\"@salzburgerland\" \/>\n<meta name=\"twitter:site\" content=\"@salzburgerland\" \/>\n<meta name=\"twitter:label1\" content=\"Napsal(a)\" \/>\n\t<meta name=\"twitter:data1\" content=\"Andrea \u017d\u00e1\u010dkov\u00e1\" \/>\n\t<meta name=\"twitter:label2\" content=\"Odhadovan\u00e1 doba \u010dten\u00ed\" \/>\n\t<meta name=\"twitter:data2\" content=\"6 minut\" \/>\n<script type=\"application\/ld+json\" class=\"yoast-schema-graph\">{\"@context\":\"https:\\\/\\\/schema.org\",\"@graph\":[{\"@type\":\"Article\",\"@id\":\"https:\\\/\\\/www.salzburgerland.com\\\/cs\\\/filzmoos-rodinna-dovolena\\\/#article\",\"isPartOf\":{\"@id\":\"https:\\\/\\\/www.salzburgerland.com\\\/cs\\\/filzmoos-rodinna-dovolena\\\/\"},\"author\":{\"name\":\"Andrea \u017d\u00e1\u010dkov\u00e1\",\"@id\":\"https:\\\/\\\/www.salzburgerland.com\\\/cs\\\/#\\\/schema\\\/person\\\/dd42a4661897004df109095dbf40eeff\"},\"headline\":\"Rodinn\u00e1 dovolen\u00e1 ve Filzmoosu\",\"datePublished\":\"2025-03-27T18:36:54+00:00\",\"dateModified\":\"2026-03-21T23:02:10+00:00\",\"mainEntityOfPage\":{\"@id\":\"https:\\\/\\\/www.salzburgerland.com\\\/cs\\\/filzmoos-rodinna-dovolena\\\/\"},\"wordCount\":1066,\"image\":{\"@id\":\"https:\\\/\\\/www.salzburgerland.com\\\/cs\\\/filzmoos-rodinna-dovolena\\\/#primaryimage\"},\"thumbnailUrl\":\"https:\\\/\\\/www.salzburgerland.com\\\/cs\\\/wp-content\\\/uploads\\\/2025\\\/03\\\/wanderurlaub-in-filzmoos-fuer-die-ganze-familie.jpg\",\"articleSection\":[\"Uncategorized\"],\"inLanguage\":\"cs\"},{\"@type\":\"WebPage\",\"@id\":\"https:\\\/\\\/www.salzburgerland.com\\\/cs\\\/filzmoos-rodinna-dovolena\\\/\",\"url\":\"https:\\\/\\\/www.salzburgerland.com\\\/cs\\\/filzmoos-rodinna-dovolena\\\/\",\"name\":\"Rodinn\u00e1 dovolen\u00e1 ve Filzmoosu \u00bb SalzburgerLand.com\",\"isPartOf\":{\"@id\":\"https:\\\/\\\/www.salzburgerland.com\\\/cs\\\/#website\"},\"primaryImageOfPage\":{\"@id\":\"https:\\\/\\\/www.salzburgerland.com\\\/cs\\\/filzmoos-rodinna-dovolena\\\/#primaryimage\"},\"image\":{\"@id\":\"https:\\\/\\\/www.salzburgerland.com\\\/cs\\\/filzmoos-rodinna-dovolena\\\/#primaryimage\"},\"thumbnailUrl\":\"https:\\\/\\\/www.salzburgerland.com\\\/cs\\\/wp-content\\\/uploads\\\/2025\\\/03\\\/wanderurlaub-in-filzmoos-fuer-die-ganze-familie.jpg\",\"datePublished\":\"2025-03-27T18:36:54+00:00\",\"dateModified\":\"2026-03-21T23:02:10+00:00\",\"author\":{\"@id\":\"https:\\\/\\\/www.salzburgerland.com\\\/cs\\\/#\\\/schema\\\/person\\\/dd42a4661897004df109095dbf40eeff\"},\"description\":\"Filzmoos je ide\u00e1ln\u00ed pro rodiny s d\u011btmi. Hory, z\u00e1\u017eitky i dobrodru\u017estv\u00ed na jednom m\u00edst\u011b!\",\"breadcrumb\":{\"@id\":\"https:\\\/\\\/www.salzburgerland.com\\\/cs\\\/filzmoos-rodinna-dovolena\\\/#breadcrumb\"},\"inLanguage\":\"cs\",\"potentialAction\":[{\"@type\":\"ReadAction\",\"target\":[\"https:\\\/\\\/www.salzburgerland.com\\\/cs\\\/filzmoos-rodinna-dovolena\\\/\"]}]},{\"@type\":\"ImageObject\",\"inLanguage\":\"cs\",\"@id\":\"https:\\\/\\\/www.salzburgerland.com\\\/cs\\\/filzmoos-rodinna-dovolena\\\/#primaryimage\",\"url\":\"https:\\\/\\\/www.salzburgerland.com\\\/cs\\\/wp-content\\\/uploads\\\/2025\\\/03\\\/wanderurlaub-in-filzmoos-fuer-die-ganze-familie.jpg\",\"contentUrl\":\"https:\\\/\\\/www.salzburgerland.com\\\/cs\\\/wp-content\\\/uploads\\\/2025\\\/03\\\/wanderurlaub-in-filzmoos-fuer-die-ganze-familie.jpg\",\"width\":1620,\"height\":1080,\"caption\":\"Pr\u00e1zdniny na hor\u00e1ch ve Filzmoosu \u00a9 Filzmoos Tourismus\"},{\"@type\":\"BreadcrumbList\",\"@id\":\"https:\\\/\\\/www.salzburgerland.com\\\/cs\\\/filzmoos-rodinna-dovolena\\\/#breadcrumb\",\"itemListElement\":[{\"@type\":\"ListItem\",\"position\":1,\"name\":\"Filzmoos v l\u00e9t\u011b\",\"item\":\"https:\\\/\\\/www.salzburgerland.com\\\/cs\\\/filzmoos-v-lete\\\/\"},{\"@type\":\"ListItem\",\"position\":2,\"name\":\"Rodinn\u00e1 dovolen\u00e1 ve Filzmoosu\"}]},{\"@type\":\"WebSite\",\"@id\":\"https:\\\/\\\/www.salzburgerland.com\\\/cs\\\/#website\",\"url\":\"https:\\\/\\\/www.salzburgerland.com\\\/cs\\\/\",\"name\":\"SalzburgerLand.com\",\"description\":\"Va\u0161e dovolen\u00e1 v Salcburku, Rakousko\",\"potentialAction\":[{\"@type\":\"SearchAction\",\"target\":{\"@type\":\"EntryPoint\",\"urlTemplate\":\"https:\\\/\\\/www.salzburgerland.com\\\/cs\\\/?s={search_term_string}\"},\"query-input\":{\"@type\":\"PropertyValueSpecification\",\"valueRequired\":true,\"valueName\":\"search_term_string\"}}],\"inLanguage\":\"cs\"},{\"@type\":\"Person\",\"@id\":\"https:\\\/\\\/www.salzburgerland.com\\\/cs\\\/#\\\/schema\\\/person\\\/dd42a4661897004df109095dbf40eeff\",\"name\":\"Andrea \u017d\u00e1\u010dkov\u00e1\",\"image\":{\"@type\":\"ImageObject\",\"inLanguage\":\"cs\",\"@id\":\"https:\\\/\\\/secure.gravatar.com\\\/avatar\\\/338deec8d231d56d0ab7b2b7d6d0aedbcb3eb05390f6c027fd5b7ebe87b67dbf?s=96&d=mm&r=g\",\"url\":\"https:\\\/\\\/secure.gravatar.com\\\/avatar\\\/338deec8d231d56d0ab7b2b7d6d0aedbcb3eb05390f6c027fd5b7ebe87b67dbf?s=96&d=mm&r=g\",\"contentUrl\":\"https:\\\/\\\/secure.gravatar.com\\\/avatar\\\/338deec8d231d56d0ab7b2b7d6d0aedbcb3eb05390f6c027fd5b7ebe87b67dbf?s=96&d=mm&r=g\",\"caption\":\"Andrea \u017d\u00e1\u010dkov\u00e1\"}}]}<\/script>\n<!-- \/ Yoast SEO Premium plugin. -->","yoast_head_json":{"title":"Rodinn\u00e1 dovolen\u00e1 ve Filzmoosu \u00bb SalzburgerLand.com","robots":{"index":"index","follow":"follow","max-snippet":"max-snippet:-1","max-image-preview":"max-image-preview:large","max-video-preview":"max-video-preview:-1"},"canonical":"https:\/\/www.salzburgerland.com\/cs\/filzmoos-rodinna-dovolena\/","og_locale":"cs_CZ","og_type":"article","og_title":"Rodinn\u00e1 dovolen\u00e1 ve Filzmoosu","og_description":"Filzmoos je ide\u00e1ln\u00edm v\u00fdchoz\u00edm bodem pro v\u00fdlety, kter\u00e9 si d\u011bti opravdu zapamatuj\u00ed. Vyje\u010fte t\u0159eba na Rossbrand s v\u00fdhledy na des\u00edtky alpsk\u00fdch vrchol\u016f,","og_url":"https:\/\/www.salzburgerland.com\/cs\/filzmoos-rodinna-dovolena\/","og_site_name":"SalzburgerLand.com","article_publisher":"https:\/\/www.facebook.com\/visitsalzburgerland\/","article_published_time":"2025-03-27T18:36:54+00:00","article_modified_time":"2026-03-21T23:02:10+00:00","og_image":[{"width":1200,"height":675,"url":"https:\/\/www.salzburgerland.com\/cs\/wp-content\/uploads\/2025\/03\/wanderurlaub-in-filzmoos-fuer-die-ganze-familie-1200x675.jpg","type":"image\/jpeg"}],"author":"Andrea \u017d\u00e1\u010dkov\u00e1","twitter_card":"summary_large_image","twitter_creator":"@salzburgerland","twitter_site":"@salzburgerland","twitter_misc":{"Napsal(a)":"Andrea \u017d\u00e1\u010dkov\u00e1","Odhadovan\u00e1 doba \u010dten\u00ed":"6 minut"},"schema":{"@context":"https:\/\/schema.org","@graph":[{"@type":"Article","@id":"https:\/\/www.salzburgerland.com\/cs\/filzmoos-rodinna-dovolena\/#article","isPartOf":{"@id":"https:\/\/www.salzburgerland.com\/cs\/filzmoos-rodinna-dovolena\/"},"author":{"name":"Andrea \u017d\u00e1\u010dkov\u00e1","@id":"https:\/\/www.salzburgerland.com\/cs\/#\/schema\/person\/dd42a4661897004df109095dbf40eeff"},"headline":"Rodinn\u00e1 dovolen\u00e1 ve Filzmoosu","datePublished":"2025-03-27T18:36:54+00:00","dateModified":"2026-03-21T23:02:10+00:00","mainEntityOfPage":{"@id":"https:\/\/www.salzburgerland.com\/cs\/filzmoos-rodinna-dovolena\/"},"wordCount":1066,"image":{"@id":"https:\/\/www.salzburgerland.com\/cs\/filzmoos-rodinna-dovolena\/#primaryimage"},"thumbnailUrl":"https:\/\/www.salzburgerland.com\/cs\/wp-content\/uploads\/2025\/03\/wanderurlaub-in-filzmoos-fuer-die-ganze-familie.jpg","articleSection":["Uncategorized"],"inLanguage":"cs"},{"@type":"WebPage","@id":"https:\/\/www.salzburgerland.com\/cs\/filzmoos-rodinna-dovolena\/","url":"https:\/\/www.salzburgerland.com\/cs\/filzmoos-rodinna-dovolena\/","name":"Rodinn\u00e1 dovolen\u00e1 ve Filzmoosu \u00bb SalzburgerLand.com","isPartOf":{"@id":"https:\/\/www.salzburgerland.com\/cs\/#website"},"primaryImageOfPage":{"@id":"https:\/\/www.salzburgerland.com\/cs\/filzmoos-rodinna-dovolena\/#primaryimage"},"image":{"@id":"https:\/\/www.salzburgerland.com\/cs\/filzmoos-rodinna-dovolena\/#primaryimage"},"thumbnailUrl":"https:\/\/www.salzburgerland.com\/cs\/wp-content\/uploads\/2025\/03\/wanderurlaub-in-filzmoos-fuer-die-ganze-familie.jpg","datePublished":"2025-03-27T18:36:54+00:00","dateModified":"2026-03-21T23:02:10+00:00","author":{"@id":"https:\/\/www.salzburgerland.com\/cs\/#\/schema\/person\/dd42a4661897004df109095dbf40eeff"},"description":"Filzmoos je ide\u00e1ln\u00ed pro rodiny s d\u011btmi. Hory, z\u00e1\u017eitky i dobrodru\u017estv\u00ed na jednom m\u00edst\u011b!","breadcrumb":{"@id":"https:\/\/www.salzburgerland.com\/cs\/filzmoos-rodinna-dovolena\/#breadcrumb"},"inLanguage":"cs","potentialAction":[{"@type":"ReadAction","target":["https:\/\/www.salzburgerland.com\/cs\/filzmoos-rodinna-dovolena\/"]}]},{"@type":"ImageObject","inLanguage":"cs","@id":"https:\/\/www.salzburgerland.com\/cs\/filzmoos-rodinna-dovolena\/#primaryimage","url":"https:\/\/www.salzburgerland.com\/cs\/wp-content\/uploads\/2025\/03\/wanderurlaub-in-filzmoos-fuer-die-ganze-familie.jpg","contentUrl":"https:\/\/www.salzburgerland.com\/cs\/wp-content\/uploads\/2025\/03\/wanderurlaub-in-filzmoos-fuer-die-ganze-familie.jpg","width":1620,"height":1080,"caption":"Pr\u00e1zdniny na hor\u00e1ch ve Filzmoosu \u00a9 Filzmoos Tourismus"},{"@type":"BreadcrumbList","@id":"https:\/\/www.salzburgerland.com\/cs\/filzmoos-rodinna-dovolena\/#breadcrumb","itemListElement":[{"@type":"ListItem","position":1,"name":"Filzmoos v l\u00e9t\u011b","item":"https:\/\/www.salzburgerland.com\/cs\/filzmoos-v-lete\/"},{"@type":"ListItem","position":2,"name":"Rodinn\u00e1 dovolen\u00e1 ve Filzmoosu"}]},{"@type":"WebSite","@id":"https:\/\/www.salzburgerland.com\/cs\/#website","url":"https:\/\/www.salzburgerland.com\/cs\/","name":"SalzburgerLand.com","description":"Va\u0161e dovolen\u00e1 v Salcburku, Rakousko","potentialAction":[{"@type":"SearchAction","target":{"@type":"EntryPoint","urlTemplate":"https:\/\/www.salzburgerland.com\/cs\/?s={search_term_string}"},"query-input":{"@type":"PropertyValueSpecification","valueRequired":true,"valueName":"search_term_string"}}],"inLanguage":"cs"},{"@type":"Person","@id":"https:\/\/www.salzburgerland.com\/cs\/#\/schema\/person\/dd42a4661897004df109095dbf40eeff","name":"Andrea \u017d\u00e1\u010dkov\u00e1","image":{"@type":"ImageObject","inLanguage":"cs","@id":"https:\/\/secure.gravatar.com\/avatar\/338deec8d231d56d0ab7b2b7d6d0aedbcb3eb05390f6c027fd5b7ebe87b67dbf?s=96&d=mm&r=g","url":"https:\/\/secure.gravatar.com\/avatar\/338deec8d231d56d0ab7b2b7d6d0aedbcb3eb05390f6c027fd5b7ebe87b67dbf?s=96&d=mm&r=g","contentUrl":"https:\/\/secure.gravatar.com\/avatar\/338deec8d231d56d0ab7b2b7d6d0aedbcb3eb05390f6c027fd5b7ebe87b67dbf?s=96&d=mm&r=g","caption":"Andrea \u017d\u00e1\u010dkov\u00e1"}}]}},"_wl_alt_label":[],"wl:entity_url":"http:\/\/open.salzburgerland.com\/cs\/post\/filzmoos-rodinna-dovolena-161877","_links":{"self":[{"href":"https:\/\/www.salzburgerland.com\/cs\/wp-json\/wp\/v2\/posts\/161877","targetHints":{"allow":["GET"]}}],"collection":[{"href":"https:\/\/www.salzburgerland.com\/cs\/wp-json\/wp\/v2\/posts"}],"about":[{"href":"https:\/\/www.salzburgerland.com\/cs\/wp-json\/wp\/v2\/types\/post"}],"author":[{"embeddable":true,"href":"https:\/\/www.salzburgerland.com\/cs\/wp-json\/wp\/v2\/users\/6"}],"replies":[{"embeddable":true,"href":"https:\/\/www.salzburgerland.com\/cs\/wp-json\/wp\/v2\/comments?post=161877"}],"version-history":[{"count":14,"href":"https:\/\/www.salzburgerland.com\/cs\/wp-json\/wp\/v2\/posts\/161877\/revisions"}],"predecessor-version":[{"id":164549,"href":"https:\/\/www.salzburgerland.com\/cs\/wp-json\/wp\/v2\/posts\/161877\/revisions\/164549"}],"wp:featuredmedia":[{"embeddable":true,"href":"https:\/\/www.salzburgerland.com\/cs\/wp-json\/wp\/v2\/media\/161882"}],"wp:attachment":[{"href":"https:\/\/www.salzburgerland.com\/cs\/wp-json\/wp\/v2\/media?parent=161877"}],"wp:term":[{"taxonomy":"category","embeddable":true,"href":"https:\/\/www.salzburgerland.com\/cs\/wp-json\/wp\/v2\/categories?post=161877"},{"taxonomy":"post_tag","embeddable":true,"href":"https:\/\/www.salzburgerland.com\/cs\/wp-json\/wp\/v2\/tags?post=161877"},{"taxonomy":"wl_entity_type","embeddable":true,"href":"https:\/\/www.salzburgerland.com\/cs\/wp-json\/wp\/v2\/wl_entity_type?post=161877"}],"curies":[{"name":"wp","href":"https:\/\/api.w.org\/{rel}","templated":true}]}}