{"id":161660,"date":"2025-03-25T02:36:30","date_gmt":"2025-03-25T01:36:30","guid":{"rendered":"https:\/\/www.salzburgerland.com\/cs\/?p=161660"},"modified":"2025-10-20T11:24:30","modified_gmt":"2025-10-20T09:24:30","slug":"radstadt-rodinna-dovolena","status":"publish","type":"post","link":"https:\/\/www.salzburgerland.com\/cs\/radstadt-rodinna-dovolena\/","title":{"rendered":"Rodinn\u00e1 dovolen\u00e1 v Radstadtu"},"content":{"rendered":"<p>Historick\u00e9 m\u011bste\u010dko Radstadt pod horou Rossbrand najdete v \u00fadol\u00ed \u0159eky Enns. Radstadt je obklopen majest\u00e1tn\u00edmi vrcholy Dachsteinu a Vysok\u00fdch Taur. D\u00edky sv\u00e9 poloze je <strong>ide\u00e1ln\u00edm v\u00fdchoz\u00edm bodem pro rodinn\u00e9 v\u00fdlety<\/strong>, a\u0165 u\u017e do hor, k jezer\u016fm nebo za dobrodru\u017estv\u00edm na tematick\u00fdch stezk\u00e1ch. Krom\u011b kr\u00e1sn\u00e9 p\u0159\u00edrody si tu m\u016f\u017eete u\u017e\u00edt m\u00edstn\u00ed pohostinnost a rodinnou, pohodovou atmosf\u00e9ru, kter\u00e1 je v Salcbursku vyhl\u00e1\u0161en\u00e1. M\u011bsto i okol\u00ed nab\u00edz\u00ed \u0161irokou \u0161k\u00e1lu ubytov\u00e1n\u00ed p\u0159izp\u016fsoben\u00e9ho rodin\u00e1m. Od pohodln\u00fdch apartm\u00e1n\u016f a\u017e po hotely s d\u011btsk\u00fdmi hernami a speci\u00e1ln\u00edmi programy pro nejmen\u0161\u00ed n\u00e1v\u0161t\u011bvn\u00edky.<\/p>\n<h3><strong>Turistick\u00e1 stezka \u201eAlles Alm\u201c se sv\u011btem horsk\u00fdch sala\u0161\u00ed<\/strong><\/h3>\n<p>Tematick\u00e1 stezka <strong>\u201eAlles Alm\u201c<\/strong> hravou formou p\u0159ibli\u017euje \u017eivot na <strong>horsk\u00fdch sala\u0161\u00edch<\/strong>. Na deseti zast\u00e1vk\u00e1ch se d\u011bti dozv\u011bd\u00ed zaj\u00edmavosti o zv\u00ed\u0159atech, p\u0159\u00edrod\u011b i alpsk\u00fdch tradic\u00edch. Trasa je nen\u00e1ro\u010dn\u00e1 a vhodn\u00e1 i pro men\u0161\u00ed d\u011bti. Po cest\u011b zp\u011bt do Radstadtu se vyplat\u00ed zastavit ve <strong>volno\u010dasov\u00e9m parku se zv\u00ed\u0159aty v Untertauern<\/strong>, kde mohou d\u011bti pozorovat voln\u011b \u017eij\u00edc\u00ed jeleny, srnce nebo se vy\u0159\u00e1dit na <strong>obrovsk\u00e9m dobrodru\u017en\u00e9m h\u0159i\u0161ti<\/strong>.<\/p>\n<p><iframe title=\"Alles Alm - Der Familien-Wanderspa\u00df auf der Gnadenalm bei Radstadt im SalzburgerLand\" width=\"500\" height=\"281\" src=\"https:\/\/www.youtube-nocookie.com\/embed\/RijwRs1s118?feature=oembed&amp;rel=0&amp;modestbranding=1\" frameborder=\"0\" allow=\"accelerometer; autoplay; clipboard-write; encrypted-media; gyroscope; picture-in-picture; web-share\" referrerpolicy=\"strict-origin-when-cross-origin\" allowfullscreen><\/iframe><\/p>\n<h3><strong>12 Peaks Adventure Card<\/strong><\/h3>\n<p>Radstadt je obklopen des\u00edtkami horsk\u00fdch vrchol\u016f a d\u00edky <a href=\"https:\/\/www.radstadt.com\/pauschalen\/gipfelverwoehnt-package\/\"><strong>12 Peaks Adventure Card<\/strong> <\/a>m\u016f\u017eete se svou rodinou za\u017e\u00edt ty <strong>nejlep\u0161\u00ed atrakce v regionu<\/strong>. Objevte s rodinou kouzlo alpsk\u00fdch vrchol\u016f s v\u00fdhodn\u00fdm v\u00edcedenn\u00edm tiketem, kter\u00fd v\u00e1m umo\u017en\u00ed <strong>neomezen\u00fd p\u0159\u00edstup k lanovk\u00e1m <\/strong>v regionu <strong>Salcbursk\u00fd sportovn\u00ed sv\u011bt<\/strong>. S touto kartou m\u016f\u017eete pohodln\u011b vyjet k nejlep\u0161\u00edm rodinn\u00fdm atrakc\u00edm, jako jsou <strong>Geisterberg, Wagrainis Grafenberg nebo Floris Erlebnispfad<\/strong>, kde na d\u011bti \u010dekaj\u00ed kouzeln\u00e1 m\u00edsta v hor\u00e1ch s nau\u010dn\u00fdmi i z\u00e1bavn\u00fdmi stezkami a spoustou prostoru k b\u011bh\u00e1n\u00ed a dov\u00e1d\u011bn\u00ed.<\/p>\n<p>Karta je flexibiln\u00ed \u2013 sami si vyberete, ve kter\u00e9 dny ji vyu\u017eijete. S online rezervac\u00ed nav\u00edc <strong>u\u0161et\u0159\u00edte a\u017e 20 % z ceny<\/strong>. Rodiny pot\u011b\u0161\u00ed i <strong>bezplatn\u00fd vstup pro d\u011bti do 6 let<\/strong>, zat\u00edmco star\u0161\u00ed d\u011bti maj\u00ed zv\u00fdhodn\u011bn\u00e9 ceny. Vyrazte s celou rodinou do hor, objevujte <strong>12 alpsk\u00fdch vrchol\u016f <\/strong>a u\u017eijte si z\u00e1bavu i odpo\u010dinek v p\u0159\u00edrod\u011b. Tady si d\u011bti turistiku zamiluj\u00ed.<\/p>\n<h3><strong>Dobr\u00e9 j\u00eddlo a rodinn\u00e9 ubytov\u00e1n\u00ed<\/strong><\/h3>\n<p>Rodinn\u00e1 dovolen\u00e1 v Radstadtu je nejen o dobrodru\u017estv\u00edch, ale tak\u00e9 o <strong>pohod\u011b a kvalitn\u00edm j\u00eddle<\/strong>. V r\u00e1mci <strong>bal\u00ed\u010dku <a href=\"https:\/\/www.radstadt.com\/pauschalen\/gipfelverwoehnt-package\/\">Gipfelverw\u00f6hnt Package<\/a><\/strong> si m\u016f\u017eete u\u017e\u00edt <strong>7 noc\u00ed v ubytov\u00e1n\u00ed dle va\u0161eho v\u00fdb\u011bru<\/strong>, roz\u0161\u00ed\u0159en\u00e9 sn\u00eddan\u011b a <strong>ve\u010de\u0159e formou Dine Around<\/strong> ve <strong>20 vybran\u00fdch restaurac\u00edch v Radstadtu<\/strong>.<\/p>\n<p>Samoz\u0159ejmost\u00ed jsou<strong> d\u011btsk\u00e1 menu<\/strong>, lok\u00e1ln\u00ed speciality i mezin\u00e1rodn\u00ed kuchyn\u011b, kter\u00e1 uspokoj\u00ed celou rodinu. Radstadt je tak\u00e9 skv\u011bl\u00fdm m\u00edstem pro objevov\u00e1n\u00ed region\u00e1ln\u00edch produkt\u016f, od \u010derstv\u00fdch s\u00fdr\u016f po dom\u00e1c\u00ed kol\u00e1\u010de, kter\u00e9 si m\u016f\u017eete vychutnat na horsk\u00fdch chat\u00e1ch!<\/p>\n<h3><strong>Bezpe\u010dnost v hor\u00e1ch s d\u011btmi<\/strong><\/h3>\n<p>P\u0159i v\u00fdletech do p\u0159\u00edrody je d\u016fle\u017eit\u00e9 db\u00e1t na bezpe\u010dnost cel\u00e9 rodiny. Pe\u010dliv\u011b vyb\u00edrejte trasy dle v\u011bku a schopnost\u00ed d\u011bt\u00ed, sledujte po\u010das\u00ed a nezapome\u0148te na dostatek tekutin. Na pastvin\u00e1ch se pohybujte s respektem ke zv\u00ed\u0159at\u016fm a dodr\u017eujte pravidla turistiky v hor\u00e1ch. Pod\u00edvejte se na n\u011bkolik na\u0161ich <a href=\"https:\/\/www.salzburgerland.com\/cs\/bezpecnost-v-horach-v-lete\/\">tip\u016f<\/a>!<\/p>\n<p>Chcete spojit aktivn\u00ed rodinnou dovolenou s klidem i z\u00e1bavou? Pak je pro v\u00e1s Radstadt skv\u011blou volbou. Tematick\u00e9 stezky, dobrodru\u017estv\u00ed a pozn\u00e1v\u00e1n\u00ed p\u0159\u00edrody v hor\u00e1ch, parky i family friendly z\u00e1zem\u00ed d\u011blaj\u00ed z tohoto alpsk\u00e9ho m\u011bste\u010dka perfektn\u00ed lokalitu pro mal\u00e9 i velk\u00e9 objevitele. P\u0159ije\u010fte si u\u017e\u00edt nezapomenuteln\u00e9 chv\u00edle s rodinou!<\/p>\n<div id=\"attachment_161725\" style=\"width: 730px\" class=\"wp-caption alignnone\"><img decoding=\"async\" aria-describedby=\"caption-attachment-161725\" class=\"size-1170_658 wp-image-161725\" src=\"https:\/\/www.salzburgerland.com\/cs\/wp-content\/uploads\/2025\/03\/allesalm-gnadenalm--markus-rohrbacher-3-720x658.jpg\" alt=\"Sou\u010d\u00e1st\u00ed Alles Alm je i velk\u00fd vodop\u00e1d Johanesswasserfall\" width=\"720\" height=\"658\"><p id=\"caption-attachment-161725\" class=\"wp-caption-text\">Sou\u010d\u00e1st\u00ed Alles Alm je i velk\u00fd vodop\u00e1d \u00a9 Markus Rohrbacher<\/p><\/div>\n","protected":false},"excerpt":{"rendered":"<p>Historick\u00e9 m\u011bste\u010dko Radstadt pod horou Rossbrand najdete v \u00fadol\u00ed \u0159eky Enns. Radstadt je obklopen majest\u00e1tn\u00edmi vrcholy Dachsteinu a Vysok\u00fdch Taur. D\u00edky sv\u00e9 poloze je ide\u00e1ln\u00edm v\u00fdchoz\u00edm bodem pro rodinn\u00e9 v\u00fdlety, a\u0165 u\u017e do hor, k jezer\u016fm nebo za dobrodru\u017estv\u00edm na tematick\u00fdch stezk\u00e1ch. Krom\u011b kr\u00e1sn\u00e9 p\u0159\u00edrody si tu m\u016f\u017eete u\u017e\u00edt m\u00edstn\u00ed pohostinnost a rodinnou, pohodovou atmosf\u00e9ru, [&hellip;]<\/p>\n","protected":false},"author":6,"featured_media":161723,"comment_status":"closed","ping_status":"closed","sticky":false,"template":"","format":"standard","meta":{"_acf_changed":false,"wl_entities_gutenberg":"","_relevanssi_hide_post":"","_relevanssi_hide_content":"","_relevanssi_pin_for_all":"","_relevanssi_pin_keywords":"","_relevanssi_unpin_keywords":"","_relevanssi_related_keywords":"","_relevanssi_related_include_ids":"","_relevanssi_related_exclude_ids":"","_relevanssi_related_no_append":"","_relevanssi_related_not_related":"","_relevanssi_related_posts":"","_relevanssi_noindex_reason":"","footnotes":""},"categories":[1],"tags":[],"wl_entity_type":[706],"class_list":["post-161660","post","type-post","status-publish","format-standard","has-post-thumbnail","hentry","category-uncategorized","wl_entity_type-article"],"acf":[],"yoast_head":"<!-- This site is optimized with the Yoast SEO Premium plugin v27.4 (Yoast SEO v27.4) - https:\/\/yoast.com\/product\/yoast-seo-premium-wordpress\/ -->\n<title>Rodinn\u00e1 dovolen\u00e1 v Radstadtu \u00bb SalzburgerLand.com<\/title>\n<meta name=\"robots\" content=\"index, follow, max-snippet:-1, max-image-preview:large, max-video-preview:-1\" \/>\n<link rel=\"canonical\" href=\"https:\/\/www.salzburgerland.com\/cs\/radstadt-rodinna-dovolena\/\" \/>\n<meta property=\"og:locale\" content=\"cs_CZ\" \/>\n<meta property=\"og:type\" content=\"article\" \/>\n<meta property=\"og:title\" content=\"Rodinn\u00e1 dovolen\u00e1 v Radstadtu\" \/>\n<meta property=\"og:description\" content=\"Historick\u00e9 m\u011bste\u010dko Radstadt pod horou Rossbrand najdete v \u00fadol\u00ed \u0159eky Enns. Radstadt je obklopen majest\u00e1tn\u00edmi vrcholy Dachsteinu a Vysok\u00fdch Taur. D\u00edky sv\u00e9\" \/>\n<meta property=\"og:url\" content=\"https:\/\/www.salzburgerland.com\/cs\/radstadt-rodinna-dovolena\/\" \/>\n<meta property=\"og:site_name\" content=\"SalzburgerLand.com\" \/>\n<meta property=\"article:publisher\" content=\"https:\/\/www.facebook.com\/visitsalzburgerland\/\" \/>\n<meta property=\"article:published_time\" content=\"2025-03-25T01:36:30+00:00\" \/>\n<meta property=\"article:modified_time\" content=\"2025-10-20T09:24:30+00:00\" \/>\n<meta property=\"og:image\" content=\"https:\/\/www.salzburgerland.com\/cs\/wp-content\/uploads\/2025\/03\/allesalm-gnadenalm--markus-rohrbacher-1-930x675.jpg\" \/>\n\t<meta property=\"og:image:width\" content=\"930\" \/>\n\t<meta property=\"og:image:height\" content=\"675\" \/>\n\t<meta property=\"og:image:type\" content=\"image\/jpeg\" \/>\n<meta name=\"author\" content=\"Andrea \u017d\u00e1\u010dkov\u00e1\" \/>\n<meta name=\"twitter:card\" content=\"summary_large_image\" \/>\n<meta name=\"twitter:creator\" content=\"@salzburgerland\" \/>\n<meta name=\"twitter:site\" content=\"@salzburgerland\" \/>\n<meta name=\"twitter:label1\" content=\"Napsal(a)\" \/>\n\t<meta name=\"twitter:data1\" content=\"Andrea \u017d\u00e1\u010dkov\u00e1\" \/>\n\t<meta name=\"twitter:label2\" content=\"Odhadovan\u00e1 doba \u010dten\u00ed\" \/>\n\t<meta name=\"twitter:data2\" content=\"4 minuty\" \/>\n<script type=\"application\/ld+json\" class=\"yoast-schema-graph\">{\"@context\":\"https:\\\/\\\/schema.org\",\"@graph\":[{\"@type\":\"Article\",\"@id\":\"https:\\\/\\\/www.salzburgerland.com\\\/cs\\\/radstadt-rodinna-dovolena\\\/#article\",\"isPartOf\":{\"@id\":\"https:\\\/\\\/www.salzburgerland.com\\\/cs\\\/radstadt-rodinna-dovolena\\\/\"},\"author\":{\"name\":\"Andrea \u017d\u00e1\u010dkov\u00e1\",\"@id\":\"https:\\\/\\\/www.salzburgerland.com\\\/cs\\\/#\\\/schema\\\/person\\\/dd42a4661897004df109095dbf40eeff\"},\"headline\":\"Rodinn\u00e1 dovolen\u00e1 v Radstadtu\",\"datePublished\":\"2025-03-25T01:36:30+00:00\",\"dateModified\":\"2025-10-20T09:24:30+00:00\",\"mainEntityOfPage\":{\"@id\":\"https:\\\/\\\/www.salzburgerland.com\\\/cs\\\/radstadt-rodinna-dovolena\\\/\"},\"wordCount\":700,\"image\":{\"@id\":\"https:\\\/\\\/www.salzburgerland.com\\\/cs\\\/radstadt-rodinna-dovolena\\\/#primaryimage\"},\"thumbnailUrl\":\"https:\\\/\\\/www.salzburgerland.com\\\/cs\\\/wp-content\\\/uploads\\\/2025\\\/03\\\/allesalm-gnadenalm--markus-rohrbacher-1.jpg\",\"articleSection\":[\"Uncategorized\"],\"inLanguage\":\"cs\"},{\"@type\":\"WebPage\",\"@id\":\"https:\\\/\\\/www.salzburgerland.com\\\/cs\\\/radstadt-rodinna-dovolena\\\/\",\"url\":\"https:\\\/\\\/www.salzburgerland.com\\\/cs\\\/radstadt-rodinna-dovolena\\\/\",\"name\":\"Rodinn\u00e1 dovolen\u00e1 v Radstadtu \u00bb SalzburgerLand.com\",\"isPartOf\":{\"@id\":\"https:\\\/\\\/www.salzburgerland.com\\\/cs\\\/#website\"},\"primaryImageOfPage\":{\"@id\":\"https:\\\/\\\/www.salzburgerland.com\\\/cs\\\/radstadt-rodinna-dovolena\\\/#primaryimage\"},\"image\":{\"@id\":\"https:\\\/\\\/www.salzburgerland.com\\\/cs\\\/radstadt-rodinna-dovolena\\\/#primaryimage\"},\"thumbnailUrl\":\"https:\\\/\\\/www.salzburgerland.com\\\/cs\\\/wp-content\\\/uploads\\\/2025\\\/03\\\/allesalm-gnadenalm--markus-rohrbacher-1.jpg\",\"datePublished\":\"2025-03-25T01:36:30+00:00\",\"dateModified\":\"2025-10-20T09:24:30+00:00\",\"author\":{\"@id\":\"https:\\\/\\\/www.salzburgerland.com\\\/cs\\\/#\\\/schema\\\/person\\\/dd42a4661897004df109095dbf40eeff\"},\"description\":\"Rodinn\u00e1 dovolen\u00e1 v Radstadtu, to je kr\u00e1sn\u00e1 p\u0159\u00edroda, sport a odpo\u010dinek pro mal\u00e9 i velk\u00e9 n\u00e1v\u0161t\u011bvn\u00edky.\",\"breadcrumb\":{\"@id\":\"https:\\\/\\\/www.salzburgerland.com\\\/cs\\\/radstadt-rodinna-dovolena\\\/#breadcrumb\"},\"inLanguage\":\"cs\",\"potentialAction\":[{\"@type\":\"ReadAction\",\"target\":[\"https:\\\/\\\/www.salzburgerland.com\\\/cs\\\/radstadt-rodinna-dovolena\\\/\"]}]},{\"@type\":\"ImageObject\",\"inLanguage\":\"cs\",\"@id\":\"https:\\\/\\\/www.salzburgerland.com\\\/cs\\\/radstadt-rodinna-dovolena\\\/#primaryimage\",\"url\":\"https:\\\/\\\/www.salzburgerland.com\\\/cs\\\/wp-content\\\/uploads\\\/2025\\\/03\\\/allesalm-gnadenalm--markus-rohrbacher-1.jpg\",\"contentUrl\":\"https:\\\/\\\/www.salzburgerland.com\\\/cs\\\/wp-content\\\/uploads\\\/2025\\\/03\\\/allesalm-gnadenalm--markus-rohrbacher-1.jpg\",\"width\":930,\"height\":1080,\"caption\":\"Skv\u011bl\u00e9 m\u00edsto pro rodiny - Alles Alm \u00a9 Markus Rohrbacher\"},{\"@type\":\"BreadcrumbList\",\"@id\":\"https:\\\/\\\/www.salzburgerland.com\\\/cs\\\/radstadt-rodinna-dovolena\\\/#breadcrumb\",\"itemListElement\":[{\"@type\":\"ListItem\",\"position\":1,\"name\":\"Radstadt v l\u00e9t\u011b\",\"item\":\"https:\\\/\\\/www.salzburgerland.com\\\/cs\\\/radstadt-v-lete\\\/\"},{\"@type\":\"ListItem\",\"position\":2,\"name\":\"Rodinn\u00e1 dovolen\u00e1 v Radstadtu\"}]},{\"@type\":\"WebSite\",\"@id\":\"https:\\\/\\\/www.salzburgerland.com\\\/cs\\\/#website\",\"url\":\"https:\\\/\\\/www.salzburgerland.com\\\/cs\\\/\",\"name\":\"SalzburgerLand.com\",\"description\":\"Va\u0161e dovolen\u00e1 v Salcburku, Rakousko\",\"potentialAction\":[{\"@type\":\"SearchAction\",\"target\":{\"@type\":\"EntryPoint\",\"urlTemplate\":\"https:\\\/\\\/www.salzburgerland.com\\\/cs\\\/?s={search_term_string}\"},\"query-input\":{\"@type\":\"PropertyValueSpecification\",\"valueRequired\":true,\"valueName\":\"search_term_string\"}}],\"inLanguage\":\"cs\"},{\"@type\":\"Person\",\"@id\":\"https:\\\/\\\/www.salzburgerland.com\\\/cs\\\/#\\\/schema\\\/person\\\/dd42a4661897004df109095dbf40eeff\",\"name\":\"Andrea \u017d\u00e1\u010dkov\u00e1\",\"image\":{\"@type\":\"ImageObject\",\"inLanguage\":\"cs\",\"@id\":\"https:\\\/\\\/secure.gravatar.com\\\/avatar\\\/338deec8d231d56d0ab7b2b7d6d0aedbcb3eb05390f6c027fd5b7ebe87b67dbf?s=96&d=mm&r=g\",\"url\":\"https:\\\/\\\/secure.gravatar.com\\\/avatar\\\/338deec8d231d56d0ab7b2b7d6d0aedbcb3eb05390f6c027fd5b7ebe87b67dbf?s=96&d=mm&r=g\",\"contentUrl\":\"https:\\\/\\\/secure.gravatar.com\\\/avatar\\\/338deec8d231d56d0ab7b2b7d6d0aedbcb3eb05390f6c027fd5b7ebe87b67dbf?s=96&d=mm&r=g\",\"caption\":\"Andrea \u017d\u00e1\u010dkov\u00e1\"}}]}<\/script>\n<meta property=\"og:video\" content=\"https:\/\/www.youtube.com\/embed\/RijwRs1s118\" \/>\n<meta property=\"og:video:type\" content=\"text\/html\" \/>\n<meta property=\"og:video:duration\" content=\"118\" \/>\n<meta property=\"og:video:width\" content=\"480\" \/>\n<meta property=\"og:video:height\" content=\"270\" \/>\n<meta property=\"ya:ovs:adult\" content=\"false\" \/>\n<meta property=\"ya:ovs:upload_date\" content=\"2025-03-25T01:36:30+00:00\" \/>\n<meta property=\"ya:ovs:allow_embed\" content=\"true\" \/>\n<!-- \/ Yoast SEO Premium plugin. -->","yoast_head_json":{"title":"Rodinn\u00e1 dovolen\u00e1 v Radstadtu \u00bb SalzburgerLand.com","robots":{"index":"index","follow":"follow","max-snippet":"max-snippet:-1","max-image-preview":"max-image-preview:large","max-video-preview":"max-video-preview:-1"},"canonical":"https:\/\/www.salzburgerland.com\/cs\/radstadt-rodinna-dovolena\/","og_locale":"cs_CZ","og_type":"article","og_title":"Rodinn\u00e1 dovolen\u00e1 v Radstadtu","og_description":"Historick\u00e9 m\u011bste\u010dko Radstadt pod horou Rossbrand najdete v \u00fadol\u00ed \u0159eky Enns. Radstadt je obklopen majest\u00e1tn\u00edmi vrcholy Dachsteinu a Vysok\u00fdch Taur. D\u00edky sv\u00e9","og_url":"https:\/\/www.salzburgerland.com\/cs\/radstadt-rodinna-dovolena\/","og_site_name":"SalzburgerLand.com","article_publisher":"https:\/\/www.facebook.com\/visitsalzburgerland\/","article_published_time":"2025-03-25T01:36:30+00:00","article_modified_time":"2025-10-20T09:24:30+00:00","og_image":[{"width":930,"height":675,"url":"https:\/\/www.salzburgerland.com\/cs\/wp-content\/uploads\/2025\/03\/allesalm-gnadenalm--markus-rohrbacher-1-930x675.jpg","type":"image\/jpeg"}],"author":"Andrea \u017d\u00e1\u010dkov\u00e1","twitter_card":"summary_large_image","twitter_creator":"@salzburgerland","twitter_site":"@salzburgerland","twitter_misc":{"Napsal(a)":"Andrea \u017d\u00e1\u010dkov\u00e1","Odhadovan\u00e1 doba \u010dten\u00ed":"4 minuty"},"schema":{"@context":"https:\/\/schema.org","@graph":[{"@type":"Article","@id":"https:\/\/www.salzburgerland.com\/cs\/radstadt-rodinna-dovolena\/#article","isPartOf":{"@id":"https:\/\/www.salzburgerland.com\/cs\/radstadt-rodinna-dovolena\/"},"author":{"name":"Andrea \u017d\u00e1\u010dkov\u00e1","@id":"https:\/\/www.salzburgerland.com\/cs\/#\/schema\/person\/dd42a4661897004df109095dbf40eeff"},"headline":"Rodinn\u00e1 dovolen\u00e1 v Radstadtu","datePublished":"2025-03-25T01:36:30+00:00","dateModified":"2025-10-20T09:24:30+00:00","mainEntityOfPage":{"@id":"https:\/\/www.salzburgerland.com\/cs\/radstadt-rodinna-dovolena\/"},"wordCount":700,"image":{"@id":"https:\/\/www.salzburgerland.com\/cs\/radstadt-rodinna-dovolena\/#primaryimage"},"thumbnailUrl":"https:\/\/www.salzburgerland.com\/cs\/wp-content\/uploads\/2025\/03\/allesalm-gnadenalm--markus-rohrbacher-1.jpg","articleSection":["Uncategorized"],"inLanguage":"cs"},{"@type":"WebPage","@id":"https:\/\/www.salzburgerland.com\/cs\/radstadt-rodinna-dovolena\/","url":"https:\/\/www.salzburgerland.com\/cs\/radstadt-rodinna-dovolena\/","name":"Rodinn\u00e1 dovolen\u00e1 v Radstadtu \u00bb SalzburgerLand.com","isPartOf":{"@id":"https:\/\/www.salzburgerland.com\/cs\/#website"},"primaryImageOfPage":{"@id":"https:\/\/www.salzburgerland.com\/cs\/radstadt-rodinna-dovolena\/#primaryimage"},"image":{"@id":"https:\/\/www.salzburgerland.com\/cs\/radstadt-rodinna-dovolena\/#primaryimage"},"thumbnailUrl":"https:\/\/www.salzburgerland.com\/cs\/wp-content\/uploads\/2025\/03\/allesalm-gnadenalm--markus-rohrbacher-1.jpg","datePublished":"2025-03-25T01:36:30+00:00","dateModified":"2025-10-20T09:24:30+00:00","author":{"@id":"https:\/\/www.salzburgerland.com\/cs\/#\/schema\/person\/dd42a4661897004df109095dbf40eeff"},"description":"Rodinn\u00e1 dovolen\u00e1 v Radstadtu, to je kr\u00e1sn\u00e1 p\u0159\u00edroda, sport a odpo\u010dinek pro mal\u00e9 i velk\u00e9 n\u00e1v\u0161t\u011bvn\u00edky.","breadcrumb":{"@id":"https:\/\/www.salzburgerland.com\/cs\/radstadt-rodinna-dovolena\/#breadcrumb"},"inLanguage":"cs","potentialAction":[{"@type":"ReadAction","target":["https:\/\/www.salzburgerland.com\/cs\/radstadt-rodinna-dovolena\/"]}]},{"@type":"ImageObject","inLanguage":"cs","@id":"https:\/\/www.salzburgerland.com\/cs\/radstadt-rodinna-dovolena\/#primaryimage","url":"https:\/\/www.salzburgerland.com\/cs\/wp-content\/uploads\/2025\/03\/allesalm-gnadenalm--markus-rohrbacher-1.jpg","contentUrl":"https:\/\/www.salzburgerland.com\/cs\/wp-content\/uploads\/2025\/03\/allesalm-gnadenalm--markus-rohrbacher-1.jpg","width":930,"height":1080,"caption":"Skv\u011bl\u00e9 m\u00edsto pro rodiny - Alles Alm \u00a9 Markus Rohrbacher"},{"@type":"BreadcrumbList","@id":"https:\/\/www.salzburgerland.com\/cs\/radstadt-rodinna-dovolena\/#breadcrumb","itemListElement":[{"@type":"ListItem","position":1,"name":"Radstadt v l\u00e9t\u011b","item":"https:\/\/www.salzburgerland.com\/cs\/radstadt-v-lete\/"},{"@type":"ListItem","position":2,"name":"Rodinn\u00e1 dovolen\u00e1 v Radstadtu"}]},{"@type":"WebSite","@id":"https:\/\/www.salzburgerland.com\/cs\/#website","url":"https:\/\/www.salzburgerland.com\/cs\/","name":"SalzburgerLand.com","description":"Va\u0161e dovolen\u00e1 v Salcburku, Rakousko","potentialAction":[{"@type":"SearchAction","target":{"@type":"EntryPoint","urlTemplate":"https:\/\/www.salzburgerland.com\/cs\/?s={search_term_string}"},"query-input":{"@type":"PropertyValueSpecification","valueRequired":true,"valueName":"search_term_string"}}],"inLanguage":"cs"},{"@type":"Person","@id":"https:\/\/www.salzburgerland.com\/cs\/#\/schema\/person\/dd42a4661897004df109095dbf40eeff","name":"Andrea \u017d\u00e1\u010dkov\u00e1","image":{"@type":"ImageObject","inLanguage":"cs","@id":"https:\/\/secure.gravatar.com\/avatar\/338deec8d231d56d0ab7b2b7d6d0aedbcb3eb05390f6c027fd5b7ebe87b67dbf?s=96&d=mm&r=g","url":"https:\/\/secure.gravatar.com\/avatar\/338deec8d231d56d0ab7b2b7d6d0aedbcb3eb05390f6c027fd5b7ebe87b67dbf?s=96&d=mm&r=g","contentUrl":"https:\/\/secure.gravatar.com\/avatar\/338deec8d231d56d0ab7b2b7d6d0aedbcb3eb05390f6c027fd5b7ebe87b67dbf?s=96&d=mm&r=g","caption":"Andrea \u017d\u00e1\u010dkov\u00e1"}}]},"og_video":"https:\/\/www.youtube.com\/embed\/RijwRs1s118","og_video_type":"text\/html","og_video_duration":"118","og_video_width":"480","og_video_height":"270","ya_ovs_adult":"false","ya_ovs_upload_date":"2025-03-25T01:36:30+00:00","ya_ovs_allow_embed":"true"},"_wl_alt_label":[],"wl:entity_url":"http:\/\/open.salzburgerland.com\/cs\/post\/radstadt-rodinna-dovolena-161660","_links":{"self":[{"href":"https:\/\/www.salzburgerland.com\/cs\/wp-json\/wp\/v2\/posts\/161660","targetHints":{"allow":["GET"]}}],"collection":[{"href":"https:\/\/www.salzburgerland.com\/cs\/wp-json\/wp\/v2\/posts"}],"about":[{"href":"https:\/\/www.salzburgerland.com\/cs\/wp-json\/wp\/v2\/types\/post"}],"author":[{"embeddable":true,"href":"https:\/\/www.salzburgerland.com\/cs\/wp-json\/wp\/v2\/users\/6"}],"replies":[{"embeddable":true,"href":"https:\/\/www.salzburgerland.com\/cs\/wp-json\/wp\/v2\/comments?post=161660"}],"version-history":[{"count":9,"href":"https:\/\/www.salzburgerland.com\/cs\/wp-json\/wp\/v2\/posts\/161660\/revisions"}],"predecessor-version":[{"id":163416,"href":"https:\/\/www.salzburgerland.com\/cs\/wp-json\/wp\/v2\/posts\/161660\/revisions\/163416"}],"wp:featuredmedia":[{"embeddable":true,"href":"https:\/\/www.salzburgerland.com\/cs\/wp-json\/wp\/v2\/media\/161723"}],"wp:attachment":[{"href":"https:\/\/www.salzburgerland.com\/cs\/wp-json\/wp\/v2\/media?parent=161660"}],"wp:term":[{"taxonomy":"category","embeddable":true,"href":"https:\/\/www.salzburgerland.com\/cs\/wp-json\/wp\/v2\/categories?post=161660"},{"taxonomy":"post_tag","embeddable":true,"href":"https:\/\/www.salzburgerland.com\/cs\/wp-json\/wp\/v2\/tags?post=161660"},{"taxonomy":"wl_entity_type","embeddable":true,"href":"https:\/\/www.salzburgerland.com\/cs\/wp-json\/wp\/v2\/wl_entity_type?post=161660"}],"curies":[{"name":"wp","href":"https:\/\/api.w.org\/{rel}","templated":true}]}}