{"id":161644,"date":"2025-03-24T23:25:50","date_gmt":"2025-03-24T22:25:50","guid":{"rendered":"https:\/\/www.salzburgerland.com\/cs\/?p=161644"},"modified":"2025-10-20T11:21:16","modified_gmt":"2025-10-20T09:21:16","slug":"radstadt-turistika","status":"publish","type":"post","link":"https:\/\/www.salzburgerland.com\/cs\/radstadt-turistika\/","title":{"rendered":"Turistika v Radstadtu"},"content":{"rendered":"<p data-start=\"774\" data-end=\"1186\">Jedn\u00edm z nejv\u011bt\u0161\u00edch turistick\u00fdch z\u00e1\u017eitk\u016f v Radstadtu je <strong data-start=\"830\" data-end=\"882\">v\u00fdstup na vyhl\u00eddkovou horu <a href=\"https:\/\/www.wanderdoerfer.at\/salzburg\/wanderweg\/panoramaberg-rossbrand\/#\" target=\"_blank\" rel=\"noopener\">Rossbrand<\/a> (1 768 m n. m.)<\/strong>. Cesta vede od historick\u00e9ho centra m\u011bsta a\u017e na vrchol, odkud se otev\u00edr\u00e1 <strong data-start=\"955\" data-end=\"984\">360\u00b0 v\u00fdhled<\/strong> na Dachstein, Vysok\u00e9 Taury a v\u00edce ne\u017e 150 dal\u0161\u00edch alpsk\u00fdch vrchol\u016f. D\u00edky <strong data-start=\"1058\" data-end=\"1079\">v\u00fdborn\u00e9mu zna\u010den\u00ed<\/strong> a atraktivn\u00edmu profilu trasy z\u00edskala tato t\u00fara presti\u017en\u00ed <strong data-start=\"1137\" data-end=\"1183\">rakouskou pe\u010de\u0165 kvality pro p\u011b\u0161\u00ed turistiku<\/strong>.<\/p>\n<div id=\"attachment_161740\" style=\"width: 1180px\" class=\"wp-caption alignnone\"><img decoding=\"async\" aria-describedby=\"caption-attachment-161740\" class=\"wp-image-161740 size-1170_658\" src=\"https:\/\/www.salzburgerland.com\/cs\/wp-content\/uploads\/2025\/03\/wandern--lorenz-masser-2-1170x658.jpg\" alt=\"Rossbrand nad Radstadtem pat\u0159\u00ed k nejkr\u00e1sn\u011bj\u0161\u00edm vyhl\u00eddkov\u00fdm hor\u00e1m, u vrcholov\u00e9ho k\u0159\u00ed\u017ee je v\u00fdhled na 150 alpsk\u00fdch vrchol\u016f\" width=\"1170\" height=\"658\" srcset=\"https:\/\/www.salzburgerland.com\/cs\/wp-content\/uploads\/2025\/03\/wandern--lorenz-masser-2-1170x658.jpg 1170w, https:\/\/www.salzburgerland.com\/cs\/wp-content\/uploads\/2025\/03\/wandern--lorenz-masser-2-1200x675.jpg 1200w\" sizes=\"(max-width: 1170px) 100vw, 1170px\"><p id=\"caption-attachment-161740\" class=\"wp-caption-text\">Rossbrand nad Radstadtem pat\u0159\u00ed k nejkr\u00e1sn\u011bj\u0161\u00edm vyhl\u00eddkov\u00fdm hor\u00e1m \u00a9 Lorenz Masser<\/p><\/div>\n<h3 data-start=\"1317\" data-end=\"1378\"><strong data-start=\"1321\" data-end=\"1376\">Salzburger Almenweg \u2013 350 km dobrodru\u017estv\u00ed v Alp\u00e1ch<\/strong><\/h3>\n<p data-start=\"1380\" data-end=\"1783\">Radstadt je sou\u010d\u00e1st\u00ed zn\u00e1m\u00e9 d\u00e1lkov\u00e9 trasy, <strong>Salcbursk\u00e9 sala\u0161nick\u00e9 stezky (Salzburger Almenweg)<\/strong>, kter\u00e1 m\u011b\u0159\u00ed <strong data-start=\"1458\" data-end=\"1504\">350 km a proch\u00e1z\u00ed okolo 120 horsk\u00fdch sala\u0161\u00ed<\/strong>. Tato trasa je rozd\u011blena do <strong data-start=\"1533\" data-end=\"1544\">25 etap<\/strong>, a ka\u017ed\u00fd \u00fasek stezky nab\u00edz\u00ed n\u00e1dhern\u00e9 v\u00fdhledy, tradi\u010dn\u00ed horsk\u00e9 chaty s dom\u00e1c\u00edmi specialitami a mo\u017enost poznat rozmanitost salcbursk\u00fdch hor. Pr\u00e1v\u011b v oblasti Radstadtu pat\u0159\u00ed mezi <strong data-start=\"666\" data-end=\"688\">nejkr\u00e1sn\u011bj\u0161\u00ed etapy<\/strong> <strong>Salcbursk\u00e9 sala\u0161nick\u00e9 stezky<\/strong> \u00faseky vedouc\u00ed kolem chat <strong data-start=\"719\" data-end=\"762\">Oberh\u00fctte, V\u00f6geialm nebo Steinalm<\/strong>, kter\u00e9 jsou zn\u00e1m\u00e9 svou \u00fatulnost\u00ed a v\u00fdborn\u00fdmi region\u00e1ln\u00edmi dobrotami.<\/p>\n<p data-start=\"841\" data-end=\"1111\">Chcete si t\u00faru u\u017e\u00edt <strong data-start=\"861\" data-end=\"890\">bez starost\u00ed s organizac\u00ed trasy<\/strong>? <strong data-start=\"892\" data-end=\"914\">Radstadt Tourismus<\/strong> nab\u00edz\u00ed speci\u00e1ln\u00ed <strong data-start=\"932\" data-end=\"978\">bal\u00ed\u010dek \u201e<a href=\"https:\/\/www.radstadt.com\/pauschalen\/unterwegs-am-almenweg\/\" target=\"_blank\" rel=\"noopener\">Unterwegs am Salzburger Almenweg<\/a>\u201c<\/strong>, kter\u00fd zahrnuje <strong data-=\"\">ubytov\u00e1n\u00ed, turistick\u00e9 mapy a doporu\u010den\u00e9 trasy<\/strong>, tak\u017ee si m\u016f\u017eete naplno vychutnat kouzlo t\u00e9to legend\u00e1rn\u00ed stezky.<\/p>\n<div id=\"attachment_161739\" style=\"width: 1180px\" class=\"wp-caption alignnone\"><img decoding=\"async\" aria-describedby=\"caption-attachment-161739\" class=\"size-1170_658 wp-image-161739\" src=\"https:\/\/www.salzburgerland.com\/cs\/wp-content\/uploads\/2025\/03\/wandern--lorenz-masser-1-1170x658.jpg\" alt=\"Lid\u00e9 se psem jdou horskou p\u011b\u0161inou mezi alpsk\u00fdmi rododendrony\" width=\"1170\" height=\"658\" srcset=\"https:\/\/www.salzburgerland.com\/cs\/wp-content\/uploads\/2025\/03\/wandern--lorenz-masser-1-1170x658.jpg 1170w, https:\/\/www.salzburgerland.com\/cs\/wp-content\/uploads\/2025\/03\/wandern--lorenz-masser-1-1200x675.jpg 1200w\" sizes=\"(max-width: 1170px) 100vw, 1170px\"><p id=\"caption-attachment-161739\" class=\"wp-caption-text\">Tady se budou v\u00fdlety l\u00edbit i va\u0161emu ps\u00edmu par\u0165\u00e1kovi \u00a9 Lorenz Masser<\/p><\/div>\n<h3 data-start=\"1898\" data-end=\"1965\"><strong data-start=\"1902\" data-end=\"1963\">Salzburger Gipfelspiel \u2013 objevte kouzlo hor\u00a0<\/strong><\/h3>\n<p data-start=\"0\" data-end=\"164\">\u200b<span class=\"relative -mx-px my-[-0.2rem] rounded px-px py-[0.2rem]\"><strong><a href=\"https:\/\/www.radstadt.com\/en\/holidays\/hiking-salzburg\/salzburger-summit-game\/\" target=\"_blank\" rel=\"noopener\">Salcbursk\u00e1 vrcholov\u00e1 hra<\/a><\/strong> (Salzburger Gipfelspiel) je jedine\u010dn\u00fd turistick\u00fd z\u00e1\u017eitek, kter\u00fd v\u00e1s zavede na sedm vybran\u00fdch vrchol\u016f v oblasti Salcbursk\u00e9ho sportovn\u00edho sv\u011bta.<\/span> <span class=\"relative -mx-px my-[-0.2rem] rounded px-px py-[0.2rem]\">Ka\u017ed\u00fd z t\u011bchto vrchol\u016f p\u0159edstavuje postavu z d\u00e1vn\u00e9 legendy o \u201eDobrotiv\u00e9 kr\u00e1lovn\u011b a jej\u00edch \u0161esti r\u00e1dc\u00edch\u201c, p\u0159i\u010dem\u017e ka\u017ed\u00fd z nich nese vlastn\u00ed poselstv\u00ed a nab\u00edz\u00ed specifick\u00fd ritu\u00e1l pro hlub\u0161\u00ed pro\u017eitek z v\u00fdstupu.<\/span> \u200b<\/p>\n<p data-start=\"166\" data-end=\"361\"><span class=\"relative -mx-px my-[-0.2rem] rounded px-px py-[0.2rem]\">Jedn\u00edm z t\u011bchto vrchol\u016f je <a href=\"https:\/\/urlaub.salzburgerland.com\/cs\/salzburger-sportwelt-gipfelspiel\" target=\"_blank\" rel=\"noopener\"><strong>Rossbrand<\/strong><\/a>, jako \u201ePozorovatel\u201c.<\/span> Tato hora <span class=\"relative -mx-px my-[-0.2rem] rounded px-px py-[0.2rem]\">je pova\u017eov\u00e1na za <strong>jedno z nejkr\u00e1sn\u011bj\u0161\u00edch vyhl\u00eddkov\u00fdch m\u00edst v Alp\u00e1ch<\/strong>, poskytuj\u00edc\u00ed v\u00fdhled na v\u00edce ne\u017e 150 okoln\u00edch vrchol\u016f.<\/span> <span class=\"relative -mx-px my-[-0.2rem] rounded px-px py-[0.2rem]\">Pro ty, kte\u0159\u00ed necht\u011bj\u00ed nebo nemohou zdolat v\u00fd\u0161kov\u00e9 metry p\u011b\u0161ky, je dostupn\u00fd tak\u00e9 autem nebo turistick\u00fdm autobusem.<\/span><\/p>\n<p data-start=\"363\" data-end=\"526\"><span class=\"relative -mx-px my-[-0.2rem] rounded px-px py-[0.2rem]\">Ritu\u00e1l spojen\u00fd s <strong>Rossbrandem<\/strong> v\u00e1s u\u010d\u00ed um\u011bn\u00ed odpo\u010dinku a relaxace.<\/span> <span class=\"relative -mx-px my-[-0.2rem] rounded px-px py-[0.2rem]\">Pomoc\u00ed hrav\u00e9ho kamenn\u00e9ho or\u00e1kula v\u00e1m m\u016f\u017ee pomoci p\u0159i d\u016fle\u017eit\u00fdch \u017eivotn\u00edch rozhodnut\u00edch.<\/span><\/p>\n<div id=\"attachment_161742\" style=\"width: 1180px\" class=\"wp-caption alignnone\"><img decoding=\"async\" aria-describedby=\"caption-attachment-161742\" class=\"wp-image-161742 size-1170_658\" src=\"https:\/\/www.salzburgerland.com\/cs\/wp-content\/uploads\/2025\/03\/wandern--lorenz-masser-4-1170x658.jpg\" alt=\"P\u00e1r odpo\u010d\u00edv\u00e1 na louce a koch\u00e1 se v\u00fdhledem na alpsk\u00e9 \u0161t\u00edty\" width=\"1170\" height=\"658\" srcset=\"https:\/\/www.salzburgerland.com\/cs\/wp-content\/uploads\/2025\/03\/wandern--lorenz-masser-4-1170x658.jpg 1170w, https:\/\/www.salzburgerland.com\/cs\/wp-content\/uploads\/2025\/03\/wandern--lorenz-masser-4-1200x675.jpg 1200w\" sizes=\"(max-width: 1170px) 100vw, 1170px\"><p id=\"caption-attachment-161742\" class=\"wp-caption-text\">Zastaven\u00ed k odpo\u010dinku s p\u0159ekr\u00e1sn\u00fdm v\u00fdhledem \u00a9 Lorenz Masser<\/p><\/div>\n<p data-start=\"528\" data-end=\"773\"><span class=\"relative -mx-px my-[-0.2rem] rounded px-px py-[0.2rem]\">Pro \u00fa\u010dast ve h\u0159e si m\u016f\u017eete zakoupit startovac\u00ed bal\u00ed\u010dek, kter\u00fd obsahuje turistickou kn\u00ed\u017eku, hrnek s karabinou a mapu.<\/span> <span class=\"relative -mx-px my-[-0.2rem] rounded px-px py-[0.2rem]\">Tyto bal\u00ed\u010dky jsou k dispozici v m\u00edstn\u00edch turistick\u00fdch kancel\u00e1\u0159\u00edch.<\/span> <span class=\"relative -mx-px my-[-0.2rem] rounded px-px py-[0.2rem]\">Vrchol\u016f m\u016f\u017eete dosahovat v libovoln\u00e9m po\u0159ad\u00ed a tempo si zvol\u00edte podle sv\u00fdch mo\u017enost\u00ed.<\/span> <span class=\"relative -mx-px my-[-0.2rem] rounded px-px py-[0.2rem]\">Po zdol\u00e1n\u00ed alespo\u0148 \u010dty\u0159 z nich na v\u00e1s \u010dek\u00e1 p\u0159\u00edjemn\u00e9 <strong>p\u0159ekvapen\u00ed<\/strong>.<\/span> \u200b<\/p>\n<p data-start=\"775\" data-end=\"900\"><span class=\"relative -mx-px my-[-0.2rem] rounded px-px py-[0.2rem]\">Salcbursk\u00e1 vrcholov\u00e1 hra je nejen v\u00fdzvou pro va\u0161e turistick\u00e9 schopnosti, ale tak\u00e9 cestou k sebepozn\u00e1n\u00ed a hlub\u0161\u00edmu propojen\u00ed s p\u0159\u00edrodou.<\/span> <span class=\"relative -mx-px my-[-0.2rem] rounded px-px py-[0.2rem]\">Ka\u017ed\u00fd vrchol v\u00e1m p\u0159ed\u00e1 sv\u00e9 poselstv\u00ed a nab\u00eddne jedine\u010dn\u00fd z\u00e1\u017eitek, kter\u00fd ve v\u00e1s zanech\u00e1 nezapomenuteln\u00fd dojem.<\/span><\/p>\n<h3 data-start=\"2434\" data-end=\"2498\"><strong data-start=\"2438\" data-end=\"2496\">Tematick\u00e1 stezka \u201eAlles Alm\u201c \u2013 z\u00e1bava pro celou rodinu<\/strong><\/h3>\n<p data-start=\"2500\" data-end=\"2750\">Rodiny s d\u011btmi si nesm\u00ed nechat uj\u00edt tematickou <strong data-start=\"2547\" data-end=\"2583\">stezku \u201e<a href=\"https:\/\/www.radstadt.com\/en\/holidays\/hiking-salzburg\/alles-alm-family-hiking-fun\/\" target=\"_blank\" rel=\"noopener\">Alles Alm<\/a>\u201c na Gnadenalm<\/strong>. Na <strong data-start=\"2588\" data-end=\"2624\">deseti interaktivn\u00edch zast\u00e1vk\u00e1ch<\/strong> d\u011bti pozn\u00e1vaj\u00ed \u017eivot na horsk\u00fdch pastvin\u00e1ch. Objevuj\u00ed zaj\u00edmavosti o m\u00edstn\u00ed p\u0159\u00edrod\u011b nebo zv\u00ed\u0159atech a u\u017e\u00edvaj\u00ed si spoustu z\u00e1bavy. Sou\u010d\u00e1st\u00ed trasy je i <strong data-start=\"2772\" data-end=\"2794\">Johanneswasserfall<\/strong>, jeden z nejp\u016fsobiv\u011bj\u0161\u00edch vodop\u00e1d\u016f v regionu. Po n\u00e1vratu do \u00fadol\u00ed se vyplat\u00ed zastavit v <strong data-start=\"2883\" data-end=\"2925\">p\u0159\u00edrodn\u00edm a z\u00e1bavn\u00edm parku Untertauern<\/strong>, kde d\u011bti jist\u011b pot\u011b\u0161\u00ed <strong data-start=\"2943\" data-end=\"3000\">setk\u00e1n\u00ed s voln\u011b \u017eij\u00edc\u00edmi zv\u00ed\u0159aty a dobrodru\u017en\u00e9 h\u0159i\u0161t\u011b<\/strong>.<\/p>\n\n\t\t\t<div id=\"161644-1\" class=\"gallery gallery-161644 gallery-columns-3 gallery-size-1170_658\" itemscope itemtype=\"http:\/\/schema.org\/ImageGallery\">\n\t\t\t\t<ul class=\"gallery-row gallery-col-3 gallery-clear\">\n\t\t\t\t\t<li class=\"gallery-item col-3\" itemprop=\"associatedMedia\" itemscope itemtype=\"http:\/\/schema.org\/ImageObject\">\n\t\t\t\t\t\t<div class=\"gallery-icon landscape\"><a href=\"https:\/\/www.salzburgerland.com\/cs\/wp-content\/uploads\/2025\/03\/allesalm-gnadenalm--markus-rohrbacher-4-1601x1067.jpg\" title=\"AllesAlm\"><img decoding=\"async\" data-title=\"Odpo\u010dinek na Alles Alm \u00a9 Markus Rohrbacher\" title=\"Odpo\u010dinek na Alles Alm \u00a9 Markus Rohrbacher\" data-caption=\"Odpo\u010dinek na Alles Alm \u00a9 Markus Rohrbacher\" width=\"1170\" height=\"658\" src=\"https:\/\/www.salzburgerland.com\/cs\/wp-content\/uploads\/2025\/03\/allesalm-gnadenalm--markus-rohrbacher-4-1170x658.jpg\" class=\"attachment-1170_658 size-1170_658\" alt=\"Rodina odpo\u010d\u00edv\u00e1 na lavi\u010dce na z\u00e1\u017eitkov\u00e9 pastvin\u011b Alles Alm v idylick\u00e9 horsk\u00e9 oblasti Gnadenalm (Zv\u011bt\u0161en\u00fd pohled)\" srcset=\"https:\/\/www.salzburgerland.com\/cs\/wp-content\/uploads\/2025\/03\/allesalm-gnadenalm--markus-rohrbacher-4-1170x658.jpg 1170w, https:\/\/www.salzburgerland.com\/cs\/wp-content\/uploads\/2025\/03\/allesalm-gnadenalm--markus-rohrbacher-4-1200x675.jpg 1200w\" sizes=\"(max-width: 1170px) 100vw, 1170px\" aria-describedby=\"figcaption-161644-161727\" itemprop=\"thumbnail\"><\/a><\/div>\n\t\t\t\t\t\t<span id=\"figcaption-161644-161727\" class=\"gallery-caption\" itemprop=\"caption\"><span aria-hidden=\"true\">Odpo\u010dinek na Alles Alm \u00a9 Markus Rohrbacher<\/span><\/span>\n\t\t\t\t\t<\/li>\n\t\t\t\t\t<li class=\"gallery-item col-3\" itemprop=\"associatedMedia\" itemscope itemtype=\"http:\/\/schema.org\/ImageObject\">\n\t\t\t\t\t\t<div class=\"gallery-icon landscape\"><a href=\"https:\/\/www.salzburgerland.com\/cs\/wp-content\/uploads\/2025\/03\/allesalm-gnadenalm--markus-rohrbacher-3-711x1067.jpg\" title=\"AllesAlm\"><img decoding=\"async\" data-title=\"Sou\u010d\u00e1st\u00ed Alles Alm je i velk\u00fd vodop\u00e1d \u00a9 Markus Rohrbacher\" title=\"Sou\u010d\u00e1st\u00ed Alles Alm je i velk\u00fd vodop\u00e1d \u00a9 Markus Rohrbacher\" data-caption=\"Sou\u010d\u00e1st\u00ed Alles Alm je i velk\u00fd vodop\u00e1d \u00a9 Markus Rohrbacher\" width=\"720\" height=\"658\" src=\"https:\/\/www.salzburgerland.com\/cs\/wp-content\/uploads\/2025\/03\/allesalm-gnadenalm--markus-rohrbacher-3-720x658.jpg\" class=\"attachment-1170_658 size-1170_658\" alt=\"Sou\u010d\u00e1st\u00ed Alles Alm je i velk\u00fd vodop\u00e1d Johanesswasserfall (Zv\u011bt\u0161en\u00fd pohled)\" aria-describedby=\"figcaption-161644-161725\" itemprop=\"thumbnail\"><\/a><\/div>\n\t\t\t\t\t\t<span id=\"figcaption-161644-161725\" class=\"gallery-caption\" itemprop=\"caption\"><span aria-hidden=\"true\">Sou\u010d\u00e1st\u00ed Alles Alm je i velk\u00fd vodop\u00e1d \u00a9 Markus Rohrbacher<\/span><\/span>\n\t\t\t\t\t<\/li>\n\t\t\t\t\t<li class=\"gallery-item col-3\" itemprop=\"associatedMedia\" itemscope itemtype=\"http:\/\/schema.org\/ImageObject\">\n\t\t\t\t\t\t<div class=\"gallery-icon landscape\"><a href=\"https:\/\/www.salzburgerland.com\/cs\/wp-content\/uploads\/2025\/03\/allesalm-gnadenalm--markus-rohrbacher-2-1601x1067.jpg\" title=\"AllesAlm\"><img decoding=\"async\" data-title=\"Alles Alm, to jsou sala\u0161e na pastvin\u00e1ch a d\u0159ev\u011bn\u00e9 atrakce pro d\u011bti \u00a9 Markus Rohrbacher\" title=\"Alles Alm, to jsou sala\u0161e na pastvin\u00e1ch a d\u0159ev\u011bn\u00e9 atrakce pro d\u011bti \u00a9 Markus Rohrbacher\" data-caption=\"Alles Alm, to jsou sala\u0161e na pastvin\u00e1ch a d\u0159ev\u011bn\u00e9 atrakce pro d\u011bti \u00a9 Markus Rohrbacher\" width=\"1170\" height=\"658\" src=\"https:\/\/www.salzburgerland.com\/cs\/wp-content\/uploads\/2025\/03\/allesalm-gnadenalm--markus-rohrbacher-2-1170x658.jpg\" class=\"attachment-1170_658 size-1170_658\" alt=\"Alles Alm, to jsou sala\u0161e na pastvin\u00e1ch a d\u0159ev\u011bn\u00e9 atrakce pro d\u011bti (Zv\u011bt\u0161en\u00fd pohled)\" srcset=\"https:\/\/www.salzburgerland.com\/cs\/wp-content\/uploads\/2025\/03\/allesalm-gnadenalm--markus-rohrbacher-2-1170x658.jpg 1170w, https:\/\/www.salzburgerland.com\/cs\/wp-content\/uploads\/2025\/03\/allesalm-gnadenalm--markus-rohrbacher-2-1200x675.jpg 1200w\" sizes=\"(max-width: 1170px) 100vw, 1170px\" aria-describedby=\"figcaption-161644-161724\" itemprop=\"thumbnail\"><\/a><\/div>\n\t\t\t\t\t\t<span id=\"figcaption-161644-161724\" class=\"gallery-caption\" itemprop=\"caption\"><span aria-hidden=\"true\">Alles Alm, to jsou sala\u0161e na pastvin\u00e1ch a d\u0159ev\u011bn\u00e9 atrakce pro d\u011bti \u00a9 Markus Rohrbacher<\/span><\/span>\n\t\t\t\t\t<\/li>\n\t\t\t\t<\/ul>\n\t\t\t<\/div><!-- .gallery -->\n\n<h3 data-start=\"3158\" data-end=\"3236\"><strong data-start=\"3161\" data-end=\"3234\">Cesta na start turistick\u00fdch tras s Guest Mobility Ticketem!<\/strong><\/h3>\n<p data-start=\"3238\" data-end=\"3380\">S tiketem <a href=\"https:\/\/www.salzburgerland.com\/cs\/guest-mobility-ticket\/\"><strong data-start=\"3247\" data-end=\"3272\">Guest Mobility Ticket<\/strong><\/a> mohou n\u00e1v\u0161t\u011bvn\u00edci od 1. kv\u011btna 2025 vyu\u017e\u00edvat <strong data-start=\"3296\" data-end=\"3323\">ve\u0159ejnou dopravu a snadno se dostat na v\u00fdchoz\u00ed body nejkr\u00e1sn\u011bj\u0161\u00edch t\u00far. <\/strong>Nemus\u00ed si d\u011blat starosti s n\u00e1kupem j\u00edzdenek, proto\u017ee cena dopravy u\u017e je zahrnuta v m\u00edstn\u00edm poplatku za p\u0159enocov\u00e1n\u00ed u partnersk\u00fdch provozovatel\u016f ubytov\u00e1n\u00ed.\u00a0Radstadt je r\u00e1jem pro turisty \u2013 a\u0165 u\u017e hled\u00e1te v\u00fdhledy na hory, dlouh\u00e9 t\u00fary nebo z\u00e1bavn\u00e9 tematick\u00e9 stezky. Zde najdete v\u0161e. Vydejte se do hor a objevte kr\u00e1su Salcburska p\u011b\u0161ky! Alpsk\u00e1 p\u0159\u00edroda je n\u00e1dhern\u00e1, ale m\u016f\u017ee b\u00fdt i nevyzpytateln\u00e1. Nezapome\u0148te si p\u0159ed v\u00fd\u0161lapem prov\u011b\u0159it <strong>p\u0159edpov\u011b\u010f po\u010das\u00ed<\/strong>, zvolit trasu odpov\u00eddaj\u00edc\u00ed va\u0161\u00ed kondici a m\u00edt s sebou dostatek vody i vhodn\u00e9 oble\u010den\u00ed. P\u0159i pohybu na horsk\u00fdch pastvin\u00e1ch respektujte pokyny a chovejte se ohledupln\u011b k voln\u011b pasouc\u00edm se zv\u00ed\u0159at\u016fm. Pod\u00edvejte se na p\u00e1r <strong><a href=\"https:\/\/www.salzburgerland.com\/cs\/bezpecnost-v-horach-v-lete\/\">tip\u016f<\/a><\/strong> o bezpe\u010dnosti v letn\u00edch hor\u00e1ch.<\/p>\n","protected":false},"excerpt":{"rendered":"<p>Jedn\u00edm z nejv\u011bt\u0161\u00edch turistick\u00fdch z\u00e1\u017eitk\u016f v Radstadtu je v\u00fdstup na vyhl\u00eddkovou horu Rossbrand (1 768 m n. m.). Cesta vede od historick\u00e9ho centra m\u011bsta a\u017e na vrchol, odkud se otev\u00edr\u00e1 360\u00b0 v\u00fdhled na Dachstein, Vysok\u00e9 Taury a v\u00edce ne\u017e 150 dal\u0161\u00edch alpsk\u00fdch vrchol\u016f. D\u00edky v\u00fdborn\u00e9mu zna\u010den\u00ed a atraktivn\u00edmu profilu trasy z\u00edskala tato t\u00fara presti\u017en\u00ed rakouskou [&hellip;]<\/p>\n","protected":false},"author":6,"featured_media":161741,"comment_status":"closed","ping_status":"closed","sticky":false,"template":"","format":"standard","meta":{"_acf_changed":false,"wl_entities_gutenberg":"","_relevanssi_hide_post":"","_relevanssi_hide_content":"","_relevanssi_pin_for_all":"","_relevanssi_pin_keywords":"","_relevanssi_unpin_keywords":"","_relevanssi_related_keywords":"","_relevanssi_related_include_ids":"","_relevanssi_related_exclude_ids":"","_relevanssi_related_no_append":"","_relevanssi_related_not_related":"","_relevanssi_related_posts":"","_relevanssi_noindex_reason":"","footnotes":""},"categories":[1],"tags":[],"wl_entity_type":[706],"class_list":["post-161644","post","type-post","status-publish","format-standard","has-post-thumbnail","hentry","category-uncategorized","wl_entity_type-article"],"acf":[],"yoast_head":"<!-- This site is optimized with the Yoast SEO Premium plugin v27.4 (Yoast SEO v27.4) - https:\/\/yoast.com\/product\/yoast-seo-premium-wordpress\/ -->\n<title>Turistika v Radstadtu \u00bb SalzburgerLand.com<\/title>\n<meta name=\"robots\" content=\"index, follow, max-snippet:-1, max-image-preview:large, max-video-preview:-1\" \/>\n<link rel=\"canonical\" href=\"https:\/\/www.salzburgerland.com\/cs\/radstadt-turistika\/\" \/>\n<meta property=\"og:locale\" content=\"cs_CZ\" \/>\n<meta property=\"og:type\" content=\"article\" \/>\n<meta property=\"og:title\" content=\"Turistika v Radstadtu\" \/>\n<meta property=\"og:description\" content=\"Jedn\u00edm z nejv\u011bt\u0161\u00edch turistick\u00fdch z\u00e1\u017eitk\u016f v Radstadtu je v\u00fdstup na vyhl\u00eddkovou horu Rossbrand (1 768 m n. m.). Cesta vede od historick\u00e9ho centra m\u011bsta a\u017e\" \/>\n<meta property=\"og:url\" content=\"https:\/\/www.salzburgerland.com\/cs\/radstadt-turistika\/\" \/>\n<meta property=\"og:site_name\" content=\"SalzburgerLand.com\" \/>\n<meta property=\"article:publisher\" content=\"https:\/\/www.facebook.com\/visitsalzburgerland\/\" \/>\n<meta property=\"article:published_time\" content=\"2025-03-24T22:25:50+00:00\" \/>\n<meta property=\"article:modified_time\" content=\"2025-10-20T09:21:16+00:00\" \/>\n<meta property=\"og:image\" content=\"https:\/\/www.salzburgerland.com\/cs\/wp-content\/uploads\/2025\/03\/wandern--lorenz-masser-3-1200x675.jpg\" \/>\n\t<meta property=\"og:image:width\" content=\"1200\" \/>\n\t<meta property=\"og:image:height\" content=\"675\" \/>\n\t<meta property=\"og:image:type\" content=\"image\/jpeg\" \/>\n<meta name=\"author\" content=\"Andrea \u017d\u00e1\u010dkov\u00e1\" \/>\n<meta name=\"twitter:card\" content=\"summary_large_image\" \/>\n<meta name=\"twitter:creator\" content=\"@salzburgerland\" \/>\n<meta name=\"twitter:site\" content=\"@salzburgerland\" \/>\n<meta name=\"twitter:label1\" content=\"Napsal(a)\" \/>\n\t<meta name=\"twitter:data1\" content=\"Andrea \u017d\u00e1\u010dkov\u00e1\" \/>\n\t<meta name=\"twitter:label2\" content=\"Odhadovan\u00e1 doba \u010dten\u00ed\" \/>\n\t<meta name=\"twitter:data2\" content=\"5 minut\" \/>\n<script type=\"application\/ld+json\" class=\"yoast-schema-graph\">{\"@context\":\"https:\\\/\\\/schema.org\",\"@graph\":[{\"@type\":\"Article\",\"@id\":\"https:\\\/\\\/www.salzburgerland.com\\\/cs\\\/radstadt-turistika\\\/#article\",\"isPartOf\":{\"@id\":\"https:\\\/\\\/www.salzburgerland.com\\\/cs\\\/radstadt-turistika\\\/\"},\"author\":{\"name\":\"Andrea \u017d\u00e1\u010dkov\u00e1\",\"@id\":\"https:\\\/\\\/www.salzburgerland.com\\\/cs\\\/#\\\/schema\\\/person\\\/dd42a4661897004df109095dbf40eeff\"},\"headline\":\"Turistika v Radstadtu\",\"datePublished\":\"2025-03-24T22:25:50+00:00\",\"dateModified\":\"2025-10-20T09:21:16+00:00\",\"mainEntityOfPage\":{\"@id\":\"https:\\\/\\\/www.salzburgerland.com\\\/cs\\\/radstadt-turistika\\\/\"},\"wordCount\":908,\"image\":{\"@id\":\"https:\\\/\\\/www.salzburgerland.com\\\/cs\\\/radstadt-turistika\\\/#primaryimage\"},\"thumbnailUrl\":\"https:\\\/\\\/www.salzburgerland.com\\\/cs\\\/wp-content\\\/uploads\\\/2025\\\/03\\\/wandern--lorenz-masser-3.jpg\",\"articleSection\":[\"Uncategorized\"],\"inLanguage\":\"cs\"},{\"@type\":\"WebPage\",\"@id\":\"https:\\\/\\\/www.salzburgerland.com\\\/cs\\\/radstadt-turistika\\\/\",\"url\":\"https:\\\/\\\/www.salzburgerland.com\\\/cs\\\/radstadt-turistika\\\/\",\"name\":\"Turistika v Radstadtu \u00bb SalzburgerLand.com\",\"isPartOf\":{\"@id\":\"https:\\\/\\\/www.salzburgerland.com\\\/cs\\\/#website\"},\"primaryImageOfPage\":{\"@id\":\"https:\\\/\\\/www.salzburgerland.com\\\/cs\\\/radstadt-turistika\\\/#primaryimage\"},\"image\":{\"@id\":\"https:\\\/\\\/www.salzburgerland.com\\\/cs\\\/radstadt-turistika\\\/#primaryimage\"},\"thumbnailUrl\":\"https:\\\/\\\/www.salzburgerland.com\\\/cs\\\/wp-content\\\/uploads\\\/2025\\\/03\\\/wandern--lorenz-masser-3.jpg\",\"datePublished\":\"2025-03-24T22:25:50+00:00\",\"dateModified\":\"2025-10-20T09:21:16+00:00\",\"author\":{\"@id\":\"https:\\\/\\\/www.salzburgerland.com\\\/cs\\\/#\\\/schema\\\/person\\\/dd42a4661897004df109095dbf40eeff\"},\"description\":\"Radstadt, historick\u00e9 m\u011bsto v srdci Alp, je ide\u00e1ln\u00edm v\u00fdchoz\u00edm bodem pro milovn\u00edky turistiky.\",\"breadcrumb\":{\"@id\":\"https:\\\/\\\/www.salzburgerland.com\\\/cs\\\/radstadt-turistika\\\/#breadcrumb\"},\"inLanguage\":\"cs\",\"potentialAction\":[{\"@type\":\"ReadAction\",\"target\":[\"https:\\\/\\\/www.salzburgerland.com\\\/cs\\\/radstadt-turistika\\\/\"]}]},{\"@type\":\"ImageObject\",\"inLanguage\":\"cs\",\"@id\":\"https:\\\/\\\/www.salzburgerland.com\\\/cs\\\/radstadt-turistika\\\/#primaryimage\",\"url\":\"https:\\\/\\\/www.salzburgerland.com\\\/cs\\\/wp-content\\\/uploads\\\/2025\\\/03\\\/wandern--lorenz-masser-3.jpg\",\"contentUrl\":\"https:\\\/\\\/www.salzburgerland.com\\\/cs\\\/wp-content\\\/uploads\\\/2025\\\/03\\\/wandern--lorenz-masser-3.jpg\",\"width\":1620,\"height\":1080,\"caption\":\"Turistika v Radstadtu \u00a9 Lorenz Masser\"},{\"@type\":\"BreadcrumbList\",\"@id\":\"https:\\\/\\\/www.salzburgerland.com\\\/cs\\\/radstadt-turistika\\\/#breadcrumb\",\"itemListElement\":[{\"@type\":\"ListItem\",\"position\":1,\"name\":\"Radstadt v l\u00e9t\u011b\",\"item\":\"https:\\\/\\\/www.salzburgerland.com\\\/cs\\\/radstadt-v-lete\\\/\"},{\"@type\":\"ListItem\",\"position\":2,\"name\":\"Turistika v Radstadtu\"}]},{\"@type\":\"WebSite\",\"@id\":\"https:\\\/\\\/www.salzburgerland.com\\\/cs\\\/#website\",\"url\":\"https:\\\/\\\/www.salzburgerland.com\\\/cs\\\/\",\"name\":\"SalzburgerLand.com\",\"description\":\"Va\u0161e dovolen\u00e1 v Salcburku, Rakousko\",\"potentialAction\":[{\"@type\":\"SearchAction\",\"target\":{\"@type\":\"EntryPoint\",\"urlTemplate\":\"https:\\\/\\\/www.salzburgerland.com\\\/cs\\\/?s={search_term_string}\"},\"query-input\":{\"@type\":\"PropertyValueSpecification\",\"valueRequired\":true,\"valueName\":\"search_term_string\"}}],\"inLanguage\":\"cs\"},{\"@type\":\"Person\",\"@id\":\"https:\\\/\\\/www.salzburgerland.com\\\/cs\\\/#\\\/schema\\\/person\\\/dd42a4661897004df109095dbf40eeff\",\"name\":\"Andrea \u017d\u00e1\u010dkov\u00e1\",\"image\":{\"@type\":\"ImageObject\",\"inLanguage\":\"cs\",\"@id\":\"https:\\\/\\\/secure.gravatar.com\\\/avatar\\\/338deec8d231d56d0ab7b2b7d6d0aedbcb3eb05390f6c027fd5b7ebe87b67dbf?s=96&d=mm&r=g\",\"url\":\"https:\\\/\\\/secure.gravatar.com\\\/avatar\\\/338deec8d231d56d0ab7b2b7d6d0aedbcb3eb05390f6c027fd5b7ebe87b67dbf?s=96&d=mm&r=g\",\"contentUrl\":\"https:\\\/\\\/secure.gravatar.com\\\/avatar\\\/338deec8d231d56d0ab7b2b7d6d0aedbcb3eb05390f6c027fd5b7ebe87b67dbf?s=96&d=mm&r=g\",\"caption\":\"Andrea \u017d\u00e1\u010dkov\u00e1\"}}]}<\/script>\n<!-- \/ Yoast SEO Premium plugin. -->","yoast_head_json":{"title":"Turistika v Radstadtu \u00bb SalzburgerLand.com","robots":{"index":"index","follow":"follow","max-snippet":"max-snippet:-1","max-image-preview":"max-image-preview:large","max-video-preview":"max-video-preview:-1"},"canonical":"https:\/\/www.salzburgerland.com\/cs\/radstadt-turistika\/","og_locale":"cs_CZ","og_type":"article","og_title":"Turistika v Radstadtu","og_description":"Jedn\u00edm z nejv\u011bt\u0161\u00edch turistick\u00fdch z\u00e1\u017eitk\u016f v Radstadtu je v\u00fdstup na vyhl\u00eddkovou horu Rossbrand (1 768 m n. m.). Cesta vede od historick\u00e9ho centra m\u011bsta a\u017e","og_url":"https:\/\/www.salzburgerland.com\/cs\/radstadt-turistika\/","og_site_name":"SalzburgerLand.com","article_publisher":"https:\/\/www.facebook.com\/visitsalzburgerland\/","article_published_time":"2025-03-24T22:25:50+00:00","article_modified_time":"2025-10-20T09:21:16+00:00","og_image":[{"width":1200,"height":675,"url":"https:\/\/www.salzburgerland.com\/cs\/wp-content\/uploads\/2025\/03\/wandern--lorenz-masser-3-1200x675.jpg","type":"image\/jpeg"}],"author":"Andrea \u017d\u00e1\u010dkov\u00e1","twitter_card":"summary_large_image","twitter_creator":"@salzburgerland","twitter_site":"@salzburgerland","twitter_misc":{"Napsal(a)":"Andrea \u017d\u00e1\u010dkov\u00e1","Odhadovan\u00e1 doba \u010dten\u00ed":"5 minut"},"schema":{"@context":"https:\/\/schema.org","@graph":[{"@type":"Article","@id":"https:\/\/www.salzburgerland.com\/cs\/radstadt-turistika\/#article","isPartOf":{"@id":"https:\/\/www.salzburgerland.com\/cs\/radstadt-turistika\/"},"author":{"name":"Andrea \u017d\u00e1\u010dkov\u00e1","@id":"https:\/\/www.salzburgerland.com\/cs\/#\/schema\/person\/dd42a4661897004df109095dbf40eeff"},"headline":"Turistika v Radstadtu","datePublished":"2025-03-24T22:25:50+00:00","dateModified":"2025-10-20T09:21:16+00:00","mainEntityOfPage":{"@id":"https:\/\/www.salzburgerland.com\/cs\/radstadt-turistika\/"},"wordCount":908,"image":{"@id":"https:\/\/www.salzburgerland.com\/cs\/radstadt-turistika\/#primaryimage"},"thumbnailUrl":"https:\/\/www.salzburgerland.com\/cs\/wp-content\/uploads\/2025\/03\/wandern--lorenz-masser-3.jpg","articleSection":["Uncategorized"],"inLanguage":"cs"},{"@type":"WebPage","@id":"https:\/\/www.salzburgerland.com\/cs\/radstadt-turistika\/","url":"https:\/\/www.salzburgerland.com\/cs\/radstadt-turistika\/","name":"Turistika v Radstadtu \u00bb SalzburgerLand.com","isPartOf":{"@id":"https:\/\/www.salzburgerland.com\/cs\/#website"},"primaryImageOfPage":{"@id":"https:\/\/www.salzburgerland.com\/cs\/radstadt-turistika\/#primaryimage"},"image":{"@id":"https:\/\/www.salzburgerland.com\/cs\/radstadt-turistika\/#primaryimage"},"thumbnailUrl":"https:\/\/www.salzburgerland.com\/cs\/wp-content\/uploads\/2025\/03\/wandern--lorenz-masser-3.jpg","datePublished":"2025-03-24T22:25:50+00:00","dateModified":"2025-10-20T09:21:16+00:00","author":{"@id":"https:\/\/www.salzburgerland.com\/cs\/#\/schema\/person\/dd42a4661897004df109095dbf40eeff"},"description":"Radstadt, historick\u00e9 m\u011bsto v srdci Alp, je ide\u00e1ln\u00edm v\u00fdchoz\u00edm bodem pro milovn\u00edky turistiky.","breadcrumb":{"@id":"https:\/\/www.salzburgerland.com\/cs\/radstadt-turistika\/#breadcrumb"},"inLanguage":"cs","potentialAction":[{"@type":"ReadAction","target":["https:\/\/www.salzburgerland.com\/cs\/radstadt-turistika\/"]}]},{"@type":"ImageObject","inLanguage":"cs","@id":"https:\/\/www.salzburgerland.com\/cs\/radstadt-turistika\/#primaryimage","url":"https:\/\/www.salzburgerland.com\/cs\/wp-content\/uploads\/2025\/03\/wandern--lorenz-masser-3.jpg","contentUrl":"https:\/\/www.salzburgerland.com\/cs\/wp-content\/uploads\/2025\/03\/wandern--lorenz-masser-3.jpg","width":1620,"height":1080,"caption":"Turistika v Radstadtu \u00a9 Lorenz Masser"},{"@type":"BreadcrumbList","@id":"https:\/\/www.salzburgerland.com\/cs\/radstadt-turistika\/#breadcrumb","itemListElement":[{"@type":"ListItem","position":1,"name":"Radstadt v l\u00e9t\u011b","item":"https:\/\/www.salzburgerland.com\/cs\/radstadt-v-lete\/"},{"@type":"ListItem","position":2,"name":"Turistika v Radstadtu"}]},{"@type":"WebSite","@id":"https:\/\/www.salzburgerland.com\/cs\/#website","url":"https:\/\/www.salzburgerland.com\/cs\/","name":"SalzburgerLand.com","description":"Va\u0161e dovolen\u00e1 v Salcburku, Rakousko","potentialAction":[{"@type":"SearchAction","target":{"@type":"EntryPoint","urlTemplate":"https:\/\/www.salzburgerland.com\/cs\/?s={search_term_string}"},"query-input":{"@type":"PropertyValueSpecification","valueRequired":true,"valueName":"search_term_string"}}],"inLanguage":"cs"},{"@type":"Person","@id":"https:\/\/www.salzburgerland.com\/cs\/#\/schema\/person\/dd42a4661897004df109095dbf40eeff","name":"Andrea \u017d\u00e1\u010dkov\u00e1","image":{"@type":"ImageObject","inLanguage":"cs","@id":"https:\/\/secure.gravatar.com\/avatar\/338deec8d231d56d0ab7b2b7d6d0aedbcb3eb05390f6c027fd5b7ebe87b67dbf?s=96&d=mm&r=g","url":"https:\/\/secure.gravatar.com\/avatar\/338deec8d231d56d0ab7b2b7d6d0aedbcb3eb05390f6c027fd5b7ebe87b67dbf?s=96&d=mm&r=g","contentUrl":"https:\/\/secure.gravatar.com\/avatar\/338deec8d231d56d0ab7b2b7d6d0aedbcb3eb05390f6c027fd5b7ebe87b67dbf?s=96&d=mm&r=g","caption":"Andrea \u017d\u00e1\u010dkov\u00e1"}}]}},"_wl_alt_label":[],"wl:entity_url":"http:\/\/open.salzburgerland.com\/cs\/post\/radstadt-turistika-161644","_links":{"self":[{"href":"https:\/\/www.salzburgerland.com\/cs\/wp-json\/wp\/v2\/posts\/161644","targetHints":{"allow":["GET"]}}],"collection":[{"href":"https:\/\/www.salzburgerland.com\/cs\/wp-json\/wp\/v2\/posts"}],"about":[{"href":"https:\/\/www.salzburgerland.com\/cs\/wp-json\/wp\/v2\/types\/post"}],"author":[{"embeddable":true,"href":"https:\/\/www.salzburgerland.com\/cs\/wp-json\/wp\/v2\/users\/6"}],"replies":[{"embeddable":true,"href":"https:\/\/www.salzburgerland.com\/cs\/wp-json\/wp\/v2\/comments?post=161644"}],"version-history":[{"count":11,"href":"https:\/\/www.salzburgerland.com\/cs\/wp-json\/wp\/v2\/posts\/161644\/revisions"}],"predecessor-version":[{"id":163408,"href":"https:\/\/www.salzburgerland.com\/cs\/wp-json\/wp\/v2\/posts\/161644\/revisions\/163408"}],"wp:featuredmedia":[{"embeddable":true,"href":"https:\/\/www.salzburgerland.com\/cs\/wp-json\/wp\/v2\/media\/161741"}],"wp:attachment":[{"href":"https:\/\/www.salzburgerland.com\/cs\/wp-json\/wp\/v2\/media?parent=161644"}],"wp:term":[{"taxonomy":"category","embeddable":true,"href":"https:\/\/www.salzburgerland.com\/cs\/wp-json\/wp\/v2\/categories?post=161644"},{"taxonomy":"post_tag","embeddable":true,"href":"https:\/\/www.salzburgerland.com\/cs\/wp-json\/wp\/v2\/tags?post=161644"},{"taxonomy":"wl_entity_type","embeddable":true,"href":"https:\/\/www.salzburgerland.com\/cs\/wp-json\/wp\/v2\/wl_entity_type?post=161644"}],"curies":[{"name":"wp","href":"https:\/\/api.w.org\/{rel}","templated":true}]}}