{"id":161621,"date":"2025-03-24T00:17:20","date_gmt":"2025-03-23T23:17:20","guid":{"rendered":"https:\/\/www.salzburgerland.com\/cs\/?p=161621"},"modified":"2026-03-24T10:00:43","modified_gmt":"2026-03-24T09:00:43","slug":"hrady-a-zamky-pevnost-hohensalzburg","status":"publish","type":"post","link":"https:\/\/www.salzburgerland.com\/cs\/hrady-a-zamky-pevnost-hohensalzburg\/","title":{"rendered":"Pevnost Hohensalzburg"},"content":{"rendered":"<p><a href=\"https:\/\/www.festung-hohensalzburg.at\/en\/offers-programs\/museums-in-the-fortress\" target=\"_blank\" rel=\"noopener\">Hohensalzburg<\/a> pat\u0159\u00ed k nejv\u011bt\u0161\u00edm hradn\u00edm komplex\u016fm v Evrop\u011b z 11. stolet\u00ed. B\u011bhem sv\u00e9 dlouh\u00e9 historie nebyla pevnost nikdy dobyta ani zni\u010dena. I d\u00edky tomu dnes nab\u00edz\u00ed n\u00e1v\u0161t\u011bvn\u00edk\u016fm autentick\u00fd pohled do st\u0159edov\u011bk\u00e9 minulosti.\u00a0Do pevnosti se dostanete <strong><a href=\"https:\/\/www.salzburgerland.com\/cs\/salcburk-lanova-draha-festungsbahn\/\">lanovkou<\/a> <\/strong>p\u0159\u00edmo z centra Salcburku, kter\u00e1 v\u00e1s b\u011bhem n\u011bkolika minut vyveze na vrchol. Ti, kte\u0159\u00ed up\u0159ednost\u0148uj\u00ed v\u00edce pohybu, mohou zvolit kr\u00e1snou stezku, kter\u00e1 se vine \u00a0a\u017e k hradb\u00e1m pevnosti. A\u0165 u\u017e si zvol\u00edte jakoukoli trasu, odm\u011bnou v\u00e1m bude \u00fachvatn\u00fd pohled na historick\u00e9 centrum Salcburku, \u0159eku Salzach a okoln\u00ed alpsk\u00e9 vrcholky.<\/p>\n\n\t\t\t<div id=\"161621-1\" class=\"gallery gallery-161621 gallery-columns-3 gallery-size-1170_658\" itemscope itemtype=\"http:\/\/schema.org\/ImageGallery\">\n\t\t\t\t<ul class=\"gallery-row gallery-col-3 gallery-clear\">\n\t\t\t\t\t<li class=\"gallery-item col-3\" itemprop=\"associatedMedia\" itemscope itemtype=\"http:\/\/schema.org\/ImageObject\">\n\t\t\t\t\t\t<div class=\"gallery-icon landscape\"><a href=\"https:\/\/www.salzburgerland.com\/cs\/wp-content\/uploads\/2022\/05\/festungsbahn.jpg\" title=\"festungsbahn\"><img decoding=\"async\" data-title=\"Lanovka na pevnost Hohensalzburg \u00a9 Salzburg AG Tourismus GmbH\n\" title=\"Lanovka na pevnost Hohensalzburg \u00a9 Salzburg AG Tourismus GmbH\n\" data-caption=\"Lanovka na pevnost Hohensalzburg \u00a9 Salzburg AG Tourismus GmbH\n\" width=\"1170\" height=\"658\" src=\"https:\/\/www.salzburgerland.com\/cs\/wp-content\/uploads\/2022\/05\/festungsbahn-1170x658.jpg\" class=\"attachment-1170_658 size-1170_658\" alt=\"Ikonick\u00e1 pevnost ty\u010d\u00edc\u00ed se nad m\u011bstem Salcburk. (Zv\u011bt\u0161en\u00fd pohled)\" srcset=\"https:\/\/www.salzburgerland.com\/cs\/wp-content\/uploads\/2022\/05\/festungsbahn-1170x658.jpg 1170w, https:\/\/www.salzburgerland.com\/cs\/wp-content\/uploads\/2022\/05\/festungsbahn-1200x675.jpg 1200w\" sizes=\"(max-width: 1170px) 100vw, 1170px\" aria-describedby=\"figcaption-161621-156246\" itemprop=\"thumbnail\"><\/a><\/div>\n\t\t\t\t\t\t<span id=\"figcaption-161621-156246\" class=\"gallery-caption\" itemprop=\"caption\"><span aria-hidden=\"true\">Lanovka na pevnost Hohensalzburg \u00a9 Salzburg AG Tourismus GmbH\n<\/span><\/span>\n\t\t\t\t\t<\/li>\n\t\t\t\t\t<li class=\"gallery-item col-3\" itemprop=\"associatedMedia\" itemscope itemtype=\"http:\/\/schema.org\/ImageObject\">\n\t\t\t\t\t\t<div class=\"gallery-icon landscape\"><a href=\"https:\/\/www.salzburgerland.com\/cs\/wp-content\/uploads\/2025\/03\/festungsblick-1601x1067.jpg\" title=\"Festungsblick\"><img decoding=\"async\" data-title=\"Pod impozantn\u00ed pevnost\u00ed Hohensalzburg \u00a9 Salzburger Burgen &amp; Schl\u00f6sser\" title=\"Pod impozantn\u00ed pevnost\u00ed Hohensalzburg \u00a9 Salzburger Burgen &amp; Schl\u00f6sser\" data-caption=\"Pod impozantn\u00ed pevnost\u00ed Hohensalzburg \u00a9 Salzburger Burgen &amp; Schl\u00f6sser\" width=\"1170\" height=\"658\" src=\"https:\/\/www.salzburgerland.com\/cs\/wp-content\/uploads\/2025\/03\/festungsblick-1170x658.jpg\" class=\"attachment-1170_658 size-1170_658\" alt=\"Mu\u017e s d\u00edt\u011btem hled\u00ed vzh\u016fru a ukazuje na historick\u00fd hrad Hohensalzburg na kopci v Salcburku. (Zv\u011bt\u0161en\u00fd pohled)\" srcset=\"https:\/\/www.salzburgerland.com\/cs\/wp-content\/uploads\/2025\/03\/festungsblick-1170x658.jpg 1170w, https:\/\/www.salzburgerland.com\/cs\/wp-content\/uploads\/2025\/03\/festungsblick-1200x675.jpg 1200w\" sizes=\"(max-width: 1170px) 100vw, 1170px\" aria-describedby=\"figcaption-161621-161671\" itemprop=\"thumbnail\"><\/a><\/div>\n\t\t\t\t\t\t<span id=\"figcaption-161621-161671\" class=\"gallery-caption\" itemprop=\"caption\"><span aria-hidden=\"true\">Pod impozantn\u00ed pevnost\u00ed Hohensalzburg \u00a9 Salzburger Burgen &amp; Schl\u00f6sser<\/span><\/span>\n\t\t\t\t\t<\/li>\n\t\t\t\t\t<li class=\"gallery-item col-3\" itemprop=\"associatedMedia\" itemscope itemtype=\"http:\/\/schema.org\/ImageObject\">\n\t\t\t\t\t\t<div class=\"gallery-icon landscape\"><a href=\"https:\/\/www.salzburgerland.com\/cs\/wp-content\/uploads\/2025\/03\/festung-1601x1067.jpg\" title=\"Festung\"><img decoding=\"async\" data-title=\"Pohled na pevnost Hohensalzburg v Salcburku \u00a9 Salzburger Burgen &amp; Schl\u00f6sser\" title=\"Pohled na pevnost Hohensalzburg v Salcburku \u00a9 Salzburger Burgen &amp; Schl\u00f6sser\" data-caption=\"Pohled na pevnost Hohensalzburg v Salcburku \u00a9 Salzburger Burgen &amp; Schl\u00f6sser\" width=\"1170\" height=\"658\" src=\"https:\/\/www.salzburgerland.com\/cs\/wp-content\/uploads\/2025\/03\/festung-1170x658.jpg\" class=\"attachment-1170_658 size-1170_658\" alt=\"Pevnost Hohensalzburg z d\u00e1lky, zasazen\u00e1 do m\u011bstsk\u00e9 a horsk\u00e9 krajiny. (Zv\u011bt\u0161en\u00fd pohled)\" srcset=\"https:\/\/www.salzburgerland.com\/cs\/wp-content\/uploads\/2025\/03\/festung-1170x658.jpg 1170w, https:\/\/www.salzburgerland.com\/cs\/wp-content\/uploads\/2025\/03\/festung-1200x675.jpg 1200w\" sizes=\"(max-width: 1170px) 100vw, 1170px\" aria-describedby=\"figcaption-161621-161666\" itemprop=\"thumbnail\"><\/a><\/div>\n\t\t\t\t\t\t<span id=\"figcaption-161621-161666\" class=\"gallery-caption\" itemprop=\"caption\"><span aria-hidden=\"true\">Pohled na pevnost Hohensalzburg v Salcburku \u00a9 Salzburger Burgen &amp; Schl\u00f6sser<\/span><\/span>\n\t\t\t\t\t<\/li>\n\t\t\t\t<\/ul>\n\t\t\t<\/div><!-- .gallery -->\n\n<h3 data-start=\"1566\" data-end=\"1608\"><strong data-start=\"1570\" data-end=\"1606\">Projd\u011bte se st\u0159edov\u011bkou histori\u00ed<\/strong><\/h3>\n<p>Zvl\u00e1\u0161\u0165 p\u016fsobiv\u00e1 je \u010d\u00e1st zvan\u00e1 \u201eHohe Stock\u201c s n\u00e1dhern\u011b zachoval\u00fdmi kn\u00ed\u017eec\u00edmi komnatami. Kn\u00ed\u017eec\u00ed m\u00edstnosti a <strong>Zlat\u00fd s\u00e1l<\/strong> s bohat\u011b zdoben\u00fdmi kachlov\u00fdmi kamny pat\u0159\u00ed k nejkr\u00e1sn\u011bj\u0161\u00edm pozdn\u011b gotick\u00fdm interi\u00e9r\u016fm v cel\u00e9 Evrop\u011b. Detailn\u011b propracovan\u00e1 d\u0159ev\u011bn\u00e1 kazetov\u00e1 v\u00fdzdoba stropu odr\u00e1\u017e\u00ed moc a bohatstv\u00ed salcbursk\u00fdch arcibiskup\u016f. Strop vypad\u00e1 jako no\u010dn\u00ed nebe s hv\u011bzdami. V pohybliv\u00e9m <strong>Kouzeln\u00e9m divadle (Magische Theater)<\/strong> se n\u00e1v\u0161t\u011bvn\u00edci vyd\u00e1vaj\u00ed na cestu \u010dasem po stop\u00e1ch arcibiskupa Leonharda von Keutschach, a to za doprovodu hudby, sv\u011bteln\u00fdch efekt\u016f a multimedi\u00e1ln\u00edch instalac\u00ed. Jedn\u00e1 se o v\u00fdjime\u010dn\u00fd interaktivn\u00ed z\u00e1\u017eitek pro d\u011bti i dosp\u011bl\u00e9.<\/p>\n\n\t\t\t<div id=\"161621-2\" class=\"gallery gallery-161621 gallery-columns-3 gallery-size-1170_658\" itemscope itemtype=\"http:\/\/schema.org\/ImageGallery\">\n\t\t\t\t<ul class=\"gallery-row gallery-col-3 gallery-clear\">\n\t\t\t\t\t<li class=\"gallery-item col-3\" itemprop=\"associatedMedia\" itemscope itemtype=\"http:\/\/schema.org\/ImageObject\">\n\t\t\t\t\t\t<div class=\"gallery-icon landscape\"><a href=\"https:\/\/www.salzburgerland.com\/cs\/wp-content\/uploads\/2025\/03\/fuerstenzimmer_3-1-1599x1067.jpg\" title=\"Fuerstenzimmer_3\"><img decoding=\"async\" data-title=\"Zlat\u00fd s\u00e1l nebo tak\u00e9 komnata na pevnosti pat\u0159\u00ed k nejkr\u00e1sn\u011bj\u0161\u00edm m\u00edstnostem \u00a9 Salzburger Burgen &amp; Schl\u00f6sser\" title=\"Zlat\u00fd s\u00e1l nebo tak\u00e9 komnata na pevnosti pat\u0159\u00ed k nejkr\u00e1sn\u011bj\u0161\u00edm m\u00edstnostem \u00a9 Salzburger Burgen &amp; Schl\u00f6sser\" data-caption=\"Zlat\u00fd s\u00e1l nebo tak\u00e9 komnata na pevnosti pat\u0159\u00ed k nejkr\u00e1sn\u011bj\u0161\u00edm m\u00edstnostem \u00a9 Salzburger Burgen &amp; Schl\u00f6sser\" width=\"1170\" height=\"658\" src=\"https:\/\/www.salzburgerland.com\/cs\/wp-content\/uploads\/2025\/03\/fuerstenzimmer_3-1-1170x658.jpg\" class=\"attachment-1170_658 size-1170_658\" alt=\"Zvl\u00e1\u0161t\u011b p\u016fsobiv\u00e1 je imitace no\u010dn\u00edho nebe se zlat\u00fdmi hv\u011bzdami na kazetov\u00e9m strop\u011b (Zv\u011bt\u0161en\u00fd pohled)\" srcset=\"https:\/\/www.salzburgerland.com\/cs\/wp-content\/uploads\/2025\/03\/fuerstenzimmer_3-1-1170x658.jpg 1170w, https:\/\/www.salzburgerland.com\/cs\/wp-content\/uploads\/2025\/03\/fuerstenzimmer_3-1-1200x675.jpg 1200w\" sizes=\"(max-width: 1170px) 100vw, 1170px\" aria-describedby=\"figcaption-161621-162290\" itemprop=\"thumbnail\"><\/a><\/div>\n\t\t\t\t\t\t<span id=\"figcaption-161621-162290\" class=\"gallery-caption\" itemprop=\"caption\"><span aria-hidden=\"true\">Zlat\u00fd s\u00e1l nebo tak\u00e9 komnata na pevnosti pat\u0159\u00ed k nejkr\u00e1sn\u011bj\u0161\u00edm m\u00edstnostem \u00a9 Salzburger Burgen &amp; Schl\u00f6sser<\/span><\/span>\n\t\t\t\t\t<\/li>\n\t\t\t\t\t<li class=\"gallery-item col-3\" itemprop=\"associatedMedia\" itemscope itemtype=\"http:\/\/schema.org\/ImageObject\">\n\t\t\t\t\t\t<div class=\"gallery-icon landscape\"><a href=\"https:\/\/www.salzburgerland.com\/cs\/wp-content\/uploads\/2025\/03\/fuerstenzimmer_4-1640x1067.jpg\" title=\"Fuerstenzimmer_4\"><img decoding=\"async\" data-title=\"Kn\u00ed\u017eec\u00ed prostory na pevnosti Hohensalzburg \u00a9 Salzburger Burgen &amp; Schl\u00f6sser\" title=\"Kn\u00ed\u017eec\u00ed prostory na pevnosti Hohensalzburg \u00a9 Salzburger Burgen &amp; Schl\u00f6sser\" data-caption=\"Kn\u00ed\u017eec\u00ed prostory na pevnosti Hohensalzburg \u00a9 Salzburger Burgen &amp; Schl\u00f6sser\" width=\"1170\" height=\"658\" src=\"https:\/\/www.salzburgerland.com\/cs\/wp-content\/uploads\/2025\/03\/fuerstenzimmer_4-1170x658.jpg\" class=\"attachment-1170_658 size-1170_658\" alt=\"Prostorn\u00fd s\u00e1l se zdoben\u00fdm stropem, sloupy a klenut\u00fdmi dve\u0159mi v pevnosti Hohensalzburg (Zv\u011bt\u0161en\u00fd pohled)\" srcset=\"https:\/\/www.salzburgerland.com\/cs\/wp-content\/uploads\/2025\/03\/fuerstenzimmer_4-1170x658.jpg 1170w, https:\/\/www.salzburgerland.com\/cs\/wp-content\/uploads\/2025\/03\/fuerstenzimmer_4-1200x675.jpg 1200w\" sizes=\"(max-width: 1170px) 100vw, 1170px\" aria-describedby=\"figcaption-161621-164602\" itemprop=\"thumbnail\"><\/a><\/div>\n\t\t\t\t\t\t<span id=\"figcaption-161621-164602\" class=\"gallery-caption\" itemprop=\"caption\"><span aria-hidden=\"true\">Kn\u00ed\u017eec\u00ed prostory na pevnosti Hohensalzburg \u00a9 Salzburger Burgen &amp; Schl\u00f6sser<\/span><\/span>\n\t\t\t\t\t<\/li>\n\t\t\t\t\t<li class=\"gallery-item col-3\" itemprop=\"associatedMedia\" itemscope itemtype=\"http:\/\/schema.org\/ImageObject\">\n\t\t\t\t\t\t<div class=\"gallery-icon landscape\"><a href=\"https:\/\/www.salzburgerland.com\/cs\/wp-content\/uploads\/2025\/03\/magischestheater-1900x1067.jpg\" title=\"MagischesTheater\"><img decoding=\"async\" data-title=\"Magick\u00e9 divadlo \u00a9 Salzburger Burgen &amp; Schl\u00f6sser\" title=\"Magick\u00e9 divadlo \u00a9 Salzburger Burgen &amp; Schl\u00f6sser\" data-caption=\"Magick\u00e9 divadlo \u00a9 Salzburger Burgen &amp; Schl\u00f6sser\" width=\"1170\" height=\"658\" src=\"https:\/\/www.salzburgerland.com\/cs\/wp-content\/uploads\/2025\/03\/magischestheater-1170x658.jpg\" class=\"attachment-1170_658 size-1170_658\" alt=\"Magick\u00e9 divadlo s modelem pevnosti Hohensalzburg s postavou v rouchu, loutkami a sv\u011btly. (Zv\u011bt\u0161en\u00fd pohled)\" srcset=\"https:\/\/www.salzburgerland.com\/cs\/wp-content\/uploads\/2025\/03\/magischestheater-1170x658.jpg 1170w, https:\/\/www.salzburgerland.com\/cs\/wp-content\/uploads\/2025\/03\/magischestheater-1900x1067.jpg 1900w, https:\/\/www.salzburgerland.com\/cs\/wp-content\/uploads\/2025\/03\/magischestheater-768x431.jpg 768w, https:\/\/www.salzburgerland.com\/cs\/wp-content\/uploads\/2025\/03\/magischestheater-1536x862.jpg 1536w, https:\/\/www.salzburgerland.com\/cs\/wp-content\/uploads\/2025\/03\/magischestheater-1200x675.jpg 1200w, https:\/\/www.salzburgerland.com\/cs\/wp-content\/uploads\/2025\/03\/magischestheater.jpg 1920w\" sizes=\"(max-width: 1170px) 100vw, 1170px\" aria-describedby=\"figcaption-161621-164603\" itemprop=\"thumbnail\"><\/a><\/div>\n\t\t\t\t\t\t<span id=\"figcaption-161621-164603\" class=\"gallery-caption\" itemprop=\"caption\"><span aria-hidden=\"true\">Magick\u00e9 divadlo \u00a9 Salzburger Burgen &amp; Schl\u00f6sser<\/span><\/span>\n\t\t\t\t\t<\/li>\n\t\t\t\t<\/ul>\n\t\t\t<\/div><!-- .gallery -->\n\n<p>Hohensalzburg je m\u00edstem, kde se spojuje st\u0159edov\u011bk\u00e1 atmosf\u00e9ra s <strong>modern\u00edmi z\u00e1\u017eitky<\/strong>. A\u0165 u\u017e v\u00e1s zaj\u00edm\u00e1 vojensk\u00e1 historie, architektura, nebo si jen chcete u\u017e\u00edt jedine\u010dn\u00fd pohled na Salcburk, n\u00e1v\u0161t\u011bva t\u00e9to pevnosti by nem\u011bla chyb\u011bt na va\u0161em itiner\u00e1\u0159i.<\/p>\n<h3>Panorama-Tour<\/h3>\n<p data-start=\"179\" data-end=\"691\">K vrchol\u016fm n\u00e1v\u0161t\u011bvy pevnosti pat\u0159\u00ed <strong>panoramatick\u00e1 prohl\u00eddka<\/strong> (Panorama-Tour), kter\u00e1 v\u00e1s zavede na jeden z nejvy\u0161\u0161\u00edch bod\u016f pevnosti i do jej\u00edch historick\u00fdch obrann\u00fdch prostor. B\u011bhem trasy uvid\u00edte mimo jin\u00e9 velk\u00fd <strong>3D model<\/strong> star\u00e9ho Salcburku, nav\u0161t\u00edv\u00edte st\u0159edov\u011bk\u00fd \u017eal\u00e1\u0159 a sezn\u00e1m\u00edte se se <strong>Salcbursk\u00fdm b\u00fdkem<\/strong>, jeho\u017e melodii si m\u016f\u017eete sami rozezn\u00edt pomoc\u00ed akustick\u00e9 instalace. Jde o jedny z posledn\u00edch dochovan\u00fdch, pozdn\u011b gotick\u00fdch varhan na sv\u011bt\u011b. Sk\u0159\u00ed\u0148ky s r\u016fzn\u00fdmi kuk\u00e1tky k nahl\u00e9dnut\u00ed hravou formou p\u0159ibli\u017euj\u00ed historii pevnosti a salcbursk\u00e9 legendy.<\/p>\n<p><iframe title=\"Festung Hohensalzburg | Panoramatour Teaser DE\" width=\"500\" height=\"281\" src=\"https:\/\/www.youtube-nocookie.com\/embed\/qBZhNdfLmlc?feature=oembed&amp;rel=0&amp;modestbranding=1\" frameborder=\"0\" allow=\"accelerometer; autoplay; clipboard-write; encrypted-media; gyroscope; picture-in-picture; web-share\" referrerpolicy=\"strict-origin-when-cross-origin\" allowfullscreen><\/iframe><\/p>\n<p data-start=\"693\" data-end=\"1033\">Krom\u011b panoramatick\u00e9 prohl\u00eddky nab\u00edz\u00ed pevnost tak\u00e9 n\u011bkolik zaj\u00edmav\u00fdch muze\u00ed, jako nap\u0159\u00edklad <strong>Muzeum Rainerova pluku<\/strong> nebo <strong>Muzeum pevnosti.<\/strong> V historick\u00e9 zbrojnici se dozv\u00edte, jak hrad v minulosti \u010delil nep\u0159\u00e1tel\u016fm. Uvid\u00edte r\u016fzn\u00e9 zbran\u011b, brn\u011bn\u00ed i d\u011bla a pomoc\u00ed interaktivn\u00edch model\u016f si m\u016f\u017eete vyzkou\u0161et obranu i \u00fatok na st\u0159edov\u011bk\u00fd hradn\u00ed komplex.<\/p>\n\n\t\t\t<div id=\"161621-3\" class=\"gallery gallery-161621 gallery-columns-3 gallery-size-1170_658\" itemscope itemtype=\"http:\/\/schema.org\/ImageGallery\">\n\t\t\t\t<ul class=\"gallery-row gallery-col-3 gallery-clear\">\n\t\t\t\t\t<li class=\"gallery-item col-3\" itemprop=\"associatedMedia\" itemscope itemtype=\"http:\/\/schema.org\/ImageObject\">\n\t\t\t\t\t\t<div class=\"gallery-icon landscape\"><a href=\"https:\/\/www.salzburgerland.com\/cs\/wp-content\/uploads\/2025\/03\/panoramatour_rundgang_107-1600x1067.jpg\" title=\"Panoramatour_Rundgang_107\"><img decoding=\"async\" data-title=\"Vyhl\u00eddkov\u00e1 trasa vede ke gotick\u00fdm varhan\u00e1m zn\u00e1m\u00fdm jako Salcbursk\u00fd b\u00fdk \u00a9 Salzburger Burgen und Schl\u00f6sser, Wolfgang Lienbacher\" title=\"Vyhl\u00eddkov\u00e1 trasa vede ke gotick\u00fdm varhan\u00e1m zn\u00e1m\u00fdm jako Salcbursk\u00fd b\u00fdk \u00a9 Salzburger Burgen und Schl\u00f6sser, Wolfgang Lienbacher\" data-caption=\"Vyhl\u00eddkov\u00e1 trasa vede ke gotick\u00fdm varhan\u00e1m zn\u00e1m\u00fdm jako Salcbursk\u00fd b\u00fdk \u00a9 Salzburger Burgen und Schl\u00f6sser, Wolfgang Lienbacher\" width=\"1170\" height=\"658\" src=\"https:\/\/www.salzburgerland.com\/cs\/wp-content\/uploads\/2025\/03\/panoramatour_rundgang_107-1170x658.jpg\" class=\"attachment-1170_658 size-1170_658\" alt=\"Vyhl\u00eddkov\u00e1 trasa vede ke gotick\u00fdm varhan\u00e1m zn\u00e1m\u00fdm jako Salcbursk\u00fd b\u00fdk (Zv\u011bt\u0161en\u00fd pohled)\" srcset=\"https:\/\/www.salzburgerland.com\/cs\/wp-content\/uploads\/2025\/03\/panoramatour_rundgang_107-1170x658.jpg 1170w, https:\/\/www.salzburgerland.com\/cs\/wp-content\/uploads\/2025\/03\/panoramatour_rundgang_107-1200x675.jpg 1200w\" sizes=\"(max-width: 1170px) 100vw, 1170px\" aria-describedby=\"figcaption-161621-161679\" itemprop=\"thumbnail\"><\/a><\/div>\n\t\t\t\t\t\t<span id=\"figcaption-161621-161679\" class=\"gallery-caption\" itemprop=\"caption\"><span aria-hidden=\"true\">Vyhl\u00eddkov\u00e1 trasa vede ke gotick\u00fdm varhan\u00e1m zn\u00e1m\u00fdm jako Salcbursk\u00fd b\u00fdk \u00a9 Salzburger Burgen und Schl\u00f6sser, Wolfgang Lienbacher<\/span><\/span>\n\t\t\t\t\t<\/li>\n\t\t\t\t\t<li class=\"gallery-item col-3\" itemprop=\"associatedMedia\" itemscope itemtype=\"http:\/\/schema.org\/ImageObject\">\n\t\t\t\t\t\t<div class=\"gallery-icon landscape\"><a href=\"https:\/\/www.salzburgerland.com\/cs\/wp-content\/uploads\/2025\/03\/panoramatour-1600x1067.jpg\" title=\"Panoramatour\"><img decoding=\"async\" data-title='Model \"Solnohradu\" ze soli \u00a9 Salzburger Burgen und Schl\u00f6sser, Wolfgang Lienbacher' title='Model \"Solnohradu\" ze soli \u00a9 Salzburger Burgen und Schl\u00f6sser, Wolfgang Lienbacher' data-caption='Model \"Solnohradu\" ze soli \u00a9 Salzburger Burgen und Schl\u00f6sser, Wolfgang Lienbacher' width=\"1170\" height=\"658\" src=\"https:\/\/www.salzburgerland.com\/cs\/wp-content\/uploads\/2025\/03\/panoramatour-1170x658.jpg\" class=\"attachment-1170_658 size-1170_658\" alt='Model Salcburku, tedy \"Solnohradu\" ze soli (Zv\u011bt\u0161en\u00fd pohled)' srcset=\"https:\/\/www.salzburgerland.com\/cs\/wp-content\/uploads\/2025\/03\/panoramatour-1170x658.jpg 1170w, https:\/\/www.salzburgerland.com\/cs\/wp-content\/uploads\/2025\/03\/panoramatour-1200x675.jpg 1200w\" sizes=\"(max-width: 1170px) 100vw, 1170px\" aria-describedby=\"figcaption-161621-161672\" itemprop=\"thumbnail\"><\/a><\/div>\n\t\t\t\t\t\t<span id=\"figcaption-161621-161672\" class=\"gallery-caption\" itemprop=\"caption\"><span aria-hidden=\"true\">Model \u201eSolnohradu\u201c ze soli \u00a9 Salzburger Burgen und Schl\u00f6sser, Wolfgang Lienbacher<\/span><\/span>\n\t\t\t\t\t<\/li>\n\t\t\t\t\t<li class=\"gallery-item col-3\" itemprop=\"associatedMedia\" itemscope itemtype=\"http:\/\/schema.org\/ImageObject\">\n\t\t\t\t\t\t<div class=\"gallery-icon landscape\"><a href=\"https:\/\/www.salzburgerland.com\/cs\/wp-content\/uploads\/2025\/03\/zeughaus-1600x1067.jpg\" title=\"Zeughaus\"><img decoding=\"async\" data-title=\"Zbrojnice na pevnosti Hohensalzburg \u00a9 Salzburger Burgen und Schl\u00f6sser, Wolfgang Lienbacher\" title=\"Zbrojnice na pevnosti Hohensalzburg \u00a9 Salzburger Burgen und Schl\u00f6sser, Wolfgang Lienbacher\" data-caption=\"Zbrojnice na pevnosti Hohensalzburg \u00a9 Salzburger Burgen und Schl\u00f6sser, Wolfgang Lienbacher\" width=\"1170\" height=\"658\" src=\"https:\/\/www.salzburgerland.com\/cs\/wp-content\/uploads\/2025\/03\/zeughaus-1170x658.jpg\" class=\"attachment-1170_658 size-1170_658\" alt=\"Zbrojnice na pevnosti Hohensalzburg (Zv\u011bt\u0161en\u00fd pohled)\" srcset=\"https:\/\/www.salzburgerland.com\/cs\/wp-content\/uploads\/2025\/03\/zeughaus-1170x658.jpg 1170w, https:\/\/www.salzburgerland.com\/cs\/wp-content\/uploads\/2025\/03\/zeughaus-1200x675.jpg 1200w\" sizes=\"(max-width: 1170px) 100vw, 1170px\" aria-describedby=\"figcaption-161621-161676\" itemprop=\"thumbnail\"><\/a><\/div>\n\t\t\t\t\t\t<span id=\"figcaption-161621-161676\" class=\"gallery-caption\" itemprop=\"caption\"><span aria-hidden=\"true\">Zbrojnice na pevnosti Hohensalzburg \u00a9 Salzburger Burgen und Schl\u00f6sser, Wolfgang Lienbacher<\/span><\/span>\n\t\t\t\t\t<\/li>\n\t\t\t\t<\/ul>\n\t\t\t<\/div><!-- .gallery -->\n\n<h3><strong>Hrav\u00e1 pevnost: z\u00e1bava pro celou rodinu<\/strong><\/h3>\n<p><span style=\"font-size: 16px;\">Spojen\u00ed z\u00e1bavy, hravosti a historie, to jsou hlavn\u00ed slo\u017eky z\u00e1\u017eitkov\u00e9 hry<\/span><span style=\"font-size: 16px;\">\u00a0<\/span><strong style=\"font-size: 16px;\">Festungsspielen<\/strong><span style=\"font-size: 16px;\">. Nejprve si vyzvednete hern\u00ed sadu a m\u016f\u017eete se vydat objevovat hrad. Cestou \u010dek\u00e1 sedm r\u016fzn\u00fdch stanovi\u0161\u0165 se spoustou \u00fakol\u016f, kter\u00e9 prov\u011b\u0159\u00ed bystrost a \u0161ikovnost. Od duelu s kov\u00e1\u0159em, p\u0159es hod prstenem a\u017e po p\u0159etahov\u00e1n\u00ed lanem se salcbursk\u00fdm b\u00fdkem.<\/span><\/p>\n<div id=\"attachment_162291\" style=\"width: 1180px\" class=\"wp-caption alignnone\"><img decoding=\"async\" aria-describedby=\"caption-attachment-162291\" class=\"size-1170_658 wp-image-162291\" src=\"https:\/\/www.salzburgerland.com\/cs\/wp-content\/uploads\/2025\/03\/festungsspiele10-1-1170x658.jpg\" alt=\"Na hrad\u011b \u010dek\u00e1 i z\u00e1bava v\u010detn\u011b hry pro celou rodinu s r\u016fzn\u00fdmi \u00fakoly\" width=\"1170\" height=\"658\" srcset=\"https:\/\/www.salzburgerland.com\/cs\/wp-content\/uploads\/2025\/03\/festungsspiele10-1-1170x658.jpg 1170w, https:\/\/www.salzburgerland.com\/cs\/wp-content\/uploads\/2025\/03\/festungsspiele10-1-1200x675.jpg 1200w\" sizes=\"(max-width: 1170px) 100vw, 1170px\"><p id=\"caption-attachment-162291\" class=\"wp-caption-text\">Na hrad\u011b \u010dek\u00e1 i z\u00e1bava v\u010detn\u011b hry pro celou rodinu s r\u016fzn\u00fdmi \u00fakoly \u00a9 Salzburger Burgen und Schl\u00f6sser, Kathrin Gollackner<\/p><\/div>\n<h3>Nov\u00e9 komentovan\u00e9 prohl\u00eddky pro mal\u00e9 skupiny<\/h3>\n<p>Pro v\u0161echny, kte\u0159\u00ed hledaj\u00ed n\u011bco v\u00fdjime\u010dn\u00e9ho, je p\u0159ipraven\u00e1 nov\u00e1 soukrom\u00e1 <a href=\"https:\/\/www.festung-hohensalzburg.at\/en\/offers-programs\/offers-for-groups\/small-group-tour\" target=\"_blank\" rel=\"noopener\">prohl\u00eddka<\/a> <strong>pro mal\u00e9 skupiny<\/strong> (2\u201310 osob). Je dostupn\u00e1 v n\u011bm\u010din\u011b a angli\u010dtin\u011b.\u00a0V doprovodu zku\u0161en\u00e9ho pr\u016fvodce se \u00fa\u010dastn\u00edci z\u00e1bavnou a poutavou formou dozv\u00ed mnoho zaj\u00edmavost\u00ed o Salcburku i samotn\u00e9 pevnosti. Na z\u00e1v\u011br se m\u016f\u017eete t\u011b\u0161it na vyhl\u00eddku z jedn\u00e9 z v\u011b\u017e\u00ed a sladkou te\u010dku v podob\u011b origin\u00e1ln\u00ed Mozartovy koule!<\/p>\n<p><strong>U rodin s d\u011btmi<\/strong> jsou obl\u00edben\u00e9 tak\u00e9 speci\u00e1ln\u00ed <a href=\"https:\/\/www.festung-hohensalzburg.at\/en\/offers-programs\/offers-for-children-families\" target=\"_blank\" rel=\"noopener\">prohl\u00eddky<\/a>. Krom\u011b kr\u00e1sn\u00fdch v\u00fdhled\u016f na m\u011bsto b\u011bhem nich pozn\u00e1te tajemn\u00e1 z\u00e1kout\u00ed hradu a vyslechnete si poutav\u00e9 p\u0159\u00edb\u011bhy z d\u00e1vn\u00e9 minulosti. Ve\u0159ejn\u00e9 rodinn\u00e9 prohl\u00eddky se konaj\u00ed ka\u017edou t\u0159et\u00ed ned\u011bli v m\u011bs\u00edci.<\/p>\n<div id=\"attachment_164604\" style=\"width: 1180px\" class=\"wp-caption alignnone\"><img decoding=\"async\" aria-describedby=\"caption-attachment-164604\" class=\"size-1170_658 wp-image-164604\" src=\"https:\/\/www.salzburgerland.com\/cs\/wp-content\/uploads\/2025\/03\/sbg_ag_230822_0498-1170x658.jpg\" alt=\"\u010cty\u0159\u010dlenn\u00e1 rodina se usm\u00edv\u00e1, kdy\u017e mlad\u00e1 d\u00edvka ukazuje z kamenn\u00e9 zdi Hohensalzburgu na zele\u0148.\" width=\"1170\" height=\"658\" srcset=\"https:\/\/www.salzburgerland.com\/cs\/wp-content\/uploads\/2025\/03\/sbg_ag_230822_0498-1170x658.jpg 1170w, https:\/\/www.salzburgerland.com\/cs\/wp-content\/uploads\/2025\/03\/sbg_ag_230822_0498-1200x675.jpg 1200w\" sizes=\"(max-width: 1170px) 100vw, 1170px\"><p id=\"caption-attachment-164604\" class=\"wp-caption-text\">Vyhl\u00eddka z hradeb pevnosti Hohensalzburg \u00a9 Salzburger Burgen &amp; Schl\u00f6sser<\/p><\/div>\n<h2 data-start=\"283\" data-end=\"328\"><a href=\"https:\/\/www.festung-hohensalzburg.at\/en\/offers-programs\/calendar-of-events\" target=\"_blank\" rel=\"noopener\"><span role=\"text\"><strong data-start=\"286\" data-end=\"328\">Akce a speci\u00e1ln\u00ed prohl\u00eddky na pevnosti<\/strong><\/span><\/a><\/h2>\n<h3>L\u00e9to na pevnosti<\/h3>\n<p data-start=\"356\" data-end=\"573\">V letn\u00edch m\u011bs\u00edc\u00edch nab\u00edz\u00ed pevnost Hohensalzburg pestr\u00fd program v jedine\u010dn\u00e9 atmosf\u00e9\u0159e historick\u00fdch prostor. Ka\u017ed\u00fd druh\u00fd \u010dtvrtek v \u010dervenci a srpnu se konaj\u00ed<strong> ve\u010dern\u00ed prohl\u00eddky<\/strong>, kter\u00e9 umo\u017e\u0148uj\u00ed za\u017e\u00edt pevnost po setm\u011bn\u00ed.<\/p>\n<p data-start=\"575\" data-end=\"878\">Na konci srpna se uskute\u010dn\u00ed obl\u00edben\u00fd <strong>st\u0159edov\u011bk\u00fd festival<\/strong> (29.\u201330. srpna) s tradi\u010dn\u00edmi \u0159emesly, hudbou, \u0161erm\u00ed\u0159sk\u00fdmi vystoupen\u00edmi a programem pro d\u011bti i dosp\u011bl\u00e9. Mezi dal\u0161\u00ed vrcholy pat\u0159\u00ed divadeln\u00ed p\u0159edstaven\u00ed <strong>Jedermann<\/strong> na hradn\u00edm n\u00e1dvo\u0159\u00ed (\u010dervenec a srpen) a ka\u017edodenn\u00ed <strong>koncerty<\/strong> v historick\u00fdch prostor\u00e1ch.<\/p>\n<h3 data-start=\"885\" data-end=\"919\"><span role=\"text\"><strong data-start=\"889\" data-end=\"919\">Jaro a tematick\u00e9 prohl\u00eddky<\/strong><\/span><\/h3>\n<p data-start=\"921\" data-end=\"1133\">B\u011bhem roku se konaj\u00ed tak\u00e9 speci\u00e1ln\u00ed tematick\u00e9 prohl\u00eddky s n\u00e1zvem\u00a0 \u201e<strong>Hohensalzburger H\u00e4ppchen<\/strong>\u201c, kter\u00e9 se zam\u011b\u0159uj\u00ed nap\u0159\u00edklad na ryt\u00ed\u0159e a zbroj (7. b\u0159ezna), obnovu kn\u00ed\u017eec\u00edch komnat (3. \u010dervna) nebo historick\u00e9 erby (5. z\u00e1\u0159\u00ed).<\/p>\n<p data-start=\"1135\" data-end=\"1290\">Sou\u010d\u00e1st\u00ed programu jsou i tematick\u00e9 akce, nap\u0159\u00edklad <strong>st\u0159edov\u011bk\u00e9 tance<\/strong> (18. b\u0159ezna a 13. \u0159\u00edjna) nebo <strong>\u0161erm\u00ed\u0159sk\u00e9 workshopy<\/strong> (29. kv\u011btna a 20. listopadu). Zvl\u00e1\u0161tn\u00ed atmosf\u00e9ru m\u00e1 tak\u00e9 prohl\u00eddka p\u0159i letn\u00edm <strong>slunovratu<\/strong> (20. \u010dervna).<\/p>\n<h3 data-start=\"1371\" data-end=\"1400\"><span role=\"text\"><strong data-start=\"1375\" data-end=\"1400\">Podzim a zimn\u00ed obdob\u00ed<\/strong><\/span><\/h3>\n<p data-start=\"1402\" data-end=\"1626\">Na podzim zve pevnost na <strong>halloweensk\u00e9 akce<\/strong>, v\u010detn\u011b sout\u011b\u017ee ve vy\u0159ez\u00e1v\u00e1n\u00ed d\u00fdn\u00ed (29. \u0159\u00edjna) a ve\u010dern\u00edch prohl\u00eddek s <strong>lucernami<\/strong> (30. a 31. \u0159\u00edjna). V listopadu se kon\u00e1 <strong>lampionov\u00fd pr\u016fvod<\/strong> ke sv\u00e1tku svat\u00e9ho Martina (7. listopadu).<\/p>\n<p data-start=\"1628\" data-end=\"1942\">V <strong>adventn\u00edm<\/strong> obdob\u00ed se m\u016f\u017eete t\u011b\u0161it na speci\u00e1ln\u00ed prohl\u00eddky pro rodiny b\u011bhem adventn\u00edch ned\u011bl\u00ed. Sou\u010d\u00e1st\u00ed programu je tak\u00e9 obl\u00edben\u00fd <strong>v\u00e1no\u010dn\u00ed trh<\/strong> (28. listopadu a\u017e 20. prosince, v\u017edy od p\u00e1tku do ned\u011ble, 11.00\u201319.00, a tak\u00e9 7. a 8. prosince) s region\u00e1ln\u00edmi produkty, \u0159emesly a v\u00fdhledem na historick\u00e9 centrum Salcburku. Na konci roku se kon\u00e1 tematick\u00e1 prohl\u00eddka \u201e<strong>Festungsroas<\/strong>\u201c (27. prosince). Pro d\u011bti jsou b\u011bhem roku p\u0159ipraveny i tematick\u00e9 akce, nap\u0159\u00edklad tvo\u0159en\u00ed masek v obdob\u00ed <strong>masopustu<\/strong> (7. \u00fanora).<\/p>\n<div id=\"attachment_160039\" style=\"width: 1180px\" class=\"wp-caption alignnone\"><img decoding=\"async\" aria-describedby=\"caption-attachment-160039\" class=\"size-1170_658 wp-image-160039\" src=\"https:\/\/www.salzburgerland.com\/cs\/wp-content\/uploads\/2024\/07\/rs995_slt2-auswahl-182a-lpr-1170x658.jpg\" alt=\"Podzimn\u00ed panorama Star\u00e9ho M\u011bsta v Salcburku z Mni\u0161sk\u00e9 hory\" width=\"1170\" height=\"658\" srcset=\"https:\/\/www.salzburgerland.com\/cs\/wp-content\/uploads\/2024\/07\/rs995_slt2-auswahl-182a-lpr-1170x658.jpg 1170w, https:\/\/www.salzburgerland.com\/cs\/wp-content\/uploads\/2024\/07\/rs995_slt2-auswahl-182a-lpr-1200x675.jpg 1200w\" sizes=\"(max-width: 1170px) 100vw, 1170px\"><p id=\"caption-attachment-160039\" class=\"wp-caption-text\">Salcbursk\u00e9 Star\u00e9 M\u011bsto na podzim \u00a9 SalzburgerLand Tourismus<\/p><\/div>\n<h3><strong>Vyberte si vstupenku na m\u00edru<\/strong><\/h3>\n<p>Pevnost Hohensalzburg ro\u010dn\u011b nav\u0161t\u00edv\u00ed p\u0159es 1,4 milionu lid\u00ed. Je tak nejnav\u0161t\u011bvovan\u011bj\u0161\u00ed pam\u00e1tkou v cel\u00e9m Salcburku. Na v\u00fdb\u011br je z n\u011bkolika <a href=\"https:\/\/www.festung-hohensalzburg.at\/en\/your-visit\/tickets\" target=\"_blank\" rel=\"noopener\"><strong>vstupenek<\/strong><\/a>. All-inclusive tiket je ide\u00e1ln\u00ed pro ka\u017ed\u00e9ho, kdo chce poznat v\u0161echno, co pevnost nab\u00edz\u00ed. Cenov\u011b v\u00fdhodnou vstupenku Panorama-Ticket ocen\u00ed ti, kte\u0159\u00ed maj\u00ed m\u00e1lo \u010dasu a cht\u011bj\u00ed si u\u017e\u00edt hlavn\u011b v\u00fdhled. Plat\u00ed od 8:30 do 10:00 a od 18:00 do 20:00 v obdob\u00ed od 1. kv\u011btna do 30. z\u00e1\u0159\u00ed. Zahrnuje j\u00edzdu lanovkou, vstup do are\u00e1lu a panoramatickou prohl\u00eddku. Abyste se vyhnuli \u010dek\u00e1n\u00ed ve front\u00e1ch, doporu\u010dujeme zakoupit vstupenky online, pro rychl\u00fd a pohodln\u00fd vstup. Term\u00edny a informace o speci\u00e1ln\u00edch prohl\u00eddk\u00e1ch najdete na str\u00e1nk\u00e1ch pevnosti <a href=\"https:\/\/www.festung-hohensalzburg.at\/en\/\" target=\"_blank\" rel=\"noopener\">Hohensalzburg<\/a>.<\/p>\n","protected":false},"excerpt":{"rendered":"<p>Hohensalzburg pat\u0159\u00ed k nejv\u011bt\u0161\u00edm hradn\u00edm komplex\u016fm v Evrop\u011b z 11. stolet\u00ed. B\u011bhem sv\u00e9 dlouh\u00e9 historie nebyla pevnost nikdy dobyta ani zni\u010dena. I d\u00edky tomu dnes nab\u00edz\u00ed n\u00e1v\u0161t\u011bvn\u00edk\u016fm autentick\u00fd pohled do st\u0159edov\u011bk\u00e9 minulosti.\u00a0Do pevnosti se dostanete lanovkou p\u0159\u00edmo z centra Salcburku, kter\u00e1 v\u00e1s b\u011bhem n\u011bkolika minut vyveze na vrchol. Ti, kte\u0159\u00ed up\u0159ednost\u0148uj\u00ed v\u00edce pohybu, mohou zvolit [&hellip;]<\/p>\n","protected":false},"author":6,"featured_media":161669,"comment_status":"closed","ping_status":"closed","sticky":false,"template":"","format":"standard","meta":{"_acf_changed":false,"wl_entities_gutenberg":"","_relevanssi_hide_post":"","_relevanssi_hide_content":"","_relevanssi_pin_for_all":"","_relevanssi_pin_keywords":"","_relevanssi_unpin_keywords":"","_relevanssi_related_keywords":"","_relevanssi_related_include_ids":"","_relevanssi_related_exclude_ids":"","_relevanssi_related_no_append":"","_relevanssi_related_not_related":"","_relevanssi_related_posts":"","_relevanssi_noindex_reason":"","footnotes":""},"categories":[1],"tags":[],"wl_entity_type":[706],"class_list":["post-161621","post","type-post","status-publish","format-standard","has-post-thumbnail","hentry","category-uncategorized","wl_entity_type-article"],"acf":[],"yoast_head":"<!-- This site is optimized with the Yoast SEO Premium plugin v27.4 (Yoast SEO v27.4) - https:\/\/yoast.com\/product\/yoast-seo-premium-wordpress\/ -->\n<title>Pevnost Hohensalzburg \u00bb SalzburgerLand.com<\/title>\n<meta name=\"robots\" content=\"index, follow, max-snippet:-1, max-image-preview:large, max-video-preview:-1\" \/>\n<link rel=\"canonical\" href=\"https:\/\/www.salzburgerland.com\/cs\/hrady-a-zamky-pevnost-hohensalzburg\/\" \/>\n<meta property=\"og:locale\" content=\"cs_CZ\" \/>\n<meta property=\"og:type\" content=\"article\" \/>\n<meta property=\"og:title\" content=\"Pevnost Hohensalzburg\" \/>\n<meta property=\"og:description\" content=\"Hohensalzburg pat\u0159\u00ed k nejv\u011bt\u0161\u00edm hradn\u00edm komplex\u016fm v Evrop\u011b z 11. stolet\u00ed. B\u011bhem sv\u00e9 dlouh\u00e9 historie nebyla pevnost nikdy dobyta ani zni\u010dena. I d\u00edky tomu\" \/>\n<meta property=\"og:url\" content=\"https:\/\/www.salzburgerland.com\/cs\/hrady-a-zamky-pevnost-hohensalzburg\/\" \/>\n<meta property=\"og:site_name\" content=\"SalzburgerLand.com\" \/>\n<meta property=\"article:publisher\" content=\"https:\/\/www.facebook.com\/visitsalzburgerland\/\" \/>\n<meta property=\"article:published_time\" content=\"2025-03-23T23:17:20+00:00\" \/>\n<meta property=\"article:modified_time\" content=\"2026-03-24T09:00:43+00:00\" \/>\n<meta property=\"og:image\" content=\"https:\/\/www.salzburgerland.com\/cs\/wp-content\/uploads\/2025\/03\/festung-hohensalzburg-von-der-luft-1200x675.jpg\" \/>\n\t<meta property=\"og:image:width\" content=\"1200\" \/>\n\t<meta property=\"og:image:height\" content=\"675\" \/>\n\t<meta property=\"og:image:type\" content=\"image\/jpeg\" \/>\n<meta name=\"author\" content=\"Andrea \u017d\u00e1\u010dkov\u00e1\" \/>\n<meta name=\"twitter:card\" content=\"summary_large_image\" \/>\n<meta name=\"twitter:creator\" content=\"@salzburgerland\" \/>\n<meta name=\"twitter:site\" content=\"@salzburgerland\" \/>\n<meta name=\"twitter:label1\" content=\"Napsal(a)\" \/>\n\t<meta name=\"twitter:data1\" content=\"Andrea \u017d\u00e1\u010dkov\u00e1\" \/>\n\t<meta name=\"twitter:label2\" content=\"Odhadovan\u00e1 doba \u010dten\u00ed\" \/>\n\t<meta name=\"twitter:data2\" content=\"7 minut\" \/>\n<script type=\"application\/ld+json\" class=\"yoast-schema-graph\">{\"@context\":\"https:\\\/\\\/schema.org\",\"@graph\":[{\"@type\":\"Article\",\"@id\":\"https:\\\/\\\/www.salzburgerland.com\\\/cs\\\/hrady-a-zamky-pevnost-hohensalzburg\\\/#article\",\"isPartOf\":{\"@id\":\"https:\\\/\\\/www.salzburgerland.com\\\/cs\\\/hrady-a-zamky-pevnost-hohensalzburg\\\/\"},\"author\":{\"name\":\"Andrea \u017d\u00e1\u010dkov\u00e1\",\"@id\":\"https:\\\/\\\/www.salzburgerland.com\\\/cs\\\/#\\\/schema\\\/person\\\/dd42a4661897004df109095dbf40eeff\"},\"headline\":\"Pevnost Hohensalzburg\",\"datePublished\":\"2025-03-23T23:17:20+00:00\",\"dateModified\":\"2026-03-24T09:00:43+00:00\",\"mainEntityOfPage\":{\"@id\":\"https:\\\/\\\/www.salzburgerland.com\\\/cs\\\/hrady-a-zamky-pevnost-hohensalzburg\\\/\"},\"wordCount\":1253,\"image\":{\"@id\":\"https:\\\/\\\/www.salzburgerland.com\\\/cs\\\/hrady-a-zamky-pevnost-hohensalzburg\\\/#primaryimage\"},\"thumbnailUrl\":\"https:\\\/\\\/www.salzburgerland.com\\\/cs\\\/wp-content\\\/uploads\\\/2025\\\/03\\\/festung-hohensalzburg-von-der-luft.jpg\",\"articleSection\":[\"Uncategorized\"],\"inLanguage\":\"cs\"},{\"@type\":\"WebPage\",\"@id\":\"https:\\\/\\\/www.salzburgerland.com\\\/cs\\\/hrady-a-zamky-pevnost-hohensalzburg\\\/\",\"url\":\"https:\\\/\\\/www.salzburgerland.com\\\/cs\\\/hrady-a-zamky-pevnost-hohensalzburg\\\/\",\"name\":\"Pevnost Hohensalzburg \u00bb SalzburgerLand.com\",\"isPartOf\":{\"@id\":\"https:\\\/\\\/www.salzburgerland.com\\\/cs\\\/#website\"},\"primaryImageOfPage\":{\"@id\":\"https:\\\/\\\/www.salzburgerland.com\\\/cs\\\/hrady-a-zamky-pevnost-hohensalzburg\\\/#primaryimage\"},\"image\":{\"@id\":\"https:\\\/\\\/www.salzburgerland.com\\\/cs\\\/hrady-a-zamky-pevnost-hohensalzburg\\\/#primaryimage\"},\"thumbnailUrl\":\"https:\\\/\\\/www.salzburgerland.com\\\/cs\\\/wp-content\\\/uploads\\\/2025\\\/03\\\/festung-hohensalzburg-von-der-luft.jpg\",\"datePublished\":\"2025-03-23T23:17:20+00:00\",\"dateModified\":\"2026-03-24T09:00:43+00:00\",\"author\":{\"@id\":\"https:\\\/\\\/www.salzburgerland.com\\\/cs\\\/#\\\/schema\\\/person\\\/dd42a4661897004df109095dbf40eeff\"},\"description\":\"Hohensalzburg, symbol Salcburku a nejzn\u00e1m\u011bj\u0161\u00ed pam\u00e1tka Mozartova m\u011bsta nab\u00edz\u00ed fascinuj\u00edc\u00ed pohled do minulosti, jedine\u010dn\u00e9 v\u00fdhledy a nezapomenuteln\u00e9 z\u00e1\u017eitky.\",\"breadcrumb\":{\"@id\":\"https:\\\/\\\/www.salzburgerland.com\\\/cs\\\/hrady-a-zamky-pevnost-hohensalzburg\\\/#breadcrumb\"},\"inLanguage\":\"cs\",\"potentialAction\":[{\"@type\":\"ReadAction\",\"target\":[\"https:\\\/\\\/www.salzburgerland.com\\\/cs\\\/hrady-a-zamky-pevnost-hohensalzburg\\\/\"]}]},{\"@type\":\"ImageObject\",\"inLanguage\":\"cs\",\"@id\":\"https:\\\/\\\/www.salzburgerland.com\\\/cs\\\/hrady-a-zamky-pevnost-hohensalzburg\\\/#primaryimage\",\"url\":\"https:\\\/\\\/www.salzburgerland.com\\\/cs\\\/wp-content\\\/uploads\\\/2025\\\/03\\\/festung-hohensalzburg-von-der-luft.jpg\",\"contentUrl\":\"https:\\\/\\\/www.salzburgerland.com\\\/cs\\\/wp-content\\\/uploads\\\/2025\\\/03\\\/festung-hohensalzburg-von-der-luft.jpg\",\"width\":1620,\"height\":1080,\"caption\":\"Leteck\u00fd pohled na pevnost Hohensalzburg \u00a9 Salzburger Burgen & Schl\u00f6sser\"},{\"@type\":\"BreadcrumbList\",\"@id\":\"https:\\\/\\\/www.salzburgerland.com\\\/cs\\\/hrady-a-zamky-pevnost-hohensalzburg\\\/#breadcrumb\",\"itemListElement\":[{\"@type\":\"ListItem\",\"position\":1,\"name\":\"Hrady a pevnosti v Salcbursku\",\"item\":\"https:\\\/\\\/www.salzburgerland.com\\\/cs\\\/hrady-a-zamky\\\/\"},{\"@type\":\"ListItem\",\"position\":2,\"name\":\"Pevnost Hohensalzburg\"}]},{\"@type\":\"WebSite\",\"@id\":\"https:\\\/\\\/www.salzburgerland.com\\\/cs\\\/#website\",\"url\":\"https:\\\/\\\/www.salzburgerland.com\\\/cs\\\/\",\"name\":\"SalzburgerLand.com\",\"description\":\"Va\u0161e dovolen\u00e1 v Salcburku, Rakousko\",\"potentialAction\":[{\"@type\":\"SearchAction\",\"target\":{\"@type\":\"EntryPoint\",\"urlTemplate\":\"https:\\\/\\\/www.salzburgerland.com\\\/cs\\\/?s={search_term_string}\"},\"query-input\":{\"@type\":\"PropertyValueSpecification\",\"valueRequired\":true,\"valueName\":\"search_term_string\"}}],\"inLanguage\":\"cs\"},{\"@type\":\"Person\",\"@id\":\"https:\\\/\\\/www.salzburgerland.com\\\/cs\\\/#\\\/schema\\\/person\\\/dd42a4661897004df109095dbf40eeff\",\"name\":\"Andrea \u017d\u00e1\u010dkov\u00e1\",\"image\":{\"@type\":\"ImageObject\",\"inLanguage\":\"cs\",\"@id\":\"https:\\\/\\\/secure.gravatar.com\\\/avatar\\\/338deec8d231d56d0ab7b2b7d6d0aedbcb3eb05390f6c027fd5b7ebe87b67dbf?s=96&d=mm&r=g\",\"url\":\"https:\\\/\\\/secure.gravatar.com\\\/avatar\\\/338deec8d231d56d0ab7b2b7d6d0aedbcb3eb05390f6c027fd5b7ebe87b67dbf?s=96&d=mm&r=g\",\"contentUrl\":\"https:\\\/\\\/secure.gravatar.com\\\/avatar\\\/338deec8d231d56d0ab7b2b7d6d0aedbcb3eb05390f6c027fd5b7ebe87b67dbf?s=96&d=mm&r=g\",\"caption\":\"Andrea \u017d\u00e1\u010dkov\u00e1\"}}]}<\/script>\n<meta property=\"og:video\" content=\"https:\/\/www.youtube.com\/embed\/C3xHS_ZBA-c\" \/>\n<meta property=\"og:video:type\" content=\"text\/html\" \/>\n<meta property=\"og:video:duration\" content=\"50\" \/>\n<meta property=\"og:video:width\" content=\"480\" \/>\n<meta property=\"og:video:height\" content=\"270\" \/>\n<meta property=\"ya:ovs:adult\" content=\"false\" \/>\n<meta property=\"ya:ovs:upload_date\" content=\"2025-03-23T23:17:20+00:00\" \/>\n<meta property=\"ya:ovs:allow_embed\" content=\"true\" \/>\n<!-- \/ Yoast SEO Premium plugin. -->","yoast_head_json":{"title":"Pevnost Hohensalzburg \u00bb SalzburgerLand.com","robots":{"index":"index","follow":"follow","max-snippet":"max-snippet:-1","max-image-preview":"max-image-preview:large","max-video-preview":"max-video-preview:-1"},"canonical":"https:\/\/www.salzburgerland.com\/cs\/hrady-a-zamky-pevnost-hohensalzburg\/","og_locale":"cs_CZ","og_type":"article","og_title":"Pevnost Hohensalzburg","og_description":"Hohensalzburg pat\u0159\u00ed k nejv\u011bt\u0161\u00edm hradn\u00edm komplex\u016fm v Evrop\u011b z 11. stolet\u00ed. B\u011bhem sv\u00e9 dlouh\u00e9 historie nebyla pevnost nikdy dobyta ani zni\u010dena. I d\u00edky tomu","og_url":"https:\/\/www.salzburgerland.com\/cs\/hrady-a-zamky-pevnost-hohensalzburg\/","og_site_name":"SalzburgerLand.com","article_publisher":"https:\/\/www.facebook.com\/visitsalzburgerland\/","article_published_time":"2025-03-23T23:17:20+00:00","article_modified_time":"2026-03-24T09:00:43+00:00","og_image":[{"width":1200,"height":675,"url":"https:\/\/www.salzburgerland.com\/cs\/wp-content\/uploads\/2025\/03\/festung-hohensalzburg-von-der-luft-1200x675.jpg","type":"image\/jpeg"}],"author":"Andrea \u017d\u00e1\u010dkov\u00e1","twitter_card":"summary_large_image","twitter_creator":"@salzburgerland","twitter_site":"@salzburgerland","twitter_misc":{"Napsal(a)":"Andrea \u017d\u00e1\u010dkov\u00e1","Odhadovan\u00e1 doba \u010dten\u00ed":"7 minut"},"schema":{"@context":"https:\/\/schema.org","@graph":[{"@type":"Article","@id":"https:\/\/www.salzburgerland.com\/cs\/hrady-a-zamky-pevnost-hohensalzburg\/#article","isPartOf":{"@id":"https:\/\/www.salzburgerland.com\/cs\/hrady-a-zamky-pevnost-hohensalzburg\/"},"author":{"name":"Andrea \u017d\u00e1\u010dkov\u00e1","@id":"https:\/\/www.salzburgerland.com\/cs\/#\/schema\/person\/dd42a4661897004df109095dbf40eeff"},"headline":"Pevnost Hohensalzburg","datePublished":"2025-03-23T23:17:20+00:00","dateModified":"2026-03-24T09:00:43+00:00","mainEntityOfPage":{"@id":"https:\/\/www.salzburgerland.com\/cs\/hrady-a-zamky-pevnost-hohensalzburg\/"},"wordCount":1253,"image":{"@id":"https:\/\/www.salzburgerland.com\/cs\/hrady-a-zamky-pevnost-hohensalzburg\/#primaryimage"},"thumbnailUrl":"https:\/\/www.salzburgerland.com\/cs\/wp-content\/uploads\/2025\/03\/festung-hohensalzburg-von-der-luft.jpg","articleSection":["Uncategorized"],"inLanguage":"cs"},{"@type":"WebPage","@id":"https:\/\/www.salzburgerland.com\/cs\/hrady-a-zamky-pevnost-hohensalzburg\/","url":"https:\/\/www.salzburgerland.com\/cs\/hrady-a-zamky-pevnost-hohensalzburg\/","name":"Pevnost Hohensalzburg \u00bb SalzburgerLand.com","isPartOf":{"@id":"https:\/\/www.salzburgerland.com\/cs\/#website"},"primaryImageOfPage":{"@id":"https:\/\/www.salzburgerland.com\/cs\/hrady-a-zamky-pevnost-hohensalzburg\/#primaryimage"},"image":{"@id":"https:\/\/www.salzburgerland.com\/cs\/hrady-a-zamky-pevnost-hohensalzburg\/#primaryimage"},"thumbnailUrl":"https:\/\/www.salzburgerland.com\/cs\/wp-content\/uploads\/2025\/03\/festung-hohensalzburg-von-der-luft.jpg","datePublished":"2025-03-23T23:17:20+00:00","dateModified":"2026-03-24T09:00:43+00:00","author":{"@id":"https:\/\/www.salzburgerland.com\/cs\/#\/schema\/person\/dd42a4661897004df109095dbf40eeff"},"description":"Hohensalzburg, symbol Salcburku a nejzn\u00e1m\u011bj\u0161\u00ed pam\u00e1tka Mozartova m\u011bsta nab\u00edz\u00ed fascinuj\u00edc\u00ed pohled do minulosti, jedine\u010dn\u00e9 v\u00fdhledy a nezapomenuteln\u00e9 z\u00e1\u017eitky.","breadcrumb":{"@id":"https:\/\/www.salzburgerland.com\/cs\/hrady-a-zamky-pevnost-hohensalzburg\/#breadcrumb"},"inLanguage":"cs","potentialAction":[{"@type":"ReadAction","target":["https:\/\/www.salzburgerland.com\/cs\/hrady-a-zamky-pevnost-hohensalzburg\/"]}]},{"@type":"ImageObject","inLanguage":"cs","@id":"https:\/\/www.salzburgerland.com\/cs\/hrady-a-zamky-pevnost-hohensalzburg\/#primaryimage","url":"https:\/\/www.salzburgerland.com\/cs\/wp-content\/uploads\/2025\/03\/festung-hohensalzburg-von-der-luft.jpg","contentUrl":"https:\/\/www.salzburgerland.com\/cs\/wp-content\/uploads\/2025\/03\/festung-hohensalzburg-von-der-luft.jpg","width":1620,"height":1080,"caption":"Leteck\u00fd pohled na pevnost Hohensalzburg \u00a9 Salzburger Burgen & Schl\u00f6sser"},{"@type":"BreadcrumbList","@id":"https:\/\/www.salzburgerland.com\/cs\/hrady-a-zamky-pevnost-hohensalzburg\/#breadcrumb","itemListElement":[{"@type":"ListItem","position":1,"name":"Hrady a pevnosti v Salcbursku","item":"https:\/\/www.salzburgerland.com\/cs\/hrady-a-zamky\/"},{"@type":"ListItem","position":2,"name":"Pevnost Hohensalzburg"}]},{"@type":"WebSite","@id":"https:\/\/www.salzburgerland.com\/cs\/#website","url":"https:\/\/www.salzburgerland.com\/cs\/","name":"SalzburgerLand.com","description":"Va\u0161e dovolen\u00e1 v Salcburku, Rakousko","potentialAction":[{"@type":"SearchAction","target":{"@type":"EntryPoint","urlTemplate":"https:\/\/www.salzburgerland.com\/cs\/?s={search_term_string}"},"query-input":{"@type":"PropertyValueSpecification","valueRequired":true,"valueName":"search_term_string"}}],"inLanguage":"cs"},{"@type":"Person","@id":"https:\/\/www.salzburgerland.com\/cs\/#\/schema\/person\/dd42a4661897004df109095dbf40eeff","name":"Andrea \u017d\u00e1\u010dkov\u00e1","image":{"@type":"ImageObject","inLanguage":"cs","@id":"https:\/\/secure.gravatar.com\/avatar\/338deec8d231d56d0ab7b2b7d6d0aedbcb3eb05390f6c027fd5b7ebe87b67dbf?s=96&d=mm&r=g","url":"https:\/\/secure.gravatar.com\/avatar\/338deec8d231d56d0ab7b2b7d6d0aedbcb3eb05390f6c027fd5b7ebe87b67dbf?s=96&d=mm&r=g","contentUrl":"https:\/\/secure.gravatar.com\/avatar\/338deec8d231d56d0ab7b2b7d6d0aedbcb3eb05390f6c027fd5b7ebe87b67dbf?s=96&d=mm&r=g","caption":"Andrea \u017d\u00e1\u010dkov\u00e1"}}]},"og_video":"https:\/\/www.youtube.com\/embed\/C3xHS_ZBA-c","og_video_type":"text\/html","og_video_duration":"50","og_video_width":"480","og_video_height":"270","ya_ovs_adult":"false","ya_ovs_upload_date":"2025-03-23T23:17:20+00:00","ya_ovs_allow_embed":"true"},"_wl_alt_label":[],"wl:entity_url":"http:\/\/open.salzburgerland.com\/cs\/post\/hrady-a-zamky-pevnost-hohensalzburg-161621","_links":{"self":[{"href":"https:\/\/www.salzburgerland.com\/cs\/wp-json\/wp\/v2\/posts\/161621","targetHints":{"allow":["GET"]}}],"collection":[{"href":"https:\/\/www.salzburgerland.com\/cs\/wp-json\/wp\/v2\/posts"}],"about":[{"href":"https:\/\/www.salzburgerland.com\/cs\/wp-json\/wp\/v2\/types\/post"}],"author":[{"embeddable":true,"href":"https:\/\/www.salzburgerland.com\/cs\/wp-json\/wp\/v2\/users\/6"}],"replies":[{"embeddable":true,"href":"https:\/\/www.salzburgerland.com\/cs\/wp-json\/wp\/v2\/comments?post=161621"}],"version-history":[{"count":30,"href":"https:\/\/www.salzburgerland.com\/cs\/wp-json\/wp\/v2\/posts\/161621\/revisions"}],"predecessor-version":[{"id":164652,"href":"https:\/\/www.salzburgerland.com\/cs\/wp-json\/wp\/v2\/posts\/161621\/revisions\/164652"}],"wp:featuredmedia":[{"embeddable":true,"href":"https:\/\/www.salzburgerland.com\/cs\/wp-json\/wp\/v2\/media\/161669"}],"wp:attachment":[{"href":"https:\/\/www.salzburgerland.com\/cs\/wp-json\/wp\/v2\/media?parent=161621"}],"wp:term":[{"taxonomy":"category","embeddable":true,"href":"https:\/\/www.salzburgerland.com\/cs\/wp-json\/wp\/v2\/categories?post=161621"},{"taxonomy":"post_tag","embeddable":true,"href":"https:\/\/www.salzburgerland.com\/cs\/wp-json\/wp\/v2\/tags?post=161621"},{"taxonomy":"wl_entity_type","embeddable":true,"href":"https:\/\/www.salzburgerland.com\/cs\/wp-json\/wp\/v2\/wl_entity_type?post=161621"}],"curies":[{"name":"wp","href":"https:\/\/api.w.org\/{rel}","templated":true}]}}