{"id":161083,"date":"2024-11-17T18:16:55","date_gmt":"2024-11-17T17:16:55","guid":{"rendered":"https:\/\/www.salzburgerland.com\/cs\/?p=161083"},"modified":"2024-11-18T20:56:40","modified_gmt":"2024-11-18T19:56:40","slug":"gastein-stranou-od-sjezdovek","status":"publish","type":"post","link":"https:\/\/www.salzburgerland.com\/cs\/gastein-stranou-od-sjezdovek\/","title":{"rendered":"Zimn\u00ed aktivity mimo sjezdovky v Gasteinu"},"content":{"rendered":"<p>Gastein je ide\u00e1ln\u00ed destinac\u00ed pro milovn\u00edky <strong>freeridu<\/strong> d\u00edky sv\u00fdm severn\u011b orientovan\u00fdm \u0161irok\u00fdm sjezdovk\u00e1m a pra\u0161anu. Sou\u010d\u00e1st\u00ed Gasteinsk\u00e9ho \u00fadol\u00ed je i Sportgastein, n\u00e1dhern\u00e1 vysokohorsk\u00e1 oblast, zn\u00e1m\u00e1 svou\u00a0 a rozmanitou krajinou. Sportgastein obklopuj\u00ed vrcholky Alp, kter\u00e9 nab\u00edzej\u00ed dechberouc\u00ed panoramatick\u00e9 v\u00fdhledy na zasn\u011b\u017een\u00e9 hory a \u0161irok\u00e9 otev\u0159en\u00e9 pl\u00e1n\u011b. Gastein si naplno u\u017eijete i mimo sjezdovky. K dispozici je spousta aktivit.<\/p>\n<h3><strong>Freeride hotspot Gastein<\/strong><\/h3>\n<p>D\u00edky sv\u00e9 vysokohorsk\u00e9 poloze je \u00fadol\u00ed <span>Gastein<\/span> zn\u00e1m\u00e9 zaru\u010den\u00fdm sn\u011bhem. Ly\u017ea\u0159sk\u00e1 oblast <strong><a href=\"https:\/\/www.gastein.com\/cz\/gastein\/gasteinske-udoli\/bad-gastein\/sportgastein\/\" target=\"_blank\" rel=\"noopener\">Sportgastein<\/a><\/strong>, kter\u00e1 dosahuje v\u00fd\u0161ky a\u017e 2686 metr\u016f, boduje u <a href=\"https:\/\/www.gastein.com\/cz\/zkusenosti\/sport-a-priroda\/freeride\/\" target=\"_blank\" rel=\"noopener\">freerider\u016f<\/a> sv\u00fdmi svahy s hlubok\u00fdm sn\u011bhem, na kter\u00e9 se d\u00e1 dostat bez dlouh\u00e9ho stoup\u00e1n\u00ed. Pravideln\u011b se zde konaj\u00ed tak\u00e9 mezin\u00e1rodn\u00ed sout\u011b\u017ee, z\u00e1vody a freeridov\u00e9 kempy. Trasy s n\u00e1zvy Golden Powder, Golden Rush nebo Golden Ride miluj\u00ed freeride\u0159i z cel\u00e9ho sv\u011bta, v\u010detn\u011b \u0161pi\u010dkov\u00fdch sportovc\u016f, jako je profesion\u00e1ln\u00ed freeriderka, filmov\u00e1 producentka a tren\u00e9rka, Sandra Lahnsteiner:<\/p>\n<blockquote><p><em>Stubnerkogel, to je neuv\u011b\u0159iteln\u00e9 mno\u017estv\u00ed variant v oblasti Jungeralm. Schlossalm nab\u00edz\u00ed spoustu p\u0159\u00edle\u017eitost\u00ed nedaleko od lanovek. Vysokohorsk\u00fd Sportgastein je se sv\u00fdmi svahy jako Schareck z ledovce M\u00f6lltal opravdu top.<\/em><\/p><\/blockquote>\n\n\t\t\t<div id=\"161083-1\" class=\"gallery gallery-161083 gallery-columns-3 gallery-size-1170_658\" itemscope itemtype=\"http:\/\/schema.org\/ImageGallery\">\n\t\t\t\t<ul class=\"gallery-row gallery-col-3 gallery-clear\">\n\t\t\t\t\t<li class=\"gallery-item col-3\" itemprop=\"associatedMedia\" itemscope itemtype=\"http:\/\/schema.org\/ImageObject\">\n\t\t\t\t\t\t<div class=\"gallery-icon landscape\"><a href=\"https:\/\/www.salzburgerland.com\/cs\/wp-content\/uploads\/2019\/09\/freeriden_sandra_lahnsteiner_gastein_c_gasteinertal_tourismus_gmbh_www-oberschneider-52-1920x1067.jpg\" title=\"Freeriden_Sandra_Lahnsteiner_Gastein_c_Gasteinertal_Tourismus_GmbH_www.oberschneider (52)\"><img decoding=\"async\" data-title=\"V Gasteinu si p\u0159ijdou na sv\u00e9 i freeride\u0159i \u00a9 Gasteinertal Tourismus GmbH, Christoph Oberschneider \" title=\"V Gasteinu si p\u0159ijdou na sv\u00e9 i freeride\u0159i \u00a9 Gasteinertal Tourismus GmbH, Christoph Oberschneider \" data-caption=\"V Gasteinu si p\u0159ijdou na sv\u00e9 i freeride\u0159i \u00a9 Gasteinertal Tourismus GmbH, Christoph Oberschneider \" width=\"1170\" height=\"658\" src=\"https:\/\/www.salzburgerland.com\/cs\/wp-content\/uploads\/2019\/09\/freeriden_sandra_lahnsteiner_gastein_c_gasteinertal_tourismus_gmbh_www-oberschneider-52-1170x658.jpg\" class=\"attachment-1170_658 size-1170_658\" alt=\"Ly\u017ea\u0159 v oran\u017eov\u00fdch kalhot\u00e1ch sk\u00e1\u010de ze zasn\u011b\u017een\u00e9ho \u00fatesu v Gasteinsk\u00e9m \u00fadol\u00ed s horami a modrou oblohou za z\u00e1dy. (Zv\u011bt\u0161en\u00fd pohled)\" srcset=\"https:\/\/www.salzburgerland.com\/cs\/wp-content\/uploads\/2019\/09\/freeriden_sandra_lahnsteiner_gastein_c_gasteinertal_tourismus_gmbh_www-oberschneider-52-1170x658.jpg 1170w, https:\/\/www.salzburgerland.com\/cs\/wp-content\/uploads\/2019\/09\/freeriden_sandra_lahnsteiner_gastein_c_gasteinertal_tourismus_gmbh_www-oberschneider-52-1200x675.jpg 1200w\" sizes=\"(max-width: 1170px) 100vw, 1170px\" aria-describedby=\"figcaption-161083-145830\" itemprop=\"thumbnail\"><\/a><\/div>\n\t\t\t\t\t\t<span id=\"figcaption-161083-145830\" class=\"gallery-caption\" itemprop=\"caption\"><span aria-hidden=\"true\">V Gasteinu si p\u0159ijdou na sv\u00e9 i freeride\u0159i \u00a9 Gasteinertal Tourismus GmbH, Christoph Oberschneider <\/span><\/span>\n\t\t\t\t\t<\/li>\n\t\t\t\t\t<li class=\"gallery-item col-3\" itemprop=\"associatedMedia\" itemscope itemtype=\"http:\/\/schema.org\/ImageObject\">\n\t\t\t\t\t\t<div class=\"gallery-icon landscape\"><a href=\"https:\/\/www.salzburgerland.com\/cs\/wp-content\/uploads\/2016\/11\/sportgastein-freeriden_sandra_lahnsteiner_c_gasteinertal_tourismus_gmbh_www-oberschneider-67-1920x1067.jpg\" title=\"Skier: Sandra Lahnsteiner, Location: Gastein, Salzburg, Austria\"><img decoding=\"async\" data-title=\"Sandra Lahnsteiner na svahu ve Sportgasteinu, r\u00e1ji freeridu \u00a9 Gasteinertal Tourismus GmbH, Christoph Oberschneider\" title=\"Sandra Lahnsteiner na svahu ve Sportgasteinu, r\u00e1ji freeridu \u00a9 Gasteinertal Tourismus GmbH, Christoph Oberschneider\" data-caption=\"Sandra Lahnsteiner na svahu ve Sportgasteinu, r\u00e1ji freeridu \u00a9 Gasteinertal Tourismus GmbH, Christoph Oberschneider\" width=\"1170\" height=\"658\" src=\"https:\/\/www.salzburgerland.com\/cs\/wp-content\/uploads\/2016\/11\/sportgastein-freeriden_sandra_lahnsteiner_c_gasteinertal_tourismus_gmbh_www-oberschneider-67-1170x658.jpg\" class=\"attachment-1170_658 size-1170_658\" alt=\"Sportgastein v z\u00e1v\u011bru gasteinsk\u00e9ho \u00fadol\u00ed je ide\u00e1ln\u00ed ter\u00e9n pro freeride (Zv\u011bt\u0161en\u00fd pohled)\" srcset=\"https:\/\/www.salzburgerland.com\/cs\/wp-content\/uploads\/2016\/11\/sportgastein-freeriden_sandra_lahnsteiner_c_gasteinertal_tourismus_gmbh_www-oberschneider-67-1170x658.jpg 1170w, https:\/\/www.salzburgerland.com\/cs\/wp-content\/uploads\/2016\/11\/sportgastein-freeriden_sandra_lahnsteiner_c_gasteinertal_tourismus_gmbh_www-oberschneider-67-1200x675.jpg 1200w\" sizes=\"(max-width: 1170px) 100vw, 1170px\" aria-describedby=\"figcaption-161083-146808\" itemprop=\"thumbnail\"><\/a><\/div>\n\t\t\t\t\t\t<span id=\"figcaption-161083-146808\" class=\"gallery-caption\" itemprop=\"caption\"><span aria-hidden=\"true\">Sandra Lahnsteiner na svahu ve Sportgasteinu, r\u00e1ji freeridu \u00a9 Gasteinertal Tourismus GmbH, Christoph Oberschneider<\/span><\/span>\n\t\t\t\t\t<\/li>\n\t\t\t\t\t<li class=\"gallery-item col-3\" itemprop=\"associatedMedia\" itemscope itemtype=\"http:\/\/schema.org\/ImageObject\">\n\t\t\t\t\t\t<div class=\"gallery-icon landscape\"><a href=\"https:\/\/www.salzburgerland.com\/cs\/wp-content\/uploads\/2019\/09\/freeriden_sandra_lahnsteiner_c_gasteinertal_tourismus_gmbh_www-oberschneider-56.jpg\" title=\"Freeriden_Sandra_Lahnsteiner_c_Gasteinertal_Tourismus_GmbH_www.oberschneider (56)\"><img decoding=\"async\" data-title=\"Sandra Lahnsteiner se r\u00e1da v\u011bnuje freeridu v Gasteinu \u00a9 Gasteinertal Tourismus GmbH, Christoph Oberschneider\" title=\"Sandra Lahnsteiner se r\u00e1da v\u011bnuje freeridu v Gasteinu \u00a9 Gasteinertal Tourismus GmbH, Christoph Oberschneider\" data-caption=\"Sandra Lahnsteiner se r\u00e1da v\u011bnuje freeridu v Gasteinu \u00a9 Gasteinertal Tourismus GmbH, Christoph Oberschneider\" width=\"1170\" height=\"658\" src=\"https:\/\/www.salzburgerland.com\/cs\/wp-content\/uploads\/2019\/09\/freeriden_sandra_lahnsteiner_c_gasteinertal_tourismus_gmbh_www-oberschneider-56-1170x658.jpg\" class=\"attachment-1170_658 size-1170_658\" alt=\"Profi freeriderka Sandra Lahnsteiner jede na svahu v Gasteinu (Zv\u011bt\u0161en\u00fd pohled)\" srcset=\"https:\/\/www.salzburgerland.com\/cs\/wp-content\/uploads\/2019\/09\/freeriden_sandra_lahnsteiner_c_gasteinertal_tourismus_gmbh_www-oberschneider-56-1170x658.jpg 1170w, https:\/\/www.salzburgerland.com\/cs\/wp-content\/uploads\/2019\/09\/freeriden_sandra_lahnsteiner_c_gasteinertal_tourismus_gmbh_www-oberschneider-56-1200x675.jpg 1200w\" sizes=\"(max-width: 1170px) 100vw, 1170px\" aria-describedby=\"figcaption-161083-154122\" itemprop=\"thumbnail\"><\/a><\/div>\n\t\t\t\t\t\t<span id=\"figcaption-161083-154122\" class=\"gallery-caption\" itemprop=\"caption\"><span aria-hidden=\"true\">Sandra Lahnsteiner se r\u00e1da v\u011bnuje freeridu v Gasteinu \u00a9 Gasteinertal Tourismus GmbH, Christoph Oberschneider<\/span><\/span>\n\t\t\t\t\t<\/li>\n\t\t\t\t<\/ul>\n\t\t\t<\/div><!-- .gallery -->\n\n<p>Pro ty, kte\u0159\u00ed cht\u011bj\u00ed vyzkou\u0161et <a href=\"https:\/\/www.skigastein.com\/en\/activities\/skiing-snowboarding\/freeriding\/\" target=\"_blank\" rel=\"noopener\">freeride<\/a> poprv\u00e9, m\u00edstn\u00ed pr\u016fvodci nab\u00edzej\u00ed jako ochutn\u00e1vku speci\u00e1ln\u00ed programy. Sraz b\u00fdv\u00e1 u doln\u00ed stanice lanovky <strong>Goldbergbahn<\/strong> ve Sportgasteinu. Sou\u010d\u00e1st\u00ed je poskytnut\u00ed nezbytn\u00e9ho vybaven\u00ed (batoh, lopata, sonda, p\u00edp\u00e1k). Od ledna do b\u0159ezna se tyto akce konaj\u00ed ka\u017ed\u00fd \u010dtvrtek ve Sportgasteinu, pokud to podm\u00ednky dovol\u00ed. <a href=\"https:\/\/www.salzburgerland.com\/cs\/gastein\/\">Gastein<\/a> tak\u00e9 nab\u00edz\u00ed dal\u0161\u00ed mo\u017enosti prozkoumat hory s profesion\u00e1ln\u00edm <strong>freeridov\u00fdm instruktorem<\/strong> s tipy pro bezpe\u010dnou j\u00edzdu v hlubok\u00e9m sn\u011bhu, a\u0165 u\u017e na ly\u017e\u00edch nebo na snowboardu. Bezpe\u010dnost je kl\u00ed\u010dov\u00e1, proto se db\u00e1 na spr\u00e1vn\u00e9 vybaven\u00ed v\u010detn\u011b vys\u00edla\u010de, sondy, lopaty nebo chr\u00e1ni\u010de p\u00e1te\u0159e, co\u017e zaji\u0161\u0165uje, \u017ee si ka\u017ed\u00fd m\u016f\u017ee naplno u\u017e\u00edt adrenalinov\u00fd z\u00e1\u017eitek v\u00a0p\u0159ekr\u00e1sn\u00e9m prost\u0159ed\u00ed salcbursk\u00fdch hor. V\u017edy v\u0161ak plat\u00ed: <strong>Jezd\u011bte <a href=\"https:\/\/www.salzburgerland.com\/cs\/bezpecnost-v-alpach-v-zime\/\">bezpe\u010dn\u011b<\/a>!<\/strong><\/p>\n<h3><strong>Skitouring s p\u0159ekr\u00e1sn\u00fdmi vyhl\u00eddkami<\/strong><\/h3>\n<p>V Gasteinu najdete stranou od sjezdovek tak\u00e9 skv\u011bl\u00e9 podm\u00ednky pro skialpinismus a <strong><a href=\"https:\/\/www.gastein.com\/cz\/zkusenosti\/sport-a-priroda\/lyzarske-zajezdy\/\" target=\"_blank\" rel=\"noopener\">skitouring<\/a><\/strong>, a\u0165 u\u017e to na ly\u017e\u00edch skute\u010dn\u011b um\u00edte nebo se s\u00a0touto aktivitou teprve opatrn\u011b seznamujete. Bezpe\u010dn\u00e9 a zna\u010den\u00e9 trasy v\u00e1s zavedou na nejkr\u00e1sn\u011bj\u0161\u00ed m\u00edsta s\u00a0vyhl\u00eddkami v regionu bez nutnosti vyu\u017eit\u00ed lanovky. <a href=\"https:\/\/www.skigastein.com\/en\/activities\/ski-touring\/\" target=\"_blank\" rel=\"noopener\">T\u00fary<\/a> na ly\u017e\u00edch umo\u017e\u0148uj\u00ed vychutnat si v\u00fdstupy a sjezdy v n\u00e1dhern\u00e9m prost\u0159ed\u00ed hor. V\u00fdchoz\u00edch bod\u016f je spousta, trasy jsou rozmanit\u00e9. M\u016f\u017eete se tak\u00e9 p\u0159ipojit k\u00a0organizovan\u00fdm t\u00far\u00e1m s\u00a0pr\u016fvodci.<\/p>\n<p>Trasa Gipfelsieg ve Sportgasteinu nab\u00edz\u00ed \u00fachvatn\u00e9 v\u00fdhledy a v\u00fdstup na vrchol Kreuzkogel ve v\u00fd\u0161ce 2 686 metr\u016f, kter\u00fd se ty\u010d\u00ed uprost\u0159ed <a href=\"https:\/\/www.salzburgerland.com\/cs\/prazdninovy-region-narodni-park-vysoke-taury-v-zime\/\">N\u00e1rodn\u00edho parku Vysok\u00e9 Taury<\/a>. P\u016fvabn\u00e1 ly\u017ea\u0159sk\u00e1 oblast Dorfgastein je d\u00edky sv\u00fdm m\u00edrn\u00fdm svah\u016fm ide\u00e1ln\u00ed pro za\u010d\u00e1te\u010dn\u00edky. <strong>Ly\u017ea\u0159sk\u00e1 t\u00fara Mittelstation-Alt\u00f6rl-Kieserl-Fulseck <\/strong>je bezpe\u010dn\u00e1 a dob\u0159e zna\u010den\u00e1.<\/p>\n<div id=\"attachment_161164\" style=\"width: 1180px\" class=\"wp-caption alignnone\"><img decoding=\"async\" aria-describedby=\"caption-attachment-161164\" class=\"size-1170_658 wp-image-161164\" src=\"https:\/\/www.salzburgerland.com\/cs\/wp-content\/uploads\/2024\/11\/xgi6xbcai3ahe9t7kqpwoietdgdmhi2wbhihpeza-1170x658.jpg\" alt=\"Ly\u017ea\u0159i zdol\u00e1vaj\u00ed na t\u00fa\u0159e vrchol v Gasteinu\" width=\"1170\" height=\"658\" srcset=\"https:\/\/www.salzburgerland.com\/cs\/wp-content\/uploads\/2024\/11\/xgi6xbcai3ahe9t7kqpwoietdgdmhi2wbhihpeza-1170x658.jpg 1170w, https:\/\/www.salzburgerland.com\/cs\/wp-content\/uploads\/2024\/11\/xgi6xbcai3ahe9t7kqpwoietdgdmhi2wbhihpeza-1200x675.jpg 1200w\" sizes=\"(max-width: 1170px) 100vw, 1170px\"><p id=\"caption-attachment-161164\" class=\"wp-caption-text\">Skitouring v Gasteinu \u00a9 Gasteinertal Tourismus GmbH<\/p><\/div>\n<p><strong>Graukogel<\/strong> l\u00e1k\u00e1 p\u0159\u00edjemn\u00fdmi t\u00farami borov\u00fdmi lesy s odm\u011bnou v podob\u011b kr\u00e1sn\u00e9ho panorama. Skitouringov\u00e9 dobrodru\u017estv\u00ed za\u010d\u00edn\u00e1 u\u017e v\u00a0\u00fadol\u00ed. Nemus\u00edte se spol\u00e9hat na lanovky, ale pokud pot\u0159ebujete u\u0161et\u0159it energii, nechejte se <a href=\"https:\/\/www.skigastein.com\/en\/tickets-operating-hours\/winter-tickets\/ski-touring-pedestrian-tickets\/\" target=\"_blank\" rel=\"noopener\">lanovkou<\/a> vyv\u00e9zt na Graukogel k prost\u0159edn\u00ed stanici.<\/p>\n<p>Chcete za\u017e\u00edt kouzlo hor v\u00a0noci? Nezapomenuteln\u00fd z\u00e1\u017eitek zaru\u010duj\u00ed i ve\u010dern\u00ed ly\u017ea\u0159sk\u00e9 t\u00fary na <strong>Graukogelu a Stubneralmu<\/strong> za svitu m\u011bs\u00edce. V dob\u011b, kdy ostatn\u00ed milovn\u00edci zimn\u00edch sport\u016f sp\u00ed, m\u016f\u017eete ve vybran\u00fdch zimn\u00edch ve\u010derech vyrazit na ly\u017e\u00edch do kopc\u016f. B\u011bhem t\u011bchto ve\u010der\u016f jsou otev\u0159eny chaty Stubneralm a Graukogelh\u00fctte pro p\u0159\u00edjemnou zast\u00e1vku p\u0159ed n\u00e1vratem do \u00fadol\u00ed za \u00fapl\u0148ku. Nezapome\u0148te si p\u0159ibalit <strong>\u010delovku<\/strong>, abyste byli p\u0159i cest\u011b za tmy v\u00a0bezpe\u010d\u00ed!<\/p>\n<div id=\"attachment_161165\" style=\"width: 1180px\" class=\"wp-caption alignnone\"><img decoding=\"async\" aria-describedby=\"caption-attachment-161165\" class=\"size-1170_658 wp-image-161165\" src=\"https:\/\/www.salzburgerland.com\/cs\/wp-content\/uploads\/2024\/11\/csm_skitour-sportgastein-winter-urlaub-gastein-berge-therme-salzburger-land-c_gasteinertal-tourismus-christoph-oberschneider-9_12ecc88528-1170x640.jpg\" alt=\"Skitouring lze provozovat i ve Sportgasteinu\" width=\"1170\" height=\"640\"><p id=\"caption-attachment-161165\" class=\"wp-caption-text\">Skitouring lze provozovat i ve Sportgasteinu \u00a9 Gasteinertal Tourismus GmbH, Christoph Oberschneider<\/p><\/div>\n<h3>S\u00e1\u0148ka\u0159sk\u00e9 dr\u00e1hy bav\u00ed mal\u00e9 i velk\u00e9<\/h3>\n<p>V\u00a0zim\u011b by to bez <strong><a href=\"https:\/\/www.skigastein.com\/en\/activities\/sledding\/\" target=\"_blank\" rel=\"noopener\">s\u00e1\u0148kov\u00e1n\u00ed<\/a> <\/strong>ne\u0161lo. V\u00a0Gasteinu jsou ale na\u0161t\u011bst\u00ed i s\u00e1\u0148ka\u0159sk\u00e9 dr\u00e1hy, kter\u00e9 na zimn\u00ed dovolen\u00e9 nab\u00edzej\u00ed vzru\u0161uj\u00edc\u00ed z\u00e1\u017eitky pro mal\u00e9 i velk\u00e9. P\u0159\u00edrodn\u00ed <strong><a href=\"https:\/\/www.gastein.com\/cz\/zkusenosti\/zabava-a-rodina\/sankovani\/\" target=\"_blank\" rel=\"noopener\">s\u00e1\u0148ka\u0159sk\u00e1 dr\u00e1ha<\/a> Aeroplan<\/strong> v Bad Hofgasteinu je pro rodiny ide\u00e1ln\u00ed. Jedn\u00e1 se o 3 300 metr\u016f dlouhou trasu, kterou lze zdolat i v noci d\u00edky osv\u011btlen\u00ed a speci\u00e1ln\u00edm ve\u010dern\u00edm s\u00e1\u0148kovac\u00edm akc\u00edm. Dostanete se sem pohodln\u011b lanovkou <strong>Schlossalmbahn<\/strong> \u2013 prost\u0159edn\u00ed stanice. V\u00a0restauraci Aeroplanstadl \u010dek\u00e1 v\u017edycky n\u011bco dobr\u00e9ho k\u00a0j\u00eddlu a pit\u00ed.<\/p>\n<p><strong>B\u011bhem dne<\/strong> plat\u00ed <a href=\"https:\/\/www.skigastein.com\/en\/tickets-operating-hours\/winter-tickets\/all-in-card-white\/\" target=\"_blank\" rel=\"noopener\">zimn\u00ed karta ALL-IN Card White<\/a> nebo permanentka, kterou lze pou\u017e\u00edt pro v\u00fdstup na prost\u0159edn\u00ed stanici. J\u00edzdenky na <strong>no\u010dn\u00ed <a href=\"https:\/\/www.skigastein.com\/en\/activities\/sledding\/\">s\u00e1\u0148kov\u00e1n\u00ed<\/a><\/strong> jsou k dost\u00e1n\u00ed pouze u pokladny Schlossalm (polovi\u010dn\u00ed cena pro dosp\u011bl\u00e9 dr\u017eitele ALL-IN Card White, All-In Card Gold nebo SuperSki CardPremium).<\/p>\n<p>Ve\u010dern\u00ed s\u00e1\u0148kov\u00e1n\u00ed na Aeroplanu se kon\u00e1 v\u017edy v\u00a0\u00fater\u00fd a v\u00a0p\u00e1tek. U t\u00e9to p\u0159\u00edle\u017eitosti jezd\u00ed lanovka Schlossalmbahn od 18.00 do 18.30 (posledn\u00ed j\u00edzda). S\u00e1\u0148ka\u0159sk\u00e1 dr\u00e1ha je <strong>osv\u011btlena<\/strong> <strong>do 22.30 hodin<\/strong>.<\/p>\n\n\t\t\t<div id=\"161083-2\" class=\"gallery gallery-161083 gallery-columns-3 gallery-size-1170_658\" itemscope itemtype=\"http:\/\/schema.org\/ImageGallery\">\n\t\t\t\t<ul class=\"gallery-row gallery-col-3 gallery-clear\">\n\t\t\t\t\t<li class=\"gallery-item col-3\" itemprop=\"associatedMedia\" itemscope itemtype=\"http:\/\/schema.org\/ImageObject\">\n\t\t\t\t\t\t<div class=\"gallery-icon landscape\"><a href=\"https:\/\/www.salzburgerland.com\/cs\/wp-content\/uploads\/2024\/11\/rodeln2_2c2ca14a14028be1dc23dcbb4d487fa8-1601x1067.jpg\" title=\"Rodeln2_2c2ca14a14028be1dc23dcbb4d487fa8\"><img decoding=\"async\" data-title=\"Hur\u00e1 na s\u00e1\u0148ky na Aeroplan \u00a9 Gasteinertal Tourismus  GmbH, Manuel Marktl\" title=\"Hur\u00e1 na s\u00e1\u0148ky na Aeroplan \u00a9 Gasteinertal Tourismus  GmbH, Manuel Marktl\" data-caption=\"Hur\u00e1 na s\u00e1\u0148ky na Aeroplan \u00a9 Gasteinertal Tourismus  GmbH, Manuel Marktl\" width=\"1170\" height=\"658\" src=\"https:\/\/www.salzburgerland.com\/cs\/wp-content\/uploads\/2024\/11\/rodeln2_2c2ca14a14028be1dc23dcbb4d487fa8-1170x658.jpg\" class=\"attachment-1170_658 size-1170_658\" alt=\"Rodina s d\u011btmi na s\u00e1\u0148ka\u0159sk\u00e9 dr\u00e1ze Aeroplan (Zv\u011bt\u0161en\u00fd pohled)\" srcset=\"https:\/\/www.salzburgerland.com\/cs\/wp-content\/uploads\/2024\/11\/rodeln2_2c2ca14a14028be1dc23dcbb4d487fa8-1170x658.jpg 1170w, https:\/\/www.salzburgerland.com\/cs\/wp-content\/uploads\/2024\/11\/rodeln2_2c2ca14a14028be1dc23dcbb4d487fa8-1200x675.jpg 1200w\" sizes=\"(max-width: 1170px) 100vw, 1170px\" aria-describedby=\"figcaption-161083-161167\" itemprop=\"thumbnail\"><\/a><\/div>\n\t\t\t\t\t\t<span id=\"figcaption-161083-161167\" class=\"gallery-caption\" itemprop=\"caption\"><span aria-hidden=\"true\">Hur\u00e1 na s\u00e1\u0148ky na Aeroplan \u00a9 Gasteinertal Tourismus  GmbH, Manuel Marktl<\/span><\/span>\n\t\t\t\t\t<\/li>\n\t\t\t\t\t<li class=\"gallery-item col-3\" itemprop=\"associatedMedia\" itemscope itemtype=\"http:\/\/schema.org\/ImageObject\">\n\t\t\t\t\t\t<div class=\"gallery-icon landscape\"><a href=\"https:\/\/www.salzburgerland.com\/cs\/wp-content\/uploads\/2024\/11\/rodeln_c934353c98a82794e2ee99183429a260-1601x1067.jpg\" title=\"Rodeln_c934353c98a82794e2ee99183429a260\"><img decoding=\"async\" data-title=\"S\u00e1\u0148ka\u0159sk\u00e1 dr\u00e1ha Aeroplan na Schlossalmu \u00a9 Gasteinertal Tourismus  GmbH, Manuel Marktl\" title=\"S\u00e1\u0148ka\u0159sk\u00e1 dr\u00e1ha Aeroplan na Schlossalmu \u00a9 Gasteinertal Tourismus  GmbH, Manuel Marktl\" data-caption=\"S\u00e1\u0148ka\u0159sk\u00e1 dr\u00e1ha Aeroplan na Schlossalmu \u00a9 Gasteinertal Tourismus  GmbH, Manuel Marktl\" width=\"1170\" height=\"658\" src=\"https:\/\/www.salzburgerland.com\/cs\/wp-content\/uploads\/2024\/11\/rodeln_c934353c98a82794e2ee99183429a260-1170x658.jpg\" class=\"attachment-1170_658 size-1170_658\" alt=\"Na s\u00e1\u0148ka\u0159sk\u00e9 dr\u00e1ze Aeroplan na Schlossalmu najdete dobr\u00e9 sn\u011bhov\u00e9 podm\u00ednky, kter\u00e9 jsou ide\u00e1ln\u00ed pro souboj rodi\u010d\u016f s d\u011btmi. Rychl\u00e1 s\u00e9rie zat\u00e1\u010dek a \u0161irok\u00fd kopec vy\u017eaduj\u00ed spoustu dovednost\u00ed spolu se spr\u00e1vnou technikou brzd\u011bn\u00ed a zrychlov\u00e1n\u00ed. (Zv\u011bt\u0161en\u00fd pohled)\" srcset=\"https:\/\/www.salzburgerland.com\/cs\/wp-content\/uploads\/2024\/11\/rodeln_c934353c98a82794e2ee99183429a260-1170x658.jpg 1170w, https:\/\/www.salzburgerland.com\/cs\/wp-content\/uploads\/2024\/11\/rodeln_c934353c98a82794e2ee99183429a260-1200x675.jpg 1200w\" sizes=\"(max-width: 1170px) 100vw, 1170px\" aria-describedby=\"figcaption-161083-161117\" itemprop=\"thumbnail\"><\/a><\/div>\n\t\t\t\t\t\t<span id=\"figcaption-161083-161117\" class=\"gallery-caption\" itemprop=\"caption\"><span aria-hidden=\"true\">S\u00e1\u0148ka\u0159sk\u00e1 dr\u00e1ha Aeroplan na Schlossalmu \u00a9 Gasteinertal Tourismus  GmbH, Manuel Marktl<\/span><\/span>\n\t\t\t\t\t<\/li>\n\t\t\t\t\t<li class=\"gallery-item col-3\" itemprop=\"associatedMedia\" itemscope itemtype=\"http:\/\/schema.org\/ImageObject\">\n\t\t\t\t\t\t<div class=\"gallery-icon landscape\"><a href=\"https:\/\/www.salzburgerland.com\/cs\/wp-content\/uploads\/2024\/11\/rodel_ee6b73e8eabc588352d400cc2c4c9703-1601x1067.jpg\" title=\"Rodel_ee6b73e8eabc588352d400cc2c4c9703\"><img decoding=\"async\" data-title=\"S\u00e1\u0148ky si m\u016f\u017eete p\u016fj\u010dit na m\u00edst\u011b \u00a9 Gasteinertal Tourismus  GmbH, Manuel Marktl\" title=\"S\u00e1\u0148ky si m\u016f\u017eete p\u016fj\u010dit na m\u00edst\u011b \u00a9 Gasteinertal Tourismus  GmbH, Manuel Marktl\" data-caption=\"S\u00e1\u0148ky si m\u016f\u017eete p\u016fj\u010dit na m\u00edst\u011b \u00a9 Gasteinertal Tourismus  GmbH, Manuel Marktl\" width=\"1170\" height=\"658\" src=\"https:\/\/www.salzburgerland.com\/cs\/wp-content\/uploads\/2024\/11\/rodel_ee6b73e8eabc588352d400cc2c4c9703-1170x658.jpg\" class=\"attachment-1170_658 size-1170_658\" alt=\"S\u00e1\u0148ky spojen\u00e9 popruhem. Na dr\u00e1ze Aeroplan si m\u016f\u017eete s\u00e1n\u011b p\u016fj\u010dit (Zv\u011bt\u0161en\u00fd pohled)\" srcset=\"https:\/\/www.salzburgerland.com\/cs\/wp-content\/uploads\/2024\/11\/rodel_ee6b73e8eabc588352d400cc2c4c9703-1170x658.jpg 1170w, https:\/\/www.salzburgerland.com\/cs\/wp-content\/uploads\/2024\/11\/rodel_ee6b73e8eabc588352d400cc2c4c9703-1200x675.jpg 1200w\" sizes=\"(max-width: 1170px) 100vw, 1170px\" aria-describedby=\"figcaption-161083-161166\" itemprop=\"thumbnail\"><\/a><\/div>\n\t\t\t\t\t\t<span id=\"figcaption-161083-161166\" class=\"gallery-caption\" itemprop=\"caption\"><span aria-hidden=\"true\">S\u00e1\u0148ky si m\u016f\u017eete p\u016fj\u010dit na m\u00edst\u011b \u00a9 Gasteinertal Tourismus  GmbH, Manuel Marktl<\/span><\/span>\n\t\t\t\t\t<\/li>\n\t\t\t\t<\/ul>\n\t\t\t<\/div><!-- .gallery -->\n\n<p>Dal\u0161\u00ed <a href=\"https:\/\/www.salzburgerland.com\/cs\/gastein-zimni-rodinna-dovolena\/\">atrakc\u00ed<\/a> je dr\u00e1ha <strong>Rodelbahn <a href=\"https:\/\/www.gastein.com\/en\/service\/gastein-from-a-z\/detail\/infrastruktur\/bellevue-alm-toboggan-run-bad-gastein\/\" target=\"_blank\" rel=\"noopener\">Bellevue Alm<\/a><\/strong> v\u00a0Bad Gasteinu. Jde o 2 500 metr\u016f dlouhou trasu s hezk\u00fdmi lesn\u00edmi \u00faseky a mo\u017enost\u00ed no\u010dn\u00edho s\u00e1\u0148kov\u00e1n\u00ed. Po v\u00fdjezdu seda\u010dkovou lanovkou si odpo\u010dinete u ohn\u011b v\u00a0\u00fatuln\u00e9 ly\u017ea\u0159sk\u00e9 chat\u011b Bellevue Alm a pot\u00e9 sjedete dol\u016f na san\u00edch, kter\u00e9 si lze p\u016fj\u010dit p\u0159\u00edmo na m\u00edst\u011b. V zimn\u00ed sez\u00f3n\u011b je provozn\u00ed doba p\u0159i dostatku sn\u011bhu denn\u011b od 10.30 do 16.00 a od 17.30 do 23.30 hodin.<\/p>\n<p>Ob\u011b s\u00e1\u0148ka\u0159sk\u00e9 dr\u00e1hy nab\u00edzej\u00ed nezapomenuteln\u00e9 z\u00e1\u017eitky pln\u00e9 rychlosti, z\u00e1bavy a p\u0159ekr\u00e1sn\u00fdch v\u00fdhled\u016f. A nemus\u00ed to b\u00fdt jen na sjezdovk\u00e1ch.<\/p>\n<h3>Zimn\u00ed turistika v Gasteinu<\/h3>\n<p>V\u00a0Gasteinu si p\u0159ijdou na sv\u00e9 i milovn\u00edci <a href=\"https:\/\/www.skigastein.com\/en\/activities\/winter-hiking\/\" target=\"_blank\" rel=\"noopener\">turistiky<\/a>. Vinou se zde malebn\u00e9 <strong>zimn\u00ed <a href=\"https:\/\/www.gastein.com\/cz\/zkusenosti\/sport-a-priroda\/zimni-turistika\/\" target=\"_blank\" rel=\"noopener\">turistick\u00e9<\/a> trasy<\/strong> jako je nap\u0159\u00edklad <strong>Genussrunde<\/strong>, za\u010d\u00ednaj\u00edc\u00ed u horn\u00ed stanici lanovky <strong>Schlossalmbahn<\/strong>. Snadn\u00e1, zhruba p\u016flhodinov\u00e1 okru\u017en\u00ed trasa je pln\u00e1 kr\u00e1sn\u00fdch v\u00fdhled\u016f, v\u010detn\u011b foto pointu u vrcholu Hirschkarspitze.<\/p>\n<p>Dal\u0161\u00ed panoramatick\u00e1 stezka <strong>Schlossalmblick<\/strong>, otev\u00edr\u00e1 p\u016fsobiv\u00e9 panorama alpsk\u00e9 krajiny a vede od horn\u00ed stanice lanovky Schlossalmbahn 2,2 km a\u017e k vyhl\u00eddkov\u00e9 plo\u0161in\u011b Schlossalmblick a Hofgasteiner Haus.<\/p>\n<div id=\"attachment_161171\" style=\"width: 1180px\" class=\"wp-caption alignnone\"><img decoding=\"async\" aria-describedby=\"caption-attachment-161171\" class=\"size-1170_658 wp-image-161171\" src=\"https:\/\/www.salzburgerland.com\/cs\/wp-content\/uploads\/2024\/11\/csm_schlossalm-berstation-bergrestaurant-winter-dji-0372_ff45e98c37-1170x640.jpg\" alt=\"Horn\u00ed stanice Schlossalm s restaurac\u00ed \" width=\"1170\" height=\"640\"><p id=\"caption-attachment-161171\" class=\"wp-caption-text\">Horn\u00ed stanice Schlossalm s restaurac\u00ed \u00a9 Gasteinertal Tourismus GmbH<\/p><\/div>\n<p>Z vrcholu <strong>Fulsecku<\/strong>, kam se dostanete lanovkou Gipfelbahn Fulseck, si u\u017eijete 360stup\u0148ov\u00e9 panoramatick\u00e9 v\u00fdhledy po cel\u00e9 800metrov\u00e9 trase v\u00fdletu. Pro nad\u0161ence do <a href=\"https:\/\/www.gastein.com\/cz\/zkusenosti\/sport-a-priroda\/vylet-na-sneznicich\/\" target=\"_blank\" rel=\"noopener\">sn\u011b\u017enic<\/a> nab\u00edz\u00ed Dorfgastein klidn\u00e9 v\u00fd\u0161lapy za\u010d\u00ednaj\u00edc\u00ed u horn\u00ed stanice lanovky Gipfelbahn Fulseck. Vedou zhruba 1 km k nov\u00e9 horn\u00ed stanici <strong>Kieserl<\/strong>, kde na v\u00e1s \u010dek\u00e1 p\u0159\u00edjemn\u00e9 m\u00edsto pro odpo\u010dinek, Gipfelstadl.<\/p>\n<p>Kochejte se \u00fachvatnou horskou scen\u00e9ri\u00ed a vychutn\u00e1vejte si dechberouc\u00ed v\u00fdhledy do \u00fadol\u00ed sm\u011brem na Hochk\u00f6nig a Dorfgastein k Bernkogelu! Rozmanit\u00e1 nab\u00eddka zimn\u00ed turistiky d\u011bl\u00e1 z Gasteinu ide\u00e1ln\u00ed destinaci pro zimn\u00ed odpo\u010dinek na \u010derstv\u00e9m vzduchu. Rozhodn\u011b byste se v zim\u011b m\u011bli proj\u00edt i po visut\u00e9m most\u011b na <strong>Stubnerkogelu<\/strong> a obdivovat zasn\u011b\u017een\u00e9 vrcholy v\u0161ude kolem v\u00e1s.<\/p>\n\n\t\t\t<div id=\"161083-3\" class=\"gallery gallery-161083 gallery-columns-3 gallery-size-1170_658\" itemscope itemtype=\"http:\/\/schema.org\/ImageGallery\">\n\t\t\t\t<ul class=\"gallery-row gallery-col-3 gallery-clear\">\n\t\t\t\t\t<li class=\"gallery-item col-3\" itemprop=\"associatedMedia\" itemscope itemtype=\"http:\/\/schema.org\/ImageObject\">\n\t\t\t\t\t\t<div class=\"gallery-icon landscape\"><a href=\"https:\/\/www.salzburgerland.com\/cs\/wp-content\/uploads\/2024\/11\/csm_winterwanderweg-dorfgastein-3_d66d05ff79-1599x1067.jpg\" title=\"csm_winterwanderweg-dorfgastein-3_d66d05ff79\"><img decoding=\"async\" data-title=\"Lanovka Gipfelbahn Fulseck v\u00e1s vyveze do nadmo\u0159sk\u00e9 v\u00fd\u0161ky 2 033 metr\u016f \u00a9 Dorfgasteiner Bergbahnen\" title=\"Lanovka Gipfelbahn Fulseck v\u00e1s vyveze do nadmo\u0159sk\u00e9 v\u00fd\u0161ky 2 033 metr\u016f \u00a9 Dorfgasteiner Bergbahnen\" data-caption=\"Lanovka Gipfelbahn Fulseck v\u00e1s vyveze do nadmo\u0159sk\u00e9 v\u00fd\u0161ky 2 033 metr\u016f \u00a9 Dorfgasteiner Bergbahnen\" width=\"1170\" height=\"658\" src=\"https:\/\/www.salzburgerland.com\/cs\/wp-content\/uploads\/2024\/11\/csm_winterwanderweg-dorfgastein-3_d66d05ff79-1170x658.jpg\" class=\"attachment-1170_658 size-1170_658\" alt=\"Lanovka Gipfelbahn Fulseck v\u00e1s vyveze do nadmo\u0159sk\u00e9 v\u00fd\u0161ky 2 033 metr\u016f (Zv\u011bt\u0161en\u00fd pohled)\" srcset=\"https:\/\/www.salzburgerland.com\/cs\/wp-content\/uploads\/2024\/11\/csm_winterwanderweg-dorfgastein-3_d66d05ff79-1170x658.jpg 1170w, https:\/\/www.salzburgerland.com\/cs\/wp-content\/uploads\/2024\/11\/csm_winterwanderweg-dorfgastein-3_d66d05ff79-1200x675.jpg 1200w\" sizes=\"(max-width: 1170px) 100vw, 1170px\" aria-describedby=\"figcaption-161083-161173\" itemprop=\"thumbnail\"><\/a><\/div>\n\t\t\t\t\t\t<span id=\"figcaption-161083-161173\" class=\"gallery-caption\" itemprop=\"caption\"><span aria-hidden=\"true\">Lanovka Gipfelbahn Fulseck v\u00e1s vyveze do nadmo\u0159sk\u00e9 v\u00fd\u0161ky 2 033 metr\u016f \u00a9 Dorfgasteiner Bergbahnen<\/span><\/span>\n\t\t\t\t\t<\/li>\n\t\t\t\t\t<li class=\"gallery-item col-3\" itemprop=\"associatedMedia\" itemscope itemtype=\"http:\/\/schema.org\/ImageObject\">\n\t\t\t\t\t\t<div class=\"gallery-icon landscape\"><a href=\"https:\/\/www.salzburgerland.com\/cs\/wp-content\/uploads\/2024\/11\/csm_winterwanderweg-dorfgastein-2_cbb7e129ec-1599x1067.jpg\" title=\"csm_winterwanderweg-dorfgastein-2_cbb7e129ec\"><img decoding=\"async\" data-title=\"Zimn\u00ed turistika nad Dorfgasteinem \u00a9 Dorfgasteiner Bergbahnen\" title=\"Zimn\u00ed turistika nad Dorfgasteinem \u00a9 Dorfgasteiner Bergbahnen\" data-caption=\"Zimn\u00ed turistika nad Dorfgasteinem \u00a9 Dorfgasteiner Bergbahnen\" width=\"1170\" height=\"658\" src=\"https:\/\/www.salzburgerland.com\/cs\/wp-content\/uploads\/2024\/11\/csm_winterwanderweg-dorfgastein-2_cbb7e129ec-1170x658.jpg\" class=\"attachment-1170_658 size-1170_658\" alt=\"Zimn\u00ed turistika nad Dorfgasteinem (Zv\u011bt\u0161en\u00fd pohled)\" srcset=\"https:\/\/www.salzburgerland.com\/cs\/wp-content\/uploads\/2024\/11\/csm_winterwanderweg-dorfgastein-2_cbb7e129ec-1170x658.jpg 1170w, https:\/\/www.salzburgerland.com\/cs\/wp-content\/uploads\/2024\/11\/csm_winterwanderweg-dorfgastein-2_cbb7e129ec-1200x675.jpg 1200w\" sizes=\"(max-width: 1170px) 100vw, 1170px\" aria-describedby=\"figcaption-161083-161172\" itemprop=\"thumbnail\"><\/a><\/div>\n\t\t\t\t\t\t<span id=\"figcaption-161083-161172\" class=\"gallery-caption\" itemprop=\"caption\"><span aria-hidden=\"true\">Zimn\u00ed turistika nad Dorfgasteinem \u00a9 Dorfgasteiner Bergbahnen<\/span><\/span>\n\t\t\t\t\t<\/li>\n\t\t\t\t\t<li class=\"gallery-item col-3\" itemprop=\"associatedMedia\" itemscope itemtype=\"http:\/\/schema.org\/ImageObject\">\n\t\t\t\t\t\t<div class=\"gallery-icon landscape\"><a href=\"https:\/\/www.salzburgerland.com\/cs\/wp-content\/uploads\/2021\/08\/haengebruecke-gastein-stubnerkogel-c-gasteinertal-tourismus-gmbh-michael-koenigshofer-web-2-1200x675-1.jpg\" title=\"haengebruecke-gastein-stubnerkogel-c-gasteinertal-tourismus-gmbh-michael-koenigshofer-web-2-1200x675\"><img decoding=\"async\" data-title=\"Visut\u00fd most na Stubnerkogelu \u00a9 Gasteinertal Tourismus GmbH, Michael Koenigshofer Web\n\n\" title=\"Visut\u00fd most na Stubnerkogelu \u00a9 Gasteinertal Tourismus GmbH, Michael Koenigshofer Web\n\n\" data-caption=\"Visut\u00fd most na Stubnerkogelu \u00a9 Gasteinertal Tourismus GmbH, Michael Koenigshofer Web\n\n\" width=\"1170\" height=\"658\" src=\"https:\/\/www.salzburgerland.com\/cs\/wp-content\/uploads\/2021\/08\/haengebruecke-gastein-stubnerkogel-c-gasteinertal-tourismus-gmbh-michael-koenigshofer-web-2-1200x675-1-1170x658.jpg\" class=\"attachment-1170_658 size-1170_658\" alt=\"Visut\u00fd most na Stubnerkogelu (Zv\u011bt\u0161en\u00fd pohled)\" srcset=\"https:\/\/www.salzburgerland.com\/cs\/wp-content\/uploads\/2021\/08\/haengebruecke-gastein-stubnerkogel-c-gasteinertal-tourismus-gmbh-michael-koenigshofer-web-2-1200x675-1-1170x658.jpg 1170w, https:\/\/www.salzburgerland.com\/cs\/wp-content\/uploads\/2021\/08\/haengebruecke-gastein-stubnerkogel-c-gasteinertal-tourismus-gmbh-michael-koenigshofer-web-2-1200x675-1-768x432.jpg 768w, https:\/\/www.salzburgerland.com\/cs\/wp-content\/uploads\/2021\/08\/haengebruecke-gastein-stubnerkogel-c-gasteinertal-tourismus-gmbh-michael-koenigshofer-web-2-1200x675-1.jpg 1200w\" sizes=\"(max-width: 1170px) 100vw, 1170px\" aria-describedby=\"figcaption-161083-153233\" itemprop=\"thumbnail\"><\/a><\/div>\n\t\t\t\t\t\t<span id=\"figcaption-161083-153233\" class=\"gallery-caption\" itemprop=\"caption\"><span aria-hidden=\"true\">Visut\u00fd most na Stubnerkogelu \u00a9 Gasteinertal Tourismus GmbH, Michael Koenigshofer Web\n\n<\/span><\/span>\n\t\t\t\t\t<\/li>\n\t\t\t\t<\/ul>\n\t\t\t<\/div><!-- .gallery -->\n\n<h3>Na b\u011b\u017ek\u00e1ch b\u00edl\u00fdmi stopami<\/h3>\n<p>Stopy vedou n\u00e1dhernou alpskou krajinou a nab\u00edzej\u00ed nezapomenuteln\u00e9 z\u00e1\u017eitky na <strong><a href=\"https:\/\/www.gastein.com\/cz\/zkusenosti\/sport-a-priroda\/beh-na-lyzich\/\" target=\"_blank\" rel=\"noopener\">b\u011b\u017ek\u00e1ch<\/a><\/strong>. V\u00a0Gasteinu najdete <strong>14 r\u016fzn\u00fdch trat\u00ed<\/strong> v r\u016fzn\u00fdch nadmo\u0159sk\u00fdch v\u00fd\u0161k\u00e1ch, kter\u00e9 jsou dokonale upraven\u00e9 a obklopen\u00e9 zasn\u011b\u017eenou zimn\u00ed krajinou. Oblast je ide\u00e1ln\u00ed jak pro klasiku, tak pro bruslen\u00ed, a zahrnuje celkem asi 40 kilometr\u016f tras, v\u010detn\u011b vysokohorsk\u00fdch tras ve <strong>Sportgasteinu<\/strong> ve v\u00fd\u0161ce 1 600 metr\u016f nad mo\u0159em.<\/p>\n<p>Pro milovn\u00edky ps\u016f jsou zde speci\u00e1ln\u00ed <a href=\"https:\/\/www.gastein.com\/cz\/zkusenosti\/sport-a-priroda\/beh-na-lyzich\/\" target=\"_blank\" rel=\"noopener\">trasy<\/a>, kde m\u016f\u017eete jezdit na b\u011b\u017ek\u00e1ch ve spole\u010dnosti sv\u00e9ho \u010dty\u0159noh\u00e9ho kamar\u00e1da. Ve Sportgasteinu najdete nap\u0159\u00edklad obt\u00ed\u017enou tra\u0165 Bernhard Gruber Olympia Loipe, st\u0159edn\u00ed Nassfelder Runde a snadnou Schareckrunde.<\/p>\n\n\t\t\t<div id=\"161083-4\" class=\"gallery gallery-161083 gallery-columns-3 gallery-size-1170_658\" itemscope itemtype=\"http:\/\/schema.org\/ImageGallery\">\n\t\t\t\t<ul class=\"gallery-row gallery-col-3 gallery-clear\">\n\t\t\t\t\t<li class=\"gallery-item col-3\" itemprop=\"associatedMedia\" itemscope itemtype=\"http:\/\/schema.org\/ImageObject\">\n\t\t\t\t\t\t<div class=\"gallery-icon landscape\"><a href=\"https:\/\/www.salzburgerland.com\/cs\/wp-content\/uploads\/2024\/11\/euwsrf0wlx0keikdgcrvxazdnadxftewjykamc29_780755420-1897x1067.jpeg\" title=\"euwsrf0wlx0keikdgcrvxazdnadxftewjykamc29_780755420\"><img decoding=\"async\" data-title=\"V Gasteinu najdete 40 km upravovan\u00fdch trat\u00ed pro klasiku i bruslen\u00ed \u00a9 Gasteinertal Tourismus GmbH\" title=\"V Gasteinu najdete 40 km upravovan\u00fdch trat\u00ed pro klasiku i bruslen\u00ed \u00a9 Gasteinertal Tourismus GmbH\" data-caption=\"V Gasteinu najdete 40 km upravovan\u00fdch trat\u00ed pro klasiku i bruslen\u00ed \u00a9 Gasteinertal Tourismus GmbH\" width=\"1170\" height=\"658\" src=\"https:\/\/www.salzburgerland.com\/cs\/wp-content\/uploads\/2024\/11\/euwsrf0wlx0keikdgcrvxazdnadxftewjykamc29_780755420-1170x658.jpeg\" class=\"attachment-1170_658 size-1170_658\" alt=\"V Gasteinu najdete 40 km upravovan\u00fdch trat\u00ed pro klasiku i bruslen\u00ed (Zv\u011bt\u0161en\u00fd pohled)\" srcset=\"https:\/\/www.salzburgerland.com\/cs\/wp-content\/uploads\/2024\/11\/euwsrf0wlx0keikdgcrvxazdnadxftewjykamc29_780755420-1170x658.jpeg 1170w, https:\/\/www.salzburgerland.com\/cs\/wp-content\/uploads\/2024\/11\/euwsrf0wlx0keikdgcrvxazdnadxftewjykamc29_780755420-1897x1067.jpeg 1897w, https:\/\/www.salzburgerland.com\/cs\/wp-content\/uploads\/2024\/11\/euwsrf0wlx0keikdgcrvxazdnadxftewjykamc29_780755420-768x432.jpeg 768w, https:\/\/www.salzburgerland.com\/cs\/wp-content\/uploads\/2024\/11\/euwsrf0wlx0keikdgcrvxazdnadxftewjykamc29_780755420-1536x864.jpeg 1536w, https:\/\/www.salzburgerland.com\/cs\/wp-content\/uploads\/2024\/11\/euwsrf0wlx0keikdgcrvxazdnadxftewjykamc29_780755420-1200x675.jpeg 1200w, https:\/\/www.salzburgerland.com\/cs\/wp-content\/uploads\/2024\/11\/euwsrf0wlx0keikdgcrvxazdnadxftewjykamc29_780755420.jpeg 1920w\" sizes=\"(max-width: 1170px) 100vw, 1170px\" aria-describedby=\"figcaption-161083-161176\" itemprop=\"thumbnail\"><\/a><\/div>\n\t\t\t\t\t\t<span id=\"figcaption-161083-161176\" class=\"gallery-caption\" itemprop=\"caption\"><span aria-hidden=\"true\">V Gasteinu najdete 40 km upravovan\u00fdch trat\u00ed pro klasiku i bruslen\u00ed \u00a9 Gasteinertal Tourismus GmbH<\/span><\/span>\n\t\t\t\t\t<\/li>\n\t\t\t\t\t<li class=\"gallery-item col-3\" itemprop=\"associatedMedia\" itemscope itemtype=\"http:\/\/schema.org\/ImageObject\">\n\t\t\t\t\t\t<div class=\"gallery-icon landscape\"><a href=\"https:\/\/www.salzburgerland.com\/cs\/wp-content\/uploads\/2024\/11\/langlaufen_abfahren_kind_sportgastein_c_gasteinertal_tourismus_gmbh_www-oberschneider-com_-1600x1067.jpg\" title=\"langlaufen_abfahren_kind_sportgastein_c_gasteinertal_tourismus_gmbh_www.oberschneider.com\"><img decoding=\"async\" data-title=\"D\u00edky r\u016fzn\u00fdm b\u011b\u017eeck\u00fdm trat\u00edm si m\u016f\u017eete ve Sportgasteinu vybrat z \u0161irok\u00e9 \u0161k\u00e1ly tras \u00a9 Gasteinertal Tourismus GmbH, Christoph Oberschneider\" title=\"D\u00edky r\u016fzn\u00fdm b\u011b\u017eeck\u00fdm trat\u00edm si m\u016f\u017eete ve Sportgasteinu vybrat z \u0161irok\u00e9 \u0161k\u00e1ly tras \u00a9 Gasteinertal Tourismus GmbH, Christoph Oberschneider\" data-caption=\"D\u00edky r\u016fzn\u00fdm b\u011b\u017eeck\u00fdm trat\u00edm si m\u016f\u017eete ve Sportgasteinu vybrat z \u0161irok\u00e9 \u0161k\u00e1ly tras \u00a9 Gasteinertal Tourismus GmbH, Christoph Oberschneider\" width=\"1170\" height=\"658\" src=\"https:\/\/www.salzburgerland.com\/cs\/wp-content\/uploads\/2024\/11\/langlaufen_abfahren_kind_sportgastein_c_gasteinertal_tourismus_gmbh_www-oberschneider-com_-1170x658.jpg\" class=\"attachment-1170_658 size-1170_658\" alt=\"Chlapec na b\u011b\u017ek\u00e1ch v oblasti Sportgastein (Zv\u011bt\u0161en\u00fd pohled)\" srcset=\"https:\/\/www.salzburgerland.com\/cs\/wp-content\/uploads\/2024\/11\/langlaufen_abfahren_kind_sportgastein_c_gasteinertal_tourismus_gmbh_www-oberschneider-com_-1170x658.jpg 1170w, https:\/\/www.salzburgerland.com\/cs\/wp-content\/uploads\/2024\/11\/langlaufen_abfahren_kind_sportgastein_c_gasteinertal_tourismus_gmbh_www-oberschneider-com_-1200x675.jpg 1200w\" sizes=\"(max-width: 1170px) 100vw, 1170px\" aria-describedby=\"figcaption-161083-161175\" itemprop=\"thumbnail\"><\/a><\/div>\n\t\t\t\t\t\t<span id=\"figcaption-161083-161175\" class=\"gallery-caption\" itemprop=\"caption\"><span aria-hidden=\"true\">D\u00edky r\u016fzn\u00fdm b\u011b\u017eeck\u00fdm trat\u00edm si m\u016f\u017eete ve Sportgasteinu vybrat z \u0161irok\u00e9 \u0161k\u00e1ly tras \u00a9 Gasteinertal Tourismus GmbH, Christoph Oberschneider<\/span><\/span>\n\t\t\t\t\t<\/li>\n\t\t\t\t\t<li class=\"gallery-item col-3\" itemprop=\"associatedMedia\" itemscope itemtype=\"http:\/\/schema.org\/ImageObject\">\n\t\t\t\t\t\t<div class=\"gallery-icon landscape\"><a href=\"https:\/\/www.salzburgerland.com\/cs\/wp-content\/uploads\/2024\/11\/langlaufen_sportgastein_wi_2019_c_gasteinertal_tourismus_gmbh_www-oberschneider_24-1601x1067.jpg\" title=\"langlaufen_sportgastein_wi_2019_c_gasteinertal_tourismus_gmbh_www.oberschneider_24\"><img decoding=\"async\" data-title=\"Vysokohorsk\u00e9 b\u011b\u017eeck\u00e9 trasy ve Sportgasteinu se rozprost\u00edraj\u00ed v 1600 metrech nad mo\u0159em \u00a9 Gasteinertal Tourismus GmbH, Christoph Oberschneider\" title=\"Vysokohorsk\u00e9 b\u011b\u017eeck\u00e9 trasy ve Sportgasteinu se rozprost\u00edraj\u00ed v 1600 metrech nad mo\u0159em \u00a9 Gasteinertal Tourismus GmbH, Christoph Oberschneider\" data-caption=\"Vysokohorsk\u00e9 b\u011b\u017eeck\u00e9 trasy ve Sportgasteinu se rozprost\u00edraj\u00ed v 1600 metrech nad mo\u0159em \u00a9 Gasteinertal Tourismus GmbH, Christoph Oberschneider\" width=\"1170\" height=\"658\" src=\"https:\/\/www.salzburgerland.com\/cs\/wp-content\/uploads\/2024\/11\/langlaufen_sportgastein_wi_2019_c_gasteinertal_tourismus_gmbh_www-oberschneider_24-1170x658.jpg\" class=\"attachment-1170_658 size-1170_658\" alt=\"Vysokohorsk\u00e9 b\u011b\u017eeck\u00e9 trasy ve Sportgasteinu se rozprost\u00edraj\u00ed v 1600 metrech nad mo\u0159em (Zv\u011bt\u0161en\u00fd pohled)\" srcset=\"https:\/\/www.salzburgerland.com\/cs\/wp-content\/uploads\/2024\/11\/langlaufen_sportgastein_wi_2019_c_gasteinertal_tourismus_gmbh_www-oberschneider_24-1170x658.jpg 1170w, https:\/\/www.salzburgerland.com\/cs\/wp-content\/uploads\/2024\/11\/langlaufen_sportgastein_wi_2019_c_gasteinertal_tourismus_gmbh_www-oberschneider_24-1200x675.jpg 1200w\" sizes=\"(max-width: 1170px) 100vw, 1170px\" aria-describedby=\"figcaption-161083-161174\" itemprop=\"thumbnail\"><\/a><\/div>\n\t\t\t\t\t\t<span id=\"figcaption-161083-161174\" class=\"gallery-caption\" itemprop=\"caption\"><span aria-hidden=\"true\">Vysokohorsk\u00e9 b\u011b\u017eeck\u00e9 trasy ve Sportgasteinu se rozprost\u00edraj\u00ed v 1600 metrech nad mo\u0159em \u00a9 Gasteinertal Tourismus GmbH, Christoph Oberschneider<\/span><\/span>\n\t\t\t\t\t<\/li>\n\t\t\t\t<\/ul>\n\t\t\t<\/div><!-- .gallery -->\n\n<p>Sou\u010d\u00e1st\u00ed nab\u00eddky zimn\u00edho programu je tak\u00e9 no\u010dn\u00ed ly\u017eov\u00e1n\u00ed na b\u011b\u017ek\u00e1ch nebo laser biatlon. V\u00a0Gasteinu se m\u016f\u017eete nav\u00edc spolehnout na skv\u011bl\u00e9 hotely pro regeneraci a relaxaci v <strong>term\u00e1ln\u00edch l\u00e1zn\u00edch<\/strong>. Kr\u00e1sa Gasteinu spo\u010d\u00edv\u00e1 nejen v jeho sportovn\u00edch mo\u017enostech, ale tak\u00e9 v n\u00e1dhern\u00fdch v\u00fdhledech a klidn\u00e9 atmosf\u00e9\u0159e, kter\u00e9 dohromady tvo\u0159\u00ed ide\u00e1ln\u00ed podm\u00ednky pro zimn\u00ed dovolenou na b\u011b\u017ek\u00e1ch.<\/p>\n<h3>Vyj\u00ed\u017e\u010fka na san\u00edch ta\u017een\u00fdch ko\u0148mi<\/h3>\n<p>J\u00edzda v ko\u010d\u00e1\u0159e v Gasteinu je nezapomenuteln\u00fdm z\u00e1\u017eitkem, kdy m\u016f\u017eete obdivovat n\u00e1dhern\u00e9 panorama zasn\u011b\u017een\u00e9 krajiny. V zim\u011b v\u00e1s <a href=\"https:\/\/www.gastein.com\/cz\/zkusenosti\/zabava-a-rodina\/jizda-na-koni\/?mdrv=www.gastein.com&amp;cHash=c87cd8a95bad7a86866feb691556f6ac\" target=\"_blank\" rel=\"noopener\"><strong>san\u011b ta\u017een\u00e9 ko\u0148mi<\/strong><\/a> vezmou svi\u017en\u00fdm tempem p\u0159es b\u00edl\u00e9 kopce a pole, zat\u00edmco zvonky na postroj\u00edch ti\u0161e zvon\u00ed do rytmu jejich pohyb\u016f. A\u0165 u\u017e romanticky v p\u00e1ru, s rodinou nebo p\u0159\u00e1teli, proj\u00ed\u017e\u010fka ko\u010d\u00e1rem v Gasteinu nab\u00edz\u00ed jedine\u010dn\u00fd pohled na kr\u00e1su tohoto regionu. Trasy vedou p\u0159es malebn\u00e9 vesnice, louky a pod\u00e9l \u0159ek, p\u0159i\u010dem\u017e v Bad Gasteinu, Bad Hofgasteinu a Dorfgasteinu najdete mnoho cest ide\u00e1ln\u00edch pro tyto vyj\u00ed\u017e\u010fky.<\/p>\n<div id=\"attachment_145831\" style=\"width: 1180px\" class=\"wp-caption alignnone\"><img decoding=\"async\" aria-describedby=\"caption-attachment-145831\" class=\"size-1170_658 wp-image-145831\" src=\"https:\/\/www.salzburgerland.com\/cs\/wp-content\/uploads\/2019\/09\/pferdekutschenfahrt-in-gastein-c-gasteinertal-tourismus-gmbh-creatina-16-1170x658.jpg\" alt=\"Zpest\u0159en\u00ed dovolen\u00e9, to je i vyj\u00ed\u017e\u010fka na san\u00edch ta\u017een\u00fdch ko\u0148mi\" width=\"1170\" height=\"658\" srcset=\"https:\/\/www.salzburgerland.com\/cs\/wp-content\/uploads\/2019\/09\/pferdekutschenfahrt-in-gastein-c-gasteinertal-tourismus-gmbh-creatina-16-1170x658.jpg 1170w, https:\/\/www.salzburgerland.com\/cs\/wp-content\/uploads\/2019\/09\/pferdekutschenfahrt-in-gastein-c-gasteinertal-tourismus-gmbh-creatina-16-1200x675.jpg 1200w\" sizes=\"(max-width: 1170px) 100vw, 1170px\"><p id=\"caption-attachment-145831\" class=\"wp-caption-text\">Pokud nechcete jezdit jen na sjezdovk\u00e1ch, m\u016f\u017eete se sv\u00e9zt i na san\u00edch \u00a9 Gasteinertal Tourismus GmbH<\/p><\/div>\n<h3>Odpo\u010dinek v\u00a0gasteinsk\u00fdch term\u00e1lech<\/h3>\n<p>K\u00a0dokonal\u00e9 dovolen\u00e9 v\u00a0Gasteinu pat\u0159\u00ed tak\u00e9 <a href=\"https:\/\/www.skigastein.com\/en\/culinary-delights-spas\/thermal-spas-wellness-oases\/\" target=\"_blank\" rel=\"noopener\">wellness<\/a> a odpo\u010dinek v\u00a0<strong>term\u00e1ln\u00edch <\/strong><a href=\"https:\/\/www.gastein.com\/cz\/vitalita\/lazne\/\" target=\"_blank\" rel=\"noopener\"><strong>l\u00e1zn\u00edch<\/strong>,<\/a> kde se blahod\u00e1rn\u00e1 term\u00e1ln\u00ed voda snoub\u00ed s \u00fachvatnou horskou krajinou. Po aktivn\u00edch dnech v hor\u00e1ch nab\u00edzej\u00ed term\u00e1ly ide\u00e1ln\u00ed p\u0159\u00edle\u017eitost k regeneraci a relaxaci v\u00a0tepl\u00e9 vod\u011b, v saun\u00e1ch, parn\u00edch l\u00e1zn\u00edch, na kosmetick\u00fdch procedur\u00e1ch a mas\u00e1\u017e\u00edch.<\/p>\n<p>R\u016fzn\u00e9 term\u00e1ln\u00ed sv\u011bty v Gasteinu zahrnuj\u00ed klidn\u00e9 prostory s baz\u00e9ny a mas\u00e1\u017en\u00edmi tryskami, rodinn\u00e9 z\u00f3ny se skluzavkami i vodn\u00edmi hern\u00edmi prvky, sauny i parn\u00ed l\u00e1zn\u011b pro hosty star\u0161\u00ed 16 let a exkluzivn\u00ed wellness nab\u00eddky. Restaurace v term\u00e1ln\u00edch l\u00e1zn\u00edch se zam\u011b\u0159uj\u00ed na pokrmy z region\u00e1ln\u00edch produkt\u016f. Tento jedine\u010dn\u00fd z\u00e1\u017eitek z dovolen\u00e9 ve Vysok\u00fdch Taur\u00e1ch v Salcbursku nab\u00edz\u00ed dokonalou rovnov\u00e1hu mezi aktivitou a relaxac\u00ed. Na v\u00fdb\u011br je ze dvou term\u00e1ln\u00edch l\u00e1zn\u00ed,\u00a0<strong><a href=\"https:\/\/www.felsentherme.com\/en\/\" target=\"_blank\" rel=\"noopener\">Felsentherme<\/a> <\/strong>Bad Gastein a\u00a0<strong><a href=\"https:\/\/www.alpentherme.com\/en\" target=\"_blank\" rel=\"noopener\">Alpentherme<\/a> <\/strong>Bad Hofgastein, kde vznikla <strong>nov\u00e1 atrakce<\/strong>, tunel s podmo\u0159sk\u00fdm sv\u011btem, kter\u00fd m\u016f\u017eete proplavat.<\/p>\n<div id=\"attachment_161106\" style=\"width: 1180px\" class=\"wp-caption alignnone\"><img decoding=\"async\" aria-describedby=\"caption-attachment-161106\" class=\"size-1170_658 wp-image-161106\" src=\"https:\/\/www.salzburgerland.com\/cs\/wp-content\/uploads\/2024\/11\/alpentherme-aquarium-c-alpentherme-marktl-photography-1170x658.jpg\" alt='Nov\u00e9 \"podmo\u0159sk\u00e9\" akv\u00e1rium v Alpentherme Gastein, kde m\u016f\u017eete plavat ve vodn\u00edm tunelu a obdivovat nejr\u016fzn\u011bj\u0161\u00ed ryby a vodn\u00ed \u017eivo\u010dichy' width=\"1170\" height=\"658\" srcset=\"https:\/\/www.salzburgerland.com\/cs\/wp-content\/uploads\/2024\/11\/alpentherme-aquarium-c-alpentherme-marktl-photography-1170x658.jpg 1170w, https:\/\/www.salzburgerland.com\/cs\/wp-content\/uploads\/2024\/11\/alpentherme-aquarium-c-alpentherme-marktl-photography-1200x675.jpg 1200w\" sizes=\"(max-width: 1170px) 100vw, 1170px\"><p id=\"caption-attachment-161106\" class=\"wp-caption-text\">Nov\u00e9 \u201epodmo\u0159sk\u00e9\u201c akv\u00e1rium v Alpentherme Gastein \u00a9 Alpentherme Marktl Photography<\/p><\/div>\n<h3>Advent v Gasteinu a mraziv\u00e9 um\u011bn\u00ed<\/h3>\n<p><a href=\"https:\/\/www.salzburgerland.com\/cs\/gastein-zimni-akce\/\"><span id=\"urn:enhancement-80351553-a278-4be8-af01-c94257738d07\" class=\"textannotation disambiguated wl-thing\" itemid=\"http:\/\/open.salzburgerland.com\/cs\/entity\/advent\"><strong>Advent<\/strong><\/span><\/a> v Gasteinu je obdob\u00ed pln\u00e9 tradic i kulturn\u00edch akc\u00ed, kter\u00e9 p\u0159iv\u00edt\u00e1te v atmosf\u00e9\u0159e klidu a rozj\u00edm\u00e1n\u00ed. Pr\u016fvody v kost\u00fdmech Mikul\u00e1\u0161e a <strong>Krampus\u016f<\/strong> 5. a 6. prosince jsou starod\u00e1vn\u00fdm venkovsk\u00fdm zvykem, stejn\u011b jako <strong>Ankl\u00f6ckeln<\/strong>. Symbolizuje hled\u00e1n\u00ed p\u0159\u00edst\u0159e\u0161\u00ed Josefa a Marie p\u0159ed narozen\u00edm Je\u017e\u00ed\u0161e Krista. Mal\u00e9 skupiny lid\u00ed putuj\u00ed od domu k domu a zp\u00edvaj\u00ed lidov\u00e9 p\u00edsn\u011b. <a href=\"https:\/\/www.salzburgerland.com\/cs\/advent-a-vanocni-tradice-v-salcbursku\/\">Rauhn\u00e4chte<\/a>, noci kou\u0159e, jsou ve znamen\u00ed p\u00e1len\u00ed kadidla nebo bylin k o\u010di\u0161t\u011bn\u00ed a ochran\u011b dom\u016f \u010di st\u00e1j\u00ed s hospod\u00e1\u0159sk\u00fdmi zv\u00ed\u0159aty. Tento ob\u0159ad je siln\u011b spjat\u00fd s p\u0159\u00edrodou a jej\u00edmi silami.<\/p>\n\n\t\t\t<div id=\"161083-5\" class=\"gallery gallery-161083 gallery-columns-3 gallery-size-1170_658\" itemscope itemtype=\"http:\/\/schema.org\/ImageGallery\">\n\t\t\t\t<ul class=\"gallery-row gallery-col-3 gallery-clear\">\n\t\t\t\t\t<li class=\"gallery-item col-3\" itemprop=\"associatedMedia\" itemscope itemtype=\"http:\/\/schema.org\/ImageObject\">\n\t\t\t\t\t\t<div class=\"gallery-icon landscape\"><a href=\"https:\/\/www.salzburgerland.com\/cs\/wp-content\/uploads\/2019\/09\/krampus-in-gastein-c-gasteinertal-tourismus-gmbh-marktl-18-1200x675-1.jpg\" title=\"krampus-in-gastein-c-gasteinertal-tourismus-gmbh-marktl-18-1200x675\"><img decoding=\"async\" data-title=\"U v\u0161ech rohat\u00fdch v Gasteinu \u00a9 Gasteinertal Tourismu GmbH, Marktl Photography\" title=\"U v\u0161ech rohat\u00fdch v Gasteinu \u00a9 Gasteinertal Tourismu GmbH, Marktl Photography\" data-caption=\"U v\u0161ech rohat\u00fdch v Gasteinu \u00a9 Gasteinertal Tourismu GmbH, Marktl Photography\" width=\"1170\" height=\"658\" src=\"https:\/\/www.salzburgerland.com\/cs\/wp-content\/uploads\/2019\/09\/krampus-in-gastein-c-gasteinertal-tourismus-gmbh-marktl-18-1200x675-1-1170x658.jpg\" class=\"attachment-1170_658 size-1170_658\" alt=\"Mikul\u00e1\u0161 s rohat\u00fdmi Krampusy proch\u00e1z\u00ed zasn\u011b\u017eenou krajinou Gasteinu (Zv\u011bt\u0161en\u00fd pohled)\" srcset=\"https:\/\/www.salzburgerland.com\/cs\/wp-content\/uploads\/2019\/09\/krampus-in-gastein-c-gasteinertal-tourismus-gmbh-marktl-18-1200x675-1-1170x658.jpg 1170w, https:\/\/www.salzburgerland.com\/cs\/wp-content\/uploads\/2019\/09\/krampus-in-gastein-c-gasteinertal-tourismus-gmbh-marktl-18-1200x675-1-768x432.jpg 768w, https:\/\/www.salzburgerland.com\/cs\/wp-content\/uploads\/2019\/09\/krampus-in-gastein-c-gasteinertal-tourismus-gmbh-marktl-18-1200x675-1.jpg 1200w\" sizes=\"(max-width: 1170px) 100vw, 1170px\" aria-describedby=\"figcaption-161083-154140\" itemprop=\"thumbnail\"><\/a><\/div>\n\t\t\t\t\t\t<span id=\"figcaption-161083-154140\" class=\"gallery-caption\" itemprop=\"caption\"><span aria-hidden=\"true\">U v\u0161ech rohat\u00fdch v Gasteinu \u00a9 Gasteinertal Tourismu GmbH, Marktl Photography<\/span><\/span>\n\t\t\t\t\t<\/li>\n\t\t\t\t\t<li class=\"gallery-item col-3\" itemprop=\"associatedMedia\" itemscope itemtype=\"http:\/\/schema.org\/ImageObject\">\n\t\t\t\t\t\t<div class=\"gallery-icon landscape\"><a href=\"https:\/\/www.salzburgerland.com\/cs\/wp-content\/uploads\/2019\/09\/advent-in-gastein-c-gasteinertal-tourismus-gmbh-marktl-3-1170x658-1.jpg\" title=\"advent-in-gastein-c-gasteinertal-tourismus-gmbh-marktl-3-1170x658\"><img decoding=\"async\" data-title=\"P\u016fsobiv\u011b vyzdoben\u00e9 uli\u010dky adventn\u00edho Gasteinu \u00a9 Gasteinertal Tourismus GmbH, Marktl Photography\" title=\"P\u016fsobiv\u011b vyzdoben\u00e9 uli\u010dky adventn\u00edho Gasteinu \u00a9 Gasteinertal Tourismus GmbH, Marktl Photography\" data-caption=\"P\u016fsobiv\u011b vyzdoben\u00e9 uli\u010dky adventn\u00edho Gasteinu \u00a9 Gasteinertal Tourismus GmbH, Marktl Photography\" width=\"1170\" height=\"658\" src=\"https:\/\/www.salzburgerland.com\/cs\/wp-content\/uploads\/2019\/09\/advent-in-gastein-c-gasteinertal-tourismus-gmbh-marktl-3-1170x658-1.jpg\" class=\"attachment-1170_658 size-1170_658\" alt=\"Ulice m\u011bste\u010dek v Gasteinsk\u00e9m \u00fadol\u00ed jsou v p\u0159edv\u00e1no\u010dn\u00edm \u010dase kr\u00e1sn\u011b vyzdoben\u00e9, co\u017e umoc\u0148uj\u00ed i sn\u011bhov\u00e9 vlo\u010dky, kter\u00e9 se sn\u00e1\u0161ej\u00ed z nebe (Zv\u011bt\u0161en\u00fd pohled)\" srcset=\"https:\/\/www.salzburgerland.com\/cs\/wp-content\/uploads\/2019\/09\/advent-in-gastein-c-gasteinertal-tourismus-gmbh-marktl-3-1170x658-1.jpg 1170w, https:\/\/www.salzburgerland.com\/cs\/wp-content\/uploads\/2019\/09\/advent-in-gastein-c-gasteinertal-tourismus-gmbh-marktl-3-1170x658-1-768x432.jpg 768w\" sizes=\"(max-width: 1170px) 100vw, 1170px\" aria-describedby=\"figcaption-161083-154139\" itemprop=\"thumbnail\"><\/a><\/div>\n\t\t\t\t\t\t<span id=\"figcaption-161083-154139\" class=\"gallery-caption\" itemprop=\"caption\"><span aria-hidden=\"true\">P\u016fsobiv\u011b vyzdoben\u00e9 uli\u010dky adventn\u00edho Gasteinu \u00a9 Gasteinertal Tourismus GmbH, Marktl Photography<\/span><\/span>\n\t\t\t\t\t<\/li>\n\t\t\t\t\t<li class=\"gallery-item col-3\" itemprop=\"associatedMedia\" itemscope itemtype=\"http:\/\/schema.org\/ImageObject\">\n\t\t\t\t\t\t<div class=\"gallery-icon landscape\"><a href=\"https:\/\/www.salzburgerland.com\/cs\/wp-content\/uploads\/2024\/11\/adventmarkt-bad-hofgastein-c-gasteinertal-tourismus-gmbh-fotoatelier-wolkersdorfer-21-1602x1067.jpg\" title=\"Bad Hofgastein 17.12.22\"><img decoding=\"async\" data-title=\"Adventn\u00ed trh v Bad Hofgasteinu \u00a9 Gasteinertal Tourismus GmbH, Fotoatelier Wolkersdorfer\" title=\"Adventn\u00ed trh v Bad Hofgasteinu \u00a9 Gasteinertal Tourismus GmbH, Fotoatelier Wolkersdorfer\" data-caption=\"Adventn\u00ed trh v Bad Hofgasteinu \u00a9 Gasteinertal Tourismus GmbH, Fotoatelier Wolkersdorfer\" width=\"1170\" height=\"658\" src=\"https:\/\/www.salzburgerland.com\/cs\/wp-content\/uploads\/2024\/11\/adventmarkt-bad-hofgastein-c-gasteinertal-tourismus-gmbh-fotoatelier-wolkersdorfer-21-1170x658.jpg\" class=\"attachment-1170_658 size-1170_658\" alt=\"Ve\u010dern\u011b osv\u011btlen\u00fd adventn\u00ed trh v Bad Hofgasteinu (Zv\u011bt\u0161en\u00fd pohled)\" srcset=\"https:\/\/www.salzburgerland.com\/cs\/wp-content\/uploads\/2024\/11\/adventmarkt-bad-hofgastein-c-gasteinertal-tourismus-gmbh-fotoatelier-wolkersdorfer-21-1170x658.jpg 1170w, https:\/\/www.salzburgerland.com\/cs\/wp-content\/uploads\/2024\/11\/adventmarkt-bad-hofgastein-c-gasteinertal-tourismus-gmbh-fotoatelier-wolkersdorfer-21-1200x675.jpg 1200w\" sizes=\"(max-width: 1170px) 100vw, 1170px\" aria-describedby=\"figcaption-161083-161092\" itemprop=\"thumbnail\"><\/a><\/div>\n\t\t\t\t\t\t<span id=\"figcaption-161083-161092\" class=\"gallery-caption\" itemprop=\"caption\"><span aria-hidden=\"true\">Adventn\u00ed trh v Bad Hofgasteinu \u00a9 Gasteinertal Tourismus GmbH, Fotoatelier Wolkersdorfer<\/span><\/span>\n\t\t\t\t\t<\/li>\n\t\t\t\t<\/ul>\n\t\t\t<\/div><!-- .gallery -->\n\n<p>V d\u0159ev\u011bn\u00fdch st\u00e1nc\u00edch si na <a href=\"https:\/\/www.salzburgerland.com\/cs\/gastein-zimni-akce\/\"><strong>adventn\u00edch trz\u00edch<\/strong><\/a> m\u016f\u017eete koupit region\u00e1ln\u00ed \u0159emesln\u00e9 v\u00fdrobky, um\u011bleck\u00e1 d\u00edla a produkty. Najdete tu ru\u010dn\u011b vyroben\u00e9 v\u00e1no\u010dn\u00ed d\u00e1rky, ozdoby, zah\u0159ejete se pun\u010dem nebo sva\u0159en\u00fdm v\u00ednem a ochutn\u00e1te krajov\u00e9 speciality. V Bad Gasteinu se kon\u00e1 festival ARTvent. Jedn\u00e1 se o um\u011bleck\u00e9 v\u00fdstavy, trhy a r\u016fzn\u00e9 <a href=\"https:\/\/www.salzburgerland.com\/cs\/gastein-zimni-akce\/\">kulturn\u00ed akce<\/a> pro v\u0161echny smysly.<\/p>\n<p><strong>Gastein<\/strong> se prom\u011b\u0148uje v jedine\u010dn\u00e9 kulturn\u00ed centrum na nejv\u011bt\u0161\u00edm um\u011bleck\u00e9m festivalu v Alp\u00e1ch, <a href=\"https:\/\/www.gastein.com\/cz\/udalosti\/winter\/art-on-snow\/\" target=\"_blank\" rel=\"noopener\"><strong>Art on snow<\/strong><\/a>. Lid\u00e9 mohou v ly\u017ea\u0159sk\u00fdch st\u0159edisc\u00edch Dorfgastein, Bad Hofgastein a Bad Gasteinobdivovat mal\u00e1 i velk\u00e1 d\u00edla ze sn\u011bhu nebo ledu.\u00a0Ateli\u00e9ry um\u011blc\u016f jsou pod \u0161ir\u00fdm nebem, v zimn\u00ed poh\u00e1dkov\u00e9 krajin\u011b Gasteinu.<\/p>\n<div id=\"attachment_154137\" style=\"width: 1180px\" class=\"wp-caption alignnone\"><img decoding=\"async\" aria-describedby=\"caption-attachment-154137\" class=\"size-1170_658 wp-image-154137\" src=\"https:\/\/www.salzburgerland.com\/cs\/wp-content\/uploads\/2019\/09\/bild-2_art_on_snow_c_gasteinertal_tourismus_gmbh_www-oberschneider-17_kl-002-1200x675-1-1170x658.jpg\" alt=\"Socha vlka na festivalu tvorby ze sn\u011bhu a ledu Art on snow v Gasteinu\" width=\"1170\" height=\"658\" srcset=\"https:\/\/www.salzburgerland.com\/cs\/wp-content\/uploads\/2019\/09\/bild-2_art_on_snow_c_gasteinertal_tourismus_gmbh_www-oberschneider-17_kl-002-1200x675-1-1170x658.jpg 1170w, https:\/\/www.salzburgerland.com\/cs\/wp-content\/uploads\/2019\/09\/bild-2_art_on_snow_c_gasteinertal_tourismus_gmbh_www-oberschneider-17_kl-002-1200x675-1-768x432.jpg 768w, https:\/\/www.salzburgerland.com\/cs\/wp-content\/uploads\/2019\/09\/bild-2_art_on_snow_c_gasteinertal_tourismus_gmbh_www-oberschneider-17_kl-002-1200x675-1.jpg 1200w\" sizes=\"(max-width: 1170px) 100vw, 1170px\"><p id=\"caption-attachment-154137\" class=\"wp-caption-text\">Festival tvorby ze sn\u011bhu a ledu Art on snow v Gasteinu \u00a9 Gasteinertal Tourismus GmbH Christoph Oberschneider<\/p><\/div>\n","protected":false},"excerpt":{"rendered":"<p>Gastein je ide\u00e1ln\u00ed destinac\u00ed pro milovn\u00edky freeridu d\u00edky sv\u00fdm severn\u011b orientovan\u00fdm \u0161irok\u00fdm sjezdovk\u00e1m a pra\u0161anu. Sou\u010d\u00e1st\u00ed Gasteinsk\u00e9ho \u00fadol\u00ed je i Sportgastein, n\u00e1dhern\u00e1 vysokohorsk\u00e1 oblast, zn\u00e1m\u00e1 svou\u00a0 a rozmanitou krajinou. Sportgastein obklopuj\u00ed vrcholky Alp, kter\u00e9 nab\u00edzej\u00ed dechberouc\u00ed panoramatick\u00e9 v\u00fdhledy na zasn\u011b\u017een\u00e9 hory a \u0161irok\u00e9 otev\u0159en\u00e9 pl\u00e1n\u011b. Gastein si naplno u\u017eijete i mimo sjezdovky. K dispozici je [&hellip;]<\/p>\n","protected":false},"author":6,"featured_media":161149,"comment_status":"closed","ping_status":"closed","sticky":false,"template":"","format":"standard","meta":{"_acf_changed":false,"wl_entities_gutenberg":"","_relevanssi_hide_post":"","_relevanssi_hide_content":"","_relevanssi_pin_for_all":"","_relevanssi_pin_keywords":"","_relevanssi_unpin_keywords":"","_relevanssi_related_keywords":"","_relevanssi_related_include_ids":"","_relevanssi_related_exclude_ids":"","_relevanssi_related_no_append":"","_relevanssi_related_not_related":"","_relevanssi_related_posts":"","_relevanssi_noindex_reason":"","footnotes":""},"categories":[1],"tags":[],"wl_entity_type":[706],"class_list":["post-161083","post","type-post","status-publish","format-standard","has-post-thumbnail","hentry","category-uncategorized","wl_entity_type-article"],"acf":[],"yoast_head":"<!-- This site is optimized with the Yoast SEO Premium plugin v27.4 (Yoast SEO v27.4) - https:\/\/yoast.com\/product\/yoast-seo-premium-wordpress\/ -->\n<title>Zimn\u00ed aktivity mimo sjezdovky v Gasteinu \u00bb SalzburgerLand.com<\/title>\n<meta name=\"robots\" content=\"index, follow, max-snippet:-1, max-image-preview:large, max-video-preview:-1\" \/>\n<link rel=\"canonical\" href=\"https:\/\/www.salzburgerland.com\/cs\/gastein-stranou-od-sjezdovek\/\" \/>\n<meta property=\"og:locale\" content=\"cs_CZ\" \/>\n<meta property=\"og:type\" content=\"article\" \/>\n<meta property=\"og:title\" content=\"Zimn\u00ed aktivity mimo sjezdovky v Gasteinu\" \/>\n<meta property=\"og:description\" content=\"Gastein je ide\u00e1ln\u00ed destinac\u00ed pro milovn\u00edky freeridu d\u00edky sv\u00fdm severn\u011b orientovan\u00fdm \u0161irok\u00fdm sjezdovk\u00e1m a pra\u0161anu. Sou\u010d\u00e1st\u00ed Gasteinsk\u00e9ho \u00fadol\u00ed je i\" \/>\n<meta property=\"og:url\" content=\"https:\/\/www.salzburgerland.com\/cs\/gastein-stranou-od-sjezdovek\/\" \/>\n<meta property=\"og:site_name\" content=\"SalzburgerLand.com\" \/>\n<meta property=\"article:publisher\" content=\"https:\/\/www.facebook.com\/visitsalzburgerland\/\" \/>\n<meta property=\"article:published_time\" content=\"2024-11-17T17:16:55+00:00\" \/>\n<meta property=\"article:modified_time\" content=\"2024-11-18T19:56:40+00:00\" \/>\n<meta property=\"og:image\" content=\"https:\/\/www.salzburgerland.com\/cs\/wp-content\/uploads\/2024\/11\/csm_winterwandern-sportgastein-winter-urlaub-gastein-berge-therme-salzburger-land-c-gasteinertal-tourismus-christoph-oberschneider-17_57cd053009-1200x640.jpg\" \/>\n\t<meta property=\"og:image:width\" content=\"1200\" \/>\n\t<meta property=\"og:image:height\" content=\"640\" \/>\n\t<meta property=\"og:image:type\" content=\"image\/jpeg\" \/>\n<meta name=\"author\" content=\"Andrea \u017d\u00e1\u010dkov\u00e1\" \/>\n<meta name=\"twitter:card\" content=\"summary_large_image\" \/>\n<meta name=\"twitter:creator\" content=\"@salzburgerland\" \/>\n<meta name=\"twitter:site\" content=\"@salzburgerland\" \/>\n<meta name=\"twitter:label1\" content=\"Napsal(a)\" \/>\n\t<meta name=\"twitter:data1\" content=\"Andrea \u017d\u00e1\u010dkov\u00e1\" \/>\n\t<meta name=\"twitter:label2\" content=\"Odhadovan\u00e1 doba \u010dten\u00ed\" \/>\n\t<meta name=\"twitter:data2\" content=\"11 minut\" \/>\n<script type=\"application\/ld+json\" class=\"yoast-schema-graph\">{\"@context\":\"https:\\\/\\\/schema.org\",\"@graph\":[{\"@type\":\"Article\",\"@id\":\"https:\\\/\\\/www.salzburgerland.com\\\/cs\\\/gastein-stranou-od-sjezdovek\\\/#article\",\"isPartOf\":{\"@id\":\"https:\\\/\\\/www.salzburgerland.com\\\/cs\\\/gastein-stranou-od-sjezdovek\\\/\"},\"author\":{\"name\":\"Andrea \u017d\u00e1\u010dkov\u00e1\",\"@id\":\"https:\\\/\\\/www.salzburgerland.com\\\/cs\\\/#\\\/schema\\\/person\\\/dd42a4661897004df109095dbf40eeff\"},\"headline\":\"Zimn\u00ed aktivity mimo sjezdovky v Gasteinu\",\"datePublished\":\"2024-11-17T17:16:55+00:00\",\"dateModified\":\"2024-11-18T19:56:40+00:00\",\"mainEntityOfPage\":{\"@id\":\"https:\\\/\\\/www.salzburgerland.com\\\/cs\\\/gastein-stranou-od-sjezdovek\\\/\"},\"wordCount\":2187,\"image\":{\"@id\":\"https:\\\/\\\/www.salzburgerland.com\\\/cs\\\/gastein-stranou-od-sjezdovek\\\/#primaryimage\"},\"thumbnailUrl\":\"https:\\\/\\\/www.salzburgerland.com\\\/cs\\\/wp-content\\\/uploads\\\/2024\\\/11\\\/csm_winterwandern-sportgastein-winter-urlaub-gastein-berge-therme-salzburger-land-c-gasteinertal-tourismus-christoph-oberschneider-17_57cd053009.jpg\",\"articleSection\":[\"Uncategorized\"],\"inLanguage\":\"cs\"},{\"@type\":\"WebPage\",\"@id\":\"https:\\\/\\\/www.salzburgerland.com\\\/cs\\\/gastein-stranou-od-sjezdovek\\\/\",\"url\":\"https:\\\/\\\/www.salzburgerland.com\\\/cs\\\/gastein-stranou-od-sjezdovek\\\/\",\"name\":\"Zimn\u00ed aktivity mimo sjezdovky v Gasteinu \u00bb SalzburgerLand.com\",\"isPartOf\":{\"@id\":\"https:\\\/\\\/www.salzburgerland.com\\\/cs\\\/#website\"},\"primaryImageOfPage\":{\"@id\":\"https:\\\/\\\/www.salzburgerland.com\\\/cs\\\/gastein-stranou-od-sjezdovek\\\/#primaryimage\"},\"image\":{\"@id\":\"https:\\\/\\\/www.salzburgerland.com\\\/cs\\\/gastein-stranou-od-sjezdovek\\\/#primaryimage\"},\"thumbnailUrl\":\"https:\\\/\\\/www.salzburgerland.com\\\/cs\\\/wp-content\\\/uploads\\\/2024\\\/11\\\/csm_winterwandern-sportgastein-winter-urlaub-gastein-berge-therme-salzburger-land-c-gasteinertal-tourismus-christoph-oberschneider-17_57cd053009.jpg\",\"datePublished\":\"2024-11-17T17:16:55+00:00\",\"dateModified\":\"2024-11-18T19:56:40+00:00\",\"author\":{\"@id\":\"https:\\\/\\\/www.salzburgerland.com\\\/cs\\\/#\\\/schema\\\/person\\\/dd42a4661897004df109095dbf40eeff\"},\"description\":\"Za\u017eijte zimn\u00ed dovolenou plnou akce a relaxace mimo sjezdovky v Gasteinu! Freeride, ly\u017ea\u0159sk\u00e9 t\u00fary, b\u011b\u017eky, zimn\u00ed turistiku, s\u00e1\u0148kov\u00e1n\u00ed, bruslen\u00ed a term\u00e1ln\u00ed l\u00e1zn\u011b.\",\"breadcrumb\":{\"@id\":\"https:\\\/\\\/www.salzburgerland.com\\\/cs\\\/gastein-stranou-od-sjezdovek\\\/#breadcrumb\"},\"inLanguage\":\"cs\",\"potentialAction\":[{\"@type\":\"ReadAction\",\"target\":[\"https:\\\/\\\/www.salzburgerland.com\\\/cs\\\/gastein-stranou-od-sjezdovek\\\/\"]}]},{\"@type\":\"ImageObject\",\"inLanguage\":\"cs\",\"@id\":\"https:\\\/\\\/www.salzburgerland.com\\\/cs\\\/gastein-stranou-od-sjezdovek\\\/#primaryimage\",\"url\":\"https:\\\/\\\/www.salzburgerland.com\\\/cs\\\/wp-content\\\/uploads\\\/2024\\\/11\\\/csm_winterwandern-sportgastein-winter-urlaub-gastein-berge-therme-salzburger-land-c-gasteinertal-tourismus-christoph-oberschneider-17_57cd053009.jpg\",\"contentUrl\":\"https:\\\/\\\/www.salzburgerland.com\\\/cs\\\/wp-content\\\/uploads\\\/2024\\\/11\\\/csm_winterwandern-sportgastein-winter-urlaub-gastein-berge-therme-salzburger-land-c-gasteinertal-tourismus-christoph-oberschneider-17_57cd053009.jpg\",\"width\":1920,\"height\":640,\"caption\":\"K obl\u00edben\u00fdm zimn\u00edm aktivit\u00e1m mimo sjezdovky pat\u0159\u00ed turistika \u00a9 Gasteinertal Tourismus GmbH, Christoph Oberschneider\"},{\"@type\":\"BreadcrumbList\",\"@id\":\"https:\\\/\\\/www.salzburgerland.com\\\/cs\\\/gastein-stranou-od-sjezdovek\\\/#breadcrumb\",\"itemListElement\":[{\"@type\":\"ListItem\",\"position\":1,\"name\":\"Gastein v zim\u011b\",\"item\":\"https:\\\/\\\/www.salzburgerland.com\\\/cs\\\/gastein-v-zime\\\/\"},{\"@type\":\"ListItem\",\"position\":2,\"name\":\"Zimn\u00ed aktivity mimo sjezdovky v Gasteinu\"}]},{\"@type\":\"WebSite\",\"@id\":\"https:\\\/\\\/www.salzburgerland.com\\\/cs\\\/#website\",\"url\":\"https:\\\/\\\/www.salzburgerland.com\\\/cs\\\/\",\"name\":\"SalzburgerLand.com\",\"description\":\"Va\u0161e dovolen\u00e1 v Salcburku, Rakousko\",\"potentialAction\":[{\"@type\":\"SearchAction\",\"target\":{\"@type\":\"EntryPoint\",\"urlTemplate\":\"https:\\\/\\\/www.salzburgerland.com\\\/cs\\\/?s={search_term_string}\"},\"query-input\":{\"@type\":\"PropertyValueSpecification\",\"valueRequired\":true,\"valueName\":\"search_term_string\"}}],\"inLanguage\":\"cs\"},{\"@type\":\"Person\",\"@id\":\"https:\\\/\\\/www.salzburgerland.com\\\/cs\\\/#\\\/schema\\\/person\\\/dd42a4661897004df109095dbf40eeff\",\"name\":\"Andrea \u017d\u00e1\u010dkov\u00e1\",\"image\":{\"@type\":\"ImageObject\",\"inLanguage\":\"cs\",\"@id\":\"https:\\\/\\\/secure.gravatar.com\\\/avatar\\\/338deec8d231d56d0ab7b2b7d6d0aedbcb3eb05390f6c027fd5b7ebe87b67dbf?s=96&d=mm&r=g\",\"url\":\"https:\\\/\\\/secure.gravatar.com\\\/avatar\\\/338deec8d231d56d0ab7b2b7d6d0aedbcb3eb05390f6c027fd5b7ebe87b67dbf?s=96&d=mm&r=g\",\"contentUrl\":\"https:\\\/\\\/secure.gravatar.com\\\/avatar\\\/338deec8d231d56d0ab7b2b7d6d0aedbcb3eb05390f6c027fd5b7ebe87b67dbf?s=96&d=mm&r=g\",\"caption\":\"Andrea \u017d\u00e1\u010dkov\u00e1\"}}]}<\/script>\n<!-- \/ Yoast SEO Premium plugin. -->","yoast_head_json":{"title":"Zimn\u00ed aktivity mimo sjezdovky v Gasteinu \u00bb SalzburgerLand.com","robots":{"index":"index","follow":"follow","max-snippet":"max-snippet:-1","max-image-preview":"max-image-preview:large","max-video-preview":"max-video-preview:-1"},"canonical":"https:\/\/www.salzburgerland.com\/cs\/gastein-stranou-od-sjezdovek\/","og_locale":"cs_CZ","og_type":"article","og_title":"Zimn\u00ed aktivity mimo sjezdovky v Gasteinu","og_description":"Gastein je ide\u00e1ln\u00ed destinac\u00ed pro milovn\u00edky freeridu d\u00edky sv\u00fdm severn\u011b orientovan\u00fdm \u0161irok\u00fdm sjezdovk\u00e1m a pra\u0161anu. Sou\u010d\u00e1st\u00ed Gasteinsk\u00e9ho \u00fadol\u00ed je i","og_url":"https:\/\/www.salzburgerland.com\/cs\/gastein-stranou-od-sjezdovek\/","og_site_name":"SalzburgerLand.com","article_publisher":"https:\/\/www.facebook.com\/visitsalzburgerland\/","article_published_time":"2024-11-17T17:16:55+00:00","article_modified_time":"2024-11-18T19:56:40+00:00","og_image":[{"width":1200,"height":640,"url":"https:\/\/www.salzburgerland.com\/cs\/wp-content\/uploads\/2024\/11\/csm_winterwandern-sportgastein-winter-urlaub-gastein-berge-therme-salzburger-land-c-gasteinertal-tourismus-christoph-oberschneider-17_57cd053009-1200x640.jpg","type":"image\/jpeg"}],"author":"Andrea \u017d\u00e1\u010dkov\u00e1","twitter_card":"summary_large_image","twitter_creator":"@salzburgerland","twitter_site":"@salzburgerland","twitter_misc":{"Napsal(a)":"Andrea \u017d\u00e1\u010dkov\u00e1","Odhadovan\u00e1 doba \u010dten\u00ed":"11 minut"},"schema":{"@context":"https:\/\/schema.org","@graph":[{"@type":"Article","@id":"https:\/\/www.salzburgerland.com\/cs\/gastein-stranou-od-sjezdovek\/#article","isPartOf":{"@id":"https:\/\/www.salzburgerland.com\/cs\/gastein-stranou-od-sjezdovek\/"},"author":{"name":"Andrea \u017d\u00e1\u010dkov\u00e1","@id":"https:\/\/www.salzburgerland.com\/cs\/#\/schema\/person\/dd42a4661897004df109095dbf40eeff"},"headline":"Zimn\u00ed aktivity mimo sjezdovky v Gasteinu","datePublished":"2024-11-17T17:16:55+00:00","dateModified":"2024-11-18T19:56:40+00:00","mainEntityOfPage":{"@id":"https:\/\/www.salzburgerland.com\/cs\/gastein-stranou-od-sjezdovek\/"},"wordCount":2187,"image":{"@id":"https:\/\/www.salzburgerland.com\/cs\/gastein-stranou-od-sjezdovek\/#primaryimage"},"thumbnailUrl":"https:\/\/www.salzburgerland.com\/cs\/wp-content\/uploads\/2024\/11\/csm_winterwandern-sportgastein-winter-urlaub-gastein-berge-therme-salzburger-land-c-gasteinertal-tourismus-christoph-oberschneider-17_57cd053009.jpg","articleSection":["Uncategorized"],"inLanguage":"cs"},{"@type":"WebPage","@id":"https:\/\/www.salzburgerland.com\/cs\/gastein-stranou-od-sjezdovek\/","url":"https:\/\/www.salzburgerland.com\/cs\/gastein-stranou-od-sjezdovek\/","name":"Zimn\u00ed aktivity mimo sjezdovky v Gasteinu \u00bb SalzburgerLand.com","isPartOf":{"@id":"https:\/\/www.salzburgerland.com\/cs\/#website"},"primaryImageOfPage":{"@id":"https:\/\/www.salzburgerland.com\/cs\/gastein-stranou-od-sjezdovek\/#primaryimage"},"image":{"@id":"https:\/\/www.salzburgerland.com\/cs\/gastein-stranou-od-sjezdovek\/#primaryimage"},"thumbnailUrl":"https:\/\/www.salzburgerland.com\/cs\/wp-content\/uploads\/2024\/11\/csm_winterwandern-sportgastein-winter-urlaub-gastein-berge-therme-salzburger-land-c-gasteinertal-tourismus-christoph-oberschneider-17_57cd053009.jpg","datePublished":"2024-11-17T17:16:55+00:00","dateModified":"2024-11-18T19:56:40+00:00","author":{"@id":"https:\/\/www.salzburgerland.com\/cs\/#\/schema\/person\/dd42a4661897004df109095dbf40eeff"},"description":"Za\u017eijte zimn\u00ed dovolenou plnou akce a relaxace mimo sjezdovky v Gasteinu! Freeride, ly\u017ea\u0159sk\u00e9 t\u00fary, b\u011b\u017eky, zimn\u00ed turistiku, s\u00e1\u0148kov\u00e1n\u00ed, bruslen\u00ed a term\u00e1ln\u00ed l\u00e1zn\u011b.","breadcrumb":{"@id":"https:\/\/www.salzburgerland.com\/cs\/gastein-stranou-od-sjezdovek\/#breadcrumb"},"inLanguage":"cs","potentialAction":[{"@type":"ReadAction","target":["https:\/\/www.salzburgerland.com\/cs\/gastein-stranou-od-sjezdovek\/"]}]},{"@type":"ImageObject","inLanguage":"cs","@id":"https:\/\/www.salzburgerland.com\/cs\/gastein-stranou-od-sjezdovek\/#primaryimage","url":"https:\/\/www.salzburgerland.com\/cs\/wp-content\/uploads\/2024\/11\/csm_winterwandern-sportgastein-winter-urlaub-gastein-berge-therme-salzburger-land-c-gasteinertal-tourismus-christoph-oberschneider-17_57cd053009.jpg","contentUrl":"https:\/\/www.salzburgerland.com\/cs\/wp-content\/uploads\/2024\/11\/csm_winterwandern-sportgastein-winter-urlaub-gastein-berge-therme-salzburger-land-c-gasteinertal-tourismus-christoph-oberschneider-17_57cd053009.jpg","width":1920,"height":640,"caption":"K obl\u00edben\u00fdm zimn\u00edm aktivit\u00e1m mimo sjezdovky pat\u0159\u00ed turistika \u00a9 Gasteinertal Tourismus GmbH, Christoph Oberschneider"},{"@type":"BreadcrumbList","@id":"https:\/\/www.salzburgerland.com\/cs\/gastein-stranou-od-sjezdovek\/#breadcrumb","itemListElement":[{"@type":"ListItem","position":1,"name":"Gastein v zim\u011b","item":"https:\/\/www.salzburgerland.com\/cs\/gastein-v-zime\/"},{"@type":"ListItem","position":2,"name":"Zimn\u00ed aktivity mimo sjezdovky v Gasteinu"}]},{"@type":"WebSite","@id":"https:\/\/www.salzburgerland.com\/cs\/#website","url":"https:\/\/www.salzburgerland.com\/cs\/","name":"SalzburgerLand.com","description":"Va\u0161e dovolen\u00e1 v Salcburku, Rakousko","potentialAction":[{"@type":"SearchAction","target":{"@type":"EntryPoint","urlTemplate":"https:\/\/www.salzburgerland.com\/cs\/?s={search_term_string}"},"query-input":{"@type":"PropertyValueSpecification","valueRequired":true,"valueName":"search_term_string"}}],"inLanguage":"cs"},{"@type":"Person","@id":"https:\/\/www.salzburgerland.com\/cs\/#\/schema\/person\/dd42a4661897004df109095dbf40eeff","name":"Andrea \u017d\u00e1\u010dkov\u00e1","image":{"@type":"ImageObject","inLanguage":"cs","@id":"https:\/\/secure.gravatar.com\/avatar\/338deec8d231d56d0ab7b2b7d6d0aedbcb3eb05390f6c027fd5b7ebe87b67dbf?s=96&d=mm&r=g","url":"https:\/\/secure.gravatar.com\/avatar\/338deec8d231d56d0ab7b2b7d6d0aedbcb3eb05390f6c027fd5b7ebe87b67dbf?s=96&d=mm&r=g","contentUrl":"https:\/\/secure.gravatar.com\/avatar\/338deec8d231d56d0ab7b2b7d6d0aedbcb3eb05390f6c027fd5b7ebe87b67dbf?s=96&d=mm&r=g","caption":"Andrea \u017d\u00e1\u010dkov\u00e1"}}]}},"_wl_alt_label":[],"wl:entity_url":"http:\/\/open.salzburgerland.com\/cs\/post\/gastein-161083","_links":{"self":[{"href":"https:\/\/www.salzburgerland.com\/cs\/wp-json\/wp\/v2\/posts\/161083","targetHints":{"allow":["GET"]}}],"collection":[{"href":"https:\/\/www.salzburgerland.com\/cs\/wp-json\/wp\/v2\/posts"}],"about":[{"href":"https:\/\/www.salzburgerland.com\/cs\/wp-json\/wp\/v2\/types\/post"}],"author":[{"embeddable":true,"href":"https:\/\/www.salzburgerland.com\/cs\/wp-json\/wp\/v2\/users\/6"}],"replies":[{"embeddable":true,"href":"https:\/\/www.salzburgerland.com\/cs\/wp-json\/wp\/v2\/comments?post=161083"}],"version-history":[{"count":24,"href":"https:\/\/www.salzburgerland.com\/cs\/wp-json\/wp\/v2\/posts\/161083\/revisions"}],"predecessor-version":[{"id":161180,"href":"https:\/\/www.salzburgerland.com\/cs\/wp-json\/wp\/v2\/posts\/161083\/revisions\/161180"}],"wp:featuredmedia":[{"embeddable":true,"href":"https:\/\/www.salzburgerland.com\/cs\/wp-json\/wp\/v2\/media\/161149"}],"wp:attachment":[{"href":"https:\/\/www.salzburgerland.com\/cs\/wp-json\/wp\/v2\/media?parent=161083"}],"wp:term":[{"taxonomy":"category","embeddable":true,"href":"https:\/\/www.salzburgerland.com\/cs\/wp-json\/wp\/v2\/categories?post=161083"},{"taxonomy":"post_tag","embeddable":true,"href":"https:\/\/www.salzburgerland.com\/cs\/wp-json\/wp\/v2\/tags?post=161083"},{"taxonomy":"wl_entity_type","embeddable":true,"href":"https:\/\/www.salzburgerland.com\/cs\/wp-json\/wp\/v2\/wl_entity_type?post=161083"}],"curies":[{"name":"wp","href":"https:\/\/api.w.org\/{rel}","templated":true}]}}