{"id":160454,"date":"2024-10-08T15:23:21","date_gmt":"2024-10-08T13:23:21","guid":{"rendered":"https:\/\/www.salzburgerland.com\/cs\/?p=160454"},"modified":"2024-10-08T23:34:53","modified_gmt":"2024-10-08T21:34:53","slug":"knedliky-z-cervene-repy-se-syrovou-omackou","status":"publish","type":"post","link":"https:\/\/www.salzburgerland.com\/cs\/knedliky-z-cervene-repy-se-syrovou-omackou\/","title":{"rendered":"Knedl\u00edky z \u010derven\u00e9 \u0159epy se s\u00fdrovou om\u00e1\u010dkou"},"content":{"rendered":"<h3>Co budete pot\u0159ebovat na 4 porce knedl\u00edk\u016f<\/h3>\n<ul>\n<li>350 g \u010derven\u00e9 \u0159epy<\/li>\n<li>250 ml ml\u00e9ka<\/li>\n<li>400 g pe\u010diva (s<span>tar\u0161\u00ed\u00a0housky<\/span> nebo rohl\u00edky<span> nakr\u00e1j\u00edme na kosti\u010dky a lehce opra\u017e\u00edme v troub\u011b)\u00a0<\/span><\/li>\n<li>4 vejce<\/li>\n<li>s\u016fl<\/li>\n<li>pep\u0159<\/li>\n<\/ul>\n<h3>Ingredience na s\u00fdrovou om\u00e1\u010dku<\/h3>\n<ul>\n<li>30 g m\u00e1sla<\/li>\n<li>30 g mouky<\/li>\n<li>500 ml ml\u00e9ka<\/li>\n<li>150 g s\u00fdra (m\u016f\u017eete vyzkou\u0161et r\u016fzn\u00e9 druhy)<\/li>\n<li>hrst divok\u00fdch bylinek<\/li>\n<li>1 strou\u017eek \u010desneku<\/li>\n<\/ul>\n<h3>Jak na knedl\u00edky z \u010derven\u00e9 \u0159epy<\/h3>\n<p>Oloupejte \u010dervenou \u0159epu, nakr\u00e1jejte ji na kosti\u010dky a 20 minut ji va\u0159te v p\u00e1\u0159e v hrnci s napa\u0159ovac\u00ed vlo\u017ekou.<\/p>\n<p>Pot\u00e9 p\u0159ilijte ml\u00e9ko a rozmixujte s \u0159epou mix\u00e9rem. Vm\u00edchejte vejce a kostky pe\u010diva.<\/p>\n<p>Podle chuti osolte a opep\u0159ete a nechte p\u016fl hodiny odle\u017eet, aby housky sm\u011bs vst\u0159ebaly.<\/p>\n<p>Navlh\u010den\u00fdma rukama vytvarujte knedl\u00edky a 20 minut je va\u0159te v p\u00e1\u0159e.<\/p>\n<p><strong>Tip<\/strong>: Pokud knedl\u00edky neva\u0159\u00edte v p\u00e1\u0159e, ale ve vod\u011b, p\u0159idejte do sm\u011bsi na knedl\u00edky trochu mouky, ve vod\u011b se pak nerozpadnou. Knedl\u00edky m\u016f\u017eete va\u0159it tak\u00e9 v potravinov\u00e9 f\u00f3lii, aby dr\u017eely tvar. Vyb\u00edrejte pouze bylinky, kter\u00e9 dob\u0159e zn\u00e1te. Pokud pou\u017e\u00edv\u00e1te hodn\u011b medv\u011bd\u00edho \u010desneku, strou\u017eek \u010desneku prost\u011b vynechejte.<\/p>\n<h3>S\u00fdrov\u00e1 om\u00e1\u010dka<\/h3>\n<p>Mezit\u00edm rozpus\u0165te m\u00e1slo a ud\u011blejte s moukou sv\u011btlou j\u00ed\u0161ku.<\/p>\n<p>P\u0159ilijte ml\u00e9ko a dob\u0159e prom\u00edchejte.<\/p>\n<p>S\u00fdr nakr\u00e1jejte nadrobno a bylinky nasekejte.<\/p>\n<p>P\u0159idejte bylinky a s\u00fdr do j\u00ed\u0161ky a prolisujte \u010desnek.<\/p>\n<p>Podle chuti osolte a opep\u0159ete. Knedl\u00edky z \u010derven\u00e9 \u0159epy pod\u00e1vejte je\u0161t\u011b hork\u00e9 se s\u00fdrovou om\u00e1\u010dkou.<\/p>\n<p>\u00a0<\/p>\n<p>M\u00e1me pro v\u00e1s i dal\u0161\u00ed recepty z \u010derven\u00e9 \u0159epy, jako nap\u0159\u00edklad <strong><a href=\"https:\/\/www.salzburgerland.com\/cs\/tatarak-z-cervene-repy\/\">tatar\u00e1k<\/a>, <\/strong><strong><a href=\"https:\/\/www.salzburgerland.com\/cs\/knedliky-z-cervene-repy-se-syrovou-omackou\/\">knedl\u00edky<\/a> se s\u00fdrovou om\u00e1\u010dkou, <a href=\"https:\/\/www.salzburgerland.com\/cs\/polevka-z-cervene-repy-a-jablka\/\">pol\u00e9vka<\/a> nebo <a href=\"https:\/\/www.salzburgerland.com\/cs\/nakladana-cervena-repa\/\">nakl\u00e1dan\u00e1 \u010derven\u00e1 \u0159epa<\/a>.<\/strong>\u00a0Nechejte se inspirovat!<\/p>\n","protected":false},"excerpt":{"rendered":"<p>Co budete pot\u0159ebovat na 4 porce knedl\u00edk\u016f 350 g \u010derven\u00e9 \u0159epy 250 ml ml\u00e9ka 400 g pe\u010diva (star\u0161\u00ed\u00a0housky nebo rohl\u00edky nakr\u00e1j\u00edme na kosti\u010dky a lehce opra\u017e\u00edme v troub\u011b)\u00a0 4 vejce s\u016fl pep\u0159 Ingredience na s\u00fdrovou om\u00e1\u010dku 30 g m\u00e1sla 30 g mouky 500 ml ml\u00e9ka 150 g s\u00fdra (m\u016f\u017eete vyzkou\u0161et r\u016fzn\u00e9 druhy) hrst divok\u00fdch bylinek [&hellip;]<\/p>\n","protected":false},"author":6,"featured_media":160455,"comment_status":"closed","ping_status":"closed","sticky":false,"template":"","format":"standard","meta":{"_acf_changed":false,"wl_entities_gutenberg":"","_relevanssi_hide_post":"","_relevanssi_hide_content":"","_relevanssi_pin_for_all":"","_relevanssi_pin_keywords":"","_relevanssi_unpin_keywords":"","_relevanssi_related_keywords":"","_relevanssi_related_include_ids":"","_relevanssi_related_exclude_ids":"","_relevanssi_related_no_append":"","_relevanssi_related_not_related":"","_relevanssi_related_posts":"","_relevanssi_noindex_reason":"","footnotes":""},"categories":[1],"tags":[],"wl_entity_type":[705],"class_list":["post-160454","post","type-post","status-publish","format-standard","has-post-thumbnail","hentry","category-uncategorized","wl_entity_type-recipe"],"acf":[],"yoast_head":"<!-- This site is optimized with the Yoast SEO Premium plugin v27.4 (Yoast SEO v27.4) - https:\/\/yoast.com\/product\/yoast-seo-premium-wordpress\/ -->\n<title>Knedl\u00edky z \u010derven\u00e9 \u0159epy se s\u00fdrovou om\u00e1\u010dkou \u00bb SalzburgerLand.com<\/title>\n<meta name=\"robots\" content=\"index, follow, max-snippet:-1, max-image-preview:large, max-video-preview:-1\" \/>\n<link rel=\"canonical\" href=\"https:\/\/www.salzburgerland.com\/cs\/knedliky-z-cervene-repy-se-syrovou-omackou\/\" \/>\n<meta property=\"og:locale\" content=\"cs_CZ\" \/>\n<meta property=\"og:type\" content=\"article\" \/>\n<meta property=\"og:title\" content=\"Knedl\u00edky z \u010derven\u00e9 \u0159epy se s\u00fdrovou om\u00e1\u010dkou\" \/>\n<meta property=\"og:description\" content=\"Co budete pot\u0159ebovat na 4 porce knedl\u00edk\u016f 350 g \u010derven\u00e9 \u0159epy 250 ml ml\u00e9ka 400 g pe\u010diva (star\u0161\u00ed\u00a0housky nebo rohl\u00edky nakr\u00e1j\u00edme na kosti\u010dky a lehce opra\u017e\u00edme v\" \/>\n<meta property=\"og:url\" content=\"https:\/\/www.salzburgerland.com\/cs\/knedliky-z-cervene-repy-se-syrovou-omackou\/\" \/>\n<meta property=\"og:site_name\" content=\"SalzburgerLand.com\" \/>\n<meta property=\"article:publisher\" content=\"https:\/\/www.facebook.com\/visitsalzburgerland\/\" \/>\n<meta property=\"article:published_time\" content=\"2024-10-08T13:23:21+00:00\" \/>\n<meta property=\"article:modified_time\" content=\"2024-10-08T21:34:53+00:00\" \/>\n<meta property=\"og:image\" content=\"https:\/\/www.salzburgerland.com\/cs\/wp-content\/uploads\/2024\/10\/shared_recipe_1713874648-1200x675.jpg\" \/>\n\t<meta property=\"og:image:width\" content=\"1200\" \/>\n\t<meta property=\"og:image:height\" content=\"675\" \/>\n\t<meta property=\"og:image:type\" content=\"image\/jpeg\" \/>\n<meta name=\"author\" content=\"Andrea \u017d\u00e1\u010dkov\u00e1\" \/>\n<meta name=\"twitter:card\" content=\"summary_large_image\" \/>\n<meta name=\"twitter:creator\" content=\"@salzburgerland\" \/>\n<meta name=\"twitter:site\" content=\"@salzburgerland\" \/>\n<meta name=\"twitter:label1\" content=\"Napsal(a)\" \/>\n\t<meta name=\"twitter:data1\" content=\"Andrea \u017d\u00e1\u010dkov\u00e1\" \/>\n\t<meta name=\"twitter:label2\" content=\"Odhadovan\u00e1 doba \u010dten\u00ed\" \/>\n\t<meta name=\"twitter:data2\" content=\"3 minuty\" \/>\n<script type=\"application\/ld+json\" class=\"yoast-schema-graph\">{\"@context\":\"https:\\\/\\\/schema.org\",\"@graph\":[{\"@type\":\"Article\",\"@id\":\"https:\\\/\\\/www.salzburgerland.com\\\/cs\\\/knedliky-z-cervene-repy-se-syrovou-omackou\\\/#article\",\"isPartOf\":{\"@id\":\"https:\\\/\\\/www.salzburgerland.com\\\/cs\\\/knedliky-z-cervene-repy-se-syrovou-omackou\\\/\"},\"author\":{\"name\":\"Andrea \u017d\u00e1\u010dkov\u00e1\",\"@id\":\"https:\\\/\\\/www.salzburgerland.com\\\/cs\\\/#\\\/schema\\\/person\\\/dd42a4661897004df109095dbf40eeff\"},\"headline\":\"Knedl\u00edky z \u010derven\u00e9 \u0159epy se s\u00fdrovou om\u00e1\u010dkou\",\"datePublished\":\"2024-10-08T13:23:21+00:00\",\"dateModified\":\"2024-10-08T21:34:53+00:00\",\"mainEntityOfPage\":{\"@id\":\"https:\\\/\\\/www.salzburgerland.com\\\/cs\\\/knedliky-z-cervene-repy-se-syrovou-omackou\\\/\"},\"wordCount\":330,\"image\":{\"@id\":\"https:\\\/\\\/www.salzburgerland.com\\\/cs\\\/knedliky-z-cervene-repy-se-syrovou-omackou\\\/#primaryimage\"},\"thumbnailUrl\":\"https:\\\/\\\/www.salzburgerland.com\\\/cs\\\/wp-content\\\/uploads\\\/2024\\\/10\\\/shared_recipe_1713874648.jpg\",\"articleSection\":[\"Uncategorized\"],\"inLanguage\":\"cs\"},{\"@type\":\"WebPage\",\"@id\":\"https:\\\/\\\/www.salzburgerland.com\\\/cs\\\/knedliky-z-cervene-repy-se-syrovou-omackou\\\/\",\"url\":\"https:\\\/\\\/www.salzburgerland.com\\\/cs\\\/knedliky-z-cervene-repy-se-syrovou-omackou\\\/\",\"name\":\"Knedl\u00edky z \u010derven\u00e9 \u0159epy se s\u00fdrovou om\u00e1\u010dkou \u00bb SalzburgerLand.com\",\"isPartOf\":{\"@id\":\"https:\\\/\\\/www.salzburgerland.com\\\/cs\\\/#website\"},\"primaryImageOfPage\":{\"@id\":\"https:\\\/\\\/www.salzburgerland.com\\\/cs\\\/knedliky-z-cervene-repy-se-syrovou-omackou\\\/#primaryimage\"},\"image\":{\"@id\":\"https:\\\/\\\/www.salzburgerland.com\\\/cs\\\/knedliky-z-cervene-repy-se-syrovou-omackou\\\/#primaryimage\"},\"thumbnailUrl\":\"https:\\\/\\\/www.salzburgerland.com\\\/cs\\\/wp-content\\\/uploads\\\/2024\\\/10\\\/shared_recipe_1713874648.jpg\",\"datePublished\":\"2024-10-08T13:23:21+00:00\",\"dateModified\":\"2024-10-08T21:34:53+00:00\",\"author\":{\"@id\":\"https:\\\/\\\/www.salzburgerland.com\\\/cs\\\/#\\\/schema\\\/person\\\/dd42a4661897004df109095dbf40eeff\"},\"description\":\"Podzimn\u00ed recept na salcbursk\u00fd houskov\u00fd knedl\u00edk s \u010dervenou \u0159epou a vo\u0148avou bylinkovou om\u00e1\u010dkou ze s\u00fdra.\",\"breadcrumb\":{\"@id\":\"https:\\\/\\\/www.salzburgerland.com\\\/cs\\\/knedliky-z-cervene-repy-se-syrovou-omackou\\\/#breadcrumb\"},\"inLanguage\":\"cs\",\"potentialAction\":[{\"@type\":\"ReadAction\",\"target\":[\"https:\\\/\\\/www.salzburgerland.com\\\/cs\\\/knedliky-z-cervene-repy-se-syrovou-omackou\\\/\"]}]},{\"@type\":\"ImageObject\",\"inLanguage\":\"cs\",\"@id\":\"https:\\\/\\\/www.salzburgerland.com\\\/cs\\\/knedliky-z-cervene-repy-se-syrovou-omackou\\\/#primaryimage\",\"url\":\"https:\\\/\\\/www.salzburgerland.com\\\/cs\\\/wp-content\\\/uploads\\\/2024\\\/10\\\/shared_recipe_1713874648.jpg\",\"contentUrl\":\"https:\\\/\\\/www.salzburgerland.com\\\/cs\\\/wp-content\\\/uploads\\\/2024\\\/10\\\/shared_recipe_1713874648.jpg\",\"width\":1200,\"height\":1600,\"caption\":\"Knedl\u00edky z \u010derven\u00e9 \u0159epy se s\u00fdrovou om\u00e1\u010dkou \u00a9 Salzburger Agrar Marketing, Sophie Leitner\"},{\"@type\":\"BreadcrumbList\",\"@id\":\"https:\\\/\\\/www.salzburgerland.com\\\/cs\\\/knedliky-z-cervene-repy-se-syrovou-omackou\\\/#breadcrumb\",\"itemListElement\":[{\"@type\":\"ListItem\",\"position\":1,\"name\":\"Tak chutn\u00e1 Salcbursko\",\"item\":\"https:\\\/\\\/www.salzburgerland.com\\\/cs\\\/tak-chutna-salcbursko\\\/\"},{\"@type\":\"ListItem\",\"position\":2,\"name\":\"Knedl\u00edky z \u010derven\u00e9 \u0159epy se s\u00fdrovou om\u00e1\u010dkou\"}]},{\"@type\":\"WebSite\",\"@id\":\"https:\\\/\\\/www.salzburgerland.com\\\/cs\\\/#website\",\"url\":\"https:\\\/\\\/www.salzburgerland.com\\\/cs\\\/\",\"name\":\"SalzburgerLand.com\",\"description\":\"Va\u0161e dovolen\u00e1 v Salcburku, Rakousko\",\"potentialAction\":[{\"@type\":\"SearchAction\",\"target\":{\"@type\":\"EntryPoint\",\"urlTemplate\":\"https:\\\/\\\/www.salzburgerland.com\\\/cs\\\/?s={search_term_string}\"},\"query-input\":{\"@type\":\"PropertyValueSpecification\",\"valueRequired\":true,\"valueName\":\"search_term_string\"}}],\"inLanguage\":\"cs\"},{\"@type\":\"Person\",\"@id\":\"https:\\\/\\\/www.salzburgerland.com\\\/cs\\\/#\\\/schema\\\/person\\\/dd42a4661897004df109095dbf40eeff\",\"name\":\"Andrea \u017d\u00e1\u010dkov\u00e1\",\"image\":{\"@type\":\"ImageObject\",\"inLanguage\":\"cs\",\"@id\":\"https:\\\/\\\/secure.gravatar.com\\\/avatar\\\/338deec8d231d56d0ab7b2b7d6d0aedbcb3eb05390f6c027fd5b7ebe87b67dbf?s=96&d=mm&r=g\",\"url\":\"https:\\\/\\\/secure.gravatar.com\\\/avatar\\\/338deec8d231d56d0ab7b2b7d6d0aedbcb3eb05390f6c027fd5b7ebe87b67dbf?s=96&d=mm&r=g\",\"contentUrl\":\"https:\\\/\\\/secure.gravatar.com\\\/avatar\\\/338deec8d231d56d0ab7b2b7d6d0aedbcb3eb05390f6c027fd5b7ebe87b67dbf?s=96&d=mm&r=g\",\"caption\":\"Andrea \u017d\u00e1\u010dkov\u00e1\"}}]}<\/script>\n<!-- \/ Yoast SEO Premium plugin. -->","yoast_head_json":{"title":"Knedl\u00edky z \u010derven\u00e9 \u0159epy se s\u00fdrovou om\u00e1\u010dkou \u00bb SalzburgerLand.com","robots":{"index":"index","follow":"follow","max-snippet":"max-snippet:-1","max-image-preview":"max-image-preview:large","max-video-preview":"max-video-preview:-1"},"canonical":"https:\/\/www.salzburgerland.com\/cs\/knedliky-z-cervene-repy-se-syrovou-omackou\/","og_locale":"cs_CZ","og_type":"article","og_title":"Knedl\u00edky z \u010derven\u00e9 \u0159epy se s\u00fdrovou om\u00e1\u010dkou","og_description":"Co budete pot\u0159ebovat na 4 porce knedl\u00edk\u016f 350 g \u010derven\u00e9 \u0159epy 250 ml ml\u00e9ka 400 g pe\u010diva (star\u0161\u00ed\u00a0housky nebo rohl\u00edky nakr\u00e1j\u00edme na kosti\u010dky a lehce opra\u017e\u00edme v","og_url":"https:\/\/www.salzburgerland.com\/cs\/knedliky-z-cervene-repy-se-syrovou-omackou\/","og_site_name":"SalzburgerLand.com","article_publisher":"https:\/\/www.facebook.com\/visitsalzburgerland\/","article_published_time":"2024-10-08T13:23:21+00:00","article_modified_time":"2024-10-08T21:34:53+00:00","og_image":[{"width":1200,"height":675,"url":"https:\/\/www.salzburgerland.com\/cs\/wp-content\/uploads\/2024\/10\/shared_recipe_1713874648-1200x675.jpg","type":"image\/jpeg"}],"author":"Andrea \u017d\u00e1\u010dkov\u00e1","twitter_card":"summary_large_image","twitter_creator":"@salzburgerland","twitter_site":"@salzburgerland","twitter_misc":{"Napsal(a)":"Andrea \u017d\u00e1\u010dkov\u00e1","Odhadovan\u00e1 doba \u010dten\u00ed":"3 minuty"},"schema":{"@context":"https:\/\/schema.org","@graph":[{"@type":"Article","@id":"https:\/\/www.salzburgerland.com\/cs\/knedliky-z-cervene-repy-se-syrovou-omackou\/#article","isPartOf":{"@id":"https:\/\/www.salzburgerland.com\/cs\/knedliky-z-cervene-repy-se-syrovou-omackou\/"},"author":{"name":"Andrea \u017d\u00e1\u010dkov\u00e1","@id":"https:\/\/www.salzburgerland.com\/cs\/#\/schema\/person\/dd42a4661897004df109095dbf40eeff"},"headline":"Knedl\u00edky z \u010derven\u00e9 \u0159epy se s\u00fdrovou om\u00e1\u010dkou","datePublished":"2024-10-08T13:23:21+00:00","dateModified":"2024-10-08T21:34:53+00:00","mainEntityOfPage":{"@id":"https:\/\/www.salzburgerland.com\/cs\/knedliky-z-cervene-repy-se-syrovou-omackou\/"},"wordCount":330,"image":{"@id":"https:\/\/www.salzburgerland.com\/cs\/knedliky-z-cervene-repy-se-syrovou-omackou\/#primaryimage"},"thumbnailUrl":"https:\/\/www.salzburgerland.com\/cs\/wp-content\/uploads\/2024\/10\/shared_recipe_1713874648.jpg","articleSection":["Uncategorized"],"inLanguage":"cs"},{"@type":"WebPage","@id":"https:\/\/www.salzburgerland.com\/cs\/knedliky-z-cervene-repy-se-syrovou-omackou\/","url":"https:\/\/www.salzburgerland.com\/cs\/knedliky-z-cervene-repy-se-syrovou-omackou\/","name":"Knedl\u00edky z \u010derven\u00e9 \u0159epy se s\u00fdrovou om\u00e1\u010dkou \u00bb SalzburgerLand.com","isPartOf":{"@id":"https:\/\/www.salzburgerland.com\/cs\/#website"},"primaryImageOfPage":{"@id":"https:\/\/www.salzburgerland.com\/cs\/knedliky-z-cervene-repy-se-syrovou-omackou\/#primaryimage"},"image":{"@id":"https:\/\/www.salzburgerland.com\/cs\/knedliky-z-cervene-repy-se-syrovou-omackou\/#primaryimage"},"thumbnailUrl":"https:\/\/www.salzburgerland.com\/cs\/wp-content\/uploads\/2024\/10\/shared_recipe_1713874648.jpg","datePublished":"2024-10-08T13:23:21+00:00","dateModified":"2024-10-08T21:34:53+00:00","author":{"@id":"https:\/\/www.salzburgerland.com\/cs\/#\/schema\/person\/dd42a4661897004df109095dbf40eeff"},"description":"Podzimn\u00ed recept na salcbursk\u00fd houskov\u00fd knedl\u00edk s \u010dervenou \u0159epou a vo\u0148avou bylinkovou om\u00e1\u010dkou ze s\u00fdra.","breadcrumb":{"@id":"https:\/\/www.salzburgerland.com\/cs\/knedliky-z-cervene-repy-se-syrovou-omackou\/#breadcrumb"},"inLanguage":"cs","potentialAction":[{"@type":"ReadAction","target":["https:\/\/www.salzburgerland.com\/cs\/knedliky-z-cervene-repy-se-syrovou-omackou\/"]}]},{"@type":"ImageObject","inLanguage":"cs","@id":"https:\/\/www.salzburgerland.com\/cs\/knedliky-z-cervene-repy-se-syrovou-omackou\/#primaryimage","url":"https:\/\/www.salzburgerland.com\/cs\/wp-content\/uploads\/2024\/10\/shared_recipe_1713874648.jpg","contentUrl":"https:\/\/www.salzburgerland.com\/cs\/wp-content\/uploads\/2024\/10\/shared_recipe_1713874648.jpg","width":1200,"height":1600,"caption":"Knedl\u00edky z \u010derven\u00e9 \u0159epy se s\u00fdrovou om\u00e1\u010dkou \u00a9 Salzburger Agrar Marketing, Sophie Leitner"},{"@type":"BreadcrumbList","@id":"https:\/\/www.salzburgerland.com\/cs\/knedliky-z-cervene-repy-se-syrovou-omackou\/#breadcrumb","itemListElement":[{"@type":"ListItem","position":1,"name":"Tak chutn\u00e1 Salcbursko","item":"https:\/\/www.salzburgerland.com\/cs\/tak-chutna-salcbursko\/"},{"@type":"ListItem","position":2,"name":"Knedl\u00edky z \u010derven\u00e9 \u0159epy se s\u00fdrovou om\u00e1\u010dkou"}]},{"@type":"WebSite","@id":"https:\/\/www.salzburgerland.com\/cs\/#website","url":"https:\/\/www.salzburgerland.com\/cs\/","name":"SalzburgerLand.com","description":"Va\u0161e dovolen\u00e1 v Salcburku, Rakousko","potentialAction":[{"@type":"SearchAction","target":{"@type":"EntryPoint","urlTemplate":"https:\/\/www.salzburgerland.com\/cs\/?s={search_term_string}"},"query-input":{"@type":"PropertyValueSpecification","valueRequired":true,"valueName":"search_term_string"}}],"inLanguage":"cs"},{"@type":"Person","@id":"https:\/\/www.salzburgerland.com\/cs\/#\/schema\/person\/dd42a4661897004df109095dbf40eeff","name":"Andrea \u017d\u00e1\u010dkov\u00e1","image":{"@type":"ImageObject","inLanguage":"cs","@id":"https:\/\/secure.gravatar.com\/avatar\/338deec8d231d56d0ab7b2b7d6d0aedbcb3eb05390f6c027fd5b7ebe87b67dbf?s=96&d=mm&r=g","url":"https:\/\/secure.gravatar.com\/avatar\/338deec8d231d56d0ab7b2b7d6d0aedbcb3eb05390f6c027fd5b7ebe87b67dbf?s=96&d=mm&r=g","contentUrl":"https:\/\/secure.gravatar.com\/avatar\/338deec8d231d56d0ab7b2b7d6d0aedbcb3eb05390f6c027fd5b7ebe87b67dbf?s=96&d=mm&r=g","caption":"Andrea \u017d\u00e1\u010dkov\u00e1"}}]}},"_wl_alt_label":[],"wl:entity_url":"http:\/\/open.salzburgerland.com\/cs\/post\/-160454","_links":{"self":[{"href":"https:\/\/www.salzburgerland.com\/cs\/wp-json\/wp\/v2\/posts\/160454","targetHints":{"allow":["GET"]}}],"collection":[{"href":"https:\/\/www.salzburgerland.com\/cs\/wp-json\/wp\/v2\/posts"}],"about":[{"href":"https:\/\/www.salzburgerland.com\/cs\/wp-json\/wp\/v2\/types\/post"}],"author":[{"embeddable":true,"href":"https:\/\/www.salzburgerland.com\/cs\/wp-json\/wp\/v2\/users\/6"}],"replies":[{"embeddable":true,"href":"https:\/\/www.salzburgerland.com\/cs\/wp-json\/wp\/v2\/comments?post=160454"}],"version-history":[{"count":12,"href":"https:\/\/www.salzburgerland.com\/cs\/wp-json\/wp\/v2\/posts\/160454\/revisions"}],"predecessor-version":[{"id":160500,"href":"https:\/\/www.salzburgerland.com\/cs\/wp-json\/wp\/v2\/posts\/160454\/revisions\/160500"}],"wp:featuredmedia":[{"embeddable":true,"href":"https:\/\/www.salzburgerland.com\/cs\/wp-json\/wp\/v2\/media\/160455"}],"wp:attachment":[{"href":"https:\/\/www.salzburgerland.com\/cs\/wp-json\/wp\/v2\/media?parent=160454"}],"wp:term":[{"taxonomy":"category","embeddable":true,"href":"https:\/\/www.salzburgerland.com\/cs\/wp-json\/wp\/v2\/categories?post=160454"},{"taxonomy":"post_tag","embeddable":true,"href":"https:\/\/www.salzburgerland.com\/cs\/wp-json\/wp\/v2\/tags?post=160454"},{"taxonomy":"wl_entity_type","embeddable":true,"href":"https:\/\/www.salzburgerland.com\/cs\/wp-json\/wp\/v2\/wl_entity_type?post=160454"}],"curies":[{"name":"wp","href":"https:\/\/api.w.org\/{rel}","templated":true}]}}