{"id":159662,"date":"2024-04-07T10:30:15","date_gmt":"2024-04-07T08:30:15","guid":{"rendered":"https:\/\/www.salzburgerland.com\/cs\/?p=159662"},"modified":"2024-11-19T17:07:08","modified_gmt":"2024-11-19T16:07:08","slug":"gastein-rodinna-dovolena","status":"publish","type":"post","link":"https:\/\/www.salzburgerland.com\/cs\/gastein-rodinna-dovolena\/","title":{"rendered":"Rodinn\u00e1 dovolen\u00e1 v Gasteinu"},"content":{"rendered":"<h3>Rodinn\u00e1 turistika v Gasteinu<\/h3>\n<p><strong>Turistika<\/strong> s d\u011btmi je t\u00e9m\u011b\u0159 sv\u00e9bytnou sportovn\u00ed discipl\u00ednou. D\u011bti je pot\u0159eba na dovolen\u00e9 hlavn\u011b zaujmout a dop\u0159\u00e1t si tak spole\u010dn\u00e9 z\u00e1\u017eitky. T\u00fary s men\u0161\u00edmi d\u011btmi by tak\u00e9 nem\u011bly b\u00fdt p\u0159\u00edli\u0161 dlouh\u00e9 a nam\u00e1hav\u00e9. V <a href=\"https:\/\/www.gastein.com\/cz\/zkusenosti\/zabava-a-rodina\/hiking-with-gasti\/\" target=\"_blank\" rel=\"noopener\">Gasteinu<\/a> se <strong>na rodinn\u00e9 dovolen\u00e9<\/strong> m\u016f\u017eete vydat na v\u00fdlet po spoust\u011b tras nejr\u016fzn\u011bj\u0161\u00edch stup\u0148\u016f n\u00e1ro\u010dnosti. Probl\u00e9m nen\u00ed ani v\u00fdlet s ko\u010d\u00e1rkem na m\u00e9n\u011b strm\u00fdch a lesn\u00edch cest\u00e1ch. Najdete jich tady spoustu, m\u016f\u017eeme doporu\u010dit nap\u0159\u00edklad idylickou n\u00e1horn\u00ed plo\u0161inu <strong><a href=\"https:\/\/www.gastein.com\/cz\/gastein\/gasteinske-udoli\/bad-gastein\/sportgastein\/\" target=\"_blank\" rel=\"noopener\">Sportgastein<\/a><\/strong>, K\u00f6tschachtal, okru\u017en\u00ed turistickou trasu Gastein Achenpromenade kolem potoka, stejn\u011b jako Elisabeth Promenade v Bad Gasteinu, <a href=\"https:\/\/www.gastein.com\/en\/service\/gastein-from-a-z\/detail\/infrastruktur\/kaiser-wilhelm-promenade-bad-gastein\/\" target=\"_blank\" rel=\"noopener\">Kaiser Wilhelm Promenade<\/a>, l\u00e1ze\u0148sk\u00fd park v Bad Hofgasteinu \u010di n\u00e1ro\u010dn\u011bj\u0161\u00ed <strong><a href=\"https:\/\/www.gastein.com\/cz\/zkusenosti\/sport-a-priroda\/pesi-turistika\/gasteinska-stezka\/\" target=\"_blank\" rel=\"noopener\">Gastein Trail<\/a><\/strong>.<\/p>\n<div id=\"attachment_161193\" style=\"width: 1034px\" class=\"wp-caption alignnone\"><img decoding=\"async\" aria-describedby=\"caption-attachment-161193\" class=\"size-medium wp-image-161193\" src=\"https:\/\/www.salzburgerland.com\/cs\/wp-content\/uploads\/2024\/04\/zirbenweg-01-c-salzburgerland-tourismus-cebulec-min-1200x675-1-1170x658-1-1024x569.jpg\" alt=\"Rodina na proch\u00e1zce po trase borovic, Zirbenweg\" width=\"1024\" height=\"569\" srcset=\"https:\/\/www.salzburgerland.com\/cs\/wp-content\/uploads\/2024\/04\/zirbenweg-01-c-salzburgerland-tourismus-cebulec-min-1200x675-1-1170x658-1-1024x569.jpg 1024w, https:\/\/www.salzburgerland.com\/cs\/wp-content\/uploads\/2024\/04\/zirbenweg-01-c-salzburgerland-tourismus-cebulec-min-1200x675-1-1170x658-1-370x206.jpg 370w, https:\/\/www.salzburgerland.com\/cs\/wp-content\/uploads\/2024\/04\/zirbenweg-01-c-salzburgerland-tourismus-cebulec-min-1200x675-1-1170x658-1-270x150.jpg 270w, https:\/\/www.salzburgerland.com\/cs\/wp-content\/uploads\/2024\/04\/zirbenweg-01-c-salzburgerland-tourismus-cebulec-min-1200x675-1-1170x658-1-540x300.jpg 540w\" sizes=\"(max-width: 1024px) 100vw, 1024px\"><p id=\"caption-attachment-161193\" class=\"wp-caption-text\">Zirbenweg, turistika s v\u016fn\u00ed borov\u00fdch les\u016f \u00a9 SalzburgerLand Tourismus, Cebulec<\/p><\/div>\n<p><strong>Gasti<\/strong>, mal\u00fd maskot \u00fadol\u00ed ve tvaru vodn\u00ed kapky, je symbolem pro rodiny s d\u011btmi a pr\u00e1zdninov\u00e9 z\u00e1bavy. P\u0159ipom\u00edn\u00e1 hojnost vody v regionu a jeho \u00fa\u010des horsk\u00e9 vrcholy Gasteinu. Gasti je pro rodinnou turistiku v Gasteinu ide\u00e1ln\u00edm spole\u010dn\u00edkem ! Nab\u00edz\u00ed n\u011bkolik tematick\u00fdch rodinn\u00fdch tras, na kter\u00fdch v\u00e1s doprovod\u00ed a uk\u00e1\u017ee v\u00e1m po cest\u011b v\u0161elijak\u00e9 zaj\u00edmav\u00e9 v\u011bci a sezn\u00e1m\u00ed d\u011bti s p\u0159\u00edrodou a histori\u00ed \u00fadol\u00ed Gasteinertal.<\/p>\n<p>S Gastiho skl\u00e1da\u010dkou a turistick\u00fdm den\u00edkem na raz\u00edtka si d\u011bti mohou vytvo\u0159it vlastn\u00ed trasu. Po \u00fasp\u011b\u0161n\u00e9m absolvov\u00e1n\u00ed tras <strong>(Stezka legend, Medv\u011bd\u00ed stezka, Houbov\u00e1 stezka, Jagasteig, Stezka pozn\u00e1v\u00e1n\u00ed p\u0159\u00edrody)<\/strong> \u010dek\u00e1 na mal\u00e9 dobrodruhy p\u0159ekvapen\u00ed, kter\u00e9 si mohou vyzvednout v turistick\u00e9m informa\u010dn\u00edm centru.<\/p>\n<p>Pr\u016fvodce Gasteinem je motivac\u00ed pro v\u0161echny turisty. Piln\u00ed pr\u016fzkumn\u00edci dost\u00e1vaj\u00ed za ka\u017edou t\u00faru body v z\u00e1vislosti na obt\u00ed\u017enosti. Body za jednotliv\u00e9 odznaky nemus\u00edte sb\u00edrat najednou. Maj\u00ed neomezenou platnost, tak\u017ee m\u016f\u017eete kdykoli pokra\u010dovat, t\u0159eba <strong>na p\u0159\u00ed\u0161t\u00ed dovolen\u00e9<\/strong>!<\/p>\n<div id=\"attachment_159771\" style=\"width: 1180px\" class=\"wp-caption alignnone\"><img decoding=\"async\" aria-describedby=\"caption-attachment-159771\" class=\"wp-image-159771 size-1170_658\" src=\"https:\/\/www.salzburgerland.com\/cs\/wp-content\/uploads\/2024\/04\/fulseck-dorfgastein-c-gasteinertal-tourismus-gmbh-michael-koenigshofer-min-1200x675-1-1170x658.jpg\" alt=\"Fulseck, horn\u00ed stanice lanovky nad Dorfgasteinem s jezerem \" width=\"1170\" height=\"658\" srcset=\"https:\/\/www.salzburgerland.com\/cs\/wp-content\/uploads\/2024\/04\/fulseck-dorfgastein-c-gasteinertal-tourismus-gmbh-michael-koenigshofer-min-1200x675-1-1170x658.jpg 1170w, https:\/\/www.salzburgerland.com\/cs\/wp-content\/uploads\/2024\/04\/fulseck-dorfgastein-c-gasteinertal-tourismus-gmbh-michael-koenigshofer-min-1200x675-1-768x432.jpg 768w, https:\/\/www.salzburgerland.com\/cs\/wp-content\/uploads\/2024\/04\/fulseck-dorfgastein-c-gasteinertal-tourismus-gmbh-michael-koenigshofer-min-1200x675-1.jpg 1200w\" sizes=\"(max-width: 1170px) 100vw, 1170px\"><p id=\"caption-attachment-159771\" class=\"wp-caption-text\">Fulseck, horn\u00ed stanice lanovky nad Dorfgasteinem \u00a9 Gasteinertal Tourismus, Michael K\u00f6nigshofer<\/p><\/div>\n<h3>Jezero Spiegelsee a lesn\u00ed h\u0159i\u0161t\u011b<\/h3>\n<p>Nad <strong>Dorfgasteinem<\/strong> ve v\u00fd\u0161ce 1860 metr\u016f je \u010das zout si boty a prozkoumat \u201ebarefoot stezku\u201c. R\u016fzn\u00e9 povrchy stimuluj\u00ed chodidla a studen\u00e1 voda horsk\u00e9ho jezera je \u00fa\u017easn\u011b osv\u011b\u017euj\u00edc\u00ed. Za\u017eijete pocit pohody a po uvol\u0148uj\u00edc\u00ed mas\u00e1\u017ei nohou se v\u00e1m z odpo\u010dinkov\u00e9 o\u00e1zy u jezera Spiegelsee nebude cht\u00edt ani odej\u00edt. Dobrodru\u017en\u00e9 d\u011bti mohou pokra\u010dovat v dov\u00e1d\u011bn\u00ed na z\u00e1\u017eitkov\u00e9 ho\u0159e Fulseck s p\u0159ilehl\u00fdm lesn\u00edm h\u0159i\u0161t\u011bm pro lezen\u00ed a sk\u00e1k\u00e1n\u00ed. <strong>Spiegelsee<\/strong> se nach\u00e1z\u00ed kousek pod vrcholovou lanovkou Fulseck. Po \u0161irok\u00e9 cest\u011b se k tam snadno dostanete i s ko\u010d\u00e1rkem.<\/p>\n<div id=\"attachment_159836\" style=\"width: 1180px\" class=\"wp-caption alignnone\"><img decoding=\"async\" aria-describedby=\"caption-attachment-159836\" class=\"size-1170_658 wp-image-159836\" src=\"https:\/\/www.salzburgerland.com\/cs\/wp-content\/uploads\/2024\/04\/csm_rutsche_dorfgastein_fulseck_kinder__c__gasteinertal_tourismus_gmbh__michael_koenigshofer_1280x520_3ff4b9bb9d-1170x520.jpg\" alt=\"D\u00edvka na skluzavce na p\u0159\u00edrodn\u00edm h\u0159i\u0161ti na ho\u0159e Fulseck nad Dorfgasteinem\" width=\"1170\" height=\"520\"><p id=\"caption-attachment-159836\" class=\"wp-caption-text\">H\u0159i\u0161t\u011b na ho\u0159e Fulseck nad Dorfgasteinem \u00a9 Gasteinertal Tourismus<\/p><\/div>\n<h3>Rodinn\u00fd v\u00fdlet k vo\u0148av\u00fdm borovic\u00edm<\/h3>\n<p><span>Dvouseda\u010dkov\u00e1 lanovka na horu <strong>Graukogel<\/strong> nad m\u011bstem\u00a0Bad<span>\u00a0Gastein<\/span> jede pomal\u00fdm tempem a\u017e do v\u00fd\u0161ky 900 metr\u016f. Vzn\u00e1\u0161\u00ed se nad korunami smrk\u016f k les\u016fm, kde se v tomto podneb\u00ed dob\u0159e da\u0159\u00ed obzvl\u00e1\u0161t\u011b jedn\u011bm z nejodoln\u011bj\u0161\u00edch jehli\u010dnat\u00fdch strom\u016f, kter\u00fdmi jsou borovice. P\u0159es smrkov\u00e9 porosty se dostanete a\u017e do kr\u00e1lovstv\u00ed borovic, na kter\u00fdch ve v\u011btru povl\u00e1vaj\u00ed li\u0161ejn\u00edky jm\u00e9nem provazovky. Jsou zn\u00e1mkou vynikaj\u00edc\u00ed kvality ovzdu\u0161\u00ed. Na okruhu <a href=\"https:\/\/www.salzburgerland.com\/cs\/borovice-je-kralovnou-alp\/\"><strong>Zirbenweg<\/strong> <\/a>se m\u016f\u017eete vydat ve sm\u011bru na jih a zp\u011bt k chalup\u011b Graukogelh\u00fctte. Do kouzeln\u00e9ho sv\u011bta borovic se sm\u011ble m\u016f\u017eete vydat s celou rodinou. Zirbenweg je nen\u00e1ro\u010dnou a\u017e snadnou t\u00farou, kter\u00e1 je v\u0161ak velice zaj\u00edmav\u00e1.<\/span><\/p>\n\n\t\t\t<div id=\"159662-1\" class=\"gallery gallery-159662 gallery-columns-3 gallery-size-1170_658\" itemscope itemtype=\"http:\/\/schema.org\/ImageGallery\">\n\t\t\t\t<ul class=\"gallery-row gallery-col-3 gallery-clear\">\n\t\t\t\t\t<li class=\"gallery-item col-3\" itemprop=\"associatedMedia\" itemscope itemtype=\"http:\/\/schema.org\/ImageObject\">\n\t\t\t\t\t\t<div class=\"gallery-icon landscape\"><a href=\"https:\/\/www.salzburgerland.com\/cs\/wp-content\/uploads\/2024\/04\/rs3870_deniscebulec-x-salzburgerland-7900-scr.jpg\" title=\"Kinder laufen am Graukogel\"><img decoding=\"async\" data-title=\"D\u011bti na Graukogelu \u00a9 SalzburgerLand Tourismus, Denis Cebulec\" title=\"D\u011bti na Graukogelu \u00a9 SalzburgerLand Tourismus, Denis Cebulec\" data-caption=\"D\u011bti na Graukogelu \u00a9 SalzburgerLand Tourismus, Denis Cebulec\" width=\"1100\" height=\"658\" src=\"https:\/\/www.salzburgerland.com\/cs\/wp-content\/uploads\/2024\/04\/rs3870_deniscebulec-x-salzburgerland-7900-scr-1100x658.jpg\" class=\"attachment-1170_658 size-1170_658\" alt=\"D\u011bti pob\u00edhaj\u00ed mezi borovicemi na Graukogelu (Zv\u011bt\u0161en\u00fd pohled)\" aria-describedby=\"figcaption-159662-159768\" itemprop=\"thumbnail\"><\/a><\/div>\n\t\t\t\t\t\t<span id=\"figcaption-159662-159768\" class=\"gallery-caption\" itemprop=\"caption\"><span aria-hidden=\"true\">D\u011bti na Graukogelu \u00a9 SalzburgerLand Tourismus, Denis Cebulec<\/span><\/span>\n\t\t\t\t\t<\/li>\n\t\t\t\t\t<li class=\"gallery-item col-3\" itemprop=\"associatedMedia\" itemscope itemtype=\"http:\/\/schema.org\/ImageObject\">\n\t\t\t\t\t\t<div class=\"gallery-icon landscape\"><a href=\"https:\/\/www.salzburgerland.com\/cs\/wp-content\/uploads\/2020\/03\/zirbenweg-blick-vom-graukogel-familie-c-salzburgerland-tourismus-cebulec-1-min-1200x675-1.jpg\" title=\"zirbenweg-blick-vom-graukogel-familie-c-salzburgerland-tourismus-cebulec-1-min-1200x675\"><img decoding=\"async\" data-title=\"Pohled na turistickou oblast z Graukogelu \u00a9 SalzburgerLand Tourismus, Cebulec\" title=\"Pohled na turistickou oblast z Graukogelu \u00a9 SalzburgerLand Tourismus, Cebulec\" data-caption=\"Pohled na turistickou oblast z Graukogelu \u00a9 SalzburgerLand Tourismus, Cebulec\" width=\"1170\" height=\"658\" src=\"https:\/\/www.salzburgerland.com\/cs\/wp-content\/uploads\/2020\/03\/zirbenweg-blick-vom-graukogel-familie-c-salzburgerland-tourismus-cebulec-1-min-1200x675-1-1170x658.jpg\" class=\"attachment-1170_658 size-1170_658\" alt=\"Trasa Zirbenweg se d\u00e1 absolvovat i s d\u011btmi a z Graukogelu je kr\u00e1sn\u00fd v\u00fdhled do \u00fadol\u00ed Gasteinu (Zv\u011bt\u0161en\u00fd pohled)\" srcset=\"https:\/\/www.salzburgerland.com\/cs\/wp-content\/uploads\/2020\/03\/zirbenweg-blick-vom-graukogel-familie-c-salzburgerland-tourismus-cebulec-1-min-1200x675-1-1170x658.jpg 1170w, https:\/\/www.salzburgerland.com\/cs\/wp-content\/uploads\/2020\/03\/zirbenweg-blick-vom-graukogel-familie-c-salzburgerland-tourismus-cebulec-1-min-1200x675-1-768x432.jpg 768w, https:\/\/www.salzburgerland.com\/cs\/wp-content\/uploads\/2020\/03\/zirbenweg-blick-vom-graukogel-familie-c-salzburgerland-tourismus-cebulec-1-min-1200x675-1.jpg 1200w\" sizes=\"(max-width: 1170px) 100vw, 1170px\" aria-describedby=\"figcaption-159662-153235\" itemprop=\"thumbnail\"><\/a><\/div>\n\t\t\t\t\t\t<span id=\"figcaption-159662-153235\" class=\"gallery-caption\" itemprop=\"caption\"><span aria-hidden=\"true\">Pohled na turistickou oblast z Graukogelu \u00a9 SalzburgerLand Tourismus, Cebulec<\/span><\/span>\n\t\t\t\t\t<\/li>\n\t\t\t\t\t<li class=\"gallery-item col-3\" itemprop=\"associatedMedia\" itemscope itemtype=\"http:\/\/schema.org\/ImageObject\">\n\t\t\t\t\t\t<div class=\"gallery-icon landscape\"><a href=\"https:\/\/www.salzburgerland.com\/cs\/wp-content\/uploads\/2024\/04\/rs3873_deniscebulec-x-salzburgerland-9244-scr.jpg\" title=\"Zirbenzauber am Graukogel in Bad Gastein\"><img decoding=\"async\" data-title=\"Kouzlo borovic na Graukogelu nad Bad Gasteinem \u00a9 SalzburgerLand Tourismus, Denis Cebulec\" title=\"Kouzlo borovic na Graukogelu nad Bad Gasteinem \u00a9 SalzburgerLand Tourismus, Denis Cebulec\" data-caption=\"Kouzlo borovic na Graukogelu nad Bad Gasteinem \u00a9 SalzburgerLand Tourismus, Denis Cebulec\" width=\"1100\" height=\"658\" src=\"https:\/\/www.salzburgerland.com\/cs\/wp-content\/uploads\/2024\/04\/rs3873_deniscebulec-x-salzburgerland-9244-scr-1100x658.jpg\" class=\"attachment-1170_658 size-1170_658\" alt=\"Rodina u jez\u00edrka mezi borovicemi na Graukogelu nad Bad Gasteinem (Zv\u011bt\u0161en\u00fd pohled)\" aria-describedby=\"figcaption-159662-159769\" itemprop=\"thumbnail\"><\/a><\/div>\n\t\t\t\t\t\t<span id=\"figcaption-159662-159769\" class=\"gallery-caption\" itemprop=\"caption\"><span aria-hidden=\"true\">Kouzlo borovic na Graukogelu nad Bad Gasteinem \u00a9 SalzburgerLand Tourismus, Denis Cebulec<\/span><\/span>\n\t\t\t\t\t<\/li>\n\t\t\t\t<\/ul>\n\t\t\t<\/div><!-- .gallery -->\n\n<h3>Speci\u00e1ln\u00ed letn\u00ed koncerty<\/h3>\n<p>Ka\u017ed\u00fd, kdo p\u0159ijede do Gasteinu na dovolenou s d\u011btmi, poc\u00edt\u00ed od prvn\u00ed chv\u00edle p\u0159\u00e1telskou atmosf\u00e9ru.\u00a0Cel\u00e9 \u00fadol\u00ed je zam\u011b\u0159eno na rodiny. Slu\u017eby\u00a0a \u0161irok\u00e1 nab\u00eddka z\u00e1bavn\u00fdch program\u016f jsou pro zdej\u0161\u00ed hostitele velmi d\u016fle\u017eit\u00e9. Speci\u00e1ln\u00ed t\u00fddenn\u00ed programy zaru\u010duj\u00ed, \u017ee se tady rodiny s d\u011btmi nikdy nenud\u00ed. Na sv\u00e9 si p\u0159ijdou i z\u00e1jemci o <a href=\"https:\/\/www.salzburgerland.com\/cs\/gastein-sporty-a-zabava\/\">sport<\/a>, <strong>hudbu<\/strong>, v\u011bdu a p\u0159\u00edrodu. V l\u00e9t\u011b se konaj\u00ed speci\u00e1ln\u00ed rodinn\u00e9 koncerty v\u00e1\u017en\u00e9 hudby pro rodiny s d\u011btmi nebo koncerty v lese.<\/p>\n<div id=\"attachment_159872\" style=\"width: 1180px\" class=\"wp-caption alignnone\"><img decoding=\"async\" aria-describedby=\"caption-attachment-159872\" class=\"wp-image-159872 size-1170_658\" src=\"https:\/\/www.salzburgerland.com\/cs\/wp-content\/uploads\/2024\/04\/berg-klassik-c-gasteinertal-tourismus-gmbh-fotoatelier-wolkersdorfer-22-2-1170x658.jpg\" alt=\"Koncerty v hor\u00e1ch pod \u0161ir\u00fdm nebem Berg Klassik \" width=\"1170\" height=\"658\" srcset=\"https:\/\/www.salzburgerland.com\/cs\/wp-content\/uploads\/2024\/04\/berg-klassik-c-gasteinertal-tourismus-gmbh-fotoatelier-wolkersdorfer-22-2-1170x658.jpg 1170w, https:\/\/www.salzburgerland.com\/cs\/wp-content\/uploads\/2024\/04\/berg-klassik-c-gasteinertal-tourismus-gmbh-fotoatelier-wolkersdorfer-22-2-1200x675.jpg 1200w\" sizes=\"(max-width: 1170px) 100vw, 1170px\"><p id=\"caption-attachment-159872\" class=\"wp-caption-text\">Koncerty v hor\u00e1ch pod \u0161ir\u00fdm nebem Berg Klassik \u00a9 Gasteinertal Tourismus<\/p><\/div>\n<h2>Dovolen\u00e1 u vody v Gasteinu<\/h2>\n<h3>Gasteinsk\u00e9 term\u00e1ln\u00ed l\u00e1zn\u011b<\/h3>\n<p>Bohu\u017eel ani o pr\u00e1zdnin\u00e1ch nesv\u00edt\u00ed v\u017edy slunce. V Gasteinu ale najdete v\u0161e, co pot\u0159ebujete pro pohodov\u00e9 pro\u017eit\u00ed de\u0161tiv\u00e9ho dne. Pokud pr\u0161\u00ed, vyplat\u00ed se nav\u0161t\u00edvit nap\u0159\u00edklad n\u011bkter\u00e9 z gasteinsk\u00fdch <a href=\"https:\/\/www.salzburgerland.com\/cs\/gastein-wellness\/\">term\u00e1ln\u00edch l\u00e1zn\u00ed<\/a>. Tepl\u00e1 voda v\u00e1s zbav\u00ed nap\u011bt\u00ed a zapomenete i na de\u0161\u0165ov\u00e9 kapky.\u00a0Uklid\u0148uj\u00edc\u00ed teplo, romantick\u00e9 chv\u00edle a pot\u011b\u0161en\u00ed z koup\u00e1n\u00ed jsou zaru\u010deny. <a href=\"https:\/\/www.alpentherme.com\/en\/service\/offers-events\" target=\"_blank\" rel=\"noopener\"><strong>Alpentherme<\/strong><\/a> se nach\u00e1z\u00ed v centru Bad Hofgasteinu. V are\u00e1lu o rozloze 36 000 m\u00b2 si ka\u017ed\u00fd p\u0159ijde na sv\u00e9. D\u00edky sv\u00e9 centr\u00e1ln\u00ed poloze sem m\u016f\u017eete doj\u00edt z mnoha hotel\u016f a u\u017e\u00edt si doslova kompletn\u00ed wellness r\u00e1j pro t\u011blo, mysl i du\u0161i.<\/p>\n<p>Obklopeni poho\u0159\u00edm Vysok\u00e9 Taury zapomenete na starosti a stres ka\u017edodenn\u00edho \u017eivota. Odpo\u010di\u0148te si, relaxujte ve v\u00ed\u0159ivce, v tepl\u00e9m baz\u00e9nu, v saun\u011b nebo na leh\u00e1tku s obl\u00edbenou knihou. D\u011bti budou nad\u0161en\u00e9 ze skluzavky se \u010dty\u0159mi dr\u00e1hami, kter\u00e1 je v provozu od jara do podzimu. D\u00e1le najdete v <strong>Alpentherme<\/strong> <strong>nov\u00e9 \u201epodmo\u0159sk\u00e9\u201c akv\u00e1rium<\/strong> s mo\u0159sk\u00fdmi \u017eivo\u010dichy, kter\u00e9 se d\u00e1 proplavat. Novinkou je tak\u00e9 <strong>rodinn\u00e1 textiln\u00ed sauna<\/strong>. Venkovn\u00ed baz\u00e9ny maj\u00ed vodu o teplot\u011b\u00a0okolo 31\u201332 \u00b0C. Je tady l\u00edn\u00e1 \u0159eka, font\u00e1ny, tobog\u00e1nBlack-Hole s \u010dasom\u00edrou a pro nejmen\u0161\u00ed n\u00e1v\u0161t\u011bvn\u00edky je p\u0159ipraven d\u011btsk\u00fd baz\u00e9n nebo h\u0159i\u0161t\u011b.<\/p>\n\n\t\t\t<div id=\"159662-2\" class=\"gallery gallery-159662 gallery-columns-3 gallery-size-1170_658\" itemscope itemtype=\"http:\/\/schema.org\/ImageGallery\">\n\t\t\t\t<ul class=\"gallery-row gallery-col-3 gallery-clear\">\n\t\t\t\t\t<li class=\"gallery-item col-3\" itemprop=\"associatedMedia\" itemscope itemtype=\"http:\/\/schema.org\/ImageObject\">\n\t\t\t\t\t\t<div class=\"gallery-icon landscape\"><a href=\"https:\/\/www.salzburgerland.com\/cs\/wp-content\/uploads\/2024\/11\/alpentherme-aquarium-c-alpentherme-marktl-photography.jpg\" title=\"Alpentherme Aquarium (C) Alpentherme, Marktl Photography\"><img decoding=\"async\" data-title='Nov\u00e9 \"podmo\u0159sk\u00e9\" akv\u00e1rium v Alpentherme Bad Hofgastein \u00a9 Alpentherme Marktl Photography' title='Nov\u00e9 \"podmo\u0159sk\u00e9\" akv\u00e1rium v Alpentherme Bad Hofgastein \u00a9 Alpentherme Marktl Photography' data-caption='Nov\u00e9 \"podmo\u0159sk\u00e9\" akv\u00e1rium v Alpentherme Bad Hofgastein \u00a9 Alpentherme Marktl Photography' width=\"1170\" height=\"658\" src=\"https:\/\/www.salzburgerland.com\/cs\/wp-content\/uploads\/2024\/11\/alpentherme-aquarium-c-alpentherme-marktl-photography-1170x658.jpg\" class=\"attachment-1170_658 size-1170_658\" alt='Nov\u00e9 \"podmo\u0159sk\u00e9\" akv\u00e1rium v Alpentherme Gastein, kde m\u016f\u017eete plavat ve vodn\u00edm tunelu a obdivovat nejr\u016fzn\u011bj\u0161\u00ed ryby a vodn\u00ed \u017eivo\u010dichy (Zv\u011bt\u0161en\u00fd pohled)' srcset=\"https:\/\/www.salzburgerland.com\/cs\/wp-content\/uploads\/2024\/11\/alpentherme-aquarium-c-alpentherme-marktl-photography-1170x658.jpg 1170w, https:\/\/www.salzburgerland.com\/cs\/wp-content\/uploads\/2024\/11\/alpentherme-aquarium-c-alpentherme-marktl-photography-1200x675.jpg 1200w\" sizes=\"(max-width: 1170px) 100vw, 1170px\" aria-describedby=\"figcaption-159662-161106\" itemprop=\"thumbnail\"><\/a><\/div>\n\t\t\t\t\t\t<span id=\"figcaption-159662-161106\" class=\"gallery-caption\" itemprop=\"caption\"><span aria-hidden=\"true\">Nov\u00e9 \u201epodmo\u0159sk\u00e9\u201c akv\u00e1rium v Alpentherme Bad Hofgastein \u00a9 Alpentherme Marktl Photography<\/span><\/span>\n\t\t\t\t\t<\/li>\n\t\t\t\t\t<li class=\"gallery-item col-3\" itemprop=\"associatedMedia\" itemscope itemtype=\"http:\/\/schema.org\/ImageObject\">\n\t\t\t\t\t\t<div class=\"gallery-icon landscape\"><a href=\"https:\/\/www.salzburgerland.com\/cs\/wp-content\/uploads\/2016\/11\/kristall-sauna-alpentherme-gastein-1920x1067-1.jpg\" title=\"kristall-sauna-alpentherme-gastein-1920x1067\"><img decoding=\"async\" data-title=\"Alpentherme v Bad Hofgasteinu: Sauna Kristall s v\u00fdhledem \u00a9 Alpentherme Gastein, Foto Atelier Wolkersdorfer Gerhard\" title=\"Alpentherme v Bad Hofgasteinu: Sauna Kristall s v\u00fdhledem \u00a9 Alpentherme Gastein, Foto Atelier Wolkersdorfer Gerhard\" data-caption=\"Alpentherme v Bad Hofgasteinu: Sauna Kristall s v\u00fdhledem \u00a9 Alpentherme Gastein, Foto Atelier Wolkersdorfer Gerhard\" width=\"1170\" height=\"658\" src=\"https:\/\/www.salzburgerland.com\/cs\/wp-content\/uploads\/2016\/11\/kristall-sauna-alpentherme-gastein-1920x1067-1-1170x658.jpg\" class=\"attachment-1170_658 size-1170_658\" alt=\"D\u0159ev\u011bn\u00e1 sauna s prosklenou st\u011bnou s v\u00fdhledem na p\u0159\u00edrodn\u00ed koupali\u0161t\u011b a hory u term\u00e1ln\u00edch l\u00e1zn\u00ed. (Zv\u011bt\u0161en\u00fd pohled)\" srcset=\"https:\/\/www.salzburgerland.com\/cs\/wp-content\/uploads\/2016\/11\/kristall-sauna-alpentherme-gastein-1920x1067-1-1170x658.jpg 1170w, https:\/\/www.salzburgerland.com\/cs\/wp-content\/uploads\/2016\/11\/kristall-sauna-alpentherme-gastein-1920x1067-1-1200x675.jpg 1200w\" sizes=\"(max-width: 1170px) 100vw, 1170px\" aria-describedby=\"figcaption-159662-151478\" itemprop=\"thumbnail\"><\/a><\/div>\n\t\t\t\t\t\t<span id=\"figcaption-159662-151478\" class=\"gallery-caption\" itemprop=\"caption\"><span aria-hidden=\"true\">Alpentherme v Bad Hofgasteinu: Sauna Kristall s v\u00fdhledem \u00a9 Alpentherme Gastein, Foto Atelier Wolkersdorfer Gerhard<\/span><\/span>\n\t\t\t\t\t<\/li>\n\t\t\t\t\t<li class=\"gallery-item col-3\" itemprop=\"associatedMedia\" itemscope itemtype=\"http:\/\/schema.org\/ImageObject\">\n\t\t\t\t\t\t<div class=\"gallery-icon landscape\"><a href=\"https:\/\/www.salzburgerland.com\/cs\/wp-content\/uploads\/2016\/11\/aussenaufnahme_sommer_alpentherme-1170x658-1.jpg\" title=\"aussenaufnahme_sommer_alpentherme-1170x658\"><img decoding=\"async\" data-title=\"Venkovn\u00ed pohled na l\u00e1zn\u011b v Bad Hofgasteinu \u00a9 Alpentherme Gastein, Foto Atelier Wolkersdorfer Gerhard - Au\u00dfenaufnahme\" title=\"Venkovn\u00ed pohled na l\u00e1zn\u011b v Bad Hofgasteinu \u00a9 Alpentherme Gastein, Foto Atelier Wolkersdorfer Gerhard - Au\u00dfenaufnahme\" data-caption=\"Venkovn\u00ed pohled na l\u00e1zn\u011b v Bad Hofgasteinu \u00a9 Alpentherme Gastein, Foto Atelier Wolkersdorfer Gerhard - Au\u00dfenaufnahme\" width=\"1170\" height=\"658\" src=\"https:\/\/www.salzburgerland.com\/cs\/wp-content\/uploads\/2016\/11\/aussenaufnahme_sommer_alpentherme-1170x658-1.jpg\" class=\"attachment-1170_658 size-1170_658\" alt=\"Pohled z pta\u010d\u00ed perspektivy na venkovn\u00ed baz\u00e9ny a l\u00e1zn\u011b v Bad Hofgasteinu (Zv\u011bt\u0161en\u00fd pohled)\" srcset=\"https:\/\/www.salzburgerland.com\/cs\/wp-content\/uploads\/2016\/11\/aussenaufnahme_sommer_alpentherme-1170x658-1.jpg 1170w, https:\/\/www.salzburgerland.com\/cs\/wp-content\/uploads\/2016\/11\/aussenaufnahme_sommer_alpentherme-1170x658-1-768x432.jpg 768w\" sizes=\"(max-width: 1170px) 100vw, 1170px\" aria-describedby=\"figcaption-159662-151477\" itemprop=\"thumbnail\"><\/a><\/div>\n\t\t\t\t\t\t<span id=\"figcaption-159662-151477\" class=\"gallery-caption\" itemprop=\"caption\"><span aria-hidden=\"true\">Venkovn\u00ed pohled na l\u00e1zn\u011b v Bad Hofgasteinu \u00a9 Alpentherme Gastein, Foto Atelier Wolkersdorfer Gerhard \u2013 Au\u00dfenaufnahme<\/span><\/span>\n\t\t\t\t\t<\/li>\n\t\t\t\t<\/ul>\n\t\t\t<\/div><!-- .gallery -->\n\n<p>Term\u00e1ln\u00ed l\u00e1zn\u011b <strong><a href=\"https:\/\/www.felsentherme.com\/\" target=\"_blank\" rel=\"noopener\">Felsentherme Bad Gastein<\/a><\/strong> byly vybudov\u00e1ny v 60. letech 20. stolet\u00ed jako prvn\u00ed ve\u0159ejn\u00e9 term\u00e1ln\u00ed l\u00e1zn\u011b v Rakousku. Z\u00e1\u017eitkov\u00e1 oblast je ur\u010dena nap\u0159\u00edklad rodin\u00e1m s d\u011btmi. Sou\u010d\u00e1st\u00ed je 70metrov\u00e1 skluzavka a dal\u0161\u00ed atrakce. Venku si m\u016f\u017eete vybrat mezi 25metrov\u00fdm sportovn\u00edm baz\u00e9nem a baz\u00e9nem s vodou o teplot\u011b 34 stup\u0148\u016f. Skaln\u00ed term\u00e1ly\u00a0nab\u00edzej\u00ed absolutn\u00ed klid a odpo\u010dinek, \u00fachvatn\u00fd v\u00fdhled na hory, denn\u011b \u010derstvou vodu z term\u00e1ln\u00edch pramen\u016f a zdrav\u00fd, \u010dist\u00fd vzduch. Term\u00e1ln\u00ed voda v l\u00e1zn\u00edch neobsahuje radon, kter\u00fd je odfiltrov\u00e1n. Radonov\u00e9 terapie se prov\u00e1d\u011bj\u00ed ve speci\u00e1ln\u00edch terapeutick\u00fdch centrech nebo hotelech. Voda v term\u00e1ln\u00edch l\u00e1zn\u00edch v\u0161ak obsahuje p\u0159\u00edrodn\u00ed miner\u00e1ly, je blahod\u00e1rn\u00e1 a pozitivn\u011b p\u016fsob\u00ed na t\u011blo i mysl.\u00a0L\u00e9\u010debnou nab\u00eddku dopl\u0148uj\u00ed t\u00fddny j\u00f3gy v \u00fadol\u00ed Gasteinertal.<\/p>\n\n\t\t\t<div id=\"159662-3\" class=\"gallery gallery-159662 gallery-columns-3 gallery-size-1170_658\" itemscope itemtype=\"http:\/\/schema.org\/ImageGallery\">\n\t\t\t\t<ul class=\"gallery-row gallery-col-3 gallery-clear\">\n\t\t\t\t\t<li class=\"gallery-item col-3\" itemprop=\"associatedMedia\" itemscope itemtype=\"http:\/\/schema.org\/ImageObject\">\n\t\t\t\t\t\t<div class=\"gallery-icon landscape\"><a href=\"https:\/\/www.salzburgerland.com\/cs\/wp-content\/uploads\/2024\/04\/csm__max1169_37e40be03b-1599x1067.jpg\" title=\"csm__MAX1169_37e40be03b\"><img decoding=\"async\" data-title=\"D\u011btem se v term\u00e1ln\u00edch l\u00e1zn\u00edch l\u00edb\u00ed \u00a9 Felsentherme Bad Gastein\" title=\"D\u011btem se v term\u00e1ln\u00edch l\u00e1zn\u00edch l\u00edb\u00ed \u00a9 Felsentherme Bad Gastein\" data-caption=\"D\u011btem se v term\u00e1ln\u00edch l\u00e1zn\u00edch l\u00edb\u00ed \u00a9 Felsentherme Bad Gastein\" width=\"1170\" height=\"658\" src=\"https:\/\/www.salzburgerland.com\/cs\/wp-content\/uploads\/2024\/04\/csm__max1169_37e40be03b-1170x658.jpg\" class=\"attachment-1170_658 size-1170_658\" alt=\"D\u011bti ve vod\u011b v baz\u00e9nu term\u00e1ln\u00edch l\u00e1zn\u00ed Felsentherme Bad Gastein (Zv\u011bt\u0161en\u00fd pohled)\" srcset=\"https:\/\/www.salzburgerland.com\/cs\/wp-content\/uploads\/2024\/04\/csm__max1169_37e40be03b-1170x658.jpg 1170w, https:\/\/www.salzburgerland.com\/cs\/wp-content\/uploads\/2024\/04\/csm__max1169_37e40be03b-1200x675.jpg 1200w\" sizes=\"(max-width: 1170px) 100vw, 1170px\" aria-describedby=\"figcaption-159662-161194\" itemprop=\"thumbnail\"><\/a><\/div>\n\t\t\t\t\t\t<span id=\"figcaption-159662-161194\" class=\"gallery-caption\" itemprop=\"caption\"><span aria-hidden=\"true\">D\u011btem se v term\u00e1ln\u00edch l\u00e1zn\u00edch l\u00edb\u00ed \u00a9 Felsentherme Bad Gastein<\/span><\/span>\n\t\t\t\t\t<\/li>\n\t\t\t\t\t<li class=\"gallery-item col-3\" itemprop=\"associatedMedia\" itemscope itemtype=\"http:\/\/schema.org\/ImageObject\">\n\t\t\t\t\t\t<div class=\"gallery-icon landscape\"><a href=\"https:\/\/www.salzburgerland.com\/cs\/wp-content\/uploads\/2021\/08\/felsentherme-bad-gastein-arials-c-felsentherme-gerhard-michel-5-1200x675-1.jpg\" title=\"felsentherme-bad-gastein-arials-c-felsentherme-gerhard-michel-5-1200x675\"><img decoding=\"async\" data-title=\"Pohled na are\u00e1l skaln\u00edch term\u00e1l\u016f v Bad Gasteinu \u00a9 Felsentherme, Gerhard Michel\" title=\"Pohled na are\u00e1l skaln\u00edch term\u00e1l\u016f v Bad Gasteinu \u00a9 Felsentherme, Gerhard Michel\" data-caption=\"Pohled na are\u00e1l skaln\u00edch term\u00e1l\u016f v Bad Gasteinu \u00a9 Felsentherme, Gerhard Michel\" width=\"1170\" height=\"658\" src=\"https:\/\/www.salzburgerland.com\/cs\/wp-content\/uploads\/2021\/08\/felsentherme-bad-gastein-arials-c-felsentherme-gerhard-michel-5-1200x675-1-1170x658.jpg\" class=\"attachment-1170_658 size-1170_658\" alt=\"Pohled z pta\u010d\u00ed perspektivy na venkovn\u00ed are\u00e1l s baz\u00e9ny ve skaln\u00edch term\u00e1lech Felsentherme v Bad Gasteinu (Zv\u011bt\u0161en\u00fd pohled)\" srcset=\"https:\/\/www.salzburgerland.com\/cs\/wp-content\/uploads\/2021\/08\/felsentherme-bad-gastein-arials-c-felsentherme-gerhard-michel-5-1200x675-1-1170x658.jpg 1170w, https:\/\/www.salzburgerland.com\/cs\/wp-content\/uploads\/2021\/08\/felsentherme-bad-gastein-arials-c-felsentherme-gerhard-michel-5-1200x675-1-768x432.jpg 768w, https:\/\/www.salzburgerland.com\/cs\/wp-content\/uploads\/2021\/08\/felsentherme-bad-gastein-arials-c-felsentherme-gerhard-michel-5-1200x675-1.jpg 1200w\" sizes=\"(max-width: 1170px) 100vw, 1170px\" aria-describedby=\"figcaption-159662-153231\" itemprop=\"thumbnail\"><\/a><\/div>\n\t\t\t\t\t\t<span id=\"figcaption-159662-153231\" class=\"gallery-caption\" itemprop=\"caption\"><span aria-hidden=\"true\">Pohled na are\u00e1l skaln\u00edch term\u00e1l\u016f v Bad Gasteinu \u00a9 Felsentherme, Gerhard Michel<\/span><\/span>\n\t\t\t\t\t<\/li>\n\t\t\t\t\t<li class=\"gallery-item col-3\" itemprop=\"associatedMedia\" itemscope itemtype=\"http:\/\/schema.org\/ImageObject\">\n\t\t\t\t\t\t<div class=\"gallery-icon landscape\"><a href=\"https:\/\/www.salzburgerland.com\/cs\/wp-content\/uploads\/2016\/11\/sauna-steinbauer-photography-1920x1067-1.jpg\" title=\"sauna-steinbauer-photography-1920x1067\"><img decoding=\"async\" data-title=\"P\u0159\u00edjemn\u00e1 sauna s v\u00fdhledem na Vysok\u00e9 Taury v Bad Gasteinu \u00a9 Felsentherme Bad Gastein\" title=\"P\u0159\u00edjemn\u00e1 sauna s v\u00fdhledem na Vysok\u00e9 Taury v Bad Gasteinu \u00a9 Felsentherme Bad Gastein\" data-caption=\"P\u0159\u00edjemn\u00e1 sauna s v\u00fdhledem na Vysok\u00e9 Taury v Bad Gasteinu \u00a9 Felsentherme Bad Gastein\" width=\"1170\" height=\"658\" src=\"https:\/\/www.salzburgerland.com\/cs\/wp-content\/uploads\/2016\/11\/sauna-steinbauer-photography-1920x1067-1-1170x658.jpg\" class=\"attachment-1170_658 size-1170_658\" alt=\"P\u0159\u00edjemn\u00e1 sauna s v\u00fdhledem na Vysok\u00e9 Taury v Bad Gasteinu (Zv\u011bt\u0161en\u00fd pohled)\" srcset=\"https:\/\/www.salzburgerland.com\/cs\/wp-content\/uploads\/2016\/11\/sauna-steinbauer-photography-1920x1067-1-1170x658.jpg 1170w, https:\/\/www.salzburgerland.com\/cs\/wp-content\/uploads\/2016\/11\/sauna-steinbauer-photography-1920x1067-1-1200x675.jpg 1200w\" sizes=\"(max-width: 1170px) 100vw, 1170px\" aria-describedby=\"figcaption-159662-151476\" itemprop=\"thumbnail\"><\/a><\/div>\n\t\t\t\t\t\t<span id=\"figcaption-159662-151476\" class=\"gallery-caption\" itemprop=\"caption\"><span aria-hidden=\"true\">P\u0159\u00edjemn\u00e1 sauna s v\u00fdhledem na Vysok\u00e9 Taury v Bad Gasteinu \u00a9 Felsentherme Bad Gastein<\/span><\/span>\n\t\t\t\t\t<\/li>\n\t\t\t\t<\/ul>\n\t\t\t<\/div><!-- .gallery -->\n\n<h3>Jezero ke koup\u00e1n\u00ed v Gasteinu<\/h3>\n<p>Ka\u017ed\u00e9 d\u00edt\u011b miluje v l\u00e9t\u011b koup\u00e1n\u00ed. To si m\u016f\u017eete u\u017e\u00edt v pr\u016fzra\u010dn\u00e9\u00a0vod\u011b gasteinsk\u00e9ho jezera ke koup\u00e1n\u00ed u l\u00e1zn\u00ed v Bad Hofgasteinu, nap\u0159\u00edklad po t\u00fa\u0159e v hor\u00e1ch nebo proj\u00ed\u017e\u010fce na kole. Na velk\u00e9 <span style=\"background-color: rgba(46, 146, 255, 0.2);\">louce<\/span> je dostatek m\u00edsta pro slune\u010dn\u00edky a leh\u00e1tka, kter\u00e1 si m\u016f\u017eete zap\u016fj\u010dit na m\u00edst\u011b. Nebo si p\u016fj\u010dte paddleboard a p\u00e1dlujte po jeze\u0159e. Pokud v\u00e1m vyhl\u00e1dne, m\u016f\u017eete se ob\u010derstvit v p\u0159ilehl\u00e9m bistru na terase \u2013 b\u011bhem koup\u00e1n\u00ed tak m\u016f\u017eete doplnit energii. Ide\u00e1ln\u00ed podm\u00ednky pro rodinnou dovolenou v Gasteinu. Pokud nejezd\u00edte na kole nebo nechod\u00edte p\u011b\u0161ky, sta\u010d\u00ed jet autobusem. Autobusov\u00e1 zast\u00e1vka se nach\u00e1z\u00ed p\u0159\u00edmo p\u0159ed vchodem. Pro automobily je k dispozici bezplatn\u00e9 parkovi\u0161t\u011b. Psi v\u0161ak do are\u00e1lu nesm\u00ed!<\/p>\n<div id=\"attachment_149347\" style=\"width: 1180px\" class=\"wp-caption alignnone\"><img decoding=\"async\" aria-describedby=\"caption-attachment-149347\" class=\"size-1170_658 wp-image-149347\" src=\"https:\/\/www.salzburgerland.com\/cs\/wp-content\/uploads\/2021\/05\/seen_sup1-1920x1067-1-1170x658.jpg\" alt=\"Term\u00e1ln\u00ed jezero v Bad Hofgasteinu\" width=\"1170\" height=\"658\" srcset=\"https:\/\/www.salzburgerland.com\/cs\/wp-content\/uploads\/2021\/05\/seen_sup1-1920x1067-1-1170x658.jpg 1170w, https:\/\/www.salzburgerland.com\/cs\/wp-content\/uploads\/2021\/05\/seen_sup1-1920x1067-1-1200x675.jpg 1200w\" sizes=\"(max-width: 1170px) 100vw, 1170px\"><p id=\"caption-attachment-149347\" class=\"wp-caption-text\">Term\u00e1ln\u00ed jezero v Bad Hofgasteinu @ Foto Atelier Gerhard Wolkersdorfer, Alpentherme Gastein<\/p><\/div>\n<h3>Dal\u0161\u00ed tip pro rodiny: Solarbad Dorfgastein<\/h3>\n<p>Koupali\u0161t\u011b <strong>Solarbad Gastein<\/strong> se nach\u00e1z\u00ed jen p\u00e1r metr\u016f od doln\u00ed stanice lanovky Fulseck v Dorfgasteinu. Nab\u00edz\u00ed p\u0159\u00edjemn\u00e9 koup\u00e1n\u00ed ve vod\u011b o teplot\u011b 26 a\u017e 28 \u00b0C. D\u011bti si u\u017eij\u00ed tobog\u00e1n a baz\u00e9ny, prostorn\u00e1 je tak\u00e9 louka k opalov\u00e1n\u00ed. Vzhledem k tomu, \u017ee jde o venkovn\u00ed koup\u00e1n\u00ed, are\u00e1l je v p\u0159\u00edpad\u011b de\u0161t\u011b zav\u0159en\u00fd.<\/p>\n<h3>Dal\u0161\u00ed zaj\u00edmav\u00e9 aktivity<\/h3>\n<p>Gastein je p\u0159\u00e1telsk\u00fd k d\u011btem, jak se m\u016f\u017eete p\u0159esv\u011bd\u010dit z \u0161irok\u00e9 nab\u00eddky <a href=\"https:\/\/www.salzburgerland.com\/cs\/gastein-sporty-a-zabava\/\">aktivit<\/a>, kde je skv\u011bl\u00e1 z\u00e1bava p\u0159edem zaru\u010dena. M\u016f\u017eete si vybrat ze vzru\u0161uj\u00edc\u00edch proch\u00e1zek po lese nebo n\u00e1v\u0161t\u011bvy farmy, <a href=\"https:\/\/www.salzburgerland.com\/cs\/gastein-cyklistika\/\">cyklistiky<\/a>, lukost\u0159eleck\u00e9ho parkuru, <span id=\"urn:enhancement-ee401afa-fac6-4a68-81c4-e93fbaaeb2a0\" class=\"textannotation disambiguated wl-creative-work\" itemid=\"http:\/\/open.salzburgerland.com\/cs\/entity\/ryzovani-zlata\"><a href=\"https:\/\/www.gastein.com\/cz\/zkusenosti\/zabava-a-rodina\/ryzovani-zlata\/\" target=\"_blank\" rel=\"noopener\">r\u00fd\u017eov\u00e1n\u00ed<\/a> zlata<\/span>, <a href=\"https:\/\/www.gastein.com\/cz\/zkusenosti\/sport-a-priroda\/horolezectvi\/\" target=\"_blank\" rel=\"noopener\">horolezectv\u00ed<\/a> nebo j\u00edzdy na koni, minigolfu a ryba\u0159en\u00ed. A to nen\u00ed v\u0161echno \u2013 v Gasteinu nen\u00ed \u010das na nudu! S <strong><a href=\"https:\/\/www.salzburgerland.com\/cs\/gastein-card\/\">Gasteinskou letn\u00ed kartou<\/a><\/strong> pro hosty nav\u00edc m\u00e1te spoustu v\u00fdhod zdarma nebo se slevou!<\/p>\n<div id=\"attachment_161195\" style=\"width: 1034px\" class=\"wp-caption alignnone\"><img decoding=\"async\" aria-describedby=\"caption-attachment-161195\" class=\"size-medium wp-image-161195\" src=\"https:\/\/www.salzburgerland.com\/cs\/wp-content\/uploads\/2024\/04\/rs2624_2018-10-18-slt-reportage-gastein-wald-by-michael-groessinger-img_7229-lpr-1170x658-1-1024x569.jpg\" alt=\"\u017dena ukazuje d\u011btem na sala\u0161i v Gasteinu, jak se pe\u010de chl\u00e9b\" width=\"1024\" height=\"569\" srcset=\"https:\/\/www.salzburgerland.com\/cs\/wp-content\/uploads\/2024\/04\/rs2624_2018-10-18-slt-reportage-gastein-wald-by-michael-groessinger-img_7229-lpr-1170x658-1-1024x569.jpg 1024w, https:\/\/www.salzburgerland.com\/cs\/wp-content\/uploads\/2024\/04\/rs2624_2018-10-18-slt-reportage-gastein-wald-by-michael-groessinger-img_7229-lpr-1170x658-1-370x206.jpg 370w, https:\/\/www.salzburgerland.com\/cs\/wp-content\/uploads\/2024\/04\/rs2624_2018-10-18-slt-reportage-gastein-wald-by-michael-groessinger-img_7229-lpr-1170x658-1-270x150.jpg 270w, https:\/\/www.salzburgerland.com\/cs\/wp-content\/uploads\/2024\/04\/rs2624_2018-10-18-slt-reportage-gastein-wald-by-michael-groessinger-img_7229-lpr-1170x658-1-540x300.jpg 540w\" sizes=\"(max-width: 1024px) 100vw, 1024px\"><p id=\"caption-attachment-161195\" class=\"wp-caption-text\">Pe\u010den\u00ed chleba s d\u011btmi na sala\u0161\u00ed v Gasteinu \u00a9 SalzburgerLand Tourismus, Michael Groessinger<\/p><\/div>\n","protected":false},"excerpt":{"rendered":"<p>Rodinn\u00e1 turistika v Gasteinu Turistika s d\u011btmi je t\u00e9m\u011b\u0159 sv\u00e9bytnou sportovn\u00ed discipl\u00ednou. D\u011bti je pot\u0159eba na dovolen\u00e9 hlavn\u011b zaujmout a dop\u0159\u00e1t si tak spole\u010dn\u00e9 z\u00e1\u017eitky. T\u00fary s men\u0161\u00edmi d\u011btmi by tak\u00e9 nem\u011bly b\u00fdt p\u0159\u00edli\u0161 dlouh\u00e9 a nam\u00e1hav\u00e9. V Gasteinu se na rodinn\u00e9 dovolen\u00e9 m\u016f\u017eete vydat na v\u00fdlet po spoust\u011b tras nejr\u016fzn\u011bj\u0161\u00edch stup\u0148\u016f n\u00e1ro\u010dnosti. Probl\u00e9m nen\u00ed [&hellip;]<\/p>\n","protected":false},"author":6,"featured_media":159665,"comment_status":"closed","ping_status":"closed","sticky":false,"template":"","format":"standard","meta":{"_acf_changed":false,"wl_entities_gutenberg":"","_relevanssi_hide_post":"","_relevanssi_hide_content":"","_relevanssi_pin_for_all":"","_relevanssi_pin_keywords":"","_relevanssi_unpin_keywords":"","_relevanssi_related_keywords":"","_relevanssi_related_include_ids":"","_relevanssi_related_exclude_ids":"","_relevanssi_related_no_append":"","_relevanssi_related_not_related":"","_relevanssi_related_posts":"","_relevanssi_noindex_reason":"","footnotes":""},"categories":[1],"tags":[],"wl_entity_type":[706],"class_list":["post-159662","post","type-post","status-publish","format-standard","has-post-thumbnail","hentry","category-uncategorized","wl_entity_type-article"],"acf":[],"yoast_head":"<!-- This site is optimized with the Yoast SEO Premium plugin v27.4 (Yoast SEO v27.4) - https:\/\/yoast.com\/product\/yoast-seo-premium-wordpress\/ -->\n<title>Rodinn\u00e1 dovolen\u00e1 v Gasteinu \u00bb SalzburgerLand.com<\/title>\n<meta name=\"robots\" content=\"index, follow, max-snippet:-1, max-image-preview:large, max-video-preview:-1\" \/>\n<link rel=\"canonical\" href=\"https:\/\/www.salzburgerland.com\/cs\/gastein-rodinna-dovolena\/\" \/>\n<meta property=\"og:locale\" content=\"cs_CZ\" \/>\n<meta property=\"og:type\" content=\"article\" \/>\n<meta property=\"og:title\" content=\"Rodinn\u00e1 dovolen\u00e1 v Gasteinu\" \/>\n<meta property=\"og:description\" content=\"Rodinn\u00e1 turistika v Gasteinu Turistika s d\u011btmi je t\u00e9m\u011b\u0159 sv\u00e9bytnou sportovn\u00ed discipl\u00ednou. D\u011bti je pot\u0159eba na dovolen\u00e9 hlavn\u011b zaujmout a dop\u0159\u00e1t si tak\" \/>\n<meta property=\"og:url\" content=\"https:\/\/www.salzburgerland.com\/cs\/gastein-rodinna-dovolena\/\" \/>\n<meta property=\"og:site_name\" content=\"SalzburgerLand.com\" \/>\n<meta property=\"article:publisher\" content=\"https:\/\/www.facebook.com\/visitsalzburgerland\/\" \/>\n<meta property=\"article:published_time\" content=\"2024-04-07T08:30:15+00:00\" \/>\n<meta property=\"article:modified_time\" content=\"2024-11-19T16:07:08+00:00\" \/>\n<meta property=\"og:image\" content=\"https:\/\/www.salzburgerland.com\/cs\/wp-content\/uploads\/2024\/04\/familie-am-gastein-trail-am-hahnbalzkoepfl-c-gasteinertal-tourismus-gmbh-marktl-photography-2-3-1200x675.jpg\" \/>\n\t<meta property=\"og:image:width\" content=\"1200\" \/>\n\t<meta property=\"og:image:height\" content=\"675\" \/>\n\t<meta property=\"og:image:type\" content=\"image\/jpeg\" \/>\n<meta name=\"author\" content=\"Andrea \u017d\u00e1\u010dkov\u00e1\" \/>\n<meta name=\"twitter:card\" content=\"summary_large_image\" \/>\n<meta name=\"twitter:creator\" content=\"@salzburgerland\" \/>\n<meta name=\"twitter:site\" content=\"@salzburgerland\" \/>\n<meta name=\"twitter:label1\" content=\"Napsal(a)\" \/>\n\t<meta name=\"twitter:data1\" content=\"Andrea \u017d\u00e1\u010dkov\u00e1\" \/>\n\t<meta name=\"twitter:label2\" content=\"Odhadovan\u00e1 doba \u010dten\u00ed\" \/>\n\t<meta name=\"twitter:data2\" content=\"9 minut\" \/>\n<script type=\"application\/ld+json\" class=\"yoast-schema-graph\">{\"@context\":\"https:\\\/\\\/schema.org\",\"@graph\":[{\"@type\":\"Article\",\"@id\":\"https:\\\/\\\/www.salzburgerland.com\\\/cs\\\/gastein-rodinna-dovolena\\\/#article\",\"isPartOf\":{\"@id\":\"https:\\\/\\\/www.salzburgerland.com\\\/cs\\\/gastein-rodinna-dovolena\\\/\"},\"author\":{\"name\":\"Andrea \u017d\u00e1\u010dkov\u00e1\",\"@id\":\"https:\\\/\\\/www.salzburgerland.com\\\/cs\\\/#\\\/schema\\\/person\\\/dd42a4661897004df109095dbf40eeff\"},\"headline\":\"Rodinn\u00e1 dovolen\u00e1 v Gasteinu\",\"datePublished\":\"2024-04-07T08:30:15+00:00\",\"dateModified\":\"2024-11-19T16:07:08+00:00\",\"mainEntityOfPage\":{\"@id\":\"https:\\\/\\\/www.salzburgerland.com\\\/cs\\\/gastein-rodinna-dovolena\\\/\"},\"wordCount\":1596,\"image\":{\"@id\":\"https:\\\/\\\/www.salzburgerland.com\\\/cs\\\/gastein-rodinna-dovolena\\\/#primaryimage\"},\"thumbnailUrl\":\"https:\\\/\\\/www.salzburgerland.com\\\/cs\\\/wp-content\\\/uploads\\\/2024\\\/04\\\/familie-am-gastein-trail-am-hahnbalzkoepfl-c-gasteinertal-tourismus-gmbh-marktl-photography-2-3.jpg\",\"articleSection\":[\"Uncategorized\"],\"inLanguage\":\"cs\"},{\"@type\":\"WebPage\",\"@id\":\"https:\\\/\\\/www.salzburgerland.com\\\/cs\\\/gastein-rodinna-dovolena\\\/\",\"url\":\"https:\\\/\\\/www.salzburgerland.com\\\/cs\\\/gastein-rodinna-dovolena\\\/\",\"name\":\"Rodinn\u00e1 dovolen\u00e1 v Gasteinu \u00bb SalzburgerLand.com\",\"isPartOf\":{\"@id\":\"https:\\\/\\\/www.salzburgerland.com\\\/cs\\\/#website\"},\"primaryImageOfPage\":{\"@id\":\"https:\\\/\\\/www.salzburgerland.com\\\/cs\\\/gastein-rodinna-dovolena\\\/#primaryimage\"},\"image\":{\"@id\":\"https:\\\/\\\/www.salzburgerland.com\\\/cs\\\/gastein-rodinna-dovolena\\\/#primaryimage\"},\"thumbnailUrl\":\"https:\\\/\\\/www.salzburgerland.com\\\/cs\\\/wp-content\\\/uploads\\\/2024\\\/04\\\/familie-am-gastein-trail-am-hahnbalzkoepfl-c-gasteinertal-tourismus-gmbh-marktl-photography-2-3.jpg\",\"datePublished\":\"2024-04-07T08:30:15+00:00\",\"dateModified\":\"2024-11-19T16:07:08+00:00\",\"author\":{\"@id\":\"https:\\\/\\\/www.salzburgerland.com\\\/cs\\\/#\\\/schema\\\/person\\\/dd42a4661897004df109095dbf40eeff\"},\"description\":\"Tipy pro rodinnou dovolenou s d\u011btmi v Gasteinu. Turistika v les\u00edch, wellness a koup\u00e1n\u00ed.\",\"breadcrumb\":{\"@id\":\"https:\\\/\\\/www.salzburgerland.com\\\/cs\\\/gastein-rodinna-dovolena\\\/#breadcrumb\"},\"inLanguage\":\"cs\",\"potentialAction\":[{\"@type\":\"ReadAction\",\"target\":[\"https:\\\/\\\/www.salzburgerland.com\\\/cs\\\/gastein-rodinna-dovolena\\\/\"]}]},{\"@type\":\"ImageObject\",\"inLanguage\":\"cs\",\"@id\":\"https:\\\/\\\/www.salzburgerland.com\\\/cs\\\/gastein-rodinna-dovolena\\\/#primaryimage\",\"url\":\"https:\\\/\\\/www.salzburgerland.com\\\/cs\\\/wp-content\\\/uploads\\\/2024\\\/04\\\/familie-am-gastein-trail-am-hahnbalzkoepfl-c-gasteinertal-tourismus-gmbh-marktl-photography-2-3.jpg\",\"contentUrl\":\"https:\\\/\\\/www.salzburgerland.com\\\/cs\\\/wp-content\\\/uploads\\\/2024\\\/04\\\/familie-am-gastein-trail-am-hahnbalzkoepfl-c-gasteinertal-tourismus-gmbh-marktl-photography-2-3.jpg\",\"width\":1920,\"height\":1279,\"caption\":\"Rodinn\u00e1 t\u00fara v Gasteinu \u00a9 Gasteinertal Tourism, Manuel Marktl\"},{\"@type\":\"BreadcrumbList\",\"@id\":\"https:\\\/\\\/www.salzburgerland.com\\\/cs\\\/gastein-rodinna-dovolena\\\/#breadcrumb\",\"itemListElement\":[{\"@type\":\"ListItem\",\"position\":1,\"name\":\"Gastein v l\u00e9t\u011b\",\"item\":\"https:\\\/\\\/www.salzburgerland.com\\\/cs\\\/gastein-v-lete\\\/\"},{\"@type\":\"ListItem\",\"position\":2,\"name\":\"Rodinn\u00e1 dovolen\u00e1 v Gasteinu\"}]},{\"@type\":\"WebSite\",\"@id\":\"https:\\\/\\\/www.salzburgerland.com\\\/cs\\\/#website\",\"url\":\"https:\\\/\\\/www.salzburgerland.com\\\/cs\\\/\",\"name\":\"SalzburgerLand.com\",\"description\":\"Va\u0161e dovolen\u00e1 v Salcburku, Rakousko\",\"potentialAction\":[{\"@type\":\"SearchAction\",\"target\":{\"@type\":\"EntryPoint\",\"urlTemplate\":\"https:\\\/\\\/www.salzburgerland.com\\\/cs\\\/?s={search_term_string}\"},\"query-input\":{\"@type\":\"PropertyValueSpecification\",\"valueRequired\":true,\"valueName\":\"search_term_string\"}}],\"inLanguage\":\"cs\"},{\"@type\":\"Person\",\"@id\":\"https:\\\/\\\/www.salzburgerland.com\\\/cs\\\/#\\\/schema\\\/person\\\/dd42a4661897004df109095dbf40eeff\",\"name\":\"Andrea \u017d\u00e1\u010dkov\u00e1\",\"image\":{\"@type\":\"ImageObject\",\"inLanguage\":\"cs\",\"@id\":\"https:\\\/\\\/secure.gravatar.com\\\/avatar\\\/338deec8d231d56d0ab7b2b7d6d0aedbcb3eb05390f6c027fd5b7ebe87b67dbf?s=96&d=mm&r=g\",\"url\":\"https:\\\/\\\/secure.gravatar.com\\\/avatar\\\/338deec8d231d56d0ab7b2b7d6d0aedbcb3eb05390f6c027fd5b7ebe87b67dbf?s=96&d=mm&r=g\",\"contentUrl\":\"https:\\\/\\\/secure.gravatar.com\\\/avatar\\\/338deec8d231d56d0ab7b2b7d6d0aedbcb3eb05390f6c027fd5b7ebe87b67dbf?s=96&d=mm&r=g\",\"caption\":\"Andrea \u017d\u00e1\u010dkov\u00e1\"}}]}<\/script>\n<!-- \/ Yoast SEO Premium plugin. -->","yoast_head_json":{"title":"Rodinn\u00e1 dovolen\u00e1 v Gasteinu \u00bb SalzburgerLand.com","robots":{"index":"index","follow":"follow","max-snippet":"max-snippet:-1","max-image-preview":"max-image-preview:large","max-video-preview":"max-video-preview:-1"},"canonical":"https:\/\/www.salzburgerland.com\/cs\/gastein-rodinna-dovolena\/","og_locale":"cs_CZ","og_type":"article","og_title":"Rodinn\u00e1 dovolen\u00e1 v Gasteinu","og_description":"Rodinn\u00e1 turistika v Gasteinu Turistika s d\u011btmi je t\u00e9m\u011b\u0159 sv\u00e9bytnou sportovn\u00ed discipl\u00ednou. D\u011bti je pot\u0159eba na dovolen\u00e9 hlavn\u011b zaujmout a dop\u0159\u00e1t si tak","og_url":"https:\/\/www.salzburgerland.com\/cs\/gastein-rodinna-dovolena\/","og_site_name":"SalzburgerLand.com","article_publisher":"https:\/\/www.facebook.com\/visitsalzburgerland\/","article_published_time":"2024-04-07T08:30:15+00:00","article_modified_time":"2024-11-19T16:07:08+00:00","og_image":[{"width":1200,"height":675,"url":"https:\/\/www.salzburgerland.com\/cs\/wp-content\/uploads\/2024\/04\/familie-am-gastein-trail-am-hahnbalzkoepfl-c-gasteinertal-tourismus-gmbh-marktl-photography-2-3-1200x675.jpg","type":"image\/jpeg"}],"author":"Andrea \u017d\u00e1\u010dkov\u00e1","twitter_card":"summary_large_image","twitter_creator":"@salzburgerland","twitter_site":"@salzburgerland","twitter_misc":{"Napsal(a)":"Andrea \u017d\u00e1\u010dkov\u00e1","Odhadovan\u00e1 doba \u010dten\u00ed":"9 minut"},"schema":{"@context":"https:\/\/schema.org","@graph":[{"@type":"Article","@id":"https:\/\/www.salzburgerland.com\/cs\/gastein-rodinna-dovolena\/#article","isPartOf":{"@id":"https:\/\/www.salzburgerland.com\/cs\/gastein-rodinna-dovolena\/"},"author":{"name":"Andrea \u017d\u00e1\u010dkov\u00e1","@id":"https:\/\/www.salzburgerland.com\/cs\/#\/schema\/person\/dd42a4661897004df109095dbf40eeff"},"headline":"Rodinn\u00e1 dovolen\u00e1 v Gasteinu","datePublished":"2024-04-07T08:30:15+00:00","dateModified":"2024-11-19T16:07:08+00:00","mainEntityOfPage":{"@id":"https:\/\/www.salzburgerland.com\/cs\/gastein-rodinna-dovolena\/"},"wordCount":1596,"image":{"@id":"https:\/\/www.salzburgerland.com\/cs\/gastein-rodinna-dovolena\/#primaryimage"},"thumbnailUrl":"https:\/\/www.salzburgerland.com\/cs\/wp-content\/uploads\/2024\/04\/familie-am-gastein-trail-am-hahnbalzkoepfl-c-gasteinertal-tourismus-gmbh-marktl-photography-2-3.jpg","articleSection":["Uncategorized"],"inLanguage":"cs"},{"@type":"WebPage","@id":"https:\/\/www.salzburgerland.com\/cs\/gastein-rodinna-dovolena\/","url":"https:\/\/www.salzburgerland.com\/cs\/gastein-rodinna-dovolena\/","name":"Rodinn\u00e1 dovolen\u00e1 v Gasteinu \u00bb SalzburgerLand.com","isPartOf":{"@id":"https:\/\/www.salzburgerland.com\/cs\/#website"},"primaryImageOfPage":{"@id":"https:\/\/www.salzburgerland.com\/cs\/gastein-rodinna-dovolena\/#primaryimage"},"image":{"@id":"https:\/\/www.salzburgerland.com\/cs\/gastein-rodinna-dovolena\/#primaryimage"},"thumbnailUrl":"https:\/\/www.salzburgerland.com\/cs\/wp-content\/uploads\/2024\/04\/familie-am-gastein-trail-am-hahnbalzkoepfl-c-gasteinertal-tourismus-gmbh-marktl-photography-2-3.jpg","datePublished":"2024-04-07T08:30:15+00:00","dateModified":"2024-11-19T16:07:08+00:00","author":{"@id":"https:\/\/www.salzburgerland.com\/cs\/#\/schema\/person\/dd42a4661897004df109095dbf40eeff"},"description":"Tipy pro rodinnou dovolenou s d\u011btmi v Gasteinu. Turistika v les\u00edch, wellness a koup\u00e1n\u00ed.","breadcrumb":{"@id":"https:\/\/www.salzburgerland.com\/cs\/gastein-rodinna-dovolena\/#breadcrumb"},"inLanguage":"cs","potentialAction":[{"@type":"ReadAction","target":["https:\/\/www.salzburgerland.com\/cs\/gastein-rodinna-dovolena\/"]}]},{"@type":"ImageObject","inLanguage":"cs","@id":"https:\/\/www.salzburgerland.com\/cs\/gastein-rodinna-dovolena\/#primaryimage","url":"https:\/\/www.salzburgerland.com\/cs\/wp-content\/uploads\/2024\/04\/familie-am-gastein-trail-am-hahnbalzkoepfl-c-gasteinertal-tourismus-gmbh-marktl-photography-2-3.jpg","contentUrl":"https:\/\/www.salzburgerland.com\/cs\/wp-content\/uploads\/2024\/04\/familie-am-gastein-trail-am-hahnbalzkoepfl-c-gasteinertal-tourismus-gmbh-marktl-photography-2-3.jpg","width":1920,"height":1279,"caption":"Rodinn\u00e1 t\u00fara v Gasteinu \u00a9 Gasteinertal Tourism, Manuel Marktl"},{"@type":"BreadcrumbList","@id":"https:\/\/www.salzburgerland.com\/cs\/gastein-rodinna-dovolena\/#breadcrumb","itemListElement":[{"@type":"ListItem","position":1,"name":"Gastein v l\u00e9t\u011b","item":"https:\/\/www.salzburgerland.com\/cs\/gastein-v-lete\/"},{"@type":"ListItem","position":2,"name":"Rodinn\u00e1 dovolen\u00e1 v Gasteinu"}]},{"@type":"WebSite","@id":"https:\/\/www.salzburgerland.com\/cs\/#website","url":"https:\/\/www.salzburgerland.com\/cs\/","name":"SalzburgerLand.com","description":"Va\u0161e dovolen\u00e1 v Salcburku, Rakousko","potentialAction":[{"@type":"SearchAction","target":{"@type":"EntryPoint","urlTemplate":"https:\/\/www.salzburgerland.com\/cs\/?s={search_term_string}"},"query-input":{"@type":"PropertyValueSpecification","valueRequired":true,"valueName":"search_term_string"}}],"inLanguage":"cs"},{"@type":"Person","@id":"https:\/\/www.salzburgerland.com\/cs\/#\/schema\/person\/dd42a4661897004df109095dbf40eeff","name":"Andrea \u017d\u00e1\u010dkov\u00e1","image":{"@type":"ImageObject","inLanguage":"cs","@id":"https:\/\/secure.gravatar.com\/avatar\/338deec8d231d56d0ab7b2b7d6d0aedbcb3eb05390f6c027fd5b7ebe87b67dbf?s=96&d=mm&r=g","url":"https:\/\/secure.gravatar.com\/avatar\/338deec8d231d56d0ab7b2b7d6d0aedbcb3eb05390f6c027fd5b7ebe87b67dbf?s=96&d=mm&r=g","contentUrl":"https:\/\/secure.gravatar.com\/avatar\/338deec8d231d56d0ab7b2b7d6d0aedbcb3eb05390f6c027fd5b7ebe87b67dbf?s=96&d=mm&r=g","caption":"Andrea \u017d\u00e1\u010dkov\u00e1"}}]}},"_wl_alt_label":[],"wl:entity_url":"http:\/\/open.salzburgerland.com\/cs\/post\/gastein-rodinna-dovolena-159662","_links":{"self":[{"href":"https:\/\/www.salzburgerland.com\/cs\/wp-json\/wp\/v2\/posts\/159662","targetHints":{"allow":["GET"]}}],"collection":[{"href":"https:\/\/www.salzburgerland.com\/cs\/wp-json\/wp\/v2\/posts"}],"about":[{"href":"https:\/\/www.salzburgerland.com\/cs\/wp-json\/wp\/v2\/types\/post"}],"author":[{"embeddable":true,"href":"https:\/\/www.salzburgerland.com\/cs\/wp-json\/wp\/v2\/users\/6"}],"replies":[{"embeddable":true,"href":"https:\/\/www.salzburgerland.com\/cs\/wp-json\/wp\/v2\/comments?post=159662"}],"version-history":[{"count":6,"href":"https:\/\/www.salzburgerland.com\/cs\/wp-json\/wp\/v2\/posts\/159662\/revisions"}],"predecessor-version":[{"id":161196,"href":"https:\/\/www.salzburgerland.com\/cs\/wp-json\/wp\/v2\/posts\/159662\/revisions\/161196"}],"wp:featuredmedia":[{"embeddable":true,"href":"https:\/\/www.salzburgerland.com\/cs\/wp-json\/wp\/v2\/media\/159665"}],"wp:attachment":[{"href":"https:\/\/www.salzburgerland.com\/cs\/wp-json\/wp\/v2\/media?parent=159662"}],"wp:term":[{"taxonomy":"category","embeddable":true,"href":"https:\/\/www.salzburgerland.com\/cs\/wp-json\/wp\/v2\/categories?post=159662"},{"taxonomy":"post_tag","embeddable":true,"href":"https:\/\/www.salzburgerland.com\/cs\/wp-json\/wp\/v2\/tags?post=159662"},{"taxonomy":"wl_entity_type","embeddable":true,"href":"https:\/\/www.salzburgerland.com\/cs\/wp-json\/wp\/v2\/wl_entity_type?post=159662"}],"curies":[{"name":"wp","href":"https:\/\/api.w.org\/{rel}","templated":true}]}}