{"id":159397,"date":"2024-03-27T14:41:18","date_gmt":"2024-03-27T13:41:18","guid":{"rendered":"https:\/\/www.salzburgerland.com\/cs\/?p=159397"},"modified":"2024-03-28T09:41:41","modified_gmt":"2024-03-28T08:41:41","slug":"altenmarkt-zauchensee-turistika","status":"publish","type":"post","link":"https:\/\/www.salzburgerland.com\/cs\/altenmarkt-zauchensee-turistika\/","title":{"rendered":"Turistika v Altenmarkt-Zauchensee"},"content":{"rendered":"<p>Oblast Altenmarkt-Zauchensee je ide\u00e1ln\u00edm m\u00edstem pro v\u0161echny, kte\u0159\u00ed miluj\u00ed hory a d\u00e1vaj\u00ed p\u0159ednost aktivn\u00ed dovolen\u00e9 v p\u0159\u00edrod\u011b. \u010cekaj\u00ed zde na alpsk\u00e9 pastviny a horsk\u00e9 vrcholy, stejn\u011b jako fantastick\u00e9 turistick\u00e9 trasy v\u0161ech stup\u0148\u016f obt\u00ed\u017enosti. Kdo si chce u\u017e\u00edt pohodovou rodinnou dovolenou, vybere si Altenmarkt (842 m), kdo preferuje sportovn\u00ed v\u00fdzvy, najde je v Zauchensee (1350 m). Ob\u011b \u010d\u00e1sti st\u0159ediska tvo\u0159\u00ed jedine\u010dnou kombinaci dvou bl\u00edzk\u00fdch, ale diametr\u00e1ln\u011b odli\u0161n\u00fdch turistick\u00fdch lokalit.<\/p>\n<p>Rozmanit\u00e1 s\u00ed\u0165 tras v Altenmarkt-Zauchensee vede kolem hory Lackenkogel. Tvo\u0159\u00ed ji 20 jednotn\u011b \u017elut\u011b zna\u010den\u00fdch stezek o celkov\u00e9 d\u00e9lce 195 km. K nim se p\u0159ipojuj\u00ed dal\u0161\u00ed, kter\u00e9 se t\u00e1hnou cel\u00fdm regionem <a href=\"https:\/\/www.salzburgerland.com\/cs\/salcbursky-sportovni-svet-v-lete\/\">Salcbursk\u00e9ho sportovn\u00edho sv\u011bta<\/a> a ve fin\u00e1le dosahuj\u00ed \u00factyhodn\u00e9 vzd\u00e1lenosti 1000 km.<\/p>\n<div id=\"attachment_151211\" style=\"width: 1034px\" class=\"wp-caption alignnone\"><img decoding=\"async\" aria-describedby=\"caption-attachment-151211\" class=\"size-medium wp-image-151211\" src=\"https:\/\/www.salzburgerland.com\/cs\/wp-content\/uploads\/2016\/11\/altenmarkt-zauchensee-tourismus_sommer_lackenalmen-1-1170x658-1-1024x569.jpg\" alt=\"Z\u00e1pad slunce nad horsk\u00fdmi sala\u0161emi v turistick\u00e9 oblasti Altenmarkt-Zauchensee\" width=\"1024\" height=\"569\" srcset=\"https:\/\/www.salzburgerland.com\/cs\/wp-content\/uploads\/2016\/11\/altenmarkt-zauchensee-tourismus_sommer_lackenalmen-1-1170x658-1-1024x569.jpg 1024w, https:\/\/www.salzburgerland.com\/cs\/wp-content\/uploads\/2016\/11\/altenmarkt-zauchensee-tourismus_sommer_lackenalmen-1-1170x658-1-370x206.jpg 370w, https:\/\/www.salzburgerland.com\/cs\/wp-content\/uploads\/2016\/11\/altenmarkt-zauchensee-tourismus_sommer_lackenalmen-1-1170x658-1-270x150.jpg 270w, https:\/\/www.salzburgerland.com\/cs\/wp-content\/uploads\/2016\/11\/altenmarkt-zauchensee-tourismus_sommer_lackenalmen-1-1170x658-1-540x300.jpg 540w\" sizes=\"(max-width: 1024px) 100vw, 1024px\"><p id=\"caption-attachment-151211\" class=\"wp-caption-text\">Sala\u0161e na pastvin\u00e1ch v turistick\u00e9 oblasti Altenmarkt-Zauchensee \u00a9 Altenmarkt-Zauchensee Tourismus\/Hans Huber Photos<\/p><\/div>\n<h3>Turistika v n\u00e1dhern\u00e9 scen\u00e9rii Alp<\/h3>\n<p>Pro rodiny s d\u011btmi doporu\u010dujeme turistickou stezku <a href=\"https:\/\/www.altenmarkt-zauchensee.at\/en\/tours\/tauernkarleiten-tour.html\" target=\"_blank\" rel=\"noopener\">Tauernkarleiten-Tour<\/a>. Ti, kte\u0159\u00ed by se r\u00e1di vydali na d\u00e1lkovou t\u00faru, maj\u00ed na dosah ruky<a href=\"https:\/\/www.salzburgerland.com\/cs\/vicedenni-tury\/\"> Salcburskou sala\u0161nickou stezku<\/a> (Salzburger Almenweg)<br>\nnebo poutn\u00ed cestu <a href=\"https:\/\/www.altenmarkt-zauchensee.at\/en\/tours\/arno-trailstage-49-zauchensee-altenmarkt.html\" target=\"_blank\" rel=\"noopener\">Arnoweg<\/a>. K dispozici je tak\u00e9 \u0161est tematick\u00fdch nau\u010dn\u00fdch stezek. <span>Na \u201eM\u011bs\u00ed\u010dn\u00ed stezce\u201c <a href=\"https:\/\/www.altenmarkt-zauchensee.at\/en\/activities\/mondweg.html\" target=\"_blank\" rel=\"noopener\"><strong>Mondweg<\/strong> <\/a>v d\u011bji\u0161ti Sv\u011btov\u00e9ho poh\u00e1ru v Zauchensee na sedmi interaktivn\u00edch stanovi\u0161t\u00edch zjist\u00edte zaj\u00edmav\u00e1 fakta o M\u011bs\u00edci. V hv\u011bzd\u00e1rn\u011b se pod\u00edv\u00e1te na oblohu dalekohledem, na zast\u00e1vce pro na\u010derp\u00e1n\u00ed energie se dozv\u00edte v\u0161e o vlivu M\u011bs\u00edce na d\u0159evo a v zahrad\u011b s m\u011bs\u00ed\u010dn\u00edm kr\u00e1terem m\u016f\u017eete sb\u00edrat bylinky, kter\u00e9 by se m\u011bly sb\u00edrat pouze v ur\u010dit\u00e9 f\u00e1zi M\u011bs\u00edce, aby obsahovaly nejv\u00edce \u00fa\u010dinn\u00fdch l\u00e1tek. <\/span><\/p>\n\n\t\t\t<div id=\"159397-1\" class=\"gallery gallery-159397 gallery-columns-3 gallery-size-1170_658\" itemscope itemtype=\"http:\/\/schema.org\/ImageGallery\">\n\t\t\t\t<ul class=\"gallery-row gallery-col-3 gallery-clear\">\n\t\t\t\t\t<li class=\"gallery-item col-3\" itemprop=\"associatedMedia\" itemscope itemtype=\"http:\/\/schema.org\/ImageObject\">\n\t\t\t\t\t\t<div class=\"gallery-icon landscape\"><a href=\"https:\/\/www.salzburgerland.com\/cs\/wp-content\/uploads\/2022\/05\/mondweg-2-1918x1067.jpg\" title=\"mondweg-2\"><img decoding=\"async\" data-title=\"Nau\u010dn\u00e1 stezka o M\u011bs\u00edci v Zauchensee \u00a9 Altenmarkt-Zauchensee\" title=\"Nau\u010dn\u00e1 stezka o M\u011bs\u00edci v Zauchensee \u00a9 Altenmarkt-Zauchensee\" data-caption=\"Nau\u010dn\u00e1 stezka o M\u011bs\u00edci v Zauchensee \u00a9 Altenmarkt-Zauchensee\" width=\"1170\" height=\"658\" src=\"https:\/\/www.salzburgerland.com\/cs\/wp-content\/uploads\/2022\/05\/mondweg-2-1170x658.jpg\" class=\"attachment-1170_658 size-1170_658\" alt=\"Na \u201eM\u011bs\u00ed\u010dn\u00ed stezce\u201c Mondweg v d\u011bji\u0161ti Sv\u011btov\u00e9ho poh\u00e1ru v Zauchensee na sedmi interaktivn\u00edch stanovi\u0161t\u00edch zjist\u00edte zaj\u00edmav\u00e1 fakta o M\u011bs\u00edci. (Zv\u011bt\u0161en\u00fd pohled)\" srcset=\"https:\/\/www.salzburgerland.com\/cs\/wp-content\/uploads\/2022\/05\/mondweg-2-1170x658.jpg 1170w, https:\/\/www.salzburgerland.com\/cs\/wp-content\/uploads\/2022\/05\/mondweg-2-1200x675.jpg 1200w\" sizes=\"(max-width: 1170px) 100vw, 1170px\" aria-describedby=\"figcaption-159397-155719\" itemprop=\"thumbnail\"><\/a><\/div>\n\t\t\t\t\t\t<span id=\"figcaption-159397-155719\" class=\"gallery-caption\" itemprop=\"caption\"><span aria-hidden=\"true\">Nau\u010dn\u00e1 stezka o M\u011bs\u00edci v Zauchensee \u00a9 Altenmarkt-Zauchensee<\/span><\/span>\n\t\t\t\t\t<\/li>\n\t\t\t\t\t<li class=\"gallery-item col-3\" itemprop=\"associatedMedia\" itemscope itemtype=\"http:\/\/schema.org\/ImageObject\">\n\t\t\t\t\t\t<div class=\"gallery-icon landscape\"><a href=\"https:\/\/www.salzburgerland.com\/cs\/wp-content\/uploads\/2024\/03\/almenweg-in-altenmarkt-zauchensee-1601x1067-1.jpg\" title=\"almenweg-in-altenmarkt-zauchensee-1601x1067\"><img decoding=\"async\" data-title=\"Odpo\u010dinek b\u011bhem t\u00fary na Salcbursk\u00e9 sala\u0161nick\u00e9 stezce \u00a9 Lorenz Masser\" title=\"Odpo\u010dinek b\u011bhem t\u00fary na Salcbursk\u00e9 sala\u0161nick\u00e9 stezce \u00a9 Lorenz Masser\" data-caption=\"Odpo\u010dinek b\u011bhem t\u00fary na Salcbursk\u00e9 sala\u0161nick\u00e9 stezce \u00a9 Lorenz Masser\" width=\"1170\" height=\"658\" src=\"https:\/\/www.salzburgerland.com\/cs\/wp-content\/uploads\/2024\/03\/almenweg-in-altenmarkt-zauchensee-1601x1067-1-1170x658.jpg\" class=\"attachment-1170_658 size-1170_658\" alt=\"Oblast\u00ed Altenmarkt-Zauchensee proch\u00e1z\u00ed zn\u00e1m\u00e1 d\u00e1lkov\u00e1 turistick\u00e1 trasa Salzburger Almenweg (Zv\u011bt\u0161en\u00fd pohled)\" srcset=\"https:\/\/www.salzburgerland.com\/cs\/wp-content\/uploads\/2024\/03\/almenweg-in-altenmarkt-zauchensee-1601x1067-1-1170x658.jpg 1170w, https:\/\/www.salzburgerland.com\/cs\/wp-content\/uploads\/2024\/03\/almenweg-in-altenmarkt-zauchensee-1601x1067-1-1200x675.jpg 1200w\" sizes=\"(max-width: 1170px) 100vw, 1170px\" aria-describedby=\"figcaption-159397-159406\" itemprop=\"thumbnail\"><\/a><\/div>\n\t\t\t\t\t\t<span id=\"figcaption-159397-159406\" class=\"gallery-caption\" itemprop=\"caption\"><span aria-hidden=\"true\">Odpo\u010dinek b\u011bhem t\u00fary na Salcbursk\u00e9 sala\u0161nick\u00e9 stezce \u00a9 Lorenz Masser<\/span><\/span>\n\t\t\t\t\t<\/li>\n\t\t\t\t\t<li class=\"gallery-item col-3\" itemprop=\"associatedMedia\" itemscope itemtype=\"http:\/\/schema.org\/ImageObject\">\n\t\t\t\t\t\t<div class=\"gallery-icon landscape\"><a href=\"https:\/\/www.salzburgerland.com\/cs\/wp-content\/uploads\/2024\/03\/familienwanderung-in-altenmarkt-zauchensee-1170x658-1.jpg\" title=\"familienwanderung-in-altenmarkt-zauchensee-1170x658\"><img decoding=\"async\" data-title=\"P\u011b\u0161\u00ed t\u00fara s d\u011btmi na Tauernkarleitenalm \u00a9 Matthias Fritzenwallner\" title=\"P\u011b\u0161\u00ed t\u00fara s d\u011btmi na Tauernkarleitenalm \u00a9 Matthias Fritzenwallner\" data-caption=\"P\u011b\u0161\u00ed t\u00fara s d\u011btmi na Tauernkarleitenalm \u00a9 Matthias Fritzenwallner\" width=\"1170\" height=\"658\" src=\"https:\/\/www.salzburgerland.com\/cs\/wp-content\/uploads\/2024\/03\/familienwanderung-in-altenmarkt-zauchensee-1170x658-1.jpg\" class=\"attachment-1170_658 size-1170_658\" alt=\"P\u011b\u0161\u00ed t\u00fara s d\u011btmi na Tauernkarleitenalm (Zv\u011bt\u0161en\u00fd pohled)\" srcset=\"https:\/\/www.salzburgerland.com\/cs\/wp-content\/uploads\/2024\/03\/familienwanderung-in-altenmarkt-zauchensee-1170x658-1.jpg 1170w, https:\/\/www.salzburgerland.com\/cs\/wp-content\/uploads\/2024\/03\/familienwanderung-in-altenmarkt-zauchensee-1170x658-1-768x432.jpg 768w\" sizes=\"(max-width: 1170px) 100vw, 1170px\" aria-describedby=\"figcaption-159397-159408\" itemprop=\"thumbnail\"><\/a><\/div>\n\t\t\t\t\t\t<span id=\"figcaption-159397-159408\" class=\"gallery-caption\" itemprop=\"caption\"><span aria-hidden=\"true\">P\u011b\u0161\u00ed t\u00fara s d\u011btmi na Tauernkarleitenalm \u00a9 Matthias Fritzenwallner<\/span><\/span>\n\t\t\t\t\t<\/li>\n\t\t\t\t<\/ul>\n\t\t\t<\/div><!-- .gallery -->\n\n<p><span>Na stezce <strong><a href=\"https:\/\/www.altenmarkt-zauchensee.at\/en\/activities\/country-lores-trail.html\" target=\"_blank\" rel=\"noopener\">Bauernregelweg<\/a> <\/strong>kolem<\/span> Altenmarktu zase pozn\u00e1te, co v\u011bd\u011bli na\u0161i p\u0159edkov\u00e9 o po\u010das\u00ed a sezn\u00e1m\u00edte se s nejr\u016fzn\u011bj\u0161\u00edmi pranostikami. Mnoho pohodov\u00fdch tras p\u0159\u00edrodou vede i \u00fadol\u00edm.\u00a0Ti, co tou\u017e\u00ed zdol\u00e1vat horsk\u00e9 \u0161t\u00edty, \u010dek\u00e1 v Altenmarktu hora Lackenkogel (2 051 m). A ti, kte\u0159\u00ed necht\u011bj\u00ed zdol\u00e1vat vy\u0161\u0161\u00ed trasy, mohou vyjet seda\u010dkovou lanovkou Gamskogelbahn I v Zauchensee do hor.<\/p>\n<div id=\"attachment_159413\" style=\"width: 1034px\" class=\"wp-caption alignnone\"><img decoding=\"async\" aria-describedby=\"caption-attachment-159413\" class=\"wp-image-159413 size-medium\" src=\"https:\/\/www.salzburgerland.com\/cs\/wp-content\/uploads\/2024\/03\/seilbahnwandern-in-zauchensee-1170x658-1-1024x569.jpg\" alt=\"Seda\u010dkov\u00e1 lanovka na vrchol lanovky Gamskogel \" width=\"1024\" height=\"569\" srcset=\"https:\/\/www.salzburgerland.com\/cs\/wp-content\/uploads\/2024\/03\/seilbahnwandern-in-zauchensee-1170x658-1-1024x569.jpg 1024w, https:\/\/www.salzburgerland.com\/cs\/wp-content\/uploads\/2024\/03\/seilbahnwandern-in-zauchensee-1170x658-1-370x206.jpg 370w, https:\/\/www.salzburgerland.com\/cs\/wp-content\/uploads\/2024\/03\/seilbahnwandern-in-zauchensee-1170x658-1-270x150.jpg 270w, https:\/\/www.salzburgerland.com\/cs\/wp-content\/uploads\/2024\/03\/seilbahnwandern-in-zauchensee-1170x658-1-540x300.jpg 540w\" sizes=\"(max-width: 1024px) 100vw, 1024px\"><p id=\"caption-attachment-159413\" class=\"wp-caption-text\">Seda\u010dkov\u00e1 lanovka na vrchol lanovky Gamskogel \u00a9 Liftgesellschaft Zauchensee<\/p><\/div>\n<h3>Turistika s pr\u016fvodcem<\/h3>\n<p>V turistick\u00e9m st\u0159edisku Altenmarkt-Zauchensee si vyberete z n\u011bkolika v\u00fdlet\u016f s pr\u016fvodcem. B\u011bhem l\u00e9ta a podzimu se m\u016f\u017ee ka\u017ed\u00fd dvakr\u00e1t t\u00fddn\u011b p\u0159ipojit k turistick\u00e9 skupin\u011b, bezstarostn\u011b si u\u017e\u00edvat n\u00e1dheru alpsk\u00e9 p\u0159\u00edrody a zdrav\u00fd alpsk\u00fd vzduch.<\/p>\n<h3>Turistika s d\u011btmi<\/h3>\n<p>Pr\u00e1zdninov\u00fd r\u00e1j v srdci Salcburska je obzvl\u00e1\u0161t\u011b atraktivn\u00ed pro rodiny s d\u011btmi, kter\u00e9 preferuj\u00ed aktivn\u00ed dovolenou. Speci\u00e1ln\u00ed tematick\u00e9 stezky a t\u00fary s pr\u016fvodcem d\u011blaj\u00ed z p\u011b\u0161\u00ed turistiky pro d\u011bti vzru\u0161uj\u00edc\u00ed dobrodru\u017estv\u00ed. Tyto stezky vedou \u00fachvatn\u00fdmi scen\u00e9riemi alpsk\u00fdch vrchol\u016f. Nab\u00edzej\u00ed spoustu nezapomenuteln\u00fdch z\u00e1\u017eitk\u016f a objev\u016f. Jsou vhodn\u00e9 i pro rodi\u010de s mal\u00fdmi d\u011btmi a lze po nich jet s ko\u010d\u00e1rky (nezapome\u0148te ale na ru\u010dn\u00ed brzdu!). Men\u0161\u00ed d\u011bti je mo\u017en\u00e9 vz\u00edt s sebou i v nos\u00edtku, proch\u00e1zka by v\u0161ak nem\u011bla trvat d\u00e9le ne\u017e 1,5 hodiny. Nezapome\u0148te tak\u00e9, \u017ee d\u011bti by m\u011bly m\u00edt s sebou o n\u011bco teplej\u0161\u00ed oble\u010den\u00ed ne\u017e rodi\u010de, po\u010das\u00ed v Alp\u00e1ch je ob\u010das zr\u00e1dn\u00e9. Pod\u00edvejte se tak\u00e9 na na\u0161e <a href=\"https:\/\/www.salzburgerland.com\/cs\/bezpecnost-v-horach-v-lete\/\">dal\u0161\u00ed tipy<\/a> pro bezpe\u010dnou dovolenou.<\/p>\n\n\t\t\t<div id=\"159397-2\" class=\"gallery gallery-159397 gallery-columns-3 gallery-size-1170_658\" itemscope itemtype=\"http:\/\/schema.org\/ImageGallery\">\n\t\t\t\t<ul class=\"gallery-row gallery-col-3 gallery-clear\">\n\t\t\t\t\t<li class=\"gallery-item col-3\" itemprop=\"associatedMedia\" itemscope itemtype=\"http:\/\/schema.org\/ImageObject\">\n\t\t\t\t\t\t<div class=\"gallery-icon landscape\"><a href=\"https:\/\/www.salzburgerland.com\/cs\/wp-content\/uploads\/2024\/03\/wanderung-tauernkarleitenalm-in-altenmarkt-zauchensee-1170x658-1.jpg\" title=\"wanderung-tauernkarleitenalm-in-altenmarkt-zauchensee-1170x658\"><img decoding=\"async\" data-title=\"V\u00fdlet s d\u011btmi na pastvin\u00e1ch Tauernkarleitenalm \u00a9 Matthias Fritzenwallner\n\n\" title=\"V\u00fdlet s d\u011btmi na pastvin\u00e1ch Tauernkarleitenalm \u00a9 Matthias Fritzenwallner\n\n\" data-caption=\"V\u00fdlet s d\u011btmi na pastvin\u00e1ch Tauernkarleitenalm \u00a9 Matthias Fritzenwallner\n\n\" width=\"1170\" height=\"658\" src=\"https:\/\/www.salzburgerland.com\/cs\/wp-content\/uploads\/2024\/03\/wanderung-tauernkarleitenalm-in-altenmarkt-zauchensee-1170x658-1.jpg\" class=\"attachment-1170_658 size-1170_658\" alt=\"V\u00fdlet s d\u011btmi na pastvin\u00e1ch se sala\u0161emi Tauernkarleitenalm (Zv\u011bt\u0161en\u00fd pohled)\" srcset=\"https:\/\/www.salzburgerland.com\/cs\/wp-content\/uploads\/2024\/03\/wanderung-tauernkarleitenalm-in-altenmarkt-zauchensee-1170x658-1.jpg 1170w, https:\/\/www.salzburgerland.com\/cs\/wp-content\/uploads\/2024\/03\/wanderung-tauernkarleitenalm-in-altenmarkt-zauchensee-1170x658-1-768x432.jpg 768w\" sizes=\"(max-width: 1170px) 100vw, 1170px\" aria-describedby=\"figcaption-159397-159382\" itemprop=\"thumbnail\"><\/a><\/div>\n\t\t\t\t\t\t<span id=\"figcaption-159397-159382\" class=\"gallery-caption\" itemprop=\"caption\"><span aria-hidden=\"true\">V\u00fdlet s d\u011btmi na pastvin\u00e1ch Tauernkarleitenalm \u00a9 Matthias Fritzenwallner\n\n<\/span><\/span>\n\t\t\t\t\t<\/li>\n\t\t\t\t\t<li class=\"gallery-item col-3\" itemprop=\"associatedMedia\" itemscope itemtype=\"http:\/\/schema.org\/ImageObject\">\n\t\t\t\t\t\t<div class=\"gallery-icon landscape\"><a href=\"https:\/\/www.salzburgerland.com\/cs\/wp-content\/uploads\/2024\/03\/lackenalmen-in-altenmarkt-zauchensee-1601x1067-1.jpg\" title=\"lackenalmen-in-altenmarkt-zauchensee-1601x1067\"><img decoding=\"async\" data-title=\"Kvetouc\u00ed alpsk\u00e9 pastviny Lackenalmen v Altenmarkt-Zauchensee \u00a9 Matthias Fritzenwallner\n\" title=\"Kvetouc\u00ed alpsk\u00e9 pastviny Lackenalmen v Altenmarkt-Zauchensee \u00a9 Matthias Fritzenwallner\n\" data-caption=\"Kvetouc\u00ed alpsk\u00e9 pastviny Lackenalmen v Altenmarkt-Zauchensee \u00a9 Matthias Fritzenwallner\n\" width=\"1170\" height=\"658\" src=\"https:\/\/www.salzburgerland.com\/cs\/wp-content\/uploads\/2024\/03\/lackenalmen-in-altenmarkt-zauchensee-1601x1067-1-1170x658.jpg\" class=\"attachment-1170_658 size-1170_658\" alt=\"Kvetouc\u00ed, sv\u011b\u017e\u00ed alpsk\u00e9 pastviny Lackenalmen v Altenmarkt-Zauchensee (Zv\u011bt\u0161en\u00fd pohled)\" srcset=\"https:\/\/www.salzburgerland.com\/cs\/wp-content\/uploads\/2024\/03\/lackenalmen-in-altenmarkt-zauchensee-1601x1067-1-1170x658.jpg 1170w, https:\/\/www.salzburgerland.com\/cs\/wp-content\/uploads\/2024\/03\/lackenalmen-in-altenmarkt-zauchensee-1601x1067-1-1200x675.jpg 1200w\" sizes=\"(max-width: 1170px) 100vw, 1170px\" aria-describedby=\"figcaption-159397-159411\" itemprop=\"thumbnail\"><\/a><\/div>\n\t\t\t\t\t\t<span id=\"figcaption-159397-159411\" class=\"gallery-caption\" itemprop=\"caption\"><span aria-hidden=\"true\">Kvetouc\u00ed alpsk\u00e9 pastviny Lackenalmen v Altenmarkt-Zauchensee \u00a9 Matthias Fritzenwallner\n<\/span><\/span>\n\t\t\t\t\t<\/li>\n\t\t\t\t\t<li class=\"gallery-item col-3\" itemprop=\"associatedMedia\" itemscope itemtype=\"http:\/\/schema.org\/ImageObject\">\n\t\t\t\t\t\t<div class=\"gallery-icon landscape\"><a href=\"https:\/\/www.salzburgerland.com\/cs\/wp-content\/uploads\/2024\/03\/alm-in-altenmarkt-zauchensee-1601x1067-1.jpg\" title=\"alm-in-altenmarkt-zauchensee-1601x1067\"><img decoding=\"async\" data-title=\"Horsk\u00e1 sala\u0161 na pastvin\u011b\u00a9 Christiana Schartnera\n\" title=\"Horsk\u00e1 sala\u0161 na pastvin\u011b\u00a9 Christiana Schartnera\n\" data-caption=\"Horsk\u00e1 sala\u0161 na pastvin\u011b\u00a9 Christiana Schartnera\n\" width=\"1170\" height=\"658\" src=\"https:\/\/www.salzburgerland.com\/cs\/wp-content\/uploads\/2024\/03\/alm-in-altenmarkt-zauchensee-1601x1067-1-1170x658.jpg\" class=\"attachment-1170_658 size-1170_658\" alt=\"Pod st\u0159echou d\u0159ev\u011bn\u00e9 sala\u0161e na pastvin\u011b vis\u00ed plechov\u00e9 bandasky na ml\u00e9ko (Zv\u011bt\u0161en\u00fd pohled)\" srcset=\"https:\/\/www.salzburgerland.com\/cs\/wp-content\/uploads\/2024\/03\/alm-in-altenmarkt-zauchensee-1601x1067-1-1170x658.jpg 1170w, https:\/\/www.salzburgerland.com\/cs\/wp-content\/uploads\/2024\/03\/alm-in-altenmarkt-zauchensee-1601x1067-1-1200x675.jpg 1200w\" sizes=\"(max-width: 1170px) 100vw, 1170px\" aria-describedby=\"figcaption-159397-159407\" itemprop=\"thumbnail\"><\/a><\/div>\n\t\t\t\t\t\t<span id=\"figcaption-159397-159407\" class=\"gallery-caption\" itemprop=\"caption\"><span aria-hidden=\"true\">Horsk\u00e1 sala\u0161 na pastvin\u011b\u00a9 Christiana Schartnera\n<\/span><\/span>\n\t\t\t\t\t<\/li>\n\t\t\t\t<\/ul>\n\t\t\t<\/div><!-- .gallery -->\n\n<h3>10 pravidel pro turistiku v hor\u00e1ch s d\u011btmi<\/h3>\n<ol>\n<li>Organizujte t\u00fary podle schopnost\u00ed sv\u00fdch d\u011bt\u00ed. D\u011blejte si kr\u00e1tk\u00e9 p\u0159est\u00e1vky na hry a aktivity.<\/li>\n<li>Napl\u00e1nujte si dvakr\u00e1t v\u00edce \u010dasu, ne\u017e je uvedeno v pr\u016fvodci.<\/li>\n<li>Nezapome\u0148te si vz\u00edt \u010depice a ochranu proti slunci i de\u0161ti.<\/li>\n<li>Zkontrolujte p\u0159edpov\u011b\u010f po\u010das\u00ed a p\u0159i prvn\u00edch zn\u00e1mk\u00e1ch zm\u011bny po\u010das\u00ed se oto\u010dte.<\/li>\n<li>Do kapesn\u00ed l\u00e9k\u00e1rni\u010dky si p\u0159ibalte n\u00e1plasti a repelent proti hmyzu.<\/li>\n<li>Navna\u010fte mal\u00e9 d\u011bti na atraktivn\u00ed c\u00edle (d\u011btsk\u00e9 h\u0159i\u0161t\u011b, mini zoo).<\/li>\n<li>Zvolte oble\u010den\u00ed, kter\u00e9 rychle schne a chr\u00e1n\u00ed p\u0159ed chladem.<\/li>\n<li>D\u011btsk\u00e1 obuv mus\u00ed m\u00edt tvarovanou podr\u00e1\u017eku.<\/li>\n<li>Vezm\u011bte si s sebou dostatek z\u00e1sob a n\u00e1poj\u016f.<\/li>\n<li>Vezm\u011bte si nabit\u00fd mobiln\u00ed telefon s ulo\u017een\u00fdmi t\u00eds\u0148ov\u00fdmi \u010d\u00edsly (112 nebo 140)!<\/li>\n<\/ol>\n<h3>Z\u00e1\u017eitkov\u00e1 hora Gamskogel nad Zauchensee<\/h3>\n<p>Lanovka Gamskogelbahn I (horn\u00ed stanice 1 900 m) vede od jezera Zauchensee na horu Gamskogel. Osm minut ch\u016fze je to pak k chat\u011b Gamskogelh\u00fctte, kde se nach\u00e1z\u00ed dobrodru\u017en\u00e9 h\u0159i\u0161t\u011b. Za\u010d\u00edn\u00e1 zde okru\u017en\u00ed trasa k jezeru Seekarsee, kde m\u016f\u017eete skv\u011ble \u201edob\u00edt baterky\u201c. V\u00fdlet trv\u00e1 necelou hodinu. Mezi chatou a jezerem jezd\u00ed v hlavn\u00ed pr\u00e1zdninov\u00e9 sez\u00f3n\u011b turistick\u00fd vl\u00e1\u010dek \u201eZauchi\u201c.<\/p>\n<div id=\"attachment_159374\" style=\"width: 1034px\" class=\"wp-caption alignnone\"><img decoding=\"async\" aria-describedby=\"caption-attachment-159374\" class=\"wp-image-159374 size-medium\" src=\"https:\/\/www.salzburgerland.com\/cs\/wp-content\/uploads\/2024\/03\/erlebnisberg-gamskogel-in-altenmarkt-zauchensee-1170x658-1-1024x569.jpg\" alt=\"Na z\u00e1\u017eitkovou horu Gamskogel s h\u0159i\u0161t\u011bm vede lanovka \" width=\"1024\" height=\"569\" srcset=\"https:\/\/www.salzburgerland.com\/cs\/wp-content\/uploads\/2024\/03\/erlebnisberg-gamskogel-in-altenmarkt-zauchensee-1170x658-1-1024x569.jpg 1024w, https:\/\/www.salzburgerland.com\/cs\/wp-content\/uploads\/2024\/03\/erlebnisberg-gamskogel-in-altenmarkt-zauchensee-1170x658-1-370x206.jpg 370w, https:\/\/www.salzburgerland.com\/cs\/wp-content\/uploads\/2024\/03\/erlebnisberg-gamskogel-in-altenmarkt-zauchensee-1170x658-1-270x150.jpg 270w, https:\/\/www.salzburgerland.com\/cs\/wp-content\/uploads\/2024\/03\/erlebnisberg-gamskogel-in-altenmarkt-zauchensee-1170x658-1-540x300.jpg 540w\" sizes=\"(max-width: 1024px) 100vw, 1024px\"><p id=\"caption-attachment-159374\" class=\"wp-caption-text\">Na z\u00e1\u017eitkovou horu Gamskogel s h\u0159i\u0161t\u011bm vede lanovka \u00a9 Zauchensee Liftgesellschaft<\/p><\/div>\n<h3>Hora Lackenkogel v Altenmarkt-Zauchensee<\/h3>\n<p>Milovn\u00edci n\u00e1ro\u010dn\u011bj\u0161\u00ed turistiky, kte\u0159\u00ed se c\u00edt\u00ed dostate\u010dn\u011b zdatn\u00ed, mohou vystoupit na horu <strong>Lackenkogel<\/strong>. Ty\u010d\u00ed se nad st\u0159ediskem jako patron. Alpsk\u00e9 pastviny <strong>Lackenalmen<\/strong> pat\u0159\u00ed k nejkr\u00e1sn\u011bj\u0161\u00edm v regionu. V okol\u00ed hory se vypr\u00e1v\u00ed legenda o str\u00e1\u017eci, kter\u00fd ud\u011blal v\u0161e, co bylo v jeho sil\u00e1ch, aby ochr\u00e1nil svou kr\u00e1lovnu. Nau\u010dil ji v\u0161ak tak\u00e9 v\u011b\u0159it ve vlastn\u00ed s\u00edly a rozv\u00edjet sebed\u016fv\u011bru. <a href=\"https:\/\/www.altenmarkt-zauchensee.at\/en\/tours\/salzburg-summit-game-lackenkogel.html\" target=\"_blank\" rel=\"noopener\"><strong>Lackenkogel<\/strong> <\/a>je jedn\u00edm ze sedmi nejkr\u00e1sn\u011bj\u0161\u00edch vrchol\u016f <strong><a href=\"https:\/\/www.salzburgerland.com\/cs\/salcbursky-sportovni-svet-turistika-turistika-v-salcburskem-sportovnim-svete\/\">Salcbursk\u00e9ho sportovn\u00edho sv\u011bta<\/a><\/strong>, kter\u00fd m\u016f\u017eete zdolat v r\u00e1mci dobrodru\u017en\u00e9 turistick\u00e9 v\u00fdzvy, vrcholov\u00e9 hry \u201eSalzburger Gipfelspiel\u201c.<\/p>\n\n\t\t\t<div id=\"159397-3\" class=\"gallery gallery-159397 gallery-columns-3 gallery-size-1170_658\" itemscope itemtype=\"http:\/\/schema.org\/ImageGallery\">\n\t\t\t\t<ul class=\"gallery-row gallery-col-3 gallery-clear\">\n\t\t\t\t\t<li class=\"gallery-item col-3\" itemprop=\"associatedMedia\" itemscope itemtype=\"http:\/\/schema.org\/ImageObject\">\n\t\t\t\t\t\t<div class=\"gallery-icon landscape\"><a href=\"https:\/\/www.salzburgerland.com\/cs\/wp-content\/uploads\/2024\/03\/gipfelwandern-in-altenmarkt-zauchensee-1599x1067-1.jpg\" title=\"gipfelwandern-in-altenmarkt-zauchensee-1599x1067\"><img decoding=\"async\" data-title=\"Na cest\u011b na vrchol Lackenkogelu \u00a9 Nadia Jabli Fotografie\" title=\"Na cest\u011b na vrchol Lackenkogelu \u00a9 Nadia Jabli Fotografie\" data-caption=\"Na cest\u011b na vrchol Lackenkogelu \u00a9 Nadia Jabli Fotografie\" width=\"1170\" height=\"658\" src=\"https:\/\/www.salzburgerland.com\/cs\/wp-content\/uploads\/2024\/03\/gipfelwandern-in-altenmarkt-zauchensee-1599x1067-1-1170x658.jpg\" class=\"attachment-1170_658 size-1170_658\" alt=\"Cesta na vrchol Lackenkogel (Zv\u011bt\u0161en\u00fd pohled)\" srcset=\"https:\/\/www.salzburgerland.com\/cs\/wp-content\/uploads\/2024\/03\/gipfelwandern-in-altenmarkt-zauchensee-1599x1067-1-1170x658.jpg 1170w, https:\/\/www.salzburgerland.com\/cs\/wp-content\/uploads\/2024\/03\/gipfelwandern-in-altenmarkt-zauchensee-1599x1067-1-1200x675.jpg 1200w\" sizes=\"(max-width: 1170px) 100vw, 1170px\" aria-describedby=\"figcaption-159397-159409\" itemprop=\"thumbnail\"><\/a><\/div>\n\t\t\t\t\t\t<span id=\"figcaption-159397-159409\" class=\"gallery-caption\" itemprop=\"caption\"><span aria-hidden=\"true\">Na cest\u011b na vrchol Lackenkogelu \u00a9 Nadia Jabli Fotografie<\/span><\/span>\n\t\t\t\t\t<\/li>\n\t\t\t\t\t<li class=\"gallery-item col-3\" itemprop=\"associatedMedia\" itemscope itemtype=\"http:\/\/schema.org\/ImageObject\">\n\t\t\t\t\t\t<div class=\"gallery-icon landscape\"><a href=\"https:\/\/www.salzburgerland.com\/cs\/wp-content\/uploads\/2024\/03\/salzburger-gipfelspiel-in-altenmarkt-zauchensee-1601x1067-1.jpg\" title=\"salzburger-gipfelspiel-in-altenmarkt-zauchensee-1601x1067\"><img decoding=\"async\" data-title=\"Salcbursk\u00e1 vrcholov\u00e1 hra na Lackenkogelu \u00a9 Salzburger Sportwelt, Mike Gr\u00f6ssinger\n\" title=\"Salcbursk\u00e1 vrcholov\u00e1 hra na Lackenkogelu \u00a9 Salzburger Sportwelt, Mike Gr\u00f6ssinger\n\" data-caption=\"Salcbursk\u00e1 vrcholov\u00e1 hra na Lackenkogelu \u00a9 Salzburger Sportwelt, Mike Gr\u00f6ssinger\n\" width=\"1170\" height=\"658\" src=\"https:\/\/www.salzburgerland.com\/cs\/wp-content\/uploads\/2024\/03\/salzburger-gipfelspiel-in-altenmarkt-zauchensee-1601x1067-1-1170x658.jpg\" class=\"attachment-1170_658 size-1170_658\" alt='Lackenkogel je jedn\u00edm ze sedmi nejkr\u00e1sn\u011bj\u0161\u00edch vrchol\u016f Salcbursk\u00e9ho sportovn\u00edho sv\u011bta, kter\u00fd m\u016f\u017eete zdolat v r\u00e1mci dobrodru\u017en\u00e9 turistick\u00e9 v\u00fdzvy, vrcholov\u00e9 hry \"Salzburger Gipfelspiel\". (Zv\u011bt\u0161en\u00fd pohled)' srcset=\"https:\/\/www.salzburgerland.com\/cs\/wp-content\/uploads\/2024\/03\/salzburger-gipfelspiel-in-altenmarkt-zauchensee-1601x1067-1-1170x658.jpg 1170w, https:\/\/www.salzburgerland.com\/cs\/wp-content\/uploads\/2024\/03\/salzburger-gipfelspiel-in-altenmarkt-zauchensee-1601x1067-1-1200x675.jpg 1200w\" sizes=\"(max-width: 1170px) 100vw, 1170px\" aria-describedby=\"figcaption-159397-159412\" itemprop=\"thumbnail\"><\/a><\/div>\n\t\t\t\t\t\t<span id=\"figcaption-159397-159412\" class=\"gallery-caption\" itemprop=\"caption\"><span aria-hidden=\"true\">Salcbursk\u00e1 vrcholov\u00e1 hra na Lackenkogelu \u00a9 Salzburger Sportwelt, Mike Gr\u00f6ssinger\n<\/span><\/span>\n\t\t\t\t\t<\/li>\n\t\t\t\t\t<li class=\"gallery-item col-3\" itemprop=\"associatedMedia\" itemscope itemtype=\"http:\/\/schema.org\/ImageObject\">\n\t\t\t\t\t\t<div class=\"gallery-icon landscape\"><a href=\"https:\/\/www.salzburgerland.com\/cs\/wp-content\/uploads\/2024\/03\/gipfelwanderung-lackenkogel-in-altenmarkt-zauchensee-1599x1067-1.jpg\" title=\"gipfelwanderung-lackenkogel-in-altenmarkt-zauchensee-1599x1067\"><img decoding=\"async\" data-title=\"Na vrcholu Lackenkogelu \u00a9 Christian Schartner\n\" title=\"Na vrcholu Lackenkogelu \u00a9 Christian Schartner\n\" data-caption=\"Na vrcholu Lackenkogelu \u00a9 Christian Schartner\n\" width=\"1170\" height=\"658\" src=\"https:\/\/www.salzburgerland.com\/cs\/wp-content\/uploads\/2024\/03\/gipfelwanderung-lackenkogel-in-altenmarkt-zauchensee-1599x1067-1-1170x658.jpg\" class=\"attachment-1170_658 size-1170_658\" alt=\"Vrcholov\u00fd k\u0159\u00ed\u017e na ho\u0159e Lackenkogel, kter\u00fd je sou\u010d\u00e1st\u00ed turistick\u00e9 v\u00fdzvy Salzburger Gipfelspiel (Zv\u011bt\u0161en\u00fd pohled)\" srcset=\"https:\/\/www.salzburgerland.com\/cs\/wp-content\/uploads\/2024\/03\/gipfelwanderung-lackenkogel-in-altenmarkt-zauchensee-1599x1067-1-1170x658.jpg 1170w, https:\/\/www.salzburgerland.com\/cs\/wp-content\/uploads\/2024\/03\/gipfelwanderung-lackenkogel-in-altenmarkt-zauchensee-1599x1067-1-1200x675.jpg 1200w\" sizes=\"(max-width: 1170px) 100vw, 1170px\" aria-describedby=\"figcaption-159397-159410\" itemprop=\"thumbnail\"><\/a><\/div>\n\t\t\t\t\t\t<span id=\"figcaption-159397-159410\" class=\"gallery-caption\" itemprop=\"caption\"><span aria-hidden=\"true\">Na vrcholu Lackenkogelu \u00a9 Christian Schartner\n<\/span><\/span>\n\t\t\t\t\t<\/li>\n\t\t\t\t<\/ul>\n\t\t\t<\/div><!-- .gallery -->\n\n<h3>Turistick\u00e9 trasy na pastvin\u00e1ch<\/h3>\n<p>P\u0159i p\u011b\u0161\u00ed turistice po stezk\u00e1ch v <strong>Altenmarkt-Zauchensee<\/strong> naraz\u00edte po cest\u011b na mnoho tradi\u010dn\u00edch sala\u0161\u00ed, horsk\u00fdch chat a \u00fatuln\u00fdch hostinc\u016f. Odpo\u010dinete si v p\u0159\u00edjemn\u00e9m prost\u0159ed\u00ed a posiln\u00edte se m\u00edstn\u00edmi specialitami. Salcbursko m\u00e1 nejv\u011bt\u0161\u00ed po\u010det sala\u0161\u00ed na pastvin\u00e1ch v Rakousku a Altenmarkt-Zauchensee le\u017e\u00ed v jeho srdci. Alpsk\u00e9 sala\u0161e jsou p\u0159esn\u011b to, co ka\u017ed\u00fd turista na v\u00fdlet\u011b pot\u0159ebuje. M\u00edstn\u00ed hostitel\u00e9 ka\u017ed\u00e9ho srde\u010dn\u011b p\u0159iv\u00edtaj\u00ed osv\u011b\u017euj\u00edc\u00edmi n\u00e1poji a dom\u00e1c\u00edmi pochoutkami.<\/p>\n\n\t\t\t<div id=\"159397-4\" class=\"gallery gallery-159397 gallery-columns-3 gallery-size-1170_658\" itemscope itemtype=\"http:\/\/schema.org\/ImageGallery\">\n\t\t\t\t<ul class=\"gallery-row gallery-col-3 gallery-clear\">\n\t\t\t\t\t<li class=\"gallery-item col-3\" itemprop=\"associatedMedia\" itemscope itemtype=\"http:\/\/schema.org\/ImageObject\">\n\t\t\t\t\t\t<div class=\"gallery-icon landscape\"><a href=\"https:\/\/www.salzburgerland.com\/cs\/wp-content\/uploads\/2024\/03\/wandern-in-altenmarkt-zauchensee-1601x1067-1.jpg\" title=\"wandern-in-altenmarkt-zauchensee-1601x1067\"><img decoding=\"async\" data-title=\"V turistick\u00e9m r\u00e1ji Zauchensee \u00a9 Lorenz Masser\" title=\"V turistick\u00e9m r\u00e1ji Zauchensee \u00a9 Lorenz Masser\" data-caption=\"V turistick\u00e9m r\u00e1ji Zauchensee \u00a9 Lorenz Masser\" width=\"1170\" height=\"658\" src=\"https:\/\/www.salzburgerland.com\/cs\/wp-content\/uploads\/2024\/03\/wandern-in-altenmarkt-zauchensee-1601x1067-1-1170x658.jpg\" class=\"attachment-1170_658 size-1170_658\" alt=\"Turistika na pastvin\u00e1ch v Altenmarkt-Zauchensee (Zv\u011bt\u0161en\u00fd pohled)\" srcset=\"https:\/\/www.salzburgerland.com\/cs\/wp-content\/uploads\/2024\/03\/wandern-in-altenmarkt-zauchensee-1601x1067-1-1170x658.jpg 1170w, https:\/\/www.salzburgerland.com\/cs\/wp-content\/uploads\/2024\/03\/wandern-in-altenmarkt-zauchensee-1601x1067-1-1200x675.jpg 1200w\" sizes=\"(max-width: 1170px) 100vw, 1170px\" aria-describedby=\"figcaption-159397-159417\" itemprop=\"thumbnail\"><\/a><\/div>\n\t\t\t\t\t\t<span id=\"figcaption-159397-159417\" class=\"gallery-caption\" itemprop=\"caption\"><span aria-hidden=\"true\">V turistick\u00e9m r\u00e1ji Zauchensee \u00a9 Lorenz Masser<\/span><\/span>\n\t\t\t\t\t<\/li>\n\t\t\t\t\t<li class=\"gallery-item col-3\" itemprop=\"associatedMedia\" itemscope itemtype=\"http:\/\/schema.org\/ImageObject\">\n\t\t\t\t\t\t<div class=\"gallery-icon landscape\"><a href=\"https:\/\/www.salzburgerland.com\/cs\/wp-content\/uploads\/2024\/03\/wandern-auf-der-lackenalm-in-altenmarkt-zauchensee-1170x658-1.jpg\" title=\"wandern-auf-der-lackenalm-in-altenmarkt-zauchensee-1170x658\"><img decoding=\"async\" data-title=\"P\u011b\u0161\u00ed t\u00fara po zelen\u00fdch pastvin\u00e1ch Lackenalmen \u00a9 Lorenz Masser\" title=\"P\u011b\u0161\u00ed t\u00fara po zelen\u00fdch pastvin\u00e1ch Lackenalmen \u00a9 Lorenz Masser\" data-caption=\"P\u011b\u0161\u00ed t\u00fara po zelen\u00fdch pastvin\u00e1ch Lackenalmen \u00a9 Lorenz Masser\" width=\"1170\" height=\"658\" src=\"https:\/\/www.salzburgerland.com\/cs\/wp-content\/uploads\/2024\/03\/wandern-auf-der-lackenalm-in-altenmarkt-zauchensee-1170x658-1.jpg\" class=\"attachment-1170_658 size-1170_658\" alt=\"P\u011b\u0161\u00ed t\u00fara po zelen\u00fdch pastvin\u00e1ch Lackenalmen (Zv\u011bt\u0161en\u00fd pohled)\" srcset=\"https:\/\/www.salzburgerland.com\/cs\/wp-content\/uploads\/2024\/03\/wandern-auf-der-lackenalm-in-altenmarkt-zauchensee-1170x658-1.jpg 1170w, https:\/\/www.salzburgerland.com\/cs\/wp-content\/uploads\/2024\/03\/wandern-auf-der-lackenalm-in-altenmarkt-zauchensee-1170x658-1-768x432.jpg 768w\" sizes=\"(max-width: 1170px) 100vw, 1170px\" aria-describedby=\"figcaption-159397-159416\" itemprop=\"thumbnail\"><\/a><\/div>\n\t\t\t\t\t\t<span id=\"figcaption-159397-159416\" class=\"gallery-caption\" itemprop=\"caption\"><span aria-hidden=\"true\">P\u011b\u0161\u00ed t\u00fara po zelen\u00fdch pastvin\u00e1ch Lackenalmen \u00a9 Lorenz Masser<\/span><\/span>\n\t\t\t\t\t<\/li>\n\t\t\t\t\t<li class=\"gallery-item col-3\" itemprop=\"associatedMedia\" itemscope itemtype=\"http:\/\/schema.org\/ImageObject\">\n\t\t\t\t\t\t<div class=\"gallery-icon landscape\"><a href=\"https:\/\/www.salzburgerland.com\/cs\/wp-content\/uploads\/2024\/03\/thumbnail-1170x658-1.jpg\" title=\"thumbnail-1170x658\"><img decoding=\"async\" data-title=\"Na Tauernkarleitenalm se pod\u00e1v\u00e1 tradi\u010dn\u00ed ob\u010derstven\u00ed na prk\u00e9nku \u00a9 Lorenz Masser\" title=\"Na Tauernkarleitenalm se pod\u00e1v\u00e1 tradi\u010dn\u00ed ob\u010derstven\u00ed na prk\u00e9nku \u00a9 Lorenz Masser\" data-caption=\"Na Tauernkarleitenalm se pod\u00e1v\u00e1 tradi\u010dn\u00ed ob\u010derstven\u00ed na prk\u00e9nku \u00a9 Lorenz Masser\" width=\"1170\" height=\"658\" src=\"https:\/\/www.salzburgerland.com\/cs\/wp-content\/uploads\/2024\/03\/thumbnail-1170x658-1.jpg\" class=\"attachment-1170_658 size-1170_658\" alt=\"Na Tauernkarleitenalm se pod\u00e1v\u00e1 tradi\u010dn\u00ed ob\u010derstven\u00ed na prk\u00e9nku slo\u017een\u00e1 z dom\u00e1c\u00edch uzenin, s\u00fdr\u016f a zeleniny (Zv\u011bt\u0161en\u00fd pohled)\" srcset=\"https:\/\/www.salzburgerland.com\/cs\/wp-content\/uploads\/2024\/03\/thumbnail-1170x658-1.jpg 1170w, https:\/\/www.salzburgerland.com\/cs\/wp-content\/uploads\/2024\/03\/thumbnail-1170x658-1-768x432.jpg 768w\" sizes=\"(max-width: 1170px) 100vw, 1170px\" aria-describedby=\"figcaption-159397-159415\" itemprop=\"thumbnail\"><\/a><\/div>\n\t\t\t\t\t\t<span id=\"figcaption-159397-159415\" class=\"gallery-caption\" itemprop=\"caption\"><span aria-hidden=\"true\">Na Tauernkarleitenalm se pod\u00e1v\u00e1 tradi\u010dn\u00ed ob\u010derstven\u00ed na prk\u00e9nku \u00a9 Lorenz Masser<\/span><\/span>\n\t\t\t\t\t<\/li>\n\t\t\t\t<\/ul>\n\t\t\t<\/div><!-- .gallery -->\n\n<h3>Praktick\u00fd turistick\u00fd bus<\/h3>\n<p>Na nejkr\u00e1sn\u011bj\u0161\u00ed turistick\u00e9 trasy v Salcbursk\u00e9m sportovn\u00edm sv\u011bt\u011b, Obertauern, Gro\u00dfarlu a H\u00fcttschlagu jezd\u00ed z r\u016fzn\u00fdch zast\u00e1vek nebo z centra st\u0159ediska turistick\u00fd autobus, kter\u00fd stoj\u00ed jen 1 \u20ac. D\u00edky t\u00e9to v\u00fdhodn\u00e9 slu\u017eb\u011b m\u016f\u017ee auto z\u016fstat p\u0159ed penzionem nebo v hotelov\u00e9 gar\u00e1\u017ei.<\/p>\n","protected":false},"excerpt":{"rendered":"<p>Oblast Altenmarkt-Zauchensee je ide\u00e1ln\u00edm m\u00edstem pro v\u0161echny, kte\u0159\u00ed miluj\u00ed hory a d\u00e1vaj\u00ed p\u0159ednost aktivn\u00ed dovolen\u00e9 v p\u0159\u00edrod\u011b. \u010cekaj\u00ed zde na alpsk\u00e9 pastviny a horsk\u00e9 vrcholy, stejn\u011b jako fantastick\u00e9 turistick\u00e9 trasy v\u0161ech stup\u0148\u016f obt\u00ed\u017enosti. Kdo si chce u\u017e\u00edt pohodovou rodinnou dovolenou, vybere si Altenmarkt (842 m), kdo preferuje sportovn\u00ed v\u00fdzvy, najde je v Zauchensee (1350 m). [&hellip;]<\/p>\n","protected":false},"author":6,"featured_media":159398,"comment_status":"closed","ping_status":"closed","sticky":false,"template":"","format":"standard","meta":{"_acf_changed":false,"wl_entities_gutenberg":"","_relevanssi_hide_post":"","_relevanssi_hide_content":"","_relevanssi_pin_for_all":"","_relevanssi_pin_keywords":"","_relevanssi_unpin_keywords":"","_relevanssi_related_keywords":"","_relevanssi_related_include_ids":"","_relevanssi_related_exclude_ids":"","_relevanssi_related_no_append":"","_relevanssi_related_not_related":"","_relevanssi_related_posts":"","_relevanssi_noindex_reason":"","footnotes":""},"categories":[1],"tags":[],"wl_entity_type":[706],"class_list":["post-159397","post","type-post","status-publish","format-standard","has-post-thumbnail","hentry","category-uncategorized","wl_entity_type-article"],"acf":[],"yoast_head":"<!-- This site is optimized with the Yoast SEO Premium plugin v27.4 (Yoast SEO v27.4) - https:\/\/yoast.com\/product\/yoast-seo-premium-wordpress\/ -->\n<title>Turistika v Altenmarkt-Zauchensee \u00bb SalzburgerLand.com<\/title>\n<meta name=\"robots\" content=\"index, follow, max-snippet:-1, max-image-preview:large, max-video-preview:-1\" \/>\n<link rel=\"canonical\" href=\"https:\/\/www.salzburgerland.com\/cs\/altenmarkt-zauchensee-turistika\/\" \/>\n<meta property=\"og:locale\" content=\"cs_CZ\" \/>\n<meta property=\"og:type\" content=\"article\" \/>\n<meta property=\"og:title\" content=\"Turistika v Altenmarkt-Zauchensee\" \/>\n<meta property=\"og:description\" content=\"Oblast Altenmarkt-Zauchensee je ide\u00e1ln\u00edm m\u00edstem pro v\u0161echny, kte\u0159\u00ed miluj\u00ed hory a d\u00e1vaj\u00ed p\u0159ednost aktivn\u00ed dovolen\u00e9 v p\u0159\u00edrod\u011b. \u010cekaj\u00ed zde na alpsk\u00e9 pastviny\" \/>\n<meta property=\"og:url\" content=\"https:\/\/www.salzburgerland.com\/cs\/altenmarkt-zauchensee-turistika\/\" \/>\n<meta property=\"og:site_name\" content=\"SalzburgerLand.com\" \/>\n<meta property=\"article:publisher\" content=\"https:\/\/www.facebook.com\/visitsalzburgerland\/\" \/>\n<meta property=\"article:published_time\" content=\"2024-03-27T13:41:18+00:00\" \/>\n<meta property=\"article:modified_time\" content=\"2024-03-28T08:41:41+00:00\" \/>\n<meta property=\"og:image\" content=\"https:\/\/www.salzburgerland.com\/cs\/wp-content\/uploads\/2024\/03\/fruhlingswandern-in-altenmarkt-zauchensee-1200x675.jpg\" \/>\n\t<meta property=\"og:image:width\" content=\"1200\" \/>\n\t<meta property=\"og:image:height\" content=\"675\" \/>\n\t<meta property=\"og:image:type\" content=\"image\/jpeg\" \/>\n<meta name=\"author\" content=\"Andrea \u017d\u00e1\u010dkov\u00e1\" \/>\n<meta name=\"twitter:card\" content=\"summary_large_image\" \/>\n<meta name=\"twitter:creator\" content=\"@salzburgerland\" \/>\n<meta name=\"twitter:site\" content=\"@salzburgerland\" \/>\n<meta name=\"twitter:label1\" content=\"Napsal(a)\" \/>\n\t<meta name=\"twitter:data1\" content=\"Andrea \u017d\u00e1\u010dkov\u00e1\" \/>\n\t<meta name=\"twitter:label2\" content=\"Odhadovan\u00e1 doba \u010dten\u00ed\" \/>\n\t<meta name=\"twitter:data2\" content=\"6 minut\" \/>\n<script type=\"application\/ld+json\" class=\"yoast-schema-graph\">{\"@context\":\"https:\\\/\\\/schema.org\",\"@graph\":[{\"@type\":\"Article\",\"@id\":\"https:\\\/\\\/www.salzburgerland.com\\\/cs\\\/altenmarkt-zauchensee-turistika\\\/#article\",\"isPartOf\":{\"@id\":\"https:\\\/\\\/www.salzburgerland.com\\\/cs\\\/altenmarkt-zauchensee-turistika\\\/\"},\"author\":{\"name\":\"Andrea \u017d\u00e1\u010dkov\u00e1\",\"@id\":\"https:\\\/\\\/www.salzburgerland.com\\\/cs\\\/#\\\/schema\\\/person\\\/dd42a4661897004df109095dbf40eeff\"},\"headline\":\"Turistika v Altenmarkt-Zauchensee\",\"datePublished\":\"2024-03-27T13:41:18+00:00\",\"dateModified\":\"2024-03-28T08:41:41+00:00\",\"mainEntityOfPage\":{\"@id\":\"https:\\\/\\\/www.salzburgerland.com\\\/cs\\\/altenmarkt-zauchensee-turistika\\\/\"},\"wordCount\":1175,\"image\":{\"@id\":\"https:\\\/\\\/www.salzburgerland.com\\\/cs\\\/altenmarkt-zauchensee-turistika\\\/#primaryimage\"},\"thumbnailUrl\":\"https:\\\/\\\/www.salzburgerland.com\\\/cs\\\/wp-content\\\/uploads\\\/2024\\\/03\\\/fruhlingswandern-in-altenmarkt-zauchensee.jpg\",\"articleSection\":[\"Uncategorized\"],\"inLanguage\":\"cs\"},{\"@type\":\"WebPage\",\"@id\":\"https:\\\/\\\/www.salzburgerland.com\\\/cs\\\/altenmarkt-zauchensee-turistika\\\/\",\"url\":\"https:\\\/\\\/www.salzburgerland.com\\\/cs\\\/altenmarkt-zauchensee-turistika\\\/\",\"name\":\"Turistika v Altenmarkt-Zauchensee \u00bb SalzburgerLand.com\",\"isPartOf\":{\"@id\":\"https:\\\/\\\/www.salzburgerland.com\\\/cs\\\/#website\"},\"primaryImageOfPage\":{\"@id\":\"https:\\\/\\\/www.salzburgerland.com\\\/cs\\\/altenmarkt-zauchensee-turistika\\\/#primaryimage\"},\"image\":{\"@id\":\"https:\\\/\\\/www.salzburgerland.com\\\/cs\\\/altenmarkt-zauchensee-turistika\\\/#primaryimage\"},\"thumbnailUrl\":\"https:\\\/\\\/www.salzburgerland.com\\\/cs\\\/wp-content\\\/uploads\\\/2024\\\/03\\\/fruhlingswandern-in-altenmarkt-zauchensee.jpg\",\"datePublished\":\"2024-03-27T13:41:18+00:00\",\"dateModified\":\"2024-03-28T08:41:41+00:00\",\"author\":{\"@id\":\"https:\\\/\\\/www.salzburgerland.com\\\/cs\\\/#\\\/schema\\\/person\\\/dd42a4661897004df109095dbf40eeff\"},\"description\":\"Alpsk\u00e9 pastviny, horsk\u00e9 vrcholy a fantastick\u00e9 turistick\u00e9 trasy v\u0161ech stup\u0148\u016f obt\u00ed\u017enosti.\",\"breadcrumb\":{\"@id\":\"https:\\\/\\\/www.salzburgerland.com\\\/cs\\\/altenmarkt-zauchensee-turistika\\\/#breadcrumb\"},\"inLanguage\":\"cs\",\"potentialAction\":[{\"@type\":\"ReadAction\",\"target\":[\"https:\\\/\\\/www.salzburgerland.com\\\/cs\\\/altenmarkt-zauchensee-turistika\\\/\"]}]},{\"@type\":\"ImageObject\",\"inLanguage\":\"cs\",\"@id\":\"https:\\\/\\\/www.salzburgerland.com\\\/cs\\\/altenmarkt-zauchensee-turistika\\\/#primaryimage\",\"url\":\"https:\\\/\\\/www.salzburgerland.com\\\/cs\\\/wp-content\\\/uploads\\\/2024\\\/03\\\/fruhlingswandern-in-altenmarkt-zauchensee.jpg\",\"contentUrl\":\"https:\\\/\\\/www.salzburgerland.com\\\/cs\\\/wp-content\\\/uploads\\\/2024\\\/03\\\/fruhlingswandern-in-altenmarkt-zauchensee.jpg\",\"width\":1500,\"height\":1000,\"caption\":\"T\u00fara na Lackenalm v Altenmarkt-Zauchensee \u00a9 Lorenz Masser\"},{\"@type\":\"BreadcrumbList\",\"@id\":\"https:\\\/\\\/www.salzburgerland.com\\\/cs\\\/altenmarkt-zauchensee-turistika\\\/#breadcrumb\",\"itemListElement\":[{\"@type\":\"ListItem\",\"position\":1,\"name\":\"Altenmarkt-Zauchensee v l\u00e9t\u011b\",\"item\":\"https:\\\/\\\/www.salzburgerland.com\\\/cs\\\/altenmarkt-zauchensee-v-lete\\\/\"},{\"@type\":\"ListItem\",\"position\":2,\"name\":\"Turistika v Altenmarkt-Zauchensee\"}]},{\"@type\":\"WebSite\",\"@id\":\"https:\\\/\\\/www.salzburgerland.com\\\/cs\\\/#website\",\"url\":\"https:\\\/\\\/www.salzburgerland.com\\\/cs\\\/\",\"name\":\"SalzburgerLand.com\",\"description\":\"Va\u0161e dovolen\u00e1 v Salcburku, Rakousko\",\"potentialAction\":[{\"@type\":\"SearchAction\",\"target\":{\"@type\":\"EntryPoint\",\"urlTemplate\":\"https:\\\/\\\/www.salzburgerland.com\\\/cs\\\/?s={search_term_string}\"},\"query-input\":{\"@type\":\"PropertyValueSpecification\",\"valueRequired\":true,\"valueName\":\"search_term_string\"}}],\"inLanguage\":\"cs\"},{\"@type\":\"Person\",\"@id\":\"https:\\\/\\\/www.salzburgerland.com\\\/cs\\\/#\\\/schema\\\/person\\\/dd42a4661897004df109095dbf40eeff\",\"name\":\"Andrea \u017d\u00e1\u010dkov\u00e1\",\"image\":{\"@type\":\"ImageObject\",\"inLanguage\":\"cs\",\"@id\":\"https:\\\/\\\/secure.gravatar.com\\\/avatar\\\/338deec8d231d56d0ab7b2b7d6d0aedbcb3eb05390f6c027fd5b7ebe87b67dbf?s=96&d=mm&r=g\",\"url\":\"https:\\\/\\\/secure.gravatar.com\\\/avatar\\\/338deec8d231d56d0ab7b2b7d6d0aedbcb3eb05390f6c027fd5b7ebe87b67dbf?s=96&d=mm&r=g\",\"contentUrl\":\"https:\\\/\\\/secure.gravatar.com\\\/avatar\\\/338deec8d231d56d0ab7b2b7d6d0aedbcb3eb05390f6c027fd5b7ebe87b67dbf?s=96&d=mm&r=g\",\"caption\":\"Andrea \u017d\u00e1\u010dkov\u00e1\"}}]}<\/script>\n<!-- \/ Yoast SEO Premium plugin. -->","yoast_head_json":{"title":"Turistika v Altenmarkt-Zauchensee \u00bb SalzburgerLand.com","robots":{"index":"index","follow":"follow","max-snippet":"max-snippet:-1","max-image-preview":"max-image-preview:large","max-video-preview":"max-video-preview:-1"},"canonical":"https:\/\/www.salzburgerland.com\/cs\/altenmarkt-zauchensee-turistika\/","og_locale":"cs_CZ","og_type":"article","og_title":"Turistika v Altenmarkt-Zauchensee","og_description":"Oblast Altenmarkt-Zauchensee je ide\u00e1ln\u00edm m\u00edstem pro v\u0161echny, kte\u0159\u00ed miluj\u00ed hory a d\u00e1vaj\u00ed p\u0159ednost aktivn\u00ed dovolen\u00e9 v p\u0159\u00edrod\u011b. \u010cekaj\u00ed zde na alpsk\u00e9 pastviny","og_url":"https:\/\/www.salzburgerland.com\/cs\/altenmarkt-zauchensee-turistika\/","og_site_name":"SalzburgerLand.com","article_publisher":"https:\/\/www.facebook.com\/visitsalzburgerland\/","article_published_time":"2024-03-27T13:41:18+00:00","article_modified_time":"2024-03-28T08:41:41+00:00","og_image":[{"width":1200,"height":675,"url":"https:\/\/www.salzburgerland.com\/cs\/wp-content\/uploads\/2024\/03\/fruhlingswandern-in-altenmarkt-zauchensee-1200x675.jpg","type":"image\/jpeg"}],"author":"Andrea \u017d\u00e1\u010dkov\u00e1","twitter_card":"summary_large_image","twitter_creator":"@salzburgerland","twitter_site":"@salzburgerland","twitter_misc":{"Napsal(a)":"Andrea \u017d\u00e1\u010dkov\u00e1","Odhadovan\u00e1 doba \u010dten\u00ed":"6 minut"},"schema":{"@context":"https:\/\/schema.org","@graph":[{"@type":"Article","@id":"https:\/\/www.salzburgerland.com\/cs\/altenmarkt-zauchensee-turistika\/#article","isPartOf":{"@id":"https:\/\/www.salzburgerland.com\/cs\/altenmarkt-zauchensee-turistika\/"},"author":{"name":"Andrea \u017d\u00e1\u010dkov\u00e1","@id":"https:\/\/www.salzburgerland.com\/cs\/#\/schema\/person\/dd42a4661897004df109095dbf40eeff"},"headline":"Turistika v Altenmarkt-Zauchensee","datePublished":"2024-03-27T13:41:18+00:00","dateModified":"2024-03-28T08:41:41+00:00","mainEntityOfPage":{"@id":"https:\/\/www.salzburgerland.com\/cs\/altenmarkt-zauchensee-turistika\/"},"wordCount":1175,"image":{"@id":"https:\/\/www.salzburgerland.com\/cs\/altenmarkt-zauchensee-turistika\/#primaryimage"},"thumbnailUrl":"https:\/\/www.salzburgerland.com\/cs\/wp-content\/uploads\/2024\/03\/fruhlingswandern-in-altenmarkt-zauchensee.jpg","articleSection":["Uncategorized"],"inLanguage":"cs"},{"@type":"WebPage","@id":"https:\/\/www.salzburgerland.com\/cs\/altenmarkt-zauchensee-turistika\/","url":"https:\/\/www.salzburgerland.com\/cs\/altenmarkt-zauchensee-turistika\/","name":"Turistika v Altenmarkt-Zauchensee \u00bb SalzburgerLand.com","isPartOf":{"@id":"https:\/\/www.salzburgerland.com\/cs\/#website"},"primaryImageOfPage":{"@id":"https:\/\/www.salzburgerland.com\/cs\/altenmarkt-zauchensee-turistika\/#primaryimage"},"image":{"@id":"https:\/\/www.salzburgerland.com\/cs\/altenmarkt-zauchensee-turistika\/#primaryimage"},"thumbnailUrl":"https:\/\/www.salzburgerland.com\/cs\/wp-content\/uploads\/2024\/03\/fruhlingswandern-in-altenmarkt-zauchensee.jpg","datePublished":"2024-03-27T13:41:18+00:00","dateModified":"2024-03-28T08:41:41+00:00","author":{"@id":"https:\/\/www.salzburgerland.com\/cs\/#\/schema\/person\/dd42a4661897004df109095dbf40eeff"},"description":"Alpsk\u00e9 pastviny, horsk\u00e9 vrcholy a fantastick\u00e9 turistick\u00e9 trasy v\u0161ech stup\u0148\u016f obt\u00ed\u017enosti.","breadcrumb":{"@id":"https:\/\/www.salzburgerland.com\/cs\/altenmarkt-zauchensee-turistika\/#breadcrumb"},"inLanguage":"cs","potentialAction":[{"@type":"ReadAction","target":["https:\/\/www.salzburgerland.com\/cs\/altenmarkt-zauchensee-turistika\/"]}]},{"@type":"ImageObject","inLanguage":"cs","@id":"https:\/\/www.salzburgerland.com\/cs\/altenmarkt-zauchensee-turistika\/#primaryimage","url":"https:\/\/www.salzburgerland.com\/cs\/wp-content\/uploads\/2024\/03\/fruhlingswandern-in-altenmarkt-zauchensee.jpg","contentUrl":"https:\/\/www.salzburgerland.com\/cs\/wp-content\/uploads\/2024\/03\/fruhlingswandern-in-altenmarkt-zauchensee.jpg","width":1500,"height":1000,"caption":"T\u00fara na Lackenalm v Altenmarkt-Zauchensee \u00a9 Lorenz Masser"},{"@type":"BreadcrumbList","@id":"https:\/\/www.salzburgerland.com\/cs\/altenmarkt-zauchensee-turistika\/#breadcrumb","itemListElement":[{"@type":"ListItem","position":1,"name":"Altenmarkt-Zauchensee v l\u00e9t\u011b","item":"https:\/\/www.salzburgerland.com\/cs\/altenmarkt-zauchensee-v-lete\/"},{"@type":"ListItem","position":2,"name":"Turistika v Altenmarkt-Zauchensee"}]},{"@type":"WebSite","@id":"https:\/\/www.salzburgerland.com\/cs\/#website","url":"https:\/\/www.salzburgerland.com\/cs\/","name":"SalzburgerLand.com","description":"Va\u0161e dovolen\u00e1 v Salcburku, Rakousko","potentialAction":[{"@type":"SearchAction","target":{"@type":"EntryPoint","urlTemplate":"https:\/\/www.salzburgerland.com\/cs\/?s={search_term_string}"},"query-input":{"@type":"PropertyValueSpecification","valueRequired":true,"valueName":"search_term_string"}}],"inLanguage":"cs"},{"@type":"Person","@id":"https:\/\/www.salzburgerland.com\/cs\/#\/schema\/person\/dd42a4661897004df109095dbf40eeff","name":"Andrea \u017d\u00e1\u010dkov\u00e1","image":{"@type":"ImageObject","inLanguage":"cs","@id":"https:\/\/secure.gravatar.com\/avatar\/338deec8d231d56d0ab7b2b7d6d0aedbcb3eb05390f6c027fd5b7ebe87b67dbf?s=96&d=mm&r=g","url":"https:\/\/secure.gravatar.com\/avatar\/338deec8d231d56d0ab7b2b7d6d0aedbcb3eb05390f6c027fd5b7ebe87b67dbf?s=96&d=mm&r=g","contentUrl":"https:\/\/secure.gravatar.com\/avatar\/338deec8d231d56d0ab7b2b7d6d0aedbcb3eb05390f6c027fd5b7ebe87b67dbf?s=96&d=mm&r=g","caption":"Andrea \u017d\u00e1\u010dkov\u00e1"}}]}},"_wl_alt_label":[],"wl:entity_url":"http:\/\/open.salzburgerland.com\/cs\/post\/altenmarkt-zauchensee-turistika-159397","_links":{"self":[{"href":"https:\/\/www.salzburgerland.com\/cs\/wp-json\/wp\/v2\/posts\/159397","targetHints":{"allow":["GET"]}}],"collection":[{"href":"https:\/\/www.salzburgerland.com\/cs\/wp-json\/wp\/v2\/posts"}],"about":[{"href":"https:\/\/www.salzburgerland.com\/cs\/wp-json\/wp\/v2\/types\/post"}],"author":[{"embeddable":true,"href":"https:\/\/www.salzburgerland.com\/cs\/wp-json\/wp\/v2\/users\/6"}],"replies":[{"embeddable":true,"href":"https:\/\/www.salzburgerland.com\/cs\/wp-json\/wp\/v2\/comments?post=159397"}],"version-history":[{"count":5,"href":"https:\/\/www.salzburgerland.com\/cs\/wp-json\/wp\/v2\/posts\/159397\/revisions"}],"predecessor-version":[{"id":159519,"href":"https:\/\/www.salzburgerland.com\/cs\/wp-json\/wp\/v2\/posts\/159397\/revisions\/159519"}],"wp:featuredmedia":[{"embeddable":true,"href":"https:\/\/www.salzburgerland.com\/cs\/wp-json\/wp\/v2\/media\/159398"}],"wp:attachment":[{"href":"https:\/\/www.salzburgerland.com\/cs\/wp-json\/wp\/v2\/media?parent=159397"}],"wp:term":[{"taxonomy":"category","embeddable":true,"href":"https:\/\/www.salzburgerland.com\/cs\/wp-json\/wp\/v2\/categories?post=159397"},{"taxonomy":"post_tag","embeddable":true,"href":"https:\/\/www.salzburgerland.com\/cs\/wp-json\/wp\/v2\/tags?post=159397"},{"taxonomy":"wl_entity_type","embeddable":true,"href":"https:\/\/www.salzburgerland.com\/cs\/wp-json\/wp\/v2\/wl_entity_type?post=159397"}],"curies":[{"name":"wp","href":"https:\/\/api.w.org\/{rel}","templated":true}]}}