{"id":159365,"date":"2024-03-26T11:05:17","date_gmt":"2024-03-26T10:05:17","guid":{"rendered":"https:\/\/www.salzburgerland.com\/cs\/?p=159365"},"modified":"2024-03-28T09:33:58","modified_gmt":"2024-03-28T08:33:58","slug":"altenmarkt-zauchensee-rodinna-dovolena","status":"publish","type":"post","link":"https:\/\/www.salzburgerland.com\/cs\/altenmarkt-zauchensee-rodinna-dovolena\/","title":{"rendered":"Rodinn\u00e1 dovolen\u00e1 v Altenmarkt-Zauchensee"},"content":{"rendered":"<p><a href=\"https:\/\/www.altenmarkt-zauchensee.at\/en\/activities\/familien-urlaub-sommer.html\">Rodiny s d\u011btmi najdou pr\u00e1zdninov\u00fd r\u00e1j v Altenmarkt-Zauchensee<\/a>! St\u0159edisko a jeho okol\u00ed jim m\u00e1 co nab\u00eddnout, od relaxace v l\u016fn\u011b p\u0159\u00edrody, p\u0159es sportovn\u00ed a rekrea\u010dn\u00ed nab\u00eddku, a\u017e po hotely specializuj\u00edc\u00ed se na rodinnou turistiku a farmy milovan\u00e9 nejmen\u0161\u00edmi hosty.<\/p>\n<h3><strong>RODINN\u00c1 DOVOLEN\u00c1 V L\u016eN\u011a P\u0158\u00cdRODY<\/strong><\/h3>\n<p>P\u0159\u00edroda obda\u0159ila oblast kolem Altenmark-Zauchensee vysok\u00fdmi horami a sv\u011b\u017e\u00edmi alpsk\u00fdmi loukami, jezery a potoky. A pr\u00e1v\u011b tato n\u00e1dhern\u00e1 p\u0159\u00edroda v\u00e1s zve k proch\u00e1zk\u00e1m a\u00a0<a href=\"https:\/\/www.altenmarkt-zauchensee.at\/en\/activities\/wandern-mit-kindern.html\"><strong>t\u00far\u00e1m<\/strong><\/a>,\u00a0<strong>k v\u00fdlet\u016fm na kole<\/strong>\u00a0a\u00a0<strong>ke koup\u00e1n\u00ed ve 20 jezerech<\/strong>. \u010cetn\u00e9 turistick\u00e9 stezky jsou vyzna\u010deny s ohledem na nejmen\u0161\u00ed turisty. Mnoh\u00e9 z nich jsou sj\u00edzdn\u00e9 ko\u010d\u00e1rky nebo ko\u010d\u00e1rky. Hitem d\u011bt\u00ed jsou speci\u00e1ln\u00ed tematick\u00e9 stezky, kter\u00e9 u\u010d\u00ed a bav\u00ed, ohromuj\u00ed a vyvol\u00e1vaj\u00ed radostn\u00fd sm\u00edch. Na kr\u00e1tk\u00fdch tras\u00e1ch, kter\u00e9 netrvaj\u00ed d\u00e9le ne\u017e 1,5 hodiny, m\u016f\u017eete vz\u00edt miminka v nos\u00edtku. Po cest\u011b je v\u017edy mo\u017enost se posadit, odpo\u010dinout si a naj\u00edst. Region\u00e1ln\u00ed pochoutky pod\u00e1van\u00e9 v rustik\u00e1ln\u00edch hostinc\u00edch, horsk\u00fdch chat\u00e1ch a horsk\u00fdch chat\u00e1ch si vychutn\u00e1vaj\u00ed nejen dosp\u011bl\u00ed, ale i jejich d\u011bti.<\/p>\n\n\t\t\t<div id=\"159365-1\" class=\"gallery gallery-159365 gallery-columns-3 gallery-size-1170_658\" itemscope itemtype=\"http:\/\/schema.org\/ImageGallery\">\n\t\t\t\t<ul class=\"gallery-row gallery-col-3 gallery-clear\">\n\t\t\t\t\t<li class=\"gallery-item col-3\" itemprop=\"associatedMedia\" itemscope itemtype=\"http:\/\/schema.org\/ImageObject\">\n\t\t\t\t\t\t<div class=\"gallery-icon landscape\"><a href=\"https:\/\/www.salzburgerland.com\/cs\/wp-content\/uploads\/2024\/03\/wanderung-tauernkarleitenalm-in-altenmarkt-zauchensee-1170x658-1.jpg\" title=\"wanderung-tauernkarleitenalm-in-altenmarkt-zauchensee-1170x658\"><img decoding=\"async\" data-title=\"V\u00fdlet s d\u011btmi na pastvin\u00e1ch Tauernkarleitenalm \u00a9 Matthias Fritzenwallner\n\n\" title=\"V\u00fdlet s d\u011btmi na pastvin\u00e1ch Tauernkarleitenalm \u00a9 Matthias Fritzenwallner\n\n\" data-caption=\"V\u00fdlet s d\u011btmi na pastvin\u00e1ch Tauernkarleitenalm \u00a9 Matthias Fritzenwallner\n\n\" width=\"1170\" height=\"658\" src=\"https:\/\/www.salzburgerland.com\/cs\/wp-content\/uploads\/2024\/03\/wanderung-tauernkarleitenalm-in-altenmarkt-zauchensee-1170x658-1.jpg\" class=\"attachment-1170_658 size-1170_658\" alt=\"V\u00fdlet s d\u011btmi na pastvin\u00e1ch se sala\u0161emi Tauernkarleitenalm (Zv\u011bt\u0161en\u00fd pohled)\" srcset=\"https:\/\/www.salzburgerland.com\/cs\/wp-content\/uploads\/2024\/03\/wanderung-tauernkarleitenalm-in-altenmarkt-zauchensee-1170x658-1.jpg 1170w, https:\/\/www.salzburgerland.com\/cs\/wp-content\/uploads\/2024\/03\/wanderung-tauernkarleitenalm-in-altenmarkt-zauchensee-1170x658-1-768x432.jpg 768w\" sizes=\"(max-width: 1170px) 100vw, 1170px\" aria-describedby=\"figcaption-159365-159382\" itemprop=\"thumbnail\"><\/a><\/div>\n\t\t\t\t\t\t<span id=\"figcaption-159365-159382\" class=\"gallery-caption\" itemprop=\"caption\"><span aria-hidden=\"true\">V\u00fdlet s d\u011btmi na pastvin\u00e1ch Tauernkarleitenalm \u00a9 Matthias Fritzenwallner\n\n<\/span><\/span>\n\t\t\t\t\t<\/li>\n\t\t\t\t\t<li class=\"gallery-item col-3\" itemprop=\"associatedMedia\" itemscope itemtype=\"http:\/\/schema.org\/ImageObject\">\n\t\t\t\t\t\t<div class=\"gallery-icon landscape\"><a href=\"https:\/\/www.salzburgerland.com\/cs\/wp-content\/uploads\/2024\/03\/urlaub-am-bauernhof-in-altenmarkt-zauchensee-1599x1067-1.jpg\" title=\"urlaub-am-bauernhof-in-altenmarkt-zauchensee-1599x1067\"><img decoding=\"async\" data-title=\"Dovolen\u00e1 na farm\u011b v Altenmarkt-Zauchensee \u00a9 Nadia Jabli Photography\" title=\"Dovolen\u00e1 na farm\u011b v Altenmarkt-Zauchensee \u00a9 Nadia Jabli Photography\" data-caption=\"Dovolen\u00e1 na farm\u011b v Altenmarkt-Zauchensee \u00a9 Nadia Jabli Photography\" width=\"1170\" height=\"658\" src=\"https:\/\/www.salzburgerland.com\/cs\/wp-content\/uploads\/2024\/03\/urlaub-am-bauernhof-in-altenmarkt-zauchensee-1599x1067-1-1170x658.jpg\" class=\"attachment-1170_658 size-1170_658\" alt=\"Rodina sn\u00edd\u00e1 venku p\u0159ed farmou s v\u00fdhledem na hory. (Zv\u011bt\u0161en\u00fd pohled)\" srcset=\"https:\/\/www.salzburgerland.com\/cs\/wp-content\/uploads\/2024\/03\/urlaub-am-bauernhof-in-altenmarkt-zauchensee-1599x1067-1-1170x658.jpg 1170w, https:\/\/www.salzburgerland.com\/cs\/wp-content\/uploads\/2024\/03\/urlaub-am-bauernhof-in-altenmarkt-zauchensee-1599x1067-1-1200x675.jpg 1200w\" sizes=\"(max-width: 1170px) 100vw, 1170px\" aria-describedby=\"figcaption-159365-159381\" itemprop=\"thumbnail\"><\/a><\/div>\n\t\t\t\t\t\t<span id=\"figcaption-159365-159381\" class=\"gallery-caption\" itemprop=\"caption\"><span aria-hidden=\"true\">Dovolen\u00e1 na farm\u011b v Altenmarkt-Zauchensee \u00a9 Nadia Jabli Photography<\/span><\/span>\n\t\t\t\t\t<\/li>\n\t\t\t\t\t<li class=\"gallery-item col-3\" itemprop=\"associatedMedia\" itemscope itemtype=\"http:\/\/schema.org\/ImageObject\">\n\t\t\t\t\t\t<div class=\"gallery-icon landscape\"><a href=\"https:\/\/www.salzburgerland.com\/cs\/wp-content\/uploads\/2024\/03\/familienradtour-in-altenmarkt-zauchensee-1601x1067-1.jpg\" title=\"familienradtour-in-altenmarkt-zauchensee-1601x1067\"><img decoding=\"async\" data-title=\"Na kole s rodinou na trase kolem les\u016f Zauchbachweg \u00a9 Matthias Fritzenwallner\n\" title=\"Na kole s rodinou na trase kolem les\u016f Zauchbachweg \u00a9 Matthias Fritzenwallner\n\" data-caption=\"Na kole s rodinou na trase kolem les\u016f Zauchbachweg \u00a9 Matthias Fritzenwallner\n\" width=\"1170\" height=\"658\" src=\"https:\/\/www.salzburgerland.com\/cs\/wp-content\/uploads\/2024\/03\/familienradtour-in-altenmarkt-zauchensee-1601x1067-1-1170x658.jpg\" class=\"attachment-1170_658 size-1170_658\" alt=\"Na kole s rodinou na trase kolem les\u016f Zauchbachweg (Zv\u011bt\u0161en\u00fd pohled)\" srcset=\"https:\/\/www.salzburgerland.com\/cs\/wp-content\/uploads\/2024\/03\/familienradtour-in-altenmarkt-zauchensee-1601x1067-1-1170x658.jpg 1170w, https:\/\/www.salzburgerland.com\/cs\/wp-content\/uploads\/2024\/03\/familienradtour-in-altenmarkt-zauchensee-1601x1067-1-1200x675.jpg 1200w\" sizes=\"(max-width: 1170px) 100vw, 1170px\" aria-describedby=\"figcaption-159365-159380\" itemprop=\"thumbnail\"><\/a><\/div>\n\t\t\t\t\t\t<span id=\"figcaption-159365-159380\" class=\"gallery-caption\" itemprop=\"caption\"><span aria-hidden=\"true\">Na kole s rodinou na trase kolem les\u016f Zauchbachweg \u00a9 Matthias Fritzenwallner\n<\/span><\/span>\n\t\t\t\t\t<\/li>\n\t\t\t\t<\/ul>\n\t\t\t<\/div><!-- .gallery -->\n\n<h3><strong>10 PRAVIDEL PRO TURISTIKU S D\u011aTMI<\/strong><\/h3>\n<ul>\n<li>Organizujte v\u00fdlety podle schopnost\u00ed d\u011bt\u00ed. D\u011blejte\u00a0<strong>si kr\u00e1tk\u00e9 p\u0159est\u00e1vky na hry a aktivity<\/strong>.<\/li>\n<li>Napl\u00e1nujte\u00a0<strong>si dvakr\u00e1t tolik \u010dasu<\/strong>, ne\u017e \u0159\u00edk\u00e1 pr\u016fvodce\/rozcestn\u00edk.<\/li>\n<li>Nezapome\u0148te si vz\u00edt \u010depici a rukavice a\u00a0<strong>ochranu p\u0159ed sluncem a de\u0161t\u011bm<\/strong>.<\/li>\n<li>Pod\u00edvejte\u00a0<strong>se na p\u0159edpov\u011b\u010f po\u010das\u00ed<\/strong>\u00a0a p\u0159i prvn\u00edm n\u00e1znaku zm\u011bny po\u010das\u00ed se oto\u010dte.<\/li>\n<li>P\u0159ibalte si n\u00e1plast a repelent do\u00a0<strong>kapesn\u00ed l\u00e9k\u00e1rni\u010dky<\/strong>.<\/li>\n<li>Oznamte\u00a0<strong>t\u011bm nejmen\u0161\u00edm atraktivn\u00ed c\u00edl<\/strong>\u00a0(d\u011btsk\u00e9 h\u0159i\u0161t\u011b, kontaktn\u00ed zoo)<\/li>\n<li>Vyberte si oble\u010den\u00ed, kter\u00e9 rychle schne a ochr\u00e1n\u00ed v\u00e1s p\u0159ed chladem.<\/li>\n<li>D\u011btsk\u00e1 obuv mus\u00ed m\u00edt\u00a0<strong>profilovanou podr\u00e1\u017eku<\/strong>.<\/li>\n<li>Vezm\u011bte si s sebou dostatek\u00a0<strong>z\u00e1sob a pit\u00ed<\/strong>.<\/li>\n<li>Vezm\u011bte si nabit\u00fd\u00a0<strong>mobiln\u00ed telefon s ulo\u017een\u00fdmi \u010d\u00edsly t\u00eds\u0148ov\u00e9ho vol\u00e1n\u00ed<\/strong>!<\/li>\n<\/ul>\n<h3><strong>Z\u00c1\u017dITKOV\u00c1 HORA GAMSKOGEL<\/strong><\/h3>\n<p>D\u011bti budou t\u00edmto m\u00edstem nad\u0161en\u00e9. Nahoru jede modern\u00ed, bezpe\u010dn\u00e1 seda\u010dkov\u00e1 lanovka, co\u017e je atrakce sama o sob\u011b. Na vrcholu le\u017e\u00ed\u00a0<a href=\"https:\/\/www.altenmarkt-zauchensee.at\/en\/infrastructure\/altenmarkt-zauchensee-gamskogel-hut.html\">horsk\u00e1 chata<\/a>, obklopen\u00e1 rozlehl\u00fdm h\u0159i\u0161t\u011bm a dobrodru\u017estv\u00edm s n\u00e1zvem <strong><a href=\"https:\/\/www.zauchensee.at\/en\/sommer\/the-adventure-playground-at-the-gamskogel.html\">\u201eMeistercup Arena\u201c<\/a><\/strong>. D\u011bti se mohou vy\u0159\u00e1dit, dozv\u011bd\u011bt se n\u011bco o alpsk\u00e9 faun\u011b a pobavit se. Nedaleko se nach\u00e1z\u00ed jezero <strong>Seekarsee<\/strong>, ke kter\u00e9mu se dostanete p\u011b\u0161ky nebo v\u00fdletn\u00edm horsk\u00fdm vl\u00e1\u010dkem.<\/p>\n<div id=\"attachment_159374\" style=\"width: 1034px\" class=\"wp-caption alignnone\"><img decoding=\"async\" aria-describedby=\"caption-attachment-159374\" class=\"wp-image-159374 size-medium\" src=\"https:\/\/www.salzburgerland.com\/cs\/wp-content\/uploads\/2024\/03\/erlebnisberg-gamskogel-in-altenmarkt-zauchensee-1170x658-1-1024x569.jpg\" alt=\"Na z\u00e1\u017eitkovou horu Gamskogel s h\u0159i\u0161t\u011bm vede lanovka\" width=\"1024\" height=\"569\" srcset=\"https:\/\/www.salzburgerland.com\/cs\/wp-content\/uploads\/2024\/03\/erlebnisberg-gamskogel-in-altenmarkt-zauchensee-1170x658-1-1024x569.jpg 1024w, https:\/\/www.salzburgerland.com\/cs\/wp-content\/uploads\/2024\/03\/erlebnisberg-gamskogel-in-altenmarkt-zauchensee-1170x658-1-370x206.jpg 370w, https:\/\/www.salzburgerland.com\/cs\/wp-content\/uploads\/2024\/03\/erlebnisberg-gamskogel-in-altenmarkt-zauchensee-1170x658-1-270x150.jpg 270w, https:\/\/www.salzburgerland.com\/cs\/wp-content\/uploads\/2024\/03\/erlebnisberg-gamskogel-in-altenmarkt-zauchensee-1170x658-1-540x300.jpg 540w\" sizes=\"(max-width: 1024px) 100vw, 1024px\"><p id=\"caption-attachment-159374\" class=\"wp-caption-text\">Na z\u00e1\u017eitkovou horu Gamskogel s h\u0159i\u0161t\u011bm vede lanovka \u00a9 Zauchensee Liftgesellschaft<\/p><\/div>\n<h3><strong>LESN\u00cd DOBRODRU\u017dSTV\u00cd<\/strong><\/h3>\n<p>Nejen, \u017ee se horsk\u00e1 pastvina m\u016f\u017ee prom\u011bnit v h\u0159i\u0161t\u011b, ale tak\u00e9 les je hrav\u00fd, pou\u010dn\u00fd a inspirativn\u00ed. V <a href=\"https:\/\/www.altenmarkt-zauchensee.at\/en\/activities\/erlebniswald-altenmarkt.html\"><strong>lanov\u00e9m parku<\/strong><\/a> v kr\u00e1sn\u00e9 lesn\u00ed oblasti Zauchbach \u010dekaj\u00ed na rodiny s d\u011btmi od 4 let a star\u0161\u00edmi d\u011btmi nezapomenuteln\u00e9 chv\u00edle. Zde si m\u016f\u017eete vyzkou\u0161et svou s\u00edlu a odvahu na lanov\u00fdch stezk\u00e1ch, zip-line skluzavk\u00e1ch a lanov\u00fdch mostech \u2013 samoz\u0159ejm\u011b se spr\u00e1vn\u00fdm ji\u0161t\u011bn\u00edm.<\/p>\n<div id=\"attachment_159375\" style=\"width: 1034px\" class=\"wp-caption alignnone\"><img decoding=\"async\" aria-describedby=\"caption-attachment-159375\" class=\"wp-image-159375 size-medium\" src=\"https:\/\/www.salzburgerland.com\/cs\/wp-content\/uploads\/2024\/03\/hochseilgarten-in-altenmarkt-zauchensee-1170x658-1-1024x569.jpg\" alt=\"D\u00edt\u011b s helmou a ji\u0161t\u011bn\u00edm proch\u00e1z\u00ed mezi stromy na stezce v lanov\u00e9m parku v Altenmakrt-Zauchensee.\" width=\"1024\" height=\"569\" srcset=\"https:\/\/www.salzburgerland.com\/cs\/wp-content\/uploads\/2024\/03\/hochseilgarten-in-altenmarkt-zauchensee-1170x658-1-1024x569.jpg 1024w, https:\/\/www.salzburgerland.com\/cs\/wp-content\/uploads\/2024\/03\/hochseilgarten-in-altenmarkt-zauchensee-1170x658-1-370x206.jpg 370w, https:\/\/www.salzburgerland.com\/cs\/wp-content\/uploads\/2024\/03\/hochseilgarten-in-altenmarkt-zauchensee-1170x658-1-270x150.jpg 270w, https:\/\/www.salzburgerland.com\/cs\/wp-content\/uploads\/2024\/03\/hochseilgarten-in-altenmarkt-zauchensee-1170x658-1-540x300.jpg 540w\" sizes=\"(max-width: 1024px) 100vw, 1024px\"><p id=\"caption-attachment-159375\" class=\"wp-caption-text\">Lanov\u00fd park v Altenmarkt-Zauchensee \u00a9 Matthias Fritzenwallner<\/p><\/div>\n<h3><strong>L\u00c1ZN\u011a ERLEBNIS-THERME AMAD\u00c9<\/strong><\/h3>\n<p>Samotn\u00fd pohled na vodu rozz\u00e1\u0159\u00ed o\u010di d\u011bt\u00ed. Z\u00e1\u017eitkov\u00e9 <strong><a href=\"https:\/\/www.altenmarkt-zauchensee.at\/en\/activities\/erlebnis-therme.html\">term\u00e1ly v Altenmarktu<\/a><\/strong>\u00a0jsou m\u00edstem z\u00e1bavy a relaxace pro celou rodinu. L\u00e1zn\u011b nab\u00edzej\u00ed 11 vnit\u0159n\u00edch i venkovn\u00edch baz\u00e9n\u016f, 5 tematick\u00fdch saun, hammam z rakousk\u00e9ho mramoru S\u00f6lker, parn\u00ed jeskyn\u011b a 2 sol\u00e1ria. N\u00e1v\u0161t\u011bvn\u00edci si u\u017eij\u00ed baz\u00e9n s vlnami a mas\u00e1\u017en\u00edmi tryskami, vodu s r\u016fznou koncentrac\u00ed solanky a sportovn\u00ed baz\u00e9n s mo\u017enost\u00ed pot\u00e1p\u011bn\u00ed. Ti, kte\u0159\u00ed maj\u00ed r\u00e1di rychlou j\u00edzdu, si zamiluj\u00ed 50m tobog\u00e1n \u201cBlack Mamba\u201c, 100m trycht\u00fd\u0159ovit\u00fd \u201ePython\u201c nebo adrenalinovou \u201eAnacondu\u201c, kde se\u0161up dol\u016f p\u0159ipom\u00edn\u00e1 t\u00e9m\u011b\u0159 voln\u00fd p\u00e1d.<\/p>\n\n\t\t\t<div id=\"159365-2\" class=\"gallery gallery-159365 gallery-columns-3 gallery-size-1170_658\" itemscope itemtype=\"http:\/\/schema.org\/ImageGallery\">\n\t\t\t\t<ul class=\"gallery-row gallery-col-3 gallery-clear\">\n\t\t\t\t\t<li class=\"gallery-item col-3\" itemprop=\"associatedMedia\" itemscope itemtype=\"http:\/\/schema.org\/ImageObject\">\n\t\t\t\t\t\t<div class=\"gallery-icon landscape\"><a href=\"https:\/\/www.salzburgerland.com\/cs\/wp-content\/uploads\/2024\/03\/erlebnis-therme-amade-in-altenmarkt-zauchensee.jpg\" title=\"erlebnis-therme-amade-in-altenmarkt-zauchensee\"><img decoding=\"async\" data-title=\"P\u0159\u00edjemn\u00e1 voda ke koup\u00e1n\u00ed v Erlebnis Therme Amad\u00e9 \u00a9 Matthias Fritzenwallner\" title=\"P\u0159\u00edjemn\u00e1 voda ke koup\u00e1n\u00ed v Erlebnis Therme Amad\u00e9 \u00a9 Matthias Fritzenwallner\" data-caption=\"P\u0159\u00edjemn\u00e1 voda ke koup\u00e1n\u00ed v Erlebnis Therme Amad\u00e9 \u00a9 Matthias Fritzenwallner\" width=\"1170\" height=\"658\" src=\"https:\/\/www.salzburgerland.com\/cs\/wp-content\/uploads\/2024\/03\/erlebnis-therme-amade-in-altenmarkt-zauchensee-1170x658.jpg\" class=\"attachment-1170_658 size-1170_658\" alt=\"N\u00e1v\u0161t\u011bvn\u00edci si u\u017e\u00edvaj\u00ed baz\u00e9n s vlnami a mas\u00e1\u017en\u00edmi tryskami, vodu s r\u016fznou koncentrac\u00ed solanky (Zv\u011bt\u0161en\u00fd pohled)\" srcset=\"https:\/\/www.salzburgerland.com\/cs\/wp-content\/uploads\/2024\/03\/erlebnis-therme-amade-in-altenmarkt-zauchensee-1170x658.jpg 1170w, https:\/\/www.salzburgerland.com\/cs\/wp-content\/uploads\/2024\/03\/erlebnis-therme-amade-in-altenmarkt-zauchensee-1200x675.jpg 1200w\" sizes=\"(max-width: 1170px) 100vw, 1170px\" aria-describedby=\"figcaption-159365-159376\" itemprop=\"thumbnail\"><\/a><\/div>\n\t\t\t\t\t\t<span id=\"figcaption-159365-159376\" class=\"gallery-caption\" itemprop=\"caption\"><span aria-hidden=\"true\">P\u0159\u00edjemn\u00e1 voda ke koup\u00e1n\u00ed v Erlebnis Therme Amad\u00e9 \u00a9 Matthias Fritzenwallner<\/span><\/span>\n\t\t\t\t\t<\/li>\n\t\t\t\t\t<li class=\"gallery-item col-3\" itemprop=\"associatedMedia\" itemscope itemtype=\"http:\/\/schema.org\/ImageObject\">\n\t\t\t\t\t\t<div class=\"gallery-icon landscape\"><a href=\"https:\/\/www.salzburgerland.com\/cs\/wp-content\/uploads\/2024\/03\/kinderrutsche-erlebnis-therme-amade-in-altenmarkt-zauchensee.jpg\" title=\"kinderrutsche-erlebnis-therme-amade-in-altenmarkt-zauchensee\"><img decoding=\"async\" data-title=\"Mal\u00e9 d\u011bti si u\u017eij\u00ed v l\u00e1zn\u00edch mnoho atrakc\u00ed \u00a9 Matthias Fritzenwallner\" title=\"Mal\u00e9 d\u011bti si u\u017eij\u00ed v l\u00e1zn\u00edch mnoho atrakc\u00ed \u00a9 Matthias Fritzenwallner\" data-caption=\"Mal\u00e9 d\u011bti si u\u017eij\u00ed v l\u00e1zn\u00edch mnoho atrakc\u00ed \u00a9 Matthias Fritzenwallner\" width=\"1170\" height=\"658\" src=\"https:\/\/www.salzburgerland.com\/cs\/wp-content\/uploads\/2024\/03\/kinderrutsche-erlebnis-therme-amade-in-altenmarkt-zauchensee-1170x658.jpg\" class=\"attachment-1170_658 size-1170_658\" alt=\"Z\u00e1\u017eitkov\u00e9 l\u00e1zn\u011b Erlebnis-Therme Amad\u00e9 se nach\u00e1zej\u00ed v Pongau, v malebn\u00e9m Altenmarkt-Zauchensee. (Zv\u011bt\u0161en\u00fd pohled)\" srcset=\"https:\/\/www.salzburgerland.com\/cs\/wp-content\/uploads\/2024\/03\/kinderrutsche-erlebnis-therme-amade-in-altenmarkt-zauchensee-1170x658.jpg 1170w, https:\/\/www.salzburgerland.com\/cs\/wp-content\/uploads\/2024\/03\/kinderrutsche-erlebnis-therme-amade-in-altenmarkt-zauchensee-1200x675.jpg 1200w\" sizes=\"(max-width: 1170px) 100vw, 1170px\" aria-describedby=\"figcaption-159365-159378\" itemprop=\"thumbnail\"><\/a><\/div>\n\t\t\t\t\t\t<span id=\"figcaption-159365-159378\" class=\"gallery-caption\" itemprop=\"caption\"><span aria-hidden=\"true\">Mal\u00e9 d\u011bti si u\u017eij\u00ed v l\u00e1zn\u00edch mnoho atrakc\u00ed \u00a9 Matthias Fritzenwallner<\/span><\/span>\n\t\t\t\t\t<\/li>\n\t\t\t\t\t<li class=\"gallery-item col-3\" itemprop=\"associatedMedia\" itemscope itemtype=\"http:\/\/schema.org\/ImageObject\">\n\t\t\t\t\t\t<div class=\"gallery-icon landscape\"><a href=\"https:\/\/www.salzburgerland.com\/cs\/wp-content\/uploads\/2024\/03\/erlebnistherme-amad-roehrenrutsche-black-mamba-1920x1067-1.jpg\" title=\"-erlebnistherme-amad--roehrenrutsche-black-mamba-1920x1067\"><img decoding=\"async\" data-title=\"Tobog\u00e1n Black Mamba \u00a9 Erlebnistherme Amad\u00e9\" title=\"Tobog\u00e1n Black Mamba \u00a9 Erlebnistherme Amad\u00e9\" data-caption=\"Tobog\u00e1n Black Mamba \u00a9 Erlebnistherme Amad\u00e9\" width=\"1170\" height=\"658\" src=\"https:\/\/www.salzburgerland.com\/cs\/wp-content\/uploads\/2024\/03\/erlebnistherme-amad-roehrenrutsche-black-mamba-1920x1067-1-1170x658.jpg\" class=\"attachment-1170_658 size-1170_658\" alt=\"Ti, kte\u0159\u00ed maj\u00ed r\u00e1di rychlou j\u00edzdu, ocen\u00ed 50m tobog\u00e1n\u201cBlack Mamba\u201c s tunelem, 100m trycht\u00fd\u0159ovit\u00fd \u201ePython\u201c nebo adrenalinovou \u201eAnacondu\u201c, kde se\u0161up dol\u016f p\u0159ipom\u00edn\u00e1 t\u00e9m\u011b\u0159 voln\u00fd p\u00e1d. (Zv\u011bt\u0161en\u00fd pohled)\" srcset=\"https:\/\/www.salzburgerland.com\/cs\/wp-content\/uploads\/2024\/03\/erlebnistherme-amad-roehrenrutsche-black-mamba-1920x1067-1-1170x658.jpg 1170w, https:\/\/www.salzburgerland.com\/cs\/wp-content\/uploads\/2024\/03\/erlebnistherme-amad-roehrenrutsche-black-mamba-1920x1067-1-1200x675.jpg 1200w\" sizes=\"(max-width: 1170px) 100vw, 1170px\" aria-describedby=\"figcaption-159365-159377\" itemprop=\"thumbnail\"><\/a><\/div>\n\t\t\t\t\t\t<span id=\"figcaption-159365-159377\" class=\"gallery-caption\" itemprop=\"caption\"><span aria-hidden=\"true\">Tobog\u00e1n Black Mamba \u00a9 Erlebnistherme Amad\u00e9<\/span><\/span>\n\t\t\t\t\t<\/li>\n\t\t\t\t<\/ul>\n\t\t\t<\/div><!-- .gallery -->\n\n<h3><strong>FARMY A RODINN\u00c9 HOTELY<\/strong><\/h3>\n<p>V\u00edce ne\u017e\u00a0<strong><a href=\"https:\/\/www.altenmarkt-zauchensee.at\/en\/activities\/urlaub-am-bauernhof.html\">30 farem s mo\u017enost\u00ed ubytov\u00e1n\u00ed<\/a><\/strong> a certifik\u00e1tem kvality zve rodiny s d\u011btmi na nezapomenutelnou dovolenou v p\u0159\u00edrod\u011b. Alpsk\u00e9 farmy jsou na \u0161pi\u010dkov\u00e9 \u00farovni, pokud jde o pohostinnost a rodinnou atmosf\u00e9ru. Pro d\u011bti je to skute\u010dn\u00fd r\u00e1j, proto\u017ee mohou pom\u00e1hat se zv\u00ed\u0159\u00e1tky na dvo\u0159e a mazlit se s dom\u00e1c\u00edmi mazl\u00ed\u010dky. A vejce k sn\u00eddani chutn\u00e1 nejl\u00e9pe, kdy\u017e si ho sami p\u0159inesete z kurn\u00edku. Pozn\u00e1vaj\u00ed tak \u017eivot a pr\u00e1ci na venkov\u011b. Strukturovan\u00e9 programy aktivit pro d\u011bti jsou pro rodi\u010de cenn\u00e9, aby si v t\u00e9to dob\u011b odpo\u010dinuli. N\u011bkter\u00e9 farmy se specializuj\u00ed na ubytov\u00e1n\u00ed rodi\u010d\u016f s kojenci a batolaty a poskytuj\u00ed vhodn\u00e9 vybaven\u00ed pokoj\u016f (d\u011btsk\u00e9 post\u00fdlky, vysok\u00e9 \u017eidli\u010dky, p\u0159\u00edbory pro d\u011bti, hra\u010dky a ch\u016fvi\u010dku).<\/p>\n<div id=\"attachment_159379\" style=\"width: 1034px\" class=\"wp-caption alignnone\"><img decoding=\"async\" aria-describedby=\"caption-attachment-159379\" class=\"wp-image-159379 size-medium\" src=\"https:\/\/www.salzburgerland.com\/cs\/wp-content\/uploads\/2024\/03\/bauernhofurlaub-in-altenmarkt-zauchensee-1170x658-1-1024x569.jpg\" alt=\"Hol\u010di\u010dka si na sen\u011b ve stodole u farmy hraje s kot\u011btem \" width=\"1024\" height=\"569\" srcset=\"https:\/\/www.salzburgerland.com\/cs\/wp-content\/uploads\/2024\/03\/bauernhofurlaub-in-altenmarkt-zauchensee-1170x658-1-1024x569.jpg 1024w, https:\/\/www.salzburgerland.com\/cs\/wp-content\/uploads\/2024\/03\/bauernhofurlaub-in-altenmarkt-zauchensee-1170x658-1-370x206.jpg 370w, https:\/\/www.salzburgerland.com\/cs\/wp-content\/uploads\/2024\/03\/bauernhofurlaub-in-altenmarkt-zauchensee-1170x658-1-270x150.jpg 270w, https:\/\/www.salzburgerland.com\/cs\/wp-content\/uploads\/2024\/03\/bauernhofurlaub-in-altenmarkt-zauchensee-1170x658-1-540x300.jpg 540w\" sizes=\"(max-width: 1024px) 100vw, 1024px\"><p id=\"caption-attachment-159379\" class=\"wp-caption-text\">Pr\u00e1zdniny na farm\u011b v Altenmarkt-Zauchensee \u00a9 Nadia Jabli Photography<\/p><\/div>\n<h3><strong>KOUZELN\u00dd HORSK\u00dd KLUB<\/strong><\/h3>\n<p>Krom\u011b farem je zde 8 rodinn\u00fdch hotel\u016f a\u00a0<a href=\"https:\/\/www.altenmarkt-zauchensee.at\/en\/activities\/magic-mountains-1.html\"><strong>Magic Mountain Club<\/strong><\/a>, kter\u00fd nab\u00edz\u00ed rodin\u00e1m s d\u011btmi aktivn\u00ed a odpo\u010dinkovou dovolenou v nadmo\u0159sk\u00e9 v\u00fd\u0161ce 1 350 m n. m. Klubov\u00e1 vesni\u010dka se skl\u00e1d\u00e1 z 3 a 4hv\u011bzdi\u010dkov\u00fdch hotel\u016f a p\u0159\u00edrodn\u00edho jezera Zauchensee, kter\u00e9 je hlubok\u00e9 1 a\u017e 4 m a m\u00e1 teplotu vody p\u0159ibli\u017en\u011b 18 \u00b0C. D\u011bti mohou vyu\u017e\u00edt atraktivn\u00edch slev na pobyty (a\u017e 100 %) Hl\u00edd\u00e1n\u00ed d\u011bt\u00ed a anima\u010dn\u00ed programy pro v\u0161echny v\u011bkov\u00e9 skupiny zaji\u0161\u0165uj\u00ed pedagogov\u00e9, kte\u0159\u00ed hovo\u0159\u00ed mnoha ciz\u00edmi jazyky. Bohat\u00fd a pestr\u00fd je i sportovn\u00ed a rekrea\u010dn\u00ed program \u2013 od volejbalu, p\u0159es cyklistick\u00e9 v\u00fdlety, a\u017e po tane\u010dn\u00ed lekce.<\/p>\n\n\t\t\t<div id=\"159365-3\" class=\"gallery gallery-159365 gallery-columns-3 gallery-size-1170_658\" itemscope itemtype=\"http:\/\/schema.org\/ImageGallery\">\n\t\t\t\t<ul class=\"gallery-row gallery-col-3 gallery-clear\">\n\t\t\t\t\t<li class=\"gallery-item col-3\" itemprop=\"associatedMedia\" itemscope itemtype=\"http:\/\/schema.org\/ImageObject\">\n\t\t\t\t\t\t<div class=\"gallery-icon landscape\"><a href=\"https:\/\/www.salzburgerland.com\/cs\/wp-content\/uploads\/2024\/03\/magic-mountains-in-altenmarkt-zauchensee-1170x658-1.jpg\" title=\"magic-mountains-in-altenmarkt-zauchensee-1170x658\"><img decoding=\"async\" data-title=\"Jezero Zauchensee a programy Magic Mountains Clubu \u00a9 Nadia Jabli Photography\n\" title=\"Jezero Zauchensee a programy Magic Mountains Clubu \u00a9 Nadia Jabli Photography\n\" data-caption=\"Jezero Zauchensee a programy Magic Mountains Clubu \u00a9 Nadia Jabli Photography\n\" width=\"1170\" height=\"658\" src=\"https:\/\/www.salzburgerland.com\/cs\/wp-content\/uploads\/2024\/03\/magic-mountains-in-altenmarkt-zauchensee-1170x658-1.jpg\" class=\"attachment-1170_658 size-1170_658\" alt=\"Jezero a stejnojmenn\u00e9 st\u0159edisko Zauchensee najdete ji\u017en\u011b od obce Altenmarktu v Pongau (Zv\u011bt\u0161en\u00fd pohled)\" srcset=\"https:\/\/www.salzburgerland.com\/cs\/wp-content\/uploads\/2024\/03\/magic-mountains-in-altenmarkt-zauchensee-1170x658-1.jpg 1170w, https:\/\/www.salzburgerland.com\/cs\/wp-content\/uploads\/2024\/03\/magic-mountains-in-altenmarkt-zauchensee-1170x658-1-768x432.jpg 768w\" sizes=\"(max-width: 1170px) 100vw, 1170px\" aria-describedby=\"figcaption-159365-159383\" itemprop=\"thumbnail\"><\/a><\/div>\n\t\t\t\t\t\t<span id=\"figcaption-159365-159383\" class=\"gallery-caption\" itemprop=\"caption\"><span aria-hidden=\"true\">Jezero Zauchensee a programy Magic Mountains Clubu \u00a9 Nadia Jabli Photography\n<\/span><\/span>\n\t\t\t\t\t<\/li>\n\t\t\t\t\t<li class=\"gallery-item col-3\" itemprop=\"associatedMedia\" itemscope itemtype=\"http:\/\/schema.org\/ImageObject\">\n\t\t\t\t\t\t<div class=\"gallery-icon landscape\"><a href=\"https:\/\/www.salzburgerland.com\/cs\/wp-content\/uploads\/2024\/03\/magic-mountains-in-altenmarkt-zauchensee-1599x1067-1.jpg\" title=\"magic-mountains-in-altenmarkt-zauchensee-1599x1067\"><img decoding=\"async\" data-title=\"Letn\u00ed z\u00e1bava u jezera Zauchensee \u00a9 Nadia Jabli Photography\n\" title=\"Letn\u00ed z\u00e1bava u jezera Zauchensee \u00a9 Nadia Jabli Photography\n\" data-caption=\"Letn\u00ed z\u00e1bava u jezera Zauchensee \u00a9 Nadia Jabli Photography\n\" width=\"1170\" height=\"658\" src=\"https:\/\/www.salzburgerland.com\/cs\/wp-content\/uploads\/2024\/03\/magic-mountains-in-altenmarkt-zauchensee-1599x1067-1-1170x658.jpg\" class=\"attachment-1170_658 size-1170_658\" alt=\"Magic Mountain Club nab\u00edz\u00ed aktivn\u00ed a odpo\u010dinkovou dovolenou s programem i na jeze\u0159e Zauchensee (Zv\u011bt\u0161en\u00fd pohled)\" srcset=\"https:\/\/www.salzburgerland.com\/cs\/wp-content\/uploads\/2024\/03\/magic-mountains-in-altenmarkt-zauchensee-1599x1067-1-1170x658.jpg 1170w, https:\/\/www.salzburgerland.com\/cs\/wp-content\/uploads\/2024\/03\/magic-mountains-in-altenmarkt-zauchensee-1599x1067-1-1200x675.jpg 1200w\" sizes=\"(max-width: 1170px) 100vw, 1170px\" aria-describedby=\"figcaption-159365-159384\" itemprop=\"thumbnail\"><\/a><\/div>\n\t\t\t\t\t\t<span id=\"figcaption-159365-159384\" class=\"gallery-caption\" itemprop=\"caption\"><span aria-hidden=\"true\">Letn\u00ed z\u00e1bava u jezera Zauchensee \u00a9 Nadia Jabli Photography\n<\/span><\/span>\n\t\t\t\t\t<\/li>\n\t\t\t\t\t<li class=\"gallery-item col-3\" itemprop=\"associatedMedia\" itemscope itemtype=\"http:\/\/schema.org\/ImageObject\">\n\t\t\t\t\t\t<div class=\"gallery-icon landscape\"><a href=\"https:\/\/www.salzburgerland.com\/cs\/wp-content\/uploads\/2024\/03\/stand-up-paddeling-in-altenmarkt-zauchensee-1599x1067-1.jpg\" title=\"stand-up-paddeling-in-altenmarkt-zauchensee-1599x1067\"><img decoding=\"async\" data-title=\"Na Zauchensee si u\u017eijete nap\u0159\u00edklad i paddleboard \u00a9 Nadia Jabli Photography\n\" title=\"Na Zauchensee si u\u017eijete nap\u0159\u00edklad i paddleboard \u00a9 Nadia Jabli Photography\n\" data-caption=\"Na Zauchensee si u\u017eijete nap\u0159\u00edklad i paddleboard \u00a9 Nadia Jabli Photography\n\" width=\"1170\" height=\"658\" src=\"https:\/\/www.salzburgerland.com\/cs\/wp-content\/uploads\/2024\/03\/stand-up-paddeling-in-altenmarkt-zauchensee-1599x1067-1-1170x658.jpg\" class=\"attachment-1170_658 size-1170_658\" alt=\"Mu\u017e na paddleboardu na jeze\u0159e Zauchensee, (Zv\u011bt\u0161en\u00fd pohled)\" srcset=\"https:\/\/www.salzburgerland.com\/cs\/wp-content\/uploads\/2024\/03\/stand-up-paddeling-in-altenmarkt-zauchensee-1599x1067-1-1170x658.jpg 1170w, https:\/\/www.salzburgerland.com\/cs\/wp-content\/uploads\/2024\/03\/stand-up-paddeling-in-altenmarkt-zauchensee-1599x1067-1-1200x675.jpg 1200w\" sizes=\"(max-width: 1170px) 100vw, 1170px\" aria-describedby=\"figcaption-159365-159385\" itemprop=\"thumbnail\"><\/a><\/div>\n\t\t\t\t\t\t<span id=\"figcaption-159365-159385\" class=\"gallery-caption\" itemprop=\"caption\"><span aria-hidden=\"true\">Na Zauchensee si u\u017eijete nap\u0159\u00edklad i paddleboard \u00a9 Nadia Jabli Photography\n<\/span><\/span>\n\t\t\t\t\t<\/li>\n\t\t\t\t<\/ul>\n\t\t\t<\/div><!-- .gallery -->\n\n","protected":false},"excerpt":{"rendered":"<p>Rodiny s d\u011btmi najdou pr\u00e1zdninov\u00fd r\u00e1j v Altenmarkt-Zauchensee! St\u0159edisko a jeho okol\u00ed jim m\u00e1 co nab\u00eddnout, od relaxace v l\u016fn\u011b p\u0159\u00edrody, p\u0159es sportovn\u00ed a rekrea\u010dn\u00ed nab\u00eddku, a\u017e po hotely specializuj\u00edc\u00ed se na rodinnou turistiku a farmy milovan\u00e9 nejmen\u0161\u00edmi hosty. RODINN\u00c1 DOVOLEN\u00c1 V L\u016eN\u011a P\u0158\u00cdRODY P\u0159\u00edroda obda\u0159ila oblast kolem Altenmark-Zauchensee vysok\u00fdmi horami a sv\u011b\u017e\u00edmi alpsk\u00fdmi loukami, [&hellip;]<\/p>\n","protected":false},"author":6,"featured_media":159366,"comment_status":"closed","ping_status":"closed","sticky":false,"template":"","format":"standard","meta":{"_acf_changed":false,"wl_entities_gutenberg":"","_relevanssi_hide_post":"","_relevanssi_hide_content":"","_relevanssi_pin_for_all":"","_relevanssi_pin_keywords":"","_relevanssi_unpin_keywords":"","_relevanssi_related_keywords":"","_relevanssi_related_include_ids":"","_relevanssi_related_exclude_ids":"","_relevanssi_related_no_append":"","_relevanssi_related_not_related":"","_relevanssi_related_posts":"","_relevanssi_noindex_reason":"","footnotes":""},"categories":[1],"tags":[],"wl_entity_type":[706],"class_list":["post-159365","post","type-post","status-publish","format-standard","has-post-thumbnail","hentry","category-uncategorized","wl_entity_type-article"],"acf":[],"yoast_head":"<!-- This site is optimized with the Yoast SEO Premium plugin v27.4 (Yoast SEO v27.4) - https:\/\/yoast.com\/product\/yoast-seo-premium-wordpress\/ -->\n<title>Rodinn\u00e1 dovolen\u00e1 v Altenmarkt-Zauchensee \u00bb SalzburgerLand.com<\/title>\n<meta name=\"robots\" content=\"index, follow, max-snippet:-1, max-image-preview:large, max-video-preview:-1\" \/>\n<link rel=\"canonical\" href=\"https:\/\/www.salzburgerland.com\/cs\/altenmarkt-zauchensee-rodinna-dovolena\/\" \/>\n<meta property=\"og:locale\" content=\"cs_CZ\" \/>\n<meta property=\"og:type\" content=\"article\" \/>\n<meta property=\"og:title\" content=\"Rodinn\u00e1 dovolen\u00e1 v Altenmarkt-Zauchensee\" \/>\n<meta property=\"og:description\" content=\"Rodiny s d\u011btmi najdou pr\u00e1zdninov\u00fd r\u00e1j v Altenmarkt-Zauchensee! St\u0159edisko a jeho okol\u00ed jim m\u00e1 co nab\u00eddnout, od relaxace v l\u016fn\u011b p\u0159\u00edrody, p\u0159es sportovn\u00ed a\" \/>\n<meta property=\"og:url\" content=\"https:\/\/www.salzburgerland.com\/cs\/altenmarkt-zauchensee-rodinna-dovolena\/\" \/>\n<meta property=\"og:site_name\" content=\"SalzburgerLand.com\" \/>\n<meta property=\"article:publisher\" content=\"https:\/\/www.facebook.com\/visitsalzburgerland\/\" \/>\n<meta property=\"article:published_time\" content=\"2024-03-26T10:05:17+00:00\" \/>\n<meta property=\"article:modified_time\" content=\"2024-03-28T08:33:58+00:00\" \/>\n<meta property=\"og:image\" content=\"https:\/\/www.salzburgerland.com\/cs\/wp-content\/uploads\/2024\/03\/familienurlaub-in-altenmarkt-zauchensee-1200x675.jpg\" \/>\n\t<meta property=\"og:image:width\" content=\"1200\" \/>\n\t<meta property=\"og:image:height\" content=\"675\" \/>\n\t<meta property=\"og:image:type\" content=\"image\/jpeg\" \/>\n<meta name=\"author\" content=\"Andrea \u017d\u00e1\u010dkov\u00e1\" \/>\n<meta name=\"twitter:card\" content=\"summary_large_image\" \/>\n<meta name=\"twitter:creator\" content=\"@salzburgerland\" \/>\n<meta name=\"twitter:site\" content=\"@salzburgerland\" \/>\n<meta name=\"twitter:label1\" content=\"Napsal(a)\" \/>\n\t<meta name=\"twitter:data1\" content=\"Andrea \u017d\u00e1\u010dkov\u00e1\" \/>\n\t<meta name=\"twitter:label2\" content=\"Odhadovan\u00e1 doba \u010dten\u00ed\" \/>\n\t<meta name=\"twitter:data2\" content=\"6 minut\" \/>\n<script type=\"application\/ld+json\" class=\"yoast-schema-graph\">{\"@context\":\"https:\\\/\\\/schema.org\",\"@graph\":[{\"@type\":\"Article\",\"@id\":\"https:\\\/\\\/www.salzburgerland.com\\\/cs\\\/altenmarkt-zauchensee-rodinna-dovolena\\\/#article\",\"isPartOf\":{\"@id\":\"https:\\\/\\\/www.salzburgerland.com\\\/cs\\\/altenmarkt-zauchensee-rodinna-dovolena\\\/\"},\"author\":{\"name\":\"Andrea \u017d\u00e1\u010dkov\u00e1\",\"@id\":\"https:\\\/\\\/www.salzburgerland.com\\\/cs\\\/#\\\/schema\\\/person\\\/dd42a4661897004df109095dbf40eeff\"},\"headline\":\"Rodinn\u00e1 dovolen\u00e1 v Altenmarkt-Zauchensee\",\"datePublished\":\"2024-03-26T10:05:17+00:00\",\"dateModified\":\"2024-03-28T08:33:58+00:00\",\"mainEntityOfPage\":{\"@id\":\"https:\\\/\\\/www.salzburgerland.com\\\/cs\\\/altenmarkt-zauchensee-rodinna-dovolena\\\/\"},\"wordCount\":1008,\"image\":{\"@id\":\"https:\\\/\\\/www.salzburgerland.com\\\/cs\\\/altenmarkt-zauchensee-rodinna-dovolena\\\/#primaryimage\"},\"thumbnailUrl\":\"https:\\\/\\\/www.salzburgerland.com\\\/cs\\\/wp-content\\\/uploads\\\/2024\\\/03\\\/familienurlaub-in-altenmarkt-zauchensee.jpg\",\"articleSection\":[\"Uncategorized\"],\"inLanguage\":\"cs\"},{\"@type\":\"WebPage\",\"@id\":\"https:\\\/\\\/www.salzburgerland.com\\\/cs\\\/altenmarkt-zauchensee-rodinna-dovolena\\\/\",\"url\":\"https:\\\/\\\/www.salzburgerland.com\\\/cs\\\/altenmarkt-zauchensee-rodinna-dovolena\\\/\",\"name\":\"Rodinn\u00e1 dovolen\u00e1 v Altenmarkt-Zauchensee \u00bb SalzburgerLand.com\",\"isPartOf\":{\"@id\":\"https:\\\/\\\/www.salzburgerland.com\\\/cs\\\/#website\"},\"primaryImageOfPage\":{\"@id\":\"https:\\\/\\\/www.salzburgerland.com\\\/cs\\\/altenmarkt-zauchensee-rodinna-dovolena\\\/#primaryimage\"},\"image\":{\"@id\":\"https:\\\/\\\/www.salzburgerland.com\\\/cs\\\/altenmarkt-zauchensee-rodinna-dovolena\\\/#primaryimage\"},\"thumbnailUrl\":\"https:\\\/\\\/www.salzburgerland.com\\\/cs\\\/wp-content\\\/uploads\\\/2024\\\/03\\\/familienurlaub-in-altenmarkt-zauchensee.jpg\",\"datePublished\":\"2024-03-26T10:05:17+00:00\",\"dateModified\":\"2024-03-28T08:33:58+00:00\",\"author\":{\"@id\":\"https:\\\/\\\/www.salzburgerland.com\\\/cs\\\/#\\\/schema\\\/person\\\/dd42a4661897004df109095dbf40eeff\"},\"description\":\"Altenmarkt-Zauchensee je ide\u00e1ln\u00edm m\u00edstem pro nezapomenutelnou dovolenou s d\u011btmi.\",\"breadcrumb\":{\"@id\":\"https:\\\/\\\/www.salzburgerland.com\\\/cs\\\/altenmarkt-zauchensee-rodinna-dovolena\\\/#breadcrumb\"},\"inLanguage\":\"cs\",\"potentialAction\":[{\"@type\":\"ReadAction\",\"target\":[\"https:\\\/\\\/www.salzburgerland.com\\\/cs\\\/altenmarkt-zauchensee-rodinna-dovolena\\\/\"]}]},{\"@type\":\"ImageObject\",\"inLanguage\":\"cs\",\"@id\":\"https:\\\/\\\/www.salzburgerland.com\\\/cs\\\/altenmarkt-zauchensee-rodinna-dovolena\\\/#primaryimage\",\"url\":\"https:\\\/\\\/www.salzburgerland.com\\\/cs\\\/wp-content\\\/uploads\\\/2024\\\/03\\\/familienurlaub-in-altenmarkt-zauchensee.jpg\",\"contentUrl\":\"https:\\\/\\\/www.salzburgerland.com\\\/cs\\\/wp-content\\\/uploads\\\/2024\\\/03\\\/familienurlaub-in-altenmarkt-zauchensee.jpg\",\"width\":1500,\"height\":1000,\"caption\":\"Rodinn\u00e1 proch\u00e1zka lesem v oblasti Altenmarkt-Zauchensee \u00a9 Matthias Fritzenwallner\"},{\"@type\":\"BreadcrumbList\",\"@id\":\"https:\\\/\\\/www.salzburgerland.com\\\/cs\\\/altenmarkt-zauchensee-rodinna-dovolena\\\/#breadcrumb\",\"itemListElement\":[{\"@type\":\"ListItem\",\"position\":1,\"name\":\"Altenmarkt-Zauchensee v l\u00e9t\u011b\",\"item\":\"https:\\\/\\\/www.salzburgerland.com\\\/cs\\\/altenmarkt-zauchensee-v-lete\\\/\"},{\"@type\":\"ListItem\",\"position\":2,\"name\":\"Rodinn\u00e1 dovolen\u00e1 v Altenmarkt-Zauchensee\"}]},{\"@type\":\"WebSite\",\"@id\":\"https:\\\/\\\/www.salzburgerland.com\\\/cs\\\/#website\",\"url\":\"https:\\\/\\\/www.salzburgerland.com\\\/cs\\\/\",\"name\":\"SalzburgerLand.com\",\"description\":\"Va\u0161e dovolen\u00e1 v Salcburku, Rakousko\",\"potentialAction\":[{\"@type\":\"SearchAction\",\"target\":{\"@type\":\"EntryPoint\",\"urlTemplate\":\"https:\\\/\\\/www.salzburgerland.com\\\/cs\\\/?s={search_term_string}\"},\"query-input\":{\"@type\":\"PropertyValueSpecification\",\"valueRequired\":true,\"valueName\":\"search_term_string\"}}],\"inLanguage\":\"cs\"},{\"@type\":\"Person\",\"@id\":\"https:\\\/\\\/www.salzburgerland.com\\\/cs\\\/#\\\/schema\\\/person\\\/dd42a4661897004df109095dbf40eeff\",\"name\":\"Andrea \u017d\u00e1\u010dkov\u00e1\",\"image\":{\"@type\":\"ImageObject\",\"inLanguage\":\"cs\",\"@id\":\"https:\\\/\\\/secure.gravatar.com\\\/avatar\\\/338deec8d231d56d0ab7b2b7d6d0aedbcb3eb05390f6c027fd5b7ebe87b67dbf?s=96&d=mm&r=g\",\"url\":\"https:\\\/\\\/secure.gravatar.com\\\/avatar\\\/338deec8d231d56d0ab7b2b7d6d0aedbcb3eb05390f6c027fd5b7ebe87b67dbf?s=96&d=mm&r=g\",\"contentUrl\":\"https:\\\/\\\/secure.gravatar.com\\\/avatar\\\/338deec8d231d56d0ab7b2b7d6d0aedbcb3eb05390f6c027fd5b7ebe87b67dbf?s=96&d=mm&r=g\",\"caption\":\"Andrea \u017d\u00e1\u010dkov\u00e1\"}}]}<\/script>\n<!-- \/ Yoast SEO Premium plugin. -->","yoast_head_json":{"title":"Rodinn\u00e1 dovolen\u00e1 v Altenmarkt-Zauchensee \u00bb SalzburgerLand.com","robots":{"index":"index","follow":"follow","max-snippet":"max-snippet:-1","max-image-preview":"max-image-preview:large","max-video-preview":"max-video-preview:-1"},"canonical":"https:\/\/www.salzburgerland.com\/cs\/altenmarkt-zauchensee-rodinna-dovolena\/","og_locale":"cs_CZ","og_type":"article","og_title":"Rodinn\u00e1 dovolen\u00e1 v Altenmarkt-Zauchensee","og_description":"Rodiny s d\u011btmi najdou pr\u00e1zdninov\u00fd r\u00e1j v Altenmarkt-Zauchensee! St\u0159edisko a jeho okol\u00ed jim m\u00e1 co nab\u00eddnout, od relaxace v l\u016fn\u011b p\u0159\u00edrody, p\u0159es sportovn\u00ed a","og_url":"https:\/\/www.salzburgerland.com\/cs\/altenmarkt-zauchensee-rodinna-dovolena\/","og_site_name":"SalzburgerLand.com","article_publisher":"https:\/\/www.facebook.com\/visitsalzburgerland\/","article_published_time":"2024-03-26T10:05:17+00:00","article_modified_time":"2024-03-28T08:33:58+00:00","og_image":[{"width":1200,"height":675,"url":"https:\/\/www.salzburgerland.com\/cs\/wp-content\/uploads\/2024\/03\/familienurlaub-in-altenmarkt-zauchensee-1200x675.jpg","type":"image\/jpeg"}],"author":"Andrea \u017d\u00e1\u010dkov\u00e1","twitter_card":"summary_large_image","twitter_creator":"@salzburgerland","twitter_site":"@salzburgerland","twitter_misc":{"Napsal(a)":"Andrea \u017d\u00e1\u010dkov\u00e1","Odhadovan\u00e1 doba \u010dten\u00ed":"6 minut"},"schema":{"@context":"https:\/\/schema.org","@graph":[{"@type":"Article","@id":"https:\/\/www.salzburgerland.com\/cs\/altenmarkt-zauchensee-rodinna-dovolena\/#article","isPartOf":{"@id":"https:\/\/www.salzburgerland.com\/cs\/altenmarkt-zauchensee-rodinna-dovolena\/"},"author":{"name":"Andrea \u017d\u00e1\u010dkov\u00e1","@id":"https:\/\/www.salzburgerland.com\/cs\/#\/schema\/person\/dd42a4661897004df109095dbf40eeff"},"headline":"Rodinn\u00e1 dovolen\u00e1 v Altenmarkt-Zauchensee","datePublished":"2024-03-26T10:05:17+00:00","dateModified":"2024-03-28T08:33:58+00:00","mainEntityOfPage":{"@id":"https:\/\/www.salzburgerland.com\/cs\/altenmarkt-zauchensee-rodinna-dovolena\/"},"wordCount":1008,"image":{"@id":"https:\/\/www.salzburgerland.com\/cs\/altenmarkt-zauchensee-rodinna-dovolena\/#primaryimage"},"thumbnailUrl":"https:\/\/www.salzburgerland.com\/cs\/wp-content\/uploads\/2024\/03\/familienurlaub-in-altenmarkt-zauchensee.jpg","articleSection":["Uncategorized"],"inLanguage":"cs"},{"@type":"WebPage","@id":"https:\/\/www.salzburgerland.com\/cs\/altenmarkt-zauchensee-rodinna-dovolena\/","url":"https:\/\/www.salzburgerland.com\/cs\/altenmarkt-zauchensee-rodinna-dovolena\/","name":"Rodinn\u00e1 dovolen\u00e1 v Altenmarkt-Zauchensee \u00bb SalzburgerLand.com","isPartOf":{"@id":"https:\/\/www.salzburgerland.com\/cs\/#website"},"primaryImageOfPage":{"@id":"https:\/\/www.salzburgerland.com\/cs\/altenmarkt-zauchensee-rodinna-dovolena\/#primaryimage"},"image":{"@id":"https:\/\/www.salzburgerland.com\/cs\/altenmarkt-zauchensee-rodinna-dovolena\/#primaryimage"},"thumbnailUrl":"https:\/\/www.salzburgerland.com\/cs\/wp-content\/uploads\/2024\/03\/familienurlaub-in-altenmarkt-zauchensee.jpg","datePublished":"2024-03-26T10:05:17+00:00","dateModified":"2024-03-28T08:33:58+00:00","author":{"@id":"https:\/\/www.salzburgerland.com\/cs\/#\/schema\/person\/dd42a4661897004df109095dbf40eeff"},"description":"Altenmarkt-Zauchensee je ide\u00e1ln\u00edm m\u00edstem pro nezapomenutelnou dovolenou s d\u011btmi.","breadcrumb":{"@id":"https:\/\/www.salzburgerland.com\/cs\/altenmarkt-zauchensee-rodinna-dovolena\/#breadcrumb"},"inLanguage":"cs","potentialAction":[{"@type":"ReadAction","target":["https:\/\/www.salzburgerland.com\/cs\/altenmarkt-zauchensee-rodinna-dovolena\/"]}]},{"@type":"ImageObject","inLanguage":"cs","@id":"https:\/\/www.salzburgerland.com\/cs\/altenmarkt-zauchensee-rodinna-dovolena\/#primaryimage","url":"https:\/\/www.salzburgerland.com\/cs\/wp-content\/uploads\/2024\/03\/familienurlaub-in-altenmarkt-zauchensee.jpg","contentUrl":"https:\/\/www.salzburgerland.com\/cs\/wp-content\/uploads\/2024\/03\/familienurlaub-in-altenmarkt-zauchensee.jpg","width":1500,"height":1000,"caption":"Rodinn\u00e1 proch\u00e1zka lesem v oblasti Altenmarkt-Zauchensee \u00a9 Matthias Fritzenwallner"},{"@type":"BreadcrumbList","@id":"https:\/\/www.salzburgerland.com\/cs\/altenmarkt-zauchensee-rodinna-dovolena\/#breadcrumb","itemListElement":[{"@type":"ListItem","position":1,"name":"Altenmarkt-Zauchensee v l\u00e9t\u011b","item":"https:\/\/www.salzburgerland.com\/cs\/altenmarkt-zauchensee-v-lete\/"},{"@type":"ListItem","position":2,"name":"Rodinn\u00e1 dovolen\u00e1 v Altenmarkt-Zauchensee"}]},{"@type":"WebSite","@id":"https:\/\/www.salzburgerland.com\/cs\/#website","url":"https:\/\/www.salzburgerland.com\/cs\/","name":"SalzburgerLand.com","description":"Va\u0161e dovolen\u00e1 v Salcburku, Rakousko","potentialAction":[{"@type":"SearchAction","target":{"@type":"EntryPoint","urlTemplate":"https:\/\/www.salzburgerland.com\/cs\/?s={search_term_string}"},"query-input":{"@type":"PropertyValueSpecification","valueRequired":true,"valueName":"search_term_string"}}],"inLanguage":"cs"},{"@type":"Person","@id":"https:\/\/www.salzburgerland.com\/cs\/#\/schema\/person\/dd42a4661897004df109095dbf40eeff","name":"Andrea \u017d\u00e1\u010dkov\u00e1","image":{"@type":"ImageObject","inLanguage":"cs","@id":"https:\/\/secure.gravatar.com\/avatar\/338deec8d231d56d0ab7b2b7d6d0aedbcb3eb05390f6c027fd5b7ebe87b67dbf?s=96&d=mm&r=g","url":"https:\/\/secure.gravatar.com\/avatar\/338deec8d231d56d0ab7b2b7d6d0aedbcb3eb05390f6c027fd5b7ebe87b67dbf?s=96&d=mm&r=g","contentUrl":"https:\/\/secure.gravatar.com\/avatar\/338deec8d231d56d0ab7b2b7d6d0aedbcb3eb05390f6c027fd5b7ebe87b67dbf?s=96&d=mm&r=g","caption":"Andrea \u017d\u00e1\u010dkov\u00e1"}}]}},"_wl_alt_label":[],"wl:entity_url":"http:\/\/open.salzburgerland.com\/cs\/post\/altenmarkt-zauchensee-rodinna-dovolena-159365","_links":{"self":[{"href":"https:\/\/www.salzburgerland.com\/cs\/wp-json\/wp\/v2\/posts\/159365","targetHints":{"allow":["GET"]}}],"collection":[{"href":"https:\/\/www.salzburgerland.com\/cs\/wp-json\/wp\/v2\/posts"}],"about":[{"href":"https:\/\/www.salzburgerland.com\/cs\/wp-json\/wp\/v2\/types\/post"}],"author":[{"embeddable":true,"href":"https:\/\/www.salzburgerland.com\/cs\/wp-json\/wp\/v2\/users\/6"}],"replies":[{"embeddable":true,"href":"https:\/\/www.salzburgerland.com\/cs\/wp-json\/wp\/v2\/comments?post=159365"}],"version-history":[{"count":5,"href":"https:\/\/www.salzburgerland.com\/cs\/wp-json\/wp\/v2\/posts\/159365\/revisions"}],"predecessor-version":[{"id":159515,"href":"https:\/\/www.salzburgerland.com\/cs\/wp-json\/wp\/v2\/posts\/159365\/revisions\/159515"}],"wp:featuredmedia":[{"embeddable":true,"href":"https:\/\/www.salzburgerland.com\/cs\/wp-json\/wp\/v2\/media\/159366"}],"wp:attachment":[{"href":"https:\/\/www.salzburgerland.com\/cs\/wp-json\/wp\/v2\/media?parent=159365"}],"wp:term":[{"taxonomy":"category","embeddable":true,"href":"https:\/\/www.salzburgerland.com\/cs\/wp-json\/wp\/v2\/categories?post=159365"},{"taxonomy":"post_tag","embeddable":true,"href":"https:\/\/www.salzburgerland.com\/cs\/wp-json\/wp\/v2\/tags?post=159365"},{"taxonomy":"wl_entity_type","embeddable":true,"href":"https:\/\/www.salzburgerland.com\/cs\/wp-json\/wp\/v2\/wl_entity_type?post=159365"}],"curies":[{"name":"wp","href":"https:\/\/api.w.org\/{rel}","templated":true}]}}