{"id":159357,"date":"2024-03-25T22:25:12","date_gmt":"2024-03-25T21:25:12","guid":{"rendered":"https:\/\/www.salzburgerland.com\/cs\/?p=159357"},"modified":"2026-03-04T14:58:55","modified_gmt":"2026-03-04T13:58:55","slug":"st-johann-v-salcbursku-atrakce-a-pamatky","status":"publish","type":"post","link":"https:\/\/www.salzburgerland.com\/cs\/st-johann-v-salcbursku-atrakce-a-pamatky\/","title":{"rendered":"Co m\u016f\u017eete vid\u011bt a za\u017e\u00edt v St. Johann v Salcbursku"},"content":{"rendered":"<h3>SOUT\u011aSKA LIECHTENSTEINKLAMM<\/h3>\n<p><strong><a href=\"https:\/\/www.salzburgerland.com\/cs\/salcbursky-sportovni-svet-lichtenstejnska-souteska\/\" target=\"_blank\" rel=\"noopener\">Sout\u011bska Liechtensteinklamm<\/a><\/strong> je jednou z nejhlub\u0161\u00edch a nej\u00fa\u017easn\u011bj\u0161\u00edch skaln\u00edch sout\u011bsek v cel\u00fdch Alp\u00e1ch. Je to viditeln\u00e9 sv\u011bdectv\u00ed o nezdoln\u00e9 s\u00edle vody, kter\u00e1 se po tis\u00edcilet\u00ed za\u0159ez\u00e1vala st\u00e1le hloub\u011bji do skal. Na n\u011bkter\u00fdch m\u00edstech jsou st\u011bny tak bl\u00edzko u sebe, \u017ee nad hlavami vid\u00edte jen \u00fazk\u00fd pruh oblohy. D\u00edky modern\u00edmu to\u010dit\u00e9mu schodi\u0161ti <strong>Helix<\/strong>, tunel\u016fm vytesan\u00fdm do sk\u00e1ly a l\u00e1vk\u00e1m zav\u011b\u0161en\u00fdm na skaln\u00ed st\u011bn\u011b je dnes sout\u011bska p\u0159\u00edstupn\u00e1 n\u00e1v\u0161t\u011bvn\u00edk\u016fm.<\/p>\n<p><strong>Rok 2026 bude pro Liechtensteinklamm v\u00fdjime\u010dn\u00fd<\/strong>. Sout\u011bska p\u0159ipomene <strong>150 let<\/strong> od sv\u00e9ho zp\u0159\u00edstupn\u011bn\u00ed. <strong>Od 29. do 31. kv\u011btna 2026<\/strong> se zde uskute\u010dn\u00ed speci\u00e1ln\u00ed program s p\u016fsobiv\u00fdm osv\u011btlen\u00edm, hudebn\u00edm doprovodem a v\u00fdstavou, kter\u00e1 p\u0159ibl\u00ed\u017e\u00ed historii tohoto jedine\u010dn\u00e9ho p\u0159\u00edrodn\u00edho skvostu.<\/p>\n\n\t\t\t<div id=\"159357-1\" class=\"gallery gallery-159357 gallery-columns-3 gallery-size-1170_658\" itemscope itemtype=\"http:\/\/schema.org\/ImageGallery\">\n\t\t\t\t<ul class=\"gallery-row gallery-col-3 gallery-clear\">\n\t\t\t\t\t<li class=\"gallery-item col-3\" itemprop=\"associatedMedia\" itemscope itemtype=\"http:\/\/schema.org\/ImageObject\">\n\t\t\t\t\t\t<div class=\"gallery-icon landscape\"><a href=\"https:\/\/www.salzburgerland.com\/cs\/wp-content\/uploads\/2020\/07\/lskmirjageh_289-1920x1067.jpg\" title=\"LSK\u00a9MirjaGeh_289\"><img decoding=\"async\" data-title='Lichten\u0161tejnsk\u00e1 sout\u011bska je prost\u011b \"wow\" \u00a9 MirjaGeh, SalzburgerLand Tourismus' title='Lichten\u0161tejnsk\u00e1 sout\u011bska je prost\u011b \"wow\" \u00a9 MirjaGeh, SalzburgerLand Tourismus' data-caption='Lichten\u0161tejnsk\u00e1 sout\u011bska je prost\u011b \"wow\" \u00a9 MirjaGeh, SalzburgerLand Tourismus' width=\"1170\" height=\"658\" src=\"https:\/\/www.salzburgerland.com\/cs\/wp-content\/uploads\/2020\/07\/lskmirjageh_289-1170x658.jpg\" class=\"attachment-1170_658 size-1170_658\" alt=\"Mlad\u00e1 d\u00edvka s kudrnat\u00fdmi vlasy se p\u0159ekvapen\u011b d\u00edv\u00e1 p\u0159ed vysok\u00fdm, tekouc\u00edm vodop\u00e1dem a zelen\u00fdmi skalami Lichten\u0161tejnsk\u00e9 sout\u011bsky. (Zv\u011bt\u0161en\u00fd pohled)\" srcset=\"https:\/\/www.salzburgerland.com\/cs\/wp-content\/uploads\/2020\/07\/lskmirjageh_289-1170x658.jpg 1170w, https:\/\/www.salzburgerland.com\/cs\/wp-content\/uploads\/2020\/07\/lskmirjageh_289-1200x675.jpg 1200w\" sizes=\"(max-width: 1170px) 100vw, 1170px\" aria-describedby=\"figcaption-159357-147382\" itemprop=\"thumbnail\"><\/a><\/div>\n\t\t\t\t\t\t<span id=\"figcaption-159357-147382\" class=\"gallery-caption\" itemprop=\"caption\"><span aria-hidden=\"true\">Lichten\u0161tejnsk\u00e1 sout\u011bska je prost\u011b \u201ewow\u201c \u00a9 MirjaGeh, SalzburgerLand Tourismus<\/span><\/span>\n\t\t\t\t\t<\/li>\n\t\t\t\t\t<li class=\"gallery-item col-3\" itemprop=\"associatedMedia\" itemscope itemtype=\"http:\/\/schema.org\/ImageObject\">\n\t\t\t\t\t\t<div class=\"gallery-icon landscape\"><a href=\"https:\/\/www.salzburgerland.com\/cs\/wp-content\/uploads\/2022\/05\/immer_einen_ausflug_wert_liechtensteinklamm_st-johannmirja_geh-1800x1067.jpg\" title=\"immer_einen_Ausflug_wert_Liechtensteinklamm_St.Johann\u00a9Mirja_Geh\"><img decoding=\"async\" data-title=\"Lichten\u0161tejnsk\u00e1 sout\u011bska \u00a9 Mirja Geh\" title=\"Lichten\u0161tejnsk\u00e1 sout\u011bska \u00a9 Mirja Geh\" data-caption=\"Lichten\u0161tejnsk\u00e1 sout\u011bska \u00a9 Mirja Geh\" width=\"1170\" height=\"658\" src=\"https:\/\/www.salzburgerland.com\/cs\/wp-content\/uploads\/2022\/05\/immer_einen_ausflug_wert_liechtensteinklamm_st-johannmirja_geh-1170x658.jpg\" class=\"attachment-1170_658 size-1170_658\" alt=\"Lichten\u0161tejnsk\u00e1 sout\u011bska v okrese St. Johann im Pongau v Salcbursku. Na n\u00e1v\u0161t\u011bvu jedn\u00e9 z nejhlub\u0161\u00edch a nejdel\u0161\u00edch roklin v Alp\u00e1ch rozhodn\u011b jen tak nezapomenete. (Zv\u011bt\u0161en\u00fd pohled)\" srcset=\"https:\/\/www.salzburgerland.com\/cs\/wp-content\/uploads\/2022\/05\/immer_einen_ausflug_wert_liechtensteinklamm_st-johannmirja_geh-1170x658.jpg 1170w, https:\/\/www.salzburgerland.com\/cs\/wp-content\/uploads\/2022\/05\/immer_einen_ausflug_wert_liechtensteinklamm_st-johannmirja_geh-1200x675.jpg 1200w\" sizes=\"(max-width: 1170px) 100vw, 1170px\" aria-describedby=\"figcaption-159357-155734\" itemprop=\"thumbnail\"><\/a><\/div>\n\t\t\t\t\t\t<span id=\"figcaption-159357-155734\" class=\"gallery-caption\" itemprop=\"caption\"><span aria-hidden=\"true\">Lichten\u0161tejnsk\u00e1 sout\u011bska \u00a9 Mirja Geh<\/span><\/span>\n\t\t\t\t\t<\/li>\n\t\t\t\t\t<li class=\"gallery-item col-3\" itemprop=\"associatedMedia\" itemscope itemtype=\"http:\/\/schema.org\/ImageObject\">\n\t\t\t\t\t\t<div class=\"gallery-icon landscape\"><a href=\"https:\/\/www.salzburgerland.com\/cs\/wp-content\/uploads\/2024\/03\/23_st_johann_in_salzburg_sommer_liechtensteinklamm_wandern_2.jpg\" title=\"Liechtensteinklamm\"><img decoding=\"async\" data-title=\"Jeden z nejkr\u00e1sn\u011bj\u0161\u00edch v\u00fdletn\u00edch c\u00edl\u016f v Salcbursk\u00e9m sportovn\u00edm sv\u011bt\u011b \u00a9 JOsalzburg.com\" title=\"Jeden z nejkr\u00e1sn\u011bj\u0161\u00edch v\u00fdletn\u00edch c\u00edl\u016f v Salcbursk\u00e9m sportovn\u00edm sv\u011bt\u011b \u00a9 JOsalzburg.com\" data-caption=\"Jeden z nejkr\u00e1sn\u011bj\u0161\u00edch v\u00fdletn\u00edch c\u00edl\u016f v Salcbursk\u00e9m sportovn\u00edm sv\u011bt\u011b \u00a9 JOsalzburg.com\" width=\"1170\" height=\"658\" src=\"https:\/\/www.salzburgerland.com\/cs\/wp-content\/uploads\/2024\/03\/23_st_johann_in_salzburg_sommer_liechtensteinklamm_wandern_2-1170x658.jpg\" class=\"attachment-1170_658 size-1170_658\" alt=\"Leteck\u00fd pohled na to\u010ditou d\u0159ev\u011bnou l\u00e1vku ve Svat\u00e9m Janu, kter\u00e1 je ide\u00e1ln\u00ed pro dobrodru\u017estv\u00ed na rodinn\u00e9 l\u00e9t\u011b. (Zv\u011bt\u0161en\u00fd pohled)\" srcset=\"https:\/\/www.salzburgerland.com\/cs\/wp-content\/uploads\/2024\/03\/23_st_johann_in_salzburg_sommer_liechtensteinklamm_wandern_2-1170x658.jpg 1170w, https:\/\/www.salzburgerland.com\/cs\/wp-content\/uploads\/2024\/03\/23_st_johann_in_salzburg_sommer_liechtensteinklamm_wandern_2-1200x675.jpg 1200w\" sizes=\"(max-width: 1170px) 100vw, 1170px\" aria-describedby=\"figcaption-159357-164013\" itemprop=\"thumbnail\"><\/a><\/div>\n\t\t\t\t\t\t<span id=\"figcaption-159357-164013\" class=\"gallery-caption\" itemprop=\"caption\"><span aria-hidden=\"true\">Jeden z nejkr\u00e1sn\u011bj\u0161\u00edch v\u00fdletn\u00edch c\u00edl\u016f v Salcbursk\u00e9m sportovn\u00edm sv\u011bt\u011b \u00a9 JOsalzburg.com<\/span><\/span>\n\t\t\t\t\t<\/li>\n\t\t\t\t<\/ul>\n\t\t\t<\/div><!-- .gallery -->\n\n<h3>HORA DUCH\u016e GEISTERBERG<\/h3>\n<p>Kdy\u017e na ja\u0159e roztaje posledn\u00ed sn\u00edh, probouzej\u00ed se na ho\u0159e Gernkogel v obci St. Johann v Salcbursku duchov\u00e9 zem\u011b, vzduchu a vody. Sjezdovky se prom\u011bn\u00ed<span>\u00a0<\/span><a href=\"https:\/\/www.josalzburg.com\/en\/activities\/ghost-mountain.html\" target=\"_blank\" rel=\"noopener\"><strong>v zemi duch\u016f<\/strong><\/a><span>\u00a0<\/span>se 40 pozn\u00e1vac\u00edmi a dobrodru\u017en\u00fdmi zast\u00e1vkami pro mal\u00e9 i v\u011bt\u0161\u00ed d\u011bti a jejich rodi\u010de. Tato rodinn\u00e1 turistick\u00e1 atrakce le\u017e\u00ed v nadmo\u0159sk\u00e9 v\u00fd\u0161ce 1800 m n. m. Z Alpendorfu vede na horu kabinov\u00e1 lanovka, odkud je to jen p\u00e1r krok\u016f od horn\u00ed stanice k horsk\u00e9mu vl\u00e1\u010dku. Ten zaveze mal\u00e9 i velk\u00e9 na vrchol, kde v\u0161ichni duchov\u00e9 a sk\u0159\u00edtci netrp\u011bliv\u011b \u010dekaj\u00ed, aby n\u00e1v\u0161t\u011bvn\u00edk\u016fm p\u0159edvedli sv\u00e9 dovednosti. N\u00e1v\u0161t\u011bva Hory duch\u016f slibuje vzru\u0161uj\u00edc\u00ed a dobrodru\u017en\u00fd den v p\u0159\u00edrod\u011b vysoko v hor\u00e1ch.<\/p>\n\n\t\t\t<div id=\"159357-2\" class=\"gallery gallery-159357 gallery-columns-3 gallery-size-1170_658\" itemscope itemtype=\"http:\/\/schema.org\/ImageGallery\">\n\t\t\t\t<ul class=\"gallery-row gallery-col-3 gallery-clear\">\n\t\t\t\t\t<li class=\"gallery-item col-3\" itemprop=\"associatedMedia\" itemscope itemtype=\"http:\/\/schema.org\/ImageObject\">\n\t\t\t\t\t\t<div class=\"gallery-icon landscape\"><a href=\"https:\/\/www.salzburgerland.com\/cs\/wp-content\/uploads\/2024\/03\/25_st_johann_in_salzburg_sommer_geisterberg_familie_24.jpg\" title=\"25_st_johann_in_salzburg_sommer_geisterberg_familie_24\"><img decoding=\"async\" data-title=\"N\u011bkter\u00e9 atrakce na Geisterbergu maj\u00ed i zvukov\u00e9 efekty \u00a9 JOsalzburg\" title=\"N\u011bkter\u00e9 atrakce na Geisterbergu maj\u00ed i zvukov\u00e9 efekty \u00a9 JOsalzburg\" data-caption=\"N\u011bkter\u00e9 atrakce na Geisterbergu maj\u00ed i zvukov\u00e9 efekty \u00a9 JOsalzburg\" width=\"1170\" height=\"658\" src=\"https:\/\/www.salzburgerland.com\/cs\/wp-content\/uploads\/2024\/03\/25_st_johann_in_salzburg_sommer_geisterberg_familie_24-1170x658.jpg\" class=\"attachment-1170_658 size-1170_658\" alt=\"Dv\u011b d\u011bti a dosp\u011bl\u00ed si hraj\u00ed na sochu dra\u010d\u00ed hlavy - Rodinn\u00e1 dovolen\u00e1 sv. Jana l\u00e9to, z jej\u00edho\u017e nosu se line p\u00e1ra. (Zv\u011bt\u0161en\u00fd pohled)\" srcset=\"https:\/\/www.salzburgerland.com\/cs\/wp-content\/uploads\/2024\/03\/25_st_johann_in_salzburg_sommer_geisterberg_familie_24-1170x658.jpg 1170w, https:\/\/www.salzburgerland.com\/cs\/wp-content\/uploads\/2024\/03\/25_st_johann_in_salzburg_sommer_geisterberg_familie_24-1200x675.jpg 1200w\" sizes=\"(max-width: 1170px) 100vw, 1170px\" aria-describedby=\"figcaption-159357-164009\" itemprop=\"thumbnail\"><\/a><\/div>\n\t\t\t\t\t\t<span id=\"figcaption-159357-164009\" class=\"gallery-caption\" itemprop=\"caption\"><span aria-hidden=\"true\">N\u011bkter\u00e9 atrakce na Geisterbergu maj\u00ed i zvukov\u00e9 efekty \u00a9 JOsalzburg<\/span><\/span>\n\t\t\t\t\t<\/li>\n\t\t\t\t\t<li class=\"gallery-item col-3\" itemprop=\"associatedMedia\" itemscope itemtype=\"http:\/\/schema.org\/ImageObject\">\n\t\t\t\t\t\t<div class=\"gallery-icon landscape\"><a href=\"https:\/\/www.salzburgerland.com\/cs\/wp-content\/uploads\/2024\/03\/25_st_johann_in_salzburg_sommer_geisterberg_familie_25.jpg\" title=\"25_st_johann_in_salzburg_sommer_geisterberg_familie_25\"><img decoding=\"async\" data-title=\"Geisterberg v hor\u00e1ch je pln\u00fd atrakc\u00ed nejen pro d\u011bti \u00a9 JOsalzburg\" title=\"Geisterberg v hor\u00e1ch je pln\u00fd atrakc\u00ed nejen pro d\u011bti \u00a9 JOsalzburg\" data-caption=\"Geisterberg v hor\u00e1ch je pln\u00fd atrakc\u00ed nejen pro d\u011bti \u00a9 JOsalzburg\" width=\"1170\" height=\"658\" src=\"https:\/\/www.salzburgerland.com\/cs\/wp-content\/uploads\/2024\/03\/25_st_johann_in_salzburg_sommer_geisterberg_familie_25-1170x658.jpg\" class=\"attachment-1170_658 size-1170_658\" alt=\"Dv\u011b d\u011bti b\u011bhaj\u00ed po tr\u00e1v\u011b a dosp\u011bl\u00ed je pozoruj\u00ed, jak si u\u017e\u00edvaj\u00ed Rodinn\u00e1 dovolen\u00e1 sv. Jana pod jasnou modrou oblohou. (Zv\u011bt\u0161en\u00fd pohled)\" srcset=\"https:\/\/www.salzburgerland.com\/cs\/wp-content\/uploads\/2024\/03\/25_st_johann_in_salzburg_sommer_geisterberg_familie_25-1170x658.jpg 1170w, https:\/\/www.salzburgerland.com\/cs\/wp-content\/uploads\/2024\/03\/25_st_johann_in_salzburg_sommer_geisterberg_familie_25-1200x675.jpg 1200w\" sizes=\"(max-width: 1170px) 100vw, 1170px\" aria-describedby=\"figcaption-159357-164010\" itemprop=\"thumbnail\"><\/a><\/div>\n\t\t\t\t\t\t<span id=\"figcaption-159357-164010\" class=\"gallery-caption\" itemprop=\"caption\"><span aria-hidden=\"true\">Geisterberg v hor\u00e1ch je pln\u00fd atrakc\u00ed nejen pro d\u011bti \u00a9 JOsalzburg<\/span><\/span>\n\t\t\t\t\t<\/li>\n\t\t\t\t\t<li class=\"gallery-item col-3\" itemprop=\"associatedMedia\" itemscope itemtype=\"http:\/\/schema.org\/ImageObject\">\n\t\t\t\t\t\t<div class=\"gallery-icon landscape\"><a href=\"https:\/\/www.salzburgerland.com\/cs\/wp-content\/uploads\/2024\/03\/25_st_johann_in_salzburg_sommer_geisterberg_familie_19-1.jpg\" title=\"25_st_johann_in_salzburg_sommer_geisterberg_familie_19\"><img decoding=\"async\" data-title=\"Vor na jez\u00edrku na Geisterbergu \u00a9 JOsalzburg\" title=\"Vor na jez\u00edrku na Geisterbergu \u00a9 JOsalzburg\" data-caption=\"Vor na jez\u00edrku na Geisterbergu \u00a9 JOsalzburg\" width=\"1170\" height=\"658\" src=\"https:\/\/www.salzburgerland.com\/cs\/wp-content\/uploads\/2024\/03\/25_st_johann_in_salzburg_sommer_geisterberg_familie_19-1-1170x658.jpg\" class=\"attachment-1170_658 size-1170_658\" alt=\"Rodina na d\u0159ev\u011bn\u00e9m voru br\u00e1zd\u00ed pod jasnou oblohou klidn\u00e9 jezero u Letn\u00edch lanovek Svat\u00fd Jan v Salcbursku. (Zv\u011bt\u0161en\u00fd pohled)\" srcset=\"https:\/\/www.salzburgerland.com\/cs\/wp-content\/uploads\/2024\/03\/25_st_johann_in_salzburg_sommer_geisterberg_familie_19-1-1170x658.jpg 1170w, https:\/\/www.salzburgerland.com\/cs\/wp-content\/uploads\/2024\/03\/25_st_johann_in_salzburg_sommer_geisterberg_familie_19-1-1200x675.jpg 1200w\" sizes=\"(max-width: 1170px) 100vw, 1170px\" aria-describedby=\"figcaption-159357-164017\" itemprop=\"thumbnail\"><\/a><\/div>\n\t\t\t\t\t\t<span id=\"figcaption-159357-164017\" class=\"gallery-caption\" itemprop=\"caption\"><span aria-hidden=\"true\">Vor na jez\u00edrku na Geisterbergu \u00a9 JOsalzburg<\/span><\/span>\n\t\t\t\t\t<\/li>\n\t\t\t\t<\/ul>\n\t\t\t<\/div><!-- .gallery -->\n\n<h3>TURISTICK\u00c9 ZAJ\u00cdMAVOSTI A PAM\u00c1TKY V OKOL\u00cd<\/h3>\n<p>St. Johann v Salcbursku obklopuje mnoho<span>\u00a0<\/span><a href=\"https:\/\/www.salzburgerland.com\/cs\/pamatky-v-salcbursku\/\" target=\"_blank\" rel=\"noopener\"><strong>p\u0159\u00edrodn\u00edch a kulturn\u00edch skvost\u016f<\/strong><\/a>, kter\u00e9 jsou snadno dostupn\u00e9 d\u00edky vynikaj\u00edc\u00ed s\u00edti ve\u0159ejn\u00e9 dopravy. Pat\u0159\u00ed mezi n\u011b p\u0159\u00edrodn\u00ed pam\u00e1tky jako nap\u0159\u00edklad<span>\u00a0<\/span><strong>ledov\u00e9 jeskyn\u011b ve Werfenu<\/strong><span>\u00a0<\/span>a<span>\u00a0<\/span><strong>vodop\u00e1dy v Krimmlu<\/strong>, ale tak\u00e9<span>\u00a0pevnost\u00a0<\/span><strong>Hohenwerfen<\/strong><span> nebo<\/span><span>\u00a0<\/span><strong>Salcburk,<\/strong><span>\u00a0<\/span>zapsan\u00fd na seznamu sv\u011btov\u00e9ho d\u011bdictv\u00ed UNESCO.<\/p>\n\n\t\t\t<div id=\"159357-3\" class=\"gallery gallery-159357 gallery-columns-3 gallery-size-1170_658\" itemscope itemtype=\"http:\/\/schema.org\/ImageGallery\">\n\t\t\t\t<ul class=\"gallery-row gallery-col-3 gallery-clear\">\n\t\t\t\t\t<li class=\"gallery-item col-3\" itemprop=\"associatedMedia\" itemscope itemtype=\"http:\/\/schema.org\/ImageObject\">\n\t\t\t\t\t\t<div class=\"gallery-icon landscape\"><a href=\"https:\/\/www.salzburgerland.com\/cs\/wp-content\/uploads\/2017\/01\/hoehle3_eisriesenweltgmbh.jpg\" title=\"hoehle3_eisriesenweltgmbh\"><img decoding=\"async\" data-title=\"Sv\u011bt ob\u0159\u00edch ledov\u00fdch jeskyn\u00ed ve Werfenu v Salcbursku m\u016f\u017eete nav\u0161t\u00edvit i s Kartou Salcburska \u00a9 SalzburgerLand Tourismus\" title=\"Sv\u011bt ob\u0159\u00edch ledov\u00fdch jeskyn\u00ed ve Werfenu v Salcbursku m\u016f\u017eete nav\u0161t\u00edvit i s Kartou Salcburska \u00a9 SalzburgerLand Tourismus\" data-caption=\"Sv\u011bt ob\u0159\u00edch ledov\u00fdch jeskyn\u00ed ve Werfenu v Salcbursku m\u016f\u017eete nav\u0161t\u00edvit i s Kartou Salcburska \u00a9 SalzburgerLand Tourismus\" width=\"1170\" height=\"658\" src=\"https:\/\/www.salzburgerland.com\/cs\/wp-content\/uploads\/2017\/01\/hoehle3_eisriesenweltgmbh-1170x658.jpg\" class=\"attachment-1170_658 size-1170_658\" alt=\"Sv\u011bt ob\u0159\u00edch ledov\u00fdch jeskyn\u00ed ve Werfenu v Salcbursku m\u016f\u017eete nav\u0161t\u00edvit i s Kartou Salcburska - SalzburgerLand Card (Zv\u011bt\u0161en\u00fd pohled)\" srcset=\"https:\/\/www.salzburgerland.com\/cs\/wp-content\/uploads\/2017\/01\/hoehle3_eisriesenweltgmbh-1170x658.jpg 1170w, https:\/\/www.salzburgerland.com\/cs\/wp-content\/uploads\/2017\/01\/hoehle3_eisriesenweltgmbh-1200x675.jpg 1200w\" sizes=\"(max-width: 1170px) 100vw, 1170px\" aria-describedby=\"figcaption-159357-360\" itemprop=\"thumbnail\"><\/a><\/div>\n\t\t\t\t\t\t<span id=\"figcaption-159357-360\" class=\"gallery-caption\" itemprop=\"caption\"><span aria-hidden=\"true\">Sv\u011bt ob\u0159\u00edch ledov\u00fdch jeskyn\u00ed ve Werfenu v Salcbursku m\u016f\u017eete nav\u0161t\u00edvit i s Kartou Salcburska \u00a9 SalzburgerLand Tourismus<\/span><\/span>\n\t\t\t\t\t<\/li>\n\t\t\t\t\t<li class=\"gallery-item col-3\" itemprop=\"associatedMedia\" itemscope itemtype=\"http:\/\/schema.org\/ImageObject\">\n\t\t\t\t\t\t<div class=\"gallery-icon landscape\"><a href=\"https:\/\/www.salzburgerland.com\/cs\/wp-content\/uploads\/2022\/05\/burg-hohenwerfen--salzburg-burgen-schlosser.jpg\" title=\"Burg Hohenwerfen @ Salzburg Burgen &amp; Schl\u00f6sser\"><img decoding=\"async\" data-title=\"St\u0159edov\u011bk\u00fd hrad Hohenwerfen je skv\u011bl\u00fdm tipem na v\u00fdlet s d\u011btmi @ Salzburg Burgen &amp; Schl\u00f6sser \" title=\"St\u0159edov\u011bk\u00fd hrad Hohenwerfen je skv\u011bl\u00fdm tipem na v\u00fdlet s d\u011btmi @ Salzburg Burgen &amp; Schl\u00f6sser \" data-caption=\"St\u0159edov\u011bk\u00fd hrad Hohenwerfen je skv\u011bl\u00fdm tipem na v\u00fdlet s d\u011btmi @ Salzburg Burgen &amp; Schl\u00f6sser \" width=\"1170\" height=\"658\" src=\"https:\/\/www.salzburgerland.com\/cs\/wp-content\/uploads\/2022\/05\/burg-hohenwerfen--salzburg-burgen-schlosser-1170x658.jpg\" class=\"attachment-1170_658 size-1170_658\" alt=\"St\u0159edov\u011bk\u00fd hrad Hohenwerfen nab\u00edz\u00ed prohl\u00eddkov\u00e9 okruhy s audiopr\u016fvodcem i v \u010de\u0161tin\u011b (Zv\u011bt\u0161en\u00fd pohled)\" srcset=\"https:\/\/www.salzburgerland.com\/cs\/wp-content\/uploads\/2022\/05\/burg-hohenwerfen--salzburg-burgen-schlosser-1170x658.jpg 1170w, https:\/\/www.salzburgerland.com\/cs\/wp-content\/uploads\/2022\/05\/burg-hohenwerfen--salzburg-burgen-schlosser-1200x675.jpg 1200w\" sizes=\"(max-width: 1170px) 100vw, 1170px\" aria-describedby=\"figcaption-159357-152890\" itemprop=\"thumbnail\"><\/a><\/div>\n\t\t\t\t\t\t<span id=\"figcaption-159357-152890\" class=\"gallery-caption\" itemprop=\"caption\"><span aria-hidden=\"true\">St\u0159edov\u011bk\u00fd hrad Hohenwerfen je skv\u011bl\u00fdm tipem na v\u00fdlet s d\u011btmi @ Salzburg Burgen &amp; Schl\u00f6sser <\/span><\/span>\n\t\t\t\t\t<\/li>\n\t\t\t\t\t<li class=\"gallery-item col-3\" itemprop=\"associatedMedia\" itemscope itemtype=\"http:\/\/schema.org\/ImageObject\">\n\t\t\t\t\t\t<div class=\"gallery-icon landscape\"><a href=\"https:\/\/www.salzburgerland.com\/cs\/wp-content\/uploads\/2023\/03\/krimmler-wasserfalleferienregion-nationalpark-hohe-tauern-michael-huber-1800x1067.jpg\" title=\"Krimmler Wasserf\u00e4lle\u00a9Ferienregion Nationalpark Hohe Tauern Michael Huber\"><img decoding=\"async\" data-title=\"Impozantn\u00ed Krimmelsk\u00e9 vodop\u00e1dy \u00a9 Ferienregion Nationalpark Hohe Tauern, Michael Huber\" title=\"Impozantn\u00ed Krimmelsk\u00e9 vodop\u00e1dy \u00a9 Ferienregion Nationalpark Hohe Tauern, Michael Huber\" data-caption=\"Impozantn\u00ed Krimmelsk\u00e9 vodop\u00e1dy \u00a9 Ferienregion Nationalpark Hohe Tauern, Michael Huber\" width=\"1170\" height=\"658\" src=\"https:\/\/www.salzburgerland.com\/cs\/wp-content\/uploads\/2023\/03\/krimmler-wasserfalleferienregion-nationalpark-hohe-tauern-michael-huber-1170x658.jpg\" class=\"attachment-1170_658 size-1170_658\" alt=\"Krimmelsk\u00e9 vodop\u00e1dy v N\u00e1rodn\u00edm parku Vysok\u00e9 Taury se svou celkovou v\u00fd\u0161kou 385 m pat\u0159\u00ed k nejkr\u00e1sn\u011bj\u0161\u00edm vodop\u00e1d\u016fm v Evrop\u011b. (Zv\u011bt\u0161en\u00fd pohled)\" srcset=\"https:\/\/www.salzburgerland.com\/cs\/wp-content\/uploads\/2023\/03\/krimmler-wasserfalleferienregion-nationalpark-hohe-tauern-michael-huber-1170x658.jpg 1170w, https:\/\/www.salzburgerland.com\/cs\/wp-content\/uploads\/2023\/03\/krimmler-wasserfalleferienregion-nationalpark-hohe-tauern-michael-huber-1200x675.jpg 1200w\" sizes=\"(max-width: 1170px) 100vw, 1170px\" aria-describedby=\"figcaption-159357-155313\" itemprop=\"thumbnail\"><\/a><\/div>\n\t\t\t\t\t\t<span id=\"figcaption-159357-155313\" class=\"gallery-caption\" itemprop=\"caption\"><span aria-hidden=\"true\">Impozantn\u00ed Krimmelsk\u00e9 vodop\u00e1dy \u00a9 Ferienregion Nationalpark Hohe Tauern, Michael Huber<\/span><\/span>\n\t\t\t\t\t<\/li>\n\t\t\t\t<\/ul>\n\t\t\t<\/div><!-- .gallery -->\n\n<h3>KARTY PRO V\u00ddHODNOU DOVOLENOU<\/h3>\n<p>Pro pohodov\u00e9 objevov\u00e1n\u00ed hor v okol\u00ed St. Johann se hod\u00ed tak\u00e9 turistick\u00e9 karty, kter\u00e9 spojuj\u00ed n\u011bkolik lanovek a z\u00e1\u017eitk\u016f do jednoho bal\u00ed\u010dku. S kartou <a href=\"https:\/\/www.josalzburg.com\/en\/activities\/12-peaks-adventure-card.html\" target=\"_blank\" rel=\"noopener\"><strong>12 Peaks Adventure Card<\/strong><\/a> m\u016f\u017eete b\u011bhem n\u011bkolika dn\u016f flexibiln\u011b vyu\u017e\u00edvat lanovky a nav\u0161t\u00edvit rodinn\u00e9 atrakce v Salcbursk\u00e9m sportovn\u00edm sv\u011bt\u011b. D\u011bti nadchne nap\u0159\u00edklad <strong>Hora duch\u016f Geisterberg<\/strong> v St. Johann, dobrodru\u017en\u00fd sv\u011bt Grafenberg ve Wagrainu nebo Floriho z\u00e1\u017eitkov\u00e1 stezka ve Flachau. Modern\u00ed lanovky v\u00e1s pohodln\u011b vyvezou do hor, odkud se otev\u00edraj\u00ed kr\u00e1sn\u00e9 v\u00fdhledy na alpskou krajinu.<\/p>\n<p>Host\u00e9 ubytovan\u00ed v regionu nav\u00edc z\u00edsk\u00e1vaj\u00ed <strong><a href=\"https:\/\/www.salzburgerland.com\/cs\/guest-mobility-ticket\/\">Guest Mobility Ticket<\/a><\/strong>, kter\u00fd umo\u017e\u0148uje pohodln\u00e9 cestov\u00e1n\u00ed ve\u0159ejnou dopravou po cel\u00e9m Salcbursku. D\u00edky tomu se m\u016f\u017eete snadno p\u0159esouvat mezi v\u00fdletn\u00edmi c\u00edli a u\u017e\u00edt si dovolenou bez starost\u00ed s parkov\u00e1n\u00edm.<\/p>\n<p>Mnoho atrakc\u00ed v okol\u00ed St. Johann zahrnuje i<strong>\u00a0SalzburgerLand Card<\/strong>. Karta umo\u017e\u0148uje dr\u017eitel\u016fm voln\u00fd vstup do v\u00edce ne\u017e 180 v\u00fdletn\u00edch c\u00edl\u016f v cel\u00e9 spolkov\u00e9 zemi Salcbursko, od muze\u00ed a pam\u00e1tek p\u0159es term\u00e1ln\u00ed l\u00e1zn\u011b, aquaparky a koupali\u0161t\u011b a\u017e po p\u0159\u00edrodn\u00ed \u00fakazy nebo lanovky.<span>\u00a0<\/span><a href=\"https:\/\/www.salzburgerland.com\/cs\/salzburgerland-card\/\" target=\"_blank\" rel=\"noopener\">Zjist\u011bte v\u00edce!<\/a><\/p>\n","protected":false},"excerpt":{"rendered":"<p>SOUT\u011aSKA LIECHTENSTEINKLAMM Sout\u011bska Liechtensteinklamm je jednou z nejhlub\u0161\u00edch a nej\u00fa\u017easn\u011bj\u0161\u00edch skaln\u00edch sout\u011bsek v cel\u00fdch Alp\u00e1ch. Je to viditeln\u00e9 sv\u011bdectv\u00ed o nezdoln\u00e9 s\u00edle vody, kter\u00e1 se po tis\u00edcilet\u00ed za\u0159ez\u00e1vala st\u00e1le hloub\u011bji do skal. Na n\u011bkter\u00fdch m\u00edstech jsou st\u011bny tak bl\u00edzko u sebe, \u017ee nad hlavami vid\u00edte jen \u00fazk\u00fd pruh oblohy. D\u00edky modern\u00edmu to\u010dit\u00e9mu schodi\u0161ti Helix, tunel\u016fm [&hellip;]<\/p>\n","protected":false},"author":6,"featured_media":164019,"comment_status":"closed","ping_status":"closed","sticky":false,"template":"","format":"standard","meta":{"_acf_changed":false,"wl_entities_gutenberg":"","_relevanssi_hide_post":"","_relevanssi_hide_content":"","_relevanssi_pin_for_all":"","_relevanssi_pin_keywords":"","_relevanssi_unpin_keywords":"","_relevanssi_related_keywords":"","_relevanssi_related_include_ids":"","_relevanssi_related_exclude_ids":"","_relevanssi_related_no_append":"","_relevanssi_related_not_related":"","_relevanssi_related_posts":"","_relevanssi_noindex_reason":"","footnotes":""},"categories":[1],"tags":[],"wl_entity_type":[706],"class_list":["post-159357","post","type-post","status-publish","format-standard","has-post-thumbnail","hentry","category-uncategorized","wl_entity_type-article"],"acf":[],"yoast_head":"<!-- This site is optimized with the Yoast SEO Premium plugin v27.4 (Yoast SEO v27.4) - https:\/\/yoast.com\/product\/yoast-seo-premium-wordpress\/ -->\n<title>Co m\u016f\u017eete vid\u011bt a za\u017e\u00edt v St. Johann v Salcbursku \u00bb SalzburgerLand.com<\/title>\n<meta name=\"robots\" content=\"index, follow, max-snippet:-1, max-image-preview:large, max-video-preview:-1\" \/>\n<link rel=\"canonical\" href=\"https:\/\/www.salzburgerland.com\/cs\/st-johann-v-salcbursku-atrakce-a-pamatky\/\" \/>\n<meta property=\"og:locale\" content=\"cs_CZ\" \/>\n<meta property=\"og:type\" content=\"article\" \/>\n<meta property=\"og:title\" content=\"Co m\u016f\u017eete vid\u011bt a za\u017e\u00edt v St. Johann v Salcbursku\" \/>\n<meta property=\"og:description\" content=\"SOUT\u011aSKA LIECHTENSTEINKLAMM Sout\u011bska Liechtensteinklamm je jednou z nejhlub\u0161\u00edch a nej\u00fa\u017easn\u011bj\u0161\u00edch skaln\u00edch sout\u011bsek v cel\u00fdch Alp\u00e1ch. Je to viditeln\u00e9\" \/>\n<meta property=\"og:url\" content=\"https:\/\/www.salzburgerland.com\/cs\/st-johann-v-salcbursku-atrakce-a-pamatky\/\" \/>\n<meta property=\"og:site_name\" content=\"SalzburgerLand.com\" \/>\n<meta property=\"article:publisher\" content=\"https:\/\/www.facebook.com\/visitsalzburgerland\/\" \/>\n<meta property=\"article:published_time\" content=\"2024-03-25T21:25:12+00:00\" \/>\n<meta property=\"article:modified_time\" content=\"2026-03-04T13:58:55+00:00\" \/>\n<meta property=\"og:image\" content=\"https:\/\/www.salzburgerland.com\/cs\/wp-content\/uploads\/2024\/03\/25_st_johann_in_salzburg_sommer_geisterberg_familie_36-1200x675.jpg\" \/>\n\t<meta property=\"og:image:width\" content=\"1200\" \/>\n\t<meta property=\"og:image:height\" content=\"675\" \/>\n\t<meta property=\"og:image:type\" content=\"image\/jpeg\" \/>\n<meta name=\"author\" content=\"Andrea \u017d\u00e1\u010dkov\u00e1\" \/>\n<meta name=\"twitter:card\" content=\"summary_large_image\" \/>\n<meta name=\"twitter:creator\" content=\"@salzburgerland\" \/>\n<meta name=\"twitter:site\" content=\"@salzburgerland\" \/>\n<meta name=\"twitter:label1\" content=\"Napsal(a)\" \/>\n\t<meta name=\"twitter:data1\" content=\"Andrea \u017d\u00e1\u010dkov\u00e1\" \/>\n\t<meta name=\"twitter:label2\" content=\"Odhadovan\u00e1 doba \u010dten\u00ed\" \/>\n\t<meta name=\"twitter:data2\" content=\"3 minuty\" \/>\n<script type=\"application\/ld+json\" class=\"yoast-schema-graph\">{\"@context\":\"https:\\\/\\\/schema.org\",\"@graph\":[{\"@type\":\"Article\",\"@id\":\"https:\\\/\\\/www.salzburgerland.com\\\/cs\\\/st-johann-v-salcbursku-atrakce-a-pamatky\\\/#article\",\"isPartOf\":{\"@id\":\"https:\\\/\\\/www.salzburgerland.com\\\/cs\\\/st-johann-v-salcbursku-atrakce-a-pamatky\\\/\"},\"author\":{\"name\":\"Andrea \u017d\u00e1\u010dkov\u00e1\",\"@id\":\"https:\\\/\\\/www.salzburgerland.com\\\/cs\\\/#\\\/schema\\\/person\\\/dd42a4661897004df109095dbf40eeff\"},\"headline\":\"Co m\u016f\u017eete vid\u011bt a za\u017e\u00edt v St. Johann v Salcbursku\",\"datePublished\":\"2024-03-25T21:25:12+00:00\",\"dateModified\":\"2026-03-04T13:58:55+00:00\",\"mainEntityOfPage\":{\"@id\":\"https:\\\/\\\/www.salzburgerland.com\\\/cs\\\/st-johann-v-salcbursku-atrakce-a-pamatky\\\/\"},\"wordCount\":612,\"image\":{\"@id\":\"https:\\\/\\\/www.salzburgerland.com\\\/cs\\\/st-johann-v-salcbursku-atrakce-a-pamatky\\\/#primaryimage\"},\"thumbnailUrl\":\"https:\\\/\\\/www.salzburgerland.com\\\/cs\\\/wp-content\\\/uploads\\\/2024\\\/03\\\/25_st_johann_in_salzburg_sommer_geisterberg_familie_36.jpg\",\"articleSection\":[\"Uncategorized\"],\"inLanguage\":\"cs\"},{\"@type\":\"WebPage\",\"@id\":\"https:\\\/\\\/www.salzburgerland.com\\\/cs\\\/st-johann-v-salcbursku-atrakce-a-pamatky\\\/\",\"url\":\"https:\\\/\\\/www.salzburgerland.com\\\/cs\\\/st-johann-v-salcbursku-atrakce-a-pamatky\\\/\",\"name\":\"Co m\u016f\u017eete vid\u011bt a za\u017e\u00edt v St. Johann v Salcbursku \u00bb SalzburgerLand.com\",\"isPartOf\":{\"@id\":\"https:\\\/\\\/www.salzburgerland.com\\\/cs\\\/#website\"},\"primaryImageOfPage\":{\"@id\":\"https:\\\/\\\/www.salzburgerland.com\\\/cs\\\/st-johann-v-salcbursku-atrakce-a-pamatky\\\/#primaryimage\"},\"image\":{\"@id\":\"https:\\\/\\\/www.salzburgerland.com\\\/cs\\\/st-johann-v-salcbursku-atrakce-a-pamatky\\\/#primaryimage\"},\"thumbnailUrl\":\"https:\\\/\\\/www.salzburgerland.com\\\/cs\\\/wp-content\\\/uploads\\\/2024\\\/03\\\/25_st_johann_in_salzburg_sommer_geisterberg_familie_36.jpg\",\"datePublished\":\"2024-03-25T21:25:12+00:00\",\"dateModified\":\"2026-03-04T13:58:55+00:00\",\"author\":{\"@id\":\"https:\\\/\\\/www.salzburgerland.com\\\/cs\\\/#\\\/schema\\\/person\\\/dd42a4661897004df109095dbf40eeff\"},\"description\":\"Sout\u011bska Liechtensteinklamm a \\\"z\u00e1\u017eitkov\u00e1 hora\\\" Geisterberg a dal\u0161\u00ed zaj\u00edmav\u00e1 m\u00edsta.\",\"breadcrumb\":{\"@id\":\"https:\\\/\\\/www.salzburgerland.com\\\/cs\\\/st-johann-v-salcbursku-atrakce-a-pamatky\\\/#breadcrumb\"},\"inLanguage\":\"cs\",\"potentialAction\":[{\"@type\":\"ReadAction\",\"target\":[\"https:\\\/\\\/www.salzburgerland.com\\\/cs\\\/st-johann-v-salcbursku-atrakce-a-pamatky\\\/\"]}]},{\"@type\":\"ImageObject\",\"inLanguage\":\"cs\",\"@id\":\"https:\\\/\\\/www.salzburgerland.com\\\/cs\\\/st-johann-v-salcbursku-atrakce-a-pamatky\\\/#primaryimage\",\"url\":\"https:\\\/\\\/www.salzburgerland.com\\\/cs\\\/wp-content\\\/uploads\\\/2024\\\/03\\\/25_st_johann_in_salzburg_sommer_geisterberg_familie_36.jpg\",\"contentUrl\":\"https:\\\/\\\/www.salzburgerland.com\\\/cs\\\/wp-content\\\/uploads\\\/2024\\\/03\\\/25_st_johann_in_salzburg_sommer_geisterberg_familie_36.jpg\",\"width\":1600,\"height\":1000,\"caption\":\"Na z\u00e1\u017eitkov\u00e9 ho\u0159e Geisterberg nechyb\u00ed ani zv\u00ed\u0159ata \u00a9 JOsalzburg\"},{\"@type\":\"BreadcrumbList\",\"@id\":\"https:\\\/\\\/www.salzburgerland.com\\\/cs\\\/st-johann-v-salcbursku-atrakce-a-pamatky\\\/#breadcrumb\",\"itemListElement\":[{\"@type\":\"ListItem\",\"position\":1,\"name\":\"St. Johann v Salcbursku v l\u00e9t\u011b\",\"item\":\"https:\\\/\\\/www.salzburgerland.com\\\/cs\\\/st-johann-v-salcbursku-v-lete\\\/\"},{\"@type\":\"ListItem\",\"position\":2,\"name\":\"Co m\u016f\u017eete vid\u011bt a za\u017e\u00edt v St. Johann v Salcbursku\"}]},{\"@type\":\"WebSite\",\"@id\":\"https:\\\/\\\/www.salzburgerland.com\\\/cs\\\/#website\",\"url\":\"https:\\\/\\\/www.salzburgerland.com\\\/cs\\\/\",\"name\":\"SalzburgerLand.com\",\"description\":\"Va\u0161e dovolen\u00e1 v Salcburku, Rakousko\",\"potentialAction\":[{\"@type\":\"SearchAction\",\"target\":{\"@type\":\"EntryPoint\",\"urlTemplate\":\"https:\\\/\\\/www.salzburgerland.com\\\/cs\\\/?s={search_term_string}\"},\"query-input\":{\"@type\":\"PropertyValueSpecification\",\"valueRequired\":true,\"valueName\":\"search_term_string\"}}],\"inLanguage\":\"cs\"},{\"@type\":\"Person\",\"@id\":\"https:\\\/\\\/www.salzburgerland.com\\\/cs\\\/#\\\/schema\\\/person\\\/dd42a4661897004df109095dbf40eeff\",\"name\":\"Andrea \u017d\u00e1\u010dkov\u00e1\",\"image\":{\"@type\":\"ImageObject\",\"inLanguage\":\"cs\",\"@id\":\"https:\\\/\\\/secure.gravatar.com\\\/avatar\\\/338deec8d231d56d0ab7b2b7d6d0aedbcb3eb05390f6c027fd5b7ebe87b67dbf?s=96&d=mm&r=g\",\"url\":\"https:\\\/\\\/secure.gravatar.com\\\/avatar\\\/338deec8d231d56d0ab7b2b7d6d0aedbcb3eb05390f6c027fd5b7ebe87b67dbf?s=96&d=mm&r=g\",\"contentUrl\":\"https:\\\/\\\/secure.gravatar.com\\\/avatar\\\/338deec8d231d56d0ab7b2b7d6d0aedbcb3eb05390f6c027fd5b7ebe87b67dbf?s=96&d=mm&r=g\",\"caption\":\"Andrea \u017d\u00e1\u010dkov\u00e1\"}}]}<\/script>\n<!-- \/ Yoast SEO Premium plugin. -->","yoast_head_json":{"title":"Co m\u016f\u017eete vid\u011bt a za\u017e\u00edt v St. Johann v Salcbursku \u00bb SalzburgerLand.com","robots":{"index":"index","follow":"follow","max-snippet":"max-snippet:-1","max-image-preview":"max-image-preview:large","max-video-preview":"max-video-preview:-1"},"canonical":"https:\/\/www.salzburgerland.com\/cs\/st-johann-v-salcbursku-atrakce-a-pamatky\/","og_locale":"cs_CZ","og_type":"article","og_title":"Co m\u016f\u017eete vid\u011bt a za\u017e\u00edt v St. Johann v Salcbursku","og_description":"SOUT\u011aSKA LIECHTENSTEINKLAMM Sout\u011bska Liechtensteinklamm je jednou z nejhlub\u0161\u00edch a nej\u00fa\u017easn\u011bj\u0161\u00edch skaln\u00edch sout\u011bsek v cel\u00fdch Alp\u00e1ch. Je to viditeln\u00e9","og_url":"https:\/\/www.salzburgerland.com\/cs\/st-johann-v-salcbursku-atrakce-a-pamatky\/","og_site_name":"SalzburgerLand.com","article_publisher":"https:\/\/www.facebook.com\/visitsalzburgerland\/","article_published_time":"2024-03-25T21:25:12+00:00","article_modified_time":"2026-03-04T13:58:55+00:00","og_image":[{"width":1200,"height":675,"url":"https:\/\/www.salzburgerland.com\/cs\/wp-content\/uploads\/2024\/03\/25_st_johann_in_salzburg_sommer_geisterberg_familie_36-1200x675.jpg","type":"image\/jpeg"}],"author":"Andrea \u017d\u00e1\u010dkov\u00e1","twitter_card":"summary_large_image","twitter_creator":"@salzburgerland","twitter_site":"@salzburgerland","twitter_misc":{"Napsal(a)":"Andrea \u017d\u00e1\u010dkov\u00e1","Odhadovan\u00e1 doba \u010dten\u00ed":"3 minuty"},"schema":{"@context":"https:\/\/schema.org","@graph":[{"@type":"Article","@id":"https:\/\/www.salzburgerland.com\/cs\/st-johann-v-salcbursku-atrakce-a-pamatky\/#article","isPartOf":{"@id":"https:\/\/www.salzburgerland.com\/cs\/st-johann-v-salcbursku-atrakce-a-pamatky\/"},"author":{"name":"Andrea \u017d\u00e1\u010dkov\u00e1","@id":"https:\/\/www.salzburgerland.com\/cs\/#\/schema\/person\/dd42a4661897004df109095dbf40eeff"},"headline":"Co m\u016f\u017eete vid\u011bt a za\u017e\u00edt v St. Johann v Salcbursku","datePublished":"2024-03-25T21:25:12+00:00","dateModified":"2026-03-04T13:58:55+00:00","mainEntityOfPage":{"@id":"https:\/\/www.salzburgerland.com\/cs\/st-johann-v-salcbursku-atrakce-a-pamatky\/"},"wordCount":612,"image":{"@id":"https:\/\/www.salzburgerland.com\/cs\/st-johann-v-salcbursku-atrakce-a-pamatky\/#primaryimage"},"thumbnailUrl":"https:\/\/www.salzburgerland.com\/cs\/wp-content\/uploads\/2024\/03\/25_st_johann_in_salzburg_sommer_geisterberg_familie_36.jpg","articleSection":["Uncategorized"],"inLanguage":"cs"},{"@type":"WebPage","@id":"https:\/\/www.salzburgerland.com\/cs\/st-johann-v-salcbursku-atrakce-a-pamatky\/","url":"https:\/\/www.salzburgerland.com\/cs\/st-johann-v-salcbursku-atrakce-a-pamatky\/","name":"Co m\u016f\u017eete vid\u011bt a za\u017e\u00edt v St. Johann v Salcbursku \u00bb SalzburgerLand.com","isPartOf":{"@id":"https:\/\/www.salzburgerland.com\/cs\/#website"},"primaryImageOfPage":{"@id":"https:\/\/www.salzburgerland.com\/cs\/st-johann-v-salcbursku-atrakce-a-pamatky\/#primaryimage"},"image":{"@id":"https:\/\/www.salzburgerland.com\/cs\/st-johann-v-salcbursku-atrakce-a-pamatky\/#primaryimage"},"thumbnailUrl":"https:\/\/www.salzburgerland.com\/cs\/wp-content\/uploads\/2024\/03\/25_st_johann_in_salzburg_sommer_geisterberg_familie_36.jpg","datePublished":"2024-03-25T21:25:12+00:00","dateModified":"2026-03-04T13:58:55+00:00","author":{"@id":"https:\/\/www.salzburgerland.com\/cs\/#\/schema\/person\/dd42a4661897004df109095dbf40eeff"},"description":"Sout\u011bska Liechtensteinklamm a \"z\u00e1\u017eitkov\u00e1 hora\" Geisterberg a dal\u0161\u00ed zaj\u00edmav\u00e1 m\u00edsta.","breadcrumb":{"@id":"https:\/\/www.salzburgerland.com\/cs\/st-johann-v-salcbursku-atrakce-a-pamatky\/#breadcrumb"},"inLanguage":"cs","potentialAction":[{"@type":"ReadAction","target":["https:\/\/www.salzburgerland.com\/cs\/st-johann-v-salcbursku-atrakce-a-pamatky\/"]}]},{"@type":"ImageObject","inLanguage":"cs","@id":"https:\/\/www.salzburgerland.com\/cs\/st-johann-v-salcbursku-atrakce-a-pamatky\/#primaryimage","url":"https:\/\/www.salzburgerland.com\/cs\/wp-content\/uploads\/2024\/03\/25_st_johann_in_salzburg_sommer_geisterberg_familie_36.jpg","contentUrl":"https:\/\/www.salzburgerland.com\/cs\/wp-content\/uploads\/2024\/03\/25_st_johann_in_salzburg_sommer_geisterberg_familie_36.jpg","width":1600,"height":1000,"caption":"Na z\u00e1\u017eitkov\u00e9 ho\u0159e Geisterberg nechyb\u00ed ani zv\u00ed\u0159ata \u00a9 JOsalzburg"},{"@type":"BreadcrumbList","@id":"https:\/\/www.salzburgerland.com\/cs\/st-johann-v-salcbursku-atrakce-a-pamatky\/#breadcrumb","itemListElement":[{"@type":"ListItem","position":1,"name":"St. Johann v Salcbursku v l\u00e9t\u011b","item":"https:\/\/www.salzburgerland.com\/cs\/st-johann-v-salcbursku-v-lete\/"},{"@type":"ListItem","position":2,"name":"Co m\u016f\u017eete vid\u011bt a za\u017e\u00edt v St. Johann v Salcbursku"}]},{"@type":"WebSite","@id":"https:\/\/www.salzburgerland.com\/cs\/#website","url":"https:\/\/www.salzburgerland.com\/cs\/","name":"SalzburgerLand.com","description":"Va\u0161e dovolen\u00e1 v Salcburku, Rakousko","potentialAction":[{"@type":"SearchAction","target":{"@type":"EntryPoint","urlTemplate":"https:\/\/www.salzburgerland.com\/cs\/?s={search_term_string}"},"query-input":{"@type":"PropertyValueSpecification","valueRequired":true,"valueName":"search_term_string"}}],"inLanguage":"cs"},{"@type":"Person","@id":"https:\/\/www.salzburgerland.com\/cs\/#\/schema\/person\/dd42a4661897004df109095dbf40eeff","name":"Andrea \u017d\u00e1\u010dkov\u00e1","image":{"@type":"ImageObject","inLanguage":"cs","@id":"https:\/\/secure.gravatar.com\/avatar\/338deec8d231d56d0ab7b2b7d6d0aedbcb3eb05390f6c027fd5b7ebe87b67dbf?s=96&d=mm&r=g","url":"https:\/\/secure.gravatar.com\/avatar\/338deec8d231d56d0ab7b2b7d6d0aedbcb3eb05390f6c027fd5b7ebe87b67dbf?s=96&d=mm&r=g","contentUrl":"https:\/\/secure.gravatar.com\/avatar\/338deec8d231d56d0ab7b2b7d6d0aedbcb3eb05390f6c027fd5b7ebe87b67dbf?s=96&d=mm&r=g","caption":"Andrea \u017d\u00e1\u010dkov\u00e1"}}]}},"_wl_alt_label":[],"wl:entity_url":"http:\/\/open.salzburgerland.com\/cs\/post\/st-johann-v-salcbursku-159357","_links":{"self":[{"href":"https:\/\/www.salzburgerland.com\/cs\/wp-json\/wp\/v2\/posts\/159357","targetHints":{"allow":["GET"]}}],"collection":[{"href":"https:\/\/www.salzburgerland.com\/cs\/wp-json\/wp\/v2\/posts"}],"about":[{"href":"https:\/\/www.salzburgerland.com\/cs\/wp-json\/wp\/v2\/types\/post"}],"author":[{"embeddable":true,"href":"https:\/\/www.salzburgerland.com\/cs\/wp-json\/wp\/v2\/users\/6"}],"replies":[{"embeddable":true,"href":"https:\/\/www.salzburgerland.com\/cs\/wp-json\/wp\/v2\/comments?post=159357"}],"version-history":[{"count":8,"href":"https:\/\/www.salzburgerland.com\/cs\/wp-json\/wp\/v2\/posts\/159357\/revisions"}],"predecessor-version":[{"id":164043,"href":"https:\/\/www.salzburgerland.com\/cs\/wp-json\/wp\/v2\/posts\/159357\/revisions\/164043"}],"wp:featuredmedia":[{"embeddable":true,"href":"https:\/\/www.salzburgerland.com\/cs\/wp-json\/wp\/v2\/media\/164019"}],"wp:attachment":[{"href":"https:\/\/www.salzburgerland.com\/cs\/wp-json\/wp\/v2\/media?parent=159357"}],"wp:term":[{"taxonomy":"category","embeddable":true,"href":"https:\/\/www.salzburgerland.com\/cs\/wp-json\/wp\/v2\/categories?post=159357"},{"taxonomy":"post_tag","embeddable":true,"href":"https:\/\/www.salzburgerland.com\/cs\/wp-json\/wp\/v2\/tags?post=159357"},{"taxonomy":"wl_entity_type","embeddable":true,"href":"https:\/\/www.salzburgerland.com\/cs\/wp-json\/wp\/v2\/wl_entity_type?post=159357"}],"curies":[{"name":"wp","href":"https:\/\/api.w.org\/{rel}","templated":true}]}}