{"id":159137,"date":"2024-03-15T20:33:47","date_gmt":"2024-03-15T19:33:47","guid":{"rendered":"https:\/\/www.salzburgerland.com\/cs\/?p=159137"},"modified":"2026-03-04T14:54:38","modified_gmt":"2026-03-04T13:54:38","slug":"st-johann-v-salcbursku-letni-rodinna-dovolena","status":"publish","type":"post","link":"https:\/\/www.salzburgerland.com\/cs\/st-johann-v-salcbursku-letni-rodinna-dovolena\/","title":{"rendered":"Letn\u00ed rodinn\u00e1 dovolen\u00e1 v St. Johann v Salcbursku"},"content":{"rendered":"<p data-start=\"2556\" data-end=\"2801\">St. Johann je velmi obl\u00edbenou oblast\u00ed pro rodinnou dovolenou. Family friendly podniky \u201e<strong>JO Family Partner<\/strong>\u201c p\u0159esn\u011b v\u011bd\u00ed, na \u010dem rodin\u00e1m na dovolen\u00e9 z\u00e1le\u017e\u00ed a jsou tomu p\u0159izp\u016fsobeny nap\u0159\u00edklad pokoje, nab\u00eddky restaurac\u00ed, herny a mnoho mil\u00fdch detail\u016f pro pohodov\u00fd a bezstarostn\u00fd pobyt.<\/p>\n<h3>Geisterberg \u2013 A\u0165 \u017eij\u00ed duchov\u00e9!<\/h3>\n<p>Kdy\u017e v salcbursk\u00e9m St. Johann\u00a0roztaje sn\u00edh, na ho\u0159e <strong>Gernkogel<\/strong> se probud\u00ed duchov\u00e9 zem\u011b, vzduchu a vody. Rozlehl\u00e1 <strong>Hora duch\u016f <a href=\"https:\/\/www.snow-space.com\/en\/summer\/adventure-mountain\/geisterberg-alpendorf\" target=\"_blank\" rel=\"noopener\">(Geisterberg)<\/a><\/strong> v nadmo\u0159sk\u00e9 v\u00fd\u0161ce 1800 metr\u016f ohrom\u00ed mal\u00e9 i velk\u00e9 n\u00e1v\u0161t\u011bvn\u00edky 40 dobrodru\u017en\u00fdmi zast\u00e1vkami a \u0159adou vzru\u0161uj\u00edc\u00edch atrakc\u00ed. Tady m\u016f\u017eete str\u00e1vit skoro cel\u00fd den. Na horu v\u00e1s pohodln\u011b vyveze lanovka. Po kr\u00e1tk\u00e9 proch\u00e1zce se dostanete k zast\u00e1vce vl\u00e1\u010dku, kter\u00fd i ty nejmen\u0161\u00ed a nejm\u00e9n\u011b zdatn\u00e9 turisty vyveze p\u0159\u00edmo na vrchol. Tady u\u017e \u010dekaj\u00ed dva mod\u0159\u00ed br\u00e1\u0161kov\u00e9, duchov\u00e9 Gspensti a Spuki. Na v\u011bt\u0161in\u011b tras m\u016f\u017eete projet i s ko\u010d\u00e1rkem. V dobrodru\u017en\u00e9m sv\u011bt\u011b je zam\u011b\u0159eno v\u0161e na d\u011bti: stra\u0161ideln\u00fd hrad, prol\u00e9za\u010dky, s\u00edt\u011b, houpa\u010dky, sk\u0159\u00edtci, zast\u00e1vky se zvukov\u00fdmi efekty. Kdy\u017e na n\u011bkolika stanovi\u0161t\u00edch d\u011bti vy\u0159e\u0161\u00ed h\u00e1danku nebo spln\u00ed \u00fakol, z\u00edskaj\u00ed na konci v\u00fdletu na pokladn\u011b lanovky d\u00e1rek. Rozhodn\u011b se tady ale nenud\u00ed ani dosp\u011bl\u00ed, kte\u0159\u00ed si u\u017e\u00edvaj\u00ed turistiku v hor\u00e1ch s n\u00e1dhern\u00fdmi v\u00fdhledy v doprovodu nad\u0161en\u00fdch d\u011bt\u00ed. Z vyhl\u00eddkov\u00e9 plo\u0161iny na vrcholu se nav\u00edc m\u016f\u017eete rozhl\u00e9dnout do daleka na salcbursk\u00e9 hory.<\/p>\n\n\t\t\t<div id=\"159137-1\" class=\"gallery gallery-159137 gallery-columns-3 gallery-size-1170_658\" itemscope itemtype=\"http:\/\/schema.org\/ImageGallery\">\n\t\t\t\t<ul class=\"gallery-row gallery-col-3 gallery-clear\">\n\t\t\t\t\t<li class=\"gallery-item col-3\" itemprop=\"associatedMedia\" itemscope itemtype=\"http:\/\/schema.org\/ImageObject\">\n\t\t\t\t\t\t<div class=\"gallery-icon landscape\"><a href=\"https:\/\/www.salzburgerland.com\/cs\/wp-content\/uploads\/2024\/03\/25_st_johann_in_salzburg_sommer_geisterberg_familie_1.jpg\" title=\"25_st_johann_in_salzburg_sommer_geisterberg_familie_1\"><img decoding=\"async\" data-title=\"Maskot hory Geisterberg \u00a9 JOsalzburg\" title=\"Maskot hory Geisterberg \u00a9 JOsalzburg\" data-caption=\"Maskot hory Geisterberg \u00a9 JOsalzburg\" width=\"1170\" height=\"658\" src=\"https:\/\/www.salzburgerland.com\/cs\/wp-content\/uploads\/2024\/03\/25_st_johann_in_salzburg_sommer_geisterberg_familie_1-1170x658.jpg\" class=\"attachment-1170_658 size-1170_658\" alt=\"Chlapec s modr\u00fdm maskotem venku b\u011bhem rodinn\u00e9 dovolen\u00e9 v St. Johann l\u00e9to za slune\u010dn\u00e9ho dne. (Zv\u011bt\u0161en\u00fd pohled)\" srcset=\"https:\/\/www.salzburgerland.com\/cs\/wp-content\/uploads\/2024\/03\/25_st_johann_in_salzburg_sommer_geisterberg_familie_1-1170x658.jpg 1170w, https:\/\/www.salzburgerland.com\/cs\/wp-content\/uploads\/2024\/03\/25_st_johann_in_salzburg_sommer_geisterberg_familie_1-1200x675.jpg 1200w\" sizes=\"(max-width: 1170px) 100vw, 1170px\" aria-describedby=\"figcaption-159137-164006\" itemprop=\"thumbnail\"><\/a><\/div>\n\t\t\t\t\t\t<span id=\"figcaption-159137-164006\" class=\"gallery-caption\" itemprop=\"caption\"><span aria-hidden=\"true\">Maskot hory Geisterberg \u00a9 JOsalzburg<\/span><\/span>\n\t\t\t\t\t<\/li>\n\t\t\t\t\t<li class=\"gallery-item col-3\" itemprop=\"associatedMedia\" itemscope itemtype=\"http:\/\/schema.org\/ImageObject\">\n\t\t\t\t\t\t<div class=\"gallery-icon landscape\"><a href=\"https:\/\/www.salzburgerland.com\/cs\/wp-content\/uploads\/2024\/03\/25_st_johann_in_salzburg_sommer_geisterberg_familie_13.jpg\" title=\"25_st_johann_in_salzburg_sommer_geisterberg_familie_13\"><img decoding=\"async\" data-title=\"Rodinn\u00fd v\u00fdlet na Geisterbergu \u00a9 JOsalzburg\" title=\"Rodinn\u00fd v\u00fdlet na Geisterbergu \u00a9 JOsalzburg\" data-caption=\"Rodinn\u00fd v\u00fdlet na Geisterbergu \u00a9 JOsalzburg\" width=\"1170\" height=\"658\" src=\"https:\/\/www.salzburgerland.com\/cs\/wp-content\/uploads\/2024\/03\/25_st_johann_in_salzburg_sommer_geisterberg_familie_13-1170x658.jpg\" class=\"attachment-1170_658 size-1170_658\" alt=\"\u010cty\u0159i lid\u00e9 se vyd\u00e1vaj\u00ed po slunn\u00e9 horsk\u00e9 stezce na rodinnou dovolenou Svat\u00fd Jan l\u00e9to, p\u0159ech\u00e1z\u00ed mal\u00fd d\u0159ev\u011bn\u00fd most. (Zv\u011bt\u0161en\u00fd pohled)\" srcset=\"https:\/\/www.salzburgerland.com\/cs\/wp-content\/uploads\/2024\/03\/25_st_johann_in_salzburg_sommer_geisterberg_familie_13-1170x658.jpg 1170w, https:\/\/www.salzburgerland.com\/cs\/wp-content\/uploads\/2024\/03\/25_st_johann_in_salzburg_sommer_geisterberg_familie_13-1200x675.jpg 1200w\" sizes=\"(max-width: 1170px) 100vw, 1170px\" aria-describedby=\"figcaption-159137-164007\" itemprop=\"thumbnail\"><\/a><\/div>\n\t\t\t\t\t\t<span id=\"figcaption-159137-164007\" class=\"gallery-caption\" itemprop=\"caption\"><span aria-hidden=\"true\">Rodinn\u00fd v\u00fdlet na Geisterbergu \u00a9 JOsalzburg<\/span><\/span>\n\t\t\t\t\t<\/li>\n\t\t\t\t\t<li class=\"gallery-item col-3\" itemprop=\"associatedMedia\" itemscope itemtype=\"http:\/\/schema.org\/ImageObject\">\n\t\t\t\t\t\t<div class=\"gallery-icon landscape\"><a href=\"https:\/\/www.salzburgerland.com\/cs\/wp-content\/uploads\/2024\/03\/25_st_johann_in_salzburg_sommer_geisterberg_familie_25.jpg\" title=\"25_st_johann_in_salzburg_sommer_geisterberg_familie_25\"><img decoding=\"async\" data-title=\"Geisterberg v hor\u00e1ch je pln\u00fd atrakc\u00ed nejen pro d\u011bti \u00a9 JOsalzburg\" title=\"Geisterberg v hor\u00e1ch je pln\u00fd atrakc\u00ed nejen pro d\u011bti \u00a9 JOsalzburg\" data-caption=\"Geisterberg v hor\u00e1ch je pln\u00fd atrakc\u00ed nejen pro d\u011bti \u00a9 JOsalzburg\" width=\"1170\" height=\"658\" src=\"https:\/\/www.salzburgerland.com\/cs\/wp-content\/uploads\/2024\/03\/25_st_johann_in_salzburg_sommer_geisterberg_familie_25-1170x658.jpg\" class=\"attachment-1170_658 size-1170_658\" alt=\"Dv\u011b d\u011bti b\u011bhaj\u00ed po tr\u00e1v\u011b a dosp\u011bl\u00ed je pozoruj\u00ed, jak si u\u017e\u00edvaj\u00ed Rodinn\u00e1 dovolen\u00e1 sv. Jana pod jasnou modrou oblohou. (Zv\u011bt\u0161en\u00fd pohled)\" srcset=\"https:\/\/www.salzburgerland.com\/cs\/wp-content\/uploads\/2024\/03\/25_st_johann_in_salzburg_sommer_geisterberg_familie_25-1170x658.jpg 1170w, https:\/\/www.salzburgerland.com\/cs\/wp-content\/uploads\/2024\/03\/25_st_johann_in_salzburg_sommer_geisterberg_familie_25-1200x675.jpg 1200w\" sizes=\"(max-width: 1170px) 100vw, 1170px\" aria-describedby=\"figcaption-159137-164010\" itemprop=\"thumbnail\"><\/a><\/div>\n\t\t\t\t\t\t<span id=\"figcaption-159137-164010\" class=\"gallery-caption\" itemprop=\"caption\"><span aria-hidden=\"true\">Geisterberg v hor\u00e1ch je pln\u00fd atrakc\u00ed nejen pro d\u011bti \u00a9 JOsalzburg<\/span><\/span>\n\t\t\t\t\t<\/li>\n\t\t\t\t<\/ul>\n\t\t\t<\/div><!-- .gallery -->\n\n<p>Dal\u0161\u00ed atrakc\u00ed na Geisterbergu je <a href=\"https:\/\/www.snow-space.com\/en\/summer\/adventure-mountain\/geisterberg-alpendorf\" target=\"_blank\" rel=\"noopener\"><strong>\u201edra\u010d\u00ed via ferrata\u201c<\/strong><\/a>. Mal\u00ed nad\u0161enci do lezen\u00ed od 12 let si mohou vyzkou\u0161et sv\u00e9 schopnosti na skal\u00e1ch a za\u017e\u00edt prvn\u00ed lezen\u00ed na 40 metr\u016f vysok\u00e9 st\u011bn\u011b. Po cel\u00e9 d\u00e9lce via ferraty, dlouh\u00e9 asi 100 metr\u016f, je upevn\u011bno ocelov\u00e9 lano, kter\u00e9 je zaji\u0161t\u011bno karabinami. V\u00fdstup na via ferratu usnad\u0148uj\u00ed speci\u00e1ln\u00ed \u017eeb\u0159\u00edky, kter\u00e9 lze snadno p\u0159izp\u016fsobit d\u011btem. Pro v\u00fdstup na je zapot\u0159eb\u00ed vybaven\u00ed, kter\u00e9 si lze po p\u0159edchoz\u00ed domluv\u011b zap\u016fj\u010dit ve sportovn\u00edch obchodech v St. Johann. Pokud nem\u00e1te zku\u0161enosti, jsou v\u00e1m k dispozici na\u0161i instrukto\u0159i.<\/p>\n<h3>H\u0159i\u0161t\u011b kam se pod\u00edv\u00e1te<\/h3>\n<p>St. Johann v Salcbursku je jednou z nejobl\u00edben\u011bj\u0161\u00edch pr\u00e1zdninov\u00fdch destinac\u00ed pro rodiny s d\u011btmi, a tak je jasn\u00e9, \u017ee je zde \u0161irok\u00e1 nab\u00eddka d\u011btsk\u00fdch h\u0159i\u0161\u0165 pro mal\u00e9 hosty. Od dovednostn\u00edch her a\u017e po lesn\u00ed a dobrodru\u017en\u00e1 h\u0159i\u0161t\u011b. Ka\u017ed\u00fd si tu najde to sv\u00e9.<\/p>\n\n\t\t\t<div id=\"159137-2\" class=\"gallery gallery-159137 gallery-columns-3 gallery-size-1170_658\" itemscope itemtype=\"http:\/\/schema.org\/ImageGallery\">\n\t\t\t\t<ul class=\"gallery-row gallery-col-3 gallery-clear\">\n\t\t\t\t\t<li class=\"gallery-item col-3\" itemprop=\"associatedMedia\" itemscope itemtype=\"http:\/\/schema.org\/ImageObject\">\n\t\t\t\t\t\t<div class=\"gallery-icon landscape\"><a href=\"https:\/\/www.salzburgerland.com\/cs\/wp-content\/uploads\/2024\/03\/25_st_johann_in_salzburg_sommer_geisterberg_familie_34.jpg\" title=\"25_st_johann_in_salzburg_sommer_geisterberg_familie_34\"><img decoding=\"async\" data-title=\"Na Geisterbergu se budou d\u011bti zaru\u010den\u011b bavit \u00a9 JOsalzburg\" title=\"Na Geisterbergu se budou d\u011bti zaru\u010den\u011b bavit \u00a9 JOsalzburg\" data-caption=\"Na Geisterbergu se budou d\u011bti zaru\u010den\u011b bavit \u00a9 JOsalzburg\" width=\"1170\" height=\"658\" src=\"https:\/\/www.salzburgerland.com\/cs\/wp-content\/uploads\/2024\/03\/25_st_johann_in_salzburg_sommer_geisterberg_familie_34-1170x658.jpg\" class=\"attachment-1170_658 size-1170_658\" alt=\"Dv\u011b usm\u011bvav\u00e9 d\u011bti se d\u00edvaj\u00ed nahoru skrz otvor d\u0159ev\u011bn\u00e9ho h\u0159i\u0161t\u011b - Rodinn\u00e1 dovolen\u00e1 St. Johann v l\u00e9t\u011b. (Zv\u011bt\u0161en\u00fd pohled)\" srcset=\"https:\/\/www.salzburgerland.com\/cs\/wp-content\/uploads\/2024\/03\/25_st_johann_in_salzburg_sommer_geisterberg_familie_34-1170x658.jpg 1170w, https:\/\/www.salzburgerland.com\/cs\/wp-content\/uploads\/2024\/03\/25_st_johann_in_salzburg_sommer_geisterberg_familie_34-1200x675.jpg 1200w\" sizes=\"(max-width: 1170px) 100vw, 1170px\" aria-describedby=\"figcaption-159137-164011\" itemprop=\"thumbnail\"><\/a><\/div>\n\t\t\t\t\t\t<span id=\"figcaption-159137-164011\" class=\"gallery-caption\" itemprop=\"caption\"><span aria-hidden=\"true\">Na Geisterbergu se budou d\u011bti zaru\u010den\u011b bavit \u00a9 JOsalzburg<\/span><\/span>\n\t\t\t\t\t<\/li>\n\t\t\t\t\t<li class=\"gallery-item col-3\" itemprop=\"associatedMedia\" itemscope itemtype=\"http:\/\/schema.org\/ImageObject\">\n\t\t\t\t\t\t<div class=\"gallery-icon landscape\"><a href=\"https:\/\/www.salzburgerland.com\/cs\/wp-content\/uploads\/2024\/03\/25_st_johann_in_salzburg_sommer_geisterberg_familie_24.jpg\" title=\"25_st_johann_in_salzburg_sommer_geisterberg_familie_24\"><img decoding=\"async\" data-title=\"N\u011bkter\u00e9 atrakce na Geisterbergu maj\u00ed i zvukov\u00e9 efekty \u00a9 JOsalzburg\" title=\"N\u011bkter\u00e9 atrakce na Geisterbergu maj\u00ed i zvukov\u00e9 efekty \u00a9 JOsalzburg\" data-caption=\"N\u011bkter\u00e9 atrakce na Geisterbergu maj\u00ed i zvukov\u00e9 efekty \u00a9 JOsalzburg\" width=\"1170\" height=\"658\" src=\"https:\/\/www.salzburgerland.com\/cs\/wp-content\/uploads\/2024\/03\/25_st_johann_in_salzburg_sommer_geisterberg_familie_24-1170x658.jpg\" class=\"attachment-1170_658 size-1170_658\" alt=\"Dv\u011b d\u011bti a dosp\u011bl\u00ed si hraj\u00ed na sochu dra\u010d\u00ed hlavy - Rodinn\u00e1 dovolen\u00e1 sv. Jana l\u00e9to, z jej\u00edho\u017e nosu se line p\u00e1ra. (Zv\u011bt\u0161en\u00fd pohled)\" srcset=\"https:\/\/www.salzburgerland.com\/cs\/wp-content\/uploads\/2024\/03\/25_st_johann_in_salzburg_sommer_geisterberg_familie_24-1170x658.jpg 1170w, https:\/\/www.salzburgerland.com\/cs\/wp-content\/uploads\/2024\/03\/25_st_johann_in_salzburg_sommer_geisterberg_familie_24-1200x675.jpg 1200w\" sizes=\"(max-width: 1170px) 100vw, 1170px\" aria-describedby=\"figcaption-159137-164009\" itemprop=\"thumbnail\"><\/a><\/div>\n\t\t\t\t\t\t<span id=\"figcaption-159137-164009\" class=\"gallery-caption\" itemprop=\"caption\"><span aria-hidden=\"true\">N\u011bkter\u00e9 atrakce na Geisterbergu maj\u00ed i zvukov\u00e9 efekty \u00a9 JOsalzburg<\/span><\/span>\n\t\t\t\t\t<\/li>\n\t\t\t\t\t<li class=\"gallery-item col-3\" itemprop=\"associatedMedia\" itemscope itemtype=\"http:\/\/schema.org\/ImageObject\">\n\t\t\t\t\t\t<div class=\"gallery-icon landscape\"><a href=\"https:\/\/www.salzburgerland.com\/cs\/wp-content\/uploads\/2022\/05\/drachis-klettersteig-geisterberg-snowspacesalzburg-fotograf-christophhuber.jpg\" title=\"drachis-klettersteig-geisterberg-snowspacesalzburg-fotograf-christophhuber\"><img decoding=\"async\" data-title='Dra\u010d\u00ed ferrata \"Drachis Klettersteig\" v z\u00e1\u017eitkov\u00e9m are\u00e1lu Geisterberg v St. Johann \u00a9 SnowSpaceSalzburg, Christoph Huber' title='Dra\u010d\u00ed ferrata \"Drachis Klettersteig\" v z\u00e1\u017eitkov\u00e9m are\u00e1lu Geisterberg v St. Johann \u00a9 SnowSpaceSalzburg, Christoph Huber' data-caption='Dra\u010d\u00ed ferrata \"Drachis Klettersteig\" v z\u00e1\u017eitkov\u00e9m are\u00e1lu Geisterberg v St. Johann \u00a9 SnowSpaceSalzburg, Christoph Huber' width=\"1170\" height=\"658\" src=\"https:\/\/www.salzburgerland.com\/cs\/wp-content\/uploads\/2022\/05\/drachis-klettersteig-geisterberg-snowspacesalzburg-fotograf-christophhuber-1170x658.jpg\" class=\"attachment-1170_658 size-1170_658\" alt=\"D\u00edvka ji\u0161t\u011bn\u00e1 lanem na ferrat\u011b m\u00e1v\u00e1 ze sk\u00e1ly nad St. Johann v Alpendorfu (Zv\u011bt\u0161en\u00fd pohled)\" srcset=\"https:\/\/www.salzburgerland.com\/cs\/wp-content\/uploads\/2022\/05\/drachis-klettersteig-geisterberg-snowspacesalzburg-fotograf-christophhuber-1170x658.jpg 1170w, https:\/\/www.salzburgerland.com\/cs\/wp-content\/uploads\/2022\/05\/drachis-klettersteig-geisterberg-snowspacesalzburg-fotograf-christophhuber-1200x675.jpg 1200w\" sizes=\"(max-width: 1170px) 100vw, 1170px\" aria-describedby=\"figcaption-159137-152685\" itemprop=\"thumbnail\"><\/a><\/div>\n\t\t\t\t\t\t<span id=\"figcaption-159137-152685\" class=\"gallery-caption\" itemprop=\"caption\"><span aria-hidden=\"true\">Dra\u010d\u00ed ferrata \u201eDrachis Klettersteig\u201c v z\u00e1\u017eitkov\u00e9m are\u00e1lu Geisterberg v St. Johann \u00a9 SnowSpaceSalzburg, Christoph Huber<\/span><\/span>\n\t\t\t\t\t<\/li>\n\t\t\t\t<\/ul>\n\t\t\t<\/div><!-- .gallery -->\n\n<h3>Dny pro d\u011bti v St. Johann<\/h3>\n<p>Za\u010d\u00e1tek srpna pat\u0159\u00ed v St. Johann d\u011btem. <strong>JoKiWo<\/strong>, tedy St. Johanner Kinderwoche, je u\u017e \u0159adu let vrcholem l\u00e9ta pro rodiny s d\u011btmi a p\u0159in\u00e1\u0161\u00ed p\u011bt dn\u016f pln\u00fdch hudby, her a dobrodru\u017estv\u00ed. Program se odehr\u00e1v\u00e1 jak v centru m\u011bsta, tak na ho\u0159e p\u0159\u00edmo u horn\u00ed stanice lanovky Alpendorf. D\u011bti se mohou t\u011b\u0161it na kreativn\u00ed d\u00edlny, sout\u011b\u017ee, malov\u00e1n\u00ed na obli\u010dej, airbrush, sk\u00e1kac\u00ed hrady, kouzeln\u00edka i obl\u00edben\u00e9 poh\u00e1dkov\u00e9 postavi\u010dky. Sou\u010d\u00e1st\u00ed programu je tak\u00e9 tematick\u00e1 sout\u011b\u017en\u00ed rallye m\u011bstem, kter\u00e1 mal\u00e9 \u00fa\u010dastn\u00edky zavede do obchod\u016f a z\u00e1kout\u00ed centra St. Johann.\u00a0JoKiWo spojuje pohyb na \u010derstv\u00e9m horsk\u00e9m vzduchu, kulturu i hravost.<\/p>\n<div id=\"attachment_164012\" style=\"width: 1180px\" class=\"wp-caption alignnone\"><img decoding=\"async\" aria-describedby=\"caption-attachment-164012\" class=\"size-1170_658 wp-image-164012\" src=\"https:\/\/www.salzburgerland.com\/cs\/wp-content\/uploads\/2024\/03\/25_st_johann_in_salzburg_sommer_jokiwo_okidoki_7-1170x658.jpg\" alt=\"Usm\u011bvav\u00e1 d\u00edvka s barvami na obli\u010dej si hraje v barevn\u00e9 kuli\u010dkov\u00e9 j\u00e1m\u011b - ide\u00e1ln\u00ed pro Rodinn\u00e1 dovolen\u00e1 sv. Johanna l\u00e9to.\" width=\"1170\" height=\"658\" srcset=\"https:\/\/www.salzburgerland.com\/cs\/wp-content\/uploads\/2024\/03\/25_st_johann_in_salzburg_sommer_jokiwo_okidoki_7-1170x658.jpg 1170w, https:\/\/www.salzburgerland.com\/cs\/wp-content\/uploads\/2024\/03\/25_st_johann_in_salzburg_sommer_jokiwo_okidoki_7-1200x675.jpg 1200w\" sizes=\"(max-width: 1170px) 100vw, 1170px\"><p id=\"caption-attachment-164012\" class=\"wp-caption-text\">T\u00fdden pro d\u011bti JoKiWo \u00a9 JOsalzburg<\/p><\/div>\n<h3>Sout\u011bska Liechtensteinklamm a minigolf<\/h3>\n<p data-start=\"1250\" data-end=\"1720\"><a href=\"https:\/\/www.salzburgerland.com\/cs\/salcbursky-sportovni-svet-lichtenstejnska-souteska\/\">Liechtensteinklamm<\/a> pat\u0159\u00ed k nejdel\u0161\u00edm, nejhlub\u0161\u00edm a nejp\u016fsobiv\u011bj\u0161\u00edm v Alp\u00e1ch. 300 metr\u016f hlubokou sout\u011bsku voda vyhloubila do skal. Bur\u00e1cej\u00edc\u00ed vodn\u00ed masy, mechem porostl\u00e9 skaln\u00ed st\u011bny a tajemn\u00e1 hra p\u0159\u00edrodn\u00edho sv\u011btla d\u011blaj\u00ed z n\u00e1v\u0161t\u011bvy v\u00fdjime\u010dn\u00fd p\u0159\u00edrodn\u00ed z\u00e1\u017eitek. Sv\u011bt, kter\u00fd se tu n\u00e1v\u0161t\u011bvn\u00edk\u016fm otev\u00edr\u00e1, je p\u0159\u00edmo magick\u00fd. Je to vzru\u0161uj\u00edc\u00ed dobrodru\u017estv\u00ed, kter\u00e9 m\u016f\u017eete prozkoumat s d\u011btmi a v letn\u00edch vedrech se zde trochu ochladit. V roce <strong>2026<\/strong> <strong>sout\u011bska oslav\u00ed 150. v\u00fdro\u010d\u00ed<\/strong> sv\u00e9ho zp\u0159\u00edstupn\u011bn\u00ed n\u00e1v\u0161t\u011bvn\u00edk\u016fm. Od <strong>29. do 31. kv\u011btna 2026<\/strong> bude osv\u011btlena za doprovodu hudby.<\/p>\n\n\t\t\t<div id=\"159137-3\" class=\"gallery gallery-159137 gallery-columns-3 gallery-size-1170_658\" itemscope itemtype=\"http:\/\/schema.org\/ImageGallery\">\n\t\t\t\t<ul class=\"gallery-row gallery-col-3 gallery-clear\">\n\t\t\t\t\t<li class=\"gallery-item col-3\" itemprop=\"associatedMedia\" itemscope itemtype=\"http:\/\/schema.org\/ImageObject\">\n\t\t\t\t\t\t<div class=\"gallery-icon landscape\"><a href=\"https:\/\/www.salzburgerland.com\/cs\/wp-content\/uploads\/2024\/03\/23_st_johann_in_salzburg_sommer_liechtensteinklamm_wandern_2.jpg\" title=\"Liechtensteinklamm\"><img decoding=\"async\" data-title=\"Jeden z nejkr\u00e1sn\u011bj\u0161\u00edch v\u00fdletn\u00edch c\u00edl\u016f v Salcbursk\u00e9m sportovn\u00edm sv\u011bt\u011b \u00a9 JOsalzburg.com\" title=\"Jeden z nejkr\u00e1sn\u011bj\u0161\u00edch v\u00fdletn\u00edch c\u00edl\u016f v Salcbursk\u00e9m sportovn\u00edm sv\u011bt\u011b \u00a9 JOsalzburg.com\" data-caption=\"Jeden z nejkr\u00e1sn\u011bj\u0161\u00edch v\u00fdletn\u00edch c\u00edl\u016f v Salcbursk\u00e9m sportovn\u00edm sv\u011bt\u011b \u00a9 JOsalzburg.com\" width=\"1170\" height=\"658\" src=\"https:\/\/www.salzburgerland.com\/cs\/wp-content\/uploads\/2024\/03\/23_st_johann_in_salzburg_sommer_liechtensteinklamm_wandern_2-1170x658.jpg\" class=\"attachment-1170_658 size-1170_658\" alt=\"Leteck\u00fd pohled na to\u010ditou d\u0159ev\u011bnou l\u00e1vku ve Svat\u00e9m Janu, kter\u00e1 je ide\u00e1ln\u00ed pro dobrodru\u017estv\u00ed na rodinn\u00e9 l\u00e9t\u011b. (Zv\u011bt\u0161en\u00fd pohled)\" srcset=\"https:\/\/www.salzburgerland.com\/cs\/wp-content\/uploads\/2024\/03\/23_st_johann_in_salzburg_sommer_liechtensteinklamm_wandern_2-1170x658.jpg 1170w, https:\/\/www.salzburgerland.com\/cs\/wp-content\/uploads\/2024\/03\/23_st_johann_in_salzburg_sommer_liechtensteinklamm_wandern_2-1200x675.jpg 1200w\" sizes=\"(max-width: 1170px) 100vw, 1170px\" aria-describedby=\"figcaption-159137-164013\" itemprop=\"thumbnail\"><\/a><\/div>\n\t\t\t\t\t\t<span id=\"figcaption-159137-164013\" class=\"gallery-caption\" itemprop=\"caption\"><span aria-hidden=\"true\">Jeden z nejkr\u00e1sn\u011bj\u0161\u00edch v\u00fdletn\u00edch c\u00edl\u016f v Salcbursk\u00e9m sportovn\u00edm sv\u011bt\u011b \u00a9 JOsalzburg.com<\/span><\/span>\n\t\t\t\t\t<\/li>\n\t\t\t\t\t<li class=\"gallery-item col-3\" itemprop=\"associatedMedia\" itemscope itemtype=\"http:\/\/schema.org\/ImageObject\">\n\t\t\t\t\t\t<div class=\"gallery-icon landscape\"><a href=\"https:\/\/www.salzburgerland.com\/cs\/wp-content\/uploads\/2022\/05\/liechtensteinklamm-helix-2-1620x1067.jpg\" title=\"liechtensteinklamm-helix-2\"><img decoding=\"async\" data-title=\"To\u010dit\u00e9 schodi\u0161t\u011b Helix v Lichten\u0161tejnsk\u00e9 sout\u011bsce\u00a9 JOsalzburg.com\" title=\"To\u010dit\u00e9 schodi\u0161t\u011b Helix v Lichten\u0161tejnsk\u00e9 sout\u011bsce\u00a9 JOsalzburg.com\" data-caption=\"To\u010dit\u00e9 schodi\u0161t\u011b Helix v Lichten\u0161tejnsk\u00e9 sout\u011bsce\u00a9 JOsalzburg.com\" width=\"1170\" height=\"658\" src=\"https:\/\/www.salzburgerland.com\/cs\/wp-content\/uploads\/2022\/05\/liechtensteinklamm-helix-2-1170x658.jpg\" class=\"attachment-1170_658 size-1170_658\" alt=\"V roklin\u011b Liechtensteinklamm vzniklo 30metrov\u00e9 to\u010dit\u00e9 schodi\u0161t\u011b, kter\u00e9 umo\u017en\u00ed dostat se a\u017e do nitra sout\u011bsky (Zv\u011bt\u0161en\u00fd pohled)\" srcset=\"https:\/\/www.salzburgerland.com\/cs\/wp-content\/uploads\/2022\/05\/liechtensteinklamm-helix-2-1170x658.jpg 1170w, https:\/\/www.salzburgerland.com\/cs\/wp-content\/uploads\/2022\/05\/liechtensteinklamm-helix-2-1200x675.jpg 1200w\" sizes=\"(max-width: 1170px) 100vw, 1170px\" aria-describedby=\"figcaption-159137-152878\" itemprop=\"thumbnail\"><\/a><\/div>\n\t\t\t\t\t\t<span id=\"figcaption-159137-152878\" class=\"gallery-caption\" itemprop=\"caption\"><span aria-hidden=\"true\">To\u010dit\u00e9 schodi\u0161t\u011b Helix v Lichten\u0161tejnsk\u00e9 sout\u011bsce\u00a9 JOsalzburg.com<\/span><\/span>\n\t\t\t\t\t<\/li>\n\t\t\t\t\t<li class=\"gallery-item col-3\" itemprop=\"associatedMedia\" itemscope itemtype=\"http:\/\/schema.org\/ImageObject\">\n\t\t\t\t\t\t<div class=\"gallery-icon landscape\"><a href=\"https:\/\/www.salzburgerland.com\/cs\/wp-content\/uploads\/2022\/05\/liechtensteinklamm-natur-oczlon-2.jpg\" title=\"liechtensteinklamm-natur-oczlon-2\"><img decoding=\"async\" data-title=\"Ocelov\u00e9 schodi\u0161t\u011b Helix vede do nitra Lichten\u0161tejnsk\u00e9 sout\u011bsky \u00a9 JOsalzburg.com\" title=\"Ocelov\u00e9 schodi\u0161t\u011b Helix vede do nitra Lichten\u0161tejnsk\u00e9 sout\u011bsky \u00a9 JOsalzburg.com\" data-caption=\"Ocelov\u00e9 schodi\u0161t\u011b Helix vede do nitra Lichten\u0161tejnsk\u00e9 sout\u011bsky \u00a9 JOsalzburg.com\" width=\"1170\" height=\"658\" src=\"https:\/\/www.salzburgerland.com\/cs\/wp-content\/uploads\/2022\/05\/liechtensteinklamm-natur-oczlon-2-1170x658.jpg\" class=\"attachment-1170_658 size-1170_658\" alt=\"Nejhlub\u0161\u00ed a nejdel\u0161\u00ed sout\u011bska v Rakousku Liechtensteinklamm v St. Johann nab\u00edz\u00ed \u00fachvatn\u00e9 pohledy na vodop\u00e1dy a skaln\u00ed st\u011bny (Zv\u011bt\u0161en\u00fd pohled)\" srcset=\"https:\/\/www.salzburgerland.com\/cs\/wp-content\/uploads\/2022\/05\/liechtensteinklamm-natur-oczlon-2-1170x658.jpg 1170w, https:\/\/www.salzburgerland.com\/cs\/wp-content\/uploads\/2022\/05\/liechtensteinklamm-natur-oczlon-2-1200x675.jpg 1200w\" sizes=\"(max-width: 1170px) 100vw, 1170px\" aria-describedby=\"figcaption-159137-152879\" itemprop=\"thumbnail\"><\/a><\/div>\n\t\t\t\t\t\t<span id=\"figcaption-159137-152879\" class=\"gallery-caption\" itemprop=\"caption\"><span aria-hidden=\"true\">Ocelov\u00e9 schodi\u0161t\u011b Helix vede do nitra Lichten\u0161tejnsk\u00e9 sout\u011bsky \u00a9 JOsalzburg.com<\/span><\/span>\n\t\t\t\t\t<\/li>\n\t\t\t\t<\/ul>\n\t\t\t<\/div><!-- .gallery -->\n\n<p><span>Minigolfov\u00e9 h\u0159i\u0161t\u011b\u00a0v\u00a0St. Johann<\/span><span> byste si rozhodn\u011b nem\u011bli nechat uj\u00edt.<\/span><span> Zahrajete si mezi sv\u011btem pastvin, u Pongausk\u00e9ho d\u00f3mu, hradu Hohenwerfen a spousty dal\u0161\u00edch zmen\u0161enin p\u0159\u00edrodn\u00edch, historick\u00fdch \u010di kulturn\u00edch pam\u00e1tek, dominant tohoto regionu. H\u0159i\u0161t\u011b je velice hezky udr\u017eovan\u00e9 a dob\u0159e dostupn\u00e9. \u010cek\u00e1 na v\u00e1s pestr\u00e1 minigolfov\u00e1 tour.\u00a0<\/span><\/p>\n\n\t\t\t<div id=\"159137-4\" class=\"gallery gallery-159137 gallery-columns-3 gallery-size-1170_658\" itemscope itemtype=\"http:\/\/schema.org\/ImageGallery\">\n\t\t\t\t<ul class=\"gallery-row gallery-col-3 gallery-clear\">\n\t\t\t\t\t<li class=\"gallery-item col-3\" itemprop=\"associatedMedia\" itemscope itemtype=\"http:\/\/schema.org\/ImageObject\">\n\t\t\t\t\t\t<div class=\"gallery-icon landscape\"><a href=\"https:\/\/www.salzburgerland.com\/cs\/wp-content\/uploads\/2017\/10\/minigolf-st--johann-in-salzburg-1-1601x1067.jpg\" title=\"Minigolf-St.-Johann-in-Salzburg-1\"><img decoding=\"async\" data-title=\"Minigolf v St. Johann m\u00e1 spoustu zaj\u00edmav\u00fdch p\u0159ek\u00e1\u017eek \u00a9 JOsalzburg\" title=\"Minigolf v St. Johann m\u00e1 spoustu zaj\u00edmav\u00fdch p\u0159ek\u00e1\u017eek \u00a9 JOsalzburg\" data-caption=\"Minigolf v St. Johann m\u00e1 spoustu zaj\u00edmav\u00fdch p\u0159ek\u00e1\u017eek \u00a9 JOsalzburg\" width=\"1170\" height=\"658\" src=\"https:\/\/www.salzburgerland.com\/cs\/wp-content\/uploads\/2017\/10\/minigolf-st--johann-in-salzburg-1-1170x658.jpg\" class=\"attachment-1170_658 size-1170_658\" alt=\"Ob\u0159\u00ed golfov\u00fd m\u00ed\u010dek s des\u00edtkou u minigolfov\u00e9ho h\u0159i\u0161t\u011b ve Svat\u00e9m Janu v Salcbursku, v pozad\u00ed hory. (Zv\u011bt\u0161en\u00fd pohled)\" srcset=\"https:\/\/www.salzburgerland.com\/cs\/wp-content\/uploads\/2017\/10\/minigolf-st--johann-in-salzburg-1-1170x658.jpg 1170w, https:\/\/www.salzburgerland.com\/cs\/wp-content\/uploads\/2017\/10\/minigolf-st--johann-in-salzburg-1-1200x675.jpg 1200w\" sizes=\"(max-width: 1170px) 100vw, 1170px\" aria-describedby=\"figcaption-159137-163998\" itemprop=\"thumbnail\"><\/a><\/div>\n\t\t\t\t\t\t<span id=\"figcaption-159137-163998\" class=\"gallery-caption\" itemprop=\"caption\"><span aria-hidden=\"true\">Minigolf v St. Johann m\u00e1 spoustu zaj\u00edmav\u00fdch p\u0159ek\u00e1\u017eek \u00a9 JOsalzburg<\/span><\/span>\n\t\t\t\t\t<\/li>\n\t\t\t\t\t<li class=\"gallery-item col-3\" itemprop=\"associatedMedia\" itemscope itemtype=\"http:\/\/schema.org\/ImageObject\">\n\t\t\t\t\t\t<div class=\"gallery-icon landscape\"><a href=\"https:\/\/www.salzburgerland.com\/cs\/wp-content\/uploads\/2024\/03\/minigolfen-st--johann-in-salzburg-1-1601x1067.jpg\" title=\"Minigolfen-St.-Johann-in-Salzburg-1\"><img decoding=\"async\" data-title=\"Stanovi\u0161t\u011b zachycuj\u00ed to nejlep\u0161\u00ed z regionu \u00a9 JOSalzburg\" title=\"Stanovi\u0161t\u011b zachycuj\u00ed to nejlep\u0161\u00ed z regionu \u00a9 JOSalzburg\" data-caption=\"Stanovi\u0161t\u011b zachycuj\u00ed to nejlep\u0161\u00ed z regionu \u00a9 JOSalzburg\" width=\"1170\" height=\"658\" src=\"https:\/\/www.salzburgerland.com\/cs\/wp-content\/uploads\/2024\/03\/minigolfen-st--johann-in-salzburg-1-1170x658.jpg\" class=\"attachment-1170_658 size-1170_658\" alt=\"Stanovi\u0161t\u011b minigolfu zachycuj\u00ed to nejlep\u0161\u00ed z regionu jako lanovky, pam\u00e1tky a p\u0159\u00edrodn\u00ed zaj\u00edmavosti. (Zv\u011bt\u0161en\u00fd pohled)\" srcset=\"https:\/\/www.salzburgerland.com\/cs\/wp-content\/uploads\/2024\/03\/minigolfen-st--johann-in-salzburg-1-1170x658.jpg 1170w, https:\/\/www.salzburgerland.com\/cs\/wp-content\/uploads\/2024\/03\/minigolfen-st--johann-in-salzburg-1-1200x675.jpg 1200w\" sizes=\"(max-width: 1170px) 100vw, 1170px\" aria-describedby=\"figcaption-159137-159175\" itemprop=\"thumbnail\"><\/a><\/div>\n\t\t\t\t\t\t<span id=\"figcaption-159137-159175\" class=\"gallery-caption\" itemprop=\"caption\"><span aria-hidden=\"true\">Stanovi\u0161t\u011b zachycuj\u00ed to nejlep\u0161\u00ed z regionu \u00a9 JOSalzburg<\/span><\/span>\n\t\t\t\t\t<\/li>\n\t\t\t\t\t<li class=\"gallery-item col-3\" itemprop=\"associatedMedia\" itemscope itemtype=\"http:\/\/schema.org\/ImageObject\">\n\t\t\t\t\t\t<div class=\"gallery-icon landscape\"><a href=\"https:\/\/www.salzburgerland.com\/cs\/wp-content\/uploads\/2024\/03\/mingolf-joadventure-st--johann-2-1601x1067.jpg\" title=\"Mingolf-JOAdventure-St.-Johann-2\"><img decoding=\"async\" data-title=\"Pongausk\u00fd d\u00f3m na minigolfu v St. Johann \u00a9 JOSalzburg\" title=\"Pongausk\u00fd d\u00f3m na minigolfu v St. Johann \u00a9 JOSalzburg\" data-caption=\"Pongausk\u00fd d\u00f3m na minigolfu v St. Johann \u00a9 JOSalzburg\" width=\"1170\" height=\"658\" src=\"https:\/\/www.salzburgerland.com\/cs\/wp-content\/uploads\/2024\/03\/mingolf-joadventure-st--johann-2-1170x658.jpg\" class=\"attachment-1170_658 size-1170_658\" alt=\"Pongausk\u00fd d\u00f3m je dominantou St. Johann v Salcbursku, ale tak\u00e9 jedn\u00edm ze stanovi\u0161\u0165 na minigolfov\u00e9m h\u0159i\u0161ti. (Zv\u011bt\u0161en\u00fd pohled)\" srcset=\"https:\/\/www.salzburgerland.com\/cs\/wp-content\/uploads\/2024\/03\/mingolf-joadventure-st--johann-2-1170x658.jpg 1170w, https:\/\/www.salzburgerland.com\/cs\/wp-content\/uploads\/2024\/03\/mingolf-joadventure-st--johann-2-1200x675.jpg 1200w\" sizes=\"(max-width: 1170px) 100vw, 1170px\" aria-describedby=\"figcaption-159137-159174\" itemprop=\"thumbnail\"><\/a><\/div>\n\t\t\t\t\t\t<span id=\"figcaption-159137-159174\" class=\"gallery-caption\" itemprop=\"caption\"><span aria-hidden=\"true\">Pongausk\u00fd d\u00f3m na minigolfu v St. Johann \u00a9 JOSalzburg<\/span><\/span>\n\t\t\t\t\t<\/li>\n\t\t\t\t<\/ul>\n\t\t\t<\/div><!-- .gallery -->\n\n<h3 data-start=\"3705\" data-end=\"4107\">M\u011bsto St. Johann<\/h3>\n<p data-start=\"234\" data-end=\"560\">Krom\u011b p\u0159\u00edrody a rodinn\u00fdch dobrodru\u017estv\u00ed nadchne St. Johann tak\u00e9 m\u011bstskou atmosf\u00e9rou. Kvalitn\u00ed hotely, p\u016fvabn\u00e9 obchody nebo \u00fatuln\u00e9 kav\u00e1rny zvou k proch\u00e1zk\u00e1m a posezen\u00ed. Se\u017eenete tady region\u00e1ln\u00ed produkty, sportovn\u00ed vybaven\u00ed i stylovou m\u00f3du nebo zaj\u00edmav\u00e9 designov\u00e9 kousky. Nakupov\u00e1n\u00ed se zde st\u00e1v\u00e1 p\u0159\u00edjemn\u00fdm dovolenkov\u00fdm z\u00e1\u017eitkem.<\/p>\n\n\t\t\t<div id=\"159137-5\" class=\"gallery gallery-159137 gallery-columns-3 gallery-size-1170_658\" itemscope itemtype=\"http:\/\/schema.org\/ImageGallery\">\n\t\t\t\t<ul class=\"gallery-row gallery-col-3 gallery-clear\">\n\t\t\t\t\t<li class=\"gallery-item col-3\" itemprop=\"associatedMedia\" itemscope itemtype=\"http:\/\/schema.org\/ImageObject\">\n\t\t\t\t\t\t<div class=\"gallery-icon landscape\"><a href=\"https:\/\/www.salzburgerland.com\/cs\/wp-content\/uploads\/2024\/03\/23_st_johann_in_salzburg_sommer_st_johann_dom_3.jpg\" title=\"23_st_johann_in_salzburg_sommer_st_johann_dom_3\"><img decoding=\"async\" data-title=\" Pongausk\u00fd d\u00f3m v St. Johann v Salcbursku \u00a9 .JOsalzburg\" title=\" Pongausk\u00fd d\u00f3m v St. Johann v Salcbursku \u00a9 .JOsalzburg\" data-caption=\" Pongausk\u00fd d\u00f3m v St. Johann v Salcbursku \u00a9 .JOsalzburg\" width=\"1170\" height=\"658\" src=\"https:\/\/www.salzburgerland.com\/cs\/wp-content\/uploads\/2024\/03\/23_st_johann_in_salzburg_sommer_st_johann_dom_3-1170x658.jpg\" class=\"attachment-1170_658 size-1170_658\" alt=\"Pohled na Pongausk\u00fd d\u00f3m v obci St. Johann v Salcbursku s b\u0159e\u010d\u0165anem na st\u011bn\u00e1ch a v\u011b\u017e\u00edch pod zata\u017eenou oblohou. (Zv\u011bt\u0161en\u00fd pohled)\" srcset=\"https:\/\/www.salzburgerland.com\/cs\/wp-content\/uploads\/2024\/03\/23_st_johann_in_salzburg_sommer_st_johann_dom_3-1170x658.jpg 1170w, https:\/\/www.salzburgerland.com\/cs\/wp-content\/uploads\/2024\/03\/23_st_johann_in_salzburg_sommer_st_johann_dom_3-1200x675.jpg 1200w\" sizes=\"(max-width: 1170px) 100vw, 1170px\" aria-describedby=\"figcaption-159137-164031\" itemprop=\"thumbnail\"><\/a><\/div>\n\t\t\t\t\t\t<span id=\"figcaption-159137-164031\" class=\"gallery-caption\" itemprop=\"caption\"><span aria-hidden=\"true\"> Pongausk\u00fd d\u00f3m v St. Johann v Salcbursku \u00a9 .JOsalzburg<\/span><\/span>\n\t\t\t\t\t<\/li>\n\t\t\t\t\t<li class=\"gallery-item col-3\" itemprop=\"associatedMedia\" itemscope itemtype=\"http:\/\/schema.org\/ImageObject\">\n\t\t\t\t\t\t<div class=\"gallery-icon landscape\"><a href=\"https:\/\/www.salzburgerland.com\/cs\/wp-content\/uploads\/2024\/03\/24_st_johann_in_salzburg_sommer_shopping_familie-37.jpg\" title=\"24_st_johann_in_salzburg_sommer_shopping_familie-37\"><img decoding=\"async\" data-title=\"Na zmrzlin\u011b v m\u011bste\u010dku St. Johann \u00a9 JOsalzburg\n\" title=\"Na zmrzlin\u011b v m\u011bste\u010dku St. Johann \u00a9 JOsalzburg\n\" data-caption=\"Na zmrzlin\u011b v m\u011bste\u010dku St. Johann \u00a9 JOsalzburg\n\" width=\"1170\" height=\"658\" src=\"https:\/\/www.salzburgerland.com\/cs\/wp-content\/uploads\/2024\/03\/24_st_johann_in_salzburg_sommer_shopping_familie-37-1170x658.jpg\" class=\"attachment-1170_658 size-1170_658\" alt=\"Rodina ve zmrzlin\u00e1rn\u011b v St. Johann v Salcbursku si pochutn\u00e1v\u00e1 na zmrzlin\u011b po sportovn\u00edch z\u00e1\u017eitc\u00edch. (Zv\u011bt\u0161en\u00fd pohled)\" srcset=\"https:\/\/www.salzburgerland.com\/cs\/wp-content\/uploads\/2024\/03\/24_st_johann_in_salzburg_sommer_shopping_familie-37-1170x658.jpg 1170w, https:\/\/www.salzburgerland.com\/cs\/wp-content\/uploads\/2024\/03\/24_st_johann_in_salzburg_sommer_shopping_familie-37-1200x675.jpg 1200w\" sizes=\"(max-width: 1170px) 100vw, 1170px\" aria-describedby=\"figcaption-159137-164032\" itemprop=\"thumbnail\"><\/a><\/div>\n\t\t\t\t\t\t<span id=\"figcaption-159137-164032\" class=\"gallery-caption\" itemprop=\"caption\"><span aria-hidden=\"true\">Na zmrzlin\u011b v m\u011bste\u010dku St. Johann \u00a9 JOsalzburg\n<\/span><\/span>\n\t\t\t\t\t<\/li>\n\t\t\t\t\t<li class=\"gallery-item col-3\" itemprop=\"associatedMedia\" itemscope itemtype=\"http:\/\/schema.org\/ImageObject\">\n\t\t\t\t\t\t<div class=\"gallery-icon landscape\"><a href=\"https:\/\/www.salzburgerland.com\/cs\/wp-content\/uploads\/2024\/03\/24_st_johann_in_salzburg_sommer_shopping_familie-20.jpg\" title=\"24_st_johann_in_salzburg_sommer_shopping_familie-20\"><img decoding=\"async\" data-title=\"Malebn\u00e9 m\u011bste\u010dko St. Johann v Salcburku \u00a9 .JOsalzburg\" title=\"Malebn\u00e9 m\u011bste\u010dko St. Johann v Salcburku \u00a9 .JOsalzburg\" data-caption=\"Malebn\u00e9 m\u011bste\u010dko St. Johann v Salcburku \u00a9 .JOsalzburg\" width=\"1170\" height=\"658\" src=\"https:\/\/www.salzburgerland.com\/cs\/wp-content\/uploads\/2024\/03\/24_st_johann_in_salzburg_sommer_shopping_familie-20-1170x658.jpg\" class=\"attachment-1170_658 size-1170_658\" alt=\"\u010cty\u0159\u010dlenn\u00e1 rodina na m\u011bstsk\u00e9m chodn\u00edku se usm\u00edv\u00e1 a prohl\u00ed\u017e\u00ed si v\u00fdlohu po sportovn\u00ed aktivit\u011b v St. Johann v Salcbursku. (Zv\u011bt\u0161en\u00fd pohled)\" srcset=\"https:\/\/www.salzburgerland.com\/cs\/wp-content\/uploads\/2024\/03\/24_st_johann_in_salzburg_sommer_shopping_familie-20-1170x658.jpg 1170w, https:\/\/www.salzburgerland.com\/cs\/wp-content\/uploads\/2024\/03\/24_st_johann_in_salzburg_sommer_shopping_familie-20-1200x675.jpg 1200w\" sizes=\"(max-width: 1170px) 100vw, 1170px\" aria-describedby=\"figcaption-159137-164033\" itemprop=\"thumbnail\"><\/a><\/div>\n\t\t\t\t\t\t<span id=\"figcaption-159137-164033\" class=\"gallery-caption\" itemprop=\"caption\"><span aria-hidden=\"true\">Malebn\u00e9 m\u011bste\u010dko St. Johann v Salcburku \u00a9 .JOsalzburg<\/span><\/span>\n\t\t\t\t\t<\/li>\n\t\t\t\t<\/ul>\n\t\t\t<\/div><!-- .gallery -->\n\n<p data-start=\"4109\" data-end=\"4439\">D\u00edky sv\u00e9 centr\u00e1ln\u00ed poloze je letn\u00ed i zimn\u00ed dovolen\u00e1 v St. Johann v Salcbursku obzvl\u00e1\u0161\u0165 udr\u017eiteln\u00e1. Pohodln\u00fd p\u0159\u00edjezd i odjezd autobusem nebo vlakem a velmi dob\u0159e vybudovan\u00e1 dopravn\u00ed s\u00ed\u0165 umo\u017e\u0148uj\u00ed str\u00e1vit zde dovolenou bez auta. St. Johann v Salcbursku m\u00e1 vlastn\u00ed vlakov\u00e9 n\u00e1dra\u017e\u00ed, na kter\u00e9 p\u0159ij\u00ed\u017ed\u00ed mnoho n\u00e1rodn\u00edch i mezin\u00e1rodn\u00edch vlak\u016f. Od kv\u011btna 2025 nav\u00edc plat\u00ed v cel\u00e9m Salcbursku <a href=\"https:\/\/www.salzburgerland.com\/cs\/guest-mobility-ticket\/\">Guest Mobility Ticket<\/a>.<\/p>\n<h3 data-start=\"4109\" data-end=\"4439\">Praktick\u00e9 karty pro super dovolenou<\/h3>\n<p data-start=\"2869\" data-end=\"3301\">Se <a href=\"https:\/\/www.salzburgerland.com\/cs\/salzburgerland-card\/\">SalzburgerLand Card<\/a> na \u0161est nebo dvan\u00e1ct dn\u00ed maj\u00ed rodiny p\u0159\u00edstup p\u0159ibli\u017en\u011b ke 190 atrakc\u00edm po cel\u00e9m Salcbursku. Jsou mezi nimi tak\u00e9 p\u0159\u00edrodn\u00ed zaj\u00edmavosti, hrady, muzea i koupali\u0161t\u011b a jezera v Salcbursk\u00e9m sportovn\u00edm sv\u011bt\u011b. Nab\u00eddku dopl\u0148uje <a href=\"https:\/\/www.josalzburg.com\/en\/activities\/12-peaks-adventure-card.html\" target=\"_blank\" rel=\"noopener\"><strong>12 Peaks Card<\/strong><\/a>, flexibiln\u00ed vstupenka pro nezapomenuteln\u00e9 z\u00e1\u017eitky v hor\u00e1ch: od Geisterbergu a Floriho z\u00e1\u017eitkov\u00e9 stezky ve Flachau a\u017e po vysokohorsk\u00e9 t\u00fary na Grie\u00dfenkaru nebo interaktivn\u00ed z\u00e1\u017eitkov\u00e9 sv\u011bty v Kleinarlu a Zauchensee.<\/p>\n","protected":false},"excerpt":{"rendered":"<p>St. Johann je velmi obl\u00edbenou oblast\u00ed pro rodinnou dovolenou. Family friendly podniky \u201eJO Family Partner\u201c p\u0159esn\u011b v\u011bd\u00ed, na \u010dem rodin\u00e1m na dovolen\u00e9 z\u00e1le\u017e\u00ed a jsou tomu p\u0159izp\u016fsobeny nap\u0159\u00edklad pokoje, nab\u00eddky restaurac\u00ed, herny a mnoho mil\u00fdch detail\u016f pro pohodov\u00fd a bezstarostn\u00fd pobyt. Geisterberg \u2013 A\u0165 \u017eij\u00ed duchov\u00e9! Kdy\u017e v salcbursk\u00e9m St. Johann\u00a0roztaje sn\u00edh, na ho\u0159e Gernkogel [&hellip;]<\/p>\n","protected":false},"author":6,"featured_media":164005,"comment_status":"closed","ping_status":"closed","sticky":false,"template":"","format":"standard","meta":{"_acf_changed":false,"wl_entities_gutenberg":"","_relevanssi_hide_post":"","_relevanssi_hide_content":"","_relevanssi_pin_for_all":"","_relevanssi_pin_keywords":"","_relevanssi_unpin_keywords":"","_relevanssi_related_keywords":"","_relevanssi_related_include_ids":"","_relevanssi_related_exclude_ids":"","_relevanssi_related_no_append":"","_relevanssi_related_not_related":"","_relevanssi_related_posts":"","_relevanssi_noindex_reason":"","footnotes":""},"categories":[1],"tags":[],"wl_entity_type":[706],"class_list":["post-159137","post","type-post","status-publish","format-standard","has-post-thumbnail","hentry","category-uncategorized","wl_entity_type-article"],"acf":[],"yoast_head":"<!-- This site is optimized with the Yoast SEO Premium plugin v27.4 (Yoast SEO v27.4) - https:\/\/yoast.com\/product\/yoast-seo-premium-wordpress\/ -->\n<title>Letn\u00ed rodinn\u00e1 dovolen\u00e1 v St. Johann v Salcbursku \u00bb SalzburgerLand.com<\/title>\n<meta name=\"robots\" content=\"index, follow, max-snippet:-1, max-image-preview:large, max-video-preview:-1\" \/>\n<link rel=\"canonical\" href=\"https:\/\/www.salzburgerland.com\/cs\/st-johann-v-salcbursku-letni-rodinna-dovolena\/\" \/>\n<meta property=\"og:locale\" content=\"cs_CZ\" \/>\n<meta property=\"og:type\" content=\"article\" \/>\n<meta property=\"og:title\" content=\"Letn\u00ed rodinn\u00e1 dovolen\u00e1 v St. Johann v Salcbursku\" \/>\n<meta property=\"og:description\" content=\"St. Johann je velmi obl\u00edbenou oblast\u00ed pro rodinnou dovolenou. Family friendly podniky &quot;JO Family Partner&quot; p\u0159esn\u011b v\u011bd\u00ed, na \u010dem rodin\u00e1m na dovolen\u00e9 z\u00e1le\u017e\u00ed a\" \/>\n<meta property=\"og:url\" content=\"https:\/\/www.salzburgerland.com\/cs\/st-johann-v-salcbursku-letni-rodinna-dovolena\/\" \/>\n<meta property=\"og:site_name\" content=\"SalzburgerLand.com\" \/>\n<meta property=\"article:publisher\" content=\"https:\/\/www.facebook.com\/visitsalzburgerland\/\" \/>\n<meta property=\"article:published_time\" content=\"2024-03-15T19:33:47+00:00\" \/>\n<meta property=\"article:modified_time\" content=\"2026-03-04T13:54:38+00:00\" \/>\n<meta property=\"og:image\" content=\"https:\/\/www.salzburgerland.com\/cs\/wp-content\/uploads\/2024\/03\/25_st_johann_in_salzburg_sommer_geisterberg_familie_6-1200x675.jpg\" \/>\n\t<meta property=\"og:image:width\" content=\"1200\" \/>\n\t<meta property=\"og:image:height\" content=\"675\" \/>\n\t<meta property=\"og:image:type\" content=\"image\/jpeg\" \/>\n<meta name=\"author\" content=\"Andrea \u017d\u00e1\u010dkov\u00e1\" \/>\n<meta name=\"twitter:card\" content=\"summary_large_image\" \/>\n<meta name=\"twitter:creator\" content=\"@salzburgerland\" \/>\n<meta name=\"twitter:site\" content=\"@salzburgerland\" \/>\n<meta name=\"twitter:label1\" content=\"Napsal(a)\" \/>\n\t<meta name=\"twitter:data1\" content=\"Andrea \u017d\u00e1\u010dkov\u00e1\" \/>\n\t<meta name=\"twitter:label2\" content=\"Odhadovan\u00e1 doba \u010dten\u00ed\" \/>\n\t<meta name=\"twitter:data2\" content=\"6 minut\" \/>\n<script type=\"application\/ld+json\" class=\"yoast-schema-graph\">{\"@context\":\"https:\\\/\\\/schema.org\",\"@graph\":[{\"@type\":\"Article\",\"@id\":\"https:\\\/\\\/www.salzburgerland.com\\\/cs\\\/st-johann-v-salcbursku-letni-rodinna-dovolena\\\/#article\",\"isPartOf\":{\"@id\":\"https:\\\/\\\/www.salzburgerland.com\\\/cs\\\/st-johann-v-salcbursku-letni-rodinna-dovolena\\\/\"},\"author\":{\"name\":\"Andrea \u017d\u00e1\u010dkov\u00e1\",\"@id\":\"https:\\\/\\\/www.salzburgerland.com\\\/cs\\\/#\\\/schema\\\/person\\\/dd42a4661897004df109095dbf40eeff\"},\"headline\":\"Letn\u00ed rodinn\u00e1 dovolen\u00e1 v St. Johann v Salcbursku\",\"datePublished\":\"2024-03-15T19:33:47+00:00\",\"dateModified\":\"2026-03-04T13:54:38+00:00\",\"mainEntityOfPage\":{\"@id\":\"https:\\\/\\\/www.salzburgerland.com\\\/cs\\\/st-johann-v-salcbursku-letni-rodinna-dovolena\\\/\"},\"wordCount\":1060,\"image\":{\"@id\":\"https:\\\/\\\/www.salzburgerland.com\\\/cs\\\/st-johann-v-salcbursku-letni-rodinna-dovolena\\\/#primaryimage\"},\"thumbnailUrl\":\"https:\\\/\\\/www.salzburgerland.com\\\/cs\\\/wp-content\\\/uploads\\\/2024\\\/03\\\/25_st_johann_in_salzburg_sommer_geisterberg_familie_6.jpg\",\"articleSection\":[\"Uncategorized\"],\"inLanguage\":\"cs\"},{\"@type\":\"WebPage\",\"@id\":\"https:\\\/\\\/www.salzburgerland.com\\\/cs\\\/st-johann-v-salcbursku-letni-rodinna-dovolena\\\/\",\"url\":\"https:\\\/\\\/www.salzburgerland.com\\\/cs\\\/st-johann-v-salcbursku-letni-rodinna-dovolena\\\/\",\"name\":\"Letn\u00ed rodinn\u00e1 dovolen\u00e1 v St. Johann v Salcbursku \u00bb SalzburgerLand.com\",\"isPartOf\":{\"@id\":\"https:\\\/\\\/www.salzburgerland.com\\\/cs\\\/#website\"},\"primaryImageOfPage\":{\"@id\":\"https:\\\/\\\/www.salzburgerland.com\\\/cs\\\/st-johann-v-salcbursku-letni-rodinna-dovolena\\\/#primaryimage\"},\"image\":{\"@id\":\"https:\\\/\\\/www.salzburgerland.com\\\/cs\\\/st-johann-v-salcbursku-letni-rodinna-dovolena\\\/#primaryimage\"},\"thumbnailUrl\":\"https:\\\/\\\/www.salzburgerland.com\\\/cs\\\/wp-content\\\/uploads\\\/2024\\\/03\\\/25_st_johann_in_salzburg_sommer_geisterberg_familie_6.jpg\",\"datePublished\":\"2024-03-15T19:33:47+00:00\",\"dateModified\":\"2026-03-04T13:54:38+00:00\",\"author\":{\"@id\":\"https:\\\/\\\/www.salzburgerland.com\\\/cs\\\/#\\\/schema\\\/person\\\/dd42a4661897004df109095dbf40eeff\"},\"description\":\"Z\u00e1\u017eitkov\u00e9 hory, letn\u00ed lanovky, turistika a spousta dal\u0161\u00edch aktivit. Tady si s rodinou v l\u00e9t\u011b u\u017eijete perfektn\u00ed dovolenou.\",\"breadcrumb\":{\"@id\":\"https:\\\/\\\/www.salzburgerland.com\\\/cs\\\/st-johann-v-salcbursku-letni-rodinna-dovolena\\\/#breadcrumb\"},\"inLanguage\":\"cs\",\"potentialAction\":[{\"@type\":\"ReadAction\",\"target\":[\"https:\\\/\\\/www.salzburgerland.com\\\/cs\\\/st-johann-v-salcbursku-letni-rodinna-dovolena\\\/\"]}]},{\"@type\":\"ImageObject\",\"inLanguage\":\"cs\",\"@id\":\"https:\\\/\\\/www.salzburgerland.com\\\/cs\\\/st-johann-v-salcbursku-letni-rodinna-dovolena\\\/#primaryimage\",\"url\":\"https:\\\/\\\/www.salzburgerland.com\\\/cs\\\/wp-content\\\/uploads\\\/2024\\\/03\\\/25_st_johann_in_salzburg_sommer_geisterberg_familie_6.jpg\",\"contentUrl\":\"https:\\\/\\\/www.salzburgerland.com\\\/cs\\\/wp-content\\\/uploads\\\/2024\\\/03\\\/25_st_johann_in_salzburg_sommer_geisterberg_familie_6.jpg\",\"width\":1600,\"height\":1000,\"caption\":\"Letn\u00ed rodinn\u00e1 turistika v St. Johann v Salcbursku \u00a9 JOsalzburg, Simon Hutter\"},{\"@type\":\"BreadcrumbList\",\"@id\":\"https:\\\/\\\/www.salzburgerland.com\\\/cs\\\/st-johann-v-salcbursku-letni-rodinna-dovolena\\\/#breadcrumb\",\"itemListElement\":[{\"@type\":\"ListItem\",\"position\":1,\"name\":\"St. Johann v Salcbursku v l\u00e9t\u011b\",\"item\":\"https:\\\/\\\/www.salzburgerland.com\\\/cs\\\/st-johann-v-salcbursku-v-lete\\\/\"},{\"@type\":\"ListItem\",\"position\":2,\"name\":\"Letn\u00ed rodinn\u00e1 dovolen\u00e1 v St. Johann v Salcbursku\"}]},{\"@type\":\"WebSite\",\"@id\":\"https:\\\/\\\/www.salzburgerland.com\\\/cs\\\/#website\",\"url\":\"https:\\\/\\\/www.salzburgerland.com\\\/cs\\\/\",\"name\":\"SalzburgerLand.com\",\"description\":\"Va\u0161e dovolen\u00e1 v Salcburku, Rakousko\",\"potentialAction\":[{\"@type\":\"SearchAction\",\"target\":{\"@type\":\"EntryPoint\",\"urlTemplate\":\"https:\\\/\\\/www.salzburgerland.com\\\/cs\\\/?s={search_term_string}\"},\"query-input\":{\"@type\":\"PropertyValueSpecification\",\"valueRequired\":true,\"valueName\":\"search_term_string\"}}],\"inLanguage\":\"cs\"},{\"@type\":\"Person\",\"@id\":\"https:\\\/\\\/www.salzburgerland.com\\\/cs\\\/#\\\/schema\\\/person\\\/dd42a4661897004df109095dbf40eeff\",\"name\":\"Andrea \u017d\u00e1\u010dkov\u00e1\",\"image\":{\"@type\":\"ImageObject\",\"inLanguage\":\"cs\",\"@id\":\"https:\\\/\\\/secure.gravatar.com\\\/avatar\\\/338deec8d231d56d0ab7b2b7d6d0aedbcb3eb05390f6c027fd5b7ebe87b67dbf?s=96&d=mm&r=g\",\"url\":\"https:\\\/\\\/secure.gravatar.com\\\/avatar\\\/338deec8d231d56d0ab7b2b7d6d0aedbcb3eb05390f6c027fd5b7ebe87b67dbf?s=96&d=mm&r=g\",\"contentUrl\":\"https:\\\/\\\/secure.gravatar.com\\\/avatar\\\/338deec8d231d56d0ab7b2b7d6d0aedbcb3eb05390f6c027fd5b7ebe87b67dbf?s=96&d=mm&r=g\",\"caption\":\"Andrea \u017d\u00e1\u010dkov\u00e1\"}}]}<\/script>\n<!-- \/ Yoast SEO Premium plugin. -->","yoast_head_json":{"title":"Letn\u00ed rodinn\u00e1 dovolen\u00e1 v St. Johann v Salcbursku \u00bb SalzburgerLand.com","robots":{"index":"index","follow":"follow","max-snippet":"max-snippet:-1","max-image-preview":"max-image-preview:large","max-video-preview":"max-video-preview:-1"},"canonical":"https:\/\/www.salzburgerland.com\/cs\/st-johann-v-salcbursku-letni-rodinna-dovolena\/","og_locale":"cs_CZ","og_type":"article","og_title":"Letn\u00ed rodinn\u00e1 dovolen\u00e1 v St. Johann v Salcbursku","og_description":"St. Johann je velmi obl\u00edbenou oblast\u00ed pro rodinnou dovolenou. Family friendly podniky \"JO Family Partner\" p\u0159esn\u011b v\u011bd\u00ed, na \u010dem rodin\u00e1m na dovolen\u00e9 z\u00e1le\u017e\u00ed a","og_url":"https:\/\/www.salzburgerland.com\/cs\/st-johann-v-salcbursku-letni-rodinna-dovolena\/","og_site_name":"SalzburgerLand.com","article_publisher":"https:\/\/www.facebook.com\/visitsalzburgerland\/","article_published_time":"2024-03-15T19:33:47+00:00","article_modified_time":"2026-03-04T13:54:38+00:00","og_image":[{"width":1200,"height":675,"url":"https:\/\/www.salzburgerland.com\/cs\/wp-content\/uploads\/2024\/03\/25_st_johann_in_salzburg_sommer_geisterberg_familie_6-1200x675.jpg","type":"image\/jpeg"}],"author":"Andrea \u017d\u00e1\u010dkov\u00e1","twitter_card":"summary_large_image","twitter_creator":"@salzburgerland","twitter_site":"@salzburgerland","twitter_misc":{"Napsal(a)":"Andrea \u017d\u00e1\u010dkov\u00e1","Odhadovan\u00e1 doba \u010dten\u00ed":"6 minut"},"schema":{"@context":"https:\/\/schema.org","@graph":[{"@type":"Article","@id":"https:\/\/www.salzburgerland.com\/cs\/st-johann-v-salcbursku-letni-rodinna-dovolena\/#article","isPartOf":{"@id":"https:\/\/www.salzburgerland.com\/cs\/st-johann-v-salcbursku-letni-rodinna-dovolena\/"},"author":{"name":"Andrea \u017d\u00e1\u010dkov\u00e1","@id":"https:\/\/www.salzburgerland.com\/cs\/#\/schema\/person\/dd42a4661897004df109095dbf40eeff"},"headline":"Letn\u00ed rodinn\u00e1 dovolen\u00e1 v St. Johann v Salcbursku","datePublished":"2024-03-15T19:33:47+00:00","dateModified":"2026-03-04T13:54:38+00:00","mainEntityOfPage":{"@id":"https:\/\/www.salzburgerland.com\/cs\/st-johann-v-salcbursku-letni-rodinna-dovolena\/"},"wordCount":1060,"image":{"@id":"https:\/\/www.salzburgerland.com\/cs\/st-johann-v-salcbursku-letni-rodinna-dovolena\/#primaryimage"},"thumbnailUrl":"https:\/\/www.salzburgerland.com\/cs\/wp-content\/uploads\/2024\/03\/25_st_johann_in_salzburg_sommer_geisterberg_familie_6.jpg","articleSection":["Uncategorized"],"inLanguage":"cs"},{"@type":"WebPage","@id":"https:\/\/www.salzburgerland.com\/cs\/st-johann-v-salcbursku-letni-rodinna-dovolena\/","url":"https:\/\/www.salzburgerland.com\/cs\/st-johann-v-salcbursku-letni-rodinna-dovolena\/","name":"Letn\u00ed rodinn\u00e1 dovolen\u00e1 v St. Johann v Salcbursku \u00bb SalzburgerLand.com","isPartOf":{"@id":"https:\/\/www.salzburgerland.com\/cs\/#website"},"primaryImageOfPage":{"@id":"https:\/\/www.salzburgerland.com\/cs\/st-johann-v-salcbursku-letni-rodinna-dovolena\/#primaryimage"},"image":{"@id":"https:\/\/www.salzburgerland.com\/cs\/st-johann-v-salcbursku-letni-rodinna-dovolena\/#primaryimage"},"thumbnailUrl":"https:\/\/www.salzburgerland.com\/cs\/wp-content\/uploads\/2024\/03\/25_st_johann_in_salzburg_sommer_geisterberg_familie_6.jpg","datePublished":"2024-03-15T19:33:47+00:00","dateModified":"2026-03-04T13:54:38+00:00","author":{"@id":"https:\/\/www.salzburgerland.com\/cs\/#\/schema\/person\/dd42a4661897004df109095dbf40eeff"},"description":"Z\u00e1\u017eitkov\u00e9 hory, letn\u00ed lanovky, turistika a spousta dal\u0161\u00edch aktivit. Tady si s rodinou v l\u00e9t\u011b u\u017eijete perfektn\u00ed dovolenou.","breadcrumb":{"@id":"https:\/\/www.salzburgerland.com\/cs\/st-johann-v-salcbursku-letni-rodinna-dovolena\/#breadcrumb"},"inLanguage":"cs","potentialAction":[{"@type":"ReadAction","target":["https:\/\/www.salzburgerland.com\/cs\/st-johann-v-salcbursku-letni-rodinna-dovolena\/"]}]},{"@type":"ImageObject","inLanguage":"cs","@id":"https:\/\/www.salzburgerland.com\/cs\/st-johann-v-salcbursku-letni-rodinna-dovolena\/#primaryimage","url":"https:\/\/www.salzburgerland.com\/cs\/wp-content\/uploads\/2024\/03\/25_st_johann_in_salzburg_sommer_geisterberg_familie_6.jpg","contentUrl":"https:\/\/www.salzburgerland.com\/cs\/wp-content\/uploads\/2024\/03\/25_st_johann_in_salzburg_sommer_geisterberg_familie_6.jpg","width":1600,"height":1000,"caption":"Letn\u00ed rodinn\u00e1 turistika v St. Johann v Salcbursku \u00a9 JOsalzburg, Simon Hutter"},{"@type":"BreadcrumbList","@id":"https:\/\/www.salzburgerland.com\/cs\/st-johann-v-salcbursku-letni-rodinna-dovolena\/#breadcrumb","itemListElement":[{"@type":"ListItem","position":1,"name":"St. Johann v Salcbursku v l\u00e9t\u011b","item":"https:\/\/www.salzburgerland.com\/cs\/st-johann-v-salcbursku-v-lete\/"},{"@type":"ListItem","position":2,"name":"Letn\u00ed rodinn\u00e1 dovolen\u00e1 v St. Johann v Salcbursku"}]},{"@type":"WebSite","@id":"https:\/\/www.salzburgerland.com\/cs\/#website","url":"https:\/\/www.salzburgerland.com\/cs\/","name":"SalzburgerLand.com","description":"Va\u0161e dovolen\u00e1 v Salcburku, Rakousko","potentialAction":[{"@type":"SearchAction","target":{"@type":"EntryPoint","urlTemplate":"https:\/\/www.salzburgerland.com\/cs\/?s={search_term_string}"},"query-input":{"@type":"PropertyValueSpecification","valueRequired":true,"valueName":"search_term_string"}}],"inLanguage":"cs"},{"@type":"Person","@id":"https:\/\/www.salzburgerland.com\/cs\/#\/schema\/person\/dd42a4661897004df109095dbf40eeff","name":"Andrea \u017d\u00e1\u010dkov\u00e1","image":{"@type":"ImageObject","inLanguage":"cs","@id":"https:\/\/secure.gravatar.com\/avatar\/338deec8d231d56d0ab7b2b7d6d0aedbcb3eb05390f6c027fd5b7ebe87b67dbf?s=96&d=mm&r=g","url":"https:\/\/secure.gravatar.com\/avatar\/338deec8d231d56d0ab7b2b7d6d0aedbcb3eb05390f6c027fd5b7ebe87b67dbf?s=96&d=mm&r=g","contentUrl":"https:\/\/secure.gravatar.com\/avatar\/338deec8d231d56d0ab7b2b7d6d0aedbcb3eb05390f6c027fd5b7ebe87b67dbf?s=96&d=mm&r=g","caption":"Andrea \u017d\u00e1\u010dkov\u00e1"}}]}},"_wl_alt_label":[],"wl:entity_url":"http:\/\/open.salzburgerland.com\/cs\/post\/st-johann-v-salcbursku-159137","_links":{"self":[{"href":"https:\/\/www.salzburgerland.com\/cs\/wp-json\/wp\/v2\/posts\/159137","targetHints":{"allow":["GET"]}}],"collection":[{"href":"https:\/\/www.salzburgerland.com\/cs\/wp-json\/wp\/v2\/posts"}],"about":[{"href":"https:\/\/www.salzburgerland.com\/cs\/wp-json\/wp\/v2\/types\/post"}],"author":[{"embeddable":true,"href":"https:\/\/www.salzburgerland.com\/cs\/wp-json\/wp\/v2\/users\/6"}],"replies":[{"embeddable":true,"href":"https:\/\/www.salzburgerland.com\/cs\/wp-json\/wp\/v2\/comments?post=159137"}],"version-history":[{"count":10,"href":"https:\/\/www.salzburgerland.com\/cs\/wp-json\/wp\/v2\/posts\/159137\/revisions"}],"predecessor-version":[{"id":164042,"href":"https:\/\/www.salzburgerland.com\/cs\/wp-json\/wp\/v2\/posts\/159137\/revisions\/164042"}],"wp:featuredmedia":[{"embeddable":true,"href":"https:\/\/www.salzburgerland.com\/cs\/wp-json\/wp\/v2\/media\/164005"}],"wp:attachment":[{"href":"https:\/\/www.salzburgerland.com\/cs\/wp-json\/wp\/v2\/media?parent=159137"}],"wp:term":[{"taxonomy":"category","embeddable":true,"href":"https:\/\/www.salzburgerland.com\/cs\/wp-json\/wp\/v2\/categories?post=159137"},{"taxonomy":"post_tag","embeddable":true,"href":"https:\/\/www.salzburgerland.com\/cs\/wp-json\/wp\/v2\/tags?post=159137"},{"taxonomy":"wl_entity_type","embeddable":true,"href":"https:\/\/www.salzburgerland.com\/cs\/wp-json\/wp\/v2\/wl_entity_type?post=159137"}],"curies":[{"name":"wp","href":"https:\/\/api.w.org\/{rel}","templated":true}]}}