{"id":158942,"date":"2024-03-13T16:22:36","date_gmt":"2024-03-13T15:22:36","guid":{"rendered":"https:\/\/www.salzburgerland.com\/cs\/?p=158942"},"modified":"2026-03-04T22:54:39","modified_gmt":"2026-03-04T21:54:39","slug":"flachau-kuchyne","status":"publish","type":"post","link":"https:\/\/www.salzburgerland.com\/cs\/flachau-kuchyne\/","title":{"rendered":"Kuchyn\u011b ve Flachau"},"content":{"rendered":"<p>Z kulin\u00e1\u0159sk\u00e9ho hlediska jsou na p\u0159edn\u00edch m\u00edstech j\u00eddeln\u00edch l\u00edstk\u016f flachausk\u00fdch restaurac\u00ed a hostinc\u016f typick\u00e9 <strong>rakousk\u00e9 speciality<\/strong>, n\u00e1sledovan\u00e9 modern\u00ed <strong>mezin\u00e1rodn\u00ed kuchyn\u00ed<\/strong>. Ob\u011b varianty tady um\u00ed skv\u011ble. Od sva\u010din na d\u0159ev\u011bn\u00e9m prk\u00e9nku na sala\u0161i, a\u017e po ve\u010dern\u00ed fine dining menu v restauraci.<\/p>\n\n\t\t\t<div id=\"158942-1\" class=\"gallery gallery-158942 gallery-columns-3 gallery-size-1170_658\" itemscope itemtype=\"http:\/\/schema.org\/ImageGallery\">\n\t\t\t\t<ul class=\"gallery-row gallery-col-3 gallery-clear\">\n\t\t\t\t\t<li class=\"gallery-item col-3\" itemprop=\"associatedMedia\" itemscope itemtype=\"http:\/\/schema.org\/ImageObject\">\n\t\t\t\t\t\t<div class=\"gallery-icon landscape\"><a href=\"https:\/\/www.salzburgerland.com\/cs\/wp-content\/uploads\/2024\/03\/23_flachau_sommer_ebike_kulinarik_tour_5-1601x1067.jpg\" title=\"23_flachau_sommer_ebike_kulinarik_tour_5\"><img decoding=\"async\" data-title=\"Burger z t\u011bch nejkvalitn\u011bj\u0161\u00edch surovin \u00a9 Flachau Tourismus, Gerald Oberreiter\" title=\"Burger z t\u011bch nejkvalitn\u011bj\u0161\u00edch surovin \u00a9 Flachau Tourismus, Gerald Oberreiter\" data-caption=\"Burger z t\u011bch nejkvalitn\u011bj\u0161\u00edch surovin \u00a9 Flachau Tourismus, Gerald Oberreiter\" width=\"1170\" height=\"658\" src=\"https:\/\/www.salzburgerland.com\/cs\/wp-content\/uploads\/2024\/03\/23_flachau_sommer_ebike_kulinarik_tour_5-1170x658.jpg\" class=\"attachment-1170_658 size-1170_658\" alt=\"Burger z t\u011bch nejkvalitn\u011bj\u0161\u00edch surovin (Zv\u011bt\u0161en\u00fd pohled)\" srcset=\"https:\/\/www.salzburgerland.com\/cs\/wp-content\/uploads\/2024\/03\/23_flachau_sommer_ebike_kulinarik_tour_5-1170x658.jpg 1170w, https:\/\/www.salzburgerland.com\/cs\/wp-content\/uploads\/2024\/03\/23_flachau_sommer_ebike_kulinarik_tour_5-1200x675.jpg 1200w\" sizes=\"(max-width: 1170px) 100vw, 1170px\" aria-describedby=\"figcaption-158942-161999\" itemprop=\"thumbnail\"><\/a><\/div>\n\t\t\t\t\t\t<span id=\"figcaption-158942-161999\" class=\"gallery-caption\" itemprop=\"caption\"><span aria-hidden=\"true\">Burger z t\u011bch nejkvalitn\u011bj\u0161\u00edch surovin \u00a9 Flachau Tourismus, Gerald Oberreiter<\/span><\/span>\n\t\t\t\t\t<\/li>\n\t\t\t\t\t<li class=\"gallery-item col-3\" itemprop=\"associatedMedia\" itemscope itemtype=\"http:\/\/schema.org\/ImageObject\">\n\t\t\t\t\t\t<div class=\"gallery-icon landscape\"><a href=\"https:\/\/www.salzburgerland.com\/cs\/wp-content\/uploads\/2024\/03\/23_flachau_sommer_ebike_kulinarik_tour_6-1601x1067.jpg\" title=\"23_flachau_sommer_ebike_kulinarik_tour_6\"><img decoding=\"async\" data-title=\"Na z\u00e1v\u011br pozn\u00e1vac\u00ed v\u00fdpravy nesm\u00ed chyb\u011bt dezert \u00a9 Flachau Tourismus, Gerald Oberreiter\" title=\"Na z\u00e1v\u011br pozn\u00e1vac\u00ed v\u00fdpravy nesm\u00ed chyb\u011bt dezert \u00a9 Flachau Tourismus, Gerald Oberreiter\" data-caption=\"Na z\u00e1v\u011br pozn\u00e1vac\u00ed v\u00fdpravy nesm\u00ed chyb\u011bt dezert \u00a9 Flachau Tourismus, Gerald Oberreiter\" width=\"1170\" height=\"658\" src=\"https:\/\/www.salzburgerland.com\/cs\/wp-content\/uploads\/2024\/03\/23_flachau_sommer_ebike_kulinarik_tour_6-1170x658.jpg\" class=\"attachment-1170_658 size-1170_658\" alt=\"Na z\u00e1v\u011br pozn\u00e1vac\u00ed v\u00fdpravy nesm\u00ed chyb\u011bt dezert (Zv\u011bt\u0161en\u00fd pohled)\" srcset=\"https:\/\/www.salzburgerland.com\/cs\/wp-content\/uploads\/2024\/03\/23_flachau_sommer_ebike_kulinarik_tour_6-1170x658.jpg 1170w, https:\/\/www.salzburgerland.com\/cs\/wp-content\/uploads\/2024\/03\/23_flachau_sommer_ebike_kulinarik_tour_6-1200x675.jpg 1200w\" sizes=\"(max-width: 1170px) 100vw, 1170px\" aria-describedby=\"figcaption-158942-162000\" itemprop=\"thumbnail\"><\/a><\/div>\n\t\t\t\t\t\t<span id=\"figcaption-158942-162000\" class=\"gallery-caption\" itemprop=\"caption\"><span aria-hidden=\"true\">Na z\u00e1v\u011br pozn\u00e1vac\u00ed v\u00fdpravy nesm\u00ed chyb\u011bt dezert \u00a9 Flachau Tourismus, Gerald Oberreiter<\/span><\/span>\n\t\t\t\t\t<\/li>\n\t\t\t\t\t<li class=\"gallery-item col-3\" itemprop=\"associatedMedia\" itemscope itemtype=\"http:\/\/schema.org\/ImageObject\">\n\t\t\t\t\t\t<div class=\"gallery-icon landscape\"><a href=\"https:\/\/www.salzburgerland.com\/cs\/wp-content\/uploads\/2024\/03\/25-flachau-sommer-genuss-urlaub-2.jpg\" title=\"25-flachau-sommer-genuss-urlaub-2\"><img decoding=\"async\" data-title=\"Posezen\u00ed p\u0159ed \u00fatulnou horskou chatou ve Flachau \u00a9 Flachau Tourismus, Markus Berger\" title=\"Posezen\u00ed p\u0159ed \u00fatulnou horskou chatou ve Flachau \u00a9 Flachau Tourismus, Markus Berger\" data-caption=\"Posezen\u00ed p\u0159ed \u00fatulnou horskou chatou ve Flachau \u00a9 Flachau Tourismus, Markus Berger\" width=\"1170\" height=\"658\" src=\"https:\/\/www.salzburgerland.com\/cs\/wp-content\/uploads\/2024\/03\/25-flachau-sommer-genuss-urlaub-2-1170x658.jpg\" class=\"attachment-1170_658 size-1170_658\" alt=\"Mu\u017e si nal\u00e9v\u00e1 n\u00e1poj u venkovn\u00edho d\u0159ev\u011bn\u00e9ho stolu s p\u0159\u00e1teli a usm\u00edv\u00e1 se v prost\u0159ed\u00ed inspirovan\u00e9m Flachau kuchyn\u011b. (Zv\u011bt\u0161en\u00fd pohled)\" srcset=\"https:\/\/www.salzburgerland.com\/cs\/wp-content\/uploads\/2024\/03\/25-flachau-sommer-genuss-urlaub-2-1170x658.jpg 1170w, https:\/\/www.salzburgerland.com\/cs\/wp-content\/uploads\/2024\/03\/25-flachau-sommer-genuss-urlaub-2-1200x675.jpg 1200w\" sizes=\"(max-width: 1170px) 100vw, 1170px\" aria-describedby=\"figcaption-158942-164100\" itemprop=\"thumbnail\"><\/a><\/div>\n\t\t\t\t\t\t<span id=\"figcaption-158942-164100\" class=\"gallery-caption\" itemprop=\"caption\"><span aria-hidden=\"true\">Posezen\u00ed p\u0159ed \u00fatulnou horskou chatou ve Flachau \u00a9 Flachau Tourismus, Markus Berger<\/span><\/span>\n\t\t\t\t\t<\/li>\n\t\t\t\t<\/ul>\n\t\t\t<\/div><!-- .gallery -->\n\n<p>Na statku Hundsalzhof ochutn\u00e1te dom\u00e1c\u00ed bio ml\u00e9\u010dn\u00e9 v\u00fdrobky a u\u017eijete si v\u00fdhled na cel\u00e9 \u00fadol\u00ed Flachau. V tradi\u010dn\u00ed restauraci Winterbauer v\u00e1s \u010dek\u00e1 hlavn\u00ed chod, t\u0159eba p\u00f3rkov\u00e9 ta\u0161ti\u010dky s medv\u011bd\u00edm \u010desnekem a horsk\u00fdm s\u00fdrem nebo dom\u00e1c\u00ed burger z m\u00edstn\u00edho bio hov\u011bz\u00edho masa. A nakonec sladk\u00e1 te\u010dka v restauraci Sattelbauer, kde serv\u00edruj\u00ed \u201eHoamfoahra-Krapfen\u201c, dezert inspirovan\u00fd star\u00fdm sala\u0161nick\u00fdm zvykem. Tato specialita se pod\u00e1vala, kdy\u017e se kr\u00e1vy vracely z letn\u00edch pastvin.<\/p>\n<h3>Typick\u00e1 alpsk\u00e1 kuchyn\u011b<\/h3>\n<p><a href=\"https:\/\/www.salzburgerland.com\/cs\/alpska-kuchyne\/\"><strong>Alpsk\u00e1 kuchyn\u011b<\/strong><\/a> je zalo\u017eena na pil\u00ed\u0159\u00edch, jako je region\u00e1lnost, sez\u00f3nnost, \u010derstvost a nejvy\u0161\u0161\u00ed kvalita. Je p\u0159irozen\u00e1, jednoduch\u00e1, origin\u00e1ln\u00ed a oce\u0148uj\u00ed ji jak host\u00e9, tak m\u00edstn\u00ed obyvatel\u00e9. D\u016fle\u017eit\u00e9 jsou lok\u00e1ln\u00ed zdroje a spolupr\u00e1ce v\u00fdrobc\u016f, farm\u00e1\u0159\u016f a kucha\u0159\u016f. S respektem ke star\u00fdm, tradi\u010dn\u00edm postup\u016fm a recept\u016fm se kulin\u00e1\u0159sk\u00e9 d\u011bdictv\u00ed Alp odv\u00e1\u017en\u011b a inovativn\u011b rozv\u00edj\u00ed.<\/p>\n\n\t\t\t<div id=\"158942-2\" class=\"gallery gallery-158942 gallery-columns-3 gallery-size-1170_658\" itemscope itemtype=\"http:\/\/schema.org\/ImageGallery\">\n\t\t\t\t<ul class=\"gallery-row gallery-col-3 gallery-clear\">\n\t\t\t\t\t<li class=\"gallery-item col-3\" itemprop=\"associatedMedia\" itemscope itemtype=\"http:\/\/schema.org\/ImageObject\">\n\t\t\t\t\t\t<div class=\"gallery-icon landscape\"><a href=\"https:\/\/www.salzburgerland.com\/cs\/wp-content\/uploads\/2024\/03\/25-flachau-sommer-genuss-urlaub-3.jpg\" title=\"25-flachau-sommer-genuss-urlaub-3\"><img decoding=\"async\" data-title=\"Sv\u011b\u017e\u00ed letn\u00ed kuchyn\u011b z region\u00e1ln\u00edch ingredienc\u00ed \u00a9 Flachau Tourismus, Markus Berger\" title=\"Sv\u011b\u017e\u00ed letn\u00ed kuchyn\u011b z region\u00e1ln\u00edch ingredienc\u00ed \u00a9 Flachau Tourismus, Markus Berger\" data-caption=\"Sv\u011b\u017e\u00ed letn\u00ed kuchyn\u011b z region\u00e1ln\u00edch ingredienc\u00ed \u00a9 Flachau Tourismus, Markus Berger\" width=\"1170\" height=\"658\" src=\"https:\/\/www.salzburgerland.com\/cs\/wp-content\/uploads\/2024\/03\/25-flachau-sommer-genuss-urlaub-3-1170x658.jpg\" class=\"attachment-1170_658 size-1170_658\" alt=\"Gurm\u00e1nsk\u00fd pokrm Flachau kuchyn\u011b se zeleninou a om\u00e1\u010dkou, pod\u00e1van\u00fd na b\u00edl\u00e9m tal\u00ed\u0159i na d\u0159ev\u011bn\u00e9m stole. (Zv\u011bt\u0161en\u00fd pohled)\" srcset=\"https:\/\/www.salzburgerland.com\/cs\/wp-content\/uploads\/2024\/03\/25-flachau-sommer-genuss-urlaub-3-1170x658.jpg 1170w, https:\/\/www.salzburgerland.com\/cs\/wp-content\/uploads\/2024\/03\/25-flachau-sommer-genuss-urlaub-3-1200x675.jpg 1200w\" sizes=\"(max-width: 1170px) 100vw, 1170px\" aria-describedby=\"figcaption-158942-164096\" itemprop=\"thumbnail\"><\/a><\/div>\n\t\t\t\t\t\t<span id=\"figcaption-158942-164096\" class=\"gallery-caption\" itemprop=\"caption\"><span aria-hidden=\"true\">Sv\u011b\u017e\u00ed letn\u00ed kuchyn\u011b z region\u00e1ln\u00edch ingredienc\u00ed \u00a9 Flachau Tourismus, Markus Berger<\/span><\/span>\n\t\t\t\t\t<\/li>\n\t\t\t\t\t<li class=\"gallery-item col-3\" itemprop=\"associatedMedia\" itemscope itemtype=\"http:\/\/schema.org\/ImageObject\">\n\t\t\t\t\t\t<div class=\"gallery-icon landscape\"><a href=\"https:\/\/www.salzburgerland.com\/cs\/wp-content\/uploads\/2024\/03\/25-flachau-sommer-wandern-berge-20.jpg\" title=\"25-flachau-sommer-wandern-berge-20\"><img decoding=\"async\" data-title=\"Kombinace tradi\u010dn\u00ed i modern\u00ed kuchyn\u011b ve Flachau \u00a9 Flachau Tourismus, Markus Berger\" title=\"Kombinace tradi\u010dn\u00ed i modern\u00ed kuchyn\u011b ve Flachau \u00a9 Flachau Tourismus, Markus Berger\" data-caption=\"Kombinace tradi\u010dn\u00ed i modern\u00ed kuchyn\u011b ve Flachau \u00a9 Flachau Tourismus, Markus Berger\" width=\"1170\" height=\"658\" src=\"https:\/\/www.salzburgerland.com\/cs\/wp-content\/uploads\/2024\/03\/25-flachau-sommer-wandern-berge-20-1170x658.jpg\" class=\"attachment-1170_658 size-1170_658\" alt=\"Dv\u011b osoby si vychutn\u00e1vaj\u00ed slune\u010dn\u00e9 j\u00eddlo, d\u011bl\u00ed se o ob\u010derstven\u00ed a n\u00e1poje Flachau kuchyn\u011b u d\u0159ev\u011bn\u00e9ho stolu pod \u0161ir\u00fdm nebem. (Zv\u011bt\u0161en\u00fd pohled)\" srcset=\"https:\/\/www.salzburgerland.com\/cs\/wp-content\/uploads\/2024\/03\/25-flachau-sommer-wandern-berge-20-1170x658.jpg 1170w, https:\/\/www.salzburgerland.com\/cs\/wp-content\/uploads\/2024\/03\/25-flachau-sommer-wandern-berge-20-1200x675.jpg 1200w\" sizes=\"(max-width: 1170px) 100vw, 1170px\" aria-describedby=\"figcaption-158942-164095\" itemprop=\"thumbnail\"><\/a><\/div>\n\t\t\t\t\t\t<span id=\"figcaption-158942-164095\" class=\"gallery-caption\" itemprop=\"caption\"><span aria-hidden=\"true\">Kombinace tradi\u010dn\u00ed i modern\u00ed kuchyn\u011b ve Flachau \u00a9 Flachau Tourismus, Markus Berger<\/span><\/span>\n\t\t\t\t\t<\/li>\n\t\t\t\t\t<li class=\"gallery-item col-3\" itemprop=\"associatedMedia\" itemscope itemtype=\"http:\/\/schema.org\/ImageObject\">\n\t\t\t\t\t\t<div class=\"gallery-icon landscape\"><a href=\"https:\/\/www.salzburgerland.com\/cs\/wp-content\/uploads\/2024\/03\/25-flachau-sommer-genuss-urlaub-4.jpg\" title=\"25-flachau-sommer-genuss-urlaub-4\"><img decoding=\"async\" data-title=\"Alpsk\u00e9 chu\u0165ov\u00e9 po\u017eitky ve Flachau \u00a9 Flachau Tourismus, Markus Berger\" title=\"Alpsk\u00e9 chu\u0165ov\u00e9 po\u017eitky ve Flachau \u00a9 Flachau Tourismus, Markus Berger\" data-caption=\"Alpsk\u00e9 chu\u0165ov\u00e9 po\u017eitky ve Flachau \u00a9 Flachau Tourismus, Markus Berger\" width=\"1170\" height=\"658\" src=\"https:\/\/www.salzburgerland.com\/cs\/wp-content\/uploads\/2024\/03\/25-flachau-sommer-genuss-urlaub-4-1170x658.jpg\" class=\"attachment-1170_658 size-1170_658\" alt=\"\u010cty\u0159i p\u0159\u00e1tel\u00e9 sed\u00ed venku u d\u0159ev\u011bn\u00e9ho stolu, vychutn\u00e1vaj\u00ed si Flachau kuchyni, p\u0159ip\u00edjej\u00ed si a spole\u010dn\u011b se usm\u00edvaj\u00ed. (Zv\u011bt\u0161en\u00fd pohled)\" srcset=\"https:\/\/www.salzburgerland.com\/cs\/wp-content\/uploads\/2024\/03\/25-flachau-sommer-genuss-urlaub-4-1170x658.jpg 1170w, https:\/\/www.salzburgerland.com\/cs\/wp-content\/uploads\/2024\/03\/25-flachau-sommer-genuss-urlaub-4-1200x675.jpg 1200w\" sizes=\"(max-width: 1170px) 100vw, 1170px\" aria-describedby=\"figcaption-158942-164093\" itemprop=\"thumbnail\"><\/a><\/div>\n\t\t\t\t\t\t<span id=\"figcaption-158942-164093\" class=\"gallery-caption\" itemprop=\"caption\"><span aria-hidden=\"true\">Alpsk\u00e9 chu\u0165ov\u00e9 po\u017eitky ve Flachau \u00a9 Flachau Tourismus, Markus Berger<\/span><\/span>\n\t\t\t\t\t<\/li>\n\t\t\t\t<\/ul>\n\t\t\t<\/div><!-- .gallery -->\n\n<h3>Farm\u00e1\u0159sk\u00fd obchod Flachau<\/h3>\n<p>V obch\u016fdku rodiny Schieferov\u00fdch si m\u016f\u017eete koupit m\u00edstn\u00ed <strong>region\u00e1ln\u00ed produkty<\/strong> t\u00e9 nejlep\u0161\u00ed kvality. Nejen zdej\u0161\u00ed obyvatel\u00e9, ale i host\u00e9 oce\u0148uj\u00ed kvalitn\u00ed potraviny, jako je m\u00e1slo, s\u00fdry, uzeniny, med, \u010daje, sirupy nebo p\u00e1lenku. Hezk\u00fdmi suven\u00fdry, kter\u00e9 ud\u011blaj\u00ed radost, jsou tak\u00e9 v\u00fdrobky z l\u00fdka a plsti, slam\u011bn\u00e9 pantofle, kl\u00ed\u010denky a podobn\u011b.<\/p>\n\n\t\t\t<div id=\"158942-3\" class=\"gallery gallery-158942 gallery-columns-3 gallery-size-1170_658\" itemscope itemtype=\"http:\/\/schema.org\/ImageGallery\">\n\t\t\t\t<ul class=\"gallery-row gallery-col-3 gallery-clear\">\n\t\t\t\t\t<li class=\"gallery-item col-3\" itemprop=\"associatedMedia\" itemscope itemtype=\"http:\/\/schema.org\/ImageObject\">\n\t\t\t\t\t\t<div class=\"gallery-icon landscape\"><a href=\"https:\/\/www.salzburgerland.com\/cs\/wp-content\/uploads\/2024\/03\/csm_dorfladen_-_genussvoll_einkaufen_b8555d52ac.jpg\" title=\"csm_Dorfladen_-_genussvoll_einkaufen_b8555d52ac\"><img decoding=\"async\" data-title=\"Farm\u00e1\u0159sk\u00fd obchod ve Flachau \u00a9 Flachau Tourismus\" title=\"Farm\u00e1\u0159sk\u00fd obchod ve Flachau \u00a9 Flachau Tourismus\" data-caption=\"Farm\u00e1\u0159sk\u00fd obchod ve Flachau \u00a9 Flachau Tourismus\" width=\"1170\" height=\"658\" src=\"https:\/\/www.salzburgerland.com\/cs\/wp-content\/uploads\/2024\/03\/csm_dorfladen_-_genussvoll_einkaufen_b8555d52ac-1170x658.jpg\" class=\"attachment-1170_658 size-1170_658\" alt=\"V obch\u016fdku rodiny Schieferov\u00fdch si m\u016f\u017eete koupit m\u00edstn\u00ed region\u00e1ln\u00ed produkty. (Zv\u011bt\u0161en\u00fd pohled)\" srcset=\"https:\/\/www.salzburgerland.com\/cs\/wp-content\/uploads\/2024\/03\/csm_dorfladen_-_genussvoll_einkaufen_b8555d52ac-1170x658.jpg 1170w, https:\/\/www.salzburgerland.com\/cs\/wp-content\/uploads\/2024\/03\/csm_dorfladen_-_genussvoll_einkaufen_b8555d52ac-1200x675.jpg 1200w\" sizes=\"(max-width: 1170px) 100vw, 1170px\" aria-describedby=\"figcaption-158942-158993\" itemprop=\"thumbnail\"><\/a><\/div>\n\t\t\t\t\t\t<span id=\"figcaption-158942-158993\" class=\"gallery-caption\" itemprop=\"caption\"><span aria-hidden=\"true\">Farm\u00e1\u0159sk\u00fd obchod ve Flachau \u00a9 Flachau Tourismus<\/span><\/span>\n\t\t\t\t\t<\/li>\n\t\t\t\t\t<li class=\"gallery-item col-3\" itemprop=\"associatedMedia\" itemscope itemtype=\"http:\/\/schema.org\/ImageObject\">\n\t\t\t\t\t\t<div class=\"gallery-icon landscape\"><a href=\"https:\/\/www.salzburgerland.com\/cs\/wp-content\/uploads\/2024\/03\/9be4da01-cee2-45e2-8acc-bb39b555f44e.jpeg\" title=\"9be4da01-cee2-45e2-8acc-bb39b555f44e\"><img decoding=\"async\" data-title=\"Vejce, s\u00fdry, ale i dal\u0161\u00ed lok\u00e1ln\u00ed produkty z Flachau \u00a9 Flachau Tourismus\" title=\"Vejce, s\u00fdry, ale i dal\u0161\u00ed lok\u00e1ln\u00ed produkty z Flachau \u00a9 Flachau Tourismus\" data-caption=\"Vejce, s\u00fdry, ale i dal\u0161\u00ed lok\u00e1ln\u00ed produkty z Flachau \u00a9 Flachau Tourismus\" width=\"1170\" height=\"658\" src=\"https:\/\/www.salzburgerland.com\/cs\/wp-content\/uploads\/2024\/03\/9be4da01-cee2-45e2-8acc-bb39b555f44e-1170x658.jpeg\" class=\"attachment-1170_658 size-1170_658\" alt=\"Nejen zdej\u0161\u00ed obyvatel\u00e9, ale i host\u00e9 oce\u0148uj\u00ed ve farm\u00e1\u0159sk\u00e9m obchod\u011b ve Flachau kvalitn\u00ed potraviny, jako je m\u00e1slo, s\u00fdry, uzeniny, med, \u010daje, sirupy nebo p\u00e1lenku. (Zv\u011bt\u0161en\u00fd pohled)\" srcset=\"https:\/\/www.salzburgerland.com\/cs\/wp-content\/uploads\/2024\/03\/9be4da01-cee2-45e2-8acc-bb39b555f44e-1170x658.jpeg 1170w, https:\/\/www.salzburgerland.com\/cs\/wp-content\/uploads\/2024\/03\/9be4da01-cee2-45e2-8acc-bb39b555f44e-1200x675.jpeg 1200w\" sizes=\"(max-width: 1170px) 100vw, 1170px\" aria-describedby=\"figcaption-158942-158990\" itemprop=\"thumbnail\"><\/a><\/div>\n\t\t\t\t\t\t<span id=\"figcaption-158942-158990\" class=\"gallery-caption\" itemprop=\"caption\"><span aria-hidden=\"true\">Vejce, s\u00fdry, ale i dal\u0161\u00ed lok\u00e1ln\u00ed produkty z Flachau \u00a9 Flachau Tourismus<\/span><\/span>\n\t\t\t\t\t<\/li>\n\t\t\t\t\t<li class=\"gallery-item col-3\" itemprop=\"associatedMedia\" itemscope itemtype=\"http:\/\/schema.org\/ImageObject\">\n\t\t\t\t\t\t<div class=\"gallery-icon landscape\"><a href=\"https:\/\/www.salzburgerland.com\/cs\/wp-content\/uploads\/2024\/03\/7ae2687c-5f98-4382-b617-f973cbe8a022.jpeg\" title=\"7ae2687c-5f98-4382-b617-f973cbe8a022\"><img decoding=\"async\" data-title=\"Nejlep\u0161\u00ed suven\u00fdry z Flachau jsou jedl\u00e9 a piteln\u00e9 \u00a9 Flachau Tourismus\" title=\"Nejlep\u0161\u00ed suven\u00fdry z Flachau jsou jedl\u00e9 a piteln\u00e9 \u00a9 Flachau Tourismus\" data-caption=\"Nejlep\u0161\u00ed suven\u00fdry z Flachau jsou jedl\u00e9 a piteln\u00e9 \u00a9 Flachau Tourismus\" width=\"1170\" height=\"658\" src=\"https:\/\/www.salzburgerland.com\/cs\/wp-content\/uploads\/2024\/03\/7ae2687c-5f98-4382-b617-f973cbe8a022-1170x658.jpeg\" class=\"attachment-1170_658 size-1170_658\" alt=\"D\u00e1rkov\u00fd bal\u00ed\u010dek produkt\u016f z Flachau m\u016f\u017eete zakoupit ve zdej\u0161\u00edm farm\u00e1\u0159sk\u00e9m obchod\u011b. (Zv\u011bt\u0161en\u00fd pohled)\" srcset=\"https:\/\/www.salzburgerland.com\/cs\/wp-content\/uploads\/2024\/03\/7ae2687c-5f98-4382-b617-f973cbe8a022-1170x658.jpeg 1170w, https:\/\/www.salzburgerland.com\/cs\/wp-content\/uploads\/2024\/03\/7ae2687c-5f98-4382-b617-f973cbe8a022-1200x675.jpeg 1200w\" sizes=\"(max-width: 1170px) 100vw, 1170px\" aria-describedby=\"figcaption-158942-158989\" itemprop=\"thumbnail\"><\/a><\/div>\n\t\t\t\t\t\t<span id=\"figcaption-158942-158989\" class=\"gallery-caption\" itemprop=\"caption\"><span aria-hidden=\"true\">Nejlep\u0161\u00ed suven\u00fdry z Flachau jsou jedl\u00e9 a piteln\u00e9 \u00a9 Flachau Tourismus<\/span><\/span>\n\t\t\t\t\t<\/li>\n\t\t\t\t<\/ul>\n\t\t\t<\/div><!-- .gallery -->\n\n<h3>Via Culinaria a nejlep\u0161\u00ed adresy ve Flachau<\/h3>\n<p>Projekt \u201e<strong><a href=\"https:\/\/www.salzburgerland.com\/cs\/prehled-tras-via-culinaria\/\">Via Culinaria<\/a><\/strong>\u201c existuje ji\u017e 16 let. Gastronomick\u00fd pr\u016fvodce odkazuje na ty nejlep\u0161\u00ed kulin\u00e1\u0159sk\u00e9 adresy ve v\u0161ech salcbursk\u00fdch regionech. Deset tematick\u00fdch tras (zam\u011b\u0159en\u00fdch na gurm\u00e1ny, milovn\u00edky masa, ryb, s\u00fdr\u016f, bylinek, piva a p\u00e1lenek, pro mlsn\u00e9 jaz\u00fd\u010dky, p\u0159\u00edznivce bio potravin nebo chalup a tradi\u010dn\u00edch hostinc\u016f) je p\u0159ehledn\u011b strukturovan\u00fdch a zaru\u010duje po\u017eitky z alpsk\u00e9 kuchyn\u011b v Salcbursku. V\u0161echna m\u00edsta jsou pe\u010dliv\u011b vyb\u00edr\u00e1na. Aby mohl b\u00fdt podnik nebo v\u00fdrobce zahrnut\u00fd do bro\u017eury \u201eVia Culinaria\u201c, mus\u00ed spl\u0148ovat p\u0159\u00edsn\u00e1 kvalitativn\u00ed krit\u00e9ria v\u010detn\u011b region\u00e1lnosti a autenti\u010dnosti.<\/p>\n<div id=\"attachment_164097\" style=\"width: 1180px\" class=\"wp-caption alignnone\"><img decoding=\"async\" aria-describedby=\"caption-attachment-164097\" class=\"size-1170_658 wp-image-164097\" src=\"https:\/\/www.salzburgerland.com\/cs\/wp-content\/uploads\/2024\/03\/25-flachau-sommer-wandern-berge-23-1170x658.jpg\" alt=\"\u010cty\u0159i p\u0159\u00e1tel\u00e9 se za slune\u010dn\u00e9ho dne d\u011bl\u00ed o j\u00eddlo u piknikov\u00e9ho stolu Flachau kuchyn\u011b p\u0159ed horskou chatou.\" width=\"1170\" height=\"658\" srcset=\"https:\/\/www.salzburgerland.com\/cs\/wp-content\/uploads\/2024\/03\/25-flachau-sommer-wandern-berge-23-1170x658.jpg 1170w, https:\/\/www.salzburgerland.com\/cs\/wp-content\/uploads\/2024\/03\/25-flachau-sommer-wandern-berge-23-1200x675.jpg 1200w\" sizes=\"(max-width: 1170px) 100vw, 1170px\"><p id=\"caption-attachment-164097\" class=\"wp-caption-text\">\u00a9 Flachau Tourismus, Markus Berger<\/p><\/div>\n<h3>Total Lokal: restaurace Hoagascht<\/h3>\n<p>N\u00e1zev tohoto vyhl\u00e1\u0161en\u00e9ho podniku by se dal do \u010de\u0161tiny voln\u011b p\u0159elo\u017eit \u201ena pokec se sousedy a kamar\u00e1dy\u201c. Jako Hoagascht se tak\u00e9 ozna\u010duje lidov\u00e1 z\u00e1bava s muzikou. V p\u0159\u00edpad\u011b t\u00e9to restaurace a streetfoodov\u00e9ho bistra s n\u00e1zvem Umami jde o adresu, kterou byste ve Flachau ur\u010dit\u011b nem\u011bli minout. Provozovatel\u00e9 se dr\u017e\u00ed hesla, \u017ee \u201espokojen\u00fd host je standard, nad\u0161en\u00fd host je ka\u017edodenn\u00ed c\u00edl\u201c, co\u017e mnoh\u00e9 vystihuje. Do pr\u016fvodce Via Culinaria se <a href=\"https:\/\/www.hoagascht-restaurant.at\/\" target=\"_blank\" rel=\"noopener\">Hoagascht <\/a>dostal jako m\u00edsto ov\u011bn\u010den\u00e9 nejr\u016fzn\u011bj\u0161\u00edmi gourmet cenami, a to zejm\u00e9na v ohledu skv\u011bl\u00e9ho zpracov\u00e1n\u00ed masa. Hov\u011bz\u00ed, telata a jeh\u0148ata poch\u00e1zej\u00ed z mal\u00fdch farem v regionu a l\u00e9to tr\u00e1v\u00ed na sv\u011b\u017e\u00edch louk\u00e1ch horsk\u00fdch pastvin. Alpsk\u00fd losos, siven a pstruh jsou z vlastn\u00edch rybn\u00edk\u016f ve Flachauwinklu.<\/p>\n<div id=\"attachment_158995\" style=\"width: 1180px\" class=\"wp-caption alignnone\"><img decoding=\"async\" aria-describedby=\"caption-attachment-158995\" class=\"wp-image-158995 size-1170_658\" src=\"https:\/\/www.salzburgerland.com\/cs\/wp-content\/uploads\/2024\/03\/f6cf1367-d2a8-4ef7-b1e1-3b3c493b3fb4-1170x658.jpeg\" alt=\"Restaurace Hoagascht ve Flachau je jednou z nejlep\u0161\u00edch kulin\u00e1\u0159sk\u00fdch adres zm\u00edn\u011bn\u00fdch v bedekru Via Culinaria. \" width=\"1170\" height=\"658\" srcset=\"https:\/\/www.salzburgerland.com\/cs\/wp-content\/uploads\/2024\/03\/f6cf1367-d2a8-4ef7-b1e1-3b3c493b3fb4-1170x658.jpeg 1170w, https:\/\/www.salzburgerland.com\/cs\/wp-content\/uploads\/2024\/03\/f6cf1367-d2a8-4ef7-b1e1-3b3c493b3fb4-1200x675.jpeg 1200w\" sizes=\"(max-width: 1170px) 100vw, 1170px\"><p id=\"caption-attachment-158995\" class=\"wp-caption-text\">V Hoagascht ve Flachau si p\u0159ijdou na sv\u00e9 i milovn\u00edci hov\u011bz\u00edho \u00a9 hoagascht-restaurant.at<\/p><\/div>\n<p>Ve Flachauwinkelu tak\u00e9 najdete \u00fa\u017easnou <a href=\"http:\/\/www.burgstallhuette.com\/\" target=\"_blank\" rel=\"noopener\"><strong>Burgstall-H\u00fctte<\/strong><\/a>, kter\u00e1 je jednou z nejkr\u00e1sn\u011bj\u0161\u00edch ly\u017ea\u0159sk\u00fdch chalup v regionu. Impozantn\u00ed v\u00fdhledy a skv\u011blou kuchyni si ale u\u017eijete i v letn\u00edch m\u011bs\u00edc\u00edch. Jedn\u00e1 se o chalupu s dlouhou histori\u00ed. Poprv\u00e9 byla zm\u00edn\u011bna u\u017e v roce 1634. D\u00e1vali si tady pauzu horn\u00edci a pozd\u011bji byla provozov\u00e1na jako horsk\u00e1 chata s vyhl\u00eddkovou terasou. Zdej\u0161\u00ed legend\u00e1rn\u00ed specialitou se stala vydatn\u00e1 pol\u00e9vka s n\u00e1zvem <strong>O-POWER SUPPENTOPF<\/strong> s hov\u011bz\u00edm masem, zeleninou a \u010do\u010dkou.<\/p>\n<div id=\"attachment_159045\" style=\"width: 459px\" class=\"wp-caption alignnone\"><img decoding=\"async\" aria-describedby=\"caption-attachment-159045\" class=\"wp-image-159045\" src=\"https:\/\/www.salzburgerland.com\/cs\/wp-content\/uploads\/2024\/03\/suppentopf.jpg\" alt=\"Vydatn\u00e1 pol\u00e9vka O Power Suppentopf je recept vyhl\u00e1\u0161en\u00fdch kucha\u0159\u016f Obauerov\u00fdch. Jedn\u00e1 se o v\u00fdvar s masem, zeleninou a lu\u0161t\u011bninami.\" width=\"449\" height=\"299\"><p id=\"caption-attachment-159045\" class=\"wp-caption-text\">Vydatn\u00e1 pol\u00e9vka O Power Suppentopf \u00a9 SalzburgerLand Tourismus<\/p><\/div>\n<h3>Dal\u0161\u00ed tipy:<\/h3>\n<ul>\n<li>Dampfkessel<\/li>\n<li>Herzerlalm<\/li>\n<li>Hofstadl<\/li>\n<li>Zum Holzwurm<\/li>\n<li>Gourmethotel Montanara<\/li>\n<li>Sch\u00fcttalm (Skigebiet Flachauwinkl-Kleinarl)<\/li>\n<li>Hotel &amp; Wiaz\u2019haus Winterbauer<\/li>\n<li>Hotel Wieseneck<\/li>\n<\/ul>\n<h3><span style=\"background-color: rgba(46, 146, 255, 0.17);\">Speciality z regionu Pongau<\/span><\/h3>\n<p>Skv\u011bl\u00e9 j\u00eddlo, rakousk\u00e9 v\u00edno, to je \u010dist\u00fd po\u017eitek. Vyzkou\u0161et m\u016f\u017eete ale i n\u011bco \u201eost\u0159ej\u0161\u00edho\u201c. Nejkvalitn\u011bj\u0161\u00ed whisky, giny nebo p\u00e1lenky. To v\u0161e p\u0159ipravuje s velkou l\u00e1skou a pe\u010dlivost\u00ed ji\u017e po desetilet\u00ed rodina Warterov\u00fdch na statku <a href=\"https:\/\/www.salzburgerland.com\/cs\/salcbursky-sportovni-svet-vylety-atrakce-a-pamatky\/\"><strong>Mandlberggut<\/strong><\/a>, zhruba 20 km od Flachau. Vznikaj\u00ed tady skvosty jako jemn\u00fd, rub\u00ednov\u011b \u010derven\u00fd, borovicov\u00fd lik\u00e9r z \u0161i\u0161ek, kter\u00e9 se sb\u00edraj\u00ed v nadmo\u0159sk\u00e9 v\u00fd\u0161ce okolo 2000 metr\u016f. Opravdovou specialitou pro ty nejv\u011bt\u0161\u00ed fajn\u0161mekry, je exkluzivn\u00ed, o\u010d\u00edslovan\u00e1 limitovan\u00e1 edice Dachstein Whisky. V <strong>kav\u00e1rn\u011b<\/strong> Mandlberggut se tak\u00e9 skv\u011ble naj\u00edte a rozhodn\u011b doporu\u010dujeme ochutnat dom\u00e1c\u00ed dezerty.<\/p>\n","protected":false},"excerpt":{"rendered":"<p>Z kulin\u00e1\u0159sk\u00e9ho hlediska jsou na p\u0159edn\u00edch m\u00edstech j\u00eddeln\u00edch l\u00edstk\u016f flachausk\u00fdch restaurac\u00ed a hostinc\u016f typick\u00e9 rakousk\u00e9 speciality, n\u00e1sledovan\u00e9 modern\u00ed mezin\u00e1rodn\u00ed kuchyn\u00ed. Ob\u011b varianty tady um\u00ed skv\u011ble. Od sva\u010din na d\u0159ev\u011bn\u00e9m prk\u00e9nku na sala\u0161i, a\u017e po ve\u010dern\u00ed fine dining menu v restauraci. Na statku Hundsalzhof ochutn\u00e1te dom\u00e1c\u00ed bio ml\u00e9\u010dn\u00e9 v\u00fdrobky a u\u017eijete si v\u00fdhled na cel\u00e9 \u00fadol\u00ed [&hellip;]<\/p>\n","protected":false},"author":6,"featured_media":164098,"comment_status":"closed","ping_status":"closed","sticky":false,"template":"","format":"standard","meta":{"_acf_changed":false,"wl_entities_gutenberg":"","_relevanssi_hide_post":"","_relevanssi_hide_content":"","_relevanssi_pin_for_all":"","_relevanssi_pin_keywords":"","_relevanssi_unpin_keywords":"","_relevanssi_related_keywords":"","_relevanssi_related_include_ids":"","_relevanssi_related_exclude_ids":"","_relevanssi_related_no_append":"","_relevanssi_related_not_related":"","_relevanssi_related_posts":"","_relevanssi_noindex_reason":"","footnotes":""},"categories":[1],"tags":[],"wl_entity_type":[706],"class_list":["post-158942","post","type-post","status-publish","format-standard","has-post-thumbnail","hentry","category-uncategorized","wl_entity_type-article"],"acf":[],"yoast_head":"<!-- This site is optimized with the Yoast SEO Premium plugin v27.4 (Yoast SEO v27.4) - https:\/\/yoast.com\/product\/yoast-seo-premium-wordpress\/ -->\n<title>Kuchyn\u011b ve Flachau \u00bb SalzburgerLand.com<\/title>\n<meta name=\"robots\" content=\"index, follow, max-snippet:-1, max-image-preview:large, max-video-preview:-1\" \/>\n<link rel=\"canonical\" href=\"https:\/\/www.salzburgerland.com\/cs\/flachau-kuchyne\/\" \/>\n<meta property=\"og:locale\" content=\"cs_CZ\" \/>\n<meta property=\"og:type\" content=\"article\" \/>\n<meta property=\"og:title\" content=\"Kuchyn\u011b ve Flachau\" \/>\n<meta property=\"og:description\" content=\"Z kulin\u00e1\u0159sk\u00e9ho hlediska jsou na p\u0159edn\u00edch m\u00edstech j\u00eddeln\u00edch l\u00edstk\u016f flachausk\u00fdch restaurac\u00ed a hostinc\u016f typick\u00e9 rakousk\u00e9 speciality, n\u00e1sledovan\u00e9 modern\u00ed\" \/>\n<meta property=\"og:url\" content=\"https:\/\/www.salzburgerland.com\/cs\/flachau-kuchyne\/\" \/>\n<meta property=\"og:site_name\" content=\"SalzburgerLand.com\" \/>\n<meta property=\"article:publisher\" content=\"https:\/\/www.facebook.com\/visitsalzburgerland\/\" \/>\n<meta property=\"article:published_time\" content=\"2024-03-13T15:22:36+00:00\" \/>\n<meta property=\"article:modified_time\" content=\"2026-03-04T21:54:39+00:00\" \/>\n<meta property=\"og:image\" content=\"https:\/\/www.salzburgerland.com\/cs\/wp-content\/uploads\/2024\/03\/25-flachau-sommer-wandern-berge-25-1200x675.jpg\" \/>\n\t<meta property=\"og:image:width\" content=\"1200\" \/>\n\t<meta property=\"og:image:height\" content=\"675\" \/>\n\t<meta property=\"og:image:type\" content=\"image\/jpeg\" \/>\n<meta name=\"author\" content=\"Andrea \u017d\u00e1\u010dkov\u00e1\" \/>\n<meta name=\"twitter:card\" content=\"summary_large_image\" \/>\n<meta name=\"twitter:creator\" content=\"@salzburgerland\" \/>\n<meta name=\"twitter:site\" content=\"@salzburgerland\" \/>\n<meta name=\"twitter:label1\" content=\"Napsal(a)\" \/>\n\t<meta name=\"twitter:data1\" content=\"Andrea \u017d\u00e1\u010dkov\u00e1\" \/>\n\t<meta name=\"twitter:label2\" content=\"Odhadovan\u00e1 doba \u010dten\u00ed\" \/>\n\t<meta name=\"twitter:data2\" content=\"6 minut\" \/>\n<script type=\"application\/ld+json\" class=\"yoast-schema-graph\">{\"@context\":\"https:\\\/\\\/schema.org\",\"@graph\":[{\"@type\":\"Article\",\"@id\":\"https:\\\/\\\/www.salzburgerland.com\\\/cs\\\/flachau-kuchyne\\\/#article\",\"isPartOf\":{\"@id\":\"https:\\\/\\\/www.salzburgerland.com\\\/cs\\\/flachau-kuchyne\\\/\"},\"author\":{\"name\":\"Andrea \u017d\u00e1\u010dkov\u00e1\",\"@id\":\"https:\\\/\\\/www.salzburgerland.com\\\/cs\\\/#\\\/schema\\\/person\\\/dd42a4661897004df109095dbf40eeff\"},\"headline\":\"Kuchyn\u011b ve Flachau\",\"datePublished\":\"2024-03-13T15:22:36+00:00\",\"dateModified\":\"2026-03-04T21:54:39+00:00\",\"mainEntityOfPage\":{\"@id\":\"https:\\\/\\\/www.salzburgerland.com\\\/cs\\\/flachau-kuchyne\\\/\"},\"wordCount\":879,\"image\":{\"@id\":\"https:\\\/\\\/www.salzburgerland.com\\\/cs\\\/flachau-kuchyne\\\/#primaryimage\"},\"thumbnailUrl\":\"https:\\\/\\\/www.salzburgerland.com\\\/cs\\\/wp-content\\\/uploads\\\/2024\\\/03\\\/25-flachau-sommer-wandern-berge-25.jpg\",\"articleSection\":[\"Uncategorized\"],\"inLanguage\":\"cs\"},{\"@type\":\"WebPage\",\"@id\":\"https:\\\/\\\/www.salzburgerland.com\\\/cs\\\/flachau-kuchyne\\\/\",\"url\":\"https:\\\/\\\/www.salzburgerland.com\\\/cs\\\/flachau-kuchyne\\\/\",\"name\":\"Kuchyn\u011b ve Flachau \u00bb SalzburgerLand.com\",\"isPartOf\":{\"@id\":\"https:\\\/\\\/www.salzburgerland.com\\\/cs\\\/#website\"},\"primaryImageOfPage\":{\"@id\":\"https:\\\/\\\/www.salzburgerland.com\\\/cs\\\/flachau-kuchyne\\\/#primaryimage\"},\"image\":{\"@id\":\"https:\\\/\\\/www.salzburgerland.com\\\/cs\\\/flachau-kuchyne\\\/#primaryimage\"},\"thumbnailUrl\":\"https:\\\/\\\/www.salzburgerland.com\\\/cs\\\/wp-content\\\/uploads\\\/2024\\\/03\\\/25-flachau-sommer-wandern-berge-25.jpg\",\"datePublished\":\"2024-03-13T15:22:36+00:00\",\"dateModified\":\"2026-03-04T21:54:39+00:00\",\"author\":{\"@id\":\"https:\\\/\\\/www.salzburgerland.com\\\/cs\\\/#\\\/schema\\\/person\\\/dd42a4661897004df109095dbf40eeff\"},\"description\":\"Co m\u016f\u017eete ochutnat ve Flachau? M\u00e1me pro v\u00e1s tipy na ta nejlep\u0161\u00ed m\u00edsta, kde se nejen dob\u0159e va\u0159\u00ed.\",\"breadcrumb\":{\"@id\":\"https:\\\/\\\/www.salzburgerland.com\\\/cs\\\/flachau-kuchyne\\\/#breadcrumb\"},\"inLanguage\":\"cs\",\"potentialAction\":[{\"@type\":\"ReadAction\",\"target\":[\"https:\\\/\\\/www.salzburgerland.com\\\/cs\\\/flachau-kuchyne\\\/\"]}]},{\"@type\":\"ImageObject\",\"inLanguage\":\"cs\",\"@id\":\"https:\\\/\\\/www.salzburgerland.com\\\/cs\\\/flachau-kuchyne\\\/#primaryimage\",\"url\":\"https:\\\/\\\/www.salzburgerland.com\\\/cs\\\/wp-content\\\/uploads\\\/2024\\\/03\\\/25-flachau-sommer-wandern-berge-25.jpg\",\"contentUrl\":\"https:\\\/\\\/www.salzburgerland.com\\\/cs\\\/wp-content\\\/uploads\\\/2024\\\/03\\\/25-flachau-sommer-wandern-berge-25.jpg\",\"width\":1600,\"height\":1067,\"caption\":\"Kuchyn\u011b a region\u00e1ln\u00ed speciality Flachau \u00a9 Flachau Tourismus, Markus Berger\"},{\"@type\":\"BreadcrumbList\",\"@id\":\"https:\\\/\\\/www.salzburgerland.com\\\/cs\\\/flachau-kuchyne\\\/#breadcrumb\",\"itemListElement\":[{\"@type\":\"ListItem\",\"position\":1,\"name\":\"Flachau v l\u00e9t\u011b\",\"item\":\"https:\\\/\\\/www.salzburgerland.com\\\/cs\\\/flachau-v-lete\\\/\"},{\"@type\":\"ListItem\",\"position\":2,\"name\":\"Kuchyn\u011b ve Flachau\"}]},{\"@type\":\"WebSite\",\"@id\":\"https:\\\/\\\/www.salzburgerland.com\\\/cs\\\/#website\",\"url\":\"https:\\\/\\\/www.salzburgerland.com\\\/cs\\\/\",\"name\":\"SalzburgerLand.com\",\"description\":\"Va\u0161e dovolen\u00e1 v Salcburku, Rakousko\",\"potentialAction\":[{\"@type\":\"SearchAction\",\"target\":{\"@type\":\"EntryPoint\",\"urlTemplate\":\"https:\\\/\\\/www.salzburgerland.com\\\/cs\\\/?s={search_term_string}\"},\"query-input\":{\"@type\":\"PropertyValueSpecification\",\"valueRequired\":true,\"valueName\":\"search_term_string\"}}],\"inLanguage\":\"cs\"},{\"@type\":\"Person\",\"@id\":\"https:\\\/\\\/www.salzburgerland.com\\\/cs\\\/#\\\/schema\\\/person\\\/dd42a4661897004df109095dbf40eeff\",\"name\":\"Andrea \u017d\u00e1\u010dkov\u00e1\",\"image\":{\"@type\":\"ImageObject\",\"inLanguage\":\"cs\",\"@id\":\"https:\\\/\\\/secure.gravatar.com\\\/avatar\\\/338deec8d231d56d0ab7b2b7d6d0aedbcb3eb05390f6c027fd5b7ebe87b67dbf?s=96&d=mm&r=g\",\"url\":\"https:\\\/\\\/secure.gravatar.com\\\/avatar\\\/338deec8d231d56d0ab7b2b7d6d0aedbcb3eb05390f6c027fd5b7ebe87b67dbf?s=96&d=mm&r=g\",\"contentUrl\":\"https:\\\/\\\/secure.gravatar.com\\\/avatar\\\/338deec8d231d56d0ab7b2b7d6d0aedbcb3eb05390f6c027fd5b7ebe87b67dbf?s=96&d=mm&r=g\",\"caption\":\"Andrea \u017d\u00e1\u010dkov\u00e1\"}}]}<\/script>\n<!-- \/ Yoast SEO Premium plugin. -->","yoast_head_json":{"title":"Kuchyn\u011b ve Flachau \u00bb SalzburgerLand.com","robots":{"index":"index","follow":"follow","max-snippet":"max-snippet:-1","max-image-preview":"max-image-preview:large","max-video-preview":"max-video-preview:-1"},"canonical":"https:\/\/www.salzburgerland.com\/cs\/flachau-kuchyne\/","og_locale":"cs_CZ","og_type":"article","og_title":"Kuchyn\u011b ve Flachau","og_description":"Z kulin\u00e1\u0159sk\u00e9ho hlediska jsou na p\u0159edn\u00edch m\u00edstech j\u00eddeln\u00edch l\u00edstk\u016f flachausk\u00fdch restaurac\u00ed a hostinc\u016f typick\u00e9 rakousk\u00e9 speciality, n\u00e1sledovan\u00e9 modern\u00ed","og_url":"https:\/\/www.salzburgerland.com\/cs\/flachau-kuchyne\/","og_site_name":"SalzburgerLand.com","article_publisher":"https:\/\/www.facebook.com\/visitsalzburgerland\/","article_published_time":"2024-03-13T15:22:36+00:00","article_modified_time":"2026-03-04T21:54:39+00:00","og_image":[{"width":1200,"height":675,"url":"https:\/\/www.salzburgerland.com\/cs\/wp-content\/uploads\/2024\/03\/25-flachau-sommer-wandern-berge-25-1200x675.jpg","type":"image\/jpeg"}],"author":"Andrea \u017d\u00e1\u010dkov\u00e1","twitter_card":"summary_large_image","twitter_creator":"@salzburgerland","twitter_site":"@salzburgerland","twitter_misc":{"Napsal(a)":"Andrea \u017d\u00e1\u010dkov\u00e1","Odhadovan\u00e1 doba \u010dten\u00ed":"6 minut"},"schema":{"@context":"https:\/\/schema.org","@graph":[{"@type":"Article","@id":"https:\/\/www.salzburgerland.com\/cs\/flachau-kuchyne\/#article","isPartOf":{"@id":"https:\/\/www.salzburgerland.com\/cs\/flachau-kuchyne\/"},"author":{"name":"Andrea \u017d\u00e1\u010dkov\u00e1","@id":"https:\/\/www.salzburgerland.com\/cs\/#\/schema\/person\/dd42a4661897004df109095dbf40eeff"},"headline":"Kuchyn\u011b ve Flachau","datePublished":"2024-03-13T15:22:36+00:00","dateModified":"2026-03-04T21:54:39+00:00","mainEntityOfPage":{"@id":"https:\/\/www.salzburgerland.com\/cs\/flachau-kuchyne\/"},"wordCount":879,"image":{"@id":"https:\/\/www.salzburgerland.com\/cs\/flachau-kuchyne\/#primaryimage"},"thumbnailUrl":"https:\/\/www.salzburgerland.com\/cs\/wp-content\/uploads\/2024\/03\/25-flachau-sommer-wandern-berge-25.jpg","articleSection":["Uncategorized"],"inLanguage":"cs"},{"@type":"WebPage","@id":"https:\/\/www.salzburgerland.com\/cs\/flachau-kuchyne\/","url":"https:\/\/www.salzburgerland.com\/cs\/flachau-kuchyne\/","name":"Kuchyn\u011b ve Flachau \u00bb SalzburgerLand.com","isPartOf":{"@id":"https:\/\/www.salzburgerland.com\/cs\/#website"},"primaryImageOfPage":{"@id":"https:\/\/www.salzburgerland.com\/cs\/flachau-kuchyne\/#primaryimage"},"image":{"@id":"https:\/\/www.salzburgerland.com\/cs\/flachau-kuchyne\/#primaryimage"},"thumbnailUrl":"https:\/\/www.salzburgerland.com\/cs\/wp-content\/uploads\/2024\/03\/25-flachau-sommer-wandern-berge-25.jpg","datePublished":"2024-03-13T15:22:36+00:00","dateModified":"2026-03-04T21:54:39+00:00","author":{"@id":"https:\/\/www.salzburgerland.com\/cs\/#\/schema\/person\/dd42a4661897004df109095dbf40eeff"},"description":"Co m\u016f\u017eete ochutnat ve Flachau? M\u00e1me pro v\u00e1s tipy na ta nejlep\u0161\u00ed m\u00edsta, kde se nejen dob\u0159e va\u0159\u00ed.","breadcrumb":{"@id":"https:\/\/www.salzburgerland.com\/cs\/flachau-kuchyne\/#breadcrumb"},"inLanguage":"cs","potentialAction":[{"@type":"ReadAction","target":["https:\/\/www.salzburgerland.com\/cs\/flachau-kuchyne\/"]}]},{"@type":"ImageObject","inLanguage":"cs","@id":"https:\/\/www.salzburgerland.com\/cs\/flachau-kuchyne\/#primaryimage","url":"https:\/\/www.salzburgerland.com\/cs\/wp-content\/uploads\/2024\/03\/25-flachau-sommer-wandern-berge-25.jpg","contentUrl":"https:\/\/www.salzburgerland.com\/cs\/wp-content\/uploads\/2024\/03\/25-flachau-sommer-wandern-berge-25.jpg","width":1600,"height":1067,"caption":"Kuchyn\u011b a region\u00e1ln\u00ed speciality Flachau \u00a9 Flachau Tourismus, Markus Berger"},{"@type":"BreadcrumbList","@id":"https:\/\/www.salzburgerland.com\/cs\/flachau-kuchyne\/#breadcrumb","itemListElement":[{"@type":"ListItem","position":1,"name":"Flachau v l\u00e9t\u011b","item":"https:\/\/www.salzburgerland.com\/cs\/flachau-v-lete\/"},{"@type":"ListItem","position":2,"name":"Kuchyn\u011b ve Flachau"}]},{"@type":"WebSite","@id":"https:\/\/www.salzburgerland.com\/cs\/#website","url":"https:\/\/www.salzburgerland.com\/cs\/","name":"SalzburgerLand.com","description":"Va\u0161e dovolen\u00e1 v Salcburku, Rakousko","potentialAction":[{"@type":"SearchAction","target":{"@type":"EntryPoint","urlTemplate":"https:\/\/www.salzburgerland.com\/cs\/?s={search_term_string}"},"query-input":{"@type":"PropertyValueSpecification","valueRequired":true,"valueName":"search_term_string"}}],"inLanguage":"cs"},{"@type":"Person","@id":"https:\/\/www.salzburgerland.com\/cs\/#\/schema\/person\/dd42a4661897004df109095dbf40eeff","name":"Andrea \u017d\u00e1\u010dkov\u00e1","image":{"@type":"ImageObject","inLanguage":"cs","@id":"https:\/\/secure.gravatar.com\/avatar\/338deec8d231d56d0ab7b2b7d6d0aedbcb3eb05390f6c027fd5b7ebe87b67dbf?s=96&d=mm&r=g","url":"https:\/\/secure.gravatar.com\/avatar\/338deec8d231d56d0ab7b2b7d6d0aedbcb3eb05390f6c027fd5b7ebe87b67dbf?s=96&d=mm&r=g","contentUrl":"https:\/\/secure.gravatar.com\/avatar\/338deec8d231d56d0ab7b2b7d6d0aedbcb3eb05390f6c027fd5b7ebe87b67dbf?s=96&d=mm&r=g","caption":"Andrea \u017d\u00e1\u010dkov\u00e1"}}]}},"_wl_alt_label":[],"wl:entity_url":"http:\/\/open.salzburgerland.com\/cs\/post\/flachau-kuchyne-158942","_links":{"self":[{"href":"https:\/\/www.salzburgerland.com\/cs\/wp-json\/wp\/v2\/posts\/158942","targetHints":{"allow":["GET"]}}],"collection":[{"href":"https:\/\/www.salzburgerland.com\/cs\/wp-json\/wp\/v2\/posts"}],"about":[{"href":"https:\/\/www.salzburgerland.com\/cs\/wp-json\/wp\/v2\/types\/post"}],"author":[{"embeddable":true,"href":"https:\/\/www.salzburgerland.com\/cs\/wp-json\/wp\/v2\/users\/6"}],"replies":[{"embeddable":true,"href":"https:\/\/www.salzburgerland.com\/cs\/wp-json\/wp\/v2\/comments?post=158942"}],"version-history":[{"count":9,"href":"https:\/\/www.salzburgerland.com\/cs\/wp-json\/wp\/v2\/posts\/158942\/revisions"}],"predecessor-version":[{"id":164101,"href":"https:\/\/www.salzburgerland.com\/cs\/wp-json\/wp\/v2\/posts\/158942\/revisions\/164101"}],"wp:featuredmedia":[{"embeddable":true,"href":"https:\/\/www.salzburgerland.com\/cs\/wp-json\/wp\/v2\/media\/164098"}],"wp:attachment":[{"href":"https:\/\/www.salzburgerland.com\/cs\/wp-json\/wp\/v2\/media?parent=158942"}],"wp:term":[{"taxonomy":"category","embeddable":true,"href":"https:\/\/www.salzburgerland.com\/cs\/wp-json\/wp\/v2\/categories?post=158942"},{"taxonomy":"post_tag","embeddable":true,"href":"https:\/\/www.salzburgerland.com\/cs\/wp-json\/wp\/v2\/tags?post=158942"},{"taxonomy":"wl_entity_type","embeddable":true,"href":"https:\/\/www.salzburgerland.com\/cs\/wp-json\/wp\/v2\/wl_entity_type?post=158942"}],"curies":[{"name":"wp","href":"https:\/\/api.w.org\/{rel}","templated":true}]}}