{"id":158572,"date":"2023-11-30T15:54:01","date_gmt":"2023-11-30T14:54:01","guid":{"rendered":"https:\/\/www.salzburgerland.com\/cs\/?p=158572"},"modified":"2023-12-01T08:25:14","modified_gmt":"2023-12-01T07:25:14","slug":"pinzgausky-bachlkoch","status":"publish","type":"post","link":"https:\/\/www.salzburgerland.com\/cs\/pinzgausky-bachlkoch\/","title":{"rendered":"Pinzgausk\u00fd Bachlkoch"},"content":{"rendered":"<p>Na ob\u011bd se \u010dasto pod\u00e1v\u00e1 takzvan\u00fd <strong>Pinzgausk\u00fd Bachlkoch<\/strong>. Kdy\u017e se v salcbursk\u00e9m regionu Pinzgau hovo\u0159\u00ed o dni \u201eBachltag\u201c, mysl\u00ed se t\u00edm \u0160t\u011bdr\u00fd den. \u201eBach\u00f6t\u00e5g\u201c je zde \u00fazce spjat se star\u00fdmi tradicemi, kter\u00e9 se v mnoha rodin\u00e1ch dodr\u017euj\u00ed dodnes. Existuje n\u011bkolik variant p\u016fvodu slova, stejn\u011b jako pravopis: Bachl, Bachi nebo Bache. N\u011bkte\u0159\u00ed ho odvozuj\u00ed od por\u00e1\u017eky prasete (Bache) na v\u00e1no\u010dn\u00ed sv\u00e1tky. Dal\u0161\u00ed odkazuj\u00ed na kov\u00e1\u0159e, kte\u0159\u00ed vyu\u017e\u00edvali s\u00edlu vody z potok\u016f (Bach) k pr\u00e1ci s brusn\u00fdmi kameny, proto\u017ee 24. prosince se brousily v\u0161echny no\u017ee v dom\u00e1cnosti, jin\u00ed si n\u00e1zev spojuj\u00ed s poho\u0161t\u011bn\u00edm pro mytick\u00e9 postavy Perchty.<\/p>\n<p>D\u0159\u00edve se na statc\u00edch v\u00a0Alp\u00e1ch na \u0160t\u011bdr\u00fd den p\u0159ipravovala j\u00eddla z\u00a0ml\u00e9ka nebo tvarohu, ne\u017e se \u0161lo odpoledne do st\u00e1j\u00ed. V\u00a0Pinzgau se pekly \u201ePfannen\u201c nebo \u201eRohrnudln\u201c z\u00a0kynut\u00e9ho t\u011bsta. Teplo a v\u016fn\u011b pe\u010diva napl\u0148ovaly sv\u011btnice sv\u00e1te\u010dn\u00ed atmosf\u00e9rou. Vzhledem k\u00a0tomu, \u017ee je 24. prosinec vlastn\u011b st\u00e1le pova\u017eov\u00e1n za <strong>postn\u00ed den<\/strong>, Bachlkoch se dodnes v\u00a0mnoha pinzgausk\u00fdch dom\u00e1cnostech pod\u00e1v\u00e1 jako rodinn\u00fd ob\u011bd. Pokrm je velmi snadn\u00fd na p\u0159\u00edpravu, ale tak\u00e9 syt\u00fd.\u00a0Rozpis surovin je uveden pro 4 osoby.<\/p>\n<h3>Co budete pot\u0159ebovat:<\/h3>\n<ul>\n<li>1 litr ml\u00e9ka nebo vody (nebo 1\/8 l ml\u00e9ka a 1\/8 l vody).<\/li>\n<li>80 g mouky<\/li>\n<li>\u0161petka soli<\/li>\n<li>4 l\u017e\u00edce m\u00e1sla<\/li>\n<\/ul>\n<h3>Jak na to:<\/h3>\n<p>Ml\u00e9ko p\u0159ive\u010fte k varu a pak do n\u011bj pomoc\u00ed s\u00edta a metli\u010dky pomalu p\u0159isyp\u00e1vejte mouku, aby se netvo\u0159ily hrudky. Kdy\u017e \u201eKoch\u201c (ka\u0161e) zhoustne, znovu ji p\u0159ive\u010fte k varu a sm\u00edchejte se \u0161petkou soli a l\u017e\u00edc\u00ed m\u00e1sla. Podle chuti m\u016f\u017eete p\u0159idat med. Jeho p\u0159id\u00e1v\u00e1n\u00ed se v\u0161ak v\u00a0r\u016fzn\u00fdch dom\u00e1cnostech li\u0161\u00ed a n\u011bkdy se m\u00edsto n\u011bho pou\u017e\u00edv\u00e1 i zkaramelizovan\u00fd cukr.<\/p>\n\n\t\t\t<div id=\"158572-1\" class=\"gallery gallery-158572 gallery-columns-3 gallery-size-1170_658\" itemscope itemtype=\"http:\/\/schema.org\/ImageGallery\">\n\t\t\t\t<ul class=\"gallery-row gallery-col-3 gallery-clear\">\n\t\t\t\t\t<li class=\"gallery-item col-3\" itemprop=\"associatedMedia\" itemscope itemtype=\"http:\/\/schema.org\/ImageObject\">\n\t\t\t\t\t\t<div class=\"gallery-icon landscape\"><a href=\"https:\/\/www.salzburgerland.com\/cs\/wp-content\/uploads\/2023\/11\/img_5174-1280x1024-1.jpg\" title=\"IMG_5174-1280x1024\"><img decoding=\"async\" data-title=\"Ml\u00e9ko, mouka, m\u00e1slo a med. Hlavn\u00ed ingredience ka\u0161e Bachlkoch \u00a9 Salzburgerland Tourismus\" title=\"Ml\u00e9ko, mouka, m\u00e1slo a med. Hlavn\u00ed ingredience ka\u0161e Bachlkoch \u00a9 Salzburgerland Tourismus\" data-caption=\"Ml\u00e9ko, mouka, m\u00e1slo a med. Hlavn\u00ed ingredience ka\u0161e Bachlkoch \u00a9 Salzburgerland Tourismus\" width=\"1170\" height=\"658\" src=\"https:\/\/www.salzburgerland.com\/cs\/wp-content\/uploads\/2023\/11\/img_5174-1280x1024-1-1170x658.jpg\" class=\"attachment-1170_658 size-1170_658\" alt=\"Ml\u00e9ko, mouka, m\u00e1slo a med. Hlavn\u00ed ingredience ka\u0161e Bachlkoch (Zv\u011bt\u0161en\u00fd pohled)\" srcset=\"https:\/\/www.salzburgerland.com\/cs\/wp-content\/uploads\/2023\/11\/img_5174-1280x1024-1-1170x658.jpg 1170w, https:\/\/www.salzburgerland.com\/cs\/wp-content\/uploads\/2023\/11\/img_5174-1280x1024-1-1200x675.jpg 1200w\" sizes=\"(max-width: 1170px) 100vw, 1170px\" aria-describedby=\"figcaption-158572-158612\" itemprop=\"thumbnail\"><\/a><\/div>\n\t\t\t\t\t\t<span id=\"figcaption-158572-158612\" class=\"gallery-caption\" itemprop=\"caption\"><span aria-hidden=\"true\">Ml\u00e9ko, mouka, m\u00e1slo a med. Hlavn\u00ed ingredience ka\u0161e Bachlkoch \u00a9 Salzburgerland Tourismus<\/span><\/span>\n\t\t\t\t\t<\/li>\n\t\t\t\t\t<li class=\"gallery-item col-3\" itemprop=\"associatedMedia\" itemscope itemtype=\"http:\/\/schema.org\/ImageObject\">\n\t\t\t\t\t\t<div class=\"gallery-icon landscape\"><a href=\"https:\/\/www.salzburgerland.com\/cs\/wp-content\/uploads\/2023\/11\/img_5184-1280x1024-1-1170x658-jpg.webp\" title=\"img_5184-1280x1024-1-1170x658.jpg\"><img decoding=\"async\" data-title=\"Ve sm\u011bsi mouky a ml\u00e9ka se rozpust\u00ed m\u00e1slo \u00a9 Salzburgerland Tourismus\" title=\"Ve sm\u011bsi mouky a ml\u00e9ka se rozpust\u00ed m\u00e1slo \u00a9 Salzburgerland Tourismus\" data-caption=\"Ve sm\u011bsi mouky a ml\u00e9ka se rozpust\u00ed m\u00e1slo \u00a9 Salzburgerland Tourismus\" width=\"1170\" height=\"658\" src=\"https:\/\/www.salzburgerland.com\/cs\/wp-content\/uploads\/2023\/11\/img_5184-1280x1024-1-1170x658-jpg.webp\" class=\"attachment-1170_658 size-1170_658\" alt=\"V hrnci se zah\u0159\u00edv\u00e1 ml\u00e9ko s moukou, do kter\u00e9ho pak p\u0159ijde na kosti\u010dky nakr\u00e1jen\u00e9 zm\u011bkl\u00e9 m\u00e1slo. (Zv\u011bt\u0161en\u00fd pohled)\" srcset=\"https:\/\/www.salzburgerland.com\/cs\/wp-content\/uploads\/2023\/11\/img_5184-1280x1024-1-1170x658-jpg.webp 1170w, https:\/\/www.salzburgerland.com\/cs\/wp-content\/uploads\/2023\/11\/img_5184-1280x1024-1-1170x658-jpg-768x432.webp 768w\" sizes=\"(max-width: 1170px) 100vw, 1170px\" aria-describedby=\"figcaption-158572-158617\" itemprop=\"thumbnail\"><\/a><\/div>\n\t\t\t\t\t\t<span id=\"figcaption-158572-158617\" class=\"gallery-caption\" itemprop=\"caption\"><span aria-hidden=\"true\">Ve sm\u011bsi mouky a ml\u00e9ka se rozpust\u00ed m\u00e1slo \u00a9 Salzburgerland Tourismus<\/span><\/span>\n\t\t\t\t\t<\/li>\n\t\t\t\t\t<li class=\"gallery-item col-3\" itemprop=\"associatedMedia\" itemscope itemtype=\"http:\/\/schema.org\/ImageObject\">\n\t\t\t\t\t\t<div class=\"gallery-icon landscape\"><a href=\"https:\/\/www.salzburgerland.com\/cs\/wp-content\/uploads\/2023\/11\/img_5177-1280x1024-1-1170x658-jpg.webp\" title=\"img_5177-1280x1024-1-1170x658.jpg\"><img decoding=\"async\" data-title=\"Bachlkoch se mus\u00ed m\u00edchat, aby se netvo\u0159ily hrudky \u00a9 Salzburgerland Tourismus\" title=\"Bachlkoch se mus\u00ed m\u00edchat, aby se netvo\u0159ily hrudky \u00a9 Salzburgerland Tourismus\" data-caption=\"Bachlkoch se mus\u00ed m\u00edchat, aby se netvo\u0159ily hrudky \u00a9 Salzburgerland Tourismus\" width=\"1170\" height=\"658\" src=\"https:\/\/www.salzburgerland.com\/cs\/wp-content\/uploads\/2023\/11\/img_5177-1280x1024-1-1170x658-jpg.webp\" class=\"attachment-1170_658 size-1170_658\" alt=\"V hrnci m\u00edch\u00e1me Bachlkoch metli\u010dkou, aby se netvo\u0159ily hrudky (Zv\u011bt\u0161en\u00fd pohled)\" srcset=\"https:\/\/www.salzburgerland.com\/cs\/wp-content\/uploads\/2023\/11\/img_5177-1280x1024-1-1170x658-jpg.webp 1170w, https:\/\/www.salzburgerland.com\/cs\/wp-content\/uploads\/2023\/11\/img_5177-1280x1024-1-1170x658-jpg-768x432.webp 768w\" sizes=\"(max-width: 1170px) 100vw, 1170px\" aria-describedby=\"figcaption-158572-158616\" itemprop=\"thumbnail\"><\/a><\/div>\n\t\t\t\t\t\t<span id=\"figcaption-158572-158616\" class=\"gallery-caption\" itemprop=\"caption\"><span aria-hidden=\"true\">Bachlkoch se mus\u00ed m\u00edchat, aby se netvo\u0159ily hrudky \u00a9 Salzburgerland Tourismus<\/span><\/span>\n\t\t\t\t\t<\/li>\n\t\t\t\t<\/ul>\n\t\t\t<\/div><!-- .gallery -->\n\n<p>K\u00a0ve\u010de\u0159i se v\u00a0Salcbursku tradi\u010dn\u011b pod\u00e1v\u00e1 pol\u00e9vka <a href=\"https:\/\/www.salzburgerland.com\/cs\/salcburska-polevka-mettensuppe\/\">Mettensuppe<\/a> a k\u00a0V\u00e1noc\u016fm neodmysliteln\u011b pat\u0159\u00ed lit\u00fd <a href=\"https:\/\/www.salzburgerland.com\/cs\/salcbursky-pernik\/\">pern\u00edk<\/a>.<\/p>\n","protected":false},"excerpt":{"rendered":"<p>Na ob\u011bd se \u010dasto pod\u00e1v\u00e1 takzvan\u00fd Pinzgausk\u00fd Bachlkoch. Kdy\u017e se v salcbursk\u00e9m regionu Pinzgau hovo\u0159\u00ed o dni \u201eBachltag\u201c, mysl\u00ed se t\u00edm \u0160t\u011bdr\u00fd den. \u201eBach\u00f6t\u00e5g\u201c je zde \u00fazce spjat se star\u00fdmi tradicemi, kter\u00e9 se v mnoha rodin\u00e1ch dodr\u017euj\u00ed dodnes. Existuje n\u011bkolik variant p\u016fvodu slova, stejn\u011b jako pravopis: Bachl, Bachi nebo Bache. N\u011bkte\u0159\u00ed ho odvozuj\u00ed od por\u00e1\u017eky [&hellip;]<\/p>\n","protected":false},"author":6,"featured_media":158613,"comment_status":"closed","ping_status":"closed","sticky":false,"template":"","format":"standard","meta":{"_acf_changed":false,"wl_entities_gutenberg":"","_relevanssi_hide_post":"","_relevanssi_hide_content":"","_relevanssi_pin_for_all":"","_relevanssi_pin_keywords":"","_relevanssi_unpin_keywords":"","_relevanssi_related_keywords":"","_relevanssi_related_include_ids":"","_relevanssi_related_exclude_ids":"","_relevanssi_related_no_append":"","_relevanssi_related_not_related":"","_relevanssi_related_posts":"","_relevanssi_noindex_reason":"","footnotes":""},"categories":[1],"tags":[],"wl_entity_type":[705],"class_list":["post-158572","post","type-post","status-publish","format-standard","has-post-thumbnail","hentry","category-uncategorized","wl_entity_type-recipe"],"acf":[],"yoast_head":"<!-- This site is optimized with the Yoast SEO Premium plugin v27.4 (Yoast SEO v27.4) - https:\/\/yoast.com\/product\/yoast-seo-premium-wordpress\/ -->\n<title>Pinzgausk\u00fd Bachlkoch \u00bb SalzburgerLand.com<\/title>\n<meta name=\"robots\" content=\"index, follow, max-snippet:-1, max-image-preview:large, max-video-preview:-1\" \/>\n<link rel=\"canonical\" href=\"https:\/\/www.salzburgerland.com\/cs\/pinzgausky-bachlkoch\/\" \/>\n<meta property=\"og:locale\" content=\"cs_CZ\" \/>\n<meta property=\"og:type\" content=\"article\" \/>\n<meta property=\"og:title\" content=\"Pinzgausk\u00fd Bachlkoch\" \/>\n<meta property=\"og:description\" content=\"Na ob\u011bd se \u010dasto pod\u00e1v\u00e1 takzvan\u00fd Pinzgausk\u00fd Bachlkoch. Kdy\u017e se v salcbursk\u00e9m regionu Pinzgau hovo\u0159\u00ed o dni \u201eBachltag\u201c, mysl\u00ed se t\u00edm \u0160t\u011bdr\u00fd den. &quot;Bach\u00f6t\u00e5g&quot;\" \/>\n<meta property=\"og:url\" content=\"https:\/\/www.salzburgerland.com\/cs\/pinzgausky-bachlkoch\/\" \/>\n<meta property=\"og:site_name\" content=\"SalzburgerLand.com\" \/>\n<meta property=\"article:publisher\" content=\"https:\/\/www.facebook.com\/visitsalzburgerland\/\" \/>\n<meta property=\"article:published_time\" content=\"2023-11-30T14:54:01+00:00\" \/>\n<meta property=\"article:modified_time\" content=\"2023-12-01T07:25:14+00:00\" \/>\n<meta property=\"og:image\" content=\"https:\/\/www.salzburgerland.com\/cs\/wp-content\/uploads\/2023\/11\/img_5188-1280x1024-1-1200x675.jpg\" \/>\n\t<meta property=\"og:image:width\" content=\"1200\" \/>\n\t<meta property=\"og:image:height\" content=\"675\" \/>\n\t<meta property=\"og:image:type\" content=\"image\/jpeg\" \/>\n<meta name=\"author\" content=\"Andrea \u017d\u00e1\u010dkov\u00e1\" \/>\n<meta name=\"twitter:card\" content=\"summary_large_image\" \/>\n<meta name=\"twitter:creator\" content=\"@salzburgerland\" \/>\n<meta name=\"twitter:site\" content=\"@salzburgerland\" \/>\n<meta name=\"twitter:label1\" content=\"Napsal(a)\" \/>\n\t<meta name=\"twitter:data1\" content=\"Andrea \u017d\u00e1\u010dkov\u00e1\" \/>\n\t<meta name=\"twitter:label2\" content=\"Odhadovan\u00e1 doba \u010dten\u00ed\" \/>\n\t<meta name=\"twitter:data2\" content=\"2 minuty\" \/>\n<script type=\"application\/ld+json\" class=\"yoast-schema-graph\">{\"@context\":\"https:\\\/\\\/schema.org\",\"@graph\":[{\"@type\":\"Article\",\"@id\":\"https:\\\/\\\/www.salzburgerland.com\\\/cs\\\/pinzgausky-bachlkoch\\\/#article\",\"isPartOf\":{\"@id\":\"https:\\\/\\\/www.salzburgerland.com\\\/cs\\\/pinzgausky-bachlkoch\\\/\"},\"author\":{\"name\":\"Andrea \u017d\u00e1\u010dkov\u00e1\",\"@id\":\"https:\\\/\\\/www.salzburgerland.com\\\/cs\\\/#\\\/schema\\\/person\\\/dd42a4661897004df109095dbf40eeff\"},\"headline\":\"Pinzgausk\u00fd Bachlkoch\",\"datePublished\":\"2023-11-30T14:54:01+00:00\",\"dateModified\":\"2023-12-01T07:25:14+00:00\",\"mainEntityOfPage\":{\"@id\":\"https:\\\/\\\/www.salzburgerland.com\\\/cs\\\/pinzgausky-bachlkoch\\\/\"},\"wordCount\":369,\"image\":{\"@id\":\"https:\\\/\\\/www.salzburgerland.com\\\/cs\\\/pinzgausky-bachlkoch\\\/#primaryimage\"},\"thumbnailUrl\":\"https:\\\/\\\/www.salzburgerland.com\\\/cs\\\/wp-content\\\/uploads\\\/2023\\\/11\\\/img_5188-1280x1024-1.jpg\",\"articleSection\":[\"Uncategorized\"],\"inLanguage\":\"cs\"},{\"@type\":\"WebPage\",\"@id\":\"https:\\\/\\\/www.salzburgerland.com\\\/cs\\\/pinzgausky-bachlkoch\\\/\",\"url\":\"https:\\\/\\\/www.salzburgerland.com\\\/cs\\\/pinzgausky-bachlkoch\\\/\",\"name\":\"Pinzgausk\u00fd Bachlkoch \u00bb SalzburgerLand.com\",\"isPartOf\":{\"@id\":\"https:\\\/\\\/www.salzburgerland.com\\\/cs\\\/#website\"},\"primaryImageOfPage\":{\"@id\":\"https:\\\/\\\/www.salzburgerland.com\\\/cs\\\/pinzgausky-bachlkoch\\\/#primaryimage\"},\"image\":{\"@id\":\"https:\\\/\\\/www.salzburgerland.com\\\/cs\\\/pinzgausky-bachlkoch\\\/#primaryimage\"},\"thumbnailUrl\":\"https:\\\/\\\/www.salzburgerland.com\\\/cs\\\/wp-content\\\/uploads\\\/2023\\\/11\\\/img_5188-1280x1024-1.jpg\",\"datePublished\":\"2023-11-30T14:54:01+00:00\",\"dateModified\":\"2023-12-01T07:25:14+00:00\",\"author\":{\"@id\":\"https:\\\/\\\/www.salzburgerland.com\\\/cs\\\/#\\\/schema\\\/person\\\/dd42a4661897004df109095dbf40eeff\"},\"description\":\"Tradi\u010dn\u00ed ob\u011bd na \u0160t\u011bdr\u00fd den v regionu Pinzgau.\",\"breadcrumb\":{\"@id\":\"https:\\\/\\\/www.salzburgerland.com\\\/cs\\\/pinzgausky-bachlkoch\\\/#breadcrumb\"},\"inLanguage\":\"cs\",\"potentialAction\":[{\"@type\":\"ReadAction\",\"target\":[\"https:\\\/\\\/www.salzburgerland.com\\\/cs\\\/pinzgausky-bachlkoch\\\/\"]}]},{\"@type\":\"ImageObject\",\"inLanguage\":\"cs\",\"@id\":\"https:\\\/\\\/www.salzburgerland.com\\\/cs\\\/pinzgausky-bachlkoch\\\/#primaryimage\",\"url\":\"https:\\\/\\\/www.salzburgerland.com\\\/cs\\\/wp-content\\\/uploads\\\/2023\\\/11\\\/img_5188-1280x1024-1.jpg\",\"contentUrl\":\"https:\\\/\\\/www.salzburgerland.com\\\/cs\\\/wp-content\\\/uploads\\\/2023\\\/11\\\/img_5188-1280x1024-1.jpg\",\"width\":1280,\"height\":1024,\"caption\":\"Ka\u0161e Bachlkoch pat\u0159\u00ed v Salcbursku k V\u00e1noc\u016fm \u00a9 Salzburgerland Tourismus\"},{\"@type\":\"BreadcrumbList\",\"@id\":\"https:\\\/\\\/www.salzburgerland.com\\\/cs\\\/pinzgausky-bachlkoch\\\/#breadcrumb\",\"itemListElement\":[{\"@type\":\"ListItem\",\"position\":1,\"name\":\"Tradi\u010dn\u00ed v\u00e1no\u010dn\u00ed j\u00eddla ze Salcburska\",\"item\":\"https:\\\/\\\/www.salzburgerland.com\\\/cs\\\/tradicni-vanocni-jidla-ze-salcburska\\\/\"},{\"@type\":\"ListItem\",\"position\":2,\"name\":\"Pinzgausk\u00fd Bachlkoch\"}]},{\"@type\":\"WebSite\",\"@id\":\"https:\\\/\\\/www.salzburgerland.com\\\/cs\\\/#website\",\"url\":\"https:\\\/\\\/www.salzburgerland.com\\\/cs\\\/\",\"name\":\"SalzburgerLand.com\",\"description\":\"Va\u0161e dovolen\u00e1 v Salcburku, Rakousko\",\"potentialAction\":[{\"@type\":\"SearchAction\",\"target\":{\"@type\":\"EntryPoint\",\"urlTemplate\":\"https:\\\/\\\/www.salzburgerland.com\\\/cs\\\/?s={search_term_string}\"},\"query-input\":{\"@type\":\"PropertyValueSpecification\",\"valueRequired\":true,\"valueName\":\"search_term_string\"}}],\"inLanguage\":\"cs\"},{\"@type\":\"Person\",\"@id\":\"https:\\\/\\\/www.salzburgerland.com\\\/cs\\\/#\\\/schema\\\/person\\\/dd42a4661897004df109095dbf40eeff\",\"name\":\"Andrea \u017d\u00e1\u010dkov\u00e1\",\"image\":{\"@type\":\"ImageObject\",\"inLanguage\":\"cs\",\"@id\":\"https:\\\/\\\/secure.gravatar.com\\\/avatar\\\/338deec8d231d56d0ab7b2b7d6d0aedbcb3eb05390f6c027fd5b7ebe87b67dbf?s=96&d=mm&r=g\",\"url\":\"https:\\\/\\\/secure.gravatar.com\\\/avatar\\\/338deec8d231d56d0ab7b2b7d6d0aedbcb3eb05390f6c027fd5b7ebe87b67dbf?s=96&d=mm&r=g\",\"contentUrl\":\"https:\\\/\\\/secure.gravatar.com\\\/avatar\\\/338deec8d231d56d0ab7b2b7d6d0aedbcb3eb05390f6c027fd5b7ebe87b67dbf?s=96&d=mm&r=g\",\"caption\":\"Andrea \u017d\u00e1\u010dkov\u00e1\"}}]}<\/script>\n<!-- \/ Yoast SEO Premium plugin. -->","yoast_head_json":{"title":"Pinzgausk\u00fd Bachlkoch \u00bb SalzburgerLand.com","robots":{"index":"index","follow":"follow","max-snippet":"max-snippet:-1","max-image-preview":"max-image-preview:large","max-video-preview":"max-video-preview:-1"},"canonical":"https:\/\/www.salzburgerland.com\/cs\/pinzgausky-bachlkoch\/","og_locale":"cs_CZ","og_type":"article","og_title":"Pinzgausk\u00fd Bachlkoch","og_description":"Na ob\u011bd se \u010dasto pod\u00e1v\u00e1 takzvan\u00fd Pinzgausk\u00fd Bachlkoch. Kdy\u017e se v salcbursk\u00e9m regionu Pinzgau hovo\u0159\u00ed o dni \u201eBachltag\u201c, mysl\u00ed se t\u00edm \u0160t\u011bdr\u00fd den. \"Bach\u00f6t\u00e5g\"","og_url":"https:\/\/www.salzburgerland.com\/cs\/pinzgausky-bachlkoch\/","og_site_name":"SalzburgerLand.com","article_publisher":"https:\/\/www.facebook.com\/visitsalzburgerland\/","article_published_time":"2023-11-30T14:54:01+00:00","article_modified_time":"2023-12-01T07:25:14+00:00","og_image":[{"width":1200,"height":675,"url":"https:\/\/www.salzburgerland.com\/cs\/wp-content\/uploads\/2023\/11\/img_5188-1280x1024-1-1200x675.jpg","type":"image\/jpeg"}],"author":"Andrea \u017d\u00e1\u010dkov\u00e1","twitter_card":"summary_large_image","twitter_creator":"@salzburgerland","twitter_site":"@salzburgerland","twitter_misc":{"Napsal(a)":"Andrea \u017d\u00e1\u010dkov\u00e1","Odhadovan\u00e1 doba \u010dten\u00ed":"2 minuty"},"schema":{"@context":"https:\/\/schema.org","@graph":[{"@type":"Article","@id":"https:\/\/www.salzburgerland.com\/cs\/pinzgausky-bachlkoch\/#article","isPartOf":{"@id":"https:\/\/www.salzburgerland.com\/cs\/pinzgausky-bachlkoch\/"},"author":{"name":"Andrea \u017d\u00e1\u010dkov\u00e1","@id":"https:\/\/www.salzburgerland.com\/cs\/#\/schema\/person\/dd42a4661897004df109095dbf40eeff"},"headline":"Pinzgausk\u00fd Bachlkoch","datePublished":"2023-11-30T14:54:01+00:00","dateModified":"2023-12-01T07:25:14+00:00","mainEntityOfPage":{"@id":"https:\/\/www.salzburgerland.com\/cs\/pinzgausky-bachlkoch\/"},"wordCount":369,"image":{"@id":"https:\/\/www.salzburgerland.com\/cs\/pinzgausky-bachlkoch\/#primaryimage"},"thumbnailUrl":"https:\/\/www.salzburgerland.com\/cs\/wp-content\/uploads\/2023\/11\/img_5188-1280x1024-1.jpg","articleSection":["Uncategorized"],"inLanguage":"cs"},{"@type":"WebPage","@id":"https:\/\/www.salzburgerland.com\/cs\/pinzgausky-bachlkoch\/","url":"https:\/\/www.salzburgerland.com\/cs\/pinzgausky-bachlkoch\/","name":"Pinzgausk\u00fd Bachlkoch \u00bb SalzburgerLand.com","isPartOf":{"@id":"https:\/\/www.salzburgerland.com\/cs\/#website"},"primaryImageOfPage":{"@id":"https:\/\/www.salzburgerland.com\/cs\/pinzgausky-bachlkoch\/#primaryimage"},"image":{"@id":"https:\/\/www.salzburgerland.com\/cs\/pinzgausky-bachlkoch\/#primaryimage"},"thumbnailUrl":"https:\/\/www.salzburgerland.com\/cs\/wp-content\/uploads\/2023\/11\/img_5188-1280x1024-1.jpg","datePublished":"2023-11-30T14:54:01+00:00","dateModified":"2023-12-01T07:25:14+00:00","author":{"@id":"https:\/\/www.salzburgerland.com\/cs\/#\/schema\/person\/dd42a4661897004df109095dbf40eeff"},"description":"Tradi\u010dn\u00ed ob\u011bd na \u0160t\u011bdr\u00fd den v regionu Pinzgau.","breadcrumb":{"@id":"https:\/\/www.salzburgerland.com\/cs\/pinzgausky-bachlkoch\/#breadcrumb"},"inLanguage":"cs","potentialAction":[{"@type":"ReadAction","target":["https:\/\/www.salzburgerland.com\/cs\/pinzgausky-bachlkoch\/"]}]},{"@type":"ImageObject","inLanguage":"cs","@id":"https:\/\/www.salzburgerland.com\/cs\/pinzgausky-bachlkoch\/#primaryimage","url":"https:\/\/www.salzburgerland.com\/cs\/wp-content\/uploads\/2023\/11\/img_5188-1280x1024-1.jpg","contentUrl":"https:\/\/www.salzburgerland.com\/cs\/wp-content\/uploads\/2023\/11\/img_5188-1280x1024-1.jpg","width":1280,"height":1024,"caption":"Ka\u0161e Bachlkoch pat\u0159\u00ed v Salcbursku k V\u00e1noc\u016fm \u00a9 Salzburgerland Tourismus"},{"@type":"BreadcrumbList","@id":"https:\/\/www.salzburgerland.com\/cs\/pinzgausky-bachlkoch\/#breadcrumb","itemListElement":[{"@type":"ListItem","position":1,"name":"Tradi\u010dn\u00ed v\u00e1no\u010dn\u00ed j\u00eddla ze Salcburska","item":"https:\/\/www.salzburgerland.com\/cs\/tradicni-vanocni-jidla-ze-salcburska\/"},{"@type":"ListItem","position":2,"name":"Pinzgausk\u00fd Bachlkoch"}]},{"@type":"WebSite","@id":"https:\/\/www.salzburgerland.com\/cs\/#website","url":"https:\/\/www.salzburgerland.com\/cs\/","name":"SalzburgerLand.com","description":"Va\u0161e dovolen\u00e1 v Salcburku, Rakousko","potentialAction":[{"@type":"SearchAction","target":{"@type":"EntryPoint","urlTemplate":"https:\/\/www.salzburgerland.com\/cs\/?s={search_term_string}"},"query-input":{"@type":"PropertyValueSpecification","valueRequired":true,"valueName":"search_term_string"}}],"inLanguage":"cs"},{"@type":"Person","@id":"https:\/\/www.salzburgerland.com\/cs\/#\/schema\/person\/dd42a4661897004df109095dbf40eeff","name":"Andrea \u017d\u00e1\u010dkov\u00e1","image":{"@type":"ImageObject","inLanguage":"cs","@id":"https:\/\/secure.gravatar.com\/avatar\/338deec8d231d56d0ab7b2b7d6d0aedbcb3eb05390f6c027fd5b7ebe87b67dbf?s=96&d=mm&r=g","url":"https:\/\/secure.gravatar.com\/avatar\/338deec8d231d56d0ab7b2b7d6d0aedbcb3eb05390f6c027fd5b7ebe87b67dbf?s=96&d=mm&r=g","contentUrl":"https:\/\/secure.gravatar.com\/avatar\/338deec8d231d56d0ab7b2b7d6d0aedbcb3eb05390f6c027fd5b7ebe87b67dbf?s=96&d=mm&r=g","caption":"Andrea \u017d\u00e1\u010dkov\u00e1"}}]}},"_wl_alt_label":[],"wl:entity_url":"http:\/\/open.salzburgerland.com\/cs\/post\/pinzgausky-bachlkoch-158572","_links":{"self":[{"href":"https:\/\/www.salzburgerland.com\/cs\/wp-json\/wp\/v2\/posts\/158572","targetHints":{"allow":["GET"]}}],"collection":[{"href":"https:\/\/www.salzburgerland.com\/cs\/wp-json\/wp\/v2\/posts"}],"about":[{"href":"https:\/\/www.salzburgerland.com\/cs\/wp-json\/wp\/v2\/types\/post"}],"author":[{"embeddable":true,"href":"https:\/\/www.salzburgerland.com\/cs\/wp-json\/wp\/v2\/users\/6"}],"replies":[{"embeddable":true,"href":"https:\/\/www.salzburgerland.com\/cs\/wp-json\/wp\/v2\/comments?post=158572"}],"version-history":[{"count":5,"href":"https:\/\/www.salzburgerland.com\/cs\/wp-json\/wp\/v2\/posts\/158572\/revisions"}],"predecessor-version":[{"id":158645,"href":"https:\/\/www.salzburgerland.com\/cs\/wp-json\/wp\/v2\/posts\/158572\/revisions\/158645"}],"wp:featuredmedia":[{"embeddable":true,"href":"https:\/\/www.salzburgerland.com\/cs\/wp-json\/wp\/v2\/media\/158613"}],"wp:attachment":[{"href":"https:\/\/www.salzburgerland.com\/cs\/wp-json\/wp\/v2\/media?parent=158572"}],"wp:term":[{"taxonomy":"category","embeddable":true,"href":"https:\/\/www.salzburgerland.com\/cs\/wp-json\/wp\/v2\/categories?post=158572"},{"taxonomy":"post_tag","embeddable":true,"href":"https:\/\/www.salzburgerland.com\/cs\/wp-json\/wp\/v2\/tags?post=158572"},{"taxonomy":"wl_entity_type","embeddable":true,"href":"https:\/\/www.salzburgerland.com\/cs\/wp-json\/wp\/v2\/wl_entity_type?post=158572"}],"curies":[{"name":"wp","href":"https:\/\/api.w.org\/{rel}","templated":true}]}}