{"id":157687,"date":"2023-10-02T15:39:00","date_gmt":"2023-10-02T13:39:00","guid":{"rendered":"https:\/\/www.salzburgerland.com\/cs\/?p=157687"},"modified":"2023-10-16T17:01:52","modified_gmt":"2023-10-16T15:01:52","slug":"wagrain-kleinarl-stranou-od-sjezdovek","status":"publish","type":"post","link":"https:\/\/www.salzburgerland.com\/cs\/wagrain-kleinarl-stranou-od-sjezdovek\/","title":{"rendered":"Zimn\u00ed aktivity mimo sjezdovky ve Wagrainu-Kleinarlu"},"content":{"rendered":"<p>Ve <a href=\"https:\/\/www.wagrain-kleinarl.at\/en\/activities\/active-in-winter\/winter-activities.html\" target=\"_blank\" rel=\"noopener\">Wagrainu-Kleinarlu<\/a> je mnoho p\u0159\u00edle\u017eitost\u00ed, jak si u\u017e\u00edt t\u0159eba i s\u00a0celou rodinou <strong>zimn\u00ed aktivity <a href=\"https:\/\/www.wagrain-kleinarl.at\/en\/activities\/active-in-winter\/winter-activities-1.html\" target=\"_blank\" rel=\"noopener\">mimo sjezdovky<\/a><\/strong>. Objevte malebn\u00e9 zimn\u00ed turistick\u00e9 stezkyv <a href=\"https:\/\/www.salzburgerland.com\/cs\/salcbursky-sportovni-svet-v-zime\/\">Salcbursk\u00e9m sportovn\u00edm sv\u011bt\u011b<\/a>, za\u017eijte vzru\u0161uj\u00edc\u00ed s\u00e1\u0148kov\u00e1n\u00ed nebo bl\u00ed\u017ee poznejte Wagrain-Kleinarl na proj\u00ed\u017e\u010fce na san\u00edch ta\u017een\u00fdch ko\u0148mi. Ly\u017ea\u0159sk\u00fd v\u00fdlet nebo t\u00fara na sn\u011b\u017enic\u00edch v hlubok\u00e9m zimn\u00edm sn\u011bhu tak\u00e9 stoj\u00ed za to. Krom\u011b ly\u017eov\u00e1n\u00ed a snowboardingu nab\u00edz\u00ed Wagrain-Kleinarl n\u00e1sleduj\u00edc\u00ed <a href=\"https:\/\/www.wagrain-kleinarl.at\/en\/event\/winter-festivals.html\" target=\"_blank\" rel=\"noopener\">zimn\u00ed aktivity<\/a>.<\/p>\n<h3><strong>Na sn\u011b\u017enic\u00edch ve Wagrainu-Kleinarlu<\/strong><\/h3>\n<p>U\u017eijte si nedot\u010denou zimn\u00ed krajinu a krok za krokem pro\u0161lap\u00e1vejte na sn\u011b\u017enic\u00edch t\u0159pytiv\u00fd \u010derstv\u00fd sn\u00edh. Vdechujte \u010derstv\u00fd vzduch a za\u017eijte pocit naprost\u00e9 svobody. Vydejte se na v\u00fdlet sami nebo se p\u0159ipojte k t\u00fa\u0159e na <a href=\"https:\/\/www.wagrain-kleinarl.at\/en\/activities\/active-in-winter\/winter-activities.html\" target=\"_blank\" rel=\"noopener\"><strong>sn\u011b\u017enic\u00edch<\/strong> <\/a>s\u00a0pr\u016fvodci, kte\u0159\u00ed V\u00e1m r\u00e1di pomohou s\u00a0pl\u00e1nov\u00e1n\u00edm. Uk\u00e1\u017e\u00ed V\u00e1m ta nejkr\u00e1sn\u011bj\u0161\u00ed m\u00edsta zasn\u011b\u017een\u00fdch Radstadtsk\u00fdch Taur.<\/p>\n<div id=\"attachment_157781\" style=\"width: 885px\" class=\"wp-caption alignnone\"><img decoding=\"async\" aria-describedby=\"caption-attachment-157781\" class=\"wp-image-157781 size-medium\" src=\"https:\/\/www.salzburgerland.com\/cs\/wp-content\/uploads\/2023\/10\/schneeschuhwanderung-stuhlkoepfl-875x569.jpg\" alt=\"Vydejte se na v\u00fdlet sami nebo se p\u0159ipojte k t\u00fa\u0159e na sn\u011b\u017enic\u00edch s\u00a0pr\u016fvodci, kte\u0159\u00ed V\u00e1m r\u00e1di pomohou s\u00a0pl\u00e1nov\u00e1n\u00edm.\" width=\"875\" height=\"569\"><p id=\"caption-attachment-157781\" class=\"wp-caption-text\">Sn\u011b\u017enice jsou vhodn\u00e9 i pro d\u011bti \u00a9 Wagrain-Kleinarl Tourismus<\/p><\/div>\n<h3><strong>V\u00fdlety zasn\u011b\u017eenou krajinou stranou od sjezdovek<\/strong><\/h3>\n<p>V\u00a0zimn\u00ed rekrea\u010dn\u00ed oblasti Wagrain-Kleinarl najdete to nejlep\u0161\u00ed, co hory nab\u00edzej\u00ed, a to nejen na sjezdovk\u00e1ch <a href=\"https:\/\/www.snow-space.com\/en\/winter\" target=\"_blank\" rel=\"noopener\">Snow Space Salzburg<\/a> nebo <a href=\"https:\/\/www.shuttleberg.com\/en\/\" target=\"_blank\" rel=\"noopener\">Shuttleberg Flachauwinkl-Kleinarl<\/a>, ale tak\u00e9 v nedot\u010den\u00e9 p\u0159\u00edrod\u011b. N\u00e1dhern\u00e9 scen\u00e9rie k\u00a0zimn\u00ed dovolen\u00e9 v\u00a0Alp\u00e1ch p\u0159eci pat\u0159\u00ed! Tak na co je\u0161t\u011b \u010dek\u00e1te? Teple se oble\u010dte a vyrazte na \u010derstv\u00fd vzduch. Zimn\u00ed turistika a ch\u016fze na sn\u011b\u017enic\u00edch V\u00e1s p\u0159ivede krok po kr\u016f\u010dku k\u00a0taj\u016fm p\u0159\u00edrody. Milovn\u00edci zimy si u\u017e\u00edvaj\u00ed nedot\u010denou krajinu na v\u00edce ne\u017e 20 km zna\u010den\u00fdch zimn\u00edch turistick\u00fdch tras. Z\u00e1le\u017e\u00ed jen na V\u00e1s, zda se rozhodnete pro nen\u00e1ro\u010dnou t\u00faru v \u00fadol\u00ed, nebo se vyd\u00e1te na n\u011bkterou z vysokohorsk\u00fdch chat.<\/p>\n\n\t\t\t<div id=\"157687-1\" class=\"gallery gallery-157687 gallery-columns-3 gallery-size-1170_658\" itemscope itemtype=\"http:\/\/schema.org\/ImageGallery\">\n\t\t\t\t<ul class=\"gallery-row gallery-col-3 gallery-clear\">\n\t\t\t\t\t<li class=\"gallery-item col-3\" itemprop=\"associatedMedia\" itemscope itemtype=\"http:\/\/schema.org\/ImageObject\">\n\t\t\t\t\t\t<div class=\"gallery-icon landscape\"><a href=\"https:\/\/www.salzburgerland.com\/cs\/wp-content\/uploads\/2023\/10\/abseits-der-skipiste-c-wagrain-kleinarl-tourismus-4-1604x1067.jpg\" title=\"abseits-der-skipiste-c-wagrain-kleinarl-tourismus-4\"><img decoding=\"async\" data-title=\"V\u00fdlet do zasn\u011b\u017een\u00fdch hor \u00a9 Wagrain-Kleinarl Tourismus\" title=\"V\u00fdlet do zasn\u011b\u017een\u00fdch hor \u00a9 Wagrain-Kleinarl Tourismus\" data-caption=\"V\u00fdlet do zasn\u011b\u017een\u00fdch hor \u00a9 Wagrain-Kleinarl Tourismus\" width=\"1170\" height=\"658\" src=\"https:\/\/www.salzburgerland.com\/cs\/wp-content\/uploads\/2023\/10\/abseits-der-skipiste-c-wagrain-kleinarl-tourismus-4-1170x658.jpg\" class=\"attachment-1170_658 size-1170_658\" alt=\"Milovn\u00edci zimy si u\u017e\u00edvaj\u00ed nedot\u010denou krajinu na v\u00edce ne\u017e 20 km zna\u010den\u00fdch zimn\u00edch turistick\u00fdch tras. (Zv\u011bt\u0161en\u00fd pohled)\" srcset=\"https:\/\/www.salzburgerland.com\/cs\/wp-content\/uploads\/2023\/10\/abseits-der-skipiste-c-wagrain-kleinarl-tourismus-4-1170x658.jpg 1170w, https:\/\/www.salzburgerland.com\/cs\/wp-content\/uploads\/2023\/10\/abseits-der-skipiste-c-wagrain-kleinarl-tourismus-4-1200x675.jpg 1200w\" sizes=\"(max-width: 1170px) 100vw, 1170px\" aria-describedby=\"figcaption-157687-157778\" itemprop=\"thumbnail\"><\/a><\/div>\n\t\t\t\t\t\t<span id=\"figcaption-157687-157778\" class=\"gallery-caption\" itemprop=\"caption\"><span aria-hidden=\"true\">V\u00fdlet do zasn\u011b\u017een\u00fdch hor \u00a9 Wagrain-Kleinarl Tourismus<\/span><\/span>\n\t\t\t\t\t<\/li>\n\t\t\t\t\t<li class=\"gallery-item col-3\" itemprop=\"associatedMedia\" itemscope itemtype=\"http:\/\/schema.org\/ImageObject\">\n\t\t\t\t\t\t<div class=\"gallery-icon landscape\"><a href=\"https:\/\/www.salzburgerland.com\/cs\/wp-content\/uploads\/2023\/10\/abseits-der-skipiste-c-wagrain-kleinarl-tourismus-10-1600x1067.jpg\" title=\"abseits-der-skipiste-c-wagrain-kleinarl-tourismus-10\"><img decoding=\"async\" data-title=\"Romantick\u00e1 zimn\u00ed z\u00e1kout\u00ed Wagrainu-Kleinarlu \u00a9 Wagrain-Kleinarl Tourismus\" title=\"Romantick\u00e1 zimn\u00ed z\u00e1kout\u00ed Wagrainu-Kleinarlu \u00a9 Wagrain-Kleinarl Tourismus\" data-caption=\"Romantick\u00e1 zimn\u00ed z\u00e1kout\u00ed Wagrainu-Kleinarlu \u00a9 Wagrain-Kleinarl Tourismus\" width=\"1170\" height=\"658\" src=\"https:\/\/www.salzburgerland.com\/cs\/wp-content\/uploads\/2023\/10\/abseits-der-skipiste-c-wagrain-kleinarl-tourismus-10-1170x658.jpg\" class=\"attachment-1170_658 size-1170_658\" alt=\"Zasn\u011b\u017een\u00e1 krajina daleko od ruchu sjezdovek ve Wagrainu-Kleinarlu (Zv\u011bt\u0161en\u00fd pohled)\" srcset=\"https:\/\/www.salzburgerland.com\/cs\/wp-content\/uploads\/2023\/10\/abseits-der-skipiste-c-wagrain-kleinarl-tourismus-10-1170x658.jpg 1170w, https:\/\/www.salzburgerland.com\/cs\/wp-content\/uploads\/2023\/10\/abseits-der-skipiste-c-wagrain-kleinarl-tourismus-10-1200x675.jpg 1200w\" sizes=\"(max-width: 1170px) 100vw, 1170px\" aria-describedby=\"figcaption-157687-157779\" itemprop=\"thumbnail\"><\/a><\/div>\n\t\t\t\t\t\t<span id=\"figcaption-157687-157779\" class=\"gallery-caption\" itemprop=\"caption\"><span aria-hidden=\"true\">Romantick\u00e1 zimn\u00ed z\u00e1kout\u00ed Wagrainu-Kleinarlu \u00a9 Wagrain-Kleinarl Tourismus<\/span><\/span>\n\t\t\t\t\t<\/li>\n\t\t\t\t\t<li class=\"gallery-item col-3\" itemprop=\"associatedMedia\" itemscope itemtype=\"http:\/\/schema.org\/ImageObject\">\n\t\t\t\t\t\t<div class=\"gallery-icon landscape\"><a href=\"https:\/\/www.salzburgerland.com\/cs\/wp-content\/uploads\/2023\/10\/abseits-der-skipiste-c-wagrain-kleinarl-tourismus-14-1604x1067.jpg\" title=\"abseits-der-skipiste-c-wagrain-kleinarl-tourismus-14\"><img decoding=\"async\" data-title=\"N\u011bco dobr\u00e9ho do \u017ealudku nesm\u00ed chyb\u011bt \u00a9 Wagrain-Kleinarl Tourismus\" title=\"N\u011bco dobr\u00e9ho do \u017ealudku nesm\u00ed chyb\u011bt \u00a9 Wagrain-Kleinarl Tourismus\" data-caption=\"N\u011bco dobr\u00e9ho do \u017ealudku nesm\u00ed chyb\u011bt \u00a9 Wagrain-Kleinarl Tourismus\" width=\"1170\" height=\"658\" src=\"https:\/\/www.salzburgerland.com\/cs\/wp-content\/uploads\/2023\/10\/abseits-der-skipiste-c-wagrain-kleinarl-tourismus-14-1170x658.jpg\" class=\"attachment-1170_658 size-1170_658\" alt=\"C\u00edsa\u0159sk\u00fd trhanec, Kaiserschmarrn je v nab\u00eddce v\u011bt\u0161iny horsk\u00fdch chat ve Wagrainu-Kleinarlu (Zv\u011bt\u0161en\u00fd pohled)\" srcset=\"https:\/\/www.salzburgerland.com\/cs\/wp-content\/uploads\/2023\/10\/abseits-der-skipiste-c-wagrain-kleinarl-tourismus-14-1170x658.jpg 1170w, https:\/\/www.salzburgerland.com\/cs\/wp-content\/uploads\/2023\/10\/abseits-der-skipiste-c-wagrain-kleinarl-tourismus-14-1200x675.jpg 1200w\" sizes=\"(max-width: 1170px) 100vw, 1170px\" aria-describedby=\"figcaption-157687-157780\" itemprop=\"thumbnail\"><\/a><\/div>\n\t\t\t\t\t\t<span id=\"figcaption-157687-157780\" class=\"gallery-caption\" itemprop=\"caption\"><span aria-hidden=\"true\">N\u011bco dobr\u00e9ho do \u017ealudku nesm\u00ed chyb\u011bt \u00a9 Wagrain-Kleinarl Tourismus<\/span><\/span>\n\t\t\t\t\t<\/li>\n\t\t\t\t<\/ul>\n\t\t\t<\/div><!-- .gallery -->\n\n<h3><strong>S\u00e1\u0148ka\u0159sk\u00e9 dr\u00e1hy ve Wagrainu-Kleinarlu<\/strong><\/h3>\n<p>Zimn\u00ed turistiku lze samoz\u0159ejm\u011b spojit se z\u00e1bavn\u00fdm <a href=\"https:\/\/www.wagrain-kleinarl.at\/en\/activities\/active-in-winter\/winter-activities.html\" target=\"_blank\" rel=\"noopener\">s\u00e1\u0148kov\u00e1n\u00edm<\/a>. \u010cek\u00e1 na V\u00e1s 6,5 km dlouh\u00e1 p\u0159\u00edrodn\u00ed s\u00e1\u0148ka\u0159sk\u00e1 dr\u00e1ha, kter\u00e1 vede n\u00e1dhern\u00fdm horsk\u00fdm sv\u011btem v\u00a0Kleinarlu. P\u0159edt\u00edm je t\u0159eba absolvovat bu\u010f zhruba dvouhodinov\u00fd v\u00fdstup na kopec, nebo se pohodln\u011b sv\u00e9zt s\u00e1\u0148ka\u0159sk\u00fdm taxi k\u00a0nov\u00e9 chat\u011b <strong>Kleinarler H\u00fctte<\/strong>. Ne\u017e se vr\u00e1t\u00edte do \u00fadol\u00ed, m\u016f\u017eete tu ochutnat nejr\u016fzn\u011bj\u0161\u00ed lah\u016fdky nebo se zah\u0159\u00e1t hork\u00fdm \u010dajem.<\/p>\n<div id=\"attachment_157727\" style=\"width: 1180px\" class=\"wp-caption alignnone\"><img decoding=\"async\" aria-describedby=\"caption-attachment-157727\" class=\"wp-image-157727 size-1170_658\" src=\"https:\/\/www.salzburgerland.com\/cs\/wp-content\/uploads\/2023\/10\/rodelspass-in-wagrain-kleinarl-1170x658.jpg\" alt=\"Ve Wagrainu-Kleinarlu najdete 2 s\u00e1\u0148ka\u0159sk\u00e9 dr\u00e1hy. Jednu od chaty Kleinarler H\u00fctte a druh\u00e1 se vine od Jausenstation Ennskraxn.\" width=\"1170\" height=\"658\" srcset=\"https:\/\/www.salzburgerland.com\/cs\/wp-content\/uploads\/2023\/10\/rodelspass-in-wagrain-kleinarl-1170x658.jpg 1170w, https:\/\/www.salzburgerland.com\/cs\/wp-content\/uploads\/2023\/10\/rodelspass-in-wagrain-kleinarl-1200x675.jpg 1200w\" sizes=\"(max-width: 1170px) 100vw, 1170px\"><p id=\"caption-attachment-157727\" class=\"wp-caption-text\">S\u00e1\u0148kov\u00e1n\u00ed ve Wagrainu-Kleinarlu \u00a9 Wagrain-Kleinarl Tourismus<\/p><\/div>\n<p>Ve Wagrainu-Kleinarlu najdete <strong>2 s\u00e1\u0148ka\u0159sk\u00e9 dr\u00e1hy<\/strong>. Jednu od chaty Kleinarler H\u00fctte a druh\u00e1 se vine od Jausenstation Ennskraxn. S\u00e1\u0148ky si m\u016f\u017eete p\u016fj\u010dit za 3 \u20ac (2 \u20ac s kartou hosta) denn\u011b mezi 10:00 a 22:00 u Jausenstation Ennskraxn. Pokud je pro V\u00e1s v\u00fdstup p\u0159\u00edli\u0161 dlouh\u00fd, vyzvedne V\u00e1s na parkovi\u0161ti Hirschleiten se san\u011bmi hostinsk\u00fd Alois z chaty Kleinarler H\u00fctte. Sta\u010d\u00ed si p\u0159edem rezervovat m\u00edsto (tel. +43 664 3709977). Do auta se vejde a\u017e 8 osob.<\/p>\n<p><iframe title=\"Rodeln in Wagrain-Kleinarl\" width=\"500\" height=\"281\" src=\"https:\/\/www.youtube-nocookie.com\/embed\/WUqBATxBubg?feature=oembed&amp;rel=0&amp;modestbranding=1\" frameborder=\"0\" allow=\"accelerometer; autoplay; clipboard-write; encrypted-media; gyroscope; picture-in-picture; web-share\" referrerpolicy=\"strict-origin-when-cross-origin\" allowfullscreen><\/iframe><\/p>\n<h3><strong>Skitouring v\u00a0pra\u0161anu mimo sjezdovky<\/strong><\/h3>\n<p>Mimo sjezdovky si milovn\u00edci zimn\u00edch sport\u016f u\u017eij\u00ed zimu naplno p\u0159i <strong><a href=\"https:\/\/www.wagrain-kleinarl.at\/en\/infrastructure\/wagrain-skitouren-backcountry-atomic-testcenter.html\" target=\"_blank\" rel=\"noopener\">skitouringu<\/a><\/strong>\/<strong>skialpinismu<\/strong>. Na chat\u00e1ch \u010dekaj\u00ed vydatn\u00e9 region\u00e1ln\u00ed pochoutky. Posiln\u011bni pak vyra\u017ete dolu do \u00fadol\u00ed \u010derstv\u00fdm pra\u0161anem. Ly\u017ea\u0159sk\u00e9 t\u00fary jsou velmi obl\u00edben\u00e9. M\u016f\u017eete si vychutnat zimn\u00ed krajinu Wagrainu-Kleinarlu, daleko od ruchu a shonu. Ly\u017ea\u0159sk\u00fd v\u00fd\u0161lap na Kleinarler H\u00fctte, Penkkopf, Shuttleberg, T\u00f6rlstein nebo lanovku \u201eRoten 8er\u201c jist\u011b nezapomenete. P\u0159i skialpinismu v\u017edy v\u011bnujte pozornost <strong>aktu\u00e1ln\u00ed lavinov\u00e9 situaci<\/strong>. Nikdy nevyr\u00e1\u017eejte do ter\u00e9nu bez odpov\u00eddaj\u00edc\u00edho vybaven\u00ed (lopata, sonda a lavinov\u00fd vyhled\u00e1va\u010d).<\/p>\n<div id=\"attachment_157770\" style=\"width: 1180px\" class=\"wp-caption alignnone\"><img decoding=\"async\" aria-describedby=\"caption-attachment-157770\" class=\"wp-image-157770 size-1170_658\" src=\"https:\/\/www.salzburgerland.com\/cs\/wp-content\/uploads\/2023\/10\/abseits-der-skipiste-c-wagrain-kleinarl-tourismus-5-1170x658.jpg\" alt=\"P\u0159i ly\u017ea\u0159sk\u00fdch t\u00far\u00e1ch si m\u016f\u017eete vychutnat zimn\u00ed krajinu Wagrainu-Kleinarlu v pra\u0161anu, daleko od ruchu a shonu sjezdovek\" width=\"1170\" height=\"658\" srcset=\"https:\/\/www.salzburgerland.com\/cs\/wp-content\/uploads\/2023\/10\/abseits-der-skipiste-c-wagrain-kleinarl-tourismus-5-1170x658.jpg 1170w, https:\/\/www.salzburgerland.com\/cs\/wp-content\/uploads\/2023\/10\/abseits-der-skipiste-c-wagrain-kleinarl-tourismus-5-1200x675.jpg 1200w\" sizes=\"(max-width: 1170px) 100vw, 1170px\"><p id=\"caption-attachment-157770\" class=\"wp-caption-text\">Skialpy stranou od sjezdovek ve Wagrainu-Kleinarlu \u00a9 Wagrain-Kleinarl Tourismus<\/p><\/div>\n<h3><strong>B\u011b\u017eky ve Wagrainu-Kleinarlu<\/strong><\/h3>\n<p>Wagrain-Kleinarl je ide\u00e1ln\u00ed pro <a href=\"https:\/\/www.wagrain-kleinarl.at\/en\/infrastructure\/kleinarl-cross-country-skiing-in-wagrain-kleinarl.html\" target=\"_blank\" rel=\"noopener\"><strong>b\u011b\u017eeck\u00e9 ly\u017eov\u00e1n\u00ed<\/strong><\/a>. A\u0165 u\u017e jste p\u0159\u00edznivcem klasiky nebo bruslen\u00ed. B\u011b\u017eky jsou zpest\u0159en\u00edm pro ka\u017ed\u00e9ho, z\u00e1rove\u0148 pos\u00edl\u00edte t\u011blo od hlavy a\u017e k\u00a0pat\u011b. S\u00ed\u0165 tras tvo\u0159\u00ed osm lehk\u00fdch a st\u0159edn\u011b t\u011b\u017ek\u00fdch trat\u00ed o celkov\u00e9 d\u00e9lce 26 kilometr\u016f a d\u011blaj\u00ed z Wagrain-Kleinarlu mal\u00fd, ale kr\u00e1sn\u00fd b\u011b\u017eka\u0159sk\u00fd r\u00e1j. Malebn\u00fdm vrcholem je J\u00e4gerseeloipe. Vede z Ployergasse nebo z parkovi\u0161t\u011b u cedule obce Kleinarl na trase dlouh\u00e9 p\u0159ibli\u017en\u011b 6,5 km s\u00a0v\u00fd\u0161kov\u00fdm rozd\u00edlem 130 metr\u016f k\u00a0poh\u00e1dkov\u00e9mu jezeru <strong>J\u00e4gersee<\/strong>.<\/p>\n<p><iframe title=\"Langlaufen &amp; Skating in Wagrain-Kleinarl\" width=\"500\" height=\"281\" src=\"https:\/\/www.youtube-nocookie.com\/embed\/eRO_fgnTMEs?feature=oembed&amp;rel=0&amp;modestbranding=1\" frameborder=\"0\" allow=\"accelerometer; autoplay; clipboard-write; encrypted-media; gyroscope; picture-in-picture; web-share\" referrerpolicy=\"strict-origin-when-cross-origin\" allowfullscreen><\/iframe><\/p>\n<p>V cel\u00e9m <a href=\"https:\/\/www.salzburgerland.com\/cs\/salcbursky-sportovni-svet-v-zime\/\">Salcbursk\u00e9m sportovn\u00edm sv\u011bt\u011b<\/a> na V\u00e1s pak \u010dek\u00e1 celkem <strong>260 kilometr\u016f b\u011b\u017eeck\u00fdch trat\u00ed<\/strong> pro v\u0161echny \u00farovn\u011b pokro\u010dilosti. S kartou pro hosty mohou b\u011b\u017eka\u0159i vyu\u017e\u00edvat trasy zdarma. Cht\u011bli byste se nau\u010dit na b\u011b\u017ek\u00e1ch? Pak jsou V\u00e1m k dispozici zku\u0161en\u00ed instrukto\u0159i, kte\u0159\u00ed pomohou a porad\u00ed. Zdatn\u00fdm b\u011b\u017eka\u0159\u016fm tak\u00e9 r\u00e1di porad\u00ed, jak zlep\u0161it techniku. Samoz\u0159ejmost\u00ed jsou u trat\u00ed p\u0159\u00edjemn\u00e9 ob\u010derstvovac\u00ed zast\u00e1vky. Vybaven\u00ed na b\u011b\u017eky si tak\u00e9 m\u016f\u017eete leckde zap\u016fj\u010dit.<\/p>\n<div id=\"attachment_157776\" style=\"width: 1180px\" class=\"wp-caption alignnone\"><img decoding=\"async\" aria-describedby=\"caption-attachment-157776\" class=\"wp-image-157776 size-1170_658\" src=\"https:\/\/www.salzburgerland.com\/cs\/wp-content\/uploads\/2023\/10\/abseits-der-skipiste-c-wagrain-kleinarl-tourismus-1-1170x658.jpg\" alt=\"Wagrain-Kleinarl je ide\u00e1ln\u00ed pro b\u011b\u017eeck\u00e9 ly\u017eov\u00e1n\u00ed. A\u0165 u\u017e jste p\u0159\u00edznivcem klasiky nebo bruslen\u00ed.\" width=\"1170\" height=\"658\" srcset=\"https:\/\/www.salzburgerland.com\/cs\/wp-content\/uploads\/2023\/10\/abseits-der-skipiste-c-wagrain-kleinarl-tourismus-1-1170x658.jpg 1170w, https:\/\/www.salzburgerland.com\/cs\/wp-content\/uploads\/2023\/10\/abseits-der-skipiste-c-wagrain-kleinarl-tourismus-1-1200x675.jpg 1200w\" sizes=\"(max-width: 1170px) 100vw, 1170px\"><p id=\"caption-attachment-157776\" class=\"wp-caption-text\">Mal\u00fd b\u011b\u017eka\u0159sk\u00fd r\u00e1j Wagrain-Kleinarl nab\u00edz\u00ed mnoho zaj\u00edmav\u00fdch tras \u00a9 Wagrain-Kleinarl Tourismus<\/p><\/div>\n<h3><strong>Proj\u00ed\u017e\u010fky na san\u00edch ta\u017een\u00fdch ko\u0148mi<\/strong><\/h3>\n<p>Zabaleni do tepl\u00fdch dek <a href=\"https:\/\/www.wagrain-kleinarl.at\/en\/events\/page-horse-drawn-carriage-ride.html\" target=\"_blank\" rel=\"noopener\"><strong>na san\u00edch ta\u017een\u00fdch ko\u0148mi<\/strong><\/a>, proj\u00ed\u017ed\u011bj\u00edc\u00ed idylickou zimn\u00ed krajinou Wagrain-Kleinarl, to je \u00fapln\u011b jin\u00fd pohled na sv\u011bt. Klidn\u00fd, romantick\u00fd, uvol\u0148uj\u00edc\u00ed. Ticho p\u0159eru\u0161uje jen k\u0159up\u00e1n\u00ed sn\u011bhu, cv\u00e1l\u00e1n\u00ed a frk\u00e1n\u00ed kon\u00ed. Ko\u010d\u00ed maj\u00ed co vypr\u00e1v\u011bt. Vezmou V\u00e1s na v\u00fdlet, abyste se pod\u00edvali, jak to ve Wagrain-Kleinarlu kdysi vypadalo \u2013 nebo si s\u00a0V\u00e1mi jen tak popov\u00eddaj\u00ed o v\u0161em mo\u017en\u00e9m. A\u017e doraz\u00edte do c\u00edle, zastavte se v \u00fatuln\u00e9 chat\u011b na \u010daj, sva\u0159\u00e1k nebo vo\u0148av\u00fd pun\u010d.<\/p>\n<p><iframe title=\"Mit der Pferdekutsche durch die Winterlandschaft in Wagrain-Kleinarl\" width=\"500\" height=\"281\" src=\"https:\/\/www.youtube-nocookie.com\/embed\/foUxw9lcFro?feature=oembed&amp;rel=0&amp;modestbranding=1\" frameborder=\"0\" allow=\"accelerometer; autoplay; clipboard-write; encrypted-media; gyroscope; picture-in-picture; web-share\" referrerpolicy=\"strict-origin-when-cross-origin\" allowfullscreen><\/iframe><\/p>\n<p>Obl\u00edben\u00e9 jsou tak\u00e9 v\u00fdlety s\u00a0roztomil\u00fdmi <a href=\"https:\/\/www.wagrain-kleinarl.at\/en\/explore\/alpaka-alm-kitzsteingut.html\" target=\"_blank\" rel=\"noopener\"><strong>alpakami<\/strong><\/a>. Kitzsteingut ve Wagrainu se nach\u00e1z\u00ed na klidn\u00e9m statku na samot\u011b v nadmo\u0159sk\u00e9 v\u00fd\u0161ce p\u0159ibli\u017en\u011b 1 300 m. Farmu vede Bernhard Maurer, kter\u00fd je nad\u0161en\u00fdm chovatelem. Chladn\u00e9 zimy se spoustou sn\u011bhu pro lamy nejsou \u017e\u00e1dn\u00fd probl\u00e9m. Na statku si prohl\u00e9dnete roztomil\u00e9 alpaky, kter\u00e9 si m\u016f\u017eete pohladit, uvid\u00edte i star\u00fd stroj na zpracov\u00e1v\u00e1n\u00ed jejich vlny a dozv\u00edte se v\u00edce informac\u00ed o t\u011bchto p\u0159\u00e1telsk\u00fdch zv\u00ed\u0159atech.<\/p>\n<div id=\"attachment_157765\" style=\"width: 1180px\" class=\"wp-caption alignnone\"><img decoding=\"async\" aria-describedby=\"caption-attachment-157765\" class=\"size-1170_658 wp-image-157765\" src=\"https:\/\/www.salzburgerland.com\/cs\/wp-content\/uploads\/2023\/10\/abseits-der-skipiste-c-wagrain-kleinarl-tourismus-2-1170x658.jpg\" alt=\"Lama alpaka je roztomil\u00e9 a p\u0159\u00e1telsk\u00e9 zv\u00ed\u0159e, kter\u00e9 se t\u011b\u0161\u00ed na to, a\u017e si s V\u00e1mi vyraz\u00ed na proch\u00e1zku zasn\u011b\u017een\u00fdm Wagrainem\" width=\"1170\" height=\"658\" srcset=\"https:\/\/www.salzburgerland.com\/cs\/wp-content\/uploads\/2023\/10\/abseits-der-skipiste-c-wagrain-kleinarl-tourismus-2-1170x658.jpg 1170w, https:\/\/www.salzburgerland.com\/cs\/wp-content\/uploads\/2023\/10\/abseits-der-skipiste-c-wagrain-kleinarl-tourismus-2-1200x675.jpg 1200w\" sizes=\"(max-width: 1170px) 100vw, 1170px\"><p id=\"caption-attachment-157765\" class=\"wp-caption-text\">Turistika s roztomil\u00fdmi alpakami \u00a9 Wagrain-Kleinarl Tourismus<\/p><\/div>\n<h3><strong>Bruslen\u00ed na wagrainsk\u00e9m kluzi\u0161ti<\/strong><\/h3>\n<p>P\u0159\u00edjemn\u00fdm zpest\u0159en\u00edm zimn\u00ed dovolen\u00e9 je n\u00e1v\u0161t\u011bva <a href=\"https:\/\/www.wagrain-kleinarl.at\/en\/infrastructure\/wagrain-ice-rink-at-main-station-flying-mozart.html\" target=\"_blank\" rel=\"noopener\"><strong>wagrainsk\u00e9ho kluzi\u0161t\u011b<\/strong><\/a>, kter\u00e9 se nach\u00e1z\u00ed u doln\u00ed stanice lanovky Flying Mozart. Jezd\u011bte za doprovodu hudby, kluzi\u0161t\u011b je osv\u011btlen\u00e9 a\u017e do ve\u010dera a brusle pro d\u011bti i dosp\u011bl\u00e9 si m\u016f\u017eete zap\u016fj\u010dit p\u0159\u00edmo na m\u00edst\u011b. Na m\u00edst\u011b jsou tak\u00e9 \u0161atny, soci\u00e1ln\u00ed za\u0159\u00edzen\u00ed a mal\u00fd bar s\u00a0ob\u010derstven\u00edm.<\/p>\n<div id=\"attachment_157763\" style=\"width: 885px\" class=\"wp-caption alignnone\"><img decoding=\"async\" aria-describedby=\"caption-attachment-157763\" class=\"size-medium wp-image-157763\" src=\"https:\/\/www.salzburgerland.com\/cs\/wp-content\/uploads\/2023\/10\/eislaufen-wagrain-875x569.jpg\" alt=\"Osv\u011btlen\u00e9 kluzi\u0161t\u011b ve Wagrainu nab\u00edz\u00ed p\u016fj\u010dovnu brusl\u00ed, soci\u00e1ln\u00ed za\u0159\u00edzen\u00ed, \u0161atny i bar s ob\u010derstven\u00edm\" width=\"875\" height=\"569\"><p id=\"caption-attachment-157763\" class=\"wp-caption-text\">Bruslen\u00ed ve Wagrainu \u00a9 Wagrain-Kleinarl Tourismus<\/p><\/div>\n<h3><strong>Snowbike<\/strong><\/h3>\n<p>Hled\u00e1te zm\u011bnu? Chcete svi\u0161t\u011bt po sjezdovce vsed\u011b? Co takhle j\u00edzda na <a href=\"https:\/\/www.wagrain-kleinarl.at\/en\/infrastructure\/wagrain-snowbike-wagrain.html\" target=\"_blank\" rel=\"noopener\"><strong>sn\u011b\u017en\u00e9m kole<\/strong><\/a>? Den na snowbiku V\u00e1m zimn\u00ed dovolenou opravdu o\u017eiv\u00ed. P\u016fj\u010dte si snowbike v Intersportu Wagrain u vleku \u201eRote 8er\u201c nebo ve Sport Hauser v <a href=\"https:\/\/www.wagrain-kleinarl.at\/en\/infrastructure\/kleinarl-snowbike-kleinarl-1.html\" target=\"_blank\" rel=\"noopener\">Kleinarlu<\/a>. Nejste je\u0161t\u011b profesion\u00e1ln\u00ed snowbiker? Pak V\u00e1s na\u0161i pr\u016fvodci nau\u010d\u00ed spr\u00e1vnou techniku na dvouhodinov\u00e9m workshopu. Kurzy se konaj\u00ed p\u0159i minim\u00e1ln\u00edm po\u010dtu 2 \u00fa\u010dastn\u00edk\u016f. P\u0159ihlaste se pros\u00edm p\u0159edem.<\/p>\n<div id=\"attachment_157767\" style=\"width: 885px\" class=\"wp-caption alignnone\"><img decoding=\"async\" aria-describedby=\"caption-attachment-157767\" class=\"wp-image-157767 size-medium\" src=\"https:\/\/www.salzburgerland.com\/cs\/wp-content\/uploads\/2023\/10\/snowbiken-1-875x569.jpg\" alt='\u016fj\u010dte si snowbike v Intersportu Wagrain u vleku \"Rote 8er\" nebo ve Sport Hauser v Kleinarlu.' width=\"875\" height=\"569\"><p id=\"caption-attachment-157767\" class=\"wp-caption-text\">Z\u00e1bava na sn\u011b\u017en\u00e9m kole \u00a9 Wagrain-Kleinarl Tourismus<\/p><\/div>\n<h3><strong>Tandemov\u00e9 a paraglidingov\u00e9 lety<\/strong><\/h3>\n<p>Cht\u011bli byste poznat Wagrain-Kleinarl z pta\u010d\u00ed perspektivy? Pak sta\u010d\u00ed zavolat Sebastianu Schaidreiterovi, aby V\u00e1m nab\u00eddl <strong><a href=\"https:\/\/www.wagrain-kleinarl.at\/en\/infrastructure\/wagrain-tandem-paragleiten-sebastian-schaidreiter.html\" target=\"_blank\" rel=\"noopener\">tandemov\u00e9 a paraglidingov\u00e9 lety<\/a><\/strong>. P\u0159i tandemov\u00e9m letu m\u00e1te zaru\u010den\u00fd jedine\u010dn\u00fd a neobvykl\u00fd v\u00fdhled. Vyplat\u00ed se v\u0161ak teple se obl\u00e9knout. \u017d\u00e1dn\u00e9 p\u0159edchoz\u00ed zku\u0161enosti nejsou nutn\u00e9.<\/p>\n<h3><strong>Metan\u00e1 na led\u011b<\/strong><\/h3>\n<p>U\u017e jste n\u011bkdy vyzkou\u0161eli <strong>metanou na led\u011b<\/strong>, kter\u00e1 je trochu podobn\u00e1 curlingu? Vyzkou\u0161ejte si ho nap\u0159\u00edklad v <a href=\"https:\/\/www.wagrain-kleinarl.at\/en\/infrastructure\/kleinarl-ice-stock-rink-kleinarl.html\" target=\"_blank\" rel=\"noopener\">Kleinarlu<\/a> nebo ve <a href=\"https:\/\/www.wagrain-kleinarl.at\/en\/infrastructure\/wagrain-ice-stock-rink-wagrain.html\" target=\"_blank\" rel=\"noopener\">Wagrainu<\/a>. Metan\u00e1 je obl\u00edben\u00fd sport, posledn\u00ed dobou u mlad\u00fdch i star\u0161\u00edch. Dob\u0159e se rozm\u00e1chn\u011bte, p\u0159esn\u011b zami\u0159te a kotou\u010d s\u00a0rukojet\u00ed bude svi\u0161t\u011bt po led\u011b. C\u00edlem je dostat se co nejbl\u00ed\u017ee ke gumov\u00e9mu krou\u017eku \u201eHaserl\u201c (puk) a pokud mo\u017eno odklidit z cesty kotou\u010de soupe\u0159ova t\u00fdmu. U\u017eijte si n\u011bkolik p\u0159\u00edjemn\u00fdch chvil a spole\u010densk\u00fd ve\u010der na h\u0159i\u0161ti v centru Wagrainu. O n\u00e1poje pro zah\u0159\u00e1t\u00ed je tady taky postar\u00e1no.<\/p>\n<div id=\"attachment_157762\" style=\"width: 1180px\" class=\"wp-caption alignnone\"><img decoding=\"async\" aria-describedby=\"caption-attachment-157762\" class=\"size-1170_658 wp-image-157762\" src=\"https:\/\/www.salzburgerland.com\/cs\/wp-content\/uploads\/2023\/10\/abseits-der-skipiste-c-wagrain-kleinarl-tourismus-9-1170x658.jpg\" alt=\"Metan\u00e1 na led\u011b je podobn\u00e1 curlingu a m\u016f\u017eete si ji zahr\u00e1t na dr\u00e1h\u00e1ch ve Wagrainu a Kleinarlu\" width=\"1170\" height=\"658\" srcset=\"https:\/\/www.salzburgerland.com\/cs\/wp-content\/uploads\/2023\/10\/abseits-der-skipiste-c-wagrain-kleinarl-tourismus-9-1170x658.jpg 1170w, https:\/\/www.salzburgerland.com\/cs\/wp-content\/uploads\/2023\/10\/abseits-der-skipiste-c-wagrain-kleinarl-tourismus-9-1200x675.jpg 1200w\" sizes=\"(max-width: 1170px) 100vw, 1170px\"><p id=\"caption-attachment-157762\" class=\"wp-caption-text\">Metan\u00e1 na led\u011b je zaj\u00edmavou z\u00e1bavou mimo sjezdovky \u00a9 Wagrain-Kleinarl Tourismus<\/p><\/div>\n<p>A\u0165 u\u017e ve dvojici nebo ve v\u011bt\u0161\u00ed skupin\u011b, je to rozhodn\u011b z\u00e1bava. P\u0159\u00edrodn\u00ed dr\u00e1hu na metanou v\u00a0Kleinarlu m\u016f\u017eete nav\u0161t\u00edvit kdykoli po p\u0159edchoz\u00ed domluv\u011b (0043 664 426 4979 \/ Eisstockverein Kleinarl). Na m\u00edst\u011b si m\u016f\u017eete za drobn\u00fd poplatek zap\u016fj\u010dit vybaven\u00ed. Jedinou podm\u00ednkou je dobr\u00e1 obuv.<\/p>\n<h3><strong>Vodn\u00ed sv\u011bt Wasser Welt ve Wagrainu <\/strong><\/h3>\n<p>A\u0165 u\u017e se chcete zah\u0159\u00e1t po chladn\u00e9m zimn\u00edm dni, hled\u00e1te program za \u0161patn\u00e9ho po\u010das\u00ed nebo chcete nechat odpo\u010dinout unaven\u00e9 svaly po dlouh\u00e9m dni str\u00e1ven\u00e9m na t\u00fa\u0159e, <strong><a href=\"https:\/\/www.wagrain-kleinarl.at\/en\/infrastructure\/wagrain-water-world-wagrain.html\" target=\"_blank\" rel=\"noopener\">Wasserwelt Wagrain<\/a><\/strong> stoj\u00ed za n\u00e1v\u0161t\u011bvu. Kryt\u00e9 a vyh\u0159\u00edvan\u00e9 baz\u00e9ny, 5 skluzavek, 2 d\u011btsk\u00e9 baz\u00e9ny, relaxa\u010dn\u00ed prostory, atrakce pro mal\u00e9 i velk\u00e9, parn\u00ed l\u00e1ze\u0148 a \u00fatuln\u00e1 rodinn\u00e1 sauna d\u011blaj\u00ed z Wasserweltu skv\u011bl\u00fd z\u00e1\u017eitek pro ka\u017ed\u00e9ho.<\/p>\n<div id=\"attachment_157759\" style=\"width: 1180px\" class=\"wp-caption alignnone\"><img decoding=\"async\" aria-describedby=\"caption-attachment-157759\" class=\"wp-image-157759 size-1170_658\" src=\"https:\/\/www.salzburgerland.com\/cs\/wp-content\/uploads\/2023\/10\/abseits-der-skipiste-c-wagrain-kleinarl-tourismus-12-1170x658.jpg\" alt=\"Kryt\u00e9 vyh\u0159\u00edvan\u00e9 baz\u00e9ny, skluzavky, parn\u00ed l\u00e1ze\u0148, sauny a mnoho dal\u0161\u00edho. To v\u0161e nab\u00edz\u00ed are\u00e1l Wasser Welt ve Wagrainu\" width=\"1170\" height=\"658\" srcset=\"https:\/\/www.salzburgerland.com\/cs\/wp-content\/uploads\/2023\/10\/abseits-der-skipiste-c-wagrain-kleinarl-tourismus-12-1170x658.jpg 1170w, https:\/\/www.salzburgerland.com\/cs\/wp-content\/uploads\/2023\/10\/abseits-der-skipiste-c-wagrain-kleinarl-tourismus-12-1200x675.jpg 1200w\" sizes=\"(max-width: 1170px) 100vw, 1170px\"><p id=\"caption-attachment-157759\" class=\"wp-caption-text\">Wasser Welt ve Wagrainu je pro dr\u017eitele karty host\u016f zdarma \u00a9 Wagrain-Kleinarl Tourismus<\/p><\/div>\n<p>Ud\u011blejte si \u010das a za\u0159a\u010fte n\u00e1v\u0161t\u011bvu Wasserweltu mezi volno\u010dasov\u00e9 aktivity b\u011bhem Va\u0161\u00ed zimn\u00ed dovolen\u00e9 ve Wagrainu-Kleinarlu! Rodi\u010de si odpo\u010dinou, d\u011bti se vy\u0159\u00e1d\u00ed. Pro v\u0161echny hosty ubytovan\u00e9 u partnersk\u00fdch provozovatel\u016f ve Wagrainu-Kleinarlu je vstup do are\u00e1lu Wasserwelt Wagrain ka\u017ed\u00fd den na 3 hodiny zdarma.<\/p>\n<div id=\"attachment_157760\" style=\"width: 1180px\" class=\"wp-caption alignnone\"><img decoding=\"async\" aria-describedby=\"caption-attachment-157760\" class=\"wp-image-157760 size-1170_658\" src=\"https:\/\/www.salzburgerland.com\/cs\/wp-content\/uploads\/2023\/10\/abseits-der-skipiste-c-wagrain-kleinarl-tourismus-13-1170x658.jpg\" alt=\"Dv\u011b sauny nab\u00edzej\u00ed v are\u00e1lu Wasser Welt ve Wagrainu p\u0159\u00edjemn\u00fd odpo\u010dinek\" width=\"1170\" height=\"658\" srcset=\"https:\/\/www.salzburgerland.com\/cs\/wp-content\/uploads\/2023\/10\/abseits-der-skipiste-c-wagrain-kleinarl-tourismus-13-1170x658.jpg 1170w, https:\/\/www.salzburgerland.com\/cs\/wp-content\/uploads\/2023\/10\/abseits-der-skipiste-c-wagrain-kleinarl-tourismus-13-1200x675.jpg 1200w\" sizes=\"(max-width: 1170px) 100vw, 1170px\"><p id=\"caption-attachment-157760\" class=\"wp-caption-text\">Sauny ve vodn\u00edm sv\u011bt\u011b ve Wagrainu \u00a9 Wagrain-Kleinarl Tourismus<\/p><\/div>\n<h3><strong>Po stop\u00e1ch Josepha Mohra a Muzeum Tich\u00e9 noci ve Wagrainu-Kleinarlu<\/strong><\/h3>\n<p>Dnes sv\u011btozn\u00e1m\u00e1 v\u00e1no\u010dn\u00ed p\u00edse\u0148 Tich\u00e1 noc, svat\u00e1 noc (poprv\u00e9 uveden\u00e1 1818), je spjat\u00e1 s\u00a0dvojic\u00ed autor\u016f, Franzem Xaverem Gruberem, kter\u00fd slo\u017eil jej\u00ed hudbu a tv\u016frcem textu,<a href=\"https:\/\/www.salzburgerland.com\/cs\/ticha-noc-joseph-mohr-1792-1848\/\"><strong> Josephem Mohrem<\/strong><\/a>. Tento \u0159\u00edmskokatolick\u00fd kn\u011bz p\u016fsobil od roku 1837 ve Wagrainu, kter\u00fd byl malou, odlehlou horskou osadou a Mohr byl velk\u00fd lidumil, kter\u00fd se tady \u010dinorod\u011b v\u011bnoval pomoci pot\u0159ebn\u00fdm. Nejv\u00edce mu le\u017eely na srdci osudy chud\u00fdch d\u011bt\u00ed a potomk\u016f sedl\u00e1k\u016f, kter\u00e9 musely pracovat na statc\u00edch a nebyly pen\u00edze na to, pos\u00edlat je do \u0161koly.<\/p>\n<div id=\"attachment_157754\" style=\"width: 1180px\" class=\"wp-caption alignnone\"><img decoding=\"async\" aria-describedby=\"caption-attachment-157754\" class=\"wp-image-157754 size-1170_658\" src=\"https:\/\/www.salzburgerland.com\/cs\/wp-content\/uploads\/2023\/10\/pflegerschloessl-in-wagrain-1170x658.jpg\" alt=\"Muzeum Tich\u00e9 noci ve Wagrainu je v\u011bnov\u00e1no nejen \u017eivotu a d\u00edlu b\u00e1sn\u00edka, ale tak\u00e9 celosv\u011btov\u00e9mu \u0161\u00ed\u0159en\u00ed a vlivu p\u00edsn\u011b.\" width=\"1170\" height=\"658\" srcset=\"https:\/\/www.salzburgerland.com\/cs\/wp-content\/uploads\/2023\/10\/pflegerschloessl-in-wagrain-1170x658.jpg 1170w, https:\/\/www.salzburgerland.com\/cs\/wp-content\/uploads\/2023\/10\/pflegerschloessl-in-wagrain-1200x675.jpg 1200w\" sizes=\"(max-width: 1170px) 100vw, 1170px\"><p id=\"caption-attachment-157754\" class=\"wp-caption-text\">Muzeum Tich\u00e9 noci v Pflegerschl\u00f6sslu ve Wagrainu \u00a9 Wagrain-Kleinarl Tourismus<\/p><\/div>\n<p>Poda\u0159ilo se mu vybudovat \u0161kolu a z\u00edskat i prost\u0159edky, aby d\u011bti mohly m\u00edt vzd\u011bl\u00e1n\u00ed. V t\u00e9to \u0161kole pak vyu\u010doval 170 d\u011bt\u00ed. Ve Wagrainu je dodnes mo\u017en\u00e9 vid\u011bt p\u016fvodn\u00ed faru, ve kter\u00e9 bydlel a zem\u0159el, i \u0161kolu \u201eJoseph-Mohr-Schule\u201c, kterou zalo\u017eil. Poh\u0159ben je zde na m\u00edstn\u00edm h\u0159bitov\u011b. V drsn\u00e9m podneb\u00ed sv\u011bta hor se nec\u00edtil dob\u0159e, po nachlazen\u00ed se nedok\u00e1zal po\u0159\u00e1dn\u011b zotavit a nakonec zem\u0159el ve v\u011bku pouh\u00fdch 56 let. \u201eKn\u011bz chud\u00fdch\u201c se nedo\u017eil toho, \u017ee se jeho b\u00e1se\u0148 stala sv\u011btozn\u00e1mou v\u00e1no\u010dn\u00ed koledou.<\/p>\n<p>Jak dokazuje v\u00fdstava o Tich\u00e9 noci v <strong><a href=\"https:\/\/www.wagrain-kleinarl.at\/en\/infrastructure\/wagrain-silent-night-mueseum-in-the-pflegerschloessl.html\" target=\"_blank\" rel=\"noopener\">Pflegerschl\u00f6sslu<\/a><\/strong>, jeho d\u00edlo v\u0161ak nebylo zapomenuto.\u00a0Muzeum Tich\u00e9 noci ve Wagrainu je v\u011bnov\u00e1no nejen \u017eivotu a d\u00edlu b\u00e1sn\u00edka, ale tak\u00e9 celosv\u011btov\u00e9mu \u0161\u00ed\u0159en\u00ed a vlivu p\u00edsn\u011b.<\/p>\n<h3><strong>Romantick\u00fd advent ve Wagrainu-Kleinarlu<\/strong><\/h3>\n<p>B\u011bhem <strong><a href=\"https:\/\/www.wagrain-kleinarl.at\/en\/events\/page-advent-magic-kleinarl-1.html\" target=\"_blank\" rel=\"noopener\">adventu<\/a> <\/strong>obklopuje Wagrain-Kleinarl zvl\u00e1\u0161tn\u00ed kouzlo. Adventn\u00ed program \u201e<a href=\"https:\/\/www.wagrain-kleinarl.at\/en\/event\/silent-night-advent.html\" target=\"_blank\" rel=\"noopener\">Tich\u00e1 noc<\/a>\u201c V\u00e1s i Va\u0161e bl\u00edzk\u00e9 nalad\u00ed na p\u0159edv\u00e1no\u010dn\u00ed atmosf\u00e9ru. V\u00e1no\u010dn\u00ed trhy a akce jsou v\u011bnov\u00e1ny pam\u00e1tce Josepha Mohra a nejzn\u00e1m\u011bj\u0161\u00ed v\u00e1no\u010dn\u00ed koled\u011b na sv\u011bt\u011b: \u201eTich\u00e1 noc, svat\u00e1 noc.\u201c V Muzeu tich\u00e9 noci (Pflegerschl\u00f6ssl) ve Wagrainu m\u016f\u017eete o V\u00e1noc\u00edch odevzdat sv\u00e1 p\u0159\u00e1n\u00ed sv\u011btu, Je\u017e\u00ed\u0161kovi nebo sv\u00fdm bli\u017en\u00edm. P\u0159ipojte se a napi\u0161te od srdce sv\u00e1 nejvroucn\u011bj\u0161\u00ed p\u0159\u00e1n\u00ed.<\/p>\n\n\t\t\t<div id=\"157687-2\" class=\"gallery gallery-157687 gallery-columns-3 gallery-size-1170_658\" itemscope itemtype=\"http:\/\/schema.org\/ImageGallery\">\n\t\t\t\t<ul class=\"gallery-row gallery-col-3 gallery-clear\">\n\t\t\t\t\t<li class=\"gallery-item col-3\" itemprop=\"associatedMedia\" itemscope itemtype=\"http:\/\/schema.org\/ImageObject\">\n\t\t\t\t\t\t<div class=\"gallery-icon landscape\"><a href=\"https:\/\/www.salzburgerland.com\/cs\/wp-content\/uploads\/2023\/10\/abseits-der-skipiste-c-wagrain-kleinarl-tourismus-11-1601x1067.jpg\" title=\"abseits-der-skipiste-c-wagrain-kleinarl-tourismus-11\"><img decoding=\"async\" data-title=\"Adventn\u00ed trhy ve Wagrainu \u00a9 Wagrain-Kleinarl Tourismus\" title=\"Adventn\u00ed trhy ve Wagrainu \u00a9 Wagrain-Kleinarl Tourismus\" data-caption=\"Adventn\u00ed trhy ve Wagrainu \u00a9 Wagrain-Kleinarl Tourismus\" width=\"1170\" height=\"658\" src=\"https:\/\/www.salzburgerland.com\/cs\/wp-content\/uploads\/2023\/10\/abseits-der-skipiste-c-wagrain-kleinarl-tourismus-11-1170x658.jpg\" class=\"attachment-1170_658 size-1170_658\" alt='Adventn\u00ed program \"Tich\u00e1 noc\" V\u00e1s i Va\u0161e bl\u00edzk\u00e9 nalad\u00ed na p\u0159edv\u00e1no\u010dn\u00ed atmosf\u00e9ru. (Zv\u011bt\u0161en\u00fd pohled)' srcset=\"https:\/\/www.salzburgerland.com\/cs\/wp-content\/uploads\/2023\/10\/abseits-der-skipiste-c-wagrain-kleinarl-tourismus-11-1170x658.jpg 1170w, https:\/\/www.salzburgerland.com\/cs\/wp-content\/uploads\/2023\/10\/abseits-der-skipiste-c-wagrain-kleinarl-tourismus-11-1200x675.jpg 1200w\" sizes=\"(max-width: 1170px) 100vw, 1170px\" aria-describedby=\"figcaption-157687-157755\" itemprop=\"thumbnail\"><\/a><\/div>\n\t\t\t\t\t\t<span id=\"figcaption-157687-157755\" class=\"gallery-caption\" itemprop=\"caption\"><span aria-hidden=\"true\">Adventn\u00ed trhy ve Wagrainu \u00a9 Wagrain-Kleinarl Tourismus<\/span><\/span>\n\t\t\t\t\t<\/li>\n\t\t\t\t\t<li class=\"gallery-item col-3\" itemprop=\"associatedMedia\" itemscope itemtype=\"http:\/\/schema.org\/ImageObject\">\n\t\t\t\t\t\t<div class=\"gallery-icon landscape\"><a href=\"https:\/\/www.salzburgerland.com\/cs\/wp-content\/uploads\/2023\/10\/abseits-der-skipiste-c-wagrain-kleinarl-tourismus-15-1601x1067.jpg\" title=\"abseits-der-skipiste-c-wagrain-kleinarl-tourismus-15\"><img decoding=\"async\" data-title=\"D\u00edlni\u010dky s pe\u010den\u00edm cukrov\u00ed \u00a9 Wagrain-Kleinarl Tourismus\" title=\"D\u00edlni\u010dky s pe\u010den\u00edm cukrov\u00ed \u00a9 Wagrain-Kleinarl Tourismus\" data-caption=\"D\u00edlni\u010dky s pe\u010den\u00edm cukrov\u00ed \u00a9 Wagrain-Kleinarl Tourismus\" width=\"1170\" height=\"658\" src=\"https:\/\/www.salzburgerland.com\/cs\/wp-content\/uploads\/2023\/10\/abseits-der-skipiste-c-wagrain-kleinarl-tourismus-15-1170x658.jpg\" class=\"attachment-1170_658 size-1170_658\" alt='V\u00e1no\u010dn\u00ed trhy a akce jsou v\u011bnov\u00e1ny pam\u00e1tce Josepha Mohra a nejzn\u00e1m\u011bj\u0161\u00ed v\u00e1no\u010dn\u00ed koled\u011b na sv\u011bt\u011b: \"Tich\u00e1 noc, svat\u00e1 noc.\" (Zv\u011bt\u0161en\u00fd pohled)' srcset=\"https:\/\/www.salzburgerland.com\/cs\/wp-content\/uploads\/2023\/10\/abseits-der-skipiste-c-wagrain-kleinarl-tourismus-15-1170x658.jpg 1170w, https:\/\/www.salzburgerland.com\/cs\/wp-content\/uploads\/2023\/10\/abseits-der-skipiste-c-wagrain-kleinarl-tourismus-15-1200x675.jpg 1200w\" sizes=\"(max-width: 1170px) 100vw, 1170px\" aria-describedby=\"figcaption-157687-157756\" itemprop=\"thumbnail\"><\/a><\/div>\n\t\t\t\t\t\t<span id=\"figcaption-157687-157756\" class=\"gallery-caption\" itemprop=\"caption\"><span aria-hidden=\"true\">D\u00edlni\u010dky s pe\u010den\u00edm cukrov\u00ed \u00a9 Wagrain-Kleinarl Tourismus<\/span><\/span>\n\t\t\t\t\t<\/li>\n\t\t\t\t\t<li class=\"gallery-item col-3\" itemprop=\"associatedMedia\" itemscope itemtype=\"http:\/\/schema.org\/ImageObject\">\n\t\t\t\t\t\t<div class=\"gallery-icon landscape\"><a href=\"https:\/\/www.salzburgerland.com\/cs\/wp-content\/uploads\/2023\/10\/adventmarkt-stille-nacht-museum-in-wagrain-kleinarl-1601x1067.jpg\" title=\"adventmarkt-stille-nacht-museum-in-wagrain-kleinarl\"><img decoding=\"async\" data-title=\"V\u00fdrobky na st\u00e1nku adventn\u00edho trhu \u00a9 Wagrain-Kleinarl Tourismus\" title=\"V\u00fdrobky na st\u00e1nku adventn\u00edho trhu \u00a9 Wagrain-Kleinarl Tourismus\" data-caption=\"V\u00fdrobky na st\u00e1nku adventn\u00edho trhu \u00a9 Wagrain-Kleinarl Tourismus\" width=\"1170\" height=\"658\" src=\"https:\/\/www.salzburgerland.com\/cs\/wp-content\/uploads\/2023\/10\/adventmarkt-stille-nacht-museum-in-wagrain-kleinarl-1170x658.jpg\" class=\"attachment-1170_658 size-1170_658\" alt=\"V Muzeu tich\u00e9 noci (Pflegerschl\u00f6ssl) ve Wagrainu m\u016f\u017eete o V\u00e1noc\u00edch odevzdat sv\u00e1 p\u0159\u00e1n\u00ed sv\u011btu, Je\u017e\u00ed\u0161kovi nebo sv\u00fdm bli\u017en\u00edm. P\u0159ipojte se a napi\u0161te od srdce sv\u00e1 nejvroucn\u011bj\u0161\u00ed p\u0159\u00e1n\u00ed. (Zv\u011bt\u0161en\u00fd pohled)\" srcset=\"https:\/\/www.salzburgerland.com\/cs\/wp-content\/uploads\/2023\/10\/adventmarkt-stille-nacht-museum-in-wagrain-kleinarl-1170x658.jpg 1170w, https:\/\/www.salzburgerland.com\/cs\/wp-content\/uploads\/2023\/10\/adventmarkt-stille-nacht-museum-in-wagrain-kleinarl-1200x675.jpg 1200w\" sizes=\"(max-width: 1170px) 100vw, 1170px\" aria-describedby=\"figcaption-157687-157757\" itemprop=\"thumbnail\"><\/a><\/div>\n\t\t\t\t\t\t<span id=\"figcaption-157687-157757\" class=\"gallery-caption\" itemprop=\"caption\"><span aria-hidden=\"true\">V\u00fdrobky na st\u00e1nku adventn\u00edho trhu \u00a9 Wagrain-Kleinarl Tourismus<\/span><\/span>\n\t\t\t\t\t<\/li>\n\t\t\t\t<\/ul>\n\t\t\t<\/div><!-- .gallery -->\n\n<h3><a href=\"https:\/\/www.wagrain-kleinarl.at\/en\/infrastructure\/wagrain-waggerl-museum.html\" target=\"_blank\" rel=\"noopener\"><strong>Waggerl Museum<\/strong><\/a><\/h3>\n<p>Wagrain, p\u016fvabn\u00e1 horsk\u00e1 vesni\u010dka na vstupu do \u00fadol\u00ed Kleinarl, byla v\u00edce ne\u017e 50 let domovem spisovatele Karla Heinricha Waggerla, kter\u00fd pat\u0159il k nejv\u00fdznamn\u011bj\u0161\u00edm rakousk\u00fdm spisovatel\u016fm a jeho liter\u00e1rn\u00ed d\u00edlo je pln\u00e9 popis\u016f jeho domova, p\u0159i\u010dem\u017e se v\u017edy projevuje bl\u00edzk\u00fd vztah k <a href=\"https:\/\/www.wagrain-kleinarl.at\/en\/\" target=\"_blank\" rel=\"noopener\"><strong>Wagrainu<\/strong><\/a>. P\u0159ist\u011bhoval se sem v roce 1920 a pracoval zde jako u\u010ditel. Od sam\u00e9ho po\u010d\u00e1tku sv\u00e9ho p\u016fsoben\u00ed ve Wagrainu a\u017e do sv\u00e9 smrti v roce 1973 \u017eil ve \u201eWaggerlov\u011b dom\u011b\u201c, kter\u00fd je poprv\u00e9 dolo\u017een v roce 1776 a kde psal sv\u00e1 liter\u00e1rn\u00ed d\u00edla.<\/p>\n<div id=\"attachment_157751\" style=\"width: 1180px\" class=\"wp-caption alignnone\"><img decoding=\"async\" aria-describedby=\"caption-attachment-157751\" class=\"wp-image-157751 size-1170_658\" src=\"https:\/\/www.salzburgerland.com\/cs\/wp-content\/uploads\/2023\/10\/heinrich-waggerl-museum-in-wagrain-1170x658.jpg\" alt=\"Jedna z m\u00edstnost\u00ed v Muzeu Heinricha Waggerla ve Wagrainu ukazuje, jak \u017eil ve 20. letech rakousk\u00fd b\u00e1sn\u00edk\" width=\"1170\" height=\"658\" srcset=\"https:\/\/www.salzburgerland.com\/cs\/wp-content\/uploads\/2023\/10\/heinrich-waggerl-museum-in-wagrain-1170x658.jpg 1170w, https:\/\/www.salzburgerland.com\/cs\/wp-content\/uploads\/2023\/10\/heinrich-waggerl-museum-in-wagrain-1200x675.jpg 1200w\" sizes=\"(max-width: 1170px) 100vw, 1170px\"><p id=\"caption-attachment-157751\" class=\"wp-caption-text\">Muzeum Heinricha Waggerla ve Wagrainu \u00a9 Armin Walcher, Wagrain-Kleinarl Tourismus<\/p><\/div>\n<p>Nejd\u016fle\u017eit\u011bj\u0161\u00ed m\u00edstnosti jeho muzea byly ponech\u00e1ny tak, jak byly v dob\u011b, kdy v nich Waggerl \u017eil. V cel\u00e9m dom\u011b jsou k vid\u011bn\u00ed uk\u00e1zky Waggerlov\u00fdch \u0159emesln\u00fdch \u010dinnost\u00ed, jako je kniha\u0159stv\u00ed, malba, kresba, fotografie a jeho sb\u00edrky. V n\u011bkter\u00fdch m\u00edstnostech byly z\u0159\u00edzeny informa\u010dn\u00ed tabule, prosklen\u00e9 vitr\u00edny, t\u0159i audio m\u00edsta a video uk\u00e1zky s \u00fadaji o spisovateli a jeho d\u00edle. Krom\u011b toho muzeum obsahuje mnoho aspekt\u016f tradi\u010dn\u00edho vlastiv\u011bdn\u00e9ho muzea, proto\u017ee v\u0161e o jeho rodn\u00e9m kraji bylo pro Waggerlovu tvorbu velmi d\u016fle\u017eit\u00e9.<\/p>\n","protected":false},"excerpt":{"rendered":"<p>Ve Wagrainu-Kleinarlu je mnoho p\u0159\u00edle\u017eitost\u00ed, jak si u\u017e\u00edt t\u0159eba i s\u00a0celou rodinou zimn\u00ed aktivity mimo sjezdovky. Objevte malebn\u00e9 zimn\u00ed turistick\u00e9 stezkyv Salcbursk\u00e9m sportovn\u00edm sv\u011bt\u011b, za\u017eijte vzru\u0161uj\u00edc\u00ed s\u00e1\u0148kov\u00e1n\u00ed nebo bl\u00ed\u017ee poznejte Wagrain-Kleinarl na proj\u00ed\u017e\u010fce na san\u00edch ta\u017een\u00fdch ko\u0148mi. Ly\u017ea\u0159sk\u00fd v\u00fdlet nebo t\u00fara na sn\u011b\u017enic\u00edch v hlubok\u00e9m zimn\u00edm sn\u011bhu tak\u00e9 stoj\u00ed za to. Krom\u011b ly\u017eov\u00e1n\u00ed a snowboardingu [&hellip;]<\/p>\n","protected":false},"author":6,"featured_media":157772,"comment_status":"closed","ping_status":"closed","sticky":false,"template":"","format":"standard","meta":{"_acf_changed":false,"wl_entities_gutenberg":"","_relevanssi_hide_post":"","_relevanssi_hide_content":"","_relevanssi_pin_for_all":"","_relevanssi_pin_keywords":"","_relevanssi_unpin_keywords":"","_relevanssi_related_keywords":"","_relevanssi_related_include_ids":"","_relevanssi_related_exclude_ids":"","_relevanssi_related_no_append":"","_relevanssi_related_not_related":"","_relevanssi_related_posts":"","_relevanssi_noindex_reason":"","footnotes":""},"categories":[1],"tags":[],"wl_entity_type":[706],"class_list":["post-157687","post","type-post","status-publish","format-standard","has-post-thumbnail","hentry","category-uncategorized","wl_entity_type-article"],"acf":[],"yoast_head":"<!-- This site is optimized with the Yoast SEO Premium plugin v27.4 (Yoast SEO v27.4) - https:\/\/yoast.com\/product\/yoast-seo-premium-wordpress\/ -->\n<title>Zimn\u00ed aktivity mimo sjezdovky ve Wagrainu-Kleinarlu \u00bb SalzburgerLand.com<\/title>\n<meta name=\"robots\" content=\"index, follow, max-snippet:-1, max-image-preview:large, max-video-preview:-1\" \/>\n<link rel=\"canonical\" href=\"https:\/\/www.salzburgerland.com\/cs\/wagrain-kleinarl-stranou-od-sjezdovek\/\" \/>\n<meta property=\"og:locale\" content=\"cs_CZ\" \/>\n<meta property=\"og:type\" content=\"article\" \/>\n<meta property=\"og:title\" content=\"Zimn\u00ed aktivity mimo sjezdovky ve Wagrainu-Kleinarlu\" \/>\n<meta property=\"og:description\" content=\"Ve Wagrainu-Kleinarlu je mnoho p\u0159\u00edle\u017eitost\u00ed, jak si u\u017e\u00edt t\u0159eba i s\u00a0celou rodinou zimn\u00ed aktivity mimo sjezdovky. Objevte malebn\u00e9 zimn\u00ed turistick\u00e9 stezkyv\" \/>\n<meta property=\"og:url\" content=\"https:\/\/www.salzburgerland.com\/cs\/wagrain-kleinarl-stranou-od-sjezdovek\/\" \/>\n<meta property=\"og:site_name\" content=\"SalzburgerLand.com\" \/>\n<meta property=\"article:publisher\" content=\"https:\/\/www.facebook.com\/visitsalzburgerland\/\" \/>\n<meta property=\"article:published_time\" content=\"2023-10-02T13:39:00+00:00\" \/>\n<meta property=\"article:modified_time\" content=\"2023-10-16T15:01:52+00:00\" \/>\n<meta property=\"og:image\" content=\"https:\/\/www.salzburgerland.com\/cs\/wp-content\/uploads\/2023\/10\/abseits-der-skipiste-c-wagrain-kleinarl-tourismus-3-1200x675.jpg\" \/>\n\t<meta property=\"og:image:width\" content=\"1200\" \/>\n\t<meta property=\"og:image:height\" content=\"675\" \/>\n\t<meta property=\"og:image:type\" content=\"image\/jpeg\" \/>\n<meta name=\"author\" content=\"Andrea \u017d\u00e1\u010dkov\u00e1\" \/>\n<meta name=\"twitter:card\" content=\"summary_large_image\" \/>\n<meta name=\"twitter:creator\" content=\"@salzburgerland\" \/>\n<meta name=\"twitter:site\" content=\"@salzburgerland\" \/>\n<meta name=\"twitter:label1\" content=\"Napsal(a)\" \/>\n\t<meta name=\"twitter:data1\" content=\"Andrea \u017d\u00e1\u010dkov\u00e1\" \/>\n\t<meta name=\"twitter:label2\" content=\"Odhadovan\u00e1 doba \u010dten\u00ed\" \/>\n\t<meta name=\"twitter:data2\" content=\"12 minut\" \/>\n<script type=\"application\/ld+json\" class=\"yoast-schema-graph\">{\"@context\":\"https:\\\/\\\/schema.org\",\"@graph\":[{\"@type\":\"Article\",\"@id\":\"https:\\\/\\\/www.salzburgerland.com\\\/cs\\\/wagrain-kleinarl-stranou-od-sjezdovek\\\/#article\",\"isPartOf\":{\"@id\":\"https:\\\/\\\/www.salzburgerland.com\\\/cs\\\/wagrain-kleinarl-stranou-od-sjezdovek\\\/\"},\"author\":{\"name\":\"Andrea \u017d\u00e1\u010dkov\u00e1\",\"@id\":\"https:\\\/\\\/www.salzburgerland.com\\\/cs\\\/#\\\/schema\\\/person\\\/dd42a4661897004df109095dbf40eeff\"},\"headline\":\"Zimn\u00ed aktivity mimo sjezdovky ve Wagrainu-Kleinarlu\",\"datePublished\":\"2023-10-02T13:39:00+00:00\",\"dateModified\":\"2023-10-16T15:01:52+00:00\",\"mainEntityOfPage\":{\"@id\":\"https:\\\/\\\/www.salzburgerland.com\\\/cs\\\/wagrain-kleinarl-stranou-od-sjezdovek\\\/\"},\"wordCount\":2399,\"image\":{\"@id\":\"https:\\\/\\\/www.salzburgerland.com\\\/cs\\\/wagrain-kleinarl-stranou-od-sjezdovek\\\/#primaryimage\"},\"thumbnailUrl\":\"https:\\\/\\\/www.salzburgerland.com\\\/cs\\\/wp-content\\\/uploads\\\/2023\\\/10\\\/abseits-der-skipiste-c-wagrain-kleinarl-tourismus-3.jpg\",\"articleSection\":[\"Uncategorized\"],\"inLanguage\":\"cs\"},{\"@type\":\"WebPage\",\"@id\":\"https:\\\/\\\/www.salzburgerland.com\\\/cs\\\/wagrain-kleinarl-stranou-od-sjezdovek\\\/\",\"url\":\"https:\\\/\\\/www.salzburgerland.com\\\/cs\\\/wagrain-kleinarl-stranou-od-sjezdovek\\\/\",\"name\":\"Zimn\u00ed aktivity mimo sjezdovky ve Wagrainu-Kleinarlu \u00bb SalzburgerLand.com\",\"isPartOf\":{\"@id\":\"https:\\\/\\\/www.salzburgerland.com\\\/cs\\\/#website\"},\"primaryImageOfPage\":{\"@id\":\"https:\\\/\\\/www.salzburgerland.com\\\/cs\\\/wagrain-kleinarl-stranou-od-sjezdovek\\\/#primaryimage\"},\"image\":{\"@id\":\"https:\\\/\\\/www.salzburgerland.com\\\/cs\\\/wagrain-kleinarl-stranou-od-sjezdovek\\\/#primaryimage\"},\"thumbnailUrl\":\"https:\\\/\\\/www.salzburgerland.com\\\/cs\\\/wp-content\\\/uploads\\\/2023\\\/10\\\/abseits-der-skipiste-c-wagrain-kleinarl-tourismus-3.jpg\",\"datePublished\":\"2023-10-02T13:39:00+00:00\",\"dateModified\":\"2023-10-16T15:01:52+00:00\",\"author\":{\"@id\":\"https:\\\/\\\/www.salzburgerland.com\\\/cs\\\/#\\\/schema\\\/person\\\/dd42a4661897004df109095dbf40eeff\"},\"description\":\"Ve Wagrainu-Kleinarlu je mnoho p\u0159\u00edle\u017eitost\u00ed, jak si u\u017e\u00edt zimn\u00ed aktivity mimo sjezdovky\",\"breadcrumb\":{\"@id\":\"https:\\\/\\\/www.salzburgerland.com\\\/cs\\\/wagrain-kleinarl-stranou-od-sjezdovek\\\/#breadcrumb\"},\"inLanguage\":\"cs\",\"potentialAction\":[{\"@type\":\"ReadAction\",\"target\":[\"https:\\\/\\\/www.salzburgerland.com\\\/cs\\\/wagrain-kleinarl-stranou-od-sjezdovek\\\/\"]}]},{\"@type\":\"ImageObject\",\"inLanguage\":\"cs\",\"@id\":\"https:\\\/\\\/www.salzburgerland.com\\\/cs\\\/wagrain-kleinarl-stranou-od-sjezdovek\\\/#primaryimage\",\"url\":\"https:\\\/\\\/www.salzburgerland.com\\\/cs\\\/wp-content\\\/uploads\\\/2023\\\/10\\\/abseits-der-skipiste-c-wagrain-kleinarl-tourismus-3.jpg\",\"contentUrl\":\"https:\\\/\\\/www.salzburgerland.com\\\/cs\\\/wp-content\\\/uploads\\\/2023\\\/10\\\/abseits-der-skipiste-c-wagrain-kleinarl-tourismus-3.jpg\",\"width\":1900,\"height\":1264,\"caption\":\"Zimn\u00ed aktivity mimo sjezdovky ve Wagrainu-Kleinarlu \u00a9 Wagrain-Kleinarl Tourismus\"},{\"@type\":\"BreadcrumbList\",\"@id\":\"https:\\\/\\\/www.salzburgerland.com\\\/cs\\\/wagrain-kleinarl-stranou-od-sjezdovek\\\/#breadcrumb\",\"itemListElement\":[{\"@type\":\"ListItem\",\"position\":1,\"name\":\"Wagrain-Kleinarl v zim\u011b\",\"item\":\"https:\\\/\\\/www.salzburgerland.com\\\/cs\\\/wagrain-kleinarl-v-zime\\\/\"},{\"@type\":\"ListItem\",\"position\":2,\"name\":\"Zimn\u00ed aktivity mimo sjezdovky ve Wagrainu-Kleinarlu\"}]},{\"@type\":\"WebSite\",\"@id\":\"https:\\\/\\\/www.salzburgerland.com\\\/cs\\\/#website\",\"url\":\"https:\\\/\\\/www.salzburgerland.com\\\/cs\\\/\",\"name\":\"SalzburgerLand.com\",\"description\":\"Va\u0161e dovolen\u00e1 v Salcburku, Rakousko\",\"potentialAction\":[{\"@type\":\"SearchAction\",\"target\":{\"@type\":\"EntryPoint\",\"urlTemplate\":\"https:\\\/\\\/www.salzburgerland.com\\\/cs\\\/?s={search_term_string}\"},\"query-input\":{\"@type\":\"PropertyValueSpecification\",\"valueRequired\":true,\"valueName\":\"search_term_string\"}}],\"inLanguage\":\"cs\"},{\"@type\":\"Person\",\"@id\":\"https:\\\/\\\/www.salzburgerland.com\\\/cs\\\/#\\\/schema\\\/person\\\/dd42a4661897004df109095dbf40eeff\",\"name\":\"Andrea \u017d\u00e1\u010dkov\u00e1\",\"image\":{\"@type\":\"ImageObject\",\"inLanguage\":\"cs\",\"@id\":\"https:\\\/\\\/secure.gravatar.com\\\/avatar\\\/338deec8d231d56d0ab7b2b7d6d0aedbcb3eb05390f6c027fd5b7ebe87b67dbf?s=96&d=mm&r=g\",\"url\":\"https:\\\/\\\/secure.gravatar.com\\\/avatar\\\/338deec8d231d56d0ab7b2b7d6d0aedbcb3eb05390f6c027fd5b7ebe87b67dbf?s=96&d=mm&r=g\",\"contentUrl\":\"https:\\\/\\\/secure.gravatar.com\\\/avatar\\\/338deec8d231d56d0ab7b2b7d6d0aedbcb3eb05390f6c027fd5b7ebe87b67dbf?s=96&d=mm&r=g\",\"caption\":\"Andrea \u017d\u00e1\u010dkov\u00e1\"}}]}<\/script>\n<meta property=\"og:video\" content=\"https:\/\/www.youtube.com\/embed\/WUqBATxBubg\" \/>\n<meta property=\"og:video:type\" content=\"text\/html\" \/>\n<meta property=\"og:video:duration\" content=\"55\" \/>\n<meta property=\"og:video:width\" content=\"480\" \/>\n<meta property=\"og:video:height\" content=\"270\" \/>\n<meta property=\"ya:ovs:adult\" content=\"false\" \/>\n<meta property=\"ya:ovs:upload_date\" content=\"2023-10-02T13:39:00+00:00\" \/>\n<meta property=\"ya:ovs:allow_embed\" content=\"true\" \/>\n<!-- \/ Yoast SEO Premium plugin. -->","yoast_head_json":{"title":"Zimn\u00ed aktivity mimo sjezdovky ve Wagrainu-Kleinarlu \u00bb SalzburgerLand.com","robots":{"index":"index","follow":"follow","max-snippet":"max-snippet:-1","max-image-preview":"max-image-preview:large","max-video-preview":"max-video-preview:-1"},"canonical":"https:\/\/www.salzburgerland.com\/cs\/wagrain-kleinarl-stranou-od-sjezdovek\/","og_locale":"cs_CZ","og_type":"article","og_title":"Zimn\u00ed aktivity mimo sjezdovky ve Wagrainu-Kleinarlu","og_description":"Ve Wagrainu-Kleinarlu je mnoho p\u0159\u00edle\u017eitost\u00ed, jak si u\u017e\u00edt t\u0159eba i s\u00a0celou rodinou zimn\u00ed aktivity mimo sjezdovky. Objevte malebn\u00e9 zimn\u00ed turistick\u00e9 stezkyv","og_url":"https:\/\/www.salzburgerland.com\/cs\/wagrain-kleinarl-stranou-od-sjezdovek\/","og_site_name":"SalzburgerLand.com","article_publisher":"https:\/\/www.facebook.com\/visitsalzburgerland\/","article_published_time":"2023-10-02T13:39:00+00:00","article_modified_time":"2023-10-16T15:01:52+00:00","og_image":[{"width":1200,"height":675,"url":"https:\/\/www.salzburgerland.com\/cs\/wp-content\/uploads\/2023\/10\/abseits-der-skipiste-c-wagrain-kleinarl-tourismus-3-1200x675.jpg","type":"image\/jpeg"}],"author":"Andrea \u017d\u00e1\u010dkov\u00e1","twitter_card":"summary_large_image","twitter_creator":"@salzburgerland","twitter_site":"@salzburgerland","twitter_misc":{"Napsal(a)":"Andrea \u017d\u00e1\u010dkov\u00e1","Odhadovan\u00e1 doba \u010dten\u00ed":"12 minut"},"schema":{"@context":"https:\/\/schema.org","@graph":[{"@type":"Article","@id":"https:\/\/www.salzburgerland.com\/cs\/wagrain-kleinarl-stranou-od-sjezdovek\/#article","isPartOf":{"@id":"https:\/\/www.salzburgerland.com\/cs\/wagrain-kleinarl-stranou-od-sjezdovek\/"},"author":{"name":"Andrea \u017d\u00e1\u010dkov\u00e1","@id":"https:\/\/www.salzburgerland.com\/cs\/#\/schema\/person\/dd42a4661897004df109095dbf40eeff"},"headline":"Zimn\u00ed aktivity mimo sjezdovky ve Wagrainu-Kleinarlu","datePublished":"2023-10-02T13:39:00+00:00","dateModified":"2023-10-16T15:01:52+00:00","mainEntityOfPage":{"@id":"https:\/\/www.salzburgerland.com\/cs\/wagrain-kleinarl-stranou-od-sjezdovek\/"},"wordCount":2399,"image":{"@id":"https:\/\/www.salzburgerland.com\/cs\/wagrain-kleinarl-stranou-od-sjezdovek\/#primaryimage"},"thumbnailUrl":"https:\/\/www.salzburgerland.com\/cs\/wp-content\/uploads\/2023\/10\/abseits-der-skipiste-c-wagrain-kleinarl-tourismus-3.jpg","articleSection":["Uncategorized"],"inLanguage":"cs"},{"@type":"WebPage","@id":"https:\/\/www.salzburgerland.com\/cs\/wagrain-kleinarl-stranou-od-sjezdovek\/","url":"https:\/\/www.salzburgerland.com\/cs\/wagrain-kleinarl-stranou-od-sjezdovek\/","name":"Zimn\u00ed aktivity mimo sjezdovky ve Wagrainu-Kleinarlu \u00bb SalzburgerLand.com","isPartOf":{"@id":"https:\/\/www.salzburgerland.com\/cs\/#website"},"primaryImageOfPage":{"@id":"https:\/\/www.salzburgerland.com\/cs\/wagrain-kleinarl-stranou-od-sjezdovek\/#primaryimage"},"image":{"@id":"https:\/\/www.salzburgerland.com\/cs\/wagrain-kleinarl-stranou-od-sjezdovek\/#primaryimage"},"thumbnailUrl":"https:\/\/www.salzburgerland.com\/cs\/wp-content\/uploads\/2023\/10\/abseits-der-skipiste-c-wagrain-kleinarl-tourismus-3.jpg","datePublished":"2023-10-02T13:39:00+00:00","dateModified":"2023-10-16T15:01:52+00:00","author":{"@id":"https:\/\/www.salzburgerland.com\/cs\/#\/schema\/person\/dd42a4661897004df109095dbf40eeff"},"description":"Ve Wagrainu-Kleinarlu je mnoho p\u0159\u00edle\u017eitost\u00ed, jak si u\u017e\u00edt zimn\u00ed aktivity mimo sjezdovky","breadcrumb":{"@id":"https:\/\/www.salzburgerland.com\/cs\/wagrain-kleinarl-stranou-od-sjezdovek\/#breadcrumb"},"inLanguage":"cs","potentialAction":[{"@type":"ReadAction","target":["https:\/\/www.salzburgerland.com\/cs\/wagrain-kleinarl-stranou-od-sjezdovek\/"]}]},{"@type":"ImageObject","inLanguage":"cs","@id":"https:\/\/www.salzburgerland.com\/cs\/wagrain-kleinarl-stranou-od-sjezdovek\/#primaryimage","url":"https:\/\/www.salzburgerland.com\/cs\/wp-content\/uploads\/2023\/10\/abseits-der-skipiste-c-wagrain-kleinarl-tourismus-3.jpg","contentUrl":"https:\/\/www.salzburgerland.com\/cs\/wp-content\/uploads\/2023\/10\/abseits-der-skipiste-c-wagrain-kleinarl-tourismus-3.jpg","width":1900,"height":1264,"caption":"Zimn\u00ed aktivity mimo sjezdovky ve Wagrainu-Kleinarlu \u00a9 Wagrain-Kleinarl Tourismus"},{"@type":"BreadcrumbList","@id":"https:\/\/www.salzburgerland.com\/cs\/wagrain-kleinarl-stranou-od-sjezdovek\/#breadcrumb","itemListElement":[{"@type":"ListItem","position":1,"name":"Wagrain-Kleinarl v zim\u011b","item":"https:\/\/www.salzburgerland.com\/cs\/wagrain-kleinarl-v-zime\/"},{"@type":"ListItem","position":2,"name":"Zimn\u00ed aktivity mimo sjezdovky ve Wagrainu-Kleinarlu"}]},{"@type":"WebSite","@id":"https:\/\/www.salzburgerland.com\/cs\/#website","url":"https:\/\/www.salzburgerland.com\/cs\/","name":"SalzburgerLand.com","description":"Va\u0161e dovolen\u00e1 v Salcburku, Rakousko","potentialAction":[{"@type":"SearchAction","target":{"@type":"EntryPoint","urlTemplate":"https:\/\/www.salzburgerland.com\/cs\/?s={search_term_string}"},"query-input":{"@type":"PropertyValueSpecification","valueRequired":true,"valueName":"search_term_string"}}],"inLanguage":"cs"},{"@type":"Person","@id":"https:\/\/www.salzburgerland.com\/cs\/#\/schema\/person\/dd42a4661897004df109095dbf40eeff","name":"Andrea \u017d\u00e1\u010dkov\u00e1","image":{"@type":"ImageObject","inLanguage":"cs","@id":"https:\/\/secure.gravatar.com\/avatar\/338deec8d231d56d0ab7b2b7d6d0aedbcb3eb05390f6c027fd5b7ebe87b67dbf?s=96&d=mm&r=g","url":"https:\/\/secure.gravatar.com\/avatar\/338deec8d231d56d0ab7b2b7d6d0aedbcb3eb05390f6c027fd5b7ebe87b67dbf?s=96&d=mm&r=g","contentUrl":"https:\/\/secure.gravatar.com\/avatar\/338deec8d231d56d0ab7b2b7d6d0aedbcb3eb05390f6c027fd5b7ebe87b67dbf?s=96&d=mm&r=g","caption":"Andrea \u017d\u00e1\u010dkov\u00e1"}}]},"og_video":"https:\/\/www.youtube.com\/embed\/WUqBATxBubg","og_video_type":"text\/html","og_video_duration":"55","og_video_width":"480","og_video_height":"270","ya_ovs_adult":"false","ya_ovs_upload_date":"2023-10-02T13:39:00+00:00","ya_ovs_allow_embed":"true"},"_wl_alt_label":[],"wl:entity_url":"http:\/\/open.salzburgerland.com\/cs\/post\/wagrain-kleinarl-stranou-od-sjezdovek-157687","_links":{"self":[{"href":"https:\/\/www.salzburgerland.com\/cs\/wp-json\/wp\/v2\/posts\/157687","targetHints":{"allow":["GET"]}}],"collection":[{"href":"https:\/\/www.salzburgerland.com\/cs\/wp-json\/wp\/v2\/posts"}],"about":[{"href":"https:\/\/www.salzburgerland.com\/cs\/wp-json\/wp\/v2\/types\/post"}],"author":[{"embeddable":true,"href":"https:\/\/www.salzburgerland.com\/cs\/wp-json\/wp\/v2\/users\/6"}],"replies":[{"embeddable":true,"href":"https:\/\/www.salzburgerland.com\/cs\/wp-json\/wp\/v2\/comments?post=157687"}],"version-history":[{"count":5,"href":"https:\/\/www.salzburgerland.com\/cs\/wp-json\/wp\/v2\/posts\/157687\/revisions"}],"predecessor-version":[{"id":158287,"href":"https:\/\/www.salzburgerland.com\/cs\/wp-json\/wp\/v2\/posts\/157687\/revisions\/158287"}],"wp:featuredmedia":[{"embeddable":true,"href":"https:\/\/www.salzburgerland.com\/cs\/wp-json\/wp\/v2\/media\/157772"}],"wp:attachment":[{"href":"https:\/\/www.salzburgerland.com\/cs\/wp-json\/wp\/v2\/media?parent=157687"}],"wp:term":[{"taxonomy":"category","embeddable":true,"href":"https:\/\/www.salzburgerland.com\/cs\/wp-json\/wp\/v2\/categories?post=157687"},{"taxonomy":"post_tag","embeddable":true,"href":"https:\/\/www.salzburgerland.com\/cs\/wp-json\/wp\/v2\/tags?post=157687"},{"taxonomy":"wl_entity_type","embeddable":true,"href":"https:\/\/www.salzburgerland.com\/cs\/wp-json\/wp\/v2\/wl_entity_type?post=157687"}],"curies":[{"name":"wp","href":"https:\/\/api.w.org\/{rel}","templated":true}]}}