{"id":157272,"date":"2023-09-20T22:40:07","date_gmt":"2023-09-20T20:40:07","guid":{"rendered":"https:\/\/www.salzburgerland.com\/cs\/?p=157272"},"modified":"2023-10-30T07:13:42","modified_gmt":"2023-10-30T06:13:42","slug":"filzmoos-lyzovani","status":"publish","type":"post","link":"https:\/\/www.salzburgerland.com\/cs\/filzmoos-lyzovani\/","title":{"rendered":"Ly\u017eov\u00e1n\u00ed ve Filzmoos"},"content":{"rendered":"<p>Ly\u017ea\u0159i a snowboardist\u00e9 maj\u00ed ve <strong><a href=\"https:\/\/www.filzmoos.at\/en\/activities\/skigebiet-filzmoos.html\" target=\"_blank\" rel=\"noopener\">Filzmoos<\/a><\/strong> k dispozici 20 km perfektn\u011b upraven\u00fdch sjezdovek. Ka\u017ed\u00fd tady najde dostatek prostoru, co\u017e je ide\u00e1ln\u00ed i pro d\u011bti a za\u010d\u00e1te\u010dn\u00edky. Nikde \u017e\u00e1dn\u00e9 fronty, jen \u010dist\u00fd po\u017eitek z ly\u017eov\u00e1n\u00ed. Filzmoos se nach\u00e1z\u00ed 73 km ji\u017en\u011b od Salcburku, zhruba 7 km od sjezdu z d\u00e1lnice v Ebenu, v srdci nejv\u011bt\u0161\u00edho ly\u017ea\u0159sk\u00e9ho svazu v Rakousku, <a href=\"https:\/\/www.filzmoos.at\/de\/ski-amade.html\" target=\"_blank\" rel=\"noopener\"><strong>Ski amad\u00e9<\/strong><\/a>. Krom\u011b skv\u011bl\u00fdch sjezdovek se tady tak\u00e9 m\u016f\u017eete spolehnout na dostatek sn\u011bhu.<\/p>\n\n\t\t\t<div id=\"157272-1\" class=\"gallery gallery-157272 gallery-columns-3 gallery-size-1170_658\" itemscope itemtype=\"http:\/\/schema.org\/ImageGallery\">\n\t\t\t\t<ul class=\"gallery-row gallery-col-3 gallery-clear\">\n\t\t\t\t\t<li class=\"gallery-item col-3\" itemprop=\"associatedMedia\" itemscope itemtype=\"http:\/\/schema.org\/ImageObject\">\n\t\t\t\t\t\t<div class=\"gallery-icon landscape\"><a href=\"https:\/\/www.salzburgerland.com\/cs\/wp-content\/uploads\/2023\/09\/fms-panoramakarte-pistenplan-2022-2023-1754x1067.jpg\" title=\"fms-panoramakarte-pistenplan-2022-2023\"><img decoding=\"async\" data-title=\"\" title=\"\" data-caption=\"\" width=\"1170\" height=\"658\" src=\"https:\/\/www.salzburgerland.com\/cs\/wp-content\/uploads\/2023\/09\/fms-panoramakarte-pistenplan-2022-2023-1170x658.jpg\" class=\"attachment-1170_658 size-1170_658\" alt=\"Ilustrovan\u00e1 mapa ly\u017ea\u0159sk\u00e9ho st\u0159ediska Filzmoos ly\u017eov\u00e1n\u00ed s vleky, sjezdovkami, budovami a zasn\u011b\u017een\u00fdm pozad\u00edm hor. (Zv\u011bt\u0161en\u00fd pohled)\" srcset=\"https:\/\/www.salzburgerland.com\/cs\/wp-content\/uploads\/2023\/09\/fms-panoramakarte-pistenplan-2022-2023-1170x658.jpg 1170w, https:\/\/www.salzburgerland.com\/cs\/wp-content\/uploads\/2023\/09\/fms-panoramakarte-pistenplan-2022-2023-1200x675.jpg 1200w\" sizes=\"(max-width: 1170px) 100vw, 1170px\" itemprop=\"thumbnail\"><\/a><\/div>\n\t\t\t\t\t<\/li>\n\t\t\t\t\t<li class=\"gallery-item col-3\" itemprop=\"associatedMedia\" itemscope itemtype=\"http:\/\/schema.org\/ImageObject\">\n\t\t\t\t\t\t<div class=\"gallery-icon landscape\"><a href=\"https:\/\/www.salzburgerland.com\/cs\/wp-content\/uploads\/2023\/09\/mit-dem-sixpack-mooslehen-ins-winterwunderland-filzmoos_cdoriswild_filzmoos-tourismus_www-filzmoos-at_-1920x1067.jpg\" title=\"Mit dem sixpack Mooslehen ins Winterwunderland Filzmoos_(c)DorisWild_Filzmoos Tourismus_www.filzmoos.at\"><img decoding=\"async\" data-title=\"\" title=\"\" data-caption=\"\" width=\"1170\" height=\"658\" src=\"https:\/\/www.salzburgerland.com\/cs\/wp-content\/uploads\/2023\/09\/mit-dem-sixpack-mooslehen-ins-winterwunderland-filzmoos_cdoriswild_filzmoos-tourismus_www-filzmoos-at_-1170x658.jpg\" class=\"attachment-1170_658 size-1170_658\" alt=\"\u017dlut\u00e9 seda\u010dky ly\u017ea\u0159sk\u00e9ho vleku stoupaj\u00ed za mlhav\u00e9ho zimn\u00edho dne na zasn\u011b\u017eenou horu ve Filzmoos ly\u017eov\u00e1n\u00ed. (Zv\u011bt\u0161en\u00fd pohled)\" srcset=\"https:\/\/www.salzburgerland.com\/cs\/wp-content\/uploads\/2023\/09\/mit-dem-sixpack-mooslehen-ins-winterwunderland-filzmoos_cdoriswild_filzmoos-tourismus_www-filzmoos-at_-1170x658.jpg 1170w, https:\/\/www.salzburgerland.com\/cs\/wp-content\/uploads\/2023\/09\/mit-dem-sixpack-mooslehen-ins-winterwunderland-filzmoos_cdoriswild_filzmoos-tourismus_www-filzmoos-at_-1200x675.jpg 1200w\" sizes=\"(max-width: 1170px) 100vw, 1170px\" itemprop=\"thumbnail\"><\/a><\/div>\n\t\t\t\t\t<\/li>\n\t\t\t\t\t<li class=\"gallery-item col-3\" itemprop=\"associatedMedia\" itemscope itemtype=\"http:\/\/schema.org\/ImageObject\">\n\t\t\t\t\t\t<div class=\"gallery-icon landscape\"><a href=\"https:\/\/www.salzburgerland.com\/cs\/wp-content\/uploads\/2023\/09\/snow-and-fun-in-filzmoos-im-salzburgerlandchristianfischbacher_www-filzmoos-at_-1-1920x1067.jpg\" title=\"Snow and Fun in Filzmoos im SalzburgerLand\u00a9ChristianFischbacher_www.filzmoos.at\"><img decoding=\"async\" data-title=\"\" title=\"\" data-caption=\"\" width=\"1170\" height=\"658\" src=\"https:\/\/www.salzburgerland.com\/cs\/wp-content\/uploads\/2023\/09\/snow-and-fun-in-filzmoos-im-salzburgerlandchristianfischbacher_www-filzmoos-at_-1-1170x658.jpg\" class=\"attachment-1170_658 size-1170_658\" alt=\"Ly\u017ea\u0159 v zimn\u00ed v\u00fdstroji si u\u017e\u00edv\u00e1 ly\u017eov\u00e1n\u00ed ve Filzmoosu, kde se na pozad\u00ed jasn\u00e9 modr\u00e9 oblohy kop\u00ed prachov\u00fd sn\u00edh. (Zv\u011bt\u0161en\u00fd pohled)\" srcset=\"https:\/\/www.salzburgerland.com\/cs\/wp-content\/uploads\/2023\/09\/snow-and-fun-in-filzmoos-im-salzburgerlandchristianfischbacher_www-filzmoos-at_-1-1170x658.jpg 1170w, https:\/\/www.salzburgerland.com\/cs\/wp-content\/uploads\/2023\/09\/snow-and-fun-in-filzmoos-im-salzburgerlandchristianfischbacher_www-filzmoos-at_-1-1200x675.jpg 1200w\" sizes=\"(max-width: 1170px) 100vw, 1170px\" itemprop=\"thumbnail\"><\/a><\/div>\n\t\t\t\t\t<\/li>\n\t\t\t\t<\/ul>\n\t\t\t<\/div><!-- .gallery -->\n\n<p>Dv\u011b ly\u017ea\u0159sk\u00e9 hory <strong>Rossbrand<\/strong> (1600 m), <strong>Grossberg<\/strong> (1380 m) a <strong>Neuberg<\/strong> nab\u00edzej\u00ed p\u0159\u00edzniv\u00e9 podm\u00ednky pro d\u011bti nebo za\u010d\u00e1te\u010dn\u00edky. P\u0159evl\u00e1daj\u00ed tady <strong>modr\u00e9 a \u010derven\u00e9<\/strong> <a href=\"https:\/\/www.filzmoos.at\/en\/activities\/skiing-snowboarding-in-filzmoos.html\" target=\"_blank\" rel=\"noopener\"><strong>sjezdovky<\/strong><\/a>, nechyb\u00ed ani \u010dern\u00e1 sjezdovka pro zku\u0161en\u00e9 ly\u017ea\u0159e a ly\u017ea\u0159ky. Ty na vrchol vyvezou pohodln\u011b vleky a lanovky. Jedna \u0161estim\u00edstn\u00e1 kabinov\u00e1, jedna \u0161estim\u00edstn\u00e1 seda\u010dkov\u00e1, jedna \u010dty\u0159m\u00edstn\u00e1 seda\u010dkov\u00e1 a 5 vlek\u016f s kotvou.<\/p>\n<div id=\"attachment_157287\" style=\"width: 1180px\" class=\"wp-caption alignnone\"><img decoding=\"async\" aria-describedby=\"caption-attachment-157287\" class=\"size-1170_658 wp-image-157287\" src=\"https:\/\/www.salzburgerland.com\/cs\/wp-content\/uploads\/2023\/09\/alleine-der-ausblick-belohnt_ccoenweesjes_filzmoos-tourismus_www-filzmoos-at_-1170x658.jpg\" alt=\"Panorama zasn\u011b\u017een\u00fdch Alp obdivuj\u00ed ly\u017ea\u0159i ve Filzmoosu\" width=\"1170\" height=\"658\" srcset=\"https:\/\/www.salzburgerland.com\/cs\/wp-content\/uploads\/2023\/09\/alleine-der-ausblick-belohnt_ccoenweesjes_filzmoos-tourismus_www-filzmoos-at_-1170x658.jpg 1170w, https:\/\/www.salzburgerland.com\/cs\/wp-content\/uploads\/2023\/09\/alleine-der-ausblick-belohnt_ccoenweesjes_filzmoos-tourismus_www-filzmoos-at_-1200x675.jpg 1200w\" sizes=\"(max-width: 1170px) 100vw, 1170px\"><p id=\"caption-attachment-157287\" class=\"wp-caption-text\">Ly\u017eov\u00e1n\u00ed ve Filzmoosu, kde stoj\u00ed za to u\u017e jen okoln\u00ed panorama \u00a9 Coen Weesjes; Filzmoos Tourismus; www.filzmoos.at<\/p><\/div>\n<h3>Ly\u017eov\u00e1n\u00ed ve Filzmoos je z\u00e1\u017eitek pro celou rodinu<\/h3>\n<p>Filzmoos je domovem b\u00fdval\u00e9 ly\u017ea\u0159sk\u00e9 z\u00e1vodnice Michaely Kirchgasser. Trojn\u00e1sobn\u00e1 mistryn\u011b sv\u011bta tady tr\u00e9novala od mala. M\u016f\u017eete si tedy b\u00fdt jist\u00ed, \u017ee i Vy se sv\u00fdmi d\u011btmi tady najdete ty nejlep\u0161\u00ed m\u00edsta pro dovolenou na ly\u017e\u00edch. Rossbrand, Grossberg a Neuberg s 20 kilometry sjezdovek spl\u0148uj\u00ed v\u0161echny po\u017eadavky <strong>pro celou rodinu<\/strong>. Nach\u00e1z\u00ed se tady i cvi\u010dn\u00e9 louky, sjezdovky nedaleko \u00fatuln\u00fdch hotel\u016f \u010di penzion\u016f a p\u0159\u00edjemn\u00e9 ly\u017ea\u0159sk\u00e9 chalupy nebo apr\u00e8s-ski bary.<\/p>\n\n\t\t\t<div id=\"157272-2\" class=\"gallery gallery-157272 gallery-columns-3 gallery-size-1170_658\" itemscope itemtype=\"http:\/\/schema.org\/ImageGallery\">\n\t\t\t\t<ul class=\"gallery-row gallery-col-3 gallery-clear\">\n\t\t\t\t\t<li class=\"gallery-item col-3\" itemprop=\"associatedMedia\" itemscope itemtype=\"http:\/\/schema.org\/ImageObject\">\n\t\t\t\t\t\t<div class=\"gallery-icon landscape\"><a href=\"https:\/\/www.salzburgerland.com\/cs\/wp-content\/uploads\/2023\/09\/genussvolle-abfahrt-im-salzburger-skitouren-eldorado-filzmooscchristoph-grahmann_skischule-exklusiv_www-filzmoos-at_-1-1920x1067.jpg\" title=\"Genussvolle Abfahrt im Salzburger Skitouren Eldorado Filzmoos(c)Christoph Grahmann_Skischule Exklusiv_www.filzmoos.at\"><img decoding=\"async\" data-title=\"Ly\u017eov\u00e1n\u00ed ve Filzmoos m\u00e1 mnoho podob \u00a9 Christoph Grahmann; Skischule Exklusiv; www.filzmoos.at\" title=\"Ly\u017eov\u00e1n\u00ed ve Filzmoos m\u00e1 mnoho podob \u00a9 Christoph Grahmann; Skischule Exklusiv; www.filzmoos.at\" data-caption=\"Ly\u017eov\u00e1n\u00ed ve Filzmoos m\u00e1 mnoho podob \u00a9 Christoph Grahmann; Skischule Exklusiv; www.filzmoos.at\" width=\"1170\" height=\"658\" src=\"https:\/\/www.salzburgerland.com\/cs\/wp-content\/uploads\/2023\/09\/genussvolle-abfahrt-im-salzburger-skitouren-eldorado-filzmooscchristoph-grahmann_skischule-exklusiv_www-filzmoos-at_-1-1170x658.jpg\" class=\"attachment-1170_658 size-1170_658\" alt=\"Ly\u017ea\u0159 sj\u00ed\u017ed\u00ed svah ve Filzmoosu (Zv\u011bt\u0161en\u00fd pohled)\" srcset=\"https:\/\/www.salzburgerland.com\/cs\/wp-content\/uploads\/2023\/09\/genussvolle-abfahrt-im-salzburger-skitouren-eldorado-filzmooscchristoph-grahmann_skischule-exklusiv_www-filzmoos-at_-1-1170x658.jpg 1170w, https:\/\/www.salzburgerland.com\/cs\/wp-content\/uploads\/2023\/09\/genussvolle-abfahrt-im-salzburger-skitouren-eldorado-filzmooscchristoph-grahmann_skischule-exklusiv_www-filzmoos-at_-1-1200x675.jpg 1200w\" sizes=\"(max-width: 1170px) 100vw, 1170px\" aria-describedby=\"figcaption-157272-157293\" itemprop=\"thumbnail\"><\/a><\/div>\n\t\t\t\t\t\t<span id=\"figcaption-157272-157293\" class=\"gallery-caption\" itemprop=\"caption\"><span aria-hidden=\"true\">Ly\u017eov\u00e1n\u00ed ve Filzmoos m\u00e1 mnoho podob \u00a9 Christoph Grahmann; Skischule Exklusiv; www.filzmoos.at<\/span><\/span>\n\t\t\t\t\t<\/li>\n\t\t\t\t\t<li class=\"gallery-item col-3\" itemprop=\"associatedMedia\" itemscope itemtype=\"http:\/\/schema.org\/ImageObject\">\n\t\t\t\t\t\t<div class=\"gallery-icon landscape\"><a href=\"https:\/\/www.salzburgerland.com\/cs\/wp-content\/uploads\/2023\/09\/filzmoos-64.jpg\" title=\"filzmoos-64\"><img decoding=\"async\" data-title=\"Rodinn\u00e1 dovolen\u00e1 na ly\u017e\u00edch ve Filzmoosu \u00a9 www.filzmoos.at\" title=\"Rodinn\u00e1 dovolen\u00e1 na ly\u017e\u00edch ve Filzmoosu \u00a9 www.filzmoos.at\" data-caption=\"Rodinn\u00e1 dovolen\u00e1 na ly\u017e\u00edch ve Filzmoosu \u00a9 www.filzmoos.at\" width=\"1170\" height=\"658\" src=\"https:\/\/www.salzburgerland.com\/cs\/wp-content\/uploads\/2023\/09\/filzmoos-64-1170x658.jpg\" class=\"attachment-1170_658 size-1170_658\" alt=\"Rodina na sjezdovce ve Filzmoosu, kde se na nebi vzn\u00e1\u0161ej\u00ed balony (Zv\u011bt\u0161en\u00fd pohled)\" srcset=\"https:\/\/www.salzburgerland.com\/cs\/wp-content\/uploads\/2023\/09\/filzmoos-64-1170x658.jpg 1170w, https:\/\/www.salzburgerland.com\/cs\/wp-content\/uploads\/2023\/09\/filzmoos-64-1200x675.jpg 1200w\" sizes=\"(max-width: 1170px) 100vw, 1170px\" aria-describedby=\"figcaption-157272-157296\" itemprop=\"thumbnail\"><\/a><\/div>\n\t\t\t\t\t\t<span id=\"figcaption-157272-157296\" class=\"gallery-caption\" itemprop=\"caption\"><span aria-hidden=\"true\">Rodinn\u00e1 dovolen\u00e1 na ly\u017e\u00edch ve Filzmoosu \u00a9 www.filzmoos.at<\/span><\/span>\n\t\t\t\t\t<\/li>\n\t\t\t\t\t<li class=\"gallery-item col-3\" itemprop=\"associatedMedia\" itemscope itemtype=\"http:\/\/schema.org\/ImageObject\">\n\t\t\t\t\t\t<div class=\"gallery-icon landscape\"><a href=\"https:\/\/www.salzburgerland.com\/cs\/wp-content\/uploads\/2023\/09\/learn-to-ski-in-filzmoos_cchristian-salchegger_skischule-bogei_www-filzmoos-at_-1920x1067.jpg\" title=\"learn to ski in Filzmoos_(c)Christian Salchegger_Skischule B\u00f6gei_www.filzmoos.at\"><img decoding=\"async\" data-title=\"Ly\u017eov\u00e1n\u00ed je pro d\u011bti ve Filzmoos z\u00e1bava \u00a9 Christian Salchegger; Skischule B\u00f6gei; www.filzmoos.at\" title=\"Ly\u017eov\u00e1n\u00ed je pro d\u011bti ve Filzmoos z\u00e1bava \u00a9 Christian Salchegger; Skischule B\u00f6gei; www.filzmoos.at\" data-caption=\"Ly\u017eov\u00e1n\u00ed je pro d\u011bti ve Filzmoos z\u00e1bava \u00a9 Christian Salchegger; Skischule B\u00f6gei; www.filzmoos.at\" width=\"1170\" height=\"658\" src=\"https:\/\/www.salzburgerland.com\/cs\/wp-content\/uploads\/2023\/09\/learn-to-ski-in-filzmoos_cchristian-salchegger_skischule-bogei_www-filzmoos-at_-1170x658.jpg\" class=\"attachment-1170_658 size-1170_658\" alt=\"Filzmoos nab\u00edz\u00ed pro d\u011bti ide\u00e1ln\u00ed p\u0159\u00edle\u017eitost nau\u010dit se na sjezdovk\u00e1ch (Zv\u011bt\u0161en\u00fd pohled)\" srcset=\"https:\/\/www.salzburgerland.com\/cs\/wp-content\/uploads\/2023\/09\/learn-to-ski-in-filzmoos_cchristian-salchegger_skischule-bogei_www-filzmoos-at_-1170x658.jpg 1170w, https:\/\/www.salzburgerland.com\/cs\/wp-content\/uploads\/2023\/09\/learn-to-ski-in-filzmoos_cchristian-salchegger_skischule-bogei_www-filzmoos-at_-768x432.jpg 768w, https:\/\/www.salzburgerland.com\/cs\/wp-content\/uploads\/2023\/09\/learn-to-ski-in-filzmoos_cchristian-salchegger_skischule-bogei_www-filzmoos-at_-1536x864.jpg 1536w, https:\/\/www.salzburgerland.com\/cs\/wp-content\/uploads\/2023\/09\/learn-to-ski-in-filzmoos_cchristian-salchegger_skischule-bogei_www-filzmoos-at_-1200x675.jpg 1200w, https:\/\/www.salzburgerland.com\/cs\/wp-content\/uploads\/2023\/09\/learn-to-ski-in-filzmoos_cchristian-salchegger_skischule-bogei_www-filzmoos-at_.jpg 1920w\" sizes=\"(max-width: 1170px) 100vw, 1170px\" aria-describedby=\"figcaption-157272-157301\" itemprop=\"thumbnail\"><\/a><\/div>\n\t\t\t\t\t\t<span id=\"figcaption-157272-157301\" class=\"gallery-caption\" itemprop=\"caption\"><span aria-hidden=\"true\">Ly\u017eov\u00e1n\u00ed je pro d\u011bti ve Filzmoos z\u00e1bava \u00a9 Christian Salchegger; Skischule B\u00f6gei; www.filzmoos.at<\/span><\/span>\n\t\t\t\t\t<\/li>\n\t\t\t\t<\/ul>\n\t\t\t<\/div><!-- .gallery -->\n\n<p>Ti, kte\u0159\u00ed <strong>Filzmoos<\/strong> znaj\u00ed bl\u00ed\u017ee, popisuj\u00ed tuto oblast jako ide\u00e1ln\u00ed pro v\u00fduku nebo zdokonalen\u00ed se v <strong>ly\u017eov\u00e1n\u00ed \u010di snowboardingu<\/strong>. Proto\u017ee ly\u017ea\u0159sk\u00fd are\u00e1l nen\u00ed p\u0159epln\u011bn\u00fd, mohou sv\u00e9 prvn\u00ed oblou\u010dky na sn\u011bhu velmi bezpe\u010dn\u011b tr\u00e9novat i ti nejmen\u0161\u00ed. Odbornou pomoc d\u011btem i dosp\u011bl\u00fdm nab\u00edzej\u00ed tak\u00e9 profesion\u00e1lov\u00e9 z <span id=\"urn:enhancement-8265ece6-498d-4a07-ba35-80dad1b33dfc\" class=\"textannotation disambiguated wl-thing\" itemid=\"http:\/\/open.salzburgerland.com\/cs\/entity\/lyzarskych-skol\"><strong>ly\u017ea\u0159sk\u00fdch<\/strong> \u0161kol<\/span>. Dokonal\u00fd ly\u017ea\u0159sk\u00fd z\u00e1\u017eitek vy\u017eaduje tak\u00e9 spr\u00e1vnou v\u00fdbavu. Ti, kte\u0159\u00ed si cht\u011bj\u00ed d\u00e1t ly\u017ee do po\u0159\u00e1dku, hledaj\u00ed nov\u00e9 vybaven\u00ed nebo si prost\u011b cht\u011bj\u00ed vyzkou\u0161et novinky, najdou v\u0161e co si p\u0159ej\u00ed v n\u011bkter\u00e9m z mnoha obchod\u016f s p\u016fj\u010dovnami.<\/p>\n<h3>Dobrodru\u017en\u00e1 sjezdovka FilZOO<\/h3>\n<p>Za\u010d\u00e1tek<strong> dobrodru\u017en\u00e9 sjezdovky<\/strong> pro mal\u00e9 i velk\u00e9 se nach\u00e1z\u00ed p\u0159\u00edmo pod lanovkou Sixpack Mooslehen. Ji\u017e p\u0159i j\u00edzd\u011b <a href=\"https:\/\/www.filzmoos.at\/en\/activities\/skiing-snowboarding-in-filzmoos.html\" target=\"_blank\" rel=\"noopener\"><strong>lanovkou<\/strong><\/a> si m\u016f\u017eete prohl\u00e9dnout z\u00e1bavn\u00e9 prvky a p\u0159ek\u00e1\u017eky, kter\u00e9 p\u0159ipom\u00ednaj\u00ed zoologickou zahradu. Jsou tu zelen\u00e9 palmy, opice, lenochodi nebo \u017elut\u00e1 \u017eirafa t\u00e9m\u011b\u0159 v \u017eivotn\u00ed velikosti. Okam\u017eit\u011b vykouzl\u00ed na d\u011btsk\u00fdch tv\u00e1\u0159\u00edch \u00fasm\u011bv a zaru\u010d\u00ed prvot\u0159\u00eddn\u00ed z\u00e1bavu p\u0159i ly\u017eov\u00e1n\u00ed.<\/p>\n\n\t\t\t<div id=\"157272-3\" class=\"gallery gallery-157272 gallery-columns-3 gallery-size-1170_658\" itemscope itemtype=\"http:\/\/schema.org\/ImageGallery\">\n\t\t\t\t<ul class=\"gallery-row gallery-col-3 gallery-clear\">\n\t\t\t\t\t<li class=\"gallery-item col-3\" itemprop=\"associatedMedia\" itemscope itemtype=\"http:\/\/schema.org\/ImageObject\">\n\t\t\t\t\t\t<div class=\"gallery-icon landscape\"><a href=\"https:\/\/www.salzburgerland.com\/cs\/wp-content\/uploads\/2023\/09\/filzoo-1.jpg\" title=\"filzoo-1\"><img decoding=\"async\" data-title=\"Velk\u00e1 barevn\u00e1 \u017eirafa na z\u00e1bavn\u00e9 sjezdovce Filzoo \u00a9 Armin Walcher; Filzmoos Tourismus; www.filzmoos.at \" title=\"Velk\u00e1 barevn\u00e1 \u017eirafa na z\u00e1bavn\u00e9 sjezdovce Filzoo \u00a9 Armin Walcher; Filzmoos Tourismus; www.filzmoos.at \" data-caption=\"Velk\u00e1 barevn\u00e1 \u017eirafa na z\u00e1bavn\u00e9 sjezdovce Filzoo \u00a9 Armin Walcher; Filzmoos Tourismus; www.filzmoos.at \" width=\"1170\" height=\"658\" src=\"https:\/\/www.salzburgerland.com\/cs\/wp-content\/uploads\/2023\/09\/filzoo-1-1170x658.jpg\" class=\"attachment-1170_658 size-1170_658\" alt=\"Velk\u00e1 barevn\u00e1 \u017eirafa na z\u00e1bavn\u00e9 sjezdovce Filzoo (Zv\u011bt\u0161en\u00fd pohled)\" srcset=\"https:\/\/www.salzburgerland.com\/cs\/wp-content\/uploads\/2023\/09\/filzoo-1-1170x658.jpg 1170w, https:\/\/www.salzburgerland.com\/cs\/wp-content\/uploads\/2023\/09\/filzoo-1-1200x675.jpg 1200w\" sizes=\"(max-width: 1170px) 100vw, 1170px\" aria-describedby=\"figcaption-157272-157288\" itemprop=\"thumbnail\"><\/a><\/div>\n\t\t\t\t\t\t<span id=\"figcaption-157272-157288\" class=\"gallery-caption\" itemprop=\"caption\"><span aria-hidden=\"true\">Velk\u00e1 barevn\u00e1 \u017eirafa na z\u00e1bavn\u00e9 sjezdovce Filzoo \u00a9 Armin Walcher; Filzmoos Tourismus; www.filzmoos.at <\/span><\/span>\n\t\t\t\t\t<\/li>\n\t\t\t\t\t<li class=\"gallery-item col-3\" itemprop=\"associatedMedia\" itemscope itemtype=\"http:\/\/schema.org\/ImageObject\">\n\t\t\t\t\t\t<div class=\"gallery-icon landscape\"><a href=\"https:\/\/www.salzburgerland.com\/cs\/wp-content\/uploads\/2023\/09\/filzoo-2.jpg\" title=\"filzoo-2\"><img decoding=\"async\" data-title=\"D\u011bti si u\u017eij\u00ed na z\u00e1bavn\u00e9 sjezdovce perfektn\u00ed j\u00edzdu a zdokonal\u00ed se \u00a9 Armin Walcher; Filzmoos Tourismus; www.filzmoos.at \" title=\"D\u011bti si u\u017eij\u00ed na z\u00e1bavn\u00e9 sjezdovce perfektn\u00ed j\u00edzdu a zdokonal\u00ed se \u00a9 Armin Walcher; Filzmoos Tourismus; www.filzmoos.at \" data-caption=\"D\u011bti si u\u017eij\u00ed na z\u00e1bavn\u00e9 sjezdovce perfektn\u00ed j\u00edzdu a zdokonal\u00ed se \u00a9 Armin Walcher; Filzmoos Tourismus; www.filzmoos.at \" width=\"1170\" height=\"658\" src=\"https:\/\/www.salzburgerland.com\/cs\/wp-content\/uploads\/2023\/09\/filzoo-2-1170x658.jpg\" class=\"attachment-1170_658 size-1170_658\" alt=\"Z\u00e1bavn\u00e1 sjezdovka Filzoo u lanovky Sixpack Mooslehen (Zv\u011bt\u0161en\u00fd pohled)\" srcset=\"https:\/\/www.salzburgerland.com\/cs\/wp-content\/uploads\/2023\/09\/filzoo-2-1170x658.jpg 1170w, https:\/\/www.salzburgerland.com\/cs\/wp-content\/uploads\/2023\/09\/filzoo-2-1200x675.jpg 1200w\" sizes=\"(max-width: 1170px) 100vw, 1170px\" aria-describedby=\"figcaption-157272-157289\" itemprop=\"thumbnail\"><\/a><\/div>\n\t\t\t\t\t\t<span id=\"figcaption-157272-157289\" class=\"gallery-caption\" itemprop=\"caption\"><span aria-hidden=\"true\">D\u011bti si u\u017eij\u00ed na z\u00e1bavn\u00e9 sjezdovce perfektn\u00ed j\u00edzdu a zdokonal\u00ed se \u00a9 Armin Walcher; Filzmoos Tourismus; www.filzmoos.at <\/span><\/span>\n\t\t\t\t\t<\/li>\n\t\t\t\t\t<li class=\"gallery-item col-3\" itemprop=\"associatedMedia\" itemscope itemtype=\"http:\/\/schema.org\/ImageObject\">\n\t\t\t\t\t\t<div class=\"gallery-icon landscape\"><a href=\"https:\/\/www.salzburgerland.com\/cs\/wp-content\/uploads\/2023\/09\/filzoo-4.jpg\" title=\"filzoo-4\"><img decoding=\"async\" data-title=\"Tra\u0165 ve Filzmoosu u lanovky Sixpack Mooslehen \u00a9 Armin Walcher; Filzmoos Tourismus; www.filzmoos.at \" title=\"Tra\u0165 ve Filzmoosu u lanovky Sixpack Mooslehen \u00a9 Armin Walcher; Filzmoos Tourismus; www.filzmoos.at \" data-caption=\"Tra\u0165 ve Filzmoosu u lanovky Sixpack Mooslehen \u00a9 Armin Walcher; Filzmoos Tourismus; www.filzmoos.at \" width=\"1170\" height=\"658\" src=\"https:\/\/www.salzburgerland.com\/cs\/wp-content\/uploads\/2023\/09\/filzoo-4-1170x658.jpg\" class=\"attachment-1170_658 size-1170_658\" alt=\"Z\u00e1bavn\u00e1 sjezdovka Filzoo s p\u0159ek\u00e1\u017ekami ve Filzmoosu u lanovky Sixpack Mooslehen (Zv\u011bt\u0161en\u00fd pohled)\" srcset=\"https:\/\/www.salzburgerland.com\/cs\/wp-content\/uploads\/2023\/09\/filzoo-4-1170x658.jpg 1170w, https:\/\/www.salzburgerland.com\/cs\/wp-content\/uploads\/2023\/09\/filzoo-4-1200x675.jpg 1200w\" sizes=\"(max-width: 1170px) 100vw, 1170px\" aria-describedby=\"figcaption-157272-157290\" itemprop=\"thumbnail\"><\/a><\/div>\n\t\t\t\t\t\t<span id=\"figcaption-157272-157290\" class=\"gallery-caption\" itemprop=\"caption\"><span aria-hidden=\"true\">Tra\u0165 ve Filzmoosu u lanovky Sixpack Mooslehen \u00a9 Armin Walcher; Filzmoos Tourismus; www.filzmoos.at <\/span><\/span>\n\t\t\t\t\t<\/li>\n\t\t\t\t<\/ul>\n\t\t\t<\/div><!-- .gallery -->\n\n<p>Nov\u00e1 <strong>z\u00e1\u017eitkov\u00e1 sjezdovka<\/strong> t\u00e9m\u011b\u0159 obkrou\u017e\u00ed horn\u00ed stanici lanovky a nakonec se zhruba v prost\u0159edn\u00ed \u010d\u00e1sti napojuje na sjezdovku. Tra\u0165 je dlouh\u00e1 p\u0159es kilometr a skl\u00e1d\u00e1 se ze dvou \u00fasek\u016f. Prvn\u00ed \u010d\u00e1st s barevn\u00fdmi, \u010d\u00e1ste\u010dn\u011b pohybliv\u00fdmi figurkami, mal\u00fdmi p\u0159ek\u00e1\u017ekami, m\u011bkk\u00fdmi prvky a boxovac\u00edm v\u00e1lcem je zaj\u00edmav\u00e1 p\u0159edev\u0161\u00edm pro mal\u00e9 ly\u017ea\u0159sk\u00e9 hosty. Druh\u00e1 \u010d\u00e1st trasy vy\u017eaduje ji\u017e trochu v\u011bt\u0161\u00ed dovednosti d\u00edky sn\u011bhov\u00fdm kopc\u016fm a vlnit\u00e9 dr\u00e1ze. Po prvn\u00edch t\u0159ech vln\u00e1ch n\u00e1sleduje trochu strm\u011bj\u0161\u00ed \u00fasek, kde se z\u00e1bavnou a hravou formou zdokonal\u00ed dovednosti ly\u017ea\u0159\u016f. Sm\u011brem ke sjezdovce je tra\u0165 viditeln\u011b uzav\u0159ena z\u00e1branou. Tady se pak nach\u00e1z\u00ed dal\u0161\u00ed kr\u00e1tk\u00fd \u00fasek sjezdovky s p\u0159ek\u00e1\u017ekami.<\/p>\n<h3>Z\u00e1vodn\u00ed dr\u00e1ha, aneb v\u00edce ne\u017e jen ly\u017eov\u00e1n\u00ed<\/h3>\n<p>Na <strong>Grossbergu<\/strong> si m\u016f\u017eete vyzkou\u0161et tak\u00e9 <strong>FIS z\u00e1vodn\u00ed tra\u0165<\/strong> Michaely Kirchgasser pro slalom a ob\u0159\u00ed slalom.\u00a0S d\u00e9lkou <strong>1200 metr\u016f<\/strong> a v\u00fd\u0161kov\u00fdm rozd\u00edlem 314 metr\u016f je skv\u011bl\u00fdm m\u00edstem pro tr\u00e9nink.<\/p>\n<div id=\"attachment_157302\" style=\"width: 1180px\" class=\"wp-caption alignnone\"><img decoding=\"async\" aria-describedby=\"caption-attachment-157302\" class=\"wp-image-157302 size-1170_658\" src=\"https:\/\/www.salzburgerland.com\/cs\/wp-content\/uploads\/2023\/09\/page-showimage-1170x658.jpg\" alt=\"Na Grossbergu si m\u016f\u017eete vyzkou\u0161et tak\u00e9 FIS z\u00e1vodn\u00ed tra\u0165 Michaely Kirchgasser pro slalom a ob\u0159\u00ed slalom \u017een i mu\u017e\u016f\" width=\"1170\" height=\"658\" srcset=\"https:\/\/www.salzburgerland.com\/cs\/wp-content\/uploads\/2023\/09\/page-showimage-1170x658.jpg 1170w, https:\/\/www.salzburgerland.com\/cs\/wp-content\/uploads\/2023\/09\/page-showimage-1900x1067.jpg 1900w, https:\/\/www.salzburgerland.com\/cs\/wp-content\/uploads\/2023\/09\/page-showimage-1200x675.jpg 1200w\" sizes=\"(max-width: 1170px) 100vw, 1170px\"><p id=\"caption-attachment-157302\" class=\"wp-caption-text\">Z\u00e1vodn\u00ed tra\u0165 ve Filzmoosu \u00a9 Filzmoos Tourismus; www.filzmoos.at<\/p><\/div>\n<p>Na dovolenou do <strong>Filzmoosu<\/strong> m\u016f\u017eete p\u0159ijet i s <strong>b\u011b\u017ekami<\/strong> nebo se tu v\u011bnovat dal\u0161\u00edm rozmanit\u00fdm <strong>zimn\u00edm aktivit\u00e1m<\/strong>, jako nap\u0159\u00edklad <strong>zimn\u00ed turistice<\/strong>, ale tak\u00e9 <strong>skialpinismu<\/strong>. Aby zimn\u00ed dovolen\u00e1 ve Filzmoosu byla po v\u0161ech str\u00e1nk\u00e1ch p\u0159\u00edjemn\u00e1 a nekomplikovan\u00e1, doporu\u010dujeme sezn\u00e1men\u00ed s <strong><a href=\"https:\/\/www.salzburgerland.com\/cs\/bezpecnost-v-alpach-v-zime\/\">bezpe\u010dnostn\u00edmi pokyny<\/a><\/strong>, kter\u00e9 jsme pro V\u00e1s p\u0159ehledn\u011b p\u0159ipravili.<\/p>\n","protected":false},"excerpt":{"rendered":"<p>Ly\u017ea\u0159i a snowboardist\u00e9 maj\u00ed ve Filzmoos k dispozici 20 km perfektn\u011b upraven\u00fdch sjezdovek. Ka\u017ed\u00fd tady najde dostatek prostoru, co\u017e je ide\u00e1ln\u00ed i pro d\u011bti a za\u010d\u00e1te\u010dn\u00edky. Nikde \u017e\u00e1dn\u00e9 fronty, jen \u010dist\u00fd po\u017eitek z ly\u017eov\u00e1n\u00ed. Filzmoos se nach\u00e1z\u00ed 73 km ji\u017en\u011b od Salcburku, zhruba 7 km od sjezdu z d\u00e1lnice v Ebenu, v srdci nejv\u011bt\u0161\u00edho ly\u017ea\u0159sk\u00e9ho [&hellip;]<\/p>\n","protected":false},"author":6,"featured_media":157275,"comment_status":"closed","ping_status":"closed","sticky":false,"template":"","format":"standard","meta":{"_acf_changed":false,"wl_entities_gutenberg":"","_relevanssi_hide_post":"","_relevanssi_hide_content":"","_relevanssi_pin_for_all":"","_relevanssi_pin_keywords":"","_relevanssi_unpin_keywords":"","_relevanssi_related_keywords":"","_relevanssi_related_include_ids":"","_relevanssi_related_exclude_ids":"","_relevanssi_related_no_append":"","_relevanssi_related_not_related":"","_relevanssi_related_posts":"","_relevanssi_noindex_reason":"","footnotes":""},"categories":[1],"tags":[],"wl_entity_type":[706],"class_list":["post-157272","post","type-post","status-publish","format-standard","has-post-thumbnail","hentry","category-uncategorized","wl_entity_type-article"],"acf":[],"yoast_head":"<!-- This site is optimized with the Yoast SEO Premium plugin v27.4 (Yoast SEO v27.4) - https:\/\/yoast.com\/product\/yoast-seo-premium-wordpress\/ -->\n<title>Ly\u017eov\u00e1n\u00ed ve Filzmoos \u00bb SalzburgerLand.com<\/title>\n<meta name=\"robots\" content=\"index, follow, max-snippet:-1, max-image-preview:large, max-video-preview:-1\" \/>\n<link rel=\"canonical\" href=\"https:\/\/www.salzburgerland.com\/cs\/filzmoos-lyzovani\/\" \/>\n<meta property=\"og:locale\" content=\"cs_CZ\" \/>\n<meta property=\"og:type\" content=\"article\" \/>\n<meta property=\"og:title\" content=\"Ly\u017eov\u00e1n\u00ed ve Filzmoos\" \/>\n<meta property=\"og:description\" content=\"Ly\u017ea\u0159i a snowboardist\u00e9 maj\u00ed ve Filzmoos k dispozici 20 km perfektn\u011b upraven\u00fdch sjezdovek. Ka\u017ed\u00fd tady najde dostatek prostoru, co\u017e je ide\u00e1ln\u00ed i pro d\u011bti a\" \/>\n<meta property=\"og:url\" content=\"https:\/\/www.salzburgerland.com\/cs\/filzmoos-lyzovani\/\" \/>\n<meta property=\"og:site_name\" content=\"SalzburgerLand.com\" \/>\n<meta property=\"article:publisher\" content=\"https:\/\/www.facebook.com\/visitsalzburgerland\/\" \/>\n<meta property=\"article:published_time\" content=\"2023-09-20T20:40:07+00:00\" \/>\n<meta property=\"article:modified_time\" content=\"2023-10-30T06:13:42+00:00\" \/>\n<meta property=\"og:image\" content=\"https:\/\/www.salzburgerland.com\/cs\/wp-content\/uploads\/2023\/09\/filzmoos-76-1200x675.jpg\" \/>\n\t<meta property=\"og:image:width\" content=\"1200\" \/>\n\t<meta property=\"og:image:height\" content=\"675\" \/>\n\t<meta property=\"og:image:type\" content=\"image\/jpeg\" \/>\n<meta name=\"author\" content=\"Andrea \u017d\u00e1\u010dkov\u00e1\" \/>\n<meta name=\"twitter:card\" content=\"summary_large_image\" \/>\n<meta name=\"twitter:creator\" content=\"@salzburgerland\" \/>\n<meta name=\"twitter:site\" content=\"@salzburgerland\" \/>\n<meta name=\"twitter:label1\" content=\"Napsal(a)\" \/>\n\t<meta name=\"twitter:data1\" content=\"Andrea \u017d\u00e1\u010dkov\u00e1\" \/>\n\t<meta name=\"twitter:label2\" content=\"Odhadovan\u00e1 doba \u010dten\u00ed\" \/>\n\t<meta name=\"twitter:data2\" content=\"4 minuty\" \/>\n<script type=\"application\/ld+json\" class=\"yoast-schema-graph\">{\"@context\":\"https:\\\/\\\/schema.org\",\"@graph\":[{\"@type\":\"Article\",\"@id\":\"https:\\\/\\\/www.salzburgerland.com\\\/cs\\\/filzmoos-lyzovani\\\/#article\",\"isPartOf\":{\"@id\":\"https:\\\/\\\/www.salzburgerland.com\\\/cs\\\/filzmoos-lyzovani\\\/\"},\"author\":{\"name\":\"Andrea \u017d\u00e1\u010dkov\u00e1\",\"@id\":\"https:\\\/\\\/www.salzburgerland.com\\\/cs\\\/#\\\/schema\\\/person\\\/dd42a4661897004df109095dbf40eeff\"},\"headline\":\"Ly\u017eov\u00e1n\u00ed ve Filzmoos\",\"datePublished\":\"2023-09-20T20:40:07+00:00\",\"dateModified\":\"2023-10-30T06:13:42+00:00\",\"mainEntityOfPage\":{\"@id\":\"https:\\\/\\\/www.salzburgerland.com\\\/cs\\\/filzmoos-lyzovani\\\/\"},\"wordCount\":792,\"image\":{\"@id\":\"https:\\\/\\\/www.salzburgerland.com\\\/cs\\\/filzmoos-lyzovani\\\/#primaryimage\"},\"thumbnailUrl\":\"https:\\\/\\\/www.salzburgerland.com\\\/cs\\\/wp-content\\\/uploads\\\/2023\\\/09\\\/filzmoos-76.jpg\",\"articleSection\":[\"Uncategorized\"],\"inLanguage\":\"cs\"},{\"@type\":\"WebPage\",\"@id\":\"https:\\\/\\\/www.salzburgerland.com\\\/cs\\\/filzmoos-lyzovani\\\/\",\"url\":\"https:\\\/\\\/www.salzburgerland.com\\\/cs\\\/filzmoos-lyzovani\\\/\",\"name\":\"Ly\u017eov\u00e1n\u00ed ve Filzmoos \u00bb SalzburgerLand.com\",\"isPartOf\":{\"@id\":\"https:\\\/\\\/www.salzburgerland.com\\\/cs\\\/#website\"},\"primaryImageOfPage\":{\"@id\":\"https:\\\/\\\/www.salzburgerland.com\\\/cs\\\/filzmoos-lyzovani\\\/#primaryimage\"},\"image\":{\"@id\":\"https:\\\/\\\/www.salzburgerland.com\\\/cs\\\/filzmoos-lyzovani\\\/#primaryimage\"},\"thumbnailUrl\":\"https:\\\/\\\/www.salzburgerland.com\\\/cs\\\/wp-content\\\/uploads\\\/2023\\\/09\\\/filzmoos-76.jpg\",\"datePublished\":\"2023-09-20T20:40:07+00:00\",\"dateModified\":\"2023-10-30T06:13:42+00:00\",\"author\":{\"@id\":\"https:\\\/\\\/www.salzburgerland.com\\\/cs\\\/#\\\/schema\\\/person\\\/dd42a4661897004df109095dbf40eeff\"},\"description\":\"Filzmoos: p\u0159\u00edjemn\u00e1 oblast ve Ski amad\u00e9 v Salcbursk\u00e9m sportovn\u00edm sv\u011bt\u011b pro va\u0161i zimn\u00ed dovolenou.\",\"breadcrumb\":{\"@id\":\"https:\\\/\\\/www.salzburgerland.com\\\/cs\\\/filzmoos-lyzovani\\\/#breadcrumb\"},\"inLanguage\":\"cs\",\"potentialAction\":[{\"@type\":\"ReadAction\",\"target\":[\"https:\\\/\\\/www.salzburgerland.com\\\/cs\\\/filzmoos-lyzovani\\\/\"]}]},{\"@type\":\"ImageObject\",\"inLanguage\":\"cs\",\"@id\":\"https:\\\/\\\/www.salzburgerland.com\\\/cs\\\/filzmoos-lyzovani\\\/#primaryimage\",\"url\":\"https:\\\/\\\/www.salzburgerland.com\\\/cs\\\/wp-content\\\/uploads\\\/2023\\\/09\\\/filzmoos-76.jpg\",\"contentUrl\":\"https:\\\/\\\/www.salzburgerland.com\\\/cs\\\/wp-content\\\/uploads\\\/2023\\\/09\\\/filzmoos-76.jpg\",\"width\":1920,\"height\":1080,\"caption\":\"Skv\u011bl\u00e1 ly\u017ea\u0159sk\u00e1 dovolen\u00e1 s rodinou nebo p\u0159\u00e1teli ve Filzmoos \u00a9 filzmoos.at\"},{\"@type\":\"BreadcrumbList\",\"@id\":\"https:\\\/\\\/www.salzburgerland.com\\\/cs\\\/filzmoos-lyzovani\\\/#breadcrumb\",\"itemListElement\":[{\"@type\":\"ListItem\",\"position\":1,\"name\":\"Filzmoos\",\"item\":\"https:\\\/\\\/www.salzburgerland.com\\\/cs\\\/filzmoos\\\/\"},{\"@type\":\"ListItem\",\"position\":2,\"name\":\"Ly\u017eov\u00e1n\u00ed ve Filzmoos\"}]},{\"@type\":\"WebSite\",\"@id\":\"https:\\\/\\\/www.salzburgerland.com\\\/cs\\\/#website\",\"url\":\"https:\\\/\\\/www.salzburgerland.com\\\/cs\\\/\",\"name\":\"SalzburgerLand.com\",\"description\":\"Va\u0161e dovolen\u00e1 v Salcburku, Rakousko\",\"potentialAction\":[{\"@type\":\"SearchAction\",\"target\":{\"@type\":\"EntryPoint\",\"urlTemplate\":\"https:\\\/\\\/www.salzburgerland.com\\\/cs\\\/?s={search_term_string}\"},\"query-input\":{\"@type\":\"PropertyValueSpecification\",\"valueRequired\":true,\"valueName\":\"search_term_string\"}}],\"inLanguage\":\"cs\"},{\"@type\":\"Person\",\"@id\":\"https:\\\/\\\/www.salzburgerland.com\\\/cs\\\/#\\\/schema\\\/person\\\/dd42a4661897004df109095dbf40eeff\",\"name\":\"Andrea \u017d\u00e1\u010dkov\u00e1\",\"image\":{\"@type\":\"ImageObject\",\"inLanguage\":\"cs\",\"@id\":\"https:\\\/\\\/secure.gravatar.com\\\/avatar\\\/338deec8d231d56d0ab7b2b7d6d0aedbcb3eb05390f6c027fd5b7ebe87b67dbf?s=96&d=mm&r=g\",\"url\":\"https:\\\/\\\/secure.gravatar.com\\\/avatar\\\/338deec8d231d56d0ab7b2b7d6d0aedbcb3eb05390f6c027fd5b7ebe87b67dbf?s=96&d=mm&r=g\",\"contentUrl\":\"https:\\\/\\\/secure.gravatar.com\\\/avatar\\\/338deec8d231d56d0ab7b2b7d6d0aedbcb3eb05390f6c027fd5b7ebe87b67dbf?s=96&d=mm&r=g\",\"caption\":\"Andrea \u017d\u00e1\u010dkov\u00e1\"}}]}<\/script>\n<!-- \/ Yoast SEO Premium plugin. -->","yoast_head_json":{"title":"Ly\u017eov\u00e1n\u00ed ve Filzmoos \u00bb SalzburgerLand.com","robots":{"index":"index","follow":"follow","max-snippet":"max-snippet:-1","max-image-preview":"max-image-preview:large","max-video-preview":"max-video-preview:-1"},"canonical":"https:\/\/www.salzburgerland.com\/cs\/filzmoos-lyzovani\/","og_locale":"cs_CZ","og_type":"article","og_title":"Ly\u017eov\u00e1n\u00ed ve Filzmoos","og_description":"Ly\u017ea\u0159i a snowboardist\u00e9 maj\u00ed ve Filzmoos k dispozici 20 km perfektn\u011b upraven\u00fdch sjezdovek. Ka\u017ed\u00fd tady najde dostatek prostoru, co\u017e je ide\u00e1ln\u00ed i pro d\u011bti a","og_url":"https:\/\/www.salzburgerland.com\/cs\/filzmoos-lyzovani\/","og_site_name":"SalzburgerLand.com","article_publisher":"https:\/\/www.facebook.com\/visitsalzburgerland\/","article_published_time":"2023-09-20T20:40:07+00:00","article_modified_time":"2023-10-30T06:13:42+00:00","og_image":[{"width":1200,"height":675,"url":"https:\/\/www.salzburgerland.com\/cs\/wp-content\/uploads\/2023\/09\/filzmoos-76-1200x675.jpg","type":"image\/jpeg"}],"author":"Andrea \u017d\u00e1\u010dkov\u00e1","twitter_card":"summary_large_image","twitter_creator":"@salzburgerland","twitter_site":"@salzburgerland","twitter_misc":{"Napsal(a)":"Andrea \u017d\u00e1\u010dkov\u00e1","Odhadovan\u00e1 doba \u010dten\u00ed":"4 minuty"},"schema":{"@context":"https:\/\/schema.org","@graph":[{"@type":"Article","@id":"https:\/\/www.salzburgerland.com\/cs\/filzmoos-lyzovani\/#article","isPartOf":{"@id":"https:\/\/www.salzburgerland.com\/cs\/filzmoos-lyzovani\/"},"author":{"name":"Andrea \u017d\u00e1\u010dkov\u00e1","@id":"https:\/\/www.salzburgerland.com\/cs\/#\/schema\/person\/dd42a4661897004df109095dbf40eeff"},"headline":"Ly\u017eov\u00e1n\u00ed ve Filzmoos","datePublished":"2023-09-20T20:40:07+00:00","dateModified":"2023-10-30T06:13:42+00:00","mainEntityOfPage":{"@id":"https:\/\/www.salzburgerland.com\/cs\/filzmoos-lyzovani\/"},"wordCount":792,"image":{"@id":"https:\/\/www.salzburgerland.com\/cs\/filzmoos-lyzovani\/#primaryimage"},"thumbnailUrl":"https:\/\/www.salzburgerland.com\/cs\/wp-content\/uploads\/2023\/09\/filzmoos-76.jpg","articleSection":["Uncategorized"],"inLanguage":"cs"},{"@type":"WebPage","@id":"https:\/\/www.salzburgerland.com\/cs\/filzmoos-lyzovani\/","url":"https:\/\/www.salzburgerland.com\/cs\/filzmoos-lyzovani\/","name":"Ly\u017eov\u00e1n\u00ed ve Filzmoos \u00bb SalzburgerLand.com","isPartOf":{"@id":"https:\/\/www.salzburgerland.com\/cs\/#website"},"primaryImageOfPage":{"@id":"https:\/\/www.salzburgerland.com\/cs\/filzmoos-lyzovani\/#primaryimage"},"image":{"@id":"https:\/\/www.salzburgerland.com\/cs\/filzmoos-lyzovani\/#primaryimage"},"thumbnailUrl":"https:\/\/www.salzburgerland.com\/cs\/wp-content\/uploads\/2023\/09\/filzmoos-76.jpg","datePublished":"2023-09-20T20:40:07+00:00","dateModified":"2023-10-30T06:13:42+00:00","author":{"@id":"https:\/\/www.salzburgerland.com\/cs\/#\/schema\/person\/dd42a4661897004df109095dbf40eeff"},"description":"Filzmoos: p\u0159\u00edjemn\u00e1 oblast ve Ski amad\u00e9 v Salcbursk\u00e9m sportovn\u00edm sv\u011bt\u011b pro va\u0161i zimn\u00ed dovolenou.","breadcrumb":{"@id":"https:\/\/www.salzburgerland.com\/cs\/filzmoos-lyzovani\/#breadcrumb"},"inLanguage":"cs","potentialAction":[{"@type":"ReadAction","target":["https:\/\/www.salzburgerland.com\/cs\/filzmoos-lyzovani\/"]}]},{"@type":"ImageObject","inLanguage":"cs","@id":"https:\/\/www.salzburgerland.com\/cs\/filzmoos-lyzovani\/#primaryimage","url":"https:\/\/www.salzburgerland.com\/cs\/wp-content\/uploads\/2023\/09\/filzmoos-76.jpg","contentUrl":"https:\/\/www.salzburgerland.com\/cs\/wp-content\/uploads\/2023\/09\/filzmoos-76.jpg","width":1920,"height":1080,"caption":"Skv\u011bl\u00e1 ly\u017ea\u0159sk\u00e1 dovolen\u00e1 s rodinou nebo p\u0159\u00e1teli ve Filzmoos \u00a9 filzmoos.at"},{"@type":"BreadcrumbList","@id":"https:\/\/www.salzburgerland.com\/cs\/filzmoos-lyzovani\/#breadcrumb","itemListElement":[{"@type":"ListItem","position":1,"name":"Filzmoos","item":"https:\/\/www.salzburgerland.com\/cs\/filzmoos\/"},{"@type":"ListItem","position":2,"name":"Ly\u017eov\u00e1n\u00ed ve Filzmoos"}]},{"@type":"WebSite","@id":"https:\/\/www.salzburgerland.com\/cs\/#website","url":"https:\/\/www.salzburgerland.com\/cs\/","name":"SalzburgerLand.com","description":"Va\u0161e dovolen\u00e1 v Salcburku, Rakousko","potentialAction":[{"@type":"SearchAction","target":{"@type":"EntryPoint","urlTemplate":"https:\/\/www.salzburgerland.com\/cs\/?s={search_term_string}"},"query-input":{"@type":"PropertyValueSpecification","valueRequired":true,"valueName":"search_term_string"}}],"inLanguage":"cs"},{"@type":"Person","@id":"https:\/\/www.salzburgerland.com\/cs\/#\/schema\/person\/dd42a4661897004df109095dbf40eeff","name":"Andrea \u017d\u00e1\u010dkov\u00e1","image":{"@type":"ImageObject","inLanguage":"cs","@id":"https:\/\/secure.gravatar.com\/avatar\/338deec8d231d56d0ab7b2b7d6d0aedbcb3eb05390f6c027fd5b7ebe87b67dbf?s=96&d=mm&r=g","url":"https:\/\/secure.gravatar.com\/avatar\/338deec8d231d56d0ab7b2b7d6d0aedbcb3eb05390f6c027fd5b7ebe87b67dbf?s=96&d=mm&r=g","contentUrl":"https:\/\/secure.gravatar.com\/avatar\/338deec8d231d56d0ab7b2b7d6d0aedbcb3eb05390f6c027fd5b7ebe87b67dbf?s=96&d=mm&r=g","caption":"Andrea \u017d\u00e1\u010dkov\u00e1"}}]}},"_wl_alt_label":[],"wl:entity_url":"http:\/\/open.salzburgerland.com\/cs\/post\/filzmoos-lyzovani-157272","_links":{"self":[{"href":"https:\/\/www.salzburgerland.com\/cs\/wp-json\/wp\/v2\/posts\/157272","targetHints":{"allow":["GET"]}}],"collection":[{"href":"https:\/\/www.salzburgerland.com\/cs\/wp-json\/wp\/v2\/posts"}],"about":[{"href":"https:\/\/www.salzburgerland.com\/cs\/wp-json\/wp\/v2\/types\/post"}],"author":[{"embeddable":true,"href":"https:\/\/www.salzburgerland.com\/cs\/wp-json\/wp\/v2\/users\/6"}],"replies":[{"embeddable":true,"href":"https:\/\/www.salzburgerland.com\/cs\/wp-json\/wp\/v2\/comments?post=157272"}],"version-history":[{"count":5,"href":"https:\/\/www.salzburgerland.com\/cs\/wp-json\/wp\/v2\/posts\/157272\/revisions"}],"predecessor-version":[{"id":158539,"href":"https:\/\/www.salzburgerland.com\/cs\/wp-json\/wp\/v2\/posts\/157272\/revisions\/158539"}],"wp:featuredmedia":[{"embeddable":true,"href":"https:\/\/www.salzburgerland.com\/cs\/wp-json\/wp\/v2\/media\/157275"}],"wp:attachment":[{"href":"https:\/\/www.salzburgerland.com\/cs\/wp-json\/wp\/v2\/media?parent=157272"}],"wp:term":[{"taxonomy":"category","embeddable":true,"href":"https:\/\/www.salzburgerland.com\/cs\/wp-json\/wp\/v2\/categories?post=157272"},{"taxonomy":"post_tag","embeddable":true,"href":"https:\/\/www.salzburgerland.com\/cs\/wp-json\/wp\/v2\/tags?post=157272"},{"taxonomy":"wl_entity_type","embeddable":true,"href":"https:\/\/www.salzburgerland.com\/cs\/wp-json\/wp\/v2\/wl_entity_type?post=157272"}],"curies":[{"name":"wp","href":"https:\/\/api.w.org\/{rel}","templated":true}]}}