{"id":156082,"date":"2023-06-12T22:48:31","date_gmt":"2023-06-12T20:48:31","guid":{"rendered":"https:\/\/www.salzburgerland.com\/cs\/?p=156082"},"modified":"2023-06-12T23:24:49","modified_gmt":"2023-06-12T21:24:49","slug":"cukr-s-jedlymi-kvety","status":"publish","type":"post","link":"https:\/\/www.salzburgerland.com\/cs\/cukr-s-jedlymi-kvety\/","title":{"rendered":"Cukr s jedl\u00fdmi kv\u011bty"},"content":{"rendered":"<p>Jedl\u00e9 kv\u011bty, to je nap\u0159\u00edklad <strong>levandule, kvetouc\u00ed pa\u017eitka, pampeli\u0161ka, bezinka, r\u016f\u017ee, pupalka, sl\u00e9z, he\u0159m\u00e1nek, licho\u0159e\u0159i\u0161nice nebo \u0159eb\u0159\u00ed\u010dek<\/strong>. R\u016f\u017eov\u00e9 kv\u011bty se su\u0161\u00ed a p\u0159id\u00e1vaj\u00ed se do \u010dajov\u00fdch sm\u011bs\u00ed. Kv\u011bty <strong>t\u0159ezalky<\/strong> te\u010dkovan\u00e9 se louhuj\u00ed v oleji a pou\u017e\u00edvaj\u00ed se k <a href=\"https:\/\/www.salzburgerland.com\/cs\/lecitelstvi-a-byliny\/\">pot\u00edr\u00e1n\u00ed poko\u017eky<\/a> p\u0159i pop\u00e1lenin\u00e1ch nebo ekz\u00e9mech. Jedl\u00e9 kv\u011bty ale mohou b\u00fdt i kandovan\u00e9 v cukrov\u00e9m sirupu nebo nalo\u017een\u00e9 v octu. Jak tedy vid\u00edte, kv\u011btinov\u00e1 kuchyn\u011b je bohat\u00e1 a rozmanit\u00e1. V\u0161e co chutn\u00e1, je dovoleno. Je v\u0161ak d\u016fle\u017eit\u00e9 rozpoznat, kter\u00e9 kv\u011bty jsou jedl\u00e9 a ty, kter\u00e9 mohou p\u0159in\u00e1\u0161et zdravotn\u00ed probl\u00e9my. Pozor: nap\u0159\u00edklad orl\u00ed\u010dek zahradn\u00ed a orl\u00ed\u010dek obecn\u00fd jsou jedovat\u00e9. \u0160t\u011bd\u0159enec odvisl\u00fd nebo oleandr tak\u00e9!<\/p>\n<div id=\"attachment_155992\" style=\"width: 1060px\" class=\"wp-caption alignnone\"><img decoding=\"async\" aria-describedby=\"caption-attachment-155992\" class=\"wp-image-155992 size-1170_658\" src=\"https:\/\/cdn.salzburgerland.com\/cs\/wp-content\/uploads\/2023\/06\/essbare-bluten-1-1050x658.jpg\" alt=\"Pestrobarevn\u00e9 jedl\u00e9 kv\u011bty oran\u017eov\u00e9 licho\u0159e\u0159i\u0161nice, r\u016f\u017eov\u00e9ho sl\u00e9zu, \u017elut\u00e9ho m\u011bs\u00ed\u010dku, he\u0159m\u00e1nku, t\u0159ezalky a dal\u0161\u00edch rostlin\" width=\"1050\" height=\"658\"><p id=\"caption-attachment-155992\" class=\"wp-caption-text\">Jedl\u00e9 kv\u011bty, to je nap\u0159\u00edklad oran\u017eov\u00e1 licho\u0159e\u0159i\u0161nice nebo r\u016f\u017eov\u00fd sl\u00e9z \u00a9 SalzburgerLand Tourismus, Anke Eder<\/p><\/div>\n<p><span style=\"font-size: 16px;\">Jednoduch\u00fd recept na kv\u011btinov\u00fd cukr, kter\u00fd se osv\u011bd\u010dil jako d\u00e1rek.\u00a0<\/span><\/p>\n<h3>Co budete pot\u0159ebovat na p\u0159\u00edpravu kv\u011btinov\u00e9ho cukru<\/h3>\n<ul>\n<li>su\u0161en\u00e9<span>\u00a0<\/span><strong>kv\u011bty r\u016f\u017e\u00ed<\/strong><\/li>\n<li>su\u0161en\u00e9 kv\u011bty\u00a0<strong>\u010dern\u00e9ho bezu<\/strong><\/li>\n<li>su\u0161en\u00e9 kv\u011bty\u00a0<strong>jetele lu\u010dn\u00edho<\/strong><\/li>\n<li>su\u0161en\u00e9 kv\u011bty\u00a0<strong>ibi\u0161ku<\/strong><\/li>\n<li>su\u0161en\u00e9 kv\u011bty\u00a0<strong>m\u011bs\u00ed\u010dku<\/strong><\/li>\n<li><strong>biocukr<\/strong><\/li>\n<\/ul>\n<h3>Jak na to<\/h3>\n<p>Nasb\u00edrejte v l\u00e9t\u011b jedl\u00e9 kv\u011bty a usu\u0161te je. P\u0159enesen\u00e9 kv\u011btiny dejte do mix\u00e9ru a rozmixujte je, sm\u00edchejte s bio cukrem a uskladn\u011bte je nap\u0159\u00edklad v ozdobn\u00fdch sklenic\u00edch s patentn\u00edm uz\u00e1v\u011brem.<\/p>\n\n\t\t\t<div id=\"156082-1\" class=\"gallery gallery-156082 gallery-columns-3 gallery-size-1170_658\" itemscope itemtype=\"http:\/\/schema.org\/ImageGallery\">\n\t\t\t\t<ul class=\"gallery-row gallery-col-3 gallery-clear\">\n\t\t\t\t\t<li class=\"gallery-item col-3\" itemprop=\"associatedMedia\" itemscope itemtype=\"http:\/\/schema.org\/ImageObject\">\n\t\t\t\t\t\t<div class=\"gallery-icon landscape\"><a href=\"https:\/\/www.salzburgerland.com\/cs\/wp-content\/uploads\/2023\/06\/kamille.jpg\" title=\"Kamille\"><img decoding=\"async\" data-title=\"Kv\u011bt he\u0159m\u00e1nku \u00a9 SalzburgerLand Tourismus, Anke Eder\" title=\"Kv\u011bt he\u0159m\u00e1nku \u00a9 SalzburgerLand Tourismus, Anke Eder\" data-caption=\"Kv\u011bt he\u0159m\u00e1nku \u00a9 SalzburgerLand Tourismus, Anke Eder\" width=\"1050\" height=\"658\" src=\"https:\/\/www.salzburgerland.com\/cs\/wp-content\/uploads\/2023\/06\/kamille-1050x658.jpg\" class=\"attachment-1170_658 size-1170_658\" alt=\"Kv\u011bt \u010derstv\u011b utr\u017een\u00e9ho he\u0159m\u00e1nku (Zv\u011bt\u0161en\u00fd pohled)\" aria-describedby=\"figcaption-156082-156003\" itemprop=\"thumbnail\"><\/a><\/div>\n\t\t\t\t\t\t<span id=\"figcaption-156082-156003\" class=\"gallery-caption\" itemprop=\"caption\"><span aria-hidden=\"true\">Kv\u011bt he\u0159m\u00e1nku \u00a9 SalzburgerLand Tourismus, Anke Eder<\/span><\/span>\n\t\t\t\t\t<\/li>\n\t\t\t\t\t<li class=\"gallery-item col-3\" itemprop=\"associatedMedia\" itemscope itemtype=\"http:\/\/schema.org\/ImageObject\">\n\t\t\t\t\t\t<div class=\"gallery-icon landscape\"><a href=\"https:\/\/www.salzburgerland.com\/cs\/wp-content\/uploads\/2023\/06\/getrocknete-essbare-bluten-1036x650-1.jpg\" title=\"Getrocknete-essbare-Bluten-1036x650\"><img decoding=\"async\" data-title=\"Su\u0161en\u00e9 jedl\u00e9 kv\u011bty \u00a9 SalzburgerLand Tourismus, Anke Eder\" title=\"Su\u0161en\u00e9 jedl\u00e9 kv\u011bty \u00a9 SalzburgerLand Tourismus, Anke Eder\" data-caption=\"Su\u0161en\u00e9 jedl\u00e9 kv\u011bty \u00a9 SalzburgerLand Tourismus, Anke Eder\" width=\"1036\" height=\"650\" src=\"https:\/\/www.salzburgerland.com\/cs\/wp-content\/uploads\/2023\/06\/getrocknete-essbare-bluten-1036x650-1.jpg\" class=\"attachment-1170_658 size-1170_658\" alt=\"Rozlo\u017een\u00e9 su\u0161en\u00e9 jedl\u00e9 kv\u011bty (Zv\u011bt\u0161en\u00fd pohled)\" srcset=\"https:\/\/www.salzburgerland.com\/cs\/wp-content\/uploads\/2023\/06\/getrocknete-essbare-bluten-1036x650-1.jpg 1036w, https:\/\/www.salzburgerland.com\/cs\/wp-content\/uploads\/2023\/06\/getrocknete-essbare-bluten-1036x650-1-768x482.jpg 768w\" sizes=\"(max-width: 1036px) 100vw, 1036px\" aria-describedby=\"figcaption-156082-156001\" itemprop=\"thumbnail\"><\/a><\/div>\n\t\t\t\t\t\t<span id=\"figcaption-156082-156001\" class=\"gallery-caption\" itemprop=\"caption\"><span aria-hidden=\"true\">Su\u0161en\u00e9 jedl\u00e9 kv\u011bty \u00a9 SalzburgerLand Tourismus, Anke Eder<\/span><\/span>\n\t\t\t\t\t<\/li>\n\t\t\t\t\t<li class=\"gallery-item col-3\" itemprop=\"associatedMedia\" itemscope itemtype=\"http:\/\/schema.org\/ImageObject\">\n\t\t\t\t\t\t<div class=\"gallery-icon landscape\"><a href=\"https:\/\/www.salzburgerland.com\/cs\/wp-content\/uploads\/2023\/06\/getrocknete-bluten-in-den-mixer.jpg\" title=\"Getrocknete-Bluten-in-den-Mixer\"><img decoding=\"async\" data-title=\"Su\u0161en\u00e9 kv\u011bty obereme a nasypeme do mix\u00e9ru \u00a9 SalzburgerLand Tourismus, Anke Eder\" title=\"Su\u0161en\u00e9 kv\u011bty obereme a nasypeme do mix\u00e9ru \u00a9 SalzburgerLand Tourismus, Anke Eder\" data-caption=\"Su\u0161en\u00e9 kv\u011bty obereme a nasypeme do mix\u00e9ru \u00a9 SalzburgerLand Tourismus, Anke Eder\" width=\"1050\" height=\"658\" src=\"https:\/\/www.salzburgerland.com\/cs\/wp-content\/uploads\/2023\/06\/getrocknete-bluten-in-den-mixer-1050x658.jpg\" class=\"attachment-1170_658 size-1170_658\" alt=\"Jedl\u00e9 kv\u011bty usu\u0161\u00edme a d\u00e1me do mix\u00e9ru (Zv\u011bt\u0161en\u00fd pohled)\" aria-describedby=\"figcaption-156082-155999\" itemprop=\"thumbnail\"><\/a><\/div>\n\t\t\t\t\t\t<span id=\"figcaption-156082-155999\" class=\"gallery-caption\" itemprop=\"caption\"><span aria-hidden=\"true\">Su\u0161en\u00e9 kv\u011bty obereme a nasypeme do mix\u00e9ru \u00a9 SalzburgerLand Tourismus, Anke Eder<\/span><\/span>\n\t\t\t\t\t<\/li>\n\t\t\t\t<\/ul>\n\t\t\t\t<ul class=\"gallery-row gallery-col-3 gallery-clear\">\n\t\t\t\t\t<li class=\"gallery-item col-3\" itemprop=\"associatedMedia\" itemscope itemtype=\"http:\/\/schema.org\/ImageObject\">\n\t\t\t\t\t\t<div class=\"gallery-icon landscape\"><a href=\"https:\/\/www.salzburgerland.com\/cs\/wp-content\/uploads\/2023\/06\/fein-gehackte-getrocknete-bluten-1036x650-1.jpg\" title=\"Fein-gehackte-getrocknete-Bluten-1036x650\"><img decoding=\"async\" data-title=\"Jedl\u00e9 kv\u011bty rozmixujeme \u00a9 SalzburgerLand Tourismus, Anke Eder\" title=\"Jedl\u00e9 kv\u011bty rozmixujeme \u00a9 SalzburgerLand Tourismus, Anke Eder\" data-caption=\"Jedl\u00e9 kv\u011bty rozmixujeme \u00a9 SalzburgerLand Tourismus, Anke Eder\" width=\"1036\" height=\"650\" src=\"https:\/\/www.salzburgerland.com\/cs\/wp-content\/uploads\/2023\/06\/fein-gehackte-getrocknete-bluten-1036x650-1.jpg\" class=\"attachment-1170_658 size-1170_658\" alt=\"Su\u0161en\u00e9 jedl\u00e9 kv\u011bty rozmixujeme na po\u017eadovanou hrubost (Zv\u011bt\u0161en\u00fd pohled)\" srcset=\"https:\/\/www.salzburgerland.com\/cs\/wp-content\/uploads\/2023\/06\/fein-gehackte-getrocknete-bluten-1036x650-1.jpg 1036w, https:\/\/www.salzburgerland.com\/cs\/wp-content\/uploads\/2023\/06\/fein-gehackte-getrocknete-bluten-1036x650-1-768x482.jpg 768w\" sizes=\"(max-width: 1036px) 100vw, 1036px\" aria-describedby=\"figcaption-156082-155995\" itemprop=\"thumbnail\"><\/a><\/div>\n\t\t\t\t\t\t<span id=\"figcaption-156082-155995\" class=\"gallery-caption\" itemprop=\"caption\"><span aria-hidden=\"true\">Jedl\u00e9 kv\u011bty rozmixujeme \u00a9 SalzburgerLand Tourismus, Anke Eder<\/span><\/span>\n\t\t\t\t\t<\/li>\n\t\t\t\t\t<li class=\"gallery-item col-3\" itemprop=\"associatedMedia\" itemscope itemtype=\"http:\/\/schema.org\/ImageObject\">\n\t\t\t\t\t\t<div class=\"gallery-icon landscape\"><a href=\"https:\/\/www.salzburgerland.com\/cs\/wp-content\/uploads\/2023\/06\/fein-gehackte-getrocknete-bluten-mit-zucker-vermischt-1036x650-1.jpg\" title=\"Fein-gehackte-getrocknete-Bluten-mit-Zucker-vermischt-1036x650\"><img decoding=\"async\" data-title=\"Rozmixovan\u00e9 su\u0161en\u00e9 kv\u011bty s cukrem \u00a9 SalzburgerLand Tourismus, Anke Eder\" title=\"Rozmixovan\u00e9 su\u0161en\u00e9 kv\u011bty s cukrem \u00a9 SalzburgerLand Tourismus, Anke Eder\" data-caption=\"Rozmixovan\u00e9 su\u0161en\u00e9 kv\u011bty s cukrem \u00a9 SalzburgerLand Tourismus, Anke Eder\" width=\"1036\" height=\"650\" src=\"https:\/\/www.salzburgerland.com\/cs\/wp-content\/uploads\/2023\/06\/fein-gehackte-getrocknete-bluten-mit-zucker-vermischt-1036x650-1.jpg\" class=\"attachment-1170_658 size-1170_658\" alt=\"Rozmixovan\u00e9 jedl\u00e9 kv\u011bty sm\u00edch\u00e1me s cukrem (Zv\u011bt\u0161en\u00fd pohled)\" srcset=\"https:\/\/www.salzburgerland.com\/cs\/wp-content\/uploads\/2023\/06\/fein-gehackte-getrocknete-bluten-mit-zucker-vermischt-1036x650-1.jpg 1036w, https:\/\/www.salzburgerland.com\/cs\/wp-content\/uploads\/2023\/06\/fein-gehackte-getrocknete-bluten-mit-zucker-vermischt-1036x650-1-768x482.jpg 768w\" sizes=\"(max-width: 1036px) 100vw, 1036px\" aria-describedby=\"figcaption-156082-155997\" itemprop=\"thumbnail\"><\/a><\/div>\n\t\t\t\t\t\t<span id=\"figcaption-156082-155997\" class=\"gallery-caption\" itemprop=\"caption\"><span aria-hidden=\"true\">Rozmixovan\u00e9 su\u0161en\u00e9 kv\u011bty s cukrem \u00a9 SalzburgerLand Tourismus, Anke Eder<\/span><\/span>\n\t\t\t\t\t<\/li>\n\t\t\t\t\t<li class=\"gallery-item col-3\" itemprop=\"associatedMedia\" itemscope itemtype=\"http:\/\/schema.org\/ImageObject\">\n\t\t\t\t\t\t<div class=\"gallery-icon landscape\"><a href=\"https:\/\/www.salzburgerland.com\/cs\/wp-content\/uploads\/2023\/06\/blutenzucker.jpg\" title=\"Blutenzucker\"><img decoding=\"async\" data-title=\"Hotov\u00fd cukr s jedl\u00fdmi kv\u011bty \u00a9 SalzburgerLand Tourismus, Anke Eder\" title=\"Hotov\u00fd cukr s jedl\u00fdmi kv\u011bty \u00a9 SalzburgerLand Tourismus, Anke Eder\" data-caption=\"Hotov\u00fd cukr s jedl\u00fdmi kv\u011bty \u00a9 SalzburgerLand Tourismus, Anke Eder\" width=\"1050\" height=\"658\" src=\"https:\/\/www.salzburgerland.com\/cs\/wp-content\/uploads\/2023\/06\/blutenzucker-1050x658.jpg\" class=\"attachment-1170_658 size-1170_658\" alt=\"Kv\u011btinov\u00fd cukr ve sklenici m\u016f\u017ee poslou\u017eit tak\u00e9 jako hezk\u00fd d\u00e1rek (Zv\u011bt\u0161en\u00fd pohled)\" aria-describedby=\"figcaption-156082-155989\" itemprop=\"thumbnail\"><\/a><\/div>\n\t\t\t\t\t\t<span id=\"figcaption-156082-155989\" class=\"gallery-caption\" itemprop=\"caption\"><span aria-hidden=\"true\">Hotov\u00fd cukr s jedl\u00fdmi kv\u011bty \u00a9 SalzburgerLand Tourismus, Anke Eder<\/span><\/span>\n\t\t\t\t\t<\/li>\n\t\t\t\t<\/ul>\n\t\t\t<\/div><!-- .gallery -->\n\n","protected":false},"excerpt":{"rendered":"<p>Jedl\u00e9 kv\u011bty, to je nap\u0159\u00edklad levandule, kvetouc\u00ed pa\u017eitka, pampeli\u0161ka, bezinka, r\u016f\u017ee, pupalka, sl\u00e9z, he\u0159m\u00e1nek, licho\u0159e\u0159i\u0161nice nebo \u0159eb\u0159\u00ed\u010dek. R\u016f\u017eov\u00e9 kv\u011bty se su\u0161\u00ed a p\u0159id\u00e1vaj\u00ed se do \u010dajov\u00fdch sm\u011bs\u00ed. Kv\u011bty t\u0159ezalky te\u010dkovan\u00e9 se louhuj\u00ed v oleji a pou\u017e\u00edvaj\u00ed se k pot\u00edr\u00e1n\u00ed poko\u017eky p\u0159i pop\u00e1lenin\u00e1ch nebo ekz\u00e9mech. Jedl\u00e9 kv\u011bty ale mohou b\u00fdt i kandovan\u00e9 v cukrov\u00e9m sirupu nebo [&hellip;]<\/p>\n","protected":false},"author":6,"featured_media":155990,"comment_status":"closed","ping_status":"closed","sticky":false,"template":"","format":"standard","meta":{"_acf_changed":false,"wl_entities_gutenberg":"","_relevanssi_hide_post":"","_relevanssi_hide_content":"","_relevanssi_pin_for_all":"","_relevanssi_pin_keywords":"","_relevanssi_unpin_keywords":"","_relevanssi_related_keywords":"","_relevanssi_related_include_ids":"","_relevanssi_related_exclude_ids":"","_relevanssi_related_no_append":"","_relevanssi_related_not_related":"","_relevanssi_related_posts":"","_relevanssi_noindex_reason":"","footnotes":""},"categories":[1],"tags":[],"wl_entity_type":[705],"class_list":["post-156082","post","type-post","status-publish","format-standard","has-post-thumbnail","hentry","category-uncategorized","wl_entity_type-recipe"],"acf":[],"yoast_head":"<!-- This site is optimized with the Yoast SEO Premium plugin v27.4 (Yoast SEO v27.4) - https:\/\/yoast.com\/product\/yoast-seo-premium-wordpress\/ -->\n<title>Cukr s jedl\u00fdmi kv\u011bty \u00bb SalzburgerLand.com<\/title>\n<meta name=\"robots\" content=\"index, follow, max-snippet:-1, max-image-preview:large, max-video-preview:-1\" \/>\n<link rel=\"canonical\" href=\"https:\/\/www.salzburgerland.com\/cs\/cukr-s-jedlymi-kvety\/\" \/>\n<meta property=\"og:locale\" content=\"cs_CZ\" \/>\n<meta property=\"og:type\" content=\"article\" \/>\n<meta property=\"og:title\" content=\"Cukr s jedl\u00fdmi kv\u011bty\" \/>\n<meta property=\"og:description\" content=\"Jedl\u00e9 kv\u011bty, to je nap\u0159\u00edklad levandule, kvetouc\u00ed pa\u017eitka, pampeli\u0161ka, bezinka, r\u016f\u017ee, pupalka, sl\u00e9z, he\u0159m\u00e1nek, licho\u0159e\u0159i\u0161nice nebo \u0159eb\u0159\u00ed\u010dek. R\u016f\u017eov\u00e9 kv\u011bty\" \/>\n<meta property=\"og:url\" content=\"https:\/\/www.salzburgerland.com\/cs\/cukr-s-jedlymi-kvety\/\" \/>\n<meta property=\"og:site_name\" content=\"SalzburgerLand.com\" \/>\n<meta property=\"article:publisher\" content=\"https:\/\/www.facebook.com\/visitsalzburgerland\/\" \/>\n<meta property=\"article:published_time\" content=\"2023-06-12T20:48:31+00:00\" \/>\n<meta property=\"article:modified_time\" content=\"2023-06-12T21:24:49+00:00\" \/>\n<meta property=\"og:image\" content=\"https:\/\/www.salzburgerland.com\/cs\/wp-content\/uploads\/2023\/06\/blutenzucker-1036x650-1.jpg\" \/>\n\t<meta property=\"og:image:width\" content=\"1036\" \/>\n\t<meta property=\"og:image:height\" content=\"650\" \/>\n\t<meta property=\"og:image:type\" content=\"image\/jpeg\" \/>\n<meta name=\"author\" content=\"Andrea \u017d\u00e1\u010dkov\u00e1\" \/>\n<meta name=\"twitter:card\" content=\"summary_large_image\" \/>\n<meta name=\"twitter:creator\" content=\"@salzburgerland\" \/>\n<meta name=\"twitter:site\" content=\"@salzburgerland\" \/>\n<meta name=\"twitter:label1\" content=\"Napsal(a)\" \/>\n\t<meta name=\"twitter:data1\" content=\"Andrea \u017d\u00e1\u010dkov\u00e1\" \/>\n\t<meta name=\"twitter:label2\" content=\"Odhadovan\u00e1 doba \u010dten\u00ed\" \/>\n\t<meta name=\"twitter:data2\" content=\"2 minuty\" \/>\n<script type=\"application\/ld+json\" class=\"yoast-schema-graph\">{\"@context\":\"https:\\\/\\\/schema.org\",\"@graph\":[{\"@type\":\"Article\",\"@id\":\"https:\\\/\\\/www.salzburgerland.com\\\/cs\\\/cukr-s-jedlymi-kvety\\\/#article\",\"isPartOf\":{\"@id\":\"https:\\\/\\\/www.salzburgerland.com\\\/cs\\\/cukr-s-jedlymi-kvety\\\/\"},\"author\":{\"name\":\"Andrea \u017d\u00e1\u010dkov\u00e1\",\"@id\":\"https:\\\/\\\/www.salzburgerland.com\\\/cs\\\/#\\\/schema\\\/person\\\/dd42a4661897004df109095dbf40eeff\"},\"headline\":\"Cukr s jedl\u00fdmi kv\u011bty\",\"datePublished\":\"2023-06-12T20:48:31+00:00\",\"dateModified\":\"2023-06-12T21:24:49+00:00\",\"mainEntityOfPage\":{\"@id\":\"https:\\\/\\\/www.salzburgerland.com\\\/cs\\\/cukr-s-jedlymi-kvety\\\/\"},\"wordCount\":295,\"image\":{\"@id\":\"https:\\\/\\\/www.salzburgerland.com\\\/cs\\\/cukr-s-jedlymi-kvety\\\/#primaryimage\"},\"thumbnailUrl\":\"https:\\\/\\\/www.salzburgerland.com\\\/cs\\\/wp-content\\\/uploads\\\/2023\\\/06\\\/blutenzucker-1036x650-1.jpg\",\"articleSection\":[\"Uncategorized\"],\"inLanguage\":\"cs\"},{\"@type\":\"WebPage\",\"@id\":\"https:\\\/\\\/www.salzburgerland.com\\\/cs\\\/cukr-s-jedlymi-kvety\\\/\",\"url\":\"https:\\\/\\\/www.salzburgerland.com\\\/cs\\\/cukr-s-jedlymi-kvety\\\/\",\"name\":\"Cukr s jedl\u00fdmi kv\u011bty \u00bb SalzburgerLand.com\",\"isPartOf\":{\"@id\":\"https:\\\/\\\/www.salzburgerland.com\\\/cs\\\/#website\"},\"primaryImageOfPage\":{\"@id\":\"https:\\\/\\\/www.salzburgerland.com\\\/cs\\\/cukr-s-jedlymi-kvety\\\/#primaryimage\"},\"image\":{\"@id\":\"https:\\\/\\\/www.salzburgerland.com\\\/cs\\\/cukr-s-jedlymi-kvety\\\/#primaryimage\"},\"thumbnailUrl\":\"https:\\\/\\\/www.salzburgerland.com\\\/cs\\\/wp-content\\\/uploads\\\/2023\\\/06\\\/blutenzucker-1036x650-1.jpg\",\"datePublished\":\"2023-06-12T20:48:31+00:00\",\"dateModified\":\"2023-06-12T21:24:49+00:00\",\"author\":{\"@id\":\"https:\\\/\\\/www.salzburgerland.com\\\/cs\\\/#\\\/schema\\\/person\\\/dd42a4661897004df109095dbf40eeff\"},\"description\":\"Osla\u010fte si \u017eivot: prozrad\u00edme v\u00e1m jednoduch\u00fd recept pro dal\u0161\u00ed vyu\u017eit\u00ed v kuchyni.\",\"breadcrumb\":{\"@id\":\"https:\\\/\\\/www.salzburgerland.com\\\/cs\\\/cukr-s-jedlymi-kvety\\\/#breadcrumb\"},\"inLanguage\":\"cs\",\"potentialAction\":[{\"@type\":\"ReadAction\",\"target\":[\"https:\\\/\\\/www.salzburgerland.com\\\/cs\\\/cukr-s-jedlymi-kvety\\\/\"]}]},{\"@type\":\"ImageObject\",\"inLanguage\":\"cs\",\"@id\":\"https:\\\/\\\/www.salzburgerland.com\\\/cs\\\/cukr-s-jedlymi-kvety\\\/#primaryimage\",\"url\":\"https:\\\/\\\/www.salzburgerland.com\\\/cs\\\/wp-content\\\/uploads\\\/2023\\\/06\\\/blutenzucker-1036x650-1.jpg\",\"contentUrl\":\"https:\\\/\\\/www.salzburgerland.com\\\/cs\\\/wp-content\\\/uploads\\\/2023\\\/06\\\/blutenzucker-1036x650-1.jpg\",\"width\":1036,\"height\":650,\"caption\":\"Cukr s jedl\u00fdmi kv\u011bty \u00a9 SalzburgerLand Tourismus, Anke Eder\"},{\"@type\":\"BreadcrumbList\",\"@id\":\"https:\\\/\\\/www.salzburgerland.com\\\/cs\\\/cukr-s-jedlymi-kvety\\\/#breadcrumb\",\"itemListElement\":[{\"@type\":\"ListItem\",\"position\":1,\"name\":\"Tak chutn\u00e1 Salcbursko\",\"item\":\"https:\\\/\\\/www.salzburgerland.com\\\/cs\\\/tak-chutna-salcbursko\\\/\"},{\"@type\":\"ListItem\",\"position\":2,\"name\":\"Cukr s jedl\u00fdmi kv\u011bty\"}]},{\"@type\":\"WebSite\",\"@id\":\"https:\\\/\\\/www.salzburgerland.com\\\/cs\\\/#website\",\"url\":\"https:\\\/\\\/www.salzburgerland.com\\\/cs\\\/\",\"name\":\"SalzburgerLand.com\",\"description\":\"Va\u0161e dovolen\u00e1 v Salcburku, Rakousko\",\"potentialAction\":[{\"@type\":\"SearchAction\",\"target\":{\"@type\":\"EntryPoint\",\"urlTemplate\":\"https:\\\/\\\/www.salzburgerland.com\\\/cs\\\/?s={search_term_string}\"},\"query-input\":{\"@type\":\"PropertyValueSpecification\",\"valueRequired\":true,\"valueName\":\"search_term_string\"}}],\"inLanguage\":\"cs\"},{\"@type\":\"Person\",\"@id\":\"https:\\\/\\\/www.salzburgerland.com\\\/cs\\\/#\\\/schema\\\/person\\\/dd42a4661897004df109095dbf40eeff\",\"name\":\"Andrea \u017d\u00e1\u010dkov\u00e1\",\"image\":{\"@type\":\"ImageObject\",\"inLanguage\":\"cs\",\"@id\":\"https:\\\/\\\/secure.gravatar.com\\\/avatar\\\/338deec8d231d56d0ab7b2b7d6d0aedbcb3eb05390f6c027fd5b7ebe87b67dbf?s=96&d=mm&r=g\",\"url\":\"https:\\\/\\\/secure.gravatar.com\\\/avatar\\\/338deec8d231d56d0ab7b2b7d6d0aedbcb3eb05390f6c027fd5b7ebe87b67dbf?s=96&d=mm&r=g\",\"contentUrl\":\"https:\\\/\\\/secure.gravatar.com\\\/avatar\\\/338deec8d231d56d0ab7b2b7d6d0aedbcb3eb05390f6c027fd5b7ebe87b67dbf?s=96&d=mm&r=g\",\"caption\":\"Andrea \u017d\u00e1\u010dkov\u00e1\"}}]}<\/script>\n<!-- \/ Yoast SEO Premium plugin. -->","yoast_head_json":{"title":"Cukr s jedl\u00fdmi kv\u011bty \u00bb SalzburgerLand.com","robots":{"index":"index","follow":"follow","max-snippet":"max-snippet:-1","max-image-preview":"max-image-preview:large","max-video-preview":"max-video-preview:-1"},"canonical":"https:\/\/www.salzburgerland.com\/cs\/cukr-s-jedlymi-kvety\/","og_locale":"cs_CZ","og_type":"article","og_title":"Cukr s jedl\u00fdmi kv\u011bty","og_description":"Jedl\u00e9 kv\u011bty, to je nap\u0159\u00edklad levandule, kvetouc\u00ed pa\u017eitka, pampeli\u0161ka, bezinka, r\u016f\u017ee, pupalka, sl\u00e9z, he\u0159m\u00e1nek, licho\u0159e\u0159i\u0161nice nebo \u0159eb\u0159\u00ed\u010dek. R\u016f\u017eov\u00e9 kv\u011bty","og_url":"https:\/\/www.salzburgerland.com\/cs\/cukr-s-jedlymi-kvety\/","og_site_name":"SalzburgerLand.com","article_publisher":"https:\/\/www.facebook.com\/visitsalzburgerland\/","article_published_time":"2023-06-12T20:48:31+00:00","article_modified_time":"2023-06-12T21:24:49+00:00","og_image":[{"url":"https:\/\/www.salzburgerland.com\/cs\/wp-content\/uploads\/2023\/06\/blutenzucker-1036x650-1.jpg","width":1036,"height":650,"type":"image\/jpeg"}],"author":"Andrea \u017d\u00e1\u010dkov\u00e1","twitter_card":"summary_large_image","twitter_creator":"@salzburgerland","twitter_site":"@salzburgerland","twitter_misc":{"Napsal(a)":"Andrea \u017d\u00e1\u010dkov\u00e1","Odhadovan\u00e1 doba \u010dten\u00ed":"2 minuty"},"schema":{"@context":"https:\/\/schema.org","@graph":[{"@type":"Article","@id":"https:\/\/www.salzburgerland.com\/cs\/cukr-s-jedlymi-kvety\/#article","isPartOf":{"@id":"https:\/\/www.salzburgerland.com\/cs\/cukr-s-jedlymi-kvety\/"},"author":{"name":"Andrea \u017d\u00e1\u010dkov\u00e1","@id":"https:\/\/www.salzburgerland.com\/cs\/#\/schema\/person\/dd42a4661897004df109095dbf40eeff"},"headline":"Cukr s jedl\u00fdmi kv\u011bty","datePublished":"2023-06-12T20:48:31+00:00","dateModified":"2023-06-12T21:24:49+00:00","mainEntityOfPage":{"@id":"https:\/\/www.salzburgerland.com\/cs\/cukr-s-jedlymi-kvety\/"},"wordCount":295,"image":{"@id":"https:\/\/www.salzburgerland.com\/cs\/cukr-s-jedlymi-kvety\/#primaryimage"},"thumbnailUrl":"https:\/\/www.salzburgerland.com\/cs\/wp-content\/uploads\/2023\/06\/blutenzucker-1036x650-1.jpg","articleSection":["Uncategorized"],"inLanguage":"cs"},{"@type":"WebPage","@id":"https:\/\/www.salzburgerland.com\/cs\/cukr-s-jedlymi-kvety\/","url":"https:\/\/www.salzburgerland.com\/cs\/cukr-s-jedlymi-kvety\/","name":"Cukr s jedl\u00fdmi kv\u011bty \u00bb SalzburgerLand.com","isPartOf":{"@id":"https:\/\/www.salzburgerland.com\/cs\/#website"},"primaryImageOfPage":{"@id":"https:\/\/www.salzburgerland.com\/cs\/cukr-s-jedlymi-kvety\/#primaryimage"},"image":{"@id":"https:\/\/www.salzburgerland.com\/cs\/cukr-s-jedlymi-kvety\/#primaryimage"},"thumbnailUrl":"https:\/\/www.salzburgerland.com\/cs\/wp-content\/uploads\/2023\/06\/blutenzucker-1036x650-1.jpg","datePublished":"2023-06-12T20:48:31+00:00","dateModified":"2023-06-12T21:24:49+00:00","author":{"@id":"https:\/\/www.salzburgerland.com\/cs\/#\/schema\/person\/dd42a4661897004df109095dbf40eeff"},"description":"Osla\u010fte si \u017eivot: prozrad\u00edme v\u00e1m jednoduch\u00fd recept pro dal\u0161\u00ed vyu\u017eit\u00ed v kuchyni.","breadcrumb":{"@id":"https:\/\/www.salzburgerland.com\/cs\/cukr-s-jedlymi-kvety\/#breadcrumb"},"inLanguage":"cs","potentialAction":[{"@type":"ReadAction","target":["https:\/\/www.salzburgerland.com\/cs\/cukr-s-jedlymi-kvety\/"]}]},{"@type":"ImageObject","inLanguage":"cs","@id":"https:\/\/www.salzburgerland.com\/cs\/cukr-s-jedlymi-kvety\/#primaryimage","url":"https:\/\/www.salzburgerland.com\/cs\/wp-content\/uploads\/2023\/06\/blutenzucker-1036x650-1.jpg","contentUrl":"https:\/\/www.salzburgerland.com\/cs\/wp-content\/uploads\/2023\/06\/blutenzucker-1036x650-1.jpg","width":1036,"height":650,"caption":"Cukr s jedl\u00fdmi kv\u011bty \u00a9 SalzburgerLand Tourismus, Anke Eder"},{"@type":"BreadcrumbList","@id":"https:\/\/www.salzburgerland.com\/cs\/cukr-s-jedlymi-kvety\/#breadcrumb","itemListElement":[{"@type":"ListItem","position":1,"name":"Tak chutn\u00e1 Salcbursko","item":"https:\/\/www.salzburgerland.com\/cs\/tak-chutna-salcbursko\/"},{"@type":"ListItem","position":2,"name":"Cukr s jedl\u00fdmi kv\u011bty"}]},{"@type":"WebSite","@id":"https:\/\/www.salzburgerland.com\/cs\/#website","url":"https:\/\/www.salzburgerland.com\/cs\/","name":"SalzburgerLand.com","description":"Va\u0161e dovolen\u00e1 v Salcburku, Rakousko","potentialAction":[{"@type":"SearchAction","target":{"@type":"EntryPoint","urlTemplate":"https:\/\/www.salzburgerland.com\/cs\/?s={search_term_string}"},"query-input":{"@type":"PropertyValueSpecification","valueRequired":true,"valueName":"search_term_string"}}],"inLanguage":"cs"},{"@type":"Person","@id":"https:\/\/www.salzburgerland.com\/cs\/#\/schema\/person\/dd42a4661897004df109095dbf40eeff","name":"Andrea \u017d\u00e1\u010dkov\u00e1","image":{"@type":"ImageObject","inLanguage":"cs","@id":"https:\/\/secure.gravatar.com\/avatar\/338deec8d231d56d0ab7b2b7d6d0aedbcb3eb05390f6c027fd5b7ebe87b67dbf?s=96&d=mm&r=g","url":"https:\/\/secure.gravatar.com\/avatar\/338deec8d231d56d0ab7b2b7d6d0aedbcb3eb05390f6c027fd5b7ebe87b67dbf?s=96&d=mm&r=g","contentUrl":"https:\/\/secure.gravatar.com\/avatar\/338deec8d231d56d0ab7b2b7d6d0aedbcb3eb05390f6c027fd5b7ebe87b67dbf?s=96&d=mm&r=g","caption":"Andrea \u017d\u00e1\u010dkov\u00e1"}}]}},"_wl_alt_label":[],"wl:entity_url":"http:\/\/open.salzburgerland.com\/cs\/post\/cukr-s-jedlymi-kvety","_links":{"self":[{"href":"https:\/\/www.salzburgerland.com\/cs\/wp-json\/wp\/v2\/posts\/156082","targetHints":{"allow":["GET"]}}],"collection":[{"href":"https:\/\/www.salzburgerland.com\/cs\/wp-json\/wp\/v2\/posts"}],"about":[{"href":"https:\/\/www.salzburgerland.com\/cs\/wp-json\/wp\/v2\/types\/post"}],"author":[{"embeddable":true,"href":"https:\/\/www.salzburgerland.com\/cs\/wp-json\/wp\/v2\/users\/6"}],"replies":[{"embeddable":true,"href":"https:\/\/www.salzburgerland.com\/cs\/wp-json\/wp\/v2\/comments?post=156082"}],"version-history":[{"count":5,"href":"https:\/\/www.salzburgerland.com\/cs\/wp-json\/wp\/v2\/posts\/156082\/revisions"}],"predecessor-version":[{"id":156092,"href":"https:\/\/www.salzburgerland.com\/cs\/wp-json\/wp\/v2\/posts\/156082\/revisions\/156092"}],"wp:featuredmedia":[{"embeddable":true,"href":"https:\/\/www.salzburgerland.com\/cs\/wp-json\/wp\/v2\/media\/155990"}],"wp:attachment":[{"href":"https:\/\/www.salzburgerland.com\/cs\/wp-json\/wp\/v2\/media?parent=156082"}],"wp:term":[{"taxonomy":"category","embeddable":true,"href":"https:\/\/www.salzburgerland.com\/cs\/wp-json\/wp\/v2\/categories?post=156082"},{"taxonomy":"post_tag","embeddable":true,"href":"https:\/\/www.salzburgerland.com\/cs\/wp-json\/wp\/v2\/tags?post=156082"},{"taxonomy":"wl_entity_type","embeddable":true,"href":"https:\/\/www.salzburgerland.com\/cs\/wp-json\/wp\/v2\/wl_entity_type?post=156082"}],"curies":[{"name":"wp","href":"https:\/\/api.w.org\/{rel}","templated":true}]}}