{"id":155664,"date":"2023-04-18T12:29:35","date_gmt":"2023-04-18T10:29:35","guid":{"rendered":"https:\/\/www.salzburgerland.com\/cs\/?p=155664"},"modified":"2023-04-18T14:52:46","modified_gmt":"2023-04-18T12:52:46","slug":"slany-bylinkovy-kolac-s-koprivami","status":"publish","type":"post","link":"https:\/\/www.salzburgerland.com\/cs\/slany-bylinkovy-kolac-s-koprivami\/","title":{"rendered":"Slan\u00fd bylinkov\u00fd kol\u00e1\u010d s kop\u0159ivami"},"content":{"rendered":"<p>\u201eFlammkuchen\u201c se ve francouzsk\u00fdch kuchyn\u00edch pekl spolu s chlebem v hodn\u011b vyh\u0159\u00e1t\u00e9 peci na d\u0159evo. Proto tak\u00e9 \u201e<em>Tarte flamb\u00e9e\u201c.\u00a0<\/em>Pokud m\u00e1te r\u00e1di dom\u00e1c\u00ed pizzu, z tohoto slan\u00e9ho kol\u00e1\u010de budete nad\u0161en\u00ed. Je k\u0159upav\u00e1 a von\u00ed po jaru. Kop\u0159iva, kter\u00e1 se do t\u011bsta p\u0159id\u00e1v\u00e1, je toti\u017e zdrav\u00e1, typicky jarn\u00ed bylina.<\/p>\n<h3>CO BUDETE POT\u0158EBOVAT NA 4 PORCE<\/h3>\n<ul>\n<li>2 l\u017e\u00edce jogurtu<\/li>\n<li>1 kel\u00edmek cr\u00e8me fra\u00eeche<\/li>\n<li>50 g parmez\u00e1nu<\/li>\n<li>\u010derstv\u00e9 bylinky<\/li>\n<li>1 strou\u017eek \u010desneku<\/li>\n<li>1 nadrobno nakr\u00e1jen\u00e1 cibule<\/li>\n<li>1 cuketa<\/li>\n<li>s\u016fl<\/li>\n<li>pep\u0159<\/li>\n<\/ul>\n<p>NA T\u011aSTO<\/p>\n<ul>\n<li>1 l\u017ei\u010dka bylinkov\u00e9 soli<\/li>\n<li>2 l\u017e\u00edce olivov\u00e9ho oleje<\/li>\n<li>trochu cukru<\/li>\n<li>250 g \u0161paldov\u00e9 mouky<\/li>\n<li>1 hrst kop\u0159ivov\u00fdch list\u016f<\/li>\n<li>1\/2 kostky bio dro\u017ed\u00ed<\/li>\n<li>125 ml vody<\/li>\n<\/ul>\n<h3>JAK NA TO<\/h3>\n<p><span style=\"font-size: 16px;\">Kop\u0159ivov\u00e9 listy nasekejte nadrobno pomoc\u00ed no\u017ee nebo kuchy\u0148sk\u00e9ho robotu. Dro\u017ed\u00ed<\/span> rozpus\u0165te ve vla\u017en\u00e9 vod\u011b s trochou cukru.<br>\nP\u0159idejte \u0161paldovou mouku, olej, bylinkovou s\u016fl, jemn\u011b nasekan\u00e9 kop\u0159ivov\u00e9 listy a vypracujte t\u011bsto. P\u0159ikryjte ut\u011brkou a nechejte vykynout.<\/p>\n<p>Cibuli, strou\u017eek \u010desneku a hrst \u010derstv\u00fdch kuchy\u0148sk\u00fdch bylinek (nap\u0159. petr\u017eelku, pa\u017eitku) nakr\u00e1jejte nadrobno. Nastrouhejte parmez\u00e1n.<br>\nSm\u00edchejte parmaz\u00e1n s cr\u00e8me fra\u00eeche a jogurtem. Sm\u011bs podle chuti osolte a opep\u0159ete. T\u011bsto rozd\u011blte na \u010dty\u0159i d\u00edly, ka\u017ed\u00fd d\u00edl rozv\u00e1lejte v\u00e1le\u010dkem na tenko, pot\u0159ete p\u0159ipravenou sm\u011bs\u00ed a navrch dejte na tenk\u00e9 pl\u00e1tky nakr\u00e1jenou cuketu. Flammkuchen pe\u010deme p\u0159i 200 \u00b0C p\u0159ibli\u017en\u011b 15 minut, dokud nen\u00ed placka k\u0159upav\u00e1.<\/p>\n<p>Vyzkou\u0161ejte tak\u00e9 <a href=\"https:\/\/www.salzburgerland.com\/cs\/chlebovy-venec-s-koprivami\/\">chlebov\u00fd v\u011bnec s kop\u0159ivami<\/a> \u010di <a href=\"https:\/\/www.salzburgerland.com\/cs\/koprivovy-sirup\/\">kop\u0159ivov\u00fd sirup<\/a>. Osv\u011b\u017euj\u00edc\u00ed <a href=\"https:\/\/www.salzburgerland.com\/cs\/sirup-z-kvetu-cerneho-bezu\/\">sirup<\/a> si m\u016f\u017eete ud\u011blat i z bezu nebo tak\u00e9 z dal\u0161\u00edch <a href=\"https:\/\/www.salzburgerland.com\/cs\/lecitelstvi-byliny-a-recepty-sirup-cerstve-bylinky\/\">bylinek<\/a>. Pokud V\u00e1s zaj\u00edm\u00e1 t\u00e9ma bylinek v\u00edce, pod\u00edvejte se na na\u0161e str\u00e1nky v\u011bnovan\u00e9 <strong><a href=\"https:\/\/www.salzburgerland.com\/cs\/bylinky-salcbursko\/\">bylink\u00e1m v Salcbursku<\/a><\/strong> nebo se nechejte inspirovat trasami <strong><a href=\"https:\/\/www.salzburgerland.com\/cs\/zazitkova-trasa-pro-priznivce-bylinek\/\">Via Culinaria pro milovn\u00edky bylinek<\/a>.\u00a0<\/strong><\/p>\n","protected":false},"excerpt":{"rendered":"<p>\u201eFlammkuchen\u201c se ve francouzsk\u00fdch kuchyn\u00edch pekl spolu s chlebem v hodn\u011b vyh\u0159\u00e1t\u00e9 peci na d\u0159evo. Proto tak\u00e9 \u201eTarte flamb\u00e9e\u201c.\u00a0Pokud m\u00e1te r\u00e1di dom\u00e1c\u00ed pizzu, z tohoto slan\u00e9ho kol\u00e1\u010de budete nad\u0161en\u00ed. Je k\u0159upav\u00e1 a von\u00ed po jaru. Kop\u0159iva, kter\u00e1 se do t\u011bsta p\u0159id\u00e1v\u00e1, je toti\u017e zdrav\u00e1, typicky jarn\u00ed bylina. CO BUDETE POT\u0158EBOVAT NA 4 PORCE 2 l\u017e\u00edce [&hellip;]<\/p>\n","protected":false},"author":6,"featured_media":155665,"comment_status":"closed","ping_status":"closed","sticky":false,"template":"","format":"standard","meta":{"_acf_changed":false,"wl_entities_gutenberg":"","_relevanssi_hide_post":"","_relevanssi_hide_content":"","_relevanssi_pin_for_all":"","_relevanssi_pin_keywords":"","_relevanssi_unpin_keywords":"","_relevanssi_related_keywords":"","_relevanssi_related_include_ids":"","_relevanssi_related_exclude_ids":"","_relevanssi_related_no_append":"","_relevanssi_related_not_related":"","_relevanssi_related_posts":"","_relevanssi_noindex_reason":"","footnotes":""},"categories":[1],"tags":[],"wl_entity_type":[705],"class_list":["post-155664","post","type-post","status-publish","format-standard","has-post-thumbnail","hentry","category-uncategorized","wl_entity_type-recipe"],"acf":[],"yoast_head":"<!-- This site is optimized with the Yoast SEO Premium plugin v27.4 (Yoast SEO v27.4) - https:\/\/yoast.com\/product\/yoast-seo-premium-wordpress\/ -->\n<title>Slan\u00fd bylinkov\u00fd kol\u00e1\u010d s kop\u0159ivami \u00bb SalzburgerLand.com<\/title>\n<meta name=\"robots\" content=\"index, follow, max-snippet:-1, max-image-preview:large, max-video-preview:-1\" \/>\n<link rel=\"canonical\" href=\"https:\/\/www.salzburgerland.com\/cs\/slany-bylinkovy-kolac-s-koprivami\/\" \/>\n<meta property=\"og:locale\" content=\"cs_CZ\" \/>\n<meta property=\"og:type\" content=\"article\" \/>\n<meta property=\"og:title\" content=\"Slan\u00fd bylinkov\u00fd kol\u00e1\u010d s kop\u0159ivami\" \/>\n<meta property=\"og:description\" content=\"&quot;Flammkuchen&quot; se ve francouzsk\u00fdch kuchyn\u00edch pekl spolu s chlebem v hodn\u011b vyh\u0159\u00e1t\u00e9 peci na d\u0159evo. Proto tak\u00e9 &quot;Tarte flamb\u00e9e&quot;.\u00a0Pokud m\u00e1te r\u00e1di dom\u00e1c\u00ed pizzu,\" \/>\n<meta property=\"og:url\" content=\"https:\/\/www.salzburgerland.com\/cs\/slany-bylinkovy-kolac-s-koprivami\/\" \/>\n<meta property=\"og:site_name\" content=\"SalzburgerLand.com\" \/>\n<meta property=\"article:publisher\" content=\"https:\/\/www.facebook.com\/visitsalzburgerland\/\" \/>\n<meta property=\"article:published_time\" content=\"2023-04-18T10:29:35+00:00\" \/>\n<meta property=\"article:modified_time\" content=\"2023-04-18T12:52:46+00:00\" \/>\n<meta property=\"og:image\" content=\"https:\/\/www.salzburgerland.com\/cs\/wp-content\/uploads\/2023\/04\/brennnessel-flammkuchen-1170x658-1.jpg\" \/>\n\t<meta property=\"og:image:width\" content=\"1170\" \/>\n\t<meta property=\"og:image:height\" content=\"658\" \/>\n\t<meta property=\"og:image:type\" content=\"image\/jpeg\" \/>\n<meta name=\"author\" content=\"Andrea \u017d\u00e1\u010dkov\u00e1\" \/>\n<meta name=\"twitter:card\" content=\"summary_large_image\" \/>\n<meta name=\"twitter:creator\" content=\"@salzburgerland\" \/>\n<meta name=\"twitter:site\" content=\"@salzburgerland\" \/>\n<meta name=\"twitter:label1\" content=\"Napsal(a)\" \/>\n\t<meta name=\"twitter:data1\" content=\"Andrea \u017d\u00e1\u010dkov\u00e1\" \/>\n\t<meta name=\"twitter:label2\" content=\"Odhadovan\u00e1 doba \u010dten\u00ed\" \/>\n\t<meta name=\"twitter:data2\" content=\"2 minuty\" \/>\n<script type=\"application\/ld+json\" class=\"yoast-schema-graph\">{\"@context\":\"https:\\\/\\\/schema.org\",\"@graph\":[{\"@type\":\"Article\",\"@id\":\"https:\\\/\\\/www.salzburgerland.com\\\/cs\\\/slany-bylinkovy-kolac-s-koprivami\\\/#article\",\"isPartOf\":{\"@id\":\"https:\\\/\\\/www.salzburgerland.com\\\/cs\\\/slany-bylinkovy-kolac-s-koprivami\\\/\"},\"author\":{\"name\":\"Andrea \u017d\u00e1\u010dkov\u00e1\",\"@id\":\"https:\\\/\\\/www.salzburgerland.com\\\/cs\\\/#\\\/schema\\\/person\\\/dd42a4661897004df109095dbf40eeff\"},\"headline\":\"Slan\u00fd bylinkov\u00fd kol\u00e1\u010d s kop\u0159ivami\",\"datePublished\":\"2023-04-18T10:29:35+00:00\",\"dateModified\":\"2023-04-18T12:52:46+00:00\",\"mainEntityOfPage\":{\"@id\":\"https:\\\/\\\/www.salzburgerland.com\\\/cs\\\/slany-bylinkovy-kolac-s-koprivami\\\/\"},\"wordCount\":340,\"image\":{\"@id\":\"https:\\\/\\\/www.salzburgerland.com\\\/cs\\\/slany-bylinkovy-kolac-s-koprivami\\\/#primaryimage\"},\"thumbnailUrl\":\"https:\\\/\\\/www.salzburgerland.com\\\/cs\\\/wp-content\\\/uploads\\\/2023\\\/04\\\/brennnessel-flammkuchen-1170x658-1.jpg\",\"articleSection\":[\"Uncategorized\"],\"inLanguage\":\"cs\"},{\"@type\":\"WebPage\",\"@id\":\"https:\\\/\\\/www.salzburgerland.com\\\/cs\\\/slany-bylinkovy-kolac-s-koprivami\\\/\",\"url\":\"https:\\\/\\\/www.salzburgerland.com\\\/cs\\\/slany-bylinkovy-kolac-s-koprivami\\\/\",\"name\":\"Slan\u00fd bylinkov\u00fd kol\u00e1\u010d s kop\u0159ivami \u00bb SalzburgerLand.com\",\"isPartOf\":{\"@id\":\"https:\\\/\\\/www.salzburgerland.com\\\/cs\\\/#website\"},\"primaryImageOfPage\":{\"@id\":\"https:\\\/\\\/www.salzburgerland.com\\\/cs\\\/slany-bylinkovy-kolac-s-koprivami\\\/#primaryimage\"},\"image\":{\"@id\":\"https:\\\/\\\/www.salzburgerland.com\\\/cs\\\/slany-bylinkovy-kolac-s-koprivami\\\/#primaryimage\"},\"thumbnailUrl\":\"https:\\\/\\\/www.salzburgerland.com\\\/cs\\\/wp-content\\\/uploads\\\/2023\\\/04\\\/brennnessel-flammkuchen-1170x658-1.jpg\",\"datePublished\":\"2023-04-18T10:29:35+00:00\",\"dateModified\":\"2023-04-18T12:52:46+00:00\",\"author\":{\"@id\":\"https:\\\/\\\/www.salzburgerland.com\\\/cs\\\/#\\\/schema\\\/person\\\/dd42a4661897004df109095dbf40eeff\"},\"description\":\"\u00a0Pokud m\u00e1te r\u00e1di dom\u00e1c\u00ed pizzu, z tohoto slan\u00e9ho kol\u00e1\u010de budete nad\u0161en\u00ed.\",\"breadcrumb\":{\"@id\":\"https:\\\/\\\/www.salzburgerland.com\\\/cs\\\/slany-bylinkovy-kolac-s-koprivami\\\/#breadcrumb\"},\"inLanguage\":\"cs\",\"potentialAction\":[{\"@type\":\"ReadAction\",\"target\":[\"https:\\\/\\\/www.salzburgerland.com\\\/cs\\\/slany-bylinkovy-kolac-s-koprivami\\\/\"]}]},{\"@type\":\"ImageObject\",\"inLanguage\":\"cs\",\"@id\":\"https:\\\/\\\/www.salzburgerland.com\\\/cs\\\/slany-bylinkovy-kolac-s-koprivami\\\/#primaryimage\",\"url\":\"https:\\\/\\\/www.salzburgerland.com\\\/cs\\\/wp-content\\\/uploads\\\/2023\\\/04\\\/brennnessel-flammkuchen-1170x658-1.jpg\",\"contentUrl\":\"https:\\\/\\\/www.salzburgerland.com\\\/cs\\\/wp-content\\\/uploads\\\/2023\\\/04\\\/brennnessel-flammkuchen-1170x658-1.jpg\",\"width\":1170,\"height\":658,\"caption\":\"Slan\u00fd kol\u00e1\u010d s kop\u0159ivami \u00a9 Salzburgschmeckt.at\"},{\"@type\":\"BreadcrumbList\",\"@id\":\"https:\\\/\\\/www.salzburgerland.com\\\/cs\\\/slany-bylinkovy-kolac-s-koprivami\\\/#breadcrumb\",\"itemListElement\":[{\"@type\":\"ListItem\",\"position\":1,\"name\":\"Tak chutn\u00e1 Salcbursko\",\"item\":\"https:\\\/\\\/www.salzburgerland.com\\\/cs\\\/tak-chutna-salcbursko\\\/\"},{\"@type\":\"ListItem\",\"position\":2,\"name\":\"Slan\u00fd bylinkov\u00fd kol\u00e1\u010d s kop\u0159ivami\"}]},{\"@type\":\"WebSite\",\"@id\":\"https:\\\/\\\/www.salzburgerland.com\\\/cs\\\/#website\",\"url\":\"https:\\\/\\\/www.salzburgerland.com\\\/cs\\\/\",\"name\":\"SalzburgerLand.com\",\"description\":\"Va\u0161e dovolen\u00e1 v Salcburku, Rakousko\",\"potentialAction\":[{\"@type\":\"SearchAction\",\"target\":{\"@type\":\"EntryPoint\",\"urlTemplate\":\"https:\\\/\\\/www.salzburgerland.com\\\/cs\\\/?s={search_term_string}\"},\"query-input\":{\"@type\":\"PropertyValueSpecification\",\"valueRequired\":true,\"valueName\":\"search_term_string\"}}],\"inLanguage\":\"cs\"},{\"@type\":\"Person\",\"@id\":\"https:\\\/\\\/www.salzburgerland.com\\\/cs\\\/#\\\/schema\\\/person\\\/dd42a4661897004df109095dbf40eeff\",\"name\":\"Andrea \u017d\u00e1\u010dkov\u00e1\",\"image\":{\"@type\":\"ImageObject\",\"inLanguage\":\"cs\",\"@id\":\"https:\\\/\\\/secure.gravatar.com\\\/avatar\\\/338deec8d231d56d0ab7b2b7d6d0aedbcb3eb05390f6c027fd5b7ebe87b67dbf?s=96&d=mm&r=g\",\"url\":\"https:\\\/\\\/secure.gravatar.com\\\/avatar\\\/338deec8d231d56d0ab7b2b7d6d0aedbcb3eb05390f6c027fd5b7ebe87b67dbf?s=96&d=mm&r=g\",\"contentUrl\":\"https:\\\/\\\/secure.gravatar.com\\\/avatar\\\/338deec8d231d56d0ab7b2b7d6d0aedbcb3eb05390f6c027fd5b7ebe87b67dbf?s=96&d=mm&r=g\",\"caption\":\"Andrea \u017d\u00e1\u010dkov\u00e1\"}}]}<\/script>\n<!-- \/ Yoast SEO Premium plugin. -->","yoast_head_json":{"title":"Slan\u00fd bylinkov\u00fd kol\u00e1\u010d s kop\u0159ivami \u00bb SalzburgerLand.com","robots":{"index":"index","follow":"follow","max-snippet":"max-snippet:-1","max-image-preview":"max-image-preview:large","max-video-preview":"max-video-preview:-1"},"canonical":"https:\/\/www.salzburgerland.com\/cs\/slany-bylinkovy-kolac-s-koprivami\/","og_locale":"cs_CZ","og_type":"article","og_title":"Slan\u00fd bylinkov\u00fd kol\u00e1\u010d s kop\u0159ivami","og_description":"\"Flammkuchen\" se ve francouzsk\u00fdch kuchyn\u00edch pekl spolu s chlebem v hodn\u011b vyh\u0159\u00e1t\u00e9 peci na d\u0159evo. Proto tak\u00e9 \"Tarte flamb\u00e9e\".\u00a0Pokud m\u00e1te r\u00e1di dom\u00e1c\u00ed pizzu,","og_url":"https:\/\/www.salzburgerland.com\/cs\/slany-bylinkovy-kolac-s-koprivami\/","og_site_name":"SalzburgerLand.com","article_publisher":"https:\/\/www.facebook.com\/visitsalzburgerland\/","article_published_time":"2023-04-18T10:29:35+00:00","article_modified_time":"2023-04-18T12:52:46+00:00","og_image":[{"url":"https:\/\/www.salzburgerland.com\/cs\/wp-content\/uploads\/2023\/04\/brennnessel-flammkuchen-1170x658-1.jpg","width":1170,"height":658,"type":"image\/jpeg"}],"author":"Andrea \u017d\u00e1\u010dkov\u00e1","twitter_card":"summary_large_image","twitter_creator":"@salzburgerland","twitter_site":"@salzburgerland","twitter_misc":{"Napsal(a)":"Andrea \u017d\u00e1\u010dkov\u00e1","Odhadovan\u00e1 doba \u010dten\u00ed":"2 minuty"},"schema":{"@context":"https:\/\/schema.org","@graph":[{"@type":"Article","@id":"https:\/\/www.salzburgerland.com\/cs\/slany-bylinkovy-kolac-s-koprivami\/#article","isPartOf":{"@id":"https:\/\/www.salzburgerland.com\/cs\/slany-bylinkovy-kolac-s-koprivami\/"},"author":{"name":"Andrea \u017d\u00e1\u010dkov\u00e1","@id":"https:\/\/www.salzburgerland.com\/cs\/#\/schema\/person\/dd42a4661897004df109095dbf40eeff"},"headline":"Slan\u00fd bylinkov\u00fd kol\u00e1\u010d s kop\u0159ivami","datePublished":"2023-04-18T10:29:35+00:00","dateModified":"2023-04-18T12:52:46+00:00","mainEntityOfPage":{"@id":"https:\/\/www.salzburgerland.com\/cs\/slany-bylinkovy-kolac-s-koprivami\/"},"wordCount":340,"image":{"@id":"https:\/\/www.salzburgerland.com\/cs\/slany-bylinkovy-kolac-s-koprivami\/#primaryimage"},"thumbnailUrl":"https:\/\/www.salzburgerland.com\/cs\/wp-content\/uploads\/2023\/04\/brennnessel-flammkuchen-1170x658-1.jpg","articleSection":["Uncategorized"],"inLanguage":"cs"},{"@type":"WebPage","@id":"https:\/\/www.salzburgerland.com\/cs\/slany-bylinkovy-kolac-s-koprivami\/","url":"https:\/\/www.salzburgerland.com\/cs\/slany-bylinkovy-kolac-s-koprivami\/","name":"Slan\u00fd bylinkov\u00fd kol\u00e1\u010d s kop\u0159ivami \u00bb SalzburgerLand.com","isPartOf":{"@id":"https:\/\/www.salzburgerland.com\/cs\/#website"},"primaryImageOfPage":{"@id":"https:\/\/www.salzburgerland.com\/cs\/slany-bylinkovy-kolac-s-koprivami\/#primaryimage"},"image":{"@id":"https:\/\/www.salzburgerland.com\/cs\/slany-bylinkovy-kolac-s-koprivami\/#primaryimage"},"thumbnailUrl":"https:\/\/www.salzburgerland.com\/cs\/wp-content\/uploads\/2023\/04\/brennnessel-flammkuchen-1170x658-1.jpg","datePublished":"2023-04-18T10:29:35+00:00","dateModified":"2023-04-18T12:52:46+00:00","author":{"@id":"https:\/\/www.salzburgerland.com\/cs\/#\/schema\/person\/dd42a4661897004df109095dbf40eeff"},"description":"\u00a0Pokud m\u00e1te r\u00e1di dom\u00e1c\u00ed pizzu, z tohoto slan\u00e9ho kol\u00e1\u010de budete nad\u0161en\u00ed.","breadcrumb":{"@id":"https:\/\/www.salzburgerland.com\/cs\/slany-bylinkovy-kolac-s-koprivami\/#breadcrumb"},"inLanguage":"cs","potentialAction":[{"@type":"ReadAction","target":["https:\/\/www.salzburgerland.com\/cs\/slany-bylinkovy-kolac-s-koprivami\/"]}]},{"@type":"ImageObject","inLanguage":"cs","@id":"https:\/\/www.salzburgerland.com\/cs\/slany-bylinkovy-kolac-s-koprivami\/#primaryimage","url":"https:\/\/www.salzburgerland.com\/cs\/wp-content\/uploads\/2023\/04\/brennnessel-flammkuchen-1170x658-1.jpg","contentUrl":"https:\/\/www.salzburgerland.com\/cs\/wp-content\/uploads\/2023\/04\/brennnessel-flammkuchen-1170x658-1.jpg","width":1170,"height":658,"caption":"Slan\u00fd kol\u00e1\u010d s kop\u0159ivami \u00a9 Salzburgschmeckt.at"},{"@type":"BreadcrumbList","@id":"https:\/\/www.salzburgerland.com\/cs\/slany-bylinkovy-kolac-s-koprivami\/#breadcrumb","itemListElement":[{"@type":"ListItem","position":1,"name":"Tak chutn\u00e1 Salcbursko","item":"https:\/\/www.salzburgerland.com\/cs\/tak-chutna-salcbursko\/"},{"@type":"ListItem","position":2,"name":"Slan\u00fd bylinkov\u00fd kol\u00e1\u010d s kop\u0159ivami"}]},{"@type":"WebSite","@id":"https:\/\/www.salzburgerland.com\/cs\/#website","url":"https:\/\/www.salzburgerland.com\/cs\/","name":"SalzburgerLand.com","description":"Va\u0161e dovolen\u00e1 v Salcburku, Rakousko","potentialAction":[{"@type":"SearchAction","target":{"@type":"EntryPoint","urlTemplate":"https:\/\/www.salzburgerland.com\/cs\/?s={search_term_string}"},"query-input":{"@type":"PropertyValueSpecification","valueRequired":true,"valueName":"search_term_string"}}],"inLanguage":"cs"},{"@type":"Person","@id":"https:\/\/www.salzburgerland.com\/cs\/#\/schema\/person\/dd42a4661897004df109095dbf40eeff","name":"Andrea \u017d\u00e1\u010dkov\u00e1","image":{"@type":"ImageObject","inLanguage":"cs","@id":"https:\/\/secure.gravatar.com\/avatar\/338deec8d231d56d0ab7b2b7d6d0aedbcb3eb05390f6c027fd5b7ebe87b67dbf?s=96&d=mm&r=g","url":"https:\/\/secure.gravatar.com\/avatar\/338deec8d231d56d0ab7b2b7d6d0aedbcb3eb05390f6c027fd5b7ebe87b67dbf?s=96&d=mm&r=g","contentUrl":"https:\/\/secure.gravatar.com\/avatar\/338deec8d231d56d0ab7b2b7d6d0aedbcb3eb05390f6c027fd5b7ebe87b67dbf?s=96&d=mm&r=g","caption":"Andrea \u017d\u00e1\u010dkov\u00e1"}}]}},"_wl_alt_label":[],"wl:entity_url":"http:\/\/open.salzburgerland.com\/cs\/post\/slany-koprivovy-kolac-155664","_links":{"self":[{"href":"https:\/\/www.salzburgerland.com\/cs\/wp-json\/wp\/v2\/posts\/155664","targetHints":{"allow":["GET"]}}],"collection":[{"href":"https:\/\/www.salzburgerland.com\/cs\/wp-json\/wp\/v2\/posts"}],"about":[{"href":"https:\/\/www.salzburgerland.com\/cs\/wp-json\/wp\/v2\/types\/post"}],"author":[{"embeddable":true,"href":"https:\/\/www.salzburgerland.com\/cs\/wp-json\/wp\/v2\/users\/6"}],"replies":[{"embeddable":true,"href":"https:\/\/www.salzburgerland.com\/cs\/wp-json\/wp\/v2\/comments?post=155664"}],"version-history":[{"count":5,"href":"https:\/\/www.salzburgerland.com\/cs\/wp-json\/wp\/v2\/posts\/155664\/revisions"}],"predecessor-version":[{"id":155692,"href":"https:\/\/www.salzburgerland.com\/cs\/wp-json\/wp\/v2\/posts\/155664\/revisions\/155692"}],"wp:featuredmedia":[{"embeddable":true,"href":"https:\/\/www.salzburgerland.com\/cs\/wp-json\/wp\/v2\/media\/155665"}],"wp:attachment":[{"href":"https:\/\/www.salzburgerland.com\/cs\/wp-json\/wp\/v2\/media?parent=155664"}],"wp:term":[{"taxonomy":"category","embeddable":true,"href":"https:\/\/www.salzburgerland.com\/cs\/wp-json\/wp\/v2\/categories?post=155664"},{"taxonomy":"post_tag","embeddable":true,"href":"https:\/\/www.salzburgerland.com\/cs\/wp-json\/wp\/v2\/tags?post=155664"},{"taxonomy":"wl_entity_type","embeddable":true,"href":"https:\/\/www.salzburgerland.com\/cs\/wp-json\/wp\/v2\/wl_entity_type?post=155664"}],"curies":[{"name":"wp","href":"https:\/\/api.w.org\/{rel}","templated":true}]}}