{"id":154773,"date":"2023-02-22T12:28:24","date_gmt":"2023-02-22T11:28:24","guid":{"rendered":"https:\/\/www.salzburgerland.com\/cs\/?p=154773"},"modified":"2023-03-23T00:58:14","modified_gmt":"2023-03-22T23:58:14","slug":"bylinky-a-leciva-sila","status":"publish","type":"post","link":"https:\/\/www.salzburgerland.com\/cs\/bylinky-a-leciva-sila\/","title":{"rendered":"L\u00e9\u010div\u00e1 s\u00edla salcbursk\u00fdch bylin"},"content":{"rendered":"<p>V \u00fadol\u00edch a na salcbursk\u00fdch pastvin\u00e1ch jsou znalosti o l\u00e9\u010div\u00fdch bylin\u00e1ch opravdov\u00fdm pokladem. Rostliny v\u0161estrann\u011b vyu\u017e\u00edvaj\u00ed, a\u0165 u\u017e jako <strong>l\u00e9\u010div\u00fd prost\u0159edek nebo zpest\u0159en\u00ed pokrm\u016f<\/strong>. Mohou b\u00fdt su\u0161en\u00e9 jako ko\u0159en\u00ed nebo \u010derstv\u00e9 jako hlavn\u00ed surovina. V\u017edy v\u0161ak skv\u011ble chutnaj\u00ed a d\u011blaj\u00ed \u010dlov\u011bku dob\u0159e.<\/p>\n<h3>P\u0159ed he\u0159m\u00e1nkem smekni, p\u0159ed bezem klekni<\/h3>\n<p><span>Toto star\u00e9 r\u010den\u00ed m\u016f\u017eeme sl\u00fdch\u00e1vat i od na\u0161ich babi\u010dek. Dokl\u00e1d\u00e1, jak\u00fd v\u00fdznam p\u0159ipisovali l\u00e9\u010div\u00fdm rostlin\u00e1m u\u017e na\u0161i p\u0159edkov\u00e9. Dnes u\u017e v\u0161ak znalosti o \u00fa\u010dinc\u00edch bylin nejsou ni\u010d\u00edm tajn\u00fdm a zaj\u00edm\u00e1 se o n\u011b spousta lid\u00ed, co\u017e je jedin\u011b dob\u0159e. Bylinkov\u00e9 \u201ekouzelnice a kouzeln\u00edci\u201c ze Salcburska toti\u017e sv\u00e9 v\u011bdomosti r\u00e1di p\u0159ed\u00e1vaj\u00ed z\u00e1jemc\u016fm d\u00e1le. Na semin\u00e1\u0159\u00edch, workshopech a p\u0159edn\u00e1\u0161k\u00e1ch prozrazuj\u00ed, jak\u00e9 pochoutky lze p\u0159ipravit nap\u0159\u00edklad z \u0159eb\u0159\u00ed\u010dku, divok\u00e9ho \u010desneku, pampeli\u0161ky nebo \u201eSalcbursk\u00e9 bylinkov\u00e9 soli\u201c, kterou vyr\u00e1b\u00ed a prod\u00e1v\u00e1 Christine Brunnauer na sv\u00e9 biofarm\u011b a s\u00fdr\u00e1rn\u011b <a href=\"http:\/\/www.biokas.at\/\" target=\"_blank\" rel=\"noopener\">P\u00f6tzelsberger v Adnetu<\/a> nebo v obchod\u011b <strong>Tradi\u010dn\u00edho p\u0159\u00edrodn\u00edho l\u00e9\u010ditelstv\u00ed TEH<\/strong> v Unkenu.\u00a0<\/span><\/p>\n<div id=\"attachment_155040\" style=\"width: 1180px\" class=\"wp-caption alignnone\"><img decoding=\"async\" aria-describedby=\"caption-attachment-155040\" class=\"size-1170_658 wp-image-155040\" src=\"https:\/\/cdn.salzburgerland.com\/cs\/wp-content\/uploads\/2023\/02\/unken-teh-laden-4--salzburger-saalachtal-tourismus-1170x658.jpg\" alt=\"V Unkenu v Salcbursk\u00e9m Saalachtalu najdete obchod s v\u0161elijak\u00fdmi produkty Tradi\u010dn\u00ed evropsk\u00e9 medic\u00edny\" width=\"1170\" height=\"658\" srcset=\"https:\/\/www.salzburgerland.com\/cs\/wp-content\/uploads\/2023\/02\/unken-teh-laden-4--salzburger-saalachtal-tourismus-1170x658.jpg 1170w, https:\/\/www.salzburgerland.com\/cs\/wp-content\/uploads\/2023\/02\/unken-teh-laden-4--salzburger-saalachtal-tourismus-1200x675.jpg 1200w\" sizes=\"(max-width: 1170px) 100vw, 1170px\"><p id=\"caption-attachment-155040\" class=\"wp-caption-text\">Obchod s v\u00fdrobky TEH v Unkenu \u00a9 Salzburger Saalachtal Tourismus<\/p><\/div>\n<p>V Salcbursku na stole \u010dasto najdete jemn\u00e9 s\u00fdry, kter\u00e9 jsou ochuceny<strong>alpsk\u00fdmi bylinkami.<\/strong> Jako nap\u0159\u00edklad ten, kter\u00fd vyr\u00e1b\u00ed Nikki Rettenbacher z Tennengau na <a href=\"https:\/\/www.loseggalm.at\/\" target=\"_blank\" rel=\"noopener\"><strong>Loseggalm<\/strong><\/a>. Na statku <a href=\"https:\/\/www.heustadlhof.at\/\" target=\"_blank\" rel=\"noopener\"><strong>Heustadlhof<\/strong> <\/a>nedaleko <a href=\"https:\/\/www.salzburgerland.com\/cs\/prazdninovy-region-narodni-park-vysoke-taury-dovolena-pro-zdravi\/\"><strong>Raurisu<\/strong> <\/a>\u017eije a pracuje Margot Langreiter, kter\u00e1 je odbornic\u00ed na l\u00e9\u010div\u00e9 bylinky. Vyr\u00e1b\u00ed z nich mnoho fantastick\u00fdch v\u011bc\u00ed. V\u011bt\u0161inu rostlin sb\u00edr\u00e1 na louk\u00e1ch v okol\u00ed statku a v nedalek\u00fdch les\u00edch, proto\u017ee rozmanitost nedot\u010den\u00e9 p\u0159\u00edrody N\u00e1rodn\u00edho Vysok\u00e9 Taury je ohromuj\u00edc\u00ed. Na farm\u011b prod\u00e1v\u00e1 krom\u011b bylinn\u00fdch l\u00e9k\u016f tak\u00e9 kvalitn\u00ed ovocn\u00e9 marmel\u00e1dy, med, chl\u00e9b, p\u00e1lenky, slaninu \u010di s\u00fdry.<\/p>\n<div id=\"attachment_155041\" style=\"width: 1180px\" class=\"wp-caption alignnone\"><img decoding=\"async\" aria-describedby=\"caption-attachment-155041\" class=\"size-1170_658 wp-image-155041\" src=\"https:\/\/cdn.salzburgerland.com\/cs\/wp-content\/uploads\/2023\/02\/kulinarik-kaese-kraeuter-1920x1067-1-1170x658.jpeg\" alt=\"Velk\u00fd kus s\u00fdra je zasyp\u00e1n silnou vrstvou bylin, se kter\u00fdmi dozr\u00e1v\u00e1. Prop\u016fj\u010duj\u00ed mu lahodnou ko\u0159en\u011bnou chu\u0165\" width=\"1170\" height=\"658\" srcset=\"https:\/\/www.salzburgerland.com\/cs\/wp-content\/uploads\/2023\/02\/kulinarik-kaese-kraeuter-1920x1067-1-1170x658.jpeg 1170w, https:\/\/www.salzburgerland.com\/cs\/wp-content\/uploads\/2023\/02\/kulinarik-kaese-kraeuter-1920x1067-1-1200x675.jpeg 1200w\" sizes=\"(max-width: 1170px) 100vw, 1170px\"><p id=\"caption-attachment-155041\" class=\"wp-caption-text\">S\u00fdr v salcbursk\u00fdch bylink\u00e1ch \u00a9 SalzburgerLand Tourismus<\/p><\/div>\n<p>Pokud proniknete do taj\u016f sb\u011bru a zpracov\u00e1n\u00ed bylin, m\u016f\u017eete si je vychutn\u00e1vat naplno. Dozv\u00edte se, kter\u00e9 byliny nejl\u00e9pe rozvinou sv\u00e9 l\u00e9\u010div\u00e9 vlastnosti, kdy\u017e se usu\u0161\u00ed a kter\u00e9 naopak nejl\u00e9pe vyu\u017eijete \u010derstv\u00e9. Odborn\u00edci V\u00e1m r\u00e1di porad\u00ed.<\/p>\n<h3>Poznejte s\u00edlu bylinek v Salcbursku<\/h3>\n<p>Z\u00e1zra\u010dnou s\u00edlu l\u00e9\u010div\u00fdch rostlin, jejich v\u016fni a lahodnou chu\u0165 bylin m\u016f\u017eete za\u017e\u00edt na mnoha m\u00edstech Salcburska, z nich\u017e jako p\u0159\u00edklad m\u016f\u017eeme jmenovat tyto:<\/p>\n<ul>\n<li>13 bylinkov\u00fdch farem\u00a0v regionu <a href=\"https:\/\/www.salzburgerland.com\/cs\/region-hochkonig-bylinkova-turistika\/\">Hochk\u00f6nig<\/a><\/li>\n<li>Bylinkov\u00e1 stezka v Bio r\u00e1ji Seeham<\/li>\n<li>Vybran\u00e9 adresy Via Culinaria \u2013 <span style=\"color: #0f0f0f;\"><a href=\"https:\/\/www.salzburgerland.com\/cs\/zazitkova-trasa-pro-priznivce-bylinek\/\">trasy <\/a><\/span>pro milovn\u00edky bylinek.<\/li>\n<li>14 znalc\u016f bylinek <a href=\"https:\/\/www.salzburger-seenland.at\/en\/adventures-leisuretime\/herbal-world.html?utm_medium=redirectrobots.txt&amp;utm_source=seenland-kraeuterleben\" target=\"_blank\" rel=\"noopener\">Kr\u00e4uterLeben<\/a> v salcbursk\u00e9m regionu Seeland.<\/li>\n<\/ul>\n\n\t\t\t<div id=\"154773-1\" class=\"gallery gallery-154773 gallery-columns-3 gallery-size-1170_658\" itemscope itemtype=\"http:\/\/schema.org\/ImageGallery\">\n\t\t\t\t<ul class=\"gallery-row gallery-col-3 gallery-clear\">\n\t\t\t\t\t<li class=\"gallery-item col-3\" itemprop=\"associatedMedia\" itemscope itemtype=\"http:\/\/schema.org\/ImageObject\">\n\t\t\t\t\t\t<div class=\"gallery-icon landscape\"><a href=\"https:\/\/www.salzburgerland.com\/cs\/wp-content\/uploads\/2023\/02\/embach-sommer-krauter-1920x1067-1.jpg\" title=\"embach-sommer-krauter-1920x1067\"><img decoding=\"async\" data-title=\"Bylinkov\u00e1 turistika a uk\u00e1zkov\u00e9 zahrady v Embachu v N\u00e1rodn\u00edm parku Vysok\u00e9 Taury \u00a9 SalzburgerLand Tourismus \" title=\"Bylinkov\u00e1 turistika a uk\u00e1zkov\u00e9 zahrady v Embachu v N\u00e1rodn\u00edm parku Vysok\u00e9 Taury \u00a9 SalzburgerLand Tourismus \" data-caption=\"Bylinkov\u00e1 turistika a uk\u00e1zkov\u00e9 zahrady v Embachu v N\u00e1rodn\u00edm parku Vysok\u00e9 Taury \u00a9 SalzburgerLand Tourismus \" width=\"1170\" height=\"658\" src=\"https:\/\/www.salzburgerland.com\/cs\/wp-content\/uploads\/2023\/02\/embach-sommer-krauter-1920x1067-1-1170x658.jpg\" class=\"attachment-1170_658 size-1170_658\" alt=\"Na mnoha chalup\u00e1ch v Salcbursku si n\u00e1v\u0161t\u011bvn\u00edci mohou d\u016fkladn\u011b prohl\u00e9dnout rostliny v bylinkov\u00fdch zahrad\u00e1ch. Jako nap\u0159\u00edklad v Embachu v N\u00e1rodn\u00edm parku Vysok\u00e9 Taury (Zv\u011bt\u0161en\u00fd pohled)\" srcset=\"https:\/\/www.salzburgerland.com\/cs\/wp-content\/uploads\/2023\/02\/embach-sommer-krauter-1920x1067-1-1170x658.jpg 1170w, https:\/\/www.salzburgerland.com\/cs\/wp-content\/uploads\/2023\/02\/embach-sommer-krauter-1920x1067-1-1200x675.jpg 1200w\" sizes=\"(max-width: 1170px) 100vw, 1170px\" aria-describedby=\"figcaption-154773-155042\" itemprop=\"thumbnail\"><\/a><\/div>\n\t\t\t\t\t\t<span id=\"figcaption-154773-155042\" class=\"gallery-caption\" itemprop=\"caption\"><span aria-hidden=\"true\">Bylinkov\u00e1 turistika a uk\u00e1zkov\u00e9 zahrady v Embachu v N\u00e1rodn\u00edm parku Vysok\u00e9 Taury \u00a9 SalzburgerLand Tourismus <\/span><\/span>\n\t\t\t\t\t<\/li>\n\t\t\t\t\t<li class=\"gallery-item col-3\" itemprop=\"associatedMedia\" itemscope itemtype=\"http:\/\/schema.org\/ImageObject\">\n\t\t\t\t\t\t<div class=\"gallery-icon landscape\"><a href=\"https:\/\/www.salzburgerland.com\/cs\/wp-content\/uploads\/2023\/02\/kraeuterhexen-1920x1067-1.jpg\" title=\"Kraeuterhexen-1920x1067\"><img decoding=\"async\" data-title=\"Bylinkov\u00e1 expertka Karin Buchart \u00a9 SalzburgerLand Tourismus \n\" title=\"Bylinkov\u00e1 expertka Karin Buchart \u00a9 SalzburgerLand Tourismus \n\" data-caption=\"Bylinkov\u00e1 expertka Karin Buchart \u00a9 SalzburgerLand Tourismus \n\" width=\"1170\" height=\"658\" src=\"https:\/\/www.salzburgerland.com\/cs\/wp-content\/uploads\/2023\/02\/kraeuterhexen-1920x1067-1-1170x658.jpg\" class=\"attachment-1170_658 size-1170_658\" alt=\"V Salcbursku najdete mnoho odbornic a odborn\u00edk\u016f na l\u00e9\u010div\u00e9 rostliny. Tito lid\u00e9 maj\u00ed speci\u00e1ln\u00ed certifik\u00e1t Sdru\u017een\u00ed tradi\u010dn\u00ed evropsk\u00e9 medic\u00edny (Zv\u011bt\u0161en\u00fd pohled)\" srcset=\"https:\/\/www.salzburgerland.com\/cs\/wp-content\/uploads\/2023\/02\/kraeuterhexen-1920x1067-1-1170x658.jpg 1170w, https:\/\/www.salzburgerland.com\/cs\/wp-content\/uploads\/2023\/02\/kraeuterhexen-1920x1067-1-1200x675.jpg 1200w\" sizes=\"(max-width: 1170px) 100vw, 1170px\" aria-describedby=\"figcaption-154773-155043\" itemprop=\"thumbnail\"><\/a><\/div>\n\t\t\t\t\t\t<span id=\"figcaption-154773-155043\" class=\"gallery-caption\" itemprop=\"caption\"><span aria-hidden=\"true\">Bylinkov\u00e1 expertka Karin Buchart \u00a9 SalzburgerLand Tourismus \n<\/span><\/span>\n\t\t\t\t\t<\/li>\n\t\t\t\t\t<li class=\"gallery-item col-3\" itemprop=\"associatedMedia\" itemscope itemtype=\"http:\/\/schema.org\/ImageObject\">\n\t\t\t\t\t\t<div class=\"gallery-icon landscape\"><a href=\"https:\/\/www.salzburgerland.com\/cs\/wp-content\/uploads\/2023\/02\/kulinarik-krauter-hand-1920x1067-1.jpeg\" title=\"kulinarik-krauter-hand-1920x1067\"><img decoding=\"async\" data-title=\"Znalci bylin v\u011bd\u00ed, jak\u00e9 rostliny pou\u017e\u00edt na r\u016fzn\u00e9 neduhy \u00a9 SalzburgerLand Tourismus \" title=\"Znalci bylin v\u011bd\u00ed, jak\u00e9 rostliny pou\u017e\u00edt na r\u016fzn\u00e9 neduhy \u00a9 SalzburgerLand Tourismus \" data-caption=\"Znalci bylin v\u011bd\u00ed, jak\u00e9 rostliny pou\u017e\u00edt na r\u016fzn\u00e9 neduhy \u00a9 SalzburgerLand Tourismus \" width=\"1170\" height=\"658\" src=\"https:\/\/www.salzburgerland.com\/cs\/wp-content\/uploads\/2023\/02\/kulinarik-krauter-hand-1920x1067-1-1170x658.jpeg\" class=\"attachment-1170_658 size-1170_658\" alt=\"Hrst su\u0161en\u00fdch bylin, kter\u00e9 mohou poslou\u017eit jako odvar pro l\u00e9\u010den\u00ed r\u016fzn\u00fdch zdravotn\u00edch pot\u00ed\u017e\u00ed (Zv\u011bt\u0161en\u00fd pohled)\" srcset=\"https:\/\/www.salzburgerland.com\/cs\/wp-content\/uploads\/2023\/02\/kulinarik-krauter-hand-1920x1067-1-1170x658.jpeg 1170w, https:\/\/www.salzburgerland.com\/cs\/wp-content\/uploads\/2023\/02\/kulinarik-krauter-hand-1920x1067-1-1200x675.jpeg 1200w\" sizes=\"(max-width: 1170px) 100vw, 1170px\" aria-describedby=\"figcaption-154773-155044\" itemprop=\"thumbnail\"><\/a><\/div>\n\t\t\t\t\t\t<span id=\"figcaption-154773-155044\" class=\"gallery-caption\" itemprop=\"caption\"><span aria-hidden=\"true\">Znalci bylin v\u011bd\u00ed, jak\u00e9 rostliny pou\u017e\u00edt na r\u016fzn\u00e9 neduhy \u00a9 SalzburgerLand Tourismus <\/span><\/span>\n\t\t\t\t\t<\/li>\n\t\t\t\t<\/ul>\n\t\t\t<\/div><!-- .gallery -->\n\n<h3>Tradi\u010dn\u00ed evropsk\u00e1 medic\u00edna<\/h3>\n<p>Podobn\u011b jako zn\u00e1m\u00e1 tradi\u010dn\u00ed \u010d\u00ednsk\u00e1 medic\u00edna (TCM) m\u00e1 i Evropa od nepam\u011bti sv\u00e9 vlastn\u00ed l\u00e9\u010ditelstv\u00ed, kter\u00e9 se op\u00edr\u00e1 tak\u00e9 o v\u011bdeck\u00e9 poznatky. Sdru\u017een\u00ed pro tradi\u010dn\u00ed evropsk\u00e9 l\u00e9\u010ditelstv\u00ed (TEH), je instituc\u00ed, kde p\u016fsob\u00ed mnoho odborn\u00edk\u016f. Zab\u00fdvaj\u00ed se vz\u00e1jemn\u00fdm p\u016fsoben\u00edm \u010dlov\u011bka a p\u0159\u00edrody. V Unkenu a Hollersbachu se setk\u00e1vaj\u00ed znalci a milovn\u00edci bylin, aby si vym\u011b\u0148ovali n\u00e1zory, vz\u00e1jemn\u011b se inspirovali a obohacovali se o sv\u00e9 znalosti. Tato iniciativa byla dokonce zaps\u00e1na na seznam UNESCO.<\/p>\n<div id=\"attachment_155045\" style=\"width: 1180px\" class=\"wp-caption alignnone\"><img decoding=\"async\" aria-describedby=\"caption-attachment-155045\" class=\"wp-image-155045 size-1170_658\" src=\"https:\/\/cdn.salzburgerland.com\/cs\/wp-content\/uploads\/2023\/02\/kulinarik-kraeuter-teh-buchauer-1920x1067-1-1170x658.jpeg\" alt=\"Karin Buchart pat\u0159\u00ed mezi specialistky na l\u00e9\u010div\u00e9 rostliny. V\u011bnuje se jim v r\u00e1mci Sdru\u017een\u00ed tradi\u010dn\u00edho evropsk\u00e9ho l\u00e9\u010ditelstv\u00ed, kter\u00e9 m\u00e1 sv\u016fj sv\u016fj obchod v Unkenu v Salcbursk\u00e9m Saalachtalu\" width=\"1170\" height=\"658\" srcset=\"https:\/\/www.salzburgerland.com\/cs\/wp-content\/uploads\/2023\/02\/kulinarik-kraeuter-teh-buchauer-1920x1067-1-1170x658.jpeg 1170w, https:\/\/www.salzburgerland.com\/cs\/wp-content\/uploads\/2023\/02\/kulinarik-kraeuter-teh-buchauer-1920x1067-1-1200x675.jpeg 1200w\" sizes=\"(max-width: 1170px) 100vw, 1170px\"><p id=\"caption-attachment-155045\" class=\"wp-caption-text\">Karin Buchart z TEH \u00a9 SalzburgerLand Tourismus<\/p><\/div>\n","protected":false},"excerpt":{"rendered":"<p>V \u00fadol\u00edch a na salcbursk\u00fdch pastvin\u00e1ch jsou znalosti o l\u00e9\u010div\u00fdch bylin\u00e1ch opravdov\u00fdm pokladem. Rostliny v\u0161estrann\u011b vyu\u017e\u00edvaj\u00ed, a\u0165 u\u017e jako l\u00e9\u010div\u00fd prost\u0159edek nebo zpest\u0159en\u00ed pokrm\u016f. Mohou b\u00fdt su\u0161en\u00e9 jako ko\u0159en\u00ed nebo \u010derstv\u00e9 jako hlavn\u00ed surovina. V\u017edy v\u0161ak skv\u011ble chutnaj\u00ed a d\u011blaj\u00ed \u010dlov\u011bku dob\u0159e. P\u0159ed he\u0159m\u00e1nkem smekni, p\u0159ed bezem klekni Toto star\u00e9 r\u010den\u00ed m\u016f\u017eeme sl\u00fdch\u00e1vat i od [&hellip;]<\/p>\n","protected":false},"author":6,"featured_media":155024,"comment_status":"closed","ping_status":"closed","sticky":false,"template":"","format":"standard","meta":{"_acf_changed":false,"wl_entities_gutenberg":"","_relevanssi_hide_post":"","_relevanssi_hide_content":"","_relevanssi_pin_for_all":"","_relevanssi_pin_keywords":"","_relevanssi_unpin_keywords":"","_relevanssi_related_keywords":"","_relevanssi_related_include_ids":"","_relevanssi_related_exclude_ids":"","_relevanssi_related_no_append":"","_relevanssi_related_not_related":"","_relevanssi_related_posts":"","_relevanssi_noindex_reason":"","footnotes":""},"categories":[1],"tags":[],"wl_entity_type":[706],"class_list":["post-154773","post","type-post","status-publish","format-standard","has-post-thumbnail","hentry","category-uncategorized","wl_entity_type-article"],"acf":[],"yoast_head":"<!-- This site is optimized with the Yoast SEO Premium plugin v27.4 (Yoast SEO v27.4) - https:\/\/yoast.com\/product\/yoast-seo-premium-wordpress\/ -->\n<title>L\u00e9\u010div\u00e1 s\u00edla salcbursk\u00fdch bylin \u00bb SalzburgerLand.com<\/title>\n<meta name=\"robots\" content=\"index, follow, max-snippet:-1, max-image-preview:large, max-video-preview:-1\" \/>\n<link rel=\"canonical\" href=\"https:\/\/www.salzburgerland.com\/cs\/bylinky-a-leciva-sila\/\" \/>\n<meta property=\"og:locale\" content=\"cs_CZ\" \/>\n<meta property=\"og:type\" content=\"article\" \/>\n<meta property=\"og:title\" content=\"L\u00e9\u010div\u00e1 s\u00edla salcbursk\u00fdch bylin\" \/>\n<meta property=\"og:description\" content=\"V \u00fadol\u00edch a na salcbursk\u00fdch pastvin\u00e1ch jsou znalosti o l\u00e9\u010div\u00fdch bylin\u00e1ch opravdov\u00fdm pokladem. Rostliny v\u0161estrann\u011b vyu\u017e\u00edvaj\u00ed, a\u0165 u\u017e jako l\u00e9\u010div\u00fd prost\u0159edek\" \/>\n<meta property=\"og:url\" content=\"https:\/\/www.salzburgerland.com\/cs\/bylinky-a-leciva-sila\/\" \/>\n<meta property=\"og:site_name\" content=\"SalzburgerLand.com\" \/>\n<meta property=\"article:publisher\" content=\"https:\/\/www.facebook.com\/visitsalzburgerland\/\" \/>\n<meta property=\"article:published_time\" content=\"2023-02-22T11:28:24+00:00\" \/>\n<meta property=\"article:modified_time\" content=\"2023-03-22T23:58:14+00:00\" \/>\n<meta property=\"og:image\" content=\"https:\/\/www.salzburgerland.com\/cs\/wp-content\/uploads\/2023\/02\/spitzwegerich-thymian-und-fichtenwipfel-1280x1024-1-1200x675.jpg\" \/>\n\t<meta property=\"og:image:width\" content=\"1200\" \/>\n\t<meta property=\"og:image:height\" content=\"675\" \/>\n\t<meta property=\"og:image:type\" content=\"image\/jpeg\" \/>\n<meta name=\"author\" content=\"Andrea \u017d\u00e1\u010dkov\u00e1\" \/>\n<meta name=\"twitter:card\" content=\"summary_large_image\" \/>\n<meta name=\"twitter:creator\" content=\"@salzburgerland\" \/>\n<meta name=\"twitter:site\" content=\"@salzburgerland\" \/>\n<meta name=\"twitter:label1\" content=\"Napsal(a)\" \/>\n\t<meta name=\"twitter:data1\" content=\"Andrea \u017d\u00e1\u010dkov\u00e1\" \/>\n\t<meta name=\"twitter:label2\" content=\"Odhadovan\u00e1 doba \u010dten\u00ed\" \/>\n\t<meta name=\"twitter:data2\" content=\"3 minuty\" \/>\n<script type=\"application\/ld+json\" class=\"yoast-schema-graph\">{\"@context\":\"https:\\\/\\\/schema.org\",\"@graph\":[{\"@type\":\"Article\",\"@id\":\"https:\\\/\\\/www.salzburgerland.com\\\/cs\\\/bylinky-a-leciva-sila\\\/#article\",\"isPartOf\":{\"@id\":\"https:\\\/\\\/www.salzburgerland.com\\\/cs\\\/bylinky-a-leciva-sila\\\/\"},\"author\":{\"name\":\"Andrea \u017d\u00e1\u010dkov\u00e1\",\"@id\":\"https:\\\/\\\/www.salzburgerland.com\\\/cs\\\/#\\\/schema\\\/person\\\/dd42a4661897004df109095dbf40eeff\"},\"headline\":\"L\u00e9\u010div\u00e1 s\u00edla salcbursk\u00fdch bylin\",\"datePublished\":\"2023-02-22T11:28:24+00:00\",\"dateModified\":\"2023-03-22T23:58:14+00:00\",\"mainEntityOfPage\":{\"@id\":\"https:\\\/\\\/www.salzburgerland.com\\\/cs\\\/bylinky-a-leciva-sila\\\/\"},\"wordCount\":603,\"image\":{\"@id\":\"https:\\\/\\\/www.salzburgerland.com\\\/cs\\\/bylinky-a-leciva-sila\\\/#primaryimage\"},\"thumbnailUrl\":\"https:\\\/\\\/www.salzburgerland.com\\\/cs\\\/wp-content\\\/uploads\\\/2023\\\/02\\\/spitzwegerich-thymian-und-fichtenwipfel-1280x1024-1.jpg\",\"articleSection\":[\"Uncategorized\"],\"inLanguage\":\"cs\"},{\"@type\":\"WebPage\",\"@id\":\"https:\\\/\\\/www.salzburgerland.com\\\/cs\\\/bylinky-a-leciva-sila\\\/\",\"url\":\"https:\\\/\\\/www.salzburgerland.com\\\/cs\\\/bylinky-a-leciva-sila\\\/\",\"name\":\"L\u00e9\u010div\u00e1 s\u00edla salcbursk\u00fdch bylin \u00bb SalzburgerLand.com\",\"isPartOf\":{\"@id\":\"https:\\\/\\\/www.salzburgerland.com\\\/cs\\\/#website\"},\"primaryImageOfPage\":{\"@id\":\"https:\\\/\\\/www.salzburgerland.com\\\/cs\\\/bylinky-a-leciva-sila\\\/#primaryimage\"},\"image\":{\"@id\":\"https:\\\/\\\/www.salzburgerland.com\\\/cs\\\/bylinky-a-leciva-sila\\\/#primaryimage\"},\"thumbnailUrl\":\"https:\\\/\\\/www.salzburgerland.com\\\/cs\\\/wp-content\\\/uploads\\\/2023\\\/02\\\/spitzwegerich-thymian-und-fichtenwipfel-1280x1024-1.jpg\",\"datePublished\":\"2023-02-22T11:28:24+00:00\",\"dateModified\":\"2023-03-22T23:58:14+00:00\",\"author\":{\"@id\":\"https:\\\/\\\/www.salzburgerland.com\\\/cs\\\/#\\\/schema\\\/person\\\/dd42a4661897004df109095dbf40eeff\"},\"description\":\"Poznejte v Salcbursku s\u00edlu l\u00e9\u010div\u00fdch bylin a jejich blahod\u00e1rn\u00e9 \u00fa\u010dinky na t\u011blo i mysl.\",\"breadcrumb\":{\"@id\":\"https:\\\/\\\/www.salzburgerland.com\\\/cs\\\/bylinky-a-leciva-sila\\\/#breadcrumb\"},\"inLanguage\":\"cs\",\"potentialAction\":[{\"@type\":\"ReadAction\",\"target\":[\"https:\\\/\\\/www.salzburgerland.com\\\/cs\\\/bylinky-a-leciva-sila\\\/\"]}]},{\"@type\":\"ImageObject\",\"inLanguage\":\"cs\",\"@id\":\"https:\\\/\\\/www.salzburgerland.com\\\/cs\\\/bylinky-a-leciva-sila\\\/#primaryimage\",\"url\":\"https:\\\/\\\/www.salzburgerland.com\\\/cs\\\/wp-content\\\/uploads\\\/2023\\\/02\\\/spitzwegerich-thymian-und-fichtenwipfel-1280x1024-1.jpg\",\"contentUrl\":\"https:\\\/\\\/www.salzburgerland.com\\\/cs\\\/wp-content\\\/uploads\\\/2023\\\/02\\\/spitzwegerich-thymian-und-fichtenwipfel-1280x1024-1.jpg\",\"width\":1280,\"height\":1024,\"caption\":\"Jitrocel, tymi\u00e1n a smrkov\u00e9 v\u00fdhonky @ Anke Eder (Nat\u00fcrlich Hausgemacht)\"},{\"@type\":\"BreadcrumbList\",\"@id\":\"https:\\\/\\\/www.salzburgerland.com\\\/cs\\\/bylinky-a-leciva-sila\\\/#breadcrumb\",\"itemListElement\":[{\"@type\":\"ListItem\",\"position\":1,\"name\":\"Salcbursk\u00fd sv\u011bt bylinek\",\"item\":\"https:\\\/\\\/www.salzburgerland.com\\\/cs\\\/bylinky-salcbursko\\\/\"},{\"@type\":\"ListItem\",\"position\":2,\"name\":\"L\u00e9\u010div\u00e1 s\u00edla salcbursk\u00fdch bylin\"}]},{\"@type\":\"WebSite\",\"@id\":\"https:\\\/\\\/www.salzburgerland.com\\\/cs\\\/#website\",\"url\":\"https:\\\/\\\/www.salzburgerland.com\\\/cs\\\/\",\"name\":\"SalzburgerLand.com\",\"description\":\"Va\u0161e dovolen\u00e1 v Salcburku, Rakousko\",\"potentialAction\":[{\"@type\":\"SearchAction\",\"target\":{\"@type\":\"EntryPoint\",\"urlTemplate\":\"https:\\\/\\\/www.salzburgerland.com\\\/cs\\\/?s={search_term_string}\"},\"query-input\":{\"@type\":\"PropertyValueSpecification\",\"valueRequired\":true,\"valueName\":\"search_term_string\"}}],\"inLanguage\":\"cs\"},{\"@type\":\"Person\",\"@id\":\"https:\\\/\\\/www.salzburgerland.com\\\/cs\\\/#\\\/schema\\\/person\\\/dd42a4661897004df109095dbf40eeff\",\"name\":\"Andrea \u017d\u00e1\u010dkov\u00e1\",\"image\":{\"@type\":\"ImageObject\",\"inLanguage\":\"cs\",\"@id\":\"https:\\\/\\\/secure.gravatar.com\\\/avatar\\\/338deec8d231d56d0ab7b2b7d6d0aedbcb3eb05390f6c027fd5b7ebe87b67dbf?s=96&d=mm&r=g\",\"url\":\"https:\\\/\\\/secure.gravatar.com\\\/avatar\\\/338deec8d231d56d0ab7b2b7d6d0aedbcb3eb05390f6c027fd5b7ebe87b67dbf?s=96&d=mm&r=g\",\"contentUrl\":\"https:\\\/\\\/secure.gravatar.com\\\/avatar\\\/338deec8d231d56d0ab7b2b7d6d0aedbcb3eb05390f6c027fd5b7ebe87b67dbf?s=96&d=mm&r=g\",\"caption\":\"Andrea \u017d\u00e1\u010dkov\u00e1\"}}]}<\/script>\n<!-- \/ Yoast SEO Premium plugin. -->","yoast_head_json":{"title":"L\u00e9\u010div\u00e1 s\u00edla salcbursk\u00fdch bylin \u00bb SalzburgerLand.com","robots":{"index":"index","follow":"follow","max-snippet":"max-snippet:-1","max-image-preview":"max-image-preview:large","max-video-preview":"max-video-preview:-1"},"canonical":"https:\/\/www.salzburgerland.com\/cs\/bylinky-a-leciva-sila\/","og_locale":"cs_CZ","og_type":"article","og_title":"L\u00e9\u010div\u00e1 s\u00edla salcbursk\u00fdch bylin","og_description":"V \u00fadol\u00edch a na salcbursk\u00fdch pastvin\u00e1ch jsou znalosti o l\u00e9\u010div\u00fdch bylin\u00e1ch opravdov\u00fdm pokladem. Rostliny v\u0161estrann\u011b vyu\u017e\u00edvaj\u00ed, a\u0165 u\u017e jako l\u00e9\u010div\u00fd prost\u0159edek","og_url":"https:\/\/www.salzburgerland.com\/cs\/bylinky-a-leciva-sila\/","og_site_name":"SalzburgerLand.com","article_publisher":"https:\/\/www.facebook.com\/visitsalzburgerland\/","article_published_time":"2023-02-22T11:28:24+00:00","article_modified_time":"2023-03-22T23:58:14+00:00","og_image":[{"width":1200,"height":675,"url":"https:\/\/www.salzburgerland.com\/cs\/wp-content\/uploads\/2023\/02\/spitzwegerich-thymian-und-fichtenwipfel-1280x1024-1-1200x675.jpg","type":"image\/jpeg"}],"author":"Andrea \u017d\u00e1\u010dkov\u00e1","twitter_card":"summary_large_image","twitter_creator":"@salzburgerland","twitter_site":"@salzburgerland","twitter_misc":{"Napsal(a)":"Andrea \u017d\u00e1\u010dkov\u00e1","Odhadovan\u00e1 doba \u010dten\u00ed":"3 minuty"},"schema":{"@context":"https:\/\/schema.org","@graph":[{"@type":"Article","@id":"https:\/\/www.salzburgerland.com\/cs\/bylinky-a-leciva-sila\/#article","isPartOf":{"@id":"https:\/\/www.salzburgerland.com\/cs\/bylinky-a-leciva-sila\/"},"author":{"name":"Andrea \u017d\u00e1\u010dkov\u00e1","@id":"https:\/\/www.salzburgerland.com\/cs\/#\/schema\/person\/dd42a4661897004df109095dbf40eeff"},"headline":"L\u00e9\u010div\u00e1 s\u00edla salcbursk\u00fdch bylin","datePublished":"2023-02-22T11:28:24+00:00","dateModified":"2023-03-22T23:58:14+00:00","mainEntityOfPage":{"@id":"https:\/\/www.salzburgerland.com\/cs\/bylinky-a-leciva-sila\/"},"wordCount":603,"image":{"@id":"https:\/\/www.salzburgerland.com\/cs\/bylinky-a-leciva-sila\/#primaryimage"},"thumbnailUrl":"https:\/\/www.salzburgerland.com\/cs\/wp-content\/uploads\/2023\/02\/spitzwegerich-thymian-und-fichtenwipfel-1280x1024-1.jpg","articleSection":["Uncategorized"],"inLanguage":"cs"},{"@type":"WebPage","@id":"https:\/\/www.salzburgerland.com\/cs\/bylinky-a-leciva-sila\/","url":"https:\/\/www.salzburgerland.com\/cs\/bylinky-a-leciva-sila\/","name":"L\u00e9\u010div\u00e1 s\u00edla salcbursk\u00fdch bylin \u00bb SalzburgerLand.com","isPartOf":{"@id":"https:\/\/www.salzburgerland.com\/cs\/#website"},"primaryImageOfPage":{"@id":"https:\/\/www.salzburgerland.com\/cs\/bylinky-a-leciva-sila\/#primaryimage"},"image":{"@id":"https:\/\/www.salzburgerland.com\/cs\/bylinky-a-leciva-sila\/#primaryimage"},"thumbnailUrl":"https:\/\/www.salzburgerland.com\/cs\/wp-content\/uploads\/2023\/02\/spitzwegerich-thymian-und-fichtenwipfel-1280x1024-1.jpg","datePublished":"2023-02-22T11:28:24+00:00","dateModified":"2023-03-22T23:58:14+00:00","author":{"@id":"https:\/\/www.salzburgerland.com\/cs\/#\/schema\/person\/dd42a4661897004df109095dbf40eeff"},"description":"Poznejte v Salcbursku s\u00edlu l\u00e9\u010div\u00fdch bylin a jejich blahod\u00e1rn\u00e9 \u00fa\u010dinky na t\u011blo i mysl.","breadcrumb":{"@id":"https:\/\/www.salzburgerland.com\/cs\/bylinky-a-leciva-sila\/#breadcrumb"},"inLanguage":"cs","potentialAction":[{"@type":"ReadAction","target":["https:\/\/www.salzburgerland.com\/cs\/bylinky-a-leciva-sila\/"]}]},{"@type":"ImageObject","inLanguage":"cs","@id":"https:\/\/www.salzburgerland.com\/cs\/bylinky-a-leciva-sila\/#primaryimage","url":"https:\/\/www.salzburgerland.com\/cs\/wp-content\/uploads\/2023\/02\/spitzwegerich-thymian-und-fichtenwipfel-1280x1024-1.jpg","contentUrl":"https:\/\/www.salzburgerland.com\/cs\/wp-content\/uploads\/2023\/02\/spitzwegerich-thymian-und-fichtenwipfel-1280x1024-1.jpg","width":1280,"height":1024,"caption":"Jitrocel, tymi\u00e1n a smrkov\u00e9 v\u00fdhonky @ Anke Eder (Nat\u00fcrlich Hausgemacht)"},{"@type":"BreadcrumbList","@id":"https:\/\/www.salzburgerland.com\/cs\/bylinky-a-leciva-sila\/#breadcrumb","itemListElement":[{"@type":"ListItem","position":1,"name":"Salcbursk\u00fd sv\u011bt bylinek","item":"https:\/\/www.salzburgerland.com\/cs\/bylinky-salcbursko\/"},{"@type":"ListItem","position":2,"name":"L\u00e9\u010div\u00e1 s\u00edla salcbursk\u00fdch bylin"}]},{"@type":"WebSite","@id":"https:\/\/www.salzburgerland.com\/cs\/#website","url":"https:\/\/www.salzburgerland.com\/cs\/","name":"SalzburgerLand.com","description":"Va\u0161e dovolen\u00e1 v Salcburku, Rakousko","potentialAction":[{"@type":"SearchAction","target":{"@type":"EntryPoint","urlTemplate":"https:\/\/www.salzburgerland.com\/cs\/?s={search_term_string}"},"query-input":{"@type":"PropertyValueSpecification","valueRequired":true,"valueName":"search_term_string"}}],"inLanguage":"cs"},{"@type":"Person","@id":"https:\/\/www.salzburgerland.com\/cs\/#\/schema\/person\/dd42a4661897004df109095dbf40eeff","name":"Andrea \u017d\u00e1\u010dkov\u00e1","image":{"@type":"ImageObject","inLanguage":"cs","@id":"https:\/\/secure.gravatar.com\/avatar\/338deec8d231d56d0ab7b2b7d6d0aedbcb3eb05390f6c027fd5b7ebe87b67dbf?s=96&d=mm&r=g","url":"https:\/\/secure.gravatar.com\/avatar\/338deec8d231d56d0ab7b2b7d6d0aedbcb3eb05390f6c027fd5b7ebe87b67dbf?s=96&d=mm&r=g","contentUrl":"https:\/\/secure.gravatar.com\/avatar\/338deec8d231d56d0ab7b2b7d6d0aedbcb3eb05390f6c027fd5b7ebe87b67dbf?s=96&d=mm&r=g","caption":"Andrea \u017d\u00e1\u010dkov\u00e1"}}]}},"_wl_alt_label":[],"wl:entity_url":"http:\/\/open.salzburgerland.com\/cs\/post\/bylinky-a-leciva-sila-154773","_links":{"self":[{"href":"https:\/\/www.salzburgerland.com\/cs\/wp-json\/wp\/v2\/posts\/154773","targetHints":{"allow":["GET"]}}],"collection":[{"href":"https:\/\/www.salzburgerland.com\/cs\/wp-json\/wp\/v2\/posts"}],"about":[{"href":"https:\/\/www.salzburgerland.com\/cs\/wp-json\/wp\/v2\/types\/post"}],"author":[{"embeddable":true,"href":"https:\/\/www.salzburgerland.com\/cs\/wp-json\/wp\/v2\/users\/6"}],"replies":[{"embeddable":true,"href":"https:\/\/www.salzburgerland.com\/cs\/wp-json\/wp\/v2\/comments?post=154773"}],"version-history":[{"count":5,"href":"https:\/\/www.salzburgerland.com\/cs\/wp-json\/wp\/v2\/posts\/154773\/revisions"}],"predecessor-version":[{"id":155452,"href":"https:\/\/www.salzburgerland.com\/cs\/wp-json\/wp\/v2\/posts\/154773\/revisions\/155452"}],"wp:featuredmedia":[{"embeddable":true,"href":"https:\/\/www.salzburgerland.com\/cs\/wp-json\/wp\/v2\/media\/155024"}],"wp:attachment":[{"href":"https:\/\/www.salzburgerland.com\/cs\/wp-json\/wp\/v2\/media?parent=154773"}],"wp:term":[{"taxonomy":"category","embeddable":true,"href":"https:\/\/www.salzburgerland.com\/cs\/wp-json\/wp\/v2\/categories?post=154773"},{"taxonomy":"post_tag","embeddable":true,"href":"https:\/\/www.salzburgerland.com\/cs\/wp-json\/wp\/v2\/tags?post=154773"},{"taxonomy":"wl_entity_type","embeddable":true,"href":"https:\/\/www.salzburgerland.com\/cs\/wp-json\/wp\/v2\/wl_entity_type?post=154773"}],"curies":[{"name":"wp","href":"https:\/\/api.w.org\/{rel}","templated":true}]}}