{"id":154508,"date":"2022-11-16T20:35:48","date_gmt":"2022-11-16T19:35:48","guid":{"rendered":"https:\/\/www.salzburgerland.com\/cs\/?p=154508"},"modified":"2022-11-16T20:36:30","modified_gmt":"2022-11-16T19:36:30","slug":"ticha-noc-casova-osa-pisne-ticha-noc","status":"publish","type":"post","link":"https:\/\/www.salzburgerland.com\/cs\/ticha-noc-casova-osa-pisne-ticha-noc\/","title":{"rendered":"\u010casov\u00e1 osa p\u00edsn\u011b Tich\u00e1 noc"},"content":{"rendered":"<h2>Tich\u00e1 noc chronologicky:<\/h2>\n<p><strong>1787<\/strong><br>\n<strong>Hochburg<\/strong><br>\nFranz Xaver Gruber se narodil 25. listopadu 1787 na adrese Unterweizberg 9, Steinpoints\u00f6lde, Hochburg, a v k\u0159estn\u00ed matrice je uveden jako \u201eConrad Xavier\u201c, co\u017e pozd\u011bji m\u011bn\u00ed na \u201eFranz Xaver\u201c.<\/p>\n<p><strong>1792<\/strong><br>\n<strong>Salcburk<\/strong><br>\nJosephus Franciscus Mohr se narodil 11. prosince 1792 jako syn Anny Schoiberinov\u00e9, pleta\u0159ky, a Franze Mohra (Maura), dezert\u00e9ra.<\/p>\n<p><strong>1807-1829<\/strong><br>\n<strong>Arnsdorf-Lamprechtshausen<\/strong><br>\nFranz Xaver Gruber se st\u00e1v\u00e1 u\u010ditelem v Arnsdorfu; jmenov\u00e1n 12. listopadu 1807. V roce 816 p\u0159eb\u00edr\u00e1 povinnosti varhan\u00edka v nov\u011b zalo\u017een\u00e9 farnosti Oberndorf.<\/p>\n<p><strong>1815<\/strong><br>\n<strong>Salcburk<\/strong><br>\nJoseph Mohr je 21. srpna 1815 vysv\u011bcen na kn\u011bze.<\/p>\n<p><strong>1815<\/strong><br>\n<strong>Ramsau bei Berchtesgaden<\/strong><br>\nJoseph Mohr nab\u00edz\u00ed kn\u011b\u017eskou pomoc v Ramsau u Berchtesgadenu.<\/p>\n<p><strong>1815-1817<\/strong><br>\n<strong>Mariapfarr<\/strong><br>\nJoseph Mohr je koadjutorem ve farnosti Mariapfarr.<\/p>\n<p><strong>1816<\/strong><br>\n<strong>Mariapfarr<\/strong><br>\nJoseph Mohr napsal text Tich\u00e9 noci ve ver\u0161ovan\u00e9 podob\u011b v Mariapfarru.<\/p>\n<p><strong>1817 \u2013 1819<\/strong><br>\n<strong>Oberndorf<\/strong><br>\nJoseph Mohr je koadjutorem farnosti sv. Mikul\u00e1\u0161e v Oberndorfu.<\/p>\n<p><strong>1818<\/strong><br>\n<strong>Oberndorf<\/strong><br>\n\u201eOrigin\u00e1l\u201c, \u201eAutograf I\u201c Franze Xavera Grubera pro dva s\u00f3lov\u00e9 hlasy, sbor a kytarov\u00fd doprovod, byl naps\u00e1n 24. prosince 1818; je ztracen.<\/p>\n<p><strong>1818<\/strong><br>\n<strong>Oberndorf<\/strong><br>\nTich\u00e1 noc se poprv\u00e9 zp\u00edvala na \u0160t\u011bdr\u00fd den v kostele svat\u00e9ho Mikul\u00e1\u0161e v Oberndorfu u Salcburku.<\/p>\n<p><strong>1819-1820<\/strong><br>\n<strong>Kuchl<\/strong><br>\nJoseph Mohr je koadjutorem ve farnosti Kuchl.<\/p>\n<p><strong>1819<\/strong><br>\n<strong>Waidring v Tyrolsku<\/strong><br>\nTento sedmistrofov\u00fd chvalozp\u011bv z 22. \u010dervence 1819 se nach\u00e1z\u00ed ve (ztracen\u00e9m) kosteln\u00edm zp\u011bvn\u00edku varhan\u00edka a u\u010ditele Blasiuse Wimmera ve Waidringu. P\u0159edpokl\u00e1d\u00e1 se, \u017ee p\u00edse\u0148 sem p\u0159ivezl stavitel varhan Carl Mauracher ze Zillertalu, kter\u00fd se po oprav\u011b kosteln\u00edch varhan v Oberndorfu a Arnsdorfu zastavil ve Waidringu cestou p\u0159es pr\u016fsmyk Strub.<\/p>\n<p><strong>1819<\/strong><br>\n<strong>F\u00fcgen im Zillertal<\/strong><br>\nP\u016fvodn\u00ed Rainerovi koledn\u00edci zp\u00edvaj\u00edc\u00ed koledu v kostele ve F\u00fcgenu na \u0160t\u011bdr\u00fd den roku 1819.<\/p>\n<p><strong>1820-1821<\/strong><br>\n<strong>Golling<\/strong><br>\nJoseph Mohr je koadjutorem ve farnosti Golling.<\/p>\n<p><strong>1821-1822<\/strong><br>\n<strong>Vigaun<\/strong><br>\nJoseph Mohr koadjutor ve farnosti Vigaun; do\u010dasn\u00e9 p\u016fsoben\u00ed v Adnetu a Krispl.<\/p>\n<p><strong>1822-1824<\/strong><br>\n<strong>Anthering<\/strong><br>\nJoseph Mohr koadjutor ve farnosti Anthering<\/p>\n<p><strong>1822<\/strong><br>\n<strong>Salcburk<\/strong><br>\nP\u00edse\u0148 zaznamenal Johann Baptist Weindl, sbormistr salcbursk\u00e9ho d\u00f3mu a regent m\u011bstsk\u00e9ho farn\u00edho sboru.<\/p>\n<p><strong>1822<\/strong><br>\n<strong>F\u00fcgen im Zillertal<\/strong><br>\nRainerovi p\u011bvci ji zp\u00edvaj\u00ed p\u0159i p\u0159\u00edle\u017eitosti n\u00e1v\u0161t\u011bvy c\u00edsa\u0159e Franti\u0161ka I. a cara Alexandra I. na z\u00e1mku hrab\u011bte D\u00f6nhoffa (dnes \u201eBubenburg\u201c) ve F\u00fcgenu.<\/p>\n<p><strong>1824-1827<\/strong><br>\n<strong>Eugendorf<\/strong><br>\nJoseph Mohr je koadjutorem ve farnosti Eugendorf.<\/p>\n<p><strong>1827<\/strong><br>\n<strong>Hof bei Salzburg<\/strong><br>\nJoseph Mohr probo\u0161tem ve farnosti Hof.<\/p>\n<p><strong>1827-1837<\/strong><br>\n<strong>Hintersee<\/strong><br>\nJoseph Mohr je provizorn\u00edm vik\u00e1\u0159em (1827-1828) a far\u00e1\u0159em (1828-1837) ve farnosti Hintersee, kde poprv\u00e9 samostatn\u011b vede farnost.<\/p>\n<p><strong>1829-1835<\/strong><br>\n<strong>Berndorf<\/strong><br>\nFranz Xaver Gruber je u\u010ditel a varhan\u00edk v Berndorfu.<\/p>\n<p><strong>Kolem roku 1830<\/strong><br>\n<strong>Linz<\/strong><br>\nRukopis III pro dva s\u00f3lov\u00e9 hlasy, sbor a varhany, Gruber\u016fv opis pro u\u010ditele Andrease Wagnera v Uttendorfu (ztraceno). Dochovala se ti\u0161t\u011bn\u00e1 verze d\u011btsk\u00e9 hry Johanna Georga Hubera Tich\u00e1 noc v\u00e1no\u010dn\u00ed (1885), vydan\u00e1 v Linci.<\/p>\n<p><strong>1832<\/strong><br>\n<strong>Lipsko<\/strong><br>\nList \u201eLeipziger Tagblatt\u201c z 15. prosince 1832 p\u0159inesl zpr\u00e1vu, \u017ee rodina Strasserov\u00fdch p\u0159edvedla p\u00edse\u0148 na koncert\u011b. Je mo\u017en\u00e9, \u017ee p\u011bveck\u00e9 rodiny Rainer\u016f (F\u00fcgen) a Strasser\u016f (Laimach) tuto skladbu prov\u00e1d\u011bly ji\u017e na sv\u00fdch cest\u00e1ch.<\/p>\n<p><strong>1833<\/strong><br>\nPravd\u011bpodobn\u011b v tomto roce vydal hudebn\u00ed vydavatel A. R. Friese (Dr\u00e1\u017e\u010fany a Lipsko) p\u00edse\u0148 v hudebn\u00ed publikaci s n\u00e1zvem \u201eVier \u00e4chte Tyroler Lieder\u201c (\u010cty\u0159i autentick\u00e9 tyrolsk\u00e9 p\u00edsn\u011b) pod n\u00e1zvem Tich\u00e1 noc, ale bez jmen skladatel\u016f a s v\u00fdrazn\u00fdmi \u00fapravami.<\/p>\n<p><strong>1835-1863<\/strong><br>\n<strong>Hallein<\/strong><br>\nFranz Xaver Gruber je \u0159editelem k\u016fru, varhan\u00edkem a farn\u00edm pracovn\u00edkem ve farnosti Hallein (od 2. \u010dervence 1935) a \u017eije se svou rodinou v \u201eMesnerhausu\u201c naproti farn\u00edmu kostelu ve m\u011bst\u011b. V roce 1848 byl jedn\u00edm ze zakl\u00e1daj\u00edc\u00edch \u010dlen\u016f spolku Halleiner Liedertafel, kter\u00fd zalo\u017eil jeho nejstar\u0161\u00ed syn Franz. Um\u00edr\u00e1 7. \u010dervna 1863 ve v\u011bku 76 let.<\/p>\n<p><strong>1836-1843<\/strong><br>\n<strong>Forstau<\/strong><br>\nP\u00edse\u0148 nahr\u00e1l Joseph Wernspacher, far\u00e1\u0159 ve Forstau.<\/p>\n<p><strong>1836<\/strong><br>\n<strong>Hallein<\/strong><br>\nRukopis IV, datovan\u00fd 12. prosince 1836, pro dva s\u00f3lov\u00e9 hlasy, \u010dty\u0159hlas\u00fd sbor, fl\u00e9tnu, dva klarinety, fagot, dva lesn\u00ed rohy, dvoje housle, violu, kontrabas a varhany; ulo\u017een v Muzeu tich\u00e9 noci Keltsk\u00e9ho muzea v Halleinu.<\/p>\n<p><strong>1837-1848<\/strong><br>\n<strong>Wagrain<\/strong><br>\nJoseph Mohr je far\u00e1\u0159em ve farnosti Wagrain, kde 4. prosince 1848 um\u00edr\u00e1.<\/p>\n<p><strong>1839<\/strong><br>\n<strong>New York<\/strong><br>\nRainerovi zp\u011bv\u00e1ci p\u0159enesli koledu do Ameriky, kde ji zp\u00edvaj\u00ed na \u0160t\u011bdr\u00fd den roku 1839 v New Yorku p\u0159ed pam\u00e1tn\u00edkem Alexandra Hamiltona na h\u0159bitov\u011b Trinity Church na konci Wall Street.<\/p>\n<p><strong>1843<\/strong><br>\n<strong>Uttendorf im Innviertel<\/strong><br>\nP\u00edse\u0148 nahr\u00e1v\u00e1 u\u010ditel Johann Schober.<\/p>\n<p><strong>Kolem roku 1845<\/strong><br>\n<strong>Hallein<\/strong><br>\nRukopis V pro dva s\u00f3lov\u00e9 hlasy, \u010dty\u0159hlas\u00fd sbor, dva lesn\u00ed rohy, dvoje housle, violoncello a varhany; tzv. \u201erohov\u00e1 verze\u201c se nach\u00e1z\u00ed v archivu Tich\u00e9 noci Keltsk\u00e9ho muzea v Halleinu.<\/p>\n<p><strong>1848<\/strong><br>\n<strong>Wagrain<\/strong><br>\nFar\u00e1\u0159 Joseph Mohr um\u00edr\u00e1 4. prosince 1848 ve Wagrainu na z\u00e1pal plic.<\/p>\n<p><strong>1854<\/strong><br>\n<strong>Salcburk<\/strong><br>\nV\u00fdzkum Kr\u00e1lovsk\u00e9 prusk\u00e9 dvorn\u00ed kapely v benediktinsk\u00e9m opatstv\u00ed sv. Petra v Salcburku o autorech p\u00edsn\u011b. V t\u00e9 dob\u011b Gruber napsal sv\u016fj text \u201eAuthentische Veranlassung\u201c\u00a0 z 30. prosince 1854, v n\u011bm\u017e popisuje p\u016fvod p\u00edsn\u011b Tich\u00e1 noc. D\u00edlo se nach\u00e1z\u00ed v archivu Tich\u00e9 noci Keltsk\u00e9ho muzea v Halleinu.<\/p>\n<p><strong>1854<\/strong><br>\n<strong>Hallein<\/strong><br>\nRukopis VI, kter\u00fd Gruber pos\u00edl\u00e1 do Berl\u00edna se sv\u00fdm \u201eAuthentische Veranlassung\u201c, je ztracen.<\/p>\n<p><strong>Kolem roku 1854<\/strong><br>\n<strong>Hallein<\/strong><br>\nRukopis II pro dv\u011b s\u00f3la a sbor bez doprovodu se nach\u00e1z\u00ed v archivu Tich\u00e9 noci v Keltsk\u00e9m muzeu v Halleinu.<\/p>\n<p><strong>Okolo roku 1860<\/strong><br>\n<strong>Salcburk<\/strong><br>\nRukopis VII pro dv\u011b s\u00f3la a varhany, od roku 1995 v hudebn\u00ed sb\u00edrce Salcbursk\u00e9ho muzea.<\/p>\n<p><strong>1863<\/strong><br>\n<strong>Hallein<\/strong><br>\nFranz Xaver Gruber um\u00edr\u00e1 v Halleinu ve v\u011bku 76 let.<\/p>\n<p><strong>1866<\/strong><br>\n<strong>Salcburk<\/strong><br>\nP\u00edse\u0148 je za\u0159azena do \u201eofici\u00e1ln\u00edho\u201c zp\u011bvn\u00edku.<\/p>\n<p><strong>1909<\/strong><br>\n<strong>Oberndorf<\/strong><br>\nFarn\u00ed kostel svat\u00e9ho Mikul\u00e1\u0161e je definitivn\u011b zbo\u0159en. V tomto kostele se v roce 1818 poprv\u00e9 zp\u00edvala Tich\u00e1 noc.<\/p>\n<p><strong>1924<\/strong><br>\n<strong>Oberndorf<\/strong><br>\nZ\u00e1kladn\u00ed k\u00e1men pam\u011btn\u00ed kaple Tich\u00e1 noc je polo\u017een na m\u00edst\u011b farn\u00edho kostela svat\u00e9ho Mikul\u00e1\u0161e, kde byla p\u00edse\u0148 poprv\u00e9 zp\u00edv\u00e1na v roce 1818. Stavba za\u010d\u00edn\u00e1 v roce 1925. V roce 1918 je polo\u017een z\u00e1kladn\u00ed k\u00e1men k oslav\u00e1m st\u00e9ho v\u00fdro\u010d\u00ed, ale kv\u016fli prvn\u00ed sv\u011btov\u00e9 v\u00e1lce je opakovan\u011b odlo\u017een.<\/p>\n<p><strong>1928<\/strong><br>\n<strong>Oberndorf<\/strong><br>\nAkademick\u00fd socha\u0159 a kn\u011bz Joseph M\u00fchlbacher spolu s Josephem Mohrem a Franzem Xaverem Gruberem navrhuj\u00ed pomn\u00edk, kter\u00fd je v roce 1928 postaven ve farn\u00edm kostele v Oberndorfu. Pozd\u011bji byl postaven na h\u0159bitov\u011b.<\/p>\n<p><strong>1937<\/strong><br>\n<strong>Oberndorf<\/strong><br>\n16. srpna je v Oberndorfu slavnostn\u011b otev\u0159ena pam\u011btn\u00ed kaple Tich\u00e1 noc. Stoj\u00ed na trosk\u00e1ch zbo\u0159en\u00e9ho kostela svat\u00e9ho Mikul\u00e1\u0161e, kde se v roce 1818 poprv\u00e9 hr\u00e1la Tich\u00e1 noc.<\/p>\n<p><strong>1972<\/strong><br>\n<strong>Salcburk<\/strong><br>\nUstavuj\u00edc\u00ed sch\u016fze Spole\u010dnosti tich\u00e9 noci 15. kv\u011btna 1972, slavnostn\u00ed zalo\u017een\u00ed 10. prosince 1972 v salcbursk\u00e9 rezidenci.<\/p>\n<p><strong>1995<\/strong><br>\n<strong>Salzburg<\/strong><br>\nJedin\u00fd rukopis z ruky Josepha Mohra je identifikov\u00e1n a prezentov\u00e1n 8. prosince v Salcburku. N\u00e1pis zn\u00ed: \u201eText von Joseph Mohr mpia Coadjutor 1816\u201c. Byl naps\u00e1n p\u0159ed rokem 1830; datum \u201e1816\u201c se podle studie vztahuje k datu vzniku textu. Rukopis obsahuje tak\u00e9 n\u00e1sleduj\u00edc\u00ed text: \u201eMelodie von Fr. Grubera\u201c, \u010d\u00edm\u017e se up\u0159es\u0148uje autorstv\u00ed skladby.<\/p>\n","protected":false},"excerpt":{"rendered":"<p>Tich\u00e1 noc chronologicky: 1787 Hochburg Franz Xaver Gruber se narodil 25. listopadu 1787 na adrese Unterweizberg 9, Steinpoints\u00f6lde, Hochburg, a v k\u0159estn\u00ed matrice je uveden jako \u201eConrad Xavier\u201c, co\u017e pozd\u011bji m\u011bn\u00ed na \u201eFranz Xaver\u201c. 1792 Salcburk Josephus Franciscus Mohr se narodil 11. prosince 1792 jako syn Anny Schoiberinov\u00e9, pleta\u0159ky, a Franze Mohra (Maura), dezert\u00e9ra. 1807-1829 [&hellip;]<\/p>\n","protected":false},"author":6,"featured_media":154349,"comment_status":"closed","ping_status":"closed","sticky":false,"template":"","format":"standard","meta":{"_acf_changed":false,"wl_entities_gutenberg":"","_relevanssi_hide_post":"","_relevanssi_hide_content":"","_relevanssi_pin_for_all":"","_relevanssi_pin_keywords":"","_relevanssi_unpin_keywords":"","_relevanssi_related_keywords":"","_relevanssi_related_include_ids":"","_relevanssi_related_exclude_ids":"","_relevanssi_related_no_append":"","_relevanssi_related_not_related":"","_relevanssi_related_posts":"","_relevanssi_noindex_reason":"","footnotes":""},"categories":[1],"tags":[],"wl_entity_type":[706],"class_list":["post-154508","post","type-post","status-publish","format-standard","has-post-thumbnail","hentry","category-uncategorized","wl_entity_type-article"],"acf":[],"yoast_head":"<!-- This site is optimized with the Yoast SEO Premium plugin v27.4 (Yoast SEO v27.4) - https:\/\/yoast.com\/product\/yoast-seo-premium-wordpress\/ -->\n<title>\u010casov\u00e1 osa p\u00edsn\u011b Tich\u00e1 noc \u00bb SalzburgerLand.com<\/title>\n<meta name=\"robots\" content=\"index, follow, max-snippet:-1, max-image-preview:large, max-video-preview:-1\" \/>\n<link rel=\"canonical\" href=\"https:\/\/www.salzburgerland.com\/cs\/ticha-noc-casova-osa-pisne-ticha-noc\/\" \/>\n<meta property=\"og:locale\" content=\"cs_CZ\" \/>\n<meta property=\"og:type\" content=\"article\" \/>\n<meta property=\"og:title\" content=\"\u010casov\u00e1 osa p\u00edsn\u011b Tich\u00e1 noc\" \/>\n<meta property=\"og:description\" content=\"Tich\u00e1 noc chronologicky: 1787 Hochburg Franz Xaver Gruber se narodil 25. listopadu 1787 na adrese Unterweizberg 9, Steinpoints\u00f6lde, Hochburg, a v k\u0159estn\u00ed\" \/>\n<meta property=\"og:url\" content=\"https:\/\/www.salzburgerland.com\/cs\/ticha-noc-casova-osa-pisne-ticha-noc\/\" \/>\n<meta property=\"og:site_name\" content=\"SalzburgerLand.com\" \/>\n<meta property=\"article:publisher\" content=\"https:\/\/www.facebook.com\/visitsalzburgerland\/\" \/>\n<meta property=\"article:published_time\" content=\"2022-11-16T19:35:48+00:00\" \/>\n<meta property=\"article:modified_time\" content=\"2022-11-16T19:36:30+00:00\" \/>\n<meta property=\"og:image\" content=\"https:\/\/www.salzburgerland.com\/cs\/wp-content\/uploads\/2022\/11\/stille-nacht-reportage-zillertal-1920x1067-1-1200x675-1.jpg\" \/>\n\t<meta property=\"og:image:width\" content=\"1200\" \/>\n\t<meta property=\"og:image:height\" content=\"675\" \/>\n\t<meta property=\"og:image:type\" content=\"image\/jpeg\" \/>\n<meta name=\"author\" content=\"Andrea \u017d\u00e1\u010dkov\u00e1\" \/>\n<meta name=\"twitter:card\" content=\"summary_large_image\" \/>\n<meta name=\"twitter:creator\" content=\"@salzburgerland\" \/>\n<meta name=\"twitter:site\" content=\"@salzburgerland\" \/>\n<meta name=\"twitter:label1\" content=\"Napsal(a)\" \/>\n\t<meta name=\"twitter:data1\" content=\"Andrea \u017d\u00e1\u010dkov\u00e1\" \/>\n\t<meta name=\"twitter:label2\" content=\"Odhadovan\u00e1 doba \u010dten\u00ed\" \/>\n\t<meta name=\"twitter:data2\" content=\"6 minut\" \/>\n<script type=\"application\/ld+json\" class=\"yoast-schema-graph\">{\"@context\":\"https:\\\/\\\/schema.org\",\"@graph\":[{\"@type\":\"Article\",\"@id\":\"https:\\\/\\\/www.salzburgerland.com\\\/cs\\\/ticha-noc-casova-osa-pisne-ticha-noc\\\/#article\",\"isPartOf\":{\"@id\":\"https:\\\/\\\/www.salzburgerland.com\\\/cs\\\/ticha-noc-casova-osa-pisne-ticha-noc\\\/\"},\"author\":{\"name\":\"Andrea \u017d\u00e1\u010dkov\u00e1\",\"@id\":\"https:\\\/\\\/www.salzburgerland.com\\\/cs\\\/#\\\/schema\\\/person\\\/dd42a4661897004df109095dbf40eeff\"},\"headline\":\"\u010casov\u00e1 osa p\u00edsn\u011b Tich\u00e1 noc\",\"datePublished\":\"2022-11-16T19:35:48+00:00\",\"dateModified\":\"2022-11-16T19:36:30+00:00\",\"mainEntityOfPage\":{\"@id\":\"https:\\\/\\\/www.salzburgerland.com\\\/cs\\\/ticha-noc-casova-osa-pisne-ticha-noc\\\/\"},\"wordCount\":1176,\"image\":{\"@id\":\"https:\\\/\\\/www.salzburgerland.com\\\/cs\\\/ticha-noc-casova-osa-pisne-ticha-noc\\\/#primaryimage\"},\"thumbnailUrl\":\"https:\\\/\\\/www.salzburgerland.com\\\/cs\\\/wp-content\\\/uploads\\\/2022\\\/11\\\/stille-nacht-reportage-zillertal-1920x1067-1-1200x675-1.jpg\",\"articleSection\":[\"Uncategorized\"],\"inLanguage\":\"cs\"},{\"@type\":\"WebPage\",\"@id\":\"https:\\\/\\\/www.salzburgerland.com\\\/cs\\\/ticha-noc-casova-osa-pisne-ticha-noc\\\/\",\"url\":\"https:\\\/\\\/www.salzburgerland.com\\\/cs\\\/ticha-noc-casova-osa-pisne-ticha-noc\\\/\",\"name\":\"\u010casov\u00e1 osa p\u00edsn\u011b Tich\u00e1 noc \u00bb SalzburgerLand.com\",\"isPartOf\":{\"@id\":\"https:\\\/\\\/www.salzburgerland.com\\\/cs\\\/#website\"},\"primaryImageOfPage\":{\"@id\":\"https:\\\/\\\/www.salzburgerland.com\\\/cs\\\/ticha-noc-casova-osa-pisne-ticha-noc\\\/#primaryimage\"},\"image\":{\"@id\":\"https:\\\/\\\/www.salzburgerland.com\\\/cs\\\/ticha-noc-casova-osa-pisne-ticha-noc\\\/#primaryimage\"},\"thumbnailUrl\":\"https:\\\/\\\/www.salzburgerland.com\\\/cs\\\/wp-content\\\/uploads\\\/2022\\\/11\\\/stille-nacht-reportage-zillertal-1920x1067-1-1200x675-1.jpg\",\"datePublished\":\"2022-11-16T19:35:48+00:00\",\"dateModified\":\"2022-11-16T19:36:30+00:00\",\"author\":{\"@id\":\"https:\\\/\\\/www.salzburgerland.com\\\/cs\\\/#\\\/schema\\\/person\\\/dd42a4661897004df109095dbf40eeff\"},\"description\":\"P\u0159\u00edb\u011bh vzniku p\u00edsn\u011b Tich\u00e1 noc v chronologick\u00e9m po\u0159ad\u00ed.\",\"breadcrumb\":{\"@id\":\"https:\\\/\\\/www.salzburgerland.com\\\/cs\\\/ticha-noc-casova-osa-pisne-ticha-noc\\\/#breadcrumb\"},\"inLanguage\":\"cs\",\"potentialAction\":[{\"@type\":\"ReadAction\",\"target\":[\"https:\\\/\\\/www.salzburgerland.com\\\/cs\\\/ticha-noc-casova-osa-pisne-ticha-noc\\\/\"]}]},{\"@type\":\"ImageObject\",\"inLanguage\":\"cs\",\"@id\":\"https:\\\/\\\/www.salzburgerland.com\\\/cs\\\/ticha-noc-casova-osa-pisne-ticha-noc\\\/#primaryimage\",\"url\":\"https:\\\/\\\/www.salzburgerland.com\\\/cs\\\/wp-content\\\/uploads\\\/2022\\\/11\\\/stille-nacht-reportage-zillertal-1920x1067-1-1200x675-1.jpg\",\"contentUrl\":\"https:\\\/\\\/www.salzburgerland.com\\\/cs\\\/wp-content\\\/uploads\\\/2022\\\/11\\\/stille-nacht-reportage-zillertal-1920x1067-1-1200x675-1.jpg\",\"width\":1200,\"height\":675,\"caption\":\"Dokumentace k p\u00edsni Tich\u00e1 noc v Zillertalu \u00a9 Michael Groessinger\"},{\"@type\":\"BreadcrumbList\",\"@id\":\"https:\\\/\\\/www.salzburgerland.com\\\/cs\\\/ticha-noc-casova-osa-pisne-ticha-noc\\\/#breadcrumb\",\"itemListElement\":[{\"@type\":\"ListItem\",\"position\":1,\"name\":\"Tam kde vznikla Tich\u00e1 noc\",\"item\":\"https:\\\/\\\/www.salzburgerland.com\\\/cs\\\/ticha-noc\\\/\"},{\"@type\":\"ListItem\",\"position\":2,\"name\":\"\u010casov\u00e1 osa p\u00edsn\u011b Tich\u00e1 noc\"}]},{\"@type\":\"WebSite\",\"@id\":\"https:\\\/\\\/www.salzburgerland.com\\\/cs\\\/#website\",\"url\":\"https:\\\/\\\/www.salzburgerland.com\\\/cs\\\/\",\"name\":\"SalzburgerLand.com\",\"description\":\"Va\u0161e dovolen\u00e1 v Salcburku, Rakousko\",\"potentialAction\":[{\"@type\":\"SearchAction\",\"target\":{\"@type\":\"EntryPoint\",\"urlTemplate\":\"https:\\\/\\\/www.salzburgerland.com\\\/cs\\\/?s={search_term_string}\"},\"query-input\":{\"@type\":\"PropertyValueSpecification\",\"valueRequired\":true,\"valueName\":\"search_term_string\"}}],\"inLanguage\":\"cs\"},{\"@type\":\"Person\",\"@id\":\"https:\\\/\\\/www.salzburgerland.com\\\/cs\\\/#\\\/schema\\\/person\\\/dd42a4661897004df109095dbf40eeff\",\"name\":\"Andrea \u017d\u00e1\u010dkov\u00e1\",\"image\":{\"@type\":\"ImageObject\",\"inLanguage\":\"cs\",\"@id\":\"https:\\\/\\\/secure.gravatar.com\\\/avatar\\\/338deec8d231d56d0ab7b2b7d6d0aedbcb3eb05390f6c027fd5b7ebe87b67dbf?s=96&d=mm&r=g\",\"url\":\"https:\\\/\\\/secure.gravatar.com\\\/avatar\\\/338deec8d231d56d0ab7b2b7d6d0aedbcb3eb05390f6c027fd5b7ebe87b67dbf?s=96&d=mm&r=g\",\"contentUrl\":\"https:\\\/\\\/secure.gravatar.com\\\/avatar\\\/338deec8d231d56d0ab7b2b7d6d0aedbcb3eb05390f6c027fd5b7ebe87b67dbf?s=96&d=mm&r=g\",\"caption\":\"Andrea \u017d\u00e1\u010dkov\u00e1\"}}]}<\/script>\n<!-- \/ Yoast SEO Premium plugin. -->","yoast_head_json":{"title":"\u010casov\u00e1 osa p\u00edsn\u011b Tich\u00e1 noc \u00bb SalzburgerLand.com","robots":{"index":"index","follow":"follow","max-snippet":"max-snippet:-1","max-image-preview":"max-image-preview:large","max-video-preview":"max-video-preview:-1"},"canonical":"https:\/\/www.salzburgerland.com\/cs\/ticha-noc-casova-osa-pisne-ticha-noc\/","og_locale":"cs_CZ","og_type":"article","og_title":"\u010casov\u00e1 osa p\u00edsn\u011b Tich\u00e1 noc","og_description":"Tich\u00e1 noc chronologicky: 1787 Hochburg Franz Xaver Gruber se narodil 25. listopadu 1787 na adrese Unterweizberg 9, Steinpoints\u00f6lde, Hochburg, a v k\u0159estn\u00ed","og_url":"https:\/\/www.salzburgerland.com\/cs\/ticha-noc-casova-osa-pisne-ticha-noc\/","og_site_name":"SalzburgerLand.com","article_publisher":"https:\/\/www.facebook.com\/visitsalzburgerland\/","article_published_time":"2022-11-16T19:35:48+00:00","article_modified_time":"2022-11-16T19:36:30+00:00","og_image":[{"url":"https:\/\/www.salzburgerland.com\/cs\/wp-content\/uploads\/2022\/11\/stille-nacht-reportage-zillertal-1920x1067-1-1200x675-1.jpg","width":1200,"height":675,"type":"image\/jpeg"}],"author":"Andrea \u017d\u00e1\u010dkov\u00e1","twitter_card":"summary_large_image","twitter_creator":"@salzburgerland","twitter_site":"@salzburgerland","twitter_misc":{"Napsal(a)":"Andrea \u017d\u00e1\u010dkov\u00e1","Odhadovan\u00e1 doba \u010dten\u00ed":"6 minut"},"schema":{"@context":"https:\/\/schema.org","@graph":[{"@type":"Article","@id":"https:\/\/www.salzburgerland.com\/cs\/ticha-noc-casova-osa-pisne-ticha-noc\/#article","isPartOf":{"@id":"https:\/\/www.salzburgerland.com\/cs\/ticha-noc-casova-osa-pisne-ticha-noc\/"},"author":{"name":"Andrea \u017d\u00e1\u010dkov\u00e1","@id":"https:\/\/www.salzburgerland.com\/cs\/#\/schema\/person\/dd42a4661897004df109095dbf40eeff"},"headline":"\u010casov\u00e1 osa p\u00edsn\u011b Tich\u00e1 noc","datePublished":"2022-11-16T19:35:48+00:00","dateModified":"2022-11-16T19:36:30+00:00","mainEntityOfPage":{"@id":"https:\/\/www.salzburgerland.com\/cs\/ticha-noc-casova-osa-pisne-ticha-noc\/"},"wordCount":1176,"image":{"@id":"https:\/\/www.salzburgerland.com\/cs\/ticha-noc-casova-osa-pisne-ticha-noc\/#primaryimage"},"thumbnailUrl":"https:\/\/www.salzburgerland.com\/cs\/wp-content\/uploads\/2022\/11\/stille-nacht-reportage-zillertal-1920x1067-1-1200x675-1.jpg","articleSection":["Uncategorized"],"inLanguage":"cs"},{"@type":"WebPage","@id":"https:\/\/www.salzburgerland.com\/cs\/ticha-noc-casova-osa-pisne-ticha-noc\/","url":"https:\/\/www.salzburgerland.com\/cs\/ticha-noc-casova-osa-pisne-ticha-noc\/","name":"\u010casov\u00e1 osa p\u00edsn\u011b Tich\u00e1 noc \u00bb SalzburgerLand.com","isPartOf":{"@id":"https:\/\/www.salzburgerland.com\/cs\/#website"},"primaryImageOfPage":{"@id":"https:\/\/www.salzburgerland.com\/cs\/ticha-noc-casova-osa-pisne-ticha-noc\/#primaryimage"},"image":{"@id":"https:\/\/www.salzburgerland.com\/cs\/ticha-noc-casova-osa-pisne-ticha-noc\/#primaryimage"},"thumbnailUrl":"https:\/\/www.salzburgerland.com\/cs\/wp-content\/uploads\/2022\/11\/stille-nacht-reportage-zillertal-1920x1067-1-1200x675-1.jpg","datePublished":"2022-11-16T19:35:48+00:00","dateModified":"2022-11-16T19:36:30+00:00","author":{"@id":"https:\/\/www.salzburgerland.com\/cs\/#\/schema\/person\/dd42a4661897004df109095dbf40eeff"},"description":"P\u0159\u00edb\u011bh vzniku p\u00edsn\u011b Tich\u00e1 noc v chronologick\u00e9m po\u0159ad\u00ed.","breadcrumb":{"@id":"https:\/\/www.salzburgerland.com\/cs\/ticha-noc-casova-osa-pisne-ticha-noc\/#breadcrumb"},"inLanguage":"cs","potentialAction":[{"@type":"ReadAction","target":["https:\/\/www.salzburgerland.com\/cs\/ticha-noc-casova-osa-pisne-ticha-noc\/"]}]},{"@type":"ImageObject","inLanguage":"cs","@id":"https:\/\/www.salzburgerland.com\/cs\/ticha-noc-casova-osa-pisne-ticha-noc\/#primaryimage","url":"https:\/\/www.salzburgerland.com\/cs\/wp-content\/uploads\/2022\/11\/stille-nacht-reportage-zillertal-1920x1067-1-1200x675-1.jpg","contentUrl":"https:\/\/www.salzburgerland.com\/cs\/wp-content\/uploads\/2022\/11\/stille-nacht-reportage-zillertal-1920x1067-1-1200x675-1.jpg","width":1200,"height":675,"caption":"Dokumentace k p\u00edsni Tich\u00e1 noc v Zillertalu \u00a9 Michael Groessinger"},{"@type":"BreadcrumbList","@id":"https:\/\/www.salzburgerland.com\/cs\/ticha-noc-casova-osa-pisne-ticha-noc\/#breadcrumb","itemListElement":[{"@type":"ListItem","position":1,"name":"Tam kde vznikla Tich\u00e1 noc","item":"https:\/\/www.salzburgerland.com\/cs\/ticha-noc\/"},{"@type":"ListItem","position":2,"name":"\u010casov\u00e1 osa p\u00edsn\u011b Tich\u00e1 noc"}]},{"@type":"WebSite","@id":"https:\/\/www.salzburgerland.com\/cs\/#website","url":"https:\/\/www.salzburgerland.com\/cs\/","name":"SalzburgerLand.com","description":"Va\u0161e dovolen\u00e1 v Salcburku, Rakousko","potentialAction":[{"@type":"SearchAction","target":{"@type":"EntryPoint","urlTemplate":"https:\/\/www.salzburgerland.com\/cs\/?s={search_term_string}"},"query-input":{"@type":"PropertyValueSpecification","valueRequired":true,"valueName":"search_term_string"}}],"inLanguage":"cs"},{"@type":"Person","@id":"https:\/\/www.salzburgerland.com\/cs\/#\/schema\/person\/dd42a4661897004df109095dbf40eeff","name":"Andrea \u017d\u00e1\u010dkov\u00e1","image":{"@type":"ImageObject","inLanguage":"cs","@id":"https:\/\/secure.gravatar.com\/avatar\/338deec8d231d56d0ab7b2b7d6d0aedbcb3eb05390f6c027fd5b7ebe87b67dbf?s=96&d=mm&r=g","url":"https:\/\/secure.gravatar.com\/avatar\/338deec8d231d56d0ab7b2b7d6d0aedbcb3eb05390f6c027fd5b7ebe87b67dbf?s=96&d=mm&r=g","contentUrl":"https:\/\/secure.gravatar.com\/avatar\/338deec8d231d56d0ab7b2b7d6d0aedbcb3eb05390f6c027fd5b7ebe87b67dbf?s=96&d=mm&r=g","caption":"Andrea \u017d\u00e1\u010dkov\u00e1"}}]}},"_wl_alt_label":[],"wl:entity_url":"http:\/\/open.salzburgerland.com\/cs\/post\/ticha-noc-casova-osa-154508","_links":{"self":[{"href":"https:\/\/www.salzburgerland.com\/cs\/wp-json\/wp\/v2\/posts\/154508","targetHints":{"allow":["GET"]}}],"collection":[{"href":"https:\/\/www.salzburgerland.com\/cs\/wp-json\/wp\/v2\/posts"}],"about":[{"href":"https:\/\/www.salzburgerland.com\/cs\/wp-json\/wp\/v2\/types\/post"}],"author":[{"embeddable":true,"href":"https:\/\/www.salzburgerland.com\/cs\/wp-json\/wp\/v2\/users\/6"}],"replies":[{"embeddable":true,"href":"https:\/\/www.salzburgerland.com\/cs\/wp-json\/wp\/v2\/comments?post=154508"}],"version-history":[{"count":2,"href":"https:\/\/www.salzburgerland.com\/cs\/wp-json\/wp\/v2\/posts\/154508\/revisions"}],"predecessor-version":[{"id":154510,"href":"https:\/\/www.salzburgerland.com\/cs\/wp-json\/wp\/v2\/posts\/154508\/revisions\/154510"}],"wp:featuredmedia":[{"embeddable":true,"href":"https:\/\/www.salzburgerland.com\/cs\/wp-json\/wp\/v2\/media\/154349"}],"wp:attachment":[{"href":"https:\/\/www.salzburgerland.com\/cs\/wp-json\/wp\/v2\/media?parent=154508"}],"wp:term":[{"taxonomy":"category","embeddable":true,"href":"https:\/\/www.salzburgerland.com\/cs\/wp-json\/wp\/v2\/categories?post=154508"},{"taxonomy":"post_tag","embeddable":true,"href":"https:\/\/www.salzburgerland.com\/cs\/wp-json\/wp\/v2\/tags?post=154508"},{"taxonomy":"wl_entity_type","embeddable":true,"href":"https:\/\/www.salzburgerland.com\/cs\/wp-json\/wp\/v2\/wl_entity_type?post=154508"}],"curies":[{"name":"wp","href":"https:\/\/api.w.org\/{rel}","templated":true}]}}