{"id":154490,"date":"2022-11-16T19:39:46","date_gmt":"2022-11-16T18:39:46","guid":{"rendered":"https:\/\/www.salzburgerland.com\/cs\/?p=154490"},"modified":"2022-11-16T19:41:13","modified_gmt":"2022-11-16T18:41:13","slug":"ticha-noc-mista-achensee","status":"publish","type":"post","link":"https:\/\/www.salzburgerland.com\/cs\/ticha-noc-mista-achensee\/","title":{"rendered":"Achensee"},"content":{"rendered":"<h2>\u201eRainer-Family\u201c v Americe<\/h2>\n<p>Zp\u011bv\u00e1ci z\u00a0Zillertalu slavili enormn\u00ed \u00fasp\u011bchy a byli p\u0159edobrazem pro vznik hudebn\u00edho kabaretu Minstrel Show. Rainerovi krom\u011b toho prokazateln\u011b p\u0159isp\u011bli v\u00a0americk\u00e9 hudb\u011b k\u00a0popularizaci j\u00f3dlov\u00e1n\u00ed. Dnes jsou pova\u017eov\u00e1ni za pr\u016fkopn\u00edky obl\u00edben\u00fdch a \u00fasp\u011b\u0161n\u00fdch \u0161l\u00e1gr\u016f, kter\u00e9 spojuj\u00ed lidovou hudbu a komer\u010dn\u00ed z\u00e1jmy. V\u00a0kv\u011btnu 1843 se Rainerovi z\u00a0Ameriky vr\u00e1tili zp\u011bt dom\u016f.<\/p>\n<h2>Deset let v Rusku<\/h2>\n<p>Ludwig Rainer, povzbuzen \u00fasp\u011bchem v\u00a0USA, zalo\u017eil v\u00a0roce 1851 \u201eRainerovu spole\u010dnost\u201c s\u00a015 zp\u011bv\u00e1ky. Vystupovali t\u00e9m\u011b\u0159 na v\u0161ech panovnick\u00fdch dvorech v\u00a0Evrop\u011b. Jejich cesty vedli do Anglie, Skotska, Irska, It\u00e1lie, Francie, D\u00e1nska, \u0160v\u00e9dska a Norska. V\u00a0roce 1858 p\u0159ijeli do Ruska a z\u016fstali zde deset let. P\u011bt n\u00e1vrat\u016f zp\u011bt dom\u016f bylo vyu\u017eito pro hled\u00e1n\u00ed nov\u00fdch \u010dlen\u016f. V\u00a0roce 1865 slavil Ludwig Rainer dokonce v\u00a0Petrohradu svatbu s\u00a0d\u00edvkou z\u00a0Zillertalu. \u201eStille Nacht! Heilige Nacht!\u201c byla p\u0159itom neust\u00e1le sou\u010d\u00e1st\u00ed reperto\u00e1ru p\u011bvc\u016f Rainerov\u00fdch<\/p>\n<h2>Nov\u00fd domov Achensee<\/h2>\n<p>Kdy\u017e se Ludwig Rainer v\u00a0roce 1868 vr\u00e1til zp\u011bt do Tyrolska jako bohat\u00fd a zcestoval\u00fd mu\u017e, bylo mu 47 let. \u010c\u00e1st vyd\u011blan\u00fdch finan\u010dn\u00edch prost\u0159edk\u016f investoval do stavby Hotelu Seehof v Achenkirchu u Achensee. Otev\u0159en byl roku 1870. Elegantn\u00ed a noblesn\u00ed hotel, za\u0159\u00edzen\u00fd se v\u0161\u00edm komfortem, l\u00e1kal hosty z\u00a0cel\u00e9ho sv\u011bta. Stal se tak\u00e9 nov\u00fdm domovem Ludwiga Rainera. Turistika v\u00a0Tyrolsku v\u00a0t\u00e9to dob\u011b ostatn\u011b zaznamenala vzestup i d\u00edky n\u00e1rodn\u00edm p\u011bvc\u016fm.<\/p>\n<p>Ludwig Rainer zem\u0159el 15. kv\u011btna 1893 p\u0159ekvapiv\u011b na sv\u00e9 cest\u011b dom\u016f z\u00a0Mnichova v\u00a0Bad Kreuthu u Tegernsee ve v\u011bku t\u00e9m\u011b\u0159 72 let. Hotel zm\u011bnil v\u00a0pr\u016fb\u011bhu n\u00e1sleduj\u00edc\u00edch let n\u011bkolikr\u00e1t majitele a na p\u0159elomu tis\u00edcilet\u00ed byl v\u00a0d\u016fsledku velk\u00e9ho po\u017e\u00e1ru zni\u010den.<\/p>\n<h3>Po stop\u00e1ch Tich\u00e9 noci v regionu Achensee:<\/h3>\n<ul>\n<li>N\u00e1rodopisn\u00e9 muzeum\u00a0<strong>Sixenhof<\/strong><span>\u00a0<\/span>nab\u00edz\u00ed zaj\u00edmav\u00fd pohled na p\u011bvce z rodu Rainer\u016f a jejich vztah k p\u00edsni \u201eTich\u00e1 noc, svat\u00e1 noc\u201c. K vid\u011bn\u00ed je zde nap\u0159\u00edklad i truhla na oble\u010den\u00ed Ludwiga Rainera, kterou vyu\u017e\u00edval na sv\u00fdch cest\u00e1ch po sv\u011bt\u011b. Jedna z expozic se v\u011bnuje p\u0159\u00edmo zn\u00e1m\u00e9mu N\u00e1rodn\u00edmu p\u011bvci Ludwigu Rainerovi a mezin\u00e1rodn\u00edmu roz\u0161\u00ed\u0159en\u00ed p\u00edsn\u011b \u201eStille Nacht! Heilige Nacht!\u201c<\/li>\n<li>Nedaleko p\u0159\u00edstavu u n\u011bkdej\u0161\u00edho hotelu Achenseehof v Achenkirch stoj\u00ed dodnes kaple<span>\u00a0<\/span><strong>Seehofkapelle<\/strong>, kterou nechal postavit Ludwig Rainer.<\/li>\n<li>Achensee se rozprost\u00edr\u00e1 mezi dv\u011bma v\u00e1pencov\u00fdmi poho\u0159\u00edmi Karwendel a Rofangebirge. Nejv\u011bt\u0161\u00ed jezero v\u00a0Tyrolsku m\u00e1 v\u00a0l\u00e9t\u011b p\u0159\u00edjemnou teplotu ke koup\u00e1n\u00ed. V\u00a0zim\u011b je zde mo\u017enost projet se na lodi, nebo se vydat na p\u0159\u00edjemnou proch\u00e1zku s\u00a0p\u016fsobiv\u00fdmi kulisami.<\/li>\n<li>Jeden takov\u00fd nekomplikovan\u00fd<span>\u00a0<\/span><strong>okruh obc\u00ed<\/strong>\u00a0je mo\u017en\u00e9 proj\u00edt i v\u00a0zim\u011b a pod\u00edvat se na jezero. Za\u010d\u00edn\u00e1 p\u0159ed farn\u00edm kostelem v\u00a0Achenkirchu. Na h\u0159bitov\u011b se nach\u00e1z\u00ed hrob Ludwiga Rainera (1821\u20131893). Trasa vede k\u00a0dob\u0159e viditeln\u00e9mu barokn\u00edmu kostelu Annakircherl odkud se pokra\u010duje doleva. Pot\u00e9 n\u00e1sleduje \u017elut\u00e1 turistick\u00e1 zna\u010dka k\u00a0jezeru.<\/li>\n<li>Ludwig Rainer na\u0161el sv\u00e9 posledn\u00ed m\u00edsto odpo\u010dinku<span>\u00a0<\/span><strong>na h\u0159bitov\u011b v\u00a0Achenkirchu<\/strong>. Na jeho n\u00e1hrobn\u00edm kameni je naps\u00e1no: \u201eBojoval, podlehl, hodn\u011b cestoval a hodn\u011b zp\u00edval\u201c.<\/li>\n<\/ul>\n<p>V\u0161echny aktu\u00e1ln\u00ed<span>\u00a0<\/span><strong>akce<span>\u00a0<\/span><\/strong>v regionu Achensee najdete<span>\u00a0<\/span><strong><u>zde<\/u><\/strong>.<\/p>\n","protected":false},"excerpt":{"rendered":"<p>\u201eRainer-Family\u201c v Americe Zp\u011bv\u00e1ci z\u00a0Zillertalu slavili enormn\u00ed \u00fasp\u011bchy a byli p\u0159edobrazem pro vznik hudebn\u00edho kabaretu Minstrel Show. Rainerovi krom\u011b toho prokazateln\u011b p\u0159isp\u011bli v\u00a0americk\u00e9 hudb\u011b k\u00a0popularizaci j\u00f3dlov\u00e1n\u00ed. Dnes jsou pova\u017eov\u00e1ni za pr\u016fkopn\u00edky obl\u00edben\u00fdch a \u00fasp\u011b\u0161n\u00fdch \u0161l\u00e1gr\u016f, kter\u00e9 spojuj\u00ed lidovou hudbu a komer\u010dn\u00ed z\u00e1jmy. V\u00a0kv\u011btnu 1843 se Rainerovi z\u00a0Ameriky vr\u00e1tili zp\u011bt dom\u016f. Deset let v Rusku Ludwig [&hellip;]<\/p>\n","protected":false},"author":6,"featured_media":154491,"comment_status":"closed","ping_status":"closed","sticky":false,"template":"","format":"standard","meta":{"_acf_changed":false,"wl_entities_gutenberg":"","_relevanssi_hide_post":"","_relevanssi_hide_content":"","_relevanssi_pin_for_all":"","_relevanssi_pin_keywords":"","_relevanssi_unpin_keywords":"","_relevanssi_related_keywords":"","_relevanssi_related_include_ids":"","_relevanssi_related_exclude_ids":"","_relevanssi_related_no_append":"","_relevanssi_related_not_related":"","_relevanssi_related_posts":"","_relevanssi_noindex_reason":"","footnotes":""},"categories":[1],"tags":[],"wl_entity_type":[706],"class_list":["post-154490","post","type-post","status-publish","format-standard","has-post-thumbnail","hentry","category-uncategorized","wl_entity_type-article"],"acf":[],"yoast_head":"<!-- This site is optimized with the Yoast SEO Premium plugin v27.4 (Yoast SEO v27.4) - https:\/\/yoast.com\/product\/yoast-seo-premium-wordpress\/ -->\n<title>Achensee \u00bb SalzburgerLand.com<\/title>\n<meta name=\"robots\" content=\"index, follow, max-snippet:-1, max-image-preview:large, max-video-preview:-1\" \/>\n<link rel=\"canonical\" href=\"https:\/\/www.salzburgerland.com\/cs\/ticha-noc-mista-achensee\/\" \/>\n<meta property=\"og:locale\" content=\"cs_CZ\" \/>\n<meta property=\"og:type\" content=\"article\" \/>\n<meta property=\"og:title\" content=\"Achensee\" \/>\n<meta property=\"og:description\" content=\"\u201eRainer-Family\u201c v Americe Zp\u011bv\u00e1ci z\u00a0Zillertalu slavili enormn\u00ed \u00fasp\u011bchy a byli p\u0159edobrazem pro vznik hudebn\u00edho kabaretu Minstrel Show. Rainerovi krom\u011b toho\" \/>\n<meta property=\"og:url\" content=\"https:\/\/www.salzburgerland.com\/cs\/ticha-noc-mista-achensee\/\" \/>\n<meta property=\"og:site_name\" content=\"SalzburgerLand.com\" \/>\n<meta property=\"article:publisher\" content=\"https:\/\/www.facebook.com\/visitsalzburgerland\/\" \/>\n<meta property=\"article:published_time\" content=\"2022-11-16T18:39:46+00:00\" \/>\n<meta property=\"article:modified_time\" content=\"2022-11-16T18:41:13+00:00\" \/>\n<meta property=\"og:image\" content=\"https:\/\/www.salzburgerland.com\/cs\/wp-content\/uploads\/2022\/11\/c-stille-nacht-tirol-werbung-gmbh-heimatmuseum-sixenhof-am-achensee-1920x840-jpg-pagespeed-ce_-bfcdfafx5b-1200x675.jpg\" \/>\n\t<meta property=\"og:image:width\" content=\"1200\" \/>\n\t<meta property=\"og:image:height\" content=\"675\" \/>\n\t<meta property=\"og:image:type\" content=\"image\/jpeg\" \/>\n<meta name=\"author\" content=\"Andrea \u017d\u00e1\u010dkov\u00e1\" \/>\n<meta name=\"twitter:card\" content=\"summary_large_image\" \/>\n<meta name=\"twitter:creator\" content=\"@salzburgerland\" \/>\n<meta name=\"twitter:site\" content=\"@salzburgerland\" \/>\n<meta name=\"twitter:label1\" content=\"Napsal(a)\" \/>\n\t<meta name=\"twitter:data1\" content=\"Andrea \u017d\u00e1\u010dkov\u00e1\" \/>\n\t<meta name=\"twitter:label2\" content=\"Odhadovan\u00e1 doba \u010dten\u00ed\" \/>\n\t<meta name=\"twitter:data2\" content=\"3 minuty\" \/>\n<script type=\"application\/ld+json\" class=\"yoast-schema-graph\">{\"@context\":\"https:\\\/\\\/schema.org\",\"@graph\":[{\"@type\":\"Article\",\"@id\":\"https:\\\/\\\/www.salzburgerland.com\\\/cs\\\/ticha-noc-mista-achensee\\\/#article\",\"isPartOf\":{\"@id\":\"https:\\\/\\\/www.salzburgerland.com\\\/cs\\\/ticha-noc-mista-achensee\\\/\"},\"author\":{\"name\":\"Andrea \u017d\u00e1\u010dkov\u00e1\",\"@id\":\"https:\\\/\\\/www.salzburgerland.com\\\/cs\\\/#\\\/schema\\\/person\\\/dd42a4661897004df109095dbf40eeff\"},\"headline\":\"Achensee\",\"datePublished\":\"2022-11-16T18:39:46+00:00\",\"dateModified\":\"2022-11-16T18:41:13+00:00\",\"mainEntityOfPage\":{\"@id\":\"https:\\\/\\\/www.salzburgerland.com\\\/cs\\\/ticha-noc-mista-achensee\\\/\"},\"wordCount\":598,\"image\":{\"@id\":\"https:\\\/\\\/www.salzburgerland.com\\\/cs\\\/ticha-noc-mista-achensee\\\/#primaryimage\"},\"thumbnailUrl\":\"https:\\\/\\\/www.salzburgerland.com\\\/cs\\\/wp-content\\\/uploads\\\/2022\\\/11\\\/c-stille-nacht-tirol-werbung-gmbh-heimatmuseum-sixenhof-am-achensee-1920x840-jpg-pagespeed-ce_-bfcdfafx5b.jpg\",\"articleSection\":[\"Uncategorized\"],\"inLanguage\":\"cs\"},{\"@type\":\"WebPage\",\"@id\":\"https:\\\/\\\/www.salzburgerland.com\\\/cs\\\/ticha-noc-mista-achensee\\\/\",\"url\":\"https:\\\/\\\/www.salzburgerland.com\\\/cs\\\/ticha-noc-mista-achensee\\\/\",\"name\":\"Achensee \u00bb SalzburgerLand.com\",\"isPartOf\":{\"@id\":\"https:\\\/\\\/www.salzburgerland.com\\\/cs\\\/#website\"},\"primaryImageOfPage\":{\"@id\":\"https:\\\/\\\/www.salzburgerland.com\\\/cs\\\/ticha-noc-mista-achensee\\\/#primaryimage\"},\"image\":{\"@id\":\"https:\\\/\\\/www.salzburgerland.com\\\/cs\\\/ticha-noc-mista-achensee\\\/#primaryimage\"},\"thumbnailUrl\":\"https:\\\/\\\/www.salzburgerland.com\\\/cs\\\/wp-content\\\/uploads\\\/2022\\\/11\\\/c-stille-nacht-tirol-werbung-gmbh-heimatmuseum-sixenhof-am-achensee-1920x840-jpg-pagespeed-ce_-bfcdfafx5b.jpg\",\"datePublished\":\"2022-11-16T18:39:46+00:00\",\"dateModified\":\"2022-11-16T18:41:13+00:00\",\"author\":{\"@id\":\"https:\\\/\\\/www.salzburgerland.com\\\/cs\\\/#\\\/schema\\\/person\\\/dd42a4661897004df109095dbf40eeff\"},\"description\":\"Achensee se stalo nov\u00fdm domovem \u00fasp\u011b\u0161n\u00e9ho um\u011blce Ludwiga Rainera po n\u00e1vratu z Ameriky, kde seznamoval publikum s rakouskou hudbou.\",\"breadcrumb\":{\"@id\":\"https:\\\/\\\/www.salzburgerland.com\\\/cs\\\/ticha-noc-mista-achensee\\\/#breadcrumb\"},\"inLanguage\":\"cs\",\"potentialAction\":[{\"@type\":\"ReadAction\",\"target\":[\"https:\\\/\\\/www.salzburgerland.com\\\/cs\\\/ticha-noc-mista-achensee\\\/\"]}]},{\"@type\":\"ImageObject\",\"inLanguage\":\"cs\",\"@id\":\"https:\\\/\\\/www.salzburgerland.com\\\/cs\\\/ticha-noc-mista-achensee\\\/#primaryimage\",\"url\":\"https:\\\/\\\/www.salzburgerland.com\\\/cs\\\/wp-content\\\/uploads\\\/2022\\\/11\\\/c-stille-nacht-tirol-werbung-gmbh-heimatmuseum-sixenhof-am-achensee-1920x840-jpg-pagespeed-ce_-bfcdfafx5b.jpg\",\"contentUrl\":\"https:\\\/\\\/www.salzburgerland.com\\\/cs\\\/wp-content\\\/uploads\\\/2022\\\/11\\\/c-stille-nacht-tirol-werbung-gmbh-heimatmuseum-sixenhof-am-achensee-1920x840-jpg-pagespeed-ce_-bfcdfafx5b.jpg\",\"width\":1920,\"height\":840,\"caption\":\"N\u00e1rodopisn\u00e9 muzeum\u00a0Sixenhof\u00a0 \u00a9 Tirol Werbung GmbH\"},{\"@type\":\"BreadcrumbList\",\"@id\":\"https:\\\/\\\/www.salzburgerland.com\\\/cs\\\/ticha-noc-mista-achensee\\\/#breadcrumb\",\"itemListElement\":[{\"@type\":\"ListItem\",\"position\":1,\"name\":\"Tam kde vznikla Tich\u00e1 noc\",\"item\":\"https:\\\/\\\/www.salzburgerland.com\\\/cs\\\/ticha-noc\\\/\"},{\"@type\":\"ListItem\",\"position\":2,\"name\":\"Achensee\"}]},{\"@type\":\"WebSite\",\"@id\":\"https:\\\/\\\/www.salzburgerland.com\\\/cs\\\/#website\",\"url\":\"https:\\\/\\\/www.salzburgerland.com\\\/cs\\\/\",\"name\":\"SalzburgerLand.com\",\"description\":\"Va\u0161e dovolen\u00e1 v Salcburku, Rakousko\",\"potentialAction\":[{\"@type\":\"SearchAction\",\"target\":{\"@type\":\"EntryPoint\",\"urlTemplate\":\"https:\\\/\\\/www.salzburgerland.com\\\/cs\\\/?s={search_term_string}\"},\"query-input\":{\"@type\":\"PropertyValueSpecification\",\"valueRequired\":true,\"valueName\":\"search_term_string\"}}],\"inLanguage\":\"cs\"},{\"@type\":\"Person\",\"@id\":\"https:\\\/\\\/www.salzburgerland.com\\\/cs\\\/#\\\/schema\\\/person\\\/dd42a4661897004df109095dbf40eeff\",\"name\":\"Andrea \u017d\u00e1\u010dkov\u00e1\",\"image\":{\"@type\":\"ImageObject\",\"inLanguage\":\"cs\",\"@id\":\"https:\\\/\\\/secure.gravatar.com\\\/avatar\\\/338deec8d231d56d0ab7b2b7d6d0aedbcb3eb05390f6c027fd5b7ebe87b67dbf?s=96&d=mm&r=g\",\"url\":\"https:\\\/\\\/secure.gravatar.com\\\/avatar\\\/338deec8d231d56d0ab7b2b7d6d0aedbcb3eb05390f6c027fd5b7ebe87b67dbf?s=96&d=mm&r=g\",\"contentUrl\":\"https:\\\/\\\/secure.gravatar.com\\\/avatar\\\/338deec8d231d56d0ab7b2b7d6d0aedbcb3eb05390f6c027fd5b7ebe87b67dbf?s=96&d=mm&r=g\",\"caption\":\"Andrea \u017d\u00e1\u010dkov\u00e1\"}}]}<\/script>\n<!-- \/ Yoast SEO Premium plugin. -->","yoast_head_json":{"title":"Achensee \u00bb SalzburgerLand.com","robots":{"index":"index","follow":"follow","max-snippet":"max-snippet:-1","max-image-preview":"max-image-preview:large","max-video-preview":"max-video-preview:-1"},"canonical":"https:\/\/www.salzburgerland.com\/cs\/ticha-noc-mista-achensee\/","og_locale":"cs_CZ","og_type":"article","og_title":"Achensee","og_description":"\u201eRainer-Family\u201c v Americe Zp\u011bv\u00e1ci z\u00a0Zillertalu slavili enormn\u00ed \u00fasp\u011bchy a byli p\u0159edobrazem pro vznik hudebn\u00edho kabaretu Minstrel Show. Rainerovi krom\u011b toho","og_url":"https:\/\/www.salzburgerland.com\/cs\/ticha-noc-mista-achensee\/","og_site_name":"SalzburgerLand.com","article_publisher":"https:\/\/www.facebook.com\/visitsalzburgerland\/","article_published_time":"2022-11-16T18:39:46+00:00","article_modified_time":"2022-11-16T18:41:13+00:00","og_image":[{"width":1200,"height":675,"url":"https:\/\/www.salzburgerland.com\/cs\/wp-content\/uploads\/2022\/11\/c-stille-nacht-tirol-werbung-gmbh-heimatmuseum-sixenhof-am-achensee-1920x840-jpg-pagespeed-ce_-bfcdfafx5b-1200x675.jpg","type":"image\/jpeg"}],"author":"Andrea \u017d\u00e1\u010dkov\u00e1","twitter_card":"summary_large_image","twitter_creator":"@salzburgerland","twitter_site":"@salzburgerland","twitter_misc":{"Napsal(a)":"Andrea \u017d\u00e1\u010dkov\u00e1","Odhadovan\u00e1 doba \u010dten\u00ed":"3 minuty"},"schema":{"@context":"https:\/\/schema.org","@graph":[{"@type":"Article","@id":"https:\/\/www.salzburgerland.com\/cs\/ticha-noc-mista-achensee\/#article","isPartOf":{"@id":"https:\/\/www.salzburgerland.com\/cs\/ticha-noc-mista-achensee\/"},"author":{"name":"Andrea \u017d\u00e1\u010dkov\u00e1","@id":"https:\/\/www.salzburgerland.com\/cs\/#\/schema\/person\/dd42a4661897004df109095dbf40eeff"},"headline":"Achensee","datePublished":"2022-11-16T18:39:46+00:00","dateModified":"2022-11-16T18:41:13+00:00","mainEntityOfPage":{"@id":"https:\/\/www.salzburgerland.com\/cs\/ticha-noc-mista-achensee\/"},"wordCount":598,"image":{"@id":"https:\/\/www.salzburgerland.com\/cs\/ticha-noc-mista-achensee\/#primaryimage"},"thumbnailUrl":"https:\/\/www.salzburgerland.com\/cs\/wp-content\/uploads\/2022\/11\/c-stille-nacht-tirol-werbung-gmbh-heimatmuseum-sixenhof-am-achensee-1920x840-jpg-pagespeed-ce_-bfcdfafx5b.jpg","articleSection":["Uncategorized"],"inLanguage":"cs"},{"@type":"WebPage","@id":"https:\/\/www.salzburgerland.com\/cs\/ticha-noc-mista-achensee\/","url":"https:\/\/www.salzburgerland.com\/cs\/ticha-noc-mista-achensee\/","name":"Achensee \u00bb SalzburgerLand.com","isPartOf":{"@id":"https:\/\/www.salzburgerland.com\/cs\/#website"},"primaryImageOfPage":{"@id":"https:\/\/www.salzburgerland.com\/cs\/ticha-noc-mista-achensee\/#primaryimage"},"image":{"@id":"https:\/\/www.salzburgerland.com\/cs\/ticha-noc-mista-achensee\/#primaryimage"},"thumbnailUrl":"https:\/\/www.salzburgerland.com\/cs\/wp-content\/uploads\/2022\/11\/c-stille-nacht-tirol-werbung-gmbh-heimatmuseum-sixenhof-am-achensee-1920x840-jpg-pagespeed-ce_-bfcdfafx5b.jpg","datePublished":"2022-11-16T18:39:46+00:00","dateModified":"2022-11-16T18:41:13+00:00","author":{"@id":"https:\/\/www.salzburgerland.com\/cs\/#\/schema\/person\/dd42a4661897004df109095dbf40eeff"},"description":"Achensee se stalo nov\u00fdm domovem \u00fasp\u011b\u0161n\u00e9ho um\u011blce Ludwiga Rainera po n\u00e1vratu z Ameriky, kde seznamoval publikum s rakouskou hudbou.","breadcrumb":{"@id":"https:\/\/www.salzburgerland.com\/cs\/ticha-noc-mista-achensee\/#breadcrumb"},"inLanguage":"cs","potentialAction":[{"@type":"ReadAction","target":["https:\/\/www.salzburgerland.com\/cs\/ticha-noc-mista-achensee\/"]}]},{"@type":"ImageObject","inLanguage":"cs","@id":"https:\/\/www.salzburgerland.com\/cs\/ticha-noc-mista-achensee\/#primaryimage","url":"https:\/\/www.salzburgerland.com\/cs\/wp-content\/uploads\/2022\/11\/c-stille-nacht-tirol-werbung-gmbh-heimatmuseum-sixenhof-am-achensee-1920x840-jpg-pagespeed-ce_-bfcdfafx5b.jpg","contentUrl":"https:\/\/www.salzburgerland.com\/cs\/wp-content\/uploads\/2022\/11\/c-stille-nacht-tirol-werbung-gmbh-heimatmuseum-sixenhof-am-achensee-1920x840-jpg-pagespeed-ce_-bfcdfafx5b.jpg","width":1920,"height":840,"caption":"N\u00e1rodopisn\u00e9 muzeum\u00a0Sixenhof\u00a0 \u00a9 Tirol Werbung GmbH"},{"@type":"BreadcrumbList","@id":"https:\/\/www.salzburgerland.com\/cs\/ticha-noc-mista-achensee\/#breadcrumb","itemListElement":[{"@type":"ListItem","position":1,"name":"Tam kde vznikla Tich\u00e1 noc","item":"https:\/\/www.salzburgerland.com\/cs\/ticha-noc\/"},{"@type":"ListItem","position":2,"name":"Achensee"}]},{"@type":"WebSite","@id":"https:\/\/www.salzburgerland.com\/cs\/#website","url":"https:\/\/www.salzburgerland.com\/cs\/","name":"SalzburgerLand.com","description":"Va\u0161e dovolen\u00e1 v Salcburku, Rakousko","potentialAction":[{"@type":"SearchAction","target":{"@type":"EntryPoint","urlTemplate":"https:\/\/www.salzburgerland.com\/cs\/?s={search_term_string}"},"query-input":{"@type":"PropertyValueSpecification","valueRequired":true,"valueName":"search_term_string"}}],"inLanguage":"cs"},{"@type":"Person","@id":"https:\/\/www.salzburgerland.com\/cs\/#\/schema\/person\/dd42a4661897004df109095dbf40eeff","name":"Andrea \u017d\u00e1\u010dkov\u00e1","image":{"@type":"ImageObject","inLanguage":"cs","@id":"https:\/\/secure.gravatar.com\/avatar\/338deec8d231d56d0ab7b2b7d6d0aedbcb3eb05390f6c027fd5b7ebe87b67dbf?s=96&d=mm&r=g","url":"https:\/\/secure.gravatar.com\/avatar\/338deec8d231d56d0ab7b2b7d6d0aedbcb3eb05390f6c027fd5b7ebe87b67dbf?s=96&d=mm&r=g","contentUrl":"https:\/\/secure.gravatar.com\/avatar\/338deec8d231d56d0ab7b2b7d6d0aedbcb3eb05390f6c027fd5b7ebe87b67dbf?s=96&d=mm&r=g","caption":"Andrea \u017d\u00e1\u010dkov\u00e1"}}]}},"_wl_alt_label":[],"wl:entity_url":"http:\/\/open.salzburgerland.com\/cs\/post\/ticha-noc-mista-achense-154490","_links":{"self":[{"href":"https:\/\/www.salzburgerland.com\/cs\/wp-json\/wp\/v2\/posts\/154490","targetHints":{"allow":["GET"]}}],"collection":[{"href":"https:\/\/www.salzburgerland.com\/cs\/wp-json\/wp\/v2\/posts"}],"about":[{"href":"https:\/\/www.salzburgerland.com\/cs\/wp-json\/wp\/v2\/types\/post"}],"author":[{"embeddable":true,"href":"https:\/\/www.salzburgerland.com\/cs\/wp-json\/wp\/v2\/users\/6"}],"replies":[{"embeddable":true,"href":"https:\/\/www.salzburgerland.com\/cs\/wp-json\/wp\/v2\/comments?post=154490"}],"version-history":[{"count":4,"href":"https:\/\/www.salzburgerland.com\/cs\/wp-json\/wp\/v2\/posts\/154490\/revisions"}],"predecessor-version":[{"id":154496,"href":"https:\/\/www.salzburgerland.com\/cs\/wp-json\/wp\/v2\/posts\/154490\/revisions\/154496"}],"wp:featuredmedia":[{"embeddable":true,"href":"https:\/\/www.salzburgerland.com\/cs\/wp-json\/wp\/v2\/media\/154491"}],"wp:attachment":[{"href":"https:\/\/www.salzburgerland.com\/cs\/wp-json\/wp\/v2\/media?parent=154490"}],"wp:term":[{"taxonomy":"category","embeddable":true,"href":"https:\/\/www.salzburgerland.com\/cs\/wp-json\/wp\/v2\/categories?post=154490"},{"taxonomy":"post_tag","embeddable":true,"href":"https:\/\/www.salzburgerland.com\/cs\/wp-json\/wp\/v2\/tags?post=154490"},{"taxonomy":"wl_entity_type","embeddable":true,"href":"https:\/\/www.salzburgerland.com\/cs\/wp-json\/wp\/v2\/wl_entity_type?post=154490"}],"curies":[{"name":"wp","href":"https:\/\/api.w.org\/{rel}","templated":true}]}}