{"id":154477,"date":"2022-11-16T16:17:37","date_gmt":"2022-11-16T15:17:37","guid":{"rendered":"https:\/\/www.salzburgerland.com\/cs\/?p=154477"},"modified":"2022-11-16T16:18:27","modified_gmt":"2022-11-16T15:18:27","slug":"ticha-noc-mista-steyr","status":"publish","type":"post","link":"https:\/\/www.salzburgerland.com\/cs\/ticha-noc-mista-steyr\/","title":{"rendered":"Steyr"},"content":{"rendered":"<p>V\u00a0\u010dervnu 2016 se objevila v\u00a0jednom v\u00edde\u0148sk\u00e9m antikvari\u00e1tu dosud nezn\u00e1m\u00e1 bro\u017eura s\u00a0n\u00e1zvem: \u201e\u010cty\u0159i hezk\u00e9 nov\u00e9 v\u00e1no\u010dn\u00ed p\u00edsn\u011b\u201c. Na tituln\u00ed stran\u011b je uvedena na \u010dtvrt\u00e9m m\u00edst\u011b p\u00edse\u0148 \u201eStille Nacht! Heilige Nacht!\u201c a \u201eSteyr, vyti\u0161t\u011bno u Josepha Greise\u201c. T\u00edm bylo dok\u00e1z\u00e1no, \u017ee se\u0161it poch\u00e1z\u00ed od saze\u010de Josepha Greise, kter\u00fd provozoval obchod s\u00a0knihami na adrese Gr\u00fcnmarkt 7 ve Steyru.<\/p>\n<p>Bro\u017euru vydal Joseph Greis v\u00a0obdob\u00ed mezi lety 1827 a 1832, p\u0159esn\u00e9 datum je nezn\u00e1m\u00e9. Proto\u017ee Greis nebyl jen tiska\u0159, ale tak\u00e9 obchodn\u00edk s\u00a0knihami, bylo u n\u011bho mo\u017en\u00e9 sb\u00edrku p\u00edsn\u00ed koupit. Ti\u0161t\u011bn\u00fd text p\u00edsn\u011b obsahuje v\u0161ech \u0161est slok, i kdy\u017e s\u00a0n\u011bkolika nesrovnalostmi. Joseph Greis m\u011bl k\u00a0dispozici pravd\u011bpodobn\u011b \u0161patn\u011b \u010ditelnou p\u0159edlohu nebo nastala chyba p\u0159i tisku. Jak k\u00a0p\u00edsni p\u0159i\u0161el, nen\u00ed zn\u00e1mo. Je t\u00edm ale dolo\u017eeno, \u017ee p\u00edse\u0148 byla poprv\u00e9 vyti\u0161t\u011bna, rozmno\u017eena a prod\u00e1v\u00e1na ve Steyru. Pravd\u011bpodobn\u011b se jedn\u00e1 o nejstar\u0161\u00ed ti\u0161t\u011bnou verzi zn\u00e1m\u00e9 v\u00e1no\u010dn\u00ed p\u00edsn\u011b.<\/p>\n<h2>V\u00e1no\u010dn\u00ed region<\/h2>\n<p>Hornorakousk\u00fd Steyr je \u010dasto naz\u00fdv\u00e1n jako \u201eJe\u017e\u00ed\u0161kovo m\u011bsto\u201c nebo tak\u00e9 \u201eV\u00e1no\u010dn\u00ed region\u201c. Jedn\u00e1 se o oblast zn\u00e1mou d\u00edky unik\u00e1tn\u00edm betl\u00e9m\u016fm, poutn\u00ed cest\u011b nebo V\u00e1no\u010dn\u00edmu po\u0161tovn\u00edmu \u00fa\u0159adu. Jednou z\u00a0nejv\u011bt\u0161\u00edch rarit je Steyrsk\u00fd betl\u00e9m. Nejde vlastn\u011b o betl\u00e9m v\u00a0tradi\u010dn\u00edm slova smyslu, ale o loutkov\u00e9 divadlo. Div\u00e1ci mohou fascinovan\u011b sledovat d\u011bn\u00ed, kter\u00e9 se odehr\u00e1v\u00e1 ve dvou rovin\u00e1ch. Na spodn\u00edm jevi\u0161ti jsou vyobrazov\u00e1ny c\u00edrkevn\u00ed v\u00fdjevy, zat\u00edmco horn\u00ed \u010d\u00e1st p\u0159edstavuje m\u011b\u0161\u0165ansk\u00fd Steyr, kde b\u00fdv\u00e1 prostor pro mnoho vtipn\u00fdch sc\u00e9nek. Lichtlausblaser a B\u00e4ckernatzl jsou dv\u011b obzvl\u00e1\u0161t\u011b obl\u00edben\u00e9 postavy. Na konci 19. stolet\u00ed se hr\u00e1lo pravideln\u011b v\u00a0hostinc\u00edch, dnes mohou p\u0159edstaven\u00ed Steyrsk\u00e9ho betl\u00e9mu z\u00e1jemci nav\u0161t\u00edvit v\u00a0r\u016fzn\u00fdch term\u00ednech v\u00a0obdob\u00ed adventu a p\u0159i dal\u0161\u00edch v\u00fdjime\u010dn\u00fdch p\u0159\u00edle\u017eitostech v\u00a0renesan\u010dn\u00ed budov\u011b Innerberger Stadl (St\u00e4dtisches Museum, Gr\u00fcnmarkt 26).<\/p>\n<h2>Star\u00e9 obchodn\u00ed m\u011bsto na \u0159ece Enns<\/h2>\n<p>Ve Steyru je toho k\u00a0vid\u011bn\u00ed opravdu po\u017eehnan\u011b. Hlavn\u00ed v\u00fdchoz\u00ed bod je velk\u00e9 n\u00e1m\u011bst\u00ed, na kter\u00e9m se nach\u00e1z\u00ed t\u011bsn\u011b vedle sebe mnoho kr\u00e1sn\u00fdch historick\u00fdch budov. Symbolem Steyru je pozdn\u011b gotick\u00fd Bummerlhaus (Stadtplatz 32). Dal\u0161\u00edm architektonick\u00fdm mistrovsk\u00fdm d\u00edlem je Schmollgruberhaus, kde je mo\u017en\u00e9 nahl\u00e9dnout do strojk\u016f star\u00fdch hodin. V\u00a0obdob\u00ed V\u00e1noc se tady nach\u00e1z\u00ed spousta betl\u00e9m\u016f. Nep\u0159ehl\u00e9dnuteln\u00fd je i strom na n\u00e1m\u011bst\u00ed nebo kovan\u00fd betl\u00e9m na radnici, typick\u00fd pro tento region (Stadtplatz 27). Nejlep\u0161\u00ed je, potulovat se jen tak uli\u010dkami, proj\u00edt si Star\u00fdm m\u011bstem nau\u010dnou stezku v\u011bnovanou betl\u00e9m\u016fm nebo se pod\u00edvat k\u00a0domu v\u00a0ulici Fabrikstra\u00dfe 10. D\u0159\u00edve se nejmenoval \u201eBar Madame\u201c, ale \u201eWirtshaus zum Goldenen Fa\u00dfl\u201c a narodil se zde prad\u011bde\u010dek Josepha Mohra.<\/p>\n<h2>Po stop\u00e1ch p\u00edsn\u011b \u201eStille Nacht! Heilige Nacht!\u201c ve Steyru:<\/h2>\n<ul>\n<li><strong>Rakousk\u00e9 muzeum V\u00e1noc ve Steyru:<span>\u00a0<\/span><\/strong>k vid\u011bn\u00ed zde je replika prvn\u00edho tisku p\u00edsn\u011b \u201eStille Nacht! Heilige Nacht!\u201c Prohl\u00eddky muzea jsou mo\u017en\u00e9 po cel\u00fd rok po p\u0159edchoz\u00ed domluv\u011b v\u00a0turistick\u00e9m spolku Tourismusverband Steyr. K\u00a0nejv\u011bt\u0161\u00edm atrakc\u00edm pat\u0159\u00ed rozs\u00e1hl\u00e1 sb\u00edrka historick\u00fdch v\u00e1no\u010dn\u00edch ozdob z\u00a0let 1830 a\u017e 1930, 200 historick\u00fdch panenek nebo j\u00edzda vl\u00e1\u010dkem. Okouzluj\u00edc\u00ed d\u00edlo techniky vede po kolej\u00edch t\u0159emi patry a\u017e do and\u011blsk\u00e9 d\u00edlny pod st\u0159echou budovy. Ka\u017edou sobotu a ned\u011bli nav\u0161t\u011bvuje muzeum V\u00e1noc \u201eSteyrsk\u00e9 Jezul\u00e1tko\u201c.<\/li>\n<li>Kdo se chce vydat ze Steyru na del\u0161\u00ed t\u00faru do okol\u00ed, jako jsou zn\u00e1m\u00e9 obce Christkindl \u010di Garsten, m\u016f\u017ee vyu\u017e\u00edt zna\u010denou poutn\u00ed cestu. T\u00e9m\u011b\u0159 dev\u011bt kilometr\u016f dlouh\u00e1 trasa vede jen po asfaltov\u00fdch cest\u00e1ch. Vrcholy jsou poutn\u00ed kostel Christkindl a kl\u00e1\u0161ter Garsten. Okruh je mo\u017en\u00e9 proj\u00edt tak\u00e9 jako t\u00faru s\u00a0pr\u016fvodcem a se dv\u011bma bohoslu\u017ebami (d\u00e9lka cca 4,5 hod.).<\/li>\n<li>N\u00e1v\u0161t\u011bva<span>\u00a0<\/span><strong>barokn\u00edho Poutn\u00edho kostela Christkindl<\/strong>\u00a0ve stejnojmenn\u00e9m, sv\u011btozn\u00e1m\u00e9m poutn\u00edm m\u00edst\u011b ve Steyru. Nach\u00e1z\u00ed se zde deset centimetr\u016f velk\u00e1 so\u0161ka Jezul\u00e1tka, vytvo\u0159en\u00e1 z\u00a0vosku. V\u00a0ruk\u00e1ch dr\u017e\u00ed k\u0159\u00ed\u017e a trnovou korunu. U fary jsou tak\u00e9 vystaveny dva zaj\u00edmav\u00e9 betl\u00e9my. Mechanick\u00fd, s\u00a0300 pohybliv\u00fdmi postavami, kter\u00fd je d\u00edlem \u010desk\u00e9ho rod\u00e1ka a P\u00f6ttmessersk\u00fd betl\u00e9m s\u00a0v\u00edce ne\u017e 700 postavami na plo\u0161e 54 metr\u016f \u010dtvere\u010dn\u00edch. Jedn\u00e1 se o jeden z\u00a0nejv\u011bt\u0161\u00edch betl\u00e9m\u016f na sv\u011bt\u011b.<\/li>\n<li>Ji\u017e od roku 1950 otev\u00edr\u00e1 v\u00a0Christkindlu v\u017edy v obdob\u00ed adventu sv\u00e9 br\u00e1ny V\u00e1no\u010dn\u00ed po\u0161tovn\u00ed \u00fa\u0159ad\u00a0<strong>\u201ePostamt Christkindl\u201c<\/strong>. Ka\u017ed\u00fd rok je odsud rozesl\u00e1no okolo dvou milion\u016f dopis\u016f do cel\u00e9ho sv\u011bta. Ka\u017ed\u00fd pohled a ka\u017ed\u00fd dopis je ozna\u010den unik\u00e1tn\u00edm raz\u00edtkem \u201e\u00dcber Christkindl\u201c.<\/li>\n<li>B\u011bhem adventu se ve<span>\u00a0<\/span><strong>V\u00e1no\u010dn\u00edm regionu<\/strong><span>\u00a0<\/span>kon\u00e1 mnoho trh\u016f jako nap\u0159\u00edklad ve Star\u00e9m m\u011bst\u011b ve \u0160t\u00fdru, na promen\u00e1d\u011b, v\u00a0Garstenu, na z\u00e1mku Lamberg nebo ve Steinbachu an der Steyr. Tam je mo\u017en\u00e9 dojet opravdu s\u00a0nostalgi\u00ed. A to nejstar\u0161\u00ed \u00fazkokolejkou (760 mm) v\u00a0Rakousku, takzvanou<span>\u00a0<\/span><strong>Steyrtal Museumsbahn<\/strong>: j\u00edzda do vesni\u010dky Steinbach an der Steyr, inspirovan\u00e9 adventn\u00edm kalend\u00e1\u0159em trv\u00e1 p\u0159ibli\u017en\u011b hodinu. Od 01. do 24. prosince se zde toti\u017e ka\u017ed\u00fd den otev\u00edraj\u00ed ok\u00e9nka jako na adventn\u00edm kalend\u00e1\u0159i na sedmi domech na n\u00e1m\u011bst\u00ed.<\/li>\n<\/ul>\n<p>V\u0161echny aktu\u00e1ln\u00ed<span>\u00a0<\/span><strong>akce<\/strong><span>\u00a0<\/span>ve \u0160t\u00fdru najdete<span>\u00a0<\/span><u><\/u><strong><u>zde<\/u><\/strong><\/p>\n","protected":false},"excerpt":{"rendered":"<p>V\u00a0\u010dervnu 2016 se objevila v\u00a0jednom v\u00edde\u0148sk\u00e9m antikvari\u00e1tu dosud nezn\u00e1m\u00e1 bro\u017eura s\u00a0n\u00e1zvem: \u201e\u010cty\u0159i hezk\u00e9 nov\u00e9 v\u00e1no\u010dn\u00ed p\u00edsn\u011b\u201c. Na tituln\u00ed stran\u011b je uvedena na \u010dtvrt\u00e9m m\u00edst\u011b p\u00edse\u0148 \u201eStille Nacht! Heilige Nacht!\u201c a \u201eSteyr, vyti\u0161t\u011bno u Josepha Greise\u201c. T\u00edm bylo dok\u00e1z\u00e1no, \u017ee se\u0161it poch\u00e1z\u00ed od saze\u010de Josepha Greise, kter\u00fd provozoval obchod s\u00a0knihami na adrese Gr\u00fcnmarkt 7 ve Steyru. [&hellip;]<\/p>\n","protected":false},"author":6,"featured_media":154478,"comment_status":"closed","ping_status":"closed","sticky":false,"template":"","format":"standard","meta":{"_acf_changed":false,"wl_entities_gutenberg":"","_relevanssi_hide_post":"","_relevanssi_hide_content":"","_relevanssi_pin_for_all":"","_relevanssi_pin_keywords":"","_relevanssi_unpin_keywords":"","_relevanssi_related_keywords":"","_relevanssi_related_include_ids":"","_relevanssi_related_exclude_ids":"","_relevanssi_related_no_append":"","_relevanssi_related_not_related":"","_relevanssi_related_posts":"","_relevanssi_noindex_reason":"","footnotes":""},"categories":[1],"tags":[],"wl_entity_type":[706],"class_list":["post-154477","post","type-post","status-publish","format-standard","has-post-thumbnail","hentry","category-uncategorized","wl_entity_type-article"],"acf":[],"yoast_head":"<!-- This site is optimized with the Yoast SEO Premium plugin v27.4 (Yoast SEO v27.4) - https:\/\/yoast.com\/product\/yoast-seo-premium-wordpress\/ -->\n<title>Steyr \u00bb SalzburgerLand.com<\/title>\n<meta name=\"robots\" content=\"index, follow, max-snippet:-1, max-image-preview:large, max-video-preview:-1\" \/>\n<link rel=\"canonical\" href=\"https:\/\/www.salzburgerland.com\/cs\/ticha-noc-mista-steyr\/\" \/>\n<meta property=\"og:locale\" content=\"cs_CZ\" \/>\n<meta property=\"og:type\" content=\"article\" \/>\n<meta property=\"og:title\" content=\"Steyr\" \/>\n<meta property=\"og:description\" content=\"V\u00a0\u010dervnu 2016 se objevila v\u00a0jednom v\u00edde\u0148sk\u00e9m antikvari\u00e1tu dosud nezn\u00e1m\u00e1 bro\u017eura s\u00a0n\u00e1zvem: \u201e\u010cty\u0159i hezk\u00e9 nov\u00e9 v\u00e1no\u010dn\u00ed p\u00edsn\u011b\u201c. Na tituln\u00ed stran\u011b je uvedena\" \/>\n<meta property=\"og:url\" content=\"https:\/\/www.salzburgerland.com\/cs\/ticha-noc-mista-steyr\/\" \/>\n<meta property=\"og:site_name\" content=\"SalzburgerLand.com\" \/>\n<meta property=\"article:publisher\" content=\"https:\/\/www.facebook.com\/visitsalzburgerland\/\" \/>\n<meta property=\"article:published_time\" content=\"2022-11-16T15:17:37+00:00\" \/>\n<meta property=\"article:modified_time\" content=\"2022-11-16T15:18:27+00:00\" \/>\n<meta property=\"og:image\" content=\"https:\/\/www.salzburgerland.com\/cs\/wp-content\/uploads\/2022\/11\/headersteyr_fotooberosterreichtourismusgmbhandreasrobl-1920x840-1-1200x675.jpg\" \/>\n\t<meta property=\"og:image:width\" content=\"1200\" \/>\n\t<meta property=\"og:image:height\" content=\"675\" \/>\n\t<meta property=\"og:image:type\" content=\"image\/jpeg\" \/>\n<meta name=\"author\" content=\"Andrea \u017d\u00e1\u010dkov\u00e1\" \/>\n<meta name=\"twitter:card\" content=\"summary_large_image\" \/>\n<meta name=\"twitter:creator\" content=\"@salzburgerland\" \/>\n<meta name=\"twitter:site\" content=\"@salzburgerland\" \/>\n<meta name=\"twitter:label1\" content=\"Napsal(a)\" \/>\n\t<meta name=\"twitter:data1\" content=\"Andrea \u017d\u00e1\u010dkov\u00e1\" \/>\n\t<meta name=\"twitter:label2\" content=\"Odhadovan\u00e1 doba \u010dten\u00ed\" \/>\n\t<meta name=\"twitter:data2\" content=\"4 minuty\" \/>\n<script type=\"application\/ld+json\" class=\"yoast-schema-graph\">{\"@context\":\"https:\\\/\\\/schema.org\",\"@graph\":[{\"@type\":\"Article\",\"@id\":\"https:\\\/\\\/www.salzburgerland.com\\\/cs\\\/ticha-noc-mista-steyr\\\/#article\",\"isPartOf\":{\"@id\":\"https:\\\/\\\/www.salzburgerland.com\\\/cs\\\/ticha-noc-mista-steyr\\\/\"},\"author\":{\"name\":\"Andrea \u017d\u00e1\u010dkov\u00e1\",\"@id\":\"https:\\\/\\\/www.salzburgerland.com\\\/cs\\\/#\\\/schema\\\/person\\\/dd42a4661897004df109095dbf40eeff\"},\"headline\":\"Steyr\",\"datePublished\":\"2022-11-16T15:17:37+00:00\",\"dateModified\":\"2022-11-16T15:18:27+00:00\",\"mainEntityOfPage\":{\"@id\":\"https:\\\/\\\/www.salzburgerland.com\\\/cs\\\/ticha-noc-mista-steyr\\\/\"},\"wordCount\":1003,\"image\":{\"@id\":\"https:\\\/\\\/www.salzburgerland.com\\\/cs\\\/ticha-noc-mista-steyr\\\/#primaryimage\"},\"thumbnailUrl\":\"https:\\\/\\\/www.salzburgerland.com\\\/cs\\\/wp-content\\\/uploads\\\/2022\\\/11\\\/headersteyr_fotooberosterreichtourismusgmbhandreasrobl-1920x840-1.jpg\",\"articleSection\":[\"Uncategorized\"],\"inLanguage\":\"cs\"},{\"@type\":\"WebPage\",\"@id\":\"https:\\\/\\\/www.salzburgerland.com\\\/cs\\\/ticha-noc-mista-steyr\\\/\",\"url\":\"https:\\\/\\\/www.salzburgerland.com\\\/cs\\\/ticha-noc-mista-steyr\\\/\",\"name\":\"Steyr \u00bb SalzburgerLand.com\",\"isPartOf\":{\"@id\":\"https:\\\/\\\/www.salzburgerland.com\\\/cs\\\/#website\"},\"primaryImageOfPage\":{\"@id\":\"https:\\\/\\\/www.salzburgerland.com\\\/cs\\\/ticha-noc-mista-steyr\\\/#primaryimage\"},\"image\":{\"@id\":\"https:\\\/\\\/www.salzburgerland.com\\\/cs\\\/ticha-noc-mista-steyr\\\/#primaryimage\"},\"thumbnailUrl\":\"https:\\\/\\\/www.salzburgerland.com\\\/cs\\\/wp-content\\\/uploads\\\/2022\\\/11\\\/headersteyr_fotooberosterreichtourismusgmbhandreasrobl-1920x840-1.jpg\",\"datePublished\":\"2022-11-16T15:17:37+00:00\",\"dateModified\":\"2022-11-16T15:18:27+00:00\",\"author\":{\"@id\":\"https:\\\/\\\/www.salzburgerland.com\\\/cs\\\/#\\\/schema\\\/person\\\/dd42a4661897004df109095dbf40eeff\"},\"description\":\"M\u011bsto Steyr je spojov\u00e1no s p\u00edsn\u00ed Tich\u00e1 noc, svat\u00e1 noc, teprve kr\u00e1tce, zato v\u0161ak velice zaj\u00edmav\u011b.\",\"breadcrumb\":{\"@id\":\"https:\\\/\\\/www.salzburgerland.com\\\/cs\\\/ticha-noc-mista-steyr\\\/#breadcrumb\"},\"inLanguage\":\"cs\",\"potentialAction\":[{\"@type\":\"ReadAction\",\"target\":[\"https:\\\/\\\/www.salzburgerland.com\\\/cs\\\/ticha-noc-mista-steyr\\\/\"]}]},{\"@type\":\"ImageObject\",\"inLanguage\":\"cs\",\"@id\":\"https:\\\/\\\/www.salzburgerland.com\\\/cs\\\/ticha-noc-mista-steyr\\\/#primaryimage\",\"url\":\"https:\\\/\\\/www.salzburgerland.com\\\/cs\\\/wp-content\\\/uploads\\\/2022\\\/11\\\/headersteyr_fotooberosterreichtourismusgmbhandreasrobl-1920x840-1.jpg\",\"contentUrl\":\"https:\\\/\\\/www.salzburgerland.com\\\/cs\\\/wp-content\\\/uploads\\\/2022\\\/11\\\/headersteyr_fotooberosterreichtourismusgmbhandreasrobl-1920x840-1.jpg\",\"width\":1920,\"height\":840,\"caption\":\"M\u011bsto Steyr v zimn\u00edch kulis\u00e1ch \u00a9 Ober\u00f6sterreich Tourismus GmbH\"},{\"@type\":\"BreadcrumbList\",\"@id\":\"https:\\\/\\\/www.salzburgerland.com\\\/cs\\\/ticha-noc-mista-steyr\\\/#breadcrumb\",\"itemListElement\":[{\"@type\":\"ListItem\",\"position\":1,\"name\":\"Tam kde vznikla Tich\u00e1 noc\",\"item\":\"https:\\\/\\\/www.salzburgerland.com\\\/cs\\\/ticha-noc\\\/\"},{\"@type\":\"ListItem\",\"position\":2,\"name\":\"Steyr\"}]},{\"@type\":\"WebSite\",\"@id\":\"https:\\\/\\\/www.salzburgerland.com\\\/cs\\\/#website\",\"url\":\"https:\\\/\\\/www.salzburgerland.com\\\/cs\\\/\",\"name\":\"SalzburgerLand.com\",\"description\":\"Va\u0161e dovolen\u00e1 v Salcburku, Rakousko\",\"potentialAction\":[{\"@type\":\"SearchAction\",\"target\":{\"@type\":\"EntryPoint\",\"urlTemplate\":\"https:\\\/\\\/www.salzburgerland.com\\\/cs\\\/?s={search_term_string}\"},\"query-input\":{\"@type\":\"PropertyValueSpecification\",\"valueRequired\":true,\"valueName\":\"search_term_string\"}}],\"inLanguage\":\"cs\"},{\"@type\":\"Person\",\"@id\":\"https:\\\/\\\/www.salzburgerland.com\\\/cs\\\/#\\\/schema\\\/person\\\/dd42a4661897004df109095dbf40eeff\",\"name\":\"Andrea \u017d\u00e1\u010dkov\u00e1\",\"image\":{\"@type\":\"ImageObject\",\"inLanguage\":\"cs\",\"@id\":\"https:\\\/\\\/secure.gravatar.com\\\/avatar\\\/338deec8d231d56d0ab7b2b7d6d0aedbcb3eb05390f6c027fd5b7ebe87b67dbf?s=96&d=mm&r=g\",\"url\":\"https:\\\/\\\/secure.gravatar.com\\\/avatar\\\/338deec8d231d56d0ab7b2b7d6d0aedbcb3eb05390f6c027fd5b7ebe87b67dbf?s=96&d=mm&r=g\",\"contentUrl\":\"https:\\\/\\\/secure.gravatar.com\\\/avatar\\\/338deec8d231d56d0ab7b2b7d6d0aedbcb3eb05390f6c027fd5b7ebe87b67dbf?s=96&d=mm&r=g\",\"caption\":\"Andrea \u017d\u00e1\u010dkov\u00e1\"}}]}<\/script>\n<!-- \/ Yoast SEO Premium plugin. -->","yoast_head_json":{"title":"Steyr \u00bb SalzburgerLand.com","robots":{"index":"index","follow":"follow","max-snippet":"max-snippet:-1","max-image-preview":"max-image-preview:large","max-video-preview":"max-video-preview:-1"},"canonical":"https:\/\/www.salzburgerland.com\/cs\/ticha-noc-mista-steyr\/","og_locale":"cs_CZ","og_type":"article","og_title":"Steyr","og_description":"V\u00a0\u010dervnu 2016 se objevila v\u00a0jednom v\u00edde\u0148sk\u00e9m antikvari\u00e1tu dosud nezn\u00e1m\u00e1 bro\u017eura s\u00a0n\u00e1zvem: \u201e\u010cty\u0159i hezk\u00e9 nov\u00e9 v\u00e1no\u010dn\u00ed p\u00edsn\u011b\u201c. Na tituln\u00ed stran\u011b je uvedena","og_url":"https:\/\/www.salzburgerland.com\/cs\/ticha-noc-mista-steyr\/","og_site_name":"SalzburgerLand.com","article_publisher":"https:\/\/www.facebook.com\/visitsalzburgerland\/","article_published_time":"2022-11-16T15:17:37+00:00","article_modified_time":"2022-11-16T15:18:27+00:00","og_image":[{"width":1200,"height":675,"url":"https:\/\/www.salzburgerland.com\/cs\/wp-content\/uploads\/2022\/11\/headersteyr_fotooberosterreichtourismusgmbhandreasrobl-1920x840-1-1200x675.jpg","type":"image\/jpeg"}],"author":"Andrea \u017d\u00e1\u010dkov\u00e1","twitter_card":"summary_large_image","twitter_creator":"@salzburgerland","twitter_site":"@salzburgerland","twitter_misc":{"Napsal(a)":"Andrea \u017d\u00e1\u010dkov\u00e1","Odhadovan\u00e1 doba \u010dten\u00ed":"4 minuty"},"schema":{"@context":"https:\/\/schema.org","@graph":[{"@type":"Article","@id":"https:\/\/www.salzburgerland.com\/cs\/ticha-noc-mista-steyr\/#article","isPartOf":{"@id":"https:\/\/www.salzburgerland.com\/cs\/ticha-noc-mista-steyr\/"},"author":{"name":"Andrea \u017d\u00e1\u010dkov\u00e1","@id":"https:\/\/www.salzburgerland.com\/cs\/#\/schema\/person\/dd42a4661897004df109095dbf40eeff"},"headline":"Steyr","datePublished":"2022-11-16T15:17:37+00:00","dateModified":"2022-11-16T15:18:27+00:00","mainEntityOfPage":{"@id":"https:\/\/www.salzburgerland.com\/cs\/ticha-noc-mista-steyr\/"},"wordCount":1003,"image":{"@id":"https:\/\/www.salzburgerland.com\/cs\/ticha-noc-mista-steyr\/#primaryimage"},"thumbnailUrl":"https:\/\/www.salzburgerland.com\/cs\/wp-content\/uploads\/2022\/11\/headersteyr_fotooberosterreichtourismusgmbhandreasrobl-1920x840-1.jpg","articleSection":["Uncategorized"],"inLanguage":"cs"},{"@type":"WebPage","@id":"https:\/\/www.salzburgerland.com\/cs\/ticha-noc-mista-steyr\/","url":"https:\/\/www.salzburgerland.com\/cs\/ticha-noc-mista-steyr\/","name":"Steyr \u00bb SalzburgerLand.com","isPartOf":{"@id":"https:\/\/www.salzburgerland.com\/cs\/#website"},"primaryImageOfPage":{"@id":"https:\/\/www.salzburgerland.com\/cs\/ticha-noc-mista-steyr\/#primaryimage"},"image":{"@id":"https:\/\/www.salzburgerland.com\/cs\/ticha-noc-mista-steyr\/#primaryimage"},"thumbnailUrl":"https:\/\/www.salzburgerland.com\/cs\/wp-content\/uploads\/2022\/11\/headersteyr_fotooberosterreichtourismusgmbhandreasrobl-1920x840-1.jpg","datePublished":"2022-11-16T15:17:37+00:00","dateModified":"2022-11-16T15:18:27+00:00","author":{"@id":"https:\/\/www.salzburgerland.com\/cs\/#\/schema\/person\/dd42a4661897004df109095dbf40eeff"},"description":"M\u011bsto Steyr je spojov\u00e1no s p\u00edsn\u00ed Tich\u00e1 noc, svat\u00e1 noc, teprve kr\u00e1tce, zato v\u0161ak velice zaj\u00edmav\u011b.","breadcrumb":{"@id":"https:\/\/www.salzburgerland.com\/cs\/ticha-noc-mista-steyr\/#breadcrumb"},"inLanguage":"cs","potentialAction":[{"@type":"ReadAction","target":["https:\/\/www.salzburgerland.com\/cs\/ticha-noc-mista-steyr\/"]}]},{"@type":"ImageObject","inLanguage":"cs","@id":"https:\/\/www.salzburgerland.com\/cs\/ticha-noc-mista-steyr\/#primaryimage","url":"https:\/\/www.salzburgerland.com\/cs\/wp-content\/uploads\/2022\/11\/headersteyr_fotooberosterreichtourismusgmbhandreasrobl-1920x840-1.jpg","contentUrl":"https:\/\/www.salzburgerland.com\/cs\/wp-content\/uploads\/2022\/11\/headersteyr_fotooberosterreichtourismusgmbhandreasrobl-1920x840-1.jpg","width":1920,"height":840,"caption":"M\u011bsto Steyr v zimn\u00edch kulis\u00e1ch \u00a9 Ober\u00f6sterreich Tourismus GmbH"},{"@type":"BreadcrumbList","@id":"https:\/\/www.salzburgerland.com\/cs\/ticha-noc-mista-steyr\/#breadcrumb","itemListElement":[{"@type":"ListItem","position":1,"name":"Tam kde vznikla Tich\u00e1 noc","item":"https:\/\/www.salzburgerland.com\/cs\/ticha-noc\/"},{"@type":"ListItem","position":2,"name":"Steyr"}]},{"@type":"WebSite","@id":"https:\/\/www.salzburgerland.com\/cs\/#website","url":"https:\/\/www.salzburgerland.com\/cs\/","name":"SalzburgerLand.com","description":"Va\u0161e dovolen\u00e1 v Salcburku, Rakousko","potentialAction":[{"@type":"SearchAction","target":{"@type":"EntryPoint","urlTemplate":"https:\/\/www.salzburgerland.com\/cs\/?s={search_term_string}"},"query-input":{"@type":"PropertyValueSpecification","valueRequired":true,"valueName":"search_term_string"}}],"inLanguage":"cs"},{"@type":"Person","@id":"https:\/\/www.salzburgerland.com\/cs\/#\/schema\/person\/dd42a4661897004df109095dbf40eeff","name":"Andrea \u017d\u00e1\u010dkov\u00e1","image":{"@type":"ImageObject","inLanguage":"cs","@id":"https:\/\/secure.gravatar.com\/avatar\/338deec8d231d56d0ab7b2b7d6d0aedbcb3eb05390f6c027fd5b7ebe87b67dbf?s=96&d=mm&r=g","url":"https:\/\/secure.gravatar.com\/avatar\/338deec8d231d56d0ab7b2b7d6d0aedbcb3eb05390f6c027fd5b7ebe87b67dbf?s=96&d=mm&r=g","contentUrl":"https:\/\/secure.gravatar.com\/avatar\/338deec8d231d56d0ab7b2b7d6d0aedbcb3eb05390f6c027fd5b7ebe87b67dbf?s=96&d=mm&r=g","caption":"Andrea \u017d\u00e1\u010dkov\u00e1"}}]}},"_wl_alt_label":[],"wl:entity_url":"http:\/\/open.salzburgerland.com\/cs\/post\/ticha-noc-mista-steyr-154477","_links":{"self":[{"href":"https:\/\/www.salzburgerland.com\/cs\/wp-json\/wp\/v2\/posts\/154477","targetHints":{"allow":["GET"]}}],"collection":[{"href":"https:\/\/www.salzburgerland.com\/cs\/wp-json\/wp\/v2\/posts"}],"about":[{"href":"https:\/\/www.salzburgerland.com\/cs\/wp-json\/wp\/v2\/types\/post"}],"author":[{"embeddable":true,"href":"https:\/\/www.salzburgerland.com\/cs\/wp-json\/wp\/v2\/users\/6"}],"replies":[{"embeddable":true,"href":"https:\/\/www.salzburgerland.com\/cs\/wp-json\/wp\/v2\/comments?post=154477"}],"version-history":[{"count":2,"href":"https:\/\/www.salzburgerland.com\/cs\/wp-json\/wp\/v2\/posts\/154477\/revisions"}],"predecessor-version":[{"id":154480,"href":"https:\/\/www.salzburgerland.com\/cs\/wp-json\/wp\/v2\/posts\/154477\/revisions\/154480"}],"wp:featuredmedia":[{"embeddable":true,"href":"https:\/\/www.salzburgerland.com\/cs\/wp-json\/wp\/v2\/media\/154478"}],"wp:attachment":[{"href":"https:\/\/www.salzburgerland.com\/cs\/wp-json\/wp\/v2\/media?parent=154477"}],"wp:term":[{"taxonomy":"category","embeddable":true,"href":"https:\/\/www.salzburgerland.com\/cs\/wp-json\/wp\/v2\/categories?post=154477"},{"taxonomy":"post_tag","embeddable":true,"href":"https:\/\/www.salzburgerland.com\/cs\/wp-json\/wp\/v2\/tags?post=154477"},{"taxonomy":"wl_entity_type","embeddable":true,"href":"https:\/\/www.salzburgerland.com\/cs\/wp-json\/wp\/v2\/wl_entity_type?post=154477"}],"curies":[{"name":"wp","href":"https:\/\/api.w.org\/{rel}","templated":true}]}}