{"id":154466,"date":"2022-11-16T16:11:26","date_gmt":"2022-11-16T15:11:26","guid":{"rendered":"https:\/\/www.salzburgerland.com\/cs\/?p=154466"},"modified":"2022-11-16T16:12:48","modified_gmt":"2022-11-16T15:12:48","slug":"ticha-noc-mista-ried-im-innkreis","status":"publish","type":"post","link":"https:\/\/www.salzburgerland.com\/cs\/ticha-noc-mista-ried-im-innkreis\/","title":{"rendered":"Ried im Innkreis"},"content":{"rendered":"<h2>Historie Ried im Innkreis byla pln\u00e1 zm\u011bn<\/h2>\n<p>Od druh\u00e9 poloviny 18. stolet\u00ed byl Innviertel, jako \u010d\u00e1st rakousk\u00e9 spolkov\u00e9 zem\u011b Horn\u00ed Rakousy, ve\u00a0st\u0159edu nejr\u016fzn\u011bj\u0161\u00edch z\u00e1jm\u016f o moc. \u00darodn\u00e1 oblast o rozloze okolo 2200 kilometr\u016f \u010dtvere\u010dn\u00edch byla st\u0159\u00eddav\u011b pod bavorskou, rakouskou a na kr\u00e1tk\u00fd \u010das dokonce francouzskou nadvl\u00e1dou. V\u00a0roce 1779 p\u0159ipadl dosud bavorsk\u00fd Innviertel (Innbaiern) na z\u00e1klad\u011b mezin\u00e1rodn\u00ed smlouvy zn\u00e1m\u00e9 jako T\u011b\u0161\u00ednsk\u00fd m\u00edr k\u00a0Rakousku. Mezi lety 1810 a 1816 byl znovu p\u0159isouzen Bavorsku a s Mnichovsk\u00fdm m\u00edrem nakonec s\u00a0kone\u010dnou platnost\u00ed\u00a0Rakousku. V\u00a0srdci Innviertelu le\u017e\u00ed Ried im Innkreis. Ji\u017e v\u00a0roce 1857 byl tehdy nejv\u011bt\u0161\u00ed trh v\u00a0Rakousku pov\u00fd\u0161en c\u00edsa\u0159em Josefem I. na m\u011bsto. Dnes v\u00a0Riedu \u017eije okolo 12\u00a0000 lid\u00ed.<\/p>\n<h2><strong>Zn\u00e1m\u00e1 socha\u0159sk\u00e1 rodina z Ried im Innkreis<br>\n<\/strong><\/h2>\n<p>D\u00edky socha\u0159sk\u00e9 rodin\u011b Schwanthaler\u016f byl Ried oded\u00e1vna spojov\u00e1n s\u00a0um\u011bn\u00edm. Hans Schwabenthaler, zakladatel t\u00e9to v\u00fdjime\u010dn\u00e9 dynastie, p\u0159i\u0161el do Riedu v\u00a0roce 1632 z\u00a0okol\u00ed Alt\u00f6ttingu. Na sv\u00e9ho otce d\u00e1le nav\u00e1zal jeho syn Hans Schwabenthaler. U\u010dil se u italsk\u00fdch mistr\u016f a od\u00a0roku 1679 pou\u017e\u00edval jm\u00e9no Schwanthaler. Tento v\u00fdznamn\u00fd barokn\u00ed socha\u0159 zem\u0159el v\u00a0roce 1707 ve v\u011bku 73 let. Kari\u00e9ra jeho vnuka, Johanna Petera star\u0161\u00edho za\u010dala je\u0161t\u011b v\u00a0Bavorsku. V\u00a0roce 1779 byl Innviertel p\u0159enech\u00e1n Rakousku. \u010cty\u0159i \u010dlenov\u00e9 rodiny sou\u010dasn\u011b p\u016fsobili jako socha\u0159i, ale \u010dasy se za\u010daly m\u011bnit. Na za\u010d\u00e1tku 19. stolet\u00ed opustili mnoz\u00ed um\u011blci Innviertel a vydali se do Mnichova. Stejn\u011b jako rodina Schwanthaler\u016f, kter\u00e1 v\u00a0nov\u00e9m prost\u0159ed\u00ed je\u0161t\u011b jednou nav\u00e1zala na star\u00e9 hodnoty. Ludwig Michael Schwanthaler vytvo\u0159il v\u00a0Mnichov\u011b zn\u00e1mou Bavarii, sochu \u017eeny se lvem a pro Salcburk Mozart\u016fv pomn\u00edk, kter\u00fd dnes stoj\u00ed na n\u00e1m\u011bst\u00ed Mozartplatz.<\/p>\n<h2>Betl\u00e9m Tich\u00e9 noci putoval z Oberndorfu do Ried im Innkreis<\/h2>\n<p>Stejn\u011b jako okolnosti vzniku Tich\u00e9 noci, je osudov\u00e1 tak\u00e9 cesta oberndorfsk\u00e9ho betl\u00e9mu, p\u0159ed kter\u00fdm Gruber a Mohr poprv\u00e9 zazp\u00edvali svou p\u00edse\u0148. Betl\u00e9m se oklikou dostal do muzea Innviertler Volkskundehaus v\u00a0Riedu a dnes pat\u0159\u00ed k\u00a0vrchol\u016fm expozice. Po zbour\u00e1n\u00ed kostela Sv. Mikul\u00e1\u0161e v\u00a0Oberndorfu mezi lety 1906 a 1913 nebyl betl\u00e9m p\u0159em\u00edst\u011bn do nov\u00e9ho svatost\u00e1nku, ale byl darov\u00e1n oberndorfsk\u00fdm jepti\u0161k\u00e1m. V\u00a0obdob\u00ed finan\u010dn\u00ed krize byl prod\u00e1n obchodn\u00edkovi, kter\u00fd jej pak v\u00a0roce 1926 znovu prodal far\u00e1\u0159i Johannu Veichtlbauerovi ze Sv. Pantaleonu. S\u00a0jeho sb\u00edrkou se d\u016fle\u017eit\u00fd betl\u00e9m darem op\u011bt vrac\u00ed do Riedu.<\/p>\n<h2>Po stop\u00e1ch p\u00edsn\u011b \u201eStille Nacht! Heilige Nacht!\u201c v Ried im Innkreis:<\/h2>\n<ul>\n<li>Muzeum s n\u00e1zvem<strong><span>\u00a0<\/span>Innviertler Volkskundehaus<\/strong><span>\u00a0<\/span>na n\u00e1m\u011bst\u00ed Kirchplatz m\u00e1 ve sv\u00e9 sb\u00edrce origin\u00e1ln\u00ed betl\u00e9m pojmenovan\u00fd \u201eStille-Nacht-Krippe\u201c z\u00a0kostela Sv. Mikul\u00e1\u0161e v\u00a0Oberndorfu. Betl\u00e9m z\u00a0roku 1800 s\u00a0postavami typick\u00fdmi pro oblast Inn a Salzach je zhotoven\u00fd podle ben\u00e1tsk\u00e9ho vzoru. Biblick\u00e9 v\u00fdjevy byly p\u0159eneseny do tehdej\u0161\u00ed doby a m\u00edstn\u00edch podm\u00ednek. Pas\u00e1\u010dci maj\u00ed na sob\u011b tradi\u010dn\u00ed selsk\u00e9 nebo lo\u010fa\u0159sk\u00e9 kroje, a najdeme tady tak\u00e9 selky s\u00a0\u010dern\u00fdm \u0161\u00e1tkem na hlav\u011b. V\u00edce ne\u017e stovka figurek m\u00e1 hlavy p\u0159ev\u00e1\u017en\u011b z\u00a0vosku, ruce a nohy jsou vy\u0159ez\u00e1ny ze d\u0159eva a t\u011blo je zhotoveno z\u00a0dr\u00e1tk\u016f. Volkskundemuseum d\u00e1le nab\u00edz\u00ed ve sv\u00e9 jedine\u010dn\u00e9 sb\u00edrce \u00fa\u017easn\u00fd pohled na rozmanit\u00e9 druhy schwanthalersk\u00fdch plastik.<\/li>\n<li><strong>Okruh m\u011bstem<\/strong>\u00a0Ried im Innkreis za\u010d\u00edn\u00e1 p\u0159ed muzeem Volkskundehaus na n\u00e1m\u011bst\u00ed Kirchplatz. Pokra\u010duje kosteln\u00ed uli\u010dkou Kirchengasse a\u017e k\u00a0\u00fazk\u00e9mu pr\u016fchodu, kter\u00fd vede na hlavn\u00ed n\u00e1m\u011bst\u00ed, kolem p\u016fvodn\u011b gotick\u00e9 radnice. Vlevo na dom\u011b s\u00a0\u010d\u00edslem 10 se pod ark\u00fd\u0159em nach\u00e1z\u00ed vz\u00e1cn\u00e1 freska. Vyobrazuje dva bl\u00e1zny, kte\u0159\u00ed se obj\u00edmaj\u00ed a vedle stoj\u00ed: \u201eJsme t\u0159i\u201c. Je tedy ten, kdo se d\u00edv\u00e1 nahoru ten t\u0159et\u00ed bl\u00e1zen? Kdo v\u00ed. P\u0159i pohledu \u00fapln\u011b nahoru ale v\u00a0ka\u017ed\u00e9m p\u0159\u00edpad\u011b uvid\u00edte tak\u00e9 okno pokoje v\u00a0rycht\u00e1\u0159ov\u011b dom\u011b, kde p\u0159enocoval c\u00edsa\u0159 Napoleon. Na konci horn\u00ed \u010d\u00e1sti hlavn\u00edho n\u00e1m\u011bst\u00ed se okruh ub\u00edr\u00e1 do leva na n\u00e1m\u011bst\u00ed Stelzhammerplatz. V\u00a0dom\u011b \u010d\u00edslo 10 dostal Franz Xaver Gruber osv\u011bd\u010den\u00ed o slo\u017een\u00ed zkou\u0161ky pro u\u010ditelsk\u00e9 povol\u00e1n\u00ed. V\u00a0zat\u00e1\u010dce vlevo za\u010d\u00edn\u00e1 Schwanthalergasse, ve kter\u00e9 se nach\u00e1z\u00ed d\u016fm slavn\u00e9 um\u011bleck\u00e9 rodiny. Pam\u011btn\u00ed deska s\u00a0portr\u00e9ty t\u0159ech nejv\u00fdznamn\u011bj\u0161\u00edch Schwanthaler\u016f sem byla um\u00edst\u011bna roku 1868. Vrcholem okruhu m\u011bstem je farn\u00ed kostel Sv. Petra a Pavla. Vy\u0159ez\u00e1van\u00e9 sou\u010d\u00e1sti vnit\u0159n\u00ed v\u00fdzdoby poch\u00e1zej\u00ed z\u00a0v\u011bt\u0161\u00ed \u010d\u00e1sti od socha\u0159sk\u00e9 rodiny Schwanthaler\u016f. Mistrovsk\u00fdm d\u00edlem je zde biblick\u00fd v\u00fdjev Je\u017e\u00ed\u0161e na Olivetsk\u00e9 ho\u0159e, kter\u00fd je p\u0159ipisov\u00e1n Thomasovi Schwanthalerovi.<\/li>\n<\/ul>\n<p>V\u0161echny aktu\u00e1ln\u00ed<span>\u00a0<\/span><strong>akce<span>\u00a0<\/span><\/strong>v Ried im Innkreis najdete<span>\u00a0<\/span><strong><u>zde<\/u><\/strong>.<\/p>\n","protected":false},"excerpt":{"rendered":"<p>Historie Ried im Innkreis byla pln\u00e1 zm\u011bn Od druh\u00e9 poloviny 18. stolet\u00ed byl Innviertel, jako \u010d\u00e1st rakousk\u00e9 spolkov\u00e9 zem\u011b Horn\u00ed Rakousy, ve\u00a0st\u0159edu nejr\u016fzn\u011bj\u0161\u00edch z\u00e1jm\u016f o moc. \u00darodn\u00e1 oblast o rozloze okolo 2200 kilometr\u016f \u010dtvere\u010dn\u00edch byla st\u0159\u00eddav\u011b pod bavorskou, rakouskou a na kr\u00e1tk\u00fd \u010das dokonce francouzskou nadvl\u00e1dou. V\u00a0roce 1779 p\u0159ipadl dosud bavorsk\u00fd Innviertel (Innbaiern) na z\u00e1klad\u011b [&hellip;]<\/p>\n","protected":false},"author":6,"featured_media":154467,"comment_status":"closed","ping_status":"closed","sticky":false,"template":"","format":"standard","meta":{"_acf_changed":false,"wl_entities_gutenberg":"","_relevanssi_hide_post":"","_relevanssi_hide_content":"","_relevanssi_pin_for_all":"","_relevanssi_pin_keywords":"","_relevanssi_unpin_keywords":"","_relevanssi_related_keywords":"","_relevanssi_related_include_ids":"","_relevanssi_related_exclude_ids":"","_relevanssi_related_no_append":"","_relevanssi_related_not_related":"","_relevanssi_related_posts":"","_relevanssi_noindex_reason":"","footnotes":""},"categories":[1],"tags":[],"wl_entity_type":[706],"class_list":["post-154466","post","type-post","status-publish","format-standard","has-post-thumbnail","hentry","category-uncategorized","wl_entity_type-article"],"acf":[],"yoast_head":"<!-- This site is optimized with the Yoast SEO Premium plugin v27.4 (Yoast SEO v27.4) - https:\/\/yoast.com\/product\/yoast-seo-premium-wordpress\/ -->\n<title>Ried im Innkreis \u00bb SalzburgerLand.com<\/title>\n<meta name=\"robots\" content=\"index, follow, max-snippet:-1, max-image-preview:large, max-video-preview:-1\" \/>\n<link rel=\"canonical\" href=\"https:\/\/www.salzburgerland.com\/cs\/ticha-noc-mista-ried-im-innkreis\/\" \/>\n<meta property=\"og:locale\" content=\"cs_CZ\" \/>\n<meta property=\"og:type\" content=\"article\" \/>\n<meta property=\"og:title\" content=\"Ried im Innkreis\" \/>\n<meta property=\"og:description\" content=\"Historie Ried im Innkreis byla pln\u00e1 zm\u011bn Od druh\u00e9 poloviny 18. stolet\u00ed byl Innviertel, jako \u010d\u00e1st rakousk\u00e9 spolkov\u00e9 zem\u011b Horn\u00ed Rakousy, ve\u00a0st\u0159edu\" \/>\n<meta property=\"og:url\" content=\"https:\/\/www.salzburgerland.com\/cs\/ticha-noc-mista-ried-im-innkreis\/\" \/>\n<meta property=\"og:site_name\" content=\"SalzburgerLand.com\" \/>\n<meta property=\"article:publisher\" content=\"https:\/\/www.facebook.com\/visitsalzburgerland\/\" \/>\n<meta property=\"article:published_time\" content=\"2022-11-16T15:11:26+00:00\" \/>\n<meta property=\"article:modified_time\" content=\"2022-11-16T15:12:48+00:00\" \/>\n<meta property=\"og:image\" content=\"https:\/\/www.salzburgerland.com\/cs\/wp-content\/uploads\/2022\/11\/hauptplatz1_cfranz-kaufma-1920x840-jpg-pagespeed-ce_-53qncupq9f-1200x675.jpg\" \/>\n\t<meta property=\"og:image:width\" content=\"1200\" \/>\n\t<meta property=\"og:image:height\" content=\"675\" \/>\n\t<meta property=\"og:image:type\" content=\"image\/jpeg\" \/>\n<meta name=\"author\" content=\"Andrea \u017d\u00e1\u010dkov\u00e1\" \/>\n<meta name=\"twitter:card\" content=\"summary_large_image\" \/>\n<meta name=\"twitter:creator\" content=\"@salzburgerland\" \/>\n<meta name=\"twitter:site\" content=\"@salzburgerland\" \/>\n<meta name=\"twitter:label1\" content=\"Napsal(a)\" \/>\n\t<meta name=\"twitter:data1\" content=\"Andrea \u017d\u00e1\u010dkov\u00e1\" \/>\n\t<meta name=\"twitter:label2\" content=\"Odhadovan\u00e1 doba \u010dten\u00ed\" \/>\n\t<meta name=\"twitter:data2\" content=\"4 minuty\" \/>\n<script type=\"application\/ld+json\" class=\"yoast-schema-graph\">{\"@context\":\"https:\\\/\\\/schema.org\",\"@graph\":[{\"@type\":\"Article\",\"@id\":\"https:\\\/\\\/www.salzburgerland.com\\\/cs\\\/ticha-noc-mista-ried-im-innkreis\\\/#article\",\"isPartOf\":{\"@id\":\"https:\\\/\\\/www.salzburgerland.com\\\/cs\\\/ticha-noc-mista-ried-im-innkreis\\\/\"},\"author\":{\"name\":\"Andrea \u017d\u00e1\u010dkov\u00e1\",\"@id\":\"https:\\\/\\\/www.salzburgerland.com\\\/cs\\\/#\\\/schema\\\/person\\\/dd42a4661897004df109095dbf40eeff\"},\"headline\":\"Ried im Innkreis\",\"datePublished\":\"2022-11-16T15:11:26+00:00\",\"dateModified\":\"2022-11-16T15:12:48+00:00\",\"mainEntityOfPage\":{\"@id\":\"https:\\\/\\\/www.salzburgerland.com\\\/cs\\\/ticha-noc-mista-ried-im-innkreis\\\/\"},\"wordCount\":852,\"image\":{\"@id\":\"https:\\\/\\\/www.salzburgerland.com\\\/cs\\\/ticha-noc-mista-ried-im-innkreis\\\/#primaryimage\"},\"thumbnailUrl\":\"https:\\\/\\\/www.salzburgerland.com\\\/cs\\\/wp-content\\\/uploads\\\/2022\\\/11\\\/hauptplatz1_cfranz-kaufma-1920x840-jpg-pagespeed-ce_-53qncupq9f.jpg\",\"articleSection\":[\"Uncategorized\"],\"inLanguage\":\"cs\"},{\"@type\":\"WebPage\",\"@id\":\"https:\\\/\\\/www.salzburgerland.com\\\/cs\\\/ticha-noc-mista-ried-im-innkreis\\\/\",\"url\":\"https:\\\/\\\/www.salzburgerland.com\\\/cs\\\/ticha-noc-mista-ried-im-innkreis\\\/\",\"name\":\"Ried im Innkreis \u00bb SalzburgerLand.com\",\"isPartOf\":{\"@id\":\"https:\\\/\\\/www.salzburgerland.com\\\/cs\\\/#website\"},\"primaryImageOfPage\":{\"@id\":\"https:\\\/\\\/www.salzburgerland.com\\\/cs\\\/ticha-noc-mista-ried-im-innkreis\\\/#primaryimage\"},\"image\":{\"@id\":\"https:\\\/\\\/www.salzburgerland.com\\\/cs\\\/ticha-noc-mista-ried-im-innkreis\\\/#primaryimage\"},\"thumbnailUrl\":\"https:\\\/\\\/www.salzburgerland.com\\\/cs\\\/wp-content\\\/uploads\\\/2022\\\/11\\\/hauptplatz1_cfranz-kaufma-1920x840-jpg-pagespeed-ce_-53qncupq9f.jpg\",\"datePublished\":\"2022-11-16T15:11:26+00:00\",\"dateModified\":\"2022-11-16T15:12:48+00:00\",\"author\":{\"@id\":\"https:\\\/\\\/www.salzburgerland.com\\\/cs\\\/#\\\/schema\\\/person\\\/dd42a4661897004df109095dbf40eeff\"},\"description\":\"Po stop\u00e1ch p\u00edsn\u011b \u201eStille Nacht! Heilige Nacht!\u201c v Ried im Innkreis.\",\"breadcrumb\":{\"@id\":\"https:\\\/\\\/www.salzburgerland.com\\\/cs\\\/ticha-noc-mista-ried-im-innkreis\\\/#breadcrumb\"},\"inLanguage\":\"cs\",\"potentialAction\":[{\"@type\":\"ReadAction\",\"target\":[\"https:\\\/\\\/www.salzburgerland.com\\\/cs\\\/ticha-noc-mista-ried-im-innkreis\\\/\"]}]},{\"@type\":\"ImageObject\",\"inLanguage\":\"cs\",\"@id\":\"https:\\\/\\\/www.salzburgerland.com\\\/cs\\\/ticha-noc-mista-ried-im-innkreis\\\/#primaryimage\",\"url\":\"https:\\\/\\\/www.salzburgerland.com\\\/cs\\\/wp-content\\\/uploads\\\/2022\\\/11\\\/hauptplatz1_cfranz-kaufma-1920x840-jpg-pagespeed-ce_-53qncupq9f.jpg\",\"contentUrl\":\"https:\\\/\\\/www.salzburgerland.com\\\/cs\\\/wp-content\\\/uploads\\\/2022\\\/11\\\/hauptplatz1_cfranz-kaufma-1920x840-jpg-pagespeed-ce_-53qncupq9f.jpg\",\"width\":1920,\"height\":840,\"caption\":\"N\u00e1m\u011bst\u00ed v Ried im Innkreis\u00a9 Ried, Franz Kaufmann\"},{\"@type\":\"BreadcrumbList\",\"@id\":\"https:\\\/\\\/www.salzburgerland.com\\\/cs\\\/ticha-noc-mista-ried-im-innkreis\\\/#breadcrumb\",\"itemListElement\":[{\"@type\":\"ListItem\",\"position\":1,\"name\":\"Tam kde vznikla Tich\u00e1 noc\",\"item\":\"https:\\\/\\\/www.salzburgerland.com\\\/cs\\\/ticha-noc\\\/\"},{\"@type\":\"ListItem\",\"position\":2,\"name\":\"Ried im Innkreis\"}]},{\"@type\":\"WebSite\",\"@id\":\"https:\\\/\\\/www.salzburgerland.com\\\/cs\\\/#website\",\"url\":\"https:\\\/\\\/www.salzburgerland.com\\\/cs\\\/\",\"name\":\"SalzburgerLand.com\",\"description\":\"Va\u0161e dovolen\u00e1 v Salcburku, Rakousko\",\"potentialAction\":[{\"@type\":\"SearchAction\",\"target\":{\"@type\":\"EntryPoint\",\"urlTemplate\":\"https:\\\/\\\/www.salzburgerland.com\\\/cs\\\/?s={search_term_string}\"},\"query-input\":{\"@type\":\"PropertyValueSpecification\",\"valueRequired\":true,\"valueName\":\"search_term_string\"}}],\"inLanguage\":\"cs\"},{\"@type\":\"Person\",\"@id\":\"https:\\\/\\\/www.salzburgerland.com\\\/cs\\\/#\\\/schema\\\/person\\\/dd42a4661897004df109095dbf40eeff\",\"name\":\"Andrea \u017d\u00e1\u010dkov\u00e1\",\"image\":{\"@type\":\"ImageObject\",\"inLanguage\":\"cs\",\"@id\":\"https:\\\/\\\/secure.gravatar.com\\\/avatar\\\/338deec8d231d56d0ab7b2b7d6d0aedbcb3eb05390f6c027fd5b7ebe87b67dbf?s=96&d=mm&r=g\",\"url\":\"https:\\\/\\\/secure.gravatar.com\\\/avatar\\\/338deec8d231d56d0ab7b2b7d6d0aedbcb3eb05390f6c027fd5b7ebe87b67dbf?s=96&d=mm&r=g\",\"contentUrl\":\"https:\\\/\\\/secure.gravatar.com\\\/avatar\\\/338deec8d231d56d0ab7b2b7d6d0aedbcb3eb05390f6c027fd5b7ebe87b67dbf?s=96&d=mm&r=g\",\"caption\":\"Andrea \u017d\u00e1\u010dkov\u00e1\"}}]}<\/script>\n<!-- \/ Yoast SEO Premium plugin. -->","yoast_head_json":{"title":"Ried im Innkreis \u00bb SalzburgerLand.com","robots":{"index":"index","follow":"follow","max-snippet":"max-snippet:-1","max-image-preview":"max-image-preview:large","max-video-preview":"max-video-preview:-1"},"canonical":"https:\/\/www.salzburgerland.com\/cs\/ticha-noc-mista-ried-im-innkreis\/","og_locale":"cs_CZ","og_type":"article","og_title":"Ried im Innkreis","og_description":"Historie Ried im Innkreis byla pln\u00e1 zm\u011bn Od druh\u00e9 poloviny 18. stolet\u00ed byl Innviertel, jako \u010d\u00e1st rakousk\u00e9 spolkov\u00e9 zem\u011b Horn\u00ed Rakousy, ve\u00a0st\u0159edu","og_url":"https:\/\/www.salzburgerland.com\/cs\/ticha-noc-mista-ried-im-innkreis\/","og_site_name":"SalzburgerLand.com","article_publisher":"https:\/\/www.facebook.com\/visitsalzburgerland\/","article_published_time":"2022-11-16T15:11:26+00:00","article_modified_time":"2022-11-16T15:12:48+00:00","og_image":[{"width":1200,"height":675,"url":"https:\/\/www.salzburgerland.com\/cs\/wp-content\/uploads\/2022\/11\/hauptplatz1_cfranz-kaufma-1920x840-jpg-pagespeed-ce_-53qncupq9f-1200x675.jpg","type":"image\/jpeg"}],"author":"Andrea \u017d\u00e1\u010dkov\u00e1","twitter_card":"summary_large_image","twitter_creator":"@salzburgerland","twitter_site":"@salzburgerland","twitter_misc":{"Napsal(a)":"Andrea \u017d\u00e1\u010dkov\u00e1","Odhadovan\u00e1 doba \u010dten\u00ed":"4 minuty"},"schema":{"@context":"https:\/\/schema.org","@graph":[{"@type":"Article","@id":"https:\/\/www.salzburgerland.com\/cs\/ticha-noc-mista-ried-im-innkreis\/#article","isPartOf":{"@id":"https:\/\/www.salzburgerland.com\/cs\/ticha-noc-mista-ried-im-innkreis\/"},"author":{"name":"Andrea \u017d\u00e1\u010dkov\u00e1","@id":"https:\/\/www.salzburgerland.com\/cs\/#\/schema\/person\/dd42a4661897004df109095dbf40eeff"},"headline":"Ried im Innkreis","datePublished":"2022-11-16T15:11:26+00:00","dateModified":"2022-11-16T15:12:48+00:00","mainEntityOfPage":{"@id":"https:\/\/www.salzburgerland.com\/cs\/ticha-noc-mista-ried-im-innkreis\/"},"wordCount":852,"image":{"@id":"https:\/\/www.salzburgerland.com\/cs\/ticha-noc-mista-ried-im-innkreis\/#primaryimage"},"thumbnailUrl":"https:\/\/www.salzburgerland.com\/cs\/wp-content\/uploads\/2022\/11\/hauptplatz1_cfranz-kaufma-1920x840-jpg-pagespeed-ce_-53qncupq9f.jpg","articleSection":["Uncategorized"],"inLanguage":"cs"},{"@type":"WebPage","@id":"https:\/\/www.salzburgerland.com\/cs\/ticha-noc-mista-ried-im-innkreis\/","url":"https:\/\/www.salzburgerland.com\/cs\/ticha-noc-mista-ried-im-innkreis\/","name":"Ried im Innkreis \u00bb SalzburgerLand.com","isPartOf":{"@id":"https:\/\/www.salzburgerland.com\/cs\/#website"},"primaryImageOfPage":{"@id":"https:\/\/www.salzburgerland.com\/cs\/ticha-noc-mista-ried-im-innkreis\/#primaryimage"},"image":{"@id":"https:\/\/www.salzburgerland.com\/cs\/ticha-noc-mista-ried-im-innkreis\/#primaryimage"},"thumbnailUrl":"https:\/\/www.salzburgerland.com\/cs\/wp-content\/uploads\/2022\/11\/hauptplatz1_cfranz-kaufma-1920x840-jpg-pagespeed-ce_-53qncupq9f.jpg","datePublished":"2022-11-16T15:11:26+00:00","dateModified":"2022-11-16T15:12:48+00:00","author":{"@id":"https:\/\/www.salzburgerland.com\/cs\/#\/schema\/person\/dd42a4661897004df109095dbf40eeff"},"description":"Po stop\u00e1ch p\u00edsn\u011b \u201eStille Nacht! Heilige Nacht!\u201c v Ried im Innkreis.","breadcrumb":{"@id":"https:\/\/www.salzburgerland.com\/cs\/ticha-noc-mista-ried-im-innkreis\/#breadcrumb"},"inLanguage":"cs","potentialAction":[{"@type":"ReadAction","target":["https:\/\/www.salzburgerland.com\/cs\/ticha-noc-mista-ried-im-innkreis\/"]}]},{"@type":"ImageObject","inLanguage":"cs","@id":"https:\/\/www.salzburgerland.com\/cs\/ticha-noc-mista-ried-im-innkreis\/#primaryimage","url":"https:\/\/www.salzburgerland.com\/cs\/wp-content\/uploads\/2022\/11\/hauptplatz1_cfranz-kaufma-1920x840-jpg-pagespeed-ce_-53qncupq9f.jpg","contentUrl":"https:\/\/www.salzburgerland.com\/cs\/wp-content\/uploads\/2022\/11\/hauptplatz1_cfranz-kaufma-1920x840-jpg-pagespeed-ce_-53qncupq9f.jpg","width":1920,"height":840,"caption":"N\u00e1m\u011bst\u00ed v Ried im Innkreis\u00a9 Ried, Franz Kaufmann"},{"@type":"BreadcrumbList","@id":"https:\/\/www.salzburgerland.com\/cs\/ticha-noc-mista-ried-im-innkreis\/#breadcrumb","itemListElement":[{"@type":"ListItem","position":1,"name":"Tam kde vznikla Tich\u00e1 noc","item":"https:\/\/www.salzburgerland.com\/cs\/ticha-noc\/"},{"@type":"ListItem","position":2,"name":"Ried im Innkreis"}]},{"@type":"WebSite","@id":"https:\/\/www.salzburgerland.com\/cs\/#website","url":"https:\/\/www.salzburgerland.com\/cs\/","name":"SalzburgerLand.com","description":"Va\u0161e dovolen\u00e1 v Salcburku, Rakousko","potentialAction":[{"@type":"SearchAction","target":{"@type":"EntryPoint","urlTemplate":"https:\/\/www.salzburgerland.com\/cs\/?s={search_term_string}"},"query-input":{"@type":"PropertyValueSpecification","valueRequired":true,"valueName":"search_term_string"}}],"inLanguage":"cs"},{"@type":"Person","@id":"https:\/\/www.salzburgerland.com\/cs\/#\/schema\/person\/dd42a4661897004df109095dbf40eeff","name":"Andrea \u017d\u00e1\u010dkov\u00e1","image":{"@type":"ImageObject","inLanguage":"cs","@id":"https:\/\/secure.gravatar.com\/avatar\/338deec8d231d56d0ab7b2b7d6d0aedbcb3eb05390f6c027fd5b7ebe87b67dbf?s=96&d=mm&r=g","url":"https:\/\/secure.gravatar.com\/avatar\/338deec8d231d56d0ab7b2b7d6d0aedbcb3eb05390f6c027fd5b7ebe87b67dbf?s=96&d=mm&r=g","contentUrl":"https:\/\/secure.gravatar.com\/avatar\/338deec8d231d56d0ab7b2b7d6d0aedbcb3eb05390f6c027fd5b7ebe87b67dbf?s=96&d=mm&r=g","caption":"Andrea \u017d\u00e1\u010dkov\u00e1"}}]}},"_wl_alt_label":[],"wl:entity_url":"http:\/\/open.salzburgerland.com\/cs\/post\/ticha-noc-mista-ried-im-innkreis-154466","_links":{"self":[{"href":"https:\/\/www.salzburgerland.com\/cs\/wp-json\/wp\/v2\/posts\/154466","targetHints":{"allow":["GET"]}}],"collection":[{"href":"https:\/\/www.salzburgerland.com\/cs\/wp-json\/wp\/v2\/posts"}],"about":[{"href":"https:\/\/www.salzburgerland.com\/cs\/wp-json\/wp\/v2\/types\/post"}],"author":[{"embeddable":true,"href":"https:\/\/www.salzburgerland.com\/cs\/wp-json\/wp\/v2\/users\/6"}],"replies":[{"embeddable":true,"href":"https:\/\/www.salzburgerland.com\/cs\/wp-json\/wp\/v2\/comments?post=154466"}],"version-history":[{"count":4,"href":"https:\/\/www.salzburgerland.com\/cs\/wp-json\/wp\/v2\/posts\/154466\/revisions"}],"predecessor-version":[{"id":154475,"href":"https:\/\/www.salzburgerland.com\/cs\/wp-json\/wp\/v2\/posts\/154466\/revisions\/154475"}],"wp:featuredmedia":[{"embeddable":true,"href":"https:\/\/www.salzburgerland.com\/cs\/wp-json\/wp\/v2\/media\/154467"}],"wp:attachment":[{"href":"https:\/\/www.salzburgerland.com\/cs\/wp-json\/wp\/v2\/media?parent=154466"}],"wp:term":[{"taxonomy":"category","embeddable":true,"href":"https:\/\/www.salzburgerland.com\/cs\/wp-json\/wp\/v2\/categories?post=154466"},{"taxonomy":"post_tag","embeddable":true,"href":"https:\/\/www.salzburgerland.com\/cs\/wp-json\/wp\/v2\/tags?post=154466"},{"taxonomy":"wl_entity_type","embeddable":true,"href":"https:\/\/www.salzburgerland.com\/cs\/wp-json\/wp\/v2\/wl_entity_type?post=154466"}],"curies":[{"name":"wp","href":"https:\/\/api.w.org\/{rel}","templated":true}]}}