{"id":154458,"date":"2022-11-16T16:04:57","date_gmt":"2022-11-16T15:04:57","guid":{"rendered":"https:\/\/www.salzburgerland.com\/cs\/?p=154458"},"modified":"2022-11-16T16:05:32","modified_gmt":"2022-11-16T15:05:32","slug":"ticha-noc-mista-hochburg-ach","status":"publish","type":"post","link":"https:\/\/www.salzburgerland.com\/cs\/ticha-noc-mista-hochburg-ach\/","title":{"rendered":"Hochburg-Ach"},"content":{"rendered":"<h2>M\u00edsto narozen\u00ed Franze Xavera Grubera<\/h2>\n<p>Mal\u00fd Franz Xaver Gruber vyr\u016fstal v\u00a0nejist\u00fdch \u010dasech francouzsk\u00fdch v\u00e1lek. V\u00a0d\u016fsledku posunu hranic zde byly klidn\u00e9 pom\u011bry a vztahy rozvr\u00e1ceny. Napoleon st\u00e1l doslova p\u0159ed branami a cht\u011bl je\u0161t\u011b bl\u00ed\u017ee. V\u00a0roce 1800 vtrhla francouzsk\u00e1 arm\u00e1da do Horn\u00edho Rakouska a voj\u00e1ci zde z\u016fstali po cel\u00fd rok. Teprve v\u00a0b\u0159eznu 1801 se st\u00e1hli okupanti pry\u010d. V\u00a0knize \u00famrt\u00ed v Hochburgu jsou zaznamen\u00e1ny mnoh\u00e9 p\u0159\u00edpady smrti m\u00edstn\u00edch obyvatel v d\u016fsledku t\u00fdr\u00e1n\u00ed nebo p\u0159epaden\u00ed. Ji\u017e na p\u0159elomu let\u00a0 1805\/06 bylo Rakousko a Bavorsko znovu zaplaveno francouzsk\u00fdmi jednotkami. Tak\u00e9 Burghausen trp\u011bl v\u00a0t\u00e9to dob\u011b pod francouzsk\u00fdmi okupa\u010dn\u00edmi vojsky. Kdy\u017e v\u00a0roce 1809 Napoleon I. se sv\u00fdmi t\u00e9m\u011b\u0159 100\u00a0000 voj\u00e1ky p\u0159i\u0161el do Burghausenu a str\u00e1vil zde n\u011bkolik dn\u00ed, ukon\u010dil Franz Xaver Gruber vzd\u011bl\u00e1n\u00ed a nastoupil na sv\u00e9 prvn\u00ed u\u010ditelsk\u00e9 m\u00edsto v\u00a0Arnsdorfu.<\/p>\n<h2>Franz Xaver Gruber se vydal novou cestou<\/h2>\n<p>Gruberovi rodi\u010de, Josef a Anna m\u011bli mal\u00e9 hospod\u00e1\u0159stv\u00ed a \u017eivili se jako tkalci. Dom\u00e1c\u00ed tkalcovny p\u0159edstavovaly tehdy pro mnoho lid\u00ed d\u016fle\u017eit\u00fd p\u0159iv\u00fdd\u011blek. Rodin\u011b Gruberov\u00fdch se ale p\u0159\u00edli\u0161 neda\u0159ilo. A tak mo\u017en\u00e1 nebyl \u017e\u00e1dn\u00fd div, \u017ee tkadlec Josef Gruber nesnesl \u017e\u00e1dn\u00e9 experimenty. Jeho syn Franz Xaver m\u011bl stejn\u011b jako on vykon\u00e1vat po\u010destn\u00e9 \u0159emeslo tkalce. U\u010diteli Andreasovi Peterlechnerovi a far\u00e1\u0159ovi Simonovi Doblerovi ale neuniklo chlapcovo mimo\u0159\u00e1dn\u00e9 hudebn\u00ed nad\u00e1n\u00ed. P\u0159edev\u0161\u00edm Peterlechner podporoval sv\u00e9ho \u017e\u00e1ka, jak jen to bylo mo\u017en\u00e9. Nakonec u\u017e nemohl v\u00fdjime\u010dn\u00fd talent sv\u00e9ho syna p\u0159ehl\u00ed\u017eet ani jeho p\u0159\u00edsn\u00fd otec a dovolil mu u\u010dit se na varhany u zn\u00e1m\u00e9ho sbormistra Georga Hartdoblera v\u00a0osm kilometr\u016f vzd\u00e1len\u00e9m Burghausenu. Hartdobler byl osmn\u00e1ctilet\u00fdm chlapcem tak nad\u0161en, \u017ee mu poskytl bydlen\u00ed, stravu a zdarma ho vyu\u010doval. Po pouh\u00fdch t\u0159ech m\u011bs\u00edc\u00edch byl Franz Xaver Gruber schopn\u00fd zahr\u00e1t na varhany gener\u00e1lbas. Um\u011bl tak\u00e9 skv\u011ble na housle a skl\u00e1dal sv\u00e9 prvn\u00ed p\u00edsn\u011b.<\/p>\n<p>Nakonec Franzi Xaverovi Gruberovi otec dovolil tak\u00e9 vystudovat na u\u010ditele z\u00e1kladn\u00ed \u0161koly. Po z\u00e1v\u011bre\u010dn\u00fdch zkou\u0161k\u00e1ch v\u00a0roce 1806 se mlad\u00edk vr\u00e1til zp\u011bt dom\u016f. P\u0159edepsan\u00fd rok praxe absolvoval u sv\u00e9ho podporovatele a u\u010ditele Peterlechnera v\u00a0Hochburgu.<\/p>\n<ul>\n<li>V\u00a0Hochburgu se nach\u00e1zej\u00ed rozhoduj\u00edc\u00ed m\u00edsta, kter\u00e1 ovlivnila \u017eivotn\u00ed dr\u00e1hu Franze Xavera Grubera. Pat\u0159\u00ed mezi n\u011b nap\u0159\u00edklad<span>\u00a0<\/span><strong>Farn\u00ed kostel Nanebevzet\u00ed Panny Marie<\/strong>, v\u00a0n\u011bm\u017e se ka\u017ed\u00fd rok, t\u0159et\u00ed adventn\u00ed v\u00edkend, uv\u00e1d\u00ed obl\u00edben\u00e1 historick\u00e1 hra \u201eHled\u00e1n\u00ed Tich\u00e9 noci\u201c nebo<span>\u00a0<\/span><strong>Kl\u00e1\u0161tern\u00ed hostinec<\/strong>, ve kter\u00e9m Gruber k\u00a0poct\u011b sv\u00e9ho kmotra slo\u017eil svatebn\u00ed p\u00edse\u0148 pro \u010dty\u0159i hlasy. Po Gruberovi je zde pojmenovan\u00e1<span>\u00a0<\/span><strong>\u0161kola<\/strong>. P\u016fvodn\u00ed<span>\u00a0<\/span><strong>domy<\/strong><span>\u00a0<\/span>u\u010ditele Peterlechnera a rodiny Gruberov\u00fdch se ji\u017e nedochovaly.<\/li>\n<li>Rodn\u00fd d\u016fm Franze Xavera Grubera v\u00a0Unterweitzbergu byl str\u017een roku 1927. Jako n\u00e1hrada sem byla ze sousedn\u00ed obce Gilgenberg p\u0159em\u00edst\u011bna t\u00e9m\u011b\u0159 identick\u00e1, v\u00edce ne\u017e 200 let star\u00e1 d\u0159ev\u011bn\u00e1 budova, kter\u00e1 byla dostav\u011bna p\u0159esn\u011b podle origin\u00e1lu. Gruber\u016fv d\u016fm nese n\u00e1zev<span>\u00a0<\/span><strong>\u201eGrubah\u00e4usl\u201c<span>\u00a0<\/span><\/strong>a nach\u00e1z\u00ed se zde muzeum. V\u00a0n\u011bm se mohou n\u00e1v\u0161t\u011bvn\u00edci sezn\u00e1mit s\u00a0bydlen\u00edm a prac\u00ed sedl\u00e1k\u016f v\u00a0dob\u011b okolo roku 1800. Rodinu Gruberov\u00fdch tady p\u0159ipom\u00ednaj\u00ed n\u011bkter\u00e9 expon\u00e1ty. Nejcenn\u011bj\u0161\u00edm z\u00a0nich je tkalcovsk\u00fd stav, na kter\u00e9m se Franz Xaver Gruber u\u010dil tkalcovsk\u00e9mu \u0159emeslu. Spr\u00e1vce muzea Hanz Schwarzmayr a jeho t\u00fdm nab\u00edz\u00ed prohl\u00eddky po p\u0159edchoz\u00ed domluv\u011b.<\/li>\n<li>V roce 2012 byla vybudov\u00e1na dva kilometry dlouh\u00e1<span>\u00a0<\/span><strong>M\u00edrov\u00e1 cesta<\/strong><span>\u00a0<\/span><strong>Franze-Xavera- Grubera<\/strong>, kter\u00e1 p\u0159ibli\u017euje nejd\u016fle\u017eit\u011bj\u0161\u00ed momenty v \u017eivot\u011b velk\u00e9ho skladatele, ale tak\u00e9 zcela neomezen\u00fd dosah p\u00edsn\u011b Tich\u00e1 noc, svat\u00e1 noc. V\u00fdchoz\u00ed a kone\u010dn\u00fd bod nau\u010dn\u00e9 stezky p\u0159edstavuje Gruber\u016fv d\u016fm. Odsud se jde zhruba hodinu \u201ecestou kolem sv\u011bta\u201c nap\u0159\u00ed\u010d v\u0161emi kontinenty. Na trase si mohou lid\u00e9 prohl\u00e9dnout sochy od tyrolsk\u00e9ho um\u011blce Huberta J. Fl\u00f6rla. Hlavn\u00ed my\u0161lenkou jeho d\u00edla je m\u00edrov\u00e9 poselstv\u00ed nesen\u00e9 na and\u011blsk\u00fdch k\u0159\u00eddlech do jednotliv\u00fdch kontinent\u016f. Ke ka\u017ed\u00e9 \u010d\u00e1sti zem\u011b je tu jeden cit\u00e1t o m\u00edru. Spole\u010dn\u00fd \u017eivot v\u00a0m\u00edru tady ale funguje i v\u00a0mal\u00e9m. Pozemky, na kter\u00fdch bylo vytvo\u0159eno p\u011bt zast\u00e1vek M\u00edrov\u00e9 cesty, p\u0159enechal jejich majitel zdarma. A star\u00e1 se tu tak\u00e9 o p\u0159ekr\u00e1sn\u00e9 z\u00e1hony.<\/li>\n<\/ul>\n<p>V\u0161echny aktu\u00e1ln\u00ed<span>\u00a0<\/span><strong>akce<\/strong><span>\u00a0<\/span>v Hochburg-Ach najdete<span>\u00a0<\/span><u><\/u><strong><u>zde<\/u><\/strong>.<\/p>\n","protected":false},"excerpt":{"rendered":"<p>M\u00edsto narozen\u00ed Franze Xavera Grubera Mal\u00fd Franz Xaver Gruber vyr\u016fstal v\u00a0nejist\u00fdch \u010dasech francouzsk\u00fdch v\u00e1lek. V\u00a0d\u016fsledku posunu hranic zde byly klidn\u00e9 pom\u011bry a vztahy rozvr\u00e1ceny. Napoleon st\u00e1l doslova p\u0159ed branami a cht\u011bl je\u0161t\u011b bl\u00ed\u017ee. V\u00a0roce 1800 vtrhla francouzsk\u00e1 arm\u00e1da do Horn\u00edho Rakouska a voj\u00e1ci zde z\u016fstali po cel\u00fd rok. Teprve v\u00a0b\u0159eznu 1801 se st\u00e1hli okupanti pry\u010d. [&hellip;]<\/p>\n","protected":false},"author":6,"featured_media":154360,"comment_status":"closed","ping_status":"closed","sticky":false,"template":"","format":"standard","meta":{"_acf_changed":false,"wl_entities_gutenberg":"","_relevanssi_hide_post":"","_relevanssi_hide_content":"","_relevanssi_pin_for_all":"","_relevanssi_pin_keywords":"","_relevanssi_unpin_keywords":"","_relevanssi_related_keywords":"","_relevanssi_related_include_ids":"","_relevanssi_related_exclude_ids":"","_relevanssi_related_no_append":"","_relevanssi_related_not_related":"","_relevanssi_related_posts":"","_relevanssi_noindex_reason":"","footnotes":""},"categories":[1],"tags":[],"wl_entity_type":[706],"class_list":["post-154458","post","type-post","status-publish","format-standard","has-post-thumbnail","hentry","category-uncategorized","wl_entity_type-article"],"acf":[],"yoast_head":"<!-- This site is optimized with the Yoast SEO Premium plugin v27.4 (Yoast SEO v27.4) - https:\/\/yoast.com\/product\/yoast-seo-premium-wordpress\/ -->\n<title>Hochburg-Ach \u00bb SalzburgerLand.com<\/title>\n<meta name=\"robots\" content=\"index, follow, max-snippet:-1, max-image-preview:large, max-video-preview:-1\" \/>\n<link rel=\"canonical\" href=\"https:\/\/www.salzburgerland.com\/cs\/ticha-noc-mista-hochburg-ach\/\" \/>\n<meta property=\"og:locale\" content=\"cs_CZ\" \/>\n<meta property=\"og:type\" content=\"article\" \/>\n<meta property=\"og:title\" content=\"Hochburg-Ach\" \/>\n<meta property=\"og:description\" content=\"M\u00edsto narozen\u00ed Franze Xavera Grubera Mal\u00fd Franz Xaver Gruber vyr\u016fstal v\u00a0nejist\u00fdch \u010dasech francouzsk\u00fdch v\u00e1lek. V\u00a0d\u016fsledku posunu hranic zde byly klidn\u00e9\" \/>\n<meta property=\"og:url\" content=\"https:\/\/www.salzburgerland.com\/cs\/ticha-noc-mista-hochburg-ach\/\" \/>\n<meta property=\"og:site_name\" content=\"SalzburgerLand.com\" \/>\n<meta property=\"article:publisher\" content=\"https:\/\/www.facebook.com\/visitsalzburgerland\/\" \/>\n<meta property=\"article:published_time\" content=\"2022-11-16T15:04:57+00:00\" \/>\n<meta property=\"article:modified_time\" content=\"2022-11-16T15:05:32+00:00\" \/>\n<meta property=\"og:image\" content=\"https:\/\/www.salzburgerland.com\/cs\/wp-content\/uploads\/2022\/11\/csm_gruberhaushochburg_3s_d6c0bc0bdd.jpg\" \/>\n\t<meta property=\"og:image:width\" content=\"1140\" \/>\n\t<meta property=\"og:image:height\" content=\"641\" \/>\n\t<meta property=\"og:image:type\" content=\"image\/jpeg\" \/>\n<meta name=\"author\" content=\"Andrea \u017d\u00e1\u010dkov\u00e1\" \/>\n<meta name=\"twitter:card\" content=\"summary_large_image\" \/>\n<meta name=\"twitter:creator\" content=\"@salzburgerland\" \/>\n<meta name=\"twitter:site\" content=\"@salzburgerland\" \/>\n<meta name=\"twitter:label1\" content=\"Napsal(a)\" \/>\n\t<meta name=\"twitter:data1\" content=\"Andrea \u017d\u00e1\u010dkov\u00e1\" \/>\n\t<meta name=\"twitter:label2\" content=\"Odhadovan\u00e1 doba \u010dten\u00ed\" \/>\n\t<meta name=\"twitter:data2\" content=\"4 minuty\" \/>\n<script type=\"application\/ld+json\" class=\"yoast-schema-graph\">{\"@context\":\"https:\\\/\\\/schema.org\",\"@graph\":[{\"@type\":\"Article\",\"@id\":\"https:\\\/\\\/www.salzburgerland.com\\\/cs\\\/ticha-noc-mista-hochburg-ach\\\/#article\",\"isPartOf\":{\"@id\":\"https:\\\/\\\/www.salzburgerland.com\\\/cs\\\/ticha-noc-mista-hochburg-ach\\\/\"},\"author\":{\"name\":\"Andrea \u017d\u00e1\u010dkov\u00e1\",\"@id\":\"https:\\\/\\\/www.salzburgerland.com\\\/cs\\\/#\\\/schema\\\/person\\\/dd42a4661897004df109095dbf40eeff\"},\"headline\":\"Hochburg-Ach\",\"datePublished\":\"2022-11-16T15:04:57+00:00\",\"dateModified\":\"2022-11-16T15:05:32+00:00\",\"mainEntityOfPage\":{\"@id\":\"https:\\\/\\\/www.salzburgerland.com\\\/cs\\\/ticha-noc-mista-hochburg-ach\\\/\"},\"wordCount\":814,\"image\":{\"@id\":\"https:\\\/\\\/www.salzburgerland.com\\\/cs\\\/ticha-noc-mista-hochburg-ach\\\/#primaryimage\"},\"thumbnailUrl\":\"https:\\\/\\\/www.salzburgerland.com\\\/cs\\\/wp-content\\\/uploads\\\/2022\\\/11\\\/csm_gruberhaushochburg_3s_d6c0bc0bdd.jpg\",\"articleSection\":[\"Uncategorized\"],\"inLanguage\":\"cs\"},{\"@type\":\"WebPage\",\"@id\":\"https:\\\/\\\/www.salzburgerland.com\\\/cs\\\/ticha-noc-mista-hochburg-ach\\\/\",\"url\":\"https:\\\/\\\/www.salzburgerland.com\\\/cs\\\/ticha-noc-mista-hochburg-ach\\\/\",\"name\":\"Hochburg-Ach \u00bb SalzburgerLand.com\",\"isPartOf\":{\"@id\":\"https:\\\/\\\/www.salzburgerland.com\\\/cs\\\/#website\"},\"primaryImageOfPage\":{\"@id\":\"https:\\\/\\\/www.salzburgerland.com\\\/cs\\\/ticha-noc-mista-hochburg-ach\\\/#primaryimage\"},\"image\":{\"@id\":\"https:\\\/\\\/www.salzburgerland.com\\\/cs\\\/ticha-noc-mista-hochburg-ach\\\/#primaryimage\"},\"thumbnailUrl\":\"https:\\\/\\\/www.salzburgerland.com\\\/cs\\\/wp-content\\\/uploads\\\/2022\\\/11\\\/csm_gruberhaushochburg_3s_d6c0bc0bdd.jpg\",\"datePublished\":\"2022-11-16T15:04:57+00:00\",\"dateModified\":\"2022-11-16T15:05:32+00:00\",\"author\":{\"@id\":\"https:\\\/\\\/www.salzburgerland.com\\\/cs\\\/#\\\/schema\\\/person\\\/dd42a4661897004df109095dbf40eeff\"},\"description\":\"Conrad Xaver Gruber se narodil jako p\u00e1t\u00e9 d\u00edt\u011b do tkalcovsk\u00e9 rodiny nedaleko Hochburg-Ach. Vyr\u016fstal v\u00a0nejist\u00fdch \u010dasech francouzsk\u00fdch v\u00e1lek.\",\"breadcrumb\":{\"@id\":\"https:\\\/\\\/www.salzburgerland.com\\\/cs\\\/ticha-noc-mista-hochburg-ach\\\/#breadcrumb\"},\"inLanguage\":\"cs\",\"potentialAction\":[{\"@type\":\"ReadAction\",\"target\":[\"https:\\\/\\\/www.salzburgerland.com\\\/cs\\\/ticha-noc-mista-hochburg-ach\\\/\"]}]},{\"@type\":\"ImageObject\",\"inLanguage\":\"cs\",\"@id\":\"https:\\\/\\\/www.salzburgerland.com\\\/cs\\\/ticha-noc-mista-hochburg-ach\\\/#primaryimage\",\"url\":\"https:\\\/\\\/www.salzburgerland.com\\\/cs\\\/wp-content\\\/uploads\\\/2022\\\/11\\\/csm_gruberhaushochburg_3s_d6c0bc0bdd.jpg\",\"contentUrl\":\"https:\\\/\\\/www.salzburgerland.com\\\/cs\\\/wp-content\\\/uploads\\\/2022\\\/11\\\/csm_gruberhaushochburg_3s_d6c0bc0bdd.jpg\",\"width\":1140,\"height\":641,\"caption\":\"Skulptury p\u0159ed Gruberov\u00fdm domem \u00a9 Franz Xaver Gruber Gemeinschaft\"},{\"@type\":\"BreadcrumbList\",\"@id\":\"https:\\\/\\\/www.salzburgerland.com\\\/cs\\\/ticha-noc-mista-hochburg-ach\\\/#breadcrumb\",\"itemListElement\":[{\"@type\":\"ListItem\",\"position\":1,\"name\":\"Tam kde vznikla Tich\u00e1 noc\",\"item\":\"https:\\\/\\\/www.salzburgerland.com\\\/cs\\\/ticha-noc\\\/\"},{\"@type\":\"ListItem\",\"position\":2,\"name\":\"Hochburg-Ach\"}]},{\"@type\":\"WebSite\",\"@id\":\"https:\\\/\\\/www.salzburgerland.com\\\/cs\\\/#website\",\"url\":\"https:\\\/\\\/www.salzburgerland.com\\\/cs\\\/\",\"name\":\"SalzburgerLand.com\",\"description\":\"Va\u0161e dovolen\u00e1 v Salcburku, Rakousko\",\"potentialAction\":[{\"@type\":\"SearchAction\",\"target\":{\"@type\":\"EntryPoint\",\"urlTemplate\":\"https:\\\/\\\/www.salzburgerland.com\\\/cs\\\/?s={search_term_string}\"},\"query-input\":{\"@type\":\"PropertyValueSpecification\",\"valueRequired\":true,\"valueName\":\"search_term_string\"}}],\"inLanguage\":\"cs\"},{\"@type\":\"Person\",\"@id\":\"https:\\\/\\\/www.salzburgerland.com\\\/cs\\\/#\\\/schema\\\/person\\\/dd42a4661897004df109095dbf40eeff\",\"name\":\"Andrea \u017d\u00e1\u010dkov\u00e1\",\"image\":{\"@type\":\"ImageObject\",\"inLanguage\":\"cs\",\"@id\":\"https:\\\/\\\/secure.gravatar.com\\\/avatar\\\/338deec8d231d56d0ab7b2b7d6d0aedbcb3eb05390f6c027fd5b7ebe87b67dbf?s=96&d=mm&r=g\",\"url\":\"https:\\\/\\\/secure.gravatar.com\\\/avatar\\\/338deec8d231d56d0ab7b2b7d6d0aedbcb3eb05390f6c027fd5b7ebe87b67dbf?s=96&d=mm&r=g\",\"contentUrl\":\"https:\\\/\\\/secure.gravatar.com\\\/avatar\\\/338deec8d231d56d0ab7b2b7d6d0aedbcb3eb05390f6c027fd5b7ebe87b67dbf?s=96&d=mm&r=g\",\"caption\":\"Andrea \u017d\u00e1\u010dkov\u00e1\"}}]}<\/script>\n<!-- \/ Yoast SEO Premium plugin. -->","yoast_head_json":{"title":"Hochburg-Ach \u00bb SalzburgerLand.com","robots":{"index":"index","follow":"follow","max-snippet":"max-snippet:-1","max-image-preview":"max-image-preview:large","max-video-preview":"max-video-preview:-1"},"canonical":"https:\/\/www.salzburgerland.com\/cs\/ticha-noc-mista-hochburg-ach\/","og_locale":"cs_CZ","og_type":"article","og_title":"Hochburg-Ach","og_description":"M\u00edsto narozen\u00ed Franze Xavera Grubera Mal\u00fd Franz Xaver Gruber vyr\u016fstal v\u00a0nejist\u00fdch \u010dasech francouzsk\u00fdch v\u00e1lek. V\u00a0d\u016fsledku posunu hranic zde byly klidn\u00e9","og_url":"https:\/\/www.salzburgerland.com\/cs\/ticha-noc-mista-hochburg-ach\/","og_site_name":"SalzburgerLand.com","article_publisher":"https:\/\/www.facebook.com\/visitsalzburgerland\/","article_published_time":"2022-11-16T15:04:57+00:00","article_modified_time":"2022-11-16T15:05:32+00:00","og_image":[{"url":"https:\/\/www.salzburgerland.com\/cs\/wp-content\/uploads\/2022\/11\/csm_gruberhaushochburg_3s_d6c0bc0bdd.jpg","width":1140,"height":641,"type":"image\/jpeg"}],"author":"Andrea \u017d\u00e1\u010dkov\u00e1","twitter_card":"summary_large_image","twitter_creator":"@salzburgerland","twitter_site":"@salzburgerland","twitter_misc":{"Napsal(a)":"Andrea \u017d\u00e1\u010dkov\u00e1","Odhadovan\u00e1 doba \u010dten\u00ed":"4 minuty"},"schema":{"@context":"https:\/\/schema.org","@graph":[{"@type":"Article","@id":"https:\/\/www.salzburgerland.com\/cs\/ticha-noc-mista-hochburg-ach\/#article","isPartOf":{"@id":"https:\/\/www.salzburgerland.com\/cs\/ticha-noc-mista-hochburg-ach\/"},"author":{"name":"Andrea \u017d\u00e1\u010dkov\u00e1","@id":"https:\/\/www.salzburgerland.com\/cs\/#\/schema\/person\/dd42a4661897004df109095dbf40eeff"},"headline":"Hochburg-Ach","datePublished":"2022-11-16T15:04:57+00:00","dateModified":"2022-11-16T15:05:32+00:00","mainEntityOfPage":{"@id":"https:\/\/www.salzburgerland.com\/cs\/ticha-noc-mista-hochburg-ach\/"},"wordCount":814,"image":{"@id":"https:\/\/www.salzburgerland.com\/cs\/ticha-noc-mista-hochburg-ach\/#primaryimage"},"thumbnailUrl":"https:\/\/www.salzburgerland.com\/cs\/wp-content\/uploads\/2022\/11\/csm_gruberhaushochburg_3s_d6c0bc0bdd.jpg","articleSection":["Uncategorized"],"inLanguage":"cs"},{"@type":"WebPage","@id":"https:\/\/www.salzburgerland.com\/cs\/ticha-noc-mista-hochburg-ach\/","url":"https:\/\/www.salzburgerland.com\/cs\/ticha-noc-mista-hochburg-ach\/","name":"Hochburg-Ach \u00bb SalzburgerLand.com","isPartOf":{"@id":"https:\/\/www.salzburgerland.com\/cs\/#website"},"primaryImageOfPage":{"@id":"https:\/\/www.salzburgerland.com\/cs\/ticha-noc-mista-hochburg-ach\/#primaryimage"},"image":{"@id":"https:\/\/www.salzburgerland.com\/cs\/ticha-noc-mista-hochburg-ach\/#primaryimage"},"thumbnailUrl":"https:\/\/www.salzburgerland.com\/cs\/wp-content\/uploads\/2022\/11\/csm_gruberhaushochburg_3s_d6c0bc0bdd.jpg","datePublished":"2022-11-16T15:04:57+00:00","dateModified":"2022-11-16T15:05:32+00:00","author":{"@id":"https:\/\/www.salzburgerland.com\/cs\/#\/schema\/person\/dd42a4661897004df109095dbf40eeff"},"description":"Conrad Xaver Gruber se narodil jako p\u00e1t\u00e9 d\u00edt\u011b do tkalcovsk\u00e9 rodiny nedaleko Hochburg-Ach. Vyr\u016fstal v\u00a0nejist\u00fdch \u010dasech francouzsk\u00fdch v\u00e1lek.","breadcrumb":{"@id":"https:\/\/www.salzburgerland.com\/cs\/ticha-noc-mista-hochburg-ach\/#breadcrumb"},"inLanguage":"cs","potentialAction":[{"@type":"ReadAction","target":["https:\/\/www.salzburgerland.com\/cs\/ticha-noc-mista-hochburg-ach\/"]}]},{"@type":"ImageObject","inLanguage":"cs","@id":"https:\/\/www.salzburgerland.com\/cs\/ticha-noc-mista-hochburg-ach\/#primaryimage","url":"https:\/\/www.salzburgerland.com\/cs\/wp-content\/uploads\/2022\/11\/csm_gruberhaushochburg_3s_d6c0bc0bdd.jpg","contentUrl":"https:\/\/www.salzburgerland.com\/cs\/wp-content\/uploads\/2022\/11\/csm_gruberhaushochburg_3s_d6c0bc0bdd.jpg","width":1140,"height":641,"caption":"Skulptury p\u0159ed Gruberov\u00fdm domem \u00a9 Franz Xaver Gruber Gemeinschaft"},{"@type":"BreadcrumbList","@id":"https:\/\/www.salzburgerland.com\/cs\/ticha-noc-mista-hochburg-ach\/#breadcrumb","itemListElement":[{"@type":"ListItem","position":1,"name":"Tam kde vznikla Tich\u00e1 noc","item":"https:\/\/www.salzburgerland.com\/cs\/ticha-noc\/"},{"@type":"ListItem","position":2,"name":"Hochburg-Ach"}]},{"@type":"WebSite","@id":"https:\/\/www.salzburgerland.com\/cs\/#website","url":"https:\/\/www.salzburgerland.com\/cs\/","name":"SalzburgerLand.com","description":"Va\u0161e dovolen\u00e1 v Salcburku, Rakousko","potentialAction":[{"@type":"SearchAction","target":{"@type":"EntryPoint","urlTemplate":"https:\/\/www.salzburgerland.com\/cs\/?s={search_term_string}"},"query-input":{"@type":"PropertyValueSpecification","valueRequired":true,"valueName":"search_term_string"}}],"inLanguage":"cs"},{"@type":"Person","@id":"https:\/\/www.salzburgerland.com\/cs\/#\/schema\/person\/dd42a4661897004df109095dbf40eeff","name":"Andrea \u017d\u00e1\u010dkov\u00e1","image":{"@type":"ImageObject","inLanguage":"cs","@id":"https:\/\/secure.gravatar.com\/avatar\/338deec8d231d56d0ab7b2b7d6d0aedbcb3eb05390f6c027fd5b7ebe87b67dbf?s=96&d=mm&r=g","url":"https:\/\/secure.gravatar.com\/avatar\/338deec8d231d56d0ab7b2b7d6d0aedbcb3eb05390f6c027fd5b7ebe87b67dbf?s=96&d=mm&r=g","contentUrl":"https:\/\/secure.gravatar.com\/avatar\/338deec8d231d56d0ab7b2b7d6d0aedbcb3eb05390f6c027fd5b7ebe87b67dbf?s=96&d=mm&r=g","caption":"Andrea \u017d\u00e1\u010dkov\u00e1"}}]}},"_wl_alt_label":[],"wl:entity_url":"http:\/\/open.salzburgerland.com\/cs\/post\/ticha-noc-mista-hochburg-ach-154458","_links":{"self":[{"href":"https:\/\/www.salzburgerland.com\/cs\/wp-json\/wp\/v2\/posts\/154458","targetHints":{"allow":["GET"]}}],"collection":[{"href":"https:\/\/www.salzburgerland.com\/cs\/wp-json\/wp\/v2\/posts"}],"about":[{"href":"https:\/\/www.salzburgerland.com\/cs\/wp-json\/wp\/v2\/types\/post"}],"author":[{"embeddable":true,"href":"https:\/\/www.salzburgerland.com\/cs\/wp-json\/wp\/v2\/users\/6"}],"replies":[{"embeddable":true,"href":"https:\/\/www.salzburgerland.com\/cs\/wp-json\/wp\/v2\/comments?post=154458"}],"version-history":[{"count":2,"href":"https:\/\/www.salzburgerland.com\/cs\/wp-json\/wp\/v2\/posts\/154458\/revisions"}],"predecessor-version":[{"id":154465,"href":"https:\/\/www.salzburgerland.com\/cs\/wp-json\/wp\/v2\/posts\/154458\/revisions\/154465"}],"wp:featuredmedia":[{"embeddable":true,"href":"https:\/\/www.salzburgerland.com\/cs\/wp-json\/wp\/v2\/media\/154360"}],"wp:attachment":[{"href":"https:\/\/www.salzburgerland.com\/cs\/wp-json\/wp\/v2\/media?parent=154458"}],"wp:term":[{"taxonomy":"category","embeddable":true,"href":"https:\/\/www.salzburgerland.com\/cs\/wp-json\/wp\/v2\/categories?post=154458"},{"taxonomy":"post_tag","embeddable":true,"href":"https:\/\/www.salzburgerland.com\/cs\/wp-json\/wp\/v2\/tags?post=154458"},{"taxonomy":"wl_entity_type","embeddable":true,"href":"https:\/\/www.salzburgerland.com\/cs\/wp-json\/wp\/v2\/wl_entity_type?post=154458"}],"curies":[{"name":"wp","href":"https:\/\/api.w.org\/{rel}","templated":true}]}}